{"id":197611,"date":"2023-11-15T17:45:13","date_gmt":"2023-11-15T16:45:13","guid":{"rendered":"https:\/\/radioljubuski.ba\/?p=197611"},"modified":"2023-11-15T17:45:14","modified_gmt":"2023-11-15T16:45:14","slug":"dodijeljeno-39-milijuna-km-opcinama-i-gradovima-za-podrsku-proracunima-i-za-135-projekata","status":"publish","type":"post","link":"https:\/\/radioljubuski.ba\/index.php\/2023\/11\/15\/dodijeljeno-39-milijuna-km-opcinama-i-gradovima-za-podrsku-proracunima-i-za-135-projekata\/","title":{"rendered":"Dodijeljeno 39 milijuna KM op\u0107inama i gradovima za podr\u0161ku prora\u010dunima i za 135 projekata"},"content":{"rendered":"\n<p><br>Vlada Federacije BiH na dana\u0161njoj sjednici u Sarajevu na prijedlog Federalnog ministra financija Tonija Kraljevi\u0107a je donijela Odluku o raspodjeli sredstava utvr\u0111enih Prora\u010dunom FBiH za 2023. godinu, u okviru teku\u0107ih i kapitalnih transfera drugim nivoima vlasti \u2013 \u017eupanije i op\u0107ine, u ukupnom iznosu od 39 milijuna KM. Rije\u010d je o financijskoj pomo\u0107i prora\u010dunima op\u0107ina i gradova, te za financiranje ili sufinanciranje projekata, zahtjeva ili inicijativa koji \u0107e biti provedeni u jedinicama lokalne samouprave.<\/p>\n\n\n\n<p>Sredstva od deset milijuna KM raspore\u0111uju se op\u0107inama i gradovima po principu solidarnosti, i to za svih 80 op\u0107ina i gradova u Federaciji BiH u jednakom iznosu od po 125.000 KM na ime financijske pomo\u0107i prora\u010dunima.<\/p>\n\n\n\n<p>Sredstva u iznosu od 29 milijuna KM raspore\u0111uju se za financiranje ili sufinanciranje ukupno 135 projekata, zahtjeva ili inicijativa koji \u0107e biti provedeni u jedinicama lokalne samouprave, a na osnovu provedenog Javnog poziva, te na prijedlog Povjerenstva za dodjelu sredstava op\u0107inama i gradovima.<\/p>\n\n\n\n<p>Vlada FBiH \u0107e sa na\u010delnicima\/gradona\u010delnicima op\u0107ina i gradova zaklju\u010diti pojedina\u010dne ugovore o dodjeli i kori\u0161tenju sredstava, a kojima \u0107e se regulirati me\u0111usobna prava i obveze. Za potpisivanje ugovora o dodjeli i kori\u0161tenju sredstava uime Federalne vlade je ovla\u0161ten federalni ministar financija, a Vlada FBiH \u0107e sredstva dozna\u010diti na depozitne ra\u010dune op\u0107ina i gradova u skladu sa Pravilnikom o na\u010dinu uplate, pripadnosti i raspodjele javnih prihoda u FBiH.<\/p>\n\n\n\n<p>Korisnici ovih sredstava su du\u017eni Federalnom ministarstvu financija dostaviti izvje\u0161\u0107e o utro\u0161ku sredstava najkasnije do 31. prosinca 2024. godine.<\/p>\n\n\n\n<p>Za realizaciju ove odluke zadu\u017eeno je Federalno ministarstvo financija.<\/p>\n\n\n\n<p>Ina\u010de, raspodjela ovih sredstava je izvr\u0161ena na osnovu Odluke o utvr\u0111ivanju kriterija, na\u010dina i procedura za dodjelu sredstava utvr\u0111enih Prora\u010dunom FBiH za 2023. godinu Federalnom ministarstvu financija \u201eTeku\u0107i transferi drugim nivoima vlasti i fondovima \u2013 \u017eupanije i op\u0107ine, te Odluke o utvr\u0111ivanju na\u010dina raspodjele i procedure za dodjelu sredstva utvr\u0111enih Prora\u010dunom Federacije BiH za ovu godinu ministarstvu \u201eKapitalni transferi drugim nivoima vlasti\u201c, op\u0107ine i gradovi, saop\u0107eno je iz Ureda Vlade FBiH za odnose s javno\u0161\u0107u.<\/p>\n\n\n\n<p>Vlada FBiH<\/p>\n","protected":false},"excerpt":{"rendered":"<p>Vlada Federacije BiH na dana\u0161njoj sjednici u Sarajevu na prijedlog Federalnog ministra financija Tonija Kraljevi\u0107a je donijela Odluku o raspodjeli sredstava utvr\u0111enih Prora\u010dunom FBiH za 2023. godinu, u okviru teku\u0107ih i kapitalnih transfera drugim nivoima vlasti \u2013 \u017eupanije i op\u0107ine, u ukupnom iznosu od 39 milijuna KM. Rije\u010d je o financijskoj pomo\u0107i prora\u010dunima op\u0107ina i [&hellip;]<\/p>\n","protected":false},"author":2,"featured_media":197612,"comment_status":"closed","ping_status":"closed","sticky":false,"template":"","format":"standard","meta":{"h5ap_radio_sources":[],"footnotes":""},"categories":[28],"tags":[],"class_list":["post-197611","post","type-post","status-publish","format-standard","has-post-thumbnail","hentry","category-novosti"],"yoast_head":"<!-- This site is optimized with the Yoast SEO plugin v27.4 - https:\/\/yoast.com\/product\/yoast-seo-wordpress\/ -->\n<title>Dodijeljeno 39 milijuna KM op\u0107inama i gradovima za podr\u0161ku prora\u010dunima i za 135 projekata - RADIO LJUBU\u0160KI<\/title>\n<meta name=\"robots\" content=\"index, follow, max-snippet:-1, max-image-preview:large, max-video-preview:-1\" \/>\n<link rel=\"canonical\" href=\"https:\/\/radioljubuski.ba\/index.php\/2023\/11\/15\/dodijeljeno-39-milijuna-km-opcinama-i-gradovima-za-podrsku-proracunima-i-za-135-projekata\/\" \/>\n<meta property=\"og:locale\" content=\"hr_HR\" \/>\n<meta property=\"og:type\" content=\"article\" \/>\n<meta property=\"og:title\" content=\"Dodijeljeno 39 milijuna KM op\u0107inama i gradovima za podr\u0161ku prora\u010dunima i za 135 projekata - RADIO LJUBU\u0160KI\" \/>\n<meta property=\"og:description\" content=\"Vlada Federacije BiH na dana\u0161njoj sjednici u Sarajevu na prijedlog Federalnog ministra financija Tonija Kraljevi\u0107a je donijela Odluku o raspodjeli sredstava utvr\u0111enih Prora\u010dunom FBiH za 2023. godinu, u okviru teku\u0107ih i kapitalnih transfera drugim nivoima vlasti \u2013 \u017eupanije i op\u0107ine, u ukupnom iznosu od 39 milijuna KM. Rije\u010d je o financijskoj pomo\u0107i prora\u010dunima op\u0107ina i [&hellip;]\" \/>\n<meta property=\"og:url\" content=\"https:\/\/radioljubuski.ba\/index.php\/2023\/11\/15\/dodijeljeno-39-milijuna-km-opcinama-i-gradovima-za-podrsku-proracunima-i-za-135-projekata\/\" \/>\n<meta property=\"og:site_name\" content=\"RADIO LJUBU\u0160KI\" \/>\n<meta property=\"article:publisher\" content=\"https:\/\/www.facebook.com\/Radiio-Ljubuski-1490835324566332\" \/>\n<meta property=\"article:published_time\" content=\"2023-11-15T16:45:13+00:00\" \/>\n<meta property=\"article:modified_time\" content=\"2023-11-15T16:45:14+00:00\" \/>\n<meta property=\"og:image\" content=\"https:\/\/radioljubuski.ba\/wp-content\/uploads\/2023\/11\/IMG_2793.jpeg\" \/>\n\t<meta property=\"og:image:width\" content=\"1431\" \/>\n\t<meta property=\"og:image:height\" content=\"801\" \/>\n\t<meta property=\"og:image:type\" content=\"image\/jpeg\" \/>\n<meta name=\"author\" content=\"Radio Ljubu\u0161ki\" \/>\n<meta name=\"twitter:card\" content=\"summary_large_image\" \/>\n<meta name=\"twitter:creator\" content=\"@radioljubuski\" \/>\n<meta name=\"twitter:site\" content=\"@radioljubuski\" \/>\n<meta name=\"twitter:label1\" content=\"Napisao\/la\" \/>\n\t<meta name=\"twitter:data1\" content=\"Radio Ljubu\u0161ki\" \/>\n\t<meta name=\"twitter:label2\" content=\"Procijenjeno vrijeme \u010ditanja\" \/>\n\t<meta name=\"twitter:data2\" content=\"2 minute\" \/>\n<script type=\"application\/ld+json\" class=\"yoast-schema-graph\">{\"@context\":\"https:\\\/\\\/schema.org\",\"@graph\":[{\"@type\":\"Article\",\"@id\":\"https:\\\/\\\/radioljubuski.ba\\\/index.php\\\/2023\\\/11\\\/15\\\/dodijeljeno-39-milijuna-km-opcinama-i-gradovima-za-podrsku-proracunima-i-za-135-projekata\\\/#article\",\"isPartOf\":{\"@id\":\"https:\\\/\\\/radioljubuski.ba\\\/index.php\\\/2023\\\/11\\\/15\\\/dodijeljeno-39-milijuna-km-opcinama-i-gradovima-za-podrsku-proracunima-i-za-135-projekata\\\/\"},\"author\":{\"name\":\"Radio Ljubu\u0161ki\",\"@id\":\"https:\\\/\\\/radioljubuski.ba\\\/#\\\/schema\\\/person\\\/19fc700381a780f69665d7956c469e3b\"},\"headline\":\"Dodijeljeno 39 milijuna KM op\u0107inama i gradovima za podr\u0161ku prora\u010dunima i za 135 projekata\",\"datePublished\":\"2023-11-15T16:45:13+00:00\",\"dateModified\":\"2023-11-15T16:45:14+00:00\",\"mainEntityOfPage\":{\"@id\":\"https:\\\/\\\/radioljubuski.ba\\\/index.php\\\/2023\\\/11\\\/15\\\/dodijeljeno-39-milijuna-km-opcinama-i-gradovima-za-podrsku-proracunima-i-za-135-projekata\\\/\"},\"wordCount\":377,\"publisher\":{\"@id\":\"https:\\\/\\\/radioljubuski.ba\\\/#organization\"},\"image\":{\"@id\":\"https:\\\/\\\/radioljubuski.ba\\\/index.php\\\/2023\\\/11\\\/15\\\/dodijeljeno-39-milijuna-km-opcinama-i-gradovima-za-podrsku-proracunima-i-za-135-projekata\\\/#primaryimage\"},\"thumbnailUrl\":\"https:\\\/\\\/radioljubuski.ba\\\/wp-content\\\/uploads\\\/2023\\\/11\\\/IMG_2793.jpeg\",\"articleSection\":[\"Novosti\"],\"inLanguage\":\"hr\"},{\"@type\":\"WebPage\",\"@id\":\"https:\\\/\\\/radioljubuski.ba\\\/index.php\\\/2023\\\/11\\\/15\\\/dodijeljeno-39-milijuna-km-opcinama-i-gradovima-za-podrsku-proracunima-i-za-135-projekata\\\/\",\"url\":\"https:\\\/\\\/radioljubuski.ba\\\/index.php\\\/2023\\\/11\\\/15\\\/dodijeljeno-39-milijuna-km-opcinama-i-gradovima-za-podrsku-proracunima-i-za-135-projekata\\\/\",\"name\":\"Dodijeljeno 39 milijuna KM op\u0107inama i gradovima za podr\u0161ku prora\u010dunima i za 135 projekata - RADIO LJUBU\u0160KI\",\"isPartOf\":{\"@id\":\"https:\\\/\\\/radioljubuski.ba\\\/#website\"},\"primaryImageOfPage\":{\"@id\":\"https:\\\/\\\/radioljubuski.ba\\\/index.php\\\/2023\\\/11\\\/15\\\/dodijeljeno-39-milijuna-km-opcinama-i-gradovima-za-podrsku-proracunima-i-za-135-projekata\\\/#primaryimage\"},\"image\":{\"@id\":\"https:\\\/\\\/radioljubuski.ba\\\/index.php\\\/2023\\\/11\\\/15\\\/dodijeljeno-39-milijuna-km-opcinama-i-gradovima-za-podrsku-proracunima-i-za-135-projekata\\\/#primaryimage\"},\"thumbnailUrl\":\"https:\\\/\\\/radioljubuski.ba\\\/wp-content\\\/uploads\\\/2023\\\/11\\\/IMG_2793.jpeg\",\"datePublished\":\"2023-11-15T16:45:13+00:00\",\"dateModified\":\"2023-11-15T16:45:14+00:00\",\"breadcrumb\":{\"@id\":\"https:\\\/\\\/radioljubuski.ba\\\/index.php\\\/2023\\\/11\\\/15\\\/dodijeljeno-39-milijuna-km-opcinama-i-gradovima-za-podrsku-proracunima-i-za-135-projekata\\\/#breadcrumb\"},\"inLanguage\":\"hr\",\"potentialAction\":[{\"@type\":\"ReadAction\",\"target\":[\"https:\\\/\\\/radioljubuski.ba\\\/index.php\\\/2023\\\/11\\\/15\\\/dodijeljeno-39-milijuna-km-opcinama-i-gradovima-za-podrsku-proracunima-i-za-135-projekata\\\/\"]}]},{\"@type\":\"ImageObject\",\"inLanguage\":\"hr\",\"@id\":\"https:\\\/\\\/radioljubuski.ba\\\/index.php\\\/2023\\\/11\\\/15\\\/dodijeljeno-39-milijuna-km-opcinama-i-gradovima-za-podrsku-proracunima-i-za-135-projekata\\\/#primaryimage\",\"url\":\"https:\\\/\\\/radioljubuski.ba\\\/wp-content\\\/uploads\\\/2023\\\/11\\\/IMG_2793.jpeg\",\"contentUrl\":\"https:\\\/\\\/radioljubuski.ba\\\/wp-content\\\/uploads\\\/2023\\\/11\\\/IMG_2793.jpeg\",\"width\":1431,\"height\":801},{\"@type\":\"BreadcrumbList\",\"@id\":\"https:\\\/\\\/radioljubuski.ba\\\/index.php\\\/2023\\\/11\\\/15\\\/dodijeljeno-39-milijuna-km-opcinama-i-gradovima-za-podrsku-proracunima-i-za-135-projekata\\\/#breadcrumb\",\"itemListElement\":[{\"@type\":\"ListItem\",\"position\":1,\"name\":\"Po\u010detna stranica\",\"item\":\"https:\\\/\\\/radioljubuski.ba\\\/\"},{\"@type\":\"ListItem\",\"position\":2,\"name\":\"Dodijeljeno 39 milijuna KM op\u0107inama i gradovima za podr\u0161ku prora\u010dunima i za 135 projekata\"}]},{\"@type\":\"WebSite\",\"@id\":\"https:\\\/\\\/radioljubuski.ba\\\/#website\",\"url\":\"https:\\\/\\\/radioljubuski.ba\\\/\",\"name\":\"Radio Ljubu\u0161ki\",\"description\":\"Sun\u010dana frekvencija Hercegovine\",\"publisher\":{\"@id\":\"https:\\\/\\\/radioljubuski.ba\\\/#organization\"},\"potentialAction\":[{\"@type\":\"SearchAction\",\"target\":{\"@type\":\"EntryPoint\",\"urlTemplate\":\"https:\\\/\\\/radioljubuski.ba\\\/?s={search_term_string}\"},\"query-input\":{\"@type\":\"PropertyValueSpecification\",\"valueRequired\":true,\"valueName\":\"search_term_string\"}}],\"inLanguage\":\"hr\"},{\"@type\":\"Organization\",\"@id\":\"https:\\\/\\\/radioljubuski.ba\\\/#organization\",\"name\":\"Radio Ljubu\u0161ki\",\"url\":\"https:\\\/\\\/radioljubuski.ba\\\/\",\"logo\":{\"@type\":\"ImageObject\",\"inLanguage\":\"hr\",\"@id\":\"https:\\\/\\\/radioljubuski.ba\\\/#\\\/schema\\\/logo\\\/image\\\/\",\"url\":\"https:\\\/\\\/radioljubuski.ba\\\/wp-content\\\/uploads\\\/2021\\\/02\\\/cropped-Radio_Ljubuski_logo1.jpg\",\"contentUrl\":\"https:\\\/\\\/radioljubuski.ba\\\/wp-content\\\/uploads\\\/2021\\\/02\\\/cropped-Radio_Ljubuski_logo1.jpg\",\"width\":512,\"height\":512,\"caption\":\"Radio Ljubu\u0161ki\"},\"image\":{\"@id\":\"https:\\\/\\\/radioljubuski.ba\\\/#\\\/schema\\\/logo\\\/image\\\/\"},\"sameAs\":[\"https:\\\/\\\/www.facebook.com\\\/Radiio-Ljubuski-1490835324566332\",\"https:\\\/\\\/x.com\\\/radioljubuski\",\"https:\\\/\\\/hr.linkedin.com\\\/company\\\/radio-ljubuski\",\"https:\\\/\\\/www.youtube.com\\\/channel\\\/UCHYaeO_n0Db3tjNGudGpXyw\"]},{\"@type\":\"Person\",\"@id\":\"https:\\\/\\\/radioljubuski.ba\\\/#\\\/schema\\\/person\\\/19fc700381a780f69665d7956c469e3b\",\"name\":\"Radio Ljubu\u0161ki\"}]}<\/script>\n<!-- \/ Yoast SEO plugin. -->","yoast_head_json":{"title":"Dodijeljeno 39 milijuna KM op\u0107inama i gradovima za podr\u0161ku prora\u010dunima i za 135 projekata - RADIO LJUBU\u0160KI","robots":{"index":"index","follow":"follow","max-snippet":"max-snippet:-1","max-image-preview":"max-image-preview:large","max-video-preview":"max-video-preview:-1"},"canonical":"https:\/\/radioljubuski.ba\/index.php\/2023\/11\/15\/dodijeljeno-39-milijuna-km-opcinama-i-gradovima-za-podrsku-proracunima-i-za-135-projekata\/","og_locale":"hr_HR","og_type":"article","og_title":"Dodijeljeno 39 milijuna KM op\u0107inama i gradovima za podr\u0161ku prora\u010dunima i za 135 projekata - RADIO LJUBU\u0160KI","og_description":"Vlada Federacije BiH na dana\u0161njoj sjednici u Sarajevu na prijedlog Federalnog ministra financija Tonija Kraljevi\u0107a je donijela Odluku o raspodjeli sredstava utvr\u0111enih Prora\u010dunom FBiH za 2023. godinu, u okviru teku\u0107ih i kapitalnih transfera drugim nivoima vlasti \u2013 \u017eupanije i op\u0107ine, u ukupnom iznosu od 39 milijuna KM. Rije\u010d je o financijskoj pomo\u0107i prora\u010dunima op\u0107ina i [&hellip;]","og_url":"https:\/\/radioljubuski.ba\/index.php\/2023\/11\/15\/dodijeljeno-39-milijuna-km-opcinama-i-gradovima-za-podrsku-proracunima-i-za-135-projekata\/","og_site_name":"RADIO LJUBU\u0160KI","article_publisher":"https:\/\/www.facebook.com\/Radiio-Ljubuski-1490835324566332","article_published_time":"2023-11-15T16:45:13+00:00","article_modified_time":"2023-11-15T16:45:14+00:00","og_image":[{"width":1431,"height":801,"url":"https:\/\/radioljubuski.ba\/wp-content\/uploads\/2023\/11\/IMG_2793.jpeg","type":"image\/jpeg"}],"author":"Radio Ljubu\u0161ki","twitter_card":"summary_large_image","twitter_creator":"@radioljubuski","twitter_site":"@radioljubuski","twitter_misc":{"Napisao\/la":"Radio Ljubu\u0161ki","Procijenjeno vrijeme \u010ditanja":"2 minute"},"schema":{"@context":"https:\/\/schema.org","@graph":[{"@type":"Article","@id":"https:\/\/radioljubuski.ba\/index.php\/2023\/11\/15\/dodijeljeno-39-milijuna-km-opcinama-i-gradovima-za-podrsku-proracunima-i-za-135-projekata\/#article","isPartOf":{"@id":"https:\/\/radioljubuski.ba\/index.php\/2023\/11\/15\/dodijeljeno-39-milijuna-km-opcinama-i-gradovima-za-podrsku-proracunima-i-za-135-projekata\/"},"author":{"name":"Radio Ljubu\u0161ki","@id":"https:\/\/radioljubuski.ba\/#\/schema\/person\/19fc700381a780f69665d7956c469e3b"},"headline":"Dodijeljeno 39 milijuna KM op\u0107inama i gradovima za podr\u0161ku prora\u010dunima i za 135 projekata","datePublished":"2023-11-15T16:45:13+00:00","dateModified":"2023-11-15T16:45:14+00:00","mainEntityOfPage":{"@id":"https:\/\/radioljubuski.ba\/index.php\/2023\/11\/15\/dodijeljeno-39-milijuna-km-opcinama-i-gradovima-za-podrsku-proracunima-i-za-135-projekata\/"},"wordCount":377,"publisher":{"@id":"https:\/\/radioljubuski.ba\/#organization"},"image":{"@id":"https:\/\/radioljubuski.ba\/index.php\/2023\/11\/15\/dodijeljeno-39-milijuna-km-opcinama-i-gradovima-za-podrsku-proracunima-i-za-135-projekata\/#primaryimage"},"thumbnailUrl":"https:\/\/radioljubuski.ba\/wp-content\/uploads\/2023\/11\/IMG_2793.jpeg","articleSection":["Novosti"],"inLanguage":"hr"},{"@type":"WebPage","@id":"https:\/\/radioljubuski.ba\/index.php\/2023\/11\/15\/dodijeljeno-39-milijuna-km-opcinama-i-gradovima-za-podrsku-proracunima-i-za-135-projekata\/","url":"https:\/\/radioljubuski.ba\/index.php\/2023\/11\/15\/dodijeljeno-39-milijuna-km-opcinama-i-gradovima-za-podrsku-proracunima-i-za-135-projekata\/","name":"Dodijeljeno 39 milijuna KM op\u0107inama i gradovima za podr\u0161ku prora\u010dunima i za 135 projekata - RADIO LJUBU\u0160KI","isPartOf":{"@id":"https:\/\/radioljubuski.ba\/#website"},"primaryImageOfPage":{"@id":"https:\/\/radioljubuski.ba\/index.php\/2023\/11\/15\/dodijeljeno-39-milijuna-km-opcinama-i-gradovima-za-podrsku-proracunima-i-za-135-projekata\/#primaryimage"},"image":{"@id":"https:\/\/radioljubuski.ba\/index.php\/2023\/11\/15\/dodijeljeno-39-milijuna-km-opcinama-i-gradovima-za-podrsku-proracunima-i-za-135-projekata\/#primaryimage"},"thumbnailUrl":"https:\/\/radioljubuski.ba\/wp-content\/uploads\/2023\/11\/IMG_2793.jpeg","datePublished":"2023-11-15T16:45:13+00:00","dateModified":"2023-11-15T16:45:14+00:00","breadcrumb":{"@id":"https:\/\/radioljubuski.ba\/index.php\/2023\/11\/15\/dodijeljeno-39-milijuna-km-opcinama-i-gradovima-za-podrsku-proracunima-i-za-135-projekata\/#breadcrumb"},"inLanguage":"hr","potentialAction":[{"@type":"ReadAction","target":["https:\/\/radioljubuski.ba\/index.php\/2023\/11\/15\/dodijeljeno-39-milijuna-km-opcinama-i-gradovima-za-podrsku-proracunima-i-za-135-projekata\/"]}]},{"@type":"ImageObject","inLanguage":"hr","@id":"https:\/\/radioljubuski.ba\/index.php\/2023\/11\/15\/dodijeljeno-39-milijuna-km-opcinama-i-gradovima-za-podrsku-proracunima-i-za-135-projekata\/#primaryimage","url":"https:\/\/radioljubuski.ba\/wp-content\/uploads\/2023\/11\/IMG_2793.jpeg","contentUrl":"https:\/\/radioljubuski.ba\/wp-content\/uploads\/2023\/11\/IMG_2793.jpeg","width":1431,"height":801},{"@type":"BreadcrumbList","@id":"https:\/\/radioljubuski.ba\/index.php\/2023\/11\/15\/dodijeljeno-39-milijuna-km-opcinama-i-gradovima-za-podrsku-proracunima-i-za-135-projekata\/#breadcrumb","itemListElement":[{"@type":"ListItem","position":1,"name":"Po\u010detna stranica","item":"https:\/\/radioljubuski.ba\/"},{"@type":"ListItem","position":2,"name":"Dodijeljeno 39 milijuna KM op\u0107inama i gradovima za podr\u0161ku prora\u010dunima i za 135 projekata"}]},{"@type":"WebSite","@id":"https:\/\/radioljubuski.ba\/#website","url":"https:\/\/radioljubuski.ba\/","name":"Radio Ljubu\u0161ki","description":"Sun\u010dana frekvencija Hercegovine","publisher":{"@id":"https:\/\/radioljubuski.ba\/#organization"},"potentialAction":[{"@type":"SearchAction","target":{"@type":"EntryPoint","urlTemplate":"https:\/\/radioljubuski.ba\/?s={search_term_string}"},"query-input":{"@type":"PropertyValueSpecification","valueRequired":true,"valueName":"search_term_string"}}],"inLanguage":"hr"},{"@type":"Organization","@id":"https:\/\/radioljubuski.ba\/#organization","name":"Radio Ljubu\u0161ki","url":"https:\/\/radioljubuski.ba\/","logo":{"@type":"ImageObject","inLanguage":"hr","@id":"https:\/\/radioljubuski.ba\/#\/schema\/logo\/image\/","url":"https:\/\/radioljubuski.ba\/wp-content\/uploads\/2021\/02\/cropped-Radio_Ljubuski_logo1.jpg","contentUrl":"https:\/\/radioljubuski.ba\/wp-content\/uploads\/2021\/02\/cropped-Radio_Ljubuski_logo1.jpg","width":512,"height":512,"caption":"Radio Ljubu\u0161ki"},"image":{"@id":"https:\/\/radioljubuski.ba\/#\/schema\/logo\/image\/"},"sameAs":["https:\/\/www.facebook.com\/Radiio-Ljubuski-1490835324566332","https:\/\/x.com\/radioljubuski","https:\/\/hr.linkedin.com\/company\/radio-ljubuski","https:\/\/www.youtube.com\/channel\/UCHYaeO_n0Db3tjNGudGpXyw"]},{"@type":"Person","@id":"https:\/\/radioljubuski.ba\/#\/schema\/person\/19fc700381a780f69665d7956c469e3b","name":"Radio Ljubu\u0161ki"}]}},"_links":{"self":[{"href":"https:\/\/radioljubuski.ba\/index.php\/wp-json\/wp\/v2\/posts\/197611","targetHints":{"allow":["GET"]}}],"collection":[{"href":"https:\/\/radioljubuski.ba\/index.php\/wp-json\/wp\/v2\/posts"}],"about":[{"href":"https:\/\/radioljubuski.ba\/index.php\/wp-json\/wp\/v2\/types\/post"}],"author":[{"embeddable":true,"href":"https:\/\/radioljubuski.ba\/index.php\/wp-json\/wp\/v2\/users\/2"}],"replies":[{"embeddable":true,"href":"https:\/\/radioljubuski.ba\/index.php\/wp-json\/wp\/v2\/comments?post=197611"}],"version-history":[{"count":1,"href":"https:\/\/radioljubuski.ba\/index.php\/wp-json\/wp\/v2\/posts\/197611\/revisions"}],"predecessor-version":[{"id":197613,"href":"https:\/\/radioljubuski.ba\/index.php\/wp-json\/wp\/v2\/posts\/197611\/revisions\/197613"}],"wp:featuredmedia":[{"embeddable":true,"href":"https:\/\/radioljubuski.ba\/index.php\/wp-json\/wp\/v2\/media\/197612"}],"wp:attachment":[{"href":"https:\/\/radioljubuski.ba\/index.php\/wp-json\/wp\/v2\/media?parent=197611"}],"wp:term":[{"taxonomy":"category","embeddable":true,"href":"https:\/\/radioljubuski.ba\/index.php\/wp-json\/wp\/v2\/categories?post=197611"},{"taxonomy":"post_tag","embeddable":true,"href":"https:\/\/radioljubuski.ba\/index.php\/wp-json\/wp\/v2\/tags?post=197611"}],"curies":[{"name":"wp","href":"https:\/\/api.w.org\/{rel}","templated":true}]}}