{"id":197656,"date":"2023-11-17T15:22:20","date_gmt":"2023-11-17T14:22:20","guid":{"rendered":"https:\/\/radioljubuski.ba\/?p=197656"},"modified":"2023-11-17T16:38:17","modified_gmt":"2023-11-17T15:38:17","slug":"dr-fra-mario-knezovic-ljubuskim-srednjoskolcima-odrzao-predavanje-na-temu-prokockana-sansa-raj-na-udaru-pakla-ovisnosti","status":"publish","type":"post","link":"https:\/\/radioljubuski.ba\/index.php\/2023\/11\/17\/dr-fra-mario-knezovic-ljubuskim-srednjoskolcima-odrzao-predavanje-na-temu-prokockana-sansa-raj-na-udaru-pakla-ovisnosti\/","title":{"rendered":"Dr. fra Mario Knezovi\u0107 ljubu\u0161kim srednjo\u0161kolcima odr\u017eao predavanje na temu &#8220;Prokockana \u0161ansa- Raj na udaru pakla ovisnosti&#8221;"},"content":{"rendered":"\n<p>Onda reko\u0161e me\u0111u sobom: &#8220;Ne derimo je, nego bacimo kocke za nju, kojemu \u0107e dopasti!&#8221; Tako se imala ispuniti rije\u010d Pisma: &#8220;Razdijeli\u0161e me\u0111u se haljine moje i za odje\u0107u moju baci\u0161e kocke.&#8221; I vojnici tako u\u010dini\u0161e (Iv 19,23-24).<\/p>\n\n\n\n<p>Tim biblijskim citatom, danas je poznati hercegova\u010dki franjevac dr. fra Mario Knezovi\u0107 po\u010deo predavanje &#8220;Prokockana \u0161ansa- Raj na udaru pakla ovisnosti&#8221;, koje je odr\u017eano u Kulturnom centru Ljubu\u0161ki u povodu obilje\u017eavanja Me\u0111unarodnog dana srednjo\u0161kolaca, a koje je prire\u0111eno za u\u010denike i profesore SS\u0160 Ru\u0111era Bo\u0161kovi\u0107 i Gimnazije Ljubu\u0161ki. &nbsp;<\/p>\n\n\n\n<figure class=\"wp-block-image size-large\"><img loading=\"lazy\" decoding=\"async\" width=\"1024\" height=\"684\" src=\"https:\/\/radioljubuski.ba\/wp-content\/uploads\/2023\/11\/framario-1024x684.jpg\" alt=\"\" class=\"wp-image-197658\" srcset=\"https:\/\/radioljubuski.ba\/wp-content\/uploads\/2023\/11\/framario-1024x684.jpg 1024w, https:\/\/radioljubuski.ba\/wp-content\/uploads\/2023\/11\/framario-300x200.jpg 300w, https:\/\/radioljubuski.ba\/wp-content\/uploads\/2023\/11\/framario-768x513.jpg 768w, https:\/\/radioljubuski.ba\/wp-content\/uploads\/2023\/11\/framario-1536x1025.jpg 1536w, https:\/\/radioljubuski.ba\/wp-content\/uploads\/2023\/11\/framario-18x12.jpg 18w, https:\/\/radioljubuski.ba\/wp-content\/uploads\/2023\/11\/framario.jpg 2000w\" sizes=\"auto, (max-width: 1024px) 100vw, 1024px\" \/><\/figure>\n\n\n\n<p>Fra Mario je u svome predavanju naglasak stavio na po\u0161ast kocke, lakih droga, energetskih pi\u0107a i drugih opasnih stimulansa za mlade.<\/p>\n\n\n\n<p>\u201eMladima sam \u017eelio re\u0107i da sve u \u017eivotu, pa tako i ovisnost, po\u010dinje s onom jednom &#8211; probat \u0107u, pa ne\u0107e meni ni\u0161ta, samo \u0107u jedanput probati. Na \u017ealost, ta zamka zla pomalo preuzme prevlast i mi postajemo ljudi koji su izgubili svoju slobodu, ulazimo u ono \u0161to moramo \u010diniti a nama se ne \u010dini, jer ovisnost je zapravo prisila vanjskog u\u010dinka da nama ovlada. Kocka i kladionice danas apsolutno razaraju, ne samo pojedince. Na \u017ealost to je danas jedna dru\u0161tvena bolest. Ako imamo u obitelji kladioni\u010dara, patolo\u0161kog kockara, to je obiteljska bolest. Svi smo ugro\u017eeni, raspadaju se brakovi, mladi su nesposobni za zasnivanje obitelji i za\u010detak djece i to postaje jedna po\u0161ast kojoj se moramo oduprijeti\u201c, kazao je, me\u0111u ostalim, za na\u0161 radio fra Mario.<\/p>\n\n\n\n<p>Naglasio je kako danas nitko za obi\u010dnog \u010dovjeka ne \u017eeli slobodu, kako nas \u017eele zarobljavati, kako \u017eele da i u dru\u0161tvenom svijetu budemo podlo\u017eni, da budemo robovi, da budemo \u0161utljiva ve\u0107ina. Istaknuo je da je ista takva ovisnost, da nas ona \u017eeli staviti pod svoju kontrolu.<\/p>\n\n\n\n<figure class=\"wp-block-image size-large\"><img loading=\"lazy\" decoding=\"async\" width=\"1024\" height=\"684\" src=\"https:\/\/radioljubuski.ba\/wp-content\/uploads\/2023\/11\/publika-1024x684.jpg\" alt=\"\" class=\"wp-image-197660\" srcset=\"https:\/\/radioljubuski.ba\/wp-content\/uploads\/2023\/11\/publika-1024x684.jpg 1024w, https:\/\/radioljubuski.ba\/wp-content\/uploads\/2023\/11\/publika-300x200.jpg 300w, https:\/\/radioljubuski.ba\/wp-content\/uploads\/2023\/11\/publika-768x513.jpg 768w, https:\/\/radioljubuski.ba\/wp-content\/uploads\/2023\/11\/publika-1536x1025.jpg 1536w, https:\/\/radioljubuski.ba\/wp-content\/uploads\/2023\/11\/publika-18x12.jpg 18w, https:\/\/radioljubuski.ba\/wp-content\/uploads\/2023\/11\/publika.jpg 2000w\" sizes=\"auto, (max-width: 1024px) 100vw, 1024px\" \/><\/figure>\n\n\n\n<p>Osvrnuo se i na one koji se bogate na ra\u010dun neznanja i slabosti obi\u010dnog \u010dovjeka.<\/p>\n\n\n\n<p>\u201eNeki \u0107e kod nas re\u0107i pa to je privreda, veliki se novac od toga slijeva u ne\u010dije d\u017eepove, pa mo\u017eda bolje da mi to dr\u017eimo nego neki drugi To su opet \u0111avolska \u0161aputanja i govori koji dugoro\u010dno ne mogu spasiti na\u0161u mladost, koja je predmet na\u0161e ljubavi i interesa. Mi sve moramo u\u010diniti da mladima pomognemo da oni barem shvate da je danas va\u017eno promi\u0161ljati, da nam drugi ne sole pamet lakim obe\u0107anjima\u201c, kazao je fra Mario.<\/p>\n\n\n\n<p>Naglasio je kako je i on osobno imao velikih problema zbog \u010dlanka u kojem je donio podatke o kocki i tome koliko se tro\u0161i na kocku u Hercegovini i \u017dZH. Nakon tog \u010dlanka koji je objavljen i u njegovoj knjizi \u201eNisam \u0161utio\u201c do\u017eivio je prijetnje, a u Mostaru mu je o\u0161te\u0107en automobil.<\/p>\n\n\n\n<p>Govore\u0107i o opasnosti od energetskih pi\u0107a i drugih opasnih stimulansa za mlade fra Mario je, za na\u0161 radio, me\u0111u ostalim, kazao:<\/p>\n\n\n\n<p>Vidimo da se u posljednje vrijeme pojavljuju energetska pi\u0107a koja su u\u017easna. Ona stvaraju ovisnost, ali i uni\u0161tavaju emocionalni svijet u nama. Kad vi osobi, mladi\u0107u, djevojci, sa 16 ili 17 godina pa \u010dak i mla\u0111ima uni\u0161tite svijet emocije oni se ne mogu zaljubiti, ne mogu nikad u \u017eivotu voljeti, dakle njihov je \u017eivot besmislen. Oni zapravo postaju meta i poligon za mnoge obra\u010dune, bilo \u0161to im nudili oni \u0107e na to pristati i tako zapravo sami doniraju i financiraju svoju propast\u201c, istaknuo je.<\/p>\n\n\n\n<figure class=\"wp-block-image size-large\"><img loading=\"lazy\" decoding=\"async\" width=\"1024\" height=\"684\" src=\"https:\/\/radioljubuski.ba\/wp-content\/uploads\/2023\/11\/publika2-1024x684.jpg\" alt=\"\" class=\"wp-image-197661\" srcset=\"https:\/\/radioljubuski.ba\/wp-content\/uploads\/2023\/11\/publika2-1024x684.jpg 1024w, https:\/\/radioljubuski.ba\/wp-content\/uploads\/2023\/11\/publika2-300x200.jpg 300w, https:\/\/radioljubuski.ba\/wp-content\/uploads\/2023\/11\/publika2-768x513.jpg 768w, https:\/\/radioljubuski.ba\/wp-content\/uploads\/2023\/11\/publika2-1536x1025.jpg 1536w, https:\/\/radioljubuski.ba\/wp-content\/uploads\/2023\/11\/publika2-18x12.jpg 18w, https:\/\/radioljubuski.ba\/wp-content\/uploads\/2023\/11\/publika2.jpg 2000w\" sizes=\"auto, (max-width: 1024px) 100vw, 1024px\" \/><\/figure>\n\n\n\n<p>Ponovio je kako ne smijemo \u0161utjeti, kako je bitno govoriti o po\u0161asti kocke, droge, ali i tih novih opijata koji nam uni\u0161tavaju na\u0161e najbolje, na\u0161u mladost. Da moramo osigurati mladima da imaju \u0161ansu za radostan, smislen i veseo \u017eivot, kr\u0161\u0107anski \u017eivot, \u017eivot koji \u0107e slijediti Isusa Krista.<\/p>\n\n\n\n<p>Fra Mario je tijekom predavanja svoje izlaganje potkrijepio ve\u0107im brojem primjera iz \u017eivota, posebno onima koje je i osobno do\u017eivio kao sve\u0107enik i kao ispovjednik.<\/p>\n\n\n\n<p>Na kraju je \u010destitao ravnateljima srednjih \u0161kola i svim profesorima \u0161to su rekli &#8211; moramo djelovati. Tako\u0111er je zadivljen je mladima koji su, kako je kazao, pozorno slu\u0161ali predavanje te da je osjetio da nisu bili samo slu\u0161atelji ve\u0107 i dionici predavanja, da su u njemu sudjelovali svojom emocijom.<\/p>\n\n\n\n<figure class=\"wp-block-image size-large\"><img loading=\"lazy\" decoding=\"async\" width=\"1024\" height=\"684\" src=\"https:\/\/radioljubuski.ba\/wp-content\/uploads\/2023\/11\/leo-1024x684.jpg\" alt=\"\" class=\"wp-image-197659\" srcset=\"https:\/\/radioljubuski.ba\/wp-content\/uploads\/2023\/11\/leo-1024x684.jpg 1024w, https:\/\/radioljubuski.ba\/wp-content\/uploads\/2023\/11\/leo-300x200.jpg 300w, https:\/\/radioljubuski.ba\/wp-content\/uploads\/2023\/11\/leo-768x513.jpg 768w, https:\/\/radioljubuski.ba\/wp-content\/uploads\/2023\/11\/leo-1536x1025.jpg 1536w, https:\/\/radioljubuski.ba\/wp-content\/uploads\/2023\/11\/leo-18x12.jpg 18w, https:\/\/radioljubuski.ba\/wp-content\/uploads\/2023\/11\/leo.jpg 2000w\" sizes=\"auto, (max-width: 1024px) 100vw, 1024px\" \/><\/figure>\n\n\n\n<p>Fra Maria je na po\u010detku predavanja pozdravio i predstavio ravnatelj Gimnazije Ljubu\u0161ki Leo Mandi\u0107, koji mu je na kraju predavanja i zahvalio u svoje ime, u ime ravnateljice SS\u0160 Ru\u0111era Bo\u0161kovi\u0107a Mile Primorac i u ime svih profesora i u\u010denika tih dviju \u0161kola.<\/p>\n\n\n\n<p>Radio Ljubu\u0161ki<\/p>\n","protected":false},"excerpt":{"rendered":"<p>Onda reko\u0161e me\u0111u sobom: &#8220;Ne derimo je, nego bacimo kocke za nju, kojemu \u0107e dopasti!&#8221; Tako se imala ispuniti rije\u010d Pisma: &#8220;Razdijeli\u0161e me\u0111u se haljine moje i za odje\u0107u moju baci\u0161e kocke.&#8221; I vojnici tako u\u010dini\u0161e (Iv 19,23-24). Tim biblijskim citatom, danas je poznati hercegova\u010dki franjevac dr. fra Mario Knezovi\u0107 po\u010deo predavanje &#8220;Prokockana \u0161ansa- Raj [&hellip;]<\/p>\n","protected":false},"author":2,"featured_media":197657,"comment_status":"closed","ping_status":"closed","sticky":false,"template":"","format":"standard","meta":{"h5ap_radio_sources":[],"footnotes":""},"categories":[3,28],"tags":[],"class_list":["post-197656","post","type-post","status-publish","format-standard","has-post-thumbnail","hentry","category-ljubuski","category-novosti"],"yoast_head":"<!-- This site is optimized with the Yoast SEO plugin v27.4 - https:\/\/yoast.com\/product\/yoast-seo-wordpress\/ -->\n<title>Dr. fra Mario Knezovi\u0107 ljubu\u0161kim srednjo\u0161kolcima odr\u017eao predavanje na temu &quot;Prokockana \u0161ansa- Raj na udaru pakla ovisnosti&quot; - RADIO LJUBU\u0160KI<\/title>\n<meta name=\"robots\" content=\"index, follow, max-snippet:-1, max-image-preview:large, max-video-preview:-1\" \/>\n<link rel=\"canonical\" href=\"https:\/\/radioljubuski.ba\/index.php\/2023\/11\/17\/dr-fra-mario-knezovic-ljubuskim-srednjoskolcima-odrzao-predavanje-na-temu-prokockana-sansa-raj-na-udaru-pakla-ovisnosti\/\" \/>\n<meta property=\"og:locale\" content=\"hr_HR\" \/>\n<meta property=\"og:type\" content=\"article\" \/>\n<meta property=\"og:title\" content=\"Dr. fra Mario Knezovi\u0107 ljubu\u0161kim srednjo\u0161kolcima odr\u017eao predavanje na temu &quot;Prokockana \u0161ansa- Raj na udaru pakla ovisnosti&quot; - RADIO LJUBU\u0160KI\" \/>\n<meta property=\"og:description\" content=\"Onda reko\u0161e me\u0111u sobom: &#8220;Ne derimo je, nego bacimo kocke za nju, kojemu \u0107e dopasti!&#8221; Tako se imala ispuniti rije\u010d Pisma: &#8220;Razdijeli\u0161e me\u0111u se haljine moje i za odje\u0107u moju baci\u0161e kocke.&#8221; I vojnici tako u\u010dini\u0161e (Iv 19,23-24). Tim biblijskim citatom, danas je poznati hercegova\u010dki franjevac dr. fra Mario Knezovi\u0107 po\u010deo predavanje &#8220;Prokockana \u0161ansa- Raj [&hellip;]\" \/>\n<meta property=\"og:url\" content=\"https:\/\/radioljubuski.ba\/index.php\/2023\/11\/17\/dr-fra-mario-knezovic-ljubuskim-srednjoskolcima-odrzao-predavanje-na-temu-prokockana-sansa-raj-na-udaru-pakla-ovisnosti\/\" \/>\n<meta property=\"og:site_name\" content=\"RADIO LJUBU\u0160KI\" \/>\n<meta property=\"article:publisher\" content=\"https:\/\/www.facebook.com\/Radiio-Ljubuski-1490835324566332\" \/>\n<meta property=\"article:published_time\" content=\"2023-11-17T14:22:20+00:00\" \/>\n<meta property=\"article:modified_time\" content=\"2023-11-17T15:38:17+00:00\" \/>\n<meta property=\"og:image\" content=\"https:\/\/radioljubuski.ba\/wp-content\/uploads\/2023\/11\/framario2.jpg\" \/>\n\t<meta property=\"og:image:width\" content=\"2000\" \/>\n\t<meta property=\"og:image:height\" content=\"1335\" \/>\n\t<meta property=\"og:image:type\" content=\"image\/jpeg\" \/>\n<meta name=\"author\" content=\"Radio Ljubu\u0161ki\" \/>\n<meta name=\"twitter:card\" content=\"summary_large_image\" \/>\n<meta name=\"twitter:creator\" content=\"@radioljubuski\" \/>\n<meta name=\"twitter:site\" content=\"@radioljubuski\" \/>\n<meta name=\"twitter:label1\" content=\"Napisao\/la\" \/>\n\t<meta name=\"twitter:data1\" content=\"Radio Ljubu\u0161ki\" \/>\n\t<meta name=\"twitter:label2\" content=\"Procijenjeno vrijeme \u010ditanja\" \/>\n\t<meta name=\"twitter:data2\" content=\"5 minuta\" \/>\n<script type=\"application\/ld+json\" class=\"yoast-schema-graph\">{\"@context\":\"https:\\\/\\\/schema.org\",\"@graph\":[{\"@type\":\"Article\",\"@id\":\"https:\\\/\\\/radioljubuski.ba\\\/index.php\\\/2023\\\/11\\\/17\\\/dr-fra-mario-knezovic-ljubuskim-srednjoskolcima-odrzao-predavanje-na-temu-prokockana-sansa-raj-na-udaru-pakla-ovisnosti\\\/#article\",\"isPartOf\":{\"@id\":\"https:\\\/\\\/radioljubuski.ba\\\/index.php\\\/2023\\\/11\\\/17\\\/dr-fra-mario-knezovic-ljubuskim-srednjoskolcima-odrzao-predavanje-na-temu-prokockana-sansa-raj-na-udaru-pakla-ovisnosti\\\/\"},\"author\":{\"name\":\"Radio Ljubu\u0161ki\",\"@id\":\"https:\\\/\\\/radioljubuski.ba\\\/#\\\/schema\\\/person\\\/19fc700381a780f69665d7956c469e3b\"},\"headline\":\"Dr. fra Mario Knezovi\u0107 ljubu\u0161kim srednjo\u0161kolcima odr\u017eao predavanje na temu &#8220;Prokockana \u0161ansa- Raj na udaru pakla ovisnosti&#8221;\",\"datePublished\":\"2023-11-17T14:22:20+00:00\",\"dateModified\":\"2023-11-17T15:38:17+00:00\",\"mainEntityOfPage\":{\"@id\":\"https:\\\/\\\/radioljubuski.ba\\\/index.php\\\/2023\\\/11\\\/17\\\/dr-fra-mario-knezovic-ljubuskim-srednjoskolcima-odrzao-predavanje-na-temu-prokockana-sansa-raj-na-udaru-pakla-ovisnosti\\\/\"},\"wordCount\":797,\"publisher\":{\"@id\":\"https:\\\/\\\/radioljubuski.ba\\\/#organization\"},\"image\":{\"@id\":\"https:\\\/\\\/radioljubuski.ba\\\/index.php\\\/2023\\\/11\\\/17\\\/dr-fra-mario-knezovic-ljubuskim-srednjoskolcima-odrzao-predavanje-na-temu-prokockana-sansa-raj-na-udaru-pakla-ovisnosti\\\/#primaryimage\"},\"thumbnailUrl\":\"https:\\\/\\\/radioljubuski.ba\\\/wp-content\\\/uploads\\\/2023\\\/11\\\/framario2.jpg\",\"articleSection\":[\"Ljubu\u0161ki\",\"Novosti\"],\"inLanguage\":\"hr\"},{\"@type\":\"WebPage\",\"@id\":\"https:\\\/\\\/radioljubuski.ba\\\/index.php\\\/2023\\\/11\\\/17\\\/dr-fra-mario-knezovic-ljubuskim-srednjoskolcima-odrzao-predavanje-na-temu-prokockana-sansa-raj-na-udaru-pakla-ovisnosti\\\/\",\"url\":\"https:\\\/\\\/radioljubuski.ba\\\/index.php\\\/2023\\\/11\\\/17\\\/dr-fra-mario-knezovic-ljubuskim-srednjoskolcima-odrzao-predavanje-na-temu-prokockana-sansa-raj-na-udaru-pakla-ovisnosti\\\/\",\"name\":\"Dr. fra Mario Knezovi\u0107 ljubu\u0161kim srednjo\u0161kolcima odr\u017eao predavanje na temu \\\"Prokockana \u0161ansa- Raj na udaru pakla ovisnosti\\\" - RADIO LJUBU\u0160KI\",\"isPartOf\":{\"@id\":\"https:\\\/\\\/radioljubuski.ba\\\/#website\"},\"primaryImageOfPage\":{\"@id\":\"https:\\\/\\\/radioljubuski.ba\\\/index.php\\\/2023\\\/11\\\/17\\\/dr-fra-mario-knezovic-ljubuskim-srednjoskolcima-odrzao-predavanje-na-temu-prokockana-sansa-raj-na-udaru-pakla-ovisnosti\\\/#primaryimage\"},\"image\":{\"@id\":\"https:\\\/\\\/radioljubuski.ba\\\/index.php\\\/2023\\\/11\\\/17\\\/dr-fra-mario-knezovic-ljubuskim-srednjoskolcima-odrzao-predavanje-na-temu-prokockana-sansa-raj-na-udaru-pakla-ovisnosti\\\/#primaryimage\"},\"thumbnailUrl\":\"https:\\\/\\\/radioljubuski.ba\\\/wp-content\\\/uploads\\\/2023\\\/11\\\/framario2.jpg\",\"datePublished\":\"2023-11-17T14:22:20+00:00\",\"dateModified\":\"2023-11-17T15:38:17+00:00\",\"breadcrumb\":{\"@id\":\"https:\\\/\\\/radioljubuski.ba\\\/index.php\\\/2023\\\/11\\\/17\\\/dr-fra-mario-knezovic-ljubuskim-srednjoskolcima-odrzao-predavanje-na-temu-prokockana-sansa-raj-na-udaru-pakla-ovisnosti\\\/#breadcrumb\"},\"inLanguage\":\"hr\",\"potentialAction\":[{\"@type\":\"ReadAction\",\"target\":[\"https:\\\/\\\/radioljubuski.ba\\\/index.php\\\/2023\\\/11\\\/17\\\/dr-fra-mario-knezovic-ljubuskim-srednjoskolcima-odrzao-predavanje-na-temu-prokockana-sansa-raj-na-udaru-pakla-ovisnosti\\\/\"]}]},{\"@type\":\"ImageObject\",\"inLanguage\":\"hr\",\"@id\":\"https:\\\/\\\/radioljubuski.ba\\\/index.php\\\/2023\\\/11\\\/17\\\/dr-fra-mario-knezovic-ljubuskim-srednjoskolcima-odrzao-predavanje-na-temu-prokockana-sansa-raj-na-udaru-pakla-ovisnosti\\\/#primaryimage\",\"url\":\"https:\\\/\\\/radioljubuski.ba\\\/wp-content\\\/uploads\\\/2023\\\/11\\\/framario2.jpg\",\"contentUrl\":\"https:\\\/\\\/radioljubuski.ba\\\/wp-content\\\/uploads\\\/2023\\\/11\\\/framario2.jpg\",\"width\":2000,\"height\":1335},{\"@type\":\"BreadcrumbList\",\"@id\":\"https:\\\/\\\/radioljubuski.ba\\\/index.php\\\/2023\\\/11\\\/17\\\/dr-fra-mario-knezovic-ljubuskim-srednjoskolcima-odrzao-predavanje-na-temu-prokockana-sansa-raj-na-udaru-pakla-ovisnosti\\\/#breadcrumb\",\"itemListElement\":[{\"@type\":\"ListItem\",\"position\":1,\"name\":\"Po\u010detna stranica\",\"item\":\"https:\\\/\\\/radioljubuski.ba\\\/\"},{\"@type\":\"ListItem\",\"position\":2,\"name\":\"Dr. fra Mario Knezovi\u0107 ljubu\u0161kim srednjo\u0161kolcima odr\u017eao predavanje na temu &#8220;Prokockana \u0161ansa- Raj na udaru pakla ovisnosti&#8221;\"}]},{\"@type\":\"WebSite\",\"@id\":\"https:\\\/\\\/radioljubuski.ba\\\/#website\",\"url\":\"https:\\\/\\\/radioljubuski.ba\\\/\",\"name\":\"Radio Ljubu\u0161ki\",\"description\":\"Sun\u010dana frekvencija Hercegovine\",\"publisher\":{\"@id\":\"https:\\\/\\\/radioljubuski.ba\\\/#organization\"},\"potentialAction\":[{\"@type\":\"SearchAction\",\"target\":{\"@type\":\"EntryPoint\",\"urlTemplate\":\"https:\\\/\\\/radioljubuski.ba\\\/?s={search_term_string}\"},\"query-input\":{\"@type\":\"PropertyValueSpecification\",\"valueRequired\":true,\"valueName\":\"search_term_string\"}}],\"inLanguage\":\"hr\"},{\"@type\":\"Organization\",\"@id\":\"https:\\\/\\\/radioljubuski.ba\\\/#organization\",\"name\":\"Radio Ljubu\u0161ki\",\"url\":\"https:\\\/\\\/radioljubuski.ba\\\/\",\"logo\":{\"@type\":\"ImageObject\",\"inLanguage\":\"hr\",\"@id\":\"https:\\\/\\\/radioljubuski.ba\\\/#\\\/schema\\\/logo\\\/image\\\/\",\"url\":\"https:\\\/\\\/radioljubuski.ba\\\/wp-content\\\/uploads\\\/2021\\\/02\\\/cropped-Radio_Ljubuski_logo1.jpg\",\"contentUrl\":\"https:\\\/\\\/radioljubuski.ba\\\/wp-content\\\/uploads\\\/2021\\\/02\\\/cropped-Radio_Ljubuski_logo1.jpg\",\"width\":512,\"height\":512,\"caption\":\"Radio Ljubu\u0161ki\"},\"image\":{\"@id\":\"https:\\\/\\\/radioljubuski.ba\\\/#\\\/schema\\\/logo\\\/image\\\/\"},\"sameAs\":[\"https:\\\/\\\/www.facebook.com\\\/Radiio-Ljubuski-1490835324566332\",\"https:\\\/\\\/x.com\\\/radioljubuski\",\"https:\\\/\\\/hr.linkedin.com\\\/company\\\/radio-ljubuski\",\"https:\\\/\\\/www.youtube.com\\\/channel\\\/UCHYaeO_n0Db3tjNGudGpXyw\"]},{\"@type\":\"Person\",\"@id\":\"https:\\\/\\\/radioljubuski.ba\\\/#\\\/schema\\\/person\\\/19fc700381a780f69665d7956c469e3b\",\"name\":\"Radio Ljubu\u0161ki\"}]}<\/script>\n<!-- \/ Yoast SEO plugin. -->","yoast_head_json":{"title":"Dr. fra Mario Knezovi\u0107 ljubu\u0161kim srednjo\u0161kolcima odr\u017eao predavanje na temu \"Prokockana \u0161ansa- Raj na udaru pakla ovisnosti\" - RADIO LJUBU\u0160KI","robots":{"index":"index","follow":"follow","max-snippet":"max-snippet:-1","max-image-preview":"max-image-preview:large","max-video-preview":"max-video-preview:-1"},"canonical":"https:\/\/radioljubuski.ba\/index.php\/2023\/11\/17\/dr-fra-mario-knezovic-ljubuskim-srednjoskolcima-odrzao-predavanje-na-temu-prokockana-sansa-raj-na-udaru-pakla-ovisnosti\/","og_locale":"hr_HR","og_type":"article","og_title":"Dr. fra Mario Knezovi\u0107 ljubu\u0161kim srednjo\u0161kolcima odr\u017eao predavanje na temu \"Prokockana \u0161ansa- Raj na udaru pakla ovisnosti\" - RADIO LJUBU\u0160KI","og_description":"Onda reko\u0161e me\u0111u sobom: &#8220;Ne derimo je, nego bacimo kocke za nju, kojemu \u0107e dopasti!&#8221; Tako se imala ispuniti rije\u010d Pisma: &#8220;Razdijeli\u0161e me\u0111u se haljine moje i za odje\u0107u moju baci\u0161e kocke.&#8221; I vojnici tako u\u010dini\u0161e (Iv 19,23-24). Tim biblijskim citatom, danas je poznati hercegova\u010dki franjevac dr. fra Mario Knezovi\u0107 po\u010deo predavanje &#8220;Prokockana \u0161ansa- Raj [&hellip;]","og_url":"https:\/\/radioljubuski.ba\/index.php\/2023\/11\/17\/dr-fra-mario-knezovic-ljubuskim-srednjoskolcima-odrzao-predavanje-na-temu-prokockana-sansa-raj-na-udaru-pakla-ovisnosti\/","og_site_name":"RADIO LJUBU\u0160KI","article_publisher":"https:\/\/www.facebook.com\/Radiio-Ljubuski-1490835324566332","article_published_time":"2023-11-17T14:22:20+00:00","article_modified_time":"2023-11-17T15:38:17+00:00","og_image":[{"width":2000,"height":1335,"url":"https:\/\/radioljubuski.ba\/wp-content\/uploads\/2023\/11\/framario2.jpg","type":"image\/jpeg"}],"author":"Radio Ljubu\u0161ki","twitter_card":"summary_large_image","twitter_creator":"@radioljubuski","twitter_site":"@radioljubuski","twitter_misc":{"Napisao\/la":"Radio Ljubu\u0161ki","Procijenjeno vrijeme \u010ditanja":"5 minuta"},"schema":{"@context":"https:\/\/schema.org","@graph":[{"@type":"Article","@id":"https:\/\/radioljubuski.ba\/index.php\/2023\/11\/17\/dr-fra-mario-knezovic-ljubuskim-srednjoskolcima-odrzao-predavanje-na-temu-prokockana-sansa-raj-na-udaru-pakla-ovisnosti\/#article","isPartOf":{"@id":"https:\/\/radioljubuski.ba\/index.php\/2023\/11\/17\/dr-fra-mario-knezovic-ljubuskim-srednjoskolcima-odrzao-predavanje-na-temu-prokockana-sansa-raj-na-udaru-pakla-ovisnosti\/"},"author":{"name":"Radio Ljubu\u0161ki","@id":"https:\/\/radioljubuski.ba\/#\/schema\/person\/19fc700381a780f69665d7956c469e3b"},"headline":"Dr. fra Mario Knezovi\u0107 ljubu\u0161kim srednjo\u0161kolcima odr\u017eao predavanje na temu &#8220;Prokockana \u0161ansa- Raj na udaru pakla ovisnosti&#8221;","datePublished":"2023-11-17T14:22:20+00:00","dateModified":"2023-11-17T15:38:17+00:00","mainEntityOfPage":{"@id":"https:\/\/radioljubuski.ba\/index.php\/2023\/11\/17\/dr-fra-mario-knezovic-ljubuskim-srednjoskolcima-odrzao-predavanje-na-temu-prokockana-sansa-raj-na-udaru-pakla-ovisnosti\/"},"wordCount":797,"publisher":{"@id":"https:\/\/radioljubuski.ba\/#organization"},"image":{"@id":"https:\/\/radioljubuski.ba\/index.php\/2023\/11\/17\/dr-fra-mario-knezovic-ljubuskim-srednjoskolcima-odrzao-predavanje-na-temu-prokockana-sansa-raj-na-udaru-pakla-ovisnosti\/#primaryimage"},"thumbnailUrl":"https:\/\/radioljubuski.ba\/wp-content\/uploads\/2023\/11\/framario2.jpg","articleSection":["Ljubu\u0161ki","Novosti"],"inLanguage":"hr"},{"@type":"WebPage","@id":"https:\/\/radioljubuski.ba\/index.php\/2023\/11\/17\/dr-fra-mario-knezovic-ljubuskim-srednjoskolcima-odrzao-predavanje-na-temu-prokockana-sansa-raj-na-udaru-pakla-ovisnosti\/","url":"https:\/\/radioljubuski.ba\/index.php\/2023\/11\/17\/dr-fra-mario-knezovic-ljubuskim-srednjoskolcima-odrzao-predavanje-na-temu-prokockana-sansa-raj-na-udaru-pakla-ovisnosti\/","name":"Dr. fra Mario Knezovi\u0107 ljubu\u0161kim srednjo\u0161kolcima odr\u017eao predavanje na temu \"Prokockana \u0161ansa- Raj na udaru pakla ovisnosti\" - RADIO LJUBU\u0160KI","isPartOf":{"@id":"https:\/\/radioljubuski.ba\/#website"},"primaryImageOfPage":{"@id":"https:\/\/radioljubuski.ba\/index.php\/2023\/11\/17\/dr-fra-mario-knezovic-ljubuskim-srednjoskolcima-odrzao-predavanje-na-temu-prokockana-sansa-raj-na-udaru-pakla-ovisnosti\/#primaryimage"},"image":{"@id":"https:\/\/radioljubuski.ba\/index.php\/2023\/11\/17\/dr-fra-mario-knezovic-ljubuskim-srednjoskolcima-odrzao-predavanje-na-temu-prokockana-sansa-raj-na-udaru-pakla-ovisnosti\/#primaryimage"},"thumbnailUrl":"https:\/\/radioljubuski.ba\/wp-content\/uploads\/2023\/11\/framario2.jpg","datePublished":"2023-11-17T14:22:20+00:00","dateModified":"2023-11-17T15:38:17+00:00","breadcrumb":{"@id":"https:\/\/radioljubuski.ba\/index.php\/2023\/11\/17\/dr-fra-mario-knezovic-ljubuskim-srednjoskolcima-odrzao-predavanje-na-temu-prokockana-sansa-raj-na-udaru-pakla-ovisnosti\/#breadcrumb"},"inLanguage":"hr","potentialAction":[{"@type":"ReadAction","target":["https:\/\/radioljubuski.ba\/index.php\/2023\/11\/17\/dr-fra-mario-knezovic-ljubuskim-srednjoskolcima-odrzao-predavanje-na-temu-prokockana-sansa-raj-na-udaru-pakla-ovisnosti\/"]}]},{"@type":"ImageObject","inLanguage":"hr","@id":"https:\/\/radioljubuski.ba\/index.php\/2023\/11\/17\/dr-fra-mario-knezovic-ljubuskim-srednjoskolcima-odrzao-predavanje-na-temu-prokockana-sansa-raj-na-udaru-pakla-ovisnosti\/#primaryimage","url":"https:\/\/radioljubuski.ba\/wp-content\/uploads\/2023\/11\/framario2.jpg","contentUrl":"https:\/\/radioljubuski.ba\/wp-content\/uploads\/2023\/11\/framario2.jpg","width":2000,"height":1335},{"@type":"BreadcrumbList","@id":"https:\/\/radioljubuski.ba\/index.php\/2023\/11\/17\/dr-fra-mario-knezovic-ljubuskim-srednjoskolcima-odrzao-predavanje-na-temu-prokockana-sansa-raj-na-udaru-pakla-ovisnosti\/#breadcrumb","itemListElement":[{"@type":"ListItem","position":1,"name":"Po\u010detna stranica","item":"https:\/\/radioljubuski.ba\/"},{"@type":"ListItem","position":2,"name":"Dr. fra Mario Knezovi\u0107 ljubu\u0161kim srednjo\u0161kolcima odr\u017eao predavanje na temu &#8220;Prokockana \u0161ansa- Raj na udaru pakla ovisnosti&#8221;"}]},{"@type":"WebSite","@id":"https:\/\/radioljubuski.ba\/#website","url":"https:\/\/radioljubuski.ba\/","name":"Radio Ljubu\u0161ki","description":"Sun\u010dana frekvencija Hercegovine","publisher":{"@id":"https:\/\/radioljubuski.ba\/#organization"},"potentialAction":[{"@type":"SearchAction","target":{"@type":"EntryPoint","urlTemplate":"https:\/\/radioljubuski.ba\/?s={search_term_string}"},"query-input":{"@type":"PropertyValueSpecification","valueRequired":true,"valueName":"search_term_string"}}],"inLanguage":"hr"},{"@type":"Organization","@id":"https:\/\/radioljubuski.ba\/#organization","name":"Radio Ljubu\u0161ki","url":"https:\/\/radioljubuski.ba\/","logo":{"@type":"ImageObject","inLanguage":"hr","@id":"https:\/\/radioljubuski.ba\/#\/schema\/logo\/image\/","url":"https:\/\/radioljubuski.ba\/wp-content\/uploads\/2021\/02\/cropped-Radio_Ljubuski_logo1.jpg","contentUrl":"https:\/\/radioljubuski.ba\/wp-content\/uploads\/2021\/02\/cropped-Radio_Ljubuski_logo1.jpg","width":512,"height":512,"caption":"Radio Ljubu\u0161ki"},"image":{"@id":"https:\/\/radioljubuski.ba\/#\/schema\/logo\/image\/"},"sameAs":["https:\/\/www.facebook.com\/Radiio-Ljubuski-1490835324566332","https:\/\/x.com\/radioljubuski","https:\/\/hr.linkedin.com\/company\/radio-ljubuski","https:\/\/www.youtube.com\/channel\/UCHYaeO_n0Db3tjNGudGpXyw"]},{"@type":"Person","@id":"https:\/\/radioljubuski.ba\/#\/schema\/person\/19fc700381a780f69665d7956c469e3b","name":"Radio Ljubu\u0161ki"}]}},"_links":{"self":[{"href":"https:\/\/radioljubuski.ba\/index.php\/wp-json\/wp\/v2\/posts\/197656","targetHints":{"allow":["GET"]}}],"collection":[{"href":"https:\/\/radioljubuski.ba\/index.php\/wp-json\/wp\/v2\/posts"}],"about":[{"href":"https:\/\/radioljubuski.ba\/index.php\/wp-json\/wp\/v2\/types\/post"}],"author":[{"embeddable":true,"href":"https:\/\/radioljubuski.ba\/index.php\/wp-json\/wp\/v2\/users\/2"}],"replies":[{"embeddable":true,"href":"https:\/\/radioljubuski.ba\/index.php\/wp-json\/wp\/v2\/comments?post=197656"}],"version-history":[{"count":2,"href":"https:\/\/radioljubuski.ba\/index.php\/wp-json\/wp\/v2\/posts\/197656\/revisions"}],"predecessor-version":[{"id":197663,"href":"https:\/\/radioljubuski.ba\/index.php\/wp-json\/wp\/v2\/posts\/197656\/revisions\/197663"}],"wp:featuredmedia":[{"embeddable":true,"href":"https:\/\/radioljubuski.ba\/index.php\/wp-json\/wp\/v2\/media\/197657"}],"wp:attachment":[{"href":"https:\/\/radioljubuski.ba\/index.php\/wp-json\/wp\/v2\/media?parent=197656"}],"wp:term":[{"taxonomy":"category","embeddable":true,"href":"https:\/\/radioljubuski.ba\/index.php\/wp-json\/wp\/v2\/categories?post=197656"},{"taxonomy":"post_tag","embeddable":true,"href":"https:\/\/radioljubuski.ba\/index.php\/wp-json\/wp\/v2\/tags?post=197656"}],"curies":[{"name":"wp","href":"https:\/\/api.w.org\/{rel}","templated":true}]}}