{"id":197749,"date":"2023-11-22T09:03:06","date_gmt":"2023-11-22T08:03:06","guid":{"rendered":"https:\/\/radioljubuski.ba\/?p=197749"},"modified":"2023-11-22T09:03:07","modified_gmt":"2023-11-22T08:03:07","slug":"europska-liga-izvidac-veceras-gostuje-kod-francuskog-chamberyja","status":"publish","type":"post","link":"https:\/\/radioljubuski.ba\/index.php\/2023\/11\/22\/europska-liga-izvidac-veceras-gostuje-kod-francuskog-chamberyja\/","title":{"rendered":"Chambery u posljednjim minutama slomio otpor Izvi\u0111a\u010da"},"content":{"rendered":"\n<p>U susretu 4. kola EHF Europske lige aktualni rukometni prvak BiH Izvi\u0111a\u010d Agram je pora\u017een od Chamberyja u gostima rezultatom 30:34 (13:16).&nbsp;<\/p>\n\n\n\n<p>Izvi\u0111a\u010d je bolje otvorio susret i vodio sa 1:0, 2:1, 3:2 i 4:3. Nakon toga doma\u0107i prave seriju od 4:0 i odlaze na 7:4. Izvi\u0111a\u010d golovima Kova\u010da i D\u017eelilovi\u0107a smanjuje na 7:6. &nbsp;Na isteku 22. minute Chahmbery je vodio sa 13:8, a do kraja poluvremena Izvi\u0111a\u010d je smanjio &nbsp;zaostatak na tri gola (13:16).&nbsp;<\/p>\n\n\n\n<p>I po\u010detak drugog dijela je pripao Izvi\u0111a\u010du, koji poluvrijeme otvara s 6:2 i dolazi do novog vodstva u susretu. Pavlovi\u0107 je u 36. minuti pogodio za 19:18 u korist bh. prvaka. Uzvra\u0107a Chambery i odlazi na 24:21 na 15 minuta do kraja. Nije se Izvi\u0111a\u010d predavao, nego je u 53. minuti golom \u0160imi\u0107a do\u0161ao na zaostatak od jednog gola (27:28). Na 30:28 za Chambery Izvi\u0111a\u010d je imao dvije kontre, ali je prvi put lopta zavr\u0161ila na stativi, a drugi put su doma\u0107i presjekli napad bh. prvaka i doma\u0107i su vrlo brzo oti\u0161li na 32:28. Bilo je \u010detiri minute do kraja.&nbsp;<\/p>\n\n\n\n<p>U preostalom vremenu obje ekipe su postigle po dva gola za kona\u010dnih 34:30 u korist francuske ekipe.&nbsp;<\/p>\n\n\n\n<p>Naju\u010dinkovitiji kod &#8220;Skauta&#8221; bio je Edvin D\u017eelilovi\u0107 s osam pogodaka, a Ivano Pavlovi\u0107 dodao je \u0161est dok je Diano \u0106e\u0161ko poga\u0111ao pet puta. Aldin Alihod\u017ei\u0107 je kod Izvi\u0111a\u010da sakupio sedam obrana. Kod pobjedni\u010dke ekipe je Benjamin Richert postigao sedam pogodaka. Reprezentativac BiH Harun Hod\u017ei\u0107 je na vratima Chamberyja imao devet obrana i to u prvom poluvremenu.&nbsp;<\/p>\n\n\n\n<p>Na kraju treba \u010destitati igra\u010dima i stru\u010dnom sto\u017eeru Izvi\u0111a\u010da na vrlo hrabro odigranoj utakmici.&nbsp;<\/p>\n\n\n\n<p>Iks portal<\/p>\n","protected":false},"excerpt":{"rendered":"<p>U susretu 4. kola EHF Europske lige aktualni rukometni prvak BiH Izvi\u0111a\u010d Agram je pora\u017een od Chamberyja u gostima rezultatom 30:34 (13:16).&nbsp; Izvi\u0111a\u010d je bolje otvorio susret i vodio sa 1:0, 2:1, 3:2 i 4:3. Nakon toga doma\u0107i prave seriju od 4:0 i odlaze na 7:4. Izvi\u0111a\u010d golovima Kova\u010da i D\u017eelilovi\u0107a smanjuje na 7:6. &nbsp;Na [&hellip;]<\/p>\n","protected":false},"author":2,"featured_media":197750,"comment_status":"closed","ping_status":"closed","sticky":false,"template":"","format":"standard","meta":{"h5ap_radio_sources":[],"footnotes":""},"categories":[28,7],"tags":[],"class_list":["post-197749","post","type-post","status-publish","format-standard","has-post-thumbnail","hentry","category-novosti","category-sport"],"yoast_head":"<!-- This site is optimized with the Yoast SEO plugin v27.5 - https:\/\/yoast.com\/product\/yoast-seo-wordpress\/ -->\n<title>Chambery u posljednjim minutama slomio otpor Izvi\u0111a\u010da - RADIO LJUBU\u0160KI<\/title>\n<meta name=\"robots\" content=\"index, follow, max-snippet:-1, max-image-preview:large, max-video-preview:-1\" \/>\n<link rel=\"canonical\" href=\"https:\/\/radioljubuski.ba\/index.php\/2023\/11\/22\/europska-liga-izvidac-veceras-gostuje-kod-francuskog-chamberyja\/\" \/>\n<meta property=\"og:locale\" content=\"hr_HR\" \/>\n<meta property=\"og:type\" content=\"article\" \/>\n<meta property=\"og:title\" content=\"Chambery u posljednjim minutama slomio otpor Izvi\u0111a\u010da - RADIO LJUBU\u0160KI\" \/>\n<meta property=\"og:description\" content=\"U susretu 4. kola EHF Europske lige aktualni rukometni prvak BiH Izvi\u0111a\u010d Agram je pora\u017een od Chamberyja u gostima rezultatom 30:34 (13:16).&nbsp; Izvi\u0111a\u010d je bolje otvorio susret i vodio sa 1:0, 2:1, 3:2 i 4:3. Nakon toga doma\u0107i prave seriju od 4:0 i odlaze na 7:4. Izvi\u0111a\u010d golovima Kova\u010da i D\u017eelilovi\u0107a smanjuje na 7:6. &nbsp;Na [&hellip;]\" \/>\n<meta property=\"og:url\" content=\"https:\/\/radioljubuski.ba\/index.php\/2023\/11\/22\/europska-liga-izvidac-veceras-gostuje-kod-francuskog-chamberyja\/\" \/>\n<meta property=\"og:site_name\" content=\"RADIO LJUBU\u0160KI\" \/>\n<meta property=\"article:publisher\" content=\"https:\/\/www.facebook.com\/Radiio-Ljubuski-1490835324566332\" \/>\n<meta property=\"article:published_time\" content=\"2023-11-22T08:03:06+00:00\" \/>\n<meta property=\"article:modified_time\" content=\"2023-11-22T08:03:07+00:00\" \/>\n<meta property=\"og:image\" content=\"https:\/\/radioljubuski.ba\/wp-content\/uploads\/2023\/11\/404227982_940946877591969_2945848209461346078_n.jpg\" \/>\n\t<meta property=\"og:image:width\" content=\"1600\" \/>\n\t<meta property=\"og:image:height\" content=\"1064\" \/>\n\t<meta property=\"og:image:type\" content=\"image\/jpeg\" \/>\n<meta name=\"author\" content=\"Radio Ljubu\u0161ki\" \/>\n<meta name=\"twitter:card\" content=\"summary_large_image\" \/>\n<meta name=\"twitter:creator\" content=\"@radioljubuski\" \/>\n<meta name=\"twitter:site\" content=\"@radioljubuski\" \/>\n<meta name=\"twitter:label1\" content=\"Napisao\/la\" \/>\n\t<meta name=\"twitter:data1\" content=\"Radio Ljubu\u0161ki\" \/>\n\t<meta name=\"twitter:label2\" content=\"Procijenjeno vrijeme \u010ditanja\" \/>\n\t<meta name=\"twitter:data2\" content=\"2 minute\" \/>\n<script type=\"application\/ld+json\" class=\"yoast-schema-graph\">{\"@context\":\"https:\\\/\\\/schema.org\",\"@graph\":[{\"@type\":\"Article\",\"@id\":\"https:\\\/\\\/radioljubuski.ba\\\/index.php\\\/2023\\\/11\\\/22\\\/europska-liga-izvidac-veceras-gostuje-kod-francuskog-chamberyja\\\/#article\",\"isPartOf\":{\"@id\":\"https:\\\/\\\/radioljubuski.ba\\\/index.php\\\/2023\\\/11\\\/22\\\/europska-liga-izvidac-veceras-gostuje-kod-francuskog-chamberyja\\\/\"},\"author\":{\"name\":\"Radio Ljubu\u0161ki\",\"@id\":\"https:\\\/\\\/radioljubuski.ba\\\/#\\\/schema\\\/person\\\/19fc700381a780f69665d7956c469e3b\"},\"headline\":\"Chambery u posljednjim minutama slomio otpor Izvi\u0111a\u010da\",\"datePublished\":\"2023-11-22T08:03:06+00:00\",\"dateModified\":\"2023-11-22T08:03:07+00:00\",\"mainEntityOfPage\":{\"@id\":\"https:\\\/\\\/radioljubuski.ba\\\/index.php\\\/2023\\\/11\\\/22\\\/europska-liga-izvidac-veceras-gostuje-kod-francuskog-chamberyja\\\/\"},\"wordCount\":294,\"publisher\":{\"@id\":\"https:\\\/\\\/radioljubuski.ba\\\/#organization\"},\"image\":{\"@id\":\"https:\\\/\\\/radioljubuski.ba\\\/index.php\\\/2023\\\/11\\\/22\\\/europska-liga-izvidac-veceras-gostuje-kod-francuskog-chamberyja\\\/#primaryimage\"},\"thumbnailUrl\":\"https:\\\/\\\/radioljubuski.ba\\\/wp-content\\\/uploads\\\/2023\\\/11\\\/404227982_940946877591969_2945848209461346078_n.jpg\",\"articleSection\":[\"Novosti\",\"\u0160port\"],\"inLanguage\":\"hr\"},{\"@type\":\"WebPage\",\"@id\":\"https:\\\/\\\/radioljubuski.ba\\\/index.php\\\/2023\\\/11\\\/22\\\/europska-liga-izvidac-veceras-gostuje-kod-francuskog-chamberyja\\\/\",\"url\":\"https:\\\/\\\/radioljubuski.ba\\\/index.php\\\/2023\\\/11\\\/22\\\/europska-liga-izvidac-veceras-gostuje-kod-francuskog-chamberyja\\\/\",\"name\":\"Chambery u posljednjim minutama slomio otpor Izvi\u0111a\u010da - RADIO LJUBU\u0160KI\",\"isPartOf\":{\"@id\":\"https:\\\/\\\/radioljubuski.ba\\\/#website\"},\"primaryImageOfPage\":{\"@id\":\"https:\\\/\\\/radioljubuski.ba\\\/index.php\\\/2023\\\/11\\\/22\\\/europska-liga-izvidac-veceras-gostuje-kod-francuskog-chamberyja\\\/#primaryimage\"},\"image\":{\"@id\":\"https:\\\/\\\/radioljubuski.ba\\\/index.php\\\/2023\\\/11\\\/22\\\/europska-liga-izvidac-veceras-gostuje-kod-francuskog-chamberyja\\\/#primaryimage\"},\"thumbnailUrl\":\"https:\\\/\\\/radioljubuski.ba\\\/wp-content\\\/uploads\\\/2023\\\/11\\\/404227982_940946877591969_2945848209461346078_n.jpg\",\"datePublished\":\"2023-11-22T08:03:06+00:00\",\"dateModified\":\"2023-11-22T08:03:07+00:00\",\"breadcrumb\":{\"@id\":\"https:\\\/\\\/radioljubuski.ba\\\/index.php\\\/2023\\\/11\\\/22\\\/europska-liga-izvidac-veceras-gostuje-kod-francuskog-chamberyja\\\/#breadcrumb\"},\"inLanguage\":\"hr\",\"potentialAction\":[{\"@type\":\"ReadAction\",\"target\":[\"https:\\\/\\\/radioljubuski.ba\\\/index.php\\\/2023\\\/11\\\/22\\\/europska-liga-izvidac-veceras-gostuje-kod-francuskog-chamberyja\\\/\"]}]},{\"@type\":\"ImageObject\",\"inLanguage\":\"hr\",\"@id\":\"https:\\\/\\\/radioljubuski.ba\\\/index.php\\\/2023\\\/11\\\/22\\\/europska-liga-izvidac-veceras-gostuje-kod-francuskog-chamberyja\\\/#primaryimage\",\"url\":\"https:\\\/\\\/radioljubuski.ba\\\/wp-content\\\/uploads\\\/2023\\\/11\\\/404227982_940946877591969_2945848209461346078_n.jpg\",\"contentUrl\":\"https:\\\/\\\/radioljubuski.ba\\\/wp-content\\\/uploads\\\/2023\\\/11\\\/404227982_940946877591969_2945848209461346078_n.jpg\",\"width\":1600,\"height\":1064},{\"@type\":\"BreadcrumbList\",\"@id\":\"https:\\\/\\\/radioljubuski.ba\\\/index.php\\\/2023\\\/11\\\/22\\\/europska-liga-izvidac-veceras-gostuje-kod-francuskog-chamberyja\\\/#breadcrumb\",\"itemListElement\":[{\"@type\":\"ListItem\",\"position\":1,\"name\":\"Po\u010detna stranica\",\"item\":\"https:\\\/\\\/radioljubuski.ba\\\/\"},{\"@type\":\"ListItem\",\"position\":2,\"name\":\"Chambery u posljednjim minutama slomio otpor Izvi\u0111a\u010da\"}]},{\"@type\":\"WebSite\",\"@id\":\"https:\\\/\\\/radioljubuski.ba\\\/#website\",\"url\":\"https:\\\/\\\/radioljubuski.ba\\\/\",\"name\":\"Radio Ljubu\u0161ki\",\"description\":\"Sun\u010dana frekvencija Hercegovine\",\"publisher\":{\"@id\":\"https:\\\/\\\/radioljubuski.ba\\\/#organization\"},\"potentialAction\":[{\"@type\":\"SearchAction\",\"target\":{\"@type\":\"EntryPoint\",\"urlTemplate\":\"https:\\\/\\\/radioljubuski.ba\\\/?s={search_term_string}\"},\"query-input\":{\"@type\":\"PropertyValueSpecification\",\"valueRequired\":true,\"valueName\":\"search_term_string\"}}],\"inLanguage\":\"hr\"},{\"@type\":\"Organization\",\"@id\":\"https:\\\/\\\/radioljubuski.ba\\\/#organization\",\"name\":\"Radio Ljubu\u0161ki\",\"url\":\"https:\\\/\\\/radioljubuski.ba\\\/\",\"logo\":{\"@type\":\"ImageObject\",\"inLanguage\":\"hr\",\"@id\":\"https:\\\/\\\/radioljubuski.ba\\\/#\\\/schema\\\/logo\\\/image\\\/\",\"url\":\"https:\\\/\\\/radioljubuski.ba\\\/wp-content\\\/uploads\\\/2021\\\/02\\\/cropped-Radio_Ljubuski_logo1.jpg\",\"contentUrl\":\"https:\\\/\\\/radioljubuski.ba\\\/wp-content\\\/uploads\\\/2021\\\/02\\\/cropped-Radio_Ljubuski_logo1.jpg\",\"width\":512,\"height\":512,\"caption\":\"Radio Ljubu\u0161ki\"},\"image\":{\"@id\":\"https:\\\/\\\/radioljubuski.ba\\\/#\\\/schema\\\/logo\\\/image\\\/\"},\"sameAs\":[\"https:\\\/\\\/www.facebook.com\\\/Radiio-Ljubuski-1490835324566332\",\"https:\\\/\\\/x.com\\\/radioljubuski\",\"https:\\\/\\\/hr.linkedin.com\\\/company\\\/radio-ljubuski\",\"https:\\\/\\\/www.youtube.com\\\/channel\\\/UCHYaeO_n0Db3tjNGudGpXyw\"]},{\"@type\":\"Person\",\"@id\":\"https:\\\/\\\/radioljubuski.ba\\\/#\\\/schema\\\/person\\\/19fc700381a780f69665d7956c469e3b\",\"name\":\"Radio Ljubu\u0161ki\"}]}<\/script>\n<!-- \/ Yoast SEO plugin. -->","yoast_head_json":{"title":"Chambery u posljednjim minutama slomio otpor Izvi\u0111a\u010da - RADIO LJUBU\u0160KI","robots":{"index":"index","follow":"follow","max-snippet":"max-snippet:-1","max-image-preview":"max-image-preview:large","max-video-preview":"max-video-preview:-1"},"canonical":"https:\/\/radioljubuski.ba\/index.php\/2023\/11\/22\/europska-liga-izvidac-veceras-gostuje-kod-francuskog-chamberyja\/","og_locale":"hr_HR","og_type":"article","og_title":"Chambery u posljednjim minutama slomio otpor Izvi\u0111a\u010da - RADIO LJUBU\u0160KI","og_description":"U susretu 4. kola EHF Europske lige aktualni rukometni prvak BiH Izvi\u0111a\u010d Agram je pora\u017een od Chamberyja u gostima rezultatom 30:34 (13:16).&nbsp; Izvi\u0111a\u010d je bolje otvorio susret i vodio sa 1:0, 2:1, 3:2 i 4:3. Nakon toga doma\u0107i prave seriju od 4:0 i odlaze na 7:4. Izvi\u0111a\u010d golovima Kova\u010da i D\u017eelilovi\u0107a smanjuje na 7:6. &nbsp;Na [&hellip;]","og_url":"https:\/\/radioljubuski.ba\/index.php\/2023\/11\/22\/europska-liga-izvidac-veceras-gostuje-kod-francuskog-chamberyja\/","og_site_name":"RADIO LJUBU\u0160KI","article_publisher":"https:\/\/www.facebook.com\/Radiio-Ljubuski-1490835324566332","article_published_time":"2023-11-22T08:03:06+00:00","article_modified_time":"2023-11-22T08:03:07+00:00","og_image":[{"width":1600,"height":1064,"url":"https:\/\/radioljubuski.ba\/wp-content\/uploads\/2023\/11\/404227982_940946877591969_2945848209461346078_n.jpg","type":"image\/jpeg"}],"author":"Radio Ljubu\u0161ki","twitter_card":"summary_large_image","twitter_creator":"@radioljubuski","twitter_site":"@radioljubuski","twitter_misc":{"Napisao\/la":"Radio Ljubu\u0161ki","Procijenjeno vrijeme \u010ditanja":"2 minute"},"schema":{"@context":"https:\/\/schema.org","@graph":[{"@type":"Article","@id":"https:\/\/radioljubuski.ba\/index.php\/2023\/11\/22\/europska-liga-izvidac-veceras-gostuje-kod-francuskog-chamberyja\/#article","isPartOf":{"@id":"https:\/\/radioljubuski.ba\/index.php\/2023\/11\/22\/europska-liga-izvidac-veceras-gostuje-kod-francuskog-chamberyja\/"},"author":{"name":"Radio Ljubu\u0161ki","@id":"https:\/\/radioljubuski.ba\/#\/schema\/person\/19fc700381a780f69665d7956c469e3b"},"headline":"Chambery u posljednjim minutama slomio otpor Izvi\u0111a\u010da","datePublished":"2023-11-22T08:03:06+00:00","dateModified":"2023-11-22T08:03:07+00:00","mainEntityOfPage":{"@id":"https:\/\/radioljubuski.ba\/index.php\/2023\/11\/22\/europska-liga-izvidac-veceras-gostuje-kod-francuskog-chamberyja\/"},"wordCount":294,"publisher":{"@id":"https:\/\/radioljubuski.ba\/#organization"},"image":{"@id":"https:\/\/radioljubuski.ba\/index.php\/2023\/11\/22\/europska-liga-izvidac-veceras-gostuje-kod-francuskog-chamberyja\/#primaryimage"},"thumbnailUrl":"https:\/\/radioljubuski.ba\/wp-content\/uploads\/2023\/11\/404227982_940946877591969_2945848209461346078_n.jpg","articleSection":["Novosti","\u0160port"],"inLanguage":"hr"},{"@type":"WebPage","@id":"https:\/\/radioljubuski.ba\/index.php\/2023\/11\/22\/europska-liga-izvidac-veceras-gostuje-kod-francuskog-chamberyja\/","url":"https:\/\/radioljubuski.ba\/index.php\/2023\/11\/22\/europska-liga-izvidac-veceras-gostuje-kod-francuskog-chamberyja\/","name":"Chambery u posljednjim minutama slomio otpor Izvi\u0111a\u010da - RADIO LJUBU\u0160KI","isPartOf":{"@id":"https:\/\/radioljubuski.ba\/#website"},"primaryImageOfPage":{"@id":"https:\/\/radioljubuski.ba\/index.php\/2023\/11\/22\/europska-liga-izvidac-veceras-gostuje-kod-francuskog-chamberyja\/#primaryimage"},"image":{"@id":"https:\/\/radioljubuski.ba\/index.php\/2023\/11\/22\/europska-liga-izvidac-veceras-gostuje-kod-francuskog-chamberyja\/#primaryimage"},"thumbnailUrl":"https:\/\/radioljubuski.ba\/wp-content\/uploads\/2023\/11\/404227982_940946877591969_2945848209461346078_n.jpg","datePublished":"2023-11-22T08:03:06+00:00","dateModified":"2023-11-22T08:03:07+00:00","breadcrumb":{"@id":"https:\/\/radioljubuski.ba\/index.php\/2023\/11\/22\/europska-liga-izvidac-veceras-gostuje-kod-francuskog-chamberyja\/#breadcrumb"},"inLanguage":"hr","potentialAction":[{"@type":"ReadAction","target":["https:\/\/radioljubuski.ba\/index.php\/2023\/11\/22\/europska-liga-izvidac-veceras-gostuje-kod-francuskog-chamberyja\/"]}]},{"@type":"ImageObject","inLanguage":"hr","@id":"https:\/\/radioljubuski.ba\/index.php\/2023\/11\/22\/europska-liga-izvidac-veceras-gostuje-kod-francuskog-chamberyja\/#primaryimage","url":"https:\/\/radioljubuski.ba\/wp-content\/uploads\/2023\/11\/404227982_940946877591969_2945848209461346078_n.jpg","contentUrl":"https:\/\/radioljubuski.ba\/wp-content\/uploads\/2023\/11\/404227982_940946877591969_2945848209461346078_n.jpg","width":1600,"height":1064},{"@type":"BreadcrumbList","@id":"https:\/\/radioljubuski.ba\/index.php\/2023\/11\/22\/europska-liga-izvidac-veceras-gostuje-kod-francuskog-chamberyja\/#breadcrumb","itemListElement":[{"@type":"ListItem","position":1,"name":"Po\u010detna stranica","item":"https:\/\/radioljubuski.ba\/"},{"@type":"ListItem","position":2,"name":"Chambery u posljednjim minutama slomio otpor Izvi\u0111a\u010da"}]},{"@type":"WebSite","@id":"https:\/\/radioljubuski.ba\/#website","url":"https:\/\/radioljubuski.ba\/","name":"Radio Ljubu\u0161ki","description":"Sun\u010dana frekvencija Hercegovine","publisher":{"@id":"https:\/\/radioljubuski.ba\/#organization"},"potentialAction":[{"@type":"SearchAction","target":{"@type":"EntryPoint","urlTemplate":"https:\/\/radioljubuski.ba\/?s={search_term_string}"},"query-input":{"@type":"PropertyValueSpecification","valueRequired":true,"valueName":"search_term_string"}}],"inLanguage":"hr"},{"@type":"Organization","@id":"https:\/\/radioljubuski.ba\/#organization","name":"Radio Ljubu\u0161ki","url":"https:\/\/radioljubuski.ba\/","logo":{"@type":"ImageObject","inLanguage":"hr","@id":"https:\/\/radioljubuski.ba\/#\/schema\/logo\/image\/","url":"https:\/\/radioljubuski.ba\/wp-content\/uploads\/2021\/02\/cropped-Radio_Ljubuski_logo1.jpg","contentUrl":"https:\/\/radioljubuski.ba\/wp-content\/uploads\/2021\/02\/cropped-Radio_Ljubuski_logo1.jpg","width":512,"height":512,"caption":"Radio Ljubu\u0161ki"},"image":{"@id":"https:\/\/radioljubuski.ba\/#\/schema\/logo\/image\/"},"sameAs":["https:\/\/www.facebook.com\/Radiio-Ljubuski-1490835324566332","https:\/\/x.com\/radioljubuski","https:\/\/hr.linkedin.com\/company\/radio-ljubuski","https:\/\/www.youtube.com\/channel\/UCHYaeO_n0Db3tjNGudGpXyw"]},{"@type":"Person","@id":"https:\/\/radioljubuski.ba\/#\/schema\/person\/19fc700381a780f69665d7956c469e3b","name":"Radio Ljubu\u0161ki"}]}},"_links":{"self":[{"href":"https:\/\/radioljubuski.ba\/index.php\/wp-json\/wp\/v2\/posts\/197749","targetHints":{"allow":["GET"]}}],"collection":[{"href":"https:\/\/radioljubuski.ba\/index.php\/wp-json\/wp\/v2\/posts"}],"about":[{"href":"https:\/\/radioljubuski.ba\/index.php\/wp-json\/wp\/v2\/types\/post"}],"author":[{"embeddable":true,"href":"https:\/\/radioljubuski.ba\/index.php\/wp-json\/wp\/v2\/users\/2"}],"replies":[{"embeddable":true,"href":"https:\/\/radioljubuski.ba\/index.php\/wp-json\/wp\/v2\/comments?post=197749"}],"version-history":[{"count":2,"href":"https:\/\/radioljubuski.ba\/index.php\/wp-json\/wp\/v2\/posts\/197749\/revisions"}],"predecessor-version":[{"id":197790,"href":"https:\/\/radioljubuski.ba\/index.php\/wp-json\/wp\/v2\/posts\/197749\/revisions\/197790"}],"wp:featuredmedia":[{"embeddable":true,"href":"https:\/\/radioljubuski.ba\/index.php\/wp-json\/wp\/v2\/media\/197750"}],"wp:attachment":[{"href":"https:\/\/radioljubuski.ba\/index.php\/wp-json\/wp\/v2\/media?parent=197749"}],"wp:term":[{"taxonomy":"category","embeddable":true,"href":"https:\/\/radioljubuski.ba\/index.php\/wp-json\/wp\/v2\/categories?post=197749"},{"taxonomy":"post_tag","embeddable":true,"href":"https:\/\/radioljubuski.ba\/index.php\/wp-json\/wp\/v2\/tags?post=197749"}],"curies":[{"name":"wp","href":"https:\/\/api.w.org\/{rel}","templated":true}]}}