{"id":197921,"date":"2023-11-29T11:07:28","date_gmt":"2023-11-29T10:07:28","guid":{"rendered":"https:\/\/radioljubuski.ba\/?p=197921"},"modified":"2025-04-14T11:08:57","modified_gmt":"2025-04-14T10:08:57","slug":"rlj-audiodobre-vijesti-za-umirovljenike-iz-ljubuskog","status":"publish","type":"post","link":"https:\/\/radioljubuski.ba\/index.php\/2023\/11\/29\/rlj-audiodobre-vijesti-za-umirovljenike-iz-ljubuskog\/","title":{"rendered":"RLj Audio:Dobre vijesti za umirovljenike iz Ljubu\u0161kog"},"content":{"rendered":"\n<p>Udruga umirovljenika Ljubu\u0161ki s novom predsjednicom Antonijom Tomi\u0107 najavljuje nove aktivnosti, tim povodom razgovarali smo s njom u programu Radija Ljubu\u0161ki.<\/p>\n\n\n\n<p>Iz razgovora izdvajamo:<\/p>\n\n\n\n<p>&#8220;Pred nama je puno aktivnosti koje planiramo realizirati, no za njih je potrebna pomo\u0107 i potpora, mogu najaviti dobru vijest za umirovljenike s podru\u010dja Grada Ljubu\u0161kog kako Grad Ljubu\u0161ki i ove godine priprema bo\u017ei\u0107nicu za njih, zahvaljuju\u0107i gradona\u010delniku Vedranu Markoti\u0107u i ove godine ona \u0107e se realizirati!&#8221; <\/p>\n\n\n\n<p>&#8220;U tijeku je  obnova prostorija na\u0161e udruge, kako bi na\u0161i umirovljenici dobili mjesto za dru\u017eenja i susrete, do zavr\u0161etka radova svi na\u0161i \u010dlanovi i oni koji se \u017eele u\u010dlaniti mogu kontaktirati broj <strong>063 600 244<\/strong>.&#8221;<\/p>\n\n\n\n<p>Istaknula je i kako &#8221; Udruga umirovljenika trenutno vr\u0161i upis novih \u010dlanova, imamo potpisane ugovore sa Reumalom Fojnica preko koje na\u0161i \u010dlanovi imaju popuste, od idu\u0107e godine postajemo sredi\u0161nje udru\u017eenje za na\u0161u \u017eupaniju, no za to su nam potrebna sredstva, stoga koristim priliku pozvati na\u0161e gospodarstvenike da nam daju podr\u0161ku kako bismo uspjeli u toj aktivnosti. &#8220;<\/p>\n\n\n\n<p>Cijeli razgovor s na\u0161om go\u0161\u0107om poslu\u0161ajte ovdje :<\/p>\n\n\n\n<p><\/p>\n\n\n\n<p><\/p>\n\n\n\n<p><\/p>\n\n\n\n<p><\/p>\n\n\n\n<iframe loading=\"lazy\" width=\"560\" height=\"315\" src=\"https:\/\/www.youtube.com\/embed\/0FQDnsObG0w?si=MNUCo9dYMGfdynrT\" title=\"YouTube video player\" frameborder=\"0\" allow=\"accelerometer; autoplay; clipboard-write; encrypted-media; gyroscope; picture-in-picture; web-share\" allowfullscreen><\/iframe>\n\n\n\n<p>Razgovarala. D.Mijatovi\u0107<\/p>\n","protected":false},"excerpt":{"rendered":"<p>Udruga umirovljenika Ljubu\u0161ki s novom predsjednicom Antonijom Tomi\u0107 najavljuje nove aktivnosti, tim povodom razgovarali smo s njom u programu Radija Ljubu\u0161ki. Iz razgovora izdvajamo: &#8220;Pred nama je puno aktivnosti koje planiramo realizirati, no za njih je potrebna pomo\u0107 i potpora, mogu najaviti dobru vijest za umirovljenike s podru\u010dja Grada Ljubu\u0161kog kako Grad Ljubu\u0161ki i ove [&hellip;]<\/p>\n","protected":false},"author":2,"featured_media":197922,"comment_status":"closed","ping_status":"closed","sticky":false,"template":"","format":"standard","meta":{"h5ap_radio_sources":[],"footnotes":""},"categories":[3,28,32],"tags":[],"class_list":["post-197921","post","type-post","status-publish","format-standard","has-post-thumbnail","hentry","category-ljubuski","category-novosti","category-poslusajte"],"yoast_head":"<!-- This site is optimized with the Yoast SEO plugin v27.4 - https:\/\/yoast.com\/product\/yoast-seo-wordpress\/ -->\n<title>RLj Audio:Dobre vijesti za umirovljenike iz Ljubu\u0161kog - RADIO LJUBU\u0160KI<\/title>\n<meta name=\"robots\" content=\"index, follow, max-snippet:-1, max-image-preview:large, max-video-preview:-1\" \/>\n<link rel=\"canonical\" href=\"https:\/\/radioljubuski.ba\/index.php\/2023\/11\/29\/rlj-audiodobre-vijesti-za-umirovljenike-iz-ljubuskog\/\" \/>\n<meta property=\"og:locale\" content=\"hr_HR\" \/>\n<meta property=\"og:type\" content=\"article\" \/>\n<meta property=\"og:title\" content=\"RLj Audio:Dobre vijesti za umirovljenike iz Ljubu\u0161kog - RADIO LJUBU\u0160KI\" \/>\n<meta property=\"og:description\" content=\"Udruga umirovljenika Ljubu\u0161ki s novom predsjednicom Antonijom Tomi\u0107 najavljuje nove aktivnosti, tim povodom razgovarali smo s njom u programu Radija Ljubu\u0161ki. Iz razgovora izdvajamo: &#8220;Pred nama je puno aktivnosti koje planiramo realizirati, no za njih je potrebna pomo\u0107 i potpora, mogu najaviti dobru vijest za umirovljenike s podru\u010dja Grada Ljubu\u0161kog kako Grad Ljubu\u0161ki i ove [&hellip;]\" \/>\n<meta property=\"og:url\" content=\"https:\/\/radioljubuski.ba\/index.php\/2023\/11\/29\/rlj-audiodobre-vijesti-za-umirovljenike-iz-ljubuskog\/\" \/>\n<meta property=\"og:site_name\" content=\"RADIO LJUBU\u0160KI\" \/>\n<meta property=\"article:publisher\" content=\"https:\/\/www.facebook.com\/Radiio-Ljubuski-1490835324566332\" \/>\n<meta property=\"article:published_time\" content=\"2023-11-29T10:07:28+00:00\" \/>\n<meta property=\"article:modified_time\" content=\"2025-04-14T10:08:57+00:00\" \/>\n<meta property=\"og:image\" content=\"https:\/\/radioljubuski.ba\/wp-content\/uploads\/2023\/11\/received_737902258194063-1.jpeg\" \/>\n\t<meta property=\"og:image:width\" content=\"1548\" \/>\n\t<meta property=\"og:image:height\" content=\"1161\" \/>\n\t<meta property=\"og:image:type\" content=\"image\/jpeg\" \/>\n<meta name=\"author\" content=\"Radio Ljubu\u0161ki\" \/>\n<meta name=\"twitter:card\" content=\"summary_large_image\" \/>\n<meta name=\"twitter:creator\" content=\"@radioljubuski\" \/>\n<meta name=\"twitter:site\" content=\"@radioljubuski\" \/>\n<meta name=\"twitter:label1\" content=\"Napisao\/la\" \/>\n\t<meta name=\"twitter:data1\" content=\"Radio Ljubu\u0161ki\" \/>\n\t<meta name=\"twitter:label2\" content=\"Procijenjeno vrijeme \u010ditanja\" \/>\n\t<meta name=\"twitter:data2\" content=\"1 minuta\" \/>\n<script type=\"application\/ld+json\" class=\"yoast-schema-graph\">{\"@context\":\"https:\\\/\\\/schema.org\",\"@graph\":[{\"@type\":\"Article\",\"@id\":\"https:\\\/\\\/radioljubuski.ba\\\/index.php\\\/2023\\\/11\\\/29\\\/rlj-audiodobre-vijesti-za-umirovljenike-iz-ljubuskog\\\/#article\",\"isPartOf\":{\"@id\":\"https:\\\/\\\/radioljubuski.ba\\\/index.php\\\/2023\\\/11\\\/29\\\/rlj-audiodobre-vijesti-za-umirovljenike-iz-ljubuskog\\\/\"},\"author\":{\"name\":\"Radio Ljubu\u0161ki\",\"@id\":\"https:\\\/\\\/radioljubuski.ba\\\/#\\\/schema\\\/person\\\/19fc700381a780f69665d7956c469e3b\"},\"headline\":\"RLj Audio:Dobre vijesti za umirovljenike iz Ljubu\u0161kog\",\"datePublished\":\"2023-11-29T10:07:28+00:00\",\"dateModified\":\"2025-04-14T10:08:57+00:00\",\"mainEntityOfPage\":{\"@id\":\"https:\\\/\\\/radioljubuski.ba\\\/index.php\\\/2023\\\/11\\\/29\\\/rlj-audiodobre-vijesti-za-umirovljenike-iz-ljubuskog\\\/\"},\"wordCount\":204,\"publisher\":{\"@id\":\"https:\\\/\\\/radioljubuski.ba\\\/#organization\"},\"image\":{\"@id\":\"https:\\\/\\\/radioljubuski.ba\\\/index.php\\\/2023\\\/11\\\/29\\\/rlj-audiodobre-vijesti-za-umirovljenike-iz-ljubuskog\\\/#primaryimage\"},\"thumbnailUrl\":\"https:\\\/\\\/radioljubuski.ba\\\/wp-content\\\/uploads\\\/2023\\\/11\\\/received_737902258194063-1.jpeg\",\"articleSection\":[\"Ljubu\u0161ki\",\"Novosti\",\"Poslu\u0161ajte\"],\"inLanguage\":\"hr\"},{\"@type\":\"WebPage\",\"@id\":\"https:\\\/\\\/radioljubuski.ba\\\/index.php\\\/2023\\\/11\\\/29\\\/rlj-audiodobre-vijesti-za-umirovljenike-iz-ljubuskog\\\/\",\"url\":\"https:\\\/\\\/radioljubuski.ba\\\/index.php\\\/2023\\\/11\\\/29\\\/rlj-audiodobre-vijesti-za-umirovljenike-iz-ljubuskog\\\/\",\"name\":\"RLj Audio:Dobre vijesti za umirovljenike iz Ljubu\u0161kog - RADIO LJUBU\u0160KI\",\"isPartOf\":{\"@id\":\"https:\\\/\\\/radioljubuski.ba\\\/#website\"},\"primaryImageOfPage\":{\"@id\":\"https:\\\/\\\/radioljubuski.ba\\\/index.php\\\/2023\\\/11\\\/29\\\/rlj-audiodobre-vijesti-za-umirovljenike-iz-ljubuskog\\\/#primaryimage\"},\"image\":{\"@id\":\"https:\\\/\\\/radioljubuski.ba\\\/index.php\\\/2023\\\/11\\\/29\\\/rlj-audiodobre-vijesti-za-umirovljenike-iz-ljubuskog\\\/#primaryimage\"},\"thumbnailUrl\":\"https:\\\/\\\/radioljubuski.ba\\\/wp-content\\\/uploads\\\/2023\\\/11\\\/received_737902258194063-1.jpeg\",\"datePublished\":\"2023-11-29T10:07:28+00:00\",\"dateModified\":\"2025-04-14T10:08:57+00:00\",\"breadcrumb\":{\"@id\":\"https:\\\/\\\/radioljubuski.ba\\\/index.php\\\/2023\\\/11\\\/29\\\/rlj-audiodobre-vijesti-za-umirovljenike-iz-ljubuskog\\\/#breadcrumb\"},\"inLanguage\":\"hr\",\"potentialAction\":[{\"@type\":\"ReadAction\",\"target\":[\"https:\\\/\\\/radioljubuski.ba\\\/index.php\\\/2023\\\/11\\\/29\\\/rlj-audiodobre-vijesti-za-umirovljenike-iz-ljubuskog\\\/\"]}]},{\"@type\":\"ImageObject\",\"inLanguage\":\"hr\",\"@id\":\"https:\\\/\\\/radioljubuski.ba\\\/index.php\\\/2023\\\/11\\\/29\\\/rlj-audiodobre-vijesti-za-umirovljenike-iz-ljubuskog\\\/#primaryimage\",\"url\":\"https:\\\/\\\/radioljubuski.ba\\\/wp-content\\\/uploads\\\/2023\\\/11\\\/received_737902258194063-1.jpeg\",\"contentUrl\":\"https:\\\/\\\/radioljubuski.ba\\\/wp-content\\\/uploads\\\/2023\\\/11\\\/received_737902258194063-1.jpeg\",\"width\":1548,\"height\":1161},{\"@type\":\"BreadcrumbList\",\"@id\":\"https:\\\/\\\/radioljubuski.ba\\\/index.php\\\/2023\\\/11\\\/29\\\/rlj-audiodobre-vijesti-za-umirovljenike-iz-ljubuskog\\\/#breadcrumb\",\"itemListElement\":[{\"@type\":\"ListItem\",\"position\":1,\"name\":\"Po\u010detna stranica\",\"item\":\"https:\\\/\\\/radioljubuski.ba\\\/\"},{\"@type\":\"ListItem\",\"position\":2,\"name\":\"RLj Audio:Dobre vijesti za umirovljenike iz Ljubu\u0161kog\"}]},{\"@type\":\"WebSite\",\"@id\":\"https:\\\/\\\/radioljubuski.ba\\\/#website\",\"url\":\"https:\\\/\\\/radioljubuski.ba\\\/\",\"name\":\"Radio Ljubu\u0161ki\",\"description\":\"Sun\u010dana frekvencija Hercegovine\",\"publisher\":{\"@id\":\"https:\\\/\\\/radioljubuski.ba\\\/#organization\"},\"potentialAction\":[{\"@type\":\"SearchAction\",\"target\":{\"@type\":\"EntryPoint\",\"urlTemplate\":\"https:\\\/\\\/radioljubuski.ba\\\/?s={search_term_string}\"},\"query-input\":{\"@type\":\"PropertyValueSpecification\",\"valueRequired\":true,\"valueName\":\"search_term_string\"}}],\"inLanguage\":\"hr\"},{\"@type\":\"Organization\",\"@id\":\"https:\\\/\\\/radioljubuski.ba\\\/#organization\",\"name\":\"Radio Ljubu\u0161ki\",\"url\":\"https:\\\/\\\/radioljubuski.ba\\\/\",\"logo\":{\"@type\":\"ImageObject\",\"inLanguage\":\"hr\",\"@id\":\"https:\\\/\\\/radioljubuski.ba\\\/#\\\/schema\\\/logo\\\/image\\\/\",\"url\":\"https:\\\/\\\/radioljubuski.ba\\\/wp-content\\\/uploads\\\/2021\\\/02\\\/cropped-Radio_Ljubuski_logo1.jpg\",\"contentUrl\":\"https:\\\/\\\/radioljubuski.ba\\\/wp-content\\\/uploads\\\/2021\\\/02\\\/cropped-Radio_Ljubuski_logo1.jpg\",\"width\":512,\"height\":512,\"caption\":\"Radio Ljubu\u0161ki\"},\"image\":{\"@id\":\"https:\\\/\\\/radioljubuski.ba\\\/#\\\/schema\\\/logo\\\/image\\\/\"},\"sameAs\":[\"https:\\\/\\\/www.facebook.com\\\/Radiio-Ljubuski-1490835324566332\",\"https:\\\/\\\/x.com\\\/radioljubuski\",\"https:\\\/\\\/hr.linkedin.com\\\/company\\\/radio-ljubuski\",\"https:\\\/\\\/www.youtube.com\\\/channel\\\/UCHYaeO_n0Db3tjNGudGpXyw\"]},{\"@type\":\"Person\",\"@id\":\"https:\\\/\\\/radioljubuski.ba\\\/#\\\/schema\\\/person\\\/19fc700381a780f69665d7956c469e3b\",\"name\":\"Radio Ljubu\u0161ki\"}]}<\/script>\n<!-- \/ Yoast SEO plugin. -->","yoast_head_json":{"title":"RLj Audio:Dobre vijesti za umirovljenike iz Ljubu\u0161kog - RADIO LJUBU\u0160KI","robots":{"index":"index","follow":"follow","max-snippet":"max-snippet:-1","max-image-preview":"max-image-preview:large","max-video-preview":"max-video-preview:-1"},"canonical":"https:\/\/radioljubuski.ba\/index.php\/2023\/11\/29\/rlj-audiodobre-vijesti-za-umirovljenike-iz-ljubuskog\/","og_locale":"hr_HR","og_type":"article","og_title":"RLj Audio:Dobre vijesti za umirovljenike iz Ljubu\u0161kog - RADIO LJUBU\u0160KI","og_description":"Udruga umirovljenika Ljubu\u0161ki s novom predsjednicom Antonijom Tomi\u0107 najavljuje nove aktivnosti, tim povodom razgovarali smo s njom u programu Radija Ljubu\u0161ki. Iz razgovora izdvajamo: &#8220;Pred nama je puno aktivnosti koje planiramo realizirati, no za njih je potrebna pomo\u0107 i potpora, mogu najaviti dobru vijest za umirovljenike s podru\u010dja Grada Ljubu\u0161kog kako Grad Ljubu\u0161ki i ove [&hellip;]","og_url":"https:\/\/radioljubuski.ba\/index.php\/2023\/11\/29\/rlj-audiodobre-vijesti-za-umirovljenike-iz-ljubuskog\/","og_site_name":"RADIO LJUBU\u0160KI","article_publisher":"https:\/\/www.facebook.com\/Radiio-Ljubuski-1490835324566332","article_published_time":"2023-11-29T10:07:28+00:00","article_modified_time":"2025-04-14T10:08:57+00:00","og_image":[{"width":1548,"height":1161,"url":"https:\/\/radioljubuski.ba\/wp-content\/uploads\/2023\/11\/received_737902258194063-1.jpeg","type":"image\/jpeg"}],"author":"Radio Ljubu\u0161ki","twitter_card":"summary_large_image","twitter_creator":"@radioljubuski","twitter_site":"@radioljubuski","twitter_misc":{"Napisao\/la":"Radio Ljubu\u0161ki","Procijenjeno vrijeme \u010ditanja":"1 minuta"},"schema":{"@context":"https:\/\/schema.org","@graph":[{"@type":"Article","@id":"https:\/\/radioljubuski.ba\/index.php\/2023\/11\/29\/rlj-audiodobre-vijesti-za-umirovljenike-iz-ljubuskog\/#article","isPartOf":{"@id":"https:\/\/radioljubuski.ba\/index.php\/2023\/11\/29\/rlj-audiodobre-vijesti-za-umirovljenike-iz-ljubuskog\/"},"author":{"name":"Radio Ljubu\u0161ki","@id":"https:\/\/radioljubuski.ba\/#\/schema\/person\/19fc700381a780f69665d7956c469e3b"},"headline":"RLj Audio:Dobre vijesti za umirovljenike iz Ljubu\u0161kog","datePublished":"2023-11-29T10:07:28+00:00","dateModified":"2025-04-14T10:08:57+00:00","mainEntityOfPage":{"@id":"https:\/\/radioljubuski.ba\/index.php\/2023\/11\/29\/rlj-audiodobre-vijesti-za-umirovljenike-iz-ljubuskog\/"},"wordCount":204,"publisher":{"@id":"https:\/\/radioljubuski.ba\/#organization"},"image":{"@id":"https:\/\/radioljubuski.ba\/index.php\/2023\/11\/29\/rlj-audiodobre-vijesti-za-umirovljenike-iz-ljubuskog\/#primaryimage"},"thumbnailUrl":"https:\/\/radioljubuski.ba\/wp-content\/uploads\/2023\/11\/received_737902258194063-1.jpeg","articleSection":["Ljubu\u0161ki","Novosti","Poslu\u0161ajte"],"inLanguage":"hr"},{"@type":"WebPage","@id":"https:\/\/radioljubuski.ba\/index.php\/2023\/11\/29\/rlj-audiodobre-vijesti-za-umirovljenike-iz-ljubuskog\/","url":"https:\/\/radioljubuski.ba\/index.php\/2023\/11\/29\/rlj-audiodobre-vijesti-za-umirovljenike-iz-ljubuskog\/","name":"RLj Audio:Dobre vijesti za umirovljenike iz Ljubu\u0161kog - RADIO LJUBU\u0160KI","isPartOf":{"@id":"https:\/\/radioljubuski.ba\/#website"},"primaryImageOfPage":{"@id":"https:\/\/radioljubuski.ba\/index.php\/2023\/11\/29\/rlj-audiodobre-vijesti-za-umirovljenike-iz-ljubuskog\/#primaryimage"},"image":{"@id":"https:\/\/radioljubuski.ba\/index.php\/2023\/11\/29\/rlj-audiodobre-vijesti-za-umirovljenike-iz-ljubuskog\/#primaryimage"},"thumbnailUrl":"https:\/\/radioljubuski.ba\/wp-content\/uploads\/2023\/11\/received_737902258194063-1.jpeg","datePublished":"2023-11-29T10:07:28+00:00","dateModified":"2025-04-14T10:08:57+00:00","breadcrumb":{"@id":"https:\/\/radioljubuski.ba\/index.php\/2023\/11\/29\/rlj-audiodobre-vijesti-za-umirovljenike-iz-ljubuskog\/#breadcrumb"},"inLanguage":"hr","potentialAction":[{"@type":"ReadAction","target":["https:\/\/radioljubuski.ba\/index.php\/2023\/11\/29\/rlj-audiodobre-vijesti-za-umirovljenike-iz-ljubuskog\/"]}]},{"@type":"ImageObject","inLanguage":"hr","@id":"https:\/\/radioljubuski.ba\/index.php\/2023\/11\/29\/rlj-audiodobre-vijesti-za-umirovljenike-iz-ljubuskog\/#primaryimage","url":"https:\/\/radioljubuski.ba\/wp-content\/uploads\/2023\/11\/received_737902258194063-1.jpeg","contentUrl":"https:\/\/radioljubuski.ba\/wp-content\/uploads\/2023\/11\/received_737902258194063-1.jpeg","width":1548,"height":1161},{"@type":"BreadcrumbList","@id":"https:\/\/radioljubuski.ba\/index.php\/2023\/11\/29\/rlj-audiodobre-vijesti-za-umirovljenike-iz-ljubuskog\/#breadcrumb","itemListElement":[{"@type":"ListItem","position":1,"name":"Po\u010detna stranica","item":"https:\/\/radioljubuski.ba\/"},{"@type":"ListItem","position":2,"name":"RLj Audio:Dobre vijesti za umirovljenike iz Ljubu\u0161kog"}]},{"@type":"WebSite","@id":"https:\/\/radioljubuski.ba\/#website","url":"https:\/\/radioljubuski.ba\/","name":"Radio Ljubu\u0161ki","description":"Sun\u010dana frekvencija Hercegovine","publisher":{"@id":"https:\/\/radioljubuski.ba\/#organization"},"potentialAction":[{"@type":"SearchAction","target":{"@type":"EntryPoint","urlTemplate":"https:\/\/radioljubuski.ba\/?s={search_term_string}"},"query-input":{"@type":"PropertyValueSpecification","valueRequired":true,"valueName":"search_term_string"}}],"inLanguage":"hr"},{"@type":"Organization","@id":"https:\/\/radioljubuski.ba\/#organization","name":"Radio Ljubu\u0161ki","url":"https:\/\/radioljubuski.ba\/","logo":{"@type":"ImageObject","inLanguage":"hr","@id":"https:\/\/radioljubuski.ba\/#\/schema\/logo\/image\/","url":"https:\/\/radioljubuski.ba\/wp-content\/uploads\/2021\/02\/cropped-Radio_Ljubuski_logo1.jpg","contentUrl":"https:\/\/radioljubuski.ba\/wp-content\/uploads\/2021\/02\/cropped-Radio_Ljubuski_logo1.jpg","width":512,"height":512,"caption":"Radio Ljubu\u0161ki"},"image":{"@id":"https:\/\/radioljubuski.ba\/#\/schema\/logo\/image\/"},"sameAs":["https:\/\/www.facebook.com\/Radiio-Ljubuski-1490835324566332","https:\/\/x.com\/radioljubuski","https:\/\/hr.linkedin.com\/company\/radio-ljubuski","https:\/\/www.youtube.com\/channel\/UCHYaeO_n0Db3tjNGudGpXyw"]},{"@type":"Person","@id":"https:\/\/radioljubuski.ba\/#\/schema\/person\/19fc700381a780f69665d7956c469e3b","name":"Radio Ljubu\u0161ki"}]}},"_links":{"self":[{"href":"https:\/\/radioljubuski.ba\/index.php\/wp-json\/wp\/v2\/posts\/197921","targetHints":{"allow":["GET"]}}],"collection":[{"href":"https:\/\/radioljubuski.ba\/index.php\/wp-json\/wp\/v2\/posts"}],"about":[{"href":"https:\/\/radioljubuski.ba\/index.php\/wp-json\/wp\/v2\/types\/post"}],"author":[{"embeddable":true,"href":"https:\/\/radioljubuski.ba\/index.php\/wp-json\/wp\/v2\/users\/2"}],"replies":[{"embeddable":true,"href":"https:\/\/radioljubuski.ba\/index.php\/wp-json\/wp\/v2\/comments?post=197921"}],"version-history":[{"count":5,"href":"https:\/\/radioljubuski.ba\/index.php\/wp-json\/wp\/v2\/posts\/197921\/revisions"}],"predecessor-version":[{"id":197930,"href":"https:\/\/radioljubuski.ba\/index.php\/wp-json\/wp\/v2\/posts\/197921\/revisions\/197930"}],"wp:featuredmedia":[{"embeddable":true,"href":"https:\/\/radioljubuski.ba\/index.php\/wp-json\/wp\/v2\/media\/197922"}],"wp:attachment":[{"href":"https:\/\/radioljubuski.ba\/index.php\/wp-json\/wp\/v2\/media?parent=197921"}],"wp:term":[{"taxonomy":"category","embeddable":true,"href":"https:\/\/radioljubuski.ba\/index.php\/wp-json\/wp\/v2\/categories?post=197921"},{"taxonomy":"post_tag","embeddable":true,"href":"https:\/\/radioljubuski.ba\/index.php\/wp-json\/wp\/v2\/tags?post=197921"}],"curies":[{"name":"wp","href":"https:\/\/api.w.org\/{rel}","templated":true}]}}