{"id":198059,"date":"2023-12-05T09:51:43","date_gmt":"2023-12-05T08:51:43","guid":{"rendered":"https:\/\/radioljubuski.ba\/?p=198059"},"modified":"2023-12-05T10:00:52","modified_gmt":"2023-12-05T09:00:52","slug":"ljubuski-otvorena-skupna-izlozba-slika","status":"publish","type":"post","link":"https:\/\/radioljubuski.ba\/index.php\/2023\/12\/05\/ljubuski-otvorena-skupna-izlozba-slika\/","title":{"rendered":"Ljubu\u0161ki: Otvorena skupna izlo\u017eba slika"},"content":{"rendered":"\n<p>Polaznici 11. ciklusa te\u010daja crtanja i slikanja pod vodstvom akademske slikarice Tamare Herceg predstavili su se ju\u010der doma\u0107oj publici skupnom izlo\u017ebom slika nastalih na te\u010daju odr\u017eanoj u velikoj dvorani hotela Bigeste.<\/p>\n\n\n\n<figure class=\"wp-block-gallery has-nested-images columns-default is-cropped wp-block-gallery-1 is-layout-flex wp-block-gallery-is-layout-flex\">\n<figure class=\"wp-block-image size-large\"><img loading=\"lazy\" decoding=\"async\" width=\"1024\" height=\"683\" data-id=\"198063\" src=\"https:\/\/radioljubuski.ba\/wp-content\/uploads\/2023\/12\/fotgrafija-broj-3-1024x683.jpg\" alt=\"\" class=\"wp-image-198063\" srcset=\"https:\/\/radioljubuski.ba\/wp-content\/uploads\/2023\/12\/fotgrafija-broj-3-1024x683.jpg 1024w, https:\/\/radioljubuski.ba\/wp-content\/uploads\/2023\/12\/fotgrafija-broj-3-300x200.jpg 300w, https:\/\/radioljubuski.ba\/wp-content\/uploads\/2023\/12\/fotgrafija-broj-3-768x512.jpg 768w, https:\/\/radioljubuski.ba\/wp-content\/uploads\/2023\/12\/fotgrafija-broj-3-1536x1025.jpg 1536w, https:\/\/radioljubuski.ba\/wp-content\/uploads\/2023\/12\/fotgrafija-broj-3-2048x1367.jpg 2048w, https:\/\/radioljubuski.ba\/wp-content\/uploads\/2023\/12\/fotgrafija-broj-3-18x12.jpg 18w\" sizes=\"auto, (max-width: 1024px) 100vw, 1024px\" \/><\/figure>\n<\/figure>\n\n\n\n<p>Posjetitelji su imali priliku vidjeti po dva djela 87 polaznika nastalih tijekom tromjese\u010dnog ciklusa, zanimljiva je \u010dinjenica da su polaznici te\u010daja svih dobnih uzrasta koji su ovom prilikom su pokazali kako dobne granice u ljubavi naspram likovnosti nema. U samom programu otvorenja u ime polaznika prisutne je pozdravila Ana Kravi\u0107 polaznica IV stupnja te\u010daja koja je istaknula kako je te\u010daj pro\u017eet veseljem i kreativno\u0161\u0107u. <\/p>\n\n\n\n<figure class=\"wp-block-gallery has-nested-images columns-default is-cropped wp-block-gallery-2 is-layout-flex wp-block-gallery-is-layout-flex\">\n<figure class=\"wp-block-image size-large\"><img loading=\"lazy\" decoding=\"async\" width=\"683\" height=\"1024\" data-id=\"198064\" src=\"https:\/\/radioljubuski.ba\/wp-content\/uploads\/2023\/12\/fotografija-broj-2-683x1024.jpg\" alt=\"\" class=\"wp-image-198064\" srcset=\"https:\/\/radioljubuski.ba\/wp-content\/uploads\/2023\/12\/fotografija-broj-2-683x1024.jpg 683w, https:\/\/radioljubuski.ba\/wp-content\/uploads\/2023\/12\/fotografija-broj-2-200x300.jpg 200w, https:\/\/radioljubuski.ba\/wp-content\/uploads\/2023\/12\/fotografija-broj-2-768x1151.jpg 768w, https:\/\/radioljubuski.ba\/wp-content\/uploads\/2023\/12\/fotografija-broj-2-1025x1536.jpg 1025w, https:\/\/radioljubuski.ba\/wp-content\/uploads\/2023\/12\/fotografija-broj-2-1367x2048.jpg 1367w, https:\/\/radioljubuski.ba\/wp-content\/uploads\/2023\/12\/fotografija-broj-2-8x12.jpg 8w, https:\/\/radioljubuski.ba\/wp-content\/uploads\/2023\/12\/fotografija-broj-2-scaled.jpg 1708w\" sizes=\"auto, (max-width: 683px) 100vw, 683px\" \/><\/figure>\n<\/figure>\n\n\n\n<figure class=\"wp-block-gallery has-nested-images columns-default is-cropped wp-block-gallery-3 is-layout-flex wp-block-gallery-is-layout-flex\">\n<figure class=\"wp-block-image size-large\"><img loading=\"lazy\" decoding=\"async\" width=\"1024\" height=\"683\" data-id=\"198066\" src=\"https:\/\/radioljubuski.ba\/wp-content\/uploads\/2023\/12\/fotografija-broj-1-1024x683.jpg\" alt=\"\" class=\"wp-image-198066\" srcset=\"https:\/\/radioljubuski.ba\/wp-content\/uploads\/2023\/12\/fotografija-broj-1-1024x683.jpg 1024w, https:\/\/radioljubuski.ba\/wp-content\/uploads\/2023\/12\/fotografija-broj-1-300x200.jpg 300w, https:\/\/radioljubuski.ba\/wp-content\/uploads\/2023\/12\/fotografija-broj-1-768x512.jpg 768w, https:\/\/radioljubuski.ba\/wp-content\/uploads\/2023\/12\/fotografija-broj-1-1536x1025.jpg 1536w, https:\/\/radioljubuski.ba\/wp-content\/uploads\/2023\/12\/fotografija-broj-1-2048x1367.jpg 2048w, https:\/\/radioljubuski.ba\/wp-content\/uploads\/2023\/12\/fotografija-broj-1-18x12.jpg 18w\" sizes=\"auto, (max-width: 1024px) 100vw, 1024px\" \/><\/figure>\n<\/figure>\n\n\n\n<p>Prigodne diplome po zavr\u0161enom stupnju dobio je svatko od polaznika, a oni koji su zavr\u0161ili V. stupanj prigodno su nagra\u0111eni od voditeljice te\u010daja Tamare Herceg buketom kistova i njenom umjetni\u010dkom slikom. Sama voditeljica te\u010daja uputila je zahvalu svim polaznicima, osobito onima koji dolaze iz susjednih mjesta \u010citluka, \u010capljine, Gruda, Plo\u010da , iskoristiv\u0161i prigodu naglasiti kako je raduje iznimno zanimanje za likovnost  koje ju je potaknulo da pokrene tematske jednodnevne radionice u ateljeu tijekom cijele godine.<\/p>\n\n\n\n<p> U ateljeu Tamare Herceg  zainteresirani tako mogu poha\u0111ati Adventski i sije\u010danjski program namijenjen za djecu i odrasle: od izrade prigodnih ukrasa, radionica za djecu i radionica za odrasle Art and Wine.   Ovu ve\u010der su svojim glazbenim nastupom uljep\u0161ali Ante Ere\u0161 i Davor Vasilj, program je vodila Bjanka Medi\u0107.<\/p>\n\n\n\n<blockquote class=\"instagram-media\" data-instgrm-captioned data-instgrm-permalink=\"https:\/\/www.instagram.com\/reel\/C0dq8haMyMz\/?utm_source=ig_embed&amp;utm_campaign=loading\" data-instgrm-version=\"14\" style=\" background:#FFF; border:0; border-radius:3px; box-shadow:0 0 1px 0 rgba(0,0,0,0.5),0 1px 10px 0 rgba(0,0,0,0.15); margin: 1px; max-width:540px; min-width:326px; padding:0; width:99.375%; width:-webkit-calc(100% - 2px); width:calc(100% - 2px);\"><div style=\"padding:16px;\"> <a href=\"https:\/\/www.instagram.com\/reel\/C0dq8haMyMz\/?utm_source=ig_embed&amp;utm_campaign=loading\" style=\" background:#FFFFFF; line-height:0; padding:0 0; text-align:center; text-decoration:none; width:100%;\" target=\"_blank\" rel=\"noopener\"> <div style=\" display: flex; flex-direction: row; align-items: center;\"> <div style=\"background-color: #F4F4F4; border-radius: 50%; flex-grow: 0; height: 40px; margin-right: 14px; width: 40px;\"><\/div> <div style=\"display: flex; flex-direction: column; flex-grow: 1; justify-content: center;\"> <div style=\" background-color: #F4F4F4; border-radius: 4px; flex-grow: 0; height: 14px; margin-bottom: 6px; width: 100px;\"><\/div> <div style=\" background-color: #F4F4F4; border-radius: 4px; flex-grow: 0; height: 14px; width: 60px;\"><\/div><\/div><\/div><div style=\"padding: 19% 0;\"><\/div> <div style=\"display:block; height:50px; margin:0 auto 12px; width:50px;\"><svg width=\"50px\" height=\"50px\" viewBox=\"0 0 60 60\" version=\"1.1\" xmlns=\"https:\/\/www.w3.org\/2000\/svg\" xmlns:xlink=\"https:\/\/www.w3.org\/1999\/xlink\"><g stroke=\"none\" stroke-width=\"1\" fill=\"none\" fill-rule=\"evenodd\"><g transform=\"translate(-511.000000, -20.000000)\" fill=\"#000000\"><g><path d=\"M556.869,30.41 C554.814,30.41 553.148,32.076 553.148,34.131 C553.148,36.186 554.814,37.852 556.869,37.852 C558.924,37.852 560.59,36.186 560.59,34.131 C560.59,32.076 558.924,30.41 556.869,30.41 M541,60.657 C535.114,60.657 530.342,55.887 530.342,50 C530.342,44.114 535.114,39.342 541,39.342 C546.887,39.342 551.658,44.114 551.658,50 C551.658,55.887 546.887,60.657 541,60.657 M541,33.886 C532.1,33.886 524.886,41.1 524.886,50 C524.886,58.899 532.1,66.113 541,66.113 C549.9,66.113 557.115,58.899 557.115,50 C557.115,41.1 549.9,33.886 541,33.886 M565.378,62.101 C565.244,65.022 564.756,66.606 564.346,67.663 C563.803,69.06 563.154,70.057 562.106,71.106 C561.058,72.155 560.06,72.803 558.662,73.347 C557.607,73.757 556.021,74.244 553.102,74.378 C549.944,74.521 548.997,74.552 541,74.552 C533.003,74.552 532.056,74.521 528.898,74.378 C525.979,74.244 524.393,73.757 523.338,73.347 C521.94,72.803 520.942,72.155 519.894,71.106 C518.846,70.057 518.197,69.06 517.654,67.663 C517.244,66.606 516.755,65.022 516.623,62.101 C516.479,58.943 516.448,57.996 516.448,50 C516.448,42.003 516.479,41.056 516.623,37.899 C516.755,34.978 517.244,33.391 517.654,32.338 C518.197,30.938 518.846,29.942 519.894,28.894 C520.942,27.846 521.94,27.196 523.338,26.654 C524.393,26.244 525.979,25.756 528.898,25.623 C532.057,25.479 533.004,25.448 541,25.448 C548.997,25.448 549.943,25.479 553.102,25.623 C556.021,25.756 557.607,26.244 558.662,26.654 C560.06,27.196 561.058,27.846 562.106,28.894 C563.154,29.942 563.803,30.938 564.346,32.338 C564.756,33.391 565.244,34.978 565.378,37.899 C565.522,41.056 565.552,42.003 565.552,50 C565.552,57.996 565.522,58.943 565.378,62.101 M570.82,37.631 C570.674,34.438 570.167,32.258 569.425,30.349 C568.659,28.377 567.633,26.702 565.965,25.035 C564.297,23.368 562.623,22.342 560.652,21.575 C558.743,20.834 556.562,20.326 553.369,20.18 C550.169,20.033 549.148,20 541,20 C532.853,20 531.831,20.033 528.631,20.18 C525.438,20.326 523.257,20.834 521.349,21.575 C519.376,22.342 517.703,23.368 516.035,25.035 C514.368,26.702 513.342,28.377 512.574,30.349 C511.834,32.258 511.326,34.438 511.181,37.631 C511.035,40.831 511,41.851 511,50 C511,58.147 511.035,59.17 511.181,62.369 C511.326,65.562 511.834,67.743 512.574,69.651 C513.342,71.625 514.368,73.296 516.035,74.965 C517.703,76.634 519.376,77.658 521.349,78.425 C523.257,79.167 525.438,79.673 528.631,79.82 C531.831,79.965 532.853,80.001 541,80.001 C549.148,80.001 550.169,79.965 553.369,79.82 C556.562,79.673 558.743,79.167 560.652,78.425 C562.623,77.658 564.297,76.634 565.965,74.965 C567.633,73.296 568.659,71.625 569.425,69.651 C570.167,67.743 570.674,65.562 570.82,62.369 C570.966,59.17 571,58.147 571,50 C571,41.851 570.966,40.831 570.82,37.631\"><\/path><\/g><\/g><\/g><\/svg><\/div><div style=\"padding-top: 8px;\"> <div style=\" color:#3897f0; font-family:Arial,sans-serif; font-size:14px; font-style:normal; font-weight:550; line-height:18px;\">Pogledajte ovu objavu na Instagramu.<\/div><\/div><div style=\"padding: 12.5% 0;\"><\/div> <div style=\"display: flex; flex-direction: row; margin-bottom: 14px; align-items: center;\"><div> <div style=\"background-color: #F4F4F4; border-radius: 50%; height: 12.5px; width: 12.5px; transform: translateX(0px) translateY(7px);\"><\/div> <div style=\"background-color: #F4F4F4; height: 12.5px; transform: rotate(-45deg) translateX(3px) translateY(1px); width: 12.5px; flex-grow: 0; margin-right: 14px; margin-left: 2px;\"><\/div> <div style=\"background-color: #F4F4F4; border-radius: 50%; height: 12.5px; width: 12.5px; transform: translateX(9px) translateY(-18px);\"><\/div><\/div><div style=\"margin-left: 8px;\"> <div style=\" background-color: #F4F4F4; border-radius: 50%; flex-grow: 0; height: 20px; width: 20px;\"><\/div> <div style=\" width: 0; height: 0; border-top: 2px solid transparent; border-left: 6px solid #f4f4f4; border-bottom: 2px solid transparent; transform: translateX(16px) translateY(-4px) rotate(30deg)\"><\/div><\/div><div style=\"margin-left: auto;\"> <div style=\" width: 0px; border-top: 8px solid #F4F4F4; border-right: 8px solid transparent; transform: translateY(16px);\"><\/div> <div style=\" background-color: #F4F4F4; flex-grow: 0; height: 12px; width: 16px; transform: translateY(-4px);\"><\/div> <div style=\" width: 0; height: 0; border-top: 8px solid #F4F4F4; border-left: 8px solid transparent; transform: translateY(-4px) translateX(8px);\"><\/div><\/div><\/div> <div style=\"display: flex; flex-direction: column; flex-grow: 1; justify-content: center; margin-bottom: 24px;\"> <div style=\" background-color: #F4F4F4; border-radius: 4px; flex-grow: 0; height: 14px; margin-bottom: 6px; width: 224px;\"><\/div> <div style=\" background-color: #F4F4F4; border-radius: 4px; flex-grow: 0; height: 14px; width: 144px;\"><\/div><\/div><\/a><p style=\" color:#c9c8cd; font-family:Arial,sans-serif; font-size:14px; line-height:17px; margin-bottom:0; margin-top:8px; overflow:hidden; padding:8px 0 7px; text-align:center; text-overflow:ellipsis; white-space:nowrap;\"><a href=\"https:\/\/www.instagram.com\/reel\/C0dq8haMyMz\/?utm_source=ig_embed&amp;utm_campaign=loading\" style=\" color:#c9c8cd; font-family:Arial,sans-serif; font-size:14px; font-style:normal; font-weight:normal; line-height:17px; text-decoration:none;\" target=\"_blank\" rel=\"noopener\">Objavu dijeli Radio Ljubu\u0161ki\ud83d\udcfb (@radio_ljubuski)<\/a><\/p><\/div><\/blockquote> <script async src=\"\/\/www.instagram.com\/embed.js\"><\/script>\n\n\n\n<p><\/p>\n","protected":false},"excerpt":{"rendered":"<p>Polaznici 11. ciklusa te\u010daja crtanja i slikanja pod vodstvom akademske slikarice Tamare Herceg predstavili su se ju\u010der doma\u0107oj publici skupnom izlo\u017ebom slika nastalih na te\u010daju odr\u017eanoj u velikoj dvorani hotela Bigeste. Posjetitelji su imali priliku vidjeti po dva djela 87 polaznika nastalih tijekom tromjese\u010dnog ciklusa, zanimljiva je \u010dinjenica da su polaznici te\u010daja svih dobnih uzrasta [&hellip;]<\/p>\n","protected":false},"author":2,"featured_media":198062,"comment_status":"closed","ping_status":"closed","sticky":false,"template":"","format":"standard","meta":{"h5ap_radio_sources":[],"footnotes":""},"categories":[28],"tags":[],"class_list":["post-198059","post","type-post","status-publish","format-standard","has-post-thumbnail","hentry","category-novosti"],"yoast_head":"<!-- This site is optimized with the Yoast SEO plugin v27.4 - https:\/\/yoast.com\/product\/yoast-seo-wordpress\/ -->\n<title>Ljubu\u0161ki: Otvorena skupna izlo\u017eba slika - RADIO LJUBU\u0160KI<\/title>\n<meta name=\"robots\" content=\"index, follow, max-snippet:-1, max-image-preview:large, max-video-preview:-1\" \/>\n<link rel=\"canonical\" href=\"https:\/\/radioljubuski.ba\/index.php\/2023\/12\/05\/ljubuski-otvorena-skupna-izlozba-slika\/\" \/>\n<meta property=\"og:locale\" content=\"hr_HR\" \/>\n<meta property=\"og:type\" content=\"article\" \/>\n<meta property=\"og:title\" content=\"Ljubu\u0161ki: Otvorena skupna izlo\u017eba slika - RADIO LJUBU\u0160KI\" \/>\n<meta property=\"og:description\" content=\"Polaznici 11. ciklusa te\u010daja crtanja i slikanja pod vodstvom akademske slikarice Tamare Herceg predstavili su se ju\u010der doma\u0107oj publici skupnom izlo\u017ebom slika nastalih na te\u010daju odr\u017eanoj u velikoj dvorani hotela Bigeste. Posjetitelji su imali priliku vidjeti po dva djela 87 polaznika nastalih tijekom tromjese\u010dnog ciklusa, zanimljiva je \u010dinjenica da su polaznici te\u010daja svih dobnih uzrasta [&hellip;]\" \/>\n<meta property=\"og:url\" content=\"https:\/\/radioljubuski.ba\/index.php\/2023\/12\/05\/ljubuski-otvorena-skupna-izlozba-slika\/\" \/>\n<meta property=\"og:site_name\" content=\"RADIO LJUBU\u0160KI\" \/>\n<meta property=\"article:publisher\" content=\"https:\/\/www.facebook.com\/Radiio-Ljubuski-1490835324566332\" \/>\n<meta property=\"article:published_time\" content=\"2023-12-05T08:51:43+00:00\" \/>\n<meta property=\"article:modified_time\" content=\"2023-12-05T09:00:52+00:00\" \/>\n<meta property=\"og:image\" content=\"https:\/\/radioljubuski.ba\/wp-content\/uploads\/2023\/12\/naslovna-fotografija--scaled.jpg\" \/>\n\t<meta property=\"og:image:width\" content=\"2560\" \/>\n\t<meta property=\"og:image:height\" content=\"1708\" \/>\n\t<meta property=\"og:image:type\" content=\"image\/jpeg\" \/>\n<meta name=\"author\" content=\"Radio Ljubu\u0161ki\" \/>\n<meta name=\"twitter:card\" content=\"summary_large_image\" \/>\n<meta name=\"twitter:creator\" content=\"@radioljubuski\" \/>\n<meta name=\"twitter:site\" content=\"@radioljubuski\" \/>\n<meta name=\"twitter:label1\" content=\"Napisao\/la\" \/>\n\t<meta name=\"twitter:data1\" content=\"Radio Ljubu\u0161ki\" \/>\n\t<meta name=\"twitter:label2\" content=\"Procijenjeno vrijeme \u010ditanja\" \/>\n\t<meta name=\"twitter:data2\" content=\"2 minute\" \/>\n<script type=\"application\/ld+json\" class=\"yoast-schema-graph\">{\"@context\":\"https:\\\/\\\/schema.org\",\"@graph\":[{\"@type\":\"Article\",\"@id\":\"https:\\\/\\\/radioljubuski.ba\\\/index.php\\\/2023\\\/12\\\/05\\\/ljubuski-otvorena-skupna-izlozba-slika\\\/#article\",\"isPartOf\":{\"@id\":\"https:\\\/\\\/radioljubuski.ba\\\/index.php\\\/2023\\\/12\\\/05\\\/ljubuski-otvorena-skupna-izlozba-slika\\\/\"},\"author\":{\"name\":\"Radio Ljubu\u0161ki\",\"@id\":\"https:\\\/\\\/radioljubuski.ba\\\/#\\\/schema\\\/person\\\/19fc700381a780f69665d7956c469e3b\"},\"headline\":\"Ljubu\u0161ki: Otvorena skupna izlo\u017eba slika\",\"datePublished\":\"2023-12-05T08:51:43+00:00\",\"dateModified\":\"2023-12-05T09:00:52+00:00\",\"mainEntityOfPage\":{\"@id\":\"https:\\\/\\\/radioljubuski.ba\\\/index.php\\\/2023\\\/12\\\/05\\\/ljubuski-otvorena-skupna-izlozba-slika\\\/\"},\"wordCount\":258,\"publisher\":{\"@id\":\"https:\\\/\\\/radioljubuski.ba\\\/#organization\"},\"image\":{\"@id\":\"https:\\\/\\\/radioljubuski.ba\\\/index.php\\\/2023\\\/12\\\/05\\\/ljubuski-otvorena-skupna-izlozba-slika\\\/#primaryimage\"},\"thumbnailUrl\":\"https:\\\/\\\/radioljubuski.ba\\\/wp-content\\\/uploads\\\/2023\\\/12\\\/naslovna-fotografija--scaled.jpg\",\"articleSection\":[\"Novosti\"],\"inLanguage\":\"hr\"},{\"@type\":\"WebPage\",\"@id\":\"https:\\\/\\\/radioljubuski.ba\\\/index.php\\\/2023\\\/12\\\/05\\\/ljubuski-otvorena-skupna-izlozba-slika\\\/\",\"url\":\"https:\\\/\\\/radioljubuski.ba\\\/index.php\\\/2023\\\/12\\\/05\\\/ljubuski-otvorena-skupna-izlozba-slika\\\/\",\"name\":\"Ljubu\u0161ki: Otvorena skupna izlo\u017eba slika - RADIO LJUBU\u0160KI\",\"isPartOf\":{\"@id\":\"https:\\\/\\\/radioljubuski.ba\\\/#website\"},\"primaryImageOfPage\":{\"@id\":\"https:\\\/\\\/radioljubuski.ba\\\/index.php\\\/2023\\\/12\\\/05\\\/ljubuski-otvorena-skupna-izlozba-slika\\\/#primaryimage\"},\"image\":{\"@id\":\"https:\\\/\\\/radioljubuski.ba\\\/index.php\\\/2023\\\/12\\\/05\\\/ljubuski-otvorena-skupna-izlozba-slika\\\/#primaryimage\"},\"thumbnailUrl\":\"https:\\\/\\\/radioljubuski.ba\\\/wp-content\\\/uploads\\\/2023\\\/12\\\/naslovna-fotografija--scaled.jpg\",\"datePublished\":\"2023-12-05T08:51:43+00:00\",\"dateModified\":\"2023-12-05T09:00:52+00:00\",\"breadcrumb\":{\"@id\":\"https:\\\/\\\/radioljubuski.ba\\\/index.php\\\/2023\\\/12\\\/05\\\/ljubuski-otvorena-skupna-izlozba-slika\\\/#breadcrumb\"},\"inLanguage\":\"hr\",\"potentialAction\":[{\"@type\":\"ReadAction\",\"target\":[\"https:\\\/\\\/radioljubuski.ba\\\/index.php\\\/2023\\\/12\\\/05\\\/ljubuski-otvorena-skupna-izlozba-slika\\\/\"]}]},{\"@type\":\"ImageObject\",\"inLanguage\":\"hr\",\"@id\":\"https:\\\/\\\/radioljubuski.ba\\\/index.php\\\/2023\\\/12\\\/05\\\/ljubuski-otvorena-skupna-izlozba-slika\\\/#primaryimage\",\"url\":\"https:\\\/\\\/radioljubuski.ba\\\/wp-content\\\/uploads\\\/2023\\\/12\\\/naslovna-fotografija--scaled.jpg\",\"contentUrl\":\"https:\\\/\\\/radioljubuski.ba\\\/wp-content\\\/uploads\\\/2023\\\/12\\\/naslovna-fotografija--scaled.jpg\",\"width\":2560,\"height\":1708},{\"@type\":\"BreadcrumbList\",\"@id\":\"https:\\\/\\\/radioljubuski.ba\\\/index.php\\\/2023\\\/12\\\/05\\\/ljubuski-otvorena-skupna-izlozba-slika\\\/#breadcrumb\",\"itemListElement\":[{\"@type\":\"ListItem\",\"position\":1,\"name\":\"Po\u010detna stranica\",\"item\":\"https:\\\/\\\/radioljubuski.ba\\\/\"},{\"@type\":\"ListItem\",\"position\":2,\"name\":\"Ljubu\u0161ki: Otvorena skupna izlo\u017eba slika\"}]},{\"@type\":\"WebSite\",\"@id\":\"https:\\\/\\\/radioljubuski.ba\\\/#website\",\"url\":\"https:\\\/\\\/radioljubuski.ba\\\/\",\"name\":\"Radio Ljubu\u0161ki\",\"description\":\"Sun\u010dana frekvencija Hercegovine\",\"publisher\":{\"@id\":\"https:\\\/\\\/radioljubuski.ba\\\/#organization\"},\"potentialAction\":[{\"@type\":\"SearchAction\",\"target\":{\"@type\":\"EntryPoint\",\"urlTemplate\":\"https:\\\/\\\/radioljubuski.ba\\\/?s={search_term_string}\"},\"query-input\":{\"@type\":\"PropertyValueSpecification\",\"valueRequired\":true,\"valueName\":\"search_term_string\"}}],\"inLanguage\":\"hr\"},{\"@type\":\"Organization\",\"@id\":\"https:\\\/\\\/radioljubuski.ba\\\/#organization\",\"name\":\"Radio Ljubu\u0161ki\",\"url\":\"https:\\\/\\\/radioljubuski.ba\\\/\",\"logo\":{\"@type\":\"ImageObject\",\"inLanguage\":\"hr\",\"@id\":\"https:\\\/\\\/radioljubuski.ba\\\/#\\\/schema\\\/logo\\\/image\\\/\",\"url\":\"https:\\\/\\\/radioljubuski.ba\\\/wp-content\\\/uploads\\\/2021\\\/02\\\/cropped-Radio_Ljubuski_logo1.jpg\",\"contentUrl\":\"https:\\\/\\\/radioljubuski.ba\\\/wp-content\\\/uploads\\\/2021\\\/02\\\/cropped-Radio_Ljubuski_logo1.jpg\",\"width\":512,\"height\":512,\"caption\":\"Radio Ljubu\u0161ki\"},\"image\":{\"@id\":\"https:\\\/\\\/radioljubuski.ba\\\/#\\\/schema\\\/logo\\\/image\\\/\"},\"sameAs\":[\"https:\\\/\\\/www.facebook.com\\\/Radiio-Ljubuski-1490835324566332\",\"https:\\\/\\\/x.com\\\/radioljubuski\",\"https:\\\/\\\/hr.linkedin.com\\\/company\\\/radio-ljubuski\",\"https:\\\/\\\/www.youtube.com\\\/channel\\\/UCHYaeO_n0Db3tjNGudGpXyw\"]},{\"@type\":\"Person\",\"@id\":\"https:\\\/\\\/radioljubuski.ba\\\/#\\\/schema\\\/person\\\/19fc700381a780f69665d7956c469e3b\",\"name\":\"Radio Ljubu\u0161ki\"}]}<\/script>\n<!-- \/ Yoast SEO plugin. -->","yoast_head_json":{"title":"Ljubu\u0161ki: Otvorena skupna izlo\u017eba slika - RADIO LJUBU\u0160KI","robots":{"index":"index","follow":"follow","max-snippet":"max-snippet:-1","max-image-preview":"max-image-preview:large","max-video-preview":"max-video-preview:-1"},"canonical":"https:\/\/radioljubuski.ba\/index.php\/2023\/12\/05\/ljubuski-otvorena-skupna-izlozba-slika\/","og_locale":"hr_HR","og_type":"article","og_title":"Ljubu\u0161ki: Otvorena skupna izlo\u017eba slika - RADIO LJUBU\u0160KI","og_description":"Polaznici 11. ciklusa te\u010daja crtanja i slikanja pod vodstvom akademske slikarice Tamare Herceg predstavili su se ju\u010der doma\u0107oj publici skupnom izlo\u017ebom slika nastalih na te\u010daju odr\u017eanoj u velikoj dvorani hotela Bigeste. Posjetitelji su imali priliku vidjeti po dva djela 87 polaznika nastalih tijekom tromjese\u010dnog ciklusa, zanimljiva je \u010dinjenica da su polaznici te\u010daja svih dobnih uzrasta [&hellip;]","og_url":"https:\/\/radioljubuski.ba\/index.php\/2023\/12\/05\/ljubuski-otvorena-skupna-izlozba-slika\/","og_site_name":"RADIO LJUBU\u0160KI","article_publisher":"https:\/\/www.facebook.com\/Radiio-Ljubuski-1490835324566332","article_published_time":"2023-12-05T08:51:43+00:00","article_modified_time":"2023-12-05T09:00:52+00:00","og_image":[{"width":2560,"height":1708,"url":"https:\/\/radioljubuski.ba\/wp-content\/uploads\/2023\/12\/naslovna-fotografija--scaled.jpg","type":"image\/jpeg"}],"author":"Radio Ljubu\u0161ki","twitter_card":"summary_large_image","twitter_creator":"@radioljubuski","twitter_site":"@radioljubuski","twitter_misc":{"Napisao\/la":"Radio Ljubu\u0161ki","Procijenjeno vrijeme \u010ditanja":"2 minute"},"schema":{"@context":"https:\/\/schema.org","@graph":[{"@type":"Article","@id":"https:\/\/radioljubuski.ba\/index.php\/2023\/12\/05\/ljubuski-otvorena-skupna-izlozba-slika\/#article","isPartOf":{"@id":"https:\/\/radioljubuski.ba\/index.php\/2023\/12\/05\/ljubuski-otvorena-skupna-izlozba-slika\/"},"author":{"name":"Radio Ljubu\u0161ki","@id":"https:\/\/radioljubuski.ba\/#\/schema\/person\/19fc700381a780f69665d7956c469e3b"},"headline":"Ljubu\u0161ki: Otvorena skupna izlo\u017eba slika","datePublished":"2023-12-05T08:51:43+00:00","dateModified":"2023-12-05T09:00:52+00:00","mainEntityOfPage":{"@id":"https:\/\/radioljubuski.ba\/index.php\/2023\/12\/05\/ljubuski-otvorena-skupna-izlozba-slika\/"},"wordCount":258,"publisher":{"@id":"https:\/\/radioljubuski.ba\/#organization"},"image":{"@id":"https:\/\/radioljubuski.ba\/index.php\/2023\/12\/05\/ljubuski-otvorena-skupna-izlozba-slika\/#primaryimage"},"thumbnailUrl":"https:\/\/radioljubuski.ba\/wp-content\/uploads\/2023\/12\/naslovna-fotografija--scaled.jpg","articleSection":["Novosti"],"inLanguage":"hr"},{"@type":"WebPage","@id":"https:\/\/radioljubuski.ba\/index.php\/2023\/12\/05\/ljubuski-otvorena-skupna-izlozba-slika\/","url":"https:\/\/radioljubuski.ba\/index.php\/2023\/12\/05\/ljubuski-otvorena-skupna-izlozba-slika\/","name":"Ljubu\u0161ki: Otvorena skupna izlo\u017eba slika - RADIO LJUBU\u0160KI","isPartOf":{"@id":"https:\/\/radioljubuski.ba\/#website"},"primaryImageOfPage":{"@id":"https:\/\/radioljubuski.ba\/index.php\/2023\/12\/05\/ljubuski-otvorena-skupna-izlozba-slika\/#primaryimage"},"image":{"@id":"https:\/\/radioljubuski.ba\/index.php\/2023\/12\/05\/ljubuski-otvorena-skupna-izlozba-slika\/#primaryimage"},"thumbnailUrl":"https:\/\/radioljubuski.ba\/wp-content\/uploads\/2023\/12\/naslovna-fotografija--scaled.jpg","datePublished":"2023-12-05T08:51:43+00:00","dateModified":"2023-12-05T09:00:52+00:00","breadcrumb":{"@id":"https:\/\/radioljubuski.ba\/index.php\/2023\/12\/05\/ljubuski-otvorena-skupna-izlozba-slika\/#breadcrumb"},"inLanguage":"hr","potentialAction":[{"@type":"ReadAction","target":["https:\/\/radioljubuski.ba\/index.php\/2023\/12\/05\/ljubuski-otvorena-skupna-izlozba-slika\/"]}]},{"@type":"ImageObject","inLanguage":"hr","@id":"https:\/\/radioljubuski.ba\/index.php\/2023\/12\/05\/ljubuski-otvorena-skupna-izlozba-slika\/#primaryimage","url":"https:\/\/radioljubuski.ba\/wp-content\/uploads\/2023\/12\/naslovna-fotografija--scaled.jpg","contentUrl":"https:\/\/radioljubuski.ba\/wp-content\/uploads\/2023\/12\/naslovna-fotografija--scaled.jpg","width":2560,"height":1708},{"@type":"BreadcrumbList","@id":"https:\/\/radioljubuski.ba\/index.php\/2023\/12\/05\/ljubuski-otvorena-skupna-izlozba-slika\/#breadcrumb","itemListElement":[{"@type":"ListItem","position":1,"name":"Po\u010detna stranica","item":"https:\/\/radioljubuski.ba\/"},{"@type":"ListItem","position":2,"name":"Ljubu\u0161ki: Otvorena skupna izlo\u017eba slika"}]},{"@type":"WebSite","@id":"https:\/\/radioljubuski.ba\/#website","url":"https:\/\/radioljubuski.ba\/","name":"Radio Ljubu\u0161ki","description":"Sun\u010dana frekvencija Hercegovine","publisher":{"@id":"https:\/\/radioljubuski.ba\/#organization"},"potentialAction":[{"@type":"SearchAction","target":{"@type":"EntryPoint","urlTemplate":"https:\/\/radioljubuski.ba\/?s={search_term_string}"},"query-input":{"@type":"PropertyValueSpecification","valueRequired":true,"valueName":"search_term_string"}}],"inLanguage":"hr"},{"@type":"Organization","@id":"https:\/\/radioljubuski.ba\/#organization","name":"Radio Ljubu\u0161ki","url":"https:\/\/radioljubuski.ba\/","logo":{"@type":"ImageObject","inLanguage":"hr","@id":"https:\/\/radioljubuski.ba\/#\/schema\/logo\/image\/","url":"https:\/\/radioljubuski.ba\/wp-content\/uploads\/2021\/02\/cropped-Radio_Ljubuski_logo1.jpg","contentUrl":"https:\/\/radioljubuski.ba\/wp-content\/uploads\/2021\/02\/cropped-Radio_Ljubuski_logo1.jpg","width":512,"height":512,"caption":"Radio Ljubu\u0161ki"},"image":{"@id":"https:\/\/radioljubuski.ba\/#\/schema\/logo\/image\/"},"sameAs":["https:\/\/www.facebook.com\/Radiio-Ljubuski-1490835324566332","https:\/\/x.com\/radioljubuski","https:\/\/hr.linkedin.com\/company\/radio-ljubuski","https:\/\/www.youtube.com\/channel\/UCHYaeO_n0Db3tjNGudGpXyw"]},{"@type":"Person","@id":"https:\/\/radioljubuski.ba\/#\/schema\/person\/19fc700381a780f69665d7956c469e3b","name":"Radio Ljubu\u0161ki"}]}},"_links":{"self":[{"href":"https:\/\/radioljubuski.ba\/index.php\/wp-json\/wp\/v2\/posts\/198059","targetHints":{"allow":["GET"]}}],"collection":[{"href":"https:\/\/radioljubuski.ba\/index.php\/wp-json\/wp\/v2\/posts"}],"about":[{"href":"https:\/\/radioljubuski.ba\/index.php\/wp-json\/wp\/v2\/types\/post"}],"author":[{"embeddable":true,"href":"https:\/\/radioljubuski.ba\/index.php\/wp-json\/wp\/v2\/users\/2"}],"replies":[{"embeddable":true,"href":"https:\/\/radioljubuski.ba\/index.php\/wp-json\/wp\/v2\/comments?post=198059"}],"version-history":[{"count":5,"href":"https:\/\/radioljubuski.ba\/index.php\/wp-json\/wp\/v2\/posts\/198059\/revisions"}],"predecessor-version":[{"id":198073,"href":"https:\/\/radioljubuski.ba\/index.php\/wp-json\/wp\/v2\/posts\/198059\/revisions\/198073"}],"wp:featuredmedia":[{"embeddable":true,"href":"https:\/\/radioljubuski.ba\/index.php\/wp-json\/wp\/v2\/media\/198062"}],"wp:attachment":[{"href":"https:\/\/radioljubuski.ba\/index.php\/wp-json\/wp\/v2\/media?parent=198059"}],"wp:term":[{"taxonomy":"category","embeddable":true,"href":"https:\/\/radioljubuski.ba\/index.php\/wp-json\/wp\/v2\/categories?post=198059"},{"taxonomy":"post_tag","embeddable":true,"href":"https:\/\/radioljubuski.ba\/index.php\/wp-json\/wp\/v2\/tags?post=198059"}],"curies":[{"name":"wp","href":"https:\/\/api.w.org\/{rel}","templated":true}]}}