{"id":198256,"date":"2023-12-08T14:44:03","date_gmt":"2023-12-08T13:44:03","guid":{"rendered":"https:\/\/radioljubuski.ba\/?p=198256"},"modified":"2023-12-08T14:44:04","modified_gmt":"2023-12-08T13:44:04","slug":"zakljucak-o-stavljanju-nacrta-odluke-o-proracunu-grada-ljubuskog-za-2024-godinu-na-javnu-raspravu","status":"publish","type":"post","link":"https:\/\/radioljubuski.ba\/index.php\/2023\/12\/08\/zakljucak-o-stavljanju-nacrta-odluke-o-proracunu-grada-ljubuskog-za-2024-godinu-na-javnu-raspravu\/","title":{"rendered":"Zaklju\u010dak o stavljanju nacrta Odluke o Prora\u010dunu Grada Ljubu\u0161kog za 2024. godinu na javnu raspravu"},"content":{"rendered":"\n<p>Na temelju \u010dlanka 131. Statuta Grada Ljubu\u0161kog ( \u201cSlu\u017ebeni glasnik Grada Ljubu\u0161kog\u201d, broj: 6\/19), Gradsko vije\u0107e Ljubu\u0161ki Gradsko vije\u0107e Ljubu\u0161ki na XXX. sjednici odr\u017eanoj 8. 12. 2023. godine, d o n o s i<\/p>\n\n\n\n<p><strong>ZAKLJU\u010cAK<\/strong><br><strong>o stavljanju nacrta Odluke o Prora\u010dunu grada Ljubu\u0161kog za 2024. godinu na javnu raspravu<\/strong><\/p>\n\n\n\n<p>I.<br>Predlo\u017eeni nacrt Odluke o Prora\u010dunu grada Ljubu\u0161kog za 2024. godinu \u0107e biti objavljen na slu\u017ebenoj web-stranici Grada Ljubu\u0161kog za \u010diju objavu se zadu\u017euje Slu\u017eba za riznicu,ra\u010dunovodstvo i financije grada Ljubu\u0161kog najkasnije odmah po zavr\u0161etku sjednice Gradskog vije\u0107a.<br>Sudionici javne rasprave pisane materijale nacrta Odluke o Prora\u010dunu grada Ljubu\u0161kog za 2024. godinu mo\u0107i \u0107e preuzeti u prostorijama Slu\u017ebe za riznicu,ra\u010dunovodstvo i financije grada Ljubu\u0161kog, svakim radnim danom do zavr\u0161etka javne rasprave.<\/p>\n\n\n\n<p>II.<br>Za nositelja aktivnosti u svezi organiziranja i vo\u0111enja javne rasprave zadu\u017euje se Slu\u017eba za riznicu,ra\u010dunovodstvo i financije grada Ljubu\u0161kog.<\/p>\n\n\n\n<p>III.<br>U javnoj raspravi sudjeluju uz predlaga\u010da nacrta odluke o Prora\u010dunu i svi zainteresirani gra\u0111ani grada Ljubu\u0161kog, napose oni na koje se predlo\u017eeni nacrt Prora\u010duna za 2024. godinu direktno odnosi (predstavnici javnih poduze\u0107a i ustanova, mjesnih zajednica, udruga gra\u0111ana i nevladinih organizacija).<\/p>\n\n\n\n<p>IV.<br>Rok za provo\u0111enje javne rasprave u smislu organizacije i priprema zapo\u010dinje usvajanjem ovog Zaklju\u010dka.<br>Javna rasprava traje od 8. do 18. prosinca 2023. godine. U navedenom roku zainteresirani mogu svoje sugestije, primjedbe i prijedloge dostaviti Slu\u017ebi za riznicu, ra\u010dunovodstvo i financije grada Ljubu\u0161kog putem prijemnog ureda ili na e-mail: proracun@ljubuski.ba.<\/p>\n\n\n\n<p>V.<br>Nositelj aktivnosti na organiziranju i vo\u0111enju javne rasprave \u0107e prikupiti i obraditi mi\u0161ljenja, prijedloge te \u0107e sastaviti izvje\u0161\u0107e o provedenoj raspravi i navedeno izvje\u0161\u0107e dostaviti Gradona\u010delniku na razmatranje i prihva\u0107anje. Gradona\u010delnik \u0107e razmatrati primjedbe i prijedloge te opravdane nastojati ugraditi u prijedlog Prora\u010duna grada Ljubu\u0161kog za 2024. godinu, uz napomenu da Prora\u010dun treba biti donesen do kraja kalendarske godine tako da stupi na snagu i da se mo\u017ee primijeniti od 1. sije\u010dnja 2024. godine.<\/p>\n\n\n\n<p>Tijelo ovla\u0161teno za provedbu javne rasprave se obvezuje da \u0161ira javnost putem tiskanih materijala, dokumenata na slu\u017ebenoj web-stranici, medija i ostalog bude upoznata s predlo\u017eenim inicijativama i zaklju\u010dcima javne rasprave.<\/p>\n\n\n\n<p>VI.<br>Ovaj Zaklju\u010dak stupa na snagu danom dono\u0161enja, a objavit \u0107e se u \u201eSlu\u017ebenom glasniku grada Ljubu\u0161kog\u201c.<\/p>\n\n\n\n<h3 class=\"wp-block-heading\">Privitci<\/h3>\n\n\n\n<ul class=\"wp-block-list\">\n<li><a href=\"https:\/\/ljubuski.ba\/wp-content\/plugins\/download-attachments\/includes\/download.php?id=242349\" target=\"_blank\" rel=\"noreferrer noopener\">2024. NACRT Ljubu\u0161ki ODLUKA_O_PRORACUNU<\/a><\/li>\n\n\n\n<li><a href=\"https:\/\/ljubuski.ba\/wp-content\/plugins\/download-attachments\/includes\/download.php?id=242350\" target=\"_blank\" rel=\"noreferrer noopener\">Obrazlo\u017eenje_uz_Prora\u010dun_2024<\/a><\/li>\n\n\n\n<li><a href=\"https:\/\/ljubuski.ba\/wp-content\/plugins\/download-attachments\/includes\/download.php?id=242344\" target=\"_blank\" rel=\"noreferrer noopener\">1 Prihodi ekonomski<\/a><\/li>\n\n\n\n<li><a href=\"https:\/\/ljubuski.ba\/wp-content\/plugins\/download-attachments\/includes\/download.php?id=242345\" target=\"_blank\" rel=\"noreferrer noopener\">2 Prihodi organizacijski<\/a><\/li>\n\n\n\n<li><a href=\"https:\/\/ljubuski.ba\/wp-content\/plugins\/download-attachments\/includes\/download.php?id=242346\" target=\"_blank\" rel=\"noreferrer noopener\">3 Rashodi ekonomski<\/a><\/li>\n\n\n\n<li><a href=\"https:\/\/ljubuski.ba\/wp-content\/plugins\/download-attachments\/includes\/download.php?id=242347\" target=\"_blank\" rel=\"noreferrer noopener\">4 Rashodi organizacijski<\/a><\/li>\n\n\n\n<li><a href=\"https:\/\/ljubuski.ba\/wp-content\/plugins\/download-attachments\/includes\/download.php?id=242348\" target=\"_blank\" rel=\"noreferrer noopener\">5 rashodi funkcionalno<\/a><\/li>\n<\/ul>\n","protected":false},"excerpt":{"rendered":"<p>Na temelju \u010dlanka 131. Statuta Grada Ljubu\u0161kog ( \u201cSlu\u017ebeni glasnik Grada Ljubu\u0161kog\u201d, broj: 6\/19), Gradsko vije\u0107e Ljubu\u0161ki Gradsko vije\u0107e Ljubu\u0161ki na XXX. sjednici odr\u017eanoj 8. 12. 2023. godine, d o n o s i ZAKLJU\u010cAKo stavljanju nacrta Odluke o Prora\u010dunu grada Ljubu\u0161kog za 2024. godinu na javnu raspravu I.Predlo\u017eeni nacrt Odluke o Prora\u010dunu grada Ljubu\u0161kog [&hellip;]<\/p>\n","protected":false},"author":2,"featured_media":186839,"comment_status":"closed","ping_status":"closed","sticky":false,"template":"","format":"standard","meta":{"h5ap_radio_sources":[],"footnotes":""},"categories":[28],"tags":[],"class_list":["post-198256","post","type-post","status-publish","format-standard","has-post-thumbnail","hentry","category-novosti"],"yoast_head":"<!-- This site is optimized with the Yoast SEO plugin v27.5 - https:\/\/yoast.com\/product\/yoast-seo-wordpress\/ -->\n<title>Zaklju\u010dak o stavljanju nacrta Odluke o Prora\u010dunu Grada Ljubu\u0161kog za 2024. godinu na javnu raspravu - RADIO LJUBU\u0160KI<\/title>\n<meta name=\"robots\" content=\"index, follow, max-snippet:-1, max-image-preview:large, max-video-preview:-1\" \/>\n<link rel=\"canonical\" href=\"https:\/\/radioljubuski.ba\/index.php\/2023\/12\/08\/zakljucak-o-stavljanju-nacrta-odluke-o-proracunu-grada-ljubuskog-za-2024-godinu-na-javnu-raspravu\/\" \/>\n<meta property=\"og:locale\" content=\"hr_HR\" \/>\n<meta property=\"og:type\" content=\"article\" \/>\n<meta property=\"og:title\" content=\"Zaklju\u010dak o stavljanju nacrta Odluke o Prora\u010dunu Grada Ljubu\u0161kog za 2024. godinu na javnu raspravu - RADIO LJUBU\u0160KI\" \/>\n<meta property=\"og:description\" content=\"Na temelju \u010dlanka 131. Statuta Grada Ljubu\u0161kog ( \u201cSlu\u017ebeni glasnik Grada Ljubu\u0161kog\u201d, broj: 6\/19), Gradsko vije\u0107e Ljubu\u0161ki Gradsko vije\u0107e Ljubu\u0161ki na XXX. sjednici odr\u017eanoj 8. 12. 2023. godine, d o n o s i ZAKLJU\u010cAKo stavljanju nacrta Odluke o Prora\u010dunu grada Ljubu\u0161kog za 2024. godinu na javnu raspravu I.Predlo\u017eeni nacrt Odluke o Prora\u010dunu grada Ljubu\u0161kog [&hellip;]\" \/>\n<meta property=\"og:url\" content=\"https:\/\/radioljubuski.ba\/index.php\/2023\/12\/08\/zakljucak-o-stavljanju-nacrta-odluke-o-proracunu-grada-ljubuskog-za-2024-godinu-na-javnu-raspravu\/\" \/>\n<meta property=\"og:site_name\" content=\"RADIO LJUBU\u0160KI\" \/>\n<meta property=\"article:publisher\" content=\"https:\/\/www.facebook.com\/Radiio-Ljubuski-1490835324566332\" \/>\n<meta property=\"article:published_time\" content=\"2023-12-08T13:44:03+00:00\" \/>\n<meta property=\"article:modified_time\" content=\"2023-12-08T13:44:04+00:00\" \/>\n<meta property=\"og:image\" content=\"https:\/\/radioljubuski.ba\/wp-content\/uploads\/2022\/12\/Grad-Ljubuski1-\u2013-kopija-2.jpg\" \/>\n\t<meta property=\"og:image:width\" content=\"1200\" \/>\n\t<meta property=\"og:image:height\" content=\"800\" \/>\n\t<meta property=\"og:image:type\" content=\"image\/jpeg\" \/>\n<meta name=\"author\" content=\"Radio Ljubu\u0161ki\" \/>\n<meta name=\"twitter:card\" content=\"summary_large_image\" \/>\n<meta name=\"twitter:creator\" content=\"@radioljubuski\" \/>\n<meta name=\"twitter:site\" content=\"@radioljubuski\" \/>\n<meta name=\"twitter:label1\" content=\"Napisao\/la\" \/>\n\t<meta name=\"twitter:data1\" content=\"Radio Ljubu\u0161ki\" \/>\n\t<meta name=\"twitter:label2\" content=\"Procijenjeno vrijeme \u010ditanja\" \/>\n\t<meta name=\"twitter:data2\" content=\"3 minute\" \/>\n<script type=\"application\/ld+json\" class=\"yoast-schema-graph\">{\"@context\":\"https:\\\/\\\/schema.org\",\"@graph\":[{\"@type\":\"Article\",\"@id\":\"https:\\\/\\\/radioljubuski.ba\\\/index.php\\\/2023\\\/12\\\/08\\\/zakljucak-o-stavljanju-nacrta-odluke-o-proracunu-grada-ljubuskog-za-2024-godinu-na-javnu-raspravu\\\/#article\",\"isPartOf\":{\"@id\":\"https:\\\/\\\/radioljubuski.ba\\\/index.php\\\/2023\\\/12\\\/08\\\/zakljucak-o-stavljanju-nacrta-odluke-o-proracunu-grada-ljubuskog-za-2024-godinu-na-javnu-raspravu\\\/\"},\"author\":{\"name\":\"Radio Ljubu\u0161ki\",\"@id\":\"https:\\\/\\\/radioljubuski.ba\\\/#\\\/schema\\\/person\\\/19fc700381a780f69665d7956c469e3b\"},\"headline\":\"Zaklju\u010dak o stavljanju nacrta Odluke o Prora\u010dunu Grada Ljubu\u0161kog za 2024. godinu na javnu raspravu\",\"datePublished\":\"2023-12-08T13:44:03+00:00\",\"dateModified\":\"2023-12-08T13:44:04+00:00\",\"mainEntityOfPage\":{\"@id\":\"https:\\\/\\\/radioljubuski.ba\\\/index.php\\\/2023\\\/12\\\/08\\\/zakljucak-o-stavljanju-nacrta-odluke-o-proracunu-grada-ljubuskog-za-2024-godinu-na-javnu-raspravu\\\/\"},\"wordCount\":451,\"publisher\":{\"@id\":\"https:\\\/\\\/radioljubuski.ba\\\/#organization\"},\"image\":{\"@id\":\"https:\\\/\\\/radioljubuski.ba\\\/index.php\\\/2023\\\/12\\\/08\\\/zakljucak-o-stavljanju-nacrta-odluke-o-proracunu-grada-ljubuskog-za-2024-godinu-na-javnu-raspravu\\\/#primaryimage\"},\"thumbnailUrl\":\"https:\\\/\\\/radioljubuski.ba\\\/wp-content\\\/uploads\\\/2022\\\/12\\\/Grad-Ljubuski1-\u2013-kopija-2.jpg\",\"articleSection\":[\"Novosti\"],\"inLanguage\":\"hr\"},{\"@type\":\"WebPage\",\"@id\":\"https:\\\/\\\/radioljubuski.ba\\\/index.php\\\/2023\\\/12\\\/08\\\/zakljucak-o-stavljanju-nacrta-odluke-o-proracunu-grada-ljubuskog-za-2024-godinu-na-javnu-raspravu\\\/\",\"url\":\"https:\\\/\\\/radioljubuski.ba\\\/index.php\\\/2023\\\/12\\\/08\\\/zakljucak-o-stavljanju-nacrta-odluke-o-proracunu-grada-ljubuskog-za-2024-godinu-na-javnu-raspravu\\\/\",\"name\":\"Zaklju\u010dak o stavljanju nacrta Odluke o Prora\u010dunu Grada Ljubu\u0161kog za 2024. godinu na javnu raspravu - RADIO LJUBU\u0160KI\",\"isPartOf\":{\"@id\":\"https:\\\/\\\/radioljubuski.ba\\\/#website\"},\"primaryImageOfPage\":{\"@id\":\"https:\\\/\\\/radioljubuski.ba\\\/index.php\\\/2023\\\/12\\\/08\\\/zakljucak-o-stavljanju-nacrta-odluke-o-proracunu-grada-ljubuskog-za-2024-godinu-na-javnu-raspravu\\\/#primaryimage\"},\"image\":{\"@id\":\"https:\\\/\\\/radioljubuski.ba\\\/index.php\\\/2023\\\/12\\\/08\\\/zakljucak-o-stavljanju-nacrta-odluke-o-proracunu-grada-ljubuskog-za-2024-godinu-na-javnu-raspravu\\\/#primaryimage\"},\"thumbnailUrl\":\"https:\\\/\\\/radioljubuski.ba\\\/wp-content\\\/uploads\\\/2022\\\/12\\\/Grad-Ljubuski1-\u2013-kopija-2.jpg\",\"datePublished\":\"2023-12-08T13:44:03+00:00\",\"dateModified\":\"2023-12-08T13:44:04+00:00\",\"breadcrumb\":{\"@id\":\"https:\\\/\\\/radioljubuski.ba\\\/index.php\\\/2023\\\/12\\\/08\\\/zakljucak-o-stavljanju-nacrta-odluke-o-proracunu-grada-ljubuskog-za-2024-godinu-na-javnu-raspravu\\\/#breadcrumb\"},\"inLanguage\":\"hr\",\"potentialAction\":[{\"@type\":\"ReadAction\",\"target\":[\"https:\\\/\\\/radioljubuski.ba\\\/index.php\\\/2023\\\/12\\\/08\\\/zakljucak-o-stavljanju-nacrta-odluke-o-proracunu-grada-ljubuskog-za-2024-godinu-na-javnu-raspravu\\\/\"]}]},{\"@type\":\"ImageObject\",\"inLanguage\":\"hr\",\"@id\":\"https:\\\/\\\/radioljubuski.ba\\\/index.php\\\/2023\\\/12\\\/08\\\/zakljucak-o-stavljanju-nacrta-odluke-o-proracunu-grada-ljubuskog-za-2024-godinu-na-javnu-raspravu\\\/#primaryimage\",\"url\":\"https:\\\/\\\/radioljubuski.ba\\\/wp-content\\\/uploads\\\/2022\\\/12\\\/Grad-Ljubuski1-\u2013-kopija-2.jpg\",\"contentUrl\":\"https:\\\/\\\/radioljubuski.ba\\\/wp-content\\\/uploads\\\/2022\\\/12\\\/Grad-Ljubuski1-\u2013-kopija-2.jpg\",\"width\":1200,\"height\":800},{\"@type\":\"BreadcrumbList\",\"@id\":\"https:\\\/\\\/radioljubuski.ba\\\/index.php\\\/2023\\\/12\\\/08\\\/zakljucak-o-stavljanju-nacrta-odluke-o-proracunu-grada-ljubuskog-za-2024-godinu-na-javnu-raspravu\\\/#breadcrumb\",\"itemListElement\":[{\"@type\":\"ListItem\",\"position\":1,\"name\":\"Po\u010detna stranica\",\"item\":\"https:\\\/\\\/radioljubuski.ba\\\/\"},{\"@type\":\"ListItem\",\"position\":2,\"name\":\"Zaklju\u010dak o stavljanju nacrta Odluke o Prora\u010dunu Grada Ljubu\u0161kog za 2024. godinu na javnu raspravu\"}]},{\"@type\":\"WebSite\",\"@id\":\"https:\\\/\\\/radioljubuski.ba\\\/#website\",\"url\":\"https:\\\/\\\/radioljubuski.ba\\\/\",\"name\":\"Radio Ljubu\u0161ki\",\"description\":\"Sun\u010dana frekvencija Hercegovine\",\"publisher\":{\"@id\":\"https:\\\/\\\/radioljubuski.ba\\\/#organization\"},\"potentialAction\":[{\"@type\":\"SearchAction\",\"target\":{\"@type\":\"EntryPoint\",\"urlTemplate\":\"https:\\\/\\\/radioljubuski.ba\\\/?s={search_term_string}\"},\"query-input\":{\"@type\":\"PropertyValueSpecification\",\"valueRequired\":true,\"valueName\":\"search_term_string\"}}],\"inLanguage\":\"hr\"},{\"@type\":\"Organization\",\"@id\":\"https:\\\/\\\/radioljubuski.ba\\\/#organization\",\"name\":\"Radio Ljubu\u0161ki\",\"url\":\"https:\\\/\\\/radioljubuski.ba\\\/\",\"logo\":{\"@type\":\"ImageObject\",\"inLanguage\":\"hr\",\"@id\":\"https:\\\/\\\/radioljubuski.ba\\\/#\\\/schema\\\/logo\\\/image\\\/\",\"url\":\"https:\\\/\\\/radioljubuski.ba\\\/wp-content\\\/uploads\\\/2021\\\/02\\\/cropped-Radio_Ljubuski_logo1.jpg\",\"contentUrl\":\"https:\\\/\\\/radioljubuski.ba\\\/wp-content\\\/uploads\\\/2021\\\/02\\\/cropped-Radio_Ljubuski_logo1.jpg\",\"width\":512,\"height\":512,\"caption\":\"Radio Ljubu\u0161ki\"},\"image\":{\"@id\":\"https:\\\/\\\/radioljubuski.ba\\\/#\\\/schema\\\/logo\\\/image\\\/\"},\"sameAs\":[\"https:\\\/\\\/www.facebook.com\\\/Radiio-Ljubuski-1490835324566332\",\"https:\\\/\\\/x.com\\\/radioljubuski\",\"https:\\\/\\\/hr.linkedin.com\\\/company\\\/radio-ljubuski\",\"https:\\\/\\\/www.youtube.com\\\/channel\\\/UCHYaeO_n0Db3tjNGudGpXyw\"]},{\"@type\":\"Person\",\"@id\":\"https:\\\/\\\/radioljubuski.ba\\\/#\\\/schema\\\/person\\\/19fc700381a780f69665d7956c469e3b\",\"name\":\"Radio Ljubu\u0161ki\"}]}<\/script>\n<!-- \/ Yoast SEO plugin. -->","yoast_head_json":{"title":"Zaklju\u010dak o stavljanju nacrta Odluke o Prora\u010dunu Grada Ljubu\u0161kog za 2024. godinu na javnu raspravu - RADIO LJUBU\u0160KI","robots":{"index":"index","follow":"follow","max-snippet":"max-snippet:-1","max-image-preview":"max-image-preview:large","max-video-preview":"max-video-preview:-1"},"canonical":"https:\/\/radioljubuski.ba\/index.php\/2023\/12\/08\/zakljucak-o-stavljanju-nacrta-odluke-o-proracunu-grada-ljubuskog-za-2024-godinu-na-javnu-raspravu\/","og_locale":"hr_HR","og_type":"article","og_title":"Zaklju\u010dak o stavljanju nacrta Odluke o Prora\u010dunu Grada Ljubu\u0161kog za 2024. godinu na javnu raspravu - RADIO LJUBU\u0160KI","og_description":"Na temelju \u010dlanka 131. Statuta Grada Ljubu\u0161kog ( \u201cSlu\u017ebeni glasnik Grada Ljubu\u0161kog\u201d, broj: 6\/19), Gradsko vije\u0107e Ljubu\u0161ki Gradsko vije\u0107e Ljubu\u0161ki na XXX. sjednici odr\u017eanoj 8. 12. 2023. godine, d o n o s i ZAKLJU\u010cAKo stavljanju nacrta Odluke o Prora\u010dunu grada Ljubu\u0161kog za 2024. godinu na javnu raspravu I.Predlo\u017eeni nacrt Odluke o Prora\u010dunu grada Ljubu\u0161kog [&hellip;]","og_url":"https:\/\/radioljubuski.ba\/index.php\/2023\/12\/08\/zakljucak-o-stavljanju-nacrta-odluke-o-proracunu-grada-ljubuskog-za-2024-godinu-na-javnu-raspravu\/","og_site_name":"RADIO LJUBU\u0160KI","article_publisher":"https:\/\/www.facebook.com\/Radiio-Ljubuski-1490835324566332","article_published_time":"2023-12-08T13:44:03+00:00","article_modified_time":"2023-12-08T13:44:04+00:00","og_image":[{"width":1200,"height":800,"url":"https:\/\/radioljubuski.ba\/wp-content\/uploads\/2022\/12\/Grad-Ljubuski1-\u2013-kopija-2.jpg","type":"image\/jpeg"}],"author":"Radio Ljubu\u0161ki","twitter_card":"summary_large_image","twitter_creator":"@radioljubuski","twitter_site":"@radioljubuski","twitter_misc":{"Napisao\/la":"Radio Ljubu\u0161ki","Procijenjeno vrijeme \u010ditanja":"3 minute"},"schema":{"@context":"https:\/\/schema.org","@graph":[{"@type":"Article","@id":"https:\/\/radioljubuski.ba\/index.php\/2023\/12\/08\/zakljucak-o-stavljanju-nacrta-odluke-o-proracunu-grada-ljubuskog-za-2024-godinu-na-javnu-raspravu\/#article","isPartOf":{"@id":"https:\/\/radioljubuski.ba\/index.php\/2023\/12\/08\/zakljucak-o-stavljanju-nacrta-odluke-o-proracunu-grada-ljubuskog-za-2024-godinu-na-javnu-raspravu\/"},"author":{"name":"Radio Ljubu\u0161ki","@id":"https:\/\/radioljubuski.ba\/#\/schema\/person\/19fc700381a780f69665d7956c469e3b"},"headline":"Zaklju\u010dak o stavljanju nacrta Odluke o Prora\u010dunu Grada Ljubu\u0161kog za 2024. godinu na javnu raspravu","datePublished":"2023-12-08T13:44:03+00:00","dateModified":"2023-12-08T13:44:04+00:00","mainEntityOfPage":{"@id":"https:\/\/radioljubuski.ba\/index.php\/2023\/12\/08\/zakljucak-o-stavljanju-nacrta-odluke-o-proracunu-grada-ljubuskog-za-2024-godinu-na-javnu-raspravu\/"},"wordCount":451,"publisher":{"@id":"https:\/\/radioljubuski.ba\/#organization"},"image":{"@id":"https:\/\/radioljubuski.ba\/index.php\/2023\/12\/08\/zakljucak-o-stavljanju-nacrta-odluke-o-proracunu-grada-ljubuskog-za-2024-godinu-na-javnu-raspravu\/#primaryimage"},"thumbnailUrl":"https:\/\/radioljubuski.ba\/wp-content\/uploads\/2022\/12\/Grad-Ljubuski1-\u2013-kopija-2.jpg","articleSection":["Novosti"],"inLanguage":"hr"},{"@type":"WebPage","@id":"https:\/\/radioljubuski.ba\/index.php\/2023\/12\/08\/zakljucak-o-stavljanju-nacrta-odluke-o-proracunu-grada-ljubuskog-za-2024-godinu-na-javnu-raspravu\/","url":"https:\/\/radioljubuski.ba\/index.php\/2023\/12\/08\/zakljucak-o-stavljanju-nacrta-odluke-o-proracunu-grada-ljubuskog-za-2024-godinu-na-javnu-raspravu\/","name":"Zaklju\u010dak o stavljanju nacrta Odluke o Prora\u010dunu Grada Ljubu\u0161kog za 2024. godinu na javnu raspravu - RADIO LJUBU\u0160KI","isPartOf":{"@id":"https:\/\/radioljubuski.ba\/#website"},"primaryImageOfPage":{"@id":"https:\/\/radioljubuski.ba\/index.php\/2023\/12\/08\/zakljucak-o-stavljanju-nacrta-odluke-o-proracunu-grada-ljubuskog-za-2024-godinu-na-javnu-raspravu\/#primaryimage"},"image":{"@id":"https:\/\/radioljubuski.ba\/index.php\/2023\/12\/08\/zakljucak-o-stavljanju-nacrta-odluke-o-proracunu-grada-ljubuskog-za-2024-godinu-na-javnu-raspravu\/#primaryimage"},"thumbnailUrl":"https:\/\/radioljubuski.ba\/wp-content\/uploads\/2022\/12\/Grad-Ljubuski1-\u2013-kopija-2.jpg","datePublished":"2023-12-08T13:44:03+00:00","dateModified":"2023-12-08T13:44:04+00:00","breadcrumb":{"@id":"https:\/\/radioljubuski.ba\/index.php\/2023\/12\/08\/zakljucak-o-stavljanju-nacrta-odluke-o-proracunu-grada-ljubuskog-za-2024-godinu-na-javnu-raspravu\/#breadcrumb"},"inLanguage":"hr","potentialAction":[{"@type":"ReadAction","target":["https:\/\/radioljubuski.ba\/index.php\/2023\/12\/08\/zakljucak-o-stavljanju-nacrta-odluke-o-proracunu-grada-ljubuskog-za-2024-godinu-na-javnu-raspravu\/"]}]},{"@type":"ImageObject","inLanguage":"hr","@id":"https:\/\/radioljubuski.ba\/index.php\/2023\/12\/08\/zakljucak-o-stavljanju-nacrta-odluke-o-proracunu-grada-ljubuskog-za-2024-godinu-na-javnu-raspravu\/#primaryimage","url":"https:\/\/radioljubuski.ba\/wp-content\/uploads\/2022\/12\/Grad-Ljubuski1-\u2013-kopija-2.jpg","contentUrl":"https:\/\/radioljubuski.ba\/wp-content\/uploads\/2022\/12\/Grad-Ljubuski1-\u2013-kopija-2.jpg","width":1200,"height":800},{"@type":"BreadcrumbList","@id":"https:\/\/radioljubuski.ba\/index.php\/2023\/12\/08\/zakljucak-o-stavljanju-nacrta-odluke-o-proracunu-grada-ljubuskog-za-2024-godinu-na-javnu-raspravu\/#breadcrumb","itemListElement":[{"@type":"ListItem","position":1,"name":"Po\u010detna stranica","item":"https:\/\/radioljubuski.ba\/"},{"@type":"ListItem","position":2,"name":"Zaklju\u010dak o stavljanju nacrta Odluke o Prora\u010dunu Grada Ljubu\u0161kog za 2024. godinu na javnu raspravu"}]},{"@type":"WebSite","@id":"https:\/\/radioljubuski.ba\/#website","url":"https:\/\/radioljubuski.ba\/","name":"Radio Ljubu\u0161ki","description":"Sun\u010dana frekvencija Hercegovine","publisher":{"@id":"https:\/\/radioljubuski.ba\/#organization"},"potentialAction":[{"@type":"SearchAction","target":{"@type":"EntryPoint","urlTemplate":"https:\/\/radioljubuski.ba\/?s={search_term_string}"},"query-input":{"@type":"PropertyValueSpecification","valueRequired":true,"valueName":"search_term_string"}}],"inLanguage":"hr"},{"@type":"Organization","@id":"https:\/\/radioljubuski.ba\/#organization","name":"Radio Ljubu\u0161ki","url":"https:\/\/radioljubuski.ba\/","logo":{"@type":"ImageObject","inLanguage":"hr","@id":"https:\/\/radioljubuski.ba\/#\/schema\/logo\/image\/","url":"https:\/\/radioljubuski.ba\/wp-content\/uploads\/2021\/02\/cropped-Radio_Ljubuski_logo1.jpg","contentUrl":"https:\/\/radioljubuski.ba\/wp-content\/uploads\/2021\/02\/cropped-Radio_Ljubuski_logo1.jpg","width":512,"height":512,"caption":"Radio Ljubu\u0161ki"},"image":{"@id":"https:\/\/radioljubuski.ba\/#\/schema\/logo\/image\/"},"sameAs":["https:\/\/www.facebook.com\/Radiio-Ljubuski-1490835324566332","https:\/\/x.com\/radioljubuski","https:\/\/hr.linkedin.com\/company\/radio-ljubuski","https:\/\/www.youtube.com\/channel\/UCHYaeO_n0Db3tjNGudGpXyw"]},{"@type":"Person","@id":"https:\/\/radioljubuski.ba\/#\/schema\/person\/19fc700381a780f69665d7956c469e3b","name":"Radio Ljubu\u0161ki"}]}},"_links":{"self":[{"href":"https:\/\/radioljubuski.ba\/index.php\/wp-json\/wp\/v2\/posts\/198256","targetHints":{"allow":["GET"]}}],"collection":[{"href":"https:\/\/radioljubuski.ba\/index.php\/wp-json\/wp\/v2\/posts"}],"about":[{"href":"https:\/\/radioljubuski.ba\/index.php\/wp-json\/wp\/v2\/types\/post"}],"author":[{"embeddable":true,"href":"https:\/\/radioljubuski.ba\/index.php\/wp-json\/wp\/v2\/users\/2"}],"replies":[{"embeddable":true,"href":"https:\/\/radioljubuski.ba\/index.php\/wp-json\/wp\/v2\/comments?post=198256"}],"version-history":[{"count":1,"href":"https:\/\/radioljubuski.ba\/index.php\/wp-json\/wp\/v2\/posts\/198256\/revisions"}],"predecessor-version":[{"id":198257,"href":"https:\/\/radioljubuski.ba\/index.php\/wp-json\/wp\/v2\/posts\/198256\/revisions\/198257"}],"wp:featuredmedia":[{"embeddable":true,"href":"https:\/\/radioljubuski.ba\/index.php\/wp-json\/wp\/v2\/media\/186839"}],"wp:attachment":[{"href":"https:\/\/radioljubuski.ba\/index.php\/wp-json\/wp\/v2\/media?parent=198256"}],"wp:term":[{"taxonomy":"category","embeddable":true,"href":"https:\/\/radioljubuski.ba\/index.php\/wp-json\/wp\/v2\/categories?post=198256"},{"taxonomy":"post_tag","embeddable":true,"href":"https:\/\/radioljubuski.ba\/index.php\/wp-json\/wp\/v2\/tags?post=198256"}],"curies":[{"name":"wp","href":"https:\/\/api.w.org\/{rel}","templated":true}]}}