{"id":198422,"date":"2023-12-13T14:56:43","date_gmt":"2023-12-13T13:56:43","guid":{"rendered":"https:\/\/radioljubuski.ba\/?p=198422"},"modified":"2023-12-13T14:56:44","modified_gmt":"2023-12-13T13:56:44","slug":"rlj-audio-humacki-gvardijan-i-zupnik-fra-dario-dodig-najavio-aktivnosti-u-zupi-humac","status":"publish","type":"post","link":"https:\/\/radioljubuski.ba\/index.php\/2023\/12\/13\/rlj-audio-humacki-gvardijan-i-zupnik-fra-dario-dodig-najavio-aktivnosti-u-zupi-humac\/","title":{"rendered":"RLJ Audio: Huma\u010dki gvardijan i \u017eupnik fra Dario Dodig najavio aktivnosti u \u017eupi Humac"},"content":{"rendered":"\n<p>Franjeva\u010dki samostan i \u017eupa Humac ovih predblagdanskih dana organiziraju mno\u0161tvo doga\u0111anja, jedna od aktivnosti bila je akcija darivanja krvi odr\u017eana u utorak 12.prosinca u kojoj je prikupljeno 40 doza ove dragocjene teku\u0107ine. Bio je to povod za posjet samostanu i razgovor sa gvardijanom i \u017eupnikom fra Dariom Dodigom. <\/p>\n\n\n\n<p>Fra Dario nas je upoznao sa svim doga\u0111anjima i najavio duhovnu tribinu u sklopu duhovnih susreta u Domu sv.Ante koju \u0107e ve\u010deras od 19 sati voditi don Damir Stoji\u0107 na temu: Karizmatik ili fanatik!?<\/p>\n\n\n\n<iframe loading=\"lazy\" width=\"560\" height=\"315\" src=\"https:\/\/www.youtube.com\/embed\/hoRwCQIb4BI?si=JtGVKKApY-rUZcSE\" title=\"YouTube video player\" frameborder=\"0\" allow=\"accelerometer; autoplay; clipboard-write; encrypted-media; gyroscope; picture-in-picture; web-share\" allowfullscreen><\/iframe>\n\n\n\n<p>Upoznao nas je i sa aktivnostima \u017eupljana poput humanitarne akcije Obitelj za obitelj, aktivnosti franjeva\u010dke mlade\u017ei, Adventa u samostanu i izgradnje jaslica u novoj crkvi. Posebno je naglasio humanitarni malonogometni turnir koji se odr\u017eava u gradskoj sportskoj dvorani 23.prosinca kojem je \u017eupa Humac dala punu podr\u0161ku. Upoznao je slu\u0161atelje Radija Ljubu\u0161ki sa potpunim oprostom prigodom 800 godina od prvih jaslica sv. Franje koji se dodjeljuje se od 8.prosinca do 2. 2. 2024. Svi vjernici koji do\u0111u<br>u crkve franjeva\u010dkih obitelji diljem svijeta te ostaju\u0107i u molitvi pred jaslicama postavljenim u crkvama,mogu dobiti potpuni oprost pod uobi\u010dajenim uvjetima. Isto tako, oni<br>koji su bolesni ili ne mogu fizi\u010dki sudjelovati mogu jednako primiti plod oprosta, prinose\u0107i svoje patnje Gospodinu ili vr\u0161e\u0107i neku odobrenu pobo\u017enost.Vjernici oprost mogu izmoliti ispred jaslica postavljenih u novoj crkvi na Humcu. Ovom prilikom u ime svih huma\u010dkih fratara uputio je Bo\u017ei\u0107nu \u010destitku. Razgovor i \u010destitku mo\u017eete poslu\u0161ati ovdje.<\/p>\n\n\n\n<p>  <br>B. Medi\u0107 \/ G. Ili\u0107 \/ Radio Ljubu\u0161ki<\/p>\n","protected":false},"excerpt":{"rendered":"<p>Franjeva\u010dki samostan i \u017eupa Humac ovih predblagdanskih dana organiziraju mno\u0161tvo doga\u0111anja, jedna od aktivnosti bila je akcija darivanja krvi odr\u017eana u utorak 12.prosinca u kojoj je prikupljeno 40 doza ove dragocjene teku\u0107ine. Bio je to povod za posjet samostanu i razgovor sa gvardijanom i \u017eupnikom fra Dariom Dodigom. Fra Dario nas je upoznao sa svim [&hellip;]<\/p>\n","protected":false},"author":2,"featured_media":198424,"comment_status":"closed","ping_status":"closed","sticky":false,"template":"","format":"standard","meta":{"h5ap_radio_sources":[],"footnotes":""},"categories":[3,28,32],"tags":[],"class_list":["post-198422","post","type-post","status-publish","format-standard","has-post-thumbnail","hentry","category-ljubuski","category-novosti","category-poslusajte"],"yoast_head":"<!-- This site is optimized with the Yoast SEO plugin v27.4 - https:\/\/yoast.com\/product\/yoast-seo-wordpress\/ -->\n<title>RLJ Audio: Huma\u010dki gvardijan i \u017eupnik fra Dario Dodig najavio aktivnosti u \u017eupi Humac - RADIO LJUBU\u0160KI<\/title>\n<meta name=\"robots\" content=\"index, follow, max-snippet:-1, max-image-preview:large, max-video-preview:-1\" \/>\n<link rel=\"canonical\" href=\"https:\/\/radioljubuski.ba\/index.php\/2023\/12\/13\/rlj-audio-humacki-gvardijan-i-zupnik-fra-dario-dodig-najavio-aktivnosti-u-zupi-humac\/\" \/>\n<meta property=\"og:locale\" content=\"hr_HR\" \/>\n<meta property=\"og:type\" content=\"article\" \/>\n<meta property=\"og:title\" content=\"RLJ Audio: Huma\u010dki gvardijan i \u017eupnik fra Dario Dodig najavio aktivnosti u \u017eupi Humac - RADIO LJUBU\u0160KI\" \/>\n<meta property=\"og:description\" content=\"Franjeva\u010dki samostan i \u017eupa Humac ovih predblagdanskih dana organiziraju mno\u0161tvo doga\u0111anja, jedna od aktivnosti bila je akcija darivanja krvi odr\u017eana u utorak 12.prosinca u kojoj je prikupljeno 40 doza ove dragocjene teku\u0107ine. Bio je to povod za posjet samostanu i razgovor sa gvardijanom i \u017eupnikom fra Dariom Dodigom. Fra Dario nas je upoznao sa svim [&hellip;]\" \/>\n<meta property=\"og:url\" content=\"https:\/\/radioljubuski.ba\/index.php\/2023\/12\/13\/rlj-audio-humacki-gvardijan-i-zupnik-fra-dario-dodig-najavio-aktivnosti-u-zupi-humac\/\" \/>\n<meta property=\"og:site_name\" content=\"RADIO LJUBU\u0160KI\" \/>\n<meta property=\"article:publisher\" content=\"https:\/\/www.facebook.com\/Radiio-Ljubuski-1490835324566332\" \/>\n<meta property=\"article:published_time\" content=\"2023-12-13T13:56:43+00:00\" \/>\n<meta property=\"article:modified_time\" content=\"2023-12-13T13:56:44+00:00\" \/>\n<meta property=\"og:image\" content=\"https:\/\/radioljubuski.ba\/wp-content\/uploads\/2023\/12\/fra-dario-dodig.jpeg\" \/>\n\t<meta property=\"og:image:width\" content=\"1600\" \/>\n\t<meta property=\"og:image:height\" content=\"1066\" \/>\n\t<meta property=\"og:image:type\" content=\"image\/jpeg\" \/>\n<meta name=\"author\" content=\"Radio Ljubu\u0161ki\" \/>\n<meta name=\"twitter:card\" content=\"summary_large_image\" \/>\n<meta name=\"twitter:creator\" content=\"@radioljubuski\" \/>\n<meta name=\"twitter:site\" content=\"@radioljubuski\" \/>\n<meta name=\"twitter:label1\" content=\"Napisao\/la\" \/>\n\t<meta name=\"twitter:data1\" content=\"Radio Ljubu\u0161ki\" \/>\n\t<meta name=\"twitter:label2\" content=\"Procijenjeno vrijeme \u010ditanja\" \/>\n\t<meta name=\"twitter:data2\" content=\"2 minute\" \/>\n<script type=\"application\/ld+json\" class=\"yoast-schema-graph\">{\"@context\":\"https:\\\/\\\/schema.org\",\"@graph\":[{\"@type\":\"Article\",\"@id\":\"https:\\\/\\\/radioljubuski.ba\\\/index.php\\\/2023\\\/12\\\/13\\\/rlj-audio-humacki-gvardijan-i-zupnik-fra-dario-dodig-najavio-aktivnosti-u-zupi-humac\\\/#article\",\"isPartOf\":{\"@id\":\"https:\\\/\\\/radioljubuski.ba\\\/index.php\\\/2023\\\/12\\\/13\\\/rlj-audio-humacki-gvardijan-i-zupnik-fra-dario-dodig-najavio-aktivnosti-u-zupi-humac\\\/\"},\"author\":{\"name\":\"Radio Ljubu\u0161ki\",\"@id\":\"https:\\\/\\\/radioljubuski.ba\\\/#\\\/schema\\\/person\\\/19fc700381a780f69665d7956c469e3b\"},\"headline\":\"RLJ Audio: Huma\u010dki gvardijan i \u017eupnik fra Dario Dodig najavio aktivnosti u \u017eupi Humac\",\"datePublished\":\"2023-12-13T13:56:43+00:00\",\"dateModified\":\"2023-12-13T13:56:44+00:00\",\"mainEntityOfPage\":{\"@id\":\"https:\\\/\\\/radioljubuski.ba\\\/index.php\\\/2023\\\/12\\\/13\\\/rlj-audio-humacki-gvardijan-i-zupnik-fra-dario-dodig-najavio-aktivnosti-u-zupi-humac\\\/\"},\"wordCount\":276,\"publisher\":{\"@id\":\"https:\\\/\\\/radioljubuski.ba\\\/#organization\"},\"image\":{\"@id\":\"https:\\\/\\\/radioljubuski.ba\\\/index.php\\\/2023\\\/12\\\/13\\\/rlj-audio-humacki-gvardijan-i-zupnik-fra-dario-dodig-najavio-aktivnosti-u-zupi-humac\\\/#primaryimage\"},\"thumbnailUrl\":\"https:\\\/\\\/radioljubuski.ba\\\/wp-content\\\/uploads\\\/2023\\\/12\\\/fra-dario-dodig.jpeg\",\"articleSection\":[\"Ljubu\u0161ki\",\"Novosti\",\"Poslu\u0161ajte\"],\"inLanguage\":\"hr\"},{\"@type\":\"WebPage\",\"@id\":\"https:\\\/\\\/radioljubuski.ba\\\/index.php\\\/2023\\\/12\\\/13\\\/rlj-audio-humacki-gvardijan-i-zupnik-fra-dario-dodig-najavio-aktivnosti-u-zupi-humac\\\/\",\"url\":\"https:\\\/\\\/radioljubuski.ba\\\/index.php\\\/2023\\\/12\\\/13\\\/rlj-audio-humacki-gvardijan-i-zupnik-fra-dario-dodig-najavio-aktivnosti-u-zupi-humac\\\/\",\"name\":\"RLJ Audio: Huma\u010dki gvardijan i \u017eupnik fra Dario Dodig najavio aktivnosti u \u017eupi Humac - RADIO LJUBU\u0160KI\",\"isPartOf\":{\"@id\":\"https:\\\/\\\/radioljubuski.ba\\\/#website\"},\"primaryImageOfPage\":{\"@id\":\"https:\\\/\\\/radioljubuski.ba\\\/index.php\\\/2023\\\/12\\\/13\\\/rlj-audio-humacki-gvardijan-i-zupnik-fra-dario-dodig-najavio-aktivnosti-u-zupi-humac\\\/#primaryimage\"},\"image\":{\"@id\":\"https:\\\/\\\/radioljubuski.ba\\\/index.php\\\/2023\\\/12\\\/13\\\/rlj-audio-humacki-gvardijan-i-zupnik-fra-dario-dodig-najavio-aktivnosti-u-zupi-humac\\\/#primaryimage\"},\"thumbnailUrl\":\"https:\\\/\\\/radioljubuski.ba\\\/wp-content\\\/uploads\\\/2023\\\/12\\\/fra-dario-dodig.jpeg\",\"datePublished\":\"2023-12-13T13:56:43+00:00\",\"dateModified\":\"2023-12-13T13:56:44+00:00\",\"breadcrumb\":{\"@id\":\"https:\\\/\\\/radioljubuski.ba\\\/index.php\\\/2023\\\/12\\\/13\\\/rlj-audio-humacki-gvardijan-i-zupnik-fra-dario-dodig-najavio-aktivnosti-u-zupi-humac\\\/#breadcrumb\"},\"inLanguage\":\"hr\",\"potentialAction\":[{\"@type\":\"ReadAction\",\"target\":[\"https:\\\/\\\/radioljubuski.ba\\\/index.php\\\/2023\\\/12\\\/13\\\/rlj-audio-humacki-gvardijan-i-zupnik-fra-dario-dodig-najavio-aktivnosti-u-zupi-humac\\\/\"]}]},{\"@type\":\"ImageObject\",\"inLanguage\":\"hr\",\"@id\":\"https:\\\/\\\/radioljubuski.ba\\\/index.php\\\/2023\\\/12\\\/13\\\/rlj-audio-humacki-gvardijan-i-zupnik-fra-dario-dodig-najavio-aktivnosti-u-zupi-humac\\\/#primaryimage\",\"url\":\"https:\\\/\\\/radioljubuski.ba\\\/wp-content\\\/uploads\\\/2023\\\/12\\\/fra-dario-dodig.jpeg\",\"contentUrl\":\"https:\\\/\\\/radioljubuski.ba\\\/wp-content\\\/uploads\\\/2023\\\/12\\\/fra-dario-dodig.jpeg\",\"width\":1600,\"height\":1066},{\"@type\":\"BreadcrumbList\",\"@id\":\"https:\\\/\\\/radioljubuski.ba\\\/index.php\\\/2023\\\/12\\\/13\\\/rlj-audio-humacki-gvardijan-i-zupnik-fra-dario-dodig-najavio-aktivnosti-u-zupi-humac\\\/#breadcrumb\",\"itemListElement\":[{\"@type\":\"ListItem\",\"position\":1,\"name\":\"Po\u010detna stranica\",\"item\":\"https:\\\/\\\/radioljubuski.ba\\\/\"},{\"@type\":\"ListItem\",\"position\":2,\"name\":\"RLJ Audio: Huma\u010dki gvardijan i \u017eupnik fra Dario Dodig najavio aktivnosti u \u017eupi Humac\"}]},{\"@type\":\"WebSite\",\"@id\":\"https:\\\/\\\/radioljubuski.ba\\\/#website\",\"url\":\"https:\\\/\\\/radioljubuski.ba\\\/\",\"name\":\"Radio Ljubu\u0161ki\",\"description\":\"Sun\u010dana frekvencija Hercegovine\",\"publisher\":{\"@id\":\"https:\\\/\\\/radioljubuski.ba\\\/#organization\"},\"potentialAction\":[{\"@type\":\"SearchAction\",\"target\":{\"@type\":\"EntryPoint\",\"urlTemplate\":\"https:\\\/\\\/radioljubuski.ba\\\/?s={search_term_string}\"},\"query-input\":{\"@type\":\"PropertyValueSpecification\",\"valueRequired\":true,\"valueName\":\"search_term_string\"}}],\"inLanguage\":\"hr\"},{\"@type\":\"Organization\",\"@id\":\"https:\\\/\\\/radioljubuski.ba\\\/#organization\",\"name\":\"Radio Ljubu\u0161ki\",\"url\":\"https:\\\/\\\/radioljubuski.ba\\\/\",\"logo\":{\"@type\":\"ImageObject\",\"inLanguage\":\"hr\",\"@id\":\"https:\\\/\\\/radioljubuski.ba\\\/#\\\/schema\\\/logo\\\/image\\\/\",\"url\":\"https:\\\/\\\/radioljubuski.ba\\\/wp-content\\\/uploads\\\/2021\\\/02\\\/cropped-Radio_Ljubuski_logo1.jpg\",\"contentUrl\":\"https:\\\/\\\/radioljubuski.ba\\\/wp-content\\\/uploads\\\/2021\\\/02\\\/cropped-Radio_Ljubuski_logo1.jpg\",\"width\":512,\"height\":512,\"caption\":\"Radio Ljubu\u0161ki\"},\"image\":{\"@id\":\"https:\\\/\\\/radioljubuski.ba\\\/#\\\/schema\\\/logo\\\/image\\\/\"},\"sameAs\":[\"https:\\\/\\\/www.facebook.com\\\/Radiio-Ljubuski-1490835324566332\",\"https:\\\/\\\/x.com\\\/radioljubuski\",\"https:\\\/\\\/hr.linkedin.com\\\/company\\\/radio-ljubuski\",\"https:\\\/\\\/www.youtube.com\\\/channel\\\/UCHYaeO_n0Db3tjNGudGpXyw\"]},{\"@type\":\"Person\",\"@id\":\"https:\\\/\\\/radioljubuski.ba\\\/#\\\/schema\\\/person\\\/19fc700381a780f69665d7956c469e3b\",\"name\":\"Radio Ljubu\u0161ki\"}]}<\/script>\n<!-- \/ Yoast SEO plugin. -->","yoast_head_json":{"title":"RLJ Audio: Huma\u010dki gvardijan i \u017eupnik fra Dario Dodig najavio aktivnosti u \u017eupi Humac - RADIO LJUBU\u0160KI","robots":{"index":"index","follow":"follow","max-snippet":"max-snippet:-1","max-image-preview":"max-image-preview:large","max-video-preview":"max-video-preview:-1"},"canonical":"https:\/\/radioljubuski.ba\/index.php\/2023\/12\/13\/rlj-audio-humacki-gvardijan-i-zupnik-fra-dario-dodig-najavio-aktivnosti-u-zupi-humac\/","og_locale":"hr_HR","og_type":"article","og_title":"RLJ Audio: Huma\u010dki gvardijan i \u017eupnik fra Dario Dodig najavio aktivnosti u \u017eupi Humac - RADIO LJUBU\u0160KI","og_description":"Franjeva\u010dki samostan i \u017eupa Humac ovih predblagdanskih dana organiziraju mno\u0161tvo doga\u0111anja, jedna od aktivnosti bila je akcija darivanja krvi odr\u017eana u utorak 12.prosinca u kojoj je prikupljeno 40 doza ove dragocjene teku\u0107ine. Bio je to povod za posjet samostanu i razgovor sa gvardijanom i \u017eupnikom fra Dariom Dodigom. Fra Dario nas je upoznao sa svim [&hellip;]","og_url":"https:\/\/radioljubuski.ba\/index.php\/2023\/12\/13\/rlj-audio-humacki-gvardijan-i-zupnik-fra-dario-dodig-najavio-aktivnosti-u-zupi-humac\/","og_site_name":"RADIO LJUBU\u0160KI","article_publisher":"https:\/\/www.facebook.com\/Radiio-Ljubuski-1490835324566332","article_published_time":"2023-12-13T13:56:43+00:00","article_modified_time":"2023-12-13T13:56:44+00:00","og_image":[{"width":1600,"height":1066,"url":"https:\/\/radioljubuski.ba\/wp-content\/uploads\/2023\/12\/fra-dario-dodig.jpeg","type":"image\/jpeg"}],"author":"Radio Ljubu\u0161ki","twitter_card":"summary_large_image","twitter_creator":"@radioljubuski","twitter_site":"@radioljubuski","twitter_misc":{"Napisao\/la":"Radio Ljubu\u0161ki","Procijenjeno vrijeme \u010ditanja":"2 minute"},"schema":{"@context":"https:\/\/schema.org","@graph":[{"@type":"Article","@id":"https:\/\/radioljubuski.ba\/index.php\/2023\/12\/13\/rlj-audio-humacki-gvardijan-i-zupnik-fra-dario-dodig-najavio-aktivnosti-u-zupi-humac\/#article","isPartOf":{"@id":"https:\/\/radioljubuski.ba\/index.php\/2023\/12\/13\/rlj-audio-humacki-gvardijan-i-zupnik-fra-dario-dodig-najavio-aktivnosti-u-zupi-humac\/"},"author":{"name":"Radio Ljubu\u0161ki","@id":"https:\/\/radioljubuski.ba\/#\/schema\/person\/19fc700381a780f69665d7956c469e3b"},"headline":"RLJ Audio: Huma\u010dki gvardijan i \u017eupnik fra Dario Dodig najavio aktivnosti u \u017eupi Humac","datePublished":"2023-12-13T13:56:43+00:00","dateModified":"2023-12-13T13:56:44+00:00","mainEntityOfPage":{"@id":"https:\/\/radioljubuski.ba\/index.php\/2023\/12\/13\/rlj-audio-humacki-gvardijan-i-zupnik-fra-dario-dodig-najavio-aktivnosti-u-zupi-humac\/"},"wordCount":276,"publisher":{"@id":"https:\/\/radioljubuski.ba\/#organization"},"image":{"@id":"https:\/\/radioljubuski.ba\/index.php\/2023\/12\/13\/rlj-audio-humacki-gvardijan-i-zupnik-fra-dario-dodig-najavio-aktivnosti-u-zupi-humac\/#primaryimage"},"thumbnailUrl":"https:\/\/radioljubuski.ba\/wp-content\/uploads\/2023\/12\/fra-dario-dodig.jpeg","articleSection":["Ljubu\u0161ki","Novosti","Poslu\u0161ajte"],"inLanguage":"hr"},{"@type":"WebPage","@id":"https:\/\/radioljubuski.ba\/index.php\/2023\/12\/13\/rlj-audio-humacki-gvardijan-i-zupnik-fra-dario-dodig-najavio-aktivnosti-u-zupi-humac\/","url":"https:\/\/radioljubuski.ba\/index.php\/2023\/12\/13\/rlj-audio-humacki-gvardijan-i-zupnik-fra-dario-dodig-najavio-aktivnosti-u-zupi-humac\/","name":"RLJ Audio: Huma\u010dki gvardijan i \u017eupnik fra Dario Dodig najavio aktivnosti u \u017eupi Humac - RADIO LJUBU\u0160KI","isPartOf":{"@id":"https:\/\/radioljubuski.ba\/#website"},"primaryImageOfPage":{"@id":"https:\/\/radioljubuski.ba\/index.php\/2023\/12\/13\/rlj-audio-humacki-gvardijan-i-zupnik-fra-dario-dodig-najavio-aktivnosti-u-zupi-humac\/#primaryimage"},"image":{"@id":"https:\/\/radioljubuski.ba\/index.php\/2023\/12\/13\/rlj-audio-humacki-gvardijan-i-zupnik-fra-dario-dodig-najavio-aktivnosti-u-zupi-humac\/#primaryimage"},"thumbnailUrl":"https:\/\/radioljubuski.ba\/wp-content\/uploads\/2023\/12\/fra-dario-dodig.jpeg","datePublished":"2023-12-13T13:56:43+00:00","dateModified":"2023-12-13T13:56:44+00:00","breadcrumb":{"@id":"https:\/\/radioljubuski.ba\/index.php\/2023\/12\/13\/rlj-audio-humacki-gvardijan-i-zupnik-fra-dario-dodig-najavio-aktivnosti-u-zupi-humac\/#breadcrumb"},"inLanguage":"hr","potentialAction":[{"@type":"ReadAction","target":["https:\/\/radioljubuski.ba\/index.php\/2023\/12\/13\/rlj-audio-humacki-gvardijan-i-zupnik-fra-dario-dodig-najavio-aktivnosti-u-zupi-humac\/"]}]},{"@type":"ImageObject","inLanguage":"hr","@id":"https:\/\/radioljubuski.ba\/index.php\/2023\/12\/13\/rlj-audio-humacki-gvardijan-i-zupnik-fra-dario-dodig-najavio-aktivnosti-u-zupi-humac\/#primaryimage","url":"https:\/\/radioljubuski.ba\/wp-content\/uploads\/2023\/12\/fra-dario-dodig.jpeg","contentUrl":"https:\/\/radioljubuski.ba\/wp-content\/uploads\/2023\/12\/fra-dario-dodig.jpeg","width":1600,"height":1066},{"@type":"BreadcrumbList","@id":"https:\/\/radioljubuski.ba\/index.php\/2023\/12\/13\/rlj-audio-humacki-gvardijan-i-zupnik-fra-dario-dodig-najavio-aktivnosti-u-zupi-humac\/#breadcrumb","itemListElement":[{"@type":"ListItem","position":1,"name":"Po\u010detna stranica","item":"https:\/\/radioljubuski.ba\/"},{"@type":"ListItem","position":2,"name":"RLJ Audio: Huma\u010dki gvardijan i \u017eupnik fra Dario Dodig najavio aktivnosti u \u017eupi Humac"}]},{"@type":"WebSite","@id":"https:\/\/radioljubuski.ba\/#website","url":"https:\/\/radioljubuski.ba\/","name":"Radio Ljubu\u0161ki","description":"Sun\u010dana frekvencija Hercegovine","publisher":{"@id":"https:\/\/radioljubuski.ba\/#organization"},"potentialAction":[{"@type":"SearchAction","target":{"@type":"EntryPoint","urlTemplate":"https:\/\/radioljubuski.ba\/?s={search_term_string}"},"query-input":{"@type":"PropertyValueSpecification","valueRequired":true,"valueName":"search_term_string"}}],"inLanguage":"hr"},{"@type":"Organization","@id":"https:\/\/radioljubuski.ba\/#organization","name":"Radio Ljubu\u0161ki","url":"https:\/\/radioljubuski.ba\/","logo":{"@type":"ImageObject","inLanguage":"hr","@id":"https:\/\/radioljubuski.ba\/#\/schema\/logo\/image\/","url":"https:\/\/radioljubuski.ba\/wp-content\/uploads\/2021\/02\/cropped-Radio_Ljubuski_logo1.jpg","contentUrl":"https:\/\/radioljubuski.ba\/wp-content\/uploads\/2021\/02\/cropped-Radio_Ljubuski_logo1.jpg","width":512,"height":512,"caption":"Radio Ljubu\u0161ki"},"image":{"@id":"https:\/\/radioljubuski.ba\/#\/schema\/logo\/image\/"},"sameAs":["https:\/\/www.facebook.com\/Radiio-Ljubuski-1490835324566332","https:\/\/x.com\/radioljubuski","https:\/\/hr.linkedin.com\/company\/radio-ljubuski","https:\/\/www.youtube.com\/channel\/UCHYaeO_n0Db3tjNGudGpXyw"]},{"@type":"Person","@id":"https:\/\/radioljubuski.ba\/#\/schema\/person\/19fc700381a780f69665d7956c469e3b","name":"Radio Ljubu\u0161ki"}]}},"_links":{"self":[{"href":"https:\/\/radioljubuski.ba\/index.php\/wp-json\/wp\/v2\/posts\/198422","targetHints":{"allow":["GET"]}}],"collection":[{"href":"https:\/\/radioljubuski.ba\/index.php\/wp-json\/wp\/v2\/posts"}],"about":[{"href":"https:\/\/radioljubuski.ba\/index.php\/wp-json\/wp\/v2\/types\/post"}],"author":[{"embeddable":true,"href":"https:\/\/radioljubuski.ba\/index.php\/wp-json\/wp\/v2\/users\/2"}],"replies":[{"embeddable":true,"href":"https:\/\/radioljubuski.ba\/index.php\/wp-json\/wp\/v2\/comments?post=198422"}],"version-history":[{"count":2,"href":"https:\/\/radioljubuski.ba\/index.php\/wp-json\/wp\/v2\/posts\/198422\/revisions"}],"predecessor-version":[{"id":198425,"href":"https:\/\/radioljubuski.ba\/index.php\/wp-json\/wp\/v2\/posts\/198422\/revisions\/198425"}],"wp:featuredmedia":[{"embeddable":true,"href":"https:\/\/radioljubuski.ba\/index.php\/wp-json\/wp\/v2\/media\/198424"}],"wp:attachment":[{"href":"https:\/\/radioljubuski.ba\/index.php\/wp-json\/wp\/v2\/media?parent=198422"}],"wp:term":[{"taxonomy":"category","embeddable":true,"href":"https:\/\/radioljubuski.ba\/index.php\/wp-json\/wp\/v2\/categories?post=198422"},{"taxonomy":"post_tag","embeddable":true,"href":"https:\/\/radioljubuski.ba\/index.php\/wp-json\/wp\/v2\/tags?post=198422"}],"curies":[{"name":"wp","href":"https:\/\/api.w.org\/{rel}","templated":true}]}}