{"id":198754,"date":"2023-12-26T09:35:49","date_gmt":"2023-12-26T08:35:49","guid":{"rendered":"https:\/\/radioljubuski.ba\/?p=198754"},"modified":"2023-12-26T09:35:50","modified_gmt":"2023-12-26T08:35:50","slug":"poslusajte-hagioasistentica-marija-jurkovic-ne-boj-se-opredijeliti-za-mir","status":"publish","type":"post","link":"https:\/\/radioljubuski.ba\/index.php\/2023\/12\/26\/poslusajte-hagioasistentica-marija-jurkovic-ne-boj-se-opredijeliti-za-mir\/","title":{"rendered":"Poslu\u0161ajte: Hagioasistentica Marija Jurkovi\u0107: Ne boj se opredijeliti za mir!"},"content":{"rendered":"\n<p>U programu Radija Ljubu\u0161ki hagioasistentica Marija Jurkovi\u0107 uputila je prigodno predbo\u017ei\u0107no razmi\u0161ljanje koje mo\u017eete poslu\u0161ati ovdje.<\/p>\n\n\n\n<p>Uputila je poruke opra\u0161tanja i mira &#8220;Ako ima jo\u0161 netko u tvom \u017eivotu prema kojem osje\u0107a\u0161 nemir, te\u0161ke osje\u0107aje, uvredu, la\u017e nemoj to hraniti i uni\u0161tavati svoj \u017eivot. Nemoj zadr\u017eavati otrov u sebi, radi sebe, radi svog dobra, radi mira u sebi donesi odluku za dobro, sve se bitno doga\u0111a u srcu, oprosti. <\/p>\n\n\n\n<p>Isus je do\u0161ao da te izmiri, oslobodi i povede u svijet ljubavi, pomirenja. Okreni se toj odluci \u017eelim \u017eivjeti miran i slobodan \u017eivot! <\/p>\n\n\n\n<p>Jedino \u0161to mi nitko ne mo\u017ee uzeti je moja sloboda da se odlu\u010dim za dobro! re\u010denica je koju sam nedavno \u010dula i koja mi se urezala u srce pa neka se spusti taj mir i tako do\u0111e do istine, idemo se opredijeliti za dobro.&#8221;  kazala je izme\u0111u ostalog. Cijelo razmi\u0161ljanje mo\u017eete poslu\u0161ati ovdje.<\/p>\n\n\n\n<p>Poslu\u0161ajte audiozapis:<\/p>\n\n\n\n<iframe loading=\"lazy\" width=\"560\" height=\"315\" src=\"https:\/\/www.youtube.com\/embed\/CgdzSg2OQmM?si=ohr2TUUdo5cepJy1\" title=\"YouTube video player\" frameborder=\"0\" allow=\"accelerometer; autoplay; clipboard-write; encrypted-media; gyroscope; picture-in-picture; web-share\" allowfullscreen><\/iframe>\n\n\n\n<p>Hagioterapija je izvorno hrvatska metoda duhovne pomo\u0107i \u010dovjeku koju je utemeljio pok. prof. dr. Tomislav Ivan\u010di\u0107. Pogodna je za sve osobe, a posebno za ljude koji osje\u0107aju odre\u0111enu bezvoljnost, strah, imaju naru\u0161ene me\u0111uljudske odnose, i osobito odnose u obitelji. Poku\u0161ava pomo\u0107i \u010dovjeku da izgradi i vrati svoje dostojanstvo, vidi pravi smisao \u017eivota, prepozna svoju originalnost i specifi\u010dnu slobodu.<\/p>\n\n\n\n<p>Radio Ljubu\u0161ki<\/p>\n","protected":false},"excerpt":{"rendered":"<p>U programu Radija Ljubu\u0161ki hagioasistentica Marija Jurkovi\u0107 uputila je prigodno predbo\u017ei\u0107no razmi\u0161ljanje koje mo\u017eete poslu\u0161ati ovdje. Uputila je poruke opra\u0161tanja i mira &#8220;Ako ima jo\u0161 netko u tvom \u017eivotu prema kojem osje\u0107a\u0161 nemir, te\u0161ke osje\u0107aje, uvredu, la\u017e nemoj to hraniti i uni\u0161tavati svoj \u017eivot. Nemoj zadr\u017eavati otrov u sebi, radi sebe, radi svog dobra, radi [&hellip;]<\/p>\n","protected":false},"author":2,"featured_media":198766,"comment_status":"closed","ping_status":"closed","sticky":false,"template":"","format":"standard","meta":{"h5ap_radio_sources":[],"footnotes":""},"categories":[3,28,32],"tags":[],"class_list":["post-198754","post","type-post","status-publish","format-standard","has-post-thumbnail","hentry","category-ljubuski","category-novosti","category-poslusajte"],"yoast_head":"<!-- This site is optimized with the Yoast SEO plugin v27.4 - https:\/\/yoast.com\/product\/yoast-seo-wordpress\/ -->\n<title>Poslu\u0161ajte: Hagioasistentica Marija Jurkovi\u0107: Ne boj se opredijeliti za mir! - RADIO LJUBU\u0160KI<\/title>\n<meta name=\"robots\" content=\"index, follow, max-snippet:-1, max-image-preview:large, max-video-preview:-1\" \/>\n<link rel=\"canonical\" href=\"https:\/\/radioljubuski.ba\/index.php\/2023\/12\/26\/poslusajte-hagioasistentica-marija-jurkovic-ne-boj-se-opredijeliti-za-mir\/\" \/>\n<meta property=\"og:locale\" content=\"hr_HR\" \/>\n<meta property=\"og:type\" content=\"article\" \/>\n<meta property=\"og:title\" content=\"Poslu\u0161ajte: Hagioasistentica Marija Jurkovi\u0107: Ne boj se opredijeliti za mir! - RADIO LJUBU\u0160KI\" \/>\n<meta property=\"og:description\" content=\"U programu Radija Ljubu\u0161ki hagioasistentica Marija Jurkovi\u0107 uputila je prigodno predbo\u017ei\u0107no razmi\u0161ljanje koje mo\u017eete poslu\u0161ati ovdje. Uputila je poruke opra\u0161tanja i mira &#8220;Ako ima jo\u0161 netko u tvom \u017eivotu prema kojem osje\u0107a\u0161 nemir, te\u0161ke osje\u0107aje, uvredu, la\u017e nemoj to hraniti i uni\u0161tavati svoj \u017eivot. Nemoj zadr\u017eavati otrov u sebi, radi sebe, radi svog dobra, radi [&hellip;]\" \/>\n<meta property=\"og:url\" content=\"https:\/\/radioljubuski.ba\/index.php\/2023\/12\/26\/poslusajte-hagioasistentica-marija-jurkovic-ne-boj-se-opredijeliti-za-mir\/\" \/>\n<meta property=\"og:site_name\" content=\"RADIO LJUBU\u0160KI\" \/>\n<meta property=\"article:publisher\" content=\"https:\/\/www.facebook.com\/Radiio-Ljubuski-1490835324566332\" \/>\n<meta property=\"article:published_time\" content=\"2023-12-26T08:35:49+00:00\" \/>\n<meta property=\"article:modified_time\" content=\"2023-12-26T08:35:50+00:00\" \/>\n<meta property=\"og:image\" content=\"https:\/\/radioljubuski.ba\/wp-content\/uploads\/2023\/12\/marija-Jurkovic-lampica-emisija--scaled.jpg\" \/>\n\t<meta property=\"og:image:width\" content=\"2560\" \/>\n\t<meta property=\"og:image:height\" content=\"1708\" \/>\n\t<meta property=\"og:image:type\" content=\"image\/jpeg\" \/>\n<meta name=\"author\" content=\"Radio Ljubu\u0161ki\" \/>\n<meta name=\"twitter:card\" content=\"summary_large_image\" \/>\n<meta name=\"twitter:creator\" content=\"@radioljubuski\" \/>\n<meta name=\"twitter:site\" content=\"@radioljubuski\" \/>\n<meta name=\"twitter:label1\" content=\"Napisao\/la\" \/>\n\t<meta name=\"twitter:data1\" content=\"Radio Ljubu\u0161ki\" \/>\n\t<meta name=\"twitter:label2\" content=\"Procijenjeno vrijeme \u010ditanja\" \/>\n\t<meta name=\"twitter:data2\" content=\"2 minute\" \/>\n<script type=\"application\/ld+json\" class=\"yoast-schema-graph\">{\"@context\":\"https:\\\/\\\/schema.org\",\"@graph\":[{\"@type\":\"Article\",\"@id\":\"https:\\\/\\\/radioljubuski.ba\\\/index.php\\\/2023\\\/12\\\/26\\\/poslusajte-hagioasistentica-marija-jurkovic-ne-boj-se-opredijeliti-za-mir\\\/#article\",\"isPartOf\":{\"@id\":\"https:\\\/\\\/radioljubuski.ba\\\/index.php\\\/2023\\\/12\\\/26\\\/poslusajte-hagioasistentica-marija-jurkovic-ne-boj-se-opredijeliti-za-mir\\\/\"},\"author\":{\"name\":\"Radio Ljubu\u0161ki\",\"@id\":\"https:\\\/\\\/radioljubuski.ba\\\/#\\\/schema\\\/person\\\/19fc700381a780f69665d7956c469e3b\"},\"headline\":\"Poslu\u0161ajte: Hagioasistentica Marija Jurkovi\u0107: Ne boj se opredijeliti za mir!\",\"datePublished\":\"2023-12-26T08:35:49+00:00\",\"dateModified\":\"2023-12-26T08:35:50+00:00\",\"mainEntityOfPage\":{\"@id\":\"https:\\\/\\\/radioljubuski.ba\\\/index.php\\\/2023\\\/12\\\/26\\\/poslusajte-hagioasistentica-marija-jurkovic-ne-boj-se-opredijeliti-za-mir\\\/\"},\"wordCount\":251,\"publisher\":{\"@id\":\"https:\\\/\\\/radioljubuski.ba\\\/#organization\"},\"image\":{\"@id\":\"https:\\\/\\\/radioljubuski.ba\\\/index.php\\\/2023\\\/12\\\/26\\\/poslusajte-hagioasistentica-marija-jurkovic-ne-boj-se-opredijeliti-za-mir\\\/#primaryimage\"},\"thumbnailUrl\":\"https:\\\/\\\/radioljubuski.ba\\\/wp-content\\\/uploads\\\/2023\\\/12\\\/marija-Jurkovic-lampica-emisija--scaled.jpg\",\"articleSection\":[\"Ljubu\u0161ki\",\"Novosti\",\"Poslu\u0161ajte\"],\"inLanguage\":\"hr\"},{\"@type\":\"WebPage\",\"@id\":\"https:\\\/\\\/radioljubuski.ba\\\/index.php\\\/2023\\\/12\\\/26\\\/poslusajte-hagioasistentica-marija-jurkovic-ne-boj-se-opredijeliti-za-mir\\\/\",\"url\":\"https:\\\/\\\/radioljubuski.ba\\\/index.php\\\/2023\\\/12\\\/26\\\/poslusajte-hagioasistentica-marija-jurkovic-ne-boj-se-opredijeliti-za-mir\\\/\",\"name\":\"Poslu\u0161ajte: Hagioasistentica Marija Jurkovi\u0107: Ne boj se opredijeliti za mir! - RADIO LJUBU\u0160KI\",\"isPartOf\":{\"@id\":\"https:\\\/\\\/radioljubuski.ba\\\/#website\"},\"primaryImageOfPage\":{\"@id\":\"https:\\\/\\\/radioljubuski.ba\\\/index.php\\\/2023\\\/12\\\/26\\\/poslusajte-hagioasistentica-marija-jurkovic-ne-boj-se-opredijeliti-za-mir\\\/#primaryimage\"},\"image\":{\"@id\":\"https:\\\/\\\/radioljubuski.ba\\\/index.php\\\/2023\\\/12\\\/26\\\/poslusajte-hagioasistentica-marija-jurkovic-ne-boj-se-opredijeliti-za-mir\\\/#primaryimage\"},\"thumbnailUrl\":\"https:\\\/\\\/radioljubuski.ba\\\/wp-content\\\/uploads\\\/2023\\\/12\\\/marija-Jurkovic-lampica-emisija--scaled.jpg\",\"datePublished\":\"2023-12-26T08:35:49+00:00\",\"dateModified\":\"2023-12-26T08:35:50+00:00\",\"breadcrumb\":{\"@id\":\"https:\\\/\\\/radioljubuski.ba\\\/index.php\\\/2023\\\/12\\\/26\\\/poslusajte-hagioasistentica-marija-jurkovic-ne-boj-se-opredijeliti-za-mir\\\/#breadcrumb\"},\"inLanguage\":\"hr\",\"potentialAction\":[{\"@type\":\"ReadAction\",\"target\":[\"https:\\\/\\\/radioljubuski.ba\\\/index.php\\\/2023\\\/12\\\/26\\\/poslusajte-hagioasistentica-marija-jurkovic-ne-boj-se-opredijeliti-za-mir\\\/\"]}]},{\"@type\":\"ImageObject\",\"inLanguage\":\"hr\",\"@id\":\"https:\\\/\\\/radioljubuski.ba\\\/index.php\\\/2023\\\/12\\\/26\\\/poslusajte-hagioasistentica-marija-jurkovic-ne-boj-se-opredijeliti-za-mir\\\/#primaryimage\",\"url\":\"https:\\\/\\\/radioljubuski.ba\\\/wp-content\\\/uploads\\\/2023\\\/12\\\/marija-Jurkovic-lampica-emisija--scaled.jpg\",\"contentUrl\":\"https:\\\/\\\/radioljubuski.ba\\\/wp-content\\\/uploads\\\/2023\\\/12\\\/marija-Jurkovic-lampica-emisija--scaled.jpg\",\"width\":2560,\"height\":1708},{\"@type\":\"BreadcrumbList\",\"@id\":\"https:\\\/\\\/radioljubuski.ba\\\/index.php\\\/2023\\\/12\\\/26\\\/poslusajte-hagioasistentica-marija-jurkovic-ne-boj-se-opredijeliti-za-mir\\\/#breadcrumb\",\"itemListElement\":[{\"@type\":\"ListItem\",\"position\":1,\"name\":\"Po\u010detna stranica\",\"item\":\"https:\\\/\\\/radioljubuski.ba\\\/\"},{\"@type\":\"ListItem\",\"position\":2,\"name\":\"Poslu\u0161ajte: Hagioasistentica Marija Jurkovi\u0107: Ne boj se opredijeliti za mir!\"}]},{\"@type\":\"WebSite\",\"@id\":\"https:\\\/\\\/radioljubuski.ba\\\/#website\",\"url\":\"https:\\\/\\\/radioljubuski.ba\\\/\",\"name\":\"Radio Ljubu\u0161ki\",\"description\":\"Sun\u010dana frekvencija Hercegovine\",\"publisher\":{\"@id\":\"https:\\\/\\\/radioljubuski.ba\\\/#organization\"},\"potentialAction\":[{\"@type\":\"SearchAction\",\"target\":{\"@type\":\"EntryPoint\",\"urlTemplate\":\"https:\\\/\\\/radioljubuski.ba\\\/?s={search_term_string}\"},\"query-input\":{\"@type\":\"PropertyValueSpecification\",\"valueRequired\":true,\"valueName\":\"search_term_string\"}}],\"inLanguage\":\"hr\"},{\"@type\":\"Organization\",\"@id\":\"https:\\\/\\\/radioljubuski.ba\\\/#organization\",\"name\":\"Radio Ljubu\u0161ki\",\"url\":\"https:\\\/\\\/radioljubuski.ba\\\/\",\"logo\":{\"@type\":\"ImageObject\",\"inLanguage\":\"hr\",\"@id\":\"https:\\\/\\\/radioljubuski.ba\\\/#\\\/schema\\\/logo\\\/image\\\/\",\"url\":\"https:\\\/\\\/radioljubuski.ba\\\/wp-content\\\/uploads\\\/2021\\\/02\\\/cropped-Radio_Ljubuski_logo1.jpg\",\"contentUrl\":\"https:\\\/\\\/radioljubuski.ba\\\/wp-content\\\/uploads\\\/2021\\\/02\\\/cropped-Radio_Ljubuski_logo1.jpg\",\"width\":512,\"height\":512,\"caption\":\"Radio Ljubu\u0161ki\"},\"image\":{\"@id\":\"https:\\\/\\\/radioljubuski.ba\\\/#\\\/schema\\\/logo\\\/image\\\/\"},\"sameAs\":[\"https:\\\/\\\/www.facebook.com\\\/Radiio-Ljubuski-1490835324566332\",\"https:\\\/\\\/x.com\\\/radioljubuski\",\"https:\\\/\\\/hr.linkedin.com\\\/company\\\/radio-ljubuski\",\"https:\\\/\\\/www.youtube.com\\\/channel\\\/UCHYaeO_n0Db3tjNGudGpXyw\"]},{\"@type\":\"Person\",\"@id\":\"https:\\\/\\\/radioljubuski.ba\\\/#\\\/schema\\\/person\\\/19fc700381a780f69665d7956c469e3b\",\"name\":\"Radio Ljubu\u0161ki\"}]}<\/script>\n<!-- \/ Yoast SEO plugin. -->","yoast_head_json":{"title":"Poslu\u0161ajte: Hagioasistentica Marija Jurkovi\u0107: Ne boj se opredijeliti za mir! - RADIO LJUBU\u0160KI","robots":{"index":"index","follow":"follow","max-snippet":"max-snippet:-1","max-image-preview":"max-image-preview:large","max-video-preview":"max-video-preview:-1"},"canonical":"https:\/\/radioljubuski.ba\/index.php\/2023\/12\/26\/poslusajte-hagioasistentica-marija-jurkovic-ne-boj-se-opredijeliti-za-mir\/","og_locale":"hr_HR","og_type":"article","og_title":"Poslu\u0161ajte: Hagioasistentica Marija Jurkovi\u0107: Ne boj se opredijeliti za mir! - RADIO LJUBU\u0160KI","og_description":"U programu Radija Ljubu\u0161ki hagioasistentica Marija Jurkovi\u0107 uputila je prigodno predbo\u017ei\u0107no razmi\u0161ljanje koje mo\u017eete poslu\u0161ati ovdje. Uputila je poruke opra\u0161tanja i mira &#8220;Ako ima jo\u0161 netko u tvom \u017eivotu prema kojem osje\u0107a\u0161 nemir, te\u0161ke osje\u0107aje, uvredu, la\u017e nemoj to hraniti i uni\u0161tavati svoj \u017eivot. Nemoj zadr\u017eavati otrov u sebi, radi sebe, radi svog dobra, radi [&hellip;]","og_url":"https:\/\/radioljubuski.ba\/index.php\/2023\/12\/26\/poslusajte-hagioasistentica-marija-jurkovic-ne-boj-se-opredijeliti-za-mir\/","og_site_name":"RADIO LJUBU\u0160KI","article_publisher":"https:\/\/www.facebook.com\/Radiio-Ljubuski-1490835324566332","article_published_time":"2023-12-26T08:35:49+00:00","article_modified_time":"2023-12-26T08:35:50+00:00","og_image":[{"width":2560,"height":1708,"url":"https:\/\/radioljubuski.ba\/wp-content\/uploads\/2023\/12\/marija-Jurkovic-lampica-emisija--scaled.jpg","type":"image\/jpeg"}],"author":"Radio Ljubu\u0161ki","twitter_card":"summary_large_image","twitter_creator":"@radioljubuski","twitter_site":"@radioljubuski","twitter_misc":{"Napisao\/la":"Radio Ljubu\u0161ki","Procijenjeno vrijeme \u010ditanja":"2 minute"},"schema":{"@context":"https:\/\/schema.org","@graph":[{"@type":"Article","@id":"https:\/\/radioljubuski.ba\/index.php\/2023\/12\/26\/poslusajte-hagioasistentica-marija-jurkovic-ne-boj-se-opredijeliti-za-mir\/#article","isPartOf":{"@id":"https:\/\/radioljubuski.ba\/index.php\/2023\/12\/26\/poslusajte-hagioasistentica-marija-jurkovic-ne-boj-se-opredijeliti-za-mir\/"},"author":{"name":"Radio Ljubu\u0161ki","@id":"https:\/\/radioljubuski.ba\/#\/schema\/person\/19fc700381a780f69665d7956c469e3b"},"headline":"Poslu\u0161ajte: Hagioasistentica Marija Jurkovi\u0107: Ne boj se opredijeliti za mir!","datePublished":"2023-12-26T08:35:49+00:00","dateModified":"2023-12-26T08:35:50+00:00","mainEntityOfPage":{"@id":"https:\/\/radioljubuski.ba\/index.php\/2023\/12\/26\/poslusajte-hagioasistentica-marija-jurkovic-ne-boj-se-opredijeliti-za-mir\/"},"wordCount":251,"publisher":{"@id":"https:\/\/radioljubuski.ba\/#organization"},"image":{"@id":"https:\/\/radioljubuski.ba\/index.php\/2023\/12\/26\/poslusajte-hagioasistentica-marija-jurkovic-ne-boj-se-opredijeliti-za-mir\/#primaryimage"},"thumbnailUrl":"https:\/\/radioljubuski.ba\/wp-content\/uploads\/2023\/12\/marija-Jurkovic-lampica-emisija--scaled.jpg","articleSection":["Ljubu\u0161ki","Novosti","Poslu\u0161ajte"],"inLanguage":"hr"},{"@type":"WebPage","@id":"https:\/\/radioljubuski.ba\/index.php\/2023\/12\/26\/poslusajte-hagioasistentica-marija-jurkovic-ne-boj-se-opredijeliti-za-mir\/","url":"https:\/\/radioljubuski.ba\/index.php\/2023\/12\/26\/poslusajte-hagioasistentica-marija-jurkovic-ne-boj-se-opredijeliti-za-mir\/","name":"Poslu\u0161ajte: Hagioasistentica Marija Jurkovi\u0107: Ne boj se opredijeliti za mir! - RADIO LJUBU\u0160KI","isPartOf":{"@id":"https:\/\/radioljubuski.ba\/#website"},"primaryImageOfPage":{"@id":"https:\/\/radioljubuski.ba\/index.php\/2023\/12\/26\/poslusajte-hagioasistentica-marija-jurkovic-ne-boj-se-opredijeliti-za-mir\/#primaryimage"},"image":{"@id":"https:\/\/radioljubuski.ba\/index.php\/2023\/12\/26\/poslusajte-hagioasistentica-marija-jurkovic-ne-boj-se-opredijeliti-za-mir\/#primaryimage"},"thumbnailUrl":"https:\/\/radioljubuski.ba\/wp-content\/uploads\/2023\/12\/marija-Jurkovic-lampica-emisija--scaled.jpg","datePublished":"2023-12-26T08:35:49+00:00","dateModified":"2023-12-26T08:35:50+00:00","breadcrumb":{"@id":"https:\/\/radioljubuski.ba\/index.php\/2023\/12\/26\/poslusajte-hagioasistentica-marija-jurkovic-ne-boj-se-opredijeliti-za-mir\/#breadcrumb"},"inLanguage":"hr","potentialAction":[{"@type":"ReadAction","target":["https:\/\/radioljubuski.ba\/index.php\/2023\/12\/26\/poslusajte-hagioasistentica-marija-jurkovic-ne-boj-se-opredijeliti-za-mir\/"]}]},{"@type":"ImageObject","inLanguage":"hr","@id":"https:\/\/radioljubuski.ba\/index.php\/2023\/12\/26\/poslusajte-hagioasistentica-marija-jurkovic-ne-boj-se-opredijeliti-za-mir\/#primaryimage","url":"https:\/\/radioljubuski.ba\/wp-content\/uploads\/2023\/12\/marija-Jurkovic-lampica-emisija--scaled.jpg","contentUrl":"https:\/\/radioljubuski.ba\/wp-content\/uploads\/2023\/12\/marija-Jurkovic-lampica-emisija--scaled.jpg","width":2560,"height":1708},{"@type":"BreadcrumbList","@id":"https:\/\/radioljubuski.ba\/index.php\/2023\/12\/26\/poslusajte-hagioasistentica-marija-jurkovic-ne-boj-se-opredijeliti-za-mir\/#breadcrumb","itemListElement":[{"@type":"ListItem","position":1,"name":"Po\u010detna stranica","item":"https:\/\/radioljubuski.ba\/"},{"@type":"ListItem","position":2,"name":"Poslu\u0161ajte: Hagioasistentica Marija Jurkovi\u0107: Ne boj se opredijeliti za mir!"}]},{"@type":"WebSite","@id":"https:\/\/radioljubuski.ba\/#website","url":"https:\/\/radioljubuski.ba\/","name":"Radio Ljubu\u0161ki","description":"Sun\u010dana frekvencija Hercegovine","publisher":{"@id":"https:\/\/radioljubuski.ba\/#organization"},"potentialAction":[{"@type":"SearchAction","target":{"@type":"EntryPoint","urlTemplate":"https:\/\/radioljubuski.ba\/?s={search_term_string}"},"query-input":{"@type":"PropertyValueSpecification","valueRequired":true,"valueName":"search_term_string"}}],"inLanguage":"hr"},{"@type":"Organization","@id":"https:\/\/radioljubuski.ba\/#organization","name":"Radio Ljubu\u0161ki","url":"https:\/\/radioljubuski.ba\/","logo":{"@type":"ImageObject","inLanguage":"hr","@id":"https:\/\/radioljubuski.ba\/#\/schema\/logo\/image\/","url":"https:\/\/radioljubuski.ba\/wp-content\/uploads\/2021\/02\/cropped-Radio_Ljubuski_logo1.jpg","contentUrl":"https:\/\/radioljubuski.ba\/wp-content\/uploads\/2021\/02\/cropped-Radio_Ljubuski_logo1.jpg","width":512,"height":512,"caption":"Radio Ljubu\u0161ki"},"image":{"@id":"https:\/\/radioljubuski.ba\/#\/schema\/logo\/image\/"},"sameAs":["https:\/\/www.facebook.com\/Radiio-Ljubuski-1490835324566332","https:\/\/x.com\/radioljubuski","https:\/\/hr.linkedin.com\/company\/radio-ljubuski","https:\/\/www.youtube.com\/channel\/UCHYaeO_n0Db3tjNGudGpXyw"]},{"@type":"Person","@id":"https:\/\/radioljubuski.ba\/#\/schema\/person\/19fc700381a780f69665d7956c469e3b","name":"Radio Ljubu\u0161ki"}]}},"_links":{"self":[{"href":"https:\/\/radioljubuski.ba\/index.php\/wp-json\/wp\/v2\/posts\/198754","targetHints":{"allow":["GET"]}}],"collection":[{"href":"https:\/\/radioljubuski.ba\/index.php\/wp-json\/wp\/v2\/posts"}],"about":[{"href":"https:\/\/radioljubuski.ba\/index.php\/wp-json\/wp\/v2\/types\/post"}],"author":[{"embeddable":true,"href":"https:\/\/radioljubuski.ba\/index.php\/wp-json\/wp\/v2\/users\/2"}],"replies":[{"embeddable":true,"href":"https:\/\/radioljubuski.ba\/index.php\/wp-json\/wp\/v2\/comments?post=198754"}],"version-history":[{"count":4,"href":"https:\/\/radioljubuski.ba\/index.php\/wp-json\/wp\/v2\/posts\/198754\/revisions"}],"predecessor-version":[{"id":198971,"href":"https:\/\/radioljubuski.ba\/index.php\/wp-json\/wp\/v2\/posts\/198754\/revisions\/198971"}],"wp:featuredmedia":[{"embeddable":true,"href":"https:\/\/radioljubuski.ba\/index.php\/wp-json\/wp\/v2\/media\/198766"}],"wp:attachment":[{"href":"https:\/\/radioljubuski.ba\/index.php\/wp-json\/wp\/v2\/media?parent=198754"}],"wp:term":[{"taxonomy":"category","embeddable":true,"href":"https:\/\/radioljubuski.ba\/index.php\/wp-json\/wp\/v2\/categories?post=198754"},{"taxonomy":"post_tag","embeddable":true,"href":"https:\/\/radioljubuski.ba\/index.php\/wp-json\/wp\/v2\/tags?post=198754"}],"curies":[{"name":"wp","href":"https:\/\/api.w.org\/{rel}","templated":true}]}}