{"id":199052,"date":"2023-12-30T15:19:01","date_gmt":"2023-12-30T14:19:01","guid":{"rendered":"https:\/\/radioljubuski.ba\/?p=199052"},"modified":"2023-12-30T15:19:02","modified_gmt":"2023-12-30T14:19:02","slug":"utvrden-prijedlog-odluke-o-privremenom-financiranju-federacije-bih-za-prva-tri-mjeseca-iduce-godine","status":"publish","type":"post","link":"https:\/\/radioljubuski.ba\/index.php\/2023\/12\/30\/utvrden-prijedlog-odluke-o-privremenom-financiranju-federacije-bih-za-prva-tri-mjeseca-iduce-godine\/","title":{"rendered":"Utvr\u0111en Prijedlog odluke o privremenom financiranju Federacije BiH za prva tri mjeseca idu\u0107e godine"},"content":{"rendered":"\n<p>Vlada Federacije BiH je na dana\u0161njoj sjednici u Sarajevu utvrdila Prijedlog odluke o privremenom financiranju Federacije Bosne i Hercegovine za razdoblje sije\u010danj-o\u017eujak 2024. godine, koja \u0107e biti upu\u0107ena Parlamentu FBiH radi razmatranja i dono\u0161enja.<\/p>\n\n\n\n<p>Ovom odlukom utvr\u0111uje se iznos privremenog financiranja Federacije BiH, do dono\u0161enja Prora\u010duna Federacije Bosne i Hercegovine za 2024. godinu, za&nbsp; razdoblje sije\u010danj-o\u017eujak 2024. godine.<\/p>\n\n\n\n<p>Privremeno financiranje Federacije Bosne i Hercegovine za razdoblje sije\u010danj-o\u017eujak 2024. godine utvr\u0111uje se u iznosu od 1.466.314.335 KM, a na osnovu tromjese\u010dnog prosjeka izvr\u0161enja Prora\u010duna FBiH u periodu sije\u010danj \u2013 rujan 2023. godine. Prora\u010dun Federacije Bosne i Hercegovine za razdoblje sije\u010danj-o\u017eujak 2024. godine sastoji se od prihoda i primitaka u iznosu od 1.466.314.335 KM, koliko je i iznos rashoda i izdataka.<\/p>\n\n\n\n<p>Prema \u010dlanu 35. Zakona o pror\u010dunu u FBiH, ukoliko se ne donese prora\u010dun prije po\u010detka fiskalne godine, privremeno se, a na osnovu odluke o privremenom financiranju, nastavlja financiranje poslova, funkcija i programa korisnika prora\u010duna. Privremeno financiranje obavlja se najdu\u017ee za prva tri mjeseca fiskalne godine. Odluku o privremenom financiranju, na prijedlog Vlade FBiH, donosi Federalni parlament. Privremeno financiranje obavlja se srazmjerno sredstvima utro\u0161enim u istom periodu, a najvi\u0161e do tromjese\u010dnog prosjeka za prethodnu fiskalnu godinu. U periodu privremenog financiranja financiraju se isti programi, a korisnici ne smiju pove\u0107avati broj zaposlenih u odnosu na stanje na dan 31. prosinca prethodne godine.<\/p>\n\n\n\n<p>U skladu sa ovime, Vlada Federacije BiH je pripremila Prijedlog odluke o privremenom financiranju Federacije BiH za razdoblje sije\u010danj- o\u017eujak 2024. godine. Ovo podrazumijeva da \u0107e se za vrijeme trajanja ove odluke o financirati samo oni programi i projekti koji su imali izvr\u0161enje u navedenom periodu.<\/p>\n\n\n\n<p>Kako je obrazlo\u017eeno prijedlog ove odluke je utvr\u0111en s ciljem da se provede kompletna procedura i uklju\u010de sveobuhvatna rje\u0161enja, a kako bi se izradio \u0161to kvalitetniji Prijedlog prora\u010duna FBiH za 2024. godinu.<\/p>\n\n\n\n<p>Ljportal<\/p>\n\n\n\n<p><\/p>\n","protected":false},"excerpt":{"rendered":"<p>Vlada Federacije BiH je na dana\u0161njoj sjednici u Sarajevu utvrdila Prijedlog odluke o privremenom financiranju Federacije Bosne i Hercegovine za razdoblje sije\u010danj-o\u017eujak 2024. godine, koja \u0107e biti upu\u0107ena Parlamentu FBiH radi razmatranja i dono\u0161enja. Ovom odlukom utvr\u0111uje se iznos privremenog financiranja Federacije BiH, do dono\u0161enja Prora\u010duna Federacije Bosne i Hercegovine za 2024. godinu, za&nbsp; razdoblje [&hellip;]<\/p>\n","protected":false},"author":2,"featured_media":199053,"comment_status":"closed","ping_status":"closed","sticky":false,"template":"","format":"standard","meta":{"h5ap_radio_sources":[],"footnotes":""},"categories":[28],"tags":[],"class_list":["post-199052","post","type-post","status-publish","format-standard","has-post-thumbnail","hentry","category-novosti"],"yoast_head":"<!-- This site is optimized with the Yoast SEO plugin v27.4 - https:\/\/yoast.com\/product\/yoast-seo-wordpress\/ -->\n<title>Utvr\u0111en Prijedlog odluke o privremenom financiranju Federacije BiH za prva tri mjeseca idu\u0107e godine - RADIO LJUBU\u0160KI<\/title>\n<meta name=\"robots\" content=\"index, follow, max-snippet:-1, max-image-preview:large, max-video-preview:-1\" \/>\n<link rel=\"canonical\" href=\"https:\/\/radioljubuski.ba\/index.php\/2023\/12\/30\/utvrden-prijedlog-odluke-o-privremenom-financiranju-federacije-bih-za-prva-tri-mjeseca-iduce-godine\/\" \/>\n<meta property=\"og:locale\" content=\"hr_HR\" \/>\n<meta property=\"og:type\" content=\"article\" \/>\n<meta property=\"og:title\" content=\"Utvr\u0111en Prijedlog odluke o privremenom financiranju Federacije BiH za prva tri mjeseca idu\u0107e godine - RADIO LJUBU\u0160KI\" \/>\n<meta property=\"og:description\" content=\"Vlada Federacije BiH je na dana\u0161njoj sjednici u Sarajevu utvrdila Prijedlog odluke o privremenom financiranju Federacije Bosne i Hercegovine za razdoblje sije\u010danj-o\u017eujak 2024. godine, koja \u0107e biti upu\u0107ena Parlamentu FBiH radi razmatranja i dono\u0161enja. Ovom odlukom utvr\u0111uje se iznos privremenog financiranja Federacije BiH, do dono\u0161enja Prora\u010duna Federacije Bosne i Hercegovine za 2024. godinu, za&nbsp; razdoblje [&hellip;]\" \/>\n<meta property=\"og:url\" content=\"https:\/\/radioljubuski.ba\/index.php\/2023\/12\/30\/utvrden-prijedlog-odluke-o-privremenom-financiranju-federacije-bih-za-prva-tri-mjeseca-iduce-godine\/\" \/>\n<meta property=\"og:site_name\" content=\"RADIO LJUBU\u0160KI\" \/>\n<meta property=\"article:publisher\" content=\"https:\/\/www.facebook.com\/Radiio-Ljubuski-1490835324566332\" \/>\n<meta property=\"article:published_time\" content=\"2023-12-30T14:19:01+00:00\" \/>\n<meta property=\"article:modified_time\" content=\"2023-12-30T14:19:02+00:00\" \/>\n<meta property=\"og:image\" content=\"https:\/\/radioljubuski.ba\/wp-content\/uploads\/2023\/12\/IMG_3862.jpeg\" \/>\n\t<meta property=\"og:image:width\" content=\"600\" \/>\n\t<meta property=\"og:image:height\" content=\"400\" \/>\n\t<meta property=\"og:image:type\" content=\"image\/jpeg\" \/>\n<meta name=\"author\" content=\"Radio Ljubu\u0161ki\" \/>\n<meta name=\"twitter:card\" content=\"summary_large_image\" \/>\n<meta name=\"twitter:creator\" content=\"@radioljubuski\" \/>\n<meta name=\"twitter:site\" content=\"@radioljubuski\" \/>\n<meta name=\"twitter:label1\" content=\"Napisao\/la\" \/>\n\t<meta name=\"twitter:data1\" content=\"Radio Ljubu\u0161ki\" \/>\n\t<meta name=\"twitter:label2\" content=\"Procijenjeno vrijeme \u010ditanja\" \/>\n\t<meta name=\"twitter:data2\" content=\"2 minute\" \/>\n<script type=\"application\/ld+json\" class=\"yoast-schema-graph\">{\"@context\":\"https:\\\/\\\/schema.org\",\"@graph\":[{\"@type\":\"Article\",\"@id\":\"https:\\\/\\\/radioljubuski.ba\\\/index.php\\\/2023\\\/12\\\/30\\\/utvrden-prijedlog-odluke-o-privremenom-financiranju-federacije-bih-za-prva-tri-mjeseca-iduce-godine\\\/#article\",\"isPartOf\":{\"@id\":\"https:\\\/\\\/radioljubuski.ba\\\/index.php\\\/2023\\\/12\\\/30\\\/utvrden-prijedlog-odluke-o-privremenom-financiranju-federacije-bih-za-prva-tri-mjeseca-iduce-godine\\\/\"},\"author\":{\"name\":\"Radio Ljubu\u0161ki\",\"@id\":\"https:\\\/\\\/radioljubuski.ba\\\/#\\\/schema\\\/person\\\/19fc700381a780f69665d7956c469e3b\"},\"headline\":\"Utvr\u0111en Prijedlog odluke o privremenom financiranju Federacije BiH za prva tri mjeseca idu\u0107e godine\",\"datePublished\":\"2023-12-30T14:19:01+00:00\",\"dateModified\":\"2023-12-30T14:19:02+00:00\",\"mainEntityOfPage\":{\"@id\":\"https:\\\/\\\/radioljubuski.ba\\\/index.php\\\/2023\\\/12\\\/30\\\/utvrden-prijedlog-odluke-o-privremenom-financiranju-federacije-bih-za-prva-tri-mjeseca-iduce-godine\\\/\"},\"wordCount\":339,\"publisher\":{\"@id\":\"https:\\\/\\\/radioljubuski.ba\\\/#organization\"},\"image\":{\"@id\":\"https:\\\/\\\/radioljubuski.ba\\\/index.php\\\/2023\\\/12\\\/30\\\/utvrden-prijedlog-odluke-o-privremenom-financiranju-federacije-bih-za-prva-tri-mjeseca-iduce-godine\\\/#primaryimage\"},\"thumbnailUrl\":\"https:\\\/\\\/radioljubuski.ba\\\/wp-content\\\/uploads\\\/2023\\\/12\\\/IMG_3862.jpeg\",\"articleSection\":[\"Novosti\"],\"inLanguage\":\"hr\"},{\"@type\":\"WebPage\",\"@id\":\"https:\\\/\\\/radioljubuski.ba\\\/index.php\\\/2023\\\/12\\\/30\\\/utvrden-prijedlog-odluke-o-privremenom-financiranju-federacije-bih-za-prva-tri-mjeseca-iduce-godine\\\/\",\"url\":\"https:\\\/\\\/radioljubuski.ba\\\/index.php\\\/2023\\\/12\\\/30\\\/utvrden-prijedlog-odluke-o-privremenom-financiranju-federacije-bih-za-prva-tri-mjeseca-iduce-godine\\\/\",\"name\":\"Utvr\u0111en Prijedlog odluke o privremenom financiranju Federacije BiH za prva tri mjeseca idu\u0107e godine - RADIO LJUBU\u0160KI\",\"isPartOf\":{\"@id\":\"https:\\\/\\\/radioljubuski.ba\\\/#website\"},\"primaryImageOfPage\":{\"@id\":\"https:\\\/\\\/radioljubuski.ba\\\/index.php\\\/2023\\\/12\\\/30\\\/utvrden-prijedlog-odluke-o-privremenom-financiranju-federacije-bih-za-prva-tri-mjeseca-iduce-godine\\\/#primaryimage\"},\"image\":{\"@id\":\"https:\\\/\\\/radioljubuski.ba\\\/index.php\\\/2023\\\/12\\\/30\\\/utvrden-prijedlog-odluke-o-privremenom-financiranju-federacije-bih-za-prva-tri-mjeseca-iduce-godine\\\/#primaryimage\"},\"thumbnailUrl\":\"https:\\\/\\\/radioljubuski.ba\\\/wp-content\\\/uploads\\\/2023\\\/12\\\/IMG_3862.jpeg\",\"datePublished\":\"2023-12-30T14:19:01+00:00\",\"dateModified\":\"2023-12-30T14:19:02+00:00\",\"breadcrumb\":{\"@id\":\"https:\\\/\\\/radioljubuski.ba\\\/index.php\\\/2023\\\/12\\\/30\\\/utvrden-prijedlog-odluke-o-privremenom-financiranju-federacije-bih-za-prva-tri-mjeseca-iduce-godine\\\/#breadcrumb\"},\"inLanguage\":\"hr\",\"potentialAction\":[{\"@type\":\"ReadAction\",\"target\":[\"https:\\\/\\\/radioljubuski.ba\\\/index.php\\\/2023\\\/12\\\/30\\\/utvrden-prijedlog-odluke-o-privremenom-financiranju-federacije-bih-za-prva-tri-mjeseca-iduce-godine\\\/\"]}]},{\"@type\":\"ImageObject\",\"inLanguage\":\"hr\",\"@id\":\"https:\\\/\\\/radioljubuski.ba\\\/index.php\\\/2023\\\/12\\\/30\\\/utvrden-prijedlog-odluke-o-privremenom-financiranju-federacije-bih-za-prva-tri-mjeseca-iduce-godine\\\/#primaryimage\",\"url\":\"https:\\\/\\\/radioljubuski.ba\\\/wp-content\\\/uploads\\\/2023\\\/12\\\/IMG_3862.jpeg\",\"contentUrl\":\"https:\\\/\\\/radioljubuski.ba\\\/wp-content\\\/uploads\\\/2023\\\/12\\\/IMG_3862.jpeg\",\"width\":600,\"height\":400},{\"@type\":\"BreadcrumbList\",\"@id\":\"https:\\\/\\\/radioljubuski.ba\\\/index.php\\\/2023\\\/12\\\/30\\\/utvrden-prijedlog-odluke-o-privremenom-financiranju-federacije-bih-za-prva-tri-mjeseca-iduce-godine\\\/#breadcrumb\",\"itemListElement\":[{\"@type\":\"ListItem\",\"position\":1,\"name\":\"Po\u010detna stranica\",\"item\":\"https:\\\/\\\/radioljubuski.ba\\\/\"},{\"@type\":\"ListItem\",\"position\":2,\"name\":\"Utvr\u0111en Prijedlog odluke o privremenom financiranju Federacije BiH za prva tri mjeseca idu\u0107e godine\"}]},{\"@type\":\"WebSite\",\"@id\":\"https:\\\/\\\/radioljubuski.ba\\\/#website\",\"url\":\"https:\\\/\\\/radioljubuski.ba\\\/\",\"name\":\"Radio Ljubu\u0161ki\",\"description\":\"Sun\u010dana frekvencija Hercegovine\",\"publisher\":{\"@id\":\"https:\\\/\\\/radioljubuski.ba\\\/#organization\"},\"potentialAction\":[{\"@type\":\"SearchAction\",\"target\":{\"@type\":\"EntryPoint\",\"urlTemplate\":\"https:\\\/\\\/radioljubuski.ba\\\/?s={search_term_string}\"},\"query-input\":{\"@type\":\"PropertyValueSpecification\",\"valueRequired\":true,\"valueName\":\"search_term_string\"}}],\"inLanguage\":\"hr\"},{\"@type\":\"Organization\",\"@id\":\"https:\\\/\\\/radioljubuski.ba\\\/#organization\",\"name\":\"Radio Ljubu\u0161ki\",\"url\":\"https:\\\/\\\/radioljubuski.ba\\\/\",\"logo\":{\"@type\":\"ImageObject\",\"inLanguage\":\"hr\",\"@id\":\"https:\\\/\\\/radioljubuski.ba\\\/#\\\/schema\\\/logo\\\/image\\\/\",\"url\":\"https:\\\/\\\/radioljubuski.ba\\\/wp-content\\\/uploads\\\/2021\\\/02\\\/cropped-Radio_Ljubuski_logo1.jpg\",\"contentUrl\":\"https:\\\/\\\/radioljubuski.ba\\\/wp-content\\\/uploads\\\/2021\\\/02\\\/cropped-Radio_Ljubuski_logo1.jpg\",\"width\":512,\"height\":512,\"caption\":\"Radio Ljubu\u0161ki\"},\"image\":{\"@id\":\"https:\\\/\\\/radioljubuski.ba\\\/#\\\/schema\\\/logo\\\/image\\\/\"},\"sameAs\":[\"https:\\\/\\\/www.facebook.com\\\/Radiio-Ljubuski-1490835324566332\",\"https:\\\/\\\/x.com\\\/radioljubuski\",\"https:\\\/\\\/hr.linkedin.com\\\/company\\\/radio-ljubuski\",\"https:\\\/\\\/www.youtube.com\\\/channel\\\/UCHYaeO_n0Db3tjNGudGpXyw\"]},{\"@type\":\"Person\",\"@id\":\"https:\\\/\\\/radioljubuski.ba\\\/#\\\/schema\\\/person\\\/19fc700381a780f69665d7956c469e3b\",\"name\":\"Radio Ljubu\u0161ki\"}]}<\/script>\n<!-- \/ Yoast SEO plugin. -->","yoast_head_json":{"title":"Utvr\u0111en Prijedlog odluke o privremenom financiranju Federacije BiH za prva tri mjeseca idu\u0107e godine - RADIO LJUBU\u0160KI","robots":{"index":"index","follow":"follow","max-snippet":"max-snippet:-1","max-image-preview":"max-image-preview:large","max-video-preview":"max-video-preview:-1"},"canonical":"https:\/\/radioljubuski.ba\/index.php\/2023\/12\/30\/utvrden-prijedlog-odluke-o-privremenom-financiranju-federacije-bih-za-prva-tri-mjeseca-iduce-godine\/","og_locale":"hr_HR","og_type":"article","og_title":"Utvr\u0111en Prijedlog odluke o privremenom financiranju Federacije BiH za prva tri mjeseca idu\u0107e godine - RADIO LJUBU\u0160KI","og_description":"Vlada Federacije BiH je na dana\u0161njoj sjednici u Sarajevu utvrdila Prijedlog odluke o privremenom financiranju Federacije Bosne i Hercegovine za razdoblje sije\u010danj-o\u017eujak 2024. godine, koja \u0107e biti upu\u0107ena Parlamentu FBiH radi razmatranja i dono\u0161enja. Ovom odlukom utvr\u0111uje se iznos privremenog financiranja Federacije BiH, do dono\u0161enja Prora\u010duna Federacije Bosne i Hercegovine za 2024. godinu, za&nbsp; razdoblje [&hellip;]","og_url":"https:\/\/radioljubuski.ba\/index.php\/2023\/12\/30\/utvrden-prijedlog-odluke-o-privremenom-financiranju-federacije-bih-za-prva-tri-mjeseca-iduce-godine\/","og_site_name":"RADIO LJUBU\u0160KI","article_publisher":"https:\/\/www.facebook.com\/Radiio-Ljubuski-1490835324566332","article_published_time":"2023-12-30T14:19:01+00:00","article_modified_time":"2023-12-30T14:19:02+00:00","og_image":[{"width":600,"height":400,"url":"https:\/\/radioljubuski.ba\/wp-content\/uploads\/2023\/12\/IMG_3862.jpeg","type":"image\/jpeg"}],"author":"Radio Ljubu\u0161ki","twitter_card":"summary_large_image","twitter_creator":"@radioljubuski","twitter_site":"@radioljubuski","twitter_misc":{"Napisao\/la":"Radio Ljubu\u0161ki","Procijenjeno vrijeme \u010ditanja":"2 minute"},"schema":{"@context":"https:\/\/schema.org","@graph":[{"@type":"Article","@id":"https:\/\/radioljubuski.ba\/index.php\/2023\/12\/30\/utvrden-prijedlog-odluke-o-privremenom-financiranju-federacije-bih-za-prva-tri-mjeseca-iduce-godine\/#article","isPartOf":{"@id":"https:\/\/radioljubuski.ba\/index.php\/2023\/12\/30\/utvrden-prijedlog-odluke-o-privremenom-financiranju-federacije-bih-za-prva-tri-mjeseca-iduce-godine\/"},"author":{"name":"Radio Ljubu\u0161ki","@id":"https:\/\/radioljubuski.ba\/#\/schema\/person\/19fc700381a780f69665d7956c469e3b"},"headline":"Utvr\u0111en Prijedlog odluke o privremenom financiranju Federacije BiH za prva tri mjeseca idu\u0107e godine","datePublished":"2023-12-30T14:19:01+00:00","dateModified":"2023-12-30T14:19:02+00:00","mainEntityOfPage":{"@id":"https:\/\/radioljubuski.ba\/index.php\/2023\/12\/30\/utvrden-prijedlog-odluke-o-privremenom-financiranju-federacije-bih-za-prva-tri-mjeseca-iduce-godine\/"},"wordCount":339,"publisher":{"@id":"https:\/\/radioljubuski.ba\/#organization"},"image":{"@id":"https:\/\/radioljubuski.ba\/index.php\/2023\/12\/30\/utvrden-prijedlog-odluke-o-privremenom-financiranju-federacije-bih-za-prva-tri-mjeseca-iduce-godine\/#primaryimage"},"thumbnailUrl":"https:\/\/radioljubuski.ba\/wp-content\/uploads\/2023\/12\/IMG_3862.jpeg","articleSection":["Novosti"],"inLanguage":"hr"},{"@type":"WebPage","@id":"https:\/\/radioljubuski.ba\/index.php\/2023\/12\/30\/utvrden-prijedlog-odluke-o-privremenom-financiranju-federacije-bih-za-prva-tri-mjeseca-iduce-godine\/","url":"https:\/\/radioljubuski.ba\/index.php\/2023\/12\/30\/utvrden-prijedlog-odluke-o-privremenom-financiranju-federacije-bih-za-prva-tri-mjeseca-iduce-godine\/","name":"Utvr\u0111en Prijedlog odluke o privremenom financiranju Federacije BiH za prva tri mjeseca idu\u0107e godine - RADIO LJUBU\u0160KI","isPartOf":{"@id":"https:\/\/radioljubuski.ba\/#website"},"primaryImageOfPage":{"@id":"https:\/\/radioljubuski.ba\/index.php\/2023\/12\/30\/utvrden-prijedlog-odluke-o-privremenom-financiranju-federacije-bih-za-prva-tri-mjeseca-iduce-godine\/#primaryimage"},"image":{"@id":"https:\/\/radioljubuski.ba\/index.php\/2023\/12\/30\/utvrden-prijedlog-odluke-o-privremenom-financiranju-federacije-bih-za-prva-tri-mjeseca-iduce-godine\/#primaryimage"},"thumbnailUrl":"https:\/\/radioljubuski.ba\/wp-content\/uploads\/2023\/12\/IMG_3862.jpeg","datePublished":"2023-12-30T14:19:01+00:00","dateModified":"2023-12-30T14:19:02+00:00","breadcrumb":{"@id":"https:\/\/radioljubuski.ba\/index.php\/2023\/12\/30\/utvrden-prijedlog-odluke-o-privremenom-financiranju-federacije-bih-za-prva-tri-mjeseca-iduce-godine\/#breadcrumb"},"inLanguage":"hr","potentialAction":[{"@type":"ReadAction","target":["https:\/\/radioljubuski.ba\/index.php\/2023\/12\/30\/utvrden-prijedlog-odluke-o-privremenom-financiranju-federacije-bih-za-prva-tri-mjeseca-iduce-godine\/"]}]},{"@type":"ImageObject","inLanguage":"hr","@id":"https:\/\/radioljubuski.ba\/index.php\/2023\/12\/30\/utvrden-prijedlog-odluke-o-privremenom-financiranju-federacije-bih-za-prva-tri-mjeseca-iduce-godine\/#primaryimage","url":"https:\/\/radioljubuski.ba\/wp-content\/uploads\/2023\/12\/IMG_3862.jpeg","contentUrl":"https:\/\/radioljubuski.ba\/wp-content\/uploads\/2023\/12\/IMG_3862.jpeg","width":600,"height":400},{"@type":"BreadcrumbList","@id":"https:\/\/radioljubuski.ba\/index.php\/2023\/12\/30\/utvrden-prijedlog-odluke-o-privremenom-financiranju-federacije-bih-za-prva-tri-mjeseca-iduce-godine\/#breadcrumb","itemListElement":[{"@type":"ListItem","position":1,"name":"Po\u010detna stranica","item":"https:\/\/radioljubuski.ba\/"},{"@type":"ListItem","position":2,"name":"Utvr\u0111en Prijedlog odluke o privremenom financiranju Federacije BiH za prva tri mjeseca idu\u0107e godine"}]},{"@type":"WebSite","@id":"https:\/\/radioljubuski.ba\/#website","url":"https:\/\/radioljubuski.ba\/","name":"Radio Ljubu\u0161ki","description":"Sun\u010dana frekvencija Hercegovine","publisher":{"@id":"https:\/\/radioljubuski.ba\/#organization"},"potentialAction":[{"@type":"SearchAction","target":{"@type":"EntryPoint","urlTemplate":"https:\/\/radioljubuski.ba\/?s={search_term_string}"},"query-input":{"@type":"PropertyValueSpecification","valueRequired":true,"valueName":"search_term_string"}}],"inLanguage":"hr"},{"@type":"Organization","@id":"https:\/\/radioljubuski.ba\/#organization","name":"Radio Ljubu\u0161ki","url":"https:\/\/radioljubuski.ba\/","logo":{"@type":"ImageObject","inLanguage":"hr","@id":"https:\/\/radioljubuski.ba\/#\/schema\/logo\/image\/","url":"https:\/\/radioljubuski.ba\/wp-content\/uploads\/2021\/02\/cropped-Radio_Ljubuski_logo1.jpg","contentUrl":"https:\/\/radioljubuski.ba\/wp-content\/uploads\/2021\/02\/cropped-Radio_Ljubuski_logo1.jpg","width":512,"height":512,"caption":"Radio Ljubu\u0161ki"},"image":{"@id":"https:\/\/radioljubuski.ba\/#\/schema\/logo\/image\/"},"sameAs":["https:\/\/www.facebook.com\/Radiio-Ljubuski-1490835324566332","https:\/\/x.com\/radioljubuski","https:\/\/hr.linkedin.com\/company\/radio-ljubuski","https:\/\/www.youtube.com\/channel\/UCHYaeO_n0Db3tjNGudGpXyw"]},{"@type":"Person","@id":"https:\/\/radioljubuski.ba\/#\/schema\/person\/19fc700381a780f69665d7956c469e3b","name":"Radio Ljubu\u0161ki"}]}},"_links":{"self":[{"href":"https:\/\/radioljubuski.ba\/index.php\/wp-json\/wp\/v2\/posts\/199052","targetHints":{"allow":["GET"]}}],"collection":[{"href":"https:\/\/radioljubuski.ba\/index.php\/wp-json\/wp\/v2\/posts"}],"about":[{"href":"https:\/\/radioljubuski.ba\/index.php\/wp-json\/wp\/v2\/types\/post"}],"author":[{"embeddable":true,"href":"https:\/\/radioljubuski.ba\/index.php\/wp-json\/wp\/v2\/users\/2"}],"replies":[{"embeddable":true,"href":"https:\/\/radioljubuski.ba\/index.php\/wp-json\/wp\/v2\/comments?post=199052"}],"version-history":[{"count":1,"href":"https:\/\/radioljubuski.ba\/index.php\/wp-json\/wp\/v2\/posts\/199052\/revisions"}],"predecessor-version":[{"id":199054,"href":"https:\/\/radioljubuski.ba\/index.php\/wp-json\/wp\/v2\/posts\/199052\/revisions\/199054"}],"wp:featuredmedia":[{"embeddable":true,"href":"https:\/\/radioljubuski.ba\/index.php\/wp-json\/wp\/v2\/media\/199053"}],"wp:attachment":[{"href":"https:\/\/radioljubuski.ba\/index.php\/wp-json\/wp\/v2\/media?parent=199052"}],"wp:term":[{"taxonomy":"category","embeddable":true,"href":"https:\/\/radioljubuski.ba\/index.php\/wp-json\/wp\/v2\/categories?post=199052"},{"taxonomy":"post_tag","embeddable":true,"href":"https:\/\/radioljubuski.ba\/index.php\/wp-json\/wp\/v2\/tags?post=199052"}],"curies":[{"name":"wp","href":"https:\/\/api.w.org\/{rel}","templated":true}]}}