{"id":199270,"date":"2024-01-16T08:18:32","date_gmt":"2024-01-16T07:18:32","guid":{"rendered":"https:\/\/radioljubuski.ba\/?p=199270"},"modified":"2024-01-16T12:29:24","modified_gmt":"2024-01-16T11:29:24","slug":"otvoren-natjecaj-za-godisnju-nagradu-antun-branko-simic","status":"publish","type":"post","link":"https:\/\/radioljubuski.ba\/index.php\/2024\/01\/16\/otvoren-natjecaj-za-godisnju-nagradu-antun-branko-simic\/","title":{"rendered":"Otvoren natje\u010daj za godi\u0161nju nagradu &#8216;Antun Branko \u0160imi\u0107&#8217;"},"content":{"rendered":"\n<p>Godi\u0161nja Nagrada DHK HB Antun Branko \u0160imi\u0107 dodjeljuje se za cjelovito knji\u017eevno djelo bilo kojega knji\u017eevnoga roda (prvo izdanje) objavljeno na hrvatskom jeziku u 2023. godini.<\/p>\n\n\n\n<p>Natjecati se mogu \u010dlanovi Dru\u0161tva hrvatskih knji\u017eevnika Herceg Bosne i \u010dlanovi Dru\u0161tva hrvatskih knji\u017eevnikaknjigom objavljenom u skladu s uvjetima navedenim u Natje\u010daju i u Pravilniku o dodjeli Nagrade Antun Branko \u0160imi\u0107 (https:\/\/dhkhb.org\/onagradi\/).<\/p>\n\n\n\n<p>Nagrada Antun Branko \u0160imi\u0107 mo\u017ee se autoru knji\u017eevnoga djela dodijeliti samo jednom, a dodjeljuje se samo jednom autoru za to\u010dno odre\u0111eno knji\u017eevno djelo.<\/p>\n\n\n\n<p>Nagrada se sastoji od plakete i nov\u010danoga iznosa, a uru\u010duje se na <em>\u0160imi\u0107evim susretima<\/em>.<\/p>\n\n\n\n<p>Po \u010detiri primjerka knjige (objavljene u navedenu razdoblju) poslati (ili uru\u010diti) na adresu: Dru\u0161tvo hrvatskih knji\u017eevnika Herceg Bosne, Trg hrvatskih velikana bb, Hrvatski dom hercega Stjepana Kosa\u010de, 88 000 Mo\u00adstar.<\/p>\n\n\n\n<p>Natje\u010daj je otvoren trideset dana od dana objave.<\/p>\n\n\n\n<p><\/p>\n","protected":false},"excerpt":{"rendered":"<p>Godi\u0161nja Nagrada DHK HB Antun Branko \u0160imi\u0107 dodjeljuje se za cjelovito knji\u017eevno djelo bilo kojega knji\u017eevnoga roda (prvo izdanje) objavljeno na hrvatskom jeziku u 2023. godini. Natjecati se mogu \u010dlanovi Dru\u0161tva hrvatskih knji\u017eevnika Herceg Bosne i \u010dlanovi Dru\u0161tva hrvatskih knji\u017eevnikaknjigom objavljenom u skladu s uvjetima navedenim u Natje\u010daju i u Pravilniku o dodjeli Nagrade Antun [&hellip;]<\/p>\n","protected":false},"author":2,"featured_media":199282,"comment_status":"closed","ping_status":"closed","sticky":false,"template":"","format":"standard","meta":{"h5ap_radio_sources":[],"footnotes":""},"categories":[33,28],"tags":[],"class_list":["post-199270","post","type-post","status-publish","format-standard","has-post-thumbnail","hentry","category-kultura","category-novosti"],"yoast_head":"<!-- This site is optimized with the Yoast SEO plugin v27.4 - https:\/\/yoast.com\/product\/yoast-seo-wordpress\/ -->\n<title>Otvoren natje\u010daj za godi\u0161nju nagradu &#039;Antun Branko \u0160imi\u0107&#039; - RADIO LJUBU\u0160KI<\/title>\n<meta name=\"robots\" content=\"index, follow, max-snippet:-1, max-image-preview:large, max-video-preview:-1\" \/>\n<link rel=\"canonical\" href=\"https:\/\/radioljubuski.ba\/index.php\/2024\/01\/16\/otvoren-natjecaj-za-godisnju-nagradu-antun-branko-simic\/\" \/>\n<meta property=\"og:locale\" content=\"hr_HR\" \/>\n<meta property=\"og:type\" content=\"article\" \/>\n<meta property=\"og:title\" content=\"Otvoren natje\u010daj za godi\u0161nju nagradu &#039;Antun Branko \u0160imi\u0107&#039; - RADIO LJUBU\u0160KI\" \/>\n<meta property=\"og:description\" content=\"Godi\u0161nja Nagrada DHK HB Antun Branko \u0160imi\u0107 dodjeljuje se za cjelovito knji\u017eevno djelo bilo kojega knji\u017eevnoga roda (prvo izdanje) objavljeno na hrvatskom jeziku u 2023. godini. Natjecati se mogu \u010dlanovi Dru\u0161tva hrvatskih knji\u017eevnika Herceg Bosne i \u010dlanovi Dru\u0161tva hrvatskih knji\u017eevnikaknjigom objavljenom u skladu s uvjetima navedenim u Natje\u010daju i u Pravilniku o dodjeli Nagrade Antun [&hellip;]\" \/>\n<meta property=\"og:url\" content=\"https:\/\/radioljubuski.ba\/index.php\/2024\/01\/16\/otvoren-natjecaj-za-godisnju-nagradu-antun-branko-simic\/\" \/>\n<meta property=\"og:site_name\" content=\"RADIO LJUBU\u0160KI\" \/>\n<meta property=\"article:publisher\" content=\"https:\/\/www.facebook.com\/Radiio-Ljubuski-1490835324566332\" \/>\n<meta property=\"article:published_time\" content=\"2024-01-16T07:18:32+00:00\" \/>\n<meta property=\"article:modified_time\" content=\"2024-01-16T11:29:24+00:00\" \/>\n<meta property=\"og:image\" content=\"https:\/\/radioljubuski.ba\/wp-content\/uploads\/2024\/01\/drustvo-hrvatskih-knjizevnika.jpg\" \/>\n\t<meta property=\"og:image:width\" content=\"1280\" \/>\n\t<meta property=\"og:image:height\" content=\"854\" \/>\n\t<meta property=\"og:image:type\" content=\"image\/jpeg\" \/>\n<meta name=\"author\" content=\"Radio Ljubu\u0161ki\" \/>\n<meta name=\"twitter:card\" content=\"summary_large_image\" \/>\n<meta name=\"twitter:creator\" content=\"@radioljubuski\" \/>\n<meta name=\"twitter:site\" content=\"@radioljubuski\" \/>\n<meta name=\"twitter:label1\" content=\"Napisao\/la\" \/>\n\t<meta name=\"twitter:data1\" content=\"Radio Ljubu\u0161ki\" \/>\n\t<meta name=\"twitter:label2\" content=\"Procijenjeno vrijeme \u010ditanja\" \/>\n\t<meta name=\"twitter:data2\" content=\"1 minuta\" \/>\n<script type=\"application\/ld+json\" class=\"yoast-schema-graph\">{\"@context\":\"https:\\\/\\\/schema.org\",\"@graph\":[{\"@type\":\"Article\",\"@id\":\"https:\\\/\\\/radioljubuski.ba\\\/index.php\\\/2024\\\/01\\\/16\\\/otvoren-natjecaj-za-godisnju-nagradu-antun-branko-simic\\\/#article\",\"isPartOf\":{\"@id\":\"https:\\\/\\\/radioljubuski.ba\\\/index.php\\\/2024\\\/01\\\/16\\\/otvoren-natjecaj-za-godisnju-nagradu-antun-branko-simic\\\/\"},\"author\":{\"name\":\"Radio Ljubu\u0161ki\",\"@id\":\"https:\\\/\\\/radioljubuski.ba\\\/#\\\/schema\\\/person\\\/19fc700381a780f69665d7956c469e3b\"},\"headline\":\"Otvoren natje\u010daj za godi\u0161nju nagradu &#8216;Antun Branko \u0160imi\u0107&#8217;\",\"datePublished\":\"2024-01-16T07:18:32+00:00\",\"dateModified\":\"2024-01-16T11:29:24+00:00\",\"mainEntityOfPage\":{\"@id\":\"https:\\\/\\\/radioljubuski.ba\\\/index.php\\\/2024\\\/01\\\/16\\\/otvoren-natjecaj-za-godisnju-nagradu-antun-branko-simic\\\/\"},\"wordCount\":165,\"publisher\":{\"@id\":\"https:\\\/\\\/radioljubuski.ba\\\/#organization\"},\"image\":{\"@id\":\"https:\\\/\\\/radioljubuski.ba\\\/index.php\\\/2024\\\/01\\\/16\\\/otvoren-natjecaj-za-godisnju-nagradu-antun-branko-simic\\\/#primaryimage\"},\"thumbnailUrl\":\"https:\\\/\\\/radioljubuski.ba\\\/wp-content\\\/uploads\\\/2024\\\/01\\\/drustvo-hrvatskih-knjizevnika.jpg\",\"articleSection\":[\"Kultura\",\"Novosti\"],\"inLanguage\":\"hr\"},{\"@type\":\"WebPage\",\"@id\":\"https:\\\/\\\/radioljubuski.ba\\\/index.php\\\/2024\\\/01\\\/16\\\/otvoren-natjecaj-za-godisnju-nagradu-antun-branko-simic\\\/\",\"url\":\"https:\\\/\\\/radioljubuski.ba\\\/index.php\\\/2024\\\/01\\\/16\\\/otvoren-natjecaj-za-godisnju-nagradu-antun-branko-simic\\\/\",\"name\":\"Otvoren natje\u010daj za godi\u0161nju nagradu 'Antun Branko \u0160imi\u0107' - RADIO LJUBU\u0160KI\",\"isPartOf\":{\"@id\":\"https:\\\/\\\/radioljubuski.ba\\\/#website\"},\"primaryImageOfPage\":{\"@id\":\"https:\\\/\\\/radioljubuski.ba\\\/index.php\\\/2024\\\/01\\\/16\\\/otvoren-natjecaj-za-godisnju-nagradu-antun-branko-simic\\\/#primaryimage\"},\"image\":{\"@id\":\"https:\\\/\\\/radioljubuski.ba\\\/index.php\\\/2024\\\/01\\\/16\\\/otvoren-natjecaj-za-godisnju-nagradu-antun-branko-simic\\\/#primaryimage\"},\"thumbnailUrl\":\"https:\\\/\\\/radioljubuski.ba\\\/wp-content\\\/uploads\\\/2024\\\/01\\\/drustvo-hrvatskih-knjizevnika.jpg\",\"datePublished\":\"2024-01-16T07:18:32+00:00\",\"dateModified\":\"2024-01-16T11:29:24+00:00\",\"breadcrumb\":{\"@id\":\"https:\\\/\\\/radioljubuski.ba\\\/index.php\\\/2024\\\/01\\\/16\\\/otvoren-natjecaj-za-godisnju-nagradu-antun-branko-simic\\\/#breadcrumb\"},\"inLanguage\":\"hr\",\"potentialAction\":[{\"@type\":\"ReadAction\",\"target\":[\"https:\\\/\\\/radioljubuski.ba\\\/index.php\\\/2024\\\/01\\\/16\\\/otvoren-natjecaj-za-godisnju-nagradu-antun-branko-simic\\\/\"]}]},{\"@type\":\"ImageObject\",\"inLanguage\":\"hr\",\"@id\":\"https:\\\/\\\/radioljubuski.ba\\\/index.php\\\/2024\\\/01\\\/16\\\/otvoren-natjecaj-za-godisnju-nagradu-antun-branko-simic\\\/#primaryimage\",\"url\":\"https:\\\/\\\/radioljubuski.ba\\\/wp-content\\\/uploads\\\/2024\\\/01\\\/drustvo-hrvatskih-knjizevnika.jpg\",\"contentUrl\":\"https:\\\/\\\/radioljubuski.ba\\\/wp-content\\\/uploads\\\/2024\\\/01\\\/drustvo-hrvatskih-knjizevnika.jpg\",\"width\":1280,\"height\":854},{\"@type\":\"BreadcrumbList\",\"@id\":\"https:\\\/\\\/radioljubuski.ba\\\/index.php\\\/2024\\\/01\\\/16\\\/otvoren-natjecaj-za-godisnju-nagradu-antun-branko-simic\\\/#breadcrumb\",\"itemListElement\":[{\"@type\":\"ListItem\",\"position\":1,\"name\":\"Po\u010detna stranica\",\"item\":\"https:\\\/\\\/radioljubuski.ba\\\/\"},{\"@type\":\"ListItem\",\"position\":2,\"name\":\"Otvoren natje\u010daj za godi\u0161nju nagradu &#8216;Antun Branko \u0160imi\u0107&#8217;\"}]},{\"@type\":\"WebSite\",\"@id\":\"https:\\\/\\\/radioljubuski.ba\\\/#website\",\"url\":\"https:\\\/\\\/radioljubuski.ba\\\/\",\"name\":\"Radio Ljubu\u0161ki\",\"description\":\"Sun\u010dana frekvencija Hercegovine\",\"publisher\":{\"@id\":\"https:\\\/\\\/radioljubuski.ba\\\/#organization\"},\"potentialAction\":[{\"@type\":\"SearchAction\",\"target\":{\"@type\":\"EntryPoint\",\"urlTemplate\":\"https:\\\/\\\/radioljubuski.ba\\\/?s={search_term_string}\"},\"query-input\":{\"@type\":\"PropertyValueSpecification\",\"valueRequired\":true,\"valueName\":\"search_term_string\"}}],\"inLanguage\":\"hr\"},{\"@type\":\"Organization\",\"@id\":\"https:\\\/\\\/radioljubuski.ba\\\/#organization\",\"name\":\"Radio Ljubu\u0161ki\",\"url\":\"https:\\\/\\\/radioljubuski.ba\\\/\",\"logo\":{\"@type\":\"ImageObject\",\"inLanguage\":\"hr\",\"@id\":\"https:\\\/\\\/radioljubuski.ba\\\/#\\\/schema\\\/logo\\\/image\\\/\",\"url\":\"https:\\\/\\\/radioljubuski.ba\\\/wp-content\\\/uploads\\\/2021\\\/02\\\/cropped-Radio_Ljubuski_logo1.jpg\",\"contentUrl\":\"https:\\\/\\\/radioljubuski.ba\\\/wp-content\\\/uploads\\\/2021\\\/02\\\/cropped-Radio_Ljubuski_logo1.jpg\",\"width\":512,\"height\":512,\"caption\":\"Radio Ljubu\u0161ki\"},\"image\":{\"@id\":\"https:\\\/\\\/radioljubuski.ba\\\/#\\\/schema\\\/logo\\\/image\\\/\"},\"sameAs\":[\"https:\\\/\\\/www.facebook.com\\\/Radiio-Ljubuski-1490835324566332\",\"https:\\\/\\\/x.com\\\/radioljubuski\",\"https:\\\/\\\/hr.linkedin.com\\\/company\\\/radio-ljubuski\",\"https:\\\/\\\/www.youtube.com\\\/channel\\\/UCHYaeO_n0Db3tjNGudGpXyw\"]},{\"@type\":\"Person\",\"@id\":\"https:\\\/\\\/radioljubuski.ba\\\/#\\\/schema\\\/person\\\/19fc700381a780f69665d7956c469e3b\",\"name\":\"Radio Ljubu\u0161ki\"}]}<\/script>\n<!-- \/ Yoast SEO plugin. -->","yoast_head_json":{"title":"Otvoren natje\u010daj za godi\u0161nju nagradu 'Antun Branko \u0160imi\u0107' - RADIO LJUBU\u0160KI","robots":{"index":"index","follow":"follow","max-snippet":"max-snippet:-1","max-image-preview":"max-image-preview:large","max-video-preview":"max-video-preview:-1"},"canonical":"https:\/\/radioljubuski.ba\/index.php\/2024\/01\/16\/otvoren-natjecaj-za-godisnju-nagradu-antun-branko-simic\/","og_locale":"hr_HR","og_type":"article","og_title":"Otvoren natje\u010daj za godi\u0161nju nagradu 'Antun Branko \u0160imi\u0107' - RADIO LJUBU\u0160KI","og_description":"Godi\u0161nja Nagrada DHK HB Antun Branko \u0160imi\u0107 dodjeljuje se za cjelovito knji\u017eevno djelo bilo kojega knji\u017eevnoga roda (prvo izdanje) objavljeno na hrvatskom jeziku u 2023. godini. Natjecati se mogu \u010dlanovi Dru\u0161tva hrvatskih knji\u017eevnika Herceg Bosne i \u010dlanovi Dru\u0161tva hrvatskih knji\u017eevnikaknjigom objavljenom u skladu s uvjetima navedenim u Natje\u010daju i u Pravilniku o dodjeli Nagrade Antun [&hellip;]","og_url":"https:\/\/radioljubuski.ba\/index.php\/2024\/01\/16\/otvoren-natjecaj-za-godisnju-nagradu-antun-branko-simic\/","og_site_name":"RADIO LJUBU\u0160KI","article_publisher":"https:\/\/www.facebook.com\/Radiio-Ljubuski-1490835324566332","article_published_time":"2024-01-16T07:18:32+00:00","article_modified_time":"2024-01-16T11:29:24+00:00","og_image":[{"width":1280,"height":854,"url":"https:\/\/radioljubuski.ba\/wp-content\/uploads\/2024\/01\/drustvo-hrvatskih-knjizevnika.jpg","type":"image\/jpeg"}],"author":"Radio Ljubu\u0161ki","twitter_card":"summary_large_image","twitter_creator":"@radioljubuski","twitter_site":"@radioljubuski","twitter_misc":{"Napisao\/la":"Radio Ljubu\u0161ki","Procijenjeno vrijeme \u010ditanja":"1 minuta"},"schema":{"@context":"https:\/\/schema.org","@graph":[{"@type":"Article","@id":"https:\/\/radioljubuski.ba\/index.php\/2024\/01\/16\/otvoren-natjecaj-za-godisnju-nagradu-antun-branko-simic\/#article","isPartOf":{"@id":"https:\/\/radioljubuski.ba\/index.php\/2024\/01\/16\/otvoren-natjecaj-za-godisnju-nagradu-antun-branko-simic\/"},"author":{"name":"Radio Ljubu\u0161ki","@id":"https:\/\/radioljubuski.ba\/#\/schema\/person\/19fc700381a780f69665d7956c469e3b"},"headline":"Otvoren natje\u010daj za godi\u0161nju nagradu &#8216;Antun Branko \u0160imi\u0107&#8217;","datePublished":"2024-01-16T07:18:32+00:00","dateModified":"2024-01-16T11:29:24+00:00","mainEntityOfPage":{"@id":"https:\/\/radioljubuski.ba\/index.php\/2024\/01\/16\/otvoren-natjecaj-za-godisnju-nagradu-antun-branko-simic\/"},"wordCount":165,"publisher":{"@id":"https:\/\/radioljubuski.ba\/#organization"},"image":{"@id":"https:\/\/radioljubuski.ba\/index.php\/2024\/01\/16\/otvoren-natjecaj-za-godisnju-nagradu-antun-branko-simic\/#primaryimage"},"thumbnailUrl":"https:\/\/radioljubuski.ba\/wp-content\/uploads\/2024\/01\/drustvo-hrvatskih-knjizevnika.jpg","articleSection":["Kultura","Novosti"],"inLanguage":"hr"},{"@type":"WebPage","@id":"https:\/\/radioljubuski.ba\/index.php\/2024\/01\/16\/otvoren-natjecaj-za-godisnju-nagradu-antun-branko-simic\/","url":"https:\/\/radioljubuski.ba\/index.php\/2024\/01\/16\/otvoren-natjecaj-za-godisnju-nagradu-antun-branko-simic\/","name":"Otvoren natje\u010daj za godi\u0161nju nagradu 'Antun Branko \u0160imi\u0107' - RADIO LJUBU\u0160KI","isPartOf":{"@id":"https:\/\/radioljubuski.ba\/#website"},"primaryImageOfPage":{"@id":"https:\/\/radioljubuski.ba\/index.php\/2024\/01\/16\/otvoren-natjecaj-za-godisnju-nagradu-antun-branko-simic\/#primaryimage"},"image":{"@id":"https:\/\/radioljubuski.ba\/index.php\/2024\/01\/16\/otvoren-natjecaj-za-godisnju-nagradu-antun-branko-simic\/#primaryimage"},"thumbnailUrl":"https:\/\/radioljubuski.ba\/wp-content\/uploads\/2024\/01\/drustvo-hrvatskih-knjizevnika.jpg","datePublished":"2024-01-16T07:18:32+00:00","dateModified":"2024-01-16T11:29:24+00:00","breadcrumb":{"@id":"https:\/\/radioljubuski.ba\/index.php\/2024\/01\/16\/otvoren-natjecaj-za-godisnju-nagradu-antun-branko-simic\/#breadcrumb"},"inLanguage":"hr","potentialAction":[{"@type":"ReadAction","target":["https:\/\/radioljubuski.ba\/index.php\/2024\/01\/16\/otvoren-natjecaj-za-godisnju-nagradu-antun-branko-simic\/"]}]},{"@type":"ImageObject","inLanguage":"hr","@id":"https:\/\/radioljubuski.ba\/index.php\/2024\/01\/16\/otvoren-natjecaj-za-godisnju-nagradu-antun-branko-simic\/#primaryimage","url":"https:\/\/radioljubuski.ba\/wp-content\/uploads\/2024\/01\/drustvo-hrvatskih-knjizevnika.jpg","contentUrl":"https:\/\/radioljubuski.ba\/wp-content\/uploads\/2024\/01\/drustvo-hrvatskih-knjizevnika.jpg","width":1280,"height":854},{"@type":"BreadcrumbList","@id":"https:\/\/radioljubuski.ba\/index.php\/2024\/01\/16\/otvoren-natjecaj-za-godisnju-nagradu-antun-branko-simic\/#breadcrumb","itemListElement":[{"@type":"ListItem","position":1,"name":"Po\u010detna stranica","item":"https:\/\/radioljubuski.ba\/"},{"@type":"ListItem","position":2,"name":"Otvoren natje\u010daj za godi\u0161nju nagradu &#8216;Antun Branko \u0160imi\u0107&#8217;"}]},{"@type":"WebSite","@id":"https:\/\/radioljubuski.ba\/#website","url":"https:\/\/radioljubuski.ba\/","name":"Radio Ljubu\u0161ki","description":"Sun\u010dana frekvencija Hercegovine","publisher":{"@id":"https:\/\/radioljubuski.ba\/#organization"},"potentialAction":[{"@type":"SearchAction","target":{"@type":"EntryPoint","urlTemplate":"https:\/\/radioljubuski.ba\/?s={search_term_string}"},"query-input":{"@type":"PropertyValueSpecification","valueRequired":true,"valueName":"search_term_string"}}],"inLanguage":"hr"},{"@type":"Organization","@id":"https:\/\/radioljubuski.ba\/#organization","name":"Radio Ljubu\u0161ki","url":"https:\/\/radioljubuski.ba\/","logo":{"@type":"ImageObject","inLanguage":"hr","@id":"https:\/\/radioljubuski.ba\/#\/schema\/logo\/image\/","url":"https:\/\/radioljubuski.ba\/wp-content\/uploads\/2021\/02\/cropped-Radio_Ljubuski_logo1.jpg","contentUrl":"https:\/\/radioljubuski.ba\/wp-content\/uploads\/2021\/02\/cropped-Radio_Ljubuski_logo1.jpg","width":512,"height":512,"caption":"Radio Ljubu\u0161ki"},"image":{"@id":"https:\/\/radioljubuski.ba\/#\/schema\/logo\/image\/"},"sameAs":["https:\/\/www.facebook.com\/Radiio-Ljubuski-1490835324566332","https:\/\/x.com\/radioljubuski","https:\/\/hr.linkedin.com\/company\/radio-ljubuski","https:\/\/www.youtube.com\/channel\/UCHYaeO_n0Db3tjNGudGpXyw"]},{"@type":"Person","@id":"https:\/\/radioljubuski.ba\/#\/schema\/person\/19fc700381a780f69665d7956c469e3b","name":"Radio Ljubu\u0161ki"}]}},"_links":{"self":[{"href":"https:\/\/radioljubuski.ba\/index.php\/wp-json\/wp\/v2\/posts\/199270","targetHints":{"allow":["GET"]}}],"collection":[{"href":"https:\/\/radioljubuski.ba\/index.php\/wp-json\/wp\/v2\/posts"}],"about":[{"href":"https:\/\/radioljubuski.ba\/index.php\/wp-json\/wp\/v2\/types\/post"}],"author":[{"embeddable":true,"href":"https:\/\/radioljubuski.ba\/index.php\/wp-json\/wp\/v2\/users\/2"}],"replies":[{"embeddable":true,"href":"https:\/\/radioljubuski.ba\/index.php\/wp-json\/wp\/v2\/comments?post=199270"}],"version-history":[{"count":3,"href":"https:\/\/radioljubuski.ba\/index.php\/wp-json\/wp\/v2\/posts\/199270\/revisions"}],"predecessor-version":[{"id":199312,"href":"https:\/\/radioljubuski.ba\/index.php\/wp-json\/wp\/v2\/posts\/199270\/revisions\/199312"}],"wp:featuredmedia":[{"embeddable":true,"href":"https:\/\/radioljubuski.ba\/index.php\/wp-json\/wp\/v2\/media\/199282"}],"wp:attachment":[{"href":"https:\/\/radioljubuski.ba\/index.php\/wp-json\/wp\/v2\/media?parent=199270"}],"wp:term":[{"taxonomy":"category","embeddable":true,"href":"https:\/\/radioljubuski.ba\/index.php\/wp-json\/wp\/v2\/categories?post=199270"},{"taxonomy":"post_tag","embeddable":true,"href":"https:\/\/radioljubuski.ba\/index.php\/wp-json\/wp\/v2\/tags?post=199270"}],"curies":[{"name":"wp","href":"https:\/\/api.w.org\/{rel}","templated":true}]}}