{"id":200301,"date":"2024-02-13T07:55:18","date_gmt":"2024-02-13T06:55:18","guid":{"rendered":"https:\/\/radioljubuski.ba\/?p=200301"},"modified":"2024-02-13T08:38:11","modified_gmt":"2024-02-13T07:38:11","slug":"predsjednik-covic-danas-u-ljubuskom-nazocio-sjednici-predsjednistva-zo-hdz-a-bih-zzh","status":"publish","type":"post","link":"https:\/\/radioljubuski.ba\/index.php\/2024\/02\/13\/predsjednik-covic-danas-u-ljubuskom-nazocio-sjednici-predsjednistva-zo-hdz-a-bih-zzh\/","title":{"rendered":"Predsjednik \u010covi\u0107 danas u Ljubu\u0161kom nazo\u010dio sjednici predsjedni\u0161tva \u017dO HDZ-a BiH \u017dZH"},"content":{"rendered":"\n<p>Predsjednik HDZ-a BiH i Hrvatskog narodnog sabora BiH dr. Dragan \u010covi\u0107, nazo\u010dio je u Ljubu\u0161kom na sjednici predsjedni\u0161tva \u017dupanijskog odbora HDZ-a BiH \u017dupanije Zapadnohercegova\u010dke.<\/p>\n\n\n\n<p>Du\u017enosnici su prezentirali stanje u \u017dupaniji po gradovima i op\u0107inama, uz naglasak na suradnju s ve\u0107im razinama vlasti oko odre\u0111enih projekata. Razvoj gospodarstva, ulaganje u infrastrukturu i demografsku strategiju kroz odre\u0111ene mjere, dio su aktualnih tema o kojima se razgovaralo.<\/p>\n\n\n\n<p>Tako\u0111er, prezentiran je plan aktivnosti stranke za nadolaze\u0107e lokalne izbore. Du\u017enosnici su izrazili podr\u0161ku kvalitetnim projektima koji \u0107e na najbolji mogu\u0107i na\u010din utjecati na razvoj \u017dupanije Zapadnohercegova\u010dke.<\/p>\n\n\n\n<p>Predsjednik \u010covi\u0107 upoznao je nazo\u010dne o funkcioniranju institucija i aktualnim politi\u010dkim procesima, te je iskazao potporu aktivnostima za nadolaze\u0107e lokalne izbore kao i ralizaciji razvojnih projekata.<\/p>\n\n\n\n<p>Ka\u017eimo i to kako je predsjednik \u010covi\u0107 danas na sve\u010danoj sjednici Gradskog vije\u0107a Ljubu\u0161ki poru\u010dio:&nbsp;<\/p>\n\n\n\n<blockquote class=\"wp-block-quote is-layout-flow wp-block-quote-is-layout-flow\">\n<p>\u201eI dalje \u0107emo biti uz na\u0161 Ljubu\u0161ki, biti ponosni na rezultate koje vi imate. Nemojte se ograni\u010davati da projekte koje osmi\u0161ljate prezentirate, da se financiraju s drugih razina vlasti. Ova prepuna dvorana zaslu\u017euje da danas mo\u017eemo kazati da smo ponosni da smo dio vas. Da smo ponosni \u0161to gradimo jedno moderno, novo dru\u0161tvo. U Ljubu\u0161ki se dolazi s osmjehom, ali i odlazi s osmjehom. Ljubu\u0161ki \u017eivi s osmjehom. Neka tako bude i ubudu\u0107e\u201c.<\/p>\n<\/blockquote>\n","protected":false},"excerpt":{"rendered":"<p>Predsjednik HDZ-a BiH i Hrvatskog narodnog sabora BiH dr. Dragan \u010covi\u0107, nazo\u010dio je u Ljubu\u0161kom na sjednici predsjedni\u0161tva \u017dupanijskog odbora HDZ-a BiH \u017dupanije Zapadnohercegova\u010dke. Du\u017enosnici su prezentirali stanje u \u017dupaniji po gradovima i op\u0107inama, uz naglasak na suradnju s ve\u0107im razinama vlasti oko odre\u0111enih projekata. Razvoj gospodarstva, ulaganje u infrastrukturu i demografsku strategiju kroz odre\u0111ene [&hellip;]<\/p>\n","protected":false},"author":2,"featured_media":200302,"comment_status":"closed","ping_status":"closed","sticky":false,"template":"","format":"standard","meta":{"h5ap_radio_sources":[],"footnotes":""},"categories":[3,28],"tags":[],"class_list":["post-200301","post","type-post","status-publish","format-standard","has-post-thumbnail","hentry","category-ljubuski","category-novosti"],"yoast_head":"<!-- This site is optimized with the Yoast SEO plugin v27.5 - https:\/\/yoast.com\/product\/yoast-seo-wordpress\/ -->\n<title>Predsjednik \u010covi\u0107 danas u Ljubu\u0161kom nazo\u010dio sjednici predsjedni\u0161tva \u017dO HDZ-a BiH \u017dZH - RADIO LJUBU\u0160KI<\/title>\n<meta name=\"robots\" content=\"index, follow, max-snippet:-1, max-image-preview:large, max-video-preview:-1\" \/>\n<link rel=\"canonical\" href=\"https:\/\/radioljubuski.ba\/index.php\/2024\/02\/13\/predsjednik-covic-danas-u-ljubuskom-nazocio-sjednici-predsjednistva-zo-hdz-a-bih-zzh\/\" \/>\n<meta property=\"og:locale\" content=\"hr_HR\" \/>\n<meta property=\"og:type\" content=\"article\" \/>\n<meta property=\"og:title\" content=\"Predsjednik \u010covi\u0107 danas u Ljubu\u0161kom nazo\u010dio sjednici predsjedni\u0161tva \u017dO HDZ-a BiH \u017dZH - RADIO LJUBU\u0160KI\" \/>\n<meta property=\"og:description\" content=\"Predsjednik HDZ-a BiH i Hrvatskog narodnog sabora BiH dr. Dragan \u010covi\u0107, nazo\u010dio je u Ljubu\u0161kom na sjednici predsjedni\u0161tva \u017dupanijskog odbora HDZ-a BiH \u017dupanije Zapadnohercegova\u010dke. Du\u017enosnici su prezentirali stanje u \u017dupaniji po gradovima i op\u0107inama, uz naglasak na suradnju s ve\u0107im razinama vlasti oko odre\u0111enih projekata. Razvoj gospodarstva, ulaganje u infrastrukturu i demografsku strategiju kroz odre\u0111ene [&hellip;]\" \/>\n<meta property=\"og:url\" content=\"https:\/\/radioljubuski.ba\/index.php\/2024\/02\/13\/predsjednik-covic-danas-u-ljubuskom-nazocio-sjednici-predsjednistva-zo-hdz-a-bih-zzh\/\" \/>\n<meta property=\"og:site_name\" content=\"RADIO LJUBU\u0160KI\" \/>\n<meta property=\"article:publisher\" content=\"https:\/\/www.facebook.com\/Radiio-Ljubuski-1490835324566332\" \/>\n<meta property=\"article:published_time\" content=\"2024-02-13T06:55:18+00:00\" \/>\n<meta property=\"article:modified_time\" content=\"2024-02-13T07:38:11+00:00\" \/>\n<meta property=\"og:image\" content=\"https:\/\/radioljubuski.ba\/wp-content\/uploads\/2024\/02\/IMG-20240212-WA0004.jpg\" \/>\n\t<meta property=\"og:image:width\" content=\"1024\" \/>\n\t<meta property=\"og:image:height\" content=\"480\" \/>\n\t<meta property=\"og:image:type\" content=\"image\/jpeg\" \/>\n<meta name=\"author\" content=\"Radio Ljubu\u0161ki\" \/>\n<meta name=\"twitter:card\" content=\"summary_large_image\" \/>\n<meta name=\"twitter:creator\" content=\"@radioljubuski\" \/>\n<meta name=\"twitter:site\" content=\"@radioljubuski\" \/>\n<meta name=\"twitter:label1\" content=\"Napisao\/la\" \/>\n\t<meta name=\"twitter:data1\" content=\"Radio Ljubu\u0161ki\" \/>\n\t<meta name=\"twitter:label2\" content=\"Procijenjeno vrijeme \u010ditanja\" \/>\n\t<meta name=\"twitter:data2\" content=\"1 minuta\" \/>\n<script type=\"application\/ld+json\" class=\"yoast-schema-graph\">{\"@context\":\"https:\\\/\\\/schema.org\",\"@graph\":[{\"@type\":\"Article\",\"@id\":\"https:\\\/\\\/radioljubuski.ba\\\/index.php\\\/2024\\\/02\\\/13\\\/predsjednik-covic-danas-u-ljubuskom-nazocio-sjednici-predsjednistva-zo-hdz-a-bih-zzh\\\/#article\",\"isPartOf\":{\"@id\":\"https:\\\/\\\/radioljubuski.ba\\\/index.php\\\/2024\\\/02\\\/13\\\/predsjednik-covic-danas-u-ljubuskom-nazocio-sjednici-predsjednistva-zo-hdz-a-bih-zzh\\\/\"},\"author\":{\"name\":\"Radio Ljubu\u0161ki\",\"@id\":\"https:\\\/\\\/radioljubuski.ba\\\/#\\\/schema\\\/person\\\/19fc700381a780f69665d7956c469e3b\"},\"headline\":\"Predsjednik \u010covi\u0107 danas u Ljubu\u0161kom nazo\u010dio sjednici predsjedni\u0161tva \u017dO HDZ-a BiH \u017dZH\",\"datePublished\":\"2024-02-13T06:55:18+00:00\",\"dateModified\":\"2024-02-13T07:38:11+00:00\",\"mainEntityOfPage\":{\"@id\":\"https:\\\/\\\/radioljubuski.ba\\\/index.php\\\/2024\\\/02\\\/13\\\/predsjednik-covic-danas-u-ljubuskom-nazocio-sjednici-predsjednistva-zo-hdz-a-bih-zzh\\\/\"},\"wordCount\":254,\"publisher\":{\"@id\":\"https:\\\/\\\/radioljubuski.ba\\\/#organization\"},\"image\":{\"@id\":\"https:\\\/\\\/radioljubuski.ba\\\/index.php\\\/2024\\\/02\\\/13\\\/predsjednik-covic-danas-u-ljubuskom-nazocio-sjednici-predsjednistva-zo-hdz-a-bih-zzh\\\/#primaryimage\"},\"thumbnailUrl\":\"https:\\\/\\\/radioljubuski.ba\\\/wp-content\\\/uploads\\\/2024\\\/02\\\/IMG-20240212-WA0004.jpg\",\"articleSection\":[\"Ljubu\u0161ki\",\"Novosti\"],\"inLanguage\":\"hr\"},{\"@type\":\"WebPage\",\"@id\":\"https:\\\/\\\/radioljubuski.ba\\\/index.php\\\/2024\\\/02\\\/13\\\/predsjednik-covic-danas-u-ljubuskom-nazocio-sjednici-predsjednistva-zo-hdz-a-bih-zzh\\\/\",\"url\":\"https:\\\/\\\/radioljubuski.ba\\\/index.php\\\/2024\\\/02\\\/13\\\/predsjednik-covic-danas-u-ljubuskom-nazocio-sjednici-predsjednistva-zo-hdz-a-bih-zzh\\\/\",\"name\":\"Predsjednik \u010covi\u0107 danas u Ljubu\u0161kom nazo\u010dio sjednici predsjedni\u0161tva \u017dO HDZ-a BiH \u017dZH - RADIO LJUBU\u0160KI\",\"isPartOf\":{\"@id\":\"https:\\\/\\\/radioljubuski.ba\\\/#website\"},\"primaryImageOfPage\":{\"@id\":\"https:\\\/\\\/radioljubuski.ba\\\/index.php\\\/2024\\\/02\\\/13\\\/predsjednik-covic-danas-u-ljubuskom-nazocio-sjednici-predsjednistva-zo-hdz-a-bih-zzh\\\/#primaryimage\"},\"image\":{\"@id\":\"https:\\\/\\\/radioljubuski.ba\\\/index.php\\\/2024\\\/02\\\/13\\\/predsjednik-covic-danas-u-ljubuskom-nazocio-sjednici-predsjednistva-zo-hdz-a-bih-zzh\\\/#primaryimage\"},\"thumbnailUrl\":\"https:\\\/\\\/radioljubuski.ba\\\/wp-content\\\/uploads\\\/2024\\\/02\\\/IMG-20240212-WA0004.jpg\",\"datePublished\":\"2024-02-13T06:55:18+00:00\",\"dateModified\":\"2024-02-13T07:38:11+00:00\",\"breadcrumb\":{\"@id\":\"https:\\\/\\\/radioljubuski.ba\\\/index.php\\\/2024\\\/02\\\/13\\\/predsjednik-covic-danas-u-ljubuskom-nazocio-sjednici-predsjednistva-zo-hdz-a-bih-zzh\\\/#breadcrumb\"},\"inLanguage\":\"hr\",\"potentialAction\":[{\"@type\":\"ReadAction\",\"target\":[\"https:\\\/\\\/radioljubuski.ba\\\/index.php\\\/2024\\\/02\\\/13\\\/predsjednik-covic-danas-u-ljubuskom-nazocio-sjednici-predsjednistva-zo-hdz-a-bih-zzh\\\/\"]}]},{\"@type\":\"ImageObject\",\"inLanguage\":\"hr\",\"@id\":\"https:\\\/\\\/radioljubuski.ba\\\/index.php\\\/2024\\\/02\\\/13\\\/predsjednik-covic-danas-u-ljubuskom-nazocio-sjednici-predsjednistva-zo-hdz-a-bih-zzh\\\/#primaryimage\",\"url\":\"https:\\\/\\\/radioljubuski.ba\\\/wp-content\\\/uploads\\\/2024\\\/02\\\/IMG-20240212-WA0004.jpg\",\"contentUrl\":\"https:\\\/\\\/radioljubuski.ba\\\/wp-content\\\/uploads\\\/2024\\\/02\\\/IMG-20240212-WA0004.jpg\",\"width\":1024,\"height\":480},{\"@type\":\"BreadcrumbList\",\"@id\":\"https:\\\/\\\/radioljubuski.ba\\\/index.php\\\/2024\\\/02\\\/13\\\/predsjednik-covic-danas-u-ljubuskom-nazocio-sjednici-predsjednistva-zo-hdz-a-bih-zzh\\\/#breadcrumb\",\"itemListElement\":[{\"@type\":\"ListItem\",\"position\":1,\"name\":\"Po\u010detna stranica\",\"item\":\"https:\\\/\\\/radioljubuski.ba\\\/\"},{\"@type\":\"ListItem\",\"position\":2,\"name\":\"Predsjednik \u010covi\u0107 danas u Ljubu\u0161kom nazo\u010dio sjednici predsjedni\u0161tva \u017dO HDZ-a BiH \u017dZH\"}]},{\"@type\":\"WebSite\",\"@id\":\"https:\\\/\\\/radioljubuski.ba\\\/#website\",\"url\":\"https:\\\/\\\/radioljubuski.ba\\\/\",\"name\":\"Radio Ljubu\u0161ki\",\"description\":\"Sun\u010dana frekvencija Hercegovine\",\"publisher\":{\"@id\":\"https:\\\/\\\/radioljubuski.ba\\\/#organization\"},\"potentialAction\":[{\"@type\":\"SearchAction\",\"target\":{\"@type\":\"EntryPoint\",\"urlTemplate\":\"https:\\\/\\\/radioljubuski.ba\\\/?s={search_term_string}\"},\"query-input\":{\"@type\":\"PropertyValueSpecification\",\"valueRequired\":true,\"valueName\":\"search_term_string\"}}],\"inLanguage\":\"hr\"},{\"@type\":\"Organization\",\"@id\":\"https:\\\/\\\/radioljubuski.ba\\\/#organization\",\"name\":\"Radio Ljubu\u0161ki\",\"url\":\"https:\\\/\\\/radioljubuski.ba\\\/\",\"logo\":{\"@type\":\"ImageObject\",\"inLanguage\":\"hr\",\"@id\":\"https:\\\/\\\/radioljubuski.ba\\\/#\\\/schema\\\/logo\\\/image\\\/\",\"url\":\"https:\\\/\\\/radioljubuski.ba\\\/wp-content\\\/uploads\\\/2021\\\/02\\\/cropped-Radio_Ljubuski_logo1.jpg\",\"contentUrl\":\"https:\\\/\\\/radioljubuski.ba\\\/wp-content\\\/uploads\\\/2021\\\/02\\\/cropped-Radio_Ljubuski_logo1.jpg\",\"width\":512,\"height\":512,\"caption\":\"Radio Ljubu\u0161ki\"},\"image\":{\"@id\":\"https:\\\/\\\/radioljubuski.ba\\\/#\\\/schema\\\/logo\\\/image\\\/\"},\"sameAs\":[\"https:\\\/\\\/www.facebook.com\\\/Radiio-Ljubuski-1490835324566332\",\"https:\\\/\\\/x.com\\\/radioljubuski\",\"https:\\\/\\\/hr.linkedin.com\\\/company\\\/radio-ljubuski\",\"https:\\\/\\\/www.youtube.com\\\/channel\\\/UCHYaeO_n0Db3tjNGudGpXyw\"]},{\"@type\":\"Person\",\"@id\":\"https:\\\/\\\/radioljubuski.ba\\\/#\\\/schema\\\/person\\\/19fc700381a780f69665d7956c469e3b\",\"name\":\"Radio Ljubu\u0161ki\"}]}<\/script>\n<!-- \/ Yoast SEO plugin. -->","yoast_head_json":{"title":"Predsjednik \u010covi\u0107 danas u Ljubu\u0161kom nazo\u010dio sjednici predsjedni\u0161tva \u017dO HDZ-a BiH \u017dZH - RADIO LJUBU\u0160KI","robots":{"index":"index","follow":"follow","max-snippet":"max-snippet:-1","max-image-preview":"max-image-preview:large","max-video-preview":"max-video-preview:-1"},"canonical":"https:\/\/radioljubuski.ba\/index.php\/2024\/02\/13\/predsjednik-covic-danas-u-ljubuskom-nazocio-sjednici-predsjednistva-zo-hdz-a-bih-zzh\/","og_locale":"hr_HR","og_type":"article","og_title":"Predsjednik \u010covi\u0107 danas u Ljubu\u0161kom nazo\u010dio sjednici predsjedni\u0161tva \u017dO HDZ-a BiH \u017dZH - RADIO LJUBU\u0160KI","og_description":"Predsjednik HDZ-a BiH i Hrvatskog narodnog sabora BiH dr. Dragan \u010covi\u0107, nazo\u010dio je u Ljubu\u0161kom na sjednici predsjedni\u0161tva \u017dupanijskog odbora HDZ-a BiH \u017dupanije Zapadnohercegova\u010dke. Du\u017enosnici su prezentirali stanje u \u017dupaniji po gradovima i op\u0107inama, uz naglasak na suradnju s ve\u0107im razinama vlasti oko odre\u0111enih projekata. Razvoj gospodarstva, ulaganje u infrastrukturu i demografsku strategiju kroz odre\u0111ene [&hellip;]","og_url":"https:\/\/radioljubuski.ba\/index.php\/2024\/02\/13\/predsjednik-covic-danas-u-ljubuskom-nazocio-sjednici-predsjednistva-zo-hdz-a-bih-zzh\/","og_site_name":"RADIO LJUBU\u0160KI","article_publisher":"https:\/\/www.facebook.com\/Radiio-Ljubuski-1490835324566332","article_published_time":"2024-02-13T06:55:18+00:00","article_modified_time":"2024-02-13T07:38:11+00:00","og_image":[{"width":1024,"height":480,"url":"https:\/\/radioljubuski.ba\/wp-content\/uploads\/2024\/02\/IMG-20240212-WA0004.jpg","type":"image\/jpeg"}],"author":"Radio Ljubu\u0161ki","twitter_card":"summary_large_image","twitter_creator":"@radioljubuski","twitter_site":"@radioljubuski","twitter_misc":{"Napisao\/la":"Radio Ljubu\u0161ki","Procijenjeno vrijeme \u010ditanja":"1 minuta"},"schema":{"@context":"https:\/\/schema.org","@graph":[{"@type":"Article","@id":"https:\/\/radioljubuski.ba\/index.php\/2024\/02\/13\/predsjednik-covic-danas-u-ljubuskom-nazocio-sjednici-predsjednistva-zo-hdz-a-bih-zzh\/#article","isPartOf":{"@id":"https:\/\/radioljubuski.ba\/index.php\/2024\/02\/13\/predsjednik-covic-danas-u-ljubuskom-nazocio-sjednici-predsjednistva-zo-hdz-a-bih-zzh\/"},"author":{"name":"Radio Ljubu\u0161ki","@id":"https:\/\/radioljubuski.ba\/#\/schema\/person\/19fc700381a780f69665d7956c469e3b"},"headline":"Predsjednik \u010covi\u0107 danas u Ljubu\u0161kom nazo\u010dio sjednici predsjedni\u0161tva \u017dO HDZ-a BiH \u017dZH","datePublished":"2024-02-13T06:55:18+00:00","dateModified":"2024-02-13T07:38:11+00:00","mainEntityOfPage":{"@id":"https:\/\/radioljubuski.ba\/index.php\/2024\/02\/13\/predsjednik-covic-danas-u-ljubuskom-nazocio-sjednici-predsjednistva-zo-hdz-a-bih-zzh\/"},"wordCount":254,"publisher":{"@id":"https:\/\/radioljubuski.ba\/#organization"},"image":{"@id":"https:\/\/radioljubuski.ba\/index.php\/2024\/02\/13\/predsjednik-covic-danas-u-ljubuskom-nazocio-sjednici-predsjednistva-zo-hdz-a-bih-zzh\/#primaryimage"},"thumbnailUrl":"https:\/\/radioljubuski.ba\/wp-content\/uploads\/2024\/02\/IMG-20240212-WA0004.jpg","articleSection":["Ljubu\u0161ki","Novosti"],"inLanguage":"hr"},{"@type":"WebPage","@id":"https:\/\/radioljubuski.ba\/index.php\/2024\/02\/13\/predsjednik-covic-danas-u-ljubuskom-nazocio-sjednici-predsjednistva-zo-hdz-a-bih-zzh\/","url":"https:\/\/radioljubuski.ba\/index.php\/2024\/02\/13\/predsjednik-covic-danas-u-ljubuskom-nazocio-sjednici-predsjednistva-zo-hdz-a-bih-zzh\/","name":"Predsjednik \u010covi\u0107 danas u Ljubu\u0161kom nazo\u010dio sjednici predsjedni\u0161tva \u017dO HDZ-a BiH \u017dZH - RADIO LJUBU\u0160KI","isPartOf":{"@id":"https:\/\/radioljubuski.ba\/#website"},"primaryImageOfPage":{"@id":"https:\/\/radioljubuski.ba\/index.php\/2024\/02\/13\/predsjednik-covic-danas-u-ljubuskom-nazocio-sjednici-predsjednistva-zo-hdz-a-bih-zzh\/#primaryimage"},"image":{"@id":"https:\/\/radioljubuski.ba\/index.php\/2024\/02\/13\/predsjednik-covic-danas-u-ljubuskom-nazocio-sjednici-predsjednistva-zo-hdz-a-bih-zzh\/#primaryimage"},"thumbnailUrl":"https:\/\/radioljubuski.ba\/wp-content\/uploads\/2024\/02\/IMG-20240212-WA0004.jpg","datePublished":"2024-02-13T06:55:18+00:00","dateModified":"2024-02-13T07:38:11+00:00","breadcrumb":{"@id":"https:\/\/radioljubuski.ba\/index.php\/2024\/02\/13\/predsjednik-covic-danas-u-ljubuskom-nazocio-sjednici-predsjednistva-zo-hdz-a-bih-zzh\/#breadcrumb"},"inLanguage":"hr","potentialAction":[{"@type":"ReadAction","target":["https:\/\/radioljubuski.ba\/index.php\/2024\/02\/13\/predsjednik-covic-danas-u-ljubuskom-nazocio-sjednici-predsjednistva-zo-hdz-a-bih-zzh\/"]}]},{"@type":"ImageObject","inLanguage":"hr","@id":"https:\/\/radioljubuski.ba\/index.php\/2024\/02\/13\/predsjednik-covic-danas-u-ljubuskom-nazocio-sjednici-predsjednistva-zo-hdz-a-bih-zzh\/#primaryimage","url":"https:\/\/radioljubuski.ba\/wp-content\/uploads\/2024\/02\/IMG-20240212-WA0004.jpg","contentUrl":"https:\/\/radioljubuski.ba\/wp-content\/uploads\/2024\/02\/IMG-20240212-WA0004.jpg","width":1024,"height":480},{"@type":"BreadcrumbList","@id":"https:\/\/radioljubuski.ba\/index.php\/2024\/02\/13\/predsjednik-covic-danas-u-ljubuskom-nazocio-sjednici-predsjednistva-zo-hdz-a-bih-zzh\/#breadcrumb","itemListElement":[{"@type":"ListItem","position":1,"name":"Po\u010detna stranica","item":"https:\/\/radioljubuski.ba\/"},{"@type":"ListItem","position":2,"name":"Predsjednik \u010covi\u0107 danas u Ljubu\u0161kom nazo\u010dio sjednici predsjedni\u0161tva \u017dO HDZ-a BiH \u017dZH"}]},{"@type":"WebSite","@id":"https:\/\/radioljubuski.ba\/#website","url":"https:\/\/radioljubuski.ba\/","name":"Radio Ljubu\u0161ki","description":"Sun\u010dana frekvencija Hercegovine","publisher":{"@id":"https:\/\/radioljubuski.ba\/#organization"},"potentialAction":[{"@type":"SearchAction","target":{"@type":"EntryPoint","urlTemplate":"https:\/\/radioljubuski.ba\/?s={search_term_string}"},"query-input":{"@type":"PropertyValueSpecification","valueRequired":true,"valueName":"search_term_string"}}],"inLanguage":"hr"},{"@type":"Organization","@id":"https:\/\/radioljubuski.ba\/#organization","name":"Radio Ljubu\u0161ki","url":"https:\/\/radioljubuski.ba\/","logo":{"@type":"ImageObject","inLanguage":"hr","@id":"https:\/\/radioljubuski.ba\/#\/schema\/logo\/image\/","url":"https:\/\/radioljubuski.ba\/wp-content\/uploads\/2021\/02\/cropped-Radio_Ljubuski_logo1.jpg","contentUrl":"https:\/\/radioljubuski.ba\/wp-content\/uploads\/2021\/02\/cropped-Radio_Ljubuski_logo1.jpg","width":512,"height":512,"caption":"Radio Ljubu\u0161ki"},"image":{"@id":"https:\/\/radioljubuski.ba\/#\/schema\/logo\/image\/"},"sameAs":["https:\/\/www.facebook.com\/Radiio-Ljubuski-1490835324566332","https:\/\/x.com\/radioljubuski","https:\/\/hr.linkedin.com\/company\/radio-ljubuski","https:\/\/www.youtube.com\/channel\/UCHYaeO_n0Db3tjNGudGpXyw"]},{"@type":"Person","@id":"https:\/\/radioljubuski.ba\/#\/schema\/person\/19fc700381a780f69665d7956c469e3b","name":"Radio Ljubu\u0161ki"}]}},"_links":{"self":[{"href":"https:\/\/radioljubuski.ba\/index.php\/wp-json\/wp\/v2\/posts\/200301","targetHints":{"allow":["GET"]}}],"collection":[{"href":"https:\/\/radioljubuski.ba\/index.php\/wp-json\/wp\/v2\/posts"}],"about":[{"href":"https:\/\/radioljubuski.ba\/index.php\/wp-json\/wp\/v2\/types\/post"}],"author":[{"embeddable":true,"href":"https:\/\/radioljubuski.ba\/index.php\/wp-json\/wp\/v2\/users\/2"}],"replies":[{"embeddable":true,"href":"https:\/\/radioljubuski.ba\/index.php\/wp-json\/wp\/v2\/comments?post=200301"}],"version-history":[{"count":2,"href":"https:\/\/radioljubuski.ba\/index.php\/wp-json\/wp\/v2\/posts\/200301\/revisions"}],"predecessor-version":[{"id":200304,"href":"https:\/\/radioljubuski.ba\/index.php\/wp-json\/wp\/v2\/posts\/200301\/revisions\/200304"}],"wp:featuredmedia":[{"embeddable":true,"href":"https:\/\/radioljubuski.ba\/index.php\/wp-json\/wp\/v2\/media\/200302"}],"wp:attachment":[{"href":"https:\/\/radioljubuski.ba\/index.php\/wp-json\/wp\/v2\/media?parent=200301"}],"wp:term":[{"taxonomy":"category","embeddable":true,"href":"https:\/\/radioljubuski.ba\/index.php\/wp-json\/wp\/v2\/categories?post=200301"},{"taxonomy":"post_tag","embeddable":true,"href":"https:\/\/radioljubuski.ba\/index.php\/wp-json\/wp\/v2\/tags?post=200301"}],"curies":[{"name":"wp","href":"https:\/\/api.w.org\/{rel}","templated":true}]}}