{"id":200313,"date":"2024-02-13T11:22:05","date_gmt":"2024-02-13T10:22:05","guid":{"rendered":"https:\/\/radioljubuski.ba\/?p=200313"},"modified":"2024-02-13T11:37:07","modified_gmt":"2024-02-13T10:37:07","slug":"prof-dr-dragan-primorac-u-cestitki-za-dan-grada-ljubuskog-pozvao-pet-ljubuskih-srednjoskolaca-na-kongres-s-cetvero-dobitnika-nobelove-nagrade","status":"publish","type":"post","link":"https:\/\/radioljubuski.ba\/index.php\/2024\/02\/13\/prof-dr-dragan-primorac-u-cestitki-za-dan-grada-ljubuskog-pozvao-pet-ljubuskih-srednjoskolaca-na-kongres-s-cetvero-dobitnika-nobelove-nagrade\/","title":{"rendered":"Prof. dr. Dragan Primorac u \u010destitki za Dan grada Ljubu\u0161kog pozvao pet ljubu\u0161kih srednjo\u0161kolaca na Kongres s \u010detvero dobitnika Nobelove nagrade"},"content":{"rendered":"\n<p>U povodu proslave Dana grada Ljubu\u0161kog na adresu gradske uprave, gradona\u010delnika Vedrana Markoti\u0107a i predsjednika Gradskog vije\u0107a Ljubu\u0161ki Tihomira Kvesi\u0107a stigle su brojne \u010destitke.<\/p>\n\n\n\n<p>Mi bi posebno izdvojili jednu \u2013 onu po\u010dasnog gra\u0111anina grada Ljubu\u0161kog, dr. Dragana Primorca.<\/p>\n\n\n\n<p>\u010cestitku prenosimo u cijelosti:<\/p>\n\n\n\n<p>Po\u0161tovani gradona\u010delni\u010de Markoti\u0107,<\/p>\n\n\n\n<p>Vama i Va\u0161im suradnicima, predsjedniku Gradskog vije\u0107a Kvesi\u0107u, \u010dlanovima Gradskog vije\u0107a te svim \u017eiteljima grada Ljubu\u0161kog od srca \u010destitam Dan grada Ljubu\u0161kog. Ljubu\u0161ki je grad \u010dije se ime po prvi put spominje jo\u0161 1435. godine, a njegova kulturna i povijesna ba\u0161tina, tradicija, prirodne ljepote te vrijedni, \u010destiti i ponosni ljudi garancija su njegove budu\u0107nosti. Kad je rije\u010d o budu\u0107nosti, onda su zasigurno njeno najve\u0107e jamstvo &nbsp;mladi i obrazovani ljudi.<\/p>\n\n\n\n<p>Stoga, mi je posebno zadovoljstvo, obavijestiti Vas da je Znanstveni odbor presti\u017ene znanstvene organizacije \u201eIntenational Society for Applied Biological Sciences (ISABS)\u201c, kojim predsjedavam, donio odluku da se petero najizvrsnijih srednjo\u0161kolaca iz Ljubu\u0161kog, nagradi sudjelovanjem na jednom od najzna\u010dajnijih svjetskih znanstvenih doga\u0111aja tijekom 2024. godine \u201e13th ISABS Conference on Forensic and Anthropologic Genetics and Mayo Clinic Lectures in Individualized Medicine\u201c. Navedenim u\u010denicima, osigurat \u0107e se besplatnu kotizaciju za sudjelovanje na svim sekcijama konferencije, uklju\u010duju\u0107i i predavanja dobitnika Nobelove nagrade, sve\u010danosti otvaranja skupa te sve\u010danoj ve\u010deri, a bit \u0107e im uru\u010deni i cjeloviti materijali skupa (Knjiga sa\u017eetaka, posebni svezak Croatian Medical Journal itd.).<\/p>\n\n\n\n<p>U radu ovogodi\u0161njeg Kongresa koji se od 17. \u2013 20. lipnja odr\u017eava u Splitu, uz vi\u0161e od 400 sudionika, sudjelovat \u0107e \u010detvero dobitnika Nobelove nagrade: Sir Richard Roberts, prof. dr. Aaron Chechanover, prof. dr. Gregg Semenza i prof. dr. Svante Paabo, te niz kandidata za Nobelovu nagradu.<\/p>\n\n\n\n<p>Kongrese tradicionalno organizira ISABS u suradnji s vode\u0107om ameri\u010dkom zdravstvenom institucijom Mayo Clinic, Specijalnom bolnicom Sv. Katarina i American Academy for Forensic Sciences, a kongresi predstavljaju jedan od najve\u0107ih svjetskih znanstvenih \u201ebrandova\u201c iz podru\u010dja personalizirane medicine te forenzi\u010dke i antropolo\u0161ke genetike. U radu dosada\u0161njih kongresa sudjelovalo je devet dobitnika Nobelove nagrade te vi\u0161e od 6.000 znanstvenika i 800-tinjak pozvanih predava\u010da, ukupno iz 78 dr\u017eava, \u0161to je Republiku Hrvatsku odredilo kao jednu od najzna\u010dajnijih destinacija iz podru\u010dja znanosti, zdravstva, inovacija i turizma. Vi\u0161e podataka o Kongresu dostupno je putem poveznice <a href=\"http:\/\/www.isabs.hr\">www.isabs.hr<\/a>.<\/p>\n\n\n\n<p>Ovom odlukom, kao po\u010dasni gra\u0111anin grada Ljubu\u0161kog, \u017eelim doprinijeti Va\u0161im nastojanjima u promociji va\u017enosti obrazovanja, ali potaknuti i usmjeriti u\u010denike za bavljenje znano\u0161\u0107u od najranije dobi, te im omogu\u0107iti susrete i neposrednu interakciju s vode\u0107im znanstvenicima svijeta, uklju\u010duju\u0107i i dobitnike Nobelove nagrade, ali istodobno promicati dru\u0161tvo znanja kao temelj budu\u0107nosti.<\/p>\n\n\n\n<p>Radujem se daljnjoj suradnji i srda\u010dno pozdravljam, pi\u0161e u \u010destitki dr. Dragana Primorca.<\/p>\n\n\n\n<p>Radio Ljubu\u0161ki<\/p>\n","protected":false},"excerpt":{"rendered":"<p>U povodu proslave Dana grada Ljubu\u0161kog na adresu gradske uprave, gradona\u010delnika Vedrana Markoti\u0107a i predsjednika Gradskog vije\u0107a Ljubu\u0161ki Tihomira Kvesi\u0107a stigle su brojne \u010destitke. Mi bi posebno izdvojili jednu \u2013 onu po\u010dasnog gra\u0111anina grada Ljubu\u0161kog, dr. Dragana Primorca. \u010cestitku prenosimo u cijelosti: Po\u0161tovani gradona\u010delni\u010de Markoti\u0107, Vama i Va\u0161im suradnicima, predsjedniku Gradskog vije\u0107a Kvesi\u0107u, \u010dlanovima Gradskog [&hellip;]<\/p>\n","protected":false},"author":2,"featured_media":200314,"comment_status":"closed","ping_status":"closed","sticky":false,"template":"","format":"standard","meta":{"h5ap_radio_sources":[],"footnotes":""},"categories":[3,28],"tags":[],"class_list":["post-200313","post","type-post","status-publish","format-standard","has-post-thumbnail","hentry","category-ljubuski","category-novosti"],"yoast_head":"<!-- This site is optimized with the Yoast SEO plugin v27.4 - https:\/\/yoast.com\/product\/yoast-seo-wordpress\/ -->\n<title>Prof. dr. Dragan Primorac u \u010destitki za Dan grada Ljubu\u0161kog pozvao pet ljubu\u0161kih srednjo\u0161kolaca na Kongres s \u010detvero dobitnika Nobelove nagrade - RADIO LJUBU\u0160KI<\/title>\n<meta name=\"robots\" content=\"index, follow, max-snippet:-1, max-image-preview:large, max-video-preview:-1\" \/>\n<link rel=\"canonical\" href=\"https:\/\/radioljubuski.ba\/index.php\/2024\/02\/13\/prof-dr-dragan-primorac-u-cestitki-za-dan-grada-ljubuskog-pozvao-pet-ljubuskih-srednjoskolaca-na-kongres-s-cetvero-dobitnika-nobelove-nagrade\/\" \/>\n<meta property=\"og:locale\" content=\"hr_HR\" \/>\n<meta property=\"og:type\" content=\"article\" \/>\n<meta property=\"og:title\" content=\"Prof. dr. Dragan Primorac u \u010destitki za Dan grada Ljubu\u0161kog pozvao pet ljubu\u0161kih srednjo\u0161kolaca na Kongres s \u010detvero dobitnika Nobelove nagrade - RADIO LJUBU\u0160KI\" \/>\n<meta property=\"og:description\" content=\"U povodu proslave Dana grada Ljubu\u0161kog na adresu gradske uprave, gradona\u010delnika Vedrana Markoti\u0107a i predsjednika Gradskog vije\u0107a Ljubu\u0161ki Tihomira Kvesi\u0107a stigle su brojne \u010destitke. Mi bi posebno izdvojili jednu \u2013 onu po\u010dasnog gra\u0111anina grada Ljubu\u0161kog, dr. Dragana Primorca. \u010cestitku prenosimo u cijelosti: Po\u0161tovani gradona\u010delni\u010de Markoti\u0107, Vama i Va\u0161im suradnicima, predsjedniku Gradskog vije\u0107a Kvesi\u0107u, \u010dlanovima Gradskog [&hellip;]\" \/>\n<meta property=\"og:url\" content=\"https:\/\/radioljubuski.ba\/index.php\/2024\/02\/13\/prof-dr-dragan-primorac-u-cestitki-za-dan-grada-ljubuskog-pozvao-pet-ljubuskih-srednjoskolaca-na-kongres-s-cetvero-dobitnika-nobelove-nagrade\/\" \/>\n<meta property=\"og:site_name\" content=\"RADIO LJUBU\u0160KI\" \/>\n<meta property=\"article:publisher\" content=\"https:\/\/www.facebook.com\/Radiio-Ljubuski-1490835324566332\" \/>\n<meta property=\"article:published_time\" content=\"2024-02-13T10:22:05+00:00\" \/>\n<meta property=\"article:modified_time\" content=\"2024-02-13T10:37:07+00:00\" \/>\n<meta property=\"og:image\" content=\"https:\/\/radioljubuski.ba\/wp-content\/uploads\/2024\/02\/primorac.jpg\" \/>\n\t<meta property=\"og:image:width\" content=\"600\" \/>\n\t<meta property=\"og:image:height\" content=\"400\" \/>\n\t<meta property=\"og:image:type\" content=\"image\/jpeg\" \/>\n<meta name=\"author\" content=\"Radio Ljubu\u0161ki\" \/>\n<meta name=\"twitter:card\" content=\"summary_large_image\" \/>\n<meta name=\"twitter:creator\" content=\"@radioljubuski\" \/>\n<meta name=\"twitter:site\" content=\"@radioljubuski\" \/>\n<meta name=\"twitter:label1\" content=\"Napisao\/la\" \/>\n\t<meta name=\"twitter:data1\" content=\"Radio Ljubu\u0161ki\" \/>\n\t<meta name=\"twitter:label2\" content=\"Procijenjeno vrijeme \u010ditanja\" \/>\n\t<meta name=\"twitter:data2\" content=\"3 minute\" \/>\n<script type=\"application\/ld+json\" class=\"yoast-schema-graph\">{\"@context\":\"https:\\\/\\\/schema.org\",\"@graph\":[{\"@type\":\"Article\",\"@id\":\"https:\\\/\\\/radioljubuski.ba\\\/index.php\\\/2024\\\/02\\\/13\\\/prof-dr-dragan-primorac-u-cestitki-za-dan-grada-ljubuskog-pozvao-pet-ljubuskih-srednjoskolaca-na-kongres-s-cetvero-dobitnika-nobelove-nagrade\\\/#article\",\"isPartOf\":{\"@id\":\"https:\\\/\\\/radioljubuski.ba\\\/index.php\\\/2024\\\/02\\\/13\\\/prof-dr-dragan-primorac-u-cestitki-za-dan-grada-ljubuskog-pozvao-pet-ljubuskih-srednjoskolaca-na-kongres-s-cetvero-dobitnika-nobelove-nagrade\\\/\"},\"author\":{\"name\":\"Radio Ljubu\u0161ki\",\"@id\":\"https:\\\/\\\/radioljubuski.ba\\\/#\\\/schema\\\/person\\\/19fc700381a780f69665d7956c469e3b\"},\"headline\":\"Prof. dr. Dragan Primorac u \u010destitki za Dan grada Ljubu\u0161kog pozvao pet ljubu\u0161kih srednjo\u0161kolaca na Kongres s \u010detvero dobitnika Nobelove nagrade\",\"datePublished\":\"2024-02-13T10:22:05+00:00\",\"dateModified\":\"2024-02-13T10:37:07+00:00\",\"mainEntityOfPage\":{\"@id\":\"https:\\\/\\\/radioljubuski.ba\\\/index.php\\\/2024\\\/02\\\/13\\\/prof-dr-dragan-primorac-u-cestitki-za-dan-grada-ljubuskog-pozvao-pet-ljubuskih-srednjoskolaca-na-kongres-s-cetvero-dobitnika-nobelove-nagrade\\\/\"},\"wordCount\":503,\"publisher\":{\"@id\":\"https:\\\/\\\/radioljubuski.ba\\\/#organization\"},\"image\":{\"@id\":\"https:\\\/\\\/radioljubuski.ba\\\/index.php\\\/2024\\\/02\\\/13\\\/prof-dr-dragan-primorac-u-cestitki-za-dan-grada-ljubuskog-pozvao-pet-ljubuskih-srednjoskolaca-na-kongres-s-cetvero-dobitnika-nobelove-nagrade\\\/#primaryimage\"},\"thumbnailUrl\":\"https:\\\/\\\/radioljubuski.ba\\\/wp-content\\\/uploads\\\/2024\\\/02\\\/primorac.jpg\",\"articleSection\":[\"Ljubu\u0161ki\",\"Novosti\"],\"inLanguage\":\"hr\"},{\"@type\":\"WebPage\",\"@id\":\"https:\\\/\\\/radioljubuski.ba\\\/index.php\\\/2024\\\/02\\\/13\\\/prof-dr-dragan-primorac-u-cestitki-za-dan-grada-ljubuskog-pozvao-pet-ljubuskih-srednjoskolaca-na-kongres-s-cetvero-dobitnika-nobelove-nagrade\\\/\",\"url\":\"https:\\\/\\\/radioljubuski.ba\\\/index.php\\\/2024\\\/02\\\/13\\\/prof-dr-dragan-primorac-u-cestitki-za-dan-grada-ljubuskog-pozvao-pet-ljubuskih-srednjoskolaca-na-kongres-s-cetvero-dobitnika-nobelove-nagrade\\\/\",\"name\":\"Prof. dr. Dragan Primorac u \u010destitki za Dan grada Ljubu\u0161kog pozvao pet ljubu\u0161kih srednjo\u0161kolaca na Kongres s \u010detvero dobitnika Nobelove nagrade - RADIO LJUBU\u0160KI\",\"isPartOf\":{\"@id\":\"https:\\\/\\\/radioljubuski.ba\\\/#website\"},\"primaryImageOfPage\":{\"@id\":\"https:\\\/\\\/radioljubuski.ba\\\/index.php\\\/2024\\\/02\\\/13\\\/prof-dr-dragan-primorac-u-cestitki-za-dan-grada-ljubuskog-pozvao-pet-ljubuskih-srednjoskolaca-na-kongres-s-cetvero-dobitnika-nobelove-nagrade\\\/#primaryimage\"},\"image\":{\"@id\":\"https:\\\/\\\/radioljubuski.ba\\\/index.php\\\/2024\\\/02\\\/13\\\/prof-dr-dragan-primorac-u-cestitki-za-dan-grada-ljubuskog-pozvao-pet-ljubuskih-srednjoskolaca-na-kongres-s-cetvero-dobitnika-nobelove-nagrade\\\/#primaryimage\"},\"thumbnailUrl\":\"https:\\\/\\\/radioljubuski.ba\\\/wp-content\\\/uploads\\\/2024\\\/02\\\/primorac.jpg\",\"datePublished\":\"2024-02-13T10:22:05+00:00\",\"dateModified\":\"2024-02-13T10:37:07+00:00\",\"breadcrumb\":{\"@id\":\"https:\\\/\\\/radioljubuski.ba\\\/index.php\\\/2024\\\/02\\\/13\\\/prof-dr-dragan-primorac-u-cestitki-za-dan-grada-ljubuskog-pozvao-pet-ljubuskih-srednjoskolaca-na-kongres-s-cetvero-dobitnika-nobelove-nagrade\\\/#breadcrumb\"},\"inLanguage\":\"hr\",\"potentialAction\":[{\"@type\":\"ReadAction\",\"target\":[\"https:\\\/\\\/radioljubuski.ba\\\/index.php\\\/2024\\\/02\\\/13\\\/prof-dr-dragan-primorac-u-cestitki-za-dan-grada-ljubuskog-pozvao-pet-ljubuskih-srednjoskolaca-na-kongres-s-cetvero-dobitnika-nobelove-nagrade\\\/\"]}]},{\"@type\":\"ImageObject\",\"inLanguage\":\"hr\",\"@id\":\"https:\\\/\\\/radioljubuski.ba\\\/index.php\\\/2024\\\/02\\\/13\\\/prof-dr-dragan-primorac-u-cestitki-za-dan-grada-ljubuskog-pozvao-pet-ljubuskih-srednjoskolaca-na-kongres-s-cetvero-dobitnika-nobelove-nagrade\\\/#primaryimage\",\"url\":\"https:\\\/\\\/radioljubuski.ba\\\/wp-content\\\/uploads\\\/2024\\\/02\\\/primorac.jpg\",\"contentUrl\":\"https:\\\/\\\/radioljubuski.ba\\\/wp-content\\\/uploads\\\/2024\\\/02\\\/primorac.jpg\",\"width\":600,\"height\":400},{\"@type\":\"BreadcrumbList\",\"@id\":\"https:\\\/\\\/radioljubuski.ba\\\/index.php\\\/2024\\\/02\\\/13\\\/prof-dr-dragan-primorac-u-cestitki-za-dan-grada-ljubuskog-pozvao-pet-ljubuskih-srednjoskolaca-na-kongres-s-cetvero-dobitnika-nobelove-nagrade\\\/#breadcrumb\",\"itemListElement\":[{\"@type\":\"ListItem\",\"position\":1,\"name\":\"Po\u010detna stranica\",\"item\":\"https:\\\/\\\/radioljubuski.ba\\\/\"},{\"@type\":\"ListItem\",\"position\":2,\"name\":\"Prof. dr. Dragan Primorac u \u010destitki za Dan grada Ljubu\u0161kog pozvao pet ljubu\u0161kih srednjo\u0161kolaca na Kongres s \u010detvero dobitnika Nobelove nagrade\"}]},{\"@type\":\"WebSite\",\"@id\":\"https:\\\/\\\/radioljubuski.ba\\\/#website\",\"url\":\"https:\\\/\\\/radioljubuski.ba\\\/\",\"name\":\"Radio Ljubu\u0161ki\",\"description\":\"Sun\u010dana frekvencija Hercegovine\",\"publisher\":{\"@id\":\"https:\\\/\\\/radioljubuski.ba\\\/#organization\"},\"potentialAction\":[{\"@type\":\"SearchAction\",\"target\":{\"@type\":\"EntryPoint\",\"urlTemplate\":\"https:\\\/\\\/radioljubuski.ba\\\/?s={search_term_string}\"},\"query-input\":{\"@type\":\"PropertyValueSpecification\",\"valueRequired\":true,\"valueName\":\"search_term_string\"}}],\"inLanguage\":\"hr\"},{\"@type\":\"Organization\",\"@id\":\"https:\\\/\\\/radioljubuski.ba\\\/#organization\",\"name\":\"Radio Ljubu\u0161ki\",\"url\":\"https:\\\/\\\/radioljubuski.ba\\\/\",\"logo\":{\"@type\":\"ImageObject\",\"inLanguage\":\"hr\",\"@id\":\"https:\\\/\\\/radioljubuski.ba\\\/#\\\/schema\\\/logo\\\/image\\\/\",\"url\":\"https:\\\/\\\/radioljubuski.ba\\\/wp-content\\\/uploads\\\/2021\\\/02\\\/cropped-Radio_Ljubuski_logo1.jpg\",\"contentUrl\":\"https:\\\/\\\/radioljubuski.ba\\\/wp-content\\\/uploads\\\/2021\\\/02\\\/cropped-Radio_Ljubuski_logo1.jpg\",\"width\":512,\"height\":512,\"caption\":\"Radio Ljubu\u0161ki\"},\"image\":{\"@id\":\"https:\\\/\\\/radioljubuski.ba\\\/#\\\/schema\\\/logo\\\/image\\\/\"},\"sameAs\":[\"https:\\\/\\\/www.facebook.com\\\/Radiio-Ljubuski-1490835324566332\",\"https:\\\/\\\/x.com\\\/radioljubuski\",\"https:\\\/\\\/hr.linkedin.com\\\/company\\\/radio-ljubuski\",\"https:\\\/\\\/www.youtube.com\\\/channel\\\/UCHYaeO_n0Db3tjNGudGpXyw\"]},{\"@type\":\"Person\",\"@id\":\"https:\\\/\\\/radioljubuski.ba\\\/#\\\/schema\\\/person\\\/19fc700381a780f69665d7956c469e3b\",\"name\":\"Radio Ljubu\u0161ki\"}]}<\/script>\n<!-- \/ Yoast SEO plugin. -->","yoast_head_json":{"title":"Prof. dr. Dragan Primorac u \u010destitki za Dan grada Ljubu\u0161kog pozvao pet ljubu\u0161kih srednjo\u0161kolaca na Kongres s \u010detvero dobitnika Nobelove nagrade - RADIO LJUBU\u0160KI","robots":{"index":"index","follow":"follow","max-snippet":"max-snippet:-1","max-image-preview":"max-image-preview:large","max-video-preview":"max-video-preview:-1"},"canonical":"https:\/\/radioljubuski.ba\/index.php\/2024\/02\/13\/prof-dr-dragan-primorac-u-cestitki-za-dan-grada-ljubuskog-pozvao-pet-ljubuskih-srednjoskolaca-na-kongres-s-cetvero-dobitnika-nobelove-nagrade\/","og_locale":"hr_HR","og_type":"article","og_title":"Prof. dr. Dragan Primorac u \u010destitki za Dan grada Ljubu\u0161kog pozvao pet ljubu\u0161kih srednjo\u0161kolaca na Kongres s \u010detvero dobitnika Nobelove nagrade - RADIO LJUBU\u0160KI","og_description":"U povodu proslave Dana grada Ljubu\u0161kog na adresu gradske uprave, gradona\u010delnika Vedrana Markoti\u0107a i predsjednika Gradskog vije\u0107a Ljubu\u0161ki Tihomira Kvesi\u0107a stigle su brojne \u010destitke. Mi bi posebno izdvojili jednu \u2013 onu po\u010dasnog gra\u0111anina grada Ljubu\u0161kog, dr. Dragana Primorca. \u010cestitku prenosimo u cijelosti: Po\u0161tovani gradona\u010delni\u010de Markoti\u0107, Vama i Va\u0161im suradnicima, predsjedniku Gradskog vije\u0107a Kvesi\u0107u, \u010dlanovima Gradskog [&hellip;]","og_url":"https:\/\/radioljubuski.ba\/index.php\/2024\/02\/13\/prof-dr-dragan-primorac-u-cestitki-za-dan-grada-ljubuskog-pozvao-pet-ljubuskih-srednjoskolaca-na-kongres-s-cetvero-dobitnika-nobelove-nagrade\/","og_site_name":"RADIO LJUBU\u0160KI","article_publisher":"https:\/\/www.facebook.com\/Radiio-Ljubuski-1490835324566332","article_published_time":"2024-02-13T10:22:05+00:00","article_modified_time":"2024-02-13T10:37:07+00:00","og_image":[{"width":600,"height":400,"url":"https:\/\/radioljubuski.ba\/wp-content\/uploads\/2024\/02\/primorac.jpg","type":"image\/jpeg"}],"author":"Radio Ljubu\u0161ki","twitter_card":"summary_large_image","twitter_creator":"@radioljubuski","twitter_site":"@radioljubuski","twitter_misc":{"Napisao\/la":"Radio Ljubu\u0161ki","Procijenjeno vrijeme \u010ditanja":"3 minute"},"schema":{"@context":"https:\/\/schema.org","@graph":[{"@type":"Article","@id":"https:\/\/radioljubuski.ba\/index.php\/2024\/02\/13\/prof-dr-dragan-primorac-u-cestitki-za-dan-grada-ljubuskog-pozvao-pet-ljubuskih-srednjoskolaca-na-kongres-s-cetvero-dobitnika-nobelove-nagrade\/#article","isPartOf":{"@id":"https:\/\/radioljubuski.ba\/index.php\/2024\/02\/13\/prof-dr-dragan-primorac-u-cestitki-za-dan-grada-ljubuskog-pozvao-pet-ljubuskih-srednjoskolaca-na-kongres-s-cetvero-dobitnika-nobelove-nagrade\/"},"author":{"name":"Radio Ljubu\u0161ki","@id":"https:\/\/radioljubuski.ba\/#\/schema\/person\/19fc700381a780f69665d7956c469e3b"},"headline":"Prof. dr. Dragan Primorac u \u010destitki za Dan grada Ljubu\u0161kog pozvao pet ljubu\u0161kih srednjo\u0161kolaca na Kongres s \u010detvero dobitnika Nobelove nagrade","datePublished":"2024-02-13T10:22:05+00:00","dateModified":"2024-02-13T10:37:07+00:00","mainEntityOfPage":{"@id":"https:\/\/radioljubuski.ba\/index.php\/2024\/02\/13\/prof-dr-dragan-primorac-u-cestitki-za-dan-grada-ljubuskog-pozvao-pet-ljubuskih-srednjoskolaca-na-kongres-s-cetvero-dobitnika-nobelove-nagrade\/"},"wordCount":503,"publisher":{"@id":"https:\/\/radioljubuski.ba\/#organization"},"image":{"@id":"https:\/\/radioljubuski.ba\/index.php\/2024\/02\/13\/prof-dr-dragan-primorac-u-cestitki-za-dan-grada-ljubuskog-pozvao-pet-ljubuskih-srednjoskolaca-na-kongres-s-cetvero-dobitnika-nobelove-nagrade\/#primaryimage"},"thumbnailUrl":"https:\/\/radioljubuski.ba\/wp-content\/uploads\/2024\/02\/primorac.jpg","articleSection":["Ljubu\u0161ki","Novosti"],"inLanguage":"hr"},{"@type":"WebPage","@id":"https:\/\/radioljubuski.ba\/index.php\/2024\/02\/13\/prof-dr-dragan-primorac-u-cestitki-za-dan-grada-ljubuskog-pozvao-pet-ljubuskih-srednjoskolaca-na-kongres-s-cetvero-dobitnika-nobelove-nagrade\/","url":"https:\/\/radioljubuski.ba\/index.php\/2024\/02\/13\/prof-dr-dragan-primorac-u-cestitki-za-dan-grada-ljubuskog-pozvao-pet-ljubuskih-srednjoskolaca-na-kongres-s-cetvero-dobitnika-nobelove-nagrade\/","name":"Prof. dr. Dragan Primorac u \u010destitki za Dan grada Ljubu\u0161kog pozvao pet ljubu\u0161kih srednjo\u0161kolaca na Kongres s \u010detvero dobitnika Nobelove nagrade - RADIO LJUBU\u0160KI","isPartOf":{"@id":"https:\/\/radioljubuski.ba\/#website"},"primaryImageOfPage":{"@id":"https:\/\/radioljubuski.ba\/index.php\/2024\/02\/13\/prof-dr-dragan-primorac-u-cestitki-za-dan-grada-ljubuskog-pozvao-pet-ljubuskih-srednjoskolaca-na-kongres-s-cetvero-dobitnika-nobelove-nagrade\/#primaryimage"},"image":{"@id":"https:\/\/radioljubuski.ba\/index.php\/2024\/02\/13\/prof-dr-dragan-primorac-u-cestitki-za-dan-grada-ljubuskog-pozvao-pet-ljubuskih-srednjoskolaca-na-kongres-s-cetvero-dobitnika-nobelove-nagrade\/#primaryimage"},"thumbnailUrl":"https:\/\/radioljubuski.ba\/wp-content\/uploads\/2024\/02\/primorac.jpg","datePublished":"2024-02-13T10:22:05+00:00","dateModified":"2024-02-13T10:37:07+00:00","breadcrumb":{"@id":"https:\/\/radioljubuski.ba\/index.php\/2024\/02\/13\/prof-dr-dragan-primorac-u-cestitki-za-dan-grada-ljubuskog-pozvao-pet-ljubuskih-srednjoskolaca-na-kongres-s-cetvero-dobitnika-nobelove-nagrade\/#breadcrumb"},"inLanguage":"hr","potentialAction":[{"@type":"ReadAction","target":["https:\/\/radioljubuski.ba\/index.php\/2024\/02\/13\/prof-dr-dragan-primorac-u-cestitki-za-dan-grada-ljubuskog-pozvao-pet-ljubuskih-srednjoskolaca-na-kongres-s-cetvero-dobitnika-nobelove-nagrade\/"]}]},{"@type":"ImageObject","inLanguage":"hr","@id":"https:\/\/radioljubuski.ba\/index.php\/2024\/02\/13\/prof-dr-dragan-primorac-u-cestitki-za-dan-grada-ljubuskog-pozvao-pet-ljubuskih-srednjoskolaca-na-kongres-s-cetvero-dobitnika-nobelove-nagrade\/#primaryimage","url":"https:\/\/radioljubuski.ba\/wp-content\/uploads\/2024\/02\/primorac.jpg","contentUrl":"https:\/\/radioljubuski.ba\/wp-content\/uploads\/2024\/02\/primorac.jpg","width":600,"height":400},{"@type":"BreadcrumbList","@id":"https:\/\/radioljubuski.ba\/index.php\/2024\/02\/13\/prof-dr-dragan-primorac-u-cestitki-za-dan-grada-ljubuskog-pozvao-pet-ljubuskih-srednjoskolaca-na-kongres-s-cetvero-dobitnika-nobelove-nagrade\/#breadcrumb","itemListElement":[{"@type":"ListItem","position":1,"name":"Po\u010detna stranica","item":"https:\/\/radioljubuski.ba\/"},{"@type":"ListItem","position":2,"name":"Prof. dr. Dragan Primorac u \u010destitki za Dan grada Ljubu\u0161kog pozvao pet ljubu\u0161kih srednjo\u0161kolaca na Kongres s \u010detvero dobitnika Nobelove nagrade"}]},{"@type":"WebSite","@id":"https:\/\/radioljubuski.ba\/#website","url":"https:\/\/radioljubuski.ba\/","name":"Radio Ljubu\u0161ki","description":"Sun\u010dana frekvencija Hercegovine","publisher":{"@id":"https:\/\/radioljubuski.ba\/#organization"},"potentialAction":[{"@type":"SearchAction","target":{"@type":"EntryPoint","urlTemplate":"https:\/\/radioljubuski.ba\/?s={search_term_string}"},"query-input":{"@type":"PropertyValueSpecification","valueRequired":true,"valueName":"search_term_string"}}],"inLanguage":"hr"},{"@type":"Organization","@id":"https:\/\/radioljubuski.ba\/#organization","name":"Radio Ljubu\u0161ki","url":"https:\/\/radioljubuski.ba\/","logo":{"@type":"ImageObject","inLanguage":"hr","@id":"https:\/\/radioljubuski.ba\/#\/schema\/logo\/image\/","url":"https:\/\/radioljubuski.ba\/wp-content\/uploads\/2021\/02\/cropped-Radio_Ljubuski_logo1.jpg","contentUrl":"https:\/\/radioljubuski.ba\/wp-content\/uploads\/2021\/02\/cropped-Radio_Ljubuski_logo1.jpg","width":512,"height":512,"caption":"Radio Ljubu\u0161ki"},"image":{"@id":"https:\/\/radioljubuski.ba\/#\/schema\/logo\/image\/"},"sameAs":["https:\/\/www.facebook.com\/Radiio-Ljubuski-1490835324566332","https:\/\/x.com\/radioljubuski","https:\/\/hr.linkedin.com\/company\/radio-ljubuski","https:\/\/www.youtube.com\/channel\/UCHYaeO_n0Db3tjNGudGpXyw"]},{"@type":"Person","@id":"https:\/\/radioljubuski.ba\/#\/schema\/person\/19fc700381a780f69665d7956c469e3b","name":"Radio Ljubu\u0161ki"}]}},"_links":{"self":[{"href":"https:\/\/radioljubuski.ba\/index.php\/wp-json\/wp\/v2\/posts\/200313","targetHints":{"allow":["GET"]}}],"collection":[{"href":"https:\/\/radioljubuski.ba\/index.php\/wp-json\/wp\/v2\/posts"}],"about":[{"href":"https:\/\/radioljubuski.ba\/index.php\/wp-json\/wp\/v2\/types\/post"}],"author":[{"embeddable":true,"href":"https:\/\/radioljubuski.ba\/index.php\/wp-json\/wp\/v2\/users\/2"}],"replies":[{"embeddable":true,"href":"https:\/\/radioljubuski.ba\/index.php\/wp-json\/wp\/v2\/comments?post=200313"}],"version-history":[{"count":3,"href":"https:\/\/radioljubuski.ba\/index.php\/wp-json\/wp\/v2\/posts\/200313\/revisions"}],"predecessor-version":[{"id":200317,"href":"https:\/\/radioljubuski.ba\/index.php\/wp-json\/wp\/v2\/posts\/200313\/revisions\/200317"}],"wp:featuredmedia":[{"embeddable":true,"href":"https:\/\/radioljubuski.ba\/index.php\/wp-json\/wp\/v2\/media\/200314"}],"wp:attachment":[{"href":"https:\/\/radioljubuski.ba\/index.php\/wp-json\/wp\/v2\/media?parent=200313"}],"wp:term":[{"taxonomy":"category","embeddable":true,"href":"https:\/\/radioljubuski.ba\/index.php\/wp-json\/wp\/v2\/categories?post=200313"},{"taxonomy":"post_tag","embeddable":true,"href":"https:\/\/radioljubuski.ba\/index.php\/wp-json\/wp\/v2\/tags?post=200313"}],"curies":[{"name":"wp","href":"https:\/\/api.w.org\/{rel}","templated":true}]}}