{"id":200474,"date":"2024-02-21T07:53:31","date_gmt":"2024-02-21T06:53:31","guid":{"rendered":"https:\/\/radioljubuski.ba\/?p=200474"},"modified":"2024-02-21T07:53:32","modified_gmt":"2024-02-21T06:53:32","slug":"sastanak-vlade-fbih-i-poslodavaca-nastaviti-i-ubrzati-zapocete-reformske-procese","status":"publish","type":"post","link":"https:\/\/radioljubuski.ba\/index.php\/2024\/02\/21\/sastanak-vlade-fbih-i-poslodavaca-nastaviti-i-ubrzati-zapocete-reformske-procese\/","title":{"rendered":"Sastanak Vlade FBiH i poslodavaca: Nastaviti i ubrzati zapo\u010dete reformske procese"},"content":{"rendered":"\n<p>Premijer Federacije BiH Nermin Nik\u0161i\u0107 i dopremijeri i federalni ministiri, financija&nbsp;<strong>Toni Kraljevi\u0107&nbsp;<\/strong>&nbsp;i razvoja, poduzetni\u0161tva i obrta Vojin Mijatovi\u0107, te federalni ministar pravde Vedran \u0160kobi\u0107 i federalni ministar energije, rudarstva i industrije Vedran Laki\u0107&nbsp; danas su u sjedi\u0161tu Vlade Federacije BiH u Sarajevu, odr\u017eali sastanak s predstavnicima reprezentativnog Udru\u017eenja poslodavaca u Federaciji BiH.<\/p>\n\n\n\n<p>Na sastanku su uime Udru\u017eenja poslodavaca u FBiH sudjelovali predsjednik Udru\u017eenja Adnan Smailbegovi\u0107, direktor Mario Nenadi\u0107 i \u010dlanovi Upravnog odbora Udru\u017eenja Safudin \u010cengi\u0107, Adem Hani\u0107, Ladislav Bevanda i Rasim Memagi\u0107.<strong>&nbsp;<\/strong>Predstavnici Udru\u017eenja poslodavaca naglasili su prioritete za teku\u0107u godinu koje je usvojio Upravni odbor Udru\u017eenja, a odnose se na fiskalne i parafiskalne reforme i liberalizaciju tr\u017ei\u0161ta rada.<\/p>\n\n\n\n<p>\u2013 Potrebno je nastaviti i ubrzati reformske procese kada se radi o fiskalnim i parafiskalnim optere\u0107enjima privrede u Federaciji BiH, a posebno na kvalitetan i odr\u017eiv na\u010din rije\u0161iti pitanja doprinosa, poreza na dohodak i dobiti, te s tim u vezi urediti i pitanje minimalne plate i drugih primanja zaposlenih u realnom sektoru u FBiH \u2013 usaglasili su se sudionici sastanka.<\/p>\n\n\n\n<p>Predstavnici Vlade ukazali su na va\u017enost o\u010duvanja ravnote\u017ee unutar sustava, vode\u0107i ra\u010duna o negativnom trendu u punjenju fonda mirovinskog-invalidskog osiguranja, ali i odr\u017eivosti sistema drugih obaveza prema korisnicima u Federaciji BiH. Do dono\u0161enja seta fiskalnih propisa i fiskalizacije, pozivaju se poslodavci da maksimalno, kao prelazno rje\u0161enje, iskoriste odluke Vlade Federacije BiH o pove\u0107anju primanja radnika kroz isplatu neoporezivih iznosa pomo\u0107i odobrenih odgovaraju\u0107om uredbom o isplati pomo\u0107i od poslodavaca i isplati jednokratne pomo\u0107i, te s predstavnicima Vlade nastave razgovore.&nbsp; &nbsp; &nbsp; &nbsp; &nbsp; &nbsp; &nbsp; &nbsp; &nbsp; &nbsp; &nbsp; &nbsp; &nbsp; &nbsp; &nbsp; &nbsp; &nbsp; &nbsp;<\/p>\n\n\n\n<p>Tijekom sastanka, poslodavci su naglasili i va\u017enost reforme i liberalizacije tr\u017ei\u0161ta rada u Federaciji BiH, kroz hitno usvajanje Zakona o posredovanju u zapo\u0161ljavanju i socijalnoj sigurnosti nezaposlenih osoba, Zakona o zapo\u0161ljavanju stranaca u FBiH i Zakona o radu. Ovi zakoni su pripremljeni i upu\u0107eni u proceduru, te se o\u010dekuje njihovo skoro razmatranje i usvajanje. Istaknuto je i va\u017enim da se ovim propisima razdvoje evidencije nezaposlenih osoba od aktivnih tra\u017eitelja posla \u0161to stvara nejasno\u0107e na tr\u017ei\u0161tu radne snage u FBiH. Programe i projekte zapo\u0161ljavanja u FBiH, kao i projekte i fondove za posebne namjene, zapo\u0161ljavanje i profesionalnu rehabilitaciju osoba s invaliditetom, te druge osjetljive grupe na tr\u017ei\u0161tu rada, potrebno je stalno a\u017eurirati i prilago\u0111avati trenutnim potrebama na \u010demu \u0107e nastaviti s radom predstavnici resornog Federalnog ministarstva rada i socijalne politike s poslodavcima i drugim zainteresiranim grupama.<\/p>\n\n\n\n<p>Poslodavci su naglasili da je reforma zdravstvenog osiguranja i zdravstvene za\u0161tite za poslovno okru\u017eenje jo\u0161 jedno od prioritetnih pitanja. Ocjenili su neprimjerenim va\u017ee\u0107e zakonsko rje\u0161enje, prema kojem ukupan teret od 42 dana bolovanja u FBiH pada isklju\u010divo na teret poslodavaca, te da se tako\u0111er i obaveza lije\u010denja kao posljedica povreda na radu, bez obzira na krivicu i odgovornost poslodavca, prenosi isklju\u010divo na poslodavce. Ocijenjeno je da je zdravstveno osiguranje i za\u0161titu, potrebno preurediti i modernizirati, te se podr\u017eava nastavak zajedni\u010dkog rada predstavnika vlasti i poslodavaca, na skorim reformama u ovoj oblasti, a koje predvodi resorno Federalno ministarstvo zdravstva u Vladi FBiH. Jo\u0161 jedno od pitanja koje su poslodavci predstavili bitnim je cijene elektri\u010dne energije i pripreme za procese posebnih obaveza prema pravilima EU, a koje se odnose na pla\u0107anje posebnih obaveza za kori\u0161tenje \u201cprljave\u201d energije, a \u0161to \u0107e po\u010deti od 1.1.2026. godine, za\u0161to se, ocjenjeno je, BiH, pa tako i izvoznici i privreda trebaju kvalitetno pripremiti kako bi pobolj\u0161ali i \u0161to vi\u0161e o\u010duvali svoju konkurentnost na inostranom tr\u017ei\u0161tu.<\/p>\n\n\n\n<p>Premijer je najavio i rje\u0161avanje pitanja kada je rije\u010d o radu Ekonomsko-socijalnog vije\u0107a, kao klju\u010dne ta\u010dke razgovora predstavnika vlasti, te reprezentativnih udru\u017eenja poslodavaca i sindikata u Federaciji BiH.<\/p>\n\n\n\n<p>Federalni ministar pravde pozvao je predstavnike poslodavaca da se aktivno uklju\u010de u pripremu novog Zakona o kaznenom postupku, kako bi se a\u017eurirale odre\u0111ene odredbe koje se odnose na pitanja prilagodbe novom sistemu i standardima EU, te osigurala pravna sigurnost stranim i doma\u0107im investitorima kapitala, malim investitorima i kreditorima, a \u0161to su ve\u0107 uredile zemlje u okru\u017eenju.<\/p>\n\n\n\n<p>Na dana\u0161njem sastanku predmet konstruktivne rasprave, izme\u0111u ostalog, bilo je uskla\u0111ivanja obrazovanja sa potrebama tr\u017ei\u0161ta rada, te skore objave grantova i projekti namjenjeni poduzetnicima u FBiH.<\/p>\n\n\n\n<p>Zaklju\u010deno je da \u0107e se uspostavljena praksa razmjene informacija o prioritetima i pokrenutim aktivnostima nastaviti kroz najavljeni rad Ekonomsko \u2013 socijalnog vije\u0107a i redovne mjese\u010dne pregledne sastanke Vlade Federacije BiH i Udru\u017eenja poslodavaca u FBiH.<\/p>\n","protected":false},"excerpt":{"rendered":"<p>Premijer Federacije BiH Nermin Nik\u0161i\u0107 i dopremijeri i federalni ministiri, financija&nbsp;Toni Kraljevi\u0107&nbsp;&nbsp;i razvoja, poduzetni\u0161tva i obrta Vojin Mijatovi\u0107, te federalni ministar pravde Vedran \u0160kobi\u0107 i federalni ministar energije, rudarstva i industrije Vedran Laki\u0107&nbsp; danas su u sjedi\u0161tu Vlade Federacije BiH u Sarajevu, odr\u017eali sastanak s predstavnicima reprezentativnog Udru\u017eenja poslodavaca u Federaciji BiH. Na sastanku su [&hellip;]<\/p>\n","protected":false},"author":2,"featured_media":200475,"comment_status":"closed","ping_status":"closed","sticky":false,"template":"","format":"standard","meta":{"h5ap_radio_sources":[],"footnotes":""},"categories":[1,28],"tags":[],"class_list":["post-200474","post","type-post","status-publish","format-standard","has-post-thumbnail","hentry","category-bihiregija","category-novosti"],"yoast_head":"<!-- This site is optimized with the Yoast SEO plugin v27.4 - https:\/\/yoast.com\/product\/yoast-seo-wordpress\/ -->\n<title>Sastanak Vlade FBiH i poslodavaca: Nastaviti i ubrzati zapo\u010dete reformske procese - RADIO LJUBU\u0160KI<\/title>\n<meta name=\"robots\" content=\"index, follow, max-snippet:-1, max-image-preview:large, max-video-preview:-1\" \/>\n<link rel=\"canonical\" href=\"https:\/\/radioljubuski.ba\/index.php\/2024\/02\/21\/sastanak-vlade-fbih-i-poslodavaca-nastaviti-i-ubrzati-zapocete-reformske-procese\/\" \/>\n<meta property=\"og:locale\" content=\"hr_HR\" \/>\n<meta property=\"og:type\" content=\"article\" \/>\n<meta property=\"og:title\" content=\"Sastanak Vlade FBiH i poslodavaca: Nastaviti i ubrzati zapo\u010dete reformske procese - RADIO LJUBU\u0160KI\" \/>\n<meta property=\"og:description\" content=\"Premijer Federacije BiH Nermin Nik\u0161i\u0107 i dopremijeri i federalni ministiri, financija&nbsp;Toni Kraljevi\u0107&nbsp;&nbsp;i razvoja, poduzetni\u0161tva i obrta Vojin Mijatovi\u0107, te federalni ministar pravde Vedran \u0160kobi\u0107 i federalni ministar energije, rudarstva i industrije Vedran Laki\u0107&nbsp; danas su u sjedi\u0161tu Vlade Federacije BiH u Sarajevu, odr\u017eali sastanak s predstavnicima reprezentativnog Udru\u017eenja poslodavaca u Federaciji BiH. Na sastanku su [&hellip;]\" \/>\n<meta property=\"og:url\" content=\"https:\/\/radioljubuski.ba\/index.php\/2024\/02\/21\/sastanak-vlade-fbih-i-poslodavaca-nastaviti-i-ubrzati-zapocete-reformske-procese\/\" \/>\n<meta property=\"og:site_name\" content=\"RADIO LJUBU\u0160KI\" \/>\n<meta property=\"article:publisher\" content=\"https:\/\/www.facebook.com\/Radiio-Ljubuski-1490835324566332\" \/>\n<meta property=\"article:published_time\" content=\"2024-02-21T06:53:31+00:00\" \/>\n<meta property=\"article:modified_time\" content=\"2024-02-21T06:53:32+00:00\" \/>\n<meta property=\"og:image\" content=\"https:\/\/radioljubuski.ba\/wp-content\/uploads\/2024\/02\/PHOTO-2024-02-21-07-29-51.jpg\" \/>\n\t<meta property=\"og:image:width\" content=\"1024\" \/>\n\t<meta property=\"og:image:height\" content=\"683\" \/>\n\t<meta property=\"og:image:type\" content=\"image\/jpeg\" \/>\n<meta name=\"author\" content=\"Radio Ljubu\u0161ki\" \/>\n<meta name=\"twitter:card\" content=\"summary_large_image\" \/>\n<meta name=\"twitter:creator\" content=\"@radioljubuski\" \/>\n<meta name=\"twitter:site\" content=\"@radioljubuski\" \/>\n<meta name=\"twitter:label1\" content=\"Napisao\/la\" \/>\n\t<meta name=\"twitter:data1\" content=\"Radio Ljubu\u0161ki\" \/>\n\t<meta name=\"twitter:label2\" content=\"Procijenjeno vrijeme \u010ditanja\" \/>\n\t<meta name=\"twitter:data2\" content=\"4 minute\" \/>\n<script type=\"application\/ld+json\" class=\"yoast-schema-graph\">{\"@context\":\"https:\\\/\\\/schema.org\",\"@graph\":[{\"@type\":\"Article\",\"@id\":\"https:\\\/\\\/radioljubuski.ba\\\/index.php\\\/2024\\\/02\\\/21\\\/sastanak-vlade-fbih-i-poslodavaca-nastaviti-i-ubrzati-zapocete-reformske-procese\\\/#article\",\"isPartOf\":{\"@id\":\"https:\\\/\\\/radioljubuski.ba\\\/index.php\\\/2024\\\/02\\\/21\\\/sastanak-vlade-fbih-i-poslodavaca-nastaviti-i-ubrzati-zapocete-reformske-procese\\\/\"},\"author\":{\"name\":\"Radio Ljubu\u0161ki\",\"@id\":\"https:\\\/\\\/radioljubuski.ba\\\/#\\\/schema\\\/person\\\/19fc700381a780f69665d7956c469e3b\"},\"headline\":\"Sastanak Vlade FBiH i poslodavaca: Nastaviti i ubrzati zapo\u010dete reformske procese\",\"datePublished\":\"2024-02-21T06:53:31+00:00\",\"dateModified\":\"2024-02-21T06:53:32+00:00\",\"mainEntityOfPage\":{\"@id\":\"https:\\\/\\\/radioljubuski.ba\\\/index.php\\\/2024\\\/02\\\/21\\\/sastanak-vlade-fbih-i-poslodavaca-nastaviti-i-ubrzati-zapocete-reformske-procese\\\/\"},\"wordCount\":816,\"publisher\":{\"@id\":\"https:\\\/\\\/radioljubuski.ba\\\/#organization\"},\"image\":{\"@id\":\"https:\\\/\\\/radioljubuski.ba\\\/index.php\\\/2024\\\/02\\\/21\\\/sastanak-vlade-fbih-i-poslodavaca-nastaviti-i-ubrzati-zapocete-reformske-procese\\\/#primaryimage\"},\"thumbnailUrl\":\"https:\\\/\\\/radioljubuski.ba\\\/wp-content\\\/uploads\\\/2024\\\/02\\\/PHOTO-2024-02-21-07-29-51.jpg\",\"articleSection\":[\"BIH i regija\",\"Novosti\"],\"inLanguage\":\"hr\"},{\"@type\":\"WebPage\",\"@id\":\"https:\\\/\\\/radioljubuski.ba\\\/index.php\\\/2024\\\/02\\\/21\\\/sastanak-vlade-fbih-i-poslodavaca-nastaviti-i-ubrzati-zapocete-reformske-procese\\\/\",\"url\":\"https:\\\/\\\/radioljubuski.ba\\\/index.php\\\/2024\\\/02\\\/21\\\/sastanak-vlade-fbih-i-poslodavaca-nastaviti-i-ubrzati-zapocete-reformske-procese\\\/\",\"name\":\"Sastanak Vlade FBiH i poslodavaca: Nastaviti i ubrzati zapo\u010dete reformske procese - RADIO LJUBU\u0160KI\",\"isPartOf\":{\"@id\":\"https:\\\/\\\/radioljubuski.ba\\\/#website\"},\"primaryImageOfPage\":{\"@id\":\"https:\\\/\\\/radioljubuski.ba\\\/index.php\\\/2024\\\/02\\\/21\\\/sastanak-vlade-fbih-i-poslodavaca-nastaviti-i-ubrzati-zapocete-reformske-procese\\\/#primaryimage\"},\"image\":{\"@id\":\"https:\\\/\\\/radioljubuski.ba\\\/index.php\\\/2024\\\/02\\\/21\\\/sastanak-vlade-fbih-i-poslodavaca-nastaviti-i-ubrzati-zapocete-reformske-procese\\\/#primaryimage\"},\"thumbnailUrl\":\"https:\\\/\\\/radioljubuski.ba\\\/wp-content\\\/uploads\\\/2024\\\/02\\\/PHOTO-2024-02-21-07-29-51.jpg\",\"datePublished\":\"2024-02-21T06:53:31+00:00\",\"dateModified\":\"2024-02-21T06:53:32+00:00\",\"breadcrumb\":{\"@id\":\"https:\\\/\\\/radioljubuski.ba\\\/index.php\\\/2024\\\/02\\\/21\\\/sastanak-vlade-fbih-i-poslodavaca-nastaviti-i-ubrzati-zapocete-reformske-procese\\\/#breadcrumb\"},\"inLanguage\":\"hr\",\"potentialAction\":[{\"@type\":\"ReadAction\",\"target\":[\"https:\\\/\\\/radioljubuski.ba\\\/index.php\\\/2024\\\/02\\\/21\\\/sastanak-vlade-fbih-i-poslodavaca-nastaviti-i-ubrzati-zapocete-reformske-procese\\\/\"]}]},{\"@type\":\"ImageObject\",\"inLanguage\":\"hr\",\"@id\":\"https:\\\/\\\/radioljubuski.ba\\\/index.php\\\/2024\\\/02\\\/21\\\/sastanak-vlade-fbih-i-poslodavaca-nastaviti-i-ubrzati-zapocete-reformske-procese\\\/#primaryimage\",\"url\":\"https:\\\/\\\/radioljubuski.ba\\\/wp-content\\\/uploads\\\/2024\\\/02\\\/PHOTO-2024-02-21-07-29-51.jpg\",\"contentUrl\":\"https:\\\/\\\/radioljubuski.ba\\\/wp-content\\\/uploads\\\/2024\\\/02\\\/PHOTO-2024-02-21-07-29-51.jpg\",\"width\":1024,\"height\":683},{\"@type\":\"BreadcrumbList\",\"@id\":\"https:\\\/\\\/radioljubuski.ba\\\/index.php\\\/2024\\\/02\\\/21\\\/sastanak-vlade-fbih-i-poslodavaca-nastaviti-i-ubrzati-zapocete-reformske-procese\\\/#breadcrumb\",\"itemListElement\":[{\"@type\":\"ListItem\",\"position\":1,\"name\":\"Po\u010detna stranica\",\"item\":\"https:\\\/\\\/radioljubuski.ba\\\/\"},{\"@type\":\"ListItem\",\"position\":2,\"name\":\"Sastanak Vlade FBiH i poslodavaca: Nastaviti i ubrzati zapo\u010dete reformske procese\"}]},{\"@type\":\"WebSite\",\"@id\":\"https:\\\/\\\/radioljubuski.ba\\\/#website\",\"url\":\"https:\\\/\\\/radioljubuski.ba\\\/\",\"name\":\"Radio Ljubu\u0161ki\",\"description\":\"Sun\u010dana frekvencija Hercegovine\",\"publisher\":{\"@id\":\"https:\\\/\\\/radioljubuski.ba\\\/#organization\"},\"potentialAction\":[{\"@type\":\"SearchAction\",\"target\":{\"@type\":\"EntryPoint\",\"urlTemplate\":\"https:\\\/\\\/radioljubuski.ba\\\/?s={search_term_string}\"},\"query-input\":{\"@type\":\"PropertyValueSpecification\",\"valueRequired\":true,\"valueName\":\"search_term_string\"}}],\"inLanguage\":\"hr\"},{\"@type\":\"Organization\",\"@id\":\"https:\\\/\\\/radioljubuski.ba\\\/#organization\",\"name\":\"Radio Ljubu\u0161ki\",\"url\":\"https:\\\/\\\/radioljubuski.ba\\\/\",\"logo\":{\"@type\":\"ImageObject\",\"inLanguage\":\"hr\",\"@id\":\"https:\\\/\\\/radioljubuski.ba\\\/#\\\/schema\\\/logo\\\/image\\\/\",\"url\":\"https:\\\/\\\/radioljubuski.ba\\\/wp-content\\\/uploads\\\/2021\\\/02\\\/cropped-Radio_Ljubuski_logo1.jpg\",\"contentUrl\":\"https:\\\/\\\/radioljubuski.ba\\\/wp-content\\\/uploads\\\/2021\\\/02\\\/cropped-Radio_Ljubuski_logo1.jpg\",\"width\":512,\"height\":512,\"caption\":\"Radio Ljubu\u0161ki\"},\"image\":{\"@id\":\"https:\\\/\\\/radioljubuski.ba\\\/#\\\/schema\\\/logo\\\/image\\\/\"},\"sameAs\":[\"https:\\\/\\\/www.facebook.com\\\/Radiio-Ljubuski-1490835324566332\",\"https:\\\/\\\/x.com\\\/radioljubuski\",\"https:\\\/\\\/hr.linkedin.com\\\/company\\\/radio-ljubuski\",\"https:\\\/\\\/www.youtube.com\\\/channel\\\/UCHYaeO_n0Db3tjNGudGpXyw\"]},{\"@type\":\"Person\",\"@id\":\"https:\\\/\\\/radioljubuski.ba\\\/#\\\/schema\\\/person\\\/19fc700381a780f69665d7956c469e3b\",\"name\":\"Radio Ljubu\u0161ki\"}]}<\/script>\n<!-- \/ Yoast SEO plugin. -->","yoast_head_json":{"title":"Sastanak Vlade FBiH i poslodavaca: Nastaviti i ubrzati zapo\u010dete reformske procese - RADIO LJUBU\u0160KI","robots":{"index":"index","follow":"follow","max-snippet":"max-snippet:-1","max-image-preview":"max-image-preview:large","max-video-preview":"max-video-preview:-1"},"canonical":"https:\/\/radioljubuski.ba\/index.php\/2024\/02\/21\/sastanak-vlade-fbih-i-poslodavaca-nastaviti-i-ubrzati-zapocete-reformske-procese\/","og_locale":"hr_HR","og_type":"article","og_title":"Sastanak Vlade FBiH i poslodavaca: Nastaviti i ubrzati zapo\u010dete reformske procese - RADIO LJUBU\u0160KI","og_description":"Premijer Federacije BiH Nermin Nik\u0161i\u0107 i dopremijeri i federalni ministiri, financija&nbsp;Toni Kraljevi\u0107&nbsp;&nbsp;i razvoja, poduzetni\u0161tva i obrta Vojin Mijatovi\u0107, te federalni ministar pravde Vedran \u0160kobi\u0107 i federalni ministar energije, rudarstva i industrije Vedran Laki\u0107&nbsp; danas su u sjedi\u0161tu Vlade Federacije BiH u Sarajevu, odr\u017eali sastanak s predstavnicima reprezentativnog Udru\u017eenja poslodavaca u Federaciji BiH. Na sastanku su [&hellip;]","og_url":"https:\/\/radioljubuski.ba\/index.php\/2024\/02\/21\/sastanak-vlade-fbih-i-poslodavaca-nastaviti-i-ubrzati-zapocete-reformske-procese\/","og_site_name":"RADIO LJUBU\u0160KI","article_publisher":"https:\/\/www.facebook.com\/Radiio-Ljubuski-1490835324566332","article_published_time":"2024-02-21T06:53:31+00:00","article_modified_time":"2024-02-21T06:53:32+00:00","og_image":[{"width":1024,"height":683,"url":"https:\/\/radioljubuski.ba\/wp-content\/uploads\/2024\/02\/PHOTO-2024-02-21-07-29-51.jpg","type":"image\/jpeg"}],"author":"Radio Ljubu\u0161ki","twitter_card":"summary_large_image","twitter_creator":"@radioljubuski","twitter_site":"@radioljubuski","twitter_misc":{"Napisao\/la":"Radio Ljubu\u0161ki","Procijenjeno vrijeme \u010ditanja":"4 minute"},"schema":{"@context":"https:\/\/schema.org","@graph":[{"@type":"Article","@id":"https:\/\/radioljubuski.ba\/index.php\/2024\/02\/21\/sastanak-vlade-fbih-i-poslodavaca-nastaviti-i-ubrzati-zapocete-reformske-procese\/#article","isPartOf":{"@id":"https:\/\/radioljubuski.ba\/index.php\/2024\/02\/21\/sastanak-vlade-fbih-i-poslodavaca-nastaviti-i-ubrzati-zapocete-reformske-procese\/"},"author":{"name":"Radio Ljubu\u0161ki","@id":"https:\/\/radioljubuski.ba\/#\/schema\/person\/19fc700381a780f69665d7956c469e3b"},"headline":"Sastanak Vlade FBiH i poslodavaca: Nastaviti i ubrzati zapo\u010dete reformske procese","datePublished":"2024-02-21T06:53:31+00:00","dateModified":"2024-02-21T06:53:32+00:00","mainEntityOfPage":{"@id":"https:\/\/radioljubuski.ba\/index.php\/2024\/02\/21\/sastanak-vlade-fbih-i-poslodavaca-nastaviti-i-ubrzati-zapocete-reformske-procese\/"},"wordCount":816,"publisher":{"@id":"https:\/\/radioljubuski.ba\/#organization"},"image":{"@id":"https:\/\/radioljubuski.ba\/index.php\/2024\/02\/21\/sastanak-vlade-fbih-i-poslodavaca-nastaviti-i-ubrzati-zapocete-reformske-procese\/#primaryimage"},"thumbnailUrl":"https:\/\/radioljubuski.ba\/wp-content\/uploads\/2024\/02\/PHOTO-2024-02-21-07-29-51.jpg","articleSection":["BIH i regija","Novosti"],"inLanguage":"hr"},{"@type":"WebPage","@id":"https:\/\/radioljubuski.ba\/index.php\/2024\/02\/21\/sastanak-vlade-fbih-i-poslodavaca-nastaviti-i-ubrzati-zapocete-reformske-procese\/","url":"https:\/\/radioljubuski.ba\/index.php\/2024\/02\/21\/sastanak-vlade-fbih-i-poslodavaca-nastaviti-i-ubrzati-zapocete-reformske-procese\/","name":"Sastanak Vlade FBiH i poslodavaca: Nastaviti i ubrzati zapo\u010dete reformske procese - RADIO LJUBU\u0160KI","isPartOf":{"@id":"https:\/\/radioljubuski.ba\/#website"},"primaryImageOfPage":{"@id":"https:\/\/radioljubuski.ba\/index.php\/2024\/02\/21\/sastanak-vlade-fbih-i-poslodavaca-nastaviti-i-ubrzati-zapocete-reformske-procese\/#primaryimage"},"image":{"@id":"https:\/\/radioljubuski.ba\/index.php\/2024\/02\/21\/sastanak-vlade-fbih-i-poslodavaca-nastaviti-i-ubrzati-zapocete-reformske-procese\/#primaryimage"},"thumbnailUrl":"https:\/\/radioljubuski.ba\/wp-content\/uploads\/2024\/02\/PHOTO-2024-02-21-07-29-51.jpg","datePublished":"2024-02-21T06:53:31+00:00","dateModified":"2024-02-21T06:53:32+00:00","breadcrumb":{"@id":"https:\/\/radioljubuski.ba\/index.php\/2024\/02\/21\/sastanak-vlade-fbih-i-poslodavaca-nastaviti-i-ubrzati-zapocete-reformske-procese\/#breadcrumb"},"inLanguage":"hr","potentialAction":[{"@type":"ReadAction","target":["https:\/\/radioljubuski.ba\/index.php\/2024\/02\/21\/sastanak-vlade-fbih-i-poslodavaca-nastaviti-i-ubrzati-zapocete-reformske-procese\/"]}]},{"@type":"ImageObject","inLanguage":"hr","@id":"https:\/\/radioljubuski.ba\/index.php\/2024\/02\/21\/sastanak-vlade-fbih-i-poslodavaca-nastaviti-i-ubrzati-zapocete-reformske-procese\/#primaryimage","url":"https:\/\/radioljubuski.ba\/wp-content\/uploads\/2024\/02\/PHOTO-2024-02-21-07-29-51.jpg","contentUrl":"https:\/\/radioljubuski.ba\/wp-content\/uploads\/2024\/02\/PHOTO-2024-02-21-07-29-51.jpg","width":1024,"height":683},{"@type":"BreadcrumbList","@id":"https:\/\/radioljubuski.ba\/index.php\/2024\/02\/21\/sastanak-vlade-fbih-i-poslodavaca-nastaviti-i-ubrzati-zapocete-reformske-procese\/#breadcrumb","itemListElement":[{"@type":"ListItem","position":1,"name":"Po\u010detna stranica","item":"https:\/\/radioljubuski.ba\/"},{"@type":"ListItem","position":2,"name":"Sastanak Vlade FBiH i poslodavaca: Nastaviti i ubrzati zapo\u010dete reformske procese"}]},{"@type":"WebSite","@id":"https:\/\/radioljubuski.ba\/#website","url":"https:\/\/radioljubuski.ba\/","name":"Radio Ljubu\u0161ki","description":"Sun\u010dana frekvencija Hercegovine","publisher":{"@id":"https:\/\/radioljubuski.ba\/#organization"},"potentialAction":[{"@type":"SearchAction","target":{"@type":"EntryPoint","urlTemplate":"https:\/\/radioljubuski.ba\/?s={search_term_string}"},"query-input":{"@type":"PropertyValueSpecification","valueRequired":true,"valueName":"search_term_string"}}],"inLanguage":"hr"},{"@type":"Organization","@id":"https:\/\/radioljubuski.ba\/#organization","name":"Radio Ljubu\u0161ki","url":"https:\/\/radioljubuski.ba\/","logo":{"@type":"ImageObject","inLanguage":"hr","@id":"https:\/\/radioljubuski.ba\/#\/schema\/logo\/image\/","url":"https:\/\/radioljubuski.ba\/wp-content\/uploads\/2021\/02\/cropped-Radio_Ljubuski_logo1.jpg","contentUrl":"https:\/\/radioljubuski.ba\/wp-content\/uploads\/2021\/02\/cropped-Radio_Ljubuski_logo1.jpg","width":512,"height":512,"caption":"Radio Ljubu\u0161ki"},"image":{"@id":"https:\/\/radioljubuski.ba\/#\/schema\/logo\/image\/"},"sameAs":["https:\/\/www.facebook.com\/Radiio-Ljubuski-1490835324566332","https:\/\/x.com\/radioljubuski","https:\/\/hr.linkedin.com\/company\/radio-ljubuski","https:\/\/www.youtube.com\/channel\/UCHYaeO_n0Db3tjNGudGpXyw"]},{"@type":"Person","@id":"https:\/\/radioljubuski.ba\/#\/schema\/person\/19fc700381a780f69665d7956c469e3b","name":"Radio Ljubu\u0161ki"}]}},"_links":{"self":[{"href":"https:\/\/radioljubuski.ba\/index.php\/wp-json\/wp\/v2\/posts\/200474","targetHints":{"allow":["GET"]}}],"collection":[{"href":"https:\/\/radioljubuski.ba\/index.php\/wp-json\/wp\/v2\/posts"}],"about":[{"href":"https:\/\/radioljubuski.ba\/index.php\/wp-json\/wp\/v2\/types\/post"}],"author":[{"embeddable":true,"href":"https:\/\/radioljubuski.ba\/index.php\/wp-json\/wp\/v2\/users\/2"}],"replies":[{"embeddable":true,"href":"https:\/\/radioljubuski.ba\/index.php\/wp-json\/wp\/v2\/comments?post=200474"}],"version-history":[{"count":1,"href":"https:\/\/radioljubuski.ba\/index.php\/wp-json\/wp\/v2\/posts\/200474\/revisions"}],"predecessor-version":[{"id":200476,"href":"https:\/\/radioljubuski.ba\/index.php\/wp-json\/wp\/v2\/posts\/200474\/revisions\/200476"}],"wp:featuredmedia":[{"embeddable":true,"href":"https:\/\/radioljubuski.ba\/index.php\/wp-json\/wp\/v2\/media\/200475"}],"wp:attachment":[{"href":"https:\/\/radioljubuski.ba\/index.php\/wp-json\/wp\/v2\/media?parent=200474"}],"wp:term":[{"taxonomy":"category","embeddable":true,"href":"https:\/\/radioljubuski.ba\/index.php\/wp-json\/wp\/v2\/categories?post=200474"},{"taxonomy":"post_tag","embeddable":true,"href":"https:\/\/radioljubuski.ba\/index.php\/wp-json\/wp\/v2\/tags?post=200474"}],"curies":[{"name":"wp","href":"https:\/\/api.w.org\/{rel}","templated":true}]}}