{"id":200586,"date":"2024-03-11T09:53:09","date_gmt":"2024-03-11T08:53:09","guid":{"rendered":"https:\/\/radioljubuski.ba\/?p=200586"},"modified":"2024-03-11T09:53:09","modified_gmt":"2024-03-11T08:53:09","slug":"don-damir-stojic-na-humcu-vodi-seminar-za-muskarce","status":"publish","type":"post","link":"https:\/\/radioljubuski.ba\/index.php\/2024\/03\/11\/don-damir-stojic-na-humcu-vodi-seminar-za-muskarce\/","title":{"rendered":"Don Damir Stoji\u0107 na Humcu vodi seminar za mu\u0161karce"},"content":{"rendered":"\n<h5 class=\"wp-block-heading\">Seminar za mu\u0161karce pod sloganom \u201dBdijete, postojani u vjeri, mu\u017eevni budite, \u010dvrsti\u201d bit \u0107e odr\u017eanom u 15. i 16. o\u017eujka 2024. godine na Humcu u Ljubu\u0161kom.<\/h5>\n\n\n\n<p>Seminar \u0107e voditi poznati hrvatski sve\u0107enik\u00a0don Damir Stoji\u0107\u00a0i bra\u010dni par.<\/p>\n\n\n\n<p>Program po\u010dinje u\u00a0petak,\u00a015. o\u017eujka, pobo\u017eno\u0161\u0107u\u00a0Puta kri\u017ea\u00a0u\u00a017:30 sati\u00a0dok \u0107e u\u00a018:00 sati\u00a0u\u00a0novoj crkvi\u00a0na Humcu biti slu\u017eena sveta misa, a nakon nje \u0107e u\u00a0domu svetog Ante\u00a0biti odr\u017ean\u00a0duhovni nagovor.<\/p>\n\n\n\n<p>U\u00a0subotu, 16. o\u017eujka, seminar \u0107e biti nastavljen u\u00a015:00 sati\u00a0duhovnim nagovorom, svjedo\u010danstvom i dru\u017eenjem u domu svetog Ante.<\/p>\n\n\n\n<p>U\u00a017:30 sati\u00a0bit \u0107e sveta\u00a0krunica\u00a0kao i prigoda za svetu\u00a0ispovijed\u00a0dok \u0107e u\u00a018:00 sati\u00a0biti slu\u017eena\u00a0sveta misa\u00a0u novoj crkvi.<\/p>\n\n\n\n<p>Nakon mise \u0107e biti odr\u017eano\u00a0klanjanje\u00a0Presvetom Oltarskom Sakramentu.<\/p>\n\n\n\n<p>Na seminar se mo\u017eete prijaviti slanjem SMS poruke sa svojim osnovnim podatcima na broj:&nbsp;<a href=\"tel:0038763095803\" target=\"_blank\" rel=\"noreferrer noopener\"><strong>063\/095-803<\/strong><\/a>.<\/p>\n","protected":false},"excerpt":{"rendered":"<p>Seminar za mu\u0161karce pod sloganom \u201dBdijete, postojani u vjeri, mu\u017eevni budite, \u010dvrsti\u201d bit \u0107e odr\u017eanom u 15. i 16. o\u017eujka 2024. godine na Humcu u Ljubu\u0161kom. Seminar \u0107e voditi poznati hrvatski sve\u0107enik\u00a0don Damir Stoji\u0107\u00a0i bra\u010dni par. Program po\u010dinje u\u00a0petak,\u00a015. o\u017eujka, pobo\u017eno\u0161\u0107u\u00a0Puta kri\u017ea\u00a0u\u00a017:30 sati\u00a0dok \u0107e u\u00a018:00 sati\u00a0u\u00a0novoj crkvi\u00a0na Humcu biti slu\u017eena sveta misa, a nakon nje [&hellip;]<\/p>\n","protected":false},"author":2,"featured_media":200587,"comment_status":"closed","ping_status":"closed","sticky":false,"template":"","format":"standard","meta":{"h5ap_radio_sources":[],"footnotes":""},"categories":[3,28],"tags":[],"class_list":["post-200586","post","type-post","status-publish","format-standard","has-post-thumbnail","hentry","category-ljubuski","category-novosti"],"yoast_head":"<!-- This site is optimized with the Yoast SEO plugin v27.5 - https:\/\/yoast.com\/product\/yoast-seo-wordpress\/ -->\n<title>Don Damir Stoji\u0107 na Humcu vodi seminar za mu\u0161karce - RADIO LJUBU\u0160KI<\/title>\n<meta name=\"robots\" content=\"index, follow, max-snippet:-1, max-image-preview:large, max-video-preview:-1\" \/>\n<link rel=\"canonical\" href=\"https:\/\/radioljubuski.ba\/index.php\/2024\/03\/11\/don-damir-stojic-na-humcu-vodi-seminar-za-muskarce\/\" \/>\n<meta property=\"og:locale\" content=\"hr_HR\" \/>\n<meta property=\"og:type\" content=\"article\" \/>\n<meta property=\"og:title\" content=\"Don Damir Stoji\u0107 na Humcu vodi seminar za mu\u0161karce - RADIO LJUBU\u0160KI\" \/>\n<meta property=\"og:description\" content=\"Seminar za mu\u0161karce pod sloganom \u201dBdijete, postojani u vjeri, mu\u017eevni budite, \u010dvrsti\u201d bit \u0107e odr\u017eanom u 15. i 16. o\u017eujka 2024. godine na Humcu u Ljubu\u0161kom. Seminar \u0107e voditi poznati hrvatski sve\u0107enik\u00a0don Damir Stoji\u0107\u00a0i bra\u010dni par. Program po\u010dinje u\u00a0petak,\u00a015. o\u017eujka, pobo\u017eno\u0161\u0107u\u00a0Puta kri\u017ea\u00a0u\u00a017:30 sati\u00a0dok \u0107e u\u00a018:00 sati\u00a0u\u00a0novoj crkvi\u00a0na Humcu biti slu\u017eena sveta misa, a nakon nje [&hellip;]\" \/>\n<meta property=\"og:url\" content=\"https:\/\/radioljubuski.ba\/index.php\/2024\/03\/11\/don-damir-stojic-na-humcu-vodi-seminar-za-muskarce\/\" \/>\n<meta property=\"og:site_name\" content=\"RADIO LJUBU\u0160KI\" \/>\n<meta property=\"article:publisher\" content=\"https:\/\/www.facebook.com\/Radiio-Ljubuski-1490835324566332\" \/>\n<meta property=\"article:published_time\" content=\"2024-03-11T08:53:09+00:00\" \/>\n<meta property=\"og:image\" content=\"https:\/\/radioljubuski.ba\/wp-content\/uploads\/2024\/02\/seminar-web.jpg\" \/>\n\t<meta property=\"og:image:width\" content=\"1200\" \/>\n\t<meta property=\"og:image:height\" content=\"466\" \/>\n\t<meta property=\"og:image:type\" content=\"image\/jpeg\" \/>\n<meta name=\"author\" content=\"Radio Ljubu\u0161ki\" \/>\n<meta name=\"twitter:card\" content=\"summary_large_image\" \/>\n<meta name=\"twitter:creator\" content=\"@radioljubuski\" \/>\n<meta name=\"twitter:site\" content=\"@radioljubuski\" \/>\n<meta name=\"twitter:label1\" content=\"Napisao\/la\" \/>\n\t<meta name=\"twitter:data1\" content=\"Radio Ljubu\u0161ki\" \/>\n\t<meta name=\"twitter:label2\" content=\"Procijenjeno vrijeme \u010ditanja\" \/>\n\t<meta name=\"twitter:data2\" content=\"1 minuta\" \/>\n<script type=\"application\/ld+json\" class=\"yoast-schema-graph\">{\"@context\":\"https:\\\/\\\/schema.org\",\"@graph\":[{\"@type\":\"Article\",\"@id\":\"https:\\\/\\\/radioljubuski.ba\\\/index.php\\\/2024\\\/03\\\/11\\\/don-damir-stojic-na-humcu-vodi-seminar-za-muskarce\\\/#article\",\"isPartOf\":{\"@id\":\"https:\\\/\\\/radioljubuski.ba\\\/index.php\\\/2024\\\/03\\\/11\\\/don-damir-stojic-na-humcu-vodi-seminar-za-muskarce\\\/\"},\"author\":{\"name\":\"Radio Ljubu\u0161ki\",\"@id\":\"https:\\\/\\\/radioljubuski.ba\\\/#\\\/schema\\\/person\\\/19fc700381a780f69665d7956c469e3b\"},\"headline\":\"Don Damir Stoji\u0107 na Humcu vodi seminar za mu\u0161karce\",\"datePublished\":\"2024-03-11T08:53:09+00:00\",\"mainEntityOfPage\":{\"@id\":\"https:\\\/\\\/radioljubuski.ba\\\/index.php\\\/2024\\\/03\\\/11\\\/don-damir-stojic-na-humcu-vodi-seminar-za-muskarce\\\/\"},\"wordCount\":166,\"publisher\":{\"@id\":\"https:\\\/\\\/radioljubuski.ba\\\/#organization\"},\"image\":{\"@id\":\"https:\\\/\\\/radioljubuski.ba\\\/index.php\\\/2024\\\/03\\\/11\\\/don-damir-stojic-na-humcu-vodi-seminar-za-muskarce\\\/#primaryimage\"},\"thumbnailUrl\":\"https:\\\/\\\/radioljubuski.ba\\\/wp-content\\\/uploads\\\/2024\\\/02\\\/seminar-web.jpg\",\"articleSection\":[\"Ljubu\u0161ki\",\"Novosti\"],\"inLanguage\":\"hr\"},{\"@type\":\"WebPage\",\"@id\":\"https:\\\/\\\/radioljubuski.ba\\\/index.php\\\/2024\\\/03\\\/11\\\/don-damir-stojic-na-humcu-vodi-seminar-za-muskarce\\\/\",\"url\":\"https:\\\/\\\/radioljubuski.ba\\\/index.php\\\/2024\\\/03\\\/11\\\/don-damir-stojic-na-humcu-vodi-seminar-za-muskarce\\\/\",\"name\":\"Don Damir Stoji\u0107 na Humcu vodi seminar za mu\u0161karce - RADIO LJUBU\u0160KI\",\"isPartOf\":{\"@id\":\"https:\\\/\\\/radioljubuski.ba\\\/#website\"},\"primaryImageOfPage\":{\"@id\":\"https:\\\/\\\/radioljubuski.ba\\\/index.php\\\/2024\\\/03\\\/11\\\/don-damir-stojic-na-humcu-vodi-seminar-za-muskarce\\\/#primaryimage\"},\"image\":{\"@id\":\"https:\\\/\\\/radioljubuski.ba\\\/index.php\\\/2024\\\/03\\\/11\\\/don-damir-stojic-na-humcu-vodi-seminar-za-muskarce\\\/#primaryimage\"},\"thumbnailUrl\":\"https:\\\/\\\/radioljubuski.ba\\\/wp-content\\\/uploads\\\/2024\\\/02\\\/seminar-web.jpg\",\"datePublished\":\"2024-03-11T08:53:09+00:00\",\"breadcrumb\":{\"@id\":\"https:\\\/\\\/radioljubuski.ba\\\/index.php\\\/2024\\\/03\\\/11\\\/don-damir-stojic-na-humcu-vodi-seminar-za-muskarce\\\/#breadcrumb\"},\"inLanguage\":\"hr\",\"potentialAction\":[{\"@type\":\"ReadAction\",\"target\":[\"https:\\\/\\\/radioljubuski.ba\\\/index.php\\\/2024\\\/03\\\/11\\\/don-damir-stojic-na-humcu-vodi-seminar-za-muskarce\\\/\"]}]},{\"@type\":\"ImageObject\",\"inLanguage\":\"hr\",\"@id\":\"https:\\\/\\\/radioljubuski.ba\\\/index.php\\\/2024\\\/03\\\/11\\\/don-damir-stojic-na-humcu-vodi-seminar-za-muskarce\\\/#primaryimage\",\"url\":\"https:\\\/\\\/radioljubuski.ba\\\/wp-content\\\/uploads\\\/2024\\\/02\\\/seminar-web.jpg\",\"contentUrl\":\"https:\\\/\\\/radioljubuski.ba\\\/wp-content\\\/uploads\\\/2024\\\/02\\\/seminar-web.jpg\",\"width\":1200,\"height\":466},{\"@type\":\"BreadcrumbList\",\"@id\":\"https:\\\/\\\/radioljubuski.ba\\\/index.php\\\/2024\\\/03\\\/11\\\/don-damir-stojic-na-humcu-vodi-seminar-za-muskarce\\\/#breadcrumb\",\"itemListElement\":[{\"@type\":\"ListItem\",\"position\":1,\"name\":\"Po\u010detna stranica\",\"item\":\"https:\\\/\\\/radioljubuski.ba\\\/\"},{\"@type\":\"ListItem\",\"position\":2,\"name\":\"Don Damir Stoji\u0107 na Humcu vodi seminar za mu\u0161karce\"}]},{\"@type\":\"WebSite\",\"@id\":\"https:\\\/\\\/radioljubuski.ba\\\/#website\",\"url\":\"https:\\\/\\\/radioljubuski.ba\\\/\",\"name\":\"Radio Ljubu\u0161ki\",\"description\":\"Sun\u010dana frekvencija Hercegovine\",\"publisher\":{\"@id\":\"https:\\\/\\\/radioljubuski.ba\\\/#organization\"},\"potentialAction\":[{\"@type\":\"SearchAction\",\"target\":{\"@type\":\"EntryPoint\",\"urlTemplate\":\"https:\\\/\\\/radioljubuski.ba\\\/?s={search_term_string}\"},\"query-input\":{\"@type\":\"PropertyValueSpecification\",\"valueRequired\":true,\"valueName\":\"search_term_string\"}}],\"inLanguage\":\"hr\"},{\"@type\":\"Organization\",\"@id\":\"https:\\\/\\\/radioljubuski.ba\\\/#organization\",\"name\":\"Radio Ljubu\u0161ki\",\"url\":\"https:\\\/\\\/radioljubuski.ba\\\/\",\"logo\":{\"@type\":\"ImageObject\",\"inLanguage\":\"hr\",\"@id\":\"https:\\\/\\\/radioljubuski.ba\\\/#\\\/schema\\\/logo\\\/image\\\/\",\"url\":\"https:\\\/\\\/radioljubuski.ba\\\/wp-content\\\/uploads\\\/2021\\\/02\\\/cropped-Radio_Ljubuski_logo1.jpg\",\"contentUrl\":\"https:\\\/\\\/radioljubuski.ba\\\/wp-content\\\/uploads\\\/2021\\\/02\\\/cropped-Radio_Ljubuski_logo1.jpg\",\"width\":512,\"height\":512,\"caption\":\"Radio Ljubu\u0161ki\"},\"image\":{\"@id\":\"https:\\\/\\\/radioljubuski.ba\\\/#\\\/schema\\\/logo\\\/image\\\/\"},\"sameAs\":[\"https:\\\/\\\/www.facebook.com\\\/Radiio-Ljubuski-1490835324566332\",\"https:\\\/\\\/x.com\\\/radioljubuski\",\"https:\\\/\\\/hr.linkedin.com\\\/company\\\/radio-ljubuski\",\"https:\\\/\\\/www.youtube.com\\\/channel\\\/UCHYaeO_n0Db3tjNGudGpXyw\"]},{\"@type\":\"Person\",\"@id\":\"https:\\\/\\\/radioljubuski.ba\\\/#\\\/schema\\\/person\\\/19fc700381a780f69665d7956c469e3b\",\"name\":\"Radio Ljubu\u0161ki\"}]}<\/script>\n<!-- \/ Yoast SEO plugin. -->","yoast_head_json":{"title":"Don Damir Stoji\u0107 na Humcu vodi seminar za mu\u0161karce - RADIO LJUBU\u0160KI","robots":{"index":"index","follow":"follow","max-snippet":"max-snippet:-1","max-image-preview":"max-image-preview:large","max-video-preview":"max-video-preview:-1"},"canonical":"https:\/\/radioljubuski.ba\/index.php\/2024\/03\/11\/don-damir-stojic-na-humcu-vodi-seminar-za-muskarce\/","og_locale":"hr_HR","og_type":"article","og_title":"Don Damir Stoji\u0107 na Humcu vodi seminar za mu\u0161karce - RADIO LJUBU\u0160KI","og_description":"Seminar za mu\u0161karce pod sloganom \u201dBdijete, postojani u vjeri, mu\u017eevni budite, \u010dvrsti\u201d bit \u0107e odr\u017eanom u 15. i 16. o\u017eujka 2024. godine na Humcu u Ljubu\u0161kom. Seminar \u0107e voditi poznati hrvatski sve\u0107enik\u00a0don Damir Stoji\u0107\u00a0i bra\u010dni par. Program po\u010dinje u\u00a0petak,\u00a015. o\u017eujka, pobo\u017eno\u0161\u0107u\u00a0Puta kri\u017ea\u00a0u\u00a017:30 sati\u00a0dok \u0107e u\u00a018:00 sati\u00a0u\u00a0novoj crkvi\u00a0na Humcu biti slu\u017eena sveta misa, a nakon nje [&hellip;]","og_url":"https:\/\/radioljubuski.ba\/index.php\/2024\/03\/11\/don-damir-stojic-na-humcu-vodi-seminar-za-muskarce\/","og_site_name":"RADIO LJUBU\u0160KI","article_publisher":"https:\/\/www.facebook.com\/Radiio-Ljubuski-1490835324566332","article_published_time":"2024-03-11T08:53:09+00:00","og_image":[{"width":1200,"height":466,"url":"https:\/\/radioljubuski.ba\/wp-content\/uploads\/2024\/02\/seminar-web.jpg","type":"image\/jpeg"}],"author":"Radio Ljubu\u0161ki","twitter_card":"summary_large_image","twitter_creator":"@radioljubuski","twitter_site":"@radioljubuski","twitter_misc":{"Napisao\/la":"Radio Ljubu\u0161ki","Procijenjeno vrijeme \u010ditanja":"1 minuta"},"schema":{"@context":"https:\/\/schema.org","@graph":[{"@type":"Article","@id":"https:\/\/radioljubuski.ba\/index.php\/2024\/03\/11\/don-damir-stojic-na-humcu-vodi-seminar-za-muskarce\/#article","isPartOf":{"@id":"https:\/\/radioljubuski.ba\/index.php\/2024\/03\/11\/don-damir-stojic-na-humcu-vodi-seminar-za-muskarce\/"},"author":{"name":"Radio Ljubu\u0161ki","@id":"https:\/\/radioljubuski.ba\/#\/schema\/person\/19fc700381a780f69665d7956c469e3b"},"headline":"Don Damir Stoji\u0107 na Humcu vodi seminar za mu\u0161karce","datePublished":"2024-03-11T08:53:09+00:00","mainEntityOfPage":{"@id":"https:\/\/radioljubuski.ba\/index.php\/2024\/03\/11\/don-damir-stojic-na-humcu-vodi-seminar-za-muskarce\/"},"wordCount":166,"publisher":{"@id":"https:\/\/radioljubuski.ba\/#organization"},"image":{"@id":"https:\/\/radioljubuski.ba\/index.php\/2024\/03\/11\/don-damir-stojic-na-humcu-vodi-seminar-za-muskarce\/#primaryimage"},"thumbnailUrl":"https:\/\/radioljubuski.ba\/wp-content\/uploads\/2024\/02\/seminar-web.jpg","articleSection":["Ljubu\u0161ki","Novosti"],"inLanguage":"hr"},{"@type":"WebPage","@id":"https:\/\/radioljubuski.ba\/index.php\/2024\/03\/11\/don-damir-stojic-na-humcu-vodi-seminar-za-muskarce\/","url":"https:\/\/radioljubuski.ba\/index.php\/2024\/03\/11\/don-damir-stojic-na-humcu-vodi-seminar-za-muskarce\/","name":"Don Damir Stoji\u0107 na Humcu vodi seminar za mu\u0161karce - RADIO LJUBU\u0160KI","isPartOf":{"@id":"https:\/\/radioljubuski.ba\/#website"},"primaryImageOfPage":{"@id":"https:\/\/radioljubuski.ba\/index.php\/2024\/03\/11\/don-damir-stojic-na-humcu-vodi-seminar-za-muskarce\/#primaryimage"},"image":{"@id":"https:\/\/radioljubuski.ba\/index.php\/2024\/03\/11\/don-damir-stojic-na-humcu-vodi-seminar-za-muskarce\/#primaryimage"},"thumbnailUrl":"https:\/\/radioljubuski.ba\/wp-content\/uploads\/2024\/02\/seminar-web.jpg","datePublished":"2024-03-11T08:53:09+00:00","breadcrumb":{"@id":"https:\/\/radioljubuski.ba\/index.php\/2024\/03\/11\/don-damir-stojic-na-humcu-vodi-seminar-za-muskarce\/#breadcrumb"},"inLanguage":"hr","potentialAction":[{"@type":"ReadAction","target":["https:\/\/radioljubuski.ba\/index.php\/2024\/03\/11\/don-damir-stojic-na-humcu-vodi-seminar-za-muskarce\/"]}]},{"@type":"ImageObject","inLanguage":"hr","@id":"https:\/\/radioljubuski.ba\/index.php\/2024\/03\/11\/don-damir-stojic-na-humcu-vodi-seminar-za-muskarce\/#primaryimage","url":"https:\/\/radioljubuski.ba\/wp-content\/uploads\/2024\/02\/seminar-web.jpg","contentUrl":"https:\/\/radioljubuski.ba\/wp-content\/uploads\/2024\/02\/seminar-web.jpg","width":1200,"height":466},{"@type":"BreadcrumbList","@id":"https:\/\/radioljubuski.ba\/index.php\/2024\/03\/11\/don-damir-stojic-na-humcu-vodi-seminar-za-muskarce\/#breadcrumb","itemListElement":[{"@type":"ListItem","position":1,"name":"Po\u010detna stranica","item":"https:\/\/radioljubuski.ba\/"},{"@type":"ListItem","position":2,"name":"Don Damir Stoji\u0107 na Humcu vodi seminar za mu\u0161karce"}]},{"@type":"WebSite","@id":"https:\/\/radioljubuski.ba\/#website","url":"https:\/\/radioljubuski.ba\/","name":"Radio Ljubu\u0161ki","description":"Sun\u010dana frekvencija Hercegovine","publisher":{"@id":"https:\/\/radioljubuski.ba\/#organization"},"potentialAction":[{"@type":"SearchAction","target":{"@type":"EntryPoint","urlTemplate":"https:\/\/radioljubuski.ba\/?s={search_term_string}"},"query-input":{"@type":"PropertyValueSpecification","valueRequired":true,"valueName":"search_term_string"}}],"inLanguage":"hr"},{"@type":"Organization","@id":"https:\/\/radioljubuski.ba\/#organization","name":"Radio Ljubu\u0161ki","url":"https:\/\/radioljubuski.ba\/","logo":{"@type":"ImageObject","inLanguage":"hr","@id":"https:\/\/radioljubuski.ba\/#\/schema\/logo\/image\/","url":"https:\/\/radioljubuski.ba\/wp-content\/uploads\/2021\/02\/cropped-Radio_Ljubuski_logo1.jpg","contentUrl":"https:\/\/radioljubuski.ba\/wp-content\/uploads\/2021\/02\/cropped-Radio_Ljubuski_logo1.jpg","width":512,"height":512,"caption":"Radio Ljubu\u0161ki"},"image":{"@id":"https:\/\/radioljubuski.ba\/#\/schema\/logo\/image\/"},"sameAs":["https:\/\/www.facebook.com\/Radiio-Ljubuski-1490835324566332","https:\/\/x.com\/radioljubuski","https:\/\/hr.linkedin.com\/company\/radio-ljubuski","https:\/\/www.youtube.com\/channel\/UCHYaeO_n0Db3tjNGudGpXyw"]},{"@type":"Person","@id":"https:\/\/radioljubuski.ba\/#\/schema\/person\/19fc700381a780f69665d7956c469e3b","name":"Radio Ljubu\u0161ki"}]}},"_links":{"self":[{"href":"https:\/\/radioljubuski.ba\/index.php\/wp-json\/wp\/v2\/posts\/200586","targetHints":{"allow":["GET"]}}],"collection":[{"href":"https:\/\/radioljubuski.ba\/index.php\/wp-json\/wp\/v2\/posts"}],"about":[{"href":"https:\/\/radioljubuski.ba\/index.php\/wp-json\/wp\/v2\/types\/post"}],"author":[{"embeddable":true,"href":"https:\/\/radioljubuski.ba\/index.php\/wp-json\/wp\/v2\/users\/2"}],"replies":[{"embeddable":true,"href":"https:\/\/radioljubuski.ba\/index.php\/wp-json\/wp\/v2\/comments?post=200586"}],"version-history":[{"count":1,"href":"https:\/\/radioljubuski.ba\/index.php\/wp-json\/wp\/v2\/posts\/200586\/revisions"}],"predecessor-version":[{"id":200588,"href":"https:\/\/radioljubuski.ba\/index.php\/wp-json\/wp\/v2\/posts\/200586\/revisions\/200588"}],"wp:featuredmedia":[{"embeddable":true,"href":"https:\/\/radioljubuski.ba\/index.php\/wp-json\/wp\/v2\/media\/200587"}],"wp:attachment":[{"href":"https:\/\/radioljubuski.ba\/index.php\/wp-json\/wp\/v2\/media?parent=200586"}],"wp:term":[{"taxonomy":"category","embeddable":true,"href":"https:\/\/radioljubuski.ba\/index.php\/wp-json\/wp\/v2\/categories?post=200586"},{"taxonomy":"post_tag","embeddable":true,"href":"https:\/\/radioljubuski.ba\/index.php\/wp-json\/wp\/v2\/tags?post=200586"}],"curies":[{"name":"wp","href":"https:\/\/api.w.org\/{rel}","templated":true}]}}