{"id":20133,"date":"2021-05-10T11:34:36","date_gmt":"2021-05-10T10:34:36","guid":{"rendered":"https:\/\/radioljubuski.ba\/?p=20133"},"modified":"2021-05-10T11:34:37","modified_gmt":"2021-05-10T10:34:37","slug":"javni-pozivi-braniteljima-za-dodjelu-sredstava-jednokratne-novcane-pomoci","status":"publish","type":"post","link":"https:\/\/radioljubuski.ba\/index.php\/2021\/05\/10\/javni-pozivi-braniteljima-za-dodjelu-sredstava-jednokratne-novcane-pomoci\/","title":{"rendered":"Javni pozivi braniteljima za dodjelu sredstava jednokratne nov\u010dane pomo\u0107i"},"content":{"rendered":"\n<p><strong>Javni poziv za podno\u0161enje prijava za ostvarivanje prava na dodjelu sredstava za jednokratnu nov\u010danu pomo\u0107 za lije\u010denje \u010dlanova u\u017ee obitelji poginulih branitelja,<\/strong> obitelji umrlih ratnih vojnih invalida, obitelji umrlih dobitnika najve\u0107ih ratnih priznanja i odlikovanja i obitelji umrlih razvoja\u010denih branitelja u 2021. godini <\/p>\n\n\n\n<p><strong><a href=\"http:\/\/fmbi.gov.ba\/wp-content\/uploads\/2021\/04\/Javni-poziv-Transfer-za-pomoc-u-lijecenju-boraca-branitelja-za-2021.-godinu-i-Lista-oboljenja-1.pdf\" target=\"_blank\" rel=\"noreferrer noopener\">Javni pozivi 2021<\/a><\/strong><\/p>\n\n\n\n<p><strong><a href=\"https:\/\/fmbi.gov.ba\/wp-content\/uploads\/2021\/04\/Obrazac-prijave-na-Javni-poziv-Transfer-za-pomoc-u-lijecenju-boraca-branitelja-u-2021..pdf\" target=\"_blank\" rel=\"noreferrer noopener\">Obrazac prijave<\/a><\/strong><\/p>\n","protected":false},"excerpt":{"rendered":"<p>Javni poziv za podno\u0161enje prijava za ostvarivanje prava na dodjelu sredstava za jednokratnu nov\u010danu pomo\u0107 za lije\u010denje \u010dlanova u\u017ee obitelji poginulih branitelja, obitelji umrlih ratnih vojnih invalida, obitelji umrlih dobitnika najve\u0107ih ratnih priznanja i odlikovanja i obitelji umrlih razvoja\u010denih branitelja u 2021. godini Javni pozivi 2021 Obrazac prijave<\/p>\n","protected":false},"author":2,"featured_media":19766,"comment_status":"closed","ping_status":"closed","sticky":false,"template":"","format":"standard","meta":{"h5ap_radio_sources":[],"footnotes":""},"categories":[1],"tags":[],"class_list":["post-20133","post","type-post","status-publish","format-standard","has-post-thumbnail","hentry","category-bihiregija"],"yoast_head":"<!-- This site is optimized with the Yoast SEO plugin v27.5 - https:\/\/yoast.com\/product\/yoast-seo-wordpress\/ -->\n<title>Javni pozivi braniteljima za dodjelu sredstava jednokratne nov\u010dane pomo\u0107i - RADIO LJUBU\u0160KI<\/title>\n<meta name=\"robots\" content=\"index, follow, max-snippet:-1, max-image-preview:large, max-video-preview:-1\" \/>\n<link rel=\"canonical\" href=\"https:\/\/radioljubuski.ba\/index.php\/2021\/05\/10\/javni-pozivi-braniteljima-za-dodjelu-sredstava-jednokratne-novcane-pomoci\/\" \/>\n<meta property=\"og:locale\" content=\"hr_HR\" \/>\n<meta property=\"og:type\" content=\"article\" \/>\n<meta property=\"og:title\" content=\"Javni pozivi braniteljima za dodjelu sredstava jednokratne nov\u010dane pomo\u0107i - RADIO LJUBU\u0160KI\" \/>\n<meta property=\"og:description\" content=\"Javni poziv za podno\u0161enje prijava za ostvarivanje prava na dodjelu sredstava za jednokratnu nov\u010danu pomo\u0107 za lije\u010denje \u010dlanova u\u017ee obitelji poginulih branitelja, obitelji umrlih ratnih vojnih invalida, obitelji umrlih dobitnika najve\u0107ih ratnih priznanja i odlikovanja i obitelji umrlih razvoja\u010denih branitelja u 2021. godini Javni pozivi 2021 Obrazac prijave\" \/>\n<meta property=\"og:url\" content=\"https:\/\/radioljubuski.ba\/index.php\/2021\/05\/10\/javni-pozivi-braniteljima-za-dodjelu-sredstava-jednokratne-novcane-pomoci\/\" \/>\n<meta property=\"og:site_name\" content=\"RADIO LJUBU\u0160KI\" \/>\n<meta property=\"article:publisher\" content=\"https:\/\/www.facebook.com\/Radiio-Ljubuski-1490835324566332\" \/>\n<meta property=\"article:published_time\" content=\"2021-05-10T10:34:36+00:00\" \/>\n<meta property=\"article:modified_time\" content=\"2021-05-10T10:34:37+00:00\" \/>\n<meta property=\"og:image\" content=\"https:\/\/radioljubuski.ba\/wp-content\/uploads\/2021\/05\/U4Ax2l06_hvo.jpg\" \/>\n\t<meta property=\"og:image:width\" content=\"1000\" \/>\n\t<meta property=\"og:image:height\" content=\"625\" \/>\n\t<meta property=\"og:image:type\" content=\"image\/jpeg\" \/>\n<meta name=\"author\" content=\"Radio Ljubu\u0161ki\" \/>\n<meta name=\"twitter:card\" content=\"summary_large_image\" \/>\n<meta name=\"twitter:creator\" content=\"@radioljubuski\" \/>\n<meta name=\"twitter:site\" content=\"@radioljubuski\" \/>\n<meta name=\"twitter:label1\" content=\"Napisao\/la\" \/>\n\t<meta name=\"twitter:data1\" content=\"Radio Ljubu\u0161ki\" \/>\n\t<meta name=\"twitter:label2\" content=\"Procijenjeno vrijeme \u010ditanja\" \/>\n\t<meta name=\"twitter:data2\" content=\"1 minuta\" \/>\n<script type=\"application\/ld+json\" class=\"yoast-schema-graph\">{\"@context\":\"https:\\\/\\\/schema.org\",\"@graph\":[{\"@type\":\"Article\",\"@id\":\"https:\\\/\\\/radioljubuski.ba\\\/index.php\\\/2021\\\/05\\\/10\\\/javni-pozivi-braniteljima-za-dodjelu-sredstava-jednokratne-novcane-pomoci\\\/#article\",\"isPartOf\":{\"@id\":\"https:\\\/\\\/radioljubuski.ba\\\/index.php\\\/2021\\\/05\\\/10\\\/javni-pozivi-braniteljima-za-dodjelu-sredstava-jednokratne-novcane-pomoci\\\/\"},\"author\":{\"name\":\"Radio Ljubu\u0161ki\",\"@id\":\"https:\\\/\\\/radioljubuski.ba\\\/#\\\/schema\\\/person\\\/19fc700381a780f69665d7956c469e3b\"},\"headline\":\"Javni pozivi braniteljima za dodjelu sredstava jednokratne nov\u010dane pomo\u0107i\",\"datePublished\":\"2021-05-10T10:34:36+00:00\",\"dateModified\":\"2021-05-10T10:34:37+00:00\",\"mainEntityOfPage\":{\"@id\":\"https:\\\/\\\/radioljubuski.ba\\\/index.php\\\/2021\\\/05\\\/10\\\/javni-pozivi-braniteljima-za-dodjelu-sredstava-jednokratne-novcane-pomoci\\\/\"},\"wordCount\":63,\"publisher\":{\"@id\":\"https:\\\/\\\/radioljubuski.ba\\\/#organization\"},\"image\":{\"@id\":\"https:\\\/\\\/radioljubuski.ba\\\/index.php\\\/2021\\\/05\\\/10\\\/javni-pozivi-braniteljima-za-dodjelu-sredstava-jednokratne-novcane-pomoci\\\/#primaryimage\"},\"thumbnailUrl\":\"https:\\\/\\\/radioljubuski.ba\\\/wp-content\\\/uploads\\\/2021\\\/05\\\/U4Ax2l06_hvo.jpg\",\"articleSection\":[\"BIH i regija\"],\"inLanguage\":\"hr\"},{\"@type\":\"WebPage\",\"@id\":\"https:\\\/\\\/radioljubuski.ba\\\/index.php\\\/2021\\\/05\\\/10\\\/javni-pozivi-braniteljima-za-dodjelu-sredstava-jednokratne-novcane-pomoci\\\/\",\"url\":\"https:\\\/\\\/radioljubuski.ba\\\/index.php\\\/2021\\\/05\\\/10\\\/javni-pozivi-braniteljima-za-dodjelu-sredstava-jednokratne-novcane-pomoci\\\/\",\"name\":\"Javni pozivi braniteljima za dodjelu sredstava jednokratne nov\u010dane pomo\u0107i - RADIO LJUBU\u0160KI\",\"isPartOf\":{\"@id\":\"https:\\\/\\\/radioljubuski.ba\\\/#website\"},\"primaryImageOfPage\":{\"@id\":\"https:\\\/\\\/radioljubuski.ba\\\/index.php\\\/2021\\\/05\\\/10\\\/javni-pozivi-braniteljima-za-dodjelu-sredstava-jednokratne-novcane-pomoci\\\/#primaryimage\"},\"image\":{\"@id\":\"https:\\\/\\\/radioljubuski.ba\\\/index.php\\\/2021\\\/05\\\/10\\\/javni-pozivi-braniteljima-za-dodjelu-sredstava-jednokratne-novcane-pomoci\\\/#primaryimage\"},\"thumbnailUrl\":\"https:\\\/\\\/radioljubuski.ba\\\/wp-content\\\/uploads\\\/2021\\\/05\\\/U4Ax2l06_hvo.jpg\",\"datePublished\":\"2021-05-10T10:34:36+00:00\",\"dateModified\":\"2021-05-10T10:34:37+00:00\",\"breadcrumb\":{\"@id\":\"https:\\\/\\\/radioljubuski.ba\\\/index.php\\\/2021\\\/05\\\/10\\\/javni-pozivi-braniteljima-za-dodjelu-sredstava-jednokratne-novcane-pomoci\\\/#breadcrumb\"},\"inLanguage\":\"hr\",\"potentialAction\":[{\"@type\":\"ReadAction\",\"target\":[\"https:\\\/\\\/radioljubuski.ba\\\/index.php\\\/2021\\\/05\\\/10\\\/javni-pozivi-braniteljima-za-dodjelu-sredstava-jednokratne-novcane-pomoci\\\/\"]}]},{\"@type\":\"ImageObject\",\"inLanguage\":\"hr\",\"@id\":\"https:\\\/\\\/radioljubuski.ba\\\/index.php\\\/2021\\\/05\\\/10\\\/javni-pozivi-braniteljima-za-dodjelu-sredstava-jednokratne-novcane-pomoci\\\/#primaryimage\",\"url\":\"https:\\\/\\\/radioljubuski.ba\\\/wp-content\\\/uploads\\\/2021\\\/05\\\/U4Ax2l06_hvo.jpg\",\"contentUrl\":\"https:\\\/\\\/radioljubuski.ba\\\/wp-content\\\/uploads\\\/2021\\\/05\\\/U4Ax2l06_hvo.jpg\",\"width\":1000,\"height\":625},{\"@type\":\"BreadcrumbList\",\"@id\":\"https:\\\/\\\/radioljubuski.ba\\\/index.php\\\/2021\\\/05\\\/10\\\/javni-pozivi-braniteljima-za-dodjelu-sredstava-jednokratne-novcane-pomoci\\\/#breadcrumb\",\"itemListElement\":[{\"@type\":\"ListItem\",\"position\":1,\"name\":\"Po\u010detna stranica\",\"item\":\"https:\\\/\\\/radioljubuski.ba\\\/\"},{\"@type\":\"ListItem\",\"position\":2,\"name\":\"Javni pozivi braniteljima za dodjelu sredstava jednokratne nov\u010dane pomo\u0107i\"}]},{\"@type\":\"WebSite\",\"@id\":\"https:\\\/\\\/radioljubuski.ba\\\/#website\",\"url\":\"https:\\\/\\\/radioljubuski.ba\\\/\",\"name\":\"Radio Ljubu\u0161ki\",\"description\":\"Sun\u010dana frekvencija Hercegovine\",\"publisher\":{\"@id\":\"https:\\\/\\\/radioljubuski.ba\\\/#organization\"},\"potentialAction\":[{\"@type\":\"SearchAction\",\"target\":{\"@type\":\"EntryPoint\",\"urlTemplate\":\"https:\\\/\\\/radioljubuski.ba\\\/?s={search_term_string}\"},\"query-input\":{\"@type\":\"PropertyValueSpecification\",\"valueRequired\":true,\"valueName\":\"search_term_string\"}}],\"inLanguage\":\"hr\"},{\"@type\":\"Organization\",\"@id\":\"https:\\\/\\\/radioljubuski.ba\\\/#organization\",\"name\":\"Radio Ljubu\u0161ki\",\"url\":\"https:\\\/\\\/radioljubuski.ba\\\/\",\"logo\":{\"@type\":\"ImageObject\",\"inLanguage\":\"hr\",\"@id\":\"https:\\\/\\\/radioljubuski.ba\\\/#\\\/schema\\\/logo\\\/image\\\/\",\"url\":\"https:\\\/\\\/radioljubuski.ba\\\/wp-content\\\/uploads\\\/2021\\\/02\\\/cropped-Radio_Ljubuski_logo1.jpg\",\"contentUrl\":\"https:\\\/\\\/radioljubuski.ba\\\/wp-content\\\/uploads\\\/2021\\\/02\\\/cropped-Radio_Ljubuski_logo1.jpg\",\"width\":512,\"height\":512,\"caption\":\"Radio Ljubu\u0161ki\"},\"image\":{\"@id\":\"https:\\\/\\\/radioljubuski.ba\\\/#\\\/schema\\\/logo\\\/image\\\/\"},\"sameAs\":[\"https:\\\/\\\/www.facebook.com\\\/Radiio-Ljubuski-1490835324566332\",\"https:\\\/\\\/x.com\\\/radioljubuski\",\"https:\\\/\\\/hr.linkedin.com\\\/company\\\/radio-ljubuski\",\"https:\\\/\\\/www.youtube.com\\\/channel\\\/UCHYaeO_n0Db3tjNGudGpXyw\"]},{\"@type\":\"Person\",\"@id\":\"https:\\\/\\\/radioljubuski.ba\\\/#\\\/schema\\\/person\\\/19fc700381a780f69665d7956c469e3b\",\"name\":\"Radio Ljubu\u0161ki\"}]}<\/script>\n<!-- \/ Yoast SEO plugin. -->","yoast_head_json":{"title":"Javni pozivi braniteljima za dodjelu sredstava jednokratne nov\u010dane pomo\u0107i - RADIO LJUBU\u0160KI","robots":{"index":"index","follow":"follow","max-snippet":"max-snippet:-1","max-image-preview":"max-image-preview:large","max-video-preview":"max-video-preview:-1"},"canonical":"https:\/\/radioljubuski.ba\/index.php\/2021\/05\/10\/javni-pozivi-braniteljima-za-dodjelu-sredstava-jednokratne-novcane-pomoci\/","og_locale":"hr_HR","og_type":"article","og_title":"Javni pozivi braniteljima za dodjelu sredstava jednokratne nov\u010dane pomo\u0107i - RADIO LJUBU\u0160KI","og_description":"Javni poziv za podno\u0161enje prijava za ostvarivanje prava na dodjelu sredstava za jednokratnu nov\u010danu pomo\u0107 za lije\u010denje \u010dlanova u\u017ee obitelji poginulih branitelja, obitelji umrlih ratnih vojnih invalida, obitelji umrlih dobitnika najve\u0107ih ratnih priznanja i odlikovanja i obitelji umrlih razvoja\u010denih branitelja u 2021. godini Javni pozivi 2021 Obrazac prijave","og_url":"https:\/\/radioljubuski.ba\/index.php\/2021\/05\/10\/javni-pozivi-braniteljima-za-dodjelu-sredstava-jednokratne-novcane-pomoci\/","og_site_name":"RADIO LJUBU\u0160KI","article_publisher":"https:\/\/www.facebook.com\/Radiio-Ljubuski-1490835324566332","article_published_time":"2021-05-10T10:34:36+00:00","article_modified_time":"2021-05-10T10:34:37+00:00","og_image":[{"width":1000,"height":625,"url":"https:\/\/radioljubuski.ba\/wp-content\/uploads\/2021\/05\/U4Ax2l06_hvo.jpg","type":"image\/jpeg"}],"author":"Radio Ljubu\u0161ki","twitter_card":"summary_large_image","twitter_creator":"@radioljubuski","twitter_site":"@radioljubuski","twitter_misc":{"Napisao\/la":"Radio Ljubu\u0161ki","Procijenjeno vrijeme \u010ditanja":"1 minuta"},"schema":{"@context":"https:\/\/schema.org","@graph":[{"@type":"Article","@id":"https:\/\/radioljubuski.ba\/index.php\/2021\/05\/10\/javni-pozivi-braniteljima-za-dodjelu-sredstava-jednokratne-novcane-pomoci\/#article","isPartOf":{"@id":"https:\/\/radioljubuski.ba\/index.php\/2021\/05\/10\/javni-pozivi-braniteljima-za-dodjelu-sredstava-jednokratne-novcane-pomoci\/"},"author":{"name":"Radio Ljubu\u0161ki","@id":"https:\/\/radioljubuski.ba\/#\/schema\/person\/19fc700381a780f69665d7956c469e3b"},"headline":"Javni pozivi braniteljima za dodjelu sredstava jednokratne nov\u010dane pomo\u0107i","datePublished":"2021-05-10T10:34:36+00:00","dateModified":"2021-05-10T10:34:37+00:00","mainEntityOfPage":{"@id":"https:\/\/radioljubuski.ba\/index.php\/2021\/05\/10\/javni-pozivi-braniteljima-za-dodjelu-sredstava-jednokratne-novcane-pomoci\/"},"wordCount":63,"publisher":{"@id":"https:\/\/radioljubuski.ba\/#organization"},"image":{"@id":"https:\/\/radioljubuski.ba\/index.php\/2021\/05\/10\/javni-pozivi-braniteljima-za-dodjelu-sredstava-jednokratne-novcane-pomoci\/#primaryimage"},"thumbnailUrl":"https:\/\/radioljubuski.ba\/wp-content\/uploads\/2021\/05\/U4Ax2l06_hvo.jpg","articleSection":["BIH i regija"],"inLanguage":"hr"},{"@type":"WebPage","@id":"https:\/\/radioljubuski.ba\/index.php\/2021\/05\/10\/javni-pozivi-braniteljima-za-dodjelu-sredstava-jednokratne-novcane-pomoci\/","url":"https:\/\/radioljubuski.ba\/index.php\/2021\/05\/10\/javni-pozivi-braniteljima-za-dodjelu-sredstava-jednokratne-novcane-pomoci\/","name":"Javni pozivi braniteljima za dodjelu sredstava jednokratne nov\u010dane pomo\u0107i - RADIO LJUBU\u0160KI","isPartOf":{"@id":"https:\/\/radioljubuski.ba\/#website"},"primaryImageOfPage":{"@id":"https:\/\/radioljubuski.ba\/index.php\/2021\/05\/10\/javni-pozivi-braniteljima-za-dodjelu-sredstava-jednokratne-novcane-pomoci\/#primaryimage"},"image":{"@id":"https:\/\/radioljubuski.ba\/index.php\/2021\/05\/10\/javni-pozivi-braniteljima-za-dodjelu-sredstava-jednokratne-novcane-pomoci\/#primaryimage"},"thumbnailUrl":"https:\/\/radioljubuski.ba\/wp-content\/uploads\/2021\/05\/U4Ax2l06_hvo.jpg","datePublished":"2021-05-10T10:34:36+00:00","dateModified":"2021-05-10T10:34:37+00:00","breadcrumb":{"@id":"https:\/\/radioljubuski.ba\/index.php\/2021\/05\/10\/javni-pozivi-braniteljima-za-dodjelu-sredstava-jednokratne-novcane-pomoci\/#breadcrumb"},"inLanguage":"hr","potentialAction":[{"@type":"ReadAction","target":["https:\/\/radioljubuski.ba\/index.php\/2021\/05\/10\/javni-pozivi-braniteljima-za-dodjelu-sredstava-jednokratne-novcane-pomoci\/"]}]},{"@type":"ImageObject","inLanguage":"hr","@id":"https:\/\/radioljubuski.ba\/index.php\/2021\/05\/10\/javni-pozivi-braniteljima-za-dodjelu-sredstava-jednokratne-novcane-pomoci\/#primaryimage","url":"https:\/\/radioljubuski.ba\/wp-content\/uploads\/2021\/05\/U4Ax2l06_hvo.jpg","contentUrl":"https:\/\/radioljubuski.ba\/wp-content\/uploads\/2021\/05\/U4Ax2l06_hvo.jpg","width":1000,"height":625},{"@type":"BreadcrumbList","@id":"https:\/\/radioljubuski.ba\/index.php\/2021\/05\/10\/javni-pozivi-braniteljima-za-dodjelu-sredstava-jednokratne-novcane-pomoci\/#breadcrumb","itemListElement":[{"@type":"ListItem","position":1,"name":"Po\u010detna stranica","item":"https:\/\/radioljubuski.ba\/"},{"@type":"ListItem","position":2,"name":"Javni pozivi braniteljima za dodjelu sredstava jednokratne nov\u010dane pomo\u0107i"}]},{"@type":"WebSite","@id":"https:\/\/radioljubuski.ba\/#website","url":"https:\/\/radioljubuski.ba\/","name":"Radio Ljubu\u0161ki","description":"Sun\u010dana frekvencija Hercegovine","publisher":{"@id":"https:\/\/radioljubuski.ba\/#organization"},"potentialAction":[{"@type":"SearchAction","target":{"@type":"EntryPoint","urlTemplate":"https:\/\/radioljubuski.ba\/?s={search_term_string}"},"query-input":{"@type":"PropertyValueSpecification","valueRequired":true,"valueName":"search_term_string"}}],"inLanguage":"hr"},{"@type":"Organization","@id":"https:\/\/radioljubuski.ba\/#organization","name":"Radio Ljubu\u0161ki","url":"https:\/\/radioljubuski.ba\/","logo":{"@type":"ImageObject","inLanguage":"hr","@id":"https:\/\/radioljubuski.ba\/#\/schema\/logo\/image\/","url":"https:\/\/radioljubuski.ba\/wp-content\/uploads\/2021\/02\/cropped-Radio_Ljubuski_logo1.jpg","contentUrl":"https:\/\/radioljubuski.ba\/wp-content\/uploads\/2021\/02\/cropped-Radio_Ljubuski_logo1.jpg","width":512,"height":512,"caption":"Radio Ljubu\u0161ki"},"image":{"@id":"https:\/\/radioljubuski.ba\/#\/schema\/logo\/image\/"},"sameAs":["https:\/\/www.facebook.com\/Radiio-Ljubuski-1490835324566332","https:\/\/x.com\/radioljubuski","https:\/\/hr.linkedin.com\/company\/radio-ljubuski","https:\/\/www.youtube.com\/channel\/UCHYaeO_n0Db3tjNGudGpXyw"]},{"@type":"Person","@id":"https:\/\/radioljubuski.ba\/#\/schema\/person\/19fc700381a780f69665d7956c469e3b","name":"Radio Ljubu\u0161ki"}]}},"_links":{"self":[{"href":"https:\/\/radioljubuski.ba\/index.php\/wp-json\/wp\/v2\/posts\/20133","targetHints":{"allow":["GET"]}}],"collection":[{"href":"https:\/\/radioljubuski.ba\/index.php\/wp-json\/wp\/v2\/posts"}],"about":[{"href":"https:\/\/radioljubuski.ba\/index.php\/wp-json\/wp\/v2\/types\/post"}],"author":[{"embeddable":true,"href":"https:\/\/radioljubuski.ba\/index.php\/wp-json\/wp\/v2\/users\/2"}],"replies":[{"embeddable":true,"href":"https:\/\/radioljubuski.ba\/index.php\/wp-json\/wp\/v2\/comments?post=20133"}],"version-history":[{"count":1,"href":"https:\/\/radioljubuski.ba\/index.php\/wp-json\/wp\/v2\/posts\/20133\/revisions"}],"predecessor-version":[{"id":20134,"href":"https:\/\/radioljubuski.ba\/index.php\/wp-json\/wp\/v2\/posts\/20133\/revisions\/20134"}],"wp:featuredmedia":[{"embeddable":true,"href":"https:\/\/radioljubuski.ba\/index.php\/wp-json\/wp\/v2\/media\/19766"}],"wp:attachment":[{"href":"https:\/\/radioljubuski.ba\/index.php\/wp-json\/wp\/v2\/media?parent=20133"}],"wp:term":[{"taxonomy":"category","embeddable":true,"href":"https:\/\/radioljubuski.ba\/index.php\/wp-json\/wp\/v2\/categories?post=20133"},{"taxonomy":"post_tag","embeddable":true,"href":"https:\/\/radioljubuski.ba\/index.php\/wp-json\/wp\/v2\/tags?post=20133"}],"curies":[{"name":"wp","href":"https:\/\/api.w.org\/{rel}","templated":true}]}}