{"id":201481,"date":"2024-03-31T14:58:00","date_gmt":"2024-03-31T13:58:00","guid":{"rendered":"https:\/\/radioljubuski.ba\/?p=201481"},"modified":"2024-04-01T08:19:38","modified_gmt":"2024-04-01T07:19:38","slug":"uskrs-u-zupi-sipovaca-vojnici","status":"publish","type":"post","link":"https:\/\/radioljubuski.ba\/index.php\/2024\/03\/31\/uskrs-u-zupi-sipovaca-vojnici\/","title":{"rendered":"Uskrs u \u017eupi \u0160ipova\u010da &#8211; Vojni\u0107i"},"content":{"rendered":"\n<p>U nedjelju, 31. o\u017eujka 2024. godine je u \u017eupi \u0160ipova\u010da &#8211; Vojni\u0107i sve\u010dano proslavljen Uskrs, najve\u0107i i najva\u017eniji kr\u0161\u0107anski blagdan. Sredi\u0161nje misno slavlje u \u017eupnoj crkvi predvodio je don Marin Skender.<br><\/p>\n\n\n\n<p>Na po\u010detku misnoga slavlja don Marin je pozdravio sve okupljene vjernike i \u010destitao im Uskrs.<br>Zatim je podsjetio na Isusovu muku i Kri\u017eni put. Istaknuo je da je Isus ve\u0107 tada najavio da \u0107e unato\u010d svemu onome \u0161to slijedi izi\u0107i kao pobjednik.<br><\/p>\n\n\n\n<p>\u201eNakon toga dolazi dan Uskrsa. Isus nas ne dr\u017ei dugo u agoniji. Ne dr\u017ei nas dugo u neizvjesnosti. Ni nas ni svoje u\u010denike, svoje sljedbenike, nego vrlo brzo otkriva da je pobijedio. Zanimljiv je na\u010din na koji Isus ulazi u svijet nakon svoga uskrsnu\u0107a. Isus se javlja diskretno, potpuno nenametljivo. Isus ne \u017eeli na trijumfalan na\u010din pokazati da je pobijedio, kako mi to \u010desto u \u017eivotu \u010dinimo kada likujemo nad ovom ili onom pobjedom. Isus ne \u017eeli nikoga svojom pobjedom poniziti, nego nudi ljubav. Ne kritizira one koji su ga osudili, ne kritizira ni svoje u\u010denike koji su ga izdali, koji su pobjegli od njega nego nastoji tiho u\u0107i u njihov \u017eivot. Za\u0161to? Zato \u0161to nas Isus savr\u0161eno razumije, zato \u0161to je Isus znao da \u0107e sve tako biti. On nam \u017eeli pokazati put, put ljubavi. Zato nas Uskrs u\u010di kako i na koji na\u010din se mi trebamo ophoditi u ovom svijetu. Isus je do\u0161ao u poniznosti, djelovao u poniznosti i slavno uskrsnuo u poniznosti. S druge strane ovaj doga\u0111aj predstavlja pobjedu, pobjedu nad tamom grijeha, pobjedu nad smr\u0107u i zahvaljuju\u0107i Kristovu uskrsnu\u0107u svi mi sada imamo smisao vlastitoga postojanja. U Uskrsu je snaga, u Uskrsu je nada u Uskrsu je radost. I vidimo kako to u\u010denici brzo prihva\u0107aju, kako taj doga\u0111aj djeluje na njih. Dok je Isus bio \u017eiv u smislu ovozemaljskog postojanja Njegovi u\u010denici su promatrali Njegove geste, Njegove \u010dini, \u010dudesa koja je \u010dinio, ozdravljenja i sve ono dobro koje je \u010dinio. Oni su naslu\u0107ivali i vidjeli da Isus posjeduje nadnaravne mo\u0107i, mo\u0107i koje obi\u010dni \u010dovjek ne mo\u017ee posjedovati. Me\u0111utim, u\u010denici su i dalje sumnji\u010davi. Zato \u0161to su zadr\u017eali na onom vizualnom segmentu da bi vjerovali. Tek onda kada to srcem prihvatim, kada du\u0161om prionem uz to ja osjetim radost i milost Uskrsa i ljepotu same vjere. Jer vizualno ishlapi vrlo brzo, potro\u0161i se. Zbog toga Isus sada dolazi i javlja se na jedan drugi na\u010din. I tek sada zapravo u\u010denici nastupaju onako kako bi trebali. Prihva\u0107aju vjeru, osje\u0107aju njegovu prisutnost, osje\u0107aju njegovu blizinu u svome \u017eivotu, osje\u0107aju kako im srce titra radi toga doga\u0111aja. Budi se nada, budi se radost. Pobijedio je\u201c, kazao je, me\u0111u ostalim, don Marin.<br><\/p>\n\n\n\n<p>Nakon zavr\u0161etka misnog slavlja \u017eupnik je darivao one najmla\u0111e, sve vjernike pozvao je u \u017eupnu dvoranu na kola\u010de i \u010da\u0161icu pi\u0107a, a vjernici su se nakon dru\u017eenja i \u010destitanja uputili svojim domovima gdje je slavlje Uskrsa nastavljeno u krugu obitelji, rodbine i prijatelja.<br><\/p>\n\n\n\n<p>Uskrsne svete mise odr\u017eane su i u podru\u010dnim crkvama u Dolama i Ka\u0161\u010du.<br><\/p>\n\n\n\n<figure class=\"wp-block-image size-large\"><img loading=\"lazy\" decoding=\"async\" width=\"1024\" height=\"768\" src=\"https:\/\/radioljubuski.ba\/wp-content\/uploads\/2024\/03\/uskrs1-1024x768.jpg\" alt=\"\" class=\"wp-image-201484\" srcset=\"https:\/\/radioljubuski.ba\/wp-content\/uploads\/2024\/03\/uskrs1-1024x768.jpg 1024w, https:\/\/radioljubuski.ba\/wp-content\/uploads\/2024\/03\/uskrs1-300x225.jpg 300w, https:\/\/radioljubuski.ba\/wp-content\/uploads\/2024\/03\/uskrs1-768x576.jpg 768w, https:\/\/radioljubuski.ba\/wp-content\/uploads\/2024\/03\/uskrs1-1536x1152.jpg 1536w, https:\/\/radioljubuski.ba\/wp-content\/uploads\/2024\/03\/uskrs1-2048x1536.jpg 2048w, https:\/\/radioljubuski.ba\/wp-content\/uploads\/2024\/03\/uskrs1-16x12.jpg 16w\" sizes=\"auto, (max-width: 1024px) 100vw, 1024px\" \/><\/figure>\n\n\n\n<figure class=\"wp-block-image size-large\"><img loading=\"lazy\" decoding=\"async\" width=\"1024\" height=\"768\" src=\"https:\/\/radioljubuski.ba\/wp-content\/uploads\/2024\/03\/uskrs2-1024x768.jpg\" alt=\"\" class=\"wp-image-201485\" srcset=\"https:\/\/radioljubuski.ba\/wp-content\/uploads\/2024\/03\/uskrs2-1024x768.jpg 1024w, https:\/\/radioljubuski.ba\/wp-content\/uploads\/2024\/03\/uskrs2-300x225.jpg 300w, https:\/\/radioljubuski.ba\/wp-content\/uploads\/2024\/03\/uskrs2-768x576.jpg 768w, https:\/\/radioljubuski.ba\/wp-content\/uploads\/2024\/03\/uskrs2-1536x1152.jpg 1536w, https:\/\/radioljubuski.ba\/wp-content\/uploads\/2024\/03\/uskrs2-2048x1536.jpg 2048w, https:\/\/radioljubuski.ba\/wp-content\/uploads\/2024\/03\/uskrs2-16x12.jpg 16w\" sizes=\"auto, (max-width: 1024px) 100vw, 1024px\" \/><\/figure>\n\n\n\n<figure class=\"wp-block-image size-large is-resized\"><img loading=\"lazy\" decoding=\"async\" width=\"1024\" height=\"768\" src=\"https:\/\/radioljubuski.ba\/wp-content\/uploads\/2024\/03\/uskrs4-1024x768.jpg\" alt=\"\" class=\"wp-image-201486\" style=\"width:840px;height:auto\" srcset=\"https:\/\/radioljubuski.ba\/wp-content\/uploads\/2024\/03\/uskrs4-1024x768.jpg 1024w, https:\/\/radioljubuski.ba\/wp-content\/uploads\/2024\/03\/uskrs4-300x225.jpg 300w, https:\/\/radioljubuski.ba\/wp-content\/uploads\/2024\/03\/uskrs4-768x576.jpg 768w, https:\/\/radioljubuski.ba\/wp-content\/uploads\/2024\/03\/uskrs4-1536x1152.jpg 1536w, https:\/\/radioljubuski.ba\/wp-content\/uploads\/2024\/03\/uskrs4-2048x1536.jpg 2048w, https:\/\/radioljubuski.ba\/wp-content\/uploads\/2024\/03\/uskrs4-16x12.jpg 16w\" sizes=\"auto, (max-width: 1024px) 100vw, 1024px\" \/><\/figure>\n\n\n\n<figure class=\"wp-block-image size-large\"><img loading=\"lazy\" decoding=\"async\" width=\"1024\" height=\"768\" src=\"https:\/\/radioljubuski.ba\/wp-content\/uploads\/2024\/03\/uskrs5-1-1024x768.jpg\" alt=\"\" class=\"wp-image-201487\" srcset=\"https:\/\/radioljubuski.ba\/wp-content\/uploads\/2024\/03\/uskrs5-1-1024x768.jpg 1024w, https:\/\/radioljubuski.ba\/wp-content\/uploads\/2024\/03\/uskrs5-1-300x225.jpg 300w, https:\/\/radioljubuski.ba\/wp-content\/uploads\/2024\/03\/uskrs5-1-768x576.jpg 768w, https:\/\/radioljubuski.ba\/wp-content\/uploads\/2024\/03\/uskrs5-1-1536x1152.jpg 1536w, https:\/\/radioljubuski.ba\/wp-content\/uploads\/2024\/03\/uskrs5-1-2048x1536.jpg 2048w, https:\/\/radioljubuski.ba\/wp-content\/uploads\/2024\/03\/uskrs5-1-16x12.jpg 16w\" sizes=\"auto, (max-width: 1024px) 100vw, 1024px\" \/><\/figure>\n\n\n\n<figure class=\"wp-block-image size-large\"><img loading=\"lazy\" decoding=\"async\" width=\"1024\" height=\"768\" src=\"https:\/\/radioljubuski.ba\/wp-content\/uploads\/2024\/03\/uskrs6-1024x768.jpg\" alt=\"\" class=\"wp-image-201488\" srcset=\"https:\/\/radioljubuski.ba\/wp-content\/uploads\/2024\/03\/uskrs6-1024x768.jpg 1024w, https:\/\/radioljubuski.ba\/wp-content\/uploads\/2024\/03\/uskrs6-300x225.jpg 300w, https:\/\/radioljubuski.ba\/wp-content\/uploads\/2024\/03\/uskrs6-768x576.jpg 768w, https:\/\/radioljubuski.ba\/wp-content\/uploads\/2024\/03\/uskrs6-1536x1152.jpg 1536w, https:\/\/radioljubuski.ba\/wp-content\/uploads\/2024\/03\/uskrs6-2048x1536.jpg 2048w, https:\/\/radioljubuski.ba\/wp-content\/uploads\/2024\/03\/uskrs6-16x12.jpg 16w\" sizes=\"auto, (max-width: 1024px) 100vw, 1024px\" \/><\/figure>\n\n\n\n<figure class=\"wp-block-image size-large\"><img loading=\"lazy\" decoding=\"async\" width=\"1024\" height=\"768\" src=\"https:\/\/radioljubuski.ba\/wp-content\/uploads\/2024\/03\/uskrs8-1024x768.jpg\" alt=\"\" class=\"wp-image-201489\" srcset=\"https:\/\/radioljubuski.ba\/wp-content\/uploads\/2024\/03\/uskrs8-1024x768.jpg 1024w, https:\/\/radioljubuski.ba\/wp-content\/uploads\/2024\/03\/uskrs8-300x225.jpg 300w, https:\/\/radioljubuski.ba\/wp-content\/uploads\/2024\/03\/uskrs8-768x576.jpg 768w, https:\/\/radioljubuski.ba\/wp-content\/uploads\/2024\/03\/uskrs8-1536x1152.jpg 1536w, https:\/\/radioljubuski.ba\/wp-content\/uploads\/2024\/03\/uskrs8-2048x1536.jpg 2048w, https:\/\/radioljubuski.ba\/wp-content\/uploads\/2024\/03\/uskrs8-16x12.jpg 16w\" sizes=\"auto, (max-width: 1024px) 100vw, 1024px\" \/><\/figure>\n\n\n\n<figure class=\"wp-block-image size-large\"><img loading=\"lazy\" decoding=\"async\" width=\"1024\" height=\"768\" src=\"https:\/\/radioljubuski.ba\/wp-content\/uploads\/2024\/03\/uskrs9-1024x768.jpg\" alt=\"\" class=\"wp-image-201490\" srcset=\"https:\/\/radioljubuski.ba\/wp-content\/uploads\/2024\/03\/uskrs9-1024x768.jpg 1024w, https:\/\/radioljubuski.ba\/wp-content\/uploads\/2024\/03\/uskrs9-300x225.jpg 300w, https:\/\/radioljubuski.ba\/wp-content\/uploads\/2024\/03\/uskrs9-768x576.jpg 768w, https:\/\/radioljubuski.ba\/wp-content\/uploads\/2024\/03\/uskrs9-1536x1152.jpg 1536w, https:\/\/radioljubuski.ba\/wp-content\/uploads\/2024\/03\/uskrs9-2048x1536.jpg 2048w, https:\/\/radioljubuski.ba\/wp-content\/uploads\/2024\/03\/uskrs9-16x12.jpg 16w\" sizes=\"auto, (max-width: 1024px) 100vw, 1024px\" \/><\/figure>\n\n\n\n<figure class=\"wp-block-image size-large\"><img loading=\"lazy\" decoding=\"async\" width=\"1024\" height=\"768\" src=\"https:\/\/radioljubuski.ba\/wp-content\/uploads\/2024\/03\/uskrs10-1024x768.jpg\" alt=\"\" class=\"wp-image-201491\" srcset=\"https:\/\/radioljubuski.ba\/wp-content\/uploads\/2024\/03\/uskrs10-1024x768.jpg 1024w, https:\/\/radioljubuski.ba\/wp-content\/uploads\/2024\/03\/uskrs10-300x225.jpg 300w, https:\/\/radioljubuski.ba\/wp-content\/uploads\/2024\/03\/uskrs10-768x576.jpg 768w, https:\/\/radioljubuski.ba\/wp-content\/uploads\/2024\/03\/uskrs10-1536x1152.jpg 1536w, https:\/\/radioljubuski.ba\/wp-content\/uploads\/2024\/03\/uskrs10-2048x1536.jpg 2048w, https:\/\/radioljubuski.ba\/wp-content\/uploads\/2024\/03\/uskrs10-16x12.jpg 16w\" sizes=\"auto, (max-width: 1024px) 100vw, 1024px\" \/><\/figure>\n\n\n\n<p>Radio Ljubu\u0161ki<\/p>\n","protected":false},"excerpt":{"rendered":"<p>U nedjelju, 31. o\u017eujka 2024. godine je u \u017eupi \u0160ipova\u010da &#8211; Vojni\u0107i sve\u010dano proslavljen Uskrs, najve\u0107i i najva\u017eniji kr\u0161\u0107anski blagdan. Sredi\u0161nje misno slavlje u \u017eupnoj crkvi predvodio je don Marin Skender. Na po\u010detku misnoga slavlja don Marin je pozdravio sve okupljene vjernike i \u010destitao im Uskrs.Zatim je podsjetio na Isusovu muku i Kri\u017eni put. Istaknuo [&hellip;]<\/p>\n","protected":false},"author":2,"featured_media":201483,"comment_status":"closed","ping_status":"closed","sticky":false,"template":"","format":"standard","meta":{"h5ap_radio_sources":[],"footnotes":""},"categories":[3],"tags":[],"class_list":["post-201481","post","type-post","status-publish","format-standard","has-post-thumbnail","hentry","category-ljubuski"],"yoast_head":"<!-- This site is optimized with the Yoast SEO plugin v27.5 - https:\/\/yoast.com\/product\/yoast-seo-wordpress\/ -->\n<title>Uskrs u \u017eupi \u0160ipova\u010da - Vojni\u0107i - RADIO LJUBU\u0160KI<\/title>\n<meta name=\"robots\" content=\"index, follow, max-snippet:-1, max-image-preview:large, max-video-preview:-1\" \/>\n<link rel=\"canonical\" href=\"https:\/\/radioljubuski.ba\/index.php\/2024\/03\/31\/uskrs-u-zupi-sipovaca-vojnici\/\" \/>\n<meta property=\"og:locale\" content=\"hr_HR\" \/>\n<meta property=\"og:type\" content=\"article\" \/>\n<meta property=\"og:title\" content=\"Uskrs u \u017eupi \u0160ipova\u010da - Vojni\u0107i - RADIO LJUBU\u0160KI\" \/>\n<meta property=\"og:description\" content=\"U nedjelju, 31. o\u017eujka 2024. godine je u \u017eupi \u0160ipova\u010da &#8211; Vojni\u0107i sve\u010dano proslavljen Uskrs, najve\u0107i i najva\u017eniji kr\u0161\u0107anski blagdan. Sredi\u0161nje misno slavlje u \u017eupnoj crkvi predvodio je don Marin Skender. Na po\u010detku misnoga slavlja don Marin je pozdravio sve okupljene vjernike i \u010destitao im Uskrs.Zatim je podsjetio na Isusovu muku i Kri\u017eni put. Istaknuo [&hellip;]\" \/>\n<meta property=\"og:url\" content=\"https:\/\/radioljubuski.ba\/index.php\/2024\/03\/31\/uskrs-u-zupi-sipovaca-vojnici\/\" \/>\n<meta property=\"og:site_name\" content=\"RADIO LJUBU\u0160KI\" \/>\n<meta property=\"article:publisher\" content=\"https:\/\/www.facebook.com\/Radiio-Ljubuski-1490835324566332\" \/>\n<meta property=\"article:published_time\" content=\"2024-03-31T13:58:00+00:00\" \/>\n<meta property=\"article:modified_time\" content=\"2024-04-01T07:19:38+00:00\" \/>\n<meta property=\"og:image\" content=\"https:\/\/radioljubuski.ba\/wp-content\/uploads\/2024\/03\/uskrs7.jpg\" \/>\n\t<meta property=\"og:image:width\" content=\"2500\" \/>\n\t<meta property=\"og:image:height\" content=\"1875\" \/>\n\t<meta property=\"og:image:type\" content=\"image\/jpeg\" \/>\n<meta name=\"author\" content=\"Radio Ljubu\u0161ki\" \/>\n<meta name=\"twitter:card\" content=\"summary_large_image\" \/>\n<meta name=\"twitter:creator\" content=\"@radioljubuski\" \/>\n<meta name=\"twitter:site\" content=\"@radioljubuski\" \/>\n<meta name=\"twitter:label1\" content=\"Napisao\/la\" \/>\n\t<meta name=\"twitter:data1\" content=\"Radio Ljubu\u0161ki\" \/>\n\t<meta name=\"twitter:label2\" content=\"Procijenjeno vrijeme \u010ditanja\" \/>\n\t<meta name=\"twitter:data2\" content=\"5 minuta\" \/>\n<script type=\"application\/ld+json\" class=\"yoast-schema-graph\">{\"@context\":\"https:\\\/\\\/schema.org\",\"@graph\":[{\"@type\":\"Article\",\"@id\":\"https:\\\/\\\/radioljubuski.ba\\\/index.php\\\/2024\\\/03\\\/31\\\/uskrs-u-zupi-sipovaca-vojnici\\\/#article\",\"isPartOf\":{\"@id\":\"https:\\\/\\\/radioljubuski.ba\\\/index.php\\\/2024\\\/03\\\/31\\\/uskrs-u-zupi-sipovaca-vojnici\\\/\"},\"author\":{\"name\":\"Radio Ljubu\u0161ki\",\"@id\":\"https:\\\/\\\/radioljubuski.ba\\\/#\\\/schema\\\/person\\\/19fc700381a780f69665d7956c469e3b\"},\"headline\":\"Uskrs u \u017eupi \u0160ipova\u010da &#8211; Vojni\u0107i\",\"datePublished\":\"2024-03-31T13:58:00+00:00\",\"dateModified\":\"2024-04-01T07:19:38+00:00\",\"mainEntityOfPage\":{\"@id\":\"https:\\\/\\\/radioljubuski.ba\\\/index.php\\\/2024\\\/03\\\/31\\\/uskrs-u-zupi-sipovaca-vojnici\\\/\"},\"wordCount\":559,\"publisher\":{\"@id\":\"https:\\\/\\\/radioljubuski.ba\\\/#organization\"},\"image\":{\"@id\":\"https:\\\/\\\/radioljubuski.ba\\\/index.php\\\/2024\\\/03\\\/31\\\/uskrs-u-zupi-sipovaca-vojnici\\\/#primaryimage\"},\"thumbnailUrl\":\"https:\\\/\\\/radioljubuski.ba\\\/wp-content\\\/uploads\\\/2024\\\/03\\\/uskrs7.jpg\",\"articleSection\":[\"Ljubu\u0161ki\"],\"inLanguage\":\"hr\"},{\"@type\":\"WebPage\",\"@id\":\"https:\\\/\\\/radioljubuski.ba\\\/index.php\\\/2024\\\/03\\\/31\\\/uskrs-u-zupi-sipovaca-vojnici\\\/\",\"url\":\"https:\\\/\\\/radioljubuski.ba\\\/index.php\\\/2024\\\/03\\\/31\\\/uskrs-u-zupi-sipovaca-vojnici\\\/\",\"name\":\"Uskrs u \u017eupi \u0160ipova\u010da - Vojni\u0107i - RADIO LJUBU\u0160KI\",\"isPartOf\":{\"@id\":\"https:\\\/\\\/radioljubuski.ba\\\/#website\"},\"primaryImageOfPage\":{\"@id\":\"https:\\\/\\\/radioljubuski.ba\\\/index.php\\\/2024\\\/03\\\/31\\\/uskrs-u-zupi-sipovaca-vojnici\\\/#primaryimage\"},\"image\":{\"@id\":\"https:\\\/\\\/radioljubuski.ba\\\/index.php\\\/2024\\\/03\\\/31\\\/uskrs-u-zupi-sipovaca-vojnici\\\/#primaryimage\"},\"thumbnailUrl\":\"https:\\\/\\\/radioljubuski.ba\\\/wp-content\\\/uploads\\\/2024\\\/03\\\/uskrs7.jpg\",\"datePublished\":\"2024-03-31T13:58:00+00:00\",\"dateModified\":\"2024-04-01T07:19:38+00:00\",\"breadcrumb\":{\"@id\":\"https:\\\/\\\/radioljubuski.ba\\\/index.php\\\/2024\\\/03\\\/31\\\/uskrs-u-zupi-sipovaca-vojnici\\\/#breadcrumb\"},\"inLanguage\":\"hr\",\"potentialAction\":[{\"@type\":\"ReadAction\",\"target\":[\"https:\\\/\\\/radioljubuski.ba\\\/index.php\\\/2024\\\/03\\\/31\\\/uskrs-u-zupi-sipovaca-vojnici\\\/\"]}]},{\"@type\":\"ImageObject\",\"inLanguage\":\"hr\",\"@id\":\"https:\\\/\\\/radioljubuski.ba\\\/index.php\\\/2024\\\/03\\\/31\\\/uskrs-u-zupi-sipovaca-vojnici\\\/#primaryimage\",\"url\":\"https:\\\/\\\/radioljubuski.ba\\\/wp-content\\\/uploads\\\/2024\\\/03\\\/uskrs7.jpg\",\"contentUrl\":\"https:\\\/\\\/radioljubuski.ba\\\/wp-content\\\/uploads\\\/2024\\\/03\\\/uskrs7.jpg\",\"width\":2500,\"height\":1875},{\"@type\":\"BreadcrumbList\",\"@id\":\"https:\\\/\\\/radioljubuski.ba\\\/index.php\\\/2024\\\/03\\\/31\\\/uskrs-u-zupi-sipovaca-vojnici\\\/#breadcrumb\",\"itemListElement\":[{\"@type\":\"ListItem\",\"position\":1,\"name\":\"Po\u010detna stranica\",\"item\":\"https:\\\/\\\/radioljubuski.ba\\\/\"},{\"@type\":\"ListItem\",\"position\":2,\"name\":\"Uskrs u \u017eupi \u0160ipova\u010da &#8211; Vojni\u0107i\"}]},{\"@type\":\"WebSite\",\"@id\":\"https:\\\/\\\/radioljubuski.ba\\\/#website\",\"url\":\"https:\\\/\\\/radioljubuski.ba\\\/\",\"name\":\"Radio Ljubu\u0161ki\",\"description\":\"Sun\u010dana frekvencija Hercegovine\",\"publisher\":{\"@id\":\"https:\\\/\\\/radioljubuski.ba\\\/#organization\"},\"potentialAction\":[{\"@type\":\"SearchAction\",\"target\":{\"@type\":\"EntryPoint\",\"urlTemplate\":\"https:\\\/\\\/radioljubuski.ba\\\/?s={search_term_string}\"},\"query-input\":{\"@type\":\"PropertyValueSpecification\",\"valueRequired\":true,\"valueName\":\"search_term_string\"}}],\"inLanguage\":\"hr\"},{\"@type\":\"Organization\",\"@id\":\"https:\\\/\\\/radioljubuski.ba\\\/#organization\",\"name\":\"Radio Ljubu\u0161ki\",\"url\":\"https:\\\/\\\/radioljubuski.ba\\\/\",\"logo\":{\"@type\":\"ImageObject\",\"inLanguage\":\"hr\",\"@id\":\"https:\\\/\\\/radioljubuski.ba\\\/#\\\/schema\\\/logo\\\/image\\\/\",\"url\":\"https:\\\/\\\/radioljubuski.ba\\\/wp-content\\\/uploads\\\/2021\\\/02\\\/cropped-Radio_Ljubuski_logo1.jpg\",\"contentUrl\":\"https:\\\/\\\/radioljubuski.ba\\\/wp-content\\\/uploads\\\/2021\\\/02\\\/cropped-Radio_Ljubuski_logo1.jpg\",\"width\":512,\"height\":512,\"caption\":\"Radio Ljubu\u0161ki\"},\"image\":{\"@id\":\"https:\\\/\\\/radioljubuski.ba\\\/#\\\/schema\\\/logo\\\/image\\\/\"},\"sameAs\":[\"https:\\\/\\\/www.facebook.com\\\/Radiio-Ljubuski-1490835324566332\",\"https:\\\/\\\/x.com\\\/radioljubuski\",\"https:\\\/\\\/hr.linkedin.com\\\/company\\\/radio-ljubuski\",\"https:\\\/\\\/www.youtube.com\\\/channel\\\/UCHYaeO_n0Db3tjNGudGpXyw\"]},{\"@type\":\"Person\",\"@id\":\"https:\\\/\\\/radioljubuski.ba\\\/#\\\/schema\\\/person\\\/19fc700381a780f69665d7956c469e3b\",\"name\":\"Radio Ljubu\u0161ki\"}]}<\/script>\n<!-- \/ Yoast SEO plugin. -->","yoast_head_json":{"title":"Uskrs u \u017eupi \u0160ipova\u010da - Vojni\u0107i - RADIO LJUBU\u0160KI","robots":{"index":"index","follow":"follow","max-snippet":"max-snippet:-1","max-image-preview":"max-image-preview:large","max-video-preview":"max-video-preview:-1"},"canonical":"https:\/\/radioljubuski.ba\/index.php\/2024\/03\/31\/uskrs-u-zupi-sipovaca-vojnici\/","og_locale":"hr_HR","og_type":"article","og_title":"Uskrs u \u017eupi \u0160ipova\u010da - Vojni\u0107i - RADIO LJUBU\u0160KI","og_description":"U nedjelju, 31. o\u017eujka 2024. godine je u \u017eupi \u0160ipova\u010da &#8211; Vojni\u0107i sve\u010dano proslavljen Uskrs, najve\u0107i i najva\u017eniji kr\u0161\u0107anski blagdan. Sredi\u0161nje misno slavlje u \u017eupnoj crkvi predvodio je don Marin Skender. Na po\u010detku misnoga slavlja don Marin je pozdravio sve okupljene vjernike i \u010destitao im Uskrs.Zatim je podsjetio na Isusovu muku i Kri\u017eni put. Istaknuo [&hellip;]","og_url":"https:\/\/radioljubuski.ba\/index.php\/2024\/03\/31\/uskrs-u-zupi-sipovaca-vojnici\/","og_site_name":"RADIO LJUBU\u0160KI","article_publisher":"https:\/\/www.facebook.com\/Radiio-Ljubuski-1490835324566332","article_published_time":"2024-03-31T13:58:00+00:00","article_modified_time":"2024-04-01T07:19:38+00:00","og_image":[{"width":2500,"height":1875,"url":"https:\/\/radioljubuski.ba\/wp-content\/uploads\/2024\/03\/uskrs7.jpg","type":"image\/jpeg"}],"author":"Radio Ljubu\u0161ki","twitter_card":"summary_large_image","twitter_creator":"@radioljubuski","twitter_site":"@radioljubuski","twitter_misc":{"Napisao\/la":"Radio Ljubu\u0161ki","Procijenjeno vrijeme \u010ditanja":"5 minuta"},"schema":{"@context":"https:\/\/schema.org","@graph":[{"@type":"Article","@id":"https:\/\/radioljubuski.ba\/index.php\/2024\/03\/31\/uskrs-u-zupi-sipovaca-vojnici\/#article","isPartOf":{"@id":"https:\/\/radioljubuski.ba\/index.php\/2024\/03\/31\/uskrs-u-zupi-sipovaca-vojnici\/"},"author":{"name":"Radio Ljubu\u0161ki","@id":"https:\/\/radioljubuski.ba\/#\/schema\/person\/19fc700381a780f69665d7956c469e3b"},"headline":"Uskrs u \u017eupi \u0160ipova\u010da &#8211; Vojni\u0107i","datePublished":"2024-03-31T13:58:00+00:00","dateModified":"2024-04-01T07:19:38+00:00","mainEntityOfPage":{"@id":"https:\/\/radioljubuski.ba\/index.php\/2024\/03\/31\/uskrs-u-zupi-sipovaca-vojnici\/"},"wordCount":559,"publisher":{"@id":"https:\/\/radioljubuski.ba\/#organization"},"image":{"@id":"https:\/\/radioljubuski.ba\/index.php\/2024\/03\/31\/uskrs-u-zupi-sipovaca-vojnici\/#primaryimage"},"thumbnailUrl":"https:\/\/radioljubuski.ba\/wp-content\/uploads\/2024\/03\/uskrs7.jpg","articleSection":["Ljubu\u0161ki"],"inLanguage":"hr"},{"@type":"WebPage","@id":"https:\/\/radioljubuski.ba\/index.php\/2024\/03\/31\/uskrs-u-zupi-sipovaca-vojnici\/","url":"https:\/\/radioljubuski.ba\/index.php\/2024\/03\/31\/uskrs-u-zupi-sipovaca-vojnici\/","name":"Uskrs u \u017eupi \u0160ipova\u010da - Vojni\u0107i - RADIO LJUBU\u0160KI","isPartOf":{"@id":"https:\/\/radioljubuski.ba\/#website"},"primaryImageOfPage":{"@id":"https:\/\/radioljubuski.ba\/index.php\/2024\/03\/31\/uskrs-u-zupi-sipovaca-vojnici\/#primaryimage"},"image":{"@id":"https:\/\/radioljubuski.ba\/index.php\/2024\/03\/31\/uskrs-u-zupi-sipovaca-vojnici\/#primaryimage"},"thumbnailUrl":"https:\/\/radioljubuski.ba\/wp-content\/uploads\/2024\/03\/uskrs7.jpg","datePublished":"2024-03-31T13:58:00+00:00","dateModified":"2024-04-01T07:19:38+00:00","breadcrumb":{"@id":"https:\/\/radioljubuski.ba\/index.php\/2024\/03\/31\/uskrs-u-zupi-sipovaca-vojnici\/#breadcrumb"},"inLanguage":"hr","potentialAction":[{"@type":"ReadAction","target":["https:\/\/radioljubuski.ba\/index.php\/2024\/03\/31\/uskrs-u-zupi-sipovaca-vojnici\/"]}]},{"@type":"ImageObject","inLanguage":"hr","@id":"https:\/\/radioljubuski.ba\/index.php\/2024\/03\/31\/uskrs-u-zupi-sipovaca-vojnici\/#primaryimage","url":"https:\/\/radioljubuski.ba\/wp-content\/uploads\/2024\/03\/uskrs7.jpg","contentUrl":"https:\/\/radioljubuski.ba\/wp-content\/uploads\/2024\/03\/uskrs7.jpg","width":2500,"height":1875},{"@type":"BreadcrumbList","@id":"https:\/\/radioljubuski.ba\/index.php\/2024\/03\/31\/uskrs-u-zupi-sipovaca-vojnici\/#breadcrumb","itemListElement":[{"@type":"ListItem","position":1,"name":"Po\u010detna stranica","item":"https:\/\/radioljubuski.ba\/"},{"@type":"ListItem","position":2,"name":"Uskrs u \u017eupi \u0160ipova\u010da &#8211; Vojni\u0107i"}]},{"@type":"WebSite","@id":"https:\/\/radioljubuski.ba\/#website","url":"https:\/\/radioljubuski.ba\/","name":"Radio Ljubu\u0161ki","description":"Sun\u010dana frekvencija Hercegovine","publisher":{"@id":"https:\/\/radioljubuski.ba\/#organization"},"potentialAction":[{"@type":"SearchAction","target":{"@type":"EntryPoint","urlTemplate":"https:\/\/radioljubuski.ba\/?s={search_term_string}"},"query-input":{"@type":"PropertyValueSpecification","valueRequired":true,"valueName":"search_term_string"}}],"inLanguage":"hr"},{"@type":"Organization","@id":"https:\/\/radioljubuski.ba\/#organization","name":"Radio Ljubu\u0161ki","url":"https:\/\/radioljubuski.ba\/","logo":{"@type":"ImageObject","inLanguage":"hr","@id":"https:\/\/radioljubuski.ba\/#\/schema\/logo\/image\/","url":"https:\/\/radioljubuski.ba\/wp-content\/uploads\/2021\/02\/cropped-Radio_Ljubuski_logo1.jpg","contentUrl":"https:\/\/radioljubuski.ba\/wp-content\/uploads\/2021\/02\/cropped-Radio_Ljubuski_logo1.jpg","width":512,"height":512,"caption":"Radio Ljubu\u0161ki"},"image":{"@id":"https:\/\/radioljubuski.ba\/#\/schema\/logo\/image\/"},"sameAs":["https:\/\/www.facebook.com\/Radiio-Ljubuski-1490835324566332","https:\/\/x.com\/radioljubuski","https:\/\/hr.linkedin.com\/company\/radio-ljubuski","https:\/\/www.youtube.com\/channel\/UCHYaeO_n0Db3tjNGudGpXyw"]},{"@type":"Person","@id":"https:\/\/radioljubuski.ba\/#\/schema\/person\/19fc700381a780f69665d7956c469e3b","name":"Radio Ljubu\u0161ki"}]}},"_links":{"self":[{"href":"https:\/\/radioljubuski.ba\/index.php\/wp-json\/wp\/v2\/posts\/201481","targetHints":{"allow":["GET"]}}],"collection":[{"href":"https:\/\/radioljubuski.ba\/index.php\/wp-json\/wp\/v2\/posts"}],"about":[{"href":"https:\/\/radioljubuski.ba\/index.php\/wp-json\/wp\/v2\/types\/post"}],"author":[{"embeddable":true,"href":"https:\/\/radioljubuski.ba\/index.php\/wp-json\/wp\/v2\/users\/2"}],"replies":[{"embeddable":true,"href":"https:\/\/radioljubuski.ba\/index.php\/wp-json\/wp\/v2\/comments?post=201481"}],"version-history":[{"count":1,"href":"https:\/\/radioljubuski.ba\/index.php\/wp-json\/wp\/v2\/posts\/201481\/revisions"}],"predecessor-version":[{"id":201492,"href":"https:\/\/radioljubuski.ba\/index.php\/wp-json\/wp\/v2\/posts\/201481\/revisions\/201492"}],"wp:featuredmedia":[{"embeddable":true,"href":"https:\/\/radioljubuski.ba\/index.php\/wp-json\/wp\/v2\/media\/201483"}],"wp:attachment":[{"href":"https:\/\/radioljubuski.ba\/index.php\/wp-json\/wp\/v2\/media?parent=201481"}],"wp:term":[{"taxonomy":"category","embeddable":true,"href":"https:\/\/radioljubuski.ba\/index.php\/wp-json\/wp\/v2\/categories?post=201481"},{"taxonomy":"post_tag","embeddable":true,"href":"https:\/\/radioljubuski.ba\/index.php\/wp-json\/wp\/v2\/tags?post=201481"}],"curies":[{"name":"wp","href":"https:\/\/api.w.org\/{rel}","templated":true}]}}