{"id":201531,"date":"2024-04-02T12:33:42","date_gmt":"2024-04-02T11:33:42","guid":{"rendered":"https:\/\/radioljubuski.ba\/?p=201531"},"modified":"2024-04-02T12:39:17","modified_gmt":"2024-04-02T11:39:17","slug":"ljubuski-obiljezavanje-32-obljetnice-hvo-a-i-19-obljetnice-1-pjesacke-gardijske-pukovnije-os-bih-u-cetvrtak-4-travnja","status":"publish","type":"post","link":"https:\/\/radioljubuski.ba\/index.php\/2024\/04\/02\/ljubuski-obiljezavanje-32-obljetnice-hvo-a-i-19-obljetnice-1-pjesacke-gardijske-pukovnije-os-bih-u-cetvrtak-4-travnja\/","title":{"rendered":"Ljubu\u0161ki: Obilje\u017eavanje 32. obljetnice HVO-a i 19.obljetnice 1. pje\u0161a\u010dke (gardijske) pukovnije OS BiH u \u010detvrtak, 4. travnja"},"content":{"rendered":"\n<p>U povodu obilje\u017eavanja 19. obljetnice 1. pje\u0161a\u010dke (gardijske) pukovnije Oru\u017eanih snaga (OS) BiH i 32. obljetnice Hrvatskog vije\u0107a obrane (HVO), a u spomen na poginule pripadnike HVO-a, vojna izaslanstva Ministarstva obrane i Oru\u017eanih snaga BiH polo\u017eit \u0107e vijence i zapaliti svije\u0107e i na spomen-obilje\u017ejima u Sarajevu, Vitezu, Tomislavgradu, Ora\u0161ju i Mostaru.<\/p>\n\n\n\n<p>Polaganje vijenaca bit \u0107e uprili\u010deno i po gradovima i op\u0107inama u kojima je djelovao HVO, najavili su iz 1. pje\u0161a\u010dke (gardijske) pukovnije OS BiH. &nbsp;<\/p>\n\n\n\n<p>U Mostaru obilje\u017eavanje zapo\u010dinje 8. travnja u vojarni \u201eStanislav Baja Kraljevi\u0107\u201c u 13.30 sati kada je na rasporedu prijavak zamjeniku ministra obrane Slavenu Gali\u0107u i postrojavanje e\u0161alona.<\/p>\n\n\n\n<p>Program se nastavlja u 18 sati sve\u010danom misom u mostarskoj katedrali te polaganjem vijenaca kod sredi\u0161njeg spomenika ispred Hrvatskog doma Hercega Stjepana Kosa\u010de u 19.30 sati.<\/p>\n\n\n\n<p>Donosimo i termine polaganja vijenaca u gradovima i op\u0107inama gdje je djelovao HVO<\/p>\n\n\n\n<figure class=\"wp-block-embed is-type-rich is-provider-scribd wp-block-embed-scribd wp-embed-aspect-9-16 wp-has-aspect-ratio\"><div class=\"wp-block-embed__wrapper\">\n<iframe loading=\"lazy\" title=\"Polaganje Vijenaca Po Gradovima i Op\u0107inama HVO\" class=\"scribd_iframe_embed\" src=\"https:\/\/www.scribd.com\/embeds\/719260682\/content\" data-aspect-ratio=\"0.7080062794348508\" scrolling=\"no\" id=\"719260682\" width=\"640\" height=\"960\" frameborder=\"0\"><\/iframe><script type=\"text\/javascript\">          (function() { var scribd = document.createElement(\"script\"); scribd.type = \"text\/javascript\"; scribd.async = true; scribd.src = \"https:\/\/www.scribd.com\/javascripts\/embed_code\/inject.js\"; var s = document.getElementsByTagName(\"script\")[0]; s.parentNode.insertBefore(scribd, s); })()        <\/script>\n<\/div><\/figure>\n\n\n\n<p>Izvor: RTV HB<\/p>\n\n\n\n<p>Foto: Radio Ljubu\u0161ki<\/p>\n","protected":false},"excerpt":{"rendered":"<p>U povodu obilje\u017eavanja 19. obljetnice 1. pje\u0161a\u010dke (gardijske) pukovnije Oru\u017eanih snaga (OS) BiH i 32. obljetnice Hrvatskog vije\u0107a obrane (HVO), a u spomen na poginule pripadnike HVO-a, vojna izaslanstva Ministarstva obrane i Oru\u017eanih snaga BiH polo\u017eit \u0107e vijence i zapaliti svije\u0107e i na spomen-obilje\u017ejima u Sarajevu, Vitezu, Tomislavgradu, Ora\u0161ju i Mostaru. Polaganje vijenaca bit \u0107e [&hellip;]<\/p>\n","protected":false},"author":2,"featured_media":201534,"comment_status":"closed","ping_status":"closed","sticky":false,"template":"","format":"standard","meta":{"h5ap_radio_sources":[],"footnotes":""},"categories":[3,28],"tags":[],"class_list":["post-201531","post","type-post","status-publish","format-standard","has-post-thumbnail","hentry","category-ljubuski","category-novosti"],"yoast_head":"<!-- This site is optimized with the Yoast SEO plugin v27.5 - https:\/\/yoast.com\/product\/yoast-seo-wordpress\/ -->\n<title>Ljubu\u0161ki: Obilje\u017eavanje 32. obljetnice HVO-a i 19.obljetnice 1. pje\u0161a\u010dke (gardijske) pukovnije OS BiH u \u010detvrtak, 4. travnja - RADIO LJUBU\u0160KI<\/title>\n<meta name=\"robots\" content=\"index, follow, max-snippet:-1, max-image-preview:large, max-video-preview:-1\" \/>\n<link rel=\"canonical\" href=\"https:\/\/radioljubuski.ba\/index.php\/2024\/04\/02\/ljubuski-obiljezavanje-32-obljetnice-hvo-a-i-19-obljetnice-1-pjesacke-gardijske-pukovnije-os-bih-u-cetvrtak-4-travnja\/\" \/>\n<meta property=\"og:locale\" content=\"hr_HR\" \/>\n<meta property=\"og:type\" content=\"article\" \/>\n<meta property=\"og:title\" content=\"Ljubu\u0161ki: Obilje\u017eavanje 32. obljetnice HVO-a i 19.obljetnice 1. pje\u0161a\u010dke (gardijske) pukovnije OS BiH u \u010detvrtak, 4. travnja - RADIO LJUBU\u0160KI\" \/>\n<meta property=\"og:description\" content=\"U povodu obilje\u017eavanja 19. obljetnice 1. pje\u0161a\u010dke (gardijske) pukovnije Oru\u017eanih snaga (OS) BiH i 32. obljetnice Hrvatskog vije\u0107a obrane (HVO), a u spomen na poginule pripadnike HVO-a, vojna izaslanstva Ministarstva obrane i Oru\u017eanih snaga BiH polo\u017eit \u0107e vijence i zapaliti svije\u0107e i na spomen-obilje\u017ejima u Sarajevu, Vitezu, Tomislavgradu, Ora\u0161ju i Mostaru. Polaganje vijenaca bit \u0107e [&hellip;]\" \/>\n<meta property=\"og:url\" content=\"https:\/\/radioljubuski.ba\/index.php\/2024\/04\/02\/ljubuski-obiljezavanje-32-obljetnice-hvo-a-i-19-obljetnice-1-pjesacke-gardijske-pukovnije-os-bih-u-cetvrtak-4-travnja\/\" \/>\n<meta property=\"og:site_name\" content=\"RADIO LJUBU\u0160KI\" \/>\n<meta property=\"article:publisher\" content=\"https:\/\/www.facebook.com\/Radiio-Ljubuski-1490835324566332\" \/>\n<meta property=\"article:published_time\" content=\"2024-04-02T11:33:42+00:00\" \/>\n<meta property=\"article:modified_time\" content=\"2024-04-02T11:39:17+00:00\" \/>\n<meta property=\"og:image\" content=\"https:\/\/radioljubuski.ba\/wp-content\/uploads\/2024\/04\/Radio-Ljubuski-994-FM-1.jpg\" \/>\n\t<meta property=\"og:image:width\" content=\"1080\" \/>\n\t<meta property=\"og:image:height\" content=\"1080\" \/>\n\t<meta property=\"og:image:type\" content=\"image\/jpeg\" \/>\n<meta name=\"author\" content=\"Radio Ljubu\u0161ki\" \/>\n<meta name=\"twitter:card\" content=\"summary_large_image\" \/>\n<meta name=\"twitter:creator\" content=\"@radioljubuski\" \/>\n<meta name=\"twitter:site\" content=\"@radioljubuski\" \/>\n<meta name=\"twitter:label1\" content=\"Napisao\/la\" \/>\n\t<meta name=\"twitter:data1\" content=\"Radio Ljubu\u0161ki\" \/>\n\t<meta name=\"twitter:label2\" content=\"Procijenjeno vrijeme \u010ditanja\" \/>\n\t<meta name=\"twitter:data2\" content=\"2 minute\" \/>\n<script type=\"application\/ld+json\" class=\"yoast-schema-graph\">{\"@context\":\"https:\\\/\\\/schema.org\",\"@graph\":[{\"@type\":\"Article\",\"@id\":\"https:\\\/\\\/radioljubuski.ba\\\/index.php\\\/2024\\\/04\\\/02\\\/ljubuski-obiljezavanje-32-obljetnice-hvo-a-i-19-obljetnice-1-pjesacke-gardijske-pukovnije-os-bih-u-cetvrtak-4-travnja\\\/#article\",\"isPartOf\":{\"@id\":\"https:\\\/\\\/radioljubuski.ba\\\/index.php\\\/2024\\\/04\\\/02\\\/ljubuski-obiljezavanje-32-obljetnice-hvo-a-i-19-obljetnice-1-pjesacke-gardijske-pukovnije-os-bih-u-cetvrtak-4-travnja\\\/\"},\"author\":{\"name\":\"Radio Ljubu\u0161ki\",\"@id\":\"https:\\\/\\\/radioljubuski.ba\\\/#\\\/schema\\\/person\\\/19fc700381a780f69665d7956c469e3b\"},\"headline\":\"Ljubu\u0161ki: Obilje\u017eavanje 32. obljetnice HVO-a i 19.obljetnice 1. pje\u0161a\u010dke (gardijske) pukovnije OS BiH u \u010detvrtak, 4. travnja\",\"datePublished\":\"2024-04-02T11:33:42+00:00\",\"dateModified\":\"2024-04-02T11:39:17+00:00\",\"mainEntityOfPage\":{\"@id\":\"https:\\\/\\\/radioljubuski.ba\\\/index.php\\\/2024\\\/04\\\/02\\\/ljubuski-obiljezavanje-32-obljetnice-hvo-a-i-19-obljetnice-1-pjesacke-gardijske-pukovnije-os-bih-u-cetvrtak-4-travnja\\\/\"},\"wordCount\":193,\"publisher\":{\"@id\":\"https:\\\/\\\/radioljubuski.ba\\\/#organization\"},\"image\":{\"@id\":\"https:\\\/\\\/radioljubuski.ba\\\/index.php\\\/2024\\\/04\\\/02\\\/ljubuski-obiljezavanje-32-obljetnice-hvo-a-i-19-obljetnice-1-pjesacke-gardijske-pukovnije-os-bih-u-cetvrtak-4-travnja\\\/#primaryimage\"},\"thumbnailUrl\":\"https:\\\/\\\/radioljubuski.ba\\\/wp-content\\\/uploads\\\/2024\\\/04\\\/Radio-Ljubuski-994-FM-1.jpg\",\"articleSection\":[\"Ljubu\u0161ki\",\"Novosti\"],\"inLanguage\":\"hr\"},{\"@type\":\"WebPage\",\"@id\":\"https:\\\/\\\/radioljubuski.ba\\\/index.php\\\/2024\\\/04\\\/02\\\/ljubuski-obiljezavanje-32-obljetnice-hvo-a-i-19-obljetnice-1-pjesacke-gardijske-pukovnije-os-bih-u-cetvrtak-4-travnja\\\/\",\"url\":\"https:\\\/\\\/radioljubuski.ba\\\/index.php\\\/2024\\\/04\\\/02\\\/ljubuski-obiljezavanje-32-obljetnice-hvo-a-i-19-obljetnice-1-pjesacke-gardijske-pukovnije-os-bih-u-cetvrtak-4-travnja\\\/\",\"name\":\"Ljubu\u0161ki: Obilje\u017eavanje 32. obljetnice HVO-a i 19.obljetnice 1. pje\u0161a\u010dke (gardijske) pukovnije OS BiH u \u010detvrtak, 4. travnja - RADIO LJUBU\u0160KI\",\"isPartOf\":{\"@id\":\"https:\\\/\\\/radioljubuski.ba\\\/#website\"},\"primaryImageOfPage\":{\"@id\":\"https:\\\/\\\/radioljubuski.ba\\\/index.php\\\/2024\\\/04\\\/02\\\/ljubuski-obiljezavanje-32-obljetnice-hvo-a-i-19-obljetnice-1-pjesacke-gardijske-pukovnije-os-bih-u-cetvrtak-4-travnja\\\/#primaryimage\"},\"image\":{\"@id\":\"https:\\\/\\\/radioljubuski.ba\\\/index.php\\\/2024\\\/04\\\/02\\\/ljubuski-obiljezavanje-32-obljetnice-hvo-a-i-19-obljetnice-1-pjesacke-gardijske-pukovnije-os-bih-u-cetvrtak-4-travnja\\\/#primaryimage\"},\"thumbnailUrl\":\"https:\\\/\\\/radioljubuski.ba\\\/wp-content\\\/uploads\\\/2024\\\/04\\\/Radio-Ljubuski-994-FM-1.jpg\",\"datePublished\":\"2024-04-02T11:33:42+00:00\",\"dateModified\":\"2024-04-02T11:39:17+00:00\",\"breadcrumb\":{\"@id\":\"https:\\\/\\\/radioljubuski.ba\\\/index.php\\\/2024\\\/04\\\/02\\\/ljubuski-obiljezavanje-32-obljetnice-hvo-a-i-19-obljetnice-1-pjesacke-gardijske-pukovnije-os-bih-u-cetvrtak-4-travnja\\\/#breadcrumb\"},\"inLanguage\":\"hr\",\"potentialAction\":[{\"@type\":\"ReadAction\",\"target\":[\"https:\\\/\\\/radioljubuski.ba\\\/index.php\\\/2024\\\/04\\\/02\\\/ljubuski-obiljezavanje-32-obljetnice-hvo-a-i-19-obljetnice-1-pjesacke-gardijske-pukovnije-os-bih-u-cetvrtak-4-travnja\\\/\"]}]},{\"@type\":\"ImageObject\",\"inLanguage\":\"hr\",\"@id\":\"https:\\\/\\\/radioljubuski.ba\\\/index.php\\\/2024\\\/04\\\/02\\\/ljubuski-obiljezavanje-32-obljetnice-hvo-a-i-19-obljetnice-1-pjesacke-gardijske-pukovnije-os-bih-u-cetvrtak-4-travnja\\\/#primaryimage\",\"url\":\"https:\\\/\\\/radioljubuski.ba\\\/wp-content\\\/uploads\\\/2024\\\/04\\\/Radio-Ljubuski-994-FM-1.jpg\",\"contentUrl\":\"https:\\\/\\\/radioljubuski.ba\\\/wp-content\\\/uploads\\\/2024\\\/04\\\/Radio-Ljubuski-994-FM-1.jpg\",\"width\":1080,\"height\":1080},{\"@type\":\"BreadcrumbList\",\"@id\":\"https:\\\/\\\/radioljubuski.ba\\\/index.php\\\/2024\\\/04\\\/02\\\/ljubuski-obiljezavanje-32-obljetnice-hvo-a-i-19-obljetnice-1-pjesacke-gardijske-pukovnije-os-bih-u-cetvrtak-4-travnja\\\/#breadcrumb\",\"itemListElement\":[{\"@type\":\"ListItem\",\"position\":1,\"name\":\"Po\u010detna stranica\",\"item\":\"https:\\\/\\\/radioljubuski.ba\\\/\"},{\"@type\":\"ListItem\",\"position\":2,\"name\":\"Ljubu\u0161ki: Obilje\u017eavanje 32. obljetnice HVO-a i 19.obljetnice 1. pje\u0161a\u010dke (gardijske) pukovnije OS BiH u \u010detvrtak, 4. travnja\"}]},{\"@type\":\"WebSite\",\"@id\":\"https:\\\/\\\/radioljubuski.ba\\\/#website\",\"url\":\"https:\\\/\\\/radioljubuski.ba\\\/\",\"name\":\"Radio Ljubu\u0161ki\",\"description\":\"Sun\u010dana frekvencija Hercegovine\",\"publisher\":{\"@id\":\"https:\\\/\\\/radioljubuski.ba\\\/#organization\"},\"potentialAction\":[{\"@type\":\"SearchAction\",\"target\":{\"@type\":\"EntryPoint\",\"urlTemplate\":\"https:\\\/\\\/radioljubuski.ba\\\/?s={search_term_string}\"},\"query-input\":{\"@type\":\"PropertyValueSpecification\",\"valueRequired\":true,\"valueName\":\"search_term_string\"}}],\"inLanguage\":\"hr\"},{\"@type\":\"Organization\",\"@id\":\"https:\\\/\\\/radioljubuski.ba\\\/#organization\",\"name\":\"Radio Ljubu\u0161ki\",\"url\":\"https:\\\/\\\/radioljubuski.ba\\\/\",\"logo\":{\"@type\":\"ImageObject\",\"inLanguage\":\"hr\",\"@id\":\"https:\\\/\\\/radioljubuski.ba\\\/#\\\/schema\\\/logo\\\/image\\\/\",\"url\":\"https:\\\/\\\/radioljubuski.ba\\\/wp-content\\\/uploads\\\/2021\\\/02\\\/cropped-Radio_Ljubuski_logo1.jpg\",\"contentUrl\":\"https:\\\/\\\/radioljubuski.ba\\\/wp-content\\\/uploads\\\/2021\\\/02\\\/cropped-Radio_Ljubuski_logo1.jpg\",\"width\":512,\"height\":512,\"caption\":\"Radio Ljubu\u0161ki\"},\"image\":{\"@id\":\"https:\\\/\\\/radioljubuski.ba\\\/#\\\/schema\\\/logo\\\/image\\\/\"},\"sameAs\":[\"https:\\\/\\\/www.facebook.com\\\/Radiio-Ljubuski-1490835324566332\",\"https:\\\/\\\/x.com\\\/radioljubuski\",\"https:\\\/\\\/hr.linkedin.com\\\/company\\\/radio-ljubuski\",\"https:\\\/\\\/www.youtube.com\\\/channel\\\/UCHYaeO_n0Db3tjNGudGpXyw\"]},{\"@type\":\"Person\",\"@id\":\"https:\\\/\\\/radioljubuski.ba\\\/#\\\/schema\\\/person\\\/19fc700381a780f69665d7956c469e3b\",\"name\":\"Radio Ljubu\u0161ki\"}]}<\/script>\n<!-- \/ Yoast SEO plugin. -->","yoast_head_json":{"title":"Ljubu\u0161ki: Obilje\u017eavanje 32. obljetnice HVO-a i 19.obljetnice 1. pje\u0161a\u010dke (gardijske) pukovnije OS BiH u \u010detvrtak, 4. travnja - RADIO LJUBU\u0160KI","robots":{"index":"index","follow":"follow","max-snippet":"max-snippet:-1","max-image-preview":"max-image-preview:large","max-video-preview":"max-video-preview:-1"},"canonical":"https:\/\/radioljubuski.ba\/index.php\/2024\/04\/02\/ljubuski-obiljezavanje-32-obljetnice-hvo-a-i-19-obljetnice-1-pjesacke-gardijske-pukovnije-os-bih-u-cetvrtak-4-travnja\/","og_locale":"hr_HR","og_type":"article","og_title":"Ljubu\u0161ki: Obilje\u017eavanje 32. obljetnice HVO-a i 19.obljetnice 1. pje\u0161a\u010dke (gardijske) pukovnije OS BiH u \u010detvrtak, 4. travnja - RADIO LJUBU\u0160KI","og_description":"U povodu obilje\u017eavanja 19. obljetnice 1. pje\u0161a\u010dke (gardijske) pukovnije Oru\u017eanih snaga (OS) BiH i 32. obljetnice Hrvatskog vije\u0107a obrane (HVO), a u spomen na poginule pripadnike HVO-a, vojna izaslanstva Ministarstva obrane i Oru\u017eanih snaga BiH polo\u017eit \u0107e vijence i zapaliti svije\u0107e i na spomen-obilje\u017ejima u Sarajevu, Vitezu, Tomislavgradu, Ora\u0161ju i Mostaru. Polaganje vijenaca bit \u0107e [&hellip;]","og_url":"https:\/\/radioljubuski.ba\/index.php\/2024\/04\/02\/ljubuski-obiljezavanje-32-obljetnice-hvo-a-i-19-obljetnice-1-pjesacke-gardijske-pukovnije-os-bih-u-cetvrtak-4-travnja\/","og_site_name":"RADIO LJUBU\u0160KI","article_publisher":"https:\/\/www.facebook.com\/Radiio-Ljubuski-1490835324566332","article_published_time":"2024-04-02T11:33:42+00:00","article_modified_time":"2024-04-02T11:39:17+00:00","og_image":[{"width":1080,"height":1080,"url":"https:\/\/radioljubuski.ba\/wp-content\/uploads\/2024\/04\/Radio-Ljubuski-994-FM-1.jpg","type":"image\/jpeg"}],"author":"Radio Ljubu\u0161ki","twitter_card":"summary_large_image","twitter_creator":"@radioljubuski","twitter_site":"@radioljubuski","twitter_misc":{"Napisao\/la":"Radio Ljubu\u0161ki","Procijenjeno vrijeme \u010ditanja":"2 minute"},"schema":{"@context":"https:\/\/schema.org","@graph":[{"@type":"Article","@id":"https:\/\/radioljubuski.ba\/index.php\/2024\/04\/02\/ljubuski-obiljezavanje-32-obljetnice-hvo-a-i-19-obljetnice-1-pjesacke-gardijske-pukovnije-os-bih-u-cetvrtak-4-travnja\/#article","isPartOf":{"@id":"https:\/\/radioljubuski.ba\/index.php\/2024\/04\/02\/ljubuski-obiljezavanje-32-obljetnice-hvo-a-i-19-obljetnice-1-pjesacke-gardijske-pukovnije-os-bih-u-cetvrtak-4-travnja\/"},"author":{"name":"Radio Ljubu\u0161ki","@id":"https:\/\/radioljubuski.ba\/#\/schema\/person\/19fc700381a780f69665d7956c469e3b"},"headline":"Ljubu\u0161ki: Obilje\u017eavanje 32. obljetnice HVO-a i 19.obljetnice 1. pje\u0161a\u010dke (gardijske) pukovnije OS BiH u \u010detvrtak, 4. travnja","datePublished":"2024-04-02T11:33:42+00:00","dateModified":"2024-04-02T11:39:17+00:00","mainEntityOfPage":{"@id":"https:\/\/radioljubuski.ba\/index.php\/2024\/04\/02\/ljubuski-obiljezavanje-32-obljetnice-hvo-a-i-19-obljetnice-1-pjesacke-gardijske-pukovnije-os-bih-u-cetvrtak-4-travnja\/"},"wordCount":193,"publisher":{"@id":"https:\/\/radioljubuski.ba\/#organization"},"image":{"@id":"https:\/\/radioljubuski.ba\/index.php\/2024\/04\/02\/ljubuski-obiljezavanje-32-obljetnice-hvo-a-i-19-obljetnice-1-pjesacke-gardijske-pukovnije-os-bih-u-cetvrtak-4-travnja\/#primaryimage"},"thumbnailUrl":"https:\/\/radioljubuski.ba\/wp-content\/uploads\/2024\/04\/Radio-Ljubuski-994-FM-1.jpg","articleSection":["Ljubu\u0161ki","Novosti"],"inLanguage":"hr"},{"@type":"WebPage","@id":"https:\/\/radioljubuski.ba\/index.php\/2024\/04\/02\/ljubuski-obiljezavanje-32-obljetnice-hvo-a-i-19-obljetnice-1-pjesacke-gardijske-pukovnije-os-bih-u-cetvrtak-4-travnja\/","url":"https:\/\/radioljubuski.ba\/index.php\/2024\/04\/02\/ljubuski-obiljezavanje-32-obljetnice-hvo-a-i-19-obljetnice-1-pjesacke-gardijske-pukovnije-os-bih-u-cetvrtak-4-travnja\/","name":"Ljubu\u0161ki: Obilje\u017eavanje 32. obljetnice HVO-a i 19.obljetnice 1. pje\u0161a\u010dke (gardijske) pukovnije OS BiH u \u010detvrtak, 4. travnja - RADIO LJUBU\u0160KI","isPartOf":{"@id":"https:\/\/radioljubuski.ba\/#website"},"primaryImageOfPage":{"@id":"https:\/\/radioljubuski.ba\/index.php\/2024\/04\/02\/ljubuski-obiljezavanje-32-obljetnice-hvo-a-i-19-obljetnice-1-pjesacke-gardijske-pukovnije-os-bih-u-cetvrtak-4-travnja\/#primaryimage"},"image":{"@id":"https:\/\/radioljubuski.ba\/index.php\/2024\/04\/02\/ljubuski-obiljezavanje-32-obljetnice-hvo-a-i-19-obljetnice-1-pjesacke-gardijske-pukovnije-os-bih-u-cetvrtak-4-travnja\/#primaryimage"},"thumbnailUrl":"https:\/\/radioljubuski.ba\/wp-content\/uploads\/2024\/04\/Radio-Ljubuski-994-FM-1.jpg","datePublished":"2024-04-02T11:33:42+00:00","dateModified":"2024-04-02T11:39:17+00:00","breadcrumb":{"@id":"https:\/\/radioljubuski.ba\/index.php\/2024\/04\/02\/ljubuski-obiljezavanje-32-obljetnice-hvo-a-i-19-obljetnice-1-pjesacke-gardijske-pukovnije-os-bih-u-cetvrtak-4-travnja\/#breadcrumb"},"inLanguage":"hr","potentialAction":[{"@type":"ReadAction","target":["https:\/\/radioljubuski.ba\/index.php\/2024\/04\/02\/ljubuski-obiljezavanje-32-obljetnice-hvo-a-i-19-obljetnice-1-pjesacke-gardijske-pukovnije-os-bih-u-cetvrtak-4-travnja\/"]}]},{"@type":"ImageObject","inLanguage":"hr","@id":"https:\/\/radioljubuski.ba\/index.php\/2024\/04\/02\/ljubuski-obiljezavanje-32-obljetnice-hvo-a-i-19-obljetnice-1-pjesacke-gardijske-pukovnije-os-bih-u-cetvrtak-4-travnja\/#primaryimage","url":"https:\/\/radioljubuski.ba\/wp-content\/uploads\/2024\/04\/Radio-Ljubuski-994-FM-1.jpg","contentUrl":"https:\/\/radioljubuski.ba\/wp-content\/uploads\/2024\/04\/Radio-Ljubuski-994-FM-1.jpg","width":1080,"height":1080},{"@type":"BreadcrumbList","@id":"https:\/\/radioljubuski.ba\/index.php\/2024\/04\/02\/ljubuski-obiljezavanje-32-obljetnice-hvo-a-i-19-obljetnice-1-pjesacke-gardijske-pukovnije-os-bih-u-cetvrtak-4-travnja\/#breadcrumb","itemListElement":[{"@type":"ListItem","position":1,"name":"Po\u010detna stranica","item":"https:\/\/radioljubuski.ba\/"},{"@type":"ListItem","position":2,"name":"Ljubu\u0161ki: Obilje\u017eavanje 32. obljetnice HVO-a i 19.obljetnice 1. pje\u0161a\u010dke (gardijske) pukovnije OS BiH u \u010detvrtak, 4. travnja"}]},{"@type":"WebSite","@id":"https:\/\/radioljubuski.ba\/#website","url":"https:\/\/radioljubuski.ba\/","name":"Radio Ljubu\u0161ki","description":"Sun\u010dana frekvencija Hercegovine","publisher":{"@id":"https:\/\/radioljubuski.ba\/#organization"},"potentialAction":[{"@type":"SearchAction","target":{"@type":"EntryPoint","urlTemplate":"https:\/\/radioljubuski.ba\/?s={search_term_string}"},"query-input":{"@type":"PropertyValueSpecification","valueRequired":true,"valueName":"search_term_string"}}],"inLanguage":"hr"},{"@type":"Organization","@id":"https:\/\/radioljubuski.ba\/#organization","name":"Radio Ljubu\u0161ki","url":"https:\/\/radioljubuski.ba\/","logo":{"@type":"ImageObject","inLanguage":"hr","@id":"https:\/\/radioljubuski.ba\/#\/schema\/logo\/image\/","url":"https:\/\/radioljubuski.ba\/wp-content\/uploads\/2021\/02\/cropped-Radio_Ljubuski_logo1.jpg","contentUrl":"https:\/\/radioljubuski.ba\/wp-content\/uploads\/2021\/02\/cropped-Radio_Ljubuski_logo1.jpg","width":512,"height":512,"caption":"Radio Ljubu\u0161ki"},"image":{"@id":"https:\/\/radioljubuski.ba\/#\/schema\/logo\/image\/"},"sameAs":["https:\/\/www.facebook.com\/Radiio-Ljubuski-1490835324566332","https:\/\/x.com\/radioljubuski","https:\/\/hr.linkedin.com\/company\/radio-ljubuski","https:\/\/www.youtube.com\/channel\/UCHYaeO_n0Db3tjNGudGpXyw"]},{"@type":"Person","@id":"https:\/\/radioljubuski.ba\/#\/schema\/person\/19fc700381a780f69665d7956c469e3b","name":"Radio Ljubu\u0161ki"}]}},"_links":{"self":[{"href":"https:\/\/radioljubuski.ba\/index.php\/wp-json\/wp\/v2\/posts\/201531","targetHints":{"allow":["GET"]}}],"collection":[{"href":"https:\/\/radioljubuski.ba\/index.php\/wp-json\/wp\/v2\/posts"}],"about":[{"href":"https:\/\/radioljubuski.ba\/index.php\/wp-json\/wp\/v2\/types\/post"}],"author":[{"embeddable":true,"href":"https:\/\/radioljubuski.ba\/index.php\/wp-json\/wp\/v2\/users\/2"}],"replies":[{"embeddable":true,"href":"https:\/\/radioljubuski.ba\/index.php\/wp-json\/wp\/v2\/comments?post=201531"}],"version-history":[{"count":3,"href":"https:\/\/radioljubuski.ba\/index.php\/wp-json\/wp\/v2\/posts\/201531\/revisions"}],"predecessor-version":[{"id":201544,"href":"https:\/\/radioljubuski.ba\/index.php\/wp-json\/wp\/v2\/posts\/201531\/revisions\/201544"}],"wp:featuredmedia":[{"embeddable":true,"href":"https:\/\/radioljubuski.ba\/index.php\/wp-json\/wp\/v2\/media\/201534"}],"wp:attachment":[{"href":"https:\/\/radioljubuski.ba\/index.php\/wp-json\/wp\/v2\/media?parent=201531"}],"wp:term":[{"taxonomy":"category","embeddable":true,"href":"https:\/\/radioljubuski.ba\/index.php\/wp-json\/wp\/v2\/categories?post=201531"},{"taxonomy":"post_tag","embeddable":true,"href":"https:\/\/radioljubuski.ba\/index.php\/wp-json\/wp\/v2\/tags?post=201531"}],"curies":[{"name":"wp","href":"https:\/\/api.w.org\/{rel}","templated":true}]}}