{"id":204467,"date":"2024-05-16T07:20:07","date_gmt":"2024-05-16T06:20:07","guid":{"rendered":"https:\/\/radioljubuski.ba\/?p=204467"},"modified":"2024-05-17T08:41:00","modified_gmt":"2024-05-17T07:41:00","slug":"kulturni-vodic-izlozba-slika-u-petak","status":"publish","type":"post","link":"https:\/\/radioljubuski.ba\/index.php\/2024\/05\/16\/kulturni-vodic-izlozba-slika-u-petak\/","title":{"rendered":"Kulturni vodi\u010d: Ve\u010deras izlo\u017eba slika u Gradskoj galeriji"},"content":{"rendered":"\n<p>Hrvatsko kulturno dru\u0161tvo Napredak Podru\u017enica Ljubu\u0161ki i\u00a0Gradska galerija Ljubu\u0161ki &#8211; JU \u201eKulturno-\u0161portski centar\u201c Ljubu\u0161ki\u00a0organizira izlo\u017ebu slika Sa\u0161e Ze\u010devi\u0107a naziva \u201ePlavi jaha\u010d\u201c \u010dije \u0107e se otvorenje odr\u017eati u petak 17. svibnja u 20 sati.<\/p>\n\n\n\n<p>Magistra sakralnog slikarstva Kristina \u0106avar o izlo\u017ebi ka\u017ee: U slikarstvu Sa\u0161e Ze\u010devi\u0107a se nalazi traganje za odgovaraju\u0107im tonom koji \u0107e o\u017eivjeti prikazanu sakralnu scenografiju. Plavi jaha\u010d ili neka druga srodna tema sukobljavaju su u asketskom duhu. Prikazuju su\u0161tu borbu izme\u0111u dobra i zla. U vrtlogu boja umjetnik tra\u017ei odgovaraju\u0107i zvuk, koji \u0107e titrajem \u201e\u017eicnuti\u201c oko i probuditi uspavalost promatra\u010da.<\/p>\n\n\n\n<p>Sa\u0161a Ze\u010devi\u0107 ro\u0111en je 1976. godine. Akademiju likovnih umjetnosti zavr\u0161io je 2002. godine na \u0160irokom Brijegu u klasi prof. Ante Kajini\u0107a. Dugogodi\u0161nji je profesor\/nastavnik likovne kulture u osnovnim \u0161kolama u Ozimici, Novom \u0160eheru i \u017dep\u010du. Vi\u0161e puta je izlagao na skupnim izlo\u017ebama u zemlji i inozemstvu. Do sada je imao \u0161est samostalnih izlo\u017ebi. \u017divi i radi na Perkovi\u0107u.<\/p>\n\n\n\n<figure class=\"wp-block-gallery has-nested-images columns-default is-cropped wp-block-gallery-1 is-layout-flex wp-block-gallery-is-layout-flex\">\n<figure class=\"wp-block-image size-large\"><img loading=\"lazy\" decoding=\"async\" width=\"1024\" height=\"1018\" data-id=\"204468\" src=\"https:\/\/radioljubuski.ba\/wp-content\/uploads\/2024\/05\/Sasa-Zecevic-1024x1018.jpg\" alt=\"\" class=\"wp-image-204468\" srcset=\"https:\/\/radioljubuski.ba\/wp-content\/uploads\/2024\/05\/Sasa-Zecevic-1024x1018.jpg 1024w, https:\/\/radioljubuski.ba\/wp-content\/uploads\/2024\/05\/Sasa-Zecevic-300x298.jpg 300w, https:\/\/radioljubuski.ba\/wp-content\/uploads\/2024\/05\/Sasa-Zecevic-150x150.jpg 150w, https:\/\/radioljubuski.ba\/wp-content\/uploads\/2024\/05\/Sasa-Zecevic-768x764.jpg 768w, https:\/\/radioljubuski.ba\/wp-content\/uploads\/2024\/05\/Sasa-Zecevic-12x12.jpg 12w, https:\/\/radioljubuski.ba\/wp-content\/uploads\/2024\/05\/Sasa-Zecevic.jpg 1080w\" sizes=\"auto, (max-width: 1024px) 100vw, 1024px\" \/><\/figure>\n<\/figure>\n","protected":false},"excerpt":{"rendered":"<p>Hrvatsko kulturno dru\u0161tvo Napredak Podru\u017enica Ljubu\u0161ki i\u00a0Gradska galerija Ljubu\u0161ki &#8211; JU \u201eKulturno-\u0161portski centar\u201c Ljubu\u0161ki\u00a0organizira izlo\u017ebu slika Sa\u0161e Ze\u010devi\u0107a naziva \u201ePlavi jaha\u010d\u201c \u010dije \u0107e se otvorenje odr\u017eati u petak 17. svibnja u 20 sati. Magistra sakralnog slikarstva Kristina \u0106avar o izlo\u017ebi ka\u017ee: U slikarstvu Sa\u0161e Ze\u010devi\u0107a se nalazi traganje za odgovaraju\u0107im tonom koji \u0107e o\u017eivjeti prikazanu [&hellip;]<\/p>\n","protected":false},"author":2,"featured_media":199710,"comment_status":"closed","ping_status":"closed","sticky":false,"template":"","format":"standard","meta":{"h5ap_radio_sources":[],"footnotes":""},"categories":[3],"tags":[],"class_list":["post-204467","post","type-post","status-publish","format-standard","has-post-thumbnail","hentry","category-ljubuski"],"yoast_head":"<!-- This site is optimized with the Yoast SEO plugin v27.4 - https:\/\/yoast.com\/product\/yoast-seo-wordpress\/ -->\n<title>Kulturni vodi\u010d: Ve\u010deras izlo\u017eba slika u Gradskoj galeriji - RADIO LJUBU\u0160KI<\/title>\n<meta name=\"robots\" content=\"index, follow, max-snippet:-1, max-image-preview:large, max-video-preview:-1\" \/>\n<link rel=\"canonical\" href=\"https:\/\/radioljubuski.ba\/index.php\/2024\/05\/16\/kulturni-vodic-izlozba-slika-u-petak\/\" \/>\n<meta property=\"og:locale\" content=\"hr_HR\" \/>\n<meta property=\"og:type\" content=\"article\" \/>\n<meta property=\"og:title\" content=\"Kulturni vodi\u010d: Ve\u010deras izlo\u017eba slika u Gradskoj galeriji - RADIO LJUBU\u0160KI\" \/>\n<meta property=\"og:description\" content=\"Hrvatsko kulturno dru\u0161tvo Napredak Podru\u017enica Ljubu\u0161ki i\u00a0Gradska galerija Ljubu\u0161ki &#8211; JU \u201eKulturno-\u0161portski centar\u201c Ljubu\u0161ki\u00a0organizira izlo\u017ebu slika Sa\u0161e Ze\u010devi\u0107a naziva \u201ePlavi jaha\u010d\u201c \u010dije \u0107e se otvorenje odr\u017eati u petak 17. svibnja u 20 sati. Magistra sakralnog slikarstva Kristina \u0106avar o izlo\u017ebi ka\u017ee: U slikarstvu Sa\u0161e Ze\u010devi\u0107a se nalazi traganje za odgovaraju\u0107im tonom koji \u0107e o\u017eivjeti prikazanu [&hellip;]\" \/>\n<meta property=\"og:url\" content=\"https:\/\/radioljubuski.ba\/index.php\/2024\/05\/16\/kulturni-vodic-izlozba-slika-u-petak\/\" \/>\n<meta property=\"og:site_name\" content=\"RADIO LJUBU\u0160KI\" \/>\n<meta property=\"article:publisher\" content=\"https:\/\/www.facebook.com\/Radiio-Ljubuski-1490835324566332\" \/>\n<meta property=\"article:published_time\" content=\"2024-05-16T06:20:07+00:00\" \/>\n<meta property=\"article:modified_time\" content=\"2024-05-17T07:41:00+00:00\" \/>\n<meta property=\"og:image\" content=\"https:\/\/radioljubuski.ba\/wp-content\/uploads\/2024\/02\/kulturni-vodic-3-Instagram-Post.jpg\" \/>\n\t<meta property=\"og:image:width\" content=\"1080\" \/>\n\t<meta property=\"og:image:height\" content=\"1080\" \/>\n\t<meta property=\"og:image:type\" content=\"image\/jpeg\" \/>\n<meta name=\"author\" content=\"Radio Ljubu\u0161ki\" \/>\n<meta name=\"twitter:card\" content=\"summary_large_image\" \/>\n<meta name=\"twitter:creator\" content=\"@radioljubuski\" \/>\n<meta name=\"twitter:site\" content=\"@radioljubuski\" \/>\n<meta name=\"twitter:label1\" content=\"Napisao\/la\" \/>\n\t<meta name=\"twitter:data1\" content=\"Radio Ljubu\u0161ki\" \/>\n\t<meta name=\"twitter:label2\" content=\"Procijenjeno vrijeme \u010ditanja\" \/>\n\t<meta name=\"twitter:data2\" content=\"2 minute\" \/>\n<script type=\"application\/ld+json\" class=\"yoast-schema-graph\">{\"@context\":\"https:\\\/\\\/schema.org\",\"@graph\":[{\"@type\":\"Article\",\"@id\":\"https:\\\/\\\/radioljubuski.ba\\\/index.php\\\/2024\\\/05\\\/16\\\/kulturni-vodic-izlozba-slika-u-petak\\\/#article\",\"isPartOf\":{\"@id\":\"https:\\\/\\\/radioljubuski.ba\\\/index.php\\\/2024\\\/05\\\/16\\\/kulturni-vodic-izlozba-slika-u-petak\\\/\"},\"author\":{\"name\":\"Radio Ljubu\u0161ki\",\"@id\":\"https:\\\/\\\/radioljubuski.ba\\\/#\\\/schema\\\/person\\\/19fc700381a780f69665d7956c469e3b\"},\"headline\":\"Kulturni vodi\u010d: Ve\u010deras izlo\u017eba slika u Gradskoj galeriji\",\"datePublished\":\"2024-05-16T06:20:07+00:00\",\"dateModified\":\"2024-05-17T07:41:00+00:00\",\"mainEntityOfPage\":{\"@id\":\"https:\\\/\\\/radioljubuski.ba\\\/index.php\\\/2024\\\/05\\\/16\\\/kulturni-vodic-izlozba-slika-u-petak\\\/\"},\"wordCount\":193,\"publisher\":{\"@id\":\"https:\\\/\\\/radioljubuski.ba\\\/#organization\"},\"image\":{\"@id\":\"https:\\\/\\\/radioljubuski.ba\\\/index.php\\\/2024\\\/05\\\/16\\\/kulturni-vodic-izlozba-slika-u-petak\\\/#primaryimage\"},\"thumbnailUrl\":\"https:\\\/\\\/radioljubuski.ba\\\/wp-content\\\/uploads\\\/2024\\\/02\\\/kulturni-vodic-3-Instagram-Post.jpg\",\"articleSection\":[\"Ljubu\u0161ki\"],\"inLanguage\":\"hr\"},{\"@type\":\"WebPage\",\"@id\":\"https:\\\/\\\/radioljubuski.ba\\\/index.php\\\/2024\\\/05\\\/16\\\/kulturni-vodic-izlozba-slika-u-petak\\\/\",\"url\":\"https:\\\/\\\/radioljubuski.ba\\\/index.php\\\/2024\\\/05\\\/16\\\/kulturni-vodic-izlozba-slika-u-petak\\\/\",\"name\":\"Kulturni vodi\u010d: Ve\u010deras izlo\u017eba slika u Gradskoj galeriji - RADIO LJUBU\u0160KI\",\"isPartOf\":{\"@id\":\"https:\\\/\\\/radioljubuski.ba\\\/#website\"},\"primaryImageOfPage\":{\"@id\":\"https:\\\/\\\/radioljubuski.ba\\\/index.php\\\/2024\\\/05\\\/16\\\/kulturni-vodic-izlozba-slika-u-petak\\\/#primaryimage\"},\"image\":{\"@id\":\"https:\\\/\\\/radioljubuski.ba\\\/index.php\\\/2024\\\/05\\\/16\\\/kulturni-vodic-izlozba-slika-u-petak\\\/#primaryimage\"},\"thumbnailUrl\":\"https:\\\/\\\/radioljubuski.ba\\\/wp-content\\\/uploads\\\/2024\\\/02\\\/kulturni-vodic-3-Instagram-Post.jpg\",\"datePublished\":\"2024-05-16T06:20:07+00:00\",\"dateModified\":\"2024-05-17T07:41:00+00:00\",\"breadcrumb\":{\"@id\":\"https:\\\/\\\/radioljubuski.ba\\\/index.php\\\/2024\\\/05\\\/16\\\/kulturni-vodic-izlozba-slika-u-petak\\\/#breadcrumb\"},\"inLanguage\":\"hr\",\"potentialAction\":[{\"@type\":\"ReadAction\",\"target\":[\"https:\\\/\\\/radioljubuski.ba\\\/index.php\\\/2024\\\/05\\\/16\\\/kulturni-vodic-izlozba-slika-u-petak\\\/\"]}]},{\"@type\":\"ImageObject\",\"inLanguage\":\"hr\",\"@id\":\"https:\\\/\\\/radioljubuski.ba\\\/index.php\\\/2024\\\/05\\\/16\\\/kulturni-vodic-izlozba-slika-u-petak\\\/#primaryimage\",\"url\":\"https:\\\/\\\/radioljubuski.ba\\\/wp-content\\\/uploads\\\/2024\\\/02\\\/kulturni-vodic-3-Instagram-Post.jpg\",\"contentUrl\":\"https:\\\/\\\/radioljubuski.ba\\\/wp-content\\\/uploads\\\/2024\\\/02\\\/kulturni-vodic-3-Instagram-Post.jpg\",\"width\":1080,\"height\":1080},{\"@type\":\"BreadcrumbList\",\"@id\":\"https:\\\/\\\/radioljubuski.ba\\\/index.php\\\/2024\\\/05\\\/16\\\/kulturni-vodic-izlozba-slika-u-petak\\\/#breadcrumb\",\"itemListElement\":[{\"@type\":\"ListItem\",\"position\":1,\"name\":\"Po\u010detna stranica\",\"item\":\"https:\\\/\\\/radioljubuski.ba\\\/\"},{\"@type\":\"ListItem\",\"position\":2,\"name\":\"Kulturni vodi\u010d: Ve\u010deras izlo\u017eba slika u Gradskoj galeriji\"}]},{\"@type\":\"WebSite\",\"@id\":\"https:\\\/\\\/radioljubuski.ba\\\/#website\",\"url\":\"https:\\\/\\\/radioljubuski.ba\\\/\",\"name\":\"Radio Ljubu\u0161ki\",\"description\":\"Sun\u010dana frekvencija Hercegovine\",\"publisher\":{\"@id\":\"https:\\\/\\\/radioljubuski.ba\\\/#organization\"},\"potentialAction\":[{\"@type\":\"SearchAction\",\"target\":{\"@type\":\"EntryPoint\",\"urlTemplate\":\"https:\\\/\\\/radioljubuski.ba\\\/?s={search_term_string}\"},\"query-input\":{\"@type\":\"PropertyValueSpecification\",\"valueRequired\":true,\"valueName\":\"search_term_string\"}}],\"inLanguage\":\"hr\"},{\"@type\":\"Organization\",\"@id\":\"https:\\\/\\\/radioljubuski.ba\\\/#organization\",\"name\":\"Radio Ljubu\u0161ki\",\"url\":\"https:\\\/\\\/radioljubuski.ba\\\/\",\"logo\":{\"@type\":\"ImageObject\",\"inLanguage\":\"hr\",\"@id\":\"https:\\\/\\\/radioljubuski.ba\\\/#\\\/schema\\\/logo\\\/image\\\/\",\"url\":\"https:\\\/\\\/radioljubuski.ba\\\/wp-content\\\/uploads\\\/2021\\\/02\\\/cropped-Radio_Ljubuski_logo1.jpg\",\"contentUrl\":\"https:\\\/\\\/radioljubuski.ba\\\/wp-content\\\/uploads\\\/2021\\\/02\\\/cropped-Radio_Ljubuski_logo1.jpg\",\"width\":512,\"height\":512,\"caption\":\"Radio Ljubu\u0161ki\"},\"image\":{\"@id\":\"https:\\\/\\\/radioljubuski.ba\\\/#\\\/schema\\\/logo\\\/image\\\/\"},\"sameAs\":[\"https:\\\/\\\/www.facebook.com\\\/Radiio-Ljubuski-1490835324566332\",\"https:\\\/\\\/x.com\\\/radioljubuski\",\"https:\\\/\\\/hr.linkedin.com\\\/company\\\/radio-ljubuski\",\"https:\\\/\\\/www.youtube.com\\\/channel\\\/UCHYaeO_n0Db3tjNGudGpXyw\"]},{\"@type\":\"Person\",\"@id\":\"https:\\\/\\\/radioljubuski.ba\\\/#\\\/schema\\\/person\\\/19fc700381a780f69665d7956c469e3b\",\"name\":\"Radio Ljubu\u0161ki\"}]}<\/script>\n<!-- \/ Yoast SEO plugin. -->","yoast_head_json":{"title":"Kulturni vodi\u010d: Ve\u010deras izlo\u017eba slika u Gradskoj galeriji - RADIO LJUBU\u0160KI","robots":{"index":"index","follow":"follow","max-snippet":"max-snippet:-1","max-image-preview":"max-image-preview:large","max-video-preview":"max-video-preview:-1"},"canonical":"https:\/\/radioljubuski.ba\/index.php\/2024\/05\/16\/kulturni-vodic-izlozba-slika-u-petak\/","og_locale":"hr_HR","og_type":"article","og_title":"Kulturni vodi\u010d: Ve\u010deras izlo\u017eba slika u Gradskoj galeriji - RADIO LJUBU\u0160KI","og_description":"Hrvatsko kulturno dru\u0161tvo Napredak Podru\u017enica Ljubu\u0161ki i\u00a0Gradska galerija Ljubu\u0161ki &#8211; JU \u201eKulturno-\u0161portski centar\u201c Ljubu\u0161ki\u00a0organizira izlo\u017ebu slika Sa\u0161e Ze\u010devi\u0107a naziva \u201ePlavi jaha\u010d\u201c \u010dije \u0107e se otvorenje odr\u017eati u petak 17. svibnja u 20 sati. Magistra sakralnog slikarstva Kristina \u0106avar o izlo\u017ebi ka\u017ee: U slikarstvu Sa\u0161e Ze\u010devi\u0107a se nalazi traganje za odgovaraju\u0107im tonom koji \u0107e o\u017eivjeti prikazanu [&hellip;]","og_url":"https:\/\/radioljubuski.ba\/index.php\/2024\/05\/16\/kulturni-vodic-izlozba-slika-u-petak\/","og_site_name":"RADIO LJUBU\u0160KI","article_publisher":"https:\/\/www.facebook.com\/Radiio-Ljubuski-1490835324566332","article_published_time":"2024-05-16T06:20:07+00:00","article_modified_time":"2024-05-17T07:41:00+00:00","og_image":[{"width":1080,"height":1080,"url":"https:\/\/radioljubuski.ba\/wp-content\/uploads\/2024\/02\/kulturni-vodic-3-Instagram-Post.jpg","type":"image\/jpeg"}],"author":"Radio Ljubu\u0161ki","twitter_card":"summary_large_image","twitter_creator":"@radioljubuski","twitter_site":"@radioljubuski","twitter_misc":{"Napisao\/la":"Radio Ljubu\u0161ki","Procijenjeno vrijeme \u010ditanja":"2 minute"},"schema":{"@context":"https:\/\/schema.org","@graph":[{"@type":"Article","@id":"https:\/\/radioljubuski.ba\/index.php\/2024\/05\/16\/kulturni-vodic-izlozba-slika-u-petak\/#article","isPartOf":{"@id":"https:\/\/radioljubuski.ba\/index.php\/2024\/05\/16\/kulturni-vodic-izlozba-slika-u-petak\/"},"author":{"name":"Radio Ljubu\u0161ki","@id":"https:\/\/radioljubuski.ba\/#\/schema\/person\/19fc700381a780f69665d7956c469e3b"},"headline":"Kulturni vodi\u010d: Ve\u010deras izlo\u017eba slika u Gradskoj galeriji","datePublished":"2024-05-16T06:20:07+00:00","dateModified":"2024-05-17T07:41:00+00:00","mainEntityOfPage":{"@id":"https:\/\/radioljubuski.ba\/index.php\/2024\/05\/16\/kulturni-vodic-izlozba-slika-u-petak\/"},"wordCount":193,"publisher":{"@id":"https:\/\/radioljubuski.ba\/#organization"},"image":{"@id":"https:\/\/radioljubuski.ba\/index.php\/2024\/05\/16\/kulturni-vodic-izlozba-slika-u-petak\/#primaryimage"},"thumbnailUrl":"https:\/\/radioljubuski.ba\/wp-content\/uploads\/2024\/02\/kulturni-vodic-3-Instagram-Post.jpg","articleSection":["Ljubu\u0161ki"],"inLanguage":"hr"},{"@type":"WebPage","@id":"https:\/\/radioljubuski.ba\/index.php\/2024\/05\/16\/kulturni-vodic-izlozba-slika-u-petak\/","url":"https:\/\/radioljubuski.ba\/index.php\/2024\/05\/16\/kulturni-vodic-izlozba-slika-u-petak\/","name":"Kulturni vodi\u010d: Ve\u010deras izlo\u017eba slika u Gradskoj galeriji - RADIO LJUBU\u0160KI","isPartOf":{"@id":"https:\/\/radioljubuski.ba\/#website"},"primaryImageOfPage":{"@id":"https:\/\/radioljubuski.ba\/index.php\/2024\/05\/16\/kulturni-vodic-izlozba-slika-u-petak\/#primaryimage"},"image":{"@id":"https:\/\/radioljubuski.ba\/index.php\/2024\/05\/16\/kulturni-vodic-izlozba-slika-u-petak\/#primaryimage"},"thumbnailUrl":"https:\/\/radioljubuski.ba\/wp-content\/uploads\/2024\/02\/kulturni-vodic-3-Instagram-Post.jpg","datePublished":"2024-05-16T06:20:07+00:00","dateModified":"2024-05-17T07:41:00+00:00","breadcrumb":{"@id":"https:\/\/radioljubuski.ba\/index.php\/2024\/05\/16\/kulturni-vodic-izlozba-slika-u-petak\/#breadcrumb"},"inLanguage":"hr","potentialAction":[{"@type":"ReadAction","target":["https:\/\/radioljubuski.ba\/index.php\/2024\/05\/16\/kulturni-vodic-izlozba-slika-u-petak\/"]}]},{"@type":"ImageObject","inLanguage":"hr","@id":"https:\/\/radioljubuski.ba\/index.php\/2024\/05\/16\/kulturni-vodic-izlozba-slika-u-petak\/#primaryimage","url":"https:\/\/radioljubuski.ba\/wp-content\/uploads\/2024\/02\/kulturni-vodic-3-Instagram-Post.jpg","contentUrl":"https:\/\/radioljubuski.ba\/wp-content\/uploads\/2024\/02\/kulturni-vodic-3-Instagram-Post.jpg","width":1080,"height":1080},{"@type":"BreadcrumbList","@id":"https:\/\/radioljubuski.ba\/index.php\/2024\/05\/16\/kulturni-vodic-izlozba-slika-u-petak\/#breadcrumb","itemListElement":[{"@type":"ListItem","position":1,"name":"Po\u010detna stranica","item":"https:\/\/radioljubuski.ba\/"},{"@type":"ListItem","position":2,"name":"Kulturni vodi\u010d: Ve\u010deras izlo\u017eba slika u Gradskoj galeriji"}]},{"@type":"WebSite","@id":"https:\/\/radioljubuski.ba\/#website","url":"https:\/\/radioljubuski.ba\/","name":"Radio Ljubu\u0161ki","description":"Sun\u010dana frekvencija Hercegovine","publisher":{"@id":"https:\/\/radioljubuski.ba\/#organization"},"potentialAction":[{"@type":"SearchAction","target":{"@type":"EntryPoint","urlTemplate":"https:\/\/radioljubuski.ba\/?s={search_term_string}"},"query-input":{"@type":"PropertyValueSpecification","valueRequired":true,"valueName":"search_term_string"}}],"inLanguage":"hr"},{"@type":"Organization","@id":"https:\/\/radioljubuski.ba\/#organization","name":"Radio Ljubu\u0161ki","url":"https:\/\/radioljubuski.ba\/","logo":{"@type":"ImageObject","inLanguage":"hr","@id":"https:\/\/radioljubuski.ba\/#\/schema\/logo\/image\/","url":"https:\/\/radioljubuski.ba\/wp-content\/uploads\/2021\/02\/cropped-Radio_Ljubuski_logo1.jpg","contentUrl":"https:\/\/radioljubuski.ba\/wp-content\/uploads\/2021\/02\/cropped-Radio_Ljubuski_logo1.jpg","width":512,"height":512,"caption":"Radio Ljubu\u0161ki"},"image":{"@id":"https:\/\/radioljubuski.ba\/#\/schema\/logo\/image\/"},"sameAs":["https:\/\/www.facebook.com\/Radiio-Ljubuski-1490835324566332","https:\/\/x.com\/radioljubuski","https:\/\/hr.linkedin.com\/company\/radio-ljubuski","https:\/\/www.youtube.com\/channel\/UCHYaeO_n0Db3tjNGudGpXyw"]},{"@type":"Person","@id":"https:\/\/radioljubuski.ba\/#\/schema\/person\/19fc700381a780f69665d7956c469e3b","name":"Radio Ljubu\u0161ki"}]}},"_links":{"self":[{"href":"https:\/\/radioljubuski.ba\/index.php\/wp-json\/wp\/v2\/posts\/204467","targetHints":{"allow":["GET"]}}],"collection":[{"href":"https:\/\/radioljubuski.ba\/index.php\/wp-json\/wp\/v2\/posts"}],"about":[{"href":"https:\/\/radioljubuski.ba\/index.php\/wp-json\/wp\/v2\/types\/post"}],"author":[{"embeddable":true,"href":"https:\/\/radioljubuski.ba\/index.php\/wp-json\/wp\/v2\/users\/2"}],"replies":[{"embeddable":true,"href":"https:\/\/radioljubuski.ba\/index.php\/wp-json\/wp\/v2\/comments?post=204467"}],"version-history":[{"count":2,"href":"https:\/\/radioljubuski.ba\/index.php\/wp-json\/wp\/v2\/posts\/204467\/revisions"}],"predecessor-version":[{"id":204493,"href":"https:\/\/radioljubuski.ba\/index.php\/wp-json\/wp\/v2\/posts\/204467\/revisions\/204493"}],"wp:featuredmedia":[{"embeddable":true,"href":"https:\/\/radioljubuski.ba\/index.php\/wp-json\/wp\/v2\/media\/199710"}],"wp:attachment":[{"href":"https:\/\/radioljubuski.ba\/index.php\/wp-json\/wp\/v2\/media?parent=204467"}],"wp:term":[{"taxonomy":"category","embeddable":true,"href":"https:\/\/radioljubuski.ba\/index.php\/wp-json\/wp\/v2\/categories?post=204467"},{"taxonomy":"post_tag","embeddable":true,"href":"https:\/\/radioljubuski.ba\/index.php\/wp-json\/wp\/v2\/tags?post=204467"}],"curies":[{"name":"wp","href":"https:\/\/api.w.org\/{rel}","templated":true}]}}