{"id":205134,"date":"2024-05-25T16:16:28","date_gmt":"2024-05-25T15:16:28","guid":{"rendered":"https:\/\/radioljubuski.ba\/?p=205134"},"modified":"2024-05-25T16:25:57","modified_gmt":"2024-05-25T15:25:57","slug":"ljof-2024izlet-na-vrlosinj","status":"publish","type":"post","link":"https:\/\/radioljubuski.ba\/index.php\/2024\/05\/25\/ljof-2024izlet-na-vrlosinj\/","title":{"rendered":"LJOF 2024:Izlet na Vrlosinj"},"content":{"rendered":"\n<p>Hrvatsko planinarsko dru\u0161tvo Vrlosinj, u sklopu LjOF-a 2024. u nedjelju 26.05.2024. organizira izlet na Vrlosinj. Uspon je planiran kao kru\u017ena tura koja starta iz sela Greda i uz 1,5 \u2013 2 h laganog hoda vodi do vrha te se spu\u0161ta drugom stazom oko 1 h. Pozvani su svi zaljubljenici u prirodu i planinarenje svih uzrasta. Za sve sudionike izleta, osiguran je ru\u010dak po povratku na parking kod vodopada Kravica. Polazak je u 8:00 sati s parkinga kod vodopada Kravica, odakle je osiguran prijevoz do polazne to\u010dke.<\/p>\n\n\n\n<p>Do\u0107i 15 minuta ranije kako bi se krenulo na vrijeme.POVRATAK: U popodnevnim satima na mjesto polaska.POTREBNA OPREMA: Planinarske cipele, duge hla\u010de, vjetrovka, ruksak, kapa, nao\u010dale za sunce, presvlak i ponijeti najmanje 1,5 l vode. Hrana je iz ruksaka.<\/p>\n\n\n\n<p>Prijava na izlet putem linka: https:\/\/forms.gle\/ocdr9uaW33qZYYBJ6<\/p>\n\n\n\n<p>Kontakt osoba za informacije je voditelj izleta Zvonimir Mandi\u0107 &#8211; 063 822 055<\/p>\n\n\n\n<p>Napomena:Sudionici izleta su obvezni pridr\u017eavati se uputa vodi\u010da. Sudjelovanje na izletu je na osobnu odgovornost. Hrvatsko planinarsko dru\u0161tvo Vrlosinj zadr\u017eava pravo promjene rute ili otkazivanja ture u slu\u010daju lo\u0161e vremenske prognoze i\/ili slabog interesa. Vodi\u010di tijekom izleta zadr\u017eavaju pravo izmjene programa i plana izleta prema postoje\u0107im uvjetima na terenu, te vremenskim prilikama! @hpdvrlosinjljubuski<\/p>\n\n\n\n<p><\/p>\n\n\n\n<figure class=\"wp-block-image size-large\"><img loading=\"lazy\" decoding=\"async\" width=\"819\" height=\"1024\" src=\"https:\/\/radioljubuski.ba\/wp-content\/uploads\/2024\/05\/FB_IMG_1716649645246-819x1024.jpg\" alt=\"\" class=\"wp-image-205136\" srcset=\"https:\/\/radioljubuski.ba\/wp-content\/uploads\/2024\/05\/FB_IMG_1716649645246-819x1024.jpg 819w, https:\/\/radioljubuski.ba\/wp-content\/uploads\/2024\/05\/FB_IMG_1716649645246-240x300.jpg 240w, https:\/\/radioljubuski.ba\/wp-content\/uploads\/2024\/05\/FB_IMG_1716649645246-768x960.jpg 768w, https:\/\/radioljubuski.ba\/wp-content\/uploads\/2024\/05\/FB_IMG_1716649645246-10x12.jpg 10w, https:\/\/radioljubuski.ba\/wp-content\/uploads\/2024\/05\/FB_IMG_1716649645246.jpg 1080w\" sizes=\"auto, (max-width: 819px) 100vw, 819px\" \/><\/figure>\n\n\n\n<p>Znate li da se na Vrlosinju, najvi\u0161em vrhu tzv. Niske Hercegovine, koji dominira s visinom od 956 metara, skriva izvanredan pogled koji se\u017ee sve do Jadranskog mora? \ud83c\udf0aPripovijesti ka\u017eu da je ime Vrlosinj nastalo iz izraza &#8220;vrlo sine&#8221;, a zahvaljuju\u0107i sije\u010danjskoj buri koja pro\u010disti zrak nakon obilnih ki\u0161a, s vrha se mo\u017ee uo\u010diti i maleni oto\u010di\u0107 pred Pelje\u0161cem te vjetrenja\u010de iznad Ponikava. \ud83c\udfde\ufe0fPrema jugoistoku je Ljubu\u0161ko polje i planina Bjela\u0161nica u daljini, isto\u010dnije visoravan Brotnja, dalje u polukrug planinski masivi Vele\u017ea, Prenja, \u010cabulje, \u010cvrsnice, Vrana i Ljubu\u0161e, pa u podno\u017eju malena sela Greda, Jabuka u BiH, te Mijaca u Hrvatskoj.Vrlosinj nudi jedinstveni spoj prirodne ljepote i mira &#8211; stoga ne propustite priliku do\u017eivjeti ovu spektakularnu panoramu i podijeliti s nama svoje dojmove. \ud83d\udcf8#ljubuski #visitljubuski #ljof #ljofajmozajedno<\/p>\n\n\n\n<figure class=\"wp-block-image size-large\"><img loading=\"lazy\" decoding=\"async\" width=\"819\" height=\"1024\" src=\"https:\/\/radioljubuski.ba\/wp-content\/uploads\/2024\/05\/FB_IMG_1716649662275-819x1024.jpg\" alt=\"\" class=\"wp-image-205137\" srcset=\"https:\/\/radioljubuski.ba\/wp-content\/uploads\/2024\/05\/FB_IMG_1716649662275-819x1024.jpg 819w, https:\/\/radioljubuski.ba\/wp-content\/uploads\/2024\/05\/FB_IMG_1716649662275-240x300.jpg 240w, https:\/\/radioljubuski.ba\/wp-content\/uploads\/2024\/05\/FB_IMG_1716649662275-768x960.jpg 768w, https:\/\/radioljubuski.ba\/wp-content\/uploads\/2024\/05\/FB_IMG_1716649662275-10x12.jpg 10w, https:\/\/radioljubuski.ba\/wp-content\/uploads\/2024\/05\/FB_IMG_1716649662275.jpg 1080w\" sizes=\"auto, (max-width: 819px) 100vw, 819px\" \/><\/figure>\n\n\n\n<figure class=\"wp-block-image size-large\"><img loading=\"lazy\" decoding=\"async\" width=\"819\" height=\"1024\" src=\"https:\/\/radioljubuski.ba\/wp-content\/uploads\/2024\/05\/FB_IMG_1716649633065-819x1024.jpg\" alt=\"\" class=\"wp-image-205138\" srcset=\"https:\/\/radioljubuski.ba\/wp-content\/uploads\/2024\/05\/FB_IMG_1716649633065-819x1024.jpg 819w, https:\/\/radioljubuski.ba\/wp-content\/uploads\/2024\/05\/FB_IMG_1716649633065-240x300.jpg 240w, https:\/\/radioljubuski.ba\/wp-content\/uploads\/2024\/05\/FB_IMG_1716649633065-768x960.jpg 768w, https:\/\/radioljubuski.ba\/wp-content\/uploads\/2024\/05\/FB_IMG_1716649633065-10x12.jpg 10w, https:\/\/radioljubuski.ba\/wp-content\/uploads\/2024\/05\/FB_IMG_1716649633065.jpg 1080w\" sizes=\"auto, (max-width: 819px) 100vw, 819px\" \/><\/figure>\n\n\n\n<figure class=\"wp-block-image size-large\"><img loading=\"lazy\" decoding=\"async\" width=\"768\" height=\"1024\" src=\"https:\/\/radioljubuski.ba\/wp-content\/uploads\/2024\/05\/IMG-20240525-WA0007-768x1024.jpg\" alt=\"\" class=\"wp-image-205139\" srcset=\"https:\/\/radioljubuski.ba\/wp-content\/uploads\/2024\/05\/IMG-20240525-WA0007-768x1024.jpg 768w, https:\/\/radioljubuski.ba\/wp-content\/uploads\/2024\/05\/IMG-20240525-WA0007-225x300.jpg 225w, https:\/\/radioljubuski.ba\/wp-content\/uploads\/2024\/05\/IMG-20240525-WA0007-1152x1536.jpg 1152w, https:\/\/radioljubuski.ba\/wp-content\/uploads\/2024\/05\/IMG-20240525-WA0007-9x12.jpg 9w, https:\/\/radioljubuski.ba\/wp-content\/uploads\/2024\/05\/IMG-20240525-WA0007.jpg 1200w\" sizes=\"auto, (max-width: 768px) 100vw, 768px\" \/><\/figure>\n\n\n\n<p>Radio Ljubu\u0161ki<\/p>\n","protected":false},"excerpt":{"rendered":"<p>Hrvatsko planinarsko dru\u0161tvo Vrlosinj, u sklopu LjOF-a 2024. u nedjelju 26.05.2024. organizira izlet na Vrlosinj. Uspon je planiran kao kru\u017ena tura koja starta iz sela Greda i uz 1,5 \u2013 2 h laganog hoda vodi do vrha te se spu\u0161ta drugom stazom oko 1 h. Pozvani su svi zaljubljenici u prirodu i planinarenje svih uzrasta. [&hellip;]<\/p>\n","protected":false},"author":2,"featured_media":205135,"comment_status":"closed","ping_status":"closed","sticky":false,"template":"","format":"standard","meta":{"h5ap_radio_sources":[],"footnotes":""},"categories":[3],"tags":[],"class_list":["post-205134","post","type-post","status-publish","format-standard","has-post-thumbnail","hentry","category-ljubuski"],"yoast_head":"<!-- This site is optimized with the Yoast SEO plugin v27.5 - https:\/\/yoast.com\/product\/yoast-seo-wordpress\/ -->\n<title>LJOF 2024:Izlet na Vrlosinj - RADIO LJUBU\u0160KI<\/title>\n<meta name=\"robots\" content=\"index, follow, max-snippet:-1, max-image-preview:large, max-video-preview:-1\" \/>\n<link rel=\"canonical\" href=\"https:\/\/radioljubuski.ba\/index.php\/2024\/05\/25\/ljof-2024izlet-na-vrlosinj\/\" \/>\n<meta property=\"og:locale\" content=\"hr_HR\" \/>\n<meta property=\"og:type\" content=\"article\" \/>\n<meta property=\"og:title\" content=\"LJOF 2024:Izlet na Vrlosinj - RADIO LJUBU\u0160KI\" \/>\n<meta property=\"og:description\" content=\"Hrvatsko planinarsko dru\u0161tvo Vrlosinj, u sklopu LjOF-a 2024. u nedjelju 26.05.2024. organizira izlet na Vrlosinj. Uspon je planiran kao kru\u017ena tura koja starta iz sela Greda i uz 1,5 \u2013 2 h laganog hoda vodi do vrha te se spu\u0161ta drugom stazom oko 1 h. Pozvani su svi zaljubljenici u prirodu i planinarenje svih uzrasta. [&hellip;]\" \/>\n<meta property=\"og:url\" content=\"https:\/\/radioljubuski.ba\/index.php\/2024\/05\/25\/ljof-2024izlet-na-vrlosinj\/\" \/>\n<meta property=\"og:site_name\" content=\"RADIO LJUBU\u0160KI\" \/>\n<meta property=\"article:publisher\" content=\"https:\/\/www.facebook.com\/Radiio-Ljubuski-1490835324566332\" \/>\n<meta property=\"article:published_time\" content=\"2024-05-25T15:16:28+00:00\" \/>\n<meta property=\"article:modified_time\" content=\"2024-05-25T15:25:57+00:00\" \/>\n<meta property=\"og:image\" content=\"https:\/\/radioljubuski.ba\/wp-content\/uploads\/2024\/05\/FB_IMG_1716649680853.jpg\" \/>\n\t<meta property=\"og:image:width\" content=\"1080\" \/>\n\t<meta property=\"og:image:height\" content=\"1080\" \/>\n\t<meta property=\"og:image:type\" content=\"image\/jpeg\" \/>\n<meta name=\"author\" content=\"Radio Ljubu\u0161ki\" \/>\n<meta name=\"twitter:card\" content=\"summary_large_image\" \/>\n<meta name=\"twitter:creator\" content=\"@radioljubuski\" \/>\n<meta name=\"twitter:site\" content=\"@radioljubuski\" \/>\n<meta name=\"twitter:label1\" content=\"Napisao\/la\" \/>\n\t<meta name=\"twitter:data1\" content=\"Radio Ljubu\u0161ki\" \/>\n\t<meta name=\"twitter:label2\" content=\"Procijenjeno vrijeme \u010ditanja\" \/>\n\t<meta name=\"twitter:data2\" content=\"3 minute\" \/>\n<script type=\"application\/ld+json\" class=\"yoast-schema-graph\">{\"@context\":\"https:\\\/\\\/schema.org\",\"@graph\":[{\"@type\":\"Article\",\"@id\":\"https:\\\/\\\/radioljubuski.ba\\\/index.php\\\/2024\\\/05\\\/25\\\/ljof-2024izlet-na-vrlosinj\\\/#article\",\"isPartOf\":{\"@id\":\"https:\\\/\\\/radioljubuski.ba\\\/index.php\\\/2024\\\/05\\\/25\\\/ljof-2024izlet-na-vrlosinj\\\/\"},\"author\":{\"name\":\"Radio Ljubu\u0161ki\",\"@id\":\"https:\\\/\\\/radioljubuski.ba\\\/#\\\/schema\\\/person\\\/19fc700381a780f69665d7956c469e3b\"},\"headline\":\"LJOF 2024:Izlet na Vrlosinj\",\"datePublished\":\"2024-05-25T15:16:28+00:00\",\"dateModified\":\"2024-05-25T15:25:57+00:00\",\"mainEntityOfPage\":{\"@id\":\"https:\\\/\\\/radioljubuski.ba\\\/index.php\\\/2024\\\/05\\\/25\\\/ljof-2024izlet-na-vrlosinj\\\/\"},\"wordCount\":362,\"publisher\":{\"@id\":\"https:\\\/\\\/radioljubuski.ba\\\/#organization\"},\"image\":{\"@id\":\"https:\\\/\\\/radioljubuski.ba\\\/index.php\\\/2024\\\/05\\\/25\\\/ljof-2024izlet-na-vrlosinj\\\/#primaryimage\"},\"thumbnailUrl\":\"https:\\\/\\\/radioljubuski.ba\\\/wp-content\\\/uploads\\\/2024\\\/05\\\/FB_IMG_1716649680853.jpg\",\"articleSection\":[\"Ljubu\u0161ki\"],\"inLanguage\":\"hr\"},{\"@type\":\"WebPage\",\"@id\":\"https:\\\/\\\/radioljubuski.ba\\\/index.php\\\/2024\\\/05\\\/25\\\/ljof-2024izlet-na-vrlosinj\\\/\",\"url\":\"https:\\\/\\\/radioljubuski.ba\\\/index.php\\\/2024\\\/05\\\/25\\\/ljof-2024izlet-na-vrlosinj\\\/\",\"name\":\"LJOF 2024:Izlet na Vrlosinj - RADIO LJUBU\u0160KI\",\"isPartOf\":{\"@id\":\"https:\\\/\\\/radioljubuski.ba\\\/#website\"},\"primaryImageOfPage\":{\"@id\":\"https:\\\/\\\/radioljubuski.ba\\\/index.php\\\/2024\\\/05\\\/25\\\/ljof-2024izlet-na-vrlosinj\\\/#primaryimage\"},\"image\":{\"@id\":\"https:\\\/\\\/radioljubuski.ba\\\/index.php\\\/2024\\\/05\\\/25\\\/ljof-2024izlet-na-vrlosinj\\\/#primaryimage\"},\"thumbnailUrl\":\"https:\\\/\\\/radioljubuski.ba\\\/wp-content\\\/uploads\\\/2024\\\/05\\\/FB_IMG_1716649680853.jpg\",\"datePublished\":\"2024-05-25T15:16:28+00:00\",\"dateModified\":\"2024-05-25T15:25:57+00:00\",\"breadcrumb\":{\"@id\":\"https:\\\/\\\/radioljubuski.ba\\\/index.php\\\/2024\\\/05\\\/25\\\/ljof-2024izlet-na-vrlosinj\\\/#breadcrumb\"},\"inLanguage\":\"hr\",\"potentialAction\":[{\"@type\":\"ReadAction\",\"target\":[\"https:\\\/\\\/radioljubuski.ba\\\/index.php\\\/2024\\\/05\\\/25\\\/ljof-2024izlet-na-vrlosinj\\\/\"]}]},{\"@type\":\"ImageObject\",\"inLanguage\":\"hr\",\"@id\":\"https:\\\/\\\/radioljubuski.ba\\\/index.php\\\/2024\\\/05\\\/25\\\/ljof-2024izlet-na-vrlosinj\\\/#primaryimage\",\"url\":\"https:\\\/\\\/radioljubuski.ba\\\/wp-content\\\/uploads\\\/2024\\\/05\\\/FB_IMG_1716649680853.jpg\",\"contentUrl\":\"https:\\\/\\\/radioljubuski.ba\\\/wp-content\\\/uploads\\\/2024\\\/05\\\/FB_IMG_1716649680853.jpg\",\"width\":1080,\"height\":1080},{\"@type\":\"BreadcrumbList\",\"@id\":\"https:\\\/\\\/radioljubuski.ba\\\/index.php\\\/2024\\\/05\\\/25\\\/ljof-2024izlet-na-vrlosinj\\\/#breadcrumb\",\"itemListElement\":[{\"@type\":\"ListItem\",\"position\":1,\"name\":\"Po\u010detna stranica\",\"item\":\"https:\\\/\\\/radioljubuski.ba\\\/\"},{\"@type\":\"ListItem\",\"position\":2,\"name\":\"LJOF 2024:Izlet na Vrlosinj\"}]},{\"@type\":\"WebSite\",\"@id\":\"https:\\\/\\\/radioljubuski.ba\\\/#website\",\"url\":\"https:\\\/\\\/radioljubuski.ba\\\/\",\"name\":\"Radio Ljubu\u0161ki\",\"description\":\"Sun\u010dana frekvencija Hercegovine\",\"publisher\":{\"@id\":\"https:\\\/\\\/radioljubuski.ba\\\/#organization\"},\"potentialAction\":[{\"@type\":\"SearchAction\",\"target\":{\"@type\":\"EntryPoint\",\"urlTemplate\":\"https:\\\/\\\/radioljubuski.ba\\\/?s={search_term_string}\"},\"query-input\":{\"@type\":\"PropertyValueSpecification\",\"valueRequired\":true,\"valueName\":\"search_term_string\"}}],\"inLanguage\":\"hr\"},{\"@type\":\"Organization\",\"@id\":\"https:\\\/\\\/radioljubuski.ba\\\/#organization\",\"name\":\"Radio Ljubu\u0161ki\",\"url\":\"https:\\\/\\\/radioljubuski.ba\\\/\",\"logo\":{\"@type\":\"ImageObject\",\"inLanguage\":\"hr\",\"@id\":\"https:\\\/\\\/radioljubuski.ba\\\/#\\\/schema\\\/logo\\\/image\\\/\",\"url\":\"https:\\\/\\\/radioljubuski.ba\\\/wp-content\\\/uploads\\\/2021\\\/02\\\/cropped-Radio_Ljubuski_logo1.jpg\",\"contentUrl\":\"https:\\\/\\\/radioljubuski.ba\\\/wp-content\\\/uploads\\\/2021\\\/02\\\/cropped-Radio_Ljubuski_logo1.jpg\",\"width\":512,\"height\":512,\"caption\":\"Radio Ljubu\u0161ki\"},\"image\":{\"@id\":\"https:\\\/\\\/radioljubuski.ba\\\/#\\\/schema\\\/logo\\\/image\\\/\"},\"sameAs\":[\"https:\\\/\\\/www.facebook.com\\\/Radiio-Ljubuski-1490835324566332\",\"https:\\\/\\\/x.com\\\/radioljubuski\",\"https:\\\/\\\/hr.linkedin.com\\\/company\\\/radio-ljubuski\",\"https:\\\/\\\/www.youtube.com\\\/channel\\\/UCHYaeO_n0Db3tjNGudGpXyw\"]},{\"@type\":\"Person\",\"@id\":\"https:\\\/\\\/radioljubuski.ba\\\/#\\\/schema\\\/person\\\/19fc700381a780f69665d7956c469e3b\",\"name\":\"Radio Ljubu\u0161ki\"}]}<\/script>\n<!-- \/ Yoast SEO plugin. -->","yoast_head_json":{"title":"LJOF 2024:Izlet na Vrlosinj - RADIO LJUBU\u0160KI","robots":{"index":"index","follow":"follow","max-snippet":"max-snippet:-1","max-image-preview":"max-image-preview:large","max-video-preview":"max-video-preview:-1"},"canonical":"https:\/\/radioljubuski.ba\/index.php\/2024\/05\/25\/ljof-2024izlet-na-vrlosinj\/","og_locale":"hr_HR","og_type":"article","og_title":"LJOF 2024:Izlet na Vrlosinj - RADIO LJUBU\u0160KI","og_description":"Hrvatsko planinarsko dru\u0161tvo Vrlosinj, u sklopu LjOF-a 2024. u nedjelju 26.05.2024. organizira izlet na Vrlosinj. Uspon je planiran kao kru\u017ena tura koja starta iz sela Greda i uz 1,5 \u2013 2 h laganog hoda vodi do vrha te se spu\u0161ta drugom stazom oko 1 h. Pozvani su svi zaljubljenici u prirodu i planinarenje svih uzrasta. [&hellip;]","og_url":"https:\/\/radioljubuski.ba\/index.php\/2024\/05\/25\/ljof-2024izlet-na-vrlosinj\/","og_site_name":"RADIO LJUBU\u0160KI","article_publisher":"https:\/\/www.facebook.com\/Radiio-Ljubuski-1490835324566332","article_published_time":"2024-05-25T15:16:28+00:00","article_modified_time":"2024-05-25T15:25:57+00:00","og_image":[{"width":1080,"height":1080,"url":"https:\/\/radioljubuski.ba\/wp-content\/uploads\/2024\/05\/FB_IMG_1716649680853.jpg","type":"image\/jpeg"}],"author":"Radio Ljubu\u0161ki","twitter_card":"summary_large_image","twitter_creator":"@radioljubuski","twitter_site":"@radioljubuski","twitter_misc":{"Napisao\/la":"Radio Ljubu\u0161ki","Procijenjeno vrijeme \u010ditanja":"3 minute"},"schema":{"@context":"https:\/\/schema.org","@graph":[{"@type":"Article","@id":"https:\/\/radioljubuski.ba\/index.php\/2024\/05\/25\/ljof-2024izlet-na-vrlosinj\/#article","isPartOf":{"@id":"https:\/\/radioljubuski.ba\/index.php\/2024\/05\/25\/ljof-2024izlet-na-vrlosinj\/"},"author":{"name":"Radio Ljubu\u0161ki","@id":"https:\/\/radioljubuski.ba\/#\/schema\/person\/19fc700381a780f69665d7956c469e3b"},"headline":"LJOF 2024:Izlet na Vrlosinj","datePublished":"2024-05-25T15:16:28+00:00","dateModified":"2024-05-25T15:25:57+00:00","mainEntityOfPage":{"@id":"https:\/\/radioljubuski.ba\/index.php\/2024\/05\/25\/ljof-2024izlet-na-vrlosinj\/"},"wordCount":362,"publisher":{"@id":"https:\/\/radioljubuski.ba\/#organization"},"image":{"@id":"https:\/\/radioljubuski.ba\/index.php\/2024\/05\/25\/ljof-2024izlet-na-vrlosinj\/#primaryimage"},"thumbnailUrl":"https:\/\/radioljubuski.ba\/wp-content\/uploads\/2024\/05\/FB_IMG_1716649680853.jpg","articleSection":["Ljubu\u0161ki"],"inLanguage":"hr"},{"@type":"WebPage","@id":"https:\/\/radioljubuski.ba\/index.php\/2024\/05\/25\/ljof-2024izlet-na-vrlosinj\/","url":"https:\/\/radioljubuski.ba\/index.php\/2024\/05\/25\/ljof-2024izlet-na-vrlosinj\/","name":"LJOF 2024:Izlet na Vrlosinj - RADIO LJUBU\u0160KI","isPartOf":{"@id":"https:\/\/radioljubuski.ba\/#website"},"primaryImageOfPage":{"@id":"https:\/\/radioljubuski.ba\/index.php\/2024\/05\/25\/ljof-2024izlet-na-vrlosinj\/#primaryimage"},"image":{"@id":"https:\/\/radioljubuski.ba\/index.php\/2024\/05\/25\/ljof-2024izlet-na-vrlosinj\/#primaryimage"},"thumbnailUrl":"https:\/\/radioljubuski.ba\/wp-content\/uploads\/2024\/05\/FB_IMG_1716649680853.jpg","datePublished":"2024-05-25T15:16:28+00:00","dateModified":"2024-05-25T15:25:57+00:00","breadcrumb":{"@id":"https:\/\/radioljubuski.ba\/index.php\/2024\/05\/25\/ljof-2024izlet-na-vrlosinj\/#breadcrumb"},"inLanguage":"hr","potentialAction":[{"@type":"ReadAction","target":["https:\/\/radioljubuski.ba\/index.php\/2024\/05\/25\/ljof-2024izlet-na-vrlosinj\/"]}]},{"@type":"ImageObject","inLanguage":"hr","@id":"https:\/\/radioljubuski.ba\/index.php\/2024\/05\/25\/ljof-2024izlet-na-vrlosinj\/#primaryimage","url":"https:\/\/radioljubuski.ba\/wp-content\/uploads\/2024\/05\/FB_IMG_1716649680853.jpg","contentUrl":"https:\/\/radioljubuski.ba\/wp-content\/uploads\/2024\/05\/FB_IMG_1716649680853.jpg","width":1080,"height":1080},{"@type":"BreadcrumbList","@id":"https:\/\/radioljubuski.ba\/index.php\/2024\/05\/25\/ljof-2024izlet-na-vrlosinj\/#breadcrumb","itemListElement":[{"@type":"ListItem","position":1,"name":"Po\u010detna stranica","item":"https:\/\/radioljubuski.ba\/"},{"@type":"ListItem","position":2,"name":"LJOF 2024:Izlet na Vrlosinj"}]},{"@type":"WebSite","@id":"https:\/\/radioljubuski.ba\/#website","url":"https:\/\/radioljubuski.ba\/","name":"Radio Ljubu\u0161ki","description":"Sun\u010dana frekvencija Hercegovine","publisher":{"@id":"https:\/\/radioljubuski.ba\/#organization"},"potentialAction":[{"@type":"SearchAction","target":{"@type":"EntryPoint","urlTemplate":"https:\/\/radioljubuski.ba\/?s={search_term_string}"},"query-input":{"@type":"PropertyValueSpecification","valueRequired":true,"valueName":"search_term_string"}}],"inLanguage":"hr"},{"@type":"Organization","@id":"https:\/\/radioljubuski.ba\/#organization","name":"Radio Ljubu\u0161ki","url":"https:\/\/radioljubuski.ba\/","logo":{"@type":"ImageObject","inLanguage":"hr","@id":"https:\/\/radioljubuski.ba\/#\/schema\/logo\/image\/","url":"https:\/\/radioljubuski.ba\/wp-content\/uploads\/2021\/02\/cropped-Radio_Ljubuski_logo1.jpg","contentUrl":"https:\/\/radioljubuski.ba\/wp-content\/uploads\/2021\/02\/cropped-Radio_Ljubuski_logo1.jpg","width":512,"height":512,"caption":"Radio Ljubu\u0161ki"},"image":{"@id":"https:\/\/radioljubuski.ba\/#\/schema\/logo\/image\/"},"sameAs":["https:\/\/www.facebook.com\/Radiio-Ljubuski-1490835324566332","https:\/\/x.com\/radioljubuski","https:\/\/hr.linkedin.com\/company\/radio-ljubuski","https:\/\/www.youtube.com\/channel\/UCHYaeO_n0Db3tjNGudGpXyw"]},{"@type":"Person","@id":"https:\/\/radioljubuski.ba\/#\/schema\/person\/19fc700381a780f69665d7956c469e3b","name":"Radio Ljubu\u0161ki"}]}},"_links":{"self":[{"href":"https:\/\/radioljubuski.ba\/index.php\/wp-json\/wp\/v2\/posts\/205134","targetHints":{"allow":["GET"]}}],"collection":[{"href":"https:\/\/radioljubuski.ba\/index.php\/wp-json\/wp\/v2\/posts"}],"about":[{"href":"https:\/\/radioljubuski.ba\/index.php\/wp-json\/wp\/v2\/types\/post"}],"author":[{"embeddable":true,"href":"https:\/\/radioljubuski.ba\/index.php\/wp-json\/wp\/v2\/users\/2"}],"replies":[{"embeddable":true,"href":"https:\/\/radioljubuski.ba\/index.php\/wp-json\/wp\/v2\/comments?post=205134"}],"version-history":[{"count":4,"href":"https:\/\/radioljubuski.ba\/index.php\/wp-json\/wp\/v2\/posts\/205134\/revisions"}],"predecessor-version":[{"id":205152,"href":"https:\/\/radioljubuski.ba\/index.php\/wp-json\/wp\/v2\/posts\/205134\/revisions\/205152"}],"wp:featuredmedia":[{"embeddable":true,"href":"https:\/\/radioljubuski.ba\/index.php\/wp-json\/wp\/v2\/media\/205135"}],"wp:attachment":[{"href":"https:\/\/radioljubuski.ba\/index.php\/wp-json\/wp\/v2\/media?parent=205134"}],"wp:term":[{"taxonomy":"category","embeddable":true,"href":"https:\/\/radioljubuski.ba\/index.php\/wp-json\/wp\/v2\/categories?post=205134"},{"taxonomy":"post_tag","embeddable":true,"href":"https:\/\/radioljubuski.ba\/index.php\/wp-json\/wp\/v2\/tags?post=205134"}],"curies":[{"name":"wp","href":"https:\/\/api.w.org\/{rel}","templated":true}]}}