{"id":205376,"date":"2024-06-02T08:13:41","date_gmt":"2024-06-02T07:13:41","guid":{"rendered":"https:\/\/radioljubuski.ba\/?p=205376"},"modified":"2025-04-14T11:12:04","modified_gmt":"2025-04-14T10:12:04","slug":"poliklinika-prskalo-cuvajmo-zdravlje-zajedno","status":"publish","type":"post","link":"https:\/\/radioljubuski.ba\/index.php\/2024\/06\/02\/poliklinika-prskalo-cuvajmo-zdravlje-zajedno\/","title":{"rendered":"Poliklinika Prskalo: \u010cuvajmo zdravlje zajedno"},"content":{"rendered":"\n<p>Smje\u0161tena u srcu Ljubu\u0161kog, na adresi Vukovarska 12, Poliklinika Prskalo predstavlja centar izvrsnosti za medicinsku skrb, gdje se susre\u0107u tradicija, znanje i najnovija medicinska dostignu\u0107a. <\/p>\n\n\n\n<p>Kao moderna zdravstvena ustanova, ponosimo se pru\u017eanjem visokokvalitetnih medicinskih usluga uz osobni pristup svakom pacijentu. Na\u0161i iskusni stru\u010dnjaci su tu da odgovore na sve va\u0161e potrebe, bilo da se radi o preventivnim pregledima, dijagnostici ili tretmanima.<\/p>\n\n\n\n<figure class=\"wp-block-image size-large\"><img loading=\"lazy\" decoding=\"async\" width=\"1024\" height=\"858\" src=\"https:\/\/radioljubuski.ba\/wp-content\/uploads\/2024\/05\/FB_IMG_1717181931127-1024x858.jpg\" alt=\"\" class=\"wp-image-205377\" srcset=\"https:\/\/radioljubuski.ba\/wp-content\/uploads\/2024\/05\/FB_IMG_1717181931127-1024x858.jpg 1024w, https:\/\/radioljubuski.ba\/wp-content\/uploads\/2024\/05\/FB_IMG_1717181931127-300x251.jpg 300w, https:\/\/radioljubuski.ba\/wp-content\/uploads\/2024\/05\/FB_IMG_1717181931127-768x644.jpg 768w, https:\/\/radioljubuski.ba\/wp-content\/uploads\/2024\/05\/FB_IMG_1717181931127-14x12.jpg 14w, https:\/\/radioljubuski.ba\/wp-content\/uploads\/2024\/05\/FB_IMG_1717181931127.jpg 1080w\" sizes=\"auto, (max-width: 1024px) 100vw, 1024px\" \/><\/figure>\n\n\n\n<p>S individualnim pristupom, fokusiramo se na detaljnu prevenciju, ranu dijagnostiku i personaliziranu terapiju.<\/p>\n\n\n\n<p>U Poliklinici Prskalo, predanost pacijentima je u sr\u017ei svega \u0161to radimo. Na\u0161 multidisciplinarni tim stru\u010dnjaka koristi najsuvremenije tehnologije kako bi osigurao temeljitu dijagnostiku i efikasno lije\u010denje. <\/p>\n\n\n\n<figure class=\"wp-block-image size-full\"><img loading=\"lazy\" decoding=\"async\" width=\"960\" height=\"960\" src=\"https:\/\/radioljubuski.ba\/wp-content\/uploads\/2024\/06\/FB_IMG_1717311696277.jpg\" alt=\"\" class=\"wp-image-205426\" srcset=\"https:\/\/radioljubuski.ba\/wp-content\/uploads\/2024\/06\/FB_IMG_1717311696277.jpg 960w, https:\/\/radioljubuski.ba\/wp-content\/uploads\/2024\/06\/FB_IMG_1717311696277-300x300.jpg 300w, https:\/\/radioljubuski.ba\/wp-content\/uploads\/2024\/06\/FB_IMG_1717311696277-150x150.jpg 150w, https:\/\/radioljubuski.ba\/wp-content\/uploads\/2024\/06\/FB_IMG_1717311696277-768x768.jpg 768w, https:\/\/radioljubuski.ba\/wp-content\/uploads\/2024\/06\/FB_IMG_1717311696277-12x12.jpg 12w\" sizes=\"auto, (max-width: 960px) 100vw, 960px\" \/><\/figure>\n\n\n\n<p>Kontaktirajte nas na broj telefona 039 833 337<\/p>\n\n\n\n<p>ili putem e-maila: info@poliklinika-prskalo.com<\/p>\n\n\n\n<p>www.poliklinika-prskalo.com<\/p>\n\n\n\n<p>PROMO<\/p>\n","protected":false},"excerpt":{"rendered":"<p>Smje\u0161tena u srcu Ljubu\u0161kog, na adresi Vukovarska 12, Poliklinika Prskalo predstavlja centar izvrsnosti za medicinsku skrb, gdje se susre\u0107u tradicija, znanje i najnovija medicinska dostignu\u0107a. Kao moderna zdravstvena ustanova, ponosimo se pru\u017eanjem visokokvalitetnih medicinskih usluga uz osobni pristup svakom pacijentu. Na\u0161i iskusni stru\u010dnjaci su tu da odgovore na sve va\u0161e potrebe, bilo da se radi [&hellip;]<\/p>\n","protected":false},"author":2,"featured_media":205381,"comment_status":"closed","ping_status":"closed","sticky":false,"template":"","format":"standard","meta":{"h5ap_radio_sources":[],"footnotes":""},"categories":[1],"tags":[],"class_list":["post-205376","post","type-post","status-publish","format-standard","has-post-thumbnail","hentry","category-bihiregija"],"yoast_head":"<!-- This site is optimized with the Yoast SEO plugin v27.5 - https:\/\/yoast.com\/product\/yoast-seo-wordpress\/ -->\n<title>Poliklinika Prskalo: \u010cuvajmo zdravlje zajedno - RADIO LJUBU\u0160KI<\/title>\n<meta name=\"robots\" content=\"index, follow, max-snippet:-1, max-image-preview:large, max-video-preview:-1\" \/>\n<link rel=\"canonical\" href=\"https:\/\/radioljubuski.ba\/index.php\/2024\/06\/02\/poliklinika-prskalo-cuvajmo-zdravlje-zajedno\/\" \/>\n<meta property=\"og:locale\" content=\"hr_HR\" \/>\n<meta property=\"og:type\" content=\"article\" \/>\n<meta property=\"og:title\" content=\"Poliklinika Prskalo: \u010cuvajmo zdravlje zajedno - RADIO LJUBU\u0160KI\" \/>\n<meta property=\"og:description\" content=\"Smje\u0161tena u srcu Ljubu\u0161kog, na adresi Vukovarska 12, Poliklinika Prskalo predstavlja centar izvrsnosti za medicinsku skrb, gdje se susre\u0107u tradicija, znanje i najnovija medicinska dostignu\u0107a. Kao moderna zdravstvena ustanova, ponosimo se pru\u017eanjem visokokvalitetnih medicinskih usluga uz osobni pristup svakom pacijentu. Na\u0161i iskusni stru\u010dnjaci su tu da odgovore na sve va\u0161e potrebe, bilo da se radi [&hellip;]\" \/>\n<meta property=\"og:url\" content=\"https:\/\/radioljubuski.ba\/index.php\/2024\/06\/02\/poliklinika-prskalo-cuvajmo-zdravlje-zajedno\/\" \/>\n<meta property=\"og:site_name\" content=\"RADIO LJUBU\u0160KI\" \/>\n<meta property=\"article:publisher\" content=\"https:\/\/www.facebook.com\/Radiio-Ljubuski-1490835324566332\" \/>\n<meta property=\"article:published_time\" content=\"2024-06-02T07:13:41+00:00\" \/>\n<meta property=\"article:modified_time\" content=\"2025-04-14T10:12:04+00:00\" \/>\n<meta property=\"og:image\" content=\"https:\/\/radioljubuski.ba\/wp-content\/uploads\/2024\/05\/IMG_20240531_211024.jpg\" \/>\n\t<meta property=\"og:image:width\" content=\"1080\" \/>\n\t<meta property=\"og:image:height\" content=\"592\" \/>\n\t<meta property=\"og:image:type\" content=\"image\/jpeg\" \/>\n<meta name=\"author\" content=\"Radio Ljubu\u0161ki\" \/>\n<meta name=\"twitter:card\" content=\"summary_large_image\" \/>\n<meta name=\"twitter:creator\" content=\"@radioljubuski\" \/>\n<meta name=\"twitter:site\" content=\"@radioljubuski\" \/>\n<meta name=\"twitter:label1\" content=\"Napisao\/la\" \/>\n\t<meta name=\"twitter:data1\" content=\"Radio Ljubu\u0161ki\" \/>\n\t<meta name=\"twitter:label2\" content=\"Procijenjeno vrijeme \u010ditanja\" \/>\n\t<meta name=\"twitter:data2\" content=\"2 minute\" \/>\n<script type=\"application\/ld+json\" class=\"yoast-schema-graph\">{\"@context\":\"https:\\\/\\\/schema.org\",\"@graph\":[{\"@type\":\"Article\",\"@id\":\"https:\\\/\\\/radioljubuski.ba\\\/index.php\\\/2024\\\/06\\\/02\\\/poliklinika-prskalo-cuvajmo-zdravlje-zajedno\\\/#article\",\"isPartOf\":{\"@id\":\"https:\\\/\\\/radioljubuski.ba\\\/index.php\\\/2024\\\/06\\\/02\\\/poliklinika-prskalo-cuvajmo-zdravlje-zajedno\\\/\"},\"author\":{\"name\":\"Radio Ljubu\u0161ki\",\"@id\":\"https:\\\/\\\/radioljubuski.ba\\\/#\\\/schema\\\/person\\\/19fc700381a780f69665d7956c469e3b\"},\"headline\":\"Poliklinika Prskalo: \u010cuvajmo zdravlje zajedno\",\"datePublished\":\"2024-06-02T07:13:41+00:00\",\"dateModified\":\"2025-04-14T10:12:04+00:00\",\"mainEntityOfPage\":{\"@id\":\"https:\\\/\\\/radioljubuski.ba\\\/index.php\\\/2024\\\/06\\\/02\\\/poliklinika-prskalo-cuvajmo-zdravlje-zajedno\\\/\"},\"wordCount\":130,\"publisher\":{\"@id\":\"https:\\\/\\\/radioljubuski.ba\\\/#organization\"},\"image\":{\"@id\":\"https:\\\/\\\/radioljubuski.ba\\\/index.php\\\/2024\\\/06\\\/02\\\/poliklinika-prskalo-cuvajmo-zdravlje-zajedno\\\/#primaryimage\"},\"thumbnailUrl\":\"https:\\\/\\\/radioljubuski.ba\\\/wp-content\\\/uploads\\\/2024\\\/05\\\/IMG_20240531_211024.jpg\",\"articleSection\":[\"BIH i regija\"],\"inLanguage\":\"hr\"},{\"@type\":\"WebPage\",\"@id\":\"https:\\\/\\\/radioljubuski.ba\\\/index.php\\\/2024\\\/06\\\/02\\\/poliklinika-prskalo-cuvajmo-zdravlje-zajedno\\\/\",\"url\":\"https:\\\/\\\/radioljubuski.ba\\\/index.php\\\/2024\\\/06\\\/02\\\/poliklinika-prskalo-cuvajmo-zdravlje-zajedno\\\/\",\"name\":\"Poliklinika Prskalo: \u010cuvajmo zdravlje zajedno - RADIO LJUBU\u0160KI\",\"isPartOf\":{\"@id\":\"https:\\\/\\\/radioljubuski.ba\\\/#website\"},\"primaryImageOfPage\":{\"@id\":\"https:\\\/\\\/radioljubuski.ba\\\/index.php\\\/2024\\\/06\\\/02\\\/poliklinika-prskalo-cuvajmo-zdravlje-zajedno\\\/#primaryimage\"},\"image\":{\"@id\":\"https:\\\/\\\/radioljubuski.ba\\\/index.php\\\/2024\\\/06\\\/02\\\/poliklinika-prskalo-cuvajmo-zdravlje-zajedno\\\/#primaryimage\"},\"thumbnailUrl\":\"https:\\\/\\\/radioljubuski.ba\\\/wp-content\\\/uploads\\\/2024\\\/05\\\/IMG_20240531_211024.jpg\",\"datePublished\":\"2024-06-02T07:13:41+00:00\",\"dateModified\":\"2025-04-14T10:12:04+00:00\",\"breadcrumb\":{\"@id\":\"https:\\\/\\\/radioljubuski.ba\\\/index.php\\\/2024\\\/06\\\/02\\\/poliklinika-prskalo-cuvajmo-zdravlje-zajedno\\\/#breadcrumb\"},\"inLanguage\":\"hr\",\"potentialAction\":[{\"@type\":\"ReadAction\",\"target\":[\"https:\\\/\\\/radioljubuski.ba\\\/index.php\\\/2024\\\/06\\\/02\\\/poliklinika-prskalo-cuvajmo-zdravlje-zajedno\\\/\"]}]},{\"@type\":\"ImageObject\",\"inLanguage\":\"hr\",\"@id\":\"https:\\\/\\\/radioljubuski.ba\\\/index.php\\\/2024\\\/06\\\/02\\\/poliklinika-prskalo-cuvajmo-zdravlje-zajedno\\\/#primaryimage\",\"url\":\"https:\\\/\\\/radioljubuski.ba\\\/wp-content\\\/uploads\\\/2024\\\/05\\\/IMG_20240531_211024.jpg\",\"contentUrl\":\"https:\\\/\\\/radioljubuski.ba\\\/wp-content\\\/uploads\\\/2024\\\/05\\\/IMG_20240531_211024.jpg\",\"width\":1080,\"height\":592},{\"@type\":\"BreadcrumbList\",\"@id\":\"https:\\\/\\\/radioljubuski.ba\\\/index.php\\\/2024\\\/06\\\/02\\\/poliklinika-prskalo-cuvajmo-zdravlje-zajedno\\\/#breadcrumb\",\"itemListElement\":[{\"@type\":\"ListItem\",\"position\":1,\"name\":\"Po\u010detna stranica\",\"item\":\"https:\\\/\\\/radioljubuski.ba\\\/\"},{\"@type\":\"ListItem\",\"position\":2,\"name\":\"Poliklinika Prskalo: \u010cuvajmo zdravlje zajedno\"}]},{\"@type\":\"WebSite\",\"@id\":\"https:\\\/\\\/radioljubuski.ba\\\/#website\",\"url\":\"https:\\\/\\\/radioljubuski.ba\\\/\",\"name\":\"Radio Ljubu\u0161ki\",\"description\":\"Sun\u010dana frekvencija Hercegovine\",\"publisher\":{\"@id\":\"https:\\\/\\\/radioljubuski.ba\\\/#organization\"},\"potentialAction\":[{\"@type\":\"SearchAction\",\"target\":{\"@type\":\"EntryPoint\",\"urlTemplate\":\"https:\\\/\\\/radioljubuski.ba\\\/?s={search_term_string}\"},\"query-input\":{\"@type\":\"PropertyValueSpecification\",\"valueRequired\":true,\"valueName\":\"search_term_string\"}}],\"inLanguage\":\"hr\"},{\"@type\":\"Organization\",\"@id\":\"https:\\\/\\\/radioljubuski.ba\\\/#organization\",\"name\":\"Radio Ljubu\u0161ki\",\"url\":\"https:\\\/\\\/radioljubuski.ba\\\/\",\"logo\":{\"@type\":\"ImageObject\",\"inLanguage\":\"hr\",\"@id\":\"https:\\\/\\\/radioljubuski.ba\\\/#\\\/schema\\\/logo\\\/image\\\/\",\"url\":\"https:\\\/\\\/radioljubuski.ba\\\/wp-content\\\/uploads\\\/2021\\\/02\\\/cropped-Radio_Ljubuski_logo1.jpg\",\"contentUrl\":\"https:\\\/\\\/radioljubuski.ba\\\/wp-content\\\/uploads\\\/2021\\\/02\\\/cropped-Radio_Ljubuski_logo1.jpg\",\"width\":512,\"height\":512,\"caption\":\"Radio Ljubu\u0161ki\"},\"image\":{\"@id\":\"https:\\\/\\\/radioljubuski.ba\\\/#\\\/schema\\\/logo\\\/image\\\/\"},\"sameAs\":[\"https:\\\/\\\/www.facebook.com\\\/Radiio-Ljubuski-1490835324566332\",\"https:\\\/\\\/x.com\\\/radioljubuski\",\"https:\\\/\\\/hr.linkedin.com\\\/company\\\/radio-ljubuski\",\"https:\\\/\\\/www.youtube.com\\\/channel\\\/UCHYaeO_n0Db3tjNGudGpXyw\"]},{\"@type\":\"Person\",\"@id\":\"https:\\\/\\\/radioljubuski.ba\\\/#\\\/schema\\\/person\\\/19fc700381a780f69665d7956c469e3b\",\"name\":\"Radio Ljubu\u0161ki\"}]}<\/script>\n<!-- \/ Yoast SEO plugin. -->","yoast_head_json":{"title":"Poliklinika Prskalo: \u010cuvajmo zdravlje zajedno - RADIO LJUBU\u0160KI","robots":{"index":"index","follow":"follow","max-snippet":"max-snippet:-1","max-image-preview":"max-image-preview:large","max-video-preview":"max-video-preview:-1"},"canonical":"https:\/\/radioljubuski.ba\/index.php\/2024\/06\/02\/poliklinika-prskalo-cuvajmo-zdravlje-zajedno\/","og_locale":"hr_HR","og_type":"article","og_title":"Poliklinika Prskalo: \u010cuvajmo zdravlje zajedno - RADIO LJUBU\u0160KI","og_description":"Smje\u0161tena u srcu Ljubu\u0161kog, na adresi Vukovarska 12, Poliklinika Prskalo predstavlja centar izvrsnosti za medicinsku skrb, gdje se susre\u0107u tradicija, znanje i najnovija medicinska dostignu\u0107a. Kao moderna zdravstvena ustanova, ponosimo se pru\u017eanjem visokokvalitetnih medicinskih usluga uz osobni pristup svakom pacijentu. Na\u0161i iskusni stru\u010dnjaci su tu da odgovore na sve va\u0161e potrebe, bilo da se radi [&hellip;]","og_url":"https:\/\/radioljubuski.ba\/index.php\/2024\/06\/02\/poliklinika-prskalo-cuvajmo-zdravlje-zajedno\/","og_site_name":"RADIO LJUBU\u0160KI","article_publisher":"https:\/\/www.facebook.com\/Radiio-Ljubuski-1490835324566332","article_published_time":"2024-06-02T07:13:41+00:00","article_modified_time":"2025-04-14T10:12:04+00:00","og_image":[{"width":1080,"height":592,"url":"https:\/\/radioljubuski.ba\/wp-content\/uploads\/2024\/05\/IMG_20240531_211024.jpg","type":"image\/jpeg"}],"author":"Radio Ljubu\u0161ki","twitter_card":"summary_large_image","twitter_creator":"@radioljubuski","twitter_site":"@radioljubuski","twitter_misc":{"Napisao\/la":"Radio Ljubu\u0161ki","Procijenjeno vrijeme \u010ditanja":"2 minute"},"schema":{"@context":"https:\/\/schema.org","@graph":[{"@type":"Article","@id":"https:\/\/radioljubuski.ba\/index.php\/2024\/06\/02\/poliklinika-prskalo-cuvajmo-zdravlje-zajedno\/#article","isPartOf":{"@id":"https:\/\/radioljubuski.ba\/index.php\/2024\/06\/02\/poliklinika-prskalo-cuvajmo-zdravlje-zajedno\/"},"author":{"name":"Radio Ljubu\u0161ki","@id":"https:\/\/radioljubuski.ba\/#\/schema\/person\/19fc700381a780f69665d7956c469e3b"},"headline":"Poliklinika Prskalo: \u010cuvajmo zdravlje zajedno","datePublished":"2024-06-02T07:13:41+00:00","dateModified":"2025-04-14T10:12:04+00:00","mainEntityOfPage":{"@id":"https:\/\/radioljubuski.ba\/index.php\/2024\/06\/02\/poliklinika-prskalo-cuvajmo-zdravlje-zajedno\/"},"wordCount":130,"publisher":{"@id":"https:\/\/radioljubuski.ba\/#organization"},"image":{"@id":"https:\/\/radioljubuski.ba\/index.php\/2024\/06\/02\/poliklinika-prskalo-cuvajmo-zdravlje-zajedno\/#primaryimage"},"thumbnailUrl":"https:\/\/radioljubuski.ba\/wp-content\/uploads\/2024\/05\/IMG_20240531_211024.jpg","articleSection":["BIH i regija"],"inLanguage":"hr"},{"@type":"WebPage","@id":"https:\/\/radioljubuski.ba\/index.php\/2024\/06\/02\/poliklinika-prskalo-cuvajmo-zdravlje-zajedno\/","url":"https:\/\/radioljubuski.ba\/index.php\/2024\/06\/02\/poliklinika-prskalo-cuvajmo-zdravlje-zajedno\/","name":"Poliklinika Prskalo: \u010cuvajmo zdravlje zajedno - RADIO LJUBU\u0160KI","isPartOf":{"@id":"https:\/\/radioljubuski.ba\/#website"},"primaryImageOfPage":{"@id":"https:\/\/radioljubuski.ba\/index.php\/2024\/06\/02\/poliklinika-prskalo-cuvajmo-zdravlje-zajedno\/#primaryimage"},"image":{"@id":"https:\/\/radioljubuski.ba\/index.php\/2024\/06\/02\/poliklinika-prskalo-cuvajmo-zdravlje-zajedno\/#primaryimage"},"thumbnailUrl":"https:\/\/radioljubuski.ba\/wp-content\/uploads\/2024\/05\/IMG_20240531_211024.jpg","datePublished":"2024-06-02T07:13:41+00:00","dateModified":"2025-04-14T10:12:04+00:00","breadcrumb":{"@id":"https:\/\/radioljubuski.ba\/index.php\/2024\/06\/02\/poliklinika-prskalo-cuvajmo-zdravlje-zajedno\/#breadcrumb"},"inLanguage":"hr","potentialAction":[{"@type":"ReadAction","target":["https:\/\/radioljubuski.ba\/index.php\/2024\/06\/02\/poliklinika-prskalo-cuvajmo-zdravlje-zajedno\/"]}]},{"@type":"ImageObject","inLanguage":"hr","@id":"https:\/\/radioljubuski.ba\/index.php\/2024\/06\/02\/poliklinika-prskalo-cuvajmo-zdravlje-zajedno\/#primaryimage","url":"https:\/\/radioljubuski.ba\/wp-content\/uploads\/2024\/05\/IMG_20240531_211024.jpg","contentUrl":"https:\/\/radioljubuski.ba\/wp-content\/uploads\/2024\/05\/IMG_20240531_211024.jpg","width":1080,"height":592},{"@type":"BreadcrumbList","@id":"https:\/\/radioljubuski.ba\/index.php\/2024\/06\/02\/poliklinika-prskalo-cuvajmo-zdravlje-zajedno\/#breadcrumb","itemListElement":[{"@type":"ListItem","position":1,"name":"Po\u010detna stranica","item":"https:\/\/radioljubuski.ba\/"},{"@type":"ListItem","position":2,"name":"Poliklinika Prskalo: \u010cuvajmo zdravlje zajedno"}]},{"@type":"WebSite","@id":"https:\/\/radioljubuski.ba\/#website","url":"https:\/\/radioljubuski.ba\/","name":"Radio Ljubu\u0161ki","description":"Sun\u010dana frekvencija Hercegovine","publisher":{"@id":"https:\/\/radioljubuski.ba\/#organization"},"potentialAction":[{"@type":"SearchAction","target":{"@type":"EntryPoint","urlTemplate":"https:\/\/radioljubuski.ba\/?s={search_term_string}"},"query-input":{"@type":"PropertyValueSpecification","valueRequired":true,"valueName":"search_term_string"}}],"inLanguage":"hr"},{"@type":"Organization","@id":"https:\/\/radioljubuski.ba\/#organization","name":"Radio Ljubu\u0161ki","url":"https:\/\/radioljubuski.ba\/","logo":{"@type":"ImageObject","inLanguage":"hr","@id":"https:\/\/radioljubuski.ba\/#\/schema\/logo\/image\/","url":"https:\/\/radioljubuski.ba\/wp-content\/uploads\/2021\/02\/cropped-Radio_Ljubuski_logo1.jpg","contentUrl":"https:\/\/radioljubuski.ba\/wp-content\/uploads\/2021\/02\/cropped-Radio_Ljubuski_logo1.jpg","width":512,"height":512,"caption":"Radio Ljubu\u0161ki"},"image":{"@id":"https:\/\/radioljubuski.ba\/#\/schema\/logo\/image\/"},"sameAs":["https:\/\/www.facebook.com\/Radiio-Ljubuski-1490835324566332","https:\/\/x.com\/radioljubuski","https:\/\/hr.linkedin.com\/company\/radio-ljubuski","https:\/\/www.youtube.com\/channel\/UCHYaeO_n0Db3tjNGudGpXyw"]},{"@type":"Person","@id":"https:\/\/radioljubuski.ba\/#\/schema\/person\/19fc700381a780f69665d7956c469e3b","name":"Radio Ljubu\u0161ki"}]}},"_links":{"self":[{"href":"https:\/\/radioljubuski.ba\/index.php\/wp-json\/wp\/v2\/posts\/205376","targetHints":{"allow":["GET"]}}],"collection":[{"href":"https:\/\/radioljubuski.ba\/index.php\/wp-json\/wp\/v2\/posts"}],"about":[{"href":"https:\/\/radioljubuski.ba\/index.php\/wp-json\/wp\/v2\/types\/post"}],"author":[{"embeddable":true,"href":"https:\/\/radioljubuski.ba\/index.php\/wp-json\/wp\/v2\/users\/2"}],"replies":[{"embeddable":true,"href":"https:\/\/radioljubuski.ba\/index.php\/wp-json\/wp\/v2\/comments?post=205376"}],"version-history":[{"count":12,"href":"https:\/\/radioljubuski.ba\/index.php\/wp-json\/wp\/v2\/posts\/205376\/revisions"}],"predecessor-version":[{"id":205428,"href":"https:\/\/radioljubuski.ba\/index.php\/wp-json\/wp\/v2\/posts\/205376\/revisions\/205428"}],"wp:featuredmedia":[{"embeddable":true,"href":"https:\/\/radioljubuski.ba\/index.php\/wp-json\/wp\/v2\/media\/205381"}],"wp:attachment":[{"href":"https:\/\/radioljubuski.ba\/index.php\/wp-json\/wp\/v2\/media?parent=205376"}],"wp:term":[{"taxonomy":"category","embeddable":true,"href":"https:\/\/radioljubuski.ba\/index.php\/wp-json\/wp\/v2\/categories?post=205376"},{"taxonomy":"post_tag","embeddable":true,"href":"https:\/\/radioljubuski.ba\/index.php\/wp-json\/wp\/v2\/tags?post=205376"}],"curies":[{"name":"wp","href":"https:\/\/api.w.org\/{rel}","templated":true}]}}