{"id":205565,"date":"2024-06-05T10:42:36","date_gmt":"2024-06-05T09:42:36","guid":{"rendered":"https:\/\/radioljubuski.ba\/?p=205565"},"modified":"2024-08-20T12:41:10","modified_gmt":"2024-08-20T11:41:10","slug":"ljubuski-uvodi-jednokratnu-novcanu-potporu-za-prvasice","status":"publish","type":"post","link":"https:\/\/radioljubuski.ba\/index.php\/2024\/06\/05\/ljubuski-uvodi-jednokratnu-novcanu-potporu-za-prvasice\/","title":{"rendered":"Ljubu\u0161ki uvodi jednokratnu nov\u010danu potporu za prva\u0161i\u0107e"},"content":{"rendered":"\n<p>Iako ve\u0107 prednja\u010di po brojnim demografskim mjerama, Grad Ljubu\u0161ki dono\u0161enjem novih odluka nastavlja osiguravati najpovoljniju klimu za \u017eivot obiteljima s djecom u Bosni i Hercegovini. Naime, na sljede\u0107oj sjednici Gradskog vije\u0107a Ljubu\u0161ki, koja je najavljena za petak, 7. lipnja 2024. godine, pred gradskim vije\u0107nicima na\u0107i \u0107e se prijedlog odluke o dodjeli jednokratne financijske potpore polaznicima prvih razreda osnovne \u0161kole s prebivali\u0161tem na podru\u010dju Grada Ljubu\u0161kog za \u0161kolsku 2024.\/2025. godinu. Ako vije\u0107nici podr\u017ee spomenutu odluku, svi prva\u0161i\u0107i s podru\u010dja ovog Grada pred po\u010detak \u0161kolske godine dobit \u0107e po 200 konvertibilnih maraka potpore.<\/p>\n\n\n\n<p><strong>Isplata do kraja kolovoza<\/strong><\/p>\n\n\n\n<p>\u2013 Sredstva za potpore osigurana su u prora\u010dunu Grada Ljubu\u0161kog te \u0107e biti ispla\u0107ena roditeljima\/zakonskim skrbnicima svih polaznika prvih razreda osnovnih \u0161kola na podru\u010dju Grada Ljubu\u0161kog koji ispunjavaju uvjete za potporu \u2013 navodi se u tekstu prijedloga odluke. Nadalje stoji kako pravo na potporu imaju polaznici prvog razreda osnovnih \u0161kola na podru\u010dju Grada Ljubu\u0161kog u \u0161kolskoj 2024.\/2025. godini; polaznici prvih razreda osnovnih \u0161kola izvan Grada Ljubu\u0161kog, a koji imaju prebivali\u0161te na podru\u010dju Grada Ljubu\u0161kog. Kako se navodi u prijedlogu odluke, potpora \u0107e svim u\u010denicima biti ispla\u0107ena do kraja kolovoza, a sve u skladu s javnim pozivom koji \u0107e biti objavljen. Za realizaciju odluke zadu\u017een je gradona\u010delnik Grada Ljubu\u0161kog Vedran Markoti\u0107. Prema njegovim rije\u010dima, cilj odluke o dodjeli jednokratne financijske potpore polaznicima prvih razreda osnovne \u0161kole s prebivali\u0161tem na podru\u010dju Grada Ljubu\u0161kog za \u0161kolsku 2024.\/2025. godinu je olak\u0161ati roditeljima opremanje prva\u0161i\u0107a za po\u010detak novog razdoblja \u017eivota. Uz ovu potporu, prva\u0161i\u0107e \u0107e, kao i sve u\u010denike osnovnih \u0161kola na podru\u010dju ovog grada, prvog dana nastave ponovno do\u010dekati bilje\u017enice i \u0161kolski pribor koje ve\u0107 tre\u0107u godinu za redom osiguravaju Grad Ljubu\u0161ki i JP Parkovi Ljubu\u0161ki.<\/p>\n\n\n\n<p><strong>Jo\u0161 olak\u0161ica<\/strong><\/p>\n\n\n\n<p>Ud\u017ebenike svim u\u010denicima osnovnih \u0161kola, kako u ovom gradu tako i u ostalim jedinicama lokalne samouprave, ve\u0107 godinama osigurava Vlada Zapadnohercegova\u010dke \u017eupanije. Uz navedeno, roditelji na podru\u010dju ove \u017eupanije ne moraju izdvajati novac za prijevoz jer jedinice lokalne samouprave s Vladom ZH\u017d-a subvencioniraju prijevoz svim u\u010denicima. Treba podsjetiti kako roditelji s podru\u010dja Grada Ljubu\u0161kog ve\u0107 godinama pla\u0107aju najjeftiniji vrti\u0107 u Federaciji BiH, a zahvaljuju\u0107i dodatnim izdvajanjima iz gradskog prora\u010duna nije do\u0161lo do rasta cijena smje\u0161taja u privatnim vrti\u0107ima. Uz to \u0161to za svakog maturanta osiguravaju po 300 KM jednokratne potpore, Grad Ljubu\u0161ki i Ministarstvo financija Zapadnohercegova\u010dke \u017eupanije svake godine pokrivaju tro\u0161kove maturalne ve\u010dere. Grad daje podr\u0161ku i svima onima koji nastave \u0161kolovanje.<\/p>\n\n\n\n<p>Tako svaki bruco\u0161, kao i svaki redoviti student s podru\u010dja Grada Ljubu\u0161kog svake godine mo\u017ee ra\u010dunati na nov\u010danu potporu od Grada u visini od 500 KM.<\/p>\n\n\n\n<p><em>Marija Medi\u0107 Bo\u0161njak<\/em>&nbsp;\/ Ve\u010dernji list<\/p>\n","protected":false},"excerpt":{"rendered":"<p>Iako ve\u0107 prednja\u010di po brojnim demografskim mjerama, Grad Ljubu\u0161ki dono\u0161enjem novih odluka nastavlja osiguravati najpovoljniju klimu za \u017eivot obiteljima s djecom u Bosni i Hercegovini. Naime, na sljede\u0107oj sjednici Gradskog vije\u0107a Ljubu\u0161ki, koja je najavljena za petak, 7. lipnja 2024. godine, pred gradskim vije\u0107nicima na\u0107i \u0107e se prijedlog odluke o dodjeli jednokratne financijske potpore polaznicima [&hellip;]<\/p>\n","protected":false},"author":2,"featured_media":205566,"comment_status":"closed","ping_status":"closed","sticky":false,"template":"","format":"standard","meta":{"h5ap_radio_sources":[],"footnotes":""},"categories":[3,28],"tags":[],"class_list":["post-205565","post","type-post","status-publish","format-standard","has-post-thumbnail","hentry","category-ljubuski","category-novosti"],"yoast_head":"<!-- This site is optimized with the Yoast SEO plugin v27.5 - https:\/\/yoast.com\/product\/yoast-seo-wordpress\/ -->\n<title>Ljubu\u0161ki uvodi jednokratnu nov\u010danu potporu za prva\u0161i\u0107e - RADIO LJUBU\u0160KI<\/title>\n<meta name=\"robots\" content=\"index, follow, max-snippet:-1, max-image-preview:large, max-video-preview:-1\" \/>\n<link rel=\"canonical\" href=\"https:\/\/radioljubuski.ba\/index.php\/2024\/06\/05\/ljubuski-uvodi-jednokratnu-novcanu-potporu-za-prvasice\/\" \/>\n<meta property=\"og:locale\" content=\"hr_HR\" \/>\n<meta property=\"og:type\" content=\"article\" \/>\n<meta property=\"og:title\" content=\"Ljubu\u0161ki uvodi jednokratnu nov\u010danu potporu za prva\u0161i\u0107e - RADIO LJUBU\u0160KI\" \/>\n<meta property=\"og:description\" content=\"Iako ve\u0107 prednja\u010di po brojnim demografskim mjerama, Grad Ljubu\u0161ki dono\u0161enjem novih odluka nastavlja osiguravati najpovoljniju klimu za \u017eivot obiteljima s djecom u Bosni i Hercegovini. Naime, na sljede\u0107oj sjednici Gradskog vije\u0107a Ljubu\u0161ki, koja je najavljena za petak, 7. lipnja 2024. godine, pred gradskim vije\u0107nicima na\u0107i \u0107e se prijedlog odluke o dodjeli jednokratne financijske potpore polaznicima [&hellip;]\" \/>\n<meta property=\"og:url\" content=\"https:\/\/radioljubuski.ba\/index.php\/2024\/06\/05\/ljubuski-uvodi-jednokratnu-novcanu-potporu-za-prvasice\/\" \/>\n<meta property=\"og:site_name\" content=\"RADIO LJUBU\u0160KI\" \/>\n<meta property=\"article:publisher\" content=\"https:\/\/www.facebook.com\/Radiio-Ljubuski-1490835324566332\" \/>\n<meta property=\"article:published_time\" content=\"2024-06-05T09:42:36+00:00\" \/>\n<meta property=\"article:modified_time\" content=\"2024-08-20T11:41:10+00:00\" \/>\n<meta property=\"og:image\" content=\"https:\/\/radioljubuski.ba\/wp-content\/uploads\/2024\/06\/c9cd922e3c54a8c2f782.jpeg\" \/>\n\t<meta property=\"og:image:width\" content=\"1279\" \/>\n\t<meta property=\"og:image:height\" content=\"853\" \/>\n\t<meta property=\"og:image:type\" content=\"image\/jpeg\" \/>\n<meta name=\"author\" content=\"Radio Ljubu\u0161ki\" \/>\n<meta name=\"twitter:card\" content=\"summary_large_image\" \/>\n<meta name=\"twitter:creator\" content=\"@radioljubuski\" \/>\n<meta name=\"twitter:site\" content=\"@radioljubuski\" \/>\n<meta name=\"twitter:label1\" content=\"Napisao\/la\" \/>\n\t<meta name=\"twitter:data1\" content=\"Radio Ljubu\u0161ki\" \/>\n\t<meta name=\"twitter:label2\" content=\"Procijenjeno vrijeme \u010ditanja\" \/>\n\t<meta name=\"twitter:data2\" content=\"3 minute\" \/>\n<script type=\"application\/ld+json\" class=\"yoast-schema-graph\">{\"@context\":\"https:\\\/\\\/schema.org\",\"@graph\":[{\"@type\":\"Article\",\"@id\":\"https:\\\/\\\/radioljubuski.ba\\\/index.php\\\/2024\\\/06\\\/05\\\/ljubuski-uvodi-jednokratnu-novcanu-potporu-za-prvasice\\\/#article\",\"isPartOf\":{\"@id\":\"https:\\\/\\\/radioljubuski.ba\\\/index.php\\\/2024\\\/06\\\/05\\\/ljubuski-uvodi-jednokratnu-novcanu-potporu-za-prvasice\\\/\"},\"author\":{\"name\":\"Radio Ljubu\u0161ki\",\"@id\":\"https:\\\/\\\/radioljubuski.ba\\\/#\\\/schema\\\/person\\\/19fc700381a780f69665d7956c469e3b\"},\"headline\":\"Ljubu\u0161ki uvodi jednokratnu nov\u010danu potporu za prva\u0161i\u0107e\",\"datePublished\":\"2024-06-05T09:42:36+00:00\",\"dateModified\":\"2024-08-20T11:41:10+00:00\",\"mainEntityOfPage\":{\"@id\":\"https:\\\/\\\/radioljubuski.ba\\\/index.php\\\/2024\\\/06\\\/05\\\/ljubuski-uvodi-jednokratnu-novcanu-potporu-za-prvasice\\\/\"},\"wordCount\":502,\"publisher\":{\"@id\":\"https:\\\/\\\/radioljubuski.ba\\\/#organization\"},\"image\":{\"@id\":\"https:\\\/\\\/radioljubuski.ba\\\/index.php\\\/2024\\\/06\\\/05\\\/ljubuski-uvodi-jednokratnu-novcanu-potporu-za-prvasice\\\/#primaryimage\"},\"thumbnailUrl\":\"https:\\\/\\\/radioljubuski.ba\\\/wp-content\\\/uploads\\\/2024\\\/06\\\/c9cd922e3c54a8c2f782.jpeg\",\"articleSection\":[\"Ljubu\u0161ki\",\"Novosti\"],\"inLanguage\":\"hr\"},{\"@type\":\"WebPage\",\"@id\":\"https:\\\/\\\/radioljubuski.ba\\\/index.php\\\/2024\\\/06\\\/05\\\/ljubuski-uvodi-jednokratnu-novcanu-potporu-za-prvasice\\\/\",\"url\":\"https:\\\/\\\/radioljubuski.ba\\\/index.php\\\/2024\\\/06\\\/05\\\/ljubuski-uvodi-jednokratnu-novcanu-potporu-za-prvasice\\\/\",\"name\":\"Ljubu\u0161ki uvodi jednokratnu nov\u010danu potporu za prva\u0161i\u0107e - RADIO LJUBU\u0160KI\",\"isPartOf\":{\"@id\":\"https:\\\/\\\/radioljubuski.ba\\\/#website\"},\"primaryImageOfPage\":{\"@id\":\"https:\\\/\\\/radioljubuski.ba\\\/index.php\\\/2024\\\/06\\\/05\\\/ljubuski-uvodi-jednokratnu-novcanu-potporu-za-prvasice\\\/#primaryimage\"},\"image\":{\"@id\":\"https:\\\/\\\/radioljubuski.ba\\\/index.php\\\/2024\\\/06\\\/05\\\/ljubuski-uvodi-jednokratnu-novcanu-potporu-za-prvasice\\\/#primaryimage\"},\"thumbnailUrl\":\"https:\\\/\\\/radioljubuski.ba\\\/wp-content\\\/uploads\\\/2024\\\/06\\\/c9cd922e3c54a8c2f782.jpeg\",\"datePublished\":\"2024-06-05T09:42:36+00:00\",\"dateModified\":\"2024-08-20T11:41:10+00:00\",\"breadcrumb\":{\"@id\":\"https:\\\/\\\/radioljubuski.ba\\\/index.php\\\/2024\\\/06\\\/05\\\/ljubuski-uvodi-jednokratnu-novcanu-potporu-za-prvasice\\\/#breadcrumb\"},\"inLanguage\":\"hr\",\"potentialAction\":[{\"@type\":\"ReadAction\",\"target\":[\"https:\\\/\\\/radioljubuski.ba\\\/index.php\\\/2024\\\/06\\\/05\\\/ljubuski-uvodi-jednokratnu-novcanu-potporu-za-prvasice\\\/\"]}]},{\"@type\":\"ImageObject\",\"inLanguage\":\"hr\",\"@id\":\"https:\\\/\\\/radioljubuski.ba\\\/index.php\\\/2024\\\/06\\\/05\\\/ljubuski-uvodi-jednokratnu-novcanu-potporu-za-prvasice\\\/#primaryimage\",\"url\":\"https:\\\/\\\/radioljubuski.ba\\\/wp-content\\\/uploads\\\/2024\\\/06\\\/c9cd922e3c54a8c2f782.jpeg\",\"contentUrl\":\"https:\\\/\\\/radioljubuski.ba\\\/wp-content\\\/uploads\\\/2024\\\/06\\\/c9cd922e3c54a8c2f782.jpeg\",\"width\":1279,\"height\":853},{\"@type\":\"BreadcrumbList\",\"@id\":\"https:\\\/\\\/radioljubuski.ba\\\/index.php\\\/2024\\\/06\\\/05\\\/ljubuski-uvodi-jednokratnu-novcanu-potporu-za-prvasice\\\/#breadcrumb\",\"itemListElement\":[{\"@type\":\"ListItem\",\"position\":1,\"name\":\"Po\u010detna stranica\",\"item\":\"https:\\\/\\\/radioljubuski.ba\\\/\"},{\"@type\":\"ListItem\",\"position\":2,\"name\":\"Ljubu\u0161ki uvodi jednokratnu nov\u010danu potporu za prva\u0161i\u0107e\"}]},{\"@type\":\"WebSite\",\"@id\":\"https:\\\/\\\/radioljubuski.ba\\\/#website\",\"url\":\"https:\\\/\\\/radioljubuski.ba\\\/\",\"name\":\"Radio Ljubu\u0161ki\",\"description\":\"Sun\u010dana frekvencija Hercegovine\",\"publisher\":{\"@id\":\"https:\\\/\\\/radioljubuski.ba\\\/#organization\"},\"potentialAction\":[{\"@type\":\"SearchAction\",\"target\":{\"@type\":\"EntryPoint\",\"urlTemplate\":\"https:\\\/\\\/radioljubuski.ba\\\/?s={search_term_string}\"},\"query-input\":{\"@type\":\"PropertyValueSpecification\",\"valueRequired\":true,\"valueName\":\"search_term_string\"}}],\"inLanguage\":\"hr\"},{\"@type\":\"Organization\",\"@id\":\"https:\\\/\\\/radioljubuski.ba\\\/#organization\",\"name\":\"Radio Ljubu\u0161ki\",\"url\":\"https:\\\/\\\/radioljubuski.ba\\\/\",\"logo\":{\"@type\":\"ImageObject\",\"inLanguage\":\"hr\",\"@id\":\"https:\\\/\\\/radioljubuski.ba\\\/#\\\/schema\\\/logo\\\/image\\\/\",\"url\":\"https:\\\/\\\/radioljubuski.ba\\\/wp-content\\\/uploads\\\/2021\\\/02\\\/cropped-Radio_Ljubuski_logo1.jpg\",\"contentUrl\":\"https:\\\/\\\/radioljubuski.ba\\\/wp-content\\\/uploads\\\/2021\\\/02\\\/cropped-Radio_Ljubuski_logo1.jpg\",\"width\":512,\"height\":512,\"caption\":\"Radio Ljubu\u0161ki\"},\"image\":{\"@id\":\"https:\\\/\\\/radioljubuski.ba\\\/#\\\/schema\\\/logo\\\/image\\\/\"},\"sameAs\":[\"https:\\\/\\\/www.facebook.com\\\/Radiio-Ljubuski-1490835324566332\",\"https:\\\/\\\/x.com\\\/radioljubuski\",\"https:\\\/\\\/hr.linkedin.com\\\/company\\\/radio-ljubuski\",\"https:\\\/\\\/www.youtube.com\\\/channel\\\/UCHYaeO_n0Db3tjNGudGpXyw\"]},{\"@type\":\"Person\",\"@id\":\"https:\\\/\\\/radioljubuski.ba\\\/#\\\/schema\\\/person\\\/19fc700381a780f69665d7956c469e3b\",\"name\":\"Radio Ljubu\u0161ki\"}]}<\/script>\n<!-- \/ Yoast SEO plugin. -->","yoast_head_json":{"title":"Ljubu\u0161ki uvodi jednokratnu nov\u010danu potporu za prva\u0161i\u0107e - RADIO LJUBU\u0160KI","robots":{"index":"index","follow":"follow","max-snippet":"max-snippet:-1","max-image-preview":"max-image-preview:large","max-video-preview":"max-video-preview:-1"},"canonical":"https:\/\/radioljubuski.ba\/index.php\/2024\/06\/05\/ljubuski-uvodi-jednokratnu-novcanu-potporu-za-prvasice\/","og_locale":"hr_HR","og_type":"article","og_title":"Ljubu\u0161ki uvodi jednokratnu nov\u010danu potporu za prva\u0161i\u0107e - RADIO LJUBU\u0160KI","og_description":"Iako ve\u0107 prednja\u010di po brojnim demografskim mjerama, Grad Ljubu\u0161ki dono\u0161enjem novih odluka nastavlja osiguravati najpovoljniju klimu za \u017eivot obiteljima s djecom u Bosni i Hercegovini. Naime, na sljede\u0107oj sjednici Gradskog vije\u0107a Ljubu\u0161ki, koja je najavljena za petak, 7. lipnja 2024. godine, pred gradskim vije\u0107nicima na\u0107i \u0107e se prijedlog odluke o dodjeli jednokratne financijske potpore polaznicima [&hellip;]","og_url":"https:\/\/radioljubuski.ba\/index.php\/2024\/06\/05\/ljubuski-uvodi-jednokratnu-novcanu-potporu-za-prvasice\/","og_site_name":"RADIO LJUBU\u0160KI","article_publisher":"https:\/\/www.facebook.com\/Radiio-Ljubuski-1490835324566332","article_published_time":"2024-06-05T09:42:36+00:00","article_modified_time":"2024-08-20T11:41:10+00:00","og_image":[{"width":1279,"height":853,"url":"https:\/\/radioljubuski.ba\/wp-content\/uploads\/2024\/06\/c9cd922e3c54a8c2f782.jpeg","type":"image\/jpeg"}],"author":"Radio Ljubu\u0161ki","twitter_card":"summary_large_image","twitter_creator":"@radioljubuski","twitter_site":"@radioljubuski","twitter_misc":{"Napisao\/la":"Radio Ljubu\u0161ki","Procijenjeno vrijeme \u010ditanja":"3 minute"},"schema":{"@context":"https:\/\/schema.org","@graph":[{"@type":"Article","@id":"https:\/\/radioljubuski.ba\/index.php\/2024\/06\/05\/ljubuski-uvodi-jednokratnu-novcanu-potporu-za-prvasice\/#article","isPartOf":{"@id":"https:\/\/radioljubuski.ba\/index.php\/2024\/06\/05\/ljubuski-uvodi-jednokratnu-novcanu-potporu-za-prvasice\/"},"author":{"name":"Radio Ljubu\u0161ki","@id":"https:\/\/radioljubuski.ba\/#\/schema\/person\/19fc700381a780f69665d7956c469e3b"},"headline":"Ljubu\u0161ki uvodi jednokratnu nov\u010danu potporu za prva\u0161i\u0107e","datePublished":"2024-06-05T09:42:36+00:00","dateModified":"2024-08-20T11:41:10+00:00","mainEntityOfPage":{"@id":"https:\/\/radioljubuski.ba\/index.php\/2024\/06\/05\/ljubuski-uvodi-jednokratnu-novcanu-potporu-za-prvasice\/"},"wordCount":502,"publisher":{"@id":"https:\/\/radioljubuski.ba\/#organization"},"image":{"@id":"https:\/\/radioljubuski.ba\/index.php\/2024\/06\/05\/ljubuski-uvodi-jednokratnu-novcanu-potporu-za-prvasice\/#primaryimage"},"thumbnailUrl":"https:\/\/radioljubuski.ba\/wp-content\/uploads\/2024\/06\/c9cd922e3c54a8c2f782.jpeg","articleSection":["Ljubu\u0161ki","Novosti"],"inLanguage":"hr"},{"@type":"WebPage","@id":"https:\/\/radioljubuski.ba\/index.php\/2024\/06\/05\/ljubuski-uvodi-jednokratnu-novcanu-potporu-za-prvasice\/","url":"https:\/\/radioljubuski.ba\/index.php\/2024\/06\/05\/ljubuski-uvodi-jednokratnu-novcanu-potporu-za-prvasice\/","name":"Ljubu\u0161ki uvodi jednokratnu nov\u010danu potporu za prva\u0161i\u0107e - RADIO LJUBU\u0160KI","isPartOf":{"@id":"https:\/\/radioljubuski.ba\/#website"},"primaryImageOfPage":{"@id":"https:\/\/radioljubuski.ba\/index.php\/2024\/06\/05\/ljubuski-uvodi-jednokratnu-novcanu-potporu-za-prvasice\/#primaryimage"},"image":{"@id":"https:\/\/radioljubuski.ba\/index.php\/2024\/06\/05\/ljubuski-uvodi-jednokratnu-novcanu-potporu-za-prvasice\/#primaryimage"},"thumbnailUrl":"https:\/\/radioljubuski.ba\/wp-content\/uploads\/2024\/06\/c9cd922e3c54a8c2f782.jpeg","datePublished":"2024-06-05T09:42:36+00:00","dateModified":"2024-08-20T11:41:10+00:00","breadcrumb":{"@id":"https:\/\/radioljubuski.ba\/index.php\/2024\/06\/05\/ljubuski-uvodi-jednokratnu-novcanu-potporu-za-prvasice\/#breadcrumb"},"inLanguage":"hr","potentialAction":[{"@type":"ReadAction","target":["https:\/\/radioljubuski.ba\/index.php\/2024\/06\/05\/ljubuski-uvodi-jednokratnu-novcanu-potporu-za-prvasice\/"]}]},{"@type":"ImageObject","inLanguage":"hr","@id":"https:\/\/radioljubuski.ba\/index.php\/2024\/06\/05\/ljubuski-uvodi-jednokratnu-novcanu-potporu-za-prvasice\/#primaryimage","url":"https:\/\/radioljubuski.ba\/wp-content\/uploads\/2024\/06\/c9cd922e3c54a8c2f782.jpeg","contentUrl":"https:\/\/radioljubuski.ba\/wp-content\/uploads\/2024\/06\/c9cd922e3c54a8c2f782.jpeg","width":1279,"height":853},{"@type":"BreadcrumbList","@id":"https:\/\/radioljubuski.ba\/index.php\/2024\/06\/05\/ljubuski-uvodi-jednokratnu-novcanu-potporu-za-prvasice\/#breadcrumb","itemListElement":[{"@type":"ListItem","position":1,"name":"Po\u010detna stranica","item":"https:\/\/radioljubuski.ba\/"},{"@type":"ListItem","position":2,"name":"Ljubu\u0161ki uvodi jednokratnu nov\u010danu potporu za prva\u0161i\u0107e"}]},{"@type":"WebSite","@id":"https:\/\/radioljubuski.ba\/#website","url":"https:\/\/radioljubuski.ba\/","name":"Radio Ljubu\u0161ki","description":"Sun\u010dana frekvencija Hercegovine","publisher":{"@id":"https:\/\/radioljubuski.ba\/#organization"},"potentialAction":[{"@type":"SearchAction","target":{"@type":"EntryPoint","urlTemplate":"https:\/\/radioljubuski.ba\/?s={search_term_string}"},"query-input":{"@type":"PropertyValueSpecification","valueRequired":true,"valueName":"search_term_string"}}],"inLanguage":"hr"},{"@type":"Organization","@id":"https:\/\/radioljubuski.ba\/#organization","name":"Radio Ljubu\u0161ki","url":"https:\/\/radioljubuski.ba\/","logo":{"@type":"ImageObject","inLanguage":"hr","@id":"https:\/\/radioljubuski.ba\/#\/schema\/logo\/image\/","url":"https:\/\/radioljubuski.ba\/wp-content\/uploads\/2021\/02\/cropped-Radio_Ljubuski_logo1.jpg","contentUrl":"https:\/\/radioljubuski.ba\/wp-content\/uploads\/2021\/02\/cropped-Radio_Ljubuski_logo1.jpg","width":512,"height":512,"caption":"Radio Ljubu\u0161ki"},"image":{"@id":"https:\/\/radioljubuski.ba\/#\/schema\/logo\/image\/"},"sameAs":["https:\/\/www.facebook.com\/Radiio-Ljubuski-1490835324566332","https:\/\/x.com\/radioljubuski","https:\/\/hr.linkedin.com\/company\/radio-ljubuski","https:\/\/www.youtube.com\/channel\/UCHYaeO_n0Db3tjNGudGpXyw"]},{"@type":"Person","@id":"https:\/\/radioljubuski.ba\/#\/schema\/person\/19fc700381a780f69665d7956c469e3b","name":"Radio Ljubu\u0161ki"}]}},"_links":{"self":[{"href":"https:\/\/radioljubuski.ba\/index.php\/wp-json\/wp\/v2\/posts\/205565","targetHints":{"allow":["GET"]}}],"collection":[{"href":"https:\/\/radioljubuski.ba\/index.php\/wp-json\/wp\/v2\/posts"}],"about":[{"href":"https:\/\/radioljubuski.ba\/index.php\/wp-json\/wp\/v2\/types\/post"}],"author":[{"embeddable":true,"href":"https:\/\/radioljubuski.ba\/index.php\/wp-json\/wp\/v2\/users\/2"}],"replies":[{"embeddable":true,"href":"https:\/\/radioljubuski.ba\/index.php\/wp-json\/wp\/v2\/comments?post=205565"}],"version-history":[{"count":1,"href":"https:\/\/radioljubuski.ba\/index.php\/wp-json\/wp\/v2\/posts\/205565\/revisions"}],"predecessor-version":[{"id":205567,"href":"https:\/\/radioljubuski.ba\/index.php\/wp-json\/wp\/v2\/posts\/205565\/revisions\/205567"}],"wp:featuredmedia":[{"embeddable":true,"href":"https:\/\/radioljubuski.ba\/index.php\/wp-json\/wp\/v2\/media\/205566"}],"wp:attachment":[{"href":"https:\/\/radioljubuski.ba\/index.php\/wp-json\/wp\/v2\/media?parent=205565"}],"wp:term":[{"taxonomy":"category","embeddable":true,"href":"https:\/\/radioljubuski.ba\/index.php\/wp-json\/wp\/v2\/categories?post=205565"},{"taxonomy":"post_tag","embeddable":true,"href":"https:\/\/radioljubuski.ba\/index.php\/wp-json\/wp\/v2\/tags?post=205565"}],"curies":[{"name":"wp","href":"https:\/\/api.w.org\/{rel}","templated":true}]}}