{"id":205694,"date":"2024-06-07T12:43:25","date_gmt":"2024-06-07T11:43:25","guid":{"rendered":"https:\/\/radioljubuski.ba\/?p=205694"},"modified":"2024-06-07T12:43:26","modified_gmt":"2024-06-07T11:43:26","slug":"video-grad-ljubuski-prvasicima-po-200-km-potpore-zrtvama-nasilja-sigurna-kuca","status":"publish","type":"post","link":"https:\/\/radioljubuski.ba\/index.php\/2024\/06\/07\/video-grad-ljubuski-prvasicima-po-200-km-potpore-zrtvama-nasilja-sigurna-kuca\/","title":{"rendered":"VIDEO\/ Grad Ljubu\u0161ki: Prva\u0161i\u0107ima po 200 KM potpore, \u017ertvama nasilja Sigurna ku\u0107a"},"content":{"rendered":"\n<p>XXXV. sjednica Gradskog vije\u0107a Ljubu\u0161ki odr\u017eana je danas u Kulturnom centru. Pred vije\u0107nicima se na\u0161lo 30 to\u010daka dnevnog reda, me\u0111u kojima i informacije o radu u protekloj i programi rada u teku\u0107oj godini Crvenog kri\u017ea i srednjih \u0161kola te izvje\u0161\u0107a o radu i programi rada osnovnih \u0161kola, Centra za socijalni rad Ljubu\u0161ki, Edukacijsko-rehabilitacijskog centra za djecu, mlade i odrasle osobe s te\u0161ko\u0107ama u razvoju Grada Ljubu\u0161kog, JU \u201cKulturno-\u0161portski centar\u201d Ljubu\u0161ki, kao i nekoliko prijedloga odluka o kojima su vije\u0107nici odlu\u010divali.<\/p>\n\n\n\n<p>Sve one to\u010dke dnevnog reda o kojima su vije\u0107nici glasovali su usvojene jednoglasno, a jedna od njih, koja \u0107e najvi\u0161e obradovati roditelje budu\u0107ih prva\u0161i\u0107a je i odluka o dodjeli financijske potpore polaznicima prvih razreda Osnovne \u0161kole s prebivali\u0161tem na podru\u010dju Grada Ljubu\u0161kog za \u0161kolsku 2024.\/2025. Potpora prva\u0161i\u0107ima iznosi 200 KM i bit \u0107e ispla\u0107ena do kraja mjeseca kolovoza, a pravo na nju imaju svi polaznici prvih razreda osnovnih \u0161kola na podru\u010dju Grada Ljubu\u0161kog koji moraju ispuniti jedan od sljede\u0107ih uvjeta:<br>a) Polaznici su prvog razreda osnovnih \u0161kola na podru\u010dju Grada Ljubu\u0161kog u \u0161kolskoj godini 2024.\/2025.<br>b) Polaznici su prvih razreda osnovnih \u0161kola izvan Grada Ljubu\u0161kog, a imaju prebivali\u0161te na podru\u010dju Grada Ljubu\u0161kog.<\/p>\n\n\n\n<blockquote class=\"instagram-media\" data-instgrm-captioned data-instgrm-permalink=\"https:\/\/www.instagram.com\/reel\/C76R0YbMvkc\/?utm_source=ig_embed&amp;utm_campaign=loading\" data-instgrm-version=\"14\" style=\" background:#FFF; border:0; border-radius:3px; box-shadow:0 0 1px 0 rgba(0,0,0,0.5),0 1px 10px 0 rgba(0,0,0,0.15); margin: 1px; max-width:540px; min-width:326px; padding:0; width:99.375%; width:-webkit-calc(100% - 2px); width:calc(100% - 2px);\"><div style=\"padding:16px;\"> <a href=\"https:\/\/www.instagram.com\/reel\/C76R0YbMvkc\/?utm_source=ig_embed&amp;utm_campaign=loading\" style=\" background:#FFFFFF; line-height:0; padding:0 0; text-align:center; text-decoration:none; width:100%;\" target=\"_blank\" rel=\"noopener\"> <div style=\" display: flex; flex-direction: row; align-items: center;\"> <div style=\"background-color: #F4F4F4; border-radius: 50%; flex-grow: 0; height: 40px; margin-right: 14px; width: 40px;\"><\/div> <div style=\"display: flex; flex-direction: column; flex-grow: 1; justify-content: center;\"> <div style=\" background-color: #F4F4F4; border-radius: 4px; flex-grow: 0; height: 14px; margin-bottom: 6px; width: 100px;\"><\/div> <div style=\" background-color: #F4F4F4; border-radius: 4px; flex-grow: 0; height: 14px; width: 60px;\"><\/div><\/div><\/div><div style=\"padding: 19% 0;\"><\/div> <div style=\"display:block; height:50px; margin:0 auto 12px; width:50px;\"><svg width=\"50px\" height=\"50px\" viewBox=\"0 0 60 60\" version=\"1.1\" xmlns=\"https:\/\/www.w3.org\/2000\/svg\" xmlns:xlink=\"https:\/\/www.w3.org\/1999\/xlink\"><g stroke=\"none\" stroke-width=\"1\" fill=\"none\" fill-rule=\"evenodd\"><g transform=\"translate(-511.000000, -20.000000)\" fill=\"#000000\"><g><path d=\"M556.869,30.41 C554.814,30.41 553.148,32.076 553.148,34.131 C553.148,36.186 554.814,37.852 556.869,37.852 C558.924,37.852 560.59,36.186 560.59,34.131 C560.59,32.076 558.924,30.41 556.869,30.41 M541,60.657 C535.114,60.657 530.342,55.887 530.342,50 C530.342,44.114 535.114,39.342 541,39.342 C546.887,39.342 551.658,44.114 551.658,50 C551.658,55.887 546.887,60.657 541,60.657 M541,33.886 C532.1,33.886 524.886,41.1 524.886,50 C524.886,58.899 532.1,66.113 541,66.113 C549.9,66.113 557.115,58.899 557.115,50 C557.115,41.1 549.9,33.886 541,33.886 M565.378,62.101 C565.244,65.022 564.756,66.606 564.346,67.663 C563.803,69.06 563.154,70.057 562.106,71.106 C561.058,72.155 560.06,72.803 558.662,73.347 C557.607,73.757 556.021,74.244 553.102,74.378 C549.944,74.521 548.997,74.552 541,74.552 C533.003,74.552 532.056,74.521 528.898,74.378 C525.979,74.244 524.393,73.757 523.338,73.347 C521.94,72.803 520.942,72.155 519.894,71.106 C518.846,70.057 518.197,69.06 517.654,67.663 C517.244,66.606 516.755,65.022 516.623,62.101 C516.479,58.943 516.448,57.996 516.448,50 C516.448,42.003 516.479,41.056 516.623,37.899 C516.755,34.978 517.244,33.391 517.654,32.338 C518.197,30.938 518.846,29.942 519.894,28.894 C520.942,27.846 521.94,27.196 523.338,26.654 C524.393,26.244 525.979,25.756 528.898,25.623 C532.057,25.479 533.004,25.448 541,25.448 C548.997,25.448 549.943,25.479 553.102,25.623 C556.021,25.756 557.607,26.244 558.662,26.654 C560.06,27.196 561.058,27.846 562.106,28.894 C563.154,29.942 563.803,30.938 564.346,32.338 C564.756,33.391 565.244,34.978 565.378,37.899 C565.522,41.056 565.552,42.003 565.552,50 C565.552,57.996 565.522,58.943 565.378,62.101 M570.82,37.631 C570.674,34.438 570.167,32.258 569.425,30.349 C568.659,28.377 567.633,26.702 565.965,25.035 C564.297,23.368 562.623,22.342 560.652,21.575 C558.743,20.834 556.562,20.326 553.369,20.18 C550.169,20.033 549.148,20 541,20 C532.853,20 531.831,20.033 528.631,20.18 C525.438,20.326 523.257,20.834 521.349,21.575 C519.376,22.342 517.703,23.368 516.035,25.035 C514.368,26.702 513.342,28.377 512.574,30.349 C511.834,32.258 511.326,34.438 511.181,37.631 C511.035,40.831 511,41.851 511,50 C511,58.147 511.035,59.17 511.181,62.369 C511.326,65.562 511.834,67.743 512.574,69.651 C513.342,71.625 514.368,73.296 516.035,74.965 C517.703,76.634 519.376,77.658 521.349,78.425 C523.257,79.167 525.438,79.673 528.631,79.82 C531.831,79.965 532.853,80.001 541,80.001 C549.148,80.001 550.169,79.965 553.369,79.82 C556.562,79.673 558.743,79.167 560.652,78.425 C562.623,77.658 564.297,76.634 565.965,74.965 C567.633,73.296 568.659,71.625 569.425,69.651 C570.167,67.743 570.674,65.562 570.82,62.369 C570.966,59.17 571,58.147 571,50 C571,41.851 570.966,40.831 570.82,37.631\"><\/path><\/g><\/g><\/g><\/svg><\/div><div style=\"padding-top: 8px;\"> <div style=\" color:#3897f0; font-family:Arial,sans-serif; font-size:14px; font-style:normal; font-weight:550; line-height:18px;\">Pogledajte ovu objavu na Instagramu.<\/div><\/div><div style=\"padding: 12.5% 0;\"><\/div> <div style=\"display: flex; flex-direction: row; margin-bottom: 14px; align-items: center;\"><div> <div style=\"background-color: #F4F4F4; border-radius: 50%; height: 12.5px; width: 12.5px; transform: translateX(0px) translateY(7px);\"><\/div> <div style=\"background-color: #F4F4F4; height: 12.5px; transform: rotate(-45deg) translateX(3px) translateY(1px); width: 12.5px; flex-grow: 0; margin-right: 14px; margin-left: 2px;\"><\/div> <div style=\"background-color: #F4F4F4; border-radius: 50%; height: 12.5px; width: 12.5px; transform: translateX(9px) translateY(-18px);\"><\/div><\/div><div style=\"margin-left: 8px;\"> <div style=\" background-color: #F4F4F4; border-radius: 50%; flex-grow: 0; height: 20px; width: 20px;\"><\/div> <div style=\" width: 0; height: 0; border-top: 2px solid transparent; border-left: 6px solid #f4f4f4; border-bottom: 2px solid transparent; transform: translateX(16px) translateY(-4px) rotate(30deg)\"><\/div><\/div><div style=\"margin-left: auto;\"> <div style=\" width: 0px; border-top: 8px solid #F4F4F4; border-right: 8px solid transparent; transform: translateY(16px);\"><\/div> <div style=\" background-color: #F4F4F4; flex-grow: 0; height: 12px; width: 16px; transform: translateY(-4px);\"><\/div> <div style=\" width: 0; height: 0; border-top: 8px solid #F4F4F4; border-left: 8px solid transparent; transform: translateY(-4px) translateX(8px);\"><\/div><\/div><\/div> <div style=\"display: flex; flex-direction: column; flex-grow: 1; justify-content: center; margin-bottom: 24px;\"> <div style=\" background-color: #F4F4F4; border-radius: 4px; flex-grow: 0; height: 14px; margin-bottom: 6px; width: 224px;\"><\/div> <div style=\" background-color: #F4F4F4; border-radius: 4px; flex-grow: 0; height: 14px; width: 144px;\"><\/div><\/div><\/a><p style=\" color:#c9c8cd; font-family:Arial,sans-serif; font-size:14px; line-height:17px; margin-bottom:0; margin-top:8px; overflow:hidden; padding:8px 0 7px; text-align:center; text-overflow:ellipsis; white-space:nowrap;\"><a href=\"https:\/\/www.instagram.com\/reel\/C76R0YbMvkc\/?utm_source=ig_embed&amp;utm_campaign=loading\" style=\" color:#c9c8cd; font-family:Arial,sans-serif; font-size:14px; font-style:normal; font-weight:normal; line-height:17px; text-decoration:none;\" target=\"_blank\" rel=\"noopener\">Objavu dijeli Radio Ljubu\u0161ki\ud83d\udcfb (@radio_ljubuski)<\/a><\/p><\/div><\/blockquote> <script async src=\"\/\/www.instagram.com\/embed.js\"><\/script>\n\n\n\n<p>\u2013&nbsp;<em>Uz one mjere koje smo dosad imali, \u010detvrtu godinu zaredom Grad Ljubu\u0161ki skupa s JP \u201eParkovi\u201c d.o.o. kupuje bilje\u017enice i osnovni \u0161kolski pribor za sve u\u010denike osnovnih \u0161kola, a \u017dupanija Zapadnohercegova\u010dka im ve\u0107 nekoliko godina osigurava ud\u017ebenike da bi roditelji imali \u0161to manje tro\u0161kove. Nastavno na tu odluku i dobru praksu koja se pokazala kao lijep primjer uz dosta pozitivne reakcije roditelja, mi smo ove godine odlu\u010dili osigurati na\u0161im prva\u0161i\u0107ima s prebivali\u0161tem na podru\u010dju Grada Ljubu\u0161kom po 200 KM potpore, neovisno od toga poha\u0111aju li \u0161kole na podru\u010dju Ljubu\u0161kog ili negdje drugdje, na ra\u010dun roditelja za opremanje pred polazak u prvi razred<\/em>&nbsp;\u2013 kazao je u izjavi za medije o novoj potpori u okviru demografskih mjera gradona\u010delnik Vedran Markoti\u0107 podsjetiv\u0161i kako \u017dupanija Zapadnohercegova\u010dka i Grad Ljubu\u0161ki ve\u0107 \u010detiri godine u potpunosti financiraju prijevoz u\u010denika osnovnih i srednjih \u0161kola kako bi se roditeljima financijski olak\u0161alo \u0161kolovanje djece.<\/p>\n\n\n\n<p>Me\u0111u to\u010dkama dnevnog reda bio je i Prijedlog Rje\u0161enja o davanju prethodne suglasnosti na Odluku o osnivanju podru\u017enice Javne ustanove Centra za socijalni rad Ljubu\u0161ki \u2013 Sigurna ku\u0107a s ciljem za\u0161tite \u017ertava nasilja. Kako je navedeno u obrazlo\u017eenju, u Bosni i Hercegovini postoji 8 sigurnih ku\u0107a, odnosno skloni\u0161ta za \u017ertve nasilja, ali niti jedno na podru\u010dju \u017dupanije Zapadnohercegova\u010dke.<\/p>\n\n\n\n<blockquote class=\"instagram-media\" data-instgrm-captioned data-instgrm-permalink=\"https:\/\/www.instagram.com\/reel\/C76YZvJMG-x\/?utm_source=ig_embed&amp;utm_campaign=loading\" data-instgrm-version=\"14\" style=\" background:#FFF; border:0; border-radius:3px; box-shadow:0 0 1px 0 rgba(0,0,0,0.5),0 1px 10px 0 rgba(0,0,0,0.15); margin: 1px; max-width:540px; min-width:326px; padding:0; width:99.375%; width:-webkit-calc(100% - 2px); width:calc(100% - 2px);\"><div style=\"padding:16px;\"> <a href=\"https:\/\/www.instagram.com\/reel\/C76YZvJMG-x\/?utm_source=ig_embed&amp;utm_campaign=loading\" style=\" background:#FFFFFF; line-height:0; padding:0 0; text-align:center; text-decoration:none; width:100%;\" target=\"_blank\" rel=\"noopener\"> <div style=\" display: flex; flex-direction: row; align-items: center;\"> <div style=\"background-color: #F4F4F4; border-radius: 50%; flex-grow: 0; height: 40px; margin-right: 14px; width: 40px;\"><\/div> <div style=\"display: flex; flex-direction: column; flex-grow: 1; justify-content: center;\"> <div style=\" background-color: #F4F4F4; border-radius: 4px; flex-grow: 0; height: 14px; margin-bottom: 6px; width: 100px;\"><\/div> <div style=\" background-color: #F4F4F4; border-radius: 4px; flex-grow: 0; height: 14px; width: 60px;\"><\/div><\/div><\/div><div style=\"padding: 19% 0;\"><\/div> <div style=\"display:block; height:50px; margin:0 auto 12px; width:50px;\"><svg width=\"50px\" height=\"50px\" viewBox=\"0 0 60 60\" version=\"1.1\" xmlns=\"https:\/\/www.w3.org\/2000\/svg\" xmlns:xlink=\"https:\/\/www.w3.org\/1999\/xlink\"><g stroke=\"none\" stroke-width=\"1\" fill=\"none\" fill-rule=\"evenodd\"><g transform=\"translate(-511.000000, -20.000000)\" fill=\"#000000\"><g><path d=\"M556.869,30.41 C554.814,30.41 553.148,32.076 553.148,34.131 C553.148,36.186 554.814,37.852 556.869,37.852 C558.924,37.852 560.59,36.186 560.59,34.131 C560.59,32.076 558.924,30.41 556.869,30.41 M541,60.657 C535.114,60.657 530.342,55.887 530.342,50 C530.342,44.114 535.114,39.342 541,39.342 C546.887,39.342 551.658,44.114 551.658,50 C551.658,55.887 546.887,60.657 541,60.657 M541,33.886 C532.1,33.886 524.886,41.1 524.886,50 C524.886,58.899 532.1,66.113 541,66.113 C549.9,66.113 557.115,58.899 557.115,50 C557.115,41.1 549.9,33.886 541,33.886 M565.378,62.101 C565.244,65.022 564.756,66.606 564.346,67.663 C563.803,69.06 563.154,70.057 562.106,71.106 C561.058,72.155 560.06,72.803 558.662,73.347 C557.607,73.757 556.021,74.244 553.102,74.378 C549.944,74.521 548.997,74.552 541,74.552 C533.003,74.552 532.056,74.521 528.898,74.378 C525.979,74.244 524.393,73.757 523.338,73.347 C521.94,72.803 520.942,72.155 519.894,71.106 C518.846,70.057 518.197,69.06 517.654,67.663 C517.244,66.606 516.755,65.022 516.623,62.101 C516.479,58.943 516.448,57.996 516.448,50 C516.448,42.003 516.479,41.056 516.623,37.899 C516.755,34.978 517.244,33.391 517.654,32.338 C518.197,30.938 518.846,29.942 519.894,28.894 C520.942,27.846 521.94,27.196 523.338,26.654 C524.393,26.244 525.979,25.756 528.898,25.623 C532.057,25.479 533.004,25.448 541,25.448 C548.997,25.448 549.943,25.479 553.102,25.623 C556.021,25.756 557.607,26.244 558.662,26.654 C560.06,27.196 561.058,27.846 562.106,28.894 C563.154,29.942 563.803,30.938 564.346,32.338 C564.756,33.391 565.244,34.978 565.378,37.899 C565.522,41.056 565.552,42.003 565.552,50 C565.552,57.996 565.522,58.943 565.378,62.101 M570.82,37.631 C570.674,34.438 570.167,32.258 569.425,30.349 C568.659,28.377 567.633,26.702 565.965,25.035 C564.297,23.368 562.623,22.342 560.652,21.575 C558.743,20.834 556.562,20.326 553.369,20.18 C550.169,20.033 549.148,20 541,20 C532.853,20 531.831,20.033 528.631,20.18 C525.438,20.326 523.257,20.834 521.349,21.575 C519.376,22.342 517.703,23.368 516.035,25.035 C514.368,26.702 513.342,28.377 512.574,30.349 C511.834,32.258 511.326,34.438 511.181,37.631 C511.035,40.831 511,41.851 511,50 C511,58.147 511.035,59.17 511.181,62.369 C511.326,65.562 511.834,67.743 512.574,69.651 C513.342,71.625 514.368,73.296 516.035,74.965 C517.703,76.634 519.376,77.658 521.349,78.425 C523.257,79.167 525.438,79.673 528.631,79.82 C531.831,79.965 532.853,80.001 541,80.001 C549.148,80.001 550.169,79.965 553.369,79.82 C556.562,79.673 558.743,79.167 560.652,78.425 C562.623,77.658 564.297,76.634 565.965,74.965 C567.633,73.296 568.659,71.625 569.425,69.651 C570.167,67.743 570.674,65.562 570.82,62.369 C570.966,59.17 571,58.147 571,50 C571,41.851 570.966,40.831 570.82,37.631\"><\/path><\/g><\/g><\/g><\/svg><\/div><div style=\"padding-top: 8px;\"> <div style=\" color:#3897f0; font-family:Arial,sans-serif; font-size:14px; font-style:normal; font-weight:550; line-height:18px;\">Pogledajte ovu objavu na Instagramu.<\/div><\/div><div style=\"padding: 12.5% 0;\"><\/div> <div style=\"display: flex; flex-direction: row; margin-bottom: 14px; align-items: center;\"><div> <div style=\"background-color: #F4F4F4; border-radius: 50%; height: 12.5px; width: 12.5px; transform: translateX(0px) translateY(7px);\"><\/div> <div style=\"background-color: #F4F4F4; height: 12.5px; transform: rotate(-45deg) translateX(3px) translateY(1px); width: 12.5px; flex-grow: 0; margin-right: 14px; margin-left: 2px;\"><\/div> <div style=\"background-color: #F4F4F4; border-radius: 50%; height: 12.5px; width: 12.5px; transform: translateX(9px) translateY(-18px);\"><\/div><\/div><div style=\"margin-left: 8px;\"> <div style=\" background-color: #F4F4F4; border-radius: 50%; flex-grow: 0; height: 20px; width: 20px;\"><\/div> <div style=\" width: 0; height: 0; border-top: 2px solid transparent; border-left: 6px solid #f4f4f4; border-bottom: 2px solid transparent; transform: translateX(16px) translateY(-4px) rotate(30deg)\"><\/div><\/div><div style=\"margin-left: auto;\"> <div style=\" width: 0px; border-top: 8px solid #F4F4F4; border-right: 8px solid transparent; transform: translateY(16px);\"><\/div> <div style=\" background-color: #F4F4F4; flex-grow: 0; height: 12px; width: 16px; transform: translateY(-4px);\"><\/div> <div style=\" width: 0; height: 0; border-top: 8px solid #F4F4F4; border-left: 8px solid transparent; transform: translateY(-4px) translateX(8px);\"><\/div><\/div><\/div> <div style=\"display: flex; flex-direction: column; flex-grow: 1; justify-content: center; margin-bottom: 24px;\"> <div style=\" background-color: #F4F4F4; border-radius: 4px; flex-grow: 0; height: 14px; margin-bottom: 6px; width: 224px;\"><\/div> <div style=\" background-color: #F4F4F4; border-radius: 4px; flex-grow: 0; height: 14px; width: 144px;\"><\/div><\/div><\/a><p style=\" color:#c9c8cd; font-family:Arial,sans-serif; font-size:14px; line-height:17px; margin-bottom:0; margin-top:8px; overflow:hidden; padding:8px 0 7px; text-align:center; text-overflow:ellipsis; white-space:nowrap;\"><a href=\"https:\/\/www.instagram.com\/reel\/C76YZvJMG-x\/?utm_source=ig_embed&amp;utm_campaign=loading\" style=\" color:#c9c8cd; font-family:Arial,sans-serif; font-size:14px; font-style:normal; font-weight:normal; line-height:17px; text-decoration:none;\" target=\"_blank\" rel=\"noopener\">Objavu dijeli Radio Ljubu\u0161ki\ud83d\udcfb (@radio_ljubuski)<\/a><\/p><\/div><\/blockquote> <script async src=\"\/\/www.instagram.com\/embed.js\"><\/script>\n\n\n\n<p>\u2013&nbsp;<em>Grad Ljubu\u0161ki, uz potporu nadle\u017enog federalnog ministarstva i ministra financija gosp. Tonija Kraljevi\u0107a, na \u010diju inicijativu su i osigurana inicijalna sredstva u federalnom prora\u010dunu za osnivanje Sigurne ku\u0107e u Ljubu\u0161kom, planira izgradnju zgrade, koja ne\u0107e biti samo za lokalne potrebe nego \u0107e ona biti otvorena<\/em><em>&nbsp;i za korisnike s podru\u010dja na\u0161e cijele \u017eupanije, a vjerojatno i susjedne Hercegova\u010dke-neretvanske \u017eupanije sukladno potrebama. Pored Crvenog kri\u017ea i Pu\u010dke kuhinje Grad ima zemlji\u0161te na kojem je plan izgraditi zgradu \u010dije bi se prizemlje koristilo za potrebe Centra za socijalni rad, a na katovima iznad bi bili osigurani stanovi, odnosno apartmani za smje\u0161taj \u017ertava nasilja i onih koji uslijed drugih okolnosti ostanu bez doma, prilikom po\u017eara i sl.<\/em>&nbsp;\u2013 rekao je gradona\u010delnik Markoti\u0107.<\/p>\n\n\n\n<p>Grad Ljubu\u0161ki \/ Radio Ljubu\u0161ki<\/p>\n\n\n\n<p><\/p>\n","protected":false},"excerpt":{"rendered":"<p>XXXV. sjednica Gradskog vije\u0107a Ljubu\u0161ki odr\u017eana je danas u Kulturnom centru. Pred vije\u0107nicima se na\u0161lo 30 to\u010daka dnevnog reda, me\u0111u kojima i informacije o radu u protekloj i programi rada u teku\u0107oj godini Crvenog kri\u017ea i srednjih \u0161kola te izvje\u0161\u0107a o radu i programi rada osnovnih \u0161kola, Centra za socijalni rad Ljubu\u0161ki, Edukacijsko-rehabilitacijskog centra za [&hellip;]<\/p>\n","protected":false},"author":2,"featured_media":205675,"comment_status":"closed","ping_status":"closed","sticky":false,"template":"","format":"standard","meta":{"h5ap_radio_sources":[],"footnotes":""},"categories":[34,28],"tags":[],"class_list":["post-205694","post","type-post","status-publish","format-standard","has-post-thumbnail","hentry","category-ljubuski-tv","category-novosti"],"yoast_head":"<!-- This site is optimized with the Yoast SEO plugin v27.5 - https:\/\/yoast.com\/product\/yoast-seo-wordpress\/ -->\n<title>VIDEO\/ Grad Ljubu\u0161ki: Prva\u0161i\u0107ima po 200 KM potpore, \u017ertvama nasilja Sigurna ku\u0107a - RADIO LJUBU\u0160KI<\/title>\n<meta name=\"robots\" content=\"index, follow, max-snippet:-1, max-image-preview:large, max-video-preview:-1\" \/>\n<link rel=\"canonical\" href=\"https:\/\/radioljubuski.ba\/index.php\/2024\/06\/07\/video-grad-ljubuski-prvasicima-po-200-km-potpore-zrtvama-nasilja-sigurna-kuca\/\" \/>\n<meta property=\"og:locale\" content=\"hr_HR\" \/>\n<meta property=\"og:type\" content=\"article\" \/>\n<meta property=\"og:title\" content=\"VIDEO\/ Grad Ljubu\u0161ki: Prva\u0161i\u0107ima po 200 KM potpore, \u017ertvama nasilja Sigurna ku\u0107a - RADIO LJUBU\u0160KI\" \/>\n<meta property=\"og:description\" content=\"XXXV. sjednica Gradskog vije\u0107a Ljubu\u0161ki odr\u017eana je danas u Kulturnom centru. Pred vije\u0107nicima se na\u0161lo 30 to\u010daka dnevnog reda, me\u0111u kojima i informacije o radu u protekloj i programi rada u teku\u0107oj godini Crvenog kri\u017ea i srednjih \u0161kola te izvje\u0161\u0107a o radu i programi rada osnovnih \u0161kola, Centra za socijalni rad Ljubu\u0161ki, Edukacijsko-rehabilitacijskog centra za [&hellip;]\" \/>\n<meta property=\"og:url\" content=\"https:\/\/radioljubuski.ba\/index.php\/2024\/06\/07\/video-grad-ljubuski-prvasicima-po-200-km-potpore-zrtvama-nasilja-sigurna-kuca\/\" \/>\n<meta property=\"og:site_name\" content=\"RADIO LJUBU\u0160KI\" \/>\n<meta property=\"article:publisher\" content=\"https:\/\/www.facebook.com\/Radiio-Ljubuski-1490835324566332\" \/>\n<meta property=\"article:published_time\" content=\"2024-06-07T11:43:25+00:00\" \/>\n<meta property=\"article:modified_time\" content=\"2024-06-07T11:43:26+00:00\" \/>\n<meta property=\"og:image\" content=\"https:\/\/radioljubuski.ba\/wp-content\/uploads\/2024\/06\/IMG_0499.jpg\" \/>\n\t<meta property=\"og:image:width\" content=\"2400\" \/>\n\t<meta property=\"og:image:height\" content=\"1600\" \/>\n\t<meta property=\"og:image:type\" content=\"image\/jpeg\" \/>\n<meta name=\"author\" content=\"Radio Ljubu\u0161ki\" \/>\n<meta name=\"twitter:card\" content=\"summary_large_image\" \/>\n<meta name=\"twitter:creator\" content=\"@radioljubuski\" \/>\n<meta name=\"twitter:site\" content=\"@radioljubuski\" \/>\n<meta name=\"twitter:label1\" content=\"Napisao\/la\" \/>\n\t<meta name=\"twitter:data1\" content=\"Radio Ljubu\u0161ki\" \/>\n\t<meta name=\"twitter:label2\" content=\"Procijenjeno vrijeme \u010ditanja\" \/>\n\t<meta name=\"twitter:data2\" content=\"4 minute\" \/>\n<script type=\"application\/ld+json\" class=\"yoast-schema-graph\">{\"@context\":\"https:\\\/\\\/schema.org\",\"@graph\":[{\"@type\":\"Article\",\"@id\":\"https:\\\/\\\/radioljubuski.ba\\\/index.php\\\/2024\\\/06\\\/07\\\/video-grad-ljubuski-prvasicima-po-200-km-potpore-zrtvama-nasilja-sigurna-kuca\\\/#article\",\"isPartOf\":{\"@id\":\"https:\\\/\\\/radioljubuski.ba\\\/index.php\\\/2024\\\/06\\\/07\\\/video-grad-ljubuski-prvasicima-po-200-km-potpore-zrtvama-nasilja-sigurna-kuca\\\/\"},\"author\":{\"name\":\"Radio Ljubu\u0161ki\",\"@id\":\"https:\\\/\\\/radioljubuski.ba\\\/#\\\/schema\\\/person\\\/19fc700381a780f69665d7956c469e3b\"},\"headline\":\"VIDEO\\\/ Grad Ljubu\u0161ki: Prva\u0161i\u0107ima po 200 KM potpore, \u017ertvama nasilja Sigurna ku\u0107a\",\"datePublished\":\"2024-06-07T11:43:25+00:00\",\"dateModified\":\"2024-06-07T11:43:26+00:00\",\"mainEntityOfPage\":{\"@id\":\"https:\\\/\\\/radioljubuski.ba\\\/index.php\\\/2024\\\/06\\\/07\\\/video-grad-ljubuski-prvasicima-po-200-km-potpore-zrtvama-nasilja-sigurna-kuca\\\/\"},\"wordCount\":648,\"publisher\":{\"@id\":\"https:\\\/\\\/radioljubuski.ba\\\/#organization\"},\"image\":{\"@id\":\"https:\\\/\\\/radioljubuski.ba\\\/index.php\\\/2024\\\/06\\\/07\\\/video-grad-ljubuski-prvasicima-po-200-km-potpore-zrtvama-nasilja-sigurna-kuca\\\/#primaryimage\"},\"thumbnailUrl\":\"https:\\\/\\\/radioljubuski.ba\\\/wp-content\\\/uploads\\\/2024\\\/06\\\/IMG_0499.jpg\",\"articleSection\":[\"Ljubu\u0161ki TV\",\"Novosti\"],\"inLanguage\":\"hr\"},{\"@type\":\"WebPage\",\"@id\":\"https:\\\/\\\/radioljubuski.ba\\\/index.php\\\/2024\\\/06\\\/07\\\/video-grad-ljubuski-prvasicima-po-200-km-potpore-zrtvama-nasilja-sigurna-kuca\\\/\",\"url\":\"https:\\\/\\\/radioljubuski.ba\\\/index.php\\\/2024\\\/06\\\/07\\\/video-grad-ljubuski-prvasicima-po-200-km-potpore-zrtvama-nasilja-sigurna-kuca\\\/\",\"name\":\"VIDEO\\\/ Grad Ljubu\u0161ki: Prva\u0161i\u0107ima po 200 KM potpore, \u017ertvama nasilja Sigurna ku\u0107a - RADIO LJUBU\u0160KI\",\"isPartOf\":{\"@id\":\"https:\\\/\\\/radioljubuski.ba\\\/#website\"},\"primaryImageOfPage\":{\"@id\":\"https:\\\/\\\/radioljubuski.ba\\\/index.php\\\/2024\\\/06\\\/07\\\/video-grad-ljubuski-prvasicima-po-200-km-potpore-zrtvama-nasilja-sigurna-kuca\\\/#primaryimage\"},\"image\":{\"@id\":\"https:\\\/\\\/radioljubuski.ba\\\/index.php\\\/2024\\\/06\\\/07\\\/video-grad-ljubuski-prvasicima-po-200-km-potpore-zrtvama-nasilja-sigurna-kuca\\\/#primaryimage\"},\"thumbnailUrl\":\"https:\\\/\\\/radioljubuski.ba\\\/wp-content\\\/uploads\\\/2024\\\/06\\\/IMG_0499.jpg\",\"datePublished\":\"2024-06-07T11:43:25+00:00\",\"dateModified\":\"2024-06-07T11:43:26+00:00\",\"breadcrumb\":{\"@id\":\"https:\\\/\\\/radioljubuski.ba\\\/index.php\\\/2024\\\/06\\\/07\\\/video-grad-ljubuski-prvasicima-po-200-km-potpore-zrtvama-nasilja-sigurna-kuca\\\/#breadcrumb\"},\"inLanguage\":\"hr\",\"potentialAction\":[{\"@type\":\"ReadAction\",\"target\":[\"https:\\\/\\\/radioljubuski.ba\\\/index.php\\\/2024\\\/06\\\/07\\\/video-grad-ljubuski-prvasicima-po-200-km-potpore-zrtvama-nasilja-sigurna-kuca\\\/\"]}]},{\"@type\":\"ImageObject\",\"inLanguage\":\"hr\",\"@id\":\"https:\\\/\\\/radioljubuski.ba\\\/index.php\\\/2024\\\/06\\\/07\\\/video-grad-ljubuski-prvasicima-po-200-km-potpore-zrtvama-nasilja-sigurna-kuca\\\/#primaryimage\",\"url\":\"https:\\\/\\\/radioljubuski.ba\\\/wp-content\\\/uploads\\\/2024\\\/06\\\/IMG_0499.jpg\",\"contentUrl\":\"https:\\\/\\\/radioljubuski.ba\\\/wp-content\\\/uploads\\\/2024\\\/06\\\/IMG_0499.jpg\",\"width\":2400,\"height\":1600},{\"@type\":\"BreadcrumbList\",\"@id\":\"https:\\\/\\\/radioljubuski.ba\\\/index.php\\\/2024\\\/06\\\/07\\\/video-grad-ljubuski-prvasicima-po-200-km-potpore-zrtvama-nasilja-sigurna-kuca\\\/#breadcrumb\",\"itemListElement\":[{\"@type\":\"ListItem\",\"position\":1,\"name\":\"Po\u010detna stranica\",\"item\":\"https:\\\/\\\/radioljubuski.ba\\\/\"},{\"@type\":\"ListItem\",\"position\":2,\"name\":\"VIDEO\\\/ Grad Ljubu\u0161ki: Prva\u0161i\u0107ima po 200 KM potpore, \u017ertvama nasilja Sigurna ku\u0107a\"}]},{\"@type\":\"WebSite\",\"@id\":\"https:\\\/\\\/radioljubuski.ba\\\/#website\",\"url\":\"https:\\\/\\\/radioljubuski.ba\\\/\",\"name\":\"Radio Ljubu\u0161ki\",\"description\":\"Sun\u010dana frekvencija Hercegovine\",\"publisher\":{\"@id\":\"https:\\\/\\\/radioljubuski.ba\\\/#organization\"},\"potentialAction\":[{\"@type\":\"SearchAction\",\"target\":{\"@type\":\"EntryPoint\",\"urlTemplate\":\"https:\\\/\\\/radioljubuski.ba\\\/?s={search_term_string}\"},\"query-input\":{\"@type\":\"PropertyValueSpecification\",\"valueRequired\":true,\"valueName\":\"search_term_string\"}}],\"inLanguage\":\"hr\"},{\"@type\":\"Organization\",\"@id\":\"https:\\\/\\\/radioljubuski.ba\\\/#organization\",\"name\":\"Radio Ljubu\u0161ki\",\"url\":\"https:\\\/\\\/radioljubuski.ba\\\/\",\"logo\":{\"@type\":\"ImageObject\",\"inLanguage\":\"hr\",\"@id\":\"https:\\\/\\\/radioljubuski.ba\\\/#\\\/schema\\\/logo\\\/image\\\/\",\"url\":\"https:\\\/\\\/radioljubuski.ba\\\/wp-content\\\/uploads\\\/2021\\\/02\\\/cropped-Radio_Ljubuski_logo1.jpg\",\"contentUrl\":\"https:\\\/\\\/radioljubuski.ba\\\/wp-content\\\/uploads\\\/2021\\\/02\\\/cropped-Radio_Ljubuski_logo1.jpg\",\"width\":512,\"height\":512,\"caption\":\"Radio Ljubu\u0161ki\"},\"image\":{\"@id\":\"https:\\\/\\\/radioljubuski.ba\\\/#\\\/schema\\\/logo\\\/image\\\/\"},\"sameAs\":[\"https:\\\/\\\/www.facebook.com\\\/Radiio-Ljubuski-1490835324566332\",\"https:\\\/\\\/x.com\\\/radioljubuski\",\"https:\\\/\\\/hr.linkedin.com\\\/company\\\/radio-ljubuski\",\"https:\\\/\\\/www.youtube.com\\\/channel\\\/UCHYaeO_n0Db3tjNGudGpXyw\"]},{\"@type\":\"Person\",\"@id\":\"https:\\\/\\\/radioljubuski.ba\\\/#\\\/schema\\\/person\\\/19fc700381a780f69665d7956c469e3b\",\"name\":\"Radio Ljubu\u0161ki\"}]}<\/script>\n<!-- \/ Yoast SEO plugin. -->","yoast_head_json":{"title":"VIDEO\/ Grad Ljubu\u0161ki: Prva\u0161i\u0107ima po 200 KM potpore, \u017ertvama nasilja Sigurna ku\u0107a - RADIO LJUBU\u0160KI","robots":{"index":"index","follow":"follow","max-snippet":"max-snippet:-1","max-image-preview":"max-image-preview:large","max-video-preview":"max-video-preview:-1"},"canonical":"https:\/\/radioljubuski.ba\/index.php\/2024\/06\/07\/video-grad-ljubuski-prvasicima-po-200-km-potpore-zrtvama-nasilja-sigurna-kuca\/","og_locale":"hr_HR","og_type":"article","og_title":"VIDEO\/ Grad Ljubu\u0161ki: Prva\u0161i\u0107ima po 200 KM potpore, \u017ertvama nasilja Sigurna ku\u0107a - RADIO LJUBU\u0160KI","og_description":"XXXV. sjednica Gradskog vije\u0107a Ljubu\u0161ki odr\u017eana je danas u Kulturnom centru. Pred vije\u0107nicima se na\u0161lo 30 to\u010daka dnevnog reda, me\u0111u kojima i informacije o radu u protekloj i programi rada u teku\u0107oj godini Crvenog kri\u017ea i srednjih \u0161kola te izvje\u0161\u0107a o radu i programi rada osnovnih \u0161kola, Centra za socijalni rad Ljubu\u0161ki, Edukacijsko-rehabilitacijskog centra za [&hellip;]","og_url":"https:\/\/radioljubuski.ba\/index.php\/2024\/06\/07\/video-grad-ljubuski-prvasicima-po-200-km-potpore-zrtvama-nasilja-sigurna-kuca\/","og_site_name":"RADIO LJUBU\u0160KI","article_publisher":"https:\/\/www.facebook.com\/Radiio-Ljubuski-1490835324566332","article_published_time":"2024-06-07T11:43:25+00:00","article_modified_time":"2024-06-07T11:43:26+00:00","og_image":[{"width":2400,"height":1600,"url":"https:\/\/radioljubuski.ba\/wp-content\/uploads\/2024\/06\/IMG_0499.jpg","type":"image\/jpeg"}],"author":"Radio Ljubu\u0161ki","twitter_card":"summary_large_image","twitter_creator":"@radioljubuski","twitter_site":"@radioljubuski","twitter_misc":{"Napisao\/la":"Radio Ljubu\u0161ki","Procijenjeno vrijeme \u010ditanja":"4 minute"},"schema":{"@context":"https:\/\/schema.org","@graph":[{"@type":"Article","@id":"https:\/\/radioljubuski.ba\/index.php\/2024\/06\/07\/video-grad-ljubuski-prvasicima-po-200-km-potpore-zrtvama-nasilja-sigurna-kuca\/#article","isPartOf":{"@id":"https:\/\/radioljubuski.ba\/index.php\/2024\/06\/07\/video-grad-ljubuski-prvasicima-po-200-km-potpore-zrtvama-nasilja-sigurna-kuca\/"},"author":{"name":"Radio Ljubu\u0161ki","@id":"https:\/\/radioljubuski.ba\/#\/schema\/person\/19fc700381a780f69665d7956c469e3b"},"headline":"VIDEO\/ Grad Ljubu\u0161ki: Prva\u0161i\u0107ima po 200 KM potpore, \u017ertvama nasilja Sigurna ku\u0107a","datePublished":"2024-06-07T11:43:25+00:00","dateModified":"2024-06-07T11:43:26+00:00","mainEntityOfPage":{"@id":"https:\/\/radioljubuski.ba\/index.php\/2024\/06\/07\/video-grad-ljubuski-prvasicima-po-200-km-potpore-zrtvama-nasilja-sigurna-kuca\/"},"wordCount":648,"publisher":{"@id":"https:\/\/radioljubuski.ba\/#organization"},"image":{"@id":"https:\/\/radioljubuski.ba\/index.php\/2024\/06\/07\/video-grad-ljubuski-prvasicima-po-200-km-potpore-zrtvama-nasilja-sigurna-kuca\/#primaryimage"},"thumbnailUrl":"https:\/\/radioljubuski.ba\/wp-content\/uploads\/2024\/06\/IMG_0499.jpg","articleSection":["Ljubu\u0161ki TV","Novosti"],"inLanguage":"hr"},{"@type":"WebPage","@id":"https:\/\/radioljubuski.ba\/index.php\/2024\/06\/07\/video-grad-ljubuski-prvasicima-po-200-km-potpore-zrtvama-nasilja-sigurna-kuca\/","url":"https:\/\/radioljubuski.ba\/index.php\/2024\/06\/07\/video-grad-ljubuski-prvasicima-po-200-km-potpore-zrtvama-nasilja-sigurna-kuca\/","name":"VIDEO\/ Grad Ljubu\u0161ki: Prva\u0161i\u0107ima po 200 KM potpore, \u017ertvama nasilja Sigurna ku\u0107a - RADIO LJUBU\u0160KI","isPartOf":{"@id":"https:\/\/radioljubuski.ba\/#website"},"primaryImageOfPage":{"@id":"https:\/\/radioljubuski.ba\/index.php\/2024\/06\/07\/video-grad-ljubuski-prvasicima-po-200-km-potpore-zrtvama-nasilja-sigurna-kuca\/#primaryimage"},"image":{"@id":"https:\/\/radioljubuski.ba\/index.php\/2024\/06\/07\/video-grad-ljubuski-prvasicima-po-200-km-potpore-zrtvama-nasilja-sigurna-kuca\/#primaryimage"},"thumbnailUrl":"https:\/\/radioljubuski.ba\/wp-content\/uploads\/2024\/06\/IMG_0499.jpg","datePublished":"2024-06-07T11:43:25+00:00","dateModified":"2024-06-07T11:43:26+00:00","breadcrumb":{"@id":"https:\/\/radioljubuski.ba\/index.php\/2024\/06\/07\/video-grad-ljubuski-prvasicima-po-200-km-potpore-zrtvama-nasilja-sigurna-kuca\/#breadcrumb"},"inLanguage":"hr","potentialAction":[{"@type":"ReadAction","target":["https:\/\/radioljubuski.ba\/index.php\/2024\/06\/07\/video-grad-ljubuski-prvasicima-po-200-km-potpore-zrtvama-nasilja-sigurna-kuca\/"]}]},{"@type":"ImageObject","inLanguage":"hr","@id":"https:\/\/radioljubuski.ba\/index.php\/2024\/06\/07\/video-grad-ljubuski-prvasicima-po-200-km-potpore-zrtvama-nasilja-sigurna-kuca\/#primaryimage","url":"https:\/\/radioljubuski.ba\/wp-content\/uploads\/2024\/06\/IMG_0499.jpg","contentUrl":"https:\/\/radioljubuski.ba\/wp-content\/uploads\/2024\/06\/IMG_0499.jpg","width":2400,"height":1600},{"@type":"BreadcrumbList","@id":"https:\/\/radioljubuski.ba\/index.php\/2024\/06\/07\/video-grad-ljubuski-prvasicima-po-200-km-potpore-zrtvama-nasilja-sigurna-kuca\/#breadcrumb","itemListElement":[{"@type":"ListItem","position":1,"name":"Po\u010detna stranica","item":"https:\/\/radioljubuski.ba\/"},{"@type":"ListItem","position":2,"name":"VIDEO\/ Grad Ljubu\u0161ki: Prva\u0161i\u0107ima po 200 KM potpore, \u017ertvama nasilja Sigurna ku\u0107a"}]},{"@type":"WebSite","@id":"https:\/\/radioljubuski.ba\/#website","url":"https:\/\/radioljubuski.ba\/","name":"Radio Ljubu\u0161ki","description":"Sun\u010dana frekvencija Hercegovine","publisher":{"@id":"https:\/\/radioljubuski.ba\/#organization"},"potentialAction":[{"@type":"SearchAction","target":{"@type":"EntryPoint","urlTemplate":"https:\/\/radioljubuski.ba\/?s={search_term_string}"},"query-input":{"@type":"PropertyValueSpecification","valueRequired":true,"valueName":"search_term_string"}}],"inLanguage":"hr"},{"@type":"Organization","@id":"https:\/\/radioljubuski.ba\/#organization","name":"Radio Ljubu\u0161ki","url":"https:\/\/radioljubuski.ba\/","logo":{"@type":"ImageObject","inLanguage":"hr","@id":"https:\/\/radioljubuski.ba\/#\/schema\/logo\/image\/","url":"https:\/\/radioljubuski.ba\/wp-content\/uploads\/2021\/02\/cropped-Radio_Ljubuski_logo1.jpg","contentUrl":"https:\/\/radioljubuski.ba\/wp-content\/uploads\/2021\/02\/cropped-Radio_Ljubuski_logo1.jpg","width":512,"height":512,"caption":"Radio Ljubu\u0161ki"},"image":{"@id":"https:\/\/radioljubuski.ba\/#\/schema\/logo\/image\/"},"sameAs":["https:\/\/www.facebook.com\/Radiio-Ljubuski-1490835324566332","https:\/\/x.com\/radioljubuski","https:\/\/hr.linkedin.com\/company\/radio-ljubuski","https:\/\/www.youtube.com\/channel\/UCHYaeO_n0Db3tjNGudGpXyw"]},{"@type":"Person","@id":"https:\/\/radioljubuski.ba\/#\/schema\/person\/19fc700381a780f69665d7956c469e3b","name":"Radio Ljubu\u0161ki"}]}},"_links":{"self":[{"href":"https:\/\/radioljubuski.ba\/index.php\/wp-json\/wp\/v2\/posts\/205694","targetHints":{"allow":["GET"]}}],"collection":[{"href":"https:\/\/radioljubuski.ba\/index.php\/wp-json\/wp\/v2\/posts"}],"about":[{"href":"https:\/\/radioljubuski.ba\/index.php\/wp-json\/wp\/v2\/types\/post"}],"author":[{"embeddable":true,"href":"https:\/\/radioljubuski.ba\/index.php\/wp-json\/wp\/v2\/users\/2"}],"replies":[{"embeddable":true,"href":"https:\/\/radioljubuski.ba\/index.php\/wp-json\/wp\/v2\/comments?post=205694"}],"version-history":[{"count":1,"href":"https:\/\/radioljubuski.ba\/index.php\/wp-json\/wp\/v2\/posts\/205694\/revisions"}],"predecessor-version":[{"id":205709,"href":"https:\/\/radioljubuski.ba\/index.php\/wp-json\/wp\/v2\/posts\/205694\/revisions\/205709"}],"wp:featuredmedia":[{"embeddable":true,"href":"https:\/\/radioljubuski.ba\/index.php\/wp-json\/wp\/v2\/media\/205675"}],"wp:attachment":[{"href":"https:\/\/radioljubuski.ba\/index.php\/wp-json\/wp\/v2\/media?parent=205694"}],"wp:term":[{"taxonomy":"category","embeddable":true,"href":"https:\/\/radioljubuski.ba\/index.php\/wp-json\/wp\/v2\/categories?post=205694"},{"taxonomy":"post_tag","embeddable":true,"href":"https:\/\/radioljubuski.ba\/index.php\/wp-json\/wp\/v2\/tags?post=205694"}],"curies":[{"name":"wp","href":"https:\/\/api.w.org\/{rel}","templated":true}]}}