{"id":205811,"date":"2024-06-10T09:30:29","date_gmt":"2024-06-10T08:30:29","guid":{"rendered":"https:\/\/radioljubuski.ba\/?p=205811"},"modified":"2024-06-13T13:04:14","modified_gmt":"2024-06-13T12:04:14","slug":"prijenos-devetnice-i-sredisnje-mise-na-sv-antu","status":"publish","type":"post","link":"https:\/\/radioljubuski.ba\/index.php\/2024\/06\/10\/prijenos-devetnice-i-sredisnje-mise-na-sv-antu\/","title":{"rendered":"Prijenos Devetnice i sredi\u0161nje mise na sv.Antu"},"content":{"rendered":"\n<p>Putem TV Kraljice Mira &#8211; Maria Vision Medjugorje\u00a0mo\u017eete svakodnevno pratiti izravan prijenos Devetnice sv. Anti iz sveti\u0161ta na Humcu. Prijenos svaku ve\u010der po\u010dinje u 18.30 sati.<\/p>\n\n\n\n<p> TV Kraljice Mira &#8211; Maria Vision Medjugorje uz prijenos  misa na Devetnici , prenosit \u0107e na samu svetkovinu 13.lipnja sredi\u0161nje misno slavlje u 11 sati te ve\u010dernju misu u 19 sati.<\/p>\n\n\n\n<p>Link za  njihov kanal gdje mo\u017eete gledati prijenos ali i ranije preno\u0161ene mise :<\/p>\n\n\n\n<p><a href=\"https:\/\/www.youtube.com\/@MariaVisionMedjugorje\/streams\">https:\/\/www.youtube.com\/@MariaVisionMedjugorje\/streams<\/a><\/p>\n\n\n\n<p> Radio Ljubu\u0161ki<\/p>\n","protected":false},"excerpt":{"rendered":"<p>Putem TV Kraljice Mira &#8211; Maria Vision Medjugorje\u00a0mo\u017eete svakodnevno pratiti izravan prijenos Devetnice sv. Anti iz sveti\u0161ta na Humcu. Prijenos svaku ve\u010der po\u010dinje u 18.30 sati. TV Kraljice Mira &#8211; Maria Vision Medjugorje uz prijenos misa na Devetnici , prenosit \u0107e na samu svetkovinu 13.lipnja sredi\u0161nje misno slavlje u 11 sati te ve\u010dernju misu u [&hellip;]<\/p>\n","protected":false},"author":2,"featured_media":205812,"comment_status":"closed","ping_status":"closed","sticky":false,"template":"","format":"standard","meta":{"h5ap_radio_sources":[],"footnotes":""},"categories":[28],"tags":[],"class_list":["post-205811","post","type-post","status-publish","format-standard","has-post-thumbnail","hentry","category-novosti"],"yoast_head":"<!-- This site is optimized with the Yoast SEO plugin v27.5 - https:\/\/yoast.com\/product\/yoast-seo-wordpress\/ -->\n<title>Prijenos Devetnice i sredi\u0161nje mise na sv.Antu - RADIO LJUBU\u0160KI<\/title>\n<meta name=\"robots\" content=\"index, follow, max-snippet:-1, max-image-preview:large, max-video-preview:-1\" \/>\n<link rel=\"canonical\" href=\"https:\/\/radioljubuski.ba\/index.php\/2024\/06\/10\/prijenos-devetnice-i-sredisnje-mise-na-sv-antu\/\" \/>\n<meta property=\"og:locale\" content=\"hr_HR\" \/>\n<meta property=\"og:type\" content=\"article\" \/>\n<meta property=\"og:title\" content=\"Prijenos Devetnice i sredi\u0161nje mise na sv.Antu - RADIO LJUBU\u0160KI\" \/>\n<meta property=\"og:description\" content=\"Putem TV Kraljice Mira &#8211; Maria Vision Medjugorje\u00a0mo\u017eete svakodnevno pratiti izravan prijenos Devetnice sv. Anti iz sveti\u0161ta na Humcu. Prijenos svaku ve\u010der po\u010dinje u 18.30 sati. TV Kraljice Mira &#8211; Maria Vision Medjugorje uz prijenos misa na Devetnici , prenosit \u0107e na samu svetkovinu 13.lipnja sredi\u0161nje misno slavlje u 11 sati te ve\u010dernju misu u [&hellip;]\" \/>\n<meta property=\"og:url\" content=\"https:\/\/radioljubuski.ba\/index.php\/2024\/06\/10\/prijenos-devetnice-i-sredisnje-mise-na-sv-antu\/\" \/>\n<meta property=\"og:site_name\" content=\"RADIO LJUBU\u0160KI\" \/>\n<meta property=\"article:publisher\" content=\"https:\/\/www.facebook.com\/Radiio-Ljubuski-1490835324566332\" \/>\n<meta property=\"article:published_time\" content=\"2024-06-10T08:30:29+00:00\" \/>\n<meta property=\"article:modified_time\" content=\"2024-06-13T12:04:14+00:00\" \/>\n<meta property=\"og:image\" content=\"https:\/\/radioljubuski.ba\/wp-content\/uploads\/2024\/06\/IMG_20240610_094309.jpg\" \/>\n\t<meta property=\"og:image:width\" content=\"1080\" \/>\n\t<meta property=\"og:image:height\" content=\"594\" \/>\n\t<meta property=\"og:image:type\" content=\"image\/jpeg\" \/>\n<meta name=\"author\" content=\"Radio Ljubu\u0161ki\" \/>\n<meta name=\"twitter:card\" content=\"summary_large_image\" \/>\n<meta name=\"twitter:creator\" content=\"@radioljubuski\" \/>\n<meta name=\"twitter:site\" content=\"@radioljubuski\" \/>\n<meta name=\"twitter:label1\" content=\"Napisao\/la\" \/>\n\t<meta name=\"twitter:data1\" content=\"Radio Ljubu\u0161ki\" \/>\n\t<meta name=\"twitter:label2\" content=\"Procijenjeno vrijeme \u010ditanja\" \/>\n\t<meta name=\"twitter:data2\" content=\"1 minuta\" \/>\n<script type=\"application\/ld+json\" class=\"yoast-schema-graph\">{\"@context\":\"https:\\\/\\\/schema.org\",\"@graph\":[{\"@type\":\"Article\",\"@id\":\"https:\\\/\\\/radioljubuski.ba\\\/index.php\\\/2024\\\/06\\\/10\\\/prijenos-devetnice-i-sredisnje-mise-na-sv-antu\\\/#article\",\"isPartOf\":{\"@id\":\"https:\\\/\\\/radioljubuski.ba\\\/index.php\\\/2024\\\/06\\\/10\\\/prijenos-devetnice-i-sredisnje-mise-na-sv-antu\\\/\"},\"author\":{\"name\":\"Radio Ljubu\u0161ki\",\"@id\":\"https:\\\/\\\/radioljubuski.ba\\\/#\\\/schema\\\/person\\\/19fc700381a780f69665d7956c469e3b\"},\"headline\":\"Prijenos Devetnice i sredi\u0161nje mise na sv.Antu\",\"datePublished\":\"2024-06-10T08:30:29+00:00\",\"dateModified\":\"2024-06-13T12:04:14+00:00\",\"mainEntityOfPage\":{\"@id\":\"https:\\\/\\\/radioljubuski.ba\\\/index.php\\\/2024\\\/06\\\/10\\\/prijenos-devetnice-i-sredisnje-mise-na-sv-antu\\\/\"},\"wordCount\":93,\"publisher\":{\"@id\":\"https:\\\/\\\/radioljubuski.ba\\\/#organization\"},\"image\":{\"@id\":\"https:\\\/\\\/radioljubuski.ba\\\/index.php\\\/2024\\\/06\\\/10\\\/prijenos-devetnice-i-sredisnje-mise-na-sv-antu\\\/#primaryimage\"},\"thumbnailUrl\":\"https:\\\/\\\/radioljubuski.ba\\\/wp-content\\\/uploads\\\/2024\\\/06\\\/IMG_20240610_094309.jpg\",\"articleSection\":[\"Novosti\"],\"inLanguage\":\"hr\"},{\"@type\":\"WebPage\",\"@id\":\"https:\\\/\\\/radioljubuski.ba\\\/index.php\\\/2024\\\/06\\\/10\\\/prijenos-devetnice-i-sredisnje-mise-na-sv-antu\\\/\",\"url\":\"https:\\\/\\\/radioljubuski.ba\\\/index.php\\\/2024\\\/06\\\/10\\\/prijenos-devetnice-i-sredisnje-mise-na-sv-antu\\\/\",\"name\":\"Prijenos Devetnice i sredi\u0161nje mise na sv.Antu - RADIO LJUBU\u0160KI\",\"isPartOf\":{\"@id\":\"https:\\\/\\\/radioljubuski.ba\\\/#website\"},\"primaryImageOfPage\":{\"@id\":\"https:\\\/\\\/radioljubuski.ba\\\/index.php\\\/2024\\\/06\\\/10\\\/prijenos-devetnice-i-sredisnje-mise-na-sv-antu\\\/#primaryimage\"},\"image\":{\"@id\":\"https:\\\/\\\/radioljubuski.ba\\\/index.php\\\/2024\\\/06\\\/10\\\/prijenos-devetnice-i-sredisnje-mise-na-sv-antu\\\/#primaryimage\"},\"thumbnailUrl\":\"https:\\\/\\\/radioljubuski.ba\\\/wp-content\\\/uploads\\\/2024\\\/06\\\/IMG_20240610_094309.jpg\",\"datePublished\":\"2024-06-10T08:30:29+00:00\",\"dateModified\":\"2024-06-13T12:04:14+00:00\",\"breadcrumb\":{\"@id\":\"https:\\\/\\\/radioljubuski.ba\\\/index.php\\\/2024\\\/06\\\/10\\\/prijenos-devetnice-i-sredisnje-mise-na-sv-antu\\\/#breadcrumb\"},\"inLanguage\":\"hr\",\"potentialAction\":[{\"@type\":\"ReadAction\",\"target\":[\"https:\\\/\\\/radioljubuski.ba\\\/index.php\\\/2024\\\/06\\\/10\\\/prijenos-devetnice-i-sredisnje-mise-na-sv-antu\\\/\"]}]},{\"@type\":\"ImageObject\",\"inLanguage\":\"hr\",\"@id\":\"https:\\\/\\\/radioljubuski.ba\\\/index.php\\\/2024\\\/06\\\/10\\\/prijenos-devetnice-i-sredisnje-mise-na-sv-antu\\\/#primaryimage\",\"url\":\"https:\\\/\\\/radioljubuski.ba\\\/wp-content\\\/uploads\\\/2024\\\/06\\\/IMG_20240610_094309.jpg\",\"contentUrl\":\"https:\\\/\\\/radioljubuski.ba\\\/wp-content\\\/uploads\\\/2024\\\/06\\\/IMG_20240610_094309.jpg\",\"width\":1080,\"height\":594},{\"@type\":\"BreadcrumbList\",\"@id\":\"https:\\\/\\\/radioljubuski.ba\\\/index.php\\\/2024\\\/06\\\/10\\\/prijenos-devetnice-i-sredisnje-mise-na-sv-antu\\\/#breadcrumb\",\"itemListElement\":[{\"@type\":\"ListItem\",\"position\":1,\"name\":\"Po\u010detna stranica\",\"item\":\"https:\\\/\\\/radioljubuski.ba\\\/\"},{\"@type\":\"ListItem\",\"position\":2,\"name\":\"Prijenos Devetnice i sredi\u0161nje mise na sv.Antu\"}]},{\"@type\":\"WebSite\",\"@id\":\"https:\\\/\\\/radioljubuski.ba\\\/#website\",\"url\":\"https:\\\/\\\/radioljubuski.ba\\\/\",\"name\":\"Radio Ljubu\u0161ki\",\"description\":\"Sun\u010dana frekvencija Hercegovine\",\"publisher\":{\"@id\":\"https:\\\/\\\/radioljubuski.ba\\\/#organization\"},\"potentialAction\":[{\"@type\":\"SearchAction\",\"target\":{\"@type\":\"EntryPoint\",\"urlTemplate\":\"https:\\\/\\\/radioljubuski.ba\\\/?s={search_term_string}\"},\"query-input\":{\"@type\":\"PropertyValueSpecification\",\"valueRequired\":true,\"valueName\":\"search_term_string\"}}],\"inLanguage\":\"hr\"},{\"@type\":\"Organization\",\"@id\":\"https:\\\/\\\/radioljubuski.ba\\\/#organization\",\"name\":\"Radio Ljubu\u0161ki\",\"url\":\"https:\\\/\\\/radioljubuski.ba\\\/\",\"logo\":{\"@type\":\"ImageObject\",\"inLanguage\":\"hr\",\"@id\":\"https:\\\/\\\/radioljubuski.ba\\\/#\\\/schema\\\/logo\\\/image\\\/\",\"url\":\"https:\\\/\\\/radioljubuski.ba\\\/wp-content\\\/uploads\\\/2021\\\/02\\\/cropped-Radio_Ljubuski_logo1.jpg\",\"contentUrl\":\"https:\\\/\\\/radioljubuski.ba\\\/wp-content\\\/uploads\\\/2021\\\/02\\\/cropped-Radio_Ljubuski_logo1.jpg\",\"width\":512,\"height\":512,\"caption\":\"Radio Ljubu\u0161ki\"},\"image\":{\"@id\":\"https:\\\/\\\/radioljubuski.ba\\\/#\\\/schema\\\/logo\\\/image\\\/\"},\"sameAs\":[\"https:\\\/\\\/www.facebook.com\\\/Radiio-Ljubuski-1490835324566332\",\"https:\\\/\\\/x.com\\\/radioljubuski\",\"https:\\\/\\\/hr.linkedin.com\\\/company\\\/radio-ljubuski\",\"https:\\\/\\\/www.youtube.com\\\/channel\\\/UCHYaeO_n0Db3tjNGudGpXyw\"]},{\"@type\":\"Person\",\"@id\":\"https:\\\/\\\/radioljubuski.ba\\\/#\\\/schema\\\/person\\\/19fc700381a780f69665d7956c469e3b\",\"name\":\"Radio Ljubu\u0161ki\"}]}<\/script>\n<!-- \/ Yoast SEO plugin. -->","yoast_head_json":{"title":"Prijenos Devetnice i sredi\u0161nje mise na sv.Antu - RADIO LJUBU\u0160KI","robots":{"index":"index","follow":"follow","max-snippet":"max-snippet:-1","max-image-preview":"max-image-preview:large","max-video-preview":"max-video-preview:-1"},"canonical":"https:\/\/radioljubuski.ba\/index.php\/2024\/06\/10\/prijenos-devetnice-i-sredisnje-mise-na-sv-antu\/","og_locale":"hr_HR","og_type":"article","og_title":"Prijenos Devetnice i sredi\u0161nje mise na sv.Antu - RADIO LJUBU\u0160KI","og_description":"Putem TV Kraljice Mira &#8211; Maria Vision Medjugorje\u00a0mo\u017eete svakodnevno pratiti izravan prijenos Devetnice sv. Anti iz sveti\u0161ta na Humcu. Prijenos svaku ve\u010der po\u010dinje u 18.30 sati. TV Kraljice Mira &#8211; Maria Vision Medjugorje uz prijenos misa na Devetnici , prenosit \u0107e na samu svetkovinu 13.lipnja sredi\u0161nje misno slavlje u 11 sati te ve\u010dernju misu u [&hellip;]","og_url":"https:\/\/radioljubuski.ba\/index.php\/2024\/06\/10\/prijenos-devetnice-i-sredisnje-mise-na-sv-antu\/","og_site_name":"RADIO LJUBU\u0160KI","article_publisher":"https:\/\/www.facebook.com\/Radiio-Ljubuski-1490835324566332","article_published_time":"2024-06-10T08:30:29+00:00","article_modified_time":"2024-06-13T12:04:14+00:00","og_image":[{"width":1080,"height":594,"url":"https:\/\/radioljubuski.ba\/wp-content\/uploads\/2024\/06\/IMG_20240610_094309.jpg","type":"image\/jpeg"}],"author":"Radio Ljubu\u0161ki","twitter_card":"summary_large_image","twitter_creator":"@radioljubuski","twitter_site":"@radioljubuski","twitter_misc":{"Napisao\/la":"Radio Ljubu\u0161ki","Procijenjeno vrijeme \u010ditanja":"1 minuta"},"schema":{"@context":"https:\/\/schema.org","@graph":[{"@type":"Article","@id":"https:\/\/radioljubuski.ba\/index.php\/2024\/06\/10\/prijenos-devetnice-i-sredisnje-mise-na-sv-antu\/#article","isPartOf":{"@id":"https:\/\/radioljubuski.ba\/index.php\/2024\/06\/10\/prijenos-devetnice-i-sredisnje-mise-na-sv-antu\/"},"author":{"name":"Radio Ljubu\u0161ki","@id":"https:\/\/radioljubuski.ba\/#\/schema\/person\/19fc700381a780f69665d7956c469e3b"},"headline":"Prijenos Devetnice i sredi\u0161nje mise na sv.Antu","datePublished":"2024-06-10T08:30:29+00:00","dateModified":"2024-06-13T12:04:14+00:00","mainEntityOfPage":{"@id":"https:\/\/radioljubuski.ba\/index.php\/2024\/06\/10\/prijenos-devetnice-i-sredisnje-mise-na-sv-antu\/"},"wordCount":93,"publisher":{"@id":"https:\/\/radioljubuski.ba\/#organization"},"image":{"@id":"https:\/\/radioljubuski.ba\/index.php\/2024\/06\/10\/prijenos-devetnice-i-sredisnje-mise-na-sv-antu\/#primaryimage"},"thumbnailUrl":"https:\/\/radioljubuski.ba\/wp-content\/uploads\/2024\/06\/IMG_20240610_094309.jpg","articleSection":["Novosti"],"inLanguage":"hr"},{"@type":"WebPage","@id":"https:\/\/radioljubuski.ba\/index.php\/2024\/06\/10\/prijenos-devetnice-i-sredisnje-mise-na-sv-antu\/","url":"https:\/\/radioljubuski.ba\/index.php\/2024\/06\/10\/prijenos-devetnice-i-sredisnje-mise-na-sv-antu\/","name":"Prijenos Devetnice i sredi\u0161nje mise na sv.Antu - RADIO LJUBU\u0160KI","isPartOf":{"@id":"https:\/\/radioljubuski.ba\/#website"},"primaryImageOfPage":{"@id":"https:\/\/radioljubuski.ba\/index.php\/2024\/06\/10\/prijenos-devetnice-i-sredisnje-mise-na-sv-antu\/#primaryimage"},"image":{"@id":"https:\/\/radioljubuski.ba\/index.php\/2024\/06\/10\/prijenos-devetnice-i-sredisnje-mise-na-sv-antu\/#primaryimage"},"thumbnailUrl":"https:\/\/radioljubuski.ba\/wp-content\/uploads\/2024\/06\/IMG_20240610_094309.jpg","datePublished":"2024-06-10T08:30:29+00:00","dateModified":"2024-06-13T12:04:14+00:00","breadcrumb":{"@id":"https:\/\/radioljubuski.ba\/index.php\/2024\/06\/10\/prijenos-devetnice-i-sredisnje-mise-na-sv-antu\/#breadcrumb"},"inLanguage":"hr","potentialAction":[{"@type":"ReadAction","target":["https:\/\/radioljubuski.ba\/index.php\/2024\/06\/10\/prijenos-devetnice-i-sredisnje-mise-na-sv-antu\/"]}]},{"@type":"ImageObject","inLanguage":"hr","@id":"https:\/\/radioljubuski.ba\/index.php\/2024\/06\/10\/prijenos-devetnice-i-sredisnje-mise-na-sv-antu\/#primaryimage","url":"https:\/\/radioljubuski.ba\/wp-content\/uploads\/2024\/06\/IMG_20240610_094309.jpg","contentUrl":"https:\/\/radioljubuski.ba\/wp-content\/uploads\/2024\/06\/IMG_20240610_094309.jpg","width":1080,"height":594},{"@type":"BreadcrumbList","@id":"https:\/\/radioljubuski.ba\/index.php\/2024\/06\/10\/prijenos-devetnice-i-sredisnje-mise-na-sv-antu\/#breadcrumb","itemListElement":[{"@type":"ListItem","position":1,"name":"Po\u010detna stranica","item":"https:\/\/radioljubuski.ba\/"},{"@type":"ListItem","position":2,"name":"Prijenos Devetnice i sredi\u0161nje mise na sv.Antu"}]},{"@type":"WebSite","@id":"https:\/\/radioljubuski.ba\/#website","url":"https:\/\/radioljubuski.ba\/","name":"Radio Ljubu\u0161ki","description":"Sun\u010dana frekvencija Hercegovine","publisher":{"@id":"https:\/\/radioljubuski.ba\/#organization"},"potentialAction":[{"@type":"SearchAction","target":{"@type":"EntryPoint","urlTemplate":"https:\/\/radioljubuski.ba\/?s={search_term_string}"},"query-input":{"@type":"PropertyValueSpecification","valueRequired":true,"valueName":"search_term_string"}}],"inLanguage":"hr"},{"@type":"Organization","@id":"https:\/\/radioljubuski.ba\/#organization","name":"Radio Ljubu\u0161ki","url":"https:\/\/radioljubuski.ba\/","logo":{"@type":"ImageObject","inLanguage":"hr","@id":"https:\/\/radioljubuski.ba\/#\/schema\/logo\/image\/","url":"https:\/\/radioljubuski.ba\/wp-content\/uploads\/2021\/02\/cropped-Radio_Ljubuski_logo1.jpg","contentUrl":"https:\/\/radioljubuski.ba\/wp-content\/uploads\/2021\/02\/cropped-Radio_Ljubuski_logo1.jpg","width":512,"height":512,"caption":"Radio Ljubu\u0161ki"},"image":{"@id":"https:\/\/radioljubuski.ba\/#\/schema\/logo\/image\/"},"sameAs":["https:\/\/www.facebook.com\/Radiio-Ljubuski-1490835324566332","https:\/\/x.com\/radioljubuski","https:\/\/hr.linkedin.com\/company\/radio-ljubuski","https:\/\/www.youtube.com\/channel\/UCHYaeO_n0Db3tjNGudGpXyw"]},{"@type":"Person","@id":"https:\/\/radioljubuski.ba\/#\/schema\/person\/19fc700381a780f69665d7956c469e3b","name":"Radio Ljubu\u0161ki"}]}},"_links":{"self":[{"href":"https:\/\/radioljubuski.ba\/index.php\/wp-json\/wp\/v2\/posts\/205811","targetHints":{"allow":["GET"]}}],"collection":[{"href":"https:\/\/radioljubuski.ba\/index.php\/wp-json\/wp\/v2\/posts"}],"about":[{"href":"https:\/\/radioljubuski.ba\/index.php\/wp-json\/wp\/v2\/types\/post"}],"author":[{"embeddable":true,"href":"https:\/\/radioljubuski.ba\/index.php\/wp-json\/wp\/v2\/users\/2"}],"replies":[{"embeddable":true,"href":"https:\/\/radioljubuski.ba\/index.php\/wp-json\/wp\/v2\/comments?post=205811"}],"version-history":[{"count":2,"href":"https:\/\/radioljubuski.ba\/index.php\/wp-json\/wp\/v2\/posts\/205811\/revisions"}],"predecessor-version":[{"id":205819,"href":"https:\/\/radioljubuski.ba\/index.php\/wp-json\/wp\/v2\/posts\/205811\/revisions\/205819"}],"wp:featuredmedia":[{"embeddable":true,"href":"https:\/\/radioljubuski.ba\/index.php\/wp-json\/wp\/v2\/media\/205812"}],"wp:attachment":[{"href":"https:\/\/radioljubuski.ba\/index.php\/wp-json\/wp\/v2\/media?parent=205811"}],"wp:term":[{"taxonomy":"category","embeddable":true,"href":"https:\/\/radioljubuski.ba\/index.php\/wp-json\/wp\/v2\/categories?post=205811"},{"taxonomy":"post_tag","embeddable":true,"href":"https:\/\/radioljubuski.ba\/index.php\/wp-json\/wp\/v2\/tags?post=205811"}],"curies":[{"name":"wp","href":"https:\/\/api.w.org\/{rel}","templated":true}]}}