{"id":206241,"date":"2024-06-20T16:51:32","date_gmt":"2024-06-20T15:51:32","guid":{"rendered":"https:\/\/radioljubuski.ba\/?p=206241"},"modified":"2024-06-20T17:15:25","modified_gmt":"2024-06-20T16:15:25","slug":"upisi-u-srednje-skole-zzh","status":"publish","type":"post","link":"https:\/\/radioljubuski.ba\/index.php\/2024\/06\/20\/upisi-u-srednje-skole-zzh\/","title":{"rendered":"Online upisi u srednje \u0161kole \u017dZH u ponedjeljak"},"content":{"rendered":"\n<p>\ud83d\udcfb\ud83d\udde3\ufe0fDana 20. lipnja 2024. godine Ministrica obrazovanja, znanosti, kulture i \u0161porta \u017dupanije Zapadnohercegova\u010dke Daniela Peri\u0107 donijela je Odluku o upisu u\u010denika u prve razrede srednjih \u0161kola \u017dupanije Zapadnohercegova\u010dke za \u0161kolsku 2024.\/2025. godinu.<\/p>\n\n\n\n<p>Ovom odlukom odre\u0111en je postupak i na\u010din upisa u\u010denika, kriteriji za upis, broj upisnih mjesta, rokovi za prijavu te ostali uvjeti i postupci za upis u\u010denika u prve razrede srednjih \u0161kola \u017dupanije Zapadnohercegova\u010dke. Samu Odluku o upisu u\u010denika u prve razrede srednjih \u0161kola \u017dupanije Zapadnohercegova\u010dke za \u0161kolsku 2024.\/2025. godinu mo\u017eete prona\u0107i na  poveznici \ud83d\udd3d\ud83d\udd3d\ud83d\udd3d<\/p>\n\n\n\n<p><a href=\"https:\/\/mozkszzh.gov.ba\/2024\/06\/20\/obavijest-o-upisu-ucenika-u-prve-razrede-srednjih-skola-zupanije-zapadnohercegovacke-za-skolsku-2024-2025-godinu\">https:\/\/mozkszzh.gov.ba\/2024\/06\/20\/obavijest-o-upisu-ucenika-u-prve-razrede-srednjih-skola-zupanije-zapadnohercegovacke-za-skolsku-2024-2025-godinu<\/a><\/p>\n\n\n\n<p>Radio Ljubu\u0161ki<\/p>\n\n\n\n<figure class=\"wp-block-image size-full\"><img loading=\"lazy\" decoding=\"async\" width=\"556\" height=\"741\" src=\"https:\/\/radioljubuski.ba\/wp-content\/uploads\/2024\/06\/IMG_20240620_172008.jpg\" alt=\"\" class=\"wp-image-206243\" srcset=\"https:\/\/radioljubuski.ba\/wp-content\/uploads\/2024\/06\/IMG_20240620_172008.jpg 556w, https:\/\/radioljubuski.ba\/wp-content\/uploads\/2024\/06\/IMG_20240620_172008-225x300.jpg 225w, https:\/\/radioljubuski.ba\/wp-content\/uploads\/2024\/06\/IMG_20240620_172008-9x12.jpg 9w\" sizes=\"auto, (max-width: 556px) 100vw, 556px\" \/><\/figure>\n\n\n\n<figure class=\"wp-block-image size-large\"><img loading=\"lazy\" decoding=\"async\" width=\"783\" height=\"1024\" src=\"https:\/\/radioljubuski.ba\/wp-content\/uploads\/2024\/06\/FB_IMG_1718896641100-783x1024.jpg\" alt=\"\" class=\"wp-image-206244\" srcset=\"https:\/\/radioljubuski.ba\/wp-content\/uploads\/2024\/06\/FB_IMG_1718896641100-783x1024.jpg 783w, https:\/\/radioljubuski.ba\/wp-content\/uploads\/2024\/06\/FB_IMG_1718896641100-229x300.jpg 229w, https:\/\/radioljubuski.ba\/wp-content\/uploads\/2024\/06\/FB_IMG_1718896641100-768x1005.jpg 768w, https:\/\/radioljubuski.ba\/wp-content\/uploads\/2024\/06\/FB_IMG_1718896641100-9x12.jpg 9w, https:\/\/radioljubuski.ba\/wp-content\/uploads\/2024\/06\/FB_IMG_1718896641100.jpg 980w\" sizes=\"auto, (max-width: 783px) 100vw, 783px\" \/><\/figure>\n\n\n\n<figure class=\"wp-block-image size-large\"><img loading=\"lazy\" decoding=\"async\" width=\"1024\" height=\"683\" src=\"https:\/\/radioljubuski.ba\/wp-content\/uploads\/2024\/06\/FB_IMG_1718898231334-1-1024x683.jpg\" alt=\"\" class=\"wp-image-206248\" srcset=\"https:\/\/radioljubuski.ba\/wp-content\/uploads\/2024\/06\/FB_IMG_1718898231334-1-1024x683.jpg 1024w, https:\/\/radioljubuski.ba\/wp-content\/uploads\/2024\/06\/FB_IMG_1718898231334-1-300x200.jpg 300w, https:\/\/radioljubuski.ba\/wp-content\/uploads\/2024\/06\/FB_IMG_1718898231334-1-768x512.jpg 768w, https:\/\/radioljubuski.ba\/wp-content\/uploads\/2024\/06\/FB_IMG_1718898231334-1-18x12.jpg 18w, https:\/\/radioljubuski.ba\/wp-content\/uploads\/2024\/06\/FB_IMG_1718898231334-1.jpg 1080w\" sizes=\"auto, (max-width: 1024px) 100vw, 1024px\" \/><\/figure>\n","protected":false},"excerpt":{"rendered":"<p>\ud83d\udcfb\ud83d\udde3\ufe0fDana 20. lipnja 2024. godine Ministrica obrazovanja, znanosti, kulture i \u0161porta \u017dupanije Zapadnohercegova\u010dke Daniela Peri\u0107 donijela je Odluku o upisu u\u010denika u prve razrede srednjih \u0161kola \u017dupanije Zapadnohercegova\u010dke za \u0161kolsku 2024.\/2025. godinu. Ovom odlukom odre\u0111en je postupak i na\u010din upisa u\u010denika, kriteriji za upis, broj upisnih mjesta, rokovi za prijavu te ostali uvjeti i postupci [&hellip;]<\/p>\n","protected":false},"author":2,"featured_media":206247,"comment_status":"closed","ping_status":"closed","sticky":false,"template":"","format":"standard","meta":{"h5ap_radio_sources":[],"footnotes":""},"categories":[28,30],"tags":[],"class_list":["post-206241","post","type-post","status-publish","format-standard","has-post-thumbnail","hentry","category-novosti","category-zupanija-zapadnohercegovacka"],"yoast_head":"<!-- This site is optimized with the Yoast SEO plugin v27.5 - https:\/\/yoast.com\/product\/yoast-seo-wordpress\/ -->\n<title>Online upisi u srednje \u0161kole \u017dZH u ponedjeljak - RADIO LJUBU\u0160KI<\/title>\n<meta name=\"robots\" content=\"index, follow, max-snippet:-1, max-image-preview:large, max-video-preview:-1\" \/>\n<link rel=\"canonical\" href=\"https:\/\/radioljubuski.ba\/index.php\/2024\/06\/20\/upisi-u-srednje-skole-zzh\/\" \/>\n<meta property=\"og:locale\" content=\"hr_HR\" \/>\n<meta property=\"og:type\" content=\"article\" \/>\n<meta property=\"og:title\" content=\"Online upisi u srednje \u0161kole \u017dZH u ponedjeljak - RADIO LJUBU\u0160KI\" \/>\n<meta property=\"og:description\" content=\"\ud83d\udcfb\ud83d\udde3\ufe0fDana 20. lipnja 2024. godine Ministrica obrazovanja, znanosti, kulture i \u0161porta \u017dupanije Zapadnohercegova\u010dke Daniela Peri\u0107 donijela je Odluku o upisu u\u010denika u prve razrede srednjih \u0161kola \u017dupanije Zapadnohercegova\u010dke za \u0161kolsku 2024.\/2025. godinu. Ovom odlukom odre\u0111en je postupak i na\u010din upisa u\u010denika, kriteriji za upis, broj upisnih mjesta, rokovi za prijavu te ostali uvjeti i postupci [&hellip;]\" \/>\n<meta property=\"og:url\" content=\"https:\/\/radioljubuski.ba\/index.php\/2024\/06\/20\/upisi-u-srednje-skole-zzh\/\" \/>\n<meta property=\"og:site_name\" content=\"RADIO LJUBU\u0160KI\" \/>\n<meta property=\"article:publisher\" content=\"https:\/\/www.facebook.com\/Radiio-Ljubuski-1490835324566332\" \/>\n<meta property=\"article:published_time\" content=\"2024-06-20T15:51:32+00:00\" \/>\n<meta property=\"article:modified_time\" content=\"2024-06-20T16:15:25+00:00\" \/>\n<meta property=\"og:image\" content=\"https:\/\/radioljubuski.ba\/wp-content\/uploads\/2024\/06\/IMG_20240620_174730.jpg\" \/>\n\t<meta property=\"og:image:width\" content=\"1080\" \/>\n\t<meta property=\"og:image:height\" content=\"881\" \/>\n\t<meta property=\"og:image:type\" content=\"image\/jpeg\" \/>\n<meta name=\"author\" content=\"Radio Ljubu\u0161ki\" \/>\n<meta name=\"twitter:card\" content=\"summary_large_image\" \/>\n<meta name=\"twitter:creator\" content=\"@radioljubuski\" \/>\n<meta name=\"twitter:site\" content=\"@radioljubuski\" \/>\n<meta name=\"twitter:label1\" content=\"Napisao\/la\" \/>\n\t<meta name=\"twitter:data1\" content=\"Radio Ljubu\u0161ki\" \/>\n\t<meta name=\"twitter:label2\" content=\"Procijenjeno vrijeme \u010ditanja\" \/>\n\t<meta name=\"twitter:data2\" content=\"2 minute\" \/>\n<script type=\"application\/ld+json\" class=\"yoast-schema-graph\">{\"@context\":\"https:\\\/\\\/schema.org\",\"@graph\":[{\"@type\":\"Article\",\"@id\":\"https:\\\/\\\/radioljubuski.ba\\\/index.php\\\/2024\\\/06\\\/20\\\/upisi-u-srednje-skole-zzh\\\/#article\",\"isPartOf\":{\"@id\":\"https:\\\/\\\/radioljubuski.ba\\\/index.php\\\/2024\\\/06\\\/20\\\/upisi-u-srednje-skole-zzh\\\/\"},\"author\":{\"name\":\"Radio Ljubu\u0161ki\",\"@id\":\"https:\\\/\\\/radioljubuski.ba\\\/#\\\/schema\\\/person\\\/19fc700381a780f69665d7956c469e3b\"},\"headline\":\"Online upisi u srednje \u0161kole \u017dZH u ponedjeljak\",\"datePublished\":\"2024-06-20T15:51:32+00:00\",\"dateModified\":\"2024-06-20T16:15:25+00:00\",\"mainEntityOfPage\":{\"@id\":\"https:\\\/\\\/radioljubuski.ba\\\/index.php\\\/2024\\\/06\\\/20\\\/upisi-u-srednje-skole-zzh\\\/\"},\"wordCount\":111,\"publisher\":{\"@id\":\"https:\\\/\\\/radioljubuski.ba\\\/#organization\"},\"image\":{\"@id\":\"https:\\\/\\\/radioljubuski.ba\\\/index.php\\\/2024\\\/06\\\/20\\\/upisi-u-srednje-skole-zzh\\\/#primaryimage\"},\"thumbnailUrl\":\"https:\\\/\\\/radioljubuski.ba\\\/wp-content\\\/uploads\\\/2024\\\/06\\\/IMG_20240620_174730.jpg\",\"articleSection\":[\"Novosti\",\"\u017dupanija Zapadnohercegova\u010dka\"],\"inLanguage\":\"hr\"},{\"@type\":\"WebPage\",\"@id\":\"https:\\\/\\\/radioljubuski.ba\\\/index.php\\\/2024\\\/06\\\/20\\\/upisi-u-srednje-skole-zzh\\\/\",\"url\":\"https:\\\/\\\/radioljubuski.ba\\\/index.php\\\/2024\\\/06\\\/20\\\/upisi-u-srednje-skole-zzh\\\/\",\"name\":\"Online upisi u srednje \u0161kole \u017dZH u ponedjeljak - RADIO LJUBU\u0160KI\",\"isPartOf\":{\"@id\":\"https:\\\/\\\/radioljubuski.ba\\\/#website\"},\"primaryImageOfPage\":{\"@id\":\"https:\\\/\\\/radioljubuski.ba\\\/index.php\\\/2024\\\/06\\\/20\\\/upisi-u-srednje-skole-zzh\\\/#primaryimage\"},\"image\":{\"@id\":\"https:\\\/\\\/radioljubuski.ba\\\/index.php\\\/2024\\\/06\\\/20\\\/upisi-u-srednje-skole-zzh\\\/#primaryimage\"},\"thumbnailUrl\":\"https:\\\/\\\/radioljubuski.ba\\\/wp-content\\\/uploads\\\/2024\\\/06\\\/IMG_20240620_174730.jpg\",\"datePublished\":\"2024-06-20T15:51:32+00:00\",\"dateModified\":\"2024-06-20T16:15:25+00:00\",\"breadcrumb\":{\"@id\":\"https:\\\/\\\/radioljubuski.ba\\\/index.php\\\/2024\\\/06\\\/20\\\/upisi-u-srednje-skole-zzh\\\/#breadcrumb\"},\"inLanguage\":\"hr\",\"potentialAction\":[{\"@type\":\"ReadAction\",\"target\":[\"https:\\\/\\\/radioljubuski.ba\\\/index.php\\\/2024\\\/06\\\/20\\\/upisi-u-srednje-skole-zzh\\\/\"]}]},{\"@type\":\"ImageObject\",\"inLanguage\":\"hr\",\"@id\":\"https:\\\/\\\/radioljubuski.ba\\\/index.php\\\/2024\\\/06\\\/20\\\/upisi-u-srednje-skole-zzh\\\/#primaryimage\",\"url\":\"https:\\\/\\\/radioljubuski.ba\\\/wp-content\\\/uploads\\\/2024\\\/06\\\/IMG_20240620_174730.jpg\",\"contentUrl\":\"https:\\\/\\\/radioljubuski.ba\\\/wp-content\\\/uploads\\\/2024\\\/06\\\/IMG_20240620_174730.jpg\",\"width\":1080,\"height\":881},{\"@type\":\"BreadcrumbList\",\"@id\":\"https:\\\/\\\/radioljubuski.ba\\\/index.php\\\/2024\\\/06\\\/20\\\/upisi-u-srednje-skole-zzh\\\/#breadcrumb\",\"itemListElement\":[{\"@type\":\"ListItem\",\"position\":1,\"name\":\"Po\u010detna stranica\",\"item\":\"https:\\\/\\\/radioljubuski.ba\\\/\"},{\"@type\":\"ListItem\",\"position\":2,\"name\":\"Online upisi u srednje \u0161kole \u017dZH u ponedjeljak\"}]},{\"@type\":\"WebSite\",\"@id\":\"https:\\\/\\\/radioljubuski.ba\\\/#website\",\"url\":\"https:\\\/\\\/radioljubuski.ba\\\/\",\"name\":\"Radio Ljubu\u0161ki\",\"description\":\"Sun\u010dana frekvencija Hercegovine\",\"publisher\":{\"@id\":\"https:\\\/\\\/radioljubuski.ba\\\/#organization\"},\"potentialAction\":[{\"@type\":\"SearchAction\",\"target\":{\"@type\":\"EntryPoint\",\"urlTemplate\":\"https:\\\/\\\/radioljubuski.ba\\\/?s={search_term_string}\"},\"query-input\":{\"@type\":\"PropertyValueSpecification\",\"valueRequired\":true,\"valueName\":\"search_term_string\"}}],\"inLanguage\":\"hr\"},{\"@type\":\"Organization\",\"@id\":\"https:\\\/\\\/radioljubuski.ba\\\/#organization\",\"name\":\"Radio Ljubu\u0161ki\",\"url\":\"https:\\\/\\\/radioljubuski.ba\\\/\",\"logo\":{\"@type\":\"ImageObject\",\"inLanguage\":\"hr\",\"@id\":\"https:\\\/\\\/radioljubuski.ba\\\/#\\\/schema\\\/logo\\\/image\\\/\",\"url\":\"https:\\\/\\\/radioljubuski.ba\\\/wp-content\\\/uploads\\\/2021\\\/02\\\/cropped-Radio_Ljubuski_logo1.jpg\",\"contentUrl\":\"https:\\\/\\\/radioljubuski.ba\\\/wp-content\\\/uploads\\\/2021\\\/02\\\/cropped-Radio_Ljubuski_logo1.jpg\",\"width\":512,\"height\":512,\"caption\":\"Radio Ljubu\u0161ki\"},\"image\":{\"@id\":\"https:\\\/\\\/radioljubuski.ba\\\/#\\\/schema\\\/logo\\\/image\\\/\"},\"sameAs\":[\"https:\\\/\\\/www.facebook.com\\\/Radiio-Ljubuski-1490835324566332\",\"https:\\\/\\\/x.com\\\/radioljubuski\",\"https:\\\/\\\/hr.linkedin.com\\\/company\\\/radio-ljubuski\",\"https:\\\/\\\/www.youtube.com\\\/channel\\\/UCHYaeO_n0Db3tjNGudGpXyw\"]},{\"@type\":\"Person\",\"@id\":\"https:\\\/\\\/radioljubuski.ba\\\/#\\\/schema\\\/person\\\/19fc700381a780f69665d7956c469e3b\",\"name\":\"Radio Ljubu\u0161ki\"}]}<\/script>\n<!-- \/ Yoast SEO plugin. -->","yoast_head_json":{"title":"Online upisi u srednje \u0161kole \u017dZH u ponedjeljak - RADIO LJUBU\u0160KI","robots":{"index":"index","follow":"follow","max-snippet":"max-snippet:-1","max-image-preview":"max-image-preview:large","max-video-preview":"max-video-preview:-1"},"canonical":"https:\/\/radioljubuski.ba\/index.php\/2024\/06\/20\/upisi-u-srednje-skole-zzh\/","og_locale":"hr_HR","og_type":"article","og_title":"Online upisi u srednje \u0161kole \u017dZH u ponedjeljak - RADIO LJUBU\u0160KI","og_description":"\ud83d\udcfb\ud83d\udde3\ufe0fDana 20. lipnja 2024. godine Ministrica obrazovanja, znanosti, kulture i \u0161porta \u017dupanije Zapadnohercegova\u010dke Daniela Peri\u0107 donijela je Odluku o upisu u\u010denika u prve razrede srednjih \u0161kola \u017dupanije Zapadnohercegova\u010dke za \u0161kolsku 2024.\/2025. godinu. Ovom odlukom odre\u0111en je postupak i na\u010din upisa u\u010denika, kriteriji za upis, broj upisnih mjesta, rokovi za prijavu te ostali uvjeti i postupci [&hellip;]","og_url":"https:\/\/radioljubuski.ba\/index.php\/2024\/06\/20\/upisi-u-srednje-skole-zzh\/","og_site_name":"RADIO LJUBU\u0160KI","article_publisher":"https:\/\/www.facebook.com\/Radiio-Ljubuski-1490835324566332","article_published_time":"2024-06-20T15:51:32+00:00","article_modified_time":"2024-06-20T16:15:25+00:00","og_image":[{"width":1080,"height":881,"url":"https:\/\/radioljubuski.ba\/wp-content\/uploads\/2024\/06\/IMG_20240620_174730.jpg","type":"image\/jpeg"}],"author":"Radio Ljubu\u0161ki","twitter_card":"summary_large_image","twitter_creator":"@radioljubuski","twitter_site":"@radioljubuski","twitter_misc":{"Napisao\/la":"Radio Ljubu\u0161ki","Procijenjeno vrijeme \u010ditanja":"2 minute"},"schema":{"@context":"https:\/\/schema.org","@graph":[{"@type":"Article","@id":"https:\/\/radioljubuski.ba\/index.php\/2024\/06\/20\/upisi-u-srednje-skole-zzh\/#article","isPartOf":{"@id":"https:\/\/radioljubuski.ba\/index.php\/2024\/06\/20\/upisi-u-srednje-skole-zzh\/"},"author":{"name":"Radio Ljubu\u0161ki","@id":"https:\/\/radioljubuski.ba\/#\/schema\/person\/19fc700381a780f69665d7956c469e3b"},"headline":"Online upisi u srednje \u0161kole \u017dZH u ponedjeljak","datePublished":"2024-06-20T15:51:32+00:00","dateModified":"2024-06-20T16:15:25+00:00","mainEntityOfPage":{"@id":"https:\/\/radioljubuski.ba\/index.php\/2024\/06\/20\/upisi-u-srednje-skole-zzh\/"},"wordCount":111,"publisher":{"@id":"https:\/\/radioljubuski.ba\/#organization"},"image":{"@id":"https:\/\/radioljubuski.ba\/index.php\/2024\/06\/20\/upisi-u-srednje-skole-zzh\/#primaryimage"},"thumbnailUrl":"https:\/\/radioljubuski.ba\/wp-content\/uploads\/2024\/06\/IMG_20240620_174730.jpg","articleSection":["Novosti","\u017dupanija Zapadnohercegova\u010dka"],"inLanguage":"hr"},{"@type":"WebPage","@id":"https:\/\/radioljubuski.ba\/index.php\/2024\/06\/20\/upisi-u-srednje-skole-zzh\/","url":"https:\/\/radioljubuski.ba\/index.php\/2024\/06\/20\/upisi-u-srednje-skole-zzh\/","name":"Online upisi u srednje \u0161kole \u017dZH u ponedjeljak - RADIO LJUBU\u0160KI","isPartOf":{"@id":"https:\/\/radioljubuski.ba\/#website"},"primaryImageOfPage":{"@id":"https:\/\/radioljubuski.ba\/index.php\/2024\/06\/20\/upisi-u-srednje-skole-zzh\/#primaryimage"},"image":{"@id":"https:\/\/radioljubuski.ba\/index.php\/2024\/06\/20\/upisi-u-srednje-skole-zzh\/#primaryimage"},"thumbnailUrl":"https:\/\/radioljubuski.ba\/wp-content\/uploads\/2024\/06\/IMG_20240620_174730.jpg","datePublished":"2024-06-20T15:51:32+00:00","dateModified":"2024-06-20T16:15:25+00:00","breadcrumb":{"@id":"https:\/\/radioljubuski.ba\/index.php\/2024\/06\/20\/upisi-u-srednje-skole-zzh\/#breadcrumb"},"inLanguage":"hr","potentialAction":[{"@type":"ReadAction","target":["https:\/\/radioljubuski.ba\/index.php\/2024\/06\/20\/upisi-u-srednje-skole-zzh\/"]}]},{"@type":"ImageObject","inLanguage":"hr","@id":"https:\/\/radioljubuski.ba\/index.php\/2024\/06\/20\/upisi-u-srednje-skole-zzh\/#primaryimage","url":"https:\/\/radioljubuski.ba\/wp-content\/uploads\/2024\/06\/IMG_20240620_174730.jpg","contentUrl":"https:\/\/radioljubuski.ba\/wp-content\/uploads\/2024\/06\/IMG_20240620_174730.jpg","width":1080,"height":881},{"@type":"BreadcrumbList","@id":"https:\/\/radioljubuski.ba\/index.php\/2024\/06\/20\/upisi-u-srednje-skole-zzh\/#breadcrumb","itemListElement":[{"@type":"ListItem","position":1,"name":"Po\u010detna stranica","item":"https:\/\/radioljubuski.ba\/"},{"@type":"ListItem","position":2,"name":"Online upisi u srednje \u0161kole \u017dZH u ponedjeljak"}]},{"@type":"WebSite","@id":"https:\/\/radioljubuski.ba\/#website","url":"https:\/\/radioljubuski.ba\/","name":"Radio Ljubu\u0161ki","description":"Sun\u010dana frekvencija Hercegovine","publisher":{"@id":"https:\/\/radioljubuski.ba\/#organization"},"potentialAction":[{"@type":"SearchAction","target":{"@type":"EntryPoint","urlTemplate":"https:\/\/radioljubuski.ba\/?s={search_term_string}"},"query-input":{"@type":"PropertyValueSpecification","valueRequired":true,"valueName":"search_term_string"}}],"inLanguage":"hr"},{"@type":"Organization","@id":"https:\/\/radioljubuski.ba\/#organization","name":"Radio Ljubu\u0161ki","url":"https:\/\/radioljubuski.ba\/","logo":{"@type":"ImageObject","inLanguage":"hr","@id":"https:\/\/radioljubuski.ba\/#\/schema\/logo\/image\/","url":"https:\/\/radioljubuski.ba\/wp-content\/uploads\/2021\/02\/cropped-Radio_Ljubuski_logo1.jpg","contentUrl":"https:\/\/radioljubuski.ba\/wp-content\/uploads\/2021\/02\/cropped-Radio_Ljubuski_logo1.jpg","width":512,"height":512,"caption":"Radio Ljubu\u0161ki"},"image":{"@id":"https:\/\/radioljubuski.ba\/#\/schema\/logo\/image\/"},"sameAs":["https:\/\/www.facebook.com\/Radiio-Ljubuski-1490835324566332","https:\/\/x.com\/radioljubuski","https:\/\/hr.linkedin.com\/company\/radio-ljubuski","https:\/\/www.youtube.com\/channel\/UCHYaeO_n0Db3tjNGudGpXyw"]},{"@type":"Person","@id":"https:\/\/radioljubuski.ba\/#\/schema\/person\/19fc700381a780f69665d7956c469e3b","name":"Radio Ljubu\u0161ki"}]}},"_links":{"self":[{"href":"https:\/\/radioljubuski.ba\/index.php\/wp-json\/wp\/v2\/posts\/206241","targetHints":{"allow":["GET"]}}],"collection":[{"href":"https:\/\/radioljubuski.ba\/index.php\/wp-json\/wp\/v2\/posts"}],"about":[{"href":"https:\/\/radioljubuski.ba\/index.php\/wp-json\/wp\/v2\/types\/post"}],"author":[{"embeddable":true,"href":"https:\/\/radioljubuski.ba\/index.php\/wp-json\/wp\/v2\/users\/2"}],"replies":[{"embeddable":true,"href":"https:\/\/radioljubuski.ba\/index.php\/wp-json\/wp\/v2\/comments?post=206241"}],"version-history":[{"count":3,"href":"https:\/\/radioljubuski.ba\/index.php\/wp-json\/wp\/v2\/posts\/206241\/revisions"}],"predecessor-version":[{"id":206254,"href":"https:\/\/radioljubuski.ba\/index.php\/wp-json\/wp\/v2\/posts\/206241\/revisions\/206254"}],"wp:featuredmedia":[{"embeddable":true,"href":"https:\/\/radioljubuski.ba\/index.php\/wp-json\/wp\/v2\/media\/206247"}],"wp:attachment":[{"href":"https:\/\/radioljubuski.ba\/index.php\/wp-json\/wp\/v2\/media?parent=206241"}],"wp:term":[{"taxonomy":"category","embeddable":true,"href":"https:\/\/radioljubuski.ba\/index.php\/wp-json\/wp\/v2\/categories?post=206241"},{"taxonomy":"post_tag","embeddable":true,"href":"https:\/\/radioljubuski.ba\/index.php\/wp-json\/wp\/v2\/tags?post=206241"}],"curies":[{"name":"wp","href":"https:\/\/api.w.org\/{rel}","templated":true}]}}