{"id":206283,"date":"2024-06-22T21:26:23","date_gmt":"2024-06-22T20:26:23","guid":{"rendered":"https:\/\/radioljubuski.ba\/?p=206283"},"modified":"2024-06-23T08:07:20","modified_gmt":"2024-06-23T07:07:20","slug":"foto-uspjesno-odrzan-drugi-trnjak-fest-u-ljubuskom","status":"publish","type":"post","link":"https:\/\/radioljubuski.ba\/index.php\/2024\/06\/22\/foto-uspjesno-odrzan-drugi-trnjak-fest-u-ljubuskom\/","title":{"rendered":"Foto: Uspje\u0161no odr\u017ean Drugi Trnjak Fest u Ljubu\u0161kom"},"content":{"rendered":"\n<p>Ove subote u \u00a0gradskom parku u \u00a0Ljubu\u0161kom odr\u017ean je drugi po redu Trnjak Fest, manifestacija koja je okupila 26 vinarija iz Hercegovine i Dalmatinske zagore kako bi predstavile vrhunska vina od rijetke autohtone crvene sorte vinove loze &#8211; Trnjak.<\/p>\n\n\n\n<figure class=\"wp-block-image size-large\"><img loading=\"lazy\" decoding=\"async\" width=\"1024\" height=\"683\" src=\"https:\/\/radioljubuski.ba\/wp-content\/uploads\/2024\/06\/3P0A2311-1024x683.jpg\" alt=\"\" class=\"wp-image-206319\" srcset=\"https:\/\/radioljubuski.ba\/wp-content\/uploads\/2024\/06\/3P0A2311-1024x683.jpg 1024w, https:\/\/radioljubuski.ba\/wp-content\/uploads\/2024\/06\/3P0A2311-300x200.jpg 300w, https:\/\/radioljubuski.ba\/wp-content\/uploads\/2024\/06\/3P0A2311-768x512.jpg 768w, https:\/\/radioljubuski.ba\/wp-content\/uploads\/2024\/06\/3P0A2311-1536x1024.jpg 1536w, https:\/\/radioljubuski.ba\/wp-content\/uploads\/2024\/06\/3P0A2311-2048x1365.jpg 2048w, https:\/\/radioljubuski.ba\/wp-content\/uploads\/2024\/06\/3P0A2311-18x12.jpg 18w\" sizes=\"auto, (max-width: 1024px) 100vw, 1024px\" \/><\/figure>\n\n\n\n<figure class=\"wp-block-gallery has-nested-images columns-default is-cropped wp-block-gallery-1 is-layout-flex wp-block-gallery-is-layout-flex\">\n<figure class=\"wp-block-image size-large\"><img loading=\"lazy\" decoding=\"async\" width=\"1024\" height=\"683\" data-id=\"206288\" src=\"https:\/\/radioljubuski.ba\/wp-content\/uploads\/2024\/06\/3P0A2188-1024x683.jpg\" alt=\"\" class=\"wp-image-206288\" srcset=\"https:\/\/radioljubuski.ba\/wp-content\/uploads\/2024\/06\/3P0A2188-1024x683.jpg 1024w, https:\/\/radioljubuski.ba\/wp-content\/uploads\/2024\/06\/3P0A2188-300x200.jpg 300w, https:\/\/radioljubuski.ba\/wp-content\/uploads\/2024\/06\/3P0A2188-768x512.jpg 768w, https:\/\/radioljubuski.ba\/wp-content\/uploads\/2024\/06\/3P0A2188-1536x1024.jpg 1536w, https:\/\/radioljubuski.ba\/wp-content\/uploads\/2024\/06\/3P0A2188-2048x1365.jpg 2048w, https:\/\/radioljubuski.ba\/wp-content\/uploads\/2024\/06\/3P0A2188-18x12.jpg 18w\" sizes=\"auto, (max-width: 1024px) 100vw, 1024px\" \/><\/figure>\n\n\n\n<figure class=\"wp-block-image size-large\"><img loading=\"lazy\" decoding=\"async\" width=\"1024\" height=\"683\" data-id=\"206291\" src=\"https:\/\/radioljubuski.ba\/wp-content\/uploads\/2024\/06\/3P0A2196-1024x683.jpg\" alt=\"\" class=\"wp-image-206291\" srcset=\"https:\/\/radioljubuski.ba\/wp-content\/uploads\/2024\/06\/3P0A2196-1024x683.jpg 1024w, https:\/\/radioljubuski.ba\/wp-content\/uploads\/2024\/06\/3P0A2196-300x200.jpg 300w, https:\/\/radioljubuski.ba\/wp-content\/uploads\/2024\/06\/3P0A2196-768x512.jpg 768w, https:\/\/radioljubuski.ba\/wp-content\/uploads\/2024\/06\/3P0A2196-1536x1024.jpg 1536w, https:\/\/radioljubuski.ba\/wp-content\/uploads\/2024\/06\/3P0A2196-2048x1365.jpg 2048w, https:\/\/radioljubuski.ba\/wp-content\/uploads\/2024\/06\/3P0A2196-18x12.jpg 18w\" sizes=\"auto, (max-width: 1024px) 100vw, 1024px\" \/><\/figure>\n<\/figure>\n\n\n\n<figure class=\"wp-block-gallery has-nested-images columns-default is-cropped wp-block-gallery-2 is-layout-flex wp-block-gallery-is-layout-flex\">\n<figure class=\"wp-block-image size-large\"><img loading=\"lazy\" decoding=\"async\" width=\"1024\" height=\"683\" data-id=\"206332\" src=\"https:\/\/radioljubuski.ba\/wp-content\/uploads\/2024\/06\/3P0A2296-1-1024x683.jpg\" alt=\"\" class=\"wp-image-206332\" srcset=\"https:\/\/radioljubuski.ba\/wp-content\/uploads\/2024\/06\/3P0A2296-1-1024x683.jpg 1024w, https:\/\/radioljubuski.ba\/wp-content\/uploads\/2024\/06\/3P0A2296-1-300x200.jpg 300w, https:\/\/radioljubuski.ba\/wp-content\/uploads\/2024\/06\/3P0A2296-1-768x512.jpg 768w, https:\/\/radioljubuski.ba\/wp-content\/uploads\/2024\/06\/3P0A2296-1-1536x1024.jpg 1536w, https:\/\/radioljubuski.ba\/wp-content\/uploads\/2024\/06\/3P0A2296-1-2048x1365.jpg 2048w, https:\/\/radioljubuski.ba\/wp-content\/uploads\/2024\/06\/3P0A2296-1-18x12.jpg 18w\" sizes=\"auto, (max-width: 1024px) 100vw, 1024px\" \/><\/figure>\n<\/figure>\n\n\n\n<p>Posjetitelji su imali priliku u\u017eivati u \u0161irokom spektru vrhunskih vina, bogatom gastro kutku te izvanrednom glazbenom programu koji su obogatili Hana Parau\u0161i\u0107 na harfi, Anastasia Kaptelova kao vokalna solistica te Ivan D\u017eaji\u0107 na kontrabasu. Osim u\u017eivanja u kulinarskim delicijama i glazbenim u\u017eicima, posjetitelji su tako\u0111er mogli dublje upoznati sortu Trnjak kroz stru\u010dna predavanja eminentnih gostiju.<\/p>\n\n\n\n<figure class=\"wp-block-image size-large\"><img loading=\"lazy\" decoding=\"async\" width=\"1024\" height=\"683\" src=\"https:\/\/radioljubuski.ba\/wp-content\/uploads\/2024\/06\/3P0A2205-1024x683.jpg\" alt=\"\" class=\"wp-image-206293\" srcset=\"https:\/\/radioljubuski.ba\/wp-content\/uploads\/2024\/06\/3P0A2205-1024x683.jpg 1024w, https:\/\/radioljubuski.ba\/wp-content\/uploads\/2024\/06\/3P0A2205-300x200.jpg 300w, https:\/\/radioljubuski.ba\/wp-content\/uploads\/2024\/06\/3P0A2205-768x512.jpg 768w, https:\/\/radioljubuski.ba\/wp-content\/uploads\/2024\/06\/3P0A2205-1536x1024.jpg 1536w, https:\/\/radioljubuski.ba\/wp-content\/uploads\/2024\/06\/3P0A2205-2048x1365.jpg 2048w, https:\/\/radioljubuski.ba\/wp-content\/uploads\/2024\/06\/3P0A2205-18x12.jpg 18w\" sizes=\"auto, (max-width: 1024px) 100vw, 1024px\" \/><\/figure>\n\n\n\n<figure class=\"wp-block-gallery has-nested-images columns-default is-cropped wp-block-gallery-3 is-layout-flex wp-block-gallery-is-layout-flex\">\n<figure class=\"wp-block-image size-large\"><img loading=\"lazy\" decoding=\"async\" width=\"1024\" height=\"683\" data-id=\"206294\" src=\"https:\/\/radioljubuski.ba\/wp-content\/uploads\/2024\/06\/3P0A2201-1-1024x683.jpg\" alt=\"\" class=\"wp-image-206294\" srcset=\"https:\/\/radioljubuski.ba\/wp-content\/uploads\/2024\/06\/3P0A2201-1-1024x683.jpg 1024w, https:\/\/radioljubuski.ba\/wp-content\/uploads\/2024\/06\/3P0A2201-1-300x200.jpg 300w, https:\/\/radioljubuski.ba\/wp-content\/uploads\/2024\/06\/3P0A2201-1-768x512.jpg 768w, https:\/\/radioljubuski.ba\/wp-content\/uploads\/2024\/06\/3P0A2201-1-1536x1024.jpg 1536w, https:\/\/radioljubuski.ba\/wp-content\/uploads\/2024\/06\/3P0A2201-1-2048x1365.jpg 2048w, https:\/\/radioljubuski.ba\/wp-content\/uploads\/2024\/06\/3P0A2201-1-18x12.jpg 18w\" sizes=\"auto, (max-width: 1024px) 100vw, 1024px\" \/><\/figure>\n<\/figure>\n\n\n\n<p>Edukativne sesije na temu Trnjka, odr\u017eane pod vodstvom stru\u010dnjaka poput prof. dr. sc. Edija Maleti\u0107a, mr. agr. Milana Budinskog, dipl. ing. agr. Marija Leka, dr. sc. \u017deljka Andabaka te mr. agr. Marine Vranje\u0161, privukle su brojne znati\u017eeljne posjetitelje \u017eeljne dubljeg uvida u karakteristike ove autenti\u010dne sorte. Sommelier Daniel \u010ce\u010davac je svojom radionicom &#8220;Trnjak u Kupa\u017eama&#8221; dodatno obogatio program, poti\u010du\u0107i interes me\u0111u ljubiteljima vina i stru\u010dnjacima.<\/p>\n\n\n\n<figure class=\"wp-block-gallery has-nested-images columns-default is-cropped wp-block-gallery-4 is-layout-flex wp-block-gallery-is-layout-flex\">\n<figure class=\"wp-block-image size-large\"><img loading=\"lazy\" decoding=\"async\" width=\"1024\" height=\"683\" data-id=\"206296\" src=\"https:\/\/radioljubuski.ba\/wp-content\/uploads\/2024\/06\/3P0A2207-1024x683.jpg\" alt=\"\" class=\"wp-image-206296\" srcset=\"https:\/\/radioljubuski.ba\/wp-content\/uploads\/2024\/06\/3P0A2207-1024x683.jpg 1024w, https:\/\/radioljubuski.ba\/wp-content\/uploads\/2024\/06\/3P0A2207-300x200.jpg 300w, https:\/\/radioljubuski.ba\/wp-content\/uploads\/2024\/06\/3P0A2207-768x512.jpg 768w, https:\/\/radioljubuski.ba\/wp-content\/uploads\/2024\/06\/3P0A2207-1536x1024.jpg 1536w, https:\/\/radioljubuski.ba\/wp-content\/uploads\/2024\/06\/3P0A2207-2048x1365.jpg 2048w, https:\/\/radioljubuski.ba\/wp-content\/uploads\/2024\/06\/3P0A2207-18x12.jpg 18w\" sizes=\"auto, (max-width: 1024px) 100vw, 1024px\" \/><\/figure>\n\n\n\n<figure class=\"wp-block-image size-large\"><img loading=\"lazy\" decoding=\"async\" width=\"1024\" height=\"683\" data-id=\"206297\" src=\"https:\/\/radioljubuski.ba\/wp-content\/uploads\/2024\/06\/3P0A2210-1024x683.jpg\" alt=\"\" class=\"wp-image-206297\" srcset=\"https:\/\/radioljubuski.ba\/wp-content\/uploads\/2024\/06\/3P0A2210-1024x683.jpg 1024w, https:\/\/radioljubuski.ba\/wp-content\/uploads\/2024\/06\/3P0A2210-300x200.jpg 300w, https:\/\/radioljubuski.ba\/wp-content\/uploads\/2024\/06\/3P0A2210-768x512.jpg 768w, https:\/\/radioljubuski.ba\/wp-content\/uploads\/2024\/06\/3P0A2210-1536x1024.jpg 1536w, https:\/\/radioljubuski.ba\/wp-content\/uploads\/2024\/06\/3P0A2210-2048x1365.jpg 2048w, https:\/\/radioljubuski.ba\/wp-content\/uploads\/2024\/06\/3P0A2210-18x12.jpg 18w\" sizes=\"auto, (max-width: 1024px) 100vw, 1024px\" \/><\/figure>\n<\/figure>\n\n\n\n<p>&#8220;Trnjak Fest je vi\u0161e od vinskog doga\u0111aja &#8211; on je prilika za promociju kulturne ba\u0161tine i tradicije vezane uz ovu prepoznatljivu sortu vinove loze&#8221;, istaknuo je predsjednik Udruge vinogradara i vinara Ljubu\u0161ki, Zdenko Milas. Dodao je kako je Trnjak ve\u0107 stolje\u0107ima simbol hercegova\u010dkog vinogradarstva te naglasio va\u017enost doga\u0111aja za lokalnu zajednicu i regiju.<\/p>\n\n\n\n<figure class=\"wp-block-gallery has-nested-images columns-default is-cropped wp-block-gallery-5 is-layout-flex wp-block-gallery-is-layout-flex\">\n<figure class=\"wp-block-image size-large\"><img loading=\"lazy\" decoding=\"async\" width=\"1024\" height=\"683\" data-id=\"206298\" src=\"https:\/\/radioljubuski.ba\/wp-content\/uploads\/2024\/06\/3P0A2219-1024x683.jpg\" alt=\"\" class=\"wp-image-206298\" srcset=\"https:\/\/radioljubuski.ba\/wp-content\/uploads\/2024\/06\/3P0A2219-1024x683.jpg 1024w, https:\/\/radioljubuski.ba\/wp-content\/uploads\/2024\/06\/3P0A2219-300x200.jpg 300w, https:\/\/radioljubuski.ba\/wp-content\/uploads\/2024\/06\/3P0A2219-768x512.jpg 768w, https:\/\/radioljubuski.ba\/wp-content\/uploads\/2024\/06\/3P0A2219-1536x1024.jpg 1536w, https:\/\/radioljubuski.ba\/wp-content\/uploads\/2024\/06\/3P0A2219-2048x1365.jpg 2048w, https:\/\/radioljubuski.ba\/wp-content\/uploads\/2024\/06\/3P0A2219-18x12.jpg 18w\" sizes=\"auto, (max-width: 1024px) 100vw, 1024px\" \/><\/figure>\n\n\n\n<figure class=\"wp-block-image size-large\"><img loading=\"lazy\" decoding=\"async\" width=\"1024\" height=\"683\" data-id=\"206299\" src=\"https:\/\/radioljubuski.ba\/wp-content\/uploads\/2024\/06\/3P0A2226-1024x683.jpg\" alt=\"\" class=\"wp-image-206299\" srcset=\"https:\/\/radioljubuski.ba\/wp-content\/uploads\/2024\/06\/3P0A2226-1024x683.jpg 1024w, https:\/\/radioljubuski.ba\/wp-content\/uploads\/2024\/06\/3P0A2226-300x200.jpg 300w, https:\/\/radioljubuski.ba\/wp-content\/uploads\/2024\/06\/3P0A2226-768x512.jpg 768w, https:\/\/radioljubuski.ba\/wp-content\/uploads\/2024\/06\/3P0A2226-1536x1024.jpg 1536w, https:\/\/radioljubuski.ba\/wp-content\/uploads\/2024\/06\/3P0A2226-2048x1365.jpg 2048w, https:\/\/radioljubuski.ba\/wp-content\/uploads\/2024\/06\/3P0A2226-18x12.jpg 18w\" sizes=\"auto, (max-width: 1024px) 100vw, 1024px\" \/><\/figure>\n<\/figure>\n\n\n\n<p>Trnjak u svijet ne ide sam pa je na festivalu i ove godine dobio svoje ambasadore. Za ambasadoricu iz BiH progla\u0161ena je federalna ministrica turizma i okoli\u0161a Nasiha Pozder, dok Trnjak u Europu vodi \u017eupan Splitsko-dalmatinske \u017eupanije Bla\u017eenko Boban.<\/p>\n\n\n\n<figure class=\"wp-block-gallery has-nested-images columns-default is-cropped wp-block-gallery-6 is-layout-flex wp-block-gallery-is-layout-flex\">\n<figure class=\"wp-block-image size-large\"><img loading=\"lazy\" decoding=\"async\" width=\"1024\" height=\"682\" data-id=\"206301\" src=\"https:\/\/radioljubuski.ba\/wp-content\/uploads\/2024\/06\/18ed3852-5636-4304-94c2-378a3686e3a3-1024x682.jpg\" alt=\"\" class=\"wp-image-206301\" srcset=\"https:\/\/radioljubuski.ba\/wp-content\/uploads\/2024\/06\/18ed3852-5636-4304-94c2-378a3686e3a3-1024x682.jpg 1024w, https:\/\/radioljubuski.ba\/wp-content\/uploads\/2024\/06\/18ed3852-5636-4304-94c2-378a3686e3a3-300x200.jpg 300w, https:\/\/radioljubuski.ba\/wp-content\/uploads\/2024\/06\/18ed3852-5636-4304-94c2-378a3686e3a3-768x512.jpg 768w, https:\/\/radioljubuski.ba\/wp-content\/uploads\/2024\/06\/18ed3852-5636-4304-94c2-378a3686e3a3-1536x1023.jpg 1536w, https:\/\/radioljubuski.ba\/wp-content\/uploads\/2024\/06\/18ed3852-5636-4304-94c2-378a3686e3a3-18x12.jpg 18w, https:\/\/radioljubuski.ba\/wp-content\/uploads\/2024\/06\/18ed3852-5636-4304-94c2-378a3686e3a3.jpg 1600w\" sizes=\"auto, (max-width: 1024px) 100vw, 1024px\" \/><\/figure>\n\n\n\n<figure class=\"wp-block-image size-large\"><img loading=\"lazy\" decoding=\"async\" width=\"1024\" height=\"683\" data-id=\"206300\" src=\"https:\/\/radioljubuski.ba\/wp-content\/uploads\/2024\/06\/3P0A2419-1024x683.jpg\" alt=\"\" class=\"wp-image-206300\" srcset=\"https:\/\/radioljubuski.ba\/wp-content\/uploads\/2024\/06\/3P0A2419-1024x683.jpg 1024w, https:\/\/radioljubuski.ba\/wp-content\/uploads\/2024\/06\/3P0A2419-300x200.jpg 300w, https:\/\/radioljubuski.ba\/wp-content\/uploads\/2024\/06\/3P0A2419-768x512.jpg 768w, https:\/\/radioljubuski.ba\/wp-content\/uploads\/2024\/06\/3P0A2419-1536x1024.jpg 1536w, https:\/\/radioljubuski.ba\/wp-content\/uploads\/2024\/06\/3P0A2419-2048x1365.jpg 2048w, https:\/\/radioljubuski.ba\/wp-content\/uploads\/2024\/06\/3P0A2419-18x12.jpg 18w\" sizes=\"auto, (max-width: 1024px) 100vw, 1024px\" \/><\/figure>\n<\/figure>\n\n\n\n<p>Milas je naglasio da Trnjak ve\u0107 dugi niz godina predstavlja poznatu sortu koja se uzgajala na podru\u010dju Hercegovine, ali da se do nedavno proizvo\u0111a\u010di nisu odlu\u010divali za monosortna vina od ove sorte gro\u017e\u0111a. Prvi rezultati u tom smjeru pokazali su se u proizvodnji vinarije \u010citluk, a potpunu afirmaciju je donijela Vinarija Nui\u0107. Od tada bilje\u017eimo sve ve\u0107i interes i osvajanje prvih me\u0111unarodnih nagrada za vina od ove sorte.<\/p>\n\n\n\n<figure class=\"wp-block-gallery has-nested-images columns-default is-cropped wp-block-gallery-7 is-layout-flex wp-block-gallery-is-layout-flex\">\n<figure class=\"wp-block-image size-large\"><img loading=\"lazy\" decoding=\"async\" width=\"1024\" height=\"683\" data-id=\"206302\" src=\"https:\/\/radioljubuski.ba\/wp-content\/uploads\/2024\/06\/3P0A2230-1024x683.jpg\" alt=\"\" class=\"wp-image-206302\" srcset=\"https:\/\/radioljubuski.ba\/wp-content\/uploads\/2024\/06\/3P0A2230-1024x683.jpg 1024w, https:\/\/radioljubuski.ba\/wp-content\/uploads\/2024\/06\/3P0A2230-300x200.jpg 300w, https:\/\/radioljubuski.ba\/wp-content\/uploads\/2024\/06\/3P0A2230-768x512.jpg 768w, https:\/\/radioljubuski.ba\/wp-content\/uploads\/2024\/06\/3P0A2230-1536x1024.jpg 1536w, https:\/\/radioljubuski.ba\/wp-content\/uploads\/2024\/06\/3P0A2230-2048x1365.jpg 2048w, https:\/\/radioljubuski.ba\/wp-content\/uploads\/2024\/06\/3P0A2230-18x12.jpg 18w\" sizes=\"auto, (max-width: 1024px) 100vw, 1024px\" \/><\/figure>\n\n\n\n<figure class=\"wp-block-image size-large\"><img loading=\"lazy\" decoding=\"async\" width=\"1024\" height=\"683\" data-id=\"206305\" src=\"https:\/\/radioljubuski.ba\/wp-content\/uploads\/2024\/06\/3P0A2232-1024x683.jpg\" alt=\"\" class=\"wp-image-206305\" srcset=\"https:\/\/radioljubuski.ba\/wp-content\/uploads\/2024\/06\/3P0A2232-1024x683.jpg 1024w, https:\/\/radioljubuski.ba\/wp-content\/uploads\/2024\/06\/3P0A2232-300x200.jpg 300w, https:\/\/radioljubuski.ba\/wp-content\/uploads\/2024\/06\/3P0A2232-768x512.jpg 768w, https:\/\/radioljubuski.ba\/wp-content\/uploads\/2024\/06\/3P0A2232-1536x1024.jpg 1536w, https:\/\/radioljubuski.ba\/wp-content\/uploads\/2024\/06\/3P0A2232-2048x1365.jpg 2048w, https:\/\/radioljubuski.ba\/wp-content\/uploads\/2024\/06\/3P0A2232-18x12.jpg 18w\" sizes=\"auto, (max-width: 1024px) 100vw, 1024px\" \/><\/figure>\n\n\n\n<figure class=\"wp-block-image size-large\"><img loading=\"lazy\" decoding=\"async\" width=\"1024\" height=\"683\" data-id=\"206303\" src=\"https:\/\/radioljubuski.ba\/wp-content\/uploads\/2024\/06\/3P0A2235-1024x683.jpg\" alt=\"\" class=\"wp-image-206303\" srcset=\"https:\/\/radioljubuski.ba\/wp-content\/uploads\/2024\/06\/3P0A2235-1024x683.jpg 1024w, https:\/\/radioljubuski.ba\/wp-content\/uploads\/2024\/06\/3P0A2235-300x200.jpg 300w, https:\/\/radioljubuski.ba\/wp-content\/uploads\/2024\/06\/3P0A2235-768x512.jpg 768w, https:\/\/radioljubuski.ba\/wp-content\/uploads\/2024\/06\/3P0A2235-1536x1024.jpg 1536w, https:\/\/radioljubuski.ba\/wp-content\/uploads\/2024\/06\/3P0A2235-2048x1365.jpg 2048w, https:\/\/radioljubuski.ba\/wp-content\/uploads\/2024\/06\/3P0A2235-18x12.jpg 18w\" sizes=\"auto, (max-width: 1024px) 100vw, 1024px\" \/><\/figure>\n<\/figure>\n\n\n\n<p>Jedan od zanimljivih noviteta ovogodi\u0161njeg doga\u0111aja bio je anga\u017eman proizvo\u0111a\u010da Gina iz Vrgorca, koji je predstavio vrhunski Gin napravljen upravo od sorte Trnjak. &#8220;To je nagra\u0111ivani Gin koji isti\u010de karakteristike ove autenti\u010dne vinove loze&#8221;, dodao je Milas.<\/p>\n\n\n\n<figure class=\"wp-block-gallery has-nested-images columns-default is-cropped wp-block-gallery-8 is-layout-flex wp-block-gallery-is-layout-flex\">\n<figure class=\"wp-block-image size-large\"><img loading=\"lazy\" decoding=\"async\" width=\"1024\" height=\"683\" data-id=\"206307\" src=\"https:\/\/radioljubuski.ba\/wp-content\/uploads\/2024\/06\/3P0A2241-1-1024x683.jpg\" alt=\"\" class=\"wp-image-206307\" srcset=\"https:\/\/radioljubuski.ba\/wp-content\/uploads\/2024\/06\/3P0A2241-1-1024x683.jpg 1024w, https:\/\/radioljubuski.ba\/wp-content\/uploads\/2024\/06\/3P0A2241-1-300x200.jpg 300w, https:\/\/radioljubuski.ba\/wp-content\/uploads\/2024\/06\/3P0A2241-1-768x512.jpg 768w, https:\/\/radioljubuski.ba\/wp-content\/uploads\/2024\/06\/3P0A2241-1-1536x1024.jpg 1536w, https:\/\/radioljubuski.ba\/wp-content\/uploads\/2024\/06\/3P0A2241-1-2048x1365.jpg 2048w, https:\/\/radioljubuski.ba\/wp-content\/uploads\/2024\/06\/3P0A2241-1-18x12.jpg 18w\" sizes=\"auto, (max-width: 1024px) 100vw, 1024px\" \/><\/figure>\n\n\n\n<figure class=\"wp-block-image size-large\"><img loading=\"lazy\" decoding=\"async\" width=\"1024\" height=\"683\" data-id=\"206308\" src=\"https:\/\/radioljubuski.ba\/wp-content\/uploads\/2024\/06\/3P0A2244-1024x683.jpg\" alt=\"\" class=\"wp-image-206308\" srcset=\"https:\/\/radioljubuski.ba\/wp-content\/uploads\/2024\/06\/3P0A2244-1024x683.jpg 1024w, https:\/\/radioljubuski.ba\/wp-content\/uploads\/2024\/06\/3P0A2244-300x200.jpg 300w, https:\/\/radioljubuski.ba\/wp-content\/uploads\/2024\/06\/3P0A2244-768x512.jpg 768w, https:\/\/radioljubuski.ba\/wp-content\/uploads\/2024\/06\/3P0A2244-1536x1024.jpg 1536w, https:\/\/radioljubuski.ba\/wp-content\/uploads\/2024\/06\/3P0A2244-2048x1365.jpg 2048w, https:\/\/radioljubuski.ba\/wp-content\/uploads\/2024\/06\/3P0A2244-18x12.jpg 18w\" sizes=\"auto, (max-width: 1024px) 100vw, 1024px\" \/><\/figure>\n<\/figure>\n\n\n\n<p>Trnjak Fest je privukao veliki broj posjetitelja i ljubitelja vina iz cijele regije, \u010dime je jasno potvrdio svoju rastu\u0107u va\u017enost na vinskoj mapi Bosne i Hercegovine. Ovogodi\u0161nji festival je jo\u0161 jednom potvrdio svoju va\u017enost u o\u010duvanju i popularizaciji lokalne vinogradarske ponude te je bio prilika za slavlje kulture i naslije\u0111a povezanog s Trnjkom.<\/p>\n\n\n\n<figure class=\"wp-block-gallery has-nested-images columns-default is-cropped wp-block-gallery-9 is-layout-flex wp-block-gallery-is-layout-flex\">\n<figure class=\"wp-block-image size-large\"><img loading=\"lazy\" decoding=\"async\" width=\"1024\" height=\"683\" data-id=\"206309\" src=\"https:\/\/radioljubuski.ba\/wp-content\/uploads\/2024\/06\/3P0A2279-1024x683.jpg\" alt=\"\" class=\"wp-image-206309\" srcset=\"https:\/\/radioljubuski.ba\/wp-content\/uploads\/2024\/06\/3P0A2279-1024x683.jpg 1024w, https:\/\/radioljubuski.ba\/wp-content\/uploads\/2024\/06\/3P0A2279-300x200.jpg 300w, https:\/\/radioljubuski.ba\/wp-content\/uploads\/2024\/06\/3P0A2279-768x512.jpg 768w, https:\/\/radioljubuski.ba\/wp-content\/uploads\/2024\/06\/3P0A2279-1536x1024.jpg 1536w, https:\/\/radioljubuski.ba\/wp-content\/uploads\/2024\/06\/3P0A2279-2048x1365.jpg 2048w, https:\/\/radioljubuski.ba\/wp-content\/uploads\/2024\/06\/3P0A2279-18x12.jpg 18w\" sizes=\"auto, (max-width: 1024px) 100vw, 1024px\" \/><\/figure>\n\n\n\n<figure class=\"wp-block-image size-large\"><img loading=\"lazy\" decoding=\"async\" width=\"1024\" height=\"683\" data-id=\"206310\" src=\"https:\/\/radioljubuski.ba\/wp-content\/uploads\/2024\/06\/3P0A2285-1024x683.jpg\" alt=\"\" class=\"wp-image-206310\" srcset=\"https:\/\/radioljubuski.ba\/wp-content\/uploads\/2024\/06\/3P0A2285-1024x683.jpg 1024w, https:\/\/radioljubuski.ba\/wp-content\/uploads\/2024\/06\/3P0A2285-300x200.jpg 300w, https:\/\/radioljubuski.ba\/wp-content\/uploads\/2024\/06\/3P0A2285-768x512.jpg 768w, https:\/\/radioljubuski.ba\/wp-content\/uploads\/2024\/06\/3P0A2285-1536x1024.jpg 1536w, https:\/\/radioljubuski.ba\/wp-content\/uploads\/2024\/06\/3P0A2285-2048x1365.jpg 2048w, https:\/\/radioljubuski.ba\/wp-content\/uploads\/2024\/06\/3P0A2285-18x12.jpg 18w\" sizes=\"auto, (max-width: 1024px) 100vw, 1024px\" \/><\/figure>\n\n\n\n<figure class=\"wp-block-image size-large\"><img loading=\"lazy\" decoding=\"async\" width=\"1024\" height=\"683\" data-id=\"206316\" src=\"https:\/\/radioljubuski.ba\/wp-content\/uploads\/2024\/06\/3P0A2305-1024x683.jpg\" alt=\"\" class=\"wp-image-206316\" srcset=\"https:\/\/radioljubuski.ba\/wp-content\/uploads\/2024\/06\/3P0A2305-1024x683.jpg 1024w, https:\/\/radioljubuski.ba\/wp-content\/uploads\/2024\/06\/3P0A2305-300x200.jpg 300w, https:\/\/radioljubuski.ba\/wp-content\/uploads\/2024\/06\/3P0A2305-768x512.jpg 768w, https:\/\/radioljubuski.ba\/wp-content\/uploads\/2024\/06\/3P0A2305-1536x1024.jpg 1536w, https:\/\/radioljubuski.ba\/wp-content\/uploads\/2024\/06\/3P0A2305-2048x1365.jpg 2048w, https:\/\/radioljubuski.ba\/wp-content\/uploads\/2024\/06\/3P0A2305-18x12.jpg 18w\" sizes=\"auto, (max-width: 1024px) 100vw, 1024px\" \/><\/figure>\n\n\n\n<figure class=\"wp-block-image size-large\"><img loading=\"lazy\" decoding=\"async\" width=\"1024\" height=\"683\" data-id=\"206312\" src=\"https:\/\/radioljubuski.ba\/wp-content\/uploads\/2024\/06\/3P0A2318-1024x683.jpg\" alt=\"\" class=\"wp-image-206312\" srcset=\"https:\/\/radioljubuski.ba\/wp-content\/uploads\/2024\/06\/3P0A2318-1024x683.jpg 1024w, https:\/\/radioljubuski.ba\/wp-content\/uploads\/2024\/06\/3P0A2318-300x200.jpg 300w, https:\/\/radioljubuski.ba\/wp-content\/uploads\/2024\/06\/3P0A2318-768x512.jpg 768w, https:\/\/radioljubuski.ba\/wp-content\/uploads\/2024\/06\/3P0A2318-1536x1024.jpg 1536w, https:\/\/radioljubuski.ba\/wp-content\/uploads\/2024\/06\/3P0A2318-2048x1365.jpg 2048w, https:\/\/radioljubuski.ba\/wp-content\/uploads\/2024\/06\/3P0A2318-18x12.jpg 18w\" sizes=\"auto, (max-width: 1024px) 100vw, 1024px\" \/><\/figure>\n\n\n\n<figure class=\"wp-block-image size-large\"><img loading=\"lazy\" decoding=\"async\" width=\"1024\" height=\"683\" data-id=\"206323\" src=\"https:\/\/radioljubuski.ba\/wp-content\/uploads\/2024\/06\/3P0A2323-1024x683.jpg\" alt=\"\" class=\"wp-image-206323\" srcset=\"https:\/\/radioljubuski.ba\/wp-content\/uploads\/2024\/06\/3P0A2323-1024x683.jpg 1024w, https:\/\/radioljubuski.ba\/wp-content\/uploads\/2024\/06\/3P0A2323-300x200.jpg 300w, https:\/\/radioljubuski.ba\/wp-content\/uploads\/2024\/06\/3P0A2323-768x512.jpg 768w, https:\/\/radioljubuski.ba\/wp-content\/uploads\/2024\/06\/3P0A2323-1536x1024.jpg 1536w, https:\/\/radioljubuski.ba\/wp-content\/uploads\/2024\/06\/3P0A2323-2048x1365.jpg 2048w, https:\/\/radioljubuski.ba\/wp-content\/uploads\/2024\/06\/3P0A2323-18x12.jpg 18w\" sizes=\"auto, (max-width: 1024px) 100vw, 1024px\" \/><\/figure>\n\n\n\n<figure class=\"wp-block-image size-large\"><img loading=\"lazy\" decoding=\"async\" width=\"1024\" height=\"683\" data-id=\"206311\" src=\"https:\/\/radioljubuski.ba\/wp-content\/uploads\/2024\/06\/3P0A2344-1024x683.jpg\" alt=\"\" class=\"wp-image-206311\" srcset=\"https:\/\/radioljubuski.ba\/wp-content\/uploads\/2024\/06\/3P0A2344-1024x683.jpg 1024w, https:\/\/radioljubuski.ba\/wp-content\/uploads\/2024\/06\/3P0A2344-300x200.jpg 300w, https:\/\/radioljubuski.ba\/wp-content\/uploads\/2024\/06\/3P0A2344-768x512.jpg 768w, https:\/\/radioljubuski.ba\/wp-content\/uploads\/2024\/06\/3P0A2344-1536x1024.jpg 1536w, https:\/\/radioljubuski.ba\/wp-content\/uploads\/2024\/06\/3P0A2344-2048x1365.jpg 2048w, https:\/\/radioljubuski.ba\/wp-content\/uploads\/2024\/06\/3P0A2344-18x12.jpg 18w\" sizes=\"auto, (max-width: 1024px) 100vw, 1024px\" \/><\/figure>\n\n\n\n<figure class=\"wp-block-image size-large\"><img loading=\"lazy\" decoding=\"async\" width=\"1024\" height=\"683\" data-id=\"206324\" src=\"https:\/\/radioljubuski.ba\/wp-content\/uploads\/2024\/06\/3P0A2355-1024x683.jpg\" alt=\"\" class=\"wp-image-206324\" srcset=\"https:\/\/radioljubuski.ba\/wp-content\/uploads\/2024\/06\/3P0A2355-1024x683.jpg 1024w, https:\/\/radioljubuski.ba\/wp-content\/uploads\/2024\/06\/3P0A2355-300x200.jpg 300w, https:\/\/radioljubuski.ba\/wp-content\/uploads\/2024\/06\/3P0A2355-768x512.jpg 768w, https:\/\/radioljubuski.ba\/wp-content\/uploads\/2024\/06\/3P0A2355-1536x1024.jpg 1536w, https:\/\/radioljubuski.ba\/wp-content\/uploads\/2024\/06\/3P0A2355-2048x1365.jpg 2048w, https:\/\/radioljubuski.ba\/wp-content\/uploads\/2024\/06\/3P0A2355-18x12.jpg 18w\" sizes=\"auto, (max-width: 1024px) 100vw, 1024px\" \/><\/figure>\n\n\n\n<figure class=\"wp-block-image size-large\"><img loading=\"lazy\" decoding=\"async\" width=\"1024\" height=\"683\" data-id=\"206325\" src=\"https:\/\/radioljubuski.ba\/wp-content\/uploads\/2024\/06\/3P0A2361-1024x683.jpg\" alt=\"\" class=\"wp-image-206325\" srcset=\"https:\/\/radioljubuski.ba\/wp-content\/uploads\/2024\/06\/3P0A2361-1024x683.jpg 1024w, https:\/\/radioljubuski.ba\/wp-content\/uploads\/2024\/06\/3P0A2361-300x200.jpg 300w, https:\/\/radioljubuski.ba\/wp-content\/uploads\/2024\/06\/3P0A2361-768x512.jpg 768w, https:\/\/radioljubuski.ba\/wp-content\/uploads\/2024\/06\/3P0A2361-1536x1024.jpg 1536w, https:\/\/radioljubuski.ba\/wp-content\/uploads\/2024\/06\/3P0A2361-2048x1365.jpg 2048w, https:\/\/radioljubuski.ba\/wp-content\/uploads\/2024\/06\/3P0A2361-18x12.jpg 18w\" sizes=\"auto, (max-width: 1024px) 100vw, 1024px\" \/><\/figure>\n\n\n\n<figure class=\"wp-block-image size-large\"><img loading=\"lazy\" decoding=\"async\" width=\"1024\" height=\"683\" data-id=\"206315\" src=\"https:\/\/radioljubuski.ba\/wp-content\/uploads\/2024\/06\/3P0A2370-1024x683.jpg\" alt=\"\" class=\"wp-image-206315\" srcset=\"https:\/\/radioljubuski.ba\/wp-content\/uploads\/2024\/06\/3P0A2370-1024x683.jpg 1024w, https:\/\/radioljubuski.ba\/wp-content\/uploads\/2024\/06\/3P0A2370-300x200.jpg 300w, https:\/\/radioljubuski.ba\/wp-content\/uploads\/2024\/06\/3P0A2370-768x512.jpg 768w, https:\/\/radioljubuski.ba\/wp-content\/uploads\/2024\/06\/3P0A2370-1536x1024.jpg 1536w, https:\/\/radioljubuski.ba\/wp-content\/uploads\/2024\/06\/3P0A2370-2048x1365.jpg 2048w, https:\/\/radioljubuski.ba\/wp-content\/uploads\/2024\/06\/3P0A2370-18x12.jpg 18w\" sizes=\"auto, (max-width: 1024px) 100vw, 1024px\" \/><\/figure>\n\n\n\n<figure class=\"wp-block-image size-large\"><img loading=\"lazy\" decoding=\"async\" width=\"1024\" height=\"683\" data-id=\"206331\" src=\"https:\/\/radioljubuski.ba\/wp-content\/uploads\/2024\/06\/3P0A2378-1024x683.jpg\" alt=\"\" class=\"wp-image-206331\" srcset=\"https:\/\/radioljubuski.ba\/wp-content\/uploads\/2024\/06\/3P0A2378-1024x683.jpg 1024w, https:\/\/radioljubuski.ba\/wp-content\/uploads\/2024\/06\/3P0A2378-300x200.jpg 300w, https:\/\/radioljubuski.ba\/wp-content\/uploads\/2024\/06\/3P0A2378-768x512.jpg 768w, https:\/\/radioljubuski.ba\/wp-content\/uploads\/2024\/06\/3P0A2378-1536x1024.jpg 1536w, https:\/\/radioljubuski.ba\/wp-content\/uploads\/2024\/06\/3P0A2378-2048x1365.jpg 2048w, https:\/\/radioljubuski.ba\/wp-content\/uploads\/2024\/06\/3P0A2378-18x12.jpg 18w\" sizes=\"auto, (max-width: 1024px) 100vw, 1024px\" \/><\/figure>\n\n\n\n<figure class=\"wp-block-image size-large\"><img loading=\"lazy\" decoding=\"async\" width=\"1024\" height=\"683\" data-id=\"206327\" src=\"https:\/\/radioljubuski.ba\/wp-content\/uploads\/2024\/06\/3P0A2381-1024x683.jpg\" alt=\"\" class=\"wp-image-206327\" srcset=\"https:\/\/radioljubuski.ba\/wp-content\/uploads\/2024\/06\/3P0A2381-1024x683.jpg 1024w, https:\/\/radioljubuski.ba\/wp-content\/uploads\/2024\/06\/3P0A2381-300x200.jpg 300w, https:\/\/radioljubuski.ba\/wp-content\/uploads\/2024\/06\/3P0A2381-768x512.jpg 768w, https:\/\/radioljubuski.ba\/wp-content\/uploads\/2024\/06\/3P0A2381-1536x1024.jpg 1536w, https:\/\/radioljubuski.ba\/wp-content\/uploads\/2024\/06\/3P0A2381-2048x1365.jpg 2048w, https:\/\/radioljubuski.ba\/wp-content\/uploads\/2024\/06\/3P0A2381-18x12.jpg 18w\" sizes=\"auto, (max-width: 1024px) 100vw, 1024px\" \/><\/figure>\n\n\n\n<figure class=\"wp-block-image size-large\"><img loading=\"lazy\" decoding=\"async\" width=\"1024\" height=\"683\" data-id=\"206322\" src=\"https:\/\/radioljubuski.ba\/wp-content\/uploads\/2024\/06\/3P0A2387-1024x683.jpg\" alt=\"\" class=\"wp-image-206322\" srcset=\"https:\/\/radioljubuski.ba\/wp-content\/uploads\/2024\/06\/3P0A2387-1024x683.jpg 1024w, https:\/\/radioljubuski.ba\/wp-content\/uploads\/2024\/06\/3P0A2387-300x200.jpg 300w, https:\/\/radioljubuski.ba\/wp-content\/uploads\/2024\/06\/3P0A2387-768x512.jpg 768w, https:\/\/radioljubuski.ba\/wp-content\/uploads\/2024\/06\/3P0A2387-1536x1024.jpg 1536w, https:\/\/radioljubuski.ba\/wp-content\/uploads\/2024\/06\/3P0A2387-2048x1365.jpg 2048w, https:\/\/radioljubuski.ba\/wp-content\/uploads\/2024\/06\/3P0A2387-18x12.jpg 18w\" sizes=\"auto, (max-width: 1024px) 100vw, 1024px\" \/><\/figure>\n\n\n\n<figure class=\"wp-block-image size-large\"><img loading=\"lazy\" decoding=\"async\" width=\"1024\" height=\"683\" data-id=\"206321\" src=\"https:\/\/radioljubuski.ba\/wp-content\/uploads\/2024\/06\/3P0A2394-1024x683.jpg\" alt=\"\" class=\"wp-image-206321\" srcset=\"https:\/\/radioljubuski.ba\/wp-content\/uploads\/2024\/06\/3P0A2394-1024x683.jpg 1024w, https:\/\/radioljubuski.ba\/wp-content\/uploads\/2024\/06\/3P0A2394-300x200.jpg 300w, https:\/\/radioljubuski.ba\/wp-content\/uploads\/2024\/06\/3P0A2394-768x512.jpg 768w, https:\/\/radioljubuski.ba\/wp-content\/uploads\/2024\/06\/3P0A2394-1536x1024.jpg 1536w, https:\/\/radioljubuski.ba\/wp-content\/uploads\/2024\/06\/3P0A2394-2048x1365.jpg 2048w, https:\/\/radioljubuski.ba\/wp-content\/uploads\/2024\/06\/3P0A2394-18x12.jpg 18w\" sizes=\"auto, (max-width: 1024px) 100vw, 1024px\" \/><\/figure>\n\n\n\n<figure class=\"wp-block-image size-large\"><img loading=\"lazy\" decoding=\"async\" width=\"1024\" height=\"683\" data-id=\"206326\" src=\"https:\/\/radioljubuski.ba\/wp-content\/uploads\/2024\/06\/3P0A2400-1024x683.jpg\" alt=\"\" class=\"wp-image-206326\" srcset=\"https:\/\/radioljubuski.ba\/wp-content\/uploads\/2024\/06\/3P0A2400-1024x683.jpg 1024w, https:\/\/radioljubuski.ba\/wp-content\/uploads\/2024\/06\/3P0A2400-300x200.jpg 300w, https:\/\/radioljubuski.ba\/wp-content\/uploads\/2024\/06\/3P0A2400-768x512.jpg 768w, https:\/\/radioljubuski.ba\/wp-content\/uploads\/2024\/06\/3P0A2400-1536x1024.jpg 1536w, https:\/\/radioljubuski.ba\/wp-content\/uploads\/2024\/06\/3P0A2400-2048x1365.jpg 2048w, https:\/\/radioljubuski.ba\/wp-content\/uploads\/2024\/06\/3P0A2400-18x12.jpg 18w\" sizes=\"auto, (max-width: 1024px) 100vw, 1024px\" \/><\/figure>\n\n\n\n<figure class=\"wp-block-image size-large\"><img loading=\"lazy\" decoding=\"async\" width=\"1024\" height=\"683\" data-id=\"206328\" src=\"https:\/\/radioljubuski.ba\/wp-content\/uploads\/2024\/06\/3P0A2404-1024x683.jpg\" alt=\"\" class=\"wp-image-206328\" srcset=\"https:\/\/radioljubuski.ba\/wp-content\/uploads\/2024\/06\/3P0A2404-1024x683.jpg 1024w, https:\/\/radioljubuski.ba\/wp-content\/uploads\/2024\/06\/3P0A2404-300x200.jpg 300w, https:\/\/radioljubuski.ba\/wp-content\/uploads\/2024\/06\/3P0A2404-768x512.jpg 768w, https:\/\/radioljubuski.ba\/wp-content\/uploads\/2024\/06\/3P0A2404-1536x1024.jpg 1536w, https:\/\/radioljubuski.ba\/wp-content\/uploads\/2024\/06\/3P0A2404-2048x1365.jpg 2048w, https:\/\/radioljubuski.ba\/wp-content\/uploads\/2024\/06\/3P0A2404-18x12.jpg 18w\" sizes=\"auto, (max-width: 1024px) 100vw, 1024px\" \/><\/figure>\n\n\n\n<figure class=\"wp-block-image size-large\"><img loading=\"lazy\" decoding=\"async\" width=\"1024\" height=\"683\" data-id=\"206320\" src=\"https:\/\/radioljubuski.ba\/wp-content\/uploads\/2024\/06\/3P0A2425-1024x683.jpg\" alt=\"\" class=\"wp-image-206320\" srcset=\"https:\/\/radioljubuski.ba\/wp-content\/uploads\/2024\/06\/3P0A2425-1024x683.jpg 1024w, https:\/\/radioljubuski.ba\/wp-content\/uploads\/2024\/06\/3P0A2425-300x200.jpg 300w, https:\/\/radioljubuski.ba\/wp-content\/uploads\/2024\/06\/3P0A2425-768x512.jpg 768w, https:\/\/radioljubuski.ba\/wp-content\/uploads\/2024\/06\/3P0A2425-1536x1024.jpg 1536w, https:\/\/radioljubuski.ba\/wp-content\/uploads\/2024\/06\/3P0A2425-2048x1365.jpg 2048w, https:\/\/radioljubuski.ba\/wp-content\/uploads\/2024\/06\/3P0A2425-18x12.jpg 18w\" sizes=\"auto, (max-width: 1024px) 100vw, 1024px\" \/><\/figure>\n\n\n\n<figure class=\"wp-block-image size-large\"><img loading=\"lazy\" decoding=\"async\" width=\"1024\" height=\"683\" data-id=\"206318\" src=\"https:\/\/radioljubuski.ba\/wp-content\/uploads\/2024\/06\/3P0A2426-1024x683.jpg\" alt=\"\" class=\"wp-image-206318\" srcset=\"https:\/\/radioljubuski.ba\/wp-content\/uploads\/2024\/06\/3P0A2426-1024x683.jpg 1024w, https:\/\/radioljubuski.ba\/wp-content\/uploads\/2024\/06\/3P0A2426-300x200.jpg 300w, https:\/\/radioljubuski.ba\/wp-content\/uploads\/2024\/06\/3P0A2426-768x512.jpg 768w, https:\/\/radioljubuski.ba\/wp-content\/uploads\/2024\/06\/3P0A2426-1536x1024.jpg 1536w, https:\/\/radioljubuski.ba\/wp-content\/uploads\/2024\/06\/3P0A2426-2048x1365.jpg 2048w, https:\/\/radioljubuski.ba\/wp-content\/uploads\/2024\/06\/3P0A2426-18x12.jpg 18w\" sizes=\"auto, (max-width: 1024px) 100vw, 1024px\" \/><\/figure>\n\n\n\n<figure class=\"wp-block-image size-large\"><img loading=\"lazy\" decoding=\"async\" width=\"1024\" height=\"683\" data-id=\"206330\" src=\"https:\/\/radioljubuski.ba\/wp-content\/uploads\/2024\/06\/3P0A2438-1024x683.jpg\" alt=\"\" class=\"wp-image-206330\" srcset=\"https:\/\/radioljubuski.ba\/wp-content\/uploads\/2024\/06\/3P0A2438-1024x683.jpg 1024w, https:\/\/radioljubuski.ba\/wp-content\/uploads\/2024\/06\/3P0A2438-300x200.jpg 300w, https:\/\/radioljubuski.ba\/wp-content\/uploads\/2024\/06\/3P0A2438-768x512.jpg 768w, https:\/\/radioljubuski.ba\/wp-content\/uploads\/2024\/06\/3P0A2438-1536x1024.jpg 1536w, https:\/\/radioljubuski.ba\/wp-content\/uploads\/2024\/06\/3P0A2438-2048x1365.jpg 2048w, https:\/\/radioljubuski.ba\/wp-content\/uploads\/2024\/06\/3P0A2438-18x12.jpg 18w\" sizes=\"auto, (max-width: 1024px) 100vw, 1024px\" \/><\/figure>\n<\/figure>\n\n\n\n<figure class=\"wp-block-gallery has-nested-images columns-default is-cropped wp-block-gallery-10 is-layout-flex wp-block-gallery-is-layout-flex\">\n<figure class=\"wp-block-image size-large\"><img loading=\"lazy\" decoding=\"async\" width=\"1024\" height=\"682\" data-id=\"206333\" src=\"https:\/\/radioljubuski.ba\/wp-content\/uploads\/2024\/06\/97fc724d-55a6-471d-a3ce-f2b7b0aea672-1024x682.jpg\" alt=\"\" class=\"wp-image-206333\" srcset=\"https:\/\/radioljubuski.ba\/wp-content\/uploads\/2024\/06\/97fc724d-55a6-471d-a3ce-f2b7b0aea672-1024x682.jpg 1024w, https:\/\/radioljubuski.ba\/wp-content\/uploads\/2024\/06\/97fc724d-55a6-471d-a3ce-f2b7b0aea672-300x200.jpg 300w, https:\/\/radioljubuski.ba\/wp-content\/uploads\/2024\/06\/97fc724d-55a6-471d-a3ce-f2b7b0aea672-768x512.jpg 768w, https:\/\/radioljubuski.ba\/wp-content\/uploads\/2024\/06\/97fc724d-55a6-471d-a3ce-f2b7b0aea672-1536x1023.jpg 1536w, https:\/\/radioljubuski.ba\/wp-content\/uploads\/2024\/06\/97fc724d-55a6-471d-a3ce-f2b7b0aea672-18x12.jpg 18w, https:\/\/radioljubuski.ba\/wp-content\/uploads\/2024\/06\/97fc724d-55a6-471d-a3ce-f2b7b0aea672.jpg 1600w\" sizes=\"auto, (max-width: 1024px) 100vw, 1024px\" \/><\/figure>\n\n\n\n<figure class=\"wp-block-image size-large\"><img loading=\"lazy\" decoding=\"async\" width=\"1024\" height=\"682\" data-id=\"206336\" src=\"https:\/\/radioljubuski.ba\/wp-content\/uploads\/2024\/06\/ffd555cb-3e55-4674-80b0-4210ca179b3a-1024x682.jpg\" alt=\"\" class=\"wp-image-206336\" srcset=\"https:\/\/radioljubuski.ba\/wp-content\/uploads\/2024\/06\/ffd555cb-3e55-4674-80b0-4210ca179b3a-1024x682.jpg 1024w, https:\/\/radioljubuski.ba\/wp-content\/uploads\/2024\/06\/ffd555cb-3e55-4674-80b0-4210ca179b3a-300x200.jpg 300w, https:\/\/radioljubuski.ba\/wp-content\/uploads\/2024\/06\/ffd555cb-3e55-4674-80b0-4210ca179b3a-768x512.jpg 768w, https:\/\/radioljubuski.ba\/wp-content\/uploads\/2024\/06\/ffd555cb-3e55-4674-80b0-4210ca179b3a-1536x1023.jpg 1536w, https:\/\/radioljubuski.ba\/wp-content\/uploads\/2024\/06\/ffd555cb-3e55-4674-80b0-4210ca179b3a-18x12.jpg 18w, https:\/\/radioljubuski.ba\/wp-content\/uploads\/2024\/06\/ffd555cb-3e55-4674-80b0-4210ca179b3a.jpg 1600w\" sizes=\"auto, (max-width: 1024px) 100vw, 1024px\" \/><\/figure>\n<\/figure>\n\n\n\n<figure class=\"wp-block-gallery has-nested-images columns-default is-cropped wp-block-gallery-11 is-layout-flex wp-block-gallery-is-layout-flex\">\n<figure class=\"wp-block-image size-large\"><img loading=\"lazy\" decoding=\"async\" width=\"1024\" height=\"682\" data-id=\"206339\" src=\"https:\/\/radioljubuski.ba\/wp-content\/uploads\/2024\/06\/WhatsApp-Image-2024-06-22-at-22.19.58-1-1024x682.jpeg\" alt=\"\" class=\"wp-image-206339\" srcset=\"https:\/\/radioljubuski.ba\/wp-content\/uploads\/2024\/06\/WhatsApp-Image-2024-06-22-at-22.19.58-1-1024x682.jpeg 1024w, https:\/\/radioljubuski.ba\/wp-content\/uploads\/2024\/06\/WhatsApp-Image-2024-06-22-at-22.19.58-1-300x200.jpeg 300w, https:\/\/radioljubuski.ba\/wp-content\/uploads\/2024\/06\/WhatsApp-Image-2024-06-22-at-22.19.58-1-768x512.jpeg 768w, https:\/\/radioljubuski.ba\/wp-content\/uploads\/2024\/06\/WhatsApp-Image-2024-06-22-at-22.19.58-1-1536x1023.jpeg 1536w, https:\/\/radioljubuski.ba\/wp-content\/uploads\/2024\/06\/WhatsApp-Image-2024-06-22-at-22.19.58-1-18x12.jpeg 18w, https:\/\/radioljubuski.ba\/wp-content\/uploads\/2024\/06\/WhatsApp-Image-2024-06-22-at-22.19.58-1.jpeg 1600w\" sizes=\"auto, (max-width: 1024px) 100vw, 1024px\" \/><\/figure>\n\n\n\n<figure class=\"wp-block-image size-large\"><img loading=\"lazy\" decoding=\"async\" width=\"1024\" height=\"682\" data-id=\"206340\" src=\"https:\/\/radioljubuski.ba\/wp-content\/uploads\/2024\/06\/WhatsApp-Image-2024-06-22-at-22.19.58-1024x682.jpeg\" alt=\"\" class=\"wp-image-206340\" srcset=\"https:\/\/radioljubuski.ba\/wp-content\/uploads\/2024\/06\/WhatsApp-Image-2024-06-22-at-22.19.58-1024x682.jpeg 1024w, https:\/\/radioljubuski.ba\/wp-content\/uploads\/2024\/06\/WhatsApp-Image-2024-06-22-at-22.19.58-300x200.jpeg 300w, https:\/\/radioljubuski.ba\/wp-content\/uploads\/2024\/06\/WhatsApp-Image-2024-06-22-at-22.19.58-768x512.jpeg 768w, https:\/\/radioljubuski.ba\/wp-content\/uploads\/2024\/06\/WhatsApp-Image-2024-06-22-at-22.19.58-1536x1023.jpeg 1536w, https:\/\/radioljubuski.ba\/wp-content\/uploads\/2024\/06\/WhatsApp-Image-2024-06-22-at-22.19.58-18x12.jpeg 18w, https:\/\/radioljubuski.ba\/wp-content\/uploads\/2024\/06\/WhatsApp-Image-2024-06-22-at-22.19.58.jpeg 1600w\" sizes=\"auto, (max-width: 1024px) 100vw, 1024px\" \/><\/figure>\n<\/figure>\n\n\n\n<blockquote class=\"instagram-media\" data-instgrm-captioned data-instgrm-permalink=\"https:\/\/www.instagram.com\/reel\/C8h89fNM6Su\/?utm_source=ig_embed&amp;utm_campaign=loading\" data-instgrm-version=\"14\" style=\" background:#FFF; border:0; border-radius:3px; box-shadow:0 0 1px 0 rgba(0,0,0,0.5),0 1px 10px 0 rgba(0,0,0,0.15); margin: 1px; max-width:540px; min-width:326px; padding:0; width:99.375%; width:-webkit-calc(100% - 2px); width:calc(100% - 2px);\"><div style=\"padding:16px;\"> <a href=\"https:\/\/www.instagram.com\/reel\/C8h89fNM6Su\/?utm_source=ig_embed&amp;utm_campaign=loading\" style=\" background:#FFFFFF; line-height:0; padding:0 0; text-align:center; text-decoration:none; width:100%;\" target=\"_blank\" rel=\"noopener\"> <div style=\" display: flex; flex-direction: row; align-items: center;\"> <div style=\"background-color: #F4F4F4; border-radius: 50%; flex-grow: 0; height: 40px; margin-right: 14px; width: 40px;\"><\/div> <div style=\"display: flex; flex-direction: column; flex-grow: 1; justify-content: center;\"> <div style=\" background-color: #F4F4F4; border-radius: 4px; flex-grow: 0; height: 14px; margin-bottom: 6px; width: 100px;\"><\/div> <div style=\" background-color: #F4F4F4; border-radius: 4px; flex-grow: 0; height: 14px; width: 60px;\"><\/div><\/div><\/div><div style=\"padding: 19% 0;\"><\/div> <div style=\"display:block; height:50px; margin:0 auto 12px; width:50px;\"><svg width=\"50px\" height=\"50px\" viewBox=\"0 0 60 60\" version=\"1.1\" xmlns=\"https:\/\/www.w3.org\/2000\/svg\" xmlns:xlink=\"https:\/\/www.w3.org\/1999\/xlink\"><g stroke=\"none\" stroke-width=\"1\" fill=\"none\" fill-rule=\"evenodd\"><g transform=\"translate(-511.000000, -20.000000)\" fill=\"#000000\"><g><path d=\"M556.869,30.41 C554.814,30.41 553.148,32.076 553.148,34.131 C553.148,36.186 554.814,37.852 556.869,37.852 C558.924,37.852 560.59,36.186 560.59,34.131 C560.59,32.076 558.924,30.41 556.869,30.41 M541,60.657 C535.114,60.657 530.342,55.887 530.342,50 C530.342,44.114 535.114,39.342 541,39.342 C546.887,39.342 551.658,44.114 551.658,50 C551.658,55.887 546.887,60.657 541,60.657 M541,33.886 C532.1,33.886 524.886,41.1 524.886,50 C524.886,58.899 532.1,66.113 541,66.113 C549.9,66.113 557.115,58.899 557.115,50 C557.115,41.1 549.9,33.886 541,33.886 M565.378,62.101 C565.244,65.022 564.756,66.606 564.346,67.663 C563.803,69.06 563.154,70.057 562.106,71.106 C561.058,72.155 560.06,72.803 558.662,73.347 C557.607,73.757 556.021,74.244 553.102,74.378 C549.944,74.521 548.997,74.552 541,74.552 C533.003,74.552 532.056,74.521 528.898,74.378 C525.979,74.244 524.393,73.757 523.338,73.347 C521.94,72.803 520.942,72.155 519.894,71.106 C518.846,70.057 518.197,69.06 517.654,67.663 C517.244,66.606 516.755,65.022 516.623,62.101 C516.479,58.943 516.448,57.996 516.448,50 C516.448,42.003 516.479,41.056 516.623,37.899 C516.755,34.978 517.244,33.391 517.654,32.338 C518.197,30.938 518.846,29.942 519.894,28.894 C520.942,27.846 521.94,27.196 523.338,26.654 C524.393,26.244 525.979,25.756 528.898,25.623 C532.057,25.479 533.004,25.448 541,25.448 C548.997,25.448 549.943,25.479 553.102,25.623 C556.021,25.756 557.607,26.244 558.662,26.654 C560.06,27.196 561.058,27.846 562.106,28.894 C563.154,29.942 563.803,30.938 564.346,32.338 C564.756,33.391 565.244,34.978 565.378,37.899 C565.522,41.056 565.552,42.003 565.552,50 C565.552,57.996 565.522,58.943 565.378,62.101 M570.82,37.631 C570.674,34.438 570.167,32.258 569.425,30.349 C568.659,28.377 567.633,26.702 565.965,25.035 C564.297,23.368 562.623,22.342 560.652,21.575 C558.743,20.834 556.562,20.326 553.369,20.18 C550.169,20.033 549.148,20 541,20 C532.853,20 531.831,20.033 528.631,20.18 C525.438,20.326 523.257,20.834 521.349,21.575 C519.376,22.342 517.703,23.368 516.035,25.035 C514.368,26.702 513.342,28.377 512.574,30.349 C511.834,32.258 511.326,34.438 511.181,37.631 C511.035,40.831 511,41.851 511,50 C511,58.147 511.035,59.17 511.181,62.369 C511.326,65.562 511.834,67.743 512.574,69.651 C513.342,71.625 514.368,73.296 516.035,74.965 C517.703,76.634 519.376,77.658 521.349,78.425 C523.257,79.167 525.438,79.673 528.631,79.82 C531.831,79.965 532.853,80.001 541,80.001 C549.148,80.001 550.169,79.965 553.369,79.82 C556.562,79.673 558.743,79.167 560.652,78.425 C562.623,77.658 564.297,76.634 565.965,74.965 C567.633,73.296 568.659,71.625 569.425,69.651 C570.167,67.743 570.674,65.562 570.82,62.369 C570.966,59.17 571,58.147 571,50 C571,41.851 570.966,40.831 570.82,37.631\"><\/path><\/g><\/g><\/g><\/svg><\/div><div style=\"padding-top: 8px;\"> <div style=\" color:#3897f0; font-family:Arial,sans-serif; font-size:14px; font-style:normal; font-weight:550; line-height:18px;\">Pogledajte ovu objavu na Instagramu.<\/div><\/div><div style=\"padding: 12.5% 0;\"><\/div> <div style=\"display: flex; flex-direction: row; margin-bottom: 14px; align-items: center;\"><div> <div style=\"background-color: #F4F4F4; border-radius: 50%; height: 12.5px; width: 12.5px; transform: translateX(0px) translateY(7px);\"><\/div> <div style=\"background-color: #F4F4F4; height: 12.5px; transform: rotate(-45deg) translateX(3px) translateY(1px); width: 12.5px; flex-grow: 0; margin-right: 14px; margin-left: 2px;\"><\/div> <div style=\"background-color: #F4F4F4; border-radius: 50%; height: 12.5px; width: 12.5px; transform: translateX(9px) translateY(-18px);\"><\/div><\/div><div style=\"margin-left: 8px;\"> <div style=\" background-color: #F4F4F4; border-radius: 50%; flex-grow: 0; height: 20px; width: 20px;\"><\/div> <div style=\" width: 0; height: 0; border-top: 2px solid transparent; border-left: 6px solid #f4f4f4; border-bottom: 2px solid transparent; transform: translateX(16px) translateY(-4px) rotate(30deg)\"><\/div><\/div><div style=\"margin-left: auto;\"> <div style=\" width: 0px; border-top: 8px solid #F4F4F4; border-right: 8px solid transparent; transform: translateY(16px);\"><\/div> <div style=\" background-color: #F4F4F4; flex-grow: 0; height: 12px; width: 16px; transform: translateY(-4px);\"><\/div> <div style=\" width: 0; height: 0; border-top: 8px solid #F4F4F4; border-left: 8px solid transparent; transform: translateY(-4px) translateX(8px);\"><\/div><\/div><\/div> <div style=\"display: flex; flex-direction: column; flex-grow: 1; justify-content: center; margin-bottom: 24px;\"> <div style=\" background-color: #F4F4F4; border-radius: 4px; flex-grow: 0; height: 14px; margin-bottom: 6px; width: 224px;\"><\/div> <div style=\" background-color: #F4F4F4; border-radius: 4px; flex-grow: 0; height: 14px; width: 144px;\"><\/div><\/div><\/a><p style=\" color:#c9c8cd; font-family:Arial,sans-serif; font-size:14px; line-height:17px; margin-bottom:0; margin-top:8px; overflow:hidden; padding:8px 0 7px; text-align:center; text-overflow:ellipsis; white-space:nowrap;\"><a href=\"https:\/\/www.instagram.com\/reel\/C8h89fNM6Su\/?utm_source=ig_embed&amp;utm_campaign=loading\" style=\" color:#c9c8cd; font-family:Arial,sans-serif; font-size:14px; font-style:normal; font-weight:normal; line-height:17px; text-decoration:none;\" target=\"_blank\" rel=\"noopener\">Objavu dijeli Radio Ljubu\u0161ki\ud83d\udcfb (@radio_ljubuski)<\/a><\/p><\/div><\/blockquote> <script async src=\"\/\/www.instagram.com\/embed.js\"><\/script>\n\n\n\n<p>Radio Ljubu\u0161ki \/ Gordana Ili\u0107<\/p>\n","protected":false},"excerpt":{"rendered":"<p>Ove subote u \u00a0gradskom parku u \u00a0Ljubu\u0161kom odr\u017ean je drugi po redu Trnjak Fest, manifestacija koja je okupila 26 vinarija iz Hercegovine i Dalmatinske zagore kako bi predstavile vrhunska vina od rijetke autohtone crvene sorte vinove loze &#8211; Trnjak. Posjetitelji su imali priliku u\u017eivati u \u0161irokom spektru vrhunskih vina, bogatom gastro kutku te izvanrednom glazbenom [&hellip;]<\/p>\n","protected":false},"author":2,"featured_media":206318,"comment_status":"closed","ping_status":"closed","sticky":false,"template":"","format":"standard","meta":{"h5ap_radio_sources":[],"footnotes":""},"categories":[3,28],"tags":[],"class_list":["post-206283","post","type-post","status-publish","format-standard","has-post-thumbnail","hentry","category-ljubuski","category-novosti"],"yoast_head":"<!-- This site is optimized with the Yoast SEO plugin v27.5 - https:\/\/yoast.com\/product\/yoast-seo-wordpress\/ -->\n<title>Foto: Uspje\u0161no odr\u017ean Drugi Trnjak Fest u Ljubu\u0161kom - RADIO LJUBU\u0160KI<\/title>\n<meta name=\"robots\" content=\"index, follow, max-snippet:-1, max-image-preview:large, max-video-preview:-1\" \/>\n<link rel=\"canonical\" href=\"https:\/\/radioljubuski.ba\/index.php\/2024\/06\/22\/foto-uspjesno-odrzan-drugi-trnjak-fest-u-ljubuskom\/\" \/>\n<meta property=\"og:locale\" content=\"hr_HR\" \/>\n<meta property=\"og:type\" content=\"article\" \/>\n<meta property=\"og:title\" content=\"Foto: Uspje\u0161no odr\u017ean Drugi Trnjak Fest u Ljubu\u0161kom - RADIO LJUBU\u0160KI\" \/>\n<meta property=\"og:description\" content=\"Ove subote u \u00a0gradskom parku u \u00a0Ljubu\u0161kom odr\u017ean je drugi po redu Trnjak Fest, manifestacija koja je okupila 26 vinarija iz Hercegovine i Dalmatinske zagore kako bi predstavile vrhunska vina od rijetke autohtone crvene sorte vinove loze &#8211; Trnjak. Posjetitelji su imali priliku u\u017eivati u \u0161irokom spektru vrhunskih vina, bogatom gastro kutku te izvanrednom glazbenom [&hellip;]\" \/>\n<meta property=\"og:url\" content=\"https:\/\/radioljubuski.ba\/index.php\/2024\/06\/22\/foto-uspjesno-odrzan-drugi-trnjak-fest-u-ljubuskom\/\" \/>\n<meta property=\"og:site_name\" content=\"RADIO LJUBU\u0160KI\" \/>\n<meta property=\"article:publisher\" content=\"https:\/\/www.facebook.com\/Radiio-Ljubuski-1490835324566332\" \/>\n<meta property=\"article:published_time\" content=\"2024-06-22T20:26:23+00:00\" \/>\n<meta property=\"article:modified_time\" content=\"2024-06-23T07:07:20+00:00\" \/>\n<meta property=\"og:image\" content=\"https:\/\/radioljubuski.ba\/wp-content\/uploads\/2024\/06\/3P0A2426.jpg\" \/>\n\t<meta property=\"og:image:width\" content=\"2400\" \/>\n\t<meta property=\"og:image:height\" content=\"1600\" \/>\n\t<meta property=\"og:image:type\" content=\"image\/jpeg\" \/>\n<meta name=\"author\" content=\"Radio Ljubu\u0161ki\" \/>\n<meta name=\"twitter:card\" content=\"summary_large_image\" \/>\n<meta name=\"twitter:creator\" content=\"@radioljubuski\" \/>\n<meta name=\"twitter:site\" content=\"@radioljubuski\" \/>\n<meta name=\"twitter:label1\" content=\"Napisao\/la\" \/>\n\t<meta name=\"twitter:data1\" content=\"Radio Ljubu\u0161ki\" \/>\n\t<meta name=\"twitter:label2\" content=\"Procijenjeno vrijeme \u010ditanja\" \/>\n\t<meta name=\"twitter:data2\" content=\"11 minuta\" \/>\n<script type=\"application\/ld+json\" class=\"yoast-schema-graph\">{\"@context\":\"https:\\\/\\\/schema.org\",\"@graph\":[{\"@type\":\"Article\",\"@id\":\"https:\\\/\\\/radioljubuski.ba\\\/index.php\\\/2024\\\/06\\\/22\\\/foto-uspjesno-odrzan-drugi-trnjak-fest-u-ljubuskom\\\/#article\",\"isPartOf\":{\"@id\":\"https:\\\/\\\/radioljubuski.ba\\\/index.php\\\/2024\\\/06\\\/22\\\/foto-uspjesno-odrzan-drugi-trnjak-fest-u-ljubuskom\\\/\"},\"author\":{\"name\":\"Radio Ljubu\u0161ki\",\"@id\":\"https:\\\/\\\/radioljubuski.ba\\\/#\\\/schema\\\/person\\\/19fc700381a780f69665d7956c469e3b\"},\"headline\":\"Foto: Uspje\u0161no odr\u017ean Drugi Trnjak Fest u Ljubu\u0161kom\",\"datePublished\":\"2024-06-22T20:26:23+00:00\",\"dateModified\":\"2024-06-23T07:07:20+00:00\",\"mainEntityOfPage\":{\"@id\":\"https:\\\/\\\/radioljubuski.ba\\\/index.php\\\/2024\\\/06\\\/22\\\/foto-uspjesno-odrzan-drugi-trnjak-fest-u-ljubuskom\\\/\"},\"wordCount\":489,\"publisher\":{\"@id\":\"https:\\\/\\\/radioljubuski.ba\\\/#organization\"},\"image\":{\"@id\":\"https:\\\/\\\/radioljubuski.ba\\\/index.php\\\/2024\\\/06\\\/22\\\/foto-uspjesno-odrzan-drugi-trnjak-fest-u-ljubuskom\\\/#primaryimage\"},\"thumbnailUrl\":\"https:\\\/\\\/radioljubuski.ba\\\/wp-content\\\/uploads\\\/2024\\\/06\\\/3P0A2426.jpg\",\"articleSection\":[\"Ljubu\u0161ki\",\"Novosti\"],\"inLanguage\":\"hr\"},{\"@type\":\"WebPage\",\"@id\":\"https:\\\/\\\/radioljubuski.ba\\\/index.php\\\/2024\\\/06\\\/22\\\/foto-uspjesno-odrzan-drugi-trnjak-fest-u-ljubuskom\\\/\",\"url\":\"https:\\\/\\\/radioljubuski.ba\\\/index.php\\\/2024\\\/06\\\/22\\\/foto-uspjesno-odrzan-drugi-trnjak-fest-u-ljubuskom\\\/\",\"name\":\"Foto: Uspje\u0161no odr\u017ean Drugi Trnjak Fest u Ljubu\u0161kom - RADIO LJUBU\u0160KI\",\"isPartOf\":{\"@id\":\"https:\\\/\\\/radioljubuski.ba\\\/#website\"},\"primaryImageOfPage\":{\"@id\":\"https:\\\/\\\/radioljubuski.ba\\\/index.php\\\/2024\\\/06\\\/22\\\/foto-uspjesno-odrzan-drugi-trnjak-fest-u-ljubuskom\\\/#primaryimage\"},\"image\":{\"@id\":\"https:\\\/\\\/radioljubuski.ba\\\/index.php\\\/2024\\\/06\\\/22\\\/foto-uspjesno-odrzan-drugi-trnjak-fest-u-ljubuskom\\\/#primaryimage\"},\"thumbnailUrl\":\"https:\\\/\\\/radioljubuski.ba\\\/wp-content\\\/uploads\\\/2024\\\/06\\\/3P0A2426.jpg\",\"datePublished\":\"2024-06-22T20:26:23+00:00\",\"dateModified\":\"2024-06-23T07:07:20+00:00\",\"breadcrumb\":{\"@id\":\"https:\\\/\\\/radioljubuski.ba\\\/index.php\\\/2024\\\/06\\\/22\\\/foto-uspjesno-odrzan-drugi-trnjak-fest-u-ljubuskom\\\/#breadcrumb\"},\"inLanguage\":\"hr\",\"potentialAction\":[{\"@type\":\"ReadAction\",\"target\":[\"https:\\\/\\\/radioljubuski.ba\\\/index.php\\\/2024\\\/06\\\/22\\\/foto-uspjesno-odrzan-drugi-trnjak-fest-u-ljubuskom\\\/\"]}]},{\"@type\":\"ImageObject\",\"inLanguage\":\"hr\",\"@id\":\"https:\\\/\\\/radioljubuski.ba\\\/index.php\\\/2024\\\/06\\\/22\\\/foto-uspjesno-odrzan-drugi-trnjak-fest-u-ljubuskom\\\/#primaryimage\",\"url\":\"https:\\\/\\\/radioljubuski.ba\\\/wp-content\\\/uploads\\\/2024\\\/06\\\/3P0A2426.jpg\",\"contentUrl\":\"https:\\\/\\\/radioljubuski.ba\\\/wp-content\\\/uploads\\\/2024\\\/06\\\/3P0A2426.jpg\",\"width\":2400,\"height\":1600},{\"@type\":\"BreadcrumbList\",\"@id\":\"https:\\\/\\\/radioljubuski.ba\\\/index.php\\\/2024\\\/06\\\/22\\\/foto-uspjesno-odrzan-drugi-trnjak-fest-u-ljubuskom\\\/#breadcrumb\",\"itemListElement\":[{\"@type\":\"ListItem\",\"position\":1,\"name\":\"Po\u010detna stranica\",\"item\":\"https:\\\/\\\/radioljubuski.ba\\\/\"},{\"@type\":\"ListItem\",\"position\":2,\"name\":\"Foto: Uspje\u0161no odr\u017ean Drugi Trnjak Fest u Ljubu\u0161kom\"}]},{\"@type\":\"WebSite\",\"@id\":\"https:\\\/\\\/radioljubuski.ba\\\/#website\",\"url\":\"https:\\\/\\\/radioljubuski.ba\\\/\",\"name\":\"Radio Ljubu\u0161ki\",\"description\":\"Sun\u010dana frekvencija Hercegovine\",\"publisher\":{\"@id\":\"https:\\\/\\\/radioljubuski.ba\\\/#organization\"},\"potentialAction\":[{\"@type\":\"SearchAction\",\"target\":{\"@type\":\"EntryPoint\",\"urlTemplate\":\"https:\\\/\\\/radioljubuski.ba\\\/?s={search_term_string}\"},\"query-input\":{\"@type\":\"PropertyValueSpecification\",\"valueRequired\":true,\"valueName\":\"search_term_string\"}}],\"inLanguage\":\"hr\"},{\"@type\":\"Organization\",\"@id\":\"https:\\\/\\\/radioljubuski.ba\\\/#organization\",\"name\":\"Radio Ljubu\u0161ki\",\"url\":\"https:\\\/\\\/radioljubuski.ba\\\/\",\"logo\":{\"@type\":\"ImageObject\",\"inLanguage\":\"hr\",\"@id\":\"https:\\\/\\\/radioljubuski.ba\\\/#\\\/schema\\\/logo\\\/image\\\/\",\"url\":\"https:\\\/\\\/radioljubuski.ba\\\/wp-content\\\/uploads\\\/2021\\\/02\\\/cropped-Radio_Ljubuski_logo1.jpg\",\"contentUrl\":\"https:\\\/\\\/radioljubuski.ba\\\/wp-content\\\/uploads\\\/2021\\\/02\\\/cropped-Radio_Ljubuski_logo1.jpg\",\"width\":512,\"height\":512,\"caption\":\"Radio Ljubu\u0161ki\"},\"image\":{\"@id\":\"https:\\\/\\\/radioljubuski.ba\\\/#\\\/schema\\\/logo\\\/image\\\/\"},\"sameAs\":[\"https:\\\/\\\/www.facebook.com\\\/Radiio-Ljubuski-1490835324566332\",\"https:\\\/\\\/x.com\\\/radioljubuski\",\"https:\\\/\\\/hr.linkedin.com\\\/company\\\/radio-ljubuski\",\"https:\\\/\\\/www.youtube.com\\\/channel\\\/UCHYaeO_n0Db3tjNGudGpXyw\"]},{\"@type\":\"Person\",\"@id\":\"https:\\\/\\\/radioljubuski.ba\\\/#\\\/schema\\\/person\\\/19fc700381a780f69665d7956c469e3b\",\"name\":\"Radio Ljubu\u0161ki\"}]}<\/script>\n<!-- \/ Yoast SEO plugin. -->","yoast_head_json":{"title":"Foto: Uspje\u0161no odr\u017ean Drugi Trnjak Fest u Ljubu\u0161kom - RADIO LJUBU\u0160KI","robots":{"index":"index","follow":"follow","max-snippet":"max-snippet:-1","max-image-preview":"max-image-preview:large","max-video-preview":"max-video-preview:-1"},"canonical":"https:\/\/radioljubuski.ba\/index.php\/2024\/06\/22\/foto-uspjesno-odrzan-drugi-trnjak-fest-u-ljubuskom\/","og_locale":"hr_HR","og_type":"article","og_title":"Foto: Uspje\u0161no odr\u017ean Drugi Trnjak Fest u Ljubu\u0161kom - RADIO LJUBU\u0160KI","og_description":"Ove subote u \u00a0gradskom parku u \u00a0Ljubu\u0161kom odr\u017ean je drugi po redu Trnjak Fest, manifestacija koja je okupila 26 vinarija iz Hercegovine i Dalmatinske zagore kako bi predstavile vrhunska vina od rijetke autohtone crvene sorte vinove loze &#8211; Trnjak. Posjetitelji su imali priliku u\u017eivati u \u0161irokom spektru vrhunskih vina, bogatom gastro kutku te izvanrednom glazbenom [&hellip;]","og_url":"https:\/\/radioljubuski.ba\/index.php\/2024\/06\/22\/foto-uspjesno-odrzan-drugi-trnjak-fest-u-ljubuskom\/","og_site_name":"RADIO LJUBU\u0160KI","article_publisher":"https:\/\/www.facebook.com\/Radiio-Ljubuski-1490835324566332","article_published_time":"2024-06-22T20:26:23+00:00","article_modified_time":"2024-06-23T07:07:20+00:00","og_image":[{"width":2400,"height":1600,"url":"https:\/\/radioljubuski.ba\/wp-content\/uploads\/2024\/06\/3P0A2426.jpg","type":"image\/jpeg"}],"author":"Radio Ljubu\u0161ki","twitter_card":"summary_large_image","twitter_creator":"@radioljubuski","twitter_site":"@radioljubuski","twitter_misc":{"Napisao\/la":"Radio Ljubu\u0161ki","Procijenjeno vrijeme \u010ditanja":"11 minuta"},"schema":{"@context":"https:\/\/schema.org","@graph":[{"@type":"Article","@id":"https:\/\/radioljubuski.ba\/index.php\/2024\/06\/22\/foto-uspjesno-odrzan-drugi-trnjak-fest-u-ljubuskom\/#article","isPartOf":{"@id":"https:\/\/radioljubuski.ba\/index.php\/2024\/06\/22\/foto-uspjesno-odrzan-drugi-trnjak-fest-u-ljubuskom\/"},"author":{"name":"Radio Ljubu\u0161ki","@id":"https:\/\/radioljubuski.ba\/#\/schema\/person\/19fc700381a780f69665d7956c469e3b"},"headline":"Foto: Uspje\u0161no odr\u017ean Drugi Trnjak Fest u Ljubu\u0161kom","datePublished":"2024-06-22T20:26:23+00:00","dateModified":"2024-06-23T07:07:20+00:00","mainEntityOfPage":{"@id":"https:\/\/radioljubuski.ba\/index.php\/2024\/06\/22\/foto-uspjesno-odrzan-drugi-trnjak-fest-u-ljubuskom\/"},"wordCount":489,"publisher":{"@id":"https:\/\/radioljubuski.ba\/#organization"},"image":{"@id":"https:\/\/radioljubuski.ba\/index.php\/2024\/06\/22\/foto-uspjesno-odrzan-drugi-trnjak-fest-u-ljubuskom\/#primaryimage"},"thumbnailUrl":"https:\/\/radioljubuski.ba\/wp-content\/uploads\/2024\/06\/3P0A2426.jpg","articleSection":["Ljubu\u0161ki","Novosti"],"inLanguage":"hr"},{"@type":"WebPage","@id":"https:\/\/radioljubuski.ba\/index.php\/2024\/06\/22\/foto-uspjesno-odrzan-drugi-trnjak-fest-u-ljubuskom\/","url":"https:\/\/radioljubuski.ba\/index.php\/2024\/06\/22\/foto-uspjesno-odrzan-drugi-trnjak-fest-u-ljubuskom\/","name":"Foto: Uspje\u0161no odr\u017ean Drugi Trnjak Fest u Ljubu\u0161kom - RADIO LJUBU\u0160KI","isPartOf":{"@id":"https:\/\/radioljubuski.ba\/#website"},"primaryImageOfPage":{"@id":"https:\/\/radioljubuski.ba\/index.php\/2024\/06\/22\/foto-uspjesno-odrzan-drugi-trnjak-fest-u-ljubuskom\/#primaryimage"},"image":{"@id":"https:\/\/radioljubuski.ba\/index.php\/2024\/06\/22\/foto-uspjesno-odrzan-drugi-trnjak-fest-u-ljubuskom\/#primaryimage"},"thumbnailUrl":"https:\/\/radioljubuski.ba\/wp-content\/uploads\/2024\/06\/3P0A2426.jpg","datePublished":"2024-06-22T20:26:23+00:00","dateModified":"2024-06-23T07:07:20+00:00","breadcrumb":{"@id":"https:\/\/radioljubuski.ba\/index.php\/2024\/06\/22\/foto-uspjesno-odrzan-drugi-trnjak-fest-u-ljubuskom\/#breadcrumb"},"inLanguage":"hr","potentialAction":[{"@type":"ReadAction","target":["https:\/\/radioljubuski.ba\/index.php\/2024\/06\/22\/foto-uspjesno-odrzan-drugi-trnjak-fest-u-ljubuskom\/"]}]},{"@type":"ImageObject","inLanguage":"hr","@id":"https:\/\/radioljubuski.ba\/index.php\/2024\/06\/22\/foto-uspjesno-odrzan-drugi-trnjak-fest-u-ljubuskom\/#primaryimage","url":"https:\/\/radioljubuski.ba\/wp-content\/uploads\/2024\/06\/3P0A2426.jpg","contentUrl":"https:\/\/radioljubuski.ba\/wp-content\/uploads\/2024\/06\/3P0A2426.jpg","width":2400,"height":1600},{"@type":"BreadcrumbList","@id":"https:\/\/radioljubuski.ba\/index.php\/2024\/06\/22\/foto-uspjesno-odrzan-drugi-trnjak-fest-u-ljubuskom\/#breadcrumb","itemListElement":[{"@type":"ListItem","position":1,"name":"Po\u010detna stranica","item":"https:\/\/radioljubuski.ba\/"},{"@type":"ListItem","position":2,"name":"Foto: Uspje\u0161no odr\u017ean Drugi Trnjak Fest u Ljubu\u0161kom"}]},{"@type":"WebSite","@id":"https:\/\/radioljubuski.ba\/#website","url":"https:\/\/radioljubuski.ba\/","name":"Radio Ljubu\u0161ki","description":"Sun\u010dana frekvencija Hercegovine","publisher":{"@id":"https:\/\/radioljubuski.ba\/#organization"},"potentialAction":[{"@type":"SearchAction","target":{"@type":"EntryPoint","urlTemplate":"https:\/\/radioljubuski.ba\/?s={search_term_string}"},"query-input":{"@type":"PropertyValueSpecification","valueRequired":true,"valueName":"search_term_string"}}],"inLanguage":"hr"},{"@type":"Organization","@id":"https:\/\/radioljubuski.ba\/#organization","name":"Radio Ljubu\u0161ki","url":"https:\/\/radioljubuski.ba\/","logo":{"@type":"ImageObject","inLanguage":"hr","@id":"https:\/\/radioljubuski.ba\/#\/schema\/logo\/image\/","url":"https:\/\/radioljubuski.ba\/wp-content\/uploads\/2021\/02\/cropped-Radio_Ljubuski_logo1.jpg","contentUrl":"https:\/\/radioljubuski.ba\/wp-content\/uploads\/2021\/02\/cropped-Radio_Ljubuski_logo1.jpg","width":512,"height":512,"caption":"Radio Ljubu\u0161ki"},"image":{"@id":"https:\/\/radioljubuski.ba\/#\/schema\/logo\/image\/"},"sameAs":["https:\/\/www.facebook.com\/Radiio-Ljubuski-1490835324566332","https:\/\/x.com\/radioljubuski","https:\/\/hr.linkedin.com\/company\/radio-ljubuski","https:\/\/www.youtube.com\/channel\/UCHYaeO_n0Db3tjNGudGpXyw"]},{"@type":"Person","@id":"https:\/\/radioljubuski.ba\/#\/schema\/person\/19fc700381a780f69665d7956c469e3b","name":"Radio Ljubu\u0161ki"}]}},"_links":{"self":[{"href":"https:\/\/radioljubuski.ba\/index.php\/wp-json\/wp\/v2\/posts\/206283","targetHints":{"allow":["GET"]}}],"collection":[{"href":"https:\/\/radioljubuski.ba\/index.php\/wp-json\/wp\/v2\/posts"}],"about":[{"href":"https:\/\/radioljubuski.ba\/index.php\/wp-json\/wp\/v2\/types\/post"}],"author":[{"embeddable":true,"href":"https:\/\/radioljubuski.ba\/index.php\/wp-json\/wp\/v2\/users\/2"}],"replies":[{"embeddable":true,"href":"https:\/\/radioljubuski.ba\/index.php\/wp-json\/wp\/v2\/comments?post=206283"}],"version-history":[{"count":8,"href":"https:\/\/radioljubuski.ba\/index.php\/wp-json\/wp\/v2\/posts\/206283\/revisions"}],"predecessor-version":[{"id":206351,"href":"https:\/\/radioljubuski.ba\/index.php\/wp-json\/wp\/v2\/posts\/206283\/revisions\/206351"}],"wp:featuredmedia":[{"embeddable":true,"href":"https:\/\/radioljubuski.ba\/index.php\/wp-json\/wp\/v2\/media\/206318"}],"wp:attachment":[{"href":"https:\/\/radioljubuski.ba\/index.php\/wp-json\/wp\/v2\/media?parent=206283"}],"wp:term":[{"taxonomy":"category","embeddable":true,"href":"https:\/\/radioljubuski.ba\/index.php\/wp-json\/wp\/v2\/categories?post=206283"},{"taxonomy":"post_tag","embeddable":true,"href":"https:\/\/radioljubuski.ba\/index.php\/wp-json\/wp\/v2\/tags?post=206283"}],"curies":[{"name":"wp","href":"https:\/\/api.w.org\/{rel}","templated":true}]}}