{"id":206411,"date":"2024-06-27T08:06:40","date_gmt":"2024-06-27T07:06:40","guid":{"rendered":"https:\/\/radioljubuski.ba\/?p=206411"},"modified":"2024-06-27T08:06:41","modified_gmt":"2024-06-27T07:06:41","slug":"odrzan-sahovski-mec-izmedu-vrgorca-i-ljubuskog","status":"publish","type":"post","link":"https:\/\/radioljubuski.ba\/index.php\/2024\/06\/27\/odrzan-sahovski-mec-izmedu-vrgorca-i-ljubuskog\/","title":{"rendered":"Odr\u017ean \u0161ahovski me\u010d izme\u0111u Vrgorca i Ljubu\u0161kog"},"content":{"rendered":"\n<p>PRIJATELJSKI \u0160AHOVSKI ME\u010c &#8220;VRGORAC- \u0160K KULA LJUBU\u0160KI &#8221; POVODOM DANA GRADA VRGORCA<\/p>\n\n\n\n<p><\/p>\n\n\n\n<p>Ju\u010der je u Vrgorcu, povodom Dana grada, odr\u017ean \u0161ahovski me\u010d izme\u0111u doma\u0107e ekipe iz Vrgorca i \u0160ahovskog kluba Kula iz Ljubu\u0161kog.<\/p>\n\n\n\n<p>Rije\u010d je o drugom prekograni\u010dnom dru\u017eenju ljubitelja \u0161aha i po\u010detku jedne lijepe tradicije.<\/p>\n\n\n\n<p>Prije po\u010detka me\u010da, gradona\u010delnik Grada Vrgorca Mile Herceg uru\u010dio je zahvalnicu ekipi \u0160ahovskog kluba Kula Ljubu\u0161ki, predsjednik \u0161ahovskog kluba &#8220;Kula&#8221; Ljubu\u0161ki Alen Bunti\u0107 je uzvratio zahvalnicom na pozivu.  Ovom prigodom po\u010dasna \u010dlanica  kluba Kula Ljubu\u0161ki  Matea Musa naslikala je sliku &#8220;Grb Grada Vrgorca&#8221; koju su uru\u010dili gradona\u010delniku Hercegu.<\/p>\n\n\n\n<figure class=\"wp-block-image size-large\"><img loading=\"lazy\" decoding=\"async\" width=\"768\" height=\"1024\" src=\"https:\/\/radioljubuski.ba\/wp-content\/uploads\/2024\/06\/poklon-768x1024.jpg\" alt=\"\" class=\"wp-image-206413\" srcset=\"https:\/\/radioljubuski.ba\/wp-content\/uploads\/2024\/06\/poklon-768x1024.jpg 768w, https:\/\/radioljubuski.ba\/wp-content\/uploads\/2024\/06\/poklon-225x300.jpg 225w, https:\/\/radioljubuski.ba\/wp-content\/uploads\/2024\/06\/poklon-1152x1536.jpg 1152w, https:\/\/radioljubuski.ba\/wp-content\/uploads\/2024\/06\/poklon-9x12.jpg 9w, https:\/\/radioljubuski.ba\/wp-content\/uploads\/2024\/06\/poklon.jpg 1200w\" sizes=\"auto, (max-width: 768px) 100vw, 768px\" \/><\/figure>\n\n\n\n<figure class=\"wp-block-image size-large\"><img loading=\"lazy\" decoding=\"async\" width=\"1024\" height=\"683\" src=\"https:\/\/radioljubuski.ba\/wp-content\/uploads\/2024\/06\/sah-7-1-1024x683.jpg\" alt=\"\" class=\"wp-image-206414\" srcset=\"https:\/\/radioljubuski.ba\/wp-content\/uploads\/2024\/06\/sah-7-1-1024x683.jpg 1024w, https:\/\/radioljubuski.ba\/wp-content\/uploads\/2024\/06\/sah-7-1-300x200.jpg 300w, https:\/\/radioljubuski.ba\/wp-content\/uploads\/2024\/06\/sah-7-1-768x512.jpg 768w, https:\/\/radioljubuski.ba\/wp-content\/uploads\/2024\/06\/sah-7-1-1536x1025.jpg 1536w, https:\/\/radioljubuski.ba\/wp-content\/uploads\/2024\/06\/sah-7-1-18x12.jpg 18w, https:\/\/radioljubuski.ba\/wp-content\/uploads\/2024\/06\/sah-7-1.jpg 2048w\" sizes=\"auto, (max-width: 1024px) 100vw, 1024px\" \/><\/figure>\n\n\n\n<p>U prijateljskoj i sportskoj atmosferi me\u010d se odigrao u parku IV. Gardijske brigade &#8211; Pauci.<\/p>\n\n\n\n<figure class=\"wp-block-image size-large\"><img loading=\"lazy\" decoding=\"async\" width=\"1024\" height=\"768\" src=\"https:\/\/radioljubuski.ba\/wp-content\/uploads\/2024\/06\/sah4-1-1024x768.jpg\" alt=\"\" class=\"wp-image-206424\" srcset=\"https:\/\/radioljubuski.ba\/wp-content\/uploads\/2024\/06\/sah4-1-1024x768.jpg 1024w, https:\/\/radioljubuski.ba\/wp-content\/uploads\/2024\/06\/sah4-1-300x225.jpg 300w, https:\/\/radioljubuski.ba\/wp-content\/uploads\/2024\/06\/sah4-1-768x576.jpg 768w, https:\/\/radioljubuski.ba\/wp-content\/uploads\/2024\/06\/sah4-1-1536x1152.jpg 1536w, https:\/\/radioljubuski.ba\/wp-content\/uploads\/2024\/06\/sah4-1-16x12.jpg 16w, https:\/\/radioljubuski.ba\/wp-content\/uploads\/2024\/06\/sah4-1.jpg 2048w\" sizes=\"auto, (max-width: 1024px) 100vw, 1024px\" \/><\/figure>\n\n\n\n<p>Kako je protekao ovaj \u0161ahovski okr\u0161aj pro\u010ditajte u izvje\u0161\u0107u \u0160ahovskog kluba Kula Ljubu\u0161ki :<\/p>\n\n\n\n<p>&#8220;Iako je rezultat bio u drugom planu vrijedi istaknuti da smo ubjedljivo dobili me\u010d.<\/p>\n\n\n\n<p>Najve\u0107u pozornost je privukla prva plo\u010da gdje smo vidjeli svega a najmanje prijateljski me\u010d.<\/p>\n\n\n\n<p>Dva iskusna igra\u010da na\u0161 Domagoj Begi\u0107 i Vrgor\u010danin MK Ivan Kalajd\u017ei\u0107 pokazali su izvrsne \u0161ahovske vje\u0161tine i uz najve\u0107i trud obojice sve tri njihove partije su zavr\u0161ile remijem.<\/p>\n\n\n\n<p>Uz spomenutog Begi\u0107a za na\u0161 klub su jo\u0161 nastupili: Alen Bunti\u0107,Dragan Buri\u0107,Ante Bule,Stanko Vu\u010di\u0107,Rudi Ili\u0107 te brat i sestra Mihaela i \u0160imun Enzo Bunti\u0107.<\/p>\n\n\n\n<p>\u010cestitke svima na odli\u010dnoj igri i zajedni\u0161tvu,a posebne zahvale na pozivu i gostoprimstvu Gradona\u010delniku Grada Vrgorca Mili Hercegu.<\/p>\n\n\n\n<p>Vidimo se i sljede\u0107e godine.&#8221; <\/p>\n\n\n\n<figure class=\"wp-block-gallery has-nested-images columns-default is-cropped wp-block-gallery-1 is-layout-flex wp-block-gallery-is-layout-flex\">\n<figure class=\"wp-block-image size-large\"><img loading=\"lazy\" decoding=\"async\" width=\"1024\" height=\"768\" data-id=\"206422\" src=\"https:\/\/radioljubuski.ba\/wp-content\/uploads\/2024\/06\/sah11-1024x768.jpg\" alt=\"\" class=\"wp-image-206422\" srcset=\"https:\/\/radioljubuski.ba\/wp-content\/uploads\/2024\/06\/sah11-1024x768.jpg 1024w, https:\/\/radioljubuski.ba\/wp-content\/uploads\/2024\/06\/sah11-300x225.jpg 300w, https:\/\/radioljubuski.ba\/wp-content\/uploads\/2024\/06\/sah11-768x576.jpg 768w, https:\/\/radioljubuski.ba\/wp-content\/uploads\/2024\/06\/sah11-1536x1152.jpg 1536w, https:\/\/radioljubuski.ba\/wp-content\/uploads\/2024\/06\/sah11-16x12.jpg 16w, https:\/\/radioljubuski.ba\/wp-content\/uploads\/2024\/06\/sah11.jpg 2048w\" sizes=\"auto, (max-width: 1024px) 100vw, 1024px\" \/><\/figure>\n\n\n\n<figure class=\"wp-block-image size-large\"><img loading=\"lazy\" decoding=\"async\" width=\"1024\" height=\"768\" data-id=\"206420\" src=\"https:\/\/radioljubuski.ba\/wp-content\/uploads\/2024\/06\/sah3-1024x768.jpg\" alt=\"\" class=\"wp-image-206420\" srcset=\"https:\/\/radioljubuski.ba\/wp-content\/uploads\/2024\/06\/sah3-1024x768.jpg 1024w, https:\/\/radioljubuski.ba\/wp-content\/uploads\/2024\/06\/sah3-300x225.jpg 300w, https:\/\/radioljubuski.ba\/wp-content\/uploads\/2024\/06\/sah3-768x576.jpg 768w, https:\/\/radioljubuski.ba\/wp-content\/uploads\/2024\/06\/sah3-1536x1152.jpg 1536w, https:\/\/radioljubuski.ba\/wp-content\/uploads\/2024\/06\/sah3-16x12.jpg 16w, https:\/\/radioljubuski.ba\/wp-content\/uploads\/2024\/06\/sah3.jpg 2048w\" sizes=\"auto, (max-width: 1024px) 100vw, 1024px\" \/><\/figure>\n<\/figure>\n\n\n\n<figure class=\"wp-block-gallery has-nested-images columns-default is-cropped wp-block-gallery-2 is-layout-flex wp-block-gallery-is-layout-flex\">\n<figure class=\"wp-block-image size-large\"><img loading=\"lazy\" decoding=\"async\" width=\"1024\" height=\"768\" data-id=\"206419\" src=\"https:\/\/radioljubuski.ba\/wp-content\/uploads\/2024\/06\/sah2-1024x768.jpg\" alt=\"\" class=\"wp-image-206419\" srcset=\"https:\/\/radioljubuski.ba\/wp-content\/uploads\/2024\/06\/sah2-1024x768.jpg 1024w, https:\/\/radioljubuski.ba\/wp-content\/uploads\/2024\/06\/sah2-300x225.jpg 300w, https:\/\/radioljubuski.ba\/wp-content\/uploads\/2024\/06\/sah2-768x576.jpg 768w, https:\/\/radioljubuski.ba\/wp-content\/uploads\/2024\/06\/sah2-1536x1152.jpg 1536w, https:\/\/radioljubuski.ba\/wp-content\/uploads\/2024\/06\/sah2-16x12.jpg 16w, https:\/\/radioljubuski.ba\/wp-content\/uploads\/2024\/06\/sah2.jpg 2048w\" sizes=\"auto, (max-width: 1024px) 100vw, 1024px\" \/><\/figure>\n\n\n\n<figure class=\"wp-block-image size-large\"><img loading=\"lazy\" decoding=\"async\" width=\"1024\" height=\"768\" data-id=\"206418\" src=\"https:\/\/radioljubuski.ba\/wp-content\/uploads\/2024\/06\/sah-1024x768.jpg\" alt=\"\" class=\"wp-image-206418\" srcset=\"https:\/\/radioljubuski.ba\/wp-content\/uploads\/2024\/06\/sah-1024x768.jpg 1024w, https:\/\/radioljubuski.ba\/wp-content\/uploads\/2024\/06\/sah-300x225.jpg 300w, https:\/\/radioljubuski.ba\/wp-content\/uploads\/2024\/06\/sah-768x576.jpg 768w, https:\/\/radioljubuski.ba\/wp-content\/uploads\/2024\/06\/sah-1536x1152.jpg 1536w, https:\/\/radioljubuski.ba\/wp-content\/uploads\/2024\/06\/sah-16x12.jpg 16w, https:\/\/radioljubuski.ba\/wp-content\/uploads\/2024\/06\/sah.jpg 2048w\" sizes=\"auto, (max-width: 1024px) 100vw, 1024px\" \/><\/figure>\n<\/figure>\n\n\n\n<figure class=\"wp-block-gallery has-nested-images columns-default is-cropped wp-block-gallery-3 is-layout-flex wp-block-gallery-is-layout-flex\">\n<figure class=\"wp-block-image size-large\"><img loading=\"lazy\" decoding=\"async\" width=\"1024\" height=\"683\" data-id=\"206416\" src=\"https:\/\/radioljubuski.ba\/wp-content\/uploads\/2024\/06\/sah-9-1024x683.jpg\" alt=\"\" class=\"wp-image-206416\" srcset=\"https:\/\/radioljubuski.ba\/wp-content\/uploads\/2024\/06\/sah-9-1024x683.jpg 1024w, https:\/\/radioljubuski.ba\/wp-content\/uploads\/2024\/06\/sah-9-300x200.jpg 300w, https:\/\/radioljubuski.ba\/wp-content\/uploads\/2024\/06\/sah-9-768x512.jpg 768w, https:\/\/radioljubuski.ba\/wp-content\/uploads\/2024\/06\/sah-9-1536x1025.jpg 1536w, https:\/\/radioljubuski.ba\/wp-content\/uploads\/2024\/06\/sah-9-18x12.jpg 18w, https:\/\/radioljubuski.ba\/wp-content\/uploads\/2024\/06\/sah-9.jpg 2048w\" sizes=\"auto, (max-width: 1024px) 100vw, 1024px\" \/><\/figure>\n\n\n\n<figure class=\"wp-block-image size-large\"><img loading=\"lazy\" decoding=\"async\" width=\"1024\" height=\"683\" data-id=\"206415\" src=\"https:\/\/radioljubuski.ba\/wp-content\/uploads\/2024\/06\/sah-8-1024x683.jpg\" alt=\"\" class=\"wp-image-206415\" srcset=\"https:\/\/radioljubuski.ba\/wp-content\/uploads\/2024\/06\/sah-8-1024x683.jpg 1024w, https:\/\/radioljubuski.ba\/wp-content\/uploads\/2024\/06\/sah-8-300x200.jpg 300w, https:\/\/radioljubuski.ba\/wp-content\/uploads\/2024\/06\/sah-8-768x512.jpg 768w, https:\/\/radioljubuski.ba\/wp-content\/uploads\/2024\/06\/sah-8-1536x1025.jpg 1536w, https:\/\/radioljubuski.ba\/wp-content\/uploads\/2024\/06\/sah-8-18x12.jpg 18w, https:\/\/radioljubuski.ba\/wp-content\/uploads\/2024\/06\/sah-8.jpg 2048w\" sizes=\"auto, (max-width: 1024px) 100vw, 1024px\" \/><\/figure>\n<\/figure>\n\n\n\n<p>Radio Ljubu\u0161ki \/ \u0160K Kula<\/p>\n","protected":false},"excerpt":{"rendered":"<p>PRIJATELJSKI \u0160AHOVSKI ME\u010c &#8220;VRGORAC- \u0160K KULA LJUBU\u0160KI &#8221; POVODOM DANA GRADA VRGORCA Ju\u010der je u Vrgorcu, povodom Dana grada, odr\u017ean \u0161ahovski me\u010d izme\u0111u doma\u0107e ekipe iz Vrgorca i \u0160ahovskog kluba Kula iz Ljubu\u0161kog. Rije\u010d je o drugom prekograni\u010dnom dru\u017eenju ljubitelja \u0161aha i po\u010detku jedne lijepe tradicije. Prije po\u010detka me\u010da, gradona\u010delnik Grada Vrgorca Mile Herceg uru\u010dio [&hellip;]<\/p>\n","protected":false},"author":2,"featured_media":206423,"comment_status":"closed","ping_status":"closed","sticky":false,"template":"","format":"standard","meta":{"h5ap_radio_sources":[],"footnotes":""},"categories":[3,28],"tags":[],"class_list":["post-206411","post","type-post","status-publish","format-standard","has-post-thumbnail","hentry","category-ljubuski","category-novosti"],"yoast_head":"<!-- This site is optimized with the Yoast SEO plugin v27.5 - https:\/\/yoast.com\/product\/yoast-seo-wordpress\/ -->\n<title>Odr\u017ean \u0161ahovski me\u010d izme\u0111u Vrgorca i Ljubu\u0161kog - RADIO LJUBU\u0160KI<\/title>\n<meta name=\"robots\" content=\"index, follow, max-snippet:-1, max-image-preview:large, max-video-preview:-1\" \/>\n<link rel=\"canonical\" href=\"https:\/\/radioljubuski.ba\/index.php\/2024\/06\/27\/odrzan-sahovski-mec-izmedu-vrgorca-i-ljubuskog\/\" \/>\n<meta property=\"og:locale\" content=\"hr_HR\" \/>\n<meta property=\"og:type\" content=\"article\" \/>\n<meta property=\"og:title\" content=\"Odr\u017ean \u0161ahovski me\u010d izme\u0111u Vrgorca i Ljubu\u0161kog - RADIO LJUBU\u0160KI\" \/>\n<meta property=\"og:description\" content=\"PRIJATELJSKI \u0160AHOVSKI ME\u010c &#8220;VRGORAC- \u0160K KULA LJUBU\u0160KI &#8221; POVODOM DANA GRADA VRGORCA Ju\u010der je u Vrgorcu, povodom Dana grada, odr\u017ean \u0161ahovski me\u010d izme\u0111u doma\u0107e ekipe iz Vrgorca i \u0160ahovskog kluba Kula iz Ljubu\u0161kog. Rije\u010d je o drugom prekograni\u010dnom dru\u017eenju ljubitelja \u0161aha i po\u010detku jedne lijepe tradicije. Prije po\u010detka me\u010da, gradona\u010delnik Grada Vrgorca Mile Herceg uru\u010dio [&hellip;]\" \/>\n<meta property=\"og:url\" content=\"https:\/\/radioljubuski.ba\/index.php\/2024\/06\/27\/odrzan-sahovski-mec-izmedu-vrgorca-i-ljubuskog\/\" \/>\n<meta property=\"og:site_name\" content=\"RADIO LJUBU\u0160KI\" \/>\n<meta property=\"article:publisher\" content=\"https:\/\/www.facebook.com\/Radiio-Ljubuski-1490835324566332\" \/>\n<meta property=\"article:published_time\" content=\"2024-06-27T07:06:40+00:00\" \/>\n<meta property=\"article:modified_time\" content=\"2024-06-27T07:06:41+00:00\" \/>\n<meta property=\"og:image\" content=\"https:\/\/radioljubuski.ba\/wp-content\/uploads\/2024\/06\/naslovna.jpg\" \/>\n\t<meta property=\"og:image:width\" content=\"2048\" \/>\n\t<meta property=\"og:image:height\" content=\"1366\" \/>\n\t<meta property=\"og:image:type\" content=\"image\/jpeg\" \/>\n<meta name=\"author\" content=\"Radio Ljubu\u0161ki\" \/>\n<meta name=\"twitter:card\" content=\"summary_large_image\" \/>\n<meta name=\"twitter:creator\" content=\"@radioljubuski\" \/>\n<meta name=\"twitter:site\" content=\"@radioljubuski\" \/>\n<meta name=\"twitter:label1\" content=\"Napisao\/la\" \/>\n\t<meta name=\"twitter:data1\" content=\"Radio Ljubu\u0161ki\" \/>\n\t<meta name=\"twitter:label2\" content=\"Procijenjeno vrijeme \u010ditanja\" \/>\n\t<meta name=\"twitter:data2\" content=\"4 minute\" \/>\n<script type=\"application\/ld+json\" class=\"yoast-schema-graph\">{\"@context\":\"https:\\\/\\\/schema.org\",\"@graph\":[{\"@type\":\"Article\",\"@id\":\"https:\\\/\\\/radioljubuski.ba\\\/index.php\\\/2024\\\/06\\\/27\\\/odrzan-sahovski-mec-izmedu-vrgorca-i-ljubuskog\\\/#article\",\"isPartOf\":{\"@id\":\"https:\\\/\\\/radioljubuski.ba\\\/index.php\\\/2024\\\/06\\\/27\\\/odrzan-sahovski-mec-izmedu-vrgorca-i-ljubuskog\\\/\"},\"author\":{\"name\":\"Radio Ljubu\u0161ki\",\"@id\":\"https:\\\/\\\/radioljubuski.ba\\\/#\\\/schema\\\/person\\\/19fc700381a780f69665d7956c469e3b\"},\"headline\":\"Odr\u017ean \u0161ahovski me\u010d izme\u0111u Vrgorca i Ljubu\u0161kog\",\"datePublished\":\"2024-06-27T07:06:40+00:00\",\"dateModified\":\"2024-06-27T07:06:41+00:00\",\"mainEntityOfPage\":{\"@id\":\"https:\\\/\\\/radioljubuski.ba\\\/index.php\\\/2024\\\/06\\\/27\\\/odrzan-sahovski-mec-izmedu-vrgorca-i-ljubuskog\\\/\"},\"wordCount\":281,\"publisher\":{\"@id\":\"https:\\\/\\\/radioljubuski.ba\\\/#organization\"},\"image\":{\"@id\":\"https:\\\/\\\/radioljubuski.ba\\\/index.php\\\/2024\\\/06\\\/27\\\/odrzan-sahovski-mec-izmedu-vrgorca-i-ljubuskog\\\/#primaryimage\"},\"thumbnailUrl\":\"https:\\\/\\\/radioljubuski.ba\\\/wp-content\\\/uploads\\\/2024\\\/06\\\/naslovna.jpg\",\"articleSection\":[\"Ljubu\u0161ki\",\"Novosti\"],\"inLanguage\":\"hr\"},{\"@type\":\"WebPage\",\"@id\":\"https:\\\/\\\/radioljubuski.ba\\\/index.php\\\/2024\\\/06\\\/27\\\/odrzan-sahovski-mec-izmedu-vrgorca-i-ljubuskog\\\/\",\"url\":\"https:\\\/\\\/radioljubuski.ba\\\/index.php\\\/2024\\\/06\\\/27\\\/odrzan-sahovski-mec-izmedu-vrgorca-i-ljubuskog\\\/\",\"name\":\"Odr\u017ean \u0161ahovski me\u010d izme\u0111u Vrgorca i Ljubu\u0161kog - RADIO LJUBU\u0160KI\",\"isPartOf\":{\"@id\":\"https:\\\/\\\/radioljubuski.ba\\\/#website\"},\"primaryImageOfPage\":{\"@id\":\"https:\\\/\\\/radioljubuski.ba\\\/index.php\\\/2024\\\/06\\\/27\\\/odrzan-sahovski-mec-izmedu-vrgorca-i-ljubuskog\\\/#primaryimage\"},\"image\":{\"@id\":\"https:\\\/\\\/radioljubuski.ba\\\/index.php\\\/2024\\\/06\\\/27\\\/odrzan-sahovski-mec-izmedu-vrgorca-i-ljubuskog\\\/#primaryimage\"},\"thumbnailUrl\":\"https:\\\/\\\/radioljubuski.ba\\\/wp-content\\\/uploads\\\/2024\\\/06\\\/naslovna.jpg\",\"datePublished\":\"2024-06-27T07:06:40+00:00\",\"dateModified\":\"2024-06-27T07:06:41+00:00\",\"breadcrumb\":{\"@id\":\"https:\\\/\\\/radioljubuski.ba\\\/index.php\\\/2024\\\/06\\\/27\\\/odrzan-sahovski-mec-izmedu-vrgorca-i-ljubuskog\\\/#breadcrumb\"},\"inLanguage\":\"hr\",\"potentialAction\":[{\"@type\":\"ReadAction\",\"target\":[\"https:\\\/\\\/radioljubuski.ba\\\/index.php\\\/2024\\\/06\\\/27\\\/odrzan-sahovski-mec-izmedu-vrgorca-i-ljubuskog\\\/\"]}]},{\"@type\":\"ImageObject\",\"inLanguage\":\"hr\",\"@id\":\"https:\\\/\\\/radioljubuski.ba\\\/index.php\\\/2024\\\/06\\\/27\\\/odrzan-sahovski-mec-izmedu-vrgorca-i-ljubuskog\\\/#primaryimage\",\"url\":\"https:\\\/\\\/radioljubuski.ba\\\/wp-content\\\/uploads\\\/2024\\\/06\\\/naslovna.jpg\",\"contentUrl\":\"https:\\\/\\\/radioljubuski.ba\\\/wp-content\\\/uploads\\\/2024\\\/06\\\/naslovna.jpg\",\"width\":2048,\"height\":1366},{\"@type\":\"BreadcrumbList\",\"@id\":\"https:\\\/\\\/radioljubuski.ba\\\/index.php\\\/2024\\\/06\\\/27\\\/odrzan-sahovski-mec-izmedu-vrgorca-i-ljubuskog\\\/#breadcrumb\",\"itemListElement\":[{\"@type\":\"ListItem\",\"position\":1,\"name\":\"Po\u010detna stranica\",\"item\":\"https:\\\/\\\/radioljubuski.ba\\\/\"},{\"@type\":\"ListItem\",\"position\":2,\"name\":\"Odr\u017ean \u0161ahovski me\u010d izme\u0111u Vrgorca i Ljubu\u0161kog\"}]},{\"@type\":\"WebSite\",\"@id\":\"https:\\\/\\\/radioljubuski.ba\\\/#website\",\"url\":\"https:\\\/\\\/radioljubuski.ba\\\/\",\"name\":\"Radio Ljubu\u0161ki\",\"description\":\"Sun\u010dana frekvencija Hercegovine\",\"publisher\":{\"@id\":\"https:\\\/\\\/radioljubuski.ba\\\/#organization\"},\"potentialAction\":[{\"@type\":\"SearchAction\",\"target\":{\"@type\":\"EntryPoint\",\"urlTemplate\":\"https:\\\/\\\/radioljubuski.ba\\\/?s={search_term_string}\"},\"query-input\":{\"@type\":\"PropertyValueSpecification\",\"valueRequired\":true,\"valueName\":\"search_term_string\"}}],\"inLanguage\":\"hr\"},{\"@type\":\"Organization\",\"@id\":\"https:\\\/\\\/radioljubuski.ba\\\/#organization\",\"name\":\"Radio Ljubu\u0161ki\",\"url\":\"https:\\\/\\\/radioljubuski.ba\\\/\",\"logo\":{\"@type\":\"ImageObject\",\"inLanguage\":\"hr\",\"@id\":\"https:\\\/\\\/radioljubuski.ba\\\/#\\\/schema\\\/logo\\\/image\\\/\",\"url\":\"https:\\\/\\\/radioljubuski.ba\\\/wp-content\\\/uploads\\\/2021\\\/02\\\/cropped-Radio_Ljubuski_logo1.jpg\",\"contentUrl\":\"https:\\\/\\\/radioljubuski.ba\\\/wp-content\\\/uploads\\\/2021\\\/02\\\/cropped-Radio_Ljubuski_logo1.jpg\",\"width\":512,\"height\":512,\"caption\":\"Radio Ljubu\u0161ki\"},\"image\":{\"@id\":\"https:\\\/\\\/radioljubuski.ba\\\/#\\\/schema\\\/logo\\\/image\\\/\"},\"sameAs\":[\"https:\\\/\\\/www.facebook.com\\\/Radiio-Ljubuski-1490835324566332\",\"https:\\\/\\\/x.com\\\/radioljubuski\",\"https:\\\/\\\/hr.linkedin.com\\\/company\\\/radio-ljubuski\",\"https:\\\/\\\/www.youtube.com\\\/channel\\\/UCHYaeO_n0Db3tjNGudGpXyw\"]},{\"@type\":\"Person\",\"@id\":\"https:\\\/\\\/radioljubuski.ba\\\/#\\\/schema\\\/person\\\/19fc700381a780f69665d7956c469e3b\",\"name\":\"Radio Ljubu\u0161ki\"}]}<\/script>\n<!-- \/ Yoast SEO plugin. -->","yoast_head_json":{"title":"Odr\u017ean \u0161ahovski me\u010d izme\u0111u Vrgorca i Ljubu\u0161kog - RADIO LJUBU\u0160KI","robots":{"index":"index","follow":"follow","max-snippet":"max-snippet:-1","max-image-preview":"max-image-preview:large","max-video-preview":"max-video-preview:-1"},"canonical":"https:\/\/radioljubuski.ba\/index.php\/2024\/06\/27\/odrzan-sahovski-mec-izmedu-vrgorca-i-ljubuskog\/","og_locale":"hr_HR","og_type":"article","og_title":"Odr\u017ean \u0161ahovski me\u010d izme\u0111u Vrgorca i Ljubu\u0161kog - RADIO LJUBU\u0160KI","og_description":"PRIJATELJSKI \u0160AHOVSKI ME\u010c &#8220;VRGORAC- \u0160K KULA LJUBU\u0160KI &#8221; POVODOM DANA GRADA VRGORCA Ju\u010der je u Vrgorcu, povodom Dana grada, odr\u017ean \u0161ahovski me\u010d izme\u0111u doma\u0107e ekipe iz Vrgorca i \u0160ahovskog kluba Kula iz Ljubu\u0161kog. Rije\u010d je o drugom prekograni\u010dnom dru\u017eenju ljubitelja \u0161aha i po\u010detku jedne lijepe tradicije. Prije po\u010detka me\u010da, gradona\u010delnik Grada Vrgorca Mile Herceg uru\u010dio [&hellip;]","og_url":"https:\/\/radioljubuski.ba\/index.php\/2024\/06\/27\/odrzan-sahovski-mec-izmedu-vrgorca-i-ljubuskog\/","og_site_name":"RADIO LJUBU\u0160KI","article_publisher":"https:\/\/www.facebook.com\/Radiio-Ljubuski-1490835324566332","article_published_time":"2024-06-27T07:06:40+00:00","article_modified_time":"2024-06-27T07:06:41+00:00","og_image":[{"width":2048,"height":1366,"url":"https:\/\/radioljubuski.ba\/wp-content\/uploads\/2024\/06\/naslovna.jpg","type":"image\/jpeg"}],"author":"Radio Ljubu\u0161ki","twitter_card":"summary_large_image","twitter_creator":"@radioljubuski","twitter_site":"@radioljubuski","twitter_misc":{"Napisao\/la":"Radio Ljubu\u0161ki","Procijenjeno vrijeme \u010ditanja":"4 minute"},"schema":{"@context":"https:\/\/schema.org","@graph":[{"@type":"Article","@id":"https:\/\/radioljubuski.ba\/index.php\/2024\/06\/27\/odrzan-sahovski-mec-izmedu-vrgorca-i-ljubuskog\/#article","isPartOf":{"@id":"https:\/\/radioljubuski.ba\/index.php\/2024\/06\/27\/odrzan-sahovski-mec-izmedu-vrgorca-i-ljubuskog\/"},"author":{"name":"Radio Ljubu\u0161ki","@id":"https:\/\/radioljubuski.ba\/#\/schema\/person\/19fc700381a780f69665d7956c469e3b"},"headline":"Odr\u017ean \u0161ahovski me\u010d izme\u0111u Vrgorca i Ljubu\u0161kog","datePublished":"2024-06-27T07:06:40+00:00","dateModified":"2024-06-27T07:06:41+00:00","mainEntityOfPage":{"@id":"https:\/\/radioljubuski.ba\/index.php\/2024\/06\/27\/odrzan-sahovski-mec-izmedu-vrgorca-i-ljubuskog\/"},"wordCount":281,"publisher":{"@id":"https:\/\/radioljubuski.ba\/#organization"},"image":{"@id":"https:\/\/radioljubuski.ba\/index.php\/2024\/06\/27\/odrzan-sahovski-mec-izmedu-vrgorca-i-ljubuskog\/#primaryimage"},"thumbnailUrl":"https:\/\/radioljubuski.ba\/wp-content\/uploads\/2024\/06\/naslovna.jpg","articleSection":["Ljubu\u0161ki","Novosti"],"inLanguage":"hr"},{"@type":"WebPage","@id":"https:\/\/radioljubuski.ba\/index.php\/2024\/06\/27\/odrzan-sahovski-mec-izmedu-vrgorca-i-ljubuskog\/","url":"https:\/\/radioljubuski.ba\/index.php\/2024\/06\/27\/odrzan-sahovski-mec-izmedu-vrgorca-i-ljubuskog\/","name":"Odr\u017ean \u0161ahovski me\u010d izme\u0111u Vrgorca i Ljubu\u0161kog - RADIO LJUBU\u0160KI","isPartOf":{"@id":"https:\/\/radioljubuski.ba\/#website"},"primaryImageOfPage":{"@id":"https:\/\/radioljubuski.ba\/index.php\/2024\/06\/27\/odrzan-sahovski-mec-izmedu-vrgorca-i-ljubuskog\/#primaryimage"},"image":{"@id":"https:\/\/radioljubuski.ba\/index.php\/2024\/06\/27\/odrzan-sahovski-mec-izmedu-vrgorca-i-ljubuskog\/#primaryimage"},"thumbnailUrl":"https:\/\/radioljubuski.ba\/wp-content\/uploads\/2024\/06\/naslovna.jpg","datePublished":"2024-06-27T07:06:40+00:00","dateModified":"2024-06-27T07:06:41+00:00","breadcrumb":{"@id":"https:\/\/radioljubuski.ba\/index.php\/2024\/06\/27\/odrzan-sahovski-mec-izmedu-vrgorca-i-ljubuskog\/#breadcrumb"},"inLanguage":"hr","potentialAction":[{"@type":"ReadAction","target":["https:\/\/radioljubuski.ba\/index.php\/2024\/06\/27\/odrzan-sahovski-mec-izmedu-vrgorca-i-ljubuskog\/"]}]},{"@type":"ImageObject","inLanguage":"hr","@id":"https:\/\/radioljubuski.ba\/index.php\/2024\/06\/27\/odrzan-sahovski-mec-izmedu-vrgorca-i-ljubuskog\/#primaryimage","url":"https:\/\/radioljubuski.ba\/wp-content\/uploads\/2024\/06\/naslovna.jpg","contentUrl":"https:\/\/radioljubuski.ba\/wp-content\/uploads\/2024\/06\/naslovna.jpg","width":2048,"height":1366},{"@type":"BreadcrumbList","@id":"https:\/\/radioljubuski.ba\/index.php\/2024\/06\/27\/odrzan-sahovski-mec-izmedu-vrgorca-i-ljubuskog\/#breadcrumb","itemListElement":[{"@type":"ListItem","position":1,"name":"Po\u010detna stranica","item":"https:\/\/radioljubuski.ba\/"},{"@type":"ListItem","position":2,"name":"Odr\u017ean \u0161ahovski me\u010d izme\u0111u Vrgorca i Ljubu\u0161kog"}]},{"@type":"WebSite","@id":"https:\/\/radioljubuski.ba\/#website","url":"https:\/\/radioljubuski.ba\/","name":"Radio Ljubu\u0161ki","description":"Sun\u010dana frekvencija Hercegovine","publisher":{"@id":"https:\/\/radioljubuski.ba\/#organization"},"potentialAction":[{"@type":"SearchAction","target":{"@type":"EntryPoint","urlTemplate":"https:\/\/radioljubuski.ba\/?s={search_term_string}"},"query-input":{"@type":"PropertyValueSpecification","valueRequired":true,"valueName":"search_term_string"}}],"inLanguage":"hr"},{"@type":"Organization","@id":"https:\/\/radioljubuski.ba\/#organization","name":"Radio Ljubu\u0161ki","url":"https:\/\/radioljubuski.ba\/","logo":{"@type":"ImageObject","inLanguage":"hr","@id":"https:\/\/radioljubuski.ba\/#\/schema\/logo\/image\/","url":"https:\/\/radioljubuski.ba\/wp-content\/uploads\/2021\/02\/cropped-Radio_Ljubuski_logo1.jpg","contentUrl":"https:\/\/radioljubuski.ba\/wp-content\/uploads\/2021\/02\/cropped-Radio_Ljubuski_logo1.jpg","width":512,"height":512,"caption":"Radio Ljubu\u0161ki"},"image":{"@id":"https:\/\/radioljubuski.ba\/#\/schema\/logo\/image\/"},"sameAs":["https:\/\/www.facebook.com\/Radiio-Ljubuski-1490835324566332","https:\/\/x.com\/radioljubuski","https:\/\/hr.linkedin.com\/company\/radio-ljubuski","https:\/\/www.youtube.com\/channel\/UCHYaeO_n0Db3tjNGudGpXyw"]},{"@type":"Person","@id":"https:\/\/radioljubuski.ba\/#\/schema\/person\/19fc700381a780f69665d7956c469e3b","name":"Radio Ljubu\u0161ki"}]}},"_links":{"self":[{"href":"https:\/\/radioljubuski.ba\/index.php\/wp-json\/wp\/v2\/posts\/206411","targetHints":{"allow":["GET"]}}],"collection":[{"href":"https:\/\/radioljubuski.ba\/index.php\/wp-json\/wp\/v2\/posts"}],"about":[{"href":"https:\/\/radioljubuski.ba\/index.php\/wp-json\/wp\/v2\/types\/post"}],"author":[{"embeddable":true,"href":"https:\/\/radioljubuski.ba\/index.php\/wp-json\/wp\/v2\/users\/2"}],"replies":[{"embeddable":true,"href":"https:\/\/radioljubuski.ba\/index.php\/wp-json\/wp\/v2\/comments?post=206411"}],"version-history":[{"count":1,"href":"https:\/\/radioljubuski.ba\/index.php\/wp-json\/wp\/v2\/posts\/206411\/revisions"}],"predecessor-version":[{"id":206425,"href":"https:\/\/radioljubuski.ba\/index.php\/wp-json\/wp\/v2\/posts\/206411\/revisions\/206425"}],"wp:featuredmedia":[{"embeddable":true,"href":"https:\/\/radioljubuski.ba\/index.php\/wp-json\/wp\/v2\/media\/206423"}],"wp:attachment":[{"href":"https:\/\/radioljubuski.ba\/index.php\/wp-json\/wp\/v2\/media?parent=206411"}],"wp:term":[{"taxonomy":"category","embeddable":true,"href":"https:\/\/radioljubuski.ba\/index.php\/wp-json\/wp\/v2\/categories?post=206411"},{"taxonomy":"post_tag","embeddable":true,"href":"https:\/\/radioljubuski.ba\/index.php\/wp-json\/wp\/v2\/tags?post=206411"}],"curies":[{"name":"wp","href":"https:\/\/api.w.org\/{rel}","templated":true}]}}