{"id":206477,"date":"2024-06-29T09:02:40","date_gmt":"2024-06-29T08:02:40","guid":{"rendered":"https:\/\/radioljubuski.ba\/?p=206477"},"modified":"2024-07-03T15:35:41","modified_gmt":"2024-07-03T14:35:41","slug":"karate-klub-ljubuski-uspjesno-zavrsio-sezonu","status":"publish","type":"post","link":"https:\/\/radioljubuski.ba\/index.php\/2024\/06\/29\/karate-klub-ljubuski-uspjesno-zavrsio-sezonu\/","title":{"rendered":"Karate klub Ljubu\u0161ki uspje\u0161no zavr\u0161io sezonu"},"content":{"rendered":"\n<p>Na kraju svoje sezone Karate klub Ljubu\u0161ki odr\u017eao polaganje za u\u010deni\u010dka zvanja, polaganje je odr\u017eano 25. lipnja. <\/p>\n\n\n\n<p>Polaganje\u00a0za pojaseve predstavlja demonstraciju znanja pred licenciranim ispitiva\u010dima koji na temelju toga donose ocjenu koliko je polaznik svladao vje\u0161tina i usvojio zadani program.<\/p>\n\n\n\n<p>Polaganju je\u00a0pristupilo 87 kandidata za bijelo-\u017euti, \u017euti, naran\u010dasti,crveni, zeleni, i plavi i ljubi\u010dasti pojas, svi pristupnici su zadovoljili\u00a0 znanje i vje\u0161tine potrebne za vi\u0161i stupanj u\u010deni\u010dkih pojaseva.<\/p>\n\n\n\n<figure class=\"wp-block-image size-large\"><img loading=\"lazy\" decoding=\"async\" width=\"1024\" height=\"683\" src=\"https:\/\/radioljubuski.ba\/wp-content\/uploads\/2024\/06\/448737260_978570030943734_5846394735909331770_n-1024x683.jpg\" alt=\"\" class=\"wp-image-206479\" srcset=\"https:\/\/radioljubuski.ba\/wp-content\/uploads\/2024\/06\/448737260_978570030943734_5846394735909331770_n-1024x683.jpg 1024w, https:\/\/radioljubuski.ba\/wp-content\/uploads\/2024\/06\/448737260_978570030943734_5846394735909331770_n-300x200.jpg 300w, https:\/\/radioljubuski.ba\/wp-content\/uploads\/2024\/06\/448737260_978570030943734_5846394735909331770_n-768x512.jpg 768w, https:\/\/radioljubuski.ba\/wp-content\/uploads\/2024\/06\/448737260_978570030943734_5846394735909331770_n-1536x1024.jpg 1536w, https:\/\/radioljubuski.ba\/wp-content\/uploads\/2024\/06\/448737260_978570030943734_5846394735909331770_n-18x12.jpg 18w, https:\/\/radioljubuski.ba\/wp-content\/uploads\/2024\/06\/448737260_978570030943734_5846394735909331770_n.jpg 2048w\" sizes=\"auto, (max-width: 1024px) 100vw, 1024px\" \/><\/figure>\n\n\n\n<p>Kao i svake godine nekoliko kandidata se istaklo koji su i dobili pohvale&nbsp; od ispitiva\u010dke komisije.<\/p>\n\n\n\n<p>&#8211; Za bijelo-\u017euti pojas&nbsp; polaganju je&nbsp; pristupilo 23 kandidata i svi su uspje\u0161no polo\u017eili.<\/p>\n\n\n\n<p>&#8211; \u017duti pojas 27 kandidata<\/p>\n\n\n\n<p>&#8211; Naran\u010dasti pojas 17 kandidata<\/p>\n\n\n\n<p>&#8211; Crveni pojas 8 kandidata<\/p>\n\n\n\n<p>&#8211; Zeleni pojas 7 kandidata<\/p>\n\n\n\n<p>&#8211; Plavi pojas 3 kandidata<\/p>\n\n\n\n<p>&#8211; Ljubi\u010dasti pojas 2 kandidata<\/p>\n\n\n\n<figure class=\"wp-block-image size-large\"><img loading=\"lazy\" decoding=\"async\" width=\"1024\" height=\"683\" src=\"https:\/\/radioljubuski.ba\/wp-content\/uploads\/2024\/06\/448844813_978570324277038_2021577041401425798_n-1024x683.jpg\" alt=\"\" class=\"wp-image-206480\" srcset=\"https:\/\/radioljubuski.ba\/wp-content\/uploads\/2024\/06\/448844813_978570324277038_2021577041401425798_n-1024x683.jpg 1024w, https:\/\/radioljubuski.ba\/wp-content\/uploads\/2024\/06\/448844813_978570324277038_2021577041401425798_n-300x200.jpg 300w, https:\/\/radioljubuski.ba\/wp-content\/uploads\/2024\/06\/448844813_978570324277038_2021577041401425798_n-768x512.jpg 768w, https:\/\/radioljubuski.ba\/wp-content\/uploads\/2024\/06\/448844813_978570324277038_2021577041401425798_n-1536x1024.jpg 1536w, https:\/\/radioljubuski.ba\/wp-content\/uploads\/2024\/06\/448844813_978570324277038_2021577041401425798_n-18x12.jpg 18w, https:\/\/radioljubuski.ba\/wp-content\/uploads\/2024\/06\/448844813_978570324277038_2021577041401425798_n.jpg 2048w\" sizes=\"auto, (max-width: 1024px) 100vw, 1024px\" \/><\/figure>\n\n\n\n<figure class=\"wp-block-image size-large\"><img loading=\"lazy\" decoding=\"async\" width=\"1024\" height=\"683\" src=\"https:\/\/radioljubuski.ba\/wp-content\/uploads\/2024\/06\/449014788_978570590943678_4818762443950746985_n-1024x683.jpg\" alt=\"\" class=\"wp-image-206481\" srcset=\"https:\/\/radioljubuski.ba\/wp-content\/uploads\/2024\/06\/449014788_978570590943678_4818762443950746985_n-1024x683.jpg 1024w, https:\/\/radioljubuski.ba\/wp-content\/uploads\/2024\/06\/449014788_978570590943678_4818762443950746985_n-300x200.jpg 300w, https:\/\/radioljubuski.ba\/wp-content\/uploads\/2024\/06\/449014788_978570590943678_4818762443950746985_n-768x512.jpg 768w, https:\/\/radioljubuski.ba\/wp-content\/uploads\/2024\/06\/449014788_978570590943678_4818762443950746985_n-1536x1024.jpg 1536w, https:\/\/radioljubuski.ba\/wp-content\/uploads\/2024\/06\/449014788_978570590943678_4818762443950746985_n-18x12.jpg 18w, https:\/\/radioljubuski.ba\/wp-content\/uploads\/2024\/06\/449014788_978570590943678_4818762443950746985_n.jpg 2048w\" sizes=\"auto, (max-width: 1024px) 100vw, 1024px\" \/><\/figure>\n\n\n\n<p>Ovim polaganjem\u00a0 zaklju\u010dena\u00a0je jo\u0161 jedna \u00a0uspje\u0161na\u00a0 natjecateljska \u00a0sezona u kojoj je\u00a0 Karate klub Ljubu\u0161ki nastupio na\u00a0 8 natjecanja na \u00a0kojima smo osvojili 95 odli\u010dja.<\/p>\n\n\n\n<p>U&nbsp; trena\u017enom procesu od 20.08.2023. \u2013 20.06.2024. odra\u0111eno je&nbsp; s mla\u0111im dobnim skupinama oko 160 sati treninga, dok su natjecatelji odradili 265 sati treninga.<\/p>\n\n\n\n<p>Uprava karate kluba Ljubu\u0161ki ovim putem jo\u0161 jednom \u017eeli zahvaliti&nbsp; svima koji nesebi\u010dno poma\u017eu i prate rad karate kluba Ljubu\u0161ki:&nbsp;<\/p>\n\n\n\n<p>roditeljima na\u0161ih \u010dlanova koji su uvijek\u00a0na raspolaganju oko svih aktivnosti.<\/p>\n\n\n\n<p>General tobacco industry,<\/p>\n\n\n\n<p>Svim \u010dlanovima\u00a0 koji su polo\u017eili za vi\u0161a\u00a0 zvanja\u00a0 iskrene\u00a0 \u010destitke, ponovno okupljanje predvi\u0111eno je za 22.08. 2024. godine.<\/p>\n\n\n\n<figure class=\"wp-block-image size-large\"><img loading=\"lazy\" decoding=\"async\" width=\"1024\" height=\"473\" src=\"https:\/\/radioljubuski.ba\/wp-content\/uploads\/2024\/06\/djeca-1024x473.jpg\" alt=\"\" class=\"wp-image-206482\" srcset=\"https:\/\/radioljubuski.ba\/wp-content\/uploads\/2024\/06\/djeca-1024x473.jpg 1024w, https:\/\/radioljubuski.ba\/wp-content\/uploads\/2024\/06\/djeca-300x139.jpg 300w, https:\/\/radioljubuski.ba\/wp-content\/uploads\/2024\/06\/djeca-768x355.jpg 768w, https:\/\/radioljubuski.ba\/wp-content\/uploads\/2024\/06\/djeca-1536x710.jpg 1536w, https:\/\/radioljubuski.ba\/wp-content\/uploads\/2024\/06\/djeca-18x8.jpg 18w, https:\/\/radioljubuski.ba\/wp-content\/uploads\/2024\/06\/djeca.jpg 2048w\" sizes=\"auto, (max-width: 1024px) 100vw, 1024px\" \/><\/figure>\n","protected":false},"excerpt":{"rendered":"<p>Na kraju svoje sezone Karate klub Ljubu\u0161ki odr\u017eao polaganje za u\u010deni\u010dka zvanja, polaganje je odr\u017eano 25. lipnja. Polaganje\u00a0za pojaseve predstavlja demonstraciju znanja pred licenciranim ispitiva\u010dima koji na temelju toga donose ocjenu koliko je polaznik svladao vje\u0161tina i usvojio zadani program. Polaganju je\u00a0pristupilo 87 kandidata za bijelo-\u017euti, \u017euti, naran\u010dasti,crveni, zeleni, i plavi i ljubi\u010dasti pojas, svi [&hellip;]<\/p>\n","protected":false},"author":2,"featured_media":206478,"comment_status":"closed","ping_status":"closed","sticky":false,"template":"","format":"standard","meta":{"h5ap_radio_sources":[],"footnotes":""},"categories":[3,7],"tags":[],"class_list":["post-206477","post","type-post","status-publish","format-standard","has-post-thumbnail","hentry","category-ljubuski","category-sport"],"yoast_head":"<!-- This site is optimized with the Yoast SEO plugin v27.5 - https:\/\/yoast.com\/product\/yoast-seo-wordpress\/ -->\n<title>Karate klub Ljubu\u0161ki uspje\u0161no zavr\u0161io sezonu - RADIO LJUBU\u0160KI<\/title>\n<meta name=\"robots\" content=\"index, follow, max-snippet:-1, max-image-preview:large, max-video-preview:-1\" \/>\n<link rel=\"canonical\" href=\"https:\/\/radioljubuski.ba\/index.php\/2024\/06\/29\/karate-klub-ljubuski-uspjesno-zavrsio-sezonu\/\" \/>\n<meta property=\"og:locale\" content=\"hr_HR\" \/>\n<meta property=\"og:type\" content=\"article\" \/>\n<meta property=\"og:title\" content=\"Karate klub Ljubu\u0161ki uspje\u0161no zavr\u0161io sezonu - RADIO LJUBU\u0160KI\" \/>\n<meta property=\"og:description\" content=\"Na kraju svoje sezone Karate klub Ljubu\u0161ki odr\u017eao polaganje za u\u010deni\u010dka zvanja, polaganje je odr\u017eano 25. lipnja. Polaganje\u00a0za pojaseve predstavlja demonstraciju znanja pred licenciranim ispitiva\u010dima koji na temelju toga donose ocjenu koliko je polaznik svladao vje\u0161tina i usvojio zadani program. Polaganju je\u00a0pristupilo 87 kandidata za bijelo-\u017euti, \u017euti, naran\u010dasti,crveni, zeleni, i plavi i ljubi\u010dasti pojas, svi [&hellip;]\" \/>\n<meta property=\"og:url\" content=\"https:\/\/radioljubuski.ba\/index.php\/2024\/06\/29\/karate-klub-ljubuski-uspjesno-zavrsio-sezonu\/\" \/>\n<meta property=\"og:site_name\" content=\"RADIO LJUBU\u0160KI\" \/>\n<meta property=\"article:publisher\" content=\"https:\/\/www.facebook.com\/Radiio-Ljubuski-1490835324566332\" \/>\n<meta property=\"article:published_time\" content=\"2024-06-29T08:02:40+00:00\" \/>\n<meta property=\"article:modified_time\" content=\"2024-07-03T14:35:41+00:00\" \/>\n<meta property=\"og:image\" content=\"https:\/\/radioljubuski.ba\/wp-content\/uploads\/2024\/06\/djeca-2.jpg\" \/>\n\t<meta property=\"og:image:width\" content=\"1365\" \/>\n\t<meta property=\"og:image:height\" content=\"2048\" \/>\n\t<meta property=\"og:image:type\" content=\"image\/jpeg\" \/>\n<meta name=\"author\" content=\"Radio Ljubu\u0161ki\" \/>\n<meta name=\"twitter:card\" content=\"summary_large_image\" \/>\n<meta name=\"twitter:creator\" content=\"@radioljubuski\" \/>\n<meta name=\"twitter:site\" content=\"@radioljubuski\" \/>\n<meta name=\"twitter:label1\" content=\"Napisao\/la\" \/>\n\t<meta name=\"twitter:data1\" content=\"Radio Ljubu\u0161ki\" \/>\n\t<meta name=\"twitter:label2\" content=\"Procijenjeno vrijeme \u010ditanja\" \/>\n\t<meta name=\"twitter:data2\" content=\"3 minute\" \/>\n<script type=\"application\/ld+json\" class=\"yoast-schema-graph\">{\"@context\":\"https:\\\/\\\/schema.org\",\"@graph\":[{\"@type\":\"Article\",\"@id\":\"https:\\\/\\\/radioljubuski.ba\\\/index.php\\\/2024\\\/06\\\/29\\\/karate-klub-ljubuski-uspjesno-zavrsio-sezonu\\\/#article\",\"isPartOf\":{\"@id\":\"https:\\\/\\\/radioljubuski.ba\\\/index.php\\\/2024\\\/06\\\/29\\\/karate-klub-ljubuski-uspjesno-zavrsio-sezonu\\\/\"},\"author\":{\"name\":\"Radio Ljubu\u0161ki\",\"@id\":\"https:\\\/\\\/radioljubuski.ba\\\/#\\\/schema\\\/person\\\/19fc700381a780f69665d7956c469e3b\"},\"headline\":\"Karate klub Ljubu\u0161ki uspje\u0161no zavr\u0161io sezonu\",\"datePublished\":\"2024-06-29T08:02:40+00:00\",\"dateModified\":\"2024-07-03T14:35:41+00:00\",\"mainEntityOfPage\":{\"@id\":\"https:\\\/\\\/radioljubuski.ba\\\/index.php\\\/2024\\\/06\\\/29\\\/karate-klub-ljubuski-uspjesno-zavrsio-sezonu\\\/\"},\"wordCount\":264,\"publisher\":{\"@id\":\"https:\\\/\\\/radioljubuski.ba\\\/#organization\"},\"image\":{\"@id\":\"https:\\\/\\\/radioljubuski.ba\\\/index.php\\\/2024\\\/06\\\/29\\\/karate-klub-ljubuski-uspjesno-zavrsio-sezonu\\\/#primaryimage\"},\"thumbnailUrl\":\"https:\\\/\\\/radioljubuski.ba\\\/wp-content\\\/uploads\\\/2024\\\/06\\\/djeca-2.jpg\",\"articleSection\":[\"Ljubu\u0161ki\",\"\u0160port\"],\"inLanguage\":\"hr\"},{\"@type\":\"WebPage\",\"@id\":\"https:\\\/\\\/radioljubuski.ba\\\/index.php\\\/2024\\\/06\\\/29\\\/karate-klub-ljubuski-uspjesno-zavrsio-sezonu\\\/\",\"url\":\"https:\\\/\\\/radioljubuski.ba\\\/index.php\\\/2024\\\/06\\\/29\\\/karate-klub-ljubuski-uspjesno-zavrsio-sezonu\\\/\",\"name\":\"Karate klub Ljubu\u0161ki uspje\u0161no zavr\u0161io sezonu - RADIO LJUBU\u0160KI\",\"isPartOf\":{\"@id\":\"https:\\\/\\\/radioljubuski.ba\\\/#website\"},\"primaryImageOfPage\":{\"@id\":\"https:\\\/\\\/radioljubuski.ba\\\/index.php\\\/2024\\\/06\\\/29\\\/karate-klub-ljubuski-uspjesno-zavrsio-sezonu\\\/#primaryimage\"},\"image\":{\"@id\":\"https:\\\/\\\/radioljubuski.ba\\\/index.php\\\/2024\\\/06\\\/29\\\/karate-klub-ljubuski-uspjesno-zavrsio-sezonu\\\/#primaryimage\"},\"thumbnailUrl\":\"https:\\\/\\\/radioljubuski.ba\\\/wp-content\\\/uploads\\\/2024\\\/06\\\/djeca-2.jpg\",\"datePublished\":\"2024-06-29T08:02:40+00:00\",\"dateModified\":\"2024-07-03T14:35:41+00:00\",\"breadcrumb\":{\"@id\":\"https:\\\/\\\/radioljubuski.ba\\\/index.php\\\/2024\\\/06\\\/29\\\/karate-klub-ljubuski-uspjesno-zavrsio-sezonu\\\/#breadcrumb\"},\"inLanguage\":\"hr\",\"potentialAction\":[{\"@type\":\"ReadAction\",\"target\":[\"https:\\\/\\\/radioljubuski.ba\\\/index.php\\\/2024\\\/06\\\/29\\\/karate-klub-ljubuski-uspjesno-zavrsio-sezonu\\\/\"]}]},{\"@type\":\"ImageObject\",\"inLanguage\":\"hr\",\"@id\":\"https:\\\/\\\/radioljubuski.ba\\\/index.php\\\/2024\\\/06\\\/29\\\/karate-klub-ljubuski-uspjesno-zavrsio-sezonu\\\/#primaryimage\",\"url\":\"https:\\\/\\\/radioljubuski.ba\\\/wp-content\\\/uploads\\\/2024\\\/06\\\/djeca-2.jpg\",\"contentUrl\":\"https:\\\/\\\/radioljubuski.ba\\\/wp-content\\\/uploads\\\/2024\\\/06\\\/djeca-2.jpg\",\"width\":1365,\"height\":2048},{\"@type\":\"BreadcrumbList\",\"@id\":\"https:\\\/\\\/radioljubuski.ba\\\/index.php\\\/2024\\\/06\\\/29\\\/karate-klub-ljubuski-uspjesno-zavrsio-sezonu\\\/#breadcrumb\",\"itemListElement\":[{\"@type\":\"ListItem\",\"position\":1,\"name\":\"Po\u010detna stranica\",\"item\":\"https:\\\/\\\/radioljubuski.ba\\\/\"},{\"@type\":\"ListItem\",\"position\":2,\"name\":\"Karate klub Ljubu\u0161ki uspje\u0161no zavr\u0161io sezonu\"}]},{\"@type\":\"WebSite\",\"@id\":\"https:\\\/\\\/radioljubuski.ba\\\/#website\",\"url\":\"https:\\\/\\\/radioljubuski.ba\\\/\",\"name\":\"Radio Ljubu\u0161ki\",\"description\":\"Sun\u010dana frekvencija Hercegovine\",\"publisher\":{\"@id\":\"https:\\\/\\\/radioljubuski.ba\\\/#organization\"},\"potentialAction\":[{\"@type\":\"SearchAction\",\"target\":{\"@type\":\"EntryPoint\",\"urlTemplate\":\"https:\\\/\\\/radioljubuski.ba\\\/?s={search_term_string}\"},\"query-input\":{\"@type\":\"PropertyValueSpecification\",\"valueRequired\":true,\"valueName\":\"search_term_string\"}}],\"inLanguage\":\"hr\"},{\"@type\":\"Organization\",\"@id\":\"https:\\\/\\\/radioljubuski.ba\\\/#organization\",\"name\":\"Radio Ljubu\u0161ki\",\"url\":\"https:\\\/\\\/radioljubuski.ba\\\/\",\"logo\":{\"@type\":\"ImageObject\",\"inLanguage\":\"hr\",\"@id\":\"https:\\\/\\\/radioljubuski.ba\\\/#\\\/schema\\\/logo\\\/image\\\/\",\"url\":\"https:\\\/\\\/radioljubuski.ba\\\/wp-content\\\/uploads\\\/2021\\\/02\\\/cropped-Radio_Ljubuski_logo1.jpg\",\"contentUrl\":\"https:\\\/\\\/radioljubuski.ba\\\/wp-content\\\/uploads\\\/2021\\\/02\\\/cropped-Radio_Ljubuski_logo1.jpg\",\"width\":512,\"height\":512,\"caption\":\"Radio Ljubu\u0161ki\"},\"image\":{\"@id\":\"https:\\\/\\\/radioljubuski.ba\\\/#\\\/schema\\\/logo\\\/image\\\/\"},\"sameAs\":[\"https:\\\/\\\/www.facebook.com\\\/Radiio-Ljubuski-1490835324566332\",\"https:\\\/\\\/x.com\\\/radioljubuski\",\"https:\\\/\\\/hr.linkedin.com\\\/company\\\/radio-ljubuski\",\"https:\\\/\\\/www.youtube.com\\\/channel\\\/UCHYaeO_n0Db3tjNGudGpXyw\"]},{\"@type\":\"Person\",\"@id\":\"https:\\\/\\\/radioljubuski.ba\\\/#\\\/schema\\\/person\\\/19fc700381a780f69665d7956c469e3b\",\"name\":\"Radio Ljubu\u0161ki\"}]}<\/script>\n<!-- \/ Yoast SEO plugin. -->","yoast_head_json":{"title":"Karate klub Ljubu\u0161ki uspje\u0161no zavr\u0161io sezonu - RADIO LJUBU\u0160KI","robots":{"index":"index","follow":"follow","max-snippet":"max-snippet:-1","max-image-preview":"max-image-preview:large","max-video-preview":"max-video-preview:-1"},"canonical":"https:\/\/radioljubuski.ba\/index.php\/2024\/06\/29\/karate-klub-ljubuski-uspjesno-zavrsio-sezonu\/","og_locale":"hr_HR","og_type":"article","og_title":"Karate klub Ljubu\u0161ki uspje\u0161no zavr\u0161io sezonu - RADIO LJUBU\u0160KI","og_description":"Na kraju svoje sezone Karate klub Ljubu\u0161ki odr\u017eao polaganje za u\u010deni\u010dka zvanja, polaganje je odr\u017eano 25. lipnja. Polaganje\u00a0za pojaseve predstavlja demonstraciju znanja pred licenciranim ispitiva\u010dima koji na temelju toga donose ocjenu koliko je polaznik svladao vje\u0161tina i usvojio zadani program. Polaganju je\u00a0pristupilo 87 kandidata za bijelo-\u017euti, \u017euti, naran\u010dasti,crveni, zeleni, i plavi i ljubi\u010dasti pojas, svi [&hellip;]","og_url":"https:\/\/radioljubuski.ba\/index.php\/2024\/06\/29\/karate-klub-ljubuski-uspjesno-zavrsio-sezonu\/","og_site_name":"RADIO LJUBU\u0160KI","article_publisher":"https:\/\/www.facebook.com\/Radiio-Ljubuski-1490835324566332","article_published_time":"2024-06-29T08:02:40+00:00","article_modified_time":"2024-07-03T14:35:41+00:00","og_image":[{"width":1365,"height":2048,"url":"https:\/\/radioljubuski.ba\/wp-content\/uploads\/2024\/06\/djeca-2.jpg","type":"image\/jpeg"}],"author":"Radio Ljubu\u0161ki","twitter_card":"summary_large_image","twitter_creator":"@radioljubuski","twitter_site":"@radioljubuski","twitter_misc":{"Napisao\/la":"Radio Ljubu\u0161ki","Procijenjeno vrijeme \u010ditanja":"3 minute"},"schema":{"@context":"https:\/\/schema.org","@graph":[{"@type":"Article","@id":"https:\/\/radioljubuski.ba\/index.php\/2024\/06\/29\/karate-klub-ljubuski-uspjesno-zavrsio-sezonu\/#article","isPartOf":{"@id":"https:\/\/radioljubuski.ba\/index.php\/2024\/06\/29\/karate-klub-ljubuski-uspjesno-zavrsio-sezonu\/"},"author":{"name":"Radio Ljubu\u0161ki","@id":"https:\/\/radioljubuski.ba\/#\/schema\/person\/19fc700381a780f69665d7956c469e3b"},"headline":"Karate klub Ljubu\u0161ki uspje\u0161no zavr\u0161io sezonu","datePublished":"2024-06-29T08:02:40+00:00","dateModified":"2024-07-03T14:35:41+00:00","mainEntityOfPage":{"@id":"https:\/\/radioljubuski.ba\/index.php\/2024\/06\/29\/karate-klub-ljubuski-uspjesno-zavrsio-sezonu\/"},"wordCount":264,"publisher":{"@id":"https:\/\/radioljubuski.ba\/#organization"},"image":{"@id":"https:\/\/radioljubuski.ba\/index.php\/2024\/06\/29\/karate-klub-ljubuski-uspjesno-zavrsio-sezonu\/#primaryimage"},"thumbnailUrl":"https:\/\/radioljubuski.ba\/wp-content\/uploads\/2024\/06\/djeca-2.jpg","articleSection":["Ljubu\u0161ki","\u0160port"],"inLanguage":"hr"},{"@type":"WebPage","@id":"https:\/\/radioljubuski.ba\/index.php\/2024\/06\/29\/karate-klub-ljubuski-uspjesno-zavrsio-sezonu\/","url":"https:\/\/radioljubuski.ba\/index.php\/2024\/06\/29\/karate-klub-ljubuski-uspjesno-zavrsio-sezonu\/","name":"Karate klub Ljubu\u0161ki uspje\u0161no zavr\u0161io sezonu - RADIO LJUBU\u0160KI","isPartOf":{"@id":"https:\/\/radioljubuski.ba\/#website"},"primaryImageOfPage":{"@id":"https:\/\/radioljubuski.ba\/index.php\/2024\/06\/29\/karate-klub-ljubuski-uspjesno-zavrsio-sezonu\/#primaryimage"},"image":{"@id":"https:\/\/radioljubuski.ba\/index.php\/2024\/06\/29\/karate-klub-ljubuski-uspjesno-zavrsio-sezonu\/#primaryimage"},"thumbnailUrl":"https:\/\/radioljubuski.ba\/wp-content\/uploads\/2024\/06\/djeca-2.jpg","datePublished":"2024-06-29T08:02:40+00:00","dateModified":"2024-07-03T14:35:41+00:00","breadcrumb":{"@id":"https:\/\/radioljubuski.ba\/index.php\/2024\/06\/29\/karate-klub-ljubuski-uspjesno-zavrsio-sezonu\/#breadcrumb"},"inLanguage":"hr","potentialAction":[{"@type":"ReadAction","target":["https:\/\/radioljubuski.ba\/index.php\/2024\/06\/29\/karate-klub-ljubuski-uspjesno-zavrsio-sezonu\/"]}]},{"@type":"ImageObject","inLanguage":"hr","@id":"https:\/\/radioljubuski.ba\/index.php\/2024\/06\/29\/karate-klub-ljubuski-uspjesno-zavrsio-sezonu\/#primaryimage","url":"https:\/\/radioljubuski.ba\/wp-content\/uploads\/2024\/06\/djeca-2.jpg","contentUrl":"https:\/\/radioljubuski.ba\/wp-content\/uploads\/2024\/06\/djeca-2.jpg","width":1365,"height":2048},{"@type":"BreadcrumbList","@id":"https:\/\/radioljubuski.ba\/index.php\/2024\/06\/29\/karate-klub-ljubuski-uspjesno-zavrsio-sezonu\/#breadcrumb","itemListElement":[{"@type":"ListItem","position":1,"name":"Po\u010detna stranica","item":"https:\/\/radioljubuski.ba\/"},{"@type":"ListItem","position":2,"name":"Karate klub Ljubu\u0161ki uspje\u0161no zavr\u0161io sezonu"}]},{"@type":"WebSite","@id":"https:\/\/radioljubuski.ba\/#website","url":"https:\/\/radioljubuski.ba\/","name":"Radio Ljubu\u0161ki","description":"Sun\u010dana frekvencija Hercegovine","publisher":{"@id":"https:\/\/radioljubuski.ba\/#organization"},"potentialAction":[{"@type":"SearchAction","target":{"@type":"EntryPoint","urlTemplate":"https:\/\/radioljubuski.ba\/?s={search_term_string}"},"query-input":{"@type":"PropertyValueSpecification","valueRequired":true,"valueName":"search_term_string"}}],"inLanguage":"hr"},{"@type":"Organization","@id":"https:\/\/radioljubuski.ba\/#organization","name":"Radio Ljubu\u0161ki","url":"https:\/\/radioljubuski.ba\/","logo":{"@type":"ImageObject","inLanguage":"hr","@id":"https:\/\/radioljubuski.ba\/#\/schema\/logo\/image\/","url":"https:\/\/radioljubuski.ba\/wp-content\/uploads\/2021\/02\/cropped-Radio_Ljubuski_logo1.jpg","contentUrl":"https:\/\/radioljubuski.ba\/wp-content\/uploads\/2021\/02\/cropped-Radio_Ljubuski_logo1.jpg","width":512,"height":512,"caption":"Radio Ljubu\u0161ki"},"image":{"@id":"https:\/\/radioljubuski.ba\/#\/schema\/logo\/image\/"},"sameAs":["https:\/\/www.facebook.com\/Radiio-Ljubuski-1490835324566332","https:\/\/x.com\/radioljubuski","https:\/\/hr.linkedin.com\/company\/radio-ljubuski","https:\/\/www.youtube.com\/channel\/UCHYaeO_n0Db3tjNGudGpXyw"]},{"@type":"Person","@id":"https:\/\/radioljubuski.ba\/#\/schema\/person\/19fc700381a780f69665d7956c469e3b","name":"Radio Ljubu\u0161ki"}]}},"_links":{"self":[{"href":"https:\/\/radioljubuski.ba\/index.php\/wp-json\/wp\/v2\/posts\/206477","targetHints":{"allow":["GET"]}}],"collection":[{"href":"https:\/\/radioljubuski.ba\/index.php\/wp-json\/wp\/v2\/posts"}],"about":[{"href":"https:\/\/radioljubuski.ba\/index.php\/wp-json\/wp\/v2\/types\/post"}],"author":[{"embeddable":true,"href":"https:\/\/radioljubuski.ba\/index.php\/wp-json\/wp\/v2\/users\/2"}],"replies":[{"embeddable":true,"href":"https:\/\/radioljubuski.ba\/index.php\/wp-json\/wp\/v2\/comments?post=206477"}],"version-history":[{"count":1,"href":"https:\/\/radioljubuski.ba\/index.php\/wp-json\/wp\/v2\/posts\/206477\/revisions"}],"predecessor-version":[{"id":206483,"href":"https:\/\/radioljubuski.ba\/index.php\/wp-json\/wp\/v2\/posts\/206477\/revisions\/206483"}],"wp:featuredmedia":[{"embeddable":true,"href":"https:\/\/radioljubuski.ba\/index.php\/wp-json\/wp\/v2\/media\/206478"}],"wp:attachment":[{"href":"https:\/\/radioljubuski.ba\/index.php\/wp-json\/wp\/v2\/media?parent=206477"}],"wp:term":[{"taxonomy":"category","embeddable":true,"href":"https:\/\/radioljubuski.ba\/index.php\/wp-json\/wp\/v2\/categories?post=206477"},{"taxonomy":"post_tag","embeddable":true,"href":"https:\/\/radioljubuski.ba\/index.php\/wp-json\/wp\/v2\/tags?post=206477"}],"curies":[{"name":"wp","href":"https:\/\/api.w.org\/{rel}","templated":true}]}}