{"id":206584,"date":"2024-07-05T09:48:09","date_gmt":"2024-07-05T08:48:09","guid":{"rendered":"https:\/\/radioljubuski.ba\/?p=206584"},"modified":"2024-07-09T12:23:29","modified_gmt":"2024-07-09T11:23:29","slug":"luka-herceg-zakljucene-prijave-za-futsal-3x3-ljubuski-turnir-starta-u-ponedjeljak","status":"publish","type":"post","link":"https:\/\/radioljubuski.ba\/index.php\/2024\/07\/05\/luka-herceg-zakljucene-prijave-za-futsal-3x3-ljubuski-turnir-starta-u-ponedjeljak\/","title":{"rendered":"Luka Herceg: Zaklju\u010dene prijave za &#8220;Futsal 3\u00d73 Ljubu\u0161ki&#8221;, turnir starta u ponedjeljak"},"content":{"rendered":"\n<p>U ponedjeljak 8. srpnja u Ljubu\u0161kom starta \u010detvrti turnir na male golove &#8220;Futsal 3&#215;3 Ljubu\u0161ki&#8221;.<\/p>\n\n\n\n<p>Tim povodom u programu Radija Ljubu\u0161ki ugostili smo jednog od organizatora turnira Luku Hercega.<\/p>\n\n\n\n<p>Razgovarali smo o interesu za turnir i o tome \u0161to gledatelje o\u010dekuje na tom turniru, koji se u ve\u010dernjim satima od 8. do 14. srpnja odr\u017eava na igrali\u0161tu O\u0160. Marka Maruli\u0107a.<\/p>\n\n\n\n<p>Iako je krajnji rok za prijave bio do 6.srpnja (subota) Luka je kazao da su prijave za turnir zaklju\u010dene i da se na turnir prijavilo 56 seniorskih i 34 mom\u010dadi dje\u010djeg uzrasta. Naglasio je da je interes za turnir bio i ve\u0107i, ali su zbog organizacijskih uvjeta, prijave morali zaklju\u010diti na tom broju ekipa.<\/p>\n\n\n\n<p>Prva dva dana turnira (ponedjeljak i utorak) igrat \u0107e se samo dje\u010dji dio turnira, a od srijede startaju i seniori.<\/p>\n\n\n\n<p>Kada je u pitanju dje\u010dji uzrast igrat \u0107e se u dvije kategorije, 2008\/2009 te 2010 godi\u0161te i mla\u0111i.<\/p>\n\n\n\n<p>Uz brojne mom\u010dadi iz Ljubu\u0161kog na turnir su stigle prijave iz gotovo svih hercegova\u010dkih gradova te iz susjedne Dalmacije.<\/p>\n\n\n\n<p>Posljednjeg dana turnira igrat \u0107e se i revijalna utakmica veterana izme\u0111u MNK Oaza i MNK Ljubu\u0161ki, a gledatelje o\u010dekuje i bogata tombola.<\/p>\n\n\n\n<p>Herceg je vi\u0161e nego zadovoljan interesom za turnir, a posebno je sretan zbog velikog interesa koji je iskazan za dje\u010dji turnir.<\/p>\n\n\n\n<p>\u201eOdaziv na turnir je puno ve\u0107i od o\u010dekivanog. Posebno mi je \u017eao \u0161to nismo mogli primiti sve ekipe koje su se \u017eeljele prijaviti na turnir. O\u010dekujemo jako zanimljiv turnir jer je kvaliteta igra\u010da i ekipa koje su se prijavile, kako u seniorskoj tako i u dje\u010djoj kategoriji, na zavidnoj razini. Posebno raduje veliki interes i veliki broj prijava u dje\u010djoj konkurenciji. Pozivam sve ljubitelje futsala i nogometa op\u0107enito da do\u0111u na ovaj turnir i u\u017eivaju u visoko kvalitetnom futsalu i nadmetanju najboljih ekipa s ovih prostora\u201c, kazao je Herceg.<\/p>\n\n\n\n<p>Napominjemo da pobjedni\u010dke mom\u010dadi na turniru o\u010dekuju i bogate nagrade.<\/p>\n\n\n\n<p>Nagrada za prvo mjesto na turniru iznosi 1 500,00 KM, za drugo 500,00 KM, za tre\u0107e 200,00 KM, a \u010detvrtoplasirana mom\u010dad bit \u0107e nagra\u0111ena gajbom piva.<\/p>\n\n\n\n<p>Radio Ljubu\u0161ki<\/p>\n","protected":false},"excerpt":{"rendered":"<p>U ponedjeljak 8. srpnja u Ljubu\u0161kom starta \u010detvrti turnir na male golove &#8220;Futsal 3&#215;3 Ljubu\u0161ki&#8221;. Tim povodom u programu Radija Ljubu\u0161ki ugostili smo jednog od organizatora turnira Luku Hercega. Razgovarali smo o interesu za turnir i o tome \u0161to gledatelje o\u010dekuje na tom turniru, koji se u ve\u010dernjim satima od 8. do 14. srpnja odr\u017eava [&hellip;]<\/p>\n","protected":false},"author":2,"featured_media":206585,"comment_status":"closed","ping_status":"closed","sticky":false,"template":"","format":"standard","meta":{"h5ap_radio_sources":[],"footnotes":""},"categories":[7],"tags":[],"class_list":["post-206584","post","type-post","status-publish","format-standard","has-post-thumbnail","hentry","category-sport"],"yoast_head":"<!-- This site is optimized with the Yoast SEO plugin v27.5 - https:\/\/yoast.com\/product\/yoast-seo-wordpress\/ -->\n<title>Luka Herceg: Zaklju\u010dene prijave za &quot;Futsal 3\u00d73 Ljubu\u0161ki&quot;, turnir starta u ponedjeljak - RADIO LJUBU\u0160KI<\/title>\n<meta name=\"robots\" content=\"index, follow, max-snippet:-1, max-image-preview:large, max-video-preview:-1\" \/>\n<link rel=\"canonical\" href=\"https:\/\/radioljubuski.ba\/index.php\/2024\/07\/05\/luka-herceg-zakljucene-prijave-za-futsal-3x3-ljubuski-turnir-starta-u-ponedjeljak\/\" \/>\n<meta property=\"og:locale\" content=\"hr_HR\" \/>\n<meta property=\"og:type\" content=\"article\" \/>\n<meta property=\"og:title\" content=\"Luka Herceg: Zaklju\u010dene prijave za &quot;Futsal 3\u00d73 Ljubu\u0161ki&quot;, turnir starta u ponedjeljak - RADIO LJUBU\u0160KI\" \/>\n<meta property=\"og:description\" content=\"U ponedjeljak 8. srpnja u Ljubu\u0161kom starta \u010detvrti turnir na male golove &#8220;Futsal 3&#215;3 Ljubu\u0161ki&#8221;. Tim povodom u programu Radija Ljubu\u0161ki ugostili smo jednog od organizatora turnira Luku Hercega. Razgovarali smo o interesu za turnir i o tome \u0161to gledatelje o\u010dekuje na tom turniru, koji se u ve\u010dernjim satima od 8. do 14. srpnja odr\u017eava [&hellip;]\" \/>\n<meta property=\"og:url\" content=\"https:\/\/radioljubuski.ba\/index.php\/2024\/07\/05\/luka-herceg-zakljucene-prijave-za-futsal-3x3-ljubuski-turnir-starta-u-ponedjeljak\/\" \/>\n<meta property=\"og:site_name\" content=\"RADIO LJUBU\u0160KI\" \/>\n<meta property=\"article:publisher\" content=\"https:\/\/www.facebook.com\/Radiio-Ljubuski-1490835324566332\" \/>\n<meta property=\"article:published_time\" content=\"2024-07-05T08:48:09+00:00\" \/>\n<meta property=\"article:modified_time\" content=\"2024-07-09T11:23:29+00:00\" \/>\n<meta property=\"og:image\" content=\"https:\/\/radioljubuski.ba\/wp-content\/uploads\/2024\/07\/WhatsApp-Image-2024-07-05-at-10.17.34.jpeg\" \/>\n\t<meta property=\"og:image:width\" content=\"2048\" \/>\n\t<meta property=\"og:image:height\" content=\"1536\" \/>\n\t<meta property=\"og:image:type\" content=\"image\/jpeg\" \/>\n<meta name=\"author\" content=\"Radio Ljubu\u0161ki\" \/>\n<meta name=\"twitter:card\" content=\"summary_large_image\" \/>\n<meta name=\"twitter:creator\" content=\"@radioljubuski\" \/>\n<meta name=\"twitter:site\" content=\"@radioljubuski\" \/>\n<meta name=\"twitter:label1\" content=\"Napisao\/la\" \/>\n\t<meta name=\"twitter:data1\" content=\"Radio Ljubu\u0161ki\" \/>\n\t<meta name=\"twitter:label2\" content=\"Procijenjeno vrijeme \u010ditanja\" \/>\n\t<meta name=\"twitter:data2\" content=\"3 minute\" \/>\n<script type=\"application\/ld+json\" class=\"yoast-schema-graph\">{\"@context\":\"https:\\\/\\\/schema.org\",\"@graph\":[{\"@type\":\"Article\",\"@id\":\"https:\\\/\\\/radioljubuski.ba\\\/index.php\\\/2024\\\/07\\\/05\\\/luka-herceg-zakljucene-prijave-za-futsal-3x3-ljubuski-turnir-starta-u-ponedjeljak\\\/#article\",\"isPartOf\":{\"@id\":\"https:\\\/\\\/radioljubuski.ba\\\/index.php\\\/2024\\\/07\\\/05\\\/luka-herceg-zakljucene-prijave-za-futsal-3x3-ljubuski-turnir-starta-u-ponedjeljak\\\/\"},\"author\":{\"name\":\"Radio Ljubu\u0161ki\",\"@id\":\"https:\\\/\\\/radioljubuski.ba\\\/#\\\/schema\\\/person\\\/19fc700381a780f69665d7956c469e3b\"},\"headline\":\"Luka Herceg: Zaklju\u010dene prijave za &#8220;Futsal 3\u00d73 Ljubu\u0161ki&#8221;, turnir starta u ponedjeljak\",\"datePublished\":\"2024-07-05T08:48:09+00:00\",\"dateModified\":\"2024-07-09T11:23:29+00:00\",\"mainEntityOfPage\":{\"@id\":\"https:\\\/\\\/radioljubuski.ba\\\/index.php\\\/2024\\\/07\\\/05\\\/luka-herceg-zakljucene-prijave-za-futsal-3x3-ljubuski-turnir-starta-u-ponedjeljak\\\/\"},\"wordCount\":384,\"publisher\":{\"@id\":\"https:\\\/\\\/radioljubuski.ba\\\/#organization\"},\"image\":{\"@id\":\"https:\\\/\\\/radioljubuski.ba\\\/index.php\\\/2024\\\/07\\\/05\\\/luka-herceg-zakljucene-prijave-za-futsal-3x3-ljubuski-turnir-starta-u-ponedjeljak\\\/#primaryimage\"},\"thumbnailUrl\":\"https:\\\/\\\/radioljubuski.ba\\\/wp-content\\\/uploads\\\/2024\\\/07\\\/WhatsApp-Image-2024-07-05-at-10.17.34.jpeg\",\"articleSection\":[\"\u0160port\"],\"inLanguage\":\"hr\"},{\"@type\":\"WebPage\",\"@id\":\"https:\\\/\\\/radioljubuski.ba\\\/index.php\\\/2024\\\/07\\\/05\\\/luka-herceg-zakljucene-prijave-za-futsal-3x3-ljubuski-turnir-starta-u-ponedjeljak\\\/\",\"url\":\"https:\\\/\\\/radioljubuski.ba\\\/index.php\\\/2024\\\/07\\\/05\\\/luka-herceg-zakljucene-prijave-za-futsal-3x3-ljubuski-turnir-starta-u-ponedjeljak\\\/\",\"name\":\"Luka Herceg: Zaklju\u010dene prijave za \\\"Futsal 3\u00d73 Ljubu\u0161ki\\\", turnir starta u ponedjeljak - RADIO LJUBU\u0160KI\",\"isPartOf\":{\"@id\":\"https:\\\/\\\/radioljubuski.ba\\\/#website\"},\"primaryImageOfPage\":{\"@id\":\"https:\\\/\\\/radioljubuski.ba\\\/index.php\\\/2024\\\/07\\\/05\\\/luka-herceg-zakljucene-prijave-za-futsal-3x3-ljubuski-turnir-starta-u-ponedjeljak\\\/#primaryimage\"},\"image\":{\"@id\":\"https:\\\/\\\/radioljubuski.ba\\\/index.php\\\/2024\\\/07\\\/05\\\/luka-herceg-zakljucene-prijave-za-futsal-3x3-ljubuski-turnir-starta-u-ponedjeljak\\\/#primaryimage\"},\"thumbnailUrl\":\"https:\\\/\\\/radioljubuski.ba\\\/wp-content\\\/uploads\\\/2024\\\/07\\\/WhatsApp-Image-2024-07-05-at-10.17.34.jpeg\",\"datePublished\":\"2024-07-05T08:48:09+00:00\",\"dateModified\":\"2024-07-09T11:23:29+00:00\",\"breadcrumb\":{\"@id\":\"https:\\\/\\\/radioljubuski.ba\\\/index.php\\\/2024\\\/07\\\/05\\\/luka-herceg-zakljucene-prijave-za-futsal-3x3-ljubuski-turnir-starta-u-ponedjeljak\\\/#breadcrumb\"},\"inLanguage\":\"hr\",\"potentialAction\":[{\"@type\":\"ReadAction\",\"target\":[\"https:\\\/\\\/radioljubuski.ba\\\/index.php\\\/2024\\\/07\\\/05\\\/luka-herceg-zakljucene-prijave-za-futsal-3x3-ljubuski-turnir-starta-u-ponedjeljak\\\/\"]}]},{\"@type\":\"ImageObject\",\"inLanguage\":\"hr\",\"@id\":\"https:\\\/\\\/radioljubuski.ba\\\/index.php\\\/2024\\\/07\\\/05\\\/luka-herceg-zakljucene-prijave-za-futsal-3x3-ljubuski-turnir-starta-u-ponedjeljak\\\/#primaryimage\",\"url\":\"https:\\\/\\\/radioljubuski.ba\\\/wp-content\\\/uploads\\\/2024\\\/07\\\/WhatsApp-Image-2024-07-05-at-10.17.34.jpeg\",\"contentUrl\":\"https:\\\/\\\/radioljubuski.ba\\\/wp-content\\\/uploads\\\/2024\\\/07\\\/WhatsApp-Image-2024-07-05-at-10.17.34.jpeg\",\"width\":2048,\"height\":1536},{\"@type\":\"BreadcrumbList\",\"@id\":\"https:\\\/\\\/radioljubuski.ba\\\/index.php\\\/2024\\\/07\\\/05\\\/luka-herceg-zakljucene-prijave-za-futsal-3x3-ljubuski-turnir-starta-u-ponedjeljak\\\/#breadcrumb\",\"itemListElement\":[{\"@type\":\"ListItem\",\"position\":1,\"name\":\"Po\u010detna stranica\",\"item\":\"https:\\\/\\\/radioljubuski.ba\\\/\"},{\"@type\":\"ListItem\",\"position\":2,\"name\":\"Luka Herceg: Zaklju\u010dene prijave za &#8220;Futsal 3\u00d73 Ljubu\u0161ki&#8221;, turnir starta u ponedjeljak\"}]},{\"@type\":\"WebSite\",\"@id\":\"https:\\\/\\\/radioljubuski.ba\\\/#website\",\"url\":\"https:\\\/\\\/radioljubuski.ba\\\/\",\"name\":\"Radio Ljubu\u0161ki\",\"description\":\"Sun\u010dana frekvencija Hercegovine\",\"publisher\":{\"@id\":\"https:\\\/\\\/radioljubuski.ba\\\/#organization\"},\"potentialAction\":[{\"@type\":\"SearchAction\",\"target\":{\"@type\":\"EntryPoint\",\"urlTemplate\":\"https:\\\/\\\/radioljubuski.ba\\\/?s={search_term_string}\"},\"query-input\":{\"@type\":\"PropertyValueSpecification\",\"valueRequired\":true,\"valueName\":\"search_term_string\"}}],\"inLanguage\":\"hr\"},{\"@type\":\"Organization\",\"@id\":\"https:\\\/\\\/radioljubuski.ba\\\/#organization\",\"name\":\"Radio Ljubu\u0161ki\",\"url\":\"https:\\\/\\\/radioljubuski.ba\\\/\",\"logo\":{\"@type\":\"ImageObject\",\"inLanguage\":\"hr\",\"@id\":\"https:\\\/\\\/radioljubuski.ba\\\/#\\\/schema\\\/logo\\\/image\\\/\",\"url\":\"https:\\\/\\\/radioljubuski.ba\\\/wp-content\\\/uploads\\\/2021\\\/02\\\/cropped-Radio_Ljubuski_logo1.jpg\",\"contentUrl\":\"https:\\\/\\\/radioljubuski.ba\\\/wp-content\\\/uploads\\\/2021\\\/02\\\/cropped-Radio_Ljubuski_logo1.jpg\",\"width\":512,\"height\":512,\"caption\":\"Radio Ljubu\u0161ki\"},\"image\":{\"@id\":\"https:\\\/\\\/radioljubuski.ba\\\/#\\\/schema\\\/logo\\\/image\\\/\"},\"sameAs\":[\"https:\\\/\\\/www.facebook.com\\\/Radiio-Ljubuski-1490835324566332\",\"https:\\\/\\\/x.com\\\/radioljubuski\",\"https:\\\/\\\/hr.linkedin.com\\\/company\\\/radio-ljubuski\",\"https:\\\/\\\/www.youtube.com\\\/channel\\\/UCHYaeO_n0Db3tjNGudGpXyw\"]},{\"@type\":\"Person\",\"@id\":\"https:\\\/\\\/radioljubuski.ba\\\/#\\\/schema\\\/person\\\/19fc700381a780f69665d7956c469e3b\",\"name\":\"Radio Ljubu\u0161ki\"}]}<\/script>\n<!-- \/ Yoast SEO plugin. -->","yoast_head_json":{"title":"Luka Herceg: Zaklju\u010dene prijave za \"Futsal 3\u00d73 Ljubu\u0161ki\", turnir starta u ponedjeljak - RADIO LJUBU\u0160KI","robots":{"index":"index","follow":"follow","max-snippet":"max-snippet:-1","max-image-preview":"max-image-preview:large","max-video-preview":"max-video-preview:-1"},"canonical":"https:\/\/radioljubuski.ba\/index.php\/2024\/07\/05\/luka-herceg-zakljucene-prijave-za-futsal-3x3-ljubuski-turnir-starta-u-ponedjeljak\/","og_locale":"hr_HR","og_type":"article","og_title":"Luka Herceg: Zaklju\u010dene prijave za \"Futsal 3\u00d73 Ljubu\u0161ki\", turnir starta u ponedjeljak - RADIO LJUBU\u0160KI","og_description":"U ponedjeljak 8. srpnja u Ljubu\u0161kom starta \u010detvrti turnir na male golove &#8220;Futsal 3&#215;3 Ljubu\u0161ki&#8221;. Tim povodom u programu Radija Ljubu\u0161ki ugostili smo jednog od organizatora turnira Luku Hercega. Razgovarali smo o interesu za turnir i o tome \u0161to gledatelje o\u010dekuje na tom turniru, koji se u ve\u010dernjim satima od 8. do 14. srpnja odr\u017eava [&hellip;]","og_url":"https:\/\/radioljubuski.ba\/index.php\/2024\/07\/05\/luka-herceg-zakljucene-prijave-za-futsal-3x3-ljubuski-turnir-starta-u-ponedjeljak\/","og_site_name":"RADIO LJUBU\u0160KI","article_publisher":"https:\/\/www.facebook.com\/Radiio-Ljubuski-1490835324566332","article_published_time":"2024-07-05T08:48:09+00:00","article_modified_time":"2024-07-09T11:23:29+00:00","og_image":[{"width":2048,"height":1536,"url":"https:\/\/radioljubuski.ba\/wp-content\/uploads\/2024\/07\/WhatsApp-Image-2024-07-05-at-10.17.34.jpeg","type":"image\/jpeg"}],"author":"Radio Ljubu\u0161ki","twitter_card":"summary_large_image","twitter_creator":"@radioljubuski","twitter_site":"@radioljubuski","twitter_misc":{"Napisao\/la":"Radio Ljubu\u0161ki","Procijenjeno vrijeme \u010ditanja":"3 minute"},"schema":{"@context":"https:\/\/schema.org","@graph":[{"@type":"Article","@id":"https:\/\/radioljubuski.ba\/index.php\/2024\/07\/05\/luka-herceg-zakljucene-prijave-za-futsal-3x3-ljubuski-turnir-starta-u-ponedjeljak\/#article","isPartOf":{"@id":"https:\/\/radioljubuski.ba\/index.php\/2024\/07\/05\/luka-herceg-zakljucene-prijave-za-futsal-3x3-ljubuski-turnir-starta-u-ponedjeljak\/"},"author":{"name":"Radio Ljubu\u0161ki","@id":"https:\/\/radioljubuski.ba\/#\/schema\/person\/19fc700381a780f69665d7956c469e3b"},"headline":"Luka Herceg: Zaklju\u010dene prijave za &#8220;Futsal 3\u00d73 Ljubu\u0161ki&#8221;, turnir starta u ponedjeljak","datePublished":"2024-07-05T08:48:09+00:00","dateModified":"2024-07-09T11:23:29+00:00","mainEntityOfPage":{"@id":"https:\/\/radioljubuski.ba\/index.php\/2024\/07\/05\/luka-herceg-zakljucene-prijave-za-futsal-3x3-ljubuski-turnir-starta-u-ponedjeljak\/"},"wordCount":384,"publisher":{"@id":"https:\/\/radioljubuski.ba\/#organization"},"image":{"@id":"https:\/\/radioljubuski.ba\/index.php\/2024\/07\/05\/luka-herceg-zakljucene-prijave-za-futsal-3x3-ljubuski-turnir-starta-u-ponedjeljak\/#primaryimage"},"thumbnailUrl":"https:\/\/radioljubuski.ba\/wp-content\/uploads\/2024\/07\/WhatsApp-Image-2024-07-05-at-10.17.34.jpeg","articleSection":["\u0160port"],"inLanguage":"hr"},{"@type":"WebPage","@id":"https:\/\/radioljubuski.ba\/index.php\/2024\/07\/05\/luka-herceg-zakljucene-prijave-za-futsal-3x3-ljubuski-turnir-starta-u-ponedjeljak\/","url":"https:\/\/radioljubuski.ba\/index.php\/2024\/07\/05\/luka-herceg-zakljucene-prijave-za-futsal-3x3-ljubuski-turnir-starta-u-ponedjeljak\/","name":"Luka Herceg: Zaklju\u010dene prijave za \"Futsal 3\u00d73 Ljubu\u0161ki\", turnir starta u ponedjeljak - RADIO LJUBU\u0160KI","isPartOf":{"@id":"https:\/\/radioljubuski.ba\/#website"},"primaryImageOfPage":{"@id":"https:\/\/radioljubuski.ba\/index.php\/2024\/07\/05\/luka-herceg-zakljucene-prijave-za-futsal-3x3-ljubuski-turnir-starta-u-ponedjeljak\/#primaryimage"},"image":{"@id":"https:\/\/radioljubuski.ba\/index.php\/2024\/07\/05\/luka-herceg-zakljucene-prijave-za-futsal-3x3-ljubuski-turnir-starta-u-ponedjeljak\/#primaryimage"},"thumbnailUrl":"https:\/\/radioljubuski.ba\/wp-content\/uploads\/2024\/07\/WhatsApp-Image-2024-07-05-at-10.17.34.jpeg","datePublished":"2024-07-05T08:48:09+00:00","dateModified":"2024-07-09T11:23:29+00:00","breadcrumb":{"@id":"https:\/\/radioljubuski.ba\/index.php\/2024\/07\/05\/luka-herceg-zakljucene-prijave-za-futsal-3x3-ljubuski-turnir-starta-u-ponedjeljak\/#breadcrumb"},"inLanguage":"hr","potentialAction":[{"@type":"ReadAction","target":["https:\/\/radioljubuski.ba\/index.php\/2024\/07\/05\/luka-herceg-zakljucene-prijave-za-futsal-3x3-ljubuski-turnir-starta-u-ponedjeljak\/"]}]},{"@type":"ImageObject","inLanguage":"hr","@id":"https:\/\/radioljubuski.ba\/index.php\/2024\/07\/05\/luka-herceg-zakljucene-prijave-za-futsal-3x3-ljubuski-turnir-starta-u-ponedjeljak\/#primaryimage","url":"https:\/\/radioljubuski.ba\/wp-content\/uploads\/2024\/07\/WhatsApp-Image-2024-07-05-at-10.17.34.jpeg","contentUrl":"https:\/\/radioljubuski.ba\/wp-content\/uploads\/2024\/07\/WhatsApp-Image-2024-07-05-at-10.17.34.jpeg","width":2048,"height":1536},{"@type":"BreadcrumbList","@id":"https:\/\/radioljubuski.ba\/index.php\/2024\/07\/05\/luka-herceg-zakljucene-prijave-za-futsal-3x3-ljubuski-turnir-starta-u-ponedjeljak\/#breadcrumb","itemListElement":[{"@type":"ListItem","position":1,"name":"Po\u010detna stranica","item":"https:\/\/radioljubuski.ba\/"},{"@type":"ListItem","position":2,"name":"Luka Herceg: Zaklju\u010dene prijave za &#8220;Futsal 3\u00d73 Ljubu\u0161ki&#8221;, turnir starta u ponedjeljak"}]},{"@type":"WebSite","@id":"https:\/\/radioljubuski.ba\/#website","url":"https:\/\/radioljubuski.ba\/","name":"Radio Ljubu\u0161ki","description":"Sun\u010dana frekvencija Hercegovine","publisher":{"@id":"https:\/\/radioljubuski.ba\/#organization"},"potentialAction":[{"@type":"SearchAction","target":{"@type":"EntryPoint","urlTemplate":"https:\/\/radioljubuski.ba\/?s={search_term_string}"},"query-input":{"@type":"PropertyValueSpecification","valueRequired":true,"valueName":"search_term_string"}}],"inLanguage":"hr"},{"@type":"Organization","@id":"https:\/\/radioljubuski.ba\/#organization","name":"Radio Ljubu\u0161ki","url":"https:\/\/radioljubuski.ba\/","logo":{"@type":"ImageObject","inLanguage":"hr","@id":"https:\/\/radioljubuski.ba\/#\/schema\/logo\/image\/","url":"https:\/\/radioljubuski.ba\/wp-content\/uploads\/2021\/02\/cropped-Radio_Ljubuski_logo1.jpg","contentUrl":"https:\/\/radioljubuski.ba\/wp-content\/uploads\/2021\/02\/cropped-Radio_Ljubuski_logo1.jpg","width":512,"height":512,"caption":"Radio Ljubu\u0161ki"},"image":{"@id":"https:\/\/radioljubuski.ba\/#\/schema\/logo\/image\/"},"sameAs":["https:\/\/www.facebook.com\/Radiio-Ljubuski-1490835324566332","https:\/\/x.com\/radioljubuski","https:\/\/hr.linkedin.com\/company\/radio-ljubuski","https:\/\/www.youtube.com\/channel\/UCHYaeO_n0Db3tjNGudGpXyw"]},{"@type":"Person","@id":"https:\/\/radioljubuski.ba\/#\/schema\/person\/19fc700381a780f69665d7956c469e3b","name":"Radio Ljubu\u0161ki"}]}},"_links":{"self":[{"href":"https:\/\/radioljubuski.ba\/index.php\/wp-json\/wp\/v2\/posts\/206584","targetHints":{"allow":["GET"]}}],"collection":[{"href":"https:\/\/radioljubuski.ba\/index.php\/wp-json\/wp\/v2\/posts"}],"about":[{"href":"https:\/\/radioljubuski.ba\/index.php\/wp-json\/wp\/v2\/types\/post"}],"author":[{"embeddable":true,"href":"https:\/\/radioljubuski.ba\/index.php\/wp-json\/wp\/v2\/users\/2"}],"replies":[{"embeddable":true,"href":"https:\/\/radioljubuski.ba\/index.php\/wp-json\/wp\/v2\/comments?post=206584"}],"version-history":[{"count":1,"href":"https:\/\/radioljubuski.ba\/index.php\/wp-json\/wp\/v2\/posts\/206584\/revisions"}],"predecessor-version":[{"id":206586,"href":"https:\/\/radioljubuski.ba\/index.php\/wp-json\/wp\/v2\/posts\/206584\/revisions\/206586"}],"wp:featuredmedia":[{"embeddable":true,"href":"https:\/\/radioljubuski.ba\/index.php\/wp-json\/wp\/v2\/media\/206585"}],"wp:attachment":[{"href":"https:\/\/radioljubuski.ba\/index.php\/wp-json\/wp\/v2\/media?parent=206584"}],"wp:term":[{"taxonomy":"category","embeddable":true,"href":"https:\/\/radioljubuski.ba\/index.php\/wp-json\/wp\/v2\/categories?post=206584"},{"taxonomy":"post_tag","embeddable":true,"href":"https:\/\/radioljubuski.ba\/index.php\/wp-json\/wp\/v2\/tags?post=206584"}],"curies":[{"name":"wp","href":"https:\/\/api.w.org\/{rel}","templated":true}]}}