{"id":206666,"date":"2024-07-10T09:26:23","date_gmt":"2024-07-10T08:26:23","guid":{"rendered":"https:\/\/radioljubuski.ba\/?p=206666"},"modified":"2024-07-10T09:27:39","modified_gmt":"2024-07-10T08:27:39","slug":"zvizdan-i-po-danu-i-po-noci","status":"publish","type":"post","link":"https:\/\/radioljubuski.ba\/index.php\/2024\/07\/10\/zvizdan-i-po-danu-i-po-noci\/","title":{"rendered":"Zvizdan i po danu i po no\u0107i ;"},"content":{"rendered":"\n<p>Federalni hidrometeorolo\u0161ki zavod izdao je narand\u017easto upozorenje za visoke vrijednosti temperature zraka u dnevnim ali i no\u0107nim satima:<\/p>\n\n\n\n<figure class=\"wp-block-table\"><table><tbody><tr><td>NARAND\u017dASTO UPOZORENJE<\/td><td>&nbsp;<\/td><td>&nbsp;<\/td><td>&nbsp;<\/td><td>&nbsp;<\/td><td>&nbsp;<\/td><td>&nbsp;<\/td><td>&nbsp;<\/td><td><\/td><\/tr><tr><td colspan=\"14\"><strong>1.Meteorolo\u0161ka pojava za koju se izdaje upozorenje:<\/strong>Visoke dnevne temperature zraka i visoka vrijednost UV indeksa.<br><strong>2.Podru\u010dje, lokacija, za koju se izdaje upozorenje:<\/strong>\u0160irom zemlje.<br><strong>3.Vremenski interval i datum za koje se izdaje upozorenje:<\/strong> 9.7. do 14.7.2024.<br><strong>4.Napomena:<\/strong>Dnevne temperature zraka izme\u0111u 34 i 41 \u00b0C. U ve\u0107em dijelu zemlje se o\u010dekuju i tropske no\u0107i kad je minimalna temperatura zraka ve\u0107a ili jednaka 20 \u00b0C<\/td><\/tr><\/tbody><\/table><\/figure>\n\n\n\n<p>Podaci meteo stanice u Ljubu\u0161kom postavljene na Butorovici pokazuju kako su vrijednosti temperature zraka u Ljubu\u0161kom u no\u0107nim satima ve\u0107 iznad 25 stupnjeva,  u prvom dijelu srpnja izmjerena je vrijednost od 27.7  \u00b0C  u jedan sat iza pola no\u0107i;<\/p>\n\n\n\n<figure class=\"wp-block-table\"><table><tbody><tr><td>Time<\/td><td>18h<\/td><td>19h<\/td><td>20h<\/td><td>21h<\/td><td>22h<\/td><td>23h<\/td><td><strong>Tue<\/strong><\/td><td>01h<\/td><td>02h<\/td><td>03h<\/td><td>04h<\/td><td>05h<\/td><td>06h<\/td><td>07h<\/td><td>08h<\/td><td>09h<\/td><td>10h<\/td><td>11h<\/td><td>12h<\/td><td>13h<\/td><td>14h<\/td><td>15h<\/td><td>16h<\/td><td>17h<\/td><td>18h<\/td><td>19h<\/td><td>20h<\/td><td>21h<\/td><td>22h<\/td><td>23h<\/td><td><strong>Wed<\/strong><\/td><td>01h<\/td><\/tr><tr><td>Speed<\/td><td>17<\/td><td>14<\/td><td>14<\/td><td>11<\/td><td>8<\/td><td>13<\/td><td>12<\/td><td>11<\/td><td>12<\/td><td>11<\/td><td>11<\/td><td>12<\/td><td>11<\/td><td>9<\/td><td>8<\/td><td>8<\/td><td>6<\/td><td>6<\/td><td>5<\/td><td>8<\/td><td>15<\/td><td>16<\/td><td>15<\/td><td>8<\/td><td>7<\/td><td>7<\/td><td>8<\/td><td>11<\/td><td>11<\/td><td>7<\/td><td>12<\/td><td>14<\/td><\/tr><tr><td>Gust&nbsp;(km\/h)<\/td><td>25<\/td><td>23<\/td><td>20<\/td><td>15<\/td><td>16<\/td><td>23<\/td><td>20<\/td><td>17<\/td><td>17<\/td><td>16<\/td><td>16<\/td><td>16<\/td><td>15<\/td><td>14<\/td><td>16<\/td><td>14<\/td><td>13<\/td><td>14<\/td><td>17<\/td><td>19<\/td><td>34<\/td><td>55<\/td><td>26<\/td><td>20<\/td><td>13<\/td><td>15<\/td><td>15<\/td><td>17<\/td><td>19<\/td><td>14<\/td><td>19<\/td><td>21<\/td><\/tr><tr><td>Direction<\/td><td><\/td><td><\/td><td><\/td><td><\/td><td><\/td><td><\/td><td><\/td><td><\/td><td><\/td><td><\/td><td><\/td><td><\/td><td><\/td><td><\/td><td><\/td><td><\/td><td><\/td><td><\/td><td><\/td><td><\/td><td><\/td><td><\/td><td><\/td><td><\/td><td><\/td><td><\/td><td><\/td><td><\/td><td><\/td><td><\/td><td><\/td><td><\/td><\/tr><tr><td>Direction<br>Deg.<\/td><td>SW<br>223\u00b0<\/td><td>SW<br>232\u00b0<\/td><td>SW<br>224\u00b0<\/td><td>WSW<br>245\u00b0<\/td><td>NW<br>319\u00b0<\/td><td>N<br>4\u00b0<\/td><td>N<br>349\u00b0<\/td><td>N<br>352\u00b0<\/td><td>N<br>1\u00b0<\/td><td>N<br>3\u00b0<\/td><td>NNW<br>342\u00b0<\/td><td>NNW<br>342\u00b0<\/td><td>N<br>4\u00b0<\/td><td>NE<br>35\u00b0<\/td><td>N<br>5\u00b0<\/td><td>NNE<br>28\u00b0<\/td><td>NE<br>39\u00b0<\/td><td>WSW<br>239\u00b0<\/td><td>SSE<br>162\u00b0<\/td><td>S<br>189\u00b0<\/td><td>SW<br>230\u00b0<\/td><td>NNE<br>14\u00b0<\/td><td>SSW<br>203\u00b0<\/td><td>SSW<br>207\u00b0<\/td><td>ENE<br>65\u00b0<\/td><td>W<br>264\u00b0<\/td><td>WNW<br>296\u00b0<\/td><td>NNW<br>347\u00b0<\/td><td>NNE<br>16\u00b0<\/td><td>NE<br>53\u00b0<\/td><td>NNE<br>29\u00b0<\/td><td>NNW<br>347\u00b0<\/td><\/tr><tr><td>Humidity&nbsp;(%)<\/td><td>38.3<\/td><td>41.6<\/td><td>50.4<\/td><td>50.5<\/td><td>51.2<\/td><td>57.5<\/td><td>55.7<\/td><td>57.3<\/td><td>59.6<\/td><td>62.7<\/td><td>65.3<\/td><td>67.2<\/td><td>67.7<\/td><td>65.2<\/td><td>64.6<\/td><td>61.8<\/td><td>56.5<\/td><td>57.2<\/td><td>43.7<\/td><td>40.8<\/td><td>42.9<\/td><td>53.0<\/td><td>49.5<\/td><td>53.1<\/td><td>61.4<\/td><td>66.1<\/td><td>55.9<\/td><td>59.0<\/td><td>62.9<\/td><td>63.6<\/td><td>60.3<\/td><td>59.4<\/td><\/tr><tr><td>Temp.&nbsp;(\u00b0C)<\/td><td>32.3<\/td><td>31.8<\/td><td>29.6<\/td><td>28.6<\/td><td>28.3<\/td><td>26.8<\/td><td>26.9<\/td><td>26.3<\/td><td>26.0<\/td><td>25.7<\/td><td>25.3<\/td><td>24.9<\/td><td>24.8<\/td><td>25.7<\/td><td>26.4<\/td><td>27.9<\/td><td>30.2<\/td><td>30.5<\/td><td>33.6<\/td><td>34.0<\/td><td>33.6<\/td><td>29.4<\/td><td>30.3<\/td><td>30.4<\/td><td>29.9<\/td><td>29.6<\/td><td>29.8<\/td><td>29.0<\/td><td>28.5<\/td><td>28.4<\/td><td>27.9<\/td><td>27.7<\/td><\/tr><\/tbody><\/table><\/figure>\n\n\n\n<p>RLJ<\/p>\n\n\n\n<h1 class=\"wp-block-heading\">Preporuke Federalnog ministarstva zdravstva za za\u0161titu zdravlja stanovni\u0161tva od ekstremno visokih temperatura<\/h1>\n\n\n\n<p><\/p>\n\n\n\n<p>Vlada Federacije BiH, na prijedlog Federalnog ministarstva zdravstva, na sjednici odr\u017eanoj 9.srpnja 2024. usvojila  Informaciju o provo\u0111enju preporu\u010denih mjera u uvjetima ekstremno visokih temperatura. Dana\u0161njim zaklju\u010dkom Vlade podr\u017eava se provo\u0111enje preporu\u010denih mjera u uvjetima ekstremno visokih temperatura u zdravstvenim ustanovama na cijelom podru\u010dju Federacije BiH.<\/p>\n\n\n\n<p>Tako\u0111er, zadu\u017euje se Federalno ministarstvo zdravstva da, u saradnji s kantonalnim\/\u017eupanijskim ministarstvima zdravstva i zavodima za javno zdravstvo u Federaciji BiH, prati provo\u0111enje utvr\u0111enih preporu\u010denih mjera. Resorna federalna ministarstva zadu\u017eena su da, svako u okviru svojih ovlasti, utvrdi preporu\u010dene mjere u uvjetima ekstremno visokih temperatura i nalo\u017ei njihovo provo\u0111enje na ni\u017eim razinama vlasti.<\/p>\n\n\n\n<p>Kako je istaklo Federalno ministarstvo zdravstva, cilj Informacije je upoznavanje \u010dlanova Vlade FBiH o mjerama koje poduzima ovo ministarstvo u saradnji sa Zavodom za javno zdravstvo FBiH, a u skladu s odredbama Zakona o zdravstvenoj za\u0161titi.<\/p>\n\n\n\n<p>U mjerama, izme\u0111u ostalog, Federalno ministarstvo preporu\u010duje da radno vrijeme na nivou primarne zdravstvene za\u0161tite i specijalisti\u010dko-konsultativnih slu\u017ebi po\u010dinje u 7 sati ujutro, kao i da se prioritet kod ostvarivanja usluga zdravstvene za\u0161tite pru\u017ei kroni\u010dnim bolesnicima, maloj djeci, trudnicama i osobama starijim od 65 godina. Preporu\u010deno je da roditelji koji dovode djecu na vakcinaciju protiv zaraznih bolesti, to u\u010dine najkasnije do 10 sati ujutro.<\/p>\n\n\n\n<p>Preporuka poslodavcima je da uposlenima koji obavljaju poslove na otvorenom prostoru po\u010detak radnog vremena pomjere na 6 sati ujutro, te da ako tehnologija posla to ne dozvoljava treba razmotriti mogu\u0107nost da poslovi u vremenu od 11 do 18 sati budu prekinuti i nastavljeni poslije 18 sati. Preporu\u010deno je i da se radno vrijeme mo\u017ee skratiti srazmjerno \u0161tetnom utjecaju uslova rada na zdravlje i radnu sposobnost radnika. Federalno ministarstvo je, me\u0111u ostalim, preporu\u010dilo i da ustanove koje s radom po\u010dinju u 9 sati, po\u010detak radnog vremena pomjere na 8 sati.<\/p>\n\n\n\n<p>U Informaciji se navodi i da bi se trebalo stanovni\u0161tvo kontinuirano izvje\u0161tavati o op\u0107im mjerama za\u0161tite od visokih temperatura (izbjegavanje kretanja od 10 do 17 sati, no\u0161enje \u0161iroke svijetle odje\u0107e, upotreba \u0161e\u0161ira i nao\u010dala, uzimanje dovoljnih koli\u010dina te\u010dnosti, konzumiranje vo\u0107a i povr\u0107a, te da osobe koje putuju prave \u010de\u0161\u0107e odmore i \u010de\u0161\u0107e uzimaju manje koli\u010dine te\u010dnosti i sl.). Tako\u0111er, stanovni\u0161tvu se savjetuje boravak u rashla\u0111enim i klimatiziranim prostorijama, ali da se pri tome vodi ra\u010duna da razlika u temperaturi izme\u0111u prostorija i vanjskog prostora ne bude ve\u0107a od pet stupnjevai Celzijusa.<\/p>\n\n\n\n<p>Federalno ministarstvo zdravstva u Informaciji isti\u010de da \u0107e o provo\u0111enju ovih mjera obavijestiti kantonalna\/\u017eupanijska ministarstva zdravstva, a radi osiguranja provo\u0111enja mjera, odnosno organiziranja na\u010dina pru\u017eanja zdravstvene za\u0161tite, kao i funkcioniranja zdravstvenih ustanova u uslovima ekstremno visokih temperatura.<\/p>\n","protected":false},"excerpt":{"rendered":"<p>Federalni hidrometeorolo\u0161ki zavod izdao je narand\u017easto upozorenje za visoke vrijednosti temperature zraka u dnevnim ali i no\u0107nim satima: NARAND\u017dASTO UPOZORENJE &nbsp; &nbsp; &nbsp; &nbsp; &nbsp; &nbsp; &nbsp; 1.Meteorolo\u0161ka pojava za koju se izdaje upozorenje:Visoke dnevne temperature zraka i visoka vrijednost UV indeksa.2.Podru\u010dje, lokacija, za koju se izdaje upozorenje:\u0160irom zemlje.3.Vremenski interval i datum za koje se [&hellip;]<\/p>\n","protected":false},"author":2,"featured_media":206667,"comment_status":"closed","ping_status":"closed","sticky":false,"template":"","format":"standard","meta":{"h5ap_radio_sources":[],"footnotes":""},"categories":[3,28],"tags":[],"class_list":["post-206666","post","type-post","status-publish","format-standard","has-post-thumbnail","hentry","category-ljubuski","category-novosti"],"yoast_head":"<!-- This site is optimized with the Yoast SEO plugin v27.5 - https:\/\/yoast.com\/product\/yoast-seo-wordpress\/ -->\n<title>Zvizdan i po danu i po no\u0107i ; - RADIO LJUBU\u0160KI<\/title>\n<meta name=\"robots\" content=\"index, follow, max-snippet:-1, max-image-preview:large, max-video-preview:-1\" \/>\n<link rel=\"canonical\" href=\"https:\/\/radioljubuski.ba\/index.php\/2024\/07\/10\/zvizdan-i-po-danu-i-po-noci\/\" \/>\n<meta property=\"og:locale\" content=\"hr_HR\" \/>\n<meta property=\"og:type\" content=\"article\" \/>\n<meta property=\"og:title\" content=\"Zvizdan i po danu i po no\u0107i ; - RADIO LJUBU\u0160KI\" \/>\n<meta property=\"og:description\" content=\"Federalni hidrometeorolo\u0161ki zavod izdao je narand\u017easto upozorenje za visoke vrijednosti temperature zraka u dnevnim ali i no\u0107nim satima: NARAND\u017dASTO UPOZORENJE &nbsp; &nbsp; &nbsp; &nbsp; &nbsp; &nbsp; &nbsp; 1.Meteorolo\u0161ka pojava za koju se izdaje upozorenje:Visoke dnevne temperature zraka i visoka vrijednost UV indeksa.2.Podru\u010dje, lokacija, za koju se izdaje upozorenje:\u0160irom zemlje.3.Vremenski interval i datum za koje se [&hellip;]\" \/>\n<meta property=\"og:url\" content=\"https:\/\/radioljubuski.ba\/index.php\/2024\/07\/10\/zvizdan-i-po-danu-i-po-noci\/\" \/>\n<meta property=\"og:site_name\" content=\"RADIO LJUBU\u0160KI\" \/>\n<meta property=\"article:publisher\" content=\"https:\/\/www.facebook.com\/Radiio-Ljubuski-1490835324566332\" \/>\n<meta property=\"article:published_time\" content=\"2024-07-10T08:26:23+00:00\" \/>\n<meta property=\"article:modified_time\" content=\"2024-07-10T08:27:39+00:00\" \/>\n<meta property=\"og:image\" content=\"https:\/\/radioljubuski.ba\/wp-content\/uploads\/2024\/07\/Ljubuski-1.jpg\" \/>\n\t<meta property=\"og:image:width\" content=\"940\" \/>\n\t<meta property=\"og:image:height\" content=\"788\" \/>\n\t<meta property=\"og:image:type\" content=\"image\/jpeg\" \/>\n<meta name=\"author\" content=\"Radio Ljubu\u0161ki\" \/>\n<meta name=\"twitter:card\" content=\"summary_large_image\" \/>\n<meta name=\"twitter:creator\" content=\"@radioljubuski\" \/>\n<meta name=\"twitter:site\" content=\"@radioljubuski\" \/>\n<meta name=\"twitter:label1\" content=\"Napisao\/la\" \/>\n\t<meta name=\"twitter:data1\" content=\"Radio Ljubu\u0161ki\" \/>\n\t<meta name=\"twitter:label2\" content=\"Procijenjeno vrijeme \u010ditanja\" \/>\n\t<meta name=\"twitter:data2\" content=\"5 minuta\" \/>\n<script type=\"application\/ld+json\" class=\"yoast-schema-graph\">{\"@context\":\"https:\\\/\\\/schema.org\",\"@graph\":[{\"@type\":\"Article\",\"@id\":\"https:\\\/\\\/radioljubuski.ba\\\/index.php\\\/2024\\\/07\\\/10\\\/zvizdan-i-po-danu-i-po-noci\\\/#article\",\"isPartOf\":{\"@id\":\"https:\\\/\\\/radioljubuski.ba\\\/index.php\\\/2024\\\/07\\\/10\\\/zvizdan-i-po-danu-i-po-noci\\\/\"},\"author\":{\"name\":\"Radio Ljubu\u0161ki\",\"@id\":\"https:\\\/\\\/radioljubuski.ba\\\/#\\\/schema\\\/person\\\/19fc700381a780f69665d7956c469e3b\"},\"headline\":\"Zvizdan i po danu i po no\u0107i ;\",\"datePublished\":\"2024-07-10T08:26:23+00:00\",\"dateModified\":\"2024-07-10T08:27:39+00:00\",\"mainEntityOfPage\":{\"@id\":\"https:\\\/\\\/radioljubuski.ba\\\/index.php\\\/2024\\\/07\\\/10\\\/zvizdan-i-po-danu-i-po-noci\\\/\"},\"wordCount\":711,\"publisher\":{\"@id\":\"https:\\\/\\\/radioljubuski.ba\\\/#organization\"},\"image\":{\"@id\":\"https:\\\/\\\/radioljubuski.ba\\\/index.php\\\/2024\\\/07\\\/10\\\/zvizdan-i-po-danu-i-po-noci\\\/#primaryimage\"},\"thumbnailUrl\":\"https:\\\/\\\/radioljubuski.ba\\\/wp-content\\\/uploads\\\/2024\\\/07\\\/Ljubuski-1.jpg\",\"articleSection\":[\"Ljubu\u0161ki\",\"Novosti\"],\"inLanguage\":\"hr\"},{\"@type\":\"WebPage\",\"@id\":\"https:\\\/\\\/radioljubuski.ba\\\/index.php\\\/2024\\\/07\\\/10\\\/zvizdan-i-po-danu-i-po-noci\\\/\",\"url\":\"https:\\\/\\\/radioljubuski.ba\\\/index.php\\\/2024\\\/07\\\/10\\\/zvizdan-i-po-danu-i-po-noci\\\/\",\"name\":\"Zvizdan i po danu i po no\u0107i ; - RADIO LJUBU\u0160KI\",\"isPartOf\":{\"@id\":\"https:\\\/\\\/radioljubuski.ba\\\/#website\"},\"primaryImageOfPage\":{\"@id\":\"https:\\\/\\\/radioljubuski.ba\\\/index.php\\\/2024\\\/07\\\/10\\\/zvizdan-i-po-danu-i-po-noci\\\/#primaryimage\"},\"image\":{\"@id\":\"https:\\\/\\\/radioljubuski.ba\\\/index.php\\\/2024\\\/07\\\/10\\\/zvizdan-i-po-danu-i-po-noci\\\/#primaryimage\"},\"thumbnailUrl\":\"https:\\\/\\\/radioljubuski.ba\\\/wp-content\\\/uploads\\\/2024\\\/07\\\/Ljubuski-1.jpg\",\"datePublished\":\"2024-07-10T08:26:23+00:00\",\"dateModified\":\"2024-07-10T08:27:39+00:00\",\"breadcrumb\":{\"@id\":\"https:\\\/\\\/radioljubuski.ba\\\/index.php\\\/2024\\\/07\\\/10\\\/zvizdan-i-po-danu-i-po-noci\\\/#breadcrumb\"},\"inLanguage\":\"hr\",\"potentialAction\":[{\"@type\":\"ReadAction\",\"target\":[\"https:\\\/\\\/radioljubuski.ba\\\/index.php\\\/2024\\\/07\\\/10\\\/zvizdan-i-po-danu-i-po-noci\\\/\"]}]},{\"@type\":\"ImageObject\",\"inLanguage\":\"hr\",\"@id\":\"https:\\\/\\\/radioljubuski.ba\\\/index.php\\\/2024\\\/07\\\/10\\\/zvizdan-i-po-danu-i-po-noci\\\/#primaryimage\",\"url\":\"https:\\\/\\\/radioljubuski.ba\\\/wp-content\\\/uploads\\\/2024\\\/07\\\/Ljubuski-1.jpg\",\"contentUrl\":\"https:\\\/\\\/radioljubuski.ba\\\/wp-content\\\/uploads\\\/2024\\\/07\\\/Ljubuski-1.jpg\",\"width\":940,\"height\":788},{\"@type\":\"BreadcrumbList\",\"@id\":\"https:\\\/\\\/radioljubuski.ba\\\/index.php\\\/2024\\\/07\\\/10\\\/zvizdan-i-po-danu-i-po-noci\\\/#breadcrumb\",\"itemListElement\":[{\"@type\":\"ListItem\",\"position\":1,\"name\":\"Po\u010detna stranica\",\"item\":\"https:\\\/\\\/radioljubuski.ba\\\/\"},{\"@type\":\"ListItem\",\"position\":2,\"name\":\"Zvizdan i po danu i po no\u0107i ;\"}]},{\"@type\":\"WebSite\",\"@id\":\"https:\\\/\\\/radioljubuski.ba\\\/#website\",\"url\":\"https:\\\/\\\/radioljubuski.ba\\\/\",\"name\":\"Radio Ljubu\u0161ki\",\"description\":\"Sun\u010dana frekvencija Hercegovine\",\"publisher\":{\"@id\":\"https:\\\/\\\/radioljubuski.ba\\\/#organization\"},\"potentialAction\":[{\"@type\":\"SearchAction\",\"target\":{\"@type\":\"EntryPoint\",\"urlTemplate\":\"https:\\\/\\\/radioljubuski.ba\\\/?s={search_term_string}\"},\"query-input\":{\"@type\":\"PropertyValueSpecification\",\"valueRequired\":true,\"valueName\":\"search_term_string\"}}],\"inLanguage\":\"hr\"},{\"@type\":\"Organization\",\"@id\":\"https:\\\/\\\/radioljubuski.ba\\\/#organization\",\"name\":\"Radio Ljubu\u0161ki\",\"url\":\"https:\\\/\\\/radioljubuski.ba\\\/\",\"logo\":{\"@type\":\"ImageObject\",\"inLanguage\":\"hr\",\"@id\":\"https:\\\/\\\/radioljubuski.ba\\\/#\\\/schema\\\/logo\\\/image\\\/\",\"url\":\"https:\\\/\\\/radioljubuski.ba\\\/wp-content\\\/uploads\\\/2021\\\/02\\\/cropped-Radio_Ljubuski_logo1.jpg\",\"contentUrl\":\"https:\\\/\\\/radioljubuski.ba\\\/wp-content\\\/uploads\\\/2021\\\/02\\\/cropped-Radio_Ljubuski_logo1.jpg\",\"width\":512,\"height\":512,\"caption\":\"Radio Ljubu\u0161ki\"},\"image\":{\"@id\":\"https:\\\/\\\/radioljubuski.ba\\\/#\\\/schema\\\/logo\\\/image\\\/\"},\"sameAs\":[\"https:\\\/\\\/www.facebook.com\\\/Radiio-Ljubuski-1490835324566332\",\"https:\\\/\\\/x.com\\\/radioljubuski\",\"https:\\\/\\\/hr.linkedin.com\\\/company\\\/radio-ljubuski\",\"https:\\\/\\\/www.youtube.com\\\/channel\\\/UCHYaeO_n0Db3tjNGudGpXyw\"]},{\"@type\":\"Person\",\"@id\":\"https:\\\/\\\/radioljubuski.ba\\\/#\\\/schema\\\/person\\\/19fc700381a780f69665d7956c469e3b\",\"name\":\"Radio Ljubu\u0161ki\"}]}<\/script>\n<!-- \/ Yoast SEO plugin. -->","yoast_head_json":{"title":"Zvizdan i po danu i po no\u0107i ; - RADIO LJUBU\u0160KI","robots":{"index":"index","follow":"follow","max-snippet":"max-snippet:-1","max-image-preview":"max-image-preview:large","max-video-preview":"max-video-preview:-1"},"canonical":"https:\/\/radioljubuski.ba\/index.php\/2024\/07\/10\/zvizdan-i-po-danu-i-po-noci\/","og_locale":"hr_HR","og_type":"article","og_title":"Zvizdan i po danu i po no\u0107i ; - RADIO LJUBU\u0160KI","og_description":"Federalni hidrometeorolo\u0161ki zavod izdao je narand\u017easto upozorenje za visoke vrijednosti temperature zraka u dnevnim ali i no\u0107nim satima: NARAND\u017dASTO UPOZORENJE &nbsp; &nbsp; &nbsp; &nbsp; &nbsp; &nbsp; &nbsp; 1.Meteorolo\u0161ka pojava za koju se izdaje upozorenje:Visoke dnevne temperature zraka i visoka vrijednost UV indeksa.2.Podru\u010dje, lokacija, za koju se izdaje upozorenje:\u0160irom zemlje.3.Vremenski interval i datum za koje se [&hellip;]","og_url":"https:\/\/radioljubuski.ba\/index.php\/2024\/07\/10\/zvizdan-i-po-danu-i-po-noci\/","og_site_name":"RADIO LJUBU\u0160KI","article_publisher":"https:\/\/www.facebook.com\/Radiio-Ljubuski-1490835324566332","article_published_time":"2024-07-10T08:26:23+00:00","article_modified_time":"2024-07-10T08:27:39+00:00","og_image":[{"width":940,"height":788,"url":"https:\/\/radioljubuski.ba\/wp-content\/uploads\/2024\/07\/Ljubuski-1.jpg","type":"image\/jpeg"}],"author":"Radio Ljubu\u0161ki","twitter_card":"summary_large_image","twitter_creator":"@radioljubuski","twitter_site":"@radioljubuski","twitter_misc":{"Napisao\/la":"Radio Ljubu\u0161ki","Procijenjeno vrijeme \u010ditanja":"5 minuta"},"schema":{"@context":"https:\/\/schema.org","@graph":[{"@type":"Article","@id":"https:\/\/radioljubuski.ba\/index.php\/2024\/07\/10\/zvizdan-i-po-danu-i-po-noci\/#article","isPartOf":{"@id":"https:\/\/radioljubuski.ba\/index.php\/2024\/07\/10\/zvizdan-i-po-danu-i-po-noci\/"},"author":{"name":"Radio Ljubu\u0161ki","@id":"https:\/\/radioljubuski.ba\/#\/schema\/person\/19fc700381a780f69665d7956c469e3b"},"headline":"Zvizdan i po danu i po no\u0107i ;","datePublished":"2024-07-10T08:26:23+00:00","dateModified":"2024-07-10T08:27:39+00:00","mainEntityOfPage":{"@id":"https:\/\/radioljubuski.ba\/index.php\/2024\/07\/10\/zvizdan-i-po-danu-i-po-noci\/"},"wordCount":711,"publisher":{"@id":"https:\/\/radioljubuski.ba\/#organization"},"image":{"@id":"https:\/\/radioljubuski.ba\/index.php\/2024\/07\/10\/zvizdan-i-po-danu-i-po-noci\/#primaryimage"},"thumbnailUrl":"https:\/\/radioljubuski.ba\/wp-content\/uploads\/2024\/07\/Ljubuski-1.jpg","articleSection":["Ljubu\u0161ki","Novosti"],"inLanguage":"hr"},{"@type":"WebPage","@id":"https:\/\/radioljubuski.ba\/index.php\/2024\/07\/10\/zvizdan-i-po-danu-i-po-noci\/","url":"https:\/\/radioljubuski.ba\/index.php\/2024\/07\/10\/zvizdan-i-po-danu-i-po-noci\/","name":"Zvizdan i po danu i po no\u0107i ; - RADIO LJUBU\u0160KI","isPartOf":{"@id":"https:\/\/radioljubuski.ba\/#website"},"primaryImageOfPage":{"@id":"https:\/\/radioljubuski.ba\/index.php\/2024\/07\/10\/zvizdan-i-po-danu-i-po-noci\/#primaryimage"},"image":{"@id":"https:\/\/radioljubuski.ba\/index.php\/2024\/07\/10\/zvizdan-i-po-danu-i-po-noci\/#primaryimage"},"thumbnailUrl":"https:\/\/radioljubuski.ba\/wp-content\/uploads\/2024\/07\/Ljubuski-1.jpg","datePublished":"2024-07-10T08:26:23+00:00","dateModified":"2024-07-10T08:27:39+00:00","breadcrumb":{"@id":"https:\/\/radioljubuski.ba\/index.php\/2024\/07\/10\/zvizdan-i-po-danu-i-po-noci\/#breadcrumb"},"inLanguage":"hr","potentialAction":[{"@type":"ReadAction","target":["https:\/\/radioljubuski.ba\/index.php\/2024\/07\/10\/zvizdan-i-po-danu-i-po-noci\/"]}]},{"@type":"ImageObject","inLanguage":"hr","@id":"https:\/\/radioljubuski.ba\/index.php\/2024\/07\/10\/zvizdan-i-po-danu-i-po-noci\/#primaryimage","url":"https:\/\/radioljubuski.ba\/wp-content\/uploads\/2024\/07\/Ljubuski-1.jpg","contentUrl":"https:\/\/radioljubuski.ba\/wp-content\/uploads\/2024\/07\/Ljubuski-1.jpg","width":940,"height":788},{"@type":"BreadcrumbList","@id":"https:\/\/radioljubuski.ba\/index.php\/2024\/07\/10\/zvizdan-i-po-danu-i-po-noci\/#breadcrumb","itemListElement":[{"@type":"ListItem","position":1,"name":"Po\u010detna stranica","item":"https:\/\/radioljubuski.ba\/"},{"@type":"ListItem","position":2,"name":"Zvizdan i po danu i po no\u0107i ;"}]},{"@type":"WebSite","@id":"https:\/\/radioljubuski.ba\/#website","url":"https:\/\/radioljubuski.ba\/","name":"Radio Ljubu\u0161ki","description":"Sun\u010dana frekvencija Hercegovine","publisher":{"@id":"https:\/\/radioljubuski.ba\/#organization"},"potentialAction":[{"@type":"SearchAction","target":{"@type":"EntryPoint","urlTemplate":"https:\/\/radioljubuski.ba\/?s={search_term_string}"},"query-input":{"@type":"PropertyValueSpecification","valueRequired":true,"valueName":"search_term_string"}}],"inLanguage":"hr"},{"@type":"Organization","@id":"https:\/\/radioljubuski.ba\/#organization","name":"Radio Ljubu\u0161ki","url":"https:\/\/radioljubuski.ba\/","logo":{"@type":"ImageObject","inLanguage":"hr","@id":"https:\/\/radioljubuski.ba\/#\/schema\/logo\/image\/","url":"https:\/\/radioljubuski.ba\/wp-content\/uploads\/2021\/02\/cropped-Radio_Ljubuski_logo1.jpg","contentUrl":"https:\/\/radioljubuski.ba\/wp-content\/uploads\/2021\/02\/cropped-Radio_Ljubuski_logo1.jpg","width":512,"height":512,"caption":"Radio Ljubu\u0161ki"},"image":{"@id":"https:\/\/radioljubuski.ba\/#\/schema\/logo\/image\/"},"sameAs":["https:\/\/www.facebook.com\/Radiio-Ljubuski-1490835324566332","https:\/\/x.com\/radioljubuski","https:\/\/hr.linkedin.com\/company\/radio-ljubuski","https:\/\/www.youtube.com\/channel\/UCHYaeO_n0Db3tjNGudGpXyw"]},{"@type":"Person","@id":"https:\/\/radioljubuski.ba\/#\/schema\/person\/19fc700381a780f69665d7956c469e3b","name":"Radio Ljubu\u0161ki"}]}},"_links":{"self":[{"href":"https:\/\/radioljubuski.ba\/index.php\/wp-json\/wp\/v2\/posts\/206666","targetHints":{"allow":["GET"]}}],"collection":[{"href":"https:\/\/radioljubuski.ba\/index.php\/wp-json\/wp\/v2\/posts"}],"about":[{"href":"https:\/\/radioljubuski.ba\/index.php\/wp-json\/wp\/v2\/types\/post"}],"author":[{"embeddable":true,"href":"https:\/\/radioljubuski.ba\/index.php\/wp-json\/wp\/v2\/users\/2"}],"replies":[{"embeddable":true,"href":"https:\/\/radioljubuski.ba\/index.php\/wp-json\/wp\/v2\/comments?post=206666"}],"version-history":[{"count":1,"href":"https:\/\/radioljubuski.ba\/index.php\/wp-json\/wp\/v2\/posts\/206666\/revisions"}],"predecessor-version":[{"id":206669,"href":"https:\/\/radioljubuski.ba\/index.php\/wp-json\/wp\/v2\/posts\/206666\/revisions\/206669"}],"wp:featuredmedia":[{"embeddable":true,"href":"https:\/\/radioljubuski.ba\/index.php\/wp-json\/wp\/v2\/media\/206667"}],"wp:attachment":[{"href":"https:\/\/radioljubuski.ba\/index.php\/wp-json\/wp\/v2\/media?parent=206666"}],"wp:term":[{"taxonomy":"category","embeddable":true,"href":"https:\/\/radioljubuski.ba\/index.php\/wp-json\/wp\/v2\/categories?post=206666"},{"taxonomy":"post_tag","embeddable":true,"href":"https:\/\/radioljubuski.ba\/index.php\/wp-json\/wp\/v2\/tags?post=206666"}],"curies":[{"name":"wp","href":"https:\/\/api.w.org\/{rel}","templated":true}]}}