{"id":206807,"date":"2024-07-15T10:55:56","date_gmt":"2024-07-15T09:55:56","guid":{"rendered":"https:\/\/radioljubuski.ba\/?p=206807"},"modified":"2024-07-15T10:55:57","modified_gmt":"2024-07-15T09:55:57","slug":"odrzan-zdrijeb-malonogometnih-liga-mz-grada-ljubuskog-natjecanje-pocinje-u-cetvrtak","status":"publish","type":"post","link":"https:\/\/radioljubuski.ba\/index.php\/2024\/07\/15\/odrzan-zdrijeb-malonogometnih-liga-mz-grada-ljubuskog-natjecanje-pocinje-u-cetvrtak\/","title":{"rendered":"Odr\u017ean \u017edrijeb malonogometnih liga MZ grada Ljubu\u0161kog: Natjecanje po\u010dinje u \u010detvrtak"},"content":{"rendered":"\n<p><strong>U Gradskoj knji\u017enici u Ljubu\u0161kom u ponedjeljak su izvu\u010dene skupine malonogometnih liga mjesnih zajednica Grada Ljubu\u0161kog.<\/strong><\/p>\n\n\n\n<p>Natjecanje se odr\u017eava u organizaciji Javne ustanove \u201eKulturno-\u0161portski centar\u201c Ljubu\u0161ki pod pokroviteljstvom Grada Ljubu\u0161kog, a glavni sponzor 20. MNL MZ je koncern Agram.<\/p>\n\n\n\n<p>Nakon \u0161to su stru\u010dni suradnik za sport i rekreaciju Slaven Tomi\u0107 i ravnatelj JU K\u0160C Ivan Bebek pozdravili predstavnike ekipa i mjesnih zajednica te ih upoznali s kratkim crtama vezano za po\u010detak ovogodi\u0161nje lige pristupilo se izvla\u010denju skupina.<\/p>\n\n\n\n<p>Agram 20. MNL MZ Grada Ljubu\u0161kog ove godine broji 13 ekipa, a 13. liga\u0161ko natjecanje mladih do \u0161esnaest godina broji 11 ekipa.<\/p>\n\n\n\n<p><strong>SENIORI<\/strong><\/p>\n\n\n\n<p>Skupina A: Pregra\u0111e, Veljaci, Crveni Grm, Studenci, Ljubu\u0161ki 1, Vitina 2\/Otok, Humac 2\/Lisice<\/p>\n\n\n\n<p>Skupina B: Cerno\/Miletina\/Crnopod, Ljubu\u0161ki 2, Va\u0161arovi\u0107i, Prolog, Teskera, \u0160ipova\u010da<\/p>\n\n\n\n<p><strong>MLADI<\/strong><\/p>\n\n\n\n<p>Skupina A: Ljubu\u0161ki, Va\u0161arovi\u0107i, Crveni Grm, Cerno\/Miletina\/Crnopod<\/p>\n\n\n\n<p>Skupina B: Otok\/Grabovnik, Lisice, Veljaci, Radi\u0161i\u0107i<\/p>\n\n\n\n<p>Skupina C: Studenci, \u0160ipova\u010da, Pregra\u0111e<\/p>\n\n\n\n<p><strong>Po\u010detak natjecanja<\/strong><\/p>\n\n\n\n<p>Natjecanje zapo\u010dinje u \u010detvrtak, 19. srpnja sa sljede\u0107im rasporedom:<\/p>\n\n\n\n<p>20:15 sati: Ljubu\u0161ki \u2013 Cerno\/Miletina\/Crnopod (A \u2013 13. MNL do 16.god.),<\/p>\n\n\n\n<p>21:00 sati: Veljaci \u2013 Humac 2\/Lisice ( A \u2013 20. Agram MNL MZ),<\/p>\n\n\n\n<p>22:00 sati: Crveni Grm \u2013 Vitina 2\/Otok (A \u2013 20. Agram MNL MZ).<\/p>\n\n\n\n<p>Raspored natjecanja kao i sve novosti vezane za natjecanje pogledajte&nbsp;<a href=\"https:\/\/iks-portal.info\/grad-i-ljudi\/liga-mz-ljubuski.html\" target=\"_blank\" rel=\"noreferrer noopener\">OVDJE<\/a>.<\/p>\n\n\n\n<p>Izvor:iks-portal.info<\/p>\n\n\n\n<p>Radio Ljubu\u0161ki<\/p>\n","protected":false},"excerpt":{"rendered":"<p>U Gradskoj knji\u017enici u Ljubu\u0161kom u ponedjeljak su izvu\u010dene skupine malonogometnih liga mjesnih zajednica Grada Ljubu\u0161kog. Natjecanje se odr\u017eava u organizaciji Javne ustanove \u201eKulturno-\u0161portski centar\u201c Ljubu\u0161ki pod pokroviteljstvom Grada Ljubu\u0161kog, a glavni sponzor 20. MNL MZ je koncern Agram. Nakon \u0161to su stru\u010dni suradnik za sport i rekreaciju Slaven Tomi\u0107 i ravnatelj JU K\u0160C Ivan [&hellip;]<\/p>\n","protected":false},"author":2,"featured_media":206808,"comment_status":"closed","ping_status":"closed","sticky":false,"template":"","format":"standard","meta":{"h5ap_radio_sources":[],"footnotes":""},"categories":[28,7],"tags":[],"class_list":["post-206807","post","type-post","status-publish","format-standard","has-post-thumbnail","hentry","category-novosti","category-sport"],"yoast_head":"<!-- This site is optimized with the Yoast SEO plugin v27.5 - https:\/\/yoast.com\/product\/yoast-seo-wordpress\/ -->\n<title>Odr\u017ean \u017edrijeb malonogometnih liga MZ grada Ljubu\u0161kog: Natjecanje po\u010dinje u \u010detvrtak - RADIO LJUBU\u0160KI<\/title>\n<meta name=\"robots\" content=\"index, follow, max-snippet:-1, max-image-preview:large, max-video-preview:-1\" \/>\n<link rel=\"canonical\" href=\"https:\/\/radioljubuski.ba\/index.php\/2024\/07\/15\/odrzan-zdrijeb-malonogometnih-liga-mz-grada-ljubuskog-natjecanje-pocinje-u-cetvrtak\/\" \/>\n<meta property=\"og:locale\" content=\"hr_HR\" \/>\n<meta property=\"og:type\" content=\"article\" \/>\n<meta property=\"og:title\" content=\"Odr\u017ean \u017edrijeb malonogometnih liga MZ grada Ljubu\u0161kog: Natjecanje po\u010dinje u \u010detvrtak - RADIO LJUBU\u0160KI\" \/>\n<meta property=\"og:description\" content=\"U Gradskoj knji\u017enici u Ljubu\u0161kom u ponedjeljak su izvu\u010dene skupine malonogometnih liga mjesnih zajednica Grada Ljubu\u0161kog. Natjecanje se odr\u017eava u organizaciji Javne ustanove \u201eKulturno-\u0161portski centar\u201c Ljubu\u0161ki pod pokroviteljstvom Grada Ljubu\u0161kog, a glavni sponzor 20. MNL MZ je koncern Agram. Nakon \u0161to su stru\u010dni suradnik za sport i rekreaciju Slaven Tomi\u0107 i ravnatelj JU K\u0160C Ivan [&hellip;]\" \/>\n<meta property=\"og:url\" content=\"https:\/\/radioljubuski.ba\/index.php\/2024\/07\/15\/odrzan-zdrijeb-malonogometnih-liga-mz-grada-ljubuskog-natjecanje-pocinje-u-cetvrtak\/\" \/>\n<meta property=\"og:site_name\" content=\"RADIO LJUBU\u0160KI\" \/>\n<meta property=\"article:publisher\" content=\"https:\/\/www.facebook.com\/Radiio-Ljubuski-1490835324566332\" \/>\n<meta property=\"article:published_time\" content=\"2024-07-15T09:55:56+00:00\" \/>\n<meta property=\"article:modified_time\" content=\"2024-07-15T09:55:57+00:00\" \/>\n<meta property=\"og:image\" content=\"https:\/\/radioljubuski.ba\/wp-content\/uploads\/2024\/07\/izvlacenje_MZ_2.jpg\" \/>\n\t<meta property=\"og:image:width\" content=\"1000\" \/>\n\t<meta property=\"og:image:height\" content=\"750\" \/>\n\t<meta property=\"og:image:type\" content=\"image\/jpeg\" \/>\n<meta name=\"author\" content=\"Radio Ljubu\u0161ki\" \/>\n<meta name=\"twitter:card\" content=\"summary_large_image\" \/>\n<meta name=\"twitter:creator\" content=\"@radioljubuski\" \/>\n<meta name=\"twitter:site\" content=\"@radioljubuski\" \/>\n<meta name=\"twitter:label1\" content=\"Napisao\/la\" \/>\n\t<meta name=\"twitter:data1\" content=\"Radio Ljubu\u0161ki\" \/>\n\t<meta name=\"twitter:label2\" content=\"Procijenjeno vrijeme \u010ditanja\" \/>\n\t<meta name=\"twitter:data2\" content=\"2 minute\" \/>\n<script type=\"application\/ld+json\" class=\"yoast-schema-graph\">{\"@context\":\"https:\\\/\\\/schema.org\",\"@graph\":[{\"@type\":\"Article\",\"@id\":\"https:\\\/\\\/radioljubuski.ba\\\/index.php\\\/2024\\\/07\\\/15\\\/odrzan-zdrijeb-malonogometnih-liga-mz-grada-ljubuskog-natjecanje-pocinje-u-cetvrtak\\\/#article\",\"isPartOf\":{\"@id\":\"https:\\\/\\\/radioljubuski.ba\\\/index.php\\\/2024\\\/07\\\/15\\\/odrzan-zdrijeb-malonogometnih-liga-mz-grada-ljubuskog-natjecanje-pocinje-u-cetvrtak\\\/\"},\"author\":{\"name\":\"Radio Ljubu\u0161ki\",\"@id\":\"https:\\\/\\\/radioljubuski.ba\\\/#\\\/schema\\\/person\\\/19fc700381a780f69665d7956c469e3b\"},\"headline\":\"Odr\u017ean \u017edrijeb malonogometnih liga MZ grada Ljubu\u0161kog: Natjecanje po\u010dinje u \u010detvrtak\",\"datePublished\":\"2024-07-15T09:55:56+00:00\",\"dateModified\":\"2024-07-15T09:55:57+00:00\",\"mainEntityOfPage\":{\"@id\":\"https:\\\/\\\/radioljubuski.ba\\\/index.php\\\/2024\\\/07\\\/15\\\/odrzan-zdrijeb-malonogometnih-liga-mz-grada-ljubuskog-natjecanje-pocinje-u-cetvrtak\\\/\"},\"wordCount\":239,\"publisher\":{\"@id\":\"https:\\\/\\\/radioljubuski.ba\\\/#organization\"},\"image\":{\"@id\":\"https:\\\/\\\/radioljubuski.ba\\\/index.php\\\/2024\\\/07\\\/15\\\/odrzan-zdrijeb-malonogometnih-liga-mz-grada-ljubuskog-natjecanje-pocinje-u-cetvrtak\\\/#primaryimage\"},\"thumbnailUrl\":\"https:\\\/\\\/radioljubuski.ba\\\/wp-content\\\/uploads\\\/2024\\\/07\\\/izvlacenje_MZ_2.jpg\",\"articleSection\":[\"Novosti\",\"\u0160port\"],\"inLanguage\":\"hr\"},{\"@type\":\"WebPage\",\"@id\":\"https:\\\/\\\/radioljubuski.ba\\\/index.php\\\/2024\\\/07\\\/15\\\/odrzan-zdrijeb-malonogometnih-liga-mz-grada-ljubuskog-natjecanje-pocinje-u-cetvrtak\\\/\",\"url\":\"https:\\\/\\\/radioljubuski.ba\\\/index.php\\\/2024\\\/07\\\/15\\\/odrzan-zdrijeb-malonogometnih-liga-mz-grada-ljubuskog-natjecanje-pocinje-u-cetvrtak\\\/\",\"name\":\"Odr\u017ean \u017edrijeb malonogometnih liga MZ grada Ljubu\u0161kog: Natjecanje po\u010dinje u \u010detvrtak - RADIO LJUBU\u0160KI\",\"isPartOf\":{\"@id\":\"https:\\\/\\\/radioljubuski.ba\\\/#website\"},\"primaryImageOfPage\":{\"@id\":\"https:\\\/\\\/radioljubuski.ba\\\/index.php\\\/2024\\\/07\\\/15\\\/odrzan-zdrijeb-malonogometnih-liga-mz-grada-ljubuskog-natjecanje-pocinje-u-cetvrtak\\\/#primaryimage\"},\"image\":{\"@id\":\"https:\\\/\\\/radioljubuski.ba\\\/index.php\\\/2024\\\/07\\\/15\\\/odrzan-zdrijeb-malonogometnih-liga-mz-grada-ljubuskog-natjecanje-pocinje-u-cetvrtak\\\/#primaryimage\"},\"thumbnailUrl\":\"https:\\\/\\\/radioljubuski.ba\\\/wp-content\\\/uploads\\\/2024\\\/07\\\/izvlacenje_MZ_2.jpg\",\"datePublished\":\"2024-07-15T09:55:56+00:00\",\"dateModified\":\"2024-07-15T09:55:57+00:00\",\"breadcrumb\":{\"@id\":\"https:\\\/\\\/radioljubuski.ba\\\/index.php\\\/2024\\\/07\\\/15\\\/odrzan-zdrijeb-malonogometnih-liga-mz-grada-ljubuskog-natjecanje-pocinje-u-cetvrtak\\\/#breadcrumb\"},\"inLanguage\":\"hr\",\"potentialAction\":[{\"@type\":\"ReadAction\",\"target\":[\"https:\\\/\\\/radioljubuski.ba\\\/index.php\\\/2024\\\/07\\\/15\\\/odrzan-zdrijeb-malonogometnih-liga-mz-grada-ljubuskog-natjecanje-pocinje-u-cetvrtak\\\/\"]}]},{\"@type\":\"ImageObject\",\"inLanguage\":\"hr\",\"@id\":\"https:\\\/\\\/radioljubuski.ba\\\/index.php\\\/2024\\\/07\\\/15\\\/odrzan-zdrijeb-malonogometnih-liga-mz-grada-ljubuskog-natjecanje-pocinje-u-cetvrtak\\\/#primaryimage\",\"url\":\"https:\\\/\\\/radioljubuski.ba\\\/wp-content\\\/uploads\\\/2024\\\/07\\\/izvlacenje_MZ_2.jpg\",\"contentUrl\":\"https:\\\/\\\/radioljubuski.ba\\\/wp-content\\\/uploads\\\/2024\\\/07\\\/izvlacenje_MZ_2.jpg\",\"width\":1000,\"height\":750},{\"@type\":\"BreadcrumbList\",\"@id\":\"https:\\\/\\\/radioljubuski.ba\\\/index.php\\\/2024\\\/07\\\/15\\\/odrzan-zdrijeb-malonogometnih-liga-mz-grada-ljubuskog-natjecanje-pocinje-u-cetvrtak\\\/#breadcrumb\",\"itemListElement\":[{\"@type\":\"ListItem\",\"position\":1,\"name\":\"Po\u010detna stranica\",\"item\":\"https:\\\/\\\/radioljubuski.ba\\\/\"},{\"@type\":\"ListItem\",\"position\":2,\"name\":\"Odr\u017ean \u017edrijeb malonogometnih liga MZ grada Ljubu\u0161kog: Natjecanje po\u010dinje u \u010detvrtak\"}]},{\"@type\":\"WebSite\",\"@id\":\"https:\\\/\\\/radioljubuski.ba\\\/#website\",\"url\":\"https:\\\/\\\/radioljubuski.ba\\\/\",\"name\":\"Radio Ljubu\u0161ki\",\"description\":\"Sun\u010dana frekvencija Hercegovine\",\"publisher\":{\"@id\":\"https:\\\/\\\/radioljubuski.ba\\\/#organization\"},\"potentialAction\":[{\"@type\":\"SearchAction\",\"target\":{\"@type\":\"EntryPoint\",\"urlTemplate\":\"https:\\\/\\\/radioljubuski.ba\\\/?s={search_term_string}\"},\"query-input\":{\"@type\":\"PropertyValueSpecification\",\"valueRequired\":true,\"valueName\":\"search_term_string\"}}],\"inLanguage\":\"hr\"},{\"@type\":\"Organization\",\"@id\":\"https:\\\/\\\/radioljubuski.ba\\\/#organization\",\"name\":\"Radio Ljubu\u0161ki\",\"url\":\"https:\\\/\\\/radioljubuski.ba\\\/\",\"logo\":{\"@type\":\"ImageObject\",\"inLanguage\":\"hr\",\"@id\":\"https:\\\/\\\/radioljubuski.ba\\\/#\\\/schema\\\/logo\\\/image\\\/\",\"url\":\"https:\\\/\\\/radioljubuski.ba\\\/wp-content\\\/uploads\\\/2021\\\/02\\\/cropped-Radio_Ljubuski_logo1.jpg\",\"contentUrl\":\"https:\\\/\\\/radioljubuski.ba\\\/wp-content\\\/uploads\\\/2021\\\/02\\\/cropped-Radio_Ljubuski_logo1.jpg\",\"width\":512,\"height\":512,\"caption\":\"Radio Ljubu\u0161ki\"},\"image\":{\"@id\":\"https:\\\/\\\/radioljubuski.ba\\\/#\\\/schema\\\/logo\\\/image\\\/\"},\"sameAs\":[\"https:\\\/\\\/www.facebook.com\\\/Radiio-Ljubuski-1490835324566332\",\"https:\\\/\\\/x.com\\\/radioljubuski\",\"https:\\\/\\\/hr.linkedin.com\\\/company\\\/radio-ljubuski\",\"https:\\\/\\\/www.youtube.com\\\/channel\\\/UCHYaeO_n0Db3tjNGudGpXyw\"]},{\"@type\":\"Person\",\"@id\":\"https:\\\/\\\/radioljubuski.ba\\\/#\\\/schema\\\/person\\\/19fc700381a780f69665d7956c469e3b\",\"name\":\"Radio Ljubu\u0161ki\"}]}<\/script>\n<!-- \/ Yoast SEO plugin. -->","yoast_head_json":{"title":"Odr\u017ean \u017edrijeb malonogometnih liga MZ grada Ljubu\u0161kog: Natjecanje po\u010dinje u \u010detvrtak - RADIO LJUBU\u0160KI","robots":{"index":"index","follow":"follow","max-snippet":"max-snippet:-1","max-image-preview":"max-image-preview:large","max-video-preview":"max-video-preview:-1"},"canonical":"https:\/\/radioljubuski.ba\/index.php\/2024\/07\/15\/odrzan-zdrijeb-malonogometnih-liga-mz-grada-ljubuskog-natjecanje-pocinje-u-cetvrtak\/","og_locale":"hr_HR","og_type":"article","og_title":"Odr\u017ean \u017edrijeb malonogometnih liga MZ grada Ljubu\u0161kog: Natjecanje po\u010dinje u \u010detvrtak - RADIO LJUBU\u0160KI","og_description":"U Gradskoj knji\u017enici u Ljubu\u0161kom u ponedjeljak su izvu\u010dene skupine malonogometnih liga mjesnih zajednica Grada Ljubu\u0161kog. Natjecanje se odr\u017eava u organizaciji Javne ustanove \u201eKulturno-\u0161portski centar\u201c Ljubu\u0161ki pod pokroviteljstvom Grada Ljubu\u0161kog, a glavni sponzor 20. MNL MZ je koncern Agram. Nakon \u0161to su stru\u010dni suradnik za sport i rekreaciju Slaven Tomi\u0107 i ravnatelj JU K\u0160C Ivan [&hellip;]","og_url":"https:\/\/radioljubuski.ba\/index.php\/2024\/07\/15\/odrzan-zdrijeb-malonogometnih-liga-mz-grada-ljubuskog-natjecanje-pocinje-u-cetvrtak\/","og_site_name":"RADIO LJUBU\u0160KI","article_publisher":"https:\/\/www.facebook.com\/Radiio-Ljubuski-1490835324566332","article_published_time":"2024-07-15T09:55:56+00:00","article_modified_time":"2024-07-15T09:55:57+00:00","og_image":[{"width":1000,"height":750,"url":"https:\/\/radioljubuski.ba\/wp-content\/uploads\/2024\/07\/izvlacenje_MZ_2.jpg","type":"image\/jpeg"}],"author":"Radio Ljubu\u0161ki","twitter_card":"summary_large_image","twitter_creator":"@radioljubuski","twitter_site":"@radioljubuski","twitter_misc":{"Napisao\/la":"Radio Ljubu\u0161ki","Procijenjeno vrijeme \u010ditanja":"2 minute"},"schema":{"@context":"https:\/\/schema.org","@graph":[{"@type":"Article","@id":"https:\/\/radioljubuski.ba\/index.php\/2024\/07\/15\/odrzan-zdrijeb-malonogometnih-liga-mz-grada-ljubuskog-natjecanje-pocinje-u-cetvrtak\/#article","isPartOf":{"@id":"https:\/\/radioljubuski.ba\/index.php\/2024\/07\/15\/odrzan-zdrijeb-malonogometnih-liga-mz-grada-ljubuskog-natjecanje-pocinje-u-cetvrtak\/"},"author":{"name":"Radio Ljubu\u0161ki","@id":"https:\/\/radioljubuski.ba\/#\/schema\/person\/19fc700381a780f69665d7956c469e3b"},"headline":"Odr\u017ean \u017edrijeb malonogometnih liga MZ grada Ljubu\u0161kog: Natjecanje po\u010dinje u \u010detvrtak","datePublished":"2024-07-15T09:55:56+00:00","dateModified":"2024-07-15T09:55:57+00:00","mainEntityOfPage":{"@id":"https:\/\/radioljubuski.ba\/index.php\/2024\/07\/15\/odrzan-zdrijeb-malonogometnih-liga-mz-grada-ljubuskog-natjecanje-pocinje-u-cetvrtak\/"},"wordCount":239,"publisher":{"@id":"https:\/\/radioljubuski.ba\/#organization"},"image":{"@id":"https:\/\/radioljubuski.ba\/index.php\/2024\/07\/15\/odrzan-zdrijeb-malonogometnih-liga-mz-grada-ljubuskog-natjecanje-pocinje-u-cetvrtak\/#primaryimage"},"thumbnailUrl":"https:\/\/radioljubuski.ba\/wp-content\/uploads\/2024\/07\/izvlacenje_MZ_2.jpg","articleSection":["Novosti","\u0160port"],"inLanguage":"hr"},{"@type":"WebPage","@id":"https:\/\/radioljubuski.ba\/index.php\/2024\/07\/15\/odrzan-zdrijeb-malonogometnih-liga-mz-grada-ljubuskog-natjecanje-pocinje-u-cetvrtak\/","url":"https:\/\/radioljubuski.ba\/index.php\/2024\/07\/15\/odrzan-zdrijeb-malonogometnih-liga-mz-grada-ljubuskog-natjecanje-pocinje-u-cetvrtak\/","name":"Odr\u017ean \u017edrijeb malonogometnih liga MZ grada Ljubu\u0161kog: Natjecanje po\u010dinje u \u010detvrtak - RADIO LJUBU\u0160KI","isPartOf":{"@id":"https:\/\/radioljubuski.ba\/#website"},"primaryImageOfPage":{"@id":"https:\/\/radioljubuski.ba\/index.php\/2024\/07\/15\/odrzan-zdrijeb-malonogometnih-liga-mz-grada-ljubuskog-natjecanje-pocinje-u-cetvrtak\/#primaryimage"},"image":{"@id":"https:\/\/radioljubuski.ba\/index.php\/2024\/07\/15\/odrzan-zdrijeb-malonogometnih-liga-mz-grada-ljubuskog-natjecanje-pocinje-u-cetvrtak\/#primaryimage"},"thumbnailUrl":"https:\/\/radioljubuski.ba\/wp-content\/uploads\/2024\/07\/izvlacenje_MZ_2.jpg","datePublished":"2024-07-15T09:55:56+00:00","dateModified":"2024-07-15T09:55:57+00:00","breadcrumb":{"@id":"https:\/\/radioljubuski.ba\/index.php\/2024\/07\/15\/odrzan-zdrijeb-malonogometnih-liga-mz-grada-ljubuskog-natjecanje-pocinje-u-cetvrtak\/#breadcrumb"},"inLanguage":"hr","potentialAction":[{"@type":"ReadAction","target":["https:\/\/radioljubuski.ba\/index.php\/2024\/07\/15\/odrzan-zdrijeb-malonogometnih-liga-mz-grada-ljubuskog-natjecanje-pocinje-u-cetvrtak\/"]}]},{"@type":"ImageObject","inLanguage":"hr","@id":"https:\/\/radioljubuski.ba\/index.php\/2024\/07\/15\/odrzan-zdrijeb-malonogometnih-liga-mz-grada-ljubuskog-natjecanje-pocinje-u-cetvrtak\/#primaryimage","url":"https:\/\/radioljubuski.ba\/wp-content\/uploads\/2024\/07\/izvlacenje_MZ_2.jpg","contentUrl":"https:\/\/radioljubuski.ba\/wp-content\/uploads\/2024\/07\/izvlacenje_MZ_2.jpg","width":1000,"height":750},{"@type":"BreadcrumbList","@id":"https:\/\/radioljubuski.ba\/index.php\/2024\/07\/15\/odrzan-zdrijeb-malonogometnih-liga-mz-grada-ljubuskog-natjecanje-pocinje-u-cetvrtak\/#breadcrumb","itemListElement":[{"@type":"ListItem","position":1,"name":"Po\u010detna stranica","item":"https:\/\/radioljubuski.ba\/"},{"@type":"ListItem","position":2,"name":"Odr\u017ean \u017edrijeb malonogometnih liga MZ grada Ljubu\u0161kog: Natjecanje po\u010dinje u \u010detvrtak"}]},{"@type":"WebSite","@id":"https:\/\/radioljubuski.ba\/#website","url":"https:\/\/radioljubuski.ba\/","name":"Radio Ljubu\u0161ki","description":"Sun\u010dana frekvencija Hercegovine","publisher":{"@id":"https:\/\/radioljubuski.ba\/#organization"},"potentialAction":[{"@type":"SearchAction","target":{"@type":"EntryPoint","urlTemplate":"https:\/\/radioljubuski.ba\/?s={search_term_string}"},"query-input":{"@type":"PropertyValueSpecification","valueRequired":true,"valueName":"search_term_string"}}],"inLanguage":"hr"},{"@type":"Organization","@id":"https:\/\/radioljubuski.ba\/#organization","name":"Radio Ljubu\u0161ki","url":"https:\/\/radioljubuski.ba\/","logo":{"@type":"ImageObject","inLanguage":"hr","@id":"https:\/\/radioljubuski.ba\/#\/schema\/logo\/image\/","url":"https:\/\/radioljubuski.ba\/wp-content\/uploads\/2021\/02\/cropped-Radio_Ljubuski_logo1.jpg","contentUrl":"https:\/\/radioljubuski.ba\/wp-content\/uploads\/2021\/02\/cropped-Radio_Ljubuski_logo1.jpg","width":512,"height":512,"caption":"Radio Ljubu\u0161ki"},"image":{"@id":"https:\/\/radioljubuski.ba\/#\/schema\/logo\/image\/"},"sameAs":["https:\/\/www.facebook.com\/Radiio-Ljubuski-1490835324566332","https:\/\/x.com\/radioljubuski","https:\/\/hr.linkedin.com\/company\/radio-ljubuski","https:\/\/www.youtube.com\/channel\/UCHYaeO_n0Db3tjNGudGpXyw"]},{"@type":"Person","@id":"https:\/\/radioljubuski.ba\/#\/schema\/person\/19fc700381a780f69665d7956c469e3b","name":"Radio Ljubu\u0161ki"}]}},"_links":{"self":[{"href":"https:\/\/radioljubuski.ba\/index.php\/wp-json\/wp\/v2\/posts\/206807","targetHints":{"allow":["GET"]}}],"collection":[{"href":"https:\/\/radioljubuski.ba\/index.php\/wp-json\/wp\/v2\/posts"}],"about":[{"href":"https:\/\/radioljubuski.ba\/index.php\/wp-json\/wp\/v2\/types\/post"}],"author":[{"embeddable":true,"href":"https:\/\/radioljubuski.ba\/index.php\/wp-json\/wp\/v2\/users\/2"}],"replies":[{"embeddable":true,"href":"https:\/\/radioljubuski.ba\/index.php\/wp-json\/wp\/v2\/comments?post=206807"}],"version-history":[{"count":1,"href":"https:\/\/radioljubuski.ba\/index.php\/wp-json\/wp\/v2\/posts\/206807\/revisions"}],"predecessor-version":[{"id":206809,"href":"https:\/\/radioljubuski.ba\/index.php\/wp-json\/wp\/v2\/posts\/206807\/revisions\/206809"}],"wp:featuredmedia":[{"embeddable":true,"href":"https:\/\/radioljubuski.ba\/index.php\/wp-json\/wp\/v2\/media\/206808"}],"wp:attachment":[{"href":"https:\/\/radioljubuski.ba\/index.php\/wp-json\/wp\/v2\/media?parent=206807"}],"wp:term":[{"taxonomy":"category","embeddable":true,"href":"https:\/\/radioljubuski.ba\/index.php\/wp-json\/wp\/v2\/categories?post=206807"},{"taxonomy":"post_tag","embeddable":true,"href":"https:\/\/radioljubuski.ba\/index.php\/wp-json\/wp\/v2\/tags?post=206807"}],"curies":[{"name":"wp","href":"https:\/\/api.w.org\/{rel}","templated":true}]}}