{"id":206861,"date":"2024-07-17T13:04:38","date_gmt":"2024-07-17T12:04:38","guid":{"rendered":"https:\/\/radioljubuski.ba\/?p=206861"},"modified":"2024-07-17T13:04:39","modified_gmt":"2024-07-17T12:04:39","slug":"jp-ep-hzhb-obavijest-mjestanima-zvirica","status":"publish","type":"post","link":"https:\/\/radioljubuski.ba\/index.php\/2024\/07\/17\/jp-ep-hzhb-obavijest-mjestanima-zvirica\/","title":{"rendered":"JP EP HZHB: Obavijest mje\u0161tanima Zviri\u0107a\u00a0"},"content":{"rendered":"\n<p>JP Elektroprivreda Hrvatske zajednice Herceg Bosne, distribucijsko podru\u010dje jug, poslovnica &#8220;Elektro &#8211; Ljubu\u0161ki&#8221; obavje\u0161tava mje\u0161tane Zviri\u0107a da \u0107e u petak, 19. srpnja 2024. godine, u 8 sati, pustiti pod napon novu stupnu transformatorsku stanicu &#8220;Zviri\u0107i 4- Vranje\u0161i&#8221; s priklju\u010dnim srednjenaponskim vodom.<\/p>\n\n\n\n<p>Transformatorska stanica i priklju\u010dni srednjenaponski vod ostaju trajno pod naponom.<\/p>\n\n\n\n<p>Radio Ljubu\u0161ki<\/p>\n","protected":false},"excerpt":{"rendered":"<p>JP Elektroprivreda Hrvatske zajednice Herceg Bosne, distribucijsko podru\u010dje jug, poslovnica &#8220;Elektro &#8211; Ljubu\u0161ki&#8221; obavje\u0161tava mje\u0161tane Zviri\u0107a da \u0107e u petak, 19. srpnja 2024. godine, u 8 sati, pustiti pod napon novu stupnu transformatorsku stanicu &#8220;Zviri\u0107i 4- Vranje\u0161i&#8221; s priklju\u010dnim srednjenaponskim vodom. Transformatorska stanica i priklju\u010dni srednjenaponski vod ostaju trajno pod naponom. Radio Ljubu\u0161ki<\/p>\n","protected":false},"author":2,"featured_media":206862,"comment_status":"closed","ping_status":"closed","sticky":false,"template":"","format":"standard","meta":{"h5ap_radio_sources":[],"footnotes":""},"categories":[3],"tags":[],"class_list":["post-206861","post","type-post","status-publish","format-standard","has-post-thumbnail","hentry","category-ljubuski"],"yoast_head":"<!-- This site is optimized with the Yoast SEO plugin v27.5 - https:\/\/yoast.com\/product\/yoast-seo-wordpress\/ -->\n<title>JP EP HZHB: Obavijest mje\u0161tanima Zviri\u0107a\u00a0 - RADIO LJUBU\u0160KI<\/title>\n<meta name=\"robots\" content=\"index, follow, max-snippet:-1, max-image-preview:large, max-video-preview:-1\" \/>\n<link rel=\"canonical\" href=\"https:\/\/radioljubuski.ba\/index.php\/2024\/07\/17\/jp-ep-hzhb-obavijest-mjestanima-zvirica\/\" \/>\n<meta property=\"og:locale\" content=\"hr_HR\" \/>\n<meta property=\"og:type\" content=\"article\" \/>\n<meta property=\"og:title\" content=\"JP EP HZHB: Obavijest mje\u0161tanima Zviri\u0107a\u00a0 - RADIO LJUBU\u0160KI\" \/>\n<meta property=\"og:description\" content=\"JP Elektroprivreda Hrvatske zajednice Herceg Bosne, distribucijsko podru\u010dje jug, poslovnica &#8220;Elektro &#8211; Ljubu\u0161ki&#8221; obavje\u0161tava mje\u0161tane Zviri\u0107a da \u0107e u petak, 19. srpnja 2024. godine, u 8 sati, pustiti pod napon novu stupnu transformatorsku stanicu &#8220;Zviri\u0107i 4- Vranje\u0161i&#8221; s priklju\u010dnim srednjenaponskim vodom. Transformatorska stanica i priklju\u010dni srednjenaponski vod ostaju trajno pod naponom. Radio Ljubu\u0161ki\" \/>\n<meta property=\"og:url\" content=\"https:\/\/radioljubuski.ba\/index.php\/2024\/07\/17\/jp-ep-hzhb-obavijest-mjestanima-zvirica\/\" \/>\n<meta property=\"og:site_name\" content=\"RADIO LJUBU\u0160KI\" \/>\n<meta property=\"article:publisher\" content=\"https:\/\/www.facebook.com\/Radiio-Ljubuski-1490835324566332\" \/>\n<meta property=\"article:published_time\" content=\"2024-07-17T12:04:38+00:00\" \/>\n<meta property=\"article:modified_time\" content=\"2024-07-17T12:04:39+00:00\" \/>\n<meta property=\"og:image\" content=\"https:\/\/radioljubuski.ba\/wp-content\/uploads\/2024\/07\/WhatsApp-Image-2024-07-17-at-13.53.11.jpeg\" \/>\n\t<meta property=\"og:image:width\" content=\"1600\" \/>\n\t<meta property=\"og:image:height\" content=\"896\" \/>\n\t<meta property=\"og:image:type\" content=\"image\/jpeg\" \/>\n<meta name=\"author\" content=\"Radio Ljubu\u0161ki\" \/>\n<meta name=\"twitter:card\" content=\"summary_large_image\" \/>\n<meta name=\"twitter:creator\" content=\"@radioljubuski\" \/>\n<meta name=\"twitter:site\" content=\"@radioljubuski\" \/>\n<meta name=\"twitter:label1\" content=\"Napisao\/la\" \/>\n\t<meta name=\"twitter:data1\" content=\"Radio Ljubu\u0161ki\" \/>\n\t<meta name=\"twitter:label2\" content=\"Procijenjeno vrijeme \u010ditanja\" \/>\n\t<meta name=\"twitter:data2\" content=\"1 minuta\" \/>\n<script type=\"application\/ld+json\" class=\"yoast-schema-graph\">{\"@context\":\"https:\\\/\\\/schema.org\",\"@graph\":[{\"@type\":\"Article\",\"@id\":\"https:\\\/\\\/radioljubuski.ba\\\/index.php\\\/2024\\\/07\\\/17\\\/jp-ep-hzhb-obavijest-mjestanima-zvirica\\\/#article\",\"isPartOf\":{\"@id\":\"https:\\\/\\\/radioljubuski.ba\\\/index.php\\\/2024\\\/07\\\/17\\\/jp-ep-hzhb-obavijest-mjestanima-zvirica\\\/\"},\"author\":{\"name\":\"Radio Ljubu\u0161ki\",\"@id\":\"https:\\\/\\\/radioljubuski.ba\\\/#\\\/schema\\\/person\\\/19fc700381a780f69665d7956c469e3b\"},\"headline\":\"JP EP HZHB: Obavijest mje\u0161tanima Zviri\u0107a\u00a0\",\"datePublished\":\"2024-07-17T12:04:38+00:00\",\"dateModified\":\"2024-07-17T12:04:39+00:00\",\"mainEntityOfPage\":{\"@id\":\"https:\\\/\\\/radioljubuski.ba\\\/index.php\\\/2024\\\/07\\\/17\\\/jp-ep-hzhb-obavijest-mjestanima-zvirica\\\/\"},\"wordCount\":68,\"publisher\":{\"@id\":\"https:\\\/\\\/radioljubuski.ba\\\/#organization\"},\"image\":{\"@id\":\"https:\\\/\\\/radioljubuski.ba\\\/index.php\\\/2024\\\/07\\\/17\\\/jp-ep-hzhb-obavijest-mjestanima-zvirica\\\/#primaryimage\"},\"thumbnailUrl\":\"https:\\\/\\\/radioljubuski.ba\\\/wp-content\\\/uploads\\\/2024\\\/07\\\/WhatsApp-Image-2024-07-17-at-13.53.11.jpeg\",\"articleSection\":[\"Ljubu\u0161ki\"],\"inLanguage\":\"hr\"},{\"@type\":\"WebPage\",\"@id\":\"https:\\\/\\\/radioljubuski.ba\\\/index.php\\\/2024\\\/07\\\/17\\\/jp-ep-hzhb-obavijest-mjestanima-zvirica\\\/\",\"url\":\"https:\\\/\\\/radioljubuski.ba\\\/index.php\\\/2024\\\/07\\\/17\\\/jp-ep-hzhb-obavijest-mjestanima-zvirica\\\/\",\"name\":\"JP EP HZHB: Obavijest mje\u0161tanima Zviri\u0107a\u00a0 - RADIO LJUBU\u0160KI\",\"isPartOf\":{\"@id\":\"https:\\\/\\\/radioljubuski.ba\\\/#website\"},\"primaryImageOfPage\":{\"@id\":\"https:\\\/\\\/radioljubuski.ba\\\/index.php\\\/2024\\\/07\\\/17\\\/jp-ep-hzhb-obavijest-mjestanima-zvirica\\\/#primaryimage\"},\"image\":{\"@id\":\"https:\\\/\\\/radioljubuski.ba\\\/index.php\\\/2024\\\/07\\\/17\\\/jp-ep-hzhb-obavijest-mjestanima-zvirica\\\/#primaryimage\"},\"thumbnailUrl\":\"https:\\\/\\\/radioljubuski.ba\\\/wp-content\\\/uploads\\\/2024\\\/07\\\/WhatsApp-Image-2024-07-17-at-13.53.11.jpeg\",\"datePublished\":\"2024-07-17T12:04:38+00:00\",\"dateModified\":\"2024-07-17T12:04:39+00:00\",\"breadcrumb\":{\"@id\":\"https:\\\/\\\/radioljubuski.ba\\\/index.php\\\/2024\\\/07\\\/17\\\/jp-ep-hzhb-obavijest-mjestanima-zvirica\\\/#breadcrumb\"},\"inLanguage\":\"hr\",\"potentialAction\":[{\"@type\":\"ReadAction\",\"target\":[\"https:\\\/\\\/radioljubuski.ba\\\/index.php\\\/2024\\\/07\\\/17\\\/jp-ep-hzhb-obavijest-mjestanima-zvirica\\\/\"]}]},{\"@type\":\"ImageObject\",\"inLanguage\":\"hr\",\"@id\":\"https:\\\/\\\/radioljubuski.ba\\\/index.php\\\/2024\\\/07\\\/17\\\/jp-ep-hzhb-obavijest-mjestanima-zvirica\\\/#primaryimage\",\"url\":\"https:\\\/\\\/radioljubuski.ba\\\/wp-content\\\/uploads\\\/2024\\\/07\\\/WhatsApp-Image-2024-07-17-at-13.53.11.jpeg\",\"contentUrl\":\"https:\\\/\\\/radioljubuski.ba\\\/wp-content\\\/uploads\\\/2024\\\/07\\\/WhatsApp-Image-2024-07-17-at-13.53.11.jpeg\",\"width\":1600,\"height\":896},{\"@type\":\"BreadcrumbList\",\"@id\":\"https:\\\/\\\/radioljubuski.ba\\\/index.php\\\/2024\\\/07\\\/17\\\/jp-ep-hzhb-obavijest-mjestanima-zvirica\\\/#breadcrumb\",\"itemListElement\":[{\"@type\":\"ListItem\",\"position\":1,\"name\":\"Po\u010detna stranica\",\"item\":\"https:\\\/\\\/radioljubuski.ba\\\/\"},{\"@type\":\"ListItem\",\"position\":2,\"name\":\"JP EP HZHB: Obavijest mje\u0161tanima Zviri\u0107a\u00a0\"}]},{\"@type\":\"WebSite\",\"@id\":\"https:\\\/\\\/radioljubuski.ba\\\/#website\",\"url\":\"https:\\\/\\\/radioljubuski.ba\\\/\",\"name\":\"Radio Ljubu\u0161ki\",\"description\":\"Sun\u010dana frekvencija Hercegovine\",\"publisher\":{\"@id\":\"https:\\\/\\\/radioljubuski.ba\\\/#organization\"},\"potentialAction\":[{\"@type\":\"SearchAction\",\"target\":{\"@type\":\"EntryPoint\",\"urlTemplate\":\"https:\\\/\\\/radioljubuski.ba\\\/?s={search_term_string}\"},\"query-input\":{\"@type\":\"PropertyValueSpecification\",\"valueRequired\":true,\"valueName\":\"search_term_string\"}}],\"inLanguage\":\"hr\"},{\"@type\":\"Organization\",\"@id\":\"https:\\\/\\\/radioljubuski.ba\\\/#organization\",\"name\":\"Radio Ljubu\u0161ki\",\"url\":\"https:\\\/\\\/radioljubuski.ba\\\/\",\"logo\":{\"@type\":\"ImageObject\",\"inLanguage\":\"hr\",\"@id\":\"https:\\\/\\\/radioljubuski.ba\\\/#\\\/schema\\\/logo\\\/image\\\/\",\"url\":\"https:\\\/\\\/radioljubuski.ba\\\/wp-content\\\/uploads\\\/2021\\\/02\\\/cropped-Radio_Ljubuski_logo1.jpg\",\"contentUrl\":\"https:\\\/\\\/radioljubuski.ba\\\/wp-content\\\/uploads\\\/2021\\\/02\\\/cropped-Radio_Ljubuski_logo1.jpg\",\"width\":512,\"height\":512,\"caption\":\"Radio Ljubu\u0161ki\"},\"image\":{\"@id\":\"https:\\\/\\\/radioljubuski.ba\\\/#\\\/schema\\\/logo\\\/image\\\/\"},\"sameAs\":[\"https:\\\/\\\/www.facebook.com\\\/Radiio-Ljubuski-1490835324566332\",\"https:\\\/\\\/x.com\\\/radioljubuski\",\"https:\\\/\\\/hr.linkedin.com\\\/company\\\/radio-ljubuski\",\"https:\\\/\\\/www.youtube.com\\\/channel\\\/UCHYaeO_n0Db3tjNGudGpXyw\"]},{\"@type\":\"Person\",\"@id\":\"https:\\\/\\\/radioljubuski.ba\\\/#\\\/schema\\\/person\\\/19fc700381a780f69665d7956c469e3b\",\"name\":\"Radio Ljubu\u0161ki\"}]}<\/script>\n<!-- \/ Yoast SEO plugin. -->","yoast_head_json":{"title":"JP EP HZHB: Obavijest mje\u0161tanima Zviri\u0107a\u00a0 - RADIO LJUBU\u0160KI","robots":{"index":"index","follow":"follow","max-snippet":"max-snippet:-1","max-image-preview":"max-image-preview:large","max-video-preview":"max-video-preview:-1"},"canonical":"https:\/\/radioljubuski.ba\/index.php\/2024\/07\/17\/jp-ep-hzhb-obavijest-mjestanima-zvirica\/","og_locale":"hr_HR","og_type":"article","og_title":"JP EP HZHB: Obavijest mje\u0161tanima Zviri\u0107a\u00a0 - RADIO LJUBU\u0160KI","og_description":"JP Elektroprivreda Hrvatske zajednice Herceg Bosne, distribucijsko podru\u010dje jug, poslovnica &#8220;Elektro &#8211; Ljubu\u0161ki&#8221; obavje\u0161tava mje\u0161tane Zviri\u0107a da \u0107e u petak, 19. srpnja 2024. godine, u 8 sati, pustiti pod napon novu stupnu transformatorsku stanicu &#8220;Zviri\u0107i 4- Vranje\u0161i&#8221; s priklju\u010dnim srednjenaponskim vodom. Transformatorska stanica i priklju\u010dni srednjenaponski vod ostaju trajno pod naponom. Radio Ljubu\u0161ki","og_url":"https:\/\/radioljubuski.ba\/index.php\/2024\/07\/17\/jp-ep-hzhb-obavijest-mjestanima-zvirica\/","og_site_name":"RADIO LJUBU\u0160KI","article_publisher":"https:\/\/www.facebook.com\/Radiio-Ljubuski-1490835324566332","article_published_time":"2024-07-17T12:04:38+00:00","article_modified_time":"2024-07-17T12:04:39+00:00","og_image":[{"width":1600,"height":896,"url":"https:\/\/radioljubuski.ba\/wp-content\/uploads\/2024\/07\/WhatsApp-Image-2024-07-17-at-13.53.11.jpeg","type":"image\/jpeg"}],"author":"Radio Ljubu\u0161ki","twitter_card":"summary_large_image","twitter_creator":"@radioljubuski","twitter_site":"@radioljubuski","twitter_misc":{"Napisao\/la":"Radio Ljubu\u0161ki","Procijenjeno vrijeme \u010ditanja":"1 minuta"},"schema":{"@context":"https:\/\/schema.org","@graph":[{"@type":"Article","@id":"https:\/\/radioljubuski.ba\/index.php\/2024\/07\/17\/jp-ep-hzhb-obavijest-mjestanima-zvirica\/#article","isPartOf":{"@id":"https:\/\/radioljubuski.ba\/index.php\/2024\/07\/17\/jp-ep-hzhb-obavijest-mjestanima-zvirica\/"},"author":{"name":"Radio Ljubu\u0161ki","@id":"https:\/\/radioljubuski.ba\/#\/schema\/person\/19fc700381a780f69665d7956c469e3b"},"headline":"JP EP HZHB: Obavijest mje\u0161tanima Zviri\u0107a\u00a0","datePublished":"2024-07-17T12:04:38+00:00","dateModified":"2024-07-17T12:04:39+00:00","mainEntityOfPage":{"@id":"https:\/\/radioljubuski.ba\/index.php\/2024\/07\/17\/jp-ep-hzhb-obavijest-mjestanima-zvirica\/"},"wordCount":68,"publisher":{"@id":"https:\/\/radioljubuski.ba\/#organization"},"image":{"@id":"https:\/\/radioljubuski.ba\/index.php\/2024\/07\/17\/jp-ep-hzhb-obavijest-mjestanima-zvirica\/#primaryimage"},"thumbnailUrl":"https:\/\/radioljubuski.ba\/wp-content\/uploads\/2024\/07\/WhatsApp-Image-2024-07-17-at-13.53.11.jpeg","articleSection":["Ljubu\u0161ki"],"inLanguage":"hr"},{"@type":"WebPage","@id":"https:\/\/radioljubuski.ba\/index.php\/2024\/07\/17\/jp-ep-hzhb-obavijest-mjestanima-zvirica\/","url":"https:\/\/radioljubuski.ba\/index.php\/2024\/07\/17\/jp-ep-hzhb-obavijest-mjestanima-zvirica\/","name":"JP EP HZHB: Obavijest mje\u0161tanima Zviri\u0107a\u00a0 - RADIO LJUBU\u0160KI","isPartOf":{"@id":"https:\/\/radioljubuski.ba\/#website"},"primaryImageOfPage":{"@id":"https:\/\/radioljubuski.ba\/index.php\/2024\/07\/17\/jp-ep-hzhb-obavijest-mjestanima-zvirica\/#primaryimage"},"image":{"@id":"https:\/\/radioljubuski.ba\/index.php\/2024\/07\/17\/jp-ep-hzhb-obavijest-mjestanima-zvirica\/#primaryimage"},"thumbnailUrl":"https:\/\/radioljubuski.ba\/wp-content\/uploads\/2024\/07\/WhatsApp-Image-2024-07-17-at-13.53.11.jpeg","datePublished":"2024-07-17T12:04:38+00:00","dateModified":"2024-07-17T12:04:39+00:00","breadcrumb":{"@id":"https:\/\/radioljubuski.ba\/index.php\/2024\/07\/17\/jp-ep-hzhb-obavijest-mjestanima-zvirica\/#breadcrumb"},"inLanguage":"hr","potentialAction":[{"@type":"ReadAction","target":["https:\/\/radioljubuski.ba\/index.php\/2024\/07\/17\/jp-ep-hzhb-obavijest-mjestanima-zvirica\/"]}]},{"@type":"ImageObject","inLanguage":"hr","@id":"https:\/\/radioljubuski.ba\/index.php\/2024\/07\/17\/jp-ep-hzhb-obavijest-mjestanima-zvirica\/#primaryimage","url":"https:\/\/radioljubuski.ba\/wp-content\/uploads\/2024\/07\/WhatsApp-Image-2024-07-17-at-13.53.11.jpeg","contentUrl":"https:\/\/radioljubuski.ba\/wp-content\/uploads\/2024\/07\/WhatsApp-Image-2024-07-17-at-13.53.11.jpeg","width":1600,"height":896},{"@type":"BreadcrumbList","@id":"https:\/\/radioljubuski.ba\/index.php\/2024\/07\/17\/jp-ep-hzhb-obavijest-mjestanima-zvirica\/#breadcrumb","itemListElement":[{"@type":"ListItem","position":1,"name":"Po\u010detna stranica","item":"https:\/\/radioljubuski.ba\/"},{"@type":"ListItem","position":2,"name":"JP EP HZHB: Obavijest mje\u0161tanima Zviri\u0107a\u00a0"}]},{"@type":"WebSite","@id":"https:\/\/radioljubuski.ba\/#website","url":"https:\/\/radioljubuski.ba\/","name":"Radio Ljubu\u0161ki","description":"Sun\u010dana frekvencija Hercegovine","publisher":{"@id":"https:\/\/radioljubuski.ba\/#organization"},"potentialAction":[{"@type":"SearchAction","target":{"@type":"EntryPoint","urlTemplate":"https:\/\/radioljubuski.ba\/?s={search_term_string}"},"query-input":{"@type":"PropertyValueSpecification","valueRequired":true,"valueName":"search_term_string"}}],"inLanguage":"hr"},{"@type":"Organization","@id":"https:\/\/radioljubuski.ba\/#organization","name":"Radio Ljubu\u0161ki","url":"https:\/\/radioljubuski.ba\/","logo":{"@type":"ImageObject","inLanguage":"hr","@id":"https:\/\/radioljubuski.ba\/#\/schema\/logo\/image\/","url":"https:\/\/radioljubuski.ba\/wp-content\/uploads\/2021\/02\/cropped-Radio_Ljubuski_logo1.jpg","contentUrl":"https:\/\/radioljubuski.ba\/wp-content\/uploads\/2021\/02\/cropped-Radio_Ljubuski_logo1.jpg","width":512,"height":512,"caption":"Radio Ljubu\u0161ki"},"image":{"@id":"https:\/\/radioljubuski.ba\/#\/schema\/logo\/image\/"},"sameAs":["https:\/\/www.facebook.com\/Radiio-Ljubuski-1490835324566332","https:\/\/x.com\/radioljubuski","https:\/\/hr.linkedin.com\/company\/radio-ljubuski","https:\/\/www.youtube.com\/channel\/UCHYaeO_n0Db3tjNGudGpXyw"]},{"@type":"Person","@id":"https:\/\/radioljubuski.ba\/#\/schema\/person\/19fc700381a780f69665d7956c469e3b","name":"Radio Ljubu\u0161ki"}]}},"_links":{"self":[{"href":"https:\/\/radioljubuski.ba\/index.php\/wp-json\/wp\/v2\/posts\/206861","targetHints":{"allow":["GET"]}}],"collection":[{"href":"https:\/\/radioljubuski.ba\/index.php\/wp-json\/wp\/v2\/posts"}],"about":[{"href":"https:\/\/radioljubuski.ba\/index.php\/wp-json\/wp\/v2\/types\/post"}],"author":[{"embeddable":true,"href":"https:\/\/radioljubuski.ba\/index.php\/wp-json\/wp\/v2\/users\/2"}],"replies":[{"embeddable":true,"href":"https:\/\/radioljubuski.ba\/index.php\/wp-json\/wp\/v2\/comments?post=206861"}],"version-history":[{"count":2,"href":"https:\/\/radioljubuski.ba\/index.php\/wp-json\/wp\/v2\/posts\/206861\/revisions"}],"predecessor-version":[{"id":206864,"href":"https:\/\/radioljubuski.ba\/index.php\/wp-json\/wp\/v2\/posts\/206861\/revisions\/206864"}],"wp:featuredmedia":[{"embeddable":true,"href":"https:\/\/radioljubuski.ba\/index.php\/wp-json\/wp\/v2\/media\/206862"}],"wp:attachment":[{"href":"https:\/\/radioljubuski.ba\/index.php\/wp-json\/wp\/v2\/media?parent=206861"}],"wp:term":[{"taxonomy":"category","embeddable":true,"href":"https:\/\/radioljubuski.ba\/index.php\/wp-json\/wp\/v2\/categories?post=206861"},{"taxonomy":"post_tag","embeddable":true,"href":"https:\/\/radioljubuski.ba\/index.php\/wp-json\/wp\/v2\/tags?post=206861"}],"curies":[{"name":"wp","href":"https:\/\/api.w.org\/{rel}","templated":true}]}}