{"id":206959,"date":"2024-07-22T18:20:46","date_gmt":"2024-07-22T17:20:46","guid":{"rendered":"https:\/\/radioljubuski.ba\/?p=206959"},"modified":"2024-07-23T09:21:00","modified_gmt":"2024-07-23T08:21:00","slug":"rk-izvidac-agram-okupljanje-sampiona-i-pocetak-priprema","status":"publish","type":"post","link":"https:\/\/radioljubuski.ba\/index.php\/2024\/07\/22\/rk-izvidac-agram-okupljanje-sampiona-i-pocetak-priprema\/","title":{"rendered":"RK Izvi\u0111a\u010d Agram: Okupljanje \u0161ampiona i po\u010detak priprema"},"content":{"rendered":"\n<p>Danas je u prostorijama RK Izvi\u0111a\u010d Agram vladala posebna atmosfera, okupljeni \u010dlanovi prve i dijela druge mom\u010dadi zajedno sa stru\u010dnim sto\u017eerom zapo\u010dinju novi ciklus priprema za predstoje\u0107u sezonu. Izvr\u0161ena su testiranja i prozivka igra\u010da, me\u0111u kojima su podijeljene nove uloge pa su tako kapetanske vrpca danas dodijeljene Milanu Mi\u0107i Vuk\u0161i\u0107u i Dianu \u0106e\u0161ki.Uz igra\u010de naglasak je svakako bio na novom trenerskom tandemu kojeg \u010dine Ivan D\u017eoli\u0107 i Milan Toli\u0107 ali i novom treneru druge mom\u010dadi Mariu Pavlaku.Pozdravljeni su novi \u010dlanovi kluba Kristijan Kati\u0107 i Kerim Semi\u0107 ali i \u010dlanovi druge ekipe koji su svojim zalaganjem osigurali mjesto u ovim pripremama.<\/p>\n\n\n\n<p>&#8220;Znate da nismo najskuplja ekipa u ovoj Premijer ligi, ali znate da smo najbolja ekipa. To iz godine u godinu potvr\u0111ujemo, ove godine smo se okitili legendarnom La decimom, svi mi, ljudi u sto\u017eeru i uprava, vjerujemo da ste najbolji,&#8221; kazao je okupljenim igra\u010dima \u0161ef struke Nedan  Zovak.<\/p>\n\n\n\n<p>&#8220;Ovogodi\u0161nje pripreme smo zapo\u010deli malo ranije zbog kvalifikacija za Europsku ligu koje nas o\u010dekuju za samo 40 dana. Na\u0161a prva utakmica je protiv \u010de\u0161ke ekipe Karvinom. Prva pripremna utakmica \u0107e se odr\u017eati ovdje u Ljubu\u0161kom 10. kolovoza protiv ekipe MRK Trogir, a tjedan dana kasnije igramo uzvratnu utakmicu. Kako bismo se \u0161to bolje pripremili, planiramo dio priprema odraditi u Visokom od 21. do 25. kolovoza,&#8221; izjavio je .<\/p>\n\n\n\n<figure class=\"wp-block-gallery has-nested-images columns-default is-cropped wp-block-gallery-1 is-layout-flex wp-block-gallery-is-layout-flex\">\n<figure class=\"wp-block-image size-large\"><img loading=\"lazy\" decoding=\"async\" width=\"1024\" height=\"768\" data-id=\"206963\" src=\"https:\/\/radioljubuski.ba\/wp-content\/uploads\/2024\/07\/raddiiio-ljubuski-1024x768.jpg\" alt=\"\" class=\"wp-image-206963\" srcset=\"https:\/\/radioljubuski.ba\/wp-content\/uploads\/2024\/07\/raddiiio-ljubuski-1024x768.jpg 1024w, https:\/\/radioljubuski.ba\/wp-content\/uploads\/2024\/07\/raddiiio-ljubuski-300x225.jpg 300w, https:\/\/radioljubuski.ba\/wp-content\/uploads\/2024\/07\/raddiiio-ljubuski-768x576.jpg 768w, https:\/\/radioljubuski.ba\/wp-content\/uploads\/2024\/07\/raddiiio-ljubuski-1536x1152.jpg 1536w, https:\/\/radioljubuski.ba\/wp-content\/uploads\/2024\/07\/raddiiio-ljubuski-16x12.jpg 16w, https:\/\/radioljubuski.ba\/wp-content\/uploads\/2024\/07\/raddiiio-ljubuski.jpg 2048w\" sizes=\"auto, (max-width: 1024px) 100vw, 1024px\" \/><\/figure>\n\n\n\n<figure class=\"wp-block-image size-large\"><img loading=\"lazy\" decoding=\"async\" width=\"1024\" height=\"768\" data-id=\"206965\" src=\"https:\/\/radioljubuski.ba\/wp-content\/uploads\/2024\/07\/radio-ljubuski-1-1-1024x768.jpg\" alt=\"\" class=\"wp-image-206965\" srcset=\"https:\/\/radioljubuski.ba\/wp-content\/uploads\/2024\/07\/radio-ljubuski-1-1-1024x768.jpg 1024w, https:\/\/radioljubuski.ba\/wp-content\/uploads\/2024\/07\/radio-ljubuski-1-1-300x225.jpg 300w, https:\/\/radioljubuski.ba\/wp-content\/uploads\/2024\/07\/radio-ljubuski-1-1-768x576.jpg 768w, https:\/\/radioljubuski.ba\/wp-content\/uploads\/2024\/07\/radio-ljubuski-1-1-1536x1152.jpg 1536w, https:\/\/radioljubuski.ba\/wp-content\/uploads\/2024\/07\/radio-ljubuski-1-1-16x12.jpg 16w, https:\/\/radioljubuski.ba\/wp-content\/uploads\/2024\/07\/radio-ljubuski-1-1.jpg 2048w\" sizes=\"auto, (max-width: 1024px) 100vw, 1024px\" \/><\/figure>\n<\/figure>\n\n\n\n<p>U videozapisu pogledajte dio atmosfere s dana\u0161njeg okupljanja te izjave koje su za Radio Ljubu\u0161ki dali Nedan Zovak, treneri Ivan D\u017eoli\u0107 i Milan Toli\u0107, te Milan Mi\u0107a Vuk\u0161i\u0107 i Diano \u0106e\u0161ko.<\/p>\n\n\n\n<figure class=\"wp-block-embed is-type-video is-provider-youtube wp-block-embed-youtube wp-embed-aspect-16-9 wp-has-aspect-ratio\"><div class=\"wp-block-embed__wrapper\">\n<iframe loading=\"lazy\" title=\"RK Izvi\u0111a\u010d Agram: Okupljanje \u0161ampiona i po\u010detak priprema\" width=\"640\" height=\"360\" src=\"https:\/\/www.youtube.com\/embed\/8tp1G1xuzlk?feature=oembed\" frameborder=\"0\" allow=\"accelerometer; autoplay; clipboard-write; encrypted-media; gyroscope; picture-in-picture; web-share\" referrerpolicy=\"strict-origin-when-cross-origin\" allowfullscreen><\/iframe>\n<\/div><\/figure>\n\n\n\n<p>Dana\u0161nje dru\u017eenje nastavljeno je prigodnim okupljanjem i jelom na \u010cevelju\u0161i.<\/p>\n\n\n\n<figure class=\"wp-block-gallery has-nested-images columns-default is-cropped wp-block-gallery-2 is-layout-flex wp-block-gallery-is-layout-flex\">\n<figure class=\"wp-block-image size-large\"><img loading=\"lazy\" decoding=\"async\" width=\"1024\" height=\"576\" data-id=\"206974\" src=\"https:\/\/radioljubuski.ba\/wp-content\/uploads\/2024\/07\/eradio-2-1024x576.jpg\" alt=\"\" class=\"wp-image-206974\" srcset=\"https:\/\/radioljubuski.ba\/wp-content\/uploads\/2024\/07\/eradio-2-1024x576.jpg 1024w, https:\/\/radioljubuski.ba\/wp-content\/uploads\/2024\/07\/eradio-2-300x169.jpg 300w, https:\/\/radioljubuski.ba\/wp-content\/uploads\/2024\/07\/eradio-2-768x432.jpg 768w, https:\/\/radioljubuski.ba\/wp-content\/uploads\/2024\/07\/eradio-2-1536x864.jpg 1536w, https:\/\/radioljubuski.ba\/wp-content\/uploads\/2024\/07\/eradio-2-18x10.jpg 18w, https:\/\/radioljubuski.ba\/wp-content\/uploads\/2024\/07\/eradio-2.jpg 1920w\" sizes=\"auto, (max-width: 1024px) 100vw, 1024px\" \/><\/figure>\n\n\n\n<figure class=\"wp-block-image size-large\"><img loading=\"lazy\" decoding=\"async\" width=\"1024\" height=\"576\" data-id=\"206973\" src=\"https:\/\/radioljubuski.ba\/wp-content\/uploads\/2024\/07\/radio-11-1024x576.jpg\" alt=\"\" class=\"wp-image-206973\" srcset=\"https:\/\/radioljubuski.ba\/wp-content\/uploads\/2024\/07\/radio-11-1024x576.jpg 1024w, https:\/\/radioljubuski.ba\/wp-content\/uploads\/2024\/07\/radio-11-300x169.jpg 300w, https:\/\/radioljubuski.ba\/wp-content\/uploads\/2024\/07\/radio-11-768x432.jpg 768w, https:\/\/radioljubuski.ba\/wp-content\/uploads\/2024\/07\/radio-11-1536x864.jpg 1536w, https:\/\/radioljubuski.ba\/wp-content\/uploads\/2024\/07\/radio-11-18x10.jpg 18w, https:\/\/radioljubuski.ba\/wp-content\/uploads\/2024\/07\/radio-11.jpg 1920w\" sizes=\"auto, (max-width: 1024px) 100vw, 1024px\" \/><\/figure>\n<\/figure>\n\n\n\n<p>G. Ili\u0107 \/Radio Ljubu\u0161ki<\/p>\n","protected":false},"excerpt":{"rendered":"<p>Danas je u prostorijama RK Izvi\u0111a\u010d Agram vladala posebna atmosfera, okupljeni \u010dlanovi prve i dijela druge mom\u010dadi zajedno sa stru\u010dnim sto\u017eerom zapo\u010dinju novi ciklus priprema za predstoje\u0107u sezonu. Izvr\u0161ena su testiranja i prozivka igra\u010da, me\u0111u kojima su podijeljene nove uloge pa su tako kapetanske vrpca danas dodijeljene Milanu Mi\u0107i Vuk\u0161i\u0107u i Dianu \u0106e\u0161ki.Uz igra\u010de naglasak [&hellip;]<\/p>\n","protected":false},"author":2,"featured_media":206962,"comment_status":"closed","ping_status":"closed","sticky":false,"template":"","format":"standard","meta":{"h5ap_radio_sources":[],"footnotes":""},"categories":[34,28,7],"tags":[],"class_list":["post-206959","post","type-post","status-publish","format-standard","has-post-thumbnail","hentry","category-ljubuski-tv","category-novosti","category-sport"],"yoast_head":"<!-- This site is optimized with the Yoast SEO plugin v27.5 - https:\/\/yoast.com\/product\/yoast-seo-wordpress\/ -->\n<title>RK Izvi\u0111a\u010d Agram: Okupljanje \u0161ampiona i po\u010detak priprema - RADIO LJUBU\u0160KI<\/title>\n<meta name=\"robots\" content=\"index, follow, max-snippet:-1, max-image-preview:large, max-video-preview:-1\" \/>\n<link rel=\"canonical\" href=\"https:\/\/radioljubuski.ba\/index.php\/2024\/07\/22\/rk-izvidac-agram-okupljanje-sampiona-i-pocetak-priprema\/\" \/>\n<meta property=\"og:locale\" content=\"hr_HR\" \/>\n<meta property=\"og:type\" content=\"article\" \/>\n<meta property=\"og:title\" content=\"RK Izvi\u0111a\u010d Agram: Okupljanje \u0161ampiona i po\u010detak priprema - RADIO LJUBU\u0160KI\" \/>\n<meta property=\"og:description\" content=\"Danas je u prostorijama RK Izvi\u0111a\u010d Agram vladala posebna atmosfera, okupljeni \u010dlanovi prve i dijela druge mom\u010dadi zajedno sa stru\u010dnim sto\u017eerom zapo\u010dinju novi ciklus priprema za predstoje\u0107u sezonu. Izvr\u0161ena su testiranja i prozivka igra\u010da, me\u0111u kojima su podijeljene nove uloge pa su tako kapetanske vrpca danas dodijeljene Milanu Mi\u0107i Vuk\u0161i\u0107u i Dianu \u0106e\u0161ki.Uz igra\u010de naglasak [&hellip;]\" \/>\n<meta property=\"og:url\" content=\"https:\/\/radioljubuski.ba\/index.php\/2024\/07\/22\/rk-izvidac-agram-okupljanje-sampiona-i-pocetak-priprema\/\" \/>\n<meta property=\"og:site_name\" content=\"RADIO LJUBU\u0160KI\" \/>\n<meta property=\"article:publisher\" content=\"https:\/\/www.facebook.com\/Radiio-Ljubuski-1490835324566332\" \/>\n<meta property=\"article:published_time\" content=\"2024-07-22T17:20:46+00:00\" \/>\n<meta property=\"article:modified_time\" content=\"2024-07-23T08:21:00+00:00\" \/>\n<meta property=\"og:image\" content=\"https:\/\/radioljubuski.ba\/wp-content\/uploads\/2024\/07\/radio-ljubuski-3.jpg\" \/>\n\t<meta property=\"og:image:width\" content=\"2048\" \/>\n\t<meta property=\"og:image:height\" content=\"1536\" \/>\n\t<meta property=\"og:image:type\" content=\"image\/jpeg\" \/>\n<meta name=\"author\" content=\"Radio Ljubu\u0161ki\" \/>\n<meta name=\"twitter:card\" content=\"summary_large_image\" \/>\n<meta name=\"twitter:creator\" content=\"@radioljubuski\" \/>\n<meta name=\"twitter:site\" content=\"@radioljubuski\" \/>\n<meta name=\"twitter:label1\" content=\"Napisao\/la\" \/>\n\t<meta name=\"twitter:data1\" content=\"Radio Ljubu\u0161ki\" \/>\n\t<meta name=\"twitter:label2\" content=\"Procijenjeno vrijeme \u010ditanja\" \/>\n\t<meta name=\"twitter:data2\" content=\"3 minute\" \/>\n<script type=\"application\/ld+json\" class=\"yoast-schema-graph\">{\"@context\":\"https:\\\/\\\/schema.org\",\"@graph\":[{\"@type\":\"Article\",\"@id\":\"https:\\\/\\\/radioljubuski.ba\\\/index.php\\\/2024\\\/07\\\/22\\\/rk-izvidac-agram-okupljanje-sampiona-i-pocetak-priprema\\\/#article\",\"isPartOf\":{\"@id\":\"https:\\\/\\\/radioljubuski.ba\\\/index.php\\\/2024\\\/07\\\/22\\\/rk-izvidac-agram-okupljanje-sampiona-i-pocetak-priprema\\\/\"},\"author\":{\"name\":\"Radio Ljubu\u0161ki\",\"@id\":\"https:\\\/\\\/radioljubuski.ba\\\/#\\\/schema\\\/person\\\/19fc700381a780f69665d7956c469e3b\"},\"headline\":\"RK Izvi\u0111a\u010d Agram: Okupljanje \u0161ampiona i po\u010detak priprema\",\"datePublished\":\"2024-07-22T17:20:46+00:00\",\"dateModified\":\"2024-07-23T08:21:00+00:00\",\"mainEntityOfPage\":{\"@id\":\"https:\\\/\\\/radioljubuski.ba\\\/index.php\\\/2024\\\/07\\\/22\\\/rk-izvidac-agram-okupljanje-sampiona-i-pocetak-priprema\\\/\"},\"wordCount\":313,\"publisher\":{\"@id\":\"https:\\\/\\\/radioljubuski.ba\\\/#organization\"},\"image\":{\"@id\":\"https:\\\/\\\/radioljubuski.ba\\\/index.php\\\/2024\\\/07\\\/22\\\/rk-izvidac-agram-okupljanje-sampiona-i-pocetak-priprema\\\/#primaryimage\"},\"thumbnailUrl\":\"https:\\\/\\\/radioljubuski.ba\\\/wp-content\\\/uploads\\\/2024\\\/07\\\/radio-ljubuski-3.jpg\",\"articleSection\":[\"Ljubu\u0161ki TV\",\"Novosti\",\"\u0160port\"],\"inLanguage\":\"hr\"},{\"@type\":\"WebPage\",\"@id\":\"https:\\\/\\\/radioljubuski.ba\\\/index.php\\\/2024\\\/07\\\/22\\\/rk-izvidac-agram-okupljanje-sampiona-i-pocetak-priprema\\\/\",\"url\":\"https:\\\/\\\/radioljubuski.ba\\\/index.php\\\/2024\\\/07\\\/22\\\/rk-izvidac-agram-okupljanje-sampiona-i-pocetak-priprema\\\/\",\"name\":\"RK Izvi\u0111a\u010d Agram: Okupljanje \u0161ampiona i po\u010detak priprema - RADIO LJUBU\u0160KI\",\"isPartOf\":{\"@id\":\"https:\\\/\\\/radioljubuski.ba\\\/#website\"},\"primaryImageOfPage\":{\"@id\":\"https:\\\/\\\/radioljubuski.ba\\\/index.php\\\/2024\\\/07\\\/22\\\/rk-izvidac-agram-okupljanje-sampiona-i-pocetak-priprema\\\/#primaryimage\"},\"image\":{\"@id\":\"https:\\\/\\\/radioljubuski.ba\\\/index.php\\\/2024\\\/07\\\/22\\\/rk-izvidac-agram-okupljanje-sampiona-i-pocetak-priprema\\\/#primaryimage\"},\"thumbnailUrl\":\"https:\\\/\\\/radioljubuski.ba\\\/wp-content\\\/uploads\\\/2024\\\/07\\\/radio-ljubuski-3.jpg\",\"datePublished\":\"2024-07-22T17:20:46+00:00\",\"dateModified\":\"2024-07-23T08:21:00+00:00\",\"breadcrumb\":{\"@id\":\"https:\\\/\\\/radioljubuski.ba\\\/index.php\\\/2024\\\/07\\\/22\\\/rk-izvidac-agram-okupljanje-sampiona-i-pocetak-priprema\\\/#breadcrumb\"},\"inLanguage\":\"hr\",\"potentialAction\":[{\"@type\":\"ReadAction\",\"target\":[\"https:\\\/\\\/radioljubuski.ba\\\/index.php\\\/2024\\\/07\\\/22\\\/rk-izvidac-agram-okupljanje-sampiona-i-pocetak-priprema\\\/\"]}]},{\"@type\":\"ImageObject\",\"inLanguage\":\"hr\",\"@id\":\"https:\\\/\\\/radioljubuski.ba\\\/index.php\\\/2024\\\/07\\\/22\\\/rk-izvidac-agram-okupljanje-sampiona-i-pocetak-priprema\\\/#primaryimage\",\"url\":\"https:\\\/\\\/radioljubuski.ba\\\/wp-content\\\/uploads\\\/2024\\\/07\\\/radio-ljubuski-3.jpg\",\"contentUrl\":\"https:\\\/\\\/radioljubuski.ba\\\/wp-content\\\/uploads\\\/2024\\\/07\\\/radio-ljubuski-3.jpg\",\"width\":2048,\"height\":1536},{\"@type\":\"BreadcrumbList\",\"@id\":\"https:\\\/\\\/radioljubuski.ba\\\/index.php\\\/2024\\\/07\\\/22\\\/rk-izvidac-agram-okupljanje-sampiona-i-pocetak-priprema\\\/#breadcrumb\",\"itemListElement\":[{\"@type\":\"ListItem\",\"position\":1,\"name\":\"Po\u010detna stranica\",\"item\":\"https:\\\/\\\/radioljubuski.ba\\\/\"},{\"@type\":\"ListItem\",\"position\":2,\"name\":\"RK Izvi\u0111a\u010d Agram: Okupljanje \u0161ampiona i po\u010detak priprema\"}]},{\"@type\":\"WebSite\",\"@id\":\"https:\\\/\\\/radioljubuski.ba\\\/#website\",\"url\":\"https:\\\/\\\/radioljubuski.ba\\\/\",\"name\":\"Radio Ljubu\u0161ki\",\"description\":\"Sun\u010dana frekvencija Hercegovine\",\"publisher\":{\"@id\":\"https:\\\/\\\/radioljubuski.ba\\\/#organization\"},\"potentialAction\":[{\"@type\":\"SearchAction\",\"target\":{\"@type\":\"EntryPoint\",\"urlTemplate\":\"https:\\\/\\\/radioljubuski.ba\\\/?s={search_term_string}\"},\"query-input\":{\"@type\":\"PropertyValueSpecification\",\"valueRequired\":true,\"valueName\":\"search_term_string\"}}],\"inLanguage\":\"hr\"},{\"@type\":\"Organization\",\"@id\":\"https:\\\/\\\/radioljubuski.ba\\\/#organization\",\"name\":\"Radio Ljubu\u0161ki\",\"url\":\"https:\\\/\\\/radioljubuski.ba\\\/\",\"logo\":{\"@type\":\"ImageObject\",\"inLanguage\":\"hr\",\"@id\":\"https:\\\/\\\/radioljubuski.ba\\\/#\\\/schema\\\/logo\\\/image\\\/\",\"url\":\"https:\\\/\\\/radioljubuski.ba\\\/wp-content\\\/uploads\\\/2021\\\/02\\\/cropped-Radio_Ljubuski_logo1.jpg\",\"contentUrl\":\"https:\\\/\\\/radioljubuski.ba\\\/wp-content\\\/uploads\\\/2021\\\/02\\\/cropped-Radio_Ljubuski_logo1.jpg\",\"width\":512,\"height\":512,\"caption\":\"Radio Ljubu\u0161ki\"},\"image\":{\"@id\":\"https:\\\/\\\/radioljubuski.ba\\\/#\\\/schema\\\/logo\\\/image\\\/\"},\"sameAs\":[\"https:\\\/\\\/www.facebook.com\\\/Radiio-Ljubuski-1490835324566332\",\"https:\\\/\\\/x.com\\\/radioljubuski\",\"https:\\\/\\\/hr.linkedin.com\\\/company\\\/radio-ljubuski\",\"https:\\\/\\\/www.youtube.com\\\/channel\\\/UCHYaeO_n0Db3tjNGudGpXyw\"]},{\"@type\":\"Person\",\"@id\":\"https:\\\/\\\/radioljubuski.ba\\\/#\\\/schema\\\/person\\\/19fc700381a780f69665d7956c469e3b\",\"name\":\"Radio Ljubu\u0161ki\"}]}<\/script>\n<!-- \/ Yoast SEO plugin. -->","yoast_head_json":{"title":"RK Izvi\u0111a\u010d Agram: Okupljanje \u0161ampiona i po\u010detak priprema - RADIO LJUBU\u0160KI","robots":{"index":"index","follow":"follow","max-snippet":"max-snippet:-1","max-image-preview":"max-image-preview:large","max-video-preview":"max-video-preview:-1"},"canonical":"https:\/\/radioljubuski.ba\/index.php\/2024\/07\/22\/rk-izvidac-agram-okupljanje-sampiona-i-pocetak-priprema\/","og_locale":"hr_HR","og_type":"article","og_title":"RK Izvi\u0111a\u010d Agram: Okupljanje \u0161ampiona i po\u010detak priprema - RADIO LJUBU\u0160KI","og_description":"Danas je u prostorijama RK Izvi\u0111a\u010d Agram vladala posebna atmosfera, okupljeni \u010dlanovi prve i dijela druge mom\u010dadi zajedno sa stru\u010dnim sto\u017eerom zapo\u010dinju novi ciklus priprema za predstoje\u0107u sezonu. Izvr\u0161ena su testiranja i prozivka igra\u010da, me\u0111u kojima su podijeljene nove uloge pa su tako kapetanske vrpca danas dodijeljene Milanu Mi\u0107i Vuk\u0161i\u0107u i Dianu \u0106e\u0161ki.Uz igra\u010de naglasak [&hellip;]","og_url":"https:\/\/radioljubuski.ba\/index.php\/2024\/07\/22\/rk-izvidac-agram-okupljanje-sampiona-i-pocetak-priprema\/","og_site_name":"RADIO LJUBU\u0160KI","article_publisher":"https:\/\/www.facebook.com\/Radiio-Ljubuski-1490835324566332","article_published_time":"2024-07-22T17:20:46+00:00","article_modified_time":"2024-07-23T08:21:00+00:00","og_image":[{"width":2048,"height":1536,"url":"https:\/\/radioljubuski.ba\/wp-content\/uploads\/2024\/07\/radio-ljubuski-3.jpg","type":"image\/jpeg"}],"author":"Radio Ljubu\u0161ki","twitter_card":"summary_large_image","twitter_creator":"@radioljubuski","twitter_site":"@radioljubuski","twitter_misc":{"Napisao\/la":"Radio Ljubu\u0161ki","Procijenjeno vrijeme \u010ditanja":"3 minute"},"schema":{"@context":"https:\/\/schema.org","@graph":[{"@type":"Article","@id":"https:\/\/radioljubuski.ba\/index.php\/2024\/07\/22\/rk-izvidac-agram-okupljanje-sampiona-i-pocetak-priprema\/#article","isPartOf":{"@id":"https:\/\/radioljubuski.ba\/index.php\/2024\/07\/22\/rk-izvidac-agram-okupljanje-sampiona-i-pocetak-priprema\/"},"author":{"name":"Radio Ljubu\u0161ki","@id":"https:\/\/radioljubuski.ba\/#\/schema\/person\/19fc700381a780f69665d7956c469e3b"},"headline":"RK Izvi\u0111a\u010d Agram: Okupljanje \u0161ampiona i po\u010detak priprema","datePublished":"2024-07-22T17:20:46+00:00","dateModified":"2024-07-23T08:21:00+00:00","mainEntityOfPage":{"@id":"https:\/\/radioljubuski.ba\/index.php\/2024\/07\/22\/rk-izvidac-agram-okupljanje-sampiona-i-pocetak-priprema\/"},"wordCount":313,"publisher":{"@id":"https:\/\/radioljubuski.ba\/#organization"},"image":{"@id":"https:\/\/radioljubuski.ba\/index.php\/2024\/07\/22\/rk-izvidac-agram-okupljanje-sampiona-i-pocetak-priprema\/#primaryimage"},"thumbnailUrl":"https:\/\/radioljubuski.ba\/wp-content\/uploads\/2024\/07\/radio-ljubuski-3.jpg","articleSection":["Ljubu\u0161ki TV","Novosti","\u0160port"],"inLanguage":"hr"},{"@type":"WebPage","@id":"https:\/\/radioljubuski.ba\/index.php\/2024\/07\/22\/rk-izvidac-agram-okupljanje-sampiona-i-pocetak-priprema\/","url":"https:\/\/radioljubuski.ba\/index.php\/2024\/07\/22\/rk-izvidac-agram-okupljanje-sampiona-i-pocetak-priprema\/","name":"RK Izvi\u0111a\u010d Agram: Okupljanje \u0161ampiona i po\u010detak priprema - RADIO LJUBU\u0160KI","isPartOf":{"@id":"https:\/\/radioljubuski.ba\/#website"},"primaryImageOfPage":{"@id":"https:\/\/radioljubuski.ba\/index.php\/2024\/07\/22\/rk-izvidac-agram-okupljanje-sampiona-i-pocetak-priprema\/#primaryimage"},"image":{"@id":"https:\/\/radioljubuski.ba\/index.php\/2024\/07\/22\/rk-izvidac-agram-okupljanje-sampiona-i-pocetak-priprema\/#primaryimage"},"thumbnailUrl":"https:\/\/radioljubuski.ba\/wp-content\/uploads\/2024\/07\/radio-ljubuski-3.jpg","datePublished":"2024-07-22T17:20:46+00:00","dateModified":"2024-07-23T08:21:00+00:00","breadcrumb":{"@id":"https:\/\/radioljubuski.ba\/index.php\/2024\/07\/22\/rk-izvidac-agram-okupljanje-sampiona-i-pocetak-priprema\/#breadcrumb"},"inLanguage":"hr","potentialAction":[{"@type":"ReadAction","target":["https:\/\/radioljubuski.ba\/index.php\/2024\/07\/22\/rk-izvidac-agram-okupljanje-sampiona-i-pocetak-priprema\/"]}]},{"@type":"ImageObject","inLanguage":"hr","@id":"https:\/\/radioljubuski.ba\/index.php\/2024\/07\/22\/rk-izvidac-agram-okupljanje-sampiona-i-pocetak-priprema\/#primaryimage","url":"https:\/\/radioljubuski.ba\/wp-content\/uploads\/2024\/07\/radio-ljubuski-3.jpg","contentUrl":"https:\/\/radioljubuski.ba\/wp-content\/uploads\/2024\/07\/radio-ljubuski-3.jpg","width":2048,"height":1536},{"@type":"BreadcrumbList","@id":"https:\/\/radioljubuski.ba\/index.php\/2024\/07\/22\/rk-izvidac-agram-okupljanje-sampiona-i-pocetak-priprema\/#breadcrumb","itemListElement":[{"@type":"ListItem","position":1,"name":"Po\u010detna stranica","item":"https:\/\/radioljubuski.ba\/"},{"@type":"ListItem","position":2,"name":"RK Izvi\u0111a\u010d Agram: Okupljanje \u0161ampiona i po\u010detak priprema"}]},{"@type":"WebSite","@id":"https:\/\/radioljubuski.ba\/#website","url":"https:\/\/radioljubuski.ba\/","name":"Radio Ljubu\u0161ki","description":"Sun\u010dana frekvencija Hercegovine","publisher":{"@id":"https:\/\/radioljubuski.ba\/#organization"},"potentialAction":[{"@type":"SearchAction","target":{"@type":"EntryPoint","urlTemplate":"https:\/\/radioljubuski.ba\/?s={search_term_string}"},"query-input":{"@type":"PropertyValueSpecification","valueRequired":true,"valueName":"search_term_string"}}],"inLanguage":"hr"},{"@type":"Organization","@id":"https:\/\/radioljubuski.ba\/#organization","name":"Radio Ljubu\u0161ki","url":"https:\/\/radioljubuski.ba\/","logo":{"@type":"ImageObject","inLanguage":"hr","@id":"https:\/\/radioljubuski.ba\/#\/schema\/logo\/image\/","url":"https:\/\/radioljubuski.ba\/wp-content\/uploads\/2021\/02\/cropped-Radio_Ljubuski_logo1.jpg","contentUrl":"https:\/\/radioljubuski.ba\/wp-content\/uploads\/2021\/02\/cropped-Radio_Ljubuski_logo1.jpg","width":512,"height":512,"caption":"Radio Ljubu\u0161ki"},"image":{"@id":"https:\/\/radioljubuski.ba\/#\/schema\/logo\/image\/"},"sameAs":["https:\/\/www.facebook.com\/Radiio-Ljubuski-1490835324566332","https:\/\/x.com\/radioljubuski","https:\/\/hr.linkedin.com\/company\/radio-ljubuski","https:\/\/www.youtube.com\/channel\/UCHYaeO_n0Db3tjNGudGpXyw"]},{"@type":"Person","@id":"https:\/\/radioljubuski.ba\/#\/schema\/person\/19fc700381a780f69665d7956c469e3b","name":"Radio Ljubu\u0161ki"}]}},"_links":{"self":[{"href":"https:\/\/radioljubuski.ba\/index.php\/wp-json\/wp\/v2\/posts\/206959","targetHints":{"allow":["GET"]}}],"collection":[{"href":"https:\/\/radioljubuski.ba\/index.php\/wp-json\/wp\/v2\/posts"}],"about":[{"href":"https:\/\/radioljubuski.ba\/index.php\/wp-json\/wp\/v2\/types\/post"}],"author":[{"embeddable":true,"href":"https:\/\/radioljubuski.ba\/index.php\/wp-json\/wp\/v2\/users\/2"}],"replies":[{"embeddable":true,"href":"https:\/\/radioljubuski.ba\/index.php\/wp-json\/wp\/v2\/comments?post=206959"}],"version-history":[{"count":15,"href":"https:\/\/radioljubuski.ba\/index.php\/wp-json\/wp\/v2\/posts\/206959\/revisions"}],"predecessor-version":[{"id":206998,"href":"https:\/\/radioljubuski.ba\/index.php\/wp-json\/wp\/v2\/posts\/206959\/revisions\/206998"}],"wp:featuredmedia":[{"embeddable":true,"href":"https:\/\/radioljubuski.ba\/index.php\/wp-json\/wp\/v2\/media\/206962"}],"wp:attachment":[{"href":"https:\/\/radioljubuski.ba\/index.php\/wp-json\/wp\/v2\/media?parent=206959"}],"wp:term":[{"taxonomy":"category","embeddable":true,"href":"https:\/\/radioljubuski.ba\/index.php\/wp-json\/wp\/v2\/categories?post=206959"},{"taxonomy":"post_tag","embeddable":true,"href":"https:\/\/radioljubuski.ba\/index.php\/wp-json\/wp\/v2\/tags?post=206959"}],"curies":[{"name":"wp","href":"https:\/\/api.w.org\/{rel}","templated":true}]}}