{"id":207051,"date":"2024-07-25T17:27:58","date_gmt":"2024-07-25T16:27:58","guid":{"rendered":"https:\/\/radioljubuski.ba\/?p=207051"},"modified":"2024-07-26T07:38:20","modified_gmt":"2024-07-26T06:38:20","slug":"potpisan-ugovor-vrijedan-vise-od-pola-milijuna-maraka-za-obnovu-gimnazije-ljubuski","status":"publish","type":"post","link":"https:\/\/radioljubuski.ba\/index.php\/2024\/07\/25\/potpisan-ugovor-vrijedan-vise-od-pola-milijuna-maraka-za-obnovu-gimnazije-ljubuski\/","title":{"rendered":"Potpisan ugovor vrijedan vi\u0161e od pola milijuna maraka za obnovu Gimnazije Ljubu\u0161ki"},"content":{"rendered":"\n<p>Kako bi u\u010denicima osigurali \u0161to bolje uvjete \u0161kolovanja i nastavnom osoblju olak\u0161ali izvo\u0111enje nastave, Grad Ljubu\u0161ki konstantno ula\u017ee zna\u010dajna financijska sredstva u obnovu i moderniziranje obrazovnih institucija pa \u0107e tako i u ovoj godini biti realizirana dva velika projekta koja \u0107e doprinijeti pobolj\u0161anju infrastrukturnih uvjeta u \u0161kolama.<\/p>\n\n\n\n<p>Nakon \u0161to su ranije izvr\u0161eni radovi na utopljavanju Srednje strukovne \u0161kole Ru\u0111era Bo\u0161kovi\u0107a u Ljubu\u0161kom, a nedavno i podru\u010dne devetogodi\u0161nje osnovne \u0161kole u Klobuku, pristupilo se realizaciji obnove dvorane Osnovne \u0161kole Tina Ujevi\u0107a u Vitini na kojoj se trenuta\u010dno izvode radovi na postavljanju fasade i izmjeni postoje\u0107e krovne konstrukcije. Uz navedeno, uskoro \u0107e zapo\u010deti i obnova Gimnazije Ljubu\u0161ki vrijedna vi\u0161e od pola milijuna konvertibilnih maraka.<\/p>\n\n\n\n<p>Naime, po okon\u010danju postupka javne nabave, u \u010detvrtak je u zgradi Gradske uprave uprili\u010deno potpisivanje ugovora \u201eObnova interijera Gimnazije Ljubu\u0161ki \u2013 II faza\u201c. Ugovor vrijedan 537.918,57 KM s PDV-om potpisali su gradona\u010delnik Vedran Markoti\u0107 i direktor tvrtke GD Konstrukcije d.o.o. Mostar Emir Isi\u0107 u nazo\u010dnosti predsjednika Gradskog vije\u0107a Tihomira Kvesi\u0107a, ministrice financija Zapadnohercegova\u010dke \u017eupanije Blagice Leko i ravnatelja \u0161kole Leopolda Mandi\u0107a.<\/p>\n\n\n\n<p>\u2013 Posljednjih godina se zna\u010dajna financijska sredstva ula\u017eu u obnovu na\u0161ih \u0161kolskih objekata, kako osnovnih tako i srednjih \u0161kola. Naprimjer, u zadnje dvije godine u srednju strukovnu \u0161kolu ulo\u017eeno je preko 800.000 KM na postavljanju fasade, promjeni otvora, sustavu grijanja i hla\u0111enja itd. tako da je nakon ulaganja u strukovnu \u0161kolu, do\u0161lo vrijeme i da zavr\u0161imo obnovu na\u0161e Gimnazije u kojoj \u0107e se izvoditi radovi na katu i potkrovlju s \u010dime \u0107e \u0161kola biti u potpunosti obnovljena na korist svih na\u0161ih u\u010denika i na\u0161ih profesora kojima ovom prilikom zahvaljujem na svemu \u0161to \u010dine za obrazovanje na\u0161e djece \u2013 kazao je gradona\u010delnik Markoti\u0107 pri tome zahvaliv\u0161i Zapadnohercegova\u010dkoj \u017eupaniji na financijskoj potpori.<\/p>\n\n\n\n<p>Sada\u0161nje dotrajale \u0161kolske prostorije zasjati \u0107e u novom ruhu izvo\u0111enjem gra\u0111evinsko-obrtni\u010dkih i elektro radova.&nbsp; Slijedi obnova postoje\u0107ih instalacija, ugradnja novih instalacija razglasa, videonadzora i vatrodojave, obnova postoje\u0107ih i postavljanje novih obloga podova, zidova i stropova, kao i zamjena svih unutarnjih vrata. Rok za izvo\u0111enje radova koji su utvr\u0111eni u natje\u010dajnoj dokumentaciji i ponudi izvo\u0111a\u010da je 140 dana od dana uvo\u0111enja izvo\u0111a\u010da u posao.<\/p>\n\n\n\n<figure class=\"wp-block-image size-large\"><img loading=\"lazy\" decoding=\"async\" width=\"1024\" height=\"1024\" src=\"https:\/\/radioljubuski.ba\/wp-content\/uploads\/2024\/07\/IMG_20240725_210317_309-1024x1024.webp\" alt=\"\" class=\"wp-image-207065\" srcset=\"https:\/\/radioljubuski.ba\/wp-content\/uploads\/2024\/07\/IMG_20240725_210317_309-1024x1024.webp 1024w, https:\/\/radioljubuski.ba\/wp-content\/uploads\/2024\/07\/IMG_20240725_210317_309-300x300.webp 300w, https:\/\/radioljubuski.ba\/wp-content\/uploads\/2024\/07\/IMG_20240725_210317_309-150x150.webp 150w, https:\/\/radioljubuski.ba\/wp-content\/uploads\/2024\/07\/IMG_20240725_210317_309-768x768.webp 768w, https:\/\/radioljubuski.ba\/wp-content\/uploads\/2024\/07\/IMG_20240725_210317_309-12x12.webp 12w, https:\/\/radioljubuski.ba\/wp-content\/uploads\/2024\/07\/IMG_20240725_210317_309.webp 1080w\" sizes=\"auto, (max-width: 1024px) 100vw, 1024px\" \/><\/figure>\n\n\n\n<p>\u2013 S radovima zapo\u010dinjemo najkasnije za 15 dana i zavr\u0161iti \u0107emo ih u predvi\u0111enom roku. S obzirom da \u0107e \u0161kola zapo\u010deti prije zavr\u0161etka radova, u dogovoru sa \u0161kolom i nadzornim tijelom i njihovim potrebama, prilagoditi \u0107emo se uvjetima rada kako bi djeca mogla koristiti potrebne prostorije \u2013 rekao je predstavnik izvo\u0111a\u010da Emir Isi\u0107.<\/p>\n\n\n\n<p>Ti uvjeti rada podrazumijevaju na\u010din izvo\u0111enja \u2018u\u010dionica po u\u010dionica\u2019 s po\u010detkom nove \u0161kolske godine kako bi se nastava mogla nesmetano odvijati.<\/p>\n\n\n\n<p>\u2013 Ne\u0107emo imati problema s izvo\u0111enjem nastave jer kad se jedna u\u010dionica zavr\u0161i ide se u drugu pa ne\u0107e do\u0107i do nedostatka prostorija \u2013 istaknuo je Leopold Mandi\u0107, ravnatelj Gimnazije Ljubu\u0161ki u kojoj je prije pet godina izvr\u0161ena obnova prizemlja zgrade.<\/p>\n\n\n\n<p>\u2013 Veseli me \u010dinjenica da \u0107e Gimnazija uskoro biti moderno ure\u0111ena, a unutra\u0161njost \u0161kole po takore\u0107i, europskim standardima te da \u0107e djeca i profesori imati sve uvjete za rad. Nadam se kako \u0107emo i u budu\u0107nosti nastaviti s ulaganjima u unutra\u0161njost \u0161kole, odnosno u ure\u0111enje kabineta. \u017delja nam je da jo\u0161 kvalitetnije provodimo nastavu, da djeca imaju \u0161to bolje uvjete za kemiju, biologiju, informatiku, fiziku, strane jezike\u2026 \u2013 poru\u010dio je ravnatelj Mandi\u0107 i zahvalio Gradu Ljubu\u0161kom i Zapadnohercegova\u010dkoj \u017eupaniji na izdvojenim sredstvima za obnovu \u0161kole.<\/p>\n\n\n\n<p>Ina\u010de, Zapadnohercegova\u010dka \u017eupanija za ovaj projekt izdvojila je 160.000 KM, za \u0161to je nedavno potpisan ugovor, a tom prigodom resorni ministar Zvonimir \u0160iri\u0107 je uputio na zna\u010daj ulaganja u obrazovne institucije naglasiv\u0161i kako je obrazovanje stup svakog dru\u0161tva te da \u0107e se i u budu\u0107nosti gledati \u0161to vi\u0161e pomagati lokalnim jedinicama u \u017eupaniji.<\/p>\n\n\n\n<p>Ve\u010dernji.ba<\/p>\n\n\n\n<figure class=\"wp-block-image size-large\"><img loading=\"lazy\" decoding=\"async\" width=\"1024\" height=\"1024\" src=\"https:\/\/radioljubuski.ba\/wp-content\/uploads\/2024\/07\/IMG_20240725_210317_227-1-1024x1024.webp\" alt=\"\" class=\"wp-image-207061\" srcset=\"https:\/\/radioljubuski.ba\/wp-content\/uploads\/2024\/07\/IMG_20240725_210317_227-1-1024x1024.webp 1024w, https:\/\/radioljubuski.ba\/wp-content\/uploads\/2024\/07\/IMG_20240725_210317_227-1-300x300.webp 300w, https:\/\/radioljubuski.ba\/wp-content\/uploads\/2024\/07\/IMG_20240725_210317_227-1-150x150.webp 150w, https:\/\/radioljubuski.ba\/wp-content\/uploads\/2024\/07\/IMG_20240725_210317_227-1-768x768.webp 768w, https:\/\/radioljubuski.ba\/wp-content\/uploads\/2024\/07\/IMG_20240725_210317_227-1-12x12.webp 12w, https:\/\/radioljubuski.ba\/wp-content\/uploads\/2024\/07\/IMG_20240725_210317_227-1.webp 1080w\" sizes=\"auto, (max-width: 1024px) 100vw, 1024px\" \/><\/figure>\n","protected":false},"excerpt":{"rendered":"<p>Kako bi u\u010denicima osigurali \u0161to bolje uvjete \u0161kolovanja i nastavnom osoblju olak\u0161ali izvo\u0111enje nastave, Grad Ljubu\u0161ki konstantno ula\u017ee zna\u010dajna financijska sredstva u obnovu i moderniziranje obrazovnih institucija pa \u0107e tako i u ovoj godini biti realizirana dva velika projekta koja \u0107e doprinijeti pobolj\u0161anju infrastrukturnih uvjeta u \u0161kolama. Nakon \u0161to su ranije izvr\u0161eni radovi na utopljavanju [&hellip;]<\/p>\n","protected":false},"author":2,"featured_media":207052,"comment_status":"closed","ping_status":"closed","sticky":false,"template":"","format":"standard","meta":{"h5ap_radio_sources":[],"footnotes":""},"categories":[28],"tags":[],"class_list":["post-207051","post","type-post","status-publish","format-standard","has-post-thumbnail","hentry","category-novosti"],"yoast_head":"<!-- This site is optimized with the Yoast SEO plugin v27.5 - https:\/\/yoast.com\/product\/yoast-seo-wordpress\/ -->\n<title>Potpisan ugovor vrijedan vi\u0161e od pola milijuna maraka za obnovu Gimnazije Ljubu\u0161ki - RADIO LJUBU\u0160KI<\/title>\n<meta name=\"robots\" content=\"index, follow, max-snippet:-1, max-image-preview:large, max-video-preview:-1\" \/>\n<link rel=\"canonical\" href=\"https:\/\/radioljubuski.ba\/index.php\/2024\/07\/25\/potpisan-ugovor-vrijedan-vise-od-pola-milijuna-maraka-za-obnovu-gimnazije-ljubuski\/\" \/>\n<meta property=\"og:locale\" content=\"hr_HR\" \/>\n<meta property=\"og:type\" content=\"article\" \/>\n<meta property=\"og:title\" content=\"Potpisan ugovor vrijedan vi\u0161e od pola milijuna maraka za obnovu Gimnazije Ljubu\u0161ki - RADIO LJUBU\u0160KI\" \/>\n<meta property=\"og:description\" content=\"Kako bi u\u010denicima osigurali \u0161to bolje uvjete \u0161kolovanja i nastavnom osoblju olak\u0161ali izvo\u0111enje nastave, Grad Ljubu\u0161ki konstantno ula\u017ee zna\u010dajna financijska sredstva u obnovu i moderniziranje obrazovnih institucija pa \u0107e tako i u ovoj godini biti realizirana dva velika projekta koja \u0107e doprinijeti pobolj\u0161anju infrastrukturnih uvjeta u \u0161kolama. Nakon \u0161to su ranije izvr\u0161eni radovi na utopljavanju [&hellip;]\" \/>\n<meta property=\"og:url\" content=\"https:\/\/radioljubuski.ba\/index.php\/2024\/07\/25\/potpisan-ugovor-vrijedan-vise-od-pola-milijuna-maraka-za-obnovu-gimnazije-ljubuski\/\" \/>\n<meta property=\"og:site_name\" content=\"RADIO LJUBU\u0160KI\" \/>\n<meta property=\"article:publisher\" content=\"https:\/\/www.facebook.com\/Radiio-Ljubuski-1490835324566332\" \/>\n<meta property=\"article:published_time\" content=\"2024-07-25T16:27:58+00:00\" \/>\n<meta property=\"article:modified_time\" content=\"2024-07-26T06:38:20+00:00\" \/>\n<meta property=\"og:image\" content=\"https:\/\/radioljubuski.ba\/wp-content\/uploads\/2024\/07\/IMG_0388.jpeg\" \/>\n\t<meta property=\"og:image:width\" content=\"600\" \/>\n\t<meta property=\"og:image:height\" content=\"400\" \/>\n\t<meta property=\"og:image:type\" content=\"image\/jpeg\" \/>\n<meta name=\"author\" content=\"Radio Ljubu\u0161ki\" \/>\n<meta name=\"twitter:card\" content=\"summary_large_image\" \/>\n<meta name=\"twitter:creator\" content=\"@radioljubuski\" \/>\n<meta name=\"twitter:site\" content=\"@radioljubuski\" \/>\n<meta name=\"twitter:label1\" content=\"Napisao\/la\" \/>\n\t<meta name=\"twitter:data1\" content=\"Radio Ljubu\u0161ki\" \/>\n\t<meta name=\"twitter:label2\" content=\"Procijenjeno vrijeme \u010ditanja\" \/>\n\t<meta name=\"twitter:data2\" content=\"4 minute\" \/>\n<script type=\"application\/ld+json\" class=\"yoast-schema-graph\">{\"@context\":\"https:\\\/\\\/schema.org\",\"@graph\":[{\"@type\":\"Article\",\"@id\":\"https:\\\/\\\/radioljubuski.ba\\\/index.php\\\/2024\\\/07\\\/25\\\/potpisan-ugovor-vrijedan-vise-od-pola-milijuna-maraka-za-obnovu-gimnazije-ljubuski\\\/#article\",\"isPartOf\":{\"@id\":\"https:\\\/\\\/radioljubuski.ba\\\/index.php\\\/2024\\\/07\\\/25\\\/potpisan-ugovor-vrijedan-vise-od-pola-milijuna-maraka-za-obnovu-gimnazije-ljubuski\\\/\"},\"author\":{\"name\":\"Radio Ljubu\u0161ki\",\"@id\":\"https:\\\/\\\/radioljubuski.ba\\\/#\\\/schema\\\/person\\\/19fc700381a780f69665d7956c469e3b\"},\"headline\":\"Potpisan ugovor vrijedan vi\u0161e od pola milijuna maraka za obnovu Gimnazije Ljubu\u0161ki\",\"datePublished\":\"2024-07-25T16:27:58+00:00\",\"dateModified\":\"2024-07-26T06:38:20+00:00\",\"mainEntityOfPage\":{\"@id\":\"https:\\\/\\\/radioljubuski.ba\\\/index.php\\\/2024\\\/07\\\/25\\\/potpisan-ugovor-vrijedan-vise-od-pola-milijuna-maraka-za-obnovu-gimnazije-ljubuski\\\/\"},\"wordCount\":699,\"publisher\":{\"@id\":\"https:\\\/\\\/radioljubuski.ba\\\/#organization\"},\"image\":{\"@id\":\"https:\\\/\\\/radioljubuski.ba\\\/index.php\\\/2024\\\/07\\\/25\\\/potpisan-ugovor-vrijedan-vise-od-pola-milijuna-maraka-za-obnovu-gimnazije-ljubuski\\\/#primaryimage\"},\"thumbnailUrl\":\"https:\\\/\\\/radioljubuski.ba\\\/wp-content\\\/uploads\\\/2024\\\/07\\\/IMG_0388.jpeg\",\"articleSection\":[\"Novosti\"],\"inLanguage\":\"hr\"},{\"@type\":\"WebPage\",\"@id\":\"https:\\\/\\\/radioljubuski.ba\\\/index.php\\\/2024\\\/07\\\/25\\\/potpisan-ugovor-vrijedan-vise-od-pola-milijuna-maraka-za-obnovu-gimnazije-ljubuski\\\/\",\"url\":\"https:\\\/\\\/radioljubuski.ba\\\/index.php\\\/2024\\\/07\\\/25\\\/potpisan-ugovor-vrijedan-vise-od-pola-milijuna-maraka-za-obnovu-gimnazije-ljubuski\\\/\",\"name\":\"Potpisan ugovor vrijedan vi\u0161e od pola milijuna maraka za obnovu Gimnazije Ljubu\u0161ki - RADIO LJUBU\u0160KI\",\"isPartOf\":{\"@id\":\"https:\\\/\\\/radioljubuski.ba\\\/#website\"},\"primaryImageOfPage\":{\"@id\":\"https:\\\/\\\/radioljubuski.ba\\\/index.php\\\/2024\\\/07\\\/25\\\/potpisan-ugovor-vrijedan-vise-od-pola-milijuna-maraka-za-obnovu-gimnazije-ljubuski\\\/#primaryimage\"},\"image\":{\"@id\":\"https:\\\/\\\/radioljubuski.ba\\\/index.php\\\/2024\\\/07\\\/25\\\/potpisan-ugovor-vrijedan-vise-od-pola-milijuna-maraka-za-obnovu-gimnazije-ljubuski\\\/#primaryimage\"},\"thumbnailUrl\":\"https:\\\/\\\/radioljubuski.ba\\\/wp-content\\\/uploads\\\/2024\\\/07\\\/IMG_0388.jpeg\",\"datePublished\":\"2024-07-25T16:27:58+00:00\",\"dateModified\":\"2024-07-26T06:38:20+00:00\",\"breadcrumb\":{\"@id\":\"https:\\\/\\\/radioljubuski.ba\\\/index.php\\\/2024\\\/07\\\/25\\\/potpisan-ugovor-vrijedan-vise-od-pola-milijuna-maraka-za-obnovu-gimnazije-ljubuski\\\/#breadcrumb\"},\"inLanguage\":\"hr\",\"potentialAction\":[{\"@type\":\"ReadAction\",\"target\":[\"https:\\\/\\\/radioljubuski.ba\\\/index.php\\\/2024\\\/07\\\/25\\\/potpisan-ugovor-vrijedan-vise-od-pola-milijuna-maraka-za-obnovu-gimnazije-ljubuski\\\/\"]}]},{\"@type\":\"ImageObject\",\"inLanguage\":\"hr\",\"@id\":\"https:\\\/\\\/radioljubuski.ba\\\/index.php\\\/2024\\\/07\\\/25\\\/potpisan-ugovor-vrijedan-vise-od-pola-milijuna-maraka-za-obnovu-gimnazije-ljubuski\\\/#primaryimage\",\"url\":\"https:\\\/\\\/radioljubuski.ba\\\/wp-content\\\/uploads\\\/2024\\\/07\\\/IMG_0388.jpeg\",\"contentUrl\":\"https:\\\/\\\/radioljubuski.ba\\\/wp-content\\\/uploads\\\/2024\\\/07\\\/IMG_0388.jpeg\",\"width\":600,\"height\":400},{\"@type\":\"BreadcrumbList\",\"@id\":\"https:\\\/\\\/radioljubuski.ba\\\/index.php\\\/2024\\\/07\\\/25\\\/potpisan-ugovor-vrijedan-vise-od-pola-milijuna-maraka-za-obnovu-gimnazije-ljubuski\\\/#breadcrumb\",\"itemListElement\":[{\"@type\":\"ListItem\",\"position\":1,\"name\":\"Po\u010detna stranica\",\"item\":\"https:\\\/\\\/radioljubuski.ba\\\/\"},{\"@type\":\"ListItem\",\"position\":2,\"name\":\"Potpisan ugovor vrijedan vi\u0161e od pola milijuna maraka za obnovu Gimnazije Ljubu\u0161ki\"}]},{\"@type\":\"WebSite\",\"@id\":\"https:\\\/\\\/radioljubuski.ba\\\/#website\",\"url\":\"https:\\\/\\\/radioljubuski.ba\\\/\",\"name\":\"Radio Ljubu\u0161ki\",\"description\":\"Sun\u010dana frekvencija Hercegovine\",\"publisher\":{\"@id\":\"https:\\\/\\\/radioljubuski.ba\\\/#organization\"},\"potentialAction\":[{\"@type\":\"SearchAction\",\"target\":{\"@type\":\"EntryPoint\",\"urlTemplate\":\"https:\\\/\\\/radioljubuski.ba\\\/?s={search_term_string}\"},\"query-input\":{\"@type\":\"PropertyValueSpecification\",\"valueRequired\":true,\"valueName\":\"search_term_string\"}}],\"inLanguage\":\"hr\"},{\"@type\":\"Organization\",\"@id\":\"https:\\\/\\\/radioljubuski.ba\\\/#organization\",\"name\":\"Radio Ljubu\u0161ki\",\"url\":\"https:\\\/\\\/radioljubuski.ba\\\/\",\"logo\":{\"@type\":\"ImageObject\",\"inLanguage\":\"hr\",\"@id\":\"https:\\\/\\\/radioljubuski.ba\\\/#\\\/schema\\\/logo\\\/image\\\/\",\"url\":\"https:\\\/\\\/radioljubuski.ba\\\/wp-content\\\/uploads\\\/2021\\\/02\\\/cropped-Radio_Ljubuski_logo1.jpg\",\"contentUrl\":\"https:\\\/\\\/radioljubuski.ba\\\/wp-content\\\/uploads\\\/2021\\\/02\\\/cropped-Radio_Ljubuski_logo1.jpg\",\"width\":512,\"height\":512,\"caption\":\"Radio Ljubu\u0161ki\"},\"image\":{\"@id\":\"https:\\\/\\\/radioljubuski.ba\\\/#\\\/schema\\\/logo\\\/image\\\/\"},\"sameAs\":[\"https:\\\/\\\/www.facebook.com\\\/Radiio-Ljubuski-1490835324566332\",\"https:\\\/\\\/x.com\\\/radioljubuski\",\"https:\\\/\\\/hr.linkedin.com\\\/company\\\/radio-ljubuski\",\"https:\\\/\\\/www.youtube.com\\\/channel\\\/UCHYaeO_n0Db3tjNGudGpXyw\"]},{\"@type\":\"Person\",\"@id\":\"https:\\\/\\\/radioljubuski.ba\\\/#\\\/schema\\\/person\\\/19fc700381a780f69665d7956c469e3b\",\"name\":\"Radio Ljubu\u0161ki\"}]}<\/script>\n<!-- \/ Yoast SEO plugin. -->","yoast_head_json":{"title":"Potpisan ugovor vrijedan vi\u0161e od pola milijuna maraka za obnovu Gimnazije Ljubu\u0161ki - RADIO LJUBU\u0160KI","robots":{"index":"index","follow":"follow","max-snippet":"max-snippet:-1","max-image-preview":"max-image-preview:large","max-video-preview":"max-video-preview:-1"},"canonical":"https:\/\/radioljubuski.ba\/index.php\/2024\/07\/25\/potpisan-ugovor-vrijedan-vise-od-pola-milijuna-maraka-za-obnovu-gimnazije-ljubuski\/","og_locale":"hr_HR","og_type":"article","og_title":"Potpisan ugovor vrijedan vi\u0161e od pola milijuna maraka za obnovu Gimnazije Ljubu\u0161ki - RADIO LJUBU\u0160KI","og_description":"Kako bi u\u010denicima osigurali \u0161to bolje uvjete \u0161kolovanja i nastavnom osoblju olak\u0161ali izvo\u0111enje nastave, Grad Ljubu\u0161ki konstantno ula\u017ee zna\u010dajna financijska sredstva u obnovu i moderniziranje obrazovnih institucija pa \u0107e tako i u ovoj godini biti realizirana dva velika projekta koja \u0107e doprinijeti pobolj\u0161anju infrastrukturnih uvjeta u \u0161kolama. Nakon \u0161to su ranije izvr\u0161eni radovi na utopljavanju [&hellip;]","og_url":"https:\/\/radioljubuski.ba\/index.php\/2024\/07\/25\/potpisan-ugovor-vrijedan-vise-od-pola-milijuna-maraka-za-obnovu-gimnazije-ljubuski\/","og_site_name":"RADIO LJUBU\u0160KI","article_publisher":"https:\/\/www.facebook.com\/Radiio-Ljubuski-1490835324566332","article_published_time":"2024-07-25T16:27:58+00:00","article_modified_time":"2024-07-26T06:38:20+00:00","og_image":[{"width":600,"height":400,"url":"https:\/\/radioljubuski.ba\/wp-content\/uploads\/2024\/07\/IMG_0388.jpeg","type":"image\/jpeg"}],"author":"Radio Ljubu\u0161ki","twitter_card":"summary_large_image","twitter_creator":"@radioljubuski","twitter_site":"@radioljubuski","twitter_misc":{"Napisao\/la":"Radio Ljubu\u0161ki","Procijenjeno vrijeme \u010ditanja":"4 minute"},"schema":{"@context":"https:\/\/schema.org","@graph":[{"@type":"Article","@id":"https:\/\/radioljubuski.ba\/index.php\/2024\/07\/25\/potpisan-ugovor-vrijedan-vise-od-pola-milijuna-maraka-za-obnovu-gimnazije-ljubuski\/#article","isPartOf":{"@id":"https:\/\/radioljubuski.ba\/index.php\/2024\/07\/25\/potpisan-ugovor-vrijedan-vise-od-pola-milijuna-maraka-za-obnovu-gimnazije-ljubuski\/"},"author":{"name":"Radio Ljubu\u0161ki","@id":"https:\/\/radioljubuski.ba\/#\/schema\/person\/19fc700381a780f69665d7956c469e3b"},"headline":"Potpisan ugovor vrijedan vi\u0161e od pola milijuna maraka za obnovu Gimnazije Ljubu\u0161ki","datePublished":"2024-07-25T16:27:58+00:00","dateModified":"2024-07-26T06:38:20+00:00","mainEntityOfPage":{"@id":"https:\/\/radioljubuski.ba\/index.php\/2024\/07\/25\/potpisan-ugovor-vrijedan-vise-od-pola-milijuna-maraka-za-obnovu-gimnazije-ljubuski\/"},"wordCount":699,"publisher":{"@id":"https:\/\/radioljubuski.ba\/#organization"},"image":{"@id":"https:\/\/radioljubuski.ba\/index.php\/2024\/07\/25\/potpisan-ugovor-vrijedan-vise-od-pola-milijuna-maraka-za-obnovu-gimnazije-ljubuski\/#primaryimage"},"thumbnailUrl":"https:\/\/radioljubuski.ba\/wp-content\/uploads\/2024\/07\/IMG_0388.jpeg","articleSection":["Novosti"],"inLanguage":"hr"},{"@type":"WebPage","@id":"https:\/\/radioljubuski.ba\/index.php\/2024\/07\/25\/potpisan-ugovor-vrijedan-vise-od-pola-milijuna-maraka-za-obnovu-gimnazije-ljubuski\/","url":"https:\/\/radioljubuski.ba\/index.php\/2024\/07\/25\/potpisan-ugovor-vrijedan-vise-od-pola-milijuna-maraka-za-obnovu-gimnazije-ljubuski\/","name":"Potpisan ugovor vrijedan vi\u0161e od pola milijuna maraka za obnovu Gimnazije Ljubu\u0161ki - RADIO LJUBU\u0160KI","isPartOf":{"@id":"https:\/\/radioljubuski.ba\/#website"},"primaryImageOfPage":{"@id":"https:\/\/radioljubuski.ba\/index.php\/2024\/07\/25\/potpisan-ugovor-vrijedan-vise-od-pola-milijuna-maraka-za-obnovu-gimnazije-ljubuski\/#primaryimage"},"image":{"@id":"https:\/\/radioljubuski.ba\/index.php\/2024\/07\/25\/potpisan-ugovor-vrijedan-vise-od-pola-milijuna-maraka-za-obnovu-gimnazije-ljubuski\/#primaryimage"},"thumbnailUrl":"https:\/\/radioljubuski.ba\/wp-content\/uploads\/2024\/07\/IMG_0388.jpeg","datePublished":"2024-07-25T16:27:58+00:00","dateModified":"2024-07-26T06:38:20+00:00","breadcrumb":{"@id":"https:\/\/radioljubuski.ba\/index.php\/2024\/07\/25\/potpisan-ugovor-vrijedan-vise-od-pola-milijuna-maraka-za-obnovu-gimnazije-ljubuski\/#breadcrumb"},"inLanguage":"hr","potentialAction":[{"@type":"ReadAction","target":["https:\/\/radioljubuski.ba\/index.php\/2024\/07\/25\/potpisan-ugovor-vrijedan-vise-od-pola-milijuna-maraka-za-obnovu-gimnazije-ljubuski\/"]}]},{"@type":"ImageObject","inLanguage":"hr","@id":"https:\/\/radioljubuski.ba\/index.php\/2024\/07\/25\/potpisan-ugovor-vrijedan-vise-od-pola-milijuna-maraka-za-obnovu-gimnazije-ljubuski\/#primaryimage","url":"https:\/\/radioljubuski.ba\/wp-content\/uploads\/2024\/07\/IMG_0388.jpeg","contentUrl":"https:\/\/radioljubuski.ba\/wp-content\/uploads\/2024\/07\/IMG_0388.jpeg","width":600,"height":400},{"@type":"BreadcrumbList","@id":"https:\/\/radioljubuski.ba\/index.php\/2024\/07\/25\/potpisan-ugovor-vrijedan-vise-od-pola-milijuna-maraka-za-obnovu-gimnazije-ljubuski\/#breadcrumb","itemListElement":[{"@type":"ListItem","position":1,"name":"Po\u010detna stranica","item":"https:\/\/radioljubuski.ba\/"},{"@type":"ListItem","position":2,"name":"Potpisan ugovor vrijedan vi\u0161e od pola milijuna maraka za obnovu Gimnazije Ljubu\u0161ki"}]},{"@type":"WebSite","@id":"https:\/\/radioljubuski.ba\/#website","url":"https:\/\/radioljubuski.ba\/","name":"Radio Ljubu\u0161ki","description":"Sun\u010dana frekvencija Hercegovine","publisher":{"@id":"https:\/\/radioljubuski.ba\/#organization"},"potentialAction":[{"@type":"SearchAction","target":{"@type":"EntryPoint","urlTemplate":"https:\/\/radioljubuski.ba\/?s={search_term_string}"},"query-input":{"@type":"PropertyValueSpecification","valueRequired":true,"valueName":"search_term_string"}}],"inLanguage":"hr"},{"@type":"Organization","@id":"https:\/\/radioljubuski.ba\/#organization","name":"Radio Ljubu\u0161ki","url":"https:\/\/radioljubuski.ba\/","logo":{"@type":"ImageObject","inLanguage":"hr","@id":"https:\/\/radioljubuski.ba\/#\/schema\/logo\/image\/","url":"https:\/\/radioljubuski.ba\/wp-content\/uploads\/2021\/02\/cropped-Radio_Ljubuski_logo1.jpg","contentUrl":"https:\/\/radioljubuski.ba\/wp-content\/uploads\/2021\/02\/cropped-Radio_Ljubuski_logo1.jpg","width":512,"height":512,"caption":"Radio Ljubu\u0161ki"},"image":{"@id":"https:\/\/radioljubuski.ba\/#\/schema\/logo\/image\/"},"sameAs":["https:\/\/www.facebook.com\/Radiio-Ljubuski-1490835324566332","https:\/\/x.com\/radioljubuski","https:\/\/hr.linkedin.com\/company\/radio-ljubuski","https:\/\/www.youtube.com\/channel\/UCHYaeO_n0Db3tjNGudGpXyw"]},{"@type":"Person","@id":"https:\/\/radioljubuski.ba\/#\/schema\/person\/19fc700381a780f69665d7956c469e3b","name":"Radio Ljubu\u0161ki"}]}},"_links":{"self":[{"href":"https:\/\/radioljubuski.ba\/index.php\/wp-json\/wp\/v2\/posts\/207051","targetHints":{"allow":["GET"]}}],"collection":[{"href":"https:\/\/radioljubuski.ba\/index.php\/wp-json\/wp\/v2\/posts"}],"about":[{"href":"https:\/\/radioljubuski.ba\/index.php\/wp-json\/wp\/v2\/types\/post"}],"author":[{"embeddable":true,"href":"https:\/\/radioljubuski.ba\/index.php\/wp-json\/wp\/v2\/users\/2"}],"replies":[{"embeddable":true,"href":"https:\/\/radioljubuski.ba\/index.php\/wp-json\/wp\/v2\/comments?post=207051"}],"version-history":[{"count":4,"href":"https:\/\/radioljubuski.ba\/index.php\/wp-json\/wp\/v2\/posts\/207051\/revisions"}],"predecessor-version":[{"id":207066,"href":"https:\/\/radioljubuski.ba\/index.php\/wp-json\/wp\/v2\/posts\/207051\/revisions\/207066"}],"wp:featuredmedia":[{"embeddable":true,"href":"https:\/\/radioljubuski.ba\/index.php\/wp-json\/wp\/v2\/media\/207052"}],"wp:attachment":[{"href":"https:\/\/radioljubuski.ba\/index.php\/wp-json\/wp\/v2\/media?parent=207051"}],"wp:term":[{"taxonomy":"category","embeddable":true,"href":"https:\/\/radioljubuski.ba\/index.php\/wp-json\/wp\/v2\/categories?post=207051"},{"taxonomy":"post_tag","embeddable":true,"href":"https:\/\/radioljubuski.ba\/index.php\/wp-json\/wp\/v2\/tags?post=207051"}],"curies":[{"name":"wp","href":"https:\/\/api.w.org\/{rel}","templated":true}]}}