{"id":207074,"date":"2024-07-30T07:04:16","date_gmt":"2024-07-30T06:04:16","guid":{"rendered":"https:\/\/radioljubuski.ba\/?p=207074"},"modified":"2024-08-12T09:59:50","modified_gmt":"2024-08-12T08:59:50","slug":"beer-fest-u-ljubuskom-10-i-11-kolovoza","status":"publish","type":"post","link":"https:\/\/radioljubuski.ba\/index.php\/2024\/07\/30\/beer-fest-u-ljubuskom-10-i-11-kolovoza\/","title":{"rendered":"BEER FEST U LJUBU\u0160KOM 10 i 11.KOLOVOZA"},"content":{"rendered":"\n<p>Drugi vikend u kolovozu donosi nam odli\u010dan glazbeni &amp; street food festival- Beer Fest Ljubu\u0161ki 2024!<\/p>\n\n\n\n<p>Ovogodi\u0161nji festival, organiziran od strane Turisti\u010dke zajednice grada Ljubu\u0161kog u suradnji s udrugom LjubFest, donosi vam nastupe glazbenih ikona kao \u0161to su Parni Valjak, Belfast Food i Vojko V, koji \u0107e svojim nastupima 10. i 11. kolovoza odu\u0161eviti posjetitelje.<\/p>\n\n\n\n<figure class=\"wp-block-image size-large\"><img loading=\"lazy\" decoding=\"async\" width=\"819\" height=\"1024\" src=\"https:\/\/radioljubuski.ba\/wp-content\/uploads\/2024\/07\/belfast-food-819x1024.jpg\" alt=\"\" class=\"wp-image-207075\" srcset=\"https:\/\/radioljubuski.ba\/wp-content\/uploads\/2024\/07\/belfast-food-819x1024.jpg 819w, https:\/\/radioljubuski.ba\/wp-content\/uploads\/2024\/07\/belfast-food-240x300.jpg 240w, https:\/\/radioljubuski.ba\/wp-content\/uploads\/2024\/07\/belfast-food-768x960.jpg 768w, https:\/\/radioljubuski.ba\/wp-content\/uploads\/2024\/07\/belfast-food-1229x1536.jpg 1229w, https:\/\/radioljubuski.ba\/wp-content\/uploads\/2024\/07\/belfast-food-10x12.jpg 10w, https:\/\/radioljubuski.ba\/wp-content\/uploads\/2024\/07\/belfast-food.jpg 1638w\" sizes=\"auto, (max-width: 819px) 100vw, 819px\" \/><\/figure>\n\n\n\n<figure class=\"wp-block-image size-large\"><img loading=\"lazy\" decoding=\"async\" width=\"819\" height=\"1024\" src=\"https:\/\/radioljubuski.ba\/wp-content\/uploads\/2024\/07\/vojko-v-819x1024.jpg\" alt=\"\" class=\"wp-image-207076\" srcset=\"https:\/\/radioljubuski.ba\/wp-content\/uploads\/2024\/07\/vojko-v-819x1024.jpg 819w, https:\/\/radioljubuski.ba\/wp-content\/uploads\/2024\/07\/vojko-v-240x300.jpg 240w, https:\/\/radioljubuski.ba\/wp-content\/uploads\/2024\/07\/vojko-v-768x960.jpg 768w, https:\/\/radioljubuski.ba\/wp-content\/uploads\/2024\/07\/vojko-v-1229x1536.jpg 1229w, https:\/\/radioljubuski.ba\/wp-content\/uploads\/2024\/07\/vojko-v-10x12.jpg 10w, https:\/\/radioljubuski.ba\/wp-content\/uploads\/2024\/07\/vojko-v.jpg 1638w\" sizes=\"auto, (max-width: 819px) 100vw, 819px\" \/><\/figure>\n\n\n\n<figure class=\"wp-block-image size-large\"><img loading=\"lazy\" decoding=\"async\" width=\"819\" height=\"1024\" src=\"https:\/\/radioljubuski.ba\/wp-content\/uploads\/2024\/07\/parni-valjak-819x1024.jpg\" alt=\"\" class=\"wp-image-207250\" srcset=\"https:\/\/radioljubuski.ba\/wp-content\/uploads\/2024\/07\/parni-valjak-819x1024.jpg 819w, https:\/\/radioljubuski.ba\/wp-content\/uploads\/2024\/07\/parni-valjak-240x300.jpg 240w, https:\/\/radioljubuski.ba\/wp-content\/uploads\/2024\/07\/parni-valjak-768x960.jpg 768w, https:\/\/radioljubuski.ba\/wp-content\/uploads\/2024\/07\/parni-valjak-1229x1536.jpg 1229w, https:\/\/radioljubuski.ba\/wp-content\/uploads\/2024\/07\/parni-valjak-10x12.jpg 10w, https:\/\/radioljubuski.ba\/wp-content\/uploads\/2024\/07\/parni-valjak.jpg 1638w\" sizes=\"auto, (max-width: 819px) 100vw, 819px\" \/><\/figure>\n\n\n\n<p>Osim vrhunskog glazbenog programa, festival nudi i bogatu ponudu raznih craft i komercijalnih piva, ali i street food hrane, koja \u0107e zadovoljiti sve gurmane. Posjetitelje ove godine o\u010dekuju mnoge novosti u odnosu na prethodne godine, \u0161to \u0107e ovaj festival u\u010diniti nezaboravnim.<\/p>\n\n\n\n<p> Ne propustite priliku za nezaboravni vikend ispunjen glazbom, odli\u010dnim pivom i fantasti\u010dnom hranom. Organizatori su i ove godine omogu\u0107ili besplatan ulaz za sve posjetitelje.<\/p>\n\n\n\n<p>Vidimo se na Beer Festu Ljubu\u0161ki 2024.!<\/p>\n","protected":false},"excerpt":{"rendered":"<p>Drugi vikend u kolovozu donosi nam odli\u010dan glazbeni &amp; street food festival- Beer Fest Ljubu\u0161ki 2024! Ovogodi\u0161nji festival, organiziran od strane Turisti\u010dke zajednice grada Ljubu\u0161kog u suradnji s udrugom LjubFest, donosi vam nastupe glazbenih ikona kao \u0161to su Parni Valjak, Belfast Food i Vojko V, koji \u0107e svojim nastupima 10. i 11. kolovoza odu\u0161eviti posjetitelje. [&hellip;]<\/p>\n","protected":false},"author":2,"featured_media":207078,"comment_status":"closed","ping_status":"closed","sticky":false,"template":"","format":"standard","meta":{"h5ap_radio_sources":[],"footnotes":""},"categories":[1,3],"tags":[],"class_list":["post-207074","post","type-post","status-publish","format-standard","has-post-thumbnail","hentry","category-bihiregija","category-ljubuski"],"yoast_head":"<!-- This site is optimized with the Yoast SEO plugin v27.5 - https:\/\/yoast.com\/product\/yoast-seo-wordpress\/ -->\n<title>BEER FEST U LJUBU\u0160KOM 10 i 11.KOLOVOZA - RADIO LJUBU\u0160KI<\/title>\n<meta name=\"robots\" content=\"index, follow, max-snippet:-1, max-image-preview:large, max-video-preview:-1\" \/>\n<link rel=\"canonical\" href=\"https:\/\/radioljubuski.ba\/index.php\/2024\/07\/30\/beer-fest-u-ljubuskom-10-i-11-kolovoza\/\" \/>\n<meta property=\"og:locale\" content=\"hr_HR\" \/>\n<meta property=\"og:type\" content=\"article\" \/>\n<meta property=\"og:title\" content=\"BEER FEST U LJUBU\u0160KOM 10 i 11.KOLOVOZA - RADIO LJUBU\u0160KI\" \/>\n<meta property=\"og:description\" content=\"Drugi vikend u kolovozu donosi nam odli\u010dan glazbeni &amp; street food festival- Beer Fest Ljubu\u0161ki 2024! Ovogodi\u0161nji festival, organiziran od strane Turisti\u010dke zajednice grada Ljubu\u0161kog u suradnji s udrugom LjubFest, donosi vam nastupe glazbenih ikona kao \u0161to su Parni Valjak, Belfast Food i Vojko V, koji \u0107e svojim nastupima 10. i 11. kolovoza odu\u0161eviti posjetitelje. [&hellip;]\" \/>\n<meta property=\"og:url\" content=\"https:\/\/radioljubuski.ba\/index.php\/2024\/07\/30\/beer-fest-u-ljubuskom-10-i-11-kolovoza\/\" \/>\n<meta property=\"og:site_name\" content=\"RADIO LJUBU\u0160KI\" \/>\n<meta property=\"article:publisher\" content=\"https:\/\/www.facebook.com\/Radiio-Ljubuski-1490835324566332\" \/>\n<meta property=\"article:published_time\" content=\"2024-07-30T06:04:16+00:00\" \/>\n<meta property=\"article:modified_time\" content=\"2024-08-12T08:59:50+00:00\" \/>\n<meta property=\"og:image\" content=\"https:\/\/radioljubuski.ba\/wp-content\/uploads\/2024\/07\/beer-fest.jpg\" \/>\n\t<meta property=\"og:image:width\" content=\"1641\" \/>\n\t<meta property=\"og:image:height\" content=\"721\" \/>\n\t<meta property=\"og:image:type\" content=\"image\/jpeg\" \/>\n<meta name=\"author\" content=\"Radio Ljubu\u0161ki\" \/>\n<meta name=\"twitter:card\" content=\"summary_large_image\" \/>\n<meta name=\"twitter:creator\" content=\"@radioljubuski\" \/>\n<meta name=\"twitter:site\" content=\"@radioljubuski\" \/>\n<meta name=\"twitter:label1\" content=\"Napisao\/la\" \/>\n\t<meta name=\"twitter:data1\" content=\"Radio Ljubu\u0161ki\" \/>\n\t<meta name=\"twitter:label2\" content=\"Procijenjeno vrijeme \u010ditanja\" \/>\n\t<meta name=\"twitter:data2\" content=\"2 minute\" \/>\n<script type=\"application\/ld+json\" class=\"yoast-schema-graph\">{\"@context\":\"https:\\\/\\\/schema.org\",\"@graph\":[{\"@type\":\"Article\",\"@id\":\"https:\\\/\\\/radioljubuski.ba\\\/index.php\\\/2024\\\/07\\\/30\\\/beer-fest-u-ljubuskom-10-i-11-kolovoza\\\/#article\",\"isPartOf\":{\"@id\":\"https:\\\/\\\/radioljubuski.ba\\\/index.php\\\/2024\\\/07\\\/30\\\/beer-fest-u-ljubuskom-10-i-11-kolovoza\\\/\"},\"author\":{\"name\":\"Radio Ljubu\u0161ki\",\"@id\":\"https:\\\/\\\/radioljubuski.ba\\\/#\\\/schema\\\/person\\\/19fc700381a780f69665d7956c469e3b\"},\"headline\":\"BEER FEST U LJUBU\u0160KOM 10 i 11.KOLOVOZA\",\"datePublished\":\"2024-07-30T06:04:16+00:00\",\"dateModified\":\"2024-08-12T08:59:50+00:00\",\"mainEntityOfPage\":{\"@id\":\"https:\\\/\\\/radioljubuski.ba\\\/index.php\\\/2024\\\/07\\\/30\\\/beer-fest-u-ljubuskom-10-i-11-kolovoza\\\/\"},\"wordCount\":142,\"publisher\":{\"@id\":\"https:\\\/\\\/radioljubuski.ba\\\/#organization\"},\"image\":{\"@id\":\"https:\\\/\\\/radioljubuski.ba\\\/index.php\\\/2024\\\/07\\\/30\\\/beer-fest-u-ljubuskom-10-i-11-kolovoza\\\/#primaryimage\"},\"thumbnailUrl\":\"https:\\\/\\\/radioljubuski.ba\\\/wp-content\\\/uploads\\\/2024\\\/07\\\/beer-fest.jpg\",\"articleSection\":[\"BIH i regija\",\"Ljubu\u0161ki\"],\"inLanguage\":\"hr\"},{\"@type\":\"WebPage\",\"@id\":\"https:\\\/\\\/radioljubuski.ba\\\/index.php\\\/2024\\\/07\\\/30\\\/beer-fest-u-ljubuskom-10-i-11-kolovoza\\\/\",\"url\":\"https:\\\/\\\/radioljubuski.ba\\\/index.php\\\/2024\\\/07\\\/30\\\/beer-fest-u-ljubuskom-10-i-11-kolovoza\\\/\",\"name\":\"BEER FEST U LJUBU\u0160KOM 10 i 11.KOLOVOZA - RADIO LJUBU\u0160KI\",\"isPartOf\":{\"@id\":\"https:\\\/\\\/radioljubuski.ba\\\/#website\"},\"primaryImageOfPage\":{\"@id\":\"https:\\\/\\\/radioljubuski.ba\\\/index.php\\\/2024\\\/07\\\/30\\\/beer-fest-u-ljubuskom-10-i-11-kolovoza\\\/#primaryimage\"},\"image\":{\"@id\":\"https:\\\/\\\/radioljubuski.ba\\\/index.php\\\/2024\\\/07\\\/30\\\/beer-fest-u-ljubuskom-10-i-11-kolovoza\\\/#primaryimage\"},\"thumbnailUrl\":\"https:\\\/\\\/radioljubuski.ba\\\/wp-content\\\/uploads\\\/2024\\\/07\\\/beer-fest.jpg\",\"datePublished\":\"2024-07-30T06:04:16+00:00\",\"dateModified\":\"2024-08-12T08:59:50+00:00\",\"breadcrumb\":{\"@id\":\"https:\\\/\\\/radioljubuski.ba\\\/index.php\\\/2024\\\/07\\\/30\\\/beer-fest-u-ljubuskom-10-i-11-kolovoza\\\/#breadcrumb\"},\"inLanguage\":\"hr\",\"potentialAction\":[{\"@type\":\"ReadAction\",\"target\":[\"https:\\\/\\\/radioljubuski.ba\\\/index.php\\\/2024\\\/07\\\/30\\\/beer-fest-u-ljubuskom-10-i-11-kolovoza\\\/\"]}]},{\"@type\":\"ImageObject\",\"inLanguage\":\"hr\",\"@id\":\"https:\\\/\\\/radioljubuski.ba\\\/index.php\\\/2024\\\/07\\\/30\\\/beer-fest-u-ljubuskom-10-i-11-kolovoza\\\/#primaryimage\",\"url\":\"https:\\\/\\\/radioljubuski.ba\\\/wp-content\\\/uploads\\\/2024\\\/07\\\/beer-fest.jpg\",\"contentUrl\":\"https:\\\/\\\/radioljubuski.ba\\\/wp-content\\\/uploads\\\/2024\\\/07\\\/beer-fest.jpg\",\"width\":1641,\"height\":721},{\"@type\":\"BreadcrumbList\",\"@id\":\"https:\\\/\\\/radioljubuski.ba\\\/index.php\\\/2024\\\/07\\\/30\\\/beer-fest-u-ljubuskom-10-i-11-kolovoza\\\/#breadcrumb\",\"itemListElement\":[{\"@type\":\"ListItem\",\"position\":1,\"name\":\"Po\u010detna stranica\",\"item\":\"https:\\\/\\\/radioljubuski.ba\\\/\"},{\"@type\":\"ListItem\",\"position\":2,\"name\":\"BEER FEST U LJUBU\u0160KOM 10 i 11.KOLOVOZA\"}]},{\"@type\":\"WebSite\",\"@id\":\"https:\\\/\\\/radioljubuski.ba\\\/#website\",\"url\":\"https:\\\/\\\/radioljubuski.ba\\\/\",\"name\":\"Radio Ljubu\u0161ki\",\"description\":\"Sun\u010dana frekvencija Hercegovine\",\"publisher\":{\"@id\":\"https:\\\/\\\/radioljubuski.ba\\\/#organization\"},\"potentialAction\":[{\"@type\":\"SearchAction\",\"target\":{\"@type\":\"EntryPoint\",\"urlTemplate\":\"https:\\\/\\\/radioljubuski.ba\\\/?s={search_term_string}\"},\"query-input\":{\"@type\":\"PropertyValueSpecification\",\"valueRequired\":true,\"valueName\":\"search_term_string\"}}],\"inLanguage\":\"hr\"},{\"@type\":\"Organization\",\"@id\":\"https:\\\/\\\/radioljubuski.ba\\\/#organization\",\"name\":\"Radio Ljubu\u0161ki\",\"url\":\"https:\\\/\\\/radioljubuski.ba\\\/\",\"logo\":{\"@type\":\"ImageObject\",\"inLanguage\":\"hr\",\"@id\":\"https:\\\/\\\/radioljubuski.ba\\\/#\\\/schema\\\/logo\\\/image\\\/\",\"url\":\"https:\\\/\\\/radioljubuski.ba\\\/wp-content\\\/uploads\\\/2021\\\/02\\\/cropped-Radio_Ljubuski_logo1.jpg\",\"contentUrl\":\"https:\\\/\\\/radioljubuski.ba\\\/wp-content\\\/uploads\\\/2021\\\/02\\\/cropped-Radio_Ljubuski_logo1.jpg\",\"width\":512,\"height\":512,\"caption\":\"Radio Ljubu\u0161ki\"},\"image\":{\"@id\":\"https:\\\/\\\/radioljubuski.ba\\\/#\\\/schema\\\/logo\\\/image\\\/\"},\"sameAs\":[\"https:\\\/\\\/www.facebook.com\\\/Radiio-Ljubuski-1490835324566332\",\"https:\\\/\\\/x.com\\\/radioljubuski\",\"https:\\\/\\\/hr.linkedin.com\\\/company\\\/radio-ljubuski\",\"https:\\\/\\\/www.youtube.com\\\/channel\\\/UCHYaeO_n0Db3tjNGudGpXyw\"]},{\"@type\":\"Person\",\"@id\":\"https:\\\/\\\/radioljubuski.ba\\\/#\\\/schema\\\/person\\\/19fc700381a780f69665d7956c469e3b\",\"name\":\"Radio Ljubu\u0161ki\"}]}<\/script>\n<!-- \/ Yoast SEO plugin. -->","yoast_head_json":{"title":"BEER FEST U LJUBU\u0160KOM 10 i 11.KOLOVOZA - RADIO LJUBU\u0160KI","robots":{"index":"index","follow":"follow","max-snippet":"max-snippet:-1","max-image-preview":"max-image-preview:large","max-video-preview":"max-video-preview:-1"},"canonical":"https:\/\/radioljubuski.ba\/index.php\/2024\/07\/30\/beer-fest-u-ljubuskom-10-i-11-kolovoza\/","og_locale":"hr_HR","og_type":"article","og_title":"BEER FEST U LJUBU\u0160KOM 10 i 11.KOLOVOZA - RADIO LJUBU\u0160KI","og_description":"Drugi vikend u kolovozu donosi nam odli\u010dan glazbeni &amp; street food festival- Beer Fest Ljubu\u0161ki 2024! Ovogodi\u0161nji festival, organiziran od strane Turisti\u010dke zajednice grada Ljubu\u0161kog u suradnji s udrugom LjubFest, donosi vam nastupe glazbenih ikona kao \u0161to su Parni Valjak, Belfast Food i Vojko V, koji \u0107e svojim nastupima 10. i 11. kolovoza odu\u0161eviti posjetitelje. [&hellip;]","og_url":"https:\/\/radioljubuski.ba\/index.php\/2024\/07\/30\/beer-fest-u-ljubuskom-10-i-11-kolovoza\/","og_site_name":"RADIO LJUBU\u0160KI","article_publisher":"https:\/\/www.facebook.com\/Radiio-Ljubuski-1490835324566332","article_published_time":"2024-07-30T06:04:16+00:00","article_modified_time":"2024-08-12T08:59:50+00:00","og_image":[{"width":1641,"height":721,"url":"https:\/\/radioljubuski.ba\/wp-content\/uploads\/2024\/07\/beer-fest.jpg","type":"image\/jpeg"}],"author":"Radio Ljubu\u0161ki","twitter_card":"summary_large_image","twitter_creator":"@radioljubuski","twitter_site":"@radioljubuski","twitter_misc":{"Napisao\/la":"Radio Ljubu\u0161ki","Procijenjeno vrijeme \u010ditanja":"2 minute"},"schema":{"@context":"https:\/\/schema.org","@graph":[{"@type":"Article","@id":"https:\/\/radioljubuski.ba\/index.php\/2024\/07\/30\/beer-fest-u-ljubuskom-10-i-11-kolovoza\/#article","isPartOf":{"@id":"https:\/\/radioljubuski.ba\/index.php\/2024\/07\/30\/beer-fest-u-ljubuskom-10-i-11-kolovoza\/"},"author":{"name":"Radio Ljubu\u0161ki","@id":"https:\/\/radioljubuski.ba\/#\/schema\/person\/19fc700381a780f69665d7956c469e3b"},"headline":"BEER FEST U LJUBU\u0160KOM 10 i 11.KOLOVOZA","datePublished":"2024-07-30T06:04:16+00:00","dateModified":"2024-08-12T08:59:50+00:00","mainEntityOfPage":{"@id":"https:\/\/radioljubuski.ba\/index.php\/2024\/07\/30\/beer-fest-u-ljubuskom-10-i-11-kolovoza\/"},"wordCount":142,"publisher":{"@id":"https:\/\/radioljubuski.ba\/#organization"},"image":{"@id":"https:\/\/radioljubuski.ba\/index.php\/2024\/07\/30\/beer-fest-u-ljubuskom-10-i-11-kolovoza\/#primaryimage"},"thumbnailUrl":"https:\/\/radioljubuski.ba\/wp-content\/uploads\/2024\/07\/beer-fest.jpg","articleSection":["BIH i regija","Ljubu\u0161ki"],"inLanguage":"hr"},{"@type":"WebPage","@id":"https:\/\/radioljubuski.ba\/index.php\/2024\/07\/30\/beer-fest-u-ljubuskom-10-i-11-kolovoza\/","url":"https:\/\/radioljubuski.ba\/index.php\/2024\/07\/30\/beer-fest-u-ljubuskom-10-i-11-kolovoza\/","name":"BEER FEST U LJUBU\u0160KOM 10 i 11.KOLOVOZA - RADIO LJUBU\u0160KI","isPartOf":{"@id":"https:\/\/radioljubuski.ba\/#website"},"primaryImageOfPage":{"@id":"https:\/\/radioljubuski.ba\/index.php\/2024\/07\/30\/beer-fest-u-ljubuskom-10-i-11-kolovoza\/#primaryimage"},"image":{"@id":"https:\/\/radioljubuski.ba\/index.php\/2024\/07\/30\/beer-fest-u-ljubuskom-10-i-11-kolovoza\/#primaryimage"},"thumbnailUrl":"https:\/\/radioljubuski.ba\/wp-content\/uploads\/2024\/07\/beer-fest.jpg","datePublished":"2024-07-30T06:04:16+00:00","dateModified":"2024-08-12T08:59:50+00:00","breadcrumb":{"@id":"https:\/\/radioljubuski.ba\/index.php\/2024\/07\/30\/beer-fest-u-ljubuskom-10-i-11-kolovoza\/#breadcrumb"},"inLanguage":"hr","potentialAction":[{"@type":"ReadAction","target":["https:\/\/radioljubuski.ba\/index.php\/2024\/07\/30\/beer-fest-u-ljubuskom-10-i-11-kolovoza\/"]}]},{"@type":"ImageObject","inLanguage":"hr","@id":"https:\/\/radioljubuski.ba\/index.php\/2024\/07\/30\/beer-fest-u-ljubuskom-10-i-11-kolovoza\/#primaryimage","url":"https:\/\/radioljubuski.ba\/wp-content\/uploads\/2024\/07\/beer-fest.jpg","contentUrl":"https:\/\/radioljubuski.ba\/wp-content\/uploads\/2024\/07\/beer-fest.jpg","width":1641,"height":721},{"@type":"BreadcrumbList","@id":"https:\/\/radioljubuski.ba\/index.php\/2024\/07\/30\/beer-fest-u-ljubuskom-10-i-11-kolovoza\/#breadcrumb","itemListElement":[{"@type":"ListItem","position":1,"name":"Po\u010detna stranica","item":"https:\/\/radioljubuski.ba\/"},{"@type":"ListItem","position":2,"name":"BEER FEST U LJUBU\u0160KOM 10 i 11.KOLOVOZA"}]},{"@type":"WebSite","@id":"https:\/\/radioljubuski.ba\/#website","url":"https:\/\/radioljubuski.ba\/","name":"Radio Ljubu\u0161ki","description":"Sun\u010dana frekvencija Hercegovine","publisher":{"@id":"https:\/\/radioljubuski.ba\/#organization"},"potentialAction":[{"@type":"SearchAction","target":{"@type":"EntryPoint","urlTemplate":"https:\/\/radioljubuski.ba\/?s={search_term_string}"},"query-input":{"@type":"PropertyValueSpecification","valueRequired":true,"valueName":"search_term_string"}}],"inLanguage":"hr"},{"@type":"Organization","@id":"https:\/\/radioljubuski.ba\/#organization","name":"Radio Ljubu\u0161ki","url":"https:\/\/radioljubuski.ba\/","logo":{"@type":"ImageObject","inLanguage":"hr","@id":"https:\/\/radioljubuski.ba\/#\/schema\/logo\/image\/","url":"https:\/\/radioljubuski.ba\/wp-content\/uploads\/2021\/02\/cropped-Radio_Ljubuski_logo1.jpg","contentUrl":"https:\/\/radioljubuski.ba\/wp-content\/uploads\/2021\/02\/cropped-Radio_Ljubuski_logo1.jpg","width":512,"height":512,"caption":"Radio Ljubu\u0161ki"},"image":{"@id":"https:\/\/radioljubuski.ba\/#\/schema\/logo\/image\/"},"sameAs":["https:\/\/www.facebook.com\/Radiio-Ljubuski-1490835324566332","https:\/\/x.com\/radioljubuski","https:\/\/hr.linkedin.com\/company\/radio-ljubuski","https:\/\/www.youtube.com\/channel\/UCHYaeO_n0Db3tjNGudGpXyw"]},{"@type":"Person","@id":"https:\/\/radioljubuski.ba\/#\/schema\/person\/19fc700381a780f69665d7956c469e3b","name":"Radio Ljubu\u0161ki"}]}},"_links":{"self":[{"href":"https:\/\/radioljubuski.ba\/index.php\/wp-json\/wp\/v2\/posts\/207074","targetHints":{"allow":["GET"]}}],"collection":[{"href":"https:\/\/radioljubuski.ba\/index.php\/wp-json\/wp\/v2\/posts"}],"about":[{"href":"https:\/\/radioljubuski.ba\/index.php\/wp-json\/wp\/v2\/types\/post"}],"author":[{"embeddable":true,"href":"https:\/\/radioljubuski.ba\/index.php\/wp-json\/wp\/v2\/users\/2"}],"replies":[{"embeddable":true,"href":"https:\/\/radioljubuski.ba\/index.php\/wp-json\/wp\/v2\/comments?post=207074"}],"version-history":[{"count":2,"href":"https:\/\/radioljubuski.ba\/index.php\/wp-json\/wp\/v2\/posts\/207074\/revisions"}],"predecessor-version":[{"id":207251,"href":"https:\/\/radioljubuski.ba\/index.php\/wp-json\/wp\/v2\/posts\/207074\/revisions\/207251"}],"wp:featuredmedia":[{"embeddable":true,"href":"https:\/\/radioljubuski.ba\/index.php\/wp-json\/wp\/v2\/media\/207078"}],"wp:attachment":[{"href":"https:\/\/radioljubuski.ba\/index.php\/wp-json\/wp\/v2\/media?parent=207074"}],"wp:term":[{"taxonomy":"category","embeddable":true,"href":"https:\/\/radioljubuski.ba\/index.php\/wp-json\/wp\/v2\/categories?post=207074"},{"taxonomy":"post_tag","embeddable":true,"href":"https:\/\/radioljubuski.ba\/index.php\/wp-json\/wp\/v2\/tags?post=207074"}],"curies":[{"name":"wp","href":"https:\/\/api.w.org\/{rel}","templated":true}]}}