{"id":207084,"date":"2024-07-26T11:54:12","date_gmt":"2024-07-26T10:54:12","guid":{"rendered":"https:\/\/radioljubuski.ba\/?p=207084"},"modified":"2024-09-04T19:11:03","modified_gmt":"2024-09-04T18:11:03","slug":"biopharm-ljekarna-ljubuski-i-vitina-najava-mjerenje-gustoce-kostiju","status":"publish","type":"post","link":"https:\/\/radioljubuski.ba\/index.php\/2024\/07\/26\/biopharm-ljekarna-ljubuski-i-vitina-najava-mjerenje-gustoce-kostiju\/","title":{"rendered":"Biopharm ljekarne Ljubu\u0161ki i Vitina: Najava mjerenja gusto\u0107e kostiju u ponedjeljak i utorak"},"content":{"rendered":"\n<p>Ultrazvu\u010dna osteodenzitometrija, metoda kojom se na osnovu petne kosti procjenjuje mineralna gusto\u0107a kostiju, mogu\u0107a je u ljekarnama Biopharm.<\/p>\n\n\n\n<p>Metoda se radi pomo\u0107u ultrazvu\u010dnog denzitometra, ure\u0111aja koji daje najbr\u017ei i najjednostavniji uvid u mineralnu gusto\u0107u petne kosti.<\/p>\n\n\n\n<p>\u27a1\ufe0f Svoj termin rezerviirajte na vrijeme:<\/p>\n\n\n\n<p><strong>Ponedjeljak 29.07. Biopharm ljekarna Ljubu\u0161ki u u PC \u00a0Namex \ud83d\udccdStjepana Radi\u0107a b.b., \ud83d\udcde 039\/832-230 u periodu od 9h &#8211; 13h<\/strong><\/p>\n\n\n\n<p><strong>Utorak 30.07.Biopharm ljekarna Vitina \ud83d\udccd Vitina b.b., \ud83d\udcde 039\/841-261 u periodu od 9h &#8211; 13h<\/strong><\/p>\n\n\n\n<p>\u010cekamo Vas! \u2728<\/p>\n\n\n\n<p><\/p>\n\n\n\n<figure class=\"wp-block-gallery has-nested-images columns-default is-cropped wp-block-gallery-1 is-layout-flex wp-block-gallery-is-layout-flex\">\n<figure class=\"wp-block-image size-large\"><img loading=\"lazy\" decoding=\"async\" width=\"1024\" height=\"1024\" data-id=\"207086\" src=\"https:\/\/radioljubuski.ba\/wp-content\/uploads\/2024\/07\/90efe06c-ff81-4da3-84e3-0b5bf05d4050-1024x1024.jpg\" alt=\"\" class=\"wp-image-207086\" srcset=\"https:\/\/radioljubuski.ba\/wp-content\/uploads\/2024\/07\/90efe06c-ff81-4da3-84e3-0b5bf05d4050-1024x1024.jpg 1024w, https:\/\/radioljubuski.ba\/wp-content\/uploads\/2024\/07\/90efe06c-ff81-4da3-84e3-0b5bf05d4050-300x300.jpg 300w, https:\/\/radioljubuski.ba\/wp-content\/uploads\/2024\/07\/90efe06c-ff81-4da3-84e3-0b5bf05d4050-150x150.jpg 150w, https:\/\/radioljubuski.ba\/wp-content\/uploads\/2024\/07\/90efe06c-ff81-4da3-84e3-0b5bf05d4050-768x768.jpg 768w, https:\/\/radioljubuski.ba\/wp-content\/uploads\/2024\/07\/90efe06c-ff81-4da3-84e3-0b5bf05d4050-12x12.jpg 12w, https:\/\/radioljubuski.ba\/wp-content\/uploads\/2024\/07\/90efe06c-ff81-4da3-84e3-0b5bf05d4050.jpg 1080w\" sizes=\"auto, (max-width: 1024px) 100vw, 1024px\" \/><\/figure>\n<\/figure>\n\n\n\n<p>Promo<\/p>\n","protected":false},"excerpt":{"rendered":"<p>Ultrazvu\u010dna osteodenzitometrija, metoda kojom se na osnovu petne kosti procjenjuje mineralna gusto\u0107a kostiju, mogu\u0107a je u ljekarnama Biopharm. Metoda se radi pomo\u0107u ultrazvu\u010dnog denzitometra, ure\u0111aja koji daje najbr\u017ei i najjednostavniji uvid u mineralnu gusto\u0107u petne kosti. \u27a1\ufe0f Svoj termin rezerviirajte na vrijeme: Ponedjeljak 29.07. Biopharm ljekarna Ljubu\u0161ki u u PC \u00a0Namex \ud83d\udccdStjepana Radi\u0107a b.b., \ud83d\udcde [&hellip;]<\/p>\n","protected":false},"author":2,"featured_media":207085,"comment_status":"closed","ping_status":"closed","sticky":false,"template":"","format":"standard","meta":{"h5ap_radio_sources":[],"footnotes":""},"categories":[1],"tags":[],"class_list":["post-207084","post","type-post","status-publish","format-standard","has-post-thumbnail","hentry","category-bihiregija"],"yoast_head":"<!-- This site is optimized with the Yoast SEO plugin v27.5 - https:\/\/yoast.com\/product\/yoast-seo-wordpress\/ -->\n<title>Biopharm ljekarne Ljubu\u0161ki i Vitina: Najava mjerenja gusto\u0107e kostiju u ponedjeljak i utorak - RADIO LJUBU\u0160KI<\/title>\n<meta name=\"robots\" content=\"index, follow, max-snippet:-1, max-image-preview:large, max-video-preview:-1\" \/>\n<link rel=\"canonical\" href=\"https:\/\/radioljubuski.ba\/index.php\/2024\/07\/26\/biopharm-ljekarna-ljubuski-i-vitina-najava-mjerenje-gustoce-kostiju\/\" \/>\n<meta property=\"og:locale\" content=\"hr_HR\" \/>\n<meta property=\"og:type\" content=\"article\" \/>\n<meta property=\"og:title\" content=\"Biopharm ljekarne Ljubu\u0161ki i Vitina: Najava mjerenja gusto\u0107e kostiju u ponedjeljak i utorak - RADIO LJUBU\u0160KI\" \/>\n<meta property=\"og:description\" content=\"Ultrazvu\u010dna osteodenzitometrija, metoda kojom se na osnovu petne kosti procjenjuje mineralna gusto\u0107a kostiju, mogu\u0107a je u ljekarnama Biopharm. Metoda se radi pomo\u0107u ultrazvu\u010dnog denzitometra, ure\u0111aja koji daje najbr\u017ei i najjednostavniji uvid u mineralnu gusto\u0107u petne kosti. \u27a1\ufe0f Svoj termin rezerviirajte na vrijeme: Ponedjeljak 29.07. Biopharm ljekarna Ljubu\u0161ki u u PC \u00a0Namex \ud83d\udccdStjepana Radi\u0107a b.b., \ud83d\udcde [&hellip;]\" \/>\n<meta property=\"og:url\" content=\"https:\/\/radioljubuski.ba\/index.php\/2024\/07\/26\/biopharm-ljekarna-ljubuski-i-vitina-najava-mjerenje-gustoce-kostiju\/\" \/>\n<meta property=\"og:site_name\" content=\"RADIO LJUBU\u0160KI\" \/>\n<meta property=\"article:publisher\" content=\"https:\/\/www.facebook.com\/Radiio-Ljubuski-1490835324566332\" \/>\n<meta property=\"article:published_time\" content=\"2024-07-26T10:54:12+00:00\" \/>\n<meta property=\"article:modified_time\" content=\"2024-09-04T18:11:03+00:00\" \/>\n<meta property=\"og:image\" content=\"https:\/\/radioljubuski.ba\/wp-content\/uploads\/2024\/07\/05ffdd6b-8dfa-4156-a896-69681246c40b.jpg\" \/>\n\t<meta property=\"og:image:width\" content=\"1080\" \/>\n\t<meta property=\"og:image:height\" content=\"1080\" \/>\n\t<meta property=\"og:image:type\" content=\"image\/jpeg\" \/>\n<meta name=\"author\" content=\"Radio Ljubu\u0161ki\" \/>\n<meta name=\"twitter:card\" content=\"summary_large_image\" \/>\n<meta name=\"twitter:creator\" content=\"@radioljubuski\" \/>\n<meta name=\"twitter:site\" content=\"@radioljubuski\" \/>\n<meta name=\"twitter:label1\" content=\"Napisao\/la\" \/>\n\t<meta name=\"twitter:data1\" content=\"Radio Ljubu\u0161ki\" \/>\n\t<meta name=\"twitter:label2\" content=\"Procijenjeno vrijeme \u010ditanja\" \/>\n\t<meta name=\"twitter:data2\" content=\"1 minuta\" \/>\n<script type=\"application\/ld+json\" class=\"yoast-schema-graph\">{\"@context\":\"https:\\\/\\\/schema.org\",\"@graph\":[{\"@type\":\"Article\",\"@id\":\"https:\\\/\\\/radioljubuski.ba\\\/index.php\\\/2024\\\/07\\\/26\\\/biopharm-ljekarna-ljubuski-i-vitina-najava-mjerenje-gustoce-kostiju\\\/#article\",\"isPartOf\":{\"@id\":\"https:\\\/\\\/radioljubuski.ba\\\/index.php\\\/2024\\\/07\\\/26\\\/biopharm-ljekarna-ljubuski-i-vitina-najava-mjerenje-gustoce-kostiju\\\/\"},\"author\":{\"name\":\"Radio Ljubu\u0161ki\",\"@id\":\"https:\\\/\\\/radioljubuski.ba\\\/#\\\/schema\\\/person\\\/19fc700381a780f69665d7956c469e3b\"},\"headline\":\"Biopharm ljekarne Ljubu\u0161ki i Vitina: Najava mjerenja gusto\u0107e kostiju u ponedjeljak i utorak\",\"datePublished\":\"2024-07-26T10:54:12+00:00\",\"dateModified\":\"2024-09-04T18:11:03+00:00\",\"mainEntityOfPage\":{\"@id\":\"https:\\\/\\\/radioljubuski.ba\\\/index.php\\\/2024\\\/07\\\/26\\\/biopharm-ljekarna-ljubuski-i-vitina-najava-mjerenje-gustoce-kostiju\\\/\"},\"wordCount\":102,\"publisher\":{\"@id\":\"https:\\\/\\\/radioljubuski.ba\\\/#organization\"},\"image\":{\"@id\":\"https:\\\/\\\/radioljubuski.ba\\\/index.php\\\/2024\\\/07\\\/26\\\/biopharm-ljekarna-ljubuski-i-vitina-najava-mjerenje-gustoce-kostiju\\\/#primaryimage\"},\"thumbnailUrl\":\"https:\\\/\\\/radioljubuski.ba\\\/wp-content\\\/uploads\\\/2024\\\/07\\\/05ffdd6b-8dfa-4156-a896-69681246c40b.jpg\",\"articleSection\":[\"BIH i regija\"],\"inLanguage\":\"hr\"},{\"@type\":\"WebPage\",\"@id\":\"https:\\\/\\\/radioljubuski.ba\\\/index.php\\\/2024\\\/07\\\/26\\\/biopharm-ljekarna-ljubuski-i-vitina-najava-mjerenje-gustoce-kostiju\\\/\",\"url\":\"https:\\\/\\\/radioljubuski.ba\\\/index.php\\\/2024\\\/07\\\/26\\\/biopharm-ljekarna-ljubuski-i-vitina-najava-mjerenje-gustoce-kostiju\\\/\",\"name\":\"Biopharm ljekarne Ljubu\u0161ki i Vitina: Najava mjerenja gusto\u0107e kostiju u ponedjeljak i utorak - RADIO LJUBU\u0160KI\",\"isPartOf\":{\"@id\":\"https:\\\/\\\/radioljubuski.ba\\\/#website\"},\"primaryImageOfPage\":{\"@id\":\"https:\\\/\\\/radioljubuski.ba\\\/index.php\\\/2024\\\/07\\\/26\\\/biopharm-ljekarna-ljubuski-i-vitina-najava-mjerenje-gustoce-kostiju\\\/#primaryimage\"},\"image\":{\"@id\":\"https:\\\/\\\/radioljubuski.ba\\\/index.php\\\/2024\\\/07\\\/26\\\/biopharm-ljekarna-ljubuski-i-vitina-najava-mjerenje-gustoce-kostiju\\\/#primaryimage\"},\"thumbnailUrl\":\"https:\\\/\\\/radioljubuski.ba\\\/wp-content\\\/uploads\\\/2024\\\/07\\\/05ffdd6b-8dfa-4156-a896-69681246c40b.jpg\",\"datePublished\":\"2024-07-26T10:54:12+00:00\",\"dateModified\":\"2024-09-04T18:11:03+00:00\",\"breadcrumb\":{\"@id\":\"https:\\\/\\\/radioljubuski.ba\\\/index.php\\\/2024\\\/07\\\/26\\\/biopharm-ljekarna-ljubuski-i-vitina-najava-mjerenje-gustoce-kostiju\\\/#breadcrumb\"},\"inLanguage\":\"hr\",\"potentialAction\":[{\"@type\":\"ReadAction\",\"target\":[\"https:\\\/\\\/radioljubuski.ba\\\/index.php\\\/2024\\\/07\\\/26\\\/biopharm-ljekarna-ljubuski-i-vitina-najava-mjerenje-gustoce-kostiju\\\/\"]}]},{\"@type\":\"ImageObject\",\"inLanguage\":\"hr\",\"@id\":\"https:\\\/\\\/radioljubuski.ba\\\/index.php\\\/2024\\\/07\\\/26\\\/biopharm-ljekarna-ljubuski-i-vitina-najava-mjerenje-gustoce-kostiju\\\/#primaryimage\",\"url\":\"https:\\\/\\\/radioljubuski.ba\\\/wp-content\\\/uploads\\\/2024\\\/07\\\/05ffdd6b-8dfa-4156-a896-69681246c40b.jpg\",\"contentUrl\":\"https:\\\/\\\/radioljubuski.ba\\\/wp-content\\\/uploads\\\/2024\\\/07\\\/05ffdd6b-8dfa-4156-a896-69681246c40b.jpg\",\"width\":1080,\"height\":1080},{\"@type\":\"BreadcrumbList\",\"@id\":\"https:\\\/\\\/radioljubuski.ba\\\/index.php\\\/2024\\\/07\\\/26\\\/biopharm-ljekarna-ljubuski-i-vitina-najava-mjerenje-gustoce-kostiju\\\/#breadcrumb\",\"itemListElement\":[{\"@type\":\"ListItem\",\"position\":1,\"name\":\"Po\u010detna stranica\",\"item\":\"https:\\\/\\\/radioljubuski.ba\\\/\"},{\"@type\":\"ListItem\",\"position\":2,\"name\":\"Biopharm ljekarne Ljubu\u0161ki i Vitina: Najava mjerenja gusto\u0107e kostiju u ponedjeljak i utorak\"}]},{\"@type\":\"WebSite\",\"@id\":\"https:\\\/\\\/radioljubuski.ba\\\/#website\",\"url\":\"https:\\\/\\\/radioljubuski.ba\\\/\",\"name\":\"Radio Ljubu\u0161ki\",\"description\":\"Sun\u010dana frekvencija Hercegovine\",\"publisher\":{\"@id\":\"https:\\\/\\\/radioljubuski.ba\\\/#organization\"},\"potentialAction\":[{\"@type\":\"SearchAction\",\"target\":{\"@type\":\"EntryPoint\",\"urlTemplate\":\"https:\\\/\\\/radioljubuski.ba\\\/?s={search_term_string}\"},\"query-input\":{\"@type\":\"PropertyValueSpecification\",\"valueRequired\":true,\"valueName\":\"search_term_string\"}}],\"inLanguage\":\"hr\"},{\"@type\":\"Organization\",\"@id\":\"https:\\\/\\\/radioljubuski.ba\\\/#organization\",\"name\":\"Radio Ljubu\u0161ki\",\"url\":\"https:\\\/\\\/radioljubuski.ba\\\/\",\"logo\":{\"@type\":\"ImageObject\",\"inLanguage\":\"hr\",\"@id\":\"https:\\\/\\\/radioljubuski.ba\\\/#\\\/schema\\\/logo\\\/image\\\/\",\"url\":\"https:\\\/\\\/radioljubuski.ba\\\/wp-content\\\/uploads\\\/2021\\\/02\\\/cropped-Radio_Ljubuski_logo1.jpg\",\"contentUrl\":\"https:\\\/\\\/radioljubuski.ba\\\/wp-content\\\/uploads\\\/2021\\\/02\\\/cropped-Radio_Ljubuski_logo1.jpg\",\"width\":512,\"height\":512,\"caption\":\"Radio Ljubu\u0161ki\"},\"image\":{\"@id\":\"https:\\\/\\\/radioljubuski.ba\\\/#\\\/schema\\\/logo\\\/image\\\/\"},\"sameAs\":[\"https:\\\/\\\/www.facebook.com\\\/Radiio-Ljubuski-1490835324566332\",\"https:\\\/\\\/x.com\\\/radioljubuski\",\"https:\\\/\\\/hr.linkedin.com\\\/company\\\/radio-ljubuski\",\"https:\\\/\\\/www.youtube.com\\\/channel\\\/UCHYaeO_n0Db3tjNGudGpXyw\"]},{\"@type\":\"Person\",\"@id\":\"https:\\\/\\\/radioljubuski.ba\\\/#\\\/schema\\\/person\\\/19fc700381a780f69665d7956c469e3b\",\"name\":\"Radio Ljubu\u0161ki\"}]}<\/script>\n<!-- \/ Yoast SEO plugin. -->","yoast_head_json":{"title":"Biopharm ljekarne Ljubu\u0161ki i Vitina: Najava mjerenja gusto\u0107e kostiju u ponedjeljak i utorak - RADIO LJUBU\u0160KI","robots":{"index":"index","follow":"follow","max-snippet":"max-snippet:-1","max-image-preview":"max-image-preview:large","max-video-preview":"max-video-preview:-1"},"canonical":"https:\/\/radioljubuski.ba\/index.php\/2024\/07\/26\/biopharm-ljekarna-ljubuski-i-vitina-najava-mjerenje-gustoce-kostiju\/","og_locale":"hr_HR","og_type":"article","og_title":"Biopharm ljekarne Ljubu\u0161ki i Vitina: Najava mjerenja gusto\u0107e kostiju u ponedjeljak i utorak - RADIO LJUBU\u0160KI","og_description":"Ultrazvu\u010dna osteodenzitometrija, metoda kojom se na osnovu petne kosti procjenjuje mineralna gusto\u0107a kostiju, mogu\u0107a je u ljekarnama Biopharm. Metoda se radi pomo\u0107u ultrazvu\u010dnog denzitometra, ure\u0111aja koji daje najbr\u017ei i najjednostavniji uvid u mineralnu gusto\u0107u petne kosti. \u27a1\ufe0f Svoj termin rezerviirajte na vrijeme: Ponedjeljak 29.07. Biopharm ljekarna Ljubu\u0161ki u u PC \u00a0Namex \ud83d\udccdStjepana Radi\u0107a b.b., \ud83d\udcde [&hellip;]","og_url":"https:\/\/radioljubuski.ba\/index.php\/2024\/07\/26\/biopharm-ljekarna-ljubuski-i-vitina-najava-mjerenje-gustoce-kostiju\/","og_site_name":"RADIO LJUBU\u0160KI","article_publisher":"https:\/\/www.facebook.com\/Radiio-Ljubuski-1490835324566332","article_published_time":"2024-07-26T10:54:12+00:00","article_modified_time":"2024-09-04T18:11:03+00:00","og_image":[{"width":1080,"height":1080,"url":"https:\/\/radioljubuski.ba\/wp-content\/uploads\/2024\/07\/05ffdd6b-8dfa-4156-a896-69681246c40b.jpg","type":"image\/jpeg"}],"author":"Radio Ljubu\u0161ki","twitter_card":"summary_large_image","twitter_creator":"@radioljubuski","twitter_site":"@radioljubuski","twitter_misc":{"Napisao\/la":"Radio Ljubu\u0161ki","Procijenjeno vrijeme \u010ditanja":"1 minuta"},"schema":{"@context":"https:\/\/schema.org","@graph":[{"@type":"Article","@id":"https:\/\/radioljubuski.ba\/index.php\/2024\/07\/26\/biopharm-ljekarna-ljubuski-i-vitina-najava-mjerenje-gustoce-kostiju\/#article","isPartOf":{"@id":"https:\/\/radioljubuski.ba\/index.php\/2024\/07\/26\/biopharm-ljekarna-ljubuski-i-vitina-najava-mjerenje-gustoce-kostiju\/"},"author":{"name":"Radio Ljubu\u0161ki","@id":"https:\/\/radioljubuski.ba\/#\/schema\/person\/19fc700381a780f69665d7956c469e3b"},"headline":"Biopharm ljekarne Ljubu\u0161ki i Vitina: Najava mjerenja gusto\u0107e kostiju u ponedjeljak i utorak","datePublished":"2024-07-26T10:54:12+00:00","dateModified":"2024-09-04T18:11:03+00:00","mainEntityOfPage":{"@id":"https:\/\/radioljubuski.ba\/index.php\/2024\/07\/26\/biopharm-ljekarna-ljubuski-i-vitina-najava-mjerenje-gustoce-kostiju\/"},"wordCount":102,"publisher":{"@id":"https:\/\/radioljubuski.ba\/#organization"},"image":{"@id":"https:\/\/radioljubuski.ba\/index.php\/2024\/07\/26\/biopharm-ljekarna-ljubuski-i-vitina-najava-mjerenje-gustoce-kostiju\/#primaryimage"},"thumbnailUrl":"https:\/\/radioljubuski.ba\/wp-content\/uploads\/2024\/07\/05ffdd6b-8dfa-4156-a896-69681246c40b.jpg","articleSection":["BIH i regija"],"inLanguage":"hr"},{"@type":"WebPage","@id":"https:\/\/radioljubuski.ba\/index.php\/2024\/07\/26\/biopharm-ljekarna-ljubuski-i-vitina-najava-mjerenje-gustoce-kostiju\/","url":"https:\/\/radioljubuski.ba\/index.php\/2024\/07\/26\/biopharm-ljekarna-ljubuski-i-vitina-najava-mjerenje-gustoce-kostiju\/","name":"Biopharm ljekarne Ljubu\u0161ki i Vitina: Najava mjerenja gusto\u0107e kostiju u ponedjeljak i utorak - RADIO LJUBU\u0160KI","isPartOf":{"@id":"https:\/\/radioljubuski.ba\/#website"},"primaryImageOfPage":{"@id":"https:\/\/radioljubuski.ba\/index.php\/2024\/07\/26\/biopharm-ljekarna-ljubuski-i-vitina-najava-mjerenje-gustoce-kostiju\/#primaryimage"},"image":{"@id":"https:\/\/radioljubuski.ba\/index.php\/2024\/07\/26\/biopharm-ljekarna-ljubuski-i-vitina-najava-mjerenje-gustoce-kostiju\/#primaryimage"},"thumbnailUrl":"https:\/\/radioljubuski.ba\/wp-content\/uploads\/2024\/07\/05ffdd6b-8dfa-4156-a896-69681246c40b.jpg","datePublished":"2024-07-26T10:54:12+00:00","dateModified":"2024-09-04T18:11:03+00:00","breadcrumb":{"@id":"https:\/\/radioljubuski.ba\/index.php\/2024\/07\/26\/biopharm-ljekarna-ljubuski-i-vitina-najava-mjerenje-gustoce-kostiju\/#breadcrumb"},"inLanguage":"hr","potentialAction":[{"@type":"ReadAction","target":["https:\/\/radioljubuski.ba\/index.php\/2024\/07\/26\/biopharm-ljekarna-ljubuski-i-vitina-najava-mjerenje-gustoce-kostiju\/"]}]},{"@type":"ImageObject","inLanguage":"hr","@id":"https:\/\/radioljubuski.ba\/index.php\/2024\/07\/26\/biopharm-ljekarna-ljubuski-i-vitina-najava-mjerenje-gustoce-kostiju\/#primaryimage","url":"https:\/\/radioljubuski.ba\/wp-content\/uploads\/2024\/07\/05ffdd6b-8dfa-4156-a896-69681246c40b.jpg","contentUrl":"https:\/\/radioljubuski.ba\/wp-content\/uploads\/2024\/07\/05ffdd6b-8dfa-4156-a896-69681246c40b.jpg","width":1080,"height":1080},{"@type":"BreadcrumbList","@id":"https:\/\/radioljubuski.ba\/index.php\/2024\/07\/26\/biopharm-ljekarna-ljubuski-i-vitina-najava-mjerenje-gustoce-kostiju\/#breadcrumb","itemListElement":[{"@type":"ListItem","position":1,"name":"Po\u010detna stranica","item":"https:\/\/radioljubuski.ba\/"},{"@type":"ListItem","position":2,"name":"Biopharm ljekarne Ljubu\u0161ki i Vitina: Najava mjerenja gusto\u0107e kostiju u ponedjeljak i utorak"}]},{"@type":"WebSite","@id":"https:\/\/radioljubuski.ba\/#website","url":"https:\/\/radioljubuski.ba\/","name":"Radio Ljubu\u0161ki","description":"Sun\u010dana frekvencija Hercegovine","publisher":{"@id":"https:\/\/radioljubuski.ba\/#organization"},"potentialAction":[{"@type":"SearchAction","target":{"@type":"EntryPoint","urlTemplate":"https:\/\/radioljubuski.ba\/?s={search_term_string}"},"query-input":{"@type":"PropertyValueSpecification","valueRequired":true,"valueName":"search_term_string"}}],"inLanguage":"hr"},{"@type":"Organization","@id":"https:\/\/radioljubuski.ba\/#organization","name":"Radio Ljubu\u0161ki","url":"https:\/\/radioljubuski.ba\/","logo":{"@type":"ImageObject","inLanguage":"hr","@id":"https:\/\/radioljubuski.ba\/#\/schema\/logo\/image\/","url":"https:\/\/radioljubuski.ba\/wp-content\/uploads\/2021\/02\/cropped-Radio_Ljubuski_logo1.jpg","contentUrl":"https:\/\/radioljubuski.ba\/wp-content\/uploads\/2021\/02\/cropped-Radio_Ljubuski_logo1.jpg","width":512,"height":512,"caption":"Radio Ljubu\u0161ki"},"image":{"@id":"https:\/\/radioljubuski.ba\/#\/schema\/logo\/image\/"},"sameAs":["https:\/\/www.facebook.com\/Radiio-Ljubuski-1490835324566332","https:\/\/x.com\/radioljubuski","https:\/\/hr.linkedin.com\/company\/radio-ljubuski","https:\/\/www.youtube.com\/channel\/UCHYaeO_n0Db3tjNGudGpXyw"]},{"@type":"Person","@id":"https:\/\/radioljubuski.ba\/#\/schema\/person\/19fc700381a780f69665d7956c469e3b","name":"Radio Ljubu\u0161ki"}]}},"_links":{"self":[{"href":"https:\/\/radioljubuski.ba\/index.php\/wp-json\/wp\/v2\/posts\/207084","targetHints":{"allow":["GET"]}}],"collection":[{"href":"https:\/\/radioljubuski.ba\/index.php\/wp-json\/wp\/v2\/posts"}],"about":[{"href":"https:\/\/radioljubuski.ba\/index.php\/wp-json\/wp\/v2\/types\/post"}],"author":[{"embeddable":true,"href":"https:\/\/radioljubuski.ba\/index.php\/wp-json\/wp\/v2\/users\/2"}],"replies":[{"embeddable":true,"href":"https:\/\/radioljubuski.ba\/index.php\/wp-json\/wp\/v2\/comments?post=207084"}],"version-history":[{"count":4,"href":"https:\/\/radioljubuski.ba\/index.php\/wp-json\/wp\/v2\/posts\/207084\/revisions"}],"predecessor-version":[{"id":207091,"href":"https:\/\/radioljubuski.ba\/index.php\/wp-json\/wp\/v2\/posts\/207084\/revisions\/207091"}],"wp:featuredmedia":[{"embeddable":true,"href":"https:\/\/radioljubuski.ba\/index.php\/wp-json\/wp\/v2\/media\/207085"}],"wp:attachment":[{"href":"https:\/\/radioljubuski.ba\/index.php\/wp-json\/wp\/v2\/media?parent=207084"}],"wp:term":[{"taxonomy":"category","embeddable":true,"href":"https:\/\/radioljubuski.ba\/index.php\/wp-json\/wp\/v2\/categories?post=207084"},{"taxonomy":"post_tag","embeddable":true,"href":"https:\/\/radioljubuski.ba\/index.php\/wp-json\/wp\/v2\/tags?post=207084"}],"curies":[{"name":"wp","href":"https:\/\/api.w.org\/{rel}","templated":true}]}}