{"id":207159,"date":"2024-07-28T14:57:20","date_gmt":"2024-07-28T13:57:20","guid":{"rendered":"https:\/\/radioljubuski.ba\/?p=207159"},"modified":"2025-07-27T13:15:50","modified_gmt":"2025-07-27T12:15:50","slug":"komemoracija-za-poginule-ljubusake-na-drenovcu-foto","status":"publish","type":"post","link":"https:\/\/radioljubuski.ba\/index.php\/2024\/07\/28\/komemoracija-za-poginule-ljubusake-na-drenovcu-foto\/","title":{"rendered":"Komemoracija za poginule Ljubu\u0161ake na Drenovcu &#8211; foto"},"content":{"rendered":"\n<p>Danas je uprili\u010den Dan zahvale i sje\u0107anja na sve ljubu\u0161ke \u017ertve iz Domovinskog rata poginule na \u201cStola\u010dkoj boji\u0161nici\u201c.<\/p>\n\n\n\n<p>Svoje \u017eivote na Stola\u010dkom boji\u0161tu ostavilo je sedam Ljubu\u0161aka: <strong>Mladen \u0160imovi\u0107, Dragan D\u017eevlan, Stojan Mati\u0107, \u017deljko Ere\u0161, Goran Grani\u0107, Pero Bebek i Stanko Vukojevi\u0107<\/strong>.<\/p>\n\n\n\n<p>Na spomen-obilje\u017eje na Drenovcu cvije\u0107e su polo\u017eili i svije\u0107e zapalili \u010dlanovi obitelji poginulih branitelja, predstavnici 51. domobranske pukovnije Stjepan Radi\u0107 Ljubu\u0161ki, predstavnici PPN Ludvig Pavlovi\u0107,\u00a0 predstavnici \u00a0udruga proisteklih iz Domovinskog rata, predstavnici ostalih braniteljskih udruga, \u010delnici grada Ljubu\u0161kog na \u010delu s predsjednikom Gradskog vije\u0107a Tihomirom Kvesi\u0107em, \u017eupanijski du\u017enosnici na \u010delu s predsjednikom Skup\u0161tine Ivanom Jel\u010di\u0107em i ministricom financija i dopredsjednicom Vlade Blagicom Leko, dopredsjednik Vlade F BiH i ministar financija Toni Kraljevi\u0107 te rodbina, suborci i prijatelji.<\/p>\n\n\n\n<p>Prigodnu molitvu kod Spomen obilje\u017eja predvodio je fra Petar Ljubi\u010di\u0107, a jutros je u crkvi sv. Ante na Humcu slu\u017eena sveta misa za poginule branitelje.<\/p>\n\n\n\n<p>Organizator Dana sje\u0107anja i komemoracije je Slu\u017eba za branitelje Grada Ljubu\u0161kog i udruge proistekle iz Domovinskog rata.<\/p>\n\n\n\n<p>Poggledajte fotografije: <\/p>\n\n\n\n<iframe loading=\"lazy\" src=\"https:\/\/www.facebook.com\/plugins\/post.php?href=https%3A%2F%2Fwww.facebook.com%2FRadioLjubuski%2Fposts%2Fpfbid037X9vhAE5J2Qr7XmW84o71dsSCfDKBMmgMFqBHmno3jbWVJwqv7YgLHLv4VTSSDhdl&#038;show_text=true&#038;width=500\" width=\"500\" height=\"250\" style=\"border:none;overflow:hidden\" scrolling=\"no\" frameborder=\"0\" allowfullscreen=\"true\" allow=\"autoplay; clipboard-write; encrypted-media; picture-in-picture; web-share\"><\/iframe>\n\n\n\n<p>Radio Ljubu\u0161ki<\/p>\n","protected":false},"excerpt":{"rendered":"<p>Danas je uprili\u010den Dan zahvale i sje\u0107anja na sve ljubu\u0161ke \u017ertve iz Domovinskog rata poginule na \u201cStola\u010dkoj boji\u0161nici\u201c. Svoje \u017eivote na Stola\u010dkom boji\u0161tu ostavilo je sedam Ljubu\u0161aka: Mladen \u0160imovi\u0107, Dragan D\u017eevlan, Stojan Mati\u0107, \u017deljko Ere\u0161, Goran Grani\u0107, Pero Bebek i Stanko Vukojevi\u0107. Na spomen-obilje\u017eje na Drenovcu cvije\u0107e su polo\u017eili i svije\u0107e zapalili \u010dlanovi obitelji poginulih [&hellip;]<\/p>\n","protected":false},"author":2,"featured_media":207160,"comment_status":"closed","ping_status":"closed","sticky":false,"template":"","format":"standard","meta":{"h5ap_radio_sources":[],"footnotes":""},"categories":[3,28],"tags":[],"class_list":["post-207159","post","type-post","status-publish","format-standard","has-post-thumbnail","hentry","category-ljubuski","category-novosti"],"yoast_head":"<!-- This site is optimized with the Yoast SEO plugin v27.5 - https:\/\/yoast.com\/product\/yoast-seo-wordpress\/ -->\n<title>Komemoracija za poginule Ljubu\u0161ake na Drenovcu - foto - RADIO LJUBU\u0160KI<\/title>\n<meta name=\"robots\" content=\"index, follow, max-snippet:-1, max-image-preview:large, max-video-preview:-1\" \/>\n<link rel=\"canonical\" href=\"https:\/\/radioljubuski.ba\/index.php\/2024\/07\/28\/komemoracija-za-poginule-ljubusake-na-drenovcu-foto\/\" \/>\n<meta property=\"og:locale\" content=\"hr_HR\" \/>\n<meta property=\"og:type\" content=\"article\" \/>\n<meta property=\"og:title\" content=\"Komemoracija za poginule Ljubu\u0161ake na Drenovcu - foto - RADIO LJUBU\u0160KI\" \/>\n<meta property=\"og:description\" content=\"Danas je uprili\u010den Dan zahvale i sje\u0107anja na sve ljubu\u0161ke \u017ertve iz Domovinskog rata poginule na \u201cStola\u010dkoj boji\u0161nici\u201c. Svoje \u017eivote na Stola\u010dkom boji\u0161tu ostavilo je sedam Ljubu\u0161aka: Mladen \u0160imovi\u0107, Dragan D\u017eevlan, Stojan Mati\u0107, \u017deljko Ere\u0161, Goran Grani\u0107, Pero Bebek i Stanko Vukojevi\u0107. Na spomen-obilje\u017eje na Drenovcu cvije\u0107e su polo\u017eili i svije\u0107e zapalili \u010dlanovi obitelji poginulih [&hellip;]\" \/>\n<meta property=\"og:url\" content=\"https:\/\/radioljubuski.ba\/index.php\/2024\/07\/28\/komemoracija-za-poginule-ljubusake-na-drenovcu-foto\/\" \/>\n<meta property=\"og:site_name\" content=\"RADIO LJUBU\u0160KI\" \/>\n<meta property=\"article:publisher\" content=\"https:\/\/www.facebook.com\/Radiio-Ljubuski-1490835324566332\" \/>\n<meta property=\"article:published_time\" content=\"2024-07-28T13:57:20+00:00\" \/>\n<meta property=\"article:modified_time\" content=\"2025-07-27T12:15:50+00:00\" \/>\n<meta property=\"og:image\" content=\"https:\/\/radioljubuski.ba\/wp-content\/uploads\/2024\/07\/drenovac24.jpg\" \/>\n\t<meta property=\"og:image:width\" content=\"1800\" \/>\n\t<meta property=\"og:image:height\" content=\"1201\" \/>\n\t<meta property=\"og:image:type\" content=\"image\/jpeg\" \/>\n<meta name=\"author\" content=\"Radio Ljubu\u0161ki\" \/>\n<meta name=\"twitter:card\" content=\"summary_large_image\" \/>\n<meta name=\"twitter:creator\" content=\"@radioljubuski\" \/>\n<meta name=\"twitter:site\" content=\"@radioljubuski\" \/>\n<meta name=\"twitter:label1\" content=\"Napisao\/la\" \/>\n\t<meta name=\"twitter:data1\" content=\"Radio Ljubu\u0161ki\" \/>\n\t<meta name=\"twitter:label2\" content=\"Procijenjeno vrijeme \u010ditanja\" \/>\n\t<meta name=\"twitter:data2\" content=\"2 minute\" \/>\n<script type=\"application\/ld+json\" class=\"yoast-schema-graph\">{\"@context\":\"https:\\\/\\\/schema.org\",\"@graph\":[{\"@type\":\"Article\",\"@id\":\"https:\\\/\\\/radioljubuski.ba\\\/index.php\\\/2024\\\/07\\\/28\\\/komemoracija-za-poginule-ljubusake-na-drenovcu-foto\\\/#article\",\"isPartOf\":{\"@id\":\"https:\\\/\\\/radioljubuski.ba\\\/index.php\\\/2024\\\/07\\\/28\\\/komemoracija-za-poginule-ljubusake-na-drenovcu-foto\\\/\"},\"author\":{\"name\":\"Radio Ljubu\u0161ki\",\"@id\":\"https:\\\/\\\/radioljubuski.ba\\\/#\\\/schema\\\/person\\\/19fc700381a780f69665d7956c469e3b\"},\"headline\":\"Komemoracija za poginule Ljubu\u0161ake na Drenovcu &#8211; foto\",\"datePublished\":\"2024-07-28T13:57:20+00:00\",\"dateModified\":\"2025-07-27T12:15:50+00:00\",\"mainEntityOfPage\":{\"@id\":\"https:\\\/\\\/radioljubuski.ba\\\/index.php\\\/2024\\\/07\\\/28\\\/komemoracija-za-poginule-ljubusake-na-drenovcu-foto\\\/\"},\"wordCount\":201,\"publisher\":{\"@id\":\"https:\\\/\\\/radioljubuski.ba\\\/#organization\"},\"image\":{\"@id\":\"https:\\\/\\\/radioljubuski.ba\\\/index.php\\\/2024\\\/07\\\/28\\\/komemoracija-za-poginule-ljubusake-na-drenovcu-foto\\\/#primaryimage\"},\"thumbnailUrl\":\"https:\\\/\\\/radioljubuski.ba\\\/wp-content\\\/uploads\\\/2024\\\/07\\\/drenovac24.jpg\",\"articleSection\":[\"Ljubu\u0161ki\",\"Novosti\"],\"inLanguage\":\"hr\"},{\"@type\":\"WebPage\",\"@id\":\"https:\\\/\\\/radioljubuski.ba\\\/index.php\\\/2024\\\/07\\\/28\\\/komemoracija-za-poginule-ljubusake-na-drenovcu-foto\\\/\",\"url\":\"https:\\\/\\\/radioljubuski.ba\\\/index.php\\\/2024\\\/07\\\/28\\\/komemoracija-za-poginule-ljubusake-na-drenovcu-foto\\\/\",\"name\":\"Komemoracija za poginule Ljubu\u0161ake na Drenovcu - foto - RADIO LJUBU\u0160KI\",\"isPartOf\":{\"@id\":\"https:\\\/\\\/radioljubuski.ba\\\/#website\"},\"primaryImageOfPage\":{\"@id\":\"https:\\\/\\\/radioljubuski.ba\\\/index.php\\\/2024\\\/07\\\/28\\\/komemoracija-za-poginule-ljubusake-na-drenovcu-foto\\\/#primaryimage\"},\"image\":{\"@id\":\"https:\\\/\\\/radioljubuski.ba\\\/index.php\\\/2024\\\/07\\\/28\\\/komemoracija-za-poginule-ljubusake-na-drenovcu-foto\\\/#primaryimage\"},\"thumbnailUrl\":\"https:\\\/\\\/radioljubuski.ba\\\/wp-content\\\/uploads\\\/2024\\\/07\\\/drenovac24.jpg\",\"datePublished\":\"2024-07-28T13:57:20+00:00\",\"dateModified\":\"2025-07-27T12:15:50+00:00\",\"breadcrumb\":{\"@id\":\"https:\\\/\\\/radioljubuski.ba\\\/index.php\\\/2024\\\/07\\\/28\\\/komemoracija-za-poginule-ljubusake-na-drenovcu-foto\\\/#breadcrumb\"},\"inLanguage\":\"hr\",\"potentialAction\":[{\"@type\":\"ReadAction\",\"target\":[\"https:\\\/\\\/radioljubuski.ba\\\/index.php\\\/2024\\\/07\\\/28\\\/komemoracija-za-poginule-ljubusake-na-drenovcu-foto\\\/\"]}]},{\"@type\":\"ImageObject\",\"inLanguage\":\"hr\",\"@id\":\"https:\\\/\\\/radioljubuski.ba\\\/index.php\\\/2024\\\/07\\\/28\\\/komemoracija-za-poginule-ljubusake-na-drenovcu-foto\\\/#primaryimage\",\"url\":\"https:\\\/\\\/radioljubuski.ba\\\/wp-content\\\/uploads\\\/2024\\\/07\\\/drenovac24.jpg\",\"contentUrl\":\"https:\\\/\\\/radioljubuski.ba\\\/wp-content\\\/uploads\\\/2024\\\/07\\\/drenovac24.jpg\",\"width\":1800,\"height\":1201},{\"@type\":\"BreadcrumbList\",\"@id\":\"https:\\\/\\\/radioljubuski.ba\\\/index.php\\\/2024\\\/07\\\/28\\\/komemoracija-za-poginule-ljubusake-na-drenovcu-foto\\\/#breadcrumb\",\"itemListElement\":[{\"@type\":\"ListItem\",\"position\":1,\"name\":\"Po\u010detna stranica\",\"item\":\"https:\\\/\\\/radioljubuski.ba\\\/\"},{\"@type\":\"ListItem\",\"position\":2,\"name\":\"Komemoracija za poginule Ljubu\u0161ake na Drenovcu &#8211; foto\"}]},{\"@type\":\"WebSite\",\"@id\":\"https:\\\/\\\/radioljubuski.ba\\\/#website\",\"url\":\"https:\\\/\\\/radioljubuski.ba\\\/\",\"name\":\"Radio Ljubu\u0161ki\",\"description\":\"Sun\u010dana frekvencija Hercegovine\",\"publisher\":{\"@id\":\"https:\\\/\\\/radioljubuski.ba\\\/#organization\"},\"potentialAction\":[{\"@type\":\"SearchAction\",\"target\":{\"@type\":\"EntryPoint\",\"urlTemplate\":\"https:\\\/\\\/radioljubuski.ba\\\/?s={search_term_string}\"},\"query-input\":{\"@type\":\"PropertyValueSpecification\",\"valueRequired\":true,\"valueName\":\"search_term_string\"}}],\"inLanguage\":\"hr\"},{\"@type\":\"Organization\",\"@id\":\"https:\\\/\\\/radioljubuski.ba\\\/#organization\",\"name\":\"Radio Ljubu\u0161ki\",\"url\":\"https:\\\/\\\/radioljubuski.ba\\\/\",\"logo\":{\"@type\":\"ImageObject\",\"inLanguage\":\"hr\",\"@id\":\"https:\\\/\\\/radioljubuski.ba\\\/#\\\/schema\\\/logo\\\/image\\\/\",\"url\":\"https:\\\/\\\/radioljubuski.ba\\\/wp-content\\\/uploads\\\/2021\\\/02\\\/cropped-Radio_Ljubuski_logo1.jpg\",\"contentUrl\":\"https:\\\/\\\/radioljubuski.ba\\\/wp-content\\\/uploads\\\/2021\\\/02\\\/cropped-Radio_Ljubuski_logo1.jpg\",\"width\":512,\"height\":512,\"caption\":\"Radio Ljubu\u0161ki\"},\"image\":{\"@id\":\"https:\\\/\\\/radioljubuski.ba\\\/#\\\/schema\\\/logo\\\/image\\\/\"},\"sameAs\":[\"https:\\\/\\\/www.facebook.com\\\/Radiio-Ljubuski-1490835324566332\",\"https:\\\/\\\/x.com\\\/radioljubuski\",\"https:\\\/\\\/hr.linkedin.com\\\/company\\\/radio-ljubuski\",\"https:\\\/\\\/www.youtube.com\\\/channel\\\/UCHYaeO_n0Db3tjNGudGpXyw\"]},{\"@type\":\"Person\",\"@id\":\"https:\\\/\\\/radioljubuski.ba\\\/#\\\/schema\\\/person\\\/19fc700381a780f69665d7956c469e3b\",\"name\":\"Radio Ljubu\u0161ki\"}]}<\/script>\n<!-- \/ Yoast SEO plugin. -->","yoast_head_json":{"title":"Komemoracija za poginule Ljubu\u0161ake na Drenovcu - foto - RADIO LJUBU\u0160KI","robots":{"index":"index","follow":"follow","max-snippet":"max-snippet:-1","max-image-preview":"max-image-preview:large","max-video-preview":"max-video-preview:-1"},"canonical":"https:\/\/radioljubuski.ba\/index.php\/2024\/07\/28\/komemoracija-za-poginule-ljubusake-na-drenovcu-foto\/","og_locale":"hr_HR","og_type":"article","og_title":"Komemoracija za poginule Ljubu\u0161ake na Drenovcu - foto - RADIO LJUBU\u0160KI","og_description":"Danas je uprili\u010den Dan zahvale i sje\u0107anja na sve ljubu\u0161ke \u017ertve iz Domovinskog rata poginule na \u201cStola\u010dkoj boji\u0161nici\u201c. Svoje \u017eivote na Stola\u010dkom boji\u0161tu ostavilo je sedam Ljubu\u0161aka: Mladen \u0160imovi\u0107, Dragan D\u017eevlan, Stojan Mati\u0107, \u017deljko Ere\u0161, Goran Grani\u0107, Pero Bebek i Stanko Vukojevi\u0107. Na spomen-obilje\u017eje na Drenovcu cvije\u0107e su polo\u017eili i svije\u0107e zapalili \u010dlanovi obitelji poginulih [&hellip;]","og_url":"https:\/\/radioljubuski.ba\/index.php\/2024\/07\/28\/komemoracija-za-poginule-ljubusake-na-drenovcu-foto\/","og_site_name":"RADIO LJUBU\u0160KI","article_publisher":"https:\/\/www.facebook.com\/Radiio-Ljubuski-1490835324566332","article_published_time":"2024-07-28T13:57:20+00:00","article_modified_time":"2025-07-27T12:15:50+00:00","og_image":[{"width":1800,"height":1201,"url":"https:\/\/radioljubuski.ba\/wp-content\/uploads\/2024\/07\/drenovac24.jpg","type":"image\/jpeg"}],"author":"Radio Ljubu\u0161ki","twitter_card":"summary_large_image","twitter_creator":"@radioljubuski","twitter_site":"@radioljubuski","twitter_misc":{"Napisao\/la":"Radio Ljubu\u0161ki","Procijenjeno vrijeme \u010ditanja":"2 minute"},"schema":{"@context":"https:\/\/schema.org","@graph":[{"@type":"Article","@id":"https:\/\/radioljubuski.ba\/index.php\/2024\/07\/28\/komemoracija-za-poginule-ljubusake-na-drenovcu-foto\/#article","isPartOf":{"@id":"https:\/\/radioljubuski.ba\/index.php\/2024\/07\/28\/komemoracija-za-poginule-ljubusake-na-drenovcu-foto\/"},"author":{"name":"Radio Ljubu\u0161ki","@id":"https:\/\/radioljubuski.ba\/#\/schema\/person\/19fc700381a780f69665d7956c469e3b"},"headline":"Komemoracija za poginule Ljubu\u0161ake na Drenovcu &#8211; foto","datePublished":"2024-07-28T13:57:20+00:00","dateModified":"2025-07-27T12:15:50+00:00","mainEntityOfPage":{"@id":"https:\/\/radioljubuski.ba\/index.php\/2024\/07\/28\/komemoracija-za-poginule-ljubusake-na-drenovcu-foto\/"},"wordCount":201,"publisher":{"@id":"https:\/\/radioljubuski.ba\/#organization"},"image":{"@id":"https:\/\/radioljubuski.ba\/index.php\/2024\/07\/28\/komemoracija-za-poginule-ljubusake-na-drenovcu-foto\/#primaryimage"},"thumbnailUrl":"https:\/\/radioljubuski.ba\/wp-content\/uploads\/2024\/07\/drenovac24.jpg","articleSection":["Ljubu\u0161ki","Novosti"],"inLanguage":"hr"},{"@type":"WebPage","@id":"https:\/\/radioljubuski.ba\/index.php\/2024\/07\/28\/komemoracija-za-poginule-ljubusake-na-drenovcu-foto\/","url":"https:\/\/radioljubuski.ba\/index.php\/2024\/07\/28\/komemoracija-za-poginule-ljubusake-na-drenovcu-foto\/","name":"Komemoracija za poginule Ljubu\u0161ake na Drenovcu - foto - RADIO LJUBU\u0160KI","isPartOf":{"@id":"https:\/\/radioljubuski.ba\/#website"},"primaryImageOfPage":{"@id":"https:\/\/radioljubuski.ba\/index.php\/2024\/07\/28\/komemoracija-za-poginule-ljubusake-na-drenovcu-foto\/#primaryimage"},"image":{"@id":"https:\/\/radioljubuski.ba\/index.php\/2024\/07\/28\/komemoracija-za-poginule-ljubusake-na-drenovcu-foto\/#primaryimage"},"thumbnailUrl":"https:\/\/radioljubuski.ba\/wp-content\/uploads\/2024\/07\/drenovac24.jpg","datePublished":"2024-07-28T13:57:20+00:00","dateModified":"2025-07-27T12:15:50+00:00","breadcrumb":{"@id":"https:\/\/radioljubuski.ba\/index.php\/2024\/07\/28\/komemoracija-za-poginule-ljubusake-na-drenovcu-foto\/#breadcrumb"},"inLanguage":"hr","potentialAction":[{"@type":"ReadAction","target":["https:\/\/radioljubuski.ba\/index.php\/2024\/07\/28\/komemoracija-za-poginule-ljubusake-na-drenovcu-foto\/"]}]},{"@type":"ImageObject","inLanguage":"hr","@id":"https:\/\/radioljubuski.ba\/index.php\/2024\/07\/28\/komemoracija-za-poginule-ljubusake-na-drenovcu-foto\/#primaryimage","url":"https:\/\/radioljubuski.ba\/wp-content\/uploads\/2024\/07\/drenovac24.jpg","contentUrl":"https:\/\/radioljubuski.ba\/wp-content\/uploads\/2024\/07\/drenovac24.jpg","width":1800,"height":1201},{"@type":"BreadcrumbList","@id":"https:\/\/radioljubuski.ba\/index.php\/2024\/07\/28\/komemoracija-za-poginule-ljubusake-na-drenovcu-foto\/#breadcrumb","itemListElement":[{"@type":"ListItem","position":1,"name":"Po\u010detna stranica","item":"https:\/\/radioljubuski.ba\/"},{"@type":"ListItem","position":2,"name":"Komemoracija za poginule Ljubu\u0161ake na Drenovcu &#8211; foto"}]},{"@type":"WebSite","@id":"https:\/\/radioljubuski.ba\/#website","url":"https:\/\/radioljubuski.ba\/","name":"Radio Ljubu\u0161ki","description":"Sun\u010dana frekvencija Hercegovine","publisher":{"@id":"https:\/\/radioljubuski.ba\/#organization"},"potentialAction":[{"@type":"SearchAction","target":{"@type":"EntryPoint","urlTemplate":"https:\/\/radioljubuski.ba\/?s={search_term_string}"},"query-input":{"@type":"PropertyValueSpecification","valueRequired":true,"valueName":"search_term_string"}}],"inLanguage":"hr"},{"@type":"Organization","@id":"https:\/\/radioljubuski.ba\/#organization","name":"Radio Ljubu\u0161ki","url":"https:\/\/radioljubuski.ba\/","logo":{"@type":"ImageObject","inLanguage":"hr","@id":"https:\/\/radioljubuski.ba\/#\/schema\/logo\/image\/","url":"https:\/\/radioljubuski.ba\/wp-content\/uploads\/2021\/02\/cropped-Radio_Ljubuski_logo1.jpg","contentUrl":"https:\/\/radioljubuski.ba\/wp-content\/uploads\/2021\/02\/cropped-Radio_Ljubuski_logo1.jpg","width":512,"height":512,"caption":"Radio Ljubu\u0161ki"},"image":{"@id":"https:\/\/radioljubuski.ba\/#\/schema\/logo\/image\/"},"sameAs":["https:\/\/www.facebook.com\/Radiio-Ljubuski-1490835324566332","https:\/\/x.com\/radioljubuski","https:\/\/hr.linkedin.com\/company\/radio-ljubuski","https:\/\/www.youtube.com\/channel\/UCHYaeO_n0Db3tjNGudGpXyw"]},{"@type":"Person","@id":"https:\/\/radioljubuski.ba\/#\/schema\/person\/19fc700381a780f69665d7956c469e3b","name":"Radio Ljubu\u0161ki"}]}},"_links":{"self":[{"href":"https:\/\/radioljubuski.ba\/index.php\/wp-json\/wp\/v2\/posts\/207159","targetHints":{"allow":["GET"]}}],"collection":[{"href":"https:\/\/radioljubuski.ba\/index.php\/wp-json\/wp\/v2\/posts"}],"about":[{"href":"https:\/\/radioljubuski.ba\/index.php\/wp-json\/wp\/v2\/types\/post"}],"author":[{"embeddable":true,"href":"https:\/\/radioljubuski.ba\/index.php\/wp-json\/wp\/v2\/users\/2"}],"replies":[{"embeddable":true,"href":"https:\/\/radioljubuski.ba\/index.php\/wp-json\/wp\/v2\/comments?post=207159"}],"version-history":[{"count":3,"href":"https:\/\/radioljubuski.ba\/index.php\/wp-json\/wp\/v2\/posts\/207159\/revisions"}],"predecessor-version":[{"id":207193,"href":"https:\/\/radioljubuski.ba\/index.php\/wp-json\/wp\/v2\/posts\/207159\/revisions\/207193"}],"wp:featuredmedia":[{"embeddable":true,"href":"https:\/\/radioljubuski.ba\/index.php\/wp-json\/wp\/v2\/media\/207160"}],"wp:attachment":[{"href":"https:\/\/radioljubuski.ba\/index.php\/wp-json\/wp\/v2\/media?parent=207159"}],"wp:term":[{"taxonomy":"category","embeddable":true,"href":"https:\/\/radioljubuski.ba\/index.php\/wp-json\/wp\/v2\/categories?post=207159"},{"taxonomy":"post_tag","embeddable":true,"href":"https:\/\/radioljubuski.ba\/index.php\/wp-json\/wp\/v2\/tags?post=207159"}],"curies":[{"name":"wp","href":"https:\/\/api.w.org\/{rel}","templated":true}]}}