{"id":207235,"date":"2024-07-29T19:39:28","date_gmt":"2024-07-29T18:39:28","guid":{"rendered":"https:\/\/radioljubuski.ba\/?p=207235"},"modified":"2024-07-29T19:42:45","modified_gmt":"2024-07-29T18:42:45","slug":"milan-tolic-nastavit-cemo-ono-sto-je-colina-radio","status":"publish","type":"post","link":"https:\/\/radioljubuski.ba\/index.php\/2024\/07\/29\/milan-tolic-nastavit-cemo-ono-sto-je-colina-radio\/","title":{"rendered":"Milan Toli\u0107: Nastavit \u0107emo ono \u0161to je \u010colina radio"},"content":{"rendered":"\n<p>Od pro\u0161log ponedjeljka, kad su krenule ljetne pripreme, ekipu aktualnog prvaka Bosne i Hercegovine u rukometu, ljubu\u0161ki izvi\u0111a\u010d, vodi trenerski dvojac Milan Toli\u0107 \u2013 Ivan D\u017eoli\u0107.<\/p>\n\n\n\n<p>Dvojac je na klupi naslijedio Tonija \u010colinu koji je osvojio tri titule prvaka BiH i jednu Kupa. Radi se o lokalnim rukometnim radnicima koji dobro poznaju situaciju u klubu. Toli\u0107 je dugogodi\u0161nji vratar Skauta koji je ujedno bio uspje\u0161an trener vratara i pomo\u0107nik \u010coline u struci Izvi\u0111a\u010da, a D\u017eoli\u0107 dugogodi\u0161nji trener omladinskih kategorija koji je pro\u0161le sezone s uspjehom vodio drugu mom\u010dad Skauta u Prvoj ligi FBiH te bio pomo\u0107nik \u010colini.<\/p>\n\n\n\n<p>Obojica smo se susretali sa vo\u0111enjem druge ekipe, ali nismo imali priliku i \u010dast voditi prvu ekipu. Ekipu nam je nikad spremniju ostavio Toni \u010colina. Mi \u0107emo nastaviti raditi ono \u0161to je on radio. Bili smo svaki dan s njim i znamo koju vrstu treninga je primjenjivao, ili kako je vodio utakmice. Povodom toga se ne\u0107e ni\u0161ta ne\u0107e promijeniti, jedino \u0161to \u0107e on nedostajati. Ostalo ostaje otprilike isto kao dosad. Dat \u0107emo sve od sebe da ostanemo u samom vrhu rukometa u BiH, ka\u017ee Milan Toli\u0107 i dodaje: <\/p>\n\n\n\n<p>Voditi Izvi\u0111a\u010d je izazov i \u010dast, a vidjet \u0107emo kakav \u0107e rezultat biti. Nadamo se najboljem.Iza ekipe je uvodni tjedan rada. Svi su jako dobro radili individualno i prije ovih priprema, tako da su stigli spremni. Za po\u010detak smo se vi\u0161e bazirali na snagu iako pomalo uklju\u010dujemo i loptu. Po\u010deli smo s radom tjedan ranije jer igramo kvalifikacije za Europsku ligu, ka\u017ee Toli\u0107.<\/p>\n\n\n\n<p>Tamo \u0107e Izvi\u0111a\u010d igrati protiv \u010de\u0161ke Karvine, prvi me\u010d u gostima 31. 8.\/1. 9., potom uzvrat u Ljubu\u0161kom sedam dana kasnije.<\/p>\n\n\n\n<p> Dobro je da igramo prvu u gostima. Protivnik je jako te\u017eak, bi\u0107e ba\u0161 nezgodno, dosta se njihovih igra\u010da koji igraju u Bundesligi vrate pri zalasku karijere tamo. Imaju i mladih, te reprezentativaca \u010ce\u0161ke. Ali vjerujemo u sebe i idemo na pobjedu, poru\u010dio je Toli\u0107.<\/p>\n\n\n\n<p>Najve\u0107a ovoljetna promjena za Ljubu\u0161ake je svakako odlazak Ivana Pavlovi\u0107a u Zagreb.<\/p>\n\n\n\n<p>Ipak klub se potrudio i oko dovo\u0111enja talentiranih prinova. <\/p>\n\n\n\n<p>Mislim da \u0107emo biti dobro popunjeni jer smo doveli Kerima Semi\u0107a iz Vogo\u0161\u0107e, vratili sa posudbe Amera \u0160ahinovi\u0107a iz Hercegovine, zatim tu su desno krilo Kristijana Kati\u0107 iz \u017dep\u010da i Danijel Stijovi\u0107, lijevi vanjski iz Kozarske Dubice. Tako\u0111er smo i iskusniji godinu dana. Vjerujem da \u0107e sve biti super, ali kako \u0107e ekipa reagirati na nove trenere, to \u0107emo ipak tek vidjeti, zaklju\u010dio je Milan Toli\u0107.<\/p>\n\n\n\n<p>Plan priprema<\/p>\n\n\n\n<p> Izvi\u0111a\u010d \u0107e prvu pripremnu utakmicu imati ve\u0107 10. kolovoza protiv Trogira u Ljubu\u0161kom. Istoj ekipi potom gostuju 17. 8. u Trogiru, da bi onda igrali turnir od 23. do 25. 8. u Visokom gdje \u0107e imati tri suparnika.<\/p>\n\n\n\n<p>U Visokom \u0107e odraditi i mini pripreme od 20. do 25. 8. Prvenstvo BiH po\u010dinje 15. 9. kad Skauti gostuju u Maglaju kojem \u0107e posuditi spomenutog Danijela Stijovi\u0107a, lijevog vanjskog iz Kozarske Dubice.<\/p>\n\n\n\n<p><\/p>\n\n\n\n<p>Er.Bijedi\u0107\/Dnevni.ba<\/p>\n\n\n\n<p>Link na izvorni \u010dlanak \ud83d\udd3d<\/p>\n\n\n\n<p><a href=\"https:\/\/dnevni.ba\/clanak\/tolic-nastavit-cemo-ono-sto-je-colina-radio\">https:\/\/dnevni.ba\/clanak\/tolic-nastavit-cemo-ono-sto-je-colina-radio<\/a><\/p>\n\n\n\n<p><\/p>\n\n\n\n<p><\/p>\n\n\n\n<p><\/p>\n\n\n\n<p><\/p>\n","protected":false},"excerpt":{"rendered":"<p>Od pro\u0161log ponedjeljka, kad su krenule ljetne pripreme, ekipu aktualnog prvaka Bosne i Hercegovine u rukometu, ljubu\u0161ki izvi\u0111a\u010d, vodi trenerski dvojac Milan Toli\u0107 \u2013 Ivan D\u017eoli\u0107. Dvojac je na klupi naslijedio Tonija \u010colinu koji je osvojio tri titule prvaka BiH i jednu Kupa. Radi se o lokalnim rukometnim radnicima koji dobro poznaju situaciju u klubu. [&hellip;]<\/p>\n","protected":false},"author":2,"featured_media":207237,"comment_status":"closed","ping_status":"closed","sticky":false,"template":"","format":"standard","meta":{"h5ap_radio_sources":[],"footnotes":""},"categories":[3,28],"tags":[],"class_list":["post-207235","post","type-post","status-publish","format-standard","has-post-thumbnail","hentry","category-ljubuski","category-novosti"],"yoast_head":"<!-- This site is optimized with the Yoast SEO plugin v27.5 - https:\/\/yoast.com\/product\/yoast-seo-wordpress\/ -->\n<title>Milan Toli\u0107: Nastavit \u0107emo ono \u0161to je \u010colina radio - RADIO LJUBU\u0160KI<\/title>\n<meta name=\"robots\" content=\"index, follow, max-snippet:-1, max-image-preview:large, max-video-preview:-1\" \/>\n<link rel=\"canonical\" href=\"https:\/\/radioljubuski.ba\/index.php\/2024\/07\/29\/milan-tolic-nastavit-cemo-ono-sto-je-colina-radio\/\" \/>\n<meta property=\"og:locale\" content=\"hr_HR\" \/>\n<meta property=\"og:type\" content=\"article\" \/>\n<meta property=\"og:title\" content=\"Milan Toli\u0107: Nastavit \u0107emo ono \u0161to je \u010colina radio - RADIO LJUBU\u0160KI\" \/>\n<meta property=\"og:description\" content=\"Od pro\u0161log ponedjeljka, kad su krenule ljetne pripreme, ekipu aktualnog prvaka Bosne i Hercegovine u rukometu, ljubu\u0161ki izvi\u0111a\u010d, vodi trenerski dvojac Milan Toli\u0107 \u2013 Ivan D\u017eoli\u0107. Dvojac je na klupi naslijedio Tonija \u010colinu koji je osvojio tri titule prvaka BiH i jednu Kupa. Radi se o lokalnim rukometnim radnicima koji dobro poznaju situaciju u klubu. [&hellip;]\" \/>\n<meta property=\"og:url\" content=\"https:\/\/radioljubuski.ba\/index.php\/2024\/07\/29\/milan-tolic-nastavit-cemo-ono-sto-je-colina-radio\/\" \/>\n<meta property=\"og:site_name\" content=\"RADIO LJUBU\u0160KI\" \/>\n<meta property=\"article:publisher\" content=\"https:\/\/www.facebook.com\/Radiio-Ljubuski-1490835324566332\" \/>\n<meta property=\"article:published_time\" content=\"2024-07-29T18:39:28+00:00\" \/>\n<meta property=\"article:modified_time\" content=\"2024-07-29T18:42:45+00:00\" \/>\n<meta property=\"og:image\" content=\"https:\/\/radioljubuski.ba\/wp-content\/uploads\/2024\/07\/IMG_20240729_202829.jpg\" \/>\n\t<meta property=\"og:image:width\" content=\"1295\" \/>\n\t<meta property=\"og:image:height\" content=\"1031\" \/>\n\t<meta property=\"og:image:type\" content=\"image\/jpeg\" \/>\n<meta name=\"author\" content=\"Radio Ljubu\u0161ki\" \/>\n<meta name=\"twitter:card\" content=\"summary_large_image\" \/>\n<meta name=\"twitter:creator\" content=\"@radioljubuski\" \/>\n<meta name=\"twitter:site\" content=\"@radioljubuski\" \/>\n<meta name=\"twitter:label1\" content=\"Napisao\/la\" \/>\n\t<meta name=\"twitter:data1\" content=\"Radio Ljubu\u0161ki\" \/>\n\t<meta name=\"twitter:label2\" content=\"Procijenjeno vrijeme \u010ditanja\" \/>\n\t<meta name=\"twitter:data2\" content=\"3 minute\" \/>\n<script type=\"application\/ld+json\" class=\"yoast-schema-graph\">{\"@context\":\"https:\\\/\\\/schema.org\",\"@graph\":[{\"@type\":\"Article\",\"@id\":\"https:\\\/\\\/radioljubuski.ba\\\/index.php\\\/2024\\\/07\\\/29\\\/milan-tolic-nastavit-cemo-ono-sto-je-colina-radio\\\/#article\",\"isPartOf\":{\"@id\":\"https:\\\/\\\/radioljubuski.ba\\\/index.php\\\/2024\\\/07\\\/29\\\/milan-tolic-nastavit-cemo-ono-sto-je-colina-radio\\\/\"},\"author\":{\"name\":\"Radio Ljubu\u0161ki\",\"@id\":\"https:\\\/\\\/radioljubuski.ba\\\/#\\\/schema\\\/person\\\/19fc700381a780f69665d7956c469e3b\"},\"headline\":\"Milan Toli\u0107: Nastavit \u0107emo ono \u0161to je \u010colina radio\",\"datePublished\":\"2024-07-29T18:39:28+00:00\",\"dateModified\":\"2024-07-29T18:42:45+00:00\",\"mainEntityOfPage\":{\"@id\":\"https:\\\/\\\/radioljubuski.ba\\\/index.php\\\/2024\\\/07\\\/29\\\/milan-tolic-nastavit-cemo-ono-sto-je-colina-radio\\\/\"},\"wordCount\":528,\"publisher\":{\"@id\":\"https:\\\/\\\/radioljubuski.ba\\\/#organization\"},\"image\":{\"@id\":\"https:\\\/\\\/radioljubuski.ba\\\/index.php\\\/2024\\\/07\\\/29\\\/milan-tolic-nastavit-cemo-ono-sto-je-colina-radio\\\/#primaryimage\"},\"thumbnailUrl\":\"https:\\\/\\\/radioljubuski.ba\\\/wp-content\\\/uploads\\\/2024\\\/07\\\/IMG_20240729_202829.jpg\",\"articleSection\":[\"Ljubu\u0161ki\",\"Novosti\"],\"inLanguage\":\"hr\"},{\"@type\":\"WebPage\",\"@id\":\"https:\\\/\\\/radioljubuski.ba\\\/index.php\\\/2024\\\/07\\\/29\\\/milan-tolic-nastavit-cemo-ono-sto-je-colina-radio\\\/\",\"url\":\"https:\\\/\\\/radioljubuski.ba\\\/index.php\\\/2024\\\/07\\\/29\\\/milan-tolic-nastavit-cemo-ono-sto-je-colina-radio\\\/\",\"name\":\"Milan Toli\u0107: Nastavit \u0107emo ono \u0161to je \u010colina radio - RADIO LJUBU\u0160KI\",\"isPartOf\":{\"@id\":\"https:\\\/\\\/radioljubuski.ba\\\/#website\"},\"primaryImageOfPage\":{\"@id\":\"https:\\\/\\\/radioljubuski.ba\\\/index.php\\\/2024\\\/07\\\/29\\\/milan-tolic-nastavit-cemo-ono-sto-je-colina-radio\\\/#primaryimage\"},\"image\":{\"@id\":\"https:\\\/\\\/radioljubuski.ba\\\/index.php\\\/2024\\\/07\\\/29\\\/milan-tolic-nastavit-cemo-ono-sto-je-colina-radio\\\/#primaryimage\"},\"thumbnailUrl\":\"https:\\\/\\\/radioljubuski.ba\\\/wp-content\\\/uploads\\\/2024\\\/07\\\/IMG_20240729_202829.jpg\",\"datePublished\":\"2024-07-29T18:39:28+00:00\",\"dateModified\":\"2024-07-29T18:42:45+00:00\",\"breadcrumb\":{\"@id\":\"https:\\\/\\\/radioljubuski.ba\\\/index.php\\\/2024\\\/07\\\/29\\\/milan-tolic-nastavit-cemo-ono-sto-je-colina-radio\\\/#breadcrumb\"},\"inLanguage\":\"hr\",\"potentialAction\":[{\"@type\":\"ReadAction\",\"target\":[\"https:\\\/\\\/radioljubuski.ba\\\/index.php\\\/2024\\\/07\\\/29\\\/milan-tolic-nastavit-cemo-ono-sto-je-colina-radio\\\/\"]}]},{\"@type\":\"ImageObject\",\"inLanguage\":\"hr\",\"@id\":\"https:\\\/\\\/radioljubuski.ba\\\/index.php\\\/2024\\\/07\\\/29\\\/milan-tolic-nastavit-cemo-ono-sto-je-colina-radio\\\/#primaryimage\",\"url\":\"https:\\\/\\\/radioljubuski.ba\\\/wp-content\\\/uploads\\\/2024\\\/07\\\/IMG_20240729_202829.jpg\",\"contentUrl\":\"https:\\\/\\\/radioljubuski.ba\\\/wp-content\\\/uploads\\\/2024\\\/07\\\/IMG_20240729_202829.jpg\",\"width\":1295,\"height\":1031},{\"@type\":\"BreadcrumbList\",\"@id\":\"https:\\\/\\\/radioljubuski.ba\\\/index.php\\\/2024\\\/07\\\/29\\\/milan-tolic-nastavit-cemo-ono-sto-je-colina-radio\\\/#breadcrumb\",\"itemListElement\":[{\"@type\":\"ListItem\",\"position\":1,\"name\":\"Po\u010detna stranica\",\"item\":\"https:\\\/\\\/radioljubuski.ba\\\/\"},{\"@type\":\"ListItem\",\"position\":2,\"name\":\"Milan Toli\u0107: Nastavit \u0107emo ono \u0161to je \u010colina radio\"}]},{\"@type\":\"WebSite\",\"@id\":\"https:\\\/\\\/radioljubuski.ba\\\/#website\",\"url\":\"https:\\\/\\\/radioljubuski.ba\\\/\",\"name\":\"Radio Ljubu\u0161ki\",\"description\":\"Sun\u010dana frekvencija Hercegovine\",\"publisher\":{\"@id\":\"https:\\\/\\\/radioljubuski.ba\\\/#organization\"},\"potentialAction\":[{\"@type\":\"SearchAction\",\"target\":{\"@type\":\"EntryPoint\",\"urlTemplate\":\"https:\\\/\\\/radioljubuski.ba\\\/?s={search_term_string}\"},\"query-input\":{\"@type\":\"PropertyValueSpecification\",\"valueRequired\":true,\"valueName\":\"search_term_string\"}}],\"inLanguage\":\"hr\"},{\"@type\":\"Organization\",\"@id\":\"https:\\\/\\\/radioljubuski.ba\\\/#organization\",\"name\":\"Radio Ljubu\u0161ki\",\"url\":\"https:\\\/\\\/radioljubuski.ba\\\/\",\"logo\":{\"@type\":\"ImageObject\",\"inLanguage\":\"hr\",\"@id\":\"https:\\\/\\\/radioljubuski.ba\\\/#\\\/schema\\\/logo\\\/image\\\/\",\"url\":\"https:\\\/\\\/radioljubuski.ba\\\/wp-content\\\/uploads\\\/2021\\\/02\\\/cropped-Radio_Ljubuski_logo1.jpg\",\"contentUrl\":\"https:\\\/\\\/radioljubuski.ba\\\/wp-content\\\/uploads\\\/2021\\\/02\\\/cropped-Radio_Ljubuski_logo1.jpg\",\"width\":512,\"height\":512,\"caption\":\"Radio Ljubu\u0161ki\"},\"image\":{\"@id\":\"https:\\\/\\\/radioljubuski.ba\\\/#\\\/schema\\\/logo\\\/image\\\/\"},\"sameAs\":[\"https:\\\/\\\/www.facebook.com\\\/Radiio-Ljubuski-1490835324566332\",\"https:\\\/\\\/x.com\\\/radioljubuski\",\"https:\\\/\\\/hr.linkedin.com\\\/company\\\/radio-ljubuski\",\"https:\\\/\\\/www.youtube.com\\\/channel\\\/UCHYaeO_n0Db3tjNGudGpXyw\"]},{\"@type\":\"Person\",\"@id\":\"https:\\\/\\\/radioljubuski.ba\\\/#\\\/schema\\\/person\\\/19fc700381a780f69665d7956c469e3b\",\"name\":\"Radio Ljubu\u0161ki\"}]}<\/script>\n<!-- \/ Yoast SEO plugin. -->","yoast_head_json":{"title":"Milan Toli\u0107: Nastavit \u0107emo ono \u0161to je \u010colina radio - RADIO LJUBU\u0160KI","robots":{"index":"index","follow":"follow","max-snippet":"max-snippet:-1","max-image-preview":"max-image-preview:large","max-video-preview":"max-video-preview:-1"},"canonical":"https:\/\/radioljubuski.ba\/index.php\/2024\/07\/29\/milan-tolic-nastavit-cemo-ono-sto-je-colina-radio\/","og_locale":"hr_HR","og_type":"article","og_title":"Milan Toli\u0107: Nastavit \u0107emo ono \u0161to je \u010colina radio - RADIO LJUBU\u0160KI","og_description":"Od pro\u0161log ponedjeljka, kad su krenule ljetne pripreme, ekipu aktualnog prvaka Bosne i Hercegovine u rukometu, ljubu\u0161ki izvi\u0111a\u010d, vodi trenerski dvojac Milan Toli\u0107 \u2013 Ivan D\u017eoli\u0107. Dvojac je na klupi naslijedio Tonija \u010colinu koji je osvojio tri titule prvaka BiH i jednu Kupa. Radi se o lokalnim rukometnim radnicima koji dobro poznaju situaciju u klubu. [&hellip;]","og_url":"https:\/\/radioljubuski.ba\/index.php\/2024\/07\/29\/milan-tolic-nastavit-cemo-ono-sto-je-colina-radio\/","og_site_name":"RADIO LJUBU\u0160KI","article_publisher":"https:\/\/www.facebook.com\/Radiio-Ljubuski-1490835324566332","article_published_time":"2024-07-29T18:39:28+00:00","article_modified_time":"2024-07-29T18:42:45+00:00","og_image":[{"width":1295,"height":1031,"url":"https:\/\/radioljubuski.ba\/wp-content\/uploads\/2024\/07\/IMG_20240729_202829.jpg","type":"image\/jpeg"}],"author":"Radio Ljubu\u0161ki","twitter_card":"summary_large_image","twitter_creator":"@radioljubuski","twitter_site":"@radioljubuski","twitter_misc":{"Napisao\/la":"Radio Ljubu\u0161ki","Procijenjeno vrijeme \u010ditanja":"3 minute"},"schema":{"@context":"https:\/\/schema.org","@graph":[{"@type":"Article","@id":"https:\/\/radioljubuski.ba\/index.php\/2024\/07\/29\/milan-tolic-nastavit-cemo-ono-sto-je-colina-radio\/#article","isPartOf":{"@id":"https:\/\/radioljubuski.ba\/index.php\/2024\/07\/29\/milan-tolic-nastavit-cemo-ono-sto-je-colina-radio\/"},"author":{"name":"Radio Ljubu\u0161ki","@id":"https:\/\/radioljubuski.ba\/#\/schema\/person\/19fc700381a780f69665d7956c469e3b"},"headline":"Milan Toli\u0107: Nastavit \u0107emo ono \u0161to je \u010colina radio","datePublished":"2024-07-29T18:39:28+00:00","dateModified":"2024-07-29T18:42:45+00:00","mainEntityOfPage":{"@id":"https:\/\/radioljubuski.ba\/index.php\/2024\/07\/29\/milan-tolic-nastavit-cemo-ono-sto-je-colina-radio\/"},"wordCount":528,"publisher":{"@id":"https:\/\/radioljubuski.ba\/#organization"},"image":{"@id":"https:\/\/radioljubuski.ba\/index.php\/2024\/07\/29\/milan-tolic-nastavit-cemo-ono-sto-je-colina-radio\/#primaryimage"},"thumbnailUrl":"https:\/\/radioljubuski.ba\/wp-content\/uploads\/2024\/07\/IMG_20240729_202829.jpg","articleSection":["Ljubu\u0161ki","Novosti"],"inLanguage":"hr"},{"@type":"WebPage","@id":"https:\/\/radioljubuski.ba\/index.php\/2024\/07\/29\/milan-tolic-nastavit-cemo-ono-sto-je-colina-radio\/","url":"https:\/\/radioljubuski.ba\/index.php\/2024\/07\/29\/milan-tolic-nastavit-cemo-ono-sto-je-colina-radio\/","name":"Milan Toli\u0107: Nastavit \u0107emo ono \u0161to je \u010colina radio - RADIO LJUBU\u0160KI","isPartOf":{"@id":"https:\/\/radioljubuski.ba\/#website"},"primaryImageOfPage":{"@id":"https:\/\/radioljubuski.ba\/index.php\/2024\/07\/29\/milan-tolic-nastavit-cemo-ono-sto-je-colina-radio\/#primaryimage"},"image":{"@id":"https:\/\/radioljubuski.ba\/index.php\/2024\/07\/29\/milan-tolic-nastavit-cemo-ono-sto-je-colina-radio\/#primaryimage"},"thumbnailUrl":"https:\/\/radioljubuski.ba\/wp-content\/uploads\/2024\/07\/IMG_20240729_202829.jpg","datePublished":"2024-07-29T18:39:28+00:00","dateModified":"2024-07-29T18:42:45+00:00","breadcrumb":{"@id":"https:\/\/radioljubuski.ba\/index.php\/2024\/07\/29\/milan-tolic-nastavit-cemo-ono-sto-je-colina-radio\/#breadcrumb"},"inLanguage":"hr","potentialAction":[{"@type":"ReadAction","target":["https:\/\/radioljubuski.ba\/index.php\/2024\/07\/29\/milan-tolic-nastavit-cemo-ono-sto-je-colina-radio\/"]}]},{"@type":"ImageObject","inLanguage":"hr","@id":"https:\/\/radioljubuski.ba\/index.php\/2024\/07\/29\/milan-tolic-nastavit-cemo-ono-sto-je-colina-radio\/#primaryimage","url":"https:\/\/radioljubuski.ba\/wp-content\/uploads\/2024\/07\/IMG_20240729_202829.jpg","contentUrl":"https:\/\/radioljubuski.ba\/wp-content\/uploads\/2024\/07\/IMG_20240729_202829.jpg","width":1295,"height":1031},{"@type":"BreadcrumbList","@id":"https:\/\/radioljubuski.ba\/index.php\/2024\/07\/29\/milan-tolic-nastavit-cemo-ono-sto-je-colina-radio\/#breadcrumb","itemListElement":[{"@type":"ListItem","position":1,"name":"Po\u010detna stranica","item":"https:\/\/radioljubuski.ba\/"},{"@type":"ListItem","position":2,"name":"Milan Toli\u0107: Nastavit \u0107emo ono \u0161to je \u010colina radio"}]},{"@type":"WebSite","@id":"https:\/\/radioljubuski.ba\/#website","url":"https:\/\/radioljubuski.ba\/","name":"Radio Ljubu\u0161ki","description":"Sun\u010dana frekvencija Hercegovine","publisher":{"@id":"https:\/\/radioljubuski.ba\/#organization"},"potentialAction":[{"@type":"SearchAction","target":{"@type":"EntryPoint","urlTemplate":"https:\/\/radioljubuski.ba\/?s={search_term_string}"},"query-input":{"@type":"PropertyValueSpecification","valueRequired":true,"valueName":"search_term_string"}}],"inLanguage":"hr"},{"@type":"Organization","@id":"https:\/\/radioljubuski.ba\/#organization","name":"Radio Ljubu\u0161ki","url":"https:\/\/radioljubuski.ba\/","logo":{"@type":"ImageObject","inLanguage":"hr","@id":"https:\/\/radioljubuski.ba\/#\/schema\/logo\/image\/","url":"https:\/\/radioljubuski.ba\/wp-content\/uploads\/2021\/02\/cropped-Radio_Ljubuski_logo1.jpg","contentUrl":"https:\/\/radioljubuski.ba\/wp-content\/uploads\/2021\/02\/cropped-Radio_Ljubuski_logo1.jpg","width":512,"height":512,"caption":"Radio Ljubu\u0161ki"},"image":{"@id":"https:\/\/radioljubuski.ba\/#\/schema\/logo\/image\/"},"sameAs":["https:\/\/www.facebook.com\/Radiio-Ljubuski-1490835324566332","https:\/\/x.com\/radioljubuski","https:\/\/hr.linkedin.com\/company\/radio-ljubuski","https:\/\/www.youtube.com\/channel\/UCHYaeO_n0Db3tjNGudGpXyw"]},{"@type":"Person","@id":"https:\/\/radioljubuski.ba\/#\/schema\/person\/19fc700381a780f69665d7956c469e3b","name":"Radio Ljubu\u0161ki"}]}},"_links":{"self":[{"href":"https:\/\/radioljubuski.ba\/index.php\/wp-json\/wp\/v2\/posts\/207235","targetHints":{"allow":["GET"]}}],"collection":[{"href":"https:\/\/radioljubuski.ba\/index.php\/wp-json\/wp\/v2\/posts"}],"about":[{"href":"https:\/\/radioljubuski.ba\/index.php\/wp-json\/wp\/v2\/types\/post"}],"author":[{"embeddable":true,"href":"https:\/\/radioljubuski.ba\/index.php\/wp-json\/wp\/v2\/users\/2"}],"replies":[{"embeddable":true,"href":"https:\/\/radioljubuski.ba\/index.php\/wp-json\/wp\/v2\/comments?post=207235"}],"version-history":[{"count":5,"href":"https:\/\/radioljubuski.ba\/index.php\/wp-json\/wp\/v2\/posts\/207235\/revisions"}],"predecessor-version":[{"id":207249,"href":"https:\/\/radioljubuski.ba\/index.php\/wp-json\/wp\/v2\/posts\/207235\/revisions\/207249"}],"wp:featuredmedia":[{"embeddable":true,"href":"https:\/\/radioljubuski.ba\/index.php\/wp-json\/wp\/v2\/media\/207237"}],"wp:attachment":[{"href":"https:\/\/radioljubuski.ba\/index.php\/wp-json\/wp\/v2\/media?parent=207235"}],"wp:term":[{"taxonomy":"category","embeddable":true,"href":"https:\/\/radioljubuski.ba\/index.php\/wp-json\/wp\/v2\/categories?post=207235"},{"taxonomy":"post_tag","embeddable":true,"href":"https:\/\/radioljubuski.ba\/index.php\/wp-json\/wp\/v2\/tags?post=207235"}],"curies":[{"name":"wp","href":"https:\/\/api.w.org\/{rel}","templated":true}]}}