{"id":207312,"date":"2024-08-01T08:13:36","date_gmt":"2024-08-01T07:13:36","guid":{"rendered":"https:\/\/radioljubuski.ba\/?p=207312"},"modified":"2024-08-02T19:11:44","modified_gmt":"2024-08-02T18:11:44","slug":"uruceni-ugovori-za-podrsku-poduzetnickim-zonama-gradu-ljubuskom-300-00000-km","status":"publish","type":"post","link":"https:\/\/radioljubuski.ba\/index.php\/2024\/08\/01\/uruceni-ugovori-za-podrsku-poduzetnickim-zonama-gradu-ljubuskom-300-00000-km\/","title":{"rendered":"Uru\u010deni ugovori za podr\u0161ku poduzetni\u010dkim zonama \u2013 Gradu Ljubu\u0161kom 300 000,00 KM"},"content":{"rendered":"\n<p>Zamjenik premijera Federacije BiH i federalni ministar razvoja, poduzetni\u0161tva i obrta Vojin Mijatovi\u0107 danas je u prisustvu premijera Federacije BiH Nermina Nik\u0161i\u0107a, te federalnog dopremijera i ministra financija Tonija Kraljevi\u0107a, u sjedi\u0161tu Vlade Federacije BiH u Sarajevu, uru\u010dio ugovore za 233 korisnika grant sredstava iz Bud\u017eeta Federacije BiH za 2024. godinu, namijenjenih razvoju poduzetni\u0161tva i obrta u FBiH. Ugovori su potpisani s na\u010delnicima i gradona\u010delnicima op\u0107ina i gradova u FBiH za projekte \u201eIzgradnja poduzetni\u010dkih zona\u201c, kao i s korisnicima projekata \u201ePodr\u0161ka MSP u IT sektoru\u201c i \u201eJa\u010danje konkurentnosti malih i srednjih poduze\u0107a (MSP)\u201c.<\/p>\n\n\n\n<p>Ministar Mijatovi\u0107 podsjetio je da je za podr\u0161ku maloj privredi iz ovogodi\u0161njeg Federalnog bud\u017eeta izdvojeno rekordnih 26,2 milijuna KM za ukupno 481 korisnika, od kojih je ju\u010der poticaje dobilo njih 248.<\/p>\n\n\n\n<p>\u2013 Vlada Federacije BiH je s novim programima i novom bud\u017eetskom godinom odlu\u010dila da kroz Federalno ministarstvo razvoja, poduzetni\u0161tva i obrta Federalnom bud\u017eetu damo ono \u0161to je bilo neophodno, a to je zna\u010dajna razvojna komponenta. Ovo je ukupno opredjeljenje Vlade Federacije. Nakon \u0161to smo pro\u0161le godine zatekli sedam milijuna KM za podr\u0161ku sektoru malih i srednjih poduze\u0107a, obe\u0107ao sam da \u0107emo ovaj iznos uduplati, a uspjeli smo ga pove\u0107ati za vi\u0161e od 3,5 puta. Ovo je jedini na\u010din kako da o\u010duvamo postoje\u0107a i do\u0111emo do novih radnih mjesta, te zajedni\u010dki s na\u0161im privrednicima radimo na pove\u0107anju na\u0161eg BDP-a. Potpuno sam siguran da \u0107e na kraju mandata ove Vlade biti dostignut europski prosjek za izdvajanja u sektor mikro, malih i srednjih poduze\u0107a od 3,7 posto, jer ve\u0107 u ovoj godini imamo dva posto u Federalnom bud\u017eetu za podr\u0161ku MSP \u2013 kazao je ministar Mijatovi\u0107.<\/p>\n\n\n\n<p>Naglasio je da, s ciljem ekonomskog rasta i zapo\u0161ljavanja na lokalnom nivou, dana\u0161njim potpisivanjem ugovora s 24 grada i op\u0107ine Vlada Federacije BiH s vi\u0161e od 5,5 milijuna KM subvencionira izgradnju nove, te unapre\u0111enje postoje\u0107e infrastrukture u poduzetni\u010dkim zonama FBiH. Najzna\u010dajniji ovogodi\u0161nji projekt odnosi se na ja\u010danje konkurentnosti MSP-a u iznosu 16,3 milijuna KM, a poticajna sredstva dobila su 193 privrednika. Projekt je namijenjen ja\u010danju konkurentnosti, te poticanju rasta inovativnih i izvozu usmjerenih MSP-a kroz tehnolo\u0161ku modernizaciju poslovnih procesa. Prvi put ove godine kreirana je i podr\u0161ka MSP u IT sektoru, a 16 korisnika podr\u017eano je s 1,1 milijun KM.<\/p>\n\n\n\n<p>\u2013 Prvi put smo krenuli s poticanjem za poduze\u0107a u IT sektoru. Ukoliko isklju\u010dimo Srbiju, mi smo jedini u regionu koji dajemo podr\u0161ku IT sektoru, naravno, ne ra\u010dunaju\u0107i Hrvatsku koja je \u010dlanica EU. Raduje i da smo prvi put uveli i podr\u0161ku za potporne poduzetni\u010dke institucije. Ovi projekti podr\u0161ke malim i srednjim poduze\u0107ima, te lokalnim zajednicama su \u010din istinskog patriotizma. To je politika koju zagovara i provodi Vlada Federacije BiH na \u010delu s premijerom Nerminom Nik\u0161i\u0107em \u2013 poru\u010dio je ministar Mijatovi\u0107.<\/p>\n\n\n\n<p>Premijer Nik\u0161i\u0107 ovom prilikom iskazao je zadovoljstvo da dva dana u sjedi\u0161tu Vlade FBiH traje potpisivanje ugovora za davanje poticaja maloj privredi.<\/p>\n\n\n\n<p>\u2013 To predstavlja realizaciju na\u0161ih programskih opredjeljenja koje smo dogovarali kada smo formirali Vladu. Zadovoljstvo mi je da idemo ve\u0107 u realizaciju ovog bud\u017eeta, a gdje smo poticaje sa sedam milijuna KM pove\u0107ali na 26,2 milijuna KM, \u0161to je respektabilno. Siguran sam da \u0107emo u narednom periodu nastojati ta izdvajanja jo\u0161 uve\u0107ati. Danas smo u prilici da govorimo o podr\u0161kama za poslovne zone, malim i srednjim poduze\u0107ima i, posebno, IT industriji koja se razvija. Nadam se da \u0107emo tu podr\u0161ku u periodu pred nama dodatno ja\u010dati, kako bismo otvorili prostor za zapo\u0161ljavanje \u0161to ve\u0107eg broja na\u0161ih ljudi, te pokazali da se u na\u0161oj zemlji mogu\u0107e baviti biznisom i imati stabilna radna mjesta, te kvalitetne plate \u2013 istakao je premijer Nik\u0161i\u0107.<\/p>\n\n\n\n<p>Danas je istaknuto i da su projekti odabrani putem online platforme koja je doprinijela brzini i transparentnosti cijelog procesa.<\/p>\n\n\n\n<p>Ministar Kraljevi\u0107 najavio je da \u0107e isplata poticajnih sredstava biti u najkra\u0107em roku, odmah nakon \u0161to iz Federalnog ministarstva razvoja poduzetni\u0161tva i obrta budu upu\u0107eni nalozi. Podsjetio je i na usvajanje Federalnog bud\u017eeta za ovu godinu u iznosu od skoro 7,5 milijardi KM, kada jo\u0161 nisu bili usvojeni zakoni o poduzetni\u010dkoj infrastrukturi, te poticanju male privrede.<\/p>\n\n\n\n<p>\u2013 Mi smo prejudicirali pozitivan ishod i usvajanje tih zakona u oba doma na\u0161eg parlamenta , te smo tako i kreirali poziciju koju danas ovim finalnim \u010dinom konzumiramo. Na koncu, poduzetni\u0161tvo i obrt dignuti su na mjesto gdje i pripadaju. Ono \u0161to je trajni benefit jeste stavka da se procentualna izdvajanja iz prora\u010duna za ove namjene ne\u0107e mo\u0107i smanjivati, a nadam se da \u0107emo biti u prilici dodatno prora\u010dun ja\u010dati, pa da \u0107e ova sredstva biti i ve\u0107a \u2013 kazao je ministar Kraljevi\u0107.<\/p>\n\n\n\n<p>Ovom prilikom obratili su se i predstavnici partnera projekta direktorica Odjela za razvojnu suradnju pri Ambasadi \u0160vedske u BiH Eva Gibson Smedberg i rezidentni predstavnik UNDP-a u BiH Renaud Meyer, kao i predstavnici korisnika.<\/p>\n\n\n\n<figure class=\"wp-block-image size-large\"><img loading=\"lazy\" decoding=\"async\" width=\"1024\" height=\"683\" src=\"https:\/\/radioljubuski.ba\/wp-content\/uploads\/2024\/07\/foto-03-ministar-mijatovic-sa-nacelnicima_1722429704-1024x683.jpg\" alt=\"\" class=\"wp-image-207316\" srcset=\"https:\/\/radioljubuski.ba\/wp-content\/uploads\/2024\/07\/foto-03-ministar-mijatovic-sa-nacelnicima_1722429704-1024x683.jpg 1024w, https:\/\/radioljubuski.ba\/wp-content\/uploads\/2024\/07\/foto-03-ministar-mijatovic-sa-nacelnicima_1722429704-300x200.jpg 300w, https:\/\/radioljubuski.ba\/wp-content\/uploads\/2024\/07\/foto-03-ministar-mijatovic-sa-nacelnicima_1722429704-768x512.jpg 768w, https:\/\/radioljubuski.ba\/wp-content\/uploads\/2024\/07\/foto-03-ministar-mijatovic-sa-nacelnicima_1722429704-1536x1024.jpg 1536w, https:\/\/radioljubuski.ba\/wp-content\/uploads\/2024\/07\/foto-03-ministar-mijatovic-sa-nacelnicima_1722429704-18x12.jpg 18w, https:\/\/radioljubuski.ba\/wp-content\/uploads\/2024\/07\/foto-03-ministar-mijatovic-sa-nacelnicima_1722429704.jpg 1600w\" sizes=\"auto, (max-width: 1024px) 100vw, 1024px\" \/><\/figure>\n\n\n\n<p>Ljportal<\/p>\n","protected":false},"excerpt":{"rendered":"<p>Zamjenik premijera Federacije BiH i federalni ministar razvoja, poduzetni\u0161tva i obrta Vojin Mijatovi\u0107 danas je u prisustvu premijera Federacije BiH Nermina Nik\u0161i\u0107a, te federalnog dopremijera i ministra financija Tonija Kraljevi\u0107a, u sjedi\u0161tu Vlade Federacije BiH u Sarajevu, uru\u010dio ugovore za 233 korisnika grant sredstava iz Bud\u017eeta Federacije BiH za 2024. godinu, namijenjenih razvoju poduzetni\u0161tva i [&hellip;]<\/p>\n","protected":false},"author":2,"featured_media":207317,"comment_status":"closed","ping_status":"closed","sticky":false,"template":"","format":"standard","meta":{"h5ap_radio_sources":[],"footnotes":""},"categories":[3],"tags":[],"class_list":["post-207312","post","type-post","status-publish","format-standard","has-post-thumbnail","hentry","category-ljubuski"],"yoast_head":"<!-- This site is optimized with the Yoast SEO plugin v27.5 - https:\/\/yoast.com\/product\/yoast-seo-wordpress\/ -->\n<title>Uru\u010deni ugovori za podr\u0161ku poduzetni\u010dkim zonama \u2013 Gradu Ljubu\u0161kom 300 000,00 KM - RADIO LJUBU\u0160KI<\/title>\n<meta name=\"robots\" content=\"index, follow, max-snippet:-1, max-image-preview:large, max-video-preview:-1\" \/>\n<link rel=\"canonical\" href=\"https:\/\/radioljubuski.ba\/index.php\/2024\/08\/01\/uruceni-ugovori-za-podrsku-poduzetnickim-zonama-gradu-ljubuskom-300-00000-km\/\" \/>\n<meta property=\"og:locale\" content=\"hr_HR\" \/>\n<meta property=\"og:type\" content=\"article\" \/>\n<meta property=\"og:title\" content=\"Uru\u010deni ugovori za podr\u0161ku poduzetni\u010dkim zonama \u2013 Gradu Ljubu\u0161kom 300 000,00 KM - RADIO LJUBU\u0160KI\" \/>\n<meta property=\"og:description\" content=\"Zamjenik premijera Federacije BiH i federalni ministar razvoja, poduzetni\u0161tva i obrta Vojin Mijatovi\u0107 danas je u prisustvu premijera Federacije BiH Nermina Nik\u0161i\u0107a, te federalnog dopremijera i ministra financija Tonija Kraljevi\u0107a, u sjedi\u0161tu Vlade Federacije BiH u Sarajevu, uru\u010dio ugovore za 233 korisnika grant sredstava iz Bud\u017eeta Federacije BiH za 2024. godinu, namijenjenih razvoju poduzetni\u0161tva i [&hellip;]\" \/>\n<meta property=\"og:url\" content=\"https:\/\/radioljubuski.ba\/index.php\/2024\/08\/01\/uruceni-ugovori-za-podrsku-poduzetnickim-zonama-gradu-ljubuskom-300-00000-km\/\" \/>\n<meta property=\"og:site_name\" content=\"RADIO LJUBU\u0160KI\" \/>\n<meta property=\"article:publisher\" content=\"https:\/\/www.facebook.com\/Radiio-Ljubuski-1490835324566332\" \/>\n<meta property=\"article:published_time\" content=\"2024-08-01T07:13:36+00:00\" \/>\n<meta property=\"article:modified_time\" content=\"2024-08-02T18:11:44+00:00\" \/>\n<meta property=\"og:image\" content=\"https:\/\/radioljubuski.ba\/wp-content\/uploads\/2024\/07\/toniit.png\" \/>\n\t<meta property=\"og:image:width\" content=\"600\" \/>\n\t<meta property=\"og:image:height\" content=\"400\" \/>\n\t<meta property=\"og:image:type\" content=\"image\/png\" \/>\n<meta name=\"author\" content=\"Radio Ljubu\u0161ki\" \/>\n<meta name=\"twitter:card\" content=\"summary_large_image\" \/>\n<meta name=\"twitter:creator\" content=\"@radioljubuski\" \/>\n<meta name=\"twitter:site\" content=\"@radioljubuski\" \/>\n<meta name=\"twitter:label1\" content=\"Napisao\/la\" \/>\n\t<meta name=\"twitter:data1\" content=\"Radio Ljubu\u0161ki\" \/>\n\t<meta name=\"twitter:label2\" content=\"Procijenjeno vrijeme \u010ditanja\" \/>\n\t<meta name=\"twitter:data2\" content=\"1 minuta\" \/>\n<script type=\"application\/ld+json\" class=\"yoast-schema-graph\">{\"@context\":\"https:\\\/\\\/schema.org\",\"@graph\":[{\"@type\":\"Article\",\"@id\":\"https:\\\/\\\/radioljubuski.ba\\\/index.php\\\/2024\\\/08\\\/01\\\/uruceni-ugovori-za-podrsku-poduzetnickim-zonama-gradu-ljubuskom-300-00000-km\\\/#article\",\"isPartOf\":{\"@id\":\"https:\\\/\\\/radioljubuski.ba\\\/index.php\\\/2024\\\/08\\\/01\\\/uruceni-ugovori-za-podrsku-poduzetnickim-zonama-gradu-ljubuskom-300-00000-km\\\/\"},\"author\":{\"name\":\"Radio Ljubu\u0161ki\",\"@id\":\"https:\\\/\\\/radioljubuski.ba\\\/#\\\/schema\\\/person\\\/19fc700381a780f69665d7956c469e3b\"},\"headline\":\"Uru\u010deni ugovori za podr\u0161ku poduzetni\u010dkim zonama \u2013 Gradu Ljubu\u0161kom 300 000,00 KM\",\"datePublished\":\"2024-08-01T07:13:36+00:00\",\"dateModified\":\"2024-08-02T18:11:44+00:00\",\"mainEntityOfPage\":{\"@id\":\"https:\\\/\\\/radioljubuski.ba\\\/index.php\\\/2024\\\/08\\\/01\\\/uruceni-ugovori-za-podrsku-poduzetnickim-zonama-gradu-ljubuskom-300-00000-km\\\/\"},\"wordCount\":868,\"publisher\":{\"@id\":\"https:\\\/\\\/radioljubuski.ba\\\/#organization\"},\"image\":{\"@id\":\"https:\\\/\\\/radioljubuski.ba\\\/index.php\\\/2024\\\/08\\\/01\\\/uruceni-ugovori-za-podrsku-poduzetnickim-zonama-gradu-ljubuskom-300-00000-km\\\/#primaryimage\"},\"thumbnailUrl\":\"https:\\\/\\\/radioljubuski.ba\\\/wp-content\\\/uploads\\\/2024\\\/07\\\/toniit.png\",\"articleSection\":[\"Ljubu\u0161ki\"],\"inLanguage\":\"hr\"},{\"@type\":\"WebPage\",\"@id\":\"https:\\\/\\\/radioljubuski.ba\\\/index.php\\\/2024\\\/08\\\/01\\\/uruceni-ugovori-za-podrsku-poduzetnickim-zonama-gradu-ljubuskom-300-00000-km\\\/\",\"url\":\"https:\\\/\\\/radioljubuski.ba\\\/index.php\\\/2024\\\/08\\\/01\\\/uruceni-ugovori-za-podrsku-poduzetnickim-zonama-gradu-ljubuskom-300-00000-km\\\/\",\"name\":\"Uru\u010deni ugovori za podr\u0161ku poduzetni\u010dkim zonama \u2013 Gradu Ljubu\u0161kom 300 000,00 KM - RADIO LJUBU\u0160KI\",\"isPartOf\":{\"@id\":\"https:\\\/\\\/radioljubuski.ba\\\/#website\"},\"primaryImageOfPage\":{\"@id\":\"https:\\\/\\\/radioljubuski.ba\\\/index.php\\\/2024\\\/08\\\/01\\\/uruceni-ugovori-za-podrsku-poduzetnickim-zonama-gradu-ljubuskom-300-00000-km\\\/#primaryimage\"},\"image\":{\"@id\":\"https:\\\/\\\/radioljubuski.ba\\\/index.php\\\/2024\\\/08\\\/01\\\/uruceni-ugovori-za-podrsku-poduzetnickim-zonama-gradu-ljubuskom-300-00000-km\\\/#primaryimage\"},\"thumbnailUrl\":\"https:\\\/\\\/radioljubuski.ba\\\/wp-content\\\/uploads\\\/2024\\\/07\\\/toniit.png\",\"datePublished\":\"2024-08-01T07:13:36+00:00\",\"dateModified\":\"2024-08-02T18:11:44+00:00\",\"breadcrumb\":{\"@id\":\"https:\\\/\\\/radioljubuski.ba\\\/index.php\\\/2024\\\/08\\\/01\\\/uruceni-ugovori-za-podrsku-poduzetnickim-zonama-gradu-ljubuskom-300-00000-km\\\/#breadcrumb\"},\"inLanguage\":\"hr\",\"potentialAction\":[{\"@type\":\"ReadAction\",\"target\":[\"https:\\\/\\\/radioljubuski.ba\\\/index.php\\\/2024\\\/08\\\/01\\\/uruceni-ugovori-za-podrsku-poduzetnickim-zonama-gradu-ljubuskom-300-00000-km\\\/\"]}]},{\"@type\":\"ImageObject\",\"inLanguage\":\"hr\",\"@id\":\"https:\\\/\\\/radioljubuski.ba\\\/index.php\\\/2024\\\/08\\\/01\\\/uruceni-ugovori-za-podrsku-poduzetnickim-zonama-gradu-ljubuskom-300-00000-km\\\/#primaryimage\",\"url\":\"https:\\\/\\\/radioljubuski.ba\\\/wp-content\\\/uploads\\\/2024\\\/07\\\/toniit.png\",\"contentUrl\":\"https:\\\/\\\/radioljubuski.ba\\\/wp-content\\\/uploads\\\/2024\\\/07\\\/toniit.png\",\"width\":600,\"height\":400},{\"@type\":\"BreadcrumbList\",\"@id\":\"https:\\\/\\\/radioljubuski.ba\\\/index.php\\\/2024\\\/08\\\/01\\\/uruceni-ugovori-za-podrsku-poduzetnickim-zonama-gradu-ljubuskom-300-00000-km\\\/#breadcrumb\",\"itemListElement\":[{\"@type\":\"ListItem\",\"position\":1,\"name\":\"Po\u010detna stranica\",\"item\":\"https:\\\/\\\/radioljubuski.ba\\\/\"},{\"@type\":\"ListItem\",\"position\":2,\"name\":\"Uru\u010deni ugovori za podr\u0161ku poduzetni\u010dkim zonama \u2013 Gradu Ljubu\u0161kom 300 000,00 KM\"}]},{\"@type\":\"WebSite\",\"@id\":\"https:\\\/\\\/radioljubuski.ba\\\/#website\",\"url\":\"https:\\\/\\\/radioljubuski.ba\\\/\",\"name\":\"Radio Ljubu\u0161ki\",\"description\":\"Sun\u010dana frekvencija Hercegovine\",\"publisher\":{\"@id\":\"https:\\\/\\\/radioljubuski.ba\\\/#organization\"},\"potentialAction\":[{\"@type\":\"SearchAction\",\"target\":{\"@type\":\"EntryPoint\",\"urlTemplate\":\"https:\\\/\\\/radioljubuski.ba\\\/?s={search_term_string}\"},\"query-input\":{\"@type\":\"PropertyValueSpecification\",\"valueRequired\":true,\"valueName\":\"search_term_string\"}}],\"inLanguage\":\"hr\"},{\"@type\":\"Organization\",\"@id\":\"https:\\\/\\\/radioljubuski.ba\\\/#organization\",\"name\":\"Radio Ljubu\u0161ki\",\"url\":\"https:\\\/\\\/radioljubuski.ba\\\/\",\"logo\":{\"@type\":\"ImageObject\",\"inLanguage\":\"hr\",\"@id\":\"https:\\\/\\\/radioljubuski.ba\\\/#\\\/schema\\\/logo\\\/image\\\/\",\"url\":\"https:\\\/\\\/radioljubuski.ba\\\/wp-content\\\/uploads\\\/2021\\\/02\\\/cropped-Radio_Ljubuski_logo1.jpg\",\"contentUrl\":\"https:\\\/\\\/radioljubuski.ba\\\/wp-content\\\/uploads\\\/2021\\\/02\\\/cropped-Radio_Ljubuski_logo1.jpg\",\"width\":512,\"height\":512,\"caption\":\"Radio Ljubu\u0161ki\"},\"image\":{\"@id\":\"https:\\\/\\\/radioljubuski.ba\\\/#\\\/schema\\\/logo\\\/image\\\/\"},\"sameAs\":[\"https:\\\/\\\/www.facebook.com\\\/Radiio-Ljubuski-1490835324566332\",\"https:\\\/\\\/x.com\\\/radioljubuski\",\"https:\\\/\\\/hr.linkedin.com\\\/company\\\/radio-ljubuski\",\"https:\\\/\\\/www.youtube.com\\\/channel\\\/UCHYaeO_n0Db3tjNGudGpXyw\"]},{\"@type\":\"Person\",\"@id\":\"https:\\\/\\\/radioljubuski.ba\\\/#\\\/schema\\\/person\\\/19fc700381a780f69665d7956c469e3b\",\"name\":\"Radio Ljubu\u0161ki\"}]}<\/script>\n<!-- \/ Yoast SEO plugin. -->","yoast_head_json":{"title":"Uru\u010deni ugovori za podr\u0161ku poduzetni\u010dkim zonama \u2013 Gradu Ljubu\u0161kom 300 000,00 KM - RADIO LJUBU\u0160KI","robots":{"index":"index","follow":"follow","max-snippet":"max-snippet:-1","max-image-preview":"max-image-preview:large","max-video-preview":"max-video-preview:-1"},"canonical":"https:\/\/radioljubuski.ba\/index.php\/2024\/08\/01\/uruceni-ugovori-za-podrsku-poduzetnickim-zonama-gradu-ljubuskom-300-00000-km\/","og_locale":"hr_HR","og_type":"article","og_title":"Uru\u010deni ugovori za podr\u0161ku poduzetni\u010dkim zonama \u2013 Gradu Ljubu\u0161kom 300 000,00 KM - RADIO LJUBU\u0160KI","og_description":"Zamjenik premijera Federacije BiH i federalni ministar razvoja, poduzetni\u0161tva i obrta Vojin Mijatovi\u0107 danas je u prisustvu premijera Federacije BiH Nermina Nik\u0161i\u0107a, te federalnog dopremijera i ministra financija Tonija Kraljevi\u0107a, u sjedi\u0161tu Vlade Federacije BiH u Sarajevu, uru\u010dio ugovore za 233 korisnika grant sredstava iz Bud\u017eeta Federacije BiH za 2024. godinu, namijenjenih razvoju poduzetni\u0161tva i [&hellip;]","og_url":"https:\/\/radioljubuski.ba\/index.php\/2024\/08\/01\/uruceni-ugovori-za-podrsku-poduzetnickim-zonama-gradu-ljubuskom-300-00000-km\/","og_site_name":"RADIO LJUBU\u0160KI","article_publisher":"https:\/\/www.facebook.com\/Radiio-Ljubuski-1490835324566332","article_published_time":"2024-08-01T07:13:36+00:00","article_modified_time":"2024-08-02T18:11:44+00:00","og_image":[{"width":600,"height":400,"url":"https:\/\/radioljubuski.ba\/wp-content\/uploads\/2024\/07\/toniit.png","type":"image\/png"}],"author":"Radio Ljubu\u0161ki","twitter_card":"summary_large_image","twitter_creator":"@radioljubuski","twitter_site":"@radioljubuski","twitter_misc":{"Napisao\/la":"Radio Ljubu\u0161ki","Procijenjeno vrijeme \u010ditanja":"1 minuta"},"schema":{"@context":"https:\/\/schema.org","@graph":[{"@type":"Article","@id":"https:\/\/radioljubuski.ba\/index.php\/2024\/08\/01\/uruceni-ugovori-za-podrsku-poduzetnickim-zonama-gradu-ljubuskom-300-00000-km\/#article","isPartOf":{"@id":"https:\/\/radioljubuski.ba\/index.php\/2024\/08\/01\/uruceni-ugovori-za-podrsku-poduzetnickim-zonama-gradu-ljubuskom-300-00000-km\/"},"author":{"name":"Radio Ljubu\u0161ki","@id":"https:\/\/radioljubuski.ba\/#\/schema\/person\/19fc700381a780f69665d7956c469e3b"},"headline":"Uru\u010deni ugovori za podr\u0161ku poduzetni\u010dkim zonama \u2013 Gradu Ljubu\u0161kom 300 000,00 KM","datePublished":"2024-08-01T07:13:36+00:00","dateModified":"2024-08-02T18:11:44+00:00","mainEntityOfPage":{"@id":"https:\/\/radioljubuski.ba\/index.php\/2024\/08\/01\/uruceni-ugovori-za-podrsku-poduzetnickim-zonama-gradu-ljubuskom-300-00000-km\/"},"wordCount":868,"publisher":{"@id":"https:\/\/radioljubuski.ba\/#organization"},"image":{"@id":"https:\/\/radioljubuski.ba\/index.php\/2024\/08\/01\/uruceni-ugovori-za-podrsku-poduzetnickim-zonama-gradu-ljubuskom-300-00000-km\/#primaryimage"},"thumbnailUrl":"https:\/\/radioljubuski.ba\/wp-content\/uploads\/2024\/07\/toniit.png","articleSection":["Ljubu\u0161ki"],"inLanguage":"hr"},{"@type":"WebPage","@id":"https:\/\/radioljubuski.ba\/index.php\/2024\/08\/01\/uruceni-ugovori-za-podrsku-poduzetnickim-zonama-gradu-ljubuskom-300-00000-km\/","url":"https:\/\/radioljubuski.ba\/index.php\/2024\/08\/01\/uruceni-ugovori-za-podrsku-poduzetnickim-zonama-gradu-ljubuskom-300-00000-km\/","name":"Uru\u010deni ugovori za podr\u0161ku poduzetni\u010dkim zonama \u2013 Gradu Ljubu\u0161kom 300 000,00 KM - RADIO LJUBU\u0160KI","isPartOf":{"@id":"https:\/\/radioljubuski.ba\/#website"},"primaryImageOfPage":{"@id":"https:\/\/radioljubuski.ba\/index.php\/2024\/08\/01\/uruceni-ugovori-za-podrsku-poduzetnickim-zonama-gradu-ljubuskom-300-00000-km\/#primaryimage"},"image":{"@id":"https:\/\/radioljubuski.ba\/index.php\/2024\/08\/01\/uruceni-ugovori-za-podrsku-poduzetnickim-zonama-gradu-ljubuskom-300-00000-km\/#primaryimage"},"thumbnailUrl":"https:\/\/radioljubuski.ba\/wp-content\/uploads\/2024\/07\/toniit.png","datePublished":"2024-08-01T07:13:36+00:00","dateModified":"2024-08-02T18:11:44+00:00","breadcrumb":{"@id":"https:\/\/radioljubuski.ba\/index.php\/2024\/08\/01\/uruceni-ugovori-za-podrsku-poduzetnickim-zonama-gradu-ljubuskom-300-00000-km\/#breadcrumb"},"inLanguage":"hr","potentialAction":[{"@type":"ReadAction","target":["https:\/\/radioljubuski.ba\/index.php\/2024\/08\/01\/uruceni-ugovori-za-podrsku-poduzetnickim-zonama-gradu-ljubuskom-300-00000-km\/"]}]},{"@type":"ImageObject","inLanguage":"hr","@id":"https:\/\/radioljubuski.ba\/index.php\/2024\/08\/01\/uruceni-ugovori-za-podrsku-poduzetnickim-zonama-gradu-ljubuskom-300-00000-km\/#primaryimage","url":"https:\/\/radioljubuski.ba\/wp-content\/uploads\/2024\/07\/toniit.png","contentUrl":"https:\/\/radioljubuski.ba\/wp-content\/uploads\/2024\/07\/toniit.png","width":600,"height":400},{"@type":"BreadcrumbList","@id":"https:\/\/radioljubuski.ba\/index.php\/2024\/08\/01\/uruceni-ugovori-za-podrsku-poduzetnickim-zonama-gradu-ljubuskom-300-00000-km\/#breadcrumb","itemListElement":[{"@type":"ListItem","position":1,"name":"Po\u010detna stranica","item":"https:\/\/radioljubuski.ba\/"},{"@type":"ListItem","position":2,"name":"Uru\u010deni ugovori za podr\u0161ku poduzetni\u010dkim zonama \u2013 Gradu Ljubu\u0161kom 300 000,00 KM"}]},{"@type":"WebSite","@id":"https:\/\/radioljubuski.ba\/#website","url":"https:\/\/radioljubuski.ba\/","name":"Radio Ljubu\u0161ki","description":"Sun\u010dana frekvencija Hercegovine","publisher":{"@id":"https:\/\/radioljubuski.ba\/#organization"},"potentialAction":[{"@type":"SearchAction","target":{"@type":"EntryPoint","urlTemplate":"https:\/\/radioljubuski.ba\/?s={search_term_string}"},"query-input":{"@type":"PropertyValueSpecification","valueRequired":true,"valueName":"search_term_string"}}],"inLanguage":"hr"},{"@type":"Organization","@id":"https:\/\/radioljubuski.ba\/#organization","name":"Radio Ljubu\u0161ki","url":"https:\/\/radioljubuski.ba\/","logo":{"@type":"ImageObject","inLanguage":"hr","@id":"https:\/\/radioljubuski.ba\/#\/schema\/logo\/image\/","url":"https:\/\/radioljubuski.ba\/wp-content\/uploads\/2021\/02\/cropped-Radio_Ljubuski_logo1.jpg","contentUrl":"https:\/\/radioljubuski.ba\/wp-content\/uploads\/2021\/02\/cropped-Radio_Ljubuski_logo1.jpg","width":512,"height":512,"caption":"Radio Ljubu\u0161ki"},"image":{"@id":"https:\/\/radioljubuski.ba\/#\/schema\/logo\/image\/"},"sameAs":["https:\/\/www.facebook.com\/Radiio-Ljubuski-1490835324566332","https:\/\/x.com\/radioljubuski","https:\/\/hr.linkedin.com\/company\/radio-ljubuski","https:\/\/www.youtube.com\/channel\/UCHYaeO_n0Db3tjNGudGpXyw"]},{"@type":"Person","@id":"https:\/\/radioljubuski.ba\/#\/schema\/person\/19fc700381a780f69665d7956c469e3b","name":"Radio Ljubu\u0161ki"}]}},"_links":{"self":[{"href":"https:\/\/radioljubuski.ba\/index.php\/wp-json\/wp\/v2\/posts\/207312","targetHints":{"allow":["GET"]}}],"collection":[{"href":"https:\/\/radioljubuski.ba\/index.php\/wp-json\/wp\/v2\/posts"}],"about":[{"href":"https:\/\/radioljubuski.ba\/index.php\/wp-json\/wp\/v2\/types\/post"}],"author":[{"embeddable":true,"href":"https:\/\/radioljubuski.ba\/index.php\/wp-json\/wp\/v2\/users\/2"}],"replies":[{"embeddable":true,"href":"https:\/\/radioljubuski.ba\/index.php\/wp-json\/wp\/v2\/comments?post=207312"}],"version-history":[{"count":5,"href":"https:\/\/radioljubuski.ba\/index.php\/wp-json\/wp\/v2\/posts\/207312\/revisions"}],"predecessor-version":[{"id":207333,"href":"https:\/\/radioljubuski.ba\/index.php\/wp-json\/wp\/v2\/posts\/207312\/revisions\/207333"}],"wp:featuredmedia":[{"embeddable":true,"href":"https:\/\/radioljubuski.ba\/index.php\/wp-json\/wp\/v2\/media\/207317"}],"wp:attachment":[{"href":"https:\/\/radioljubuski.ba\/index.php\/wp-json\/wp\/v2\/media?parent=207312"}],"wp:term":[{"taxonomy":"category","embeddable":true,"href":"https:\/\/radioljubuski.ba\/index.php\/wp-json\/wp\/v2\/categories?post=207312"},{"taxonomy":"post_tag","embeddable":true,"href":"https:\/\/radioljubuski.ba\/index.php\/wp-json\/wp\/v2\/tags?post=207312"}],"curies":[{"name":"wp","href":"https:\/\/api.w.org\/{rel}","templated":true}]}}