{"id":207710,"date":"2024-08-16T09:28:37","date_gmt":"2024-08-16T08:28:37","guid":{"rendered":"https:\/\/radioljubuski.ba\/?p=207710"},"modified":"2024-08-17T07:56:06","modified_gmt":"2024-08-17T06:56:06","slug":"veceras-finale-malonogometnih-liga-mz-grada-ljubuskog","status":"publish","type":"post","link":"https:\/\/radioljubuski.ba\/index.php\/2024\/08\/16\/veceras-finale-malonogometnih-liga-mz-grada-ljubuskog\/","title":{"rendered":"Ve\u010deras finale malonogometnih liga MZ grada Ljubu\u0161kog"},"content":{"rendered":"\n<p><strong>Temeljem Propozicija natjecanja Agram 20. MNL MZ Grada Ljubu\u0161kog, te Propozicija natjecanja Agram 13. MNL MZ Grada Ljubu\u0161kog igra\u010da do 16. godina starosti, Povjerenik natjecanja u prvom stupnju registrira sve utakmice odigrane, 14.8. 2024. godine postignutim rezultatom.<\/strong><\/p>\n\n\n\n<p><strong>AGRAM 13. LIGA IGRA\u010cA DO 16 GODINA STAROSTI \u2013 UTAKMICA ZA 3. MJESTO<\/strong><\/p>\n\n\n\n<ol class=\"wp-block-list\">\n<li><strong>RADI\u0160I\u0106I &#8211; LISICE 4:1 (0:0<\/strong>), (1:0, Mihael Medi\u0107 18&#8242;), (2:0, Mateo \u0160unji\u0107 22&#8242;), (3:0, Mihael Medi\u0107 24&#8242;), (3:1, Gabrijel Mili\u010devi\u0107 28&#8242;), (4:1, Ante Marki\u0107 40&#8242;)<\/li>\n<\/ol>\n\n\n\n<p><strong><em>*Ekipa MZ Radi\u0161i\u0107i osvojila je tre\u0107e mjesto na 13. Agram MNL MZ Grada Ljubu\u0161ki do 16. godina.<\/em><\/strong><\/p>\n\n\n\n<p><strong>Strijelci (Liga mladih)<\/strong><\/p>\n\n\n\n<figure class=\"wp-block-table\"><table class=\"has-fixed-layout\"><tbody><tr><td><strong>Redni broj<\/strong><\/td><td><strong>Ime i Prezime<\/strong><\/td><td><strong>Mom\u010dad<\/strong><\/td><td><strong>Broj golova<\/strong><\/td><td><strong>Ukupno<\/strong><\/td><\/tr><tr><td><strong>1.<\/strong><\/td><td>Zvonimir Mi\u0161eti\u0107<\/td><td>Otok\/Grabovnik<\/td><td>1,1,1,1,1,1,<\/td><td>6<\/td><\/tr><tr><td><strong>2.<\/strong><\/td><td><strong>Mihael Medi\u0107<\/strong><\/td><td><strong>Radi\u0161i\u0107i<\/strong><\/td><td><strong>1,1,1,1,1,1,1,1,1,<\/strong><\/td><td><strong>9<\/strong><\/td><\/tr><tr><td><strong>3.<\/strong><\/td><td>Ante Marki\u0107<\/td><td>Radi\u0161i\u0107i<\/td><td>1,1,1,1,<\/td><td>4<\/td><\/tr><tr><td><strong>4.<\/strong><\/td><td>Martin Petru\u0161i\u0107<\/td><td>Otok\/Grabovnik<\/td><td>1,1,<\/td><td>2<\/td><\/tr><tr><td><strong>5.<\/strong><\/td><td>Niko Pehar<\/td><td>Pregra\u0111e<\/td><td>1,1,1,1,<\/td><td>4<\/td><\/tr><tr><td><strong>6.<\/strong><\/td><td>Antonio Pavlovi\u0107<\/td><td>Pregra\u0111e<\/td><td>1,<\/td><td>1<\/td><\/tr><tr><td><strong>7.<\/strong><\/td><td>Karlo Bebek<\/td><td>\u0160ipova\u010da\/Voj.<\/td><td>1,<\/td><td>1<\/td><\/tr><tr><td><strong>8.<\/strong><\/td><td>Dominik Erceg<\/td><td>\u0160ipova\u010da\/Voj.<\/td><td>1,<\/td><td>1<\/td><\/tr><tr><td><strong>9.<\/strong><\/td><td>Ivan Kraljevic<\/td><td>Crveni Grm<\/td><td>1,1,1,1,1,1,<\/td><td>6<\/td><\/tr><tr><td><strong>10.<\/strong><\/td><td>David Herceg<\/td><td>Crveni Grm<\/td><td>1,1,1,1,<\/td><td>4<\/td><\/tr><tr><td><strong>11.<\/strong><\/td><td>Ivano Roso<\/td><td>Va\u0161arovi\u0107i<\/td><td>1,<\/td><td>1<\/td><\/tr><tr><td><strong>12.<\/strong><\/td><td><strong>Mile Mihaljevic<\/strong><\/td><td><strong>Lisice<\/strong><\/td><td><strong>1,1,1,1,1,1,1,<\/strong><\/td><td><strong>7<\/strong><\/td><\/tr><tr><td><strong>13<\/strong><\/td><td>Gabrijel Mili\u010devi\u0107<\/td><td>Lisice<\/td><td>1,1,1,1,<\/td><td>4<\/td><\/tr><tr><td><strong>14.<\/strong><\/td><td>Petar Mihaljevi\u0107<\/td><td>Lisice<\/td><td>1,1,<\/td><td>2<\/td><\/tr><tr><td><strong>15.<\/strong><\/td><td>Marko Kraljevi\u0107<\/td><td>Lisice<\/td><td>1,<\/td><td>1<\/td><\/tr><tr><td><strong>16.<\/strong><\/td><td>Ivano Mihaljevi\u0107<\/td><td>Lisice<\/td><td>1,1,<\/td><td>2<\/td><\/tr><tr><td><strong>17.<\/strong><\/td><td>Ivano Jelavi\u0107<\/td><td>Veljaci<\/td><td>1,1,1,<\/td><td>3<\/td><\/tr><tr><td><strong>18.<\/strong><\/td><td>Josip Vukojevi\u0107<\/td><td>Veljaci<\/td><td>1,<\/td><td>1<\/td><\/tr><tr><td><strong>19.<\/strong><\/td><td>Marko Ili\u0107<\/td><td>Cerno\/M\/C<\/td><td>1,<\/td><td>1<\/td><\/tr><tr><td><strong>20.<\/strong><\/td><td>Eugen Ni\u017ei\u0107<\/td><td>Crveni Grm<\/td><td>1,1,<\/td><td>2<\/td><\/tr><tr><td><strong>21.<\/strong><\/td><td>Karlo Medi\u0107<\/td><td>Radi\u0161i\u0107i<\/td><td>1,1,<\/td><td>2<\/td><\/tr><tr><td><strong>22.<\/strong><\/td><td>Petar Zlopa\u0161a<\/td><td>Radi\u0161i\u0107i<\/td><td>1,1,1,1,<\/td><td>4<\/td><\/tr><tr><td><strong>23.<\/strong><\/td><td>Pavle Maji\u0107<\/td><td>Radi\u0161i\u0107i<\/td><td>1,<\/td><td>1<\/td><\/tr><tr><td><strong>24.<\/strong><\/td><td>Mateo \u0160unji\u0107<\/td><td>Radi\u0161i\u0107i<\/td><td>1,1,1,1,<\/td><td>4<\/td><\/tr><tr><td><strong>25.<\/strong><\/td><td>Ivan Luburi\u0107<\/td><td>Studenci<\/td><td>1,1,1,1,<\/td><td>&nbsp;&nbsp;&nbsp;&nbsp;&nbsp;&nbsp;&nbsp;&nbsp; 4<\/td><\/tr><tr><td><strong>26.<\/strong><\/td><td>Marko Peri\u0107<\/td><td>Studenci<\/td><td>1,<\/td><td>&nbsp;&nbsp;&nbsp;&nbsp;&nbsp;&nbsp;&nbsp;&nbsp; 1<\/td><\/tr><tr><td><strong>27.<\/strong><\/td><td>Ante Pavlovi\u0107<\/td><td>Studenci<\/td><td>1,1,1,<\/td><td>&nbsp;&nbsp;&nbsp;&nbsp;&nbsp;&nbsp;&nbsp;&nbsp; 3<\/td><\/tr><tr><td><strong>28.<\/strong><\/td><td>Stipe Bara\u0107<\/td><td>Otok\/Grabovnik<\/td><td>1,<\/td><td>1<\/td><\/tr><tr><td><strong>29.<\/strong><\/td><td>Karlo Matija\u0161evi\u0107<\/td><td>Va\u0161arovi\u0107i<\/td><td>1,<\/td><td>1<\/td><\/tr><tr><td><strong>30.<\/strong><\/td><td>Digeo Pavlovi\u0107<\/td><td>Pregra\u0111e<\/td><td>1,<\/td><td>1<\/td><\/tr><tr><td><strong>31.<\/strong><\/td><td>Franjo Dragi\u010devi\u0107<\/td><td>Studenci<\/td><td>1,1,<\/td><td>2<\/td><\/tr><tr><td><strong>32.<\/strong><\/td><td>Marin Luburi\u0107<\/td><td>Studenci<\/td><td>1,<\/td><td>&nbsp;&nbsp;&nbsp;&nbsp;&nbsp;&nbsp;&nbsp;&nbsp; 1<\/td><\/tr><tr><td><strong>33.<\/strong><\/td><td>Veselko Vuk\u0161i\u0107<\/td><td>Otok\/Grabovnik<\/td><td>1,1,<\/td><td>2<\/td><\/tr><tr><td><strong>34.<\/strong><\/td><td>Josip Petru\u0161i\u0107<\/td><td>Otok\/Grabovnik<\/td><td>1,<\/td><td>1<\/td><\/tr><tr><td><strong>35.<\/strong><\/td><td>Mladen Grizelj<\/td><td>Otok\/Grabovnik<\/td><td>1,1,<\/td><td>2<\/td><\/tr><\/tbody><\/table><\/figure>\n\n\n\n<p><strong>\u017duti kartoni (U16)<\/strong><\/p>\n\n\n\n<figure class=\"wp-block-table\"><table class=\"has-fixed-layout\"><tbody><tr><td><strong>Redni broj<\/strong><\/td><td><strong>Ime i Prezime<\/strong><\/td><td><strong>Mom\u010dad<\/strong><\/td><td><strong>\u017duti kartoni<\/strong><\/td><td><strong>Ukupno<\/strong><\/td><\/tr><tr><td><strong>1.<\/strong><\/td><td>Bla\u017e Pavi\u010di\u0107<\/td><td>Lisice<\/td><td>1,1,<\/td><td>2<\/td><\/tr><tr><td><strong>2.<\/strong><\/td><td>Mateo \u0160unji\u0107<\/td><td>Radi\u0161i\u0107i<\/td><td>1,<\/td><td>1<\/td><\/tr><\/tbody><\/table><\/figure>\n\n\n\n<p><strong>AGRAM 20. MNL MZ GRADA LJUBU\u0160KOG \u2013 POLUFINALE<\/strong><\/p>\n\n\n\n<ol class=\"wp-block-list\">\n<li><strong>LJUBU\u0160KI (I) \u2013 CRVENI GRM \u00a01:2 (0:1), Strijelac:\u00a0<\/strong>(0:1, Ante Kraljevi\u0107 9&#8242;), (0:2, Matej Ni\u017ei\u0107 29&#8242;), (1:2, Marko \u010culjak 38&#8242;)<\/li>\n\n\n\n<li><strong>CERNO\/M\/C \u2013 PREGRA\u0110E \u00a02:5 (2:3), Strijelac:\u00a0<\/strong>(0:1, Tomislav Bo\u0161njak 10&#8242;), (1:1, Rober \u0106avar 11&#8242;), (1:2, Mateo Muci\u0107 12&#8242;), (1:3, Miljenko Bo\u0161njak 14&#8242;), 82:3, Milan Vu\u010di\u0107 17&#8242;), (2:4, Luka Bebek 31&#8242;), (2:5, Luka Bebek 38&#8242;)<\/li>\n<\/ol>\n\n\n\n<p>*<strong><em>Ekipe MZ CRVENI GRM i MZ PREGRA\u0110E plasirale se u finale Agram 20. MNL MZ Grada Ljubu\u0161kog, a ekipa MZ LJUBU\u0160KI (I) i MZ CERNO\/M\/C &nbsp;igrat \u0107e za tre\u0107e mjesto.<\/em><\/strong><\/p>\n\n\n\n<p><strong>Strijelci (Liga seniora)<\/strong><\/p>\n\n\n\n<figure class=\"wp-block-table\"><table class=\"has-fixed-layout\"><tbody><tr><td><strong>Redni broj<\/strong><\/td><td><strong>Ime i Prezime<\/strong><\/td><td><strong>Mom\u010dad<\/strong><\/td><td><strong>Broj golova<\/strong><\/td><td><strong>Ukupno<\/strong><\/td><\/tr><tr><td><strong>1.<\/strong><\/td><td>Ilija Mi\u0161eti\u0107<\/td><td>Veljaci\/Orahovlje<\/td><td>1,1,1,1,<\/td><td>4<\/td><\/tr><tr><td><strong>2.<\/strong><\/td><td>Ante Jelavi\u0107<\/td><td>Veljaci\/Orahovlje<\/td><td>1,1,<\/td><td>2<\/td><\/tr><tr><td><strong>3.<\/strong><\/td><td>Mirko Ni\u017ei\u0107<\/td><td>Humac 2.\/Lisice<\/td><td>1,1,1,<\/td><td>3<\/td><\/tr><tr><td><strong>4.<\/strong><\/td><td>Mate Pehar<\/td><td>Humac 2.\/Lisice<\/td><td>1,1,1,<\/td><td>3<\/td><\/tr><tr><td><strong>5.<\/strong><\/td><td>David Vranje\u0161<\/td><td>Humac 2.\/Lisice<\/td><td>1,1,1,<\/td><td>3<\/td><\/tr><tr><td><strong>6.<\/strong><\/td><td>Ivan Ni\u017ei\u0107<\/td><td>Crveni Grm<\/td><td>1,1,<\/td><td>2<\/td><\/tr><tr><td><strong>7.<\/strong><\/td><td>David Herceg<\/td><td>Crveni Grm<\/td><td>1,1,1,1,1,1,<\/td><td>6<\/td><\/tr><tr><td><strong>8.<\/strong><\/td><td>Luka Herceg<\/td><td>Crveni Grm<\/td><td>1,1,1,1,1,1,<\/td><td>6<\/td><\/tr><tr><td><strong>9.<\/strong><\/td><td>Mislav Ramljak<\/td><td>Ljubu\u0161ki (I)<\/td><td>1,1,1,1,1,1,1,1,1,1,<\/td><td>10<\/td><\/tr><tr><td><strong>10.<\/strong><\/td><td>Ivan Ragu\u017e<\/td><td>Ljubu\u0161ki (I)<\/td><td>1,1,1,1,<\/td><td>4<\/td><\/tr><tr><td><strong>11.<\/strong><\/td><td>Marko \u010culjak<\/td><td>Ljubu\u0161ki (I)<\/td><td>1,1,1,1,1,1,1,<\/td><td>7<\/td><\/tr><tr><td><strong>12.<\/strong><\/td><td>Petar Luburi\u0107<\/td><td>Studenci<\/td><td>1,<\/td><td>1<\/td><\/tr><tr><td><strong>13.<\/strong><\/td><td>Veselko Vi\u0161tica<\/td><td>Ljubu\u0161ki (I)<\/td><td>1,1,1,1,1,<\/td><td>5<\/td><\/tr><tr><td><strong>14.<\/strong><\/td><td>Ivan Juki\u0107<\/td><td>\u0160ipova\u010da<\/td><td>1,1,1,1,<\/td><td>4<\/td><\/tr><tr><td><strong>15.<\/strong><\/td><td>Robert \u0106avar<\/td><td>Cerno\/M\/C<\/td><td>1,1,1,1,<\/td><td>4<\/td><\/tr><tr><td><strong>16.<\/strong><\/td><td>Jakov Bebek<\/td><td>\u0160ipova\u010da<\/td><td>1,1,<\/td><td>2<\/td><\/tr><tr><td><strong>17.<\/strong><\/td><td>Matej \u017divku\u0161i\u0107<\/td><td>\u0160ipova\u010da<\/td><td>1,1,1,<\/td><td>3<\/td><\/tr><tr><td><strong>18.<\/strong><\/td><td>Alen Grbavac<\/td><td>Teskera<\/td><td>1,1,1,<\/td><td>3<\/td><\/tr><tr><td><strong>19.<\/strong><\/td><td>Dalibor \u010colak<\/td><td>Ljubu\u0161ki (II)<\/td><td>1,1,1,1<\/td><td>4<\/td><\/tr><tr><td><strong>20.<\/strong><\/td><td>Toni Zovko<\/td><td>Ljubu\u0161ki (II)<\/td><td>1,1,1,<\/td><td>3<\/td><\/tr><tr><td><strong>21.<\/strong><\/td><td>Vinko Lauc<\/td><td>Va\u0161arovi\u0107i<\/td><td>1,<\/td><td>1<\/td><\/tr><tr><td><strong>22.<\/strong><\/td><td>Ante Grani\u0107<\/td><td>Va\u0161arovi\u0107i<\/td><td>1,1,1,1,1,<\/td><td>5<\/td><\/tr><tr><td><strong>23.<\/strong><\/td><td>Ivan Herceg<\/td><td>Prolog<\/td><td>1,1,<\/td><td>2<\/td><\/tr><tr><td><strong>24.<\/strong><\/td><td>Luka Herceg<\/td><td>Prolog<\/td><td>1,<\/td><td>1<\/td><\/tr><tr><td><strong>25.<\/strong><\/td><td>Nikola Jurkovi\u0107<\/td><td>Studenci<\/td><td>1,1,1,1,1,1,1,1,1,<\/td><td>8<\/td><\/tr><tr><td><strong>26.<\/strong><\/td><td>Mateo Petru\u0161i\u0107<\/td><td>Vitina (II)\/Otok<\/td><td>1,1,<\/td><td>2<\/td><\/tr><tr><td><strong>27.<\/strong><\/td><td>Ante Bo\u0161njak<\/td><td>Studenci<\/td><td>1,1,<\/td><td>2<\/td><\/tr><tr><td><strong>28.<\/strong><\/td><td>Miljenko Bo\u0161njak<\/td><td>Pregra\u0111e<\/td><td>1,1,1,1,1,<\/td><td>5<\/td><\/tr><tr><td><strong>29.<\/strong><\/td><td>Tomislav Bo\u0161njak<\/td><td>Pregra\u0111e<\/td><td>1,1,1,1,1,1,1,<\/td><td>7<\/td><\/tr><tr><td><strong>30.<\/strong><\/td><td>Filip Bebek<\/td><td>Pregra\u0111e<\/td><td>1,1,1,1,1,<\/td><td>5<\/td><\/tr><tr><td><strong>31.<\/strong><\/td><td>Ivan (Vjekoslav) Grbavac<\/td><td>\u0160ipova\u010da<\/td><td>1,1,1,<\/td><td>3<\/td><\/tr><tr><td><strong>32.<\/strong><\/td><td>Mile Herceg<\/td><td>Prolog<\/td><td>1,1,<\/td><td>2<\/td><\/tr><tr><td><strong>33.<\/strong><\/td><td>Josip Jelavi\u0107<\/td><td>Veljaci\/Orahovlje<\/td><td>1,<\/td><td>1<\/td><\/tr><tr><td><strong>34.<\/strong><\/td><td>Ivan (Zdenko) Grbavac<\/td><td>\u0160ipova\u010da<\/td><td>1,1,1,<\/td><td>3<\/td><\/tr><tr><td><strong>35.<\/strong><\/td><td>Ivan Zeli\u0107<\/td><td>Teskera<\/td><td>1,<\/td><td>1<\/td><\/tr><tr><td><strong>36.<\/strong><\/td><td>Bla\u017e Grbavac<\/td><td>Teskera<\/td><td>1,1,1,<\/td><td>3<\/td><\/tr><tr><td><strong>37.<\/strong><\/td><td>Josip \u0160o\u0161i\u0107<\/td><td>Va\u0161arovi\u0107i<\/td><td>1,1,<\/td><td>2<\/td><\/tr><tr><td><strong>38.<\/strong><\/td><td>Grgo Vasilj<\/td><td>Cerno\/M\/C<\/td><td>1,<\/td><td>1<\/td><\/tr><tr><td><strong>39.<\/strong><\/td><td>Franjo Vu\u010di\u0107<\/td><td>Cerno\/M\/C<\/td><td>1,1,1,1,1,1,<\/td><td>6<\/td><\/tr><tr><td><strong>40.<\/strong><\/td><td>Ivan Kraljevi\u0107<\/td><td>Crveni Grm<\/td><td>1,1,1,1,1,<\/td><td>5<\/td><\/tr><tr><td><strong>41.<\/strong><\/td><td><strong>Luka Bebek<\/strong><\/td><td><strong>Pregra\u0111e<\/strong><\/td><td><strong>1,1,1,1,1,1,1,1,1,1,1,1,1,1,<\/strong><\/td><td><strong>14<\/strong><\/td><\/tr><tr><td><strong>42.<\/strong><\/td><td>Hrvoje Brki\u0107<\/td><td>Studenci<\/td><td>1,1,<\/td><td>2<\/td><\/tr><tr><td><strong>43.<\/strong><\/td><td>Jozo Bili\u0107<\/td><td>Humac 2.\/Lisice<\/td><td>1,1,<\/td><td>2<\/td><\/tr><tr><td><strong>44.<\/strong><\/td><td>Leon Zeljkovi\u0107<\/td><td>Studenci<\/td><td>1,<\/td><td>1<\/td><\/tr><tr><td><strong>45.<\/strong><\/td><td>Nikola \u010coti\u0107<\/td><td>Humac 2.\/Lisice<\/td><td>1,1,<\/td><td>2<\/td><\/tr><tr><td><strong>46.<\/strong><\/td><td>Franjo Babi\u0107<\/td><td>Vitina (II)\/Otok<\/td><td>1,1,<\/td><td>2<\/td><\/tr><tr><td><strong>47.<\/strong><\/td><td>D\u017eenis Abdulai<\/td><td>Ljubu\u0161ki (I)<\/td><td>1,1,<\/td><td>2<\/td><\/tr><tr><td><strong>48.<\/strong><\/td><td>Josip Doli\u0107<\/td><td>Vitina (II)\/Otok<\/td><td>1,1,<\/td><td>2<\/td><\/tr><tr><td><strong>49.<\/strong><\/td><td>Noa \u0160imi\u0107<\/td><td>Ljubu\u0161ki (II)<\/td><td>1,1,1,<\/td><td>3<\/td><\/tr><tr><td><strong>50.<\/strong><\/td><td>Jure Herceg<\/td><td>Ljubu\u0161ki (II)<\/td><td>1,<\/td><td>1<\/td><\/tr><tr><td><strong>51.<\/strong><\/td><td>Tomislav Vu\u010di\u0107<\/td><td>Cerno\/M\/C<\/td><td>1,1,<\/td><td>2<\/td><\/tr><tr><td><strong>52.<\/strong><\/td><td>Zvonimir Vu\u010di\u0107<\/td><td>Cerno\/M\/C<\/td><td>1,<\/td><td>1<\/td><\/tr><tr><td><strong>53.<\/strong><\/td><td>Mario Pulji\u0107<\/td><td>Va\u0161arovi\u0107i<\/td><td>1,1,<\/td><td>2<\/td><\/tr><tr><td><strong>54.<\/strong><\/td><td>Nikola Grani\u0107<\/td><td>Teskera<\/td><td>1,1,1,<\/td><td>3<\/td><\/tr><tr><td><strong>55.<\/strong><\/td><td>Mate Herceg<\/td><td>Prolog<\/td><td>1,<\/td><td>1<\/td><\/tr><tr><td><strong>56.<\/strong><\/td><td>Mateo Kraljevi\u0107<\/td><td>Humac 2.\/Lisice<\/td><td>1,<\/td><td>1<\/td><\/tr><tr><td><strong>57.<\/strong><\/td><td>Ivan Vukojevi\u0107<\/td><td>Ljubu\u0161ki (I)<\/td><td>1,<\/td><td>1<\/td><\/tr><tr><td><strong>58.<\/strong><\/td><td>Rade Petkovi\u0107<\/td><td>Studenci<\/td><td>1,1,<\/td><td>2<\/td><\/tr><tr><td><strong>59.<\/strong><\/td><td>Mateo Muci\u0107<\/td><td>Pregra\u0111e<\/td><td>1,1,1,1,1,1,<\/td><td>6<\/td><\/tr><tr><td><strong>60.<\/strong><\/td><td>Dario \u0160ari\u0107<\/td><td>Veljaci\/Orahovlje<\/td><td>1,<\/td><td>1<\/td><\/tr><tr><td><strong>61.<\/strong><\/td><td>Viktor Vu\u010di\u0107<\/td><td>Cerno\/M\/C<\/td><td>1,1,1,1,<\/td><td>4<\/td><\/tr><tr><td><strong>62.<\/strong><\/td><td>Ante Vegar<\/td><td>Va\u0161arovi\u0107i<\/td><td>1,<\/td><td>1<\/td><\/tr><tr><td><strong>63.<\/strong><\/td><td>Fabijan Kraljevi\u0107<\/td><td>Va\u0161arovi\u0107i<\/td><td>1,1,1,1,1,1,<\/td><td>6<\/td><\/tr><tr><td><strong>64.<\/strong><\/td><td>Antonio Petru\u0161i\u0107<\/td><td>Vitina (II)\/Otok<\/td><td>1,<\/td><td>1<\/td><\/tr><tr><td><strong>65.<\/strong><\/td><td>Drago Jelavi\u0107<\/td><td>Veljaci\/Orahovlje<\/td><td>1,1,<\/td><td>2<\/td><\/tr><tr><td><strong>66.<\/strong><\/td><td>Marin Brki\u0107<\/td><td>Studenci<\/td><td>1,<\/td><td>1<\/td><\/tr><tr><td><strong>67.<\/strong><\/td><td>Ivan Pulji\u0107<\/td><td>Va\u0161arovi\u0107i<\/td><td>1,1,<\/td><td>2<\/td><\/tr><tr><td><strong>68.<\/strong><\/td><td>Dario Grbavac<\/td><td>\u0160ipova\u010da<\/td><td>1,<\/td><td>1<\/td><\/tr><tr><td><strong>69.<\/strong><\/td><td>Ante Mi\u0161eti\u0107<\/td><td>Ljubu\u0161ki (II)<\/td><td>1,<\/td><td>1<\/td><\/tr><tr><td><strong>70.<\/strong><\/td><td>Mate Herceg<\/td><td>Prolog<\/td><td>1,1,1,<\/td><td>3<\/td><\/tr><tr><td><strong>71.<\/strong><\/td><td>Marko Palac<\/td><td>Vitina (II)\/Otok<\/td><td>1,<\/td><td>1<\/td><\/tr><tr><td><strong>72.<\/strong><\/td><td>Ante Kraljevi\u0107<\/td><td>Crveni Grm<\/td><td>1,1,1,1,<\/td><td>4<\/td><\/tr><tr><td><strong>73.<\/strong><\/td><td>Matej Grani\u0107<\/td><td>Pregra\u0111e<\/td><td>1,<\/td><td>1<\/td><\/tr><tr><td><strong>74.<\/strong><\/td><td>Marko Bo\u0161njak<\/td><td>Pregra\u0111e<\/td><td>1,1,<\/td><td>2<\/td><\/tr><tr><td><strong>75.<\/strong><\/td><td>Tomislav Primorac<\/td><td>Pregra\u0111e<\/td><td>1,1,<\/td><td>2<\/td><\/tr><tr><td><strong>75.<\/strong><\/td><td>Gabrijel Mili\u010devi\u0107<\/td><td>Humac 2\/Lisice<\/td><td>1,<\/td><td>1<\/td><\/tr><tr><td><strong>76.<\/strong><\/td><td>Antonio Brki\u0107<\/td><td>Pregra\u0111e<\/td><td>1,<\/td><td>1<\/td><\/tr><tr><td><strong>77.<\/strong><\/td><td>Josip Stjepanovi\u0107<\/td><td>Crveni Grm<\/td><td>1,<\/td><td>1<\/td><\/tr><tr><td><strong>78.<\/strong><\/td><td>Matej Ni\u017ei\u0107<\/td><td>Crveni Grm<\/td><td>1,<\/td><td>1<\/td><\/tr><tr><td><strong>79.<\/strong><\/td><td>Milan Vu\u010di\u0107<\/td><td>Cerno\/M\/C<\/td><td>1,<\/td><td>1<\/td><\/tr><\/tbody><\/table><\/figure>\n\n\n\n<p><strong>\u017duti kartoni (Liga seniora)<\/strong><\/p>\n\n\n\n<figure class=\"wp-block-table\"><table class=\"has-fixed-layout\"><tbody><tr><td><strong>Redni broj<\/strong><\/td><td><strong>Ime i Prezime<\/strong><\/td><td><strong>Mom\u010dad<\/strong><\/td><td><strong>Broj golova<\/strong><\/td><td><strong>Ukupno<\/strong><\/td><\/tr><tr><td><strong>1.<\/strong><\/td><td>Miljenko Bo\u0161njak<\/td><td>Pregra\u0111e<\/td><td>1,<\/td><td>1<\/td><\/tr><tr><td><strong>2.<\/strong><\/td><td>Josip \u0160o\u0161i\u0107<\/td><td>Va\u0161arovi\u0107i<\/td><td>1,<\/td><td>1<\/td><\/tr><tr><td><strong>3.<\/strong><\/td><td>Josip Stjepanovi\u0107<\/td><td>Crveni Grm<\/td><td>1,<\/td><td>1<\/td><\/tr><tr><td><strong>4.<\/strong><\/td><td>Ante Kraljevi\u0107<\/td><td>Crveni Grm<\/td><td>1,<\/td><td>1<\/td><\/tr><tr><td><strong>5.<\/strong><\/td><td>Grgo Vasilj<\/td><td>Cerno\/M\/C<\/td><td>1,<\/td><td>1<\/td><\/tr><tr><td><strong>6.<\/strong><\/td><td>Luka Bebek<\/td><td>Pregra\u0111e<\/td><td>1,<\/td><td>1<\/td><\/tr><\/tbody><\/table><\/figure>\n\n\n\n<figure class=\"wp-block-table\"><table class=\"has-fixed-layout\"><tbody><tr><td><strong>PETAK, 16. kolovoza 2024.<\/strong><\/td><\/tr><\/tbody><\/table><\/figure>\n\n\n\n<figure class=\"wp-block-table\"><table class=\"has-fixed-layout\"><tbody><tr><td><strong>R.B.<\/strong><\/td><td><strong>KOLO<\/strong><\/td><td><strong>SKUPINA<\/strong><\/td><td colspan=\"2\"><strong>PAR<\/strong><\/td><td colspan=\"2\"><strong>EKIPE<\/strong><\/td><td colspan=\"2\"><strong>DATUM\/SAT<\/strong><\/td><\/tr><tr><td><strong>60.<\/strong><\/td><td><strong>FINALE<\/strong><\/td><td><strong>U16<\/strong><\/td><td>49<\/td><td>52<\/td><td>CRVENI GRM<\/td><td>STUDENCI<\/td><td>16.8.<\/td><td>20:15<\/td><\/tr><tr><td><strong>61.<\/strong><\/td><td><strong>3.MJ<\/strong><\/td><td><strong>S<\/strong><\/td><td>58<\/td><td>59<\/td><td>LJUBU\u0160KI (I)<\/td><td>CERNO\/M\/C<\/td><td>16.8.<\/td><td>21:00<\/td><\/tr><tr><td><strong>62.<\/strong><\/td><td><strong>FINALE<\/strong><\/td><td><strong>S<\/strong><\/td><td>58<\/td><td>59<\/td><td>CRVENI GRM<\/td><td>PREGRA\u0110E<\/td><td>16.8.<\/td><td>22:00<\/td><\/tr><\/tbody><\/table><\/figure>\n\n\n\n<p><strong><em>&nbsp;&nbsp;&nbsp;&nbsp;&nbsp;&nbsp;&nbsp;&nbsp;&nbsp;&nbsp;&nbsp;&nbsp;&nbsp;&nbsp;&nbsp;&nbsp;&nbsp;&nbsp;&nbsp;&nbsp;&nbsp;&nbsp;&nbsp;&nbsp;&nbsp;&nbsp;&nbsp;&nbsp;&nbsp;&nbsp;&nbsp;&nbsp;&nbsp;&nbsp;&nbsp;&nbsp;&nbsp;&nbsp;&nbsp;&nbsp;&nbsp;&nbsp;&nbsp;&nbsp;&nbsp;&nbsp;&nbsp;&nbsp;&nbsp;&nbsp;&nbsp;&nbsp;&nbsp;&nbsp;&nbsp;&nbsp;&nbsp;&nbsp;&nbsp;&nbsp;&nbsp;&nbsp;&nbsp;&nbsp;&nbsp;&nbsp;&nbsp;&nbsp;&nbsp;&nbsp;&nbsp;&nbsp;&nbsp;&nbsp;&nbsp;&nbsp;&nbsp;&nbsp;&nbsp;&nbsp;&nbsp; &nbsp;&nbsp;&nbsp;&nbsp;&nbsp;&nbsp;&nbsp;&nbsp;Natjecateljsko povjerenstvo<\/em><\/strong><\/p>\n\n\n\n<p><\/p>\n\n\n\n<p><strong>U petak, 16. kolovoza na Centru malih \u0161portova igra se zavr\u0161nica najve\u0107eg \u0161portskog natjecanje u Ljubu\u0161kom &#8211; Agram MNL-a MZ-a Grada Ljubu\u0161kog,<\/strong><\/p>\n\n\n\n<p>a to je tradicionalno natjecanje koje ve\u0107 gotovo puna dva desetlje\u0107a svakog ljeta na Centru malih \u0161portova okuplja na stotine igra\u010da i tisu\u0107e vatrenih navija\u010da svojih mjesta.<\/p>\n\n\n\n<p>Natjecanje se nekad zvalo i Liga naseljenih mjesta, a pokrenuto je 2004. godine. Tada se 19 ekipa borilo za naslov najboljeg, a prvi pobjednik je Grab koji je u finalu sa 7:6 bio bolji od mom\u010dadi Lipna nakon penala, dok je osnovni dio igre zavr\u0161io s 3:3. Te godine najbolji igra\u010d lige bio je Ante Bebi\u0107 (Grab), najbolji vratar Zvonimir Su\u0161ac (Cerno\/Crnopod ), a najbolji strijelac Mario \u0160aravanja (Lipno) sa 6 pogodaka. Prvu fair-play nagradu osvojila je ekipa \u0160ipova\u010da\/Vojni\u0107i\/Dole.<\/p>\n\n\n\n<p>Idu\u0107e godine naslov najboljeg pripao je ekipi Cerno\/Crnopod, koja je slavila nad Lipnom tako\u0111er u raspucavanju penala s 6:5, dok je osnovni dio igre zavr\u0161io 1:1. Taj susret je bio velikonogometno finale, jedino takvo dosad igrano.<\/p>\n\n\n\n<p>Iscrpnije statisti\u010dke podatke o povijesti liga\u0161kog natjecanja (2004. &#8211; 2018.), koje je pripremio prof. Nikica \u0160iljeg, novinar i sportski djelatnik te istra\u017eiva\u010d ljubu\u0161kog \u0161porta mo\u017eete pogledati na&nbsp;<a href=\"https:\/\/iks-portal.info\/grad-i-ljudi\/liga-mz-ljubuski\/item\/1440-perom-i-okom-nikice-siljega-statisticki-podaci-mnl-opcine-ljubuski-2004-2018-godine.html\" target=\"_blank\" rel=\"noreferrer noopener\">www.iks-portal.info<\/a>.<\/p>\n\n\n\n<p>Ukupno promatrano od 2004. godine do danas, Grab je najvi\u0161e puta bio pobjednik &#8211; \u0161est. Prvi put ve\u0107 spomenute 2004. godine, a posljednji put prije 10 godina. Ligu su po tri puta osvajali Cerno\/Crnopod\/MIletina (dva puta pod ovim imenom i jedanput kao Cerno\/Crnopod) i Stubica\/Zviri\u0107i\/Bija\u010da (dva puta pod ovim imenom i jedanput kao Stubica\/Zviri\u0107i). Tri puta Pregra\u0111e je bilo prvak, a po jednom Lipno, Prolog, Teskera i Ljubu\u0161ki.<\/p>\n\n\n\n<p>Liga se 2020. godine nije odr\u017eala zbog mjera uvedenih pojavom koronavirusa, tako de \u0107e ova zavr\u0161nica u petak biti 20. liga\u0161ko natjecanje seniora i 13. natjecanje djece do 16 godina starosti<\/p>\n\n\n\n<p><a href=\"https:\/\/iks-portal.info\/grad-i-ljudi\/liga-mz-ljubuski\/item\/26589-agram-mnl-mz-grada-ljubuskog-raspored-posljednje-tri-veceri.html\" target=\"_blank\" rel=\"noreferrer noopener\"><strong>RASPORED ZAVR\u0160NICE<\/strong><\/a><\/p>\n\n\n\n<p>Izvor:iks-portal.info<\/p>\n\n\n\n<p>Radio Ljubu\u0161ki<\/p>\n","protected":false},"excerpt":{"rendered":"<p>Temeljem Propozicija natjecanja Agram 20. MNL MZ Grada Ljubu\u0161kog, te Propozicija natjecanja Agram 13. MNL MZ Grada Ljubu\u0161kog igra\u010da do 16. godina starosti, Povjerenik natjecanja u prvom stupnju registrira sve utakmice odigrane, 14.8. 2024. godine postignutim rezultatom. AGRAM 13. LIGA IGRA\u010cA DO 16 GODINA STAROSTI \u2013 UTAKMICA ZA 3. MJESTO *Ekipa MZ Radi\u0161i\u0107i osvojila je [&hellip;]<\/p>\n","protected":false},"author":2,"featured_media":207711,"comment_status":"closed","ping_status":"closed","sticky":false,"template":"","format":"standard","meta":{"h5ap_radio_sources":[],"footnotes":""},"categories":[3,7],"tags":[],"class_list":["post-207710","post","type-post","status-publish","format-standard","has-post-thumbnail","hentry","category-ljubuski","category-sport"],"yoast_head":"<!-- This site is optimized with the Yoast SEO plugin v27.5 - https:\/\/yoast.com\/product\/yoast-seo-wordpress\/ -->\n<title>Ve\u010deras finale malonogometnih liga MZ grada Ljubu\u0161kog - RADIO LJUBU\u0160KI<\/title>\n<meta name=\"robots\" content=\"index, follow, max-snippet:-1, max-image-preview:large, max-video-preview:-1\" \/>\n<link rel=\"canonical\" href=\"https:\/\/radioljubuski.ba\/index.php\/2024\/08\/16\/veceras-finale-malonogometnih-liga-mz-grada-ljubuskog\/\" \/>\n<meta property=\"og:locale\" content=\"hr_HR\" \/>\n<meta property=\"og:type\" content=\"article\" \/>\n<meta property=\"og:title\" content=\"Ve\u010deras finale malonogometnih liga MZ grada Ljubu\u0161kog - RADIO LJUBU\u0160KI\" \/>\n<meta property=\"og:description\" content=\"Temeljem Propozicija natjecanja Agram 20. MNL MZ Grada Ljubu\u0161kog, te Propozicija natjecanja Agram 13. MNL MZ Grada Ljubu\u0161kog igra\u010da do 16. godina starosti, Povjerenik natjecanja u prvom stupnju registrira sve utakmice odigrane, 14.8. 2024. godine postignutim rezultatom. AGRAM 13. LIGA IGRA\u010cA DO 16 GODINA STAROSTI \u2013 UTAKMICA ZA 3. MJESTO *Ekipa MZ Radi\u0161i\u0107i osvojila je [&hellip;]\" \/>\n<meta property=\"og:url\" content=\"https:\/\/radioljubuski.ba\/index.php\/2024\/08\/16\/veceras-finale-malonogometnih-liga-mz-grada-ljubuskog\/\" \/>\n<meta property=\"og:site_name\" content=\"RADIO LJUBU\u0160KI\" \/>\n<meta property=\"article:publisher\" content=\"https:\/\/www.facebook.com\/Radiio-Ljubuski-1490835324566332\" \/>\n<meta property=\"article:published_time\" content=\"2024-08-16T08:28:37+00:00\" \/>\n<meta property=\"article:modified_time\" content=\"2024-08-17T06:56:06+00:00\" \/>\n<meta property=\"og:image\" content=\"https:\/\/radioljubuski.ba\/wp-content\/uploads\/2024\/08\/508edbf9396be360d9a34e6ea7d7e63b_L.jpg\" \/>\n\t<meta property=\"og:image:width\" content=\"1024\" \/>\n\t<meta property=\"og:image:height\" content=\"353\" \/>\n\t<meta property=\"og:image:type\" content=\"image\/jpeg\" \/>\n<meta name=\"author\" content=\"Radio Ljubu\u0161ki\" \/>\n<meta name=\"twitter:card\" content=\"summary_large_image\" \/>\n<meta name=\"twitter:creator\" content=\"@radioljubuski\" \/>\n<meta name=\"twitter:site\" content=\"@radioljubuski\" \/>\n<meta name=\"twitter:label1\" content=\"Napisao\/la\" \/>\n\t<meta name=\"twitter:data1\" content=\"Radio Ljubu\u0161ki\" \/>\n\t<meta name=\"twitter:label2\" content=\"Procijenjeno vrijeme \u010ditanja\" \/>\n\t<meta name=\"twitter:data2\" content=\"8 minuta\" \/>\n<script type=\"application\/ld+json\" class=\"yoast-schema-graph\">{\"@context\":\"https:\\\/\\\/schema.org\",\"@graph\":[{\"@type\":\"Article\",\"@id\":\"https:\\\/\\\/radioljubuski.ba\\\/index.php\\\/2024\\\/08\\\/16\\\/veceras-finale-malonogometnih-liga-mz-grada-ljubuskog\\\/#article\",\"isPartOf\":{\"@id\":\"https:\\\/\\\/radioljubuski.ba\\\/index.php\\\/2024\\\/08\\\/16\\\/veceras-finale-malonogometnih-liga-mz-grada-ljubuskog\\\/\"},\"author\":{\"name\":\"Radio Ljubu\u0161ki\",\"@id\":\"https:\\\/\\\/radioljubuski.ba\\\/#\\\/schema\\\/person\\\/19fc700381a780f69665d7956c469e3b\"},\"headline\":\"Ve\u010deras finale malonogometnih liga MZ grada Ljubu\u0161kog\",\"datePublished\":\"2024-08-16T08:28:37+00:00\",\"dateModified\":\"2024-08-17T06:56:06+00:00\",\"mainEntityOfPage\":{\"@id\":\"https:\\\/\\\/radioljubuski.ba\\\/index.php\\\/2024\\\/08\\\/16\\\/veceras-finale-malonogometnih-liga-mz-grada-ljubuskog\\\/\"},\"wordCount\":1240,\"publisher\":{\"@id\":\"https:\\\/\\\/radioljubuski.ba\\\/#organization\"},\"image\":{\"@id\":\"https:\\\/\\\/radioljubuski.ba\\\/index.php\\\/2024\\\/08\\\/16\\\/veceras-finale-malonogometnih-liga-mz-grada-ljubuskog\\\/#primaryimage\"},\"thumbnailUrl\":\"https:\\\/\\\/radioljubuski.ba\\\/wp-content\\\/uploads\\\/2024\\\/08\\\/508edbf9396be360d9a34e6ea7d7e63b_L.jpg\",\"articleSection\":[\"Ljubu\u0161ki\",\"\u0160port\"],\"inLanguage\":\"hr\"},{\"@type\":\"WebPage\",\"@id\":\"https:\\\/\\\/radioljubuski.ba\\\/index.php\\\/2024\\\/08\\\/16\\\/veceras-finale-malonogometnih-liga-mz-grada-ljubuskog\\\/\",\"url\":\"https:\\\/\\\/radioljubuski.ba\\\/index.php\\\/2024\\\/08\\\/16\\\/veceras-finale-malonogometnih-liga-mz-grada-ljubuskog\\\/\",\"name\":\"Ve\u010deras finale malonogometnih liga MZ grada Ljubu\u0161kog - RADIO LJUBU\u0160KI\",\"isPartOf\":{\"@id\":\"https:\\\/\\\/radioljubuski.ba\\\/#website\"},\"primaryImageOfPage\":{\"@id\":\"https:\\\/\\\/radioljubuski.ba\\\/index.php\\\/2024\\\/08\\\/16\\\/veceras-finale-malonogometnih-liga-mz-grada-ljubuskog\\\/#primaryimage\"},\"image\":{\"@id\":\"https:\\\/\\\/radioljubuski.ba\\\/index.php\\\/2024\\\/08\\\/16\\\/veceras-finale-malonogometnih-liga-mz-grada-ljubuskog\\\/#primaryimage\"},\"thumbnailUrl\":\"https:\\\/\\\/radioljubuski.ba\\\/wp-content\\\/uploads\\\/2024\\\/08\\\/508edbf9396be360d9a34e6ea7d7e63b_L.jpg\",\"datePublished\":\"2024-08-16T08:28:37+00:00\",\"dateModified\":\"2024-08-17T06:56:06+00:00\",\"breadcrumb\":{\"@id\":\"https:\\\/\\\/radioljubuski.ba\\\/index.php\\\/2024\\\/08\\\/16\\\/veceras-finale-malonogometnih-liga-mz-grada-ljubuskog\\\/#breadcrumb\"},\"inLanguage\":\"hr\",\"potentialAction\":[{\"@type\":\"ReadAction\",\"target\":[\"https:\\\/\\\/radioljubuski.ba\\\/index.php\\\/2024\\\/08\\\/16\\\/veceras-finale-malonogometnih-liga-mz-grada-ljubuskog\\\/\"]}]},{\"@type\":\"ImageObject\",\"inLanguage\":\"hr\",\"@id\":\"https:\\\/\\\/radioljubuski.ba\\\/index.php\\\/2024\\\/08\\\/16\\\/veceras-finale-malonogometnih-liga-mz-grada-ljubuskog\\\/#primaryimage\",\"url\":\"https:\\\/\\\/radioljubuski.ba\\\/wp-content\\\/uploads\\\/2024\\\/08\\\/508edbf9396be360d9a34e6ea7d7e63b_L.jpg\",\"contentUrl\":\"https:\\\/\\\/radioljubuski.ba\\\/wp-content\\\/uploads\\\/2024\\\/08\\\/508edbf9396be360d9a34e6ea7d7e63b_L.jpg\",\"width\":1024,\"height\":353},{\"@type\":\"BreadcrumbList\",\"@id\":\"https:\\\/\\\/radioljubuski.ba\\\/index.php\\\/2024\\\/08\\\/16\\\/veceras-finale-malonogometnih-liga-mz-grada-ljubuskog\\\/#breadcrumb\",\"itemListElement\":[{\"@type\":\"ListItem\",\"position\":1,\"name\":\"Po\u010detna stranica\",\"item\":\"https:\\\/\\\/radioljubuski.ba\\\/\"},{\"@type\":\"ListItem\",\"position\":2,\"name\":\"Ve\u010deras finale malonogometnih liga MZ grada Ljubu\u0161kog\"}]},{\"@type\":\"WebSite\",\"@id\":\"https:\\\/\\\/radioljubuski.ba\\\/#website\",\"url\":\"https:\\\/\\\/radioljubuski.ba\\\/\",\"name\":\"Radio Ljubu\u0161ki\",\"description\":\"Sun\u010dana frekvencija Hercegovine\",\"publisher\":{\"@id\":\"https:\\\/\\\/radioljubuski.ba\\\/#organization\"},\"potentialAction\":[{\"@type\":\"SearchAction\",\"target\":{\"@type\":\"EntryPoint\",\"urlTemplate\":\"https:\\\/\\\/radioljubuski.ba\\\/?s={search_term_string}\"},\"query-input\":{\"@type\":\"PropertyValueSpecification\",\"valueRequired\":true,\"valueName\":\"search_term_string\"}}],\"inLanguage\":\"hr\"},{\"@type\":\"Organization\",\"@id\":\"https:\\\/\\\/radioljubuski.ba\\\/#organization\",\"name\":\"Radio Ljubu\u0161ki\",\"url\":\"https:\\\/\\\/radioljubuski.ba\\\/\",\"logo\":{\"@type\":\"ImageObject\",\"inLanguage\":\"hr\",\"@id\":\"https:\\\/\\\/radioljubuski.ba\\\/#\\\/schema\\\/logo\\\/image\\\/\",\"url\":\"https:\\\/\\\/radioljubuski.ba\\\/wp-content\\\/uploads\\\/2021\\\/02\\\/cropped-Radio_Ljubuski_logo1.jpg\",\"contentUrl\":\"https:\\\/\\\/radioljubuski.ba\\\/wp-content\\\/uploads\\\/2021\\\/02\\\/cropped-Radio_Ljubuski_logo1.jpg\",\"width\":512,\"height\":512,\"caption\":\"Radio Ljubu\u0161ki\"},\"image\":{\"@id\":\"https:\\\/\\\/radioljubuski.ba\\\/#\\\/schema\\\/logo\\\/image\\\/\"},\"sameAs\":[\"https:\\\/\\\/www.facebook.com\\\/Radiio-Ljubuski-1490835324566332\",\"https:\\\/\\\/x.com\\\/radioljubuski\",\"https:\\\/\\\/hr.linkedin.com\\\/company\\\/radio-ljubuski\",\"https:\\\/\\\/www.youtube.com\\\/channel\\\/UCHYaeO_n0Db3tjNGudGpXyw\"]},{\"@type\":\"Person\",\"@id\":\"https:\\\/\\\/radioljubuski.ba\\\/#\\\/schema\\\/person\\\/19fc700381a780f69665d7956c469e3b\",\"name\":\"Radio Ljubu\u0161ki\"}]}<\/script>\n<!-- \/ Yoast SEO plugin. -->","yoast_head_json":{"title":"Ve\u010deras finale malonogometnih liga MZ grada Ljubu\u0161kog - RADIO LJUBU\u0160KI","robots":{"index":"index","follow":"follow","max-snippet":"max-snippet:-1","max-image-preview":"max-image-preview:large","max-video-preview":"max-video-preview:-1"},"canonical":"https:\/\/radioljubuski.ba\/index.php\/2024\/08\/16\/veceras-finale-malonogometnih-liga-mz-grada-ljubuskog\/","og_locale":"hr_HR","og_type":"article","og_title":"Ve\u010deras finale malonogometnih liga MZ grada Ljubu\u0161kog - RADIO LJUBU\u0160KI","og_description":"Temeljem Propozicija natjecanja Agram 20. MNL MZ Grada Ljubu\u0161kog, te Propozicija natjecanja Agram 13. MNL MZ Grada Ljubu\u0161kog igra\u010da do 16. godina starosti, Povjerenik natjecanja u prvom stupnju registrira sve utakmice odigrane, 14.8. 2024. godine postignutim rezultatom. AGRAM 13. LIGA IGRA\u010cA DO 16 GODINA STAROSTI \u2013 UTAKMICA ZA 3. MJESTO *Ekipa MZ Radi\u0161i\u0107i osvojila je [&hellip;]","og_url":"https:\/\/radioljubuski.ba\/index.php\/2024\/08\/16\/veceras-finale-malonogometnih-liga-mz-grada-ljubuskog\/","og_site_name":"RADIO LJUBU\u0160KI","article_publisher":"https:\/\/www.facebook.com\/Radiio-Ljubuski-1490835324566332","article_published_time":"2024-08-16T08:28:37+00:00","article_modified_time":"2024-08-17T06:56:06+00:00","og_image":[{"width":1024,"height":353,"url":"https:\/\/radioljubuski.ba\/wp-content\/uploads\/2024\/08\/508edbf9396be360d9a34e6ea7d7e63b_L.jpg","type":"image\/jpeg"}],"author":"Radio Ljubu\u0161ki","twitter_card":"summary_large_image","twitter_creator":"@radioljubuski","twitter_site":"@radioljubuski","twitter_misc":{"Napisao\/la":"Radio Ljubu\u0161ki","Procijenjeno vrijeme \u010ditanja":"8 minuta"},"schema":{"@context":"https:\/\/schema.org","@graph":[{"@type":"Article","@id":"https:\/\/radioljubuski.ba\/index.php\/2024\/08\/16\/veceras-finale-malonogometnih-liga-mz-grada-ljubuskog\/#article","isPartOf":{"@id":"https:\/\/radioljubuski.ba\/index.php\/2024\/08\/16\/veceras-finale-malonogometnih-liga-mz-grada-ljubuskog\/"},"author":{"name":"Radio Ljubu\u0161ki","@id":"https:\/\/radioljubuski.ba\/#\/schema\/person\/19fc700381a780f69665d7956c469e3b"},"headline":"Ve\u010deras finale malonogometnih liga MZ grada Ljubu\u0161kog","datePublished":"2024-08-16T08:28:37+00:00","dateModified":"2024-08-17T06:56:06+00:00","mainEntityOfPage":{"@id":"https:\/\/radioljubuski.ba\/index.php\/2024\/08\/16\/veceras-finale-malonogometnih-liga-mz-grada-ljubuskog\/"},"wordCount":1240,"publisher":{"@id":"https:\/\/radioljubuski.ba\/#organization"},"image":{"@id":"https:\/\/radioljubuski.ba\/index.php\/2024\/08\/16\/veceras-finale-malonogometnih-liga-mz-grada-ljubuskog\/#primaryimage"},"thumbnailUrl":"https:\/\/radioljubuski.ba\/wp-content\/uploads\/2024\/08\/508edbf9396be360d9a34e6ea7d7e63b_L.jpg","articleSection":["Ljubu\u0161ki","\u0160port"],"inLanguage":"hr"},{"@type":"WebPage","@id":"https:\/\/radioljubuski.ba\/index.php\/2024\/08\/16\/veceras-finale-malonogometnih-liga-mz-grada-ljubuskog\/","url":"https:\/\/radioljubuski.ba\/index.php\/2024\/08\/16\/veceras-finale-malonogometnih-liga-mz-grada-ljubuskog\/","name":"Ve\u010deras finale malonogometnih liga MZ grada Ljubu\u0161kog - RADIO LJUBU\u0160KI","isPartOf":{"@id":"https:\/\/radioljubuski.ba\/#website"},"primaryImageOfPage":{"@id":"https:\/\/radioljubuski.ba\/index.php\/2024\/08\/16\/veceras-finale-malonogometnih-liga-mz-grada-ljubuskog\/#primaryimage"},"image":{"@id":"https:\/\/radioljubuski.ba\/index.php\/2024\/08\/16\/veceras-finale-malonogometnih-liga-mz-grada-ljubuskog\/#primaryimage"},"thumbnailUrl":"https:\/\/radioljubuski.ba\/wp-content\/uploads\/2024\/08\/508edbf9396be360d9a34e6ea7d7e63b_L.jpg","datePublished":"2024-08-16T08:28:37+00:00","dateModified":"2024-08-17T06:56:06+00:00","breadcrumb":{"@id":"https:\/\/radioljubuski.ba\/index.php\/2024\/08\/16\/veceras-finale-malonogometnih-liga-mz-grada-ljubuskog\/#breadcrumb"},"inLanguage":"hr","potentialAction":[{"@type":"ReadAction","target":["https:\/\/radioljubuski.ba\/index.php\/2024\/08\/16\/veceras-finale-malonogometnih-liga-mz-grada-ljubuskog\/"]}]},{"@type":"ImageObject","inLanguage":"hr","@id":"https:\/\/radioljubuski.ba\/index.php\/2024\/08\/16\/veceras-finale-malonogometnih-liga-mz-grada-ljubuskog\/#primaryimage","url":"https:\/\/radioljubuski.ba\/wp-content\/uploads\/2024\/08\/508edbf9396be360d9a34e6ea7d7e63b_L.jpg","contentUrl":"https:\/\/radioljubuski.ba\/wp-content\/uploads\/2024\/08\/508edbf9396be360d9a34e6ea7d7e63b_L.jpg","width":1024,"height":353},{"@type":"BreadcrumbList","@id":"https:\/\/radioljubuski.ba\/index.php\/2024\/08\/16\/veceras-finale-malonogometnih-liga-mz-grada-ljubuskog\/#breadcrumb","itemListElement":[{"@type":"ListItem","position":1,"name":"Po\u010detna stranica","item":"https:\/\/radioljubuski.ba\/"},{"@type":"ListItem","position":2,"name":"Ve\u010deras finale malonogometnih liga MZ grada Ljubu\u0161kog"}]},{"@type":"WebSite","@id":"https:\/\/radioljubuski.ba\/#website","url":"https:\/\/radioljubuski.ba\/","name":"Radio Ljubu\u0161ki","description":"Sun\u010dana frekvencija Hercegovine","publisher":{"@id":"https:\/\/radioljubuski.ba\/#organization"},"potentialAction":[{"@type":"SearchAction","target":{"@type":"EntryPoint","urlTemplate":"https:\/\/radioljubuski.ba\/?s={search_term_string}"},"query-input":{"@type":"PropertyValueSpecification","valueRequired":true,"valueName":"search_term_string"}}],"inLanguage":"hr"},{"@type":"Organization","@id":"https:\/\/radioljubuski.ba\/#organization","name":"Radio Ljubu\u0161ki","url":"https:\/\/radioljubuski.ba\/","logo":{"@type":"ImageObject","inLanguage":"hr","@id":"https:\/\/radioljubuski.ba\/#\/schema\/logo\/image\/","url":"https:\/\/radioljubuski.ba\/wp-content\/uploads\/2021\/02\/cropped-Radio_Ljubuski_logo1.jpg","contentUrl":"https:\/\/radioljubuski.ba\/wp-content\/uploads\/2021\/02\/cropped-Radio_Ljubuski_logo1.jpg","width":512,"height":512,"caption":"Radio Ljubu\u0161ki"},"image":{"@id":"https:\/\/radioljubuski.ba\/#\/schema\/logo\/image\/"},"sameAs":["https:\/\/www.facebook.com\/Radiio-Ljubuski-1490835324566332","https:\/\/x.com\/radioljubuski","https:\/\/hr.linkedin.com\/company\/radio-ljubuski","https:\/\/www.youtube.com\/channel\/UCHYaeO_n0Db3tjNGudGpXyw"]},{"@type":"Person","@id":"https:\/\/radioljubuski.ba\/#\/schema\/person\/19fc700381a780f69665d7956c469e3b","name":"Radio Ljubu\u0161ki"}]}},"_links":{"self":[{"href":"https:\/\/radioljubuski.ba\/index.php\/wp-json\/wp\/v2\/posts\/207710","targetHints":{"allow":["GET"]}}],"collection":[{"href":"https:\/\/radioljubuski.ba\/index.php\/wp-json\/wp\/v2\/posts"}],"about":[{"href":"https:\/\/radioljubuski.ba\/index.php\/wp-json\/wp\/v2\/types\/post"}],"author":[{"embeddable":true,"href":"https:\/\/radioljubuski.ba\/index.php\/wp-json\/wp\/v2\/users\/2"}],"replies":[{"embeddable":true,"href":"https:\/\/radioljubuski.ba\/index.php\/wp-json\/wp\/v2\/comments?post=207710"}],"version-history":[{"count":1,"href":"https:\/\/radioljubuski.ba\/index.php\/wp-json\/wp\/v2\/posts\/207710\/revisions"}],"predecessor-version":[{"id":207712,"href":"https:\/\/radioljubuski.ba\/index.php\/wp-json\/wp\/v2\/posts\/207710\/revisions\/207712"}],"wp:featuredmedia":[{"embeddable":true,"href":"https:\/\/radioljubuski.ba\/index.php\/wp-json\/wp\/v2\/media\/207711"}],"wp:attachment":[{"href":"https:\/\/radioljubuski.ba\/index.php\/wp-json\/wp\/v2\/media?parent=207710"}],"wp:term":[{"taxonomy":"category","embeddable":true,"href":"https:\/\/radioljubuski.ba\/index.php\/wp-json\/wp\/v2\/categories?post=207710"},{"taxonomy":"post_tag","embeddable":true,"href":"https:\/\/radioljubuski.ba\/index.php\/wp-json\/wp\/v2\/tags?post=207710"}],"curies":[{"name":"wp","href":"https:\/\/api.w.org\/{rel}","templated":true}]}}