{"id":208344,"date":"2024-09-10T10:05:50","date_gmt":"2024-09-10T09:05:50","guid":{"rendered":"https:\/\/radioljubuski.ba\/?p=208344"},"modified":"2024-09-10T10:13:31","modified_gmt":"2024-09-10T09:13:31","slug":"humac-zaziv-duha-svetoga-i-sveta-misa-za-pocetak-nove-skolske-godine","status":"publish","type":"post","link":"https:\/\/radioljubuski.ba\/index.php\/2024\/09\/10\/humac-zaziv-duha-svetoga-i-sveta-misa-za-pocetak-nove-skolske-godine\/","title":{"rendered":"Humac: Zaziv Duha Svetoga i sveta misa za po\u010detak nove \u0161kolske godine"},"content":{"rendered":"\n<p>U \u017eupi Humac jutros su zapo\u010deli s lijepom tradicijom, naime po prvi put odr\u017ean je zajedni\u010dki susret u\u010denika osnovnih \u0161kola s podru\u010dja \u017eupe, te su tako ovog jutra u\u010denici O\u0160 Marka Maruli\u0107a i O\u0160 Ivane Brli\u0107 Ma\u017eurani\u0107 sudjelovali zajedni\u010dki sa svojim u\u010diteljima, nastavnicima i ravnateljima na zazivu Duha Svetoga i svetoj misi za po\u010detak nove \u0161kolske godine.<\/p>\n\n\n\n<blockquote class=\"instagram-media\" data-instgrm-captioned data-instgrm-permalink=\"https:\/\/www.instagram.com\/reel\/C_utYjdMq-2\/?utm_source=ig_embed&amp;utm_campaign=loading\" data-instgrm-version=\"14\" style=\" background:#FFF; border:0; border-radius:3px; box-shadow:0 0 1px 0 rgba(0,0,0,0.5),0 1px 10px 0 rgba(0,0,0,0.15); margin: 1px; max-width:540px; min-width:326px; padding:0; width:99.375%; width:-webkit-calc(100% - 2px); width:calc(100% - 2px);\"><div style=\"padding:16px;\"> <a href=\"https:\/\/www.instagram.com\/reel\/C_utYjdMq-2\/?utm_source=ig_embed&amp;utm_campaign=loading\" style=\" background:#FFFFFF; line-height:0; padding:0 0; text-align:center; text-decoration:none; width:100%;\" target=\"_blank\" rel=\"noopener\"> <div style=\" display: flex; flex-direction: row; align-items: center;\"> <div style=\"background-color: #F4F4F4; border-radius: 50%; flex-grow: 0; height: 40px; margin-right: 14px; width: 40px;\"><\/div> <div style=\"display: flex; flex-direction: column; flex-grow: 1; justify-content: center;\"> <div style=\" background-color: #F4F4F4; border-radius: 4px; flex-grow: 0; height: 14px; margin-bottom: 6px; width: 100px;\"><\/div> <div style=\" background-color: #F4F4F4; border-radius: 4px; flex-grow: 0; height: 14px; width: 60px;\"><\/div><\/div><\/div><div style=\"padding: 19% 0;\"><\/div> <div style=\"display:block; height:50px; margin:0 auto 12px; width:50px;\"><svg width=\"50px\" height=\"50px\" viewBox=\"0 0 60 60\" version=\"1.1\" xmlns=\"https:\/\/www.w3.org\/2000\/svg\" xmlns:xlink=\"https:\/\/www.w3.org\/1999\/xlink\"><g stroke=\"none\" stroke-width=\"1\" fill=\"none\" fill-rule=\"evenodd\"><g transform=\"translate(-511.000000, -20.000000)\" fill=\"#000000\"><g><path d=\"M556.869,30.41 C554.814,30.41 553.148,32.076 553.148,34.131 C553.148,36.186 554.814,37.852 556.869,37.852 C558.924,37.852 560.59,36.186 560.59,34.131 C560.59,32.076 558.924,30.41 556.869,30.41 M541,60.657 C535.114,60.657 530.342,55.887 530.342,50 C530.342,44.114 535.114,39.342 541,39.342 C546.887,39.342 551.658,44.114 551.658,50 C551.658,55.887 546.887,60.657 541,60.657 M541,33.886 C532.1,33.886 524.886,41.1 524.886,50 C524.886,58.899 532.1,66.113 541,66.113 C549.9,66.113 557.115,58.899 557.115,50 C557.115,41.1 549.9,33.886 541,33.886 M565.378,62.101 C565.244,65.022 564.756,66.606 564.346,67.663 C563.803,69.06 563.154,70.057 562.106,71.106 C561.058,72.155 560.06,72.803 558.662,73.347 C557.607,73.757 556.021,74.244 553.102,74.378 C549.944,74.521 548.997,74.552 541,74.552 C533.003,74.552 532.056,74.521 528.898,74.378 C525.979,74.244 524.393,73.757 523.338,73.347 C521.94,72.803 520.942,72.155 519.894,71.106 C518.846,70.057 518.197,69.06 517.654,67.663 C517.244,66.606 516.755,65.022 516.623,62.101 C516.479,58.943 516.448,57.996 516.448,50 C516.448,42.003 516.479,41.056 516.623,37.899 C516.755,34.978 517.244,33.391 517.654,32.338 C518.197,30.938 518.846,29.942 519.894,28.894 C520.942,27.846 521.94,27.196 523.338,26.654 C524.393,26.244 525.979,25.756 528.898,25.623 C532.057,25.479 533.004,25.448 541,25.448 C548.997,25.448 549.943,25.479 553.102,25.623 C556.021,25.756 557.607,26.244 558.662,26.654 C560.06,27.196 561.058,27.846 562.106,28.894 C563.154,29.942 563.803,30.938 564.346,32.338 C564.756,33.391 565.244,34.978 565.378,37.899 C565.522,41.056 565.552,42.003 565.552,50 C565.552,57.996 565.522,58.943 565.378,62.101 M570.82,37.631 C570.674,34.438 570.167,32.258 569.425,30.349 C568.659,28.377 567.633,26.702 565.965,25.035 C564.297,23.368 562.623,22.342 560.652,21.575 C558.743,20.834 556.562,20.326 553.369,20.18 C550.169,20.033 549.148,20 541,20 C532.853,20 531.831,20.033 528.631,20.18 C525.438,20.326 523.257,20.834 521.349,21.575 C519.376,22.342 517.703,23.368 516.035,25.035 C514.368,26.702 513.342,28.377 512.574,30.349 C511.834,32.258 511.326,34.438 511.181,37.631 C511.035,40.831 511,41.851 511,50 C511,58.147 511.035,59.17 511.181,62.369 C511.326,65.562 511.834,67.743 512.574,69.651 C513.342,71.625 514.368,73.296 516.035,74.965 C517.703,76.634 519.376,77.658 521.349,78.425 C523.257,79.167 525.438,79.673 528.631,79.82 C531.831,79.965 532.853,80.001 541,80.001 C549.148,80.001 550.169,79.965 553.369,79.82 C556.562,79.673 558.743,79.167 560.652,78.425 C562.623,77.658 564.297,76.634 565.965,74.965 C567.633,73.296 568.659,71.625 569.425,69.651 C570.167,67.743 570.674,65.562 570.82,62.369 C570.966,59.17 571,58.147 571,50 C571,41.851 570.966,40.831 570.82,37.631\"><\/path><\/g><\/g><\/g><\/svg><\/div><div style=\"padding-top: 8px;\"> <div style=\" color:#3897f0; font-family:Arial,sans-serif; font-size:14px; font-style:normal; font-weight:550; line-height:18px;\">Pogledajte ovu objavu na Instagramu.<\/div><\/div><div style=\"padding: 12.5% 0;\"><\/div> <div style=\"display: flex; flex-direction: row; margin-bottom: 14px; align-items: center;\"><div> <div style=\"background-color: #F4F4F4; border-radius: 50%; height: 12.5px; width: 12.5px; transform: translateX(0px) translateY(7px);\"><\/div> <div style=\"background-color: #F4F4F4; height: 12.5px; transform: rotate(-45deg) translateX(3px) translateY(1px); width: 12.5px; flex-grow: 0; margin-right: 14px; margin-left: 2px;\"><\/div> <div style=\"background-color: #F4F4F4; border-radius: 50%; height: 12.5px; width: 12.5px; transform: translateX(9px) translateY(-18px);\"><\/div><\/div><div style=\"margin-left: 8px;\"> <div style=\" background-color: #F4F4F4; border-radius: 50%; flex-grow: 0; height: 20px; width: 20px;\"><\/div> <div style=\" width: 0; height: 0; border-top: 2px solid transparent; border-left: 6px solid #f4f4f4; border-bottom: 2px solid transparent; transform: translateX(16px) translateY(-4px) rotate(30deg)\"><\/div><\/div><div style=\"margin-left: auto;\"> <div style=\" width: 0px; border-top: 8px solid #F4F4F4; border-right: 8px solid transparent; transform: translateY(16px);\"><\/div> <div style=\" background-color: #F4F4F4; flex-grow: 0; height: 12px; width: 16px; transform: translateY(-4px);\"><\/div> <div style=\" width: 0; height: 0; border-top: 8px solid #F4F4F4; border-left: 8px solid transparent; transform: translateY(-4px) translateX(8px);\"><\/div><\/div><\/div> <div style=\"display: flex; flex-direction: column; flex-grow: 1; justify-content: center; margin-bottom: 24px;\"> <div style=\" background-color: #F4F4F4; border-radius: 4px; flex-grow: 0; height: 14px; margin-bottom: 6px; width: 224px;\"><\/div> <div style=\" background-color: #F4F4F4; border-radius: 4px; flex-grow: 0; height: 14px; width: 144px;\"><\/div><\/div><\/a><p style=\" color:#c9c8cd; font-family:Arial,sans-serif; font-size:14px; line-height:17px; margin-bottom:0; margin-top:8px; overflow:hidden; padding:8px 0 7px; text-align:center; text-overflow:ellipsis; white-space:nowrap;\"><a href=\"https:\/\/www.instagram.com\/reel\/C_utYjdMq-2\/?utm_source=ig_embed&amp;utm_campaign=loading\" style=\" color:#c9c8cd; font-family:Arial,sans-serif; font-size:14px; font-style:normal; font-weight:normal; line-height:17px; text-decoration:none;\" target=\"_blank\" rel=\"noopener\">Objavu dijeli Radio Ljubu\u0161ki\ud83d\udcfb (@radio_ljubuski)<\/a><\/p><\/div><\/blockquote>\n<script async src=\"\/\/www.instagram.com\/embed.js\"><\/script>\n\n\n\n<p>Misno slavlje predvodio je \u017eupni vikar fra Marko Bandi\u0107 koji je uputio pozdravne rije\u010di ohrabrenja svima za po\u010detak nove \u0161kolske godine, a u svojoj propovijedi govorio je o prvih pet Bo\u017ejih zapovjedi nagla\u0161avaju\u0107i sve ono \u0161to nas mo\u017ee odvratiti od Boga i daju\u0107i Bo\u017eje upute koje treba slijediti.<\/p>\n\n\n\n<figure class=\"wp-block-image size-large\"><img loading=\"lazy\" decoding=\"async\" width=\"1024\" height=\"683\" src=\"https:\/\/radioljubuski.ba\/wp-content\/uploads\/2024\/09\/IMG_1098-1024x683.jpg\" alt=\"\" class=\"wp-image-208351\" srcset=\"https:\/\/radioljubuski.ba\/wp-content\/uploads\/2024\/09\/IMG_1098-1024x683.jpg 1024w, https:\/\/radioljubuski.ba\/wp-content\/uploads\/2024\/09\/IMG_1098-300x200.jpg 300w, https:\/\/radioljubuski.ba\/wp-content\/uploads\/2024\/09\/IMG_1098-768x512.jpg 768w, https:\/\/radioljubuski.ba\/wp-content\/uploads\/2024\/09\/IMG_1098-1536x1024.jpg 1536w, https:\/\/radioljubuski.ba\/wp-content\/uploads\/2024\/09\/IMG_1098-2048x1365.jpg 2048w, https:\/\/radioljubuski.ba\/wp-content\/uploads\/2024\/09\/IMG_1098-18x12.jpg 18w\" sizes=\"auto, (max-width: 1024px) 100vw, 1024px\" \/><\/figure>\n\n\n\n<p>&#8220;Ne dopustite da vam dan po\u010dne bez znaka kri\u017ea, ne dopustite da se udaljite od Boga, da tvoj Bog budu tvoje ocjene, natjecanje u ocjenama, poredbe s drugim u\u010denicima, ne dopusti da se uspore\u0111uje\u0161 s drugima&#8221; poru\u010dio je okupljenim u\u010denicima &#8221; Ti si jednako vrijedan i Bogu dragocjen kao on, ne dopusti da tvoj Bog bude tvoja roba, ne dopusti da od materijalnog u\u010dini\u0161 Boga, ti si vrijedan jer postoji\u0161! Naglasio je kako je potrebno me\u0111usobno po\u0161tovanje, uz po\u0161tivanje roditelja, u\u010ditelja, &#8220;<\/p>\n\n\n\n<p>Nastavnicima je posvetio rije\u010di potpore i poru\u010dio da su sija\u010di koji trebaju biti velikodu\u0161ni u davanju na\u0161e pa\u017enje, na\u0161e rije\u010di, ljubavi, odgoja i strpljivosti. Plodove svoga rada najradije bismo odmah brali, sjeme treba rasti, nemojte se umoriti, Bog je neumoran, budite neumorni, strpljivi, ljubite one koji trebaju najvi\u0161e va\u0161e pa\u017enje.<\/p>\n\n\n\n<p>Djeca su uputila zajedni\u010dke \u017eelje a posebno lijep dio bio je kada su se za vrijeme molitve O\u010dena\u0161a svi sudionici mise uhvatili za ruke.<\/p>\n\n\n\n<figure class=\"wp-block-image size-large\"><img loading=\"lazy\" decoding=\"async\" width=\"1024\" height=\"683\" src=\"https:\/\/radioljubuski.ba\/wp-content\/uploads\/2024\/09\/IMG_1145-1024x683.jpg\" alt=\"\" class=\"wp-image-208352\" srcset=\"https:\/\/radioljubuski.ba\/wp-content\/uploads\/2024\/09\/IMG_1145-1024x683.jpg 1024w, https:\/\/radioljubuski.ba\/wp-content\/uploads\/2024\/09\/IMG_1145-300x200.jpg 300w, https:\/\/radioljubuski.ba\/wp-content\/uploads\/2024\/09\/IMG_1145-768x512.jpg 768w, https:\/\/radioljubuski.ba\/wp-content\/uploads\/2024\/09\/IMG_1145-1536x1024.jpg 1536w, https:\/\/radioljubuski.ba\/wp-content\/uploads\/2024\/09\/IMG_1145-2048x1365.jpg 2048w, https:\/\/radioljubuski.ba\/wp-content\/uploads\/2024\/09\/IMG_1145-18x12.jpg 18w\" sizes=\"auto, (max-width: 1024px) 100vw, 1024px\" \/><\/figure>\n\n\n\n<p>Misno slavlje pjesmom su uveli\u010dao Dje\u010dji zbor Ljiljani sv. Ante pod vodstvom prof. Zdenka Vi\u0161tice.<\/p>\n\n\n\n<figure class=\"wp-block-gallery has-nested-images columns-default is-cropped wp-block-gallery-1 is-layout-flex wp-block-gallery-is-layout-flex\">\n<figure class=\"wp-block-image size-large\"><img loading=\"lazy\" decoding=\"async\" width=\"1024\" height=\"683\" data-id=\"208353\" src=\"https:\/\/radioljubuski.ba\/wp-content\/uploads\/2024\/09\/IMG_1111-1024x683.jpg\" alt=\"\" class=\"wp-image-208353\" srcset=\"https:\/\/radioljubuski.ba\/wp-content\/uploads\/2024\/09\/IMG_1111-1024x683.jpg 1024w, https:\/\/radioljubuski.ba\/wp-content\/uploads\/2024\/09\/IMG_1111-300x200.jpg 300w, https:\/\/radioljubuski.ba\/wp-content\/uploads\/2024\/09\/IMG_1111-768x512.jpg 768w, https:\/\/radioljubuski.ba\/wp-content\/uploads\/2024\/09\/IMG_1111-1536x1024.jpg 1536w, https:\/\/radioljubuski.ba\/wp-content\/uploads\/2024\/09\/IMG_1111-2048x1365.jpg 2048w, https:\/\/radioljubuski.ba\/wp-content\/uploads\/2024\/09\/IMG_1111-18x12.jpg 18w\" sizes=\"auto, (max-width: 1024px) 100vw, 1024px\" \/><\/figure>\n<\/figure>\n\n\n\n<p>Ovog jutra sudjelovali su u\u010denici prijepodnevnih smjena a danas u 14 sati pozvani su u\u010denici iz poslijepodnevne smjene.<\/p>\n\n\n\n<p><\/p>\n\n\n\n<figure class=\"wp-block-image size-large\"><img loading=\"lazy\" decoding=\"async\" width=\"1024\" height=\"576\" src=\"https:\/\/radioljubuski.ba\/wp-content\/uploads\/2024\/09\/ucenici-na-humcu-2-1024x576.jpg\" alt=\"\" class=\"wp-image-208357\" srcset=\"https:\/\/radioljubuski.ba\/wp-content\/uploads\/2024\/09\/ucenici-na-humcu-2-1024x576.jpg 1024w, https:\/\/radioljubuski.ba\/wp-content\/uploads\/2024\/09\/ucenici-na-humcu-2-300x169.jpg 300w, https:\/\/radioljubuski.ba\/wp-content\/uploads\/2024\/09\/ucenici-na-humcu-2-768x432.jpg 768w, https:\/\/radioljubuski.ba\/wp-content\/uploads\/2024\/09\/ucenici-na-humcu-2-1536x864.jpg 1536w, https:\/\/radioljubuski.ba\/wp-content\/uploads\/2024\/09\/ucenici-na-humcu-2-18x10.jpg 18w, https:\/\/radioljubuski.ba\/wp-content\/uploads\/2024\/09\/ucenici-na-humcu-2.jpg 1920w\" sizes=\"auto, (max-width: 1024px) 100vw, 1024px\" \/><\/figure>\n\n\n\n<figure class=\"wp-block-image size-large\"><img loading=\"lazy\" decoding=\"async\" width=\"1024\" height=\"683\" src=\"https:\/\/radioljubuski.ba\/wp-content\/uploads\/2024\/09\/IMG_1124-1024x683.jpg\" alt=\"\" class=\"wp-image-208354\" srcset=\"https:\/\/radioljubuski.ba\/wp-content\/uploads\/2024\/09\/IMG_1124-1024x683.jpg 1024w, https:\/\/radioljubuski.ba\/wp-content\/uploads\/2024\/09\/IMG_1124-300x200.jpg 300w, https:\/\/radioljubuski.ba\/wp-content\/uploads\/2024\/09\/IMG_1124-768x512.jpg 768w, https:\/\/radioljubuski.ba\/wp-content\/uploads\/2024\/09\/IMG_1124-1536x1024.jpg 1536w, https:\/\/radioljubuski.ba\/wp-content\/uploads\/2024\/09\/IMG_1124-2048x1365.jpg 2048w, https:\/\/radioljubuski.ba\/wp-content\/uploads\/2024\/09\/IMG_1124-18x12.jpg 18w\" sizes=\"auto, (max-width: 1024px) 100vw, 1024px\" \/><\/figure>\n\n\n\n<figure class=\"wp-block-image size-large\"><img loading=\"lazy\" decoding=\"async\" width=\"1024\" height=\"576\" src=\"https:\/\/radioljubuski.ba\/wp-content\/uploads\/2024\/09\/ucenici-na-humcu--1024x576.jpg\" alt=\"\" class=\"wp-image-208346\" srcset=\"https:\/\/radioljubuski.ba\/wp-content\/uploads\/2024\/09\/ucenici-na-humcu--1024x576.jpg 1024w, https:\/\/radioljubuski.ba\/wp-content\/uploads\/2024\/09\/ucenici-na-humcu--300x169.jpg 300w, https:\/\/radioljubuski.ba\/wp-content\/uploads\/2024\/09\/ucenici-na-humcu--768x432.jpg 768w, https:\/\/radioljubuski.ba\/wp-content\/uploads\/2024\/09\/ucenici-na-humcu--1536x864.jpg 1536w, https:\/\/radioljubuski.ba\/wp-content\/uploads\/2024\/09\/ucenici-na-humcu--18x10.jpg 18w, https:\/\/radioljubuski.ba\/wp-content\/uploads\/2024\/09\/ucenici-na-humcu-.jpg 1920w\" sizes=\"auto, (max-width: 1024px) 100vw, 1024px\" \/><\/figure>\n\n\n\n<p>Radio Ljubu\u0161ki<\/p>\n","protected":false},"excerpt":{"rendered":"<p>U \u017eupi Humac jutros su zapo\u010deli s lijepom tradicijom, naime po prvi put odr\u017ean je zajedni\u010dki susret u\u010denika osnovnih \u0161kola s podru\u010dja \u017eupe, te su tako ovog jutra u\u010denici O\u0160 Marka Maruli\u0107a i O\u0160 Ivane Brli\u0107 Ma\u017eurani\u0107 sudjelovali zajedni\u010dki sa svojim u\u010diteljima, nastavnicima i ravnateljima na zazivu Duha Svetoga i svetoj misi za po\u010detak nove [&hellip;]<\/p>\n","protected":false},"author":2,"featured_media":208355,"comment_status":"closed","ping_status":"closed","sticky":false,"template":"","format":"standard","meta":{"h5ap_radio_sources":[],"footnotes":""},"categories":[3,28],"tags":[],"class_list":["post-208344","post","type-post","status-publish","format-standard","has-post-thumbnail","hentry","category-ljubuski","category-novosti"],"yoast_head":"<!-- This site is optimized with the Yoast SEO plugin v27.4 - https:\/\/yoast.com\/product\/yoast-seo-wordpress\/ -->\n<title>Humac: Zaziv Duha Svetoga i sveta misa za po\u010detak nove \u0161kolske godine - RADIO LJUBU\u0160KI<\/title>\n<meta name=\"robots\" content=\"index, follow, max-snippet:-1, max-image-preview:large, max-video-preview:-1\" \/>\n<link rel=\"canonical\" href=\"https:\/\/radioljubuski.ba\/index.php\/2024\/09\/10\/humac-zaziv-duha-svetoga-i-sveta-misa-za-pocetak-nove-skolske-godine\/\" \/>\n<meta property=\"og:locale\" content=\"hr_HR\" \/>\n<meta property=\"og:type\" content=\"article\" \/>\n<meta property=\"og:title\" content=\"Humac: Zaziv Duha Svetoga i sveta misa za po\u010detak nove \u0161kolske godine - RADIO LJUBU\u0160KI\" \/>\n<meta property=\"og:description\" content=\"U \u017eupi Humac jutros su zapo\u010deli s lijepom tradicijom, naime po prvi put odr\u017ean je zajedni\u010dki susret u\u010denika osnovnih \u0161kola s podru\u010dja \u017eupe, te su tako ovog jutra u\u010denici O\u0160 Marka Maruli\u0107a i O\u0160 Ivane Brli\u0107 Ma\u017eurani\u0107 sudjelovali zajedni\u010dki sa svojim u\u010diteljima, nastavnicima i ravnateljima na zazivu Duha Svetoga i svetoj misi za po\u010detak nove [&hellip;]\" \/>\n<meta property=\"og:url\" content=\"https:\/\/radioljubuski.ba\/index.php\/2024\/09\/10\/humac-zaziv-duha-svetoga-i-sveta-misa-za-pocetak-nove-skolske-godine\/\" \/>\n<meta property=\"og:site_name\" content=\"RADIO LJUBU\u0160KI\" \/>\n<meta property=\"article:publisher\" content=\"https:\/\/www.facebook.com\/Radiio-Ljubuski-1490835324566332\" \/>\n<meta property=\"article:published_time\" content=\"2024-09-10T09:05:50+00:00\" \/>\n<meta property=\"article:modified_time\" content=\"2024-09-10T09:13:31+00:00\" \/>\n<meta property=\"og:image\" content=\"https:\/\/radioljubuski.ba\/wp-content\/uploads\/2024\/09\/ucenici-na-humcu-1.jpg\" \/>\n\t<meta property=\"og:image:width\" content=\"1920\" \/>\n\t<meta property=\"og:image:height\" content=\"1080\" \/>\n\t<meta property=\"og:image:type\" content=\"image\/jpeg\" \/>\n<meta name=\"author\" content=\"Radio Ljubu\u0161ki\" \/>\n<meta name=\"twitter:card\" content=\"summary_large_image\" \/>\n<meta name=\"twitter:creator\" content=\"@radioljubuski\" \/>\n<meta name=\"twitter:site\" content=\"@radioljubuski\" \/>\n<meta name=\"twitter:label1\" content=\"Napisao\/la\" \/>\n\t<meta name=\"twitter:data1\" content=\"Radio Ljubu\u0161ki\" \/>\n\t<meta name=\"twitter:label2\" content=\"Procijenjeno vrijeme \u010ditanja\" \/>\n\t<meta name=\"twitter:data2\" content=\"4 minute\" \/>\n<script type=\"application\/ld+json\" class=\"yoast-schema-graph\">{\"@context\":\"https:\\\/\\\/schema.org\",\"@graph\":[{\"@type\":\"Article\",\"@id\":\"https:\\\/\\\/radioljubuski.ba\\\/index.php\\\/2024\\\/09\\\/10\\\/humac-zaziv-duha-svetoga-i-sveta-misa-za-pocetak-nove-skolske-godine\\\/#article\",\"isPartOf\":{\"@id\":\"https:\\\/\\\/radioljubuski.ba\\\/index.php\\\/2024\\\/09\\\/10\\\/humac-zaziv-duha-svetoga-i-sveta-misa-za-pocetak-nove-skolske-godine\\\/\"},\"author\":{\"name\":\"Radio Ljubu\u0161ki\",\"@id\":\"https:\\\/\\\/radioljubuski.ba\\\/#\\\/schema\\\/person\\\/19fc700381a780f69665d7956c469e3b\"},\"headline\":\"Humac: Zaziv Duha Svetoga i sveta misa za po\u010detak nove \u0161kolske godine\",\"datePublished\":\"2024-09-10T09:05:50+00:00\",\"dateModified\":\"2024-09-10T09:13:31+00:00\",\"mainEntityOfPage\":{\"@id\":\"https:\\\/\\\/radioljubuski.ba\\\/index.php\\\/2024\\\/09\\\/10\\\/humac-zaziv-duha-svetoga-i-sveta-misa-za-pocetak-nove-skolske-godine\\\/\"},\"wordCount\":368,\"publisher\":{\"@id\":\"https:\\\/\\\/radioljubuski.ba\\\/#organization\"},\"image\":{\"@id\":\"https:\\\/\\\/radioljubuski.ba\\\/index.php\\\/2024\\\/09\\\/10\\\/humac-zaziv-duha-svetoga-i-sveta-misa-za-pocetak-nove-skolske-godine\\\/#primaryimage\"},\"thumbnailUrl\":\"https:\\\/\\\/radioljubuski.ba\\\/wp-content\\\/uploads\\\/2024\\\/09\\\/ucenici-na-humcu-1.jpg\",\"articleSection\":[\"Ljubu\u0161ki\",\"Novosti\"],\"inLanguage\":\"hr\"},{\"@type\":\"WebPage\",\"@id\":\"https:\\\/\\\/radioljubuski.ba\\\/index.php\\\/2024\\\/09\\\/10\\\/humac-zaziv-duha-svetoga-i-sveta-misa-za-pocetak-nove-skolske-godine\\\/\",\"url\":\"https:\\\/\\\/radioljubuski.ba\\\/index.php\\\/2024\\\/09\\\/10\\\/humac-zaziv-duha-svetoga-i-sveta-misa-za-pocetak-nove-skolske-godine\\\/\",\"name\":\"Humac: Zaziv Duha Svetoga i sveta misa za po\u010detak nove \u0161kolske godine - RADIO LJUBU\u0160KI\",\"isPartOf\":{\"@id\":\"https:\\\/\\\/radioljubuski.ba\\\/#website\"},\"primaryImageOfPage\":{\"@id\":\"https:\\\/\\\/radioljubuski.ba\\\/index.php\\\/2024\\\/09\\\/10\\\/humac-zaziv-duha-svetoga-i-sveta-misa-za-pocetak-nove-skolske-godine\\\/#primaryimage\"},\"image\":{\"@id\":\"https:\\\/\\\/radioljubuski.ba\\\/index.php\\\/2024\\\/09\\\/10\\\/humac-zaziv-duha-svetoga-i-sveta-misa-za-pocetak-nove-skolske-godine\\\/#primaryimage\"},\"thumbnailUrl\":\"https:\\\/\\\/radioljubuski.ba\\\/wp-content\\\/uploads\\\/2024\\\/09\\\/ucenici-na-humcu-1.jpg\",\"datePublished\":\"2024-09-10T09:05:50+00:00\",\"dateModified\":\"2024-09-10T09:13:31+00:00\",\"breadcrumb\":{\"@id\":\"https:\\\/\\\/radioljubuski.ba\\\/index.php\\\/2024\\\/09\\\/10\\\/humac-zaziv-duha-svetoga-i-sveta-misa-za-pocetak-nove-skolske-godine\\\/#breadcrumb\"},\"inLanguage\":\"hr\",\"potentialAction\":[{\"@type\":\"ReadAction\",\"target\":[\"https:\\\/\\\/radioljubuski.ba\\\/index.php\\\/2024\\\/09\\\/10\\\/humac-zaziv-duha-svetoga-i-sveta-misa-za-pocetak-nove-skolske-godine\\\/\"]}]},{\"@type\":\"ImageObject\",\"inLanguage\":\"hr\",\"@id\":\"https:\\\/\\\/radioljubuski.ba\\\/index.php\\\/2024\\\/09\\\/10\\\/humac-zaziv-duha-svetoga-i-sveta-misa-za-pocetak-nove-skolske-godine\\\/#primaryimage\",\"url\":\"https:\\\/\\\/radioljubuski.ba\\\/wp-content\\\/uploads\\\/2024\\\/09\\\/ucenici-na-humcu-1.jpg\",\"contentUrl\":\"https:\\\/\\\/radioljubuski.ba\\\/wp-content\\\/uploads\\\/2024\\\/09\\\/ucenici-na-humcu-1.jpg\",\"width\":1920,\"height\":1080},{\"@type\":\"BreadcrumbList\",\"@id\":\"https:\\\/\\\/radioljubuski.ba\\\/index.php\\\/2024\\\/09\\\/10\\\/humac-zaziv-duha-svetoga-i-sveta-misa-za-pocetak-nove-skolske-godine\\\/#breadcrumb\",\"itemListElement\":[{\"@type\":\"ListItem\",\"position\":1,\"name\":\"Po\u010detna stranica\",\"item\":\"https:\\\/\\\/radioljubuski.ba\\\/\"},{\"@type\":\"ListItem\",\"position\":2,\"name\":\"Humac: Zaziv Duha Svetoga i sveta misa za po\u010detak nove \u0161kolske godine\"}]},{\"@type\":\"WebSite\",\"@id\":\"https:\\\/\\\/radioljubuski.ba\\\/#website\",\"url\":\"https:\\\/\\\/radioljubuski.ba\\\/\",\"name\":\"Radio Ljubu\u0161ki\",\"description\":\"Sun\u010dana frekvencija Hercegovine\",\"publisher\":{\"@id\":\"https:\\\/\\\/radioljubuski.ba\\\/#organization\"},\"potentialAction\":[{\"@type\":\"SearchAction\",\"target\":{\"@type\":\"EntryPoint\",\"urlTemplate\":\"https:\\\/\\\/radioljubuski.ba\\\/?s={search_term_string}\"},\"query-input\":{\"@type\":\"PropertyValueSpecification\",\"valueRequired\":true,\"valueName\":\"search_term_string\"}}],\"inLanguage\":\"hr\"},{\"@type\":\"Organization\",\"@id\":\"https:\\\/\\\/radioljubuski.ba\\\/#organization\",\"name\":\"Radio Ljubu\u0161ki\",\"url\":\"https:\\\/\\\/radioljubuski.ba\\\/\",\"logo\":{\"@type\":\"ImageObject\",\"inLanguage\":\"hr\",\"@id\":\"https:\\\/\\\/radioljubuski.ba\\\/#\\\/schema\\\/logo\\\/image\\\/\",\"url\":\"https:\\\/\\\/radioljubuski.ba\\\/wp-content\\\/uploads\\\/2021\\\/02\\\/cropped-Radio_Ljubuski_logo1.jpg\",\"contentUrl\":\"https:\\\/\\\/radioljubuski.ba\\\/wp-content\\\/uploads\\\/2021\\\/02\\\/cropped-Radio_Ljubuski_logo1.jpg\",\"width\":512,\"height\":512,\"caption\":\"Radio Ljubu\u0161ki\"},\"image\":{\"@id\":\"https:\\\/\\\/radioljubuski.ba\\\/#\\\/schema\\\/logo\\\/image\\\/\"},\"sameAs\":[\"https:\\\/\\\/www.facebook.com\\\/Radiio-Ljubuski-1490835324566332\",\"https:\\\/\\\/x.com\\\/radioljubuski\",\"https:\\\/\\\/hr.linkedin.com\\\/company\\\/radio-ljubuski\",\"https:\\\/\\\/www.youtube.com\\\/channel\\\/UCHYaeO_n0Db3tjNGudGpXyw\"]},{\"@type\":\"Person\",\"@id\":\"https:\\\/\\\/radioljubuski.ba\\\/#\\\/schema\\\/person\\\/19fc700381a780f69665d7956c469e3b\",\"name\":\"Radio Ljubu\u0161ki\"}]}<\/script>\n<!-- \/ Yoast SEO plugin. -->","yoast_head_json":{"title":"Humac: Zaziv Duha Svetoga i sveta misa za po\u010detak nove \u0161kolske godine - RADIO LJUBU\u0160KI","robots":{"index":"index","follow":"follow","max-snippet":"max-snippet:-1","max-image-preview":"max-image-preview:large","max-video-preview":"max-video-preview:-1"},"canonical":"https:\/\/radioljubuski.ba\/index.php\/2024\/09\/10\/humac-zaziv-duha-svetoga-i-sveta-misa-za-pocetak-nove-skolske-godine\/","og_locale":"hr_HR","og_type":"article","og_title":"Humac: Zaziv Duha Svetoga i sveta misa za po\u010detak nove \u0161kolske godine - RADIO LJUBU\u0160KI","og_description":"U \u017eupi Humac jutros su zapo\u010deli s lijepom tradicijom, naime po prvi put odr\u017ean je zajedni\u010dki susret u\u010denika osnovnih \u0161kola s podru\u010dja \u017eupe, te su tako ovog jutra u\u010denici O\u0160 Marka Maruli\u0107a i O\u0160 Ivane Brli\u0107 Ma\u017eurani\u0107 sudjelovali zajedni\u010dki sa svojim u\u010diteljima, nastavnicima i ravnateljima na zazivu Duha Svetoga i svetoj misi za po\u010detak nove [&hellip;]","og_url":"https:\/\/radioljubuski.ba\/index.php\/2024\/09\/10\/humac-zaziv-duha-svetoga-i-sveta-misa-za-pocetak-nove-skolske-godine\/","og_site_name":"RADIO LJUBU\u0160KI","article_publisher":"https:\/\/www.facebook.com\/Radiio-Ljubuski-1490835324566332","article_published_time":"2024-09-10T09:05:50+00:00","article_modified_time":"2024-09-10T09:13:31+00:00","og_image":[{"width":1920,"height":1080,"url":"https:\/\/radioljubuski.ba\/wp-content\/uploads\/2024\/09\/ucenici-na-humcu-1.jpg","type":"image\/jpeg"}],"author":"Radio Ljubu\u0161ki","twitter_card":"summary_large_image","twitter_creator":"@radioljubuski","twitter_site":"@radioljubuski","twitter_misc":{"Napisao\/la":"Radio Ljubu\u0161ki","Procijenjeno vrijeme \u010ditanja":"4 minute"},"schema":{"@context":"https:\/\/schema.org","@graph":[{"@type":"Article","@id":"https:\/\/radioljubuski.ba\/index.php\/2024\/09\/10\/humac-zaziv-duha-svetoga-i-sveta-misa-za-pocetak-nove-skolske-godine\/#article","isPartOf":{"@id":"https:\/\/radioljubuski.ba\/index.php\/2024\/09\/10\/humac-zaziv-duha-svetoga-i-sveta-misa-za-pocetak-nove-skolske-godine\/"},"author":{"name":"Radio Ljubu\u0161ki","@id":"https:\/\/radioljubuski.ba\/#\/schema\/person\/19fc700381a780f69665d7956c469e3b"},"headline":"Humac: Zaziv Duha Svetoga i sveta misa za po\u010detak nove \u0161kolske godine","datePublished":"2024-09-10T09:05:50+00:00","dateModified":"2024-09-10T09:13:31+00:00","mainEntityOfPage":{"@id":"https:\/\/radioljubuski.ba\/index.php\/2024\/09\/10\/humac-zaziv-duha-svetoga-i-sveta-misa-za-pocetak-nove-skolske-godine\/"},"wordCount":368,"publisher":{"@id":"https:\/\/radioljubuski.ba\/#organization"},"image":{"@id":"https:\/\/radioljubuski.ba\/index.php\/2024\/09\/10\/humac-zaziv-duha-svetoga-i-sveta-misa-za-pocetak-nove-skolske-godine\/#primaryimage"},"thumbnailUrl":"https:\/\/radioljubuski.ba\/wp-content\/uploads\/2024\/09\/ucenici-na-humcu-1.jpg","articleSection":["Ljubu\u0161ki","Novosti"],"inLanguage":"hr"},{"@type":"WebPage","@id":"https:\/\/radioljubuski.ba\/index.php\/2024\/09\/10\/humac-zaziv-duha-svetoga-i-sveta-misa-za-pocetak-nove-skolske-godine\/","url":"https:\/\/radioljubuski.ba\/index.php\/2024\/09\/10\/humac-zaziv-duha-svetoga-i-sveta-misa-za-pocetak-nove-skolske-godine\/","name":"Humac: Zaziv Duha Svetoga i sveta misa za po\u010detak nove \u0161kolske godine - RADIO LJUBU\u0160KI","isPartOf":{"@id":"https:\/\/radioljubuski.ba\/#website"},"primaryImageOfPage":{"@id":"https:\/\/radioljubuski.ba\/index.php\/2024\/09\/10\/humac-zaziv-duha-svetoga-i-sveta-misa-za-pocetak-nove-skolske-godine\/#primaryimage"},"image":{"@id":"https:\/\/radioljubuski.ba\/index.php\/2024\/09\/10\/humac-zaziv-duha-svetoga-i-sveta-misa-za-pocetak-nove-skolske-godine\/#primaryimage"},"thumbnailUrl":"https:\/\/radioljubuski.ba\/wp-content\/uploads\/2024\/09\/ucenici-na-humcu-1.jpg","datePublished":"2024-09-10T09:05:50+00:00","dateModified":"2024-09-10T09:13:31+00:00","breadcrumb":{"@id":"https:\/\/radioljubuski.ba\/index.php\/2024\/09\/10\/humac-zaziv-duha-svetoga-i-sveta-misa-za-pocetak-nove-skolske-godine\/#breadcrumb"},"inLanguage":"hr","potentialAction":[{"@type":"ReadAction","target":["https:\/\/radioljubuski.ba\/index.php\/2024\/09\/10\/humac-zaziv-duha-svetoga-i-sveta-misa-za-pocetak-nove-skolske-godine\/"]}]},{"@type":"ImageObject","inLanguage":"hr","@id":"https:\/\/radioljubuski.ba\/index.php\/2024\/09\/10\/humac-zaziv-duha-svetoga-i-sveta-misa-za-pocetak-nove-skolske-godine\/#primaryimage","url":"https:\/\/radioljubuski.ba\/wp-content\/uploads\/2024\/09\/ucenici-na-humcu-1.jpg","contentUrl":"https:\/\/radioljubuski.ba\/wp-content\/uploads\/2024\/09\/ucenici-na-humcu-1.jpg","width":1920,"height":1080},{"@type":"BreadcrumbList","@id":"https:\/\/radioljubuski.ba\/index.php\/2024\/09\/10\/humac-zaziv-duha-svetoga-i-sveta-misa-za-pocetak-nove-skolske-godine\/#breadcrumb","itemListElement":[{"@type":"ListItem","position":1,"name":"Po\u010detna stranica","item":"https:\/\/radioljubuski.ba\/"},{"@type":"ListItem","position":2,"name":"Humac: Zaziv Duha Svetoga i sveta misa za po\u010detak nove \u0161kolske godine"}]},{"@type":"WebSite","@id":"https:\/\/radioljubuski.ba\/#website","url":"https:\/\/radioljubuski.ba\/","name":"Radio Ljubu\u0161ki","description":"Sun\u010dana frekvencija Hercegovine","publisher":{"@id":"https:\/\/radioljubuski.ba\/#organization"},"potentialAction":[{"@type":"SearchAction","target":{"@type":"EntryPoint","urlTemplate":"https:\/\/radioljubuski.ba\/?s={search_term_string}"},"query-input":{"@type":"PropertyValueSpecification","valueRequired":true,"valueName":"search_term_string"}}],"inLanguage":"hr"},{"@type":"Organization","@id":"https:\/\/radioljubuski.ba\/#organization","name":"Radio Ljubu\u0161ki","url":"https:\/\/radioljubuski.ba\/","logo":{"@type":"ImageObject","inLanguage":"hr","@id":"https:\/\/radioljubuski.ba\/#\/schema\/logo\/image\/","url":"https:\/\/radioljubuski.ba\/wp-content\/uploads\/2021\/02\/cropped-Radio_Ljubuski_logo1.jpg","contentUrl":"https:\/\/radioljubuski.ba\/wp-content\/uploads\/2021\/02\/cropped-Radio_Ljubuski_logo1.jpg","width":512,"height":512,"caption":"Radio Ljubu\u0161ki"},"image":{"@id":"https:\/\/radioljubuski.ba\/#\/schema\/logo\/image\/"},"sameAs":["https:\/\/www.facebook.com\/Radiio-Ljubuski-1490835324566332","https:\/\/x.com\/radioljubuski","https:\/\/hr.linkedin.com\/company\/radio-ljubuski","https:\/\/www.youtube.com\/channel\/UCHYaeO_n0Db3tjNGudGpXyw"]},{"@type":"Person","@id":"https:\/\/radioljubuski.ba\/#\/schema\/person\/19fc700381a780f69665d7956c469e3b","name":"Radio Ljubu\u0161ki"}]}},"_links":{"self":[{"href":"https:\/\/radioljubuski.ba\/index.php\/wp-json\/wp\/v2\/posts\/208344","targetHints":{"allow":["GET"]}}],"collection":[{"href":"https:\/\/radioljubuski.ba\/index.php\/wp-json\/wp\/v2\/posts"}],"about":[{"href":"https:\/\/radioljubuski.ba\/index.php\/wp-json\/wp\/v2\/types\/post"}],"author":[{"embeddable":true,"href":"https:\/\/radioljubuski.ba\/index.php\/wp-json\/wp\/v2\/users\/2"}],"replies":[{"embeddable":true,"href":"https:\/\/radioljubuski.ba\/index.php\/wp-json\/wp\/v2\/comments?post=208344"}],"version-history":[{"count":11,"href":"https:\/\/radioljubuski.ba\/index.php\/wp-json\/wp\/v2\/posts\/208344\/revisions"}],"predecessor-version":[{"id":208364,"href":"https:\/\/radioljubuski.ba\/index.php\/wp-json\/wp\/v2\/posts\/208344\/revisions\/208364"}],"wp:featuredmedia":[{"embeddable":true,"href":"https:\/\/radioljubuski.ba\/index.php\/wp-json\/wp\/v2\/media\/208355"}],"wp:attachment":[{"href":"https:\/\/radioljubuski.ba\/index.php\/wp-json\/wp\/v2\/media?parent=208344"}],"wp:term":[{"taxonomy":"category","embeddable":true,"href":"https:\/\/radioljubuski.ba\/index.php\/wp-json\/wp\/v2\/categories?post=208344"},{"taxonomy":"post_tag","embeddable":true,"href":"https:\/\/radioljubuski.ba\/index.php\/wp-json\/wp\/v2\/tags?post=208344"}],"curies":[{"name":"wp","href":"https:\/\/api.w.org\/{rel}","templated":true}]}}