{"id":209412,"date":"2024-10-09T09:57:21","date_gmt":"2024-10-09T08:57:21","guid":{"rendered":"https:\/\/radioljubuski.ba\/?p=209412"},"modified":"2025-09-21T07:29:29","modified_gmt":"2025-09-21T06:29:29","slug":"foto-odrzana-4-dzigarijada-u-crvenom-grmu","status":"publish","type":"post","link":"https:\/\/radioljubuski.ba\/index.php\/2024\/10\/09\/foto-odrzana-4-dzigarijada-u-crvenom-grmu\/","title":{"rendered":"Foto: Odr\u017eana 4.D\u017eigarijada u Crvenom Grmu"},"content":{"rendered":"\n<p>U nedjelju, 6. listopada 2024. u pe\u010denjarnici  Bingo u Crvenom Grmu odr\u017eana je  4.D\u017eigarijada, popularna gastronomsko-turisti\u010dka manifestacija.<\/p>\n\n\n\n<p>Kao i na prethodne tri godine, i ovoga puta se za natjecanje u pripremi popularnog jela \u201ejetrice na kiselo\u201c, prijavilo mno\u0161tvo ekipa iz Hercegovine i susjedne Dalmacije, njih ukupno 22. Mnoge ekipe su se poja\u010dale i profesionalnim kuharima, \u0161to je, poo\u0161trenjem konkurencije, izazvalo jo\u0161 ve\u0107e zanimanje posjetitelja, ljubitelja ove delicije.<\/p>\n\n\n\n<p>Cijelo prijepodne su ekipe, svaka svojom oprobanom recepturom pripremale jelo, a organizator je osim u\u0161tipaka, sira i suhomesnatih specijaliteta Pr\u0161utane Herceg ura\u010dunatih u cijenu ulaznice, osigurao i dobru zabavu uz tambura\u0161ki sastav Stari fenjer.<\/p>\n\n\n\n<p>Tro\u010dlani ocjenjiva\u010dki  \u017eiri \u010dinili su ;&nbsp; Miroslav Kordi\u0107, kuhar, gastronom, sudionik emisije MasterChef i veliki promotor tradicionalne hercegova\u010dke kuhinje,  proslavljeni hrvatski alpinist, putopisac , fotograf, filmski snimatelj i redatelj&nbsp; tv putopisnih serijala, Stipe Bo\u017ei\u0107, te,  Ivan Planini\u0107 ispred Turisti\u010dke zajednice Grada Ljubu\u0161kog.<\/p>\n\n\n\n<p>Manifestacije je odr\u017eana pod pokroviteljstvom Vlade \u017dZH, Ministarstva financija \u017dZH, Grada Ljubu\u0161kog, TZ Grada Ljubu\u0161kog, te JP Parkovi. Medijski pokrovitelj je bio Radio Ljubu\u0161ki.<\/p>\n\n\n\n<p>Nakon kuhanja na licu mjesta i prezentacije jela krenulo je  degustiranje pripremljenih jela 22 ekipe, stru\u010dni \u017eiri je donio odluku i proglasilo najboljima;  3. nagradu zaslu\u017eila je  ekipa &#8220;Luks&#8221; iz Ljubu\u0161kog; drugo mjesto je pripalo ekipi &#8220;Tropicana &#8211; Plo\u010de&#8221;, a prvo mjesto odnijela je doma\u0107a ekipa, iz sela Crveni Grm &#8221; Doma\u0107i seljaci&nbsp; &#8211; Ere 1986&#8243;. Posebnu nagradu za najljep\u0161e dekoriran stol osvojila je ekipa &#8220;Tigrovi kumovi&#8221;.<\/p>\n\n\n\n<p>Svi sudionici su redom isticali kako je ova manifestacija &#8211; pun pogodak, jer se bez obzira na plasman, ljudi izvrsno dru\u017ee, a usput se usavr\u0161avaju u pripremi jela, razmjenjuju\u0107i i po koju ,,kulinarsku tajnu\u201c sa konkurentima. Svi su rekli kako \u0107e se rado prijaviti i dogodine. U foto prilogu pogledajte kakvo je bilo ozra\u010dje na 4. D\u017eigerijadi:<\/p>\n\n\n\n<p><\/p>\n\n\n\n<figure class=\"wp-block-gallery has-nested-images columns-default is-cropped wp-block-gallery-1 is-layout-flex wp-block-gallery-is-layout-flex\">\n<figure class=\"wp-block-image size-large\"><img loading=\"lazy\" decoding=\"async\" width=\"1024\" height=\"683\" data-id=\"209402\" src=\"https:\/\/radioljubuski.ba\/wp-content\/uploads\/2024\/10\/IMG_3758-min-1-1024x683.jpg\" alt=\"\" class=\"wp-image-209402\" srcset=\"https:\/\/radioljubuski.ba\/wp-content\/uploads\/2024\/10\/IMG_3758-min-1-1024x683.jpg 1024w, https:\/\/radioljubuski.ba\/wp-content\/uploads\/2024\/10\/IMG_3758-min-1-300x200.jpg 300w, https:\/\/radioljubuski.ba\/wp-content\/uploads\/2024\/10\/IMG_3758-min-1-768x512.jpg 768w, https:\/\/radioljubuski.ba\/wp-content\/uploads\/2024\/10\/IMG_3758-min-1-1536x1024.jpg 1536w, https:\/\/radioljubuski.ba\/wp-content\/uploads\/2024\/10\/IMG_3758-min-1-2048x1365.jpg 2048w, https:\/\/radioljubuski.ba\/wp-content\/uploads\/2024\/10\/IMG_3758-min-1-18x12.jpg 18w\" sizes=\"auto, (max-width: 1024px) 100vw, 1024px\" \/><\/figure>\n\n\n\n<figure class=\"wp-block-image size-large\"><img loading=\"lazy\" decoding=\"async\" width=\"1024\" height=\"683\" data-id=\"209401\" src=\"https:\/\/radioljubuski.ba\/wp-content\/uploads\/2024\/10\/IMG_3757-min-1-1024x683.jpg\" alt=\"\" class=\"wp-image-209401\" srcset=\"https:\/\/radioljubuski.ba\/wp-content\/uploads\/2024\/10\/IMG_3757-min-1-1024x683.jpg 1024w, https:\/\/radioljubuski.ba\/wp-content\/uploads\/2024\/10\/IMG_3757-min-1-300x200.jpg 300w, https:\/\/radioljubuski.ba\/wp-content\/uploads\/2024\/10\/IMG_3757-min-1-768x512.jpg 768w, https:\/\/radioljubuski.ba\/wp-content\/uploads\/2024\/10\/IMG_3757-min-1-1536x1024.jpg 1536w, https:\/\/radioljubuski.ba\/wp-content\/uploads\/2024\/10\/IMG_3757-min-1-2048x1365.jpg 2048w, https:\/\/radioljubuski.ba\/wp-content\/uploads\/2024\/10\/IMG_3757-min-1-18x12.jpg 18w\" sizes=\"auto, (max-width: 1024px) 100vw, 1024px\" \/><\/figure>\n<\/figure>\n\n\n\n<figure class=\"wp-block-gallery has-nested-images columns-default is-cropped wp-block-gallery-2 is-layout-flex wp-block-gallery-is-layout-flex\">\n<figure class=\"wp-block-image size-large\"><img loading=\"lazy\" decoding=\"async\" width=\"1024\" height=\"683\" data-id=\"209400\" src=\"https:\/\/radioljubuski.ba\/wp-content\/uploads\/2024\/10\/IMG_3756-min-1-1024x683.jpg\" alt=\"\" class=\"wp-image-209400\" srcset=\"https:\/\/radioljubuski.ba\/wp-content\/uploads\/2024\/10\/IMG_3756-min-1-1024x683.jpg 1024w, https:\/\/radioljubuski.ba\/wp-content\/uploads\/2024\/10\/IMG_3756-min-1-300x200.jpg 300w, https:\/\/radioljubuski.ba\/wp-content\/uploads\/2024\/10\/IMG_3756-min-1-768x512.jpg 768w, https:\/\/radioljubuski.ba\/wp-content\/uploads\/2024\/10\/IMG_3756-min-1-1536x1024.jpg 1536w, https:\/\/radioljubuski.ba\/wp-content\/uploads\/2024\/10\/IMG_3756-min-1-2048x1365.jpg 2048w, https:\/\/radioljubuski.ba\/wp-content\/uploads\/2024\/10\/IMG_3756-min-1-18x12.jpg 18w\" sizes=\"auto, (max-width: 1024px) 100vw, 1024px\" \/><\/figure>\n\n\n\n<figure class=\"wp-block-image size-large\"><img loading=\"lazy\" decoding=\"async\" width=\"1024\" height=\"683\" data-id=\"209399\" src=\"https:\/\/radioljubuski.ba\/wp-content\/uploads\/2024\/10\/IMG_3754-min-1-1024x683.jpg\" alt=\"\" class=\"wp-image-209399\" srcset=\"https:\/\/radioljubuski.ba\/wp-content\/uploads\/2024\/10\/IMG_3754-min-1-1024x683.jpg 1024w, https:\/\/radioljubuski.ba\/wp-content\/uploads\/2024\/10\/IMG_3754-min-1-300x200.jpg 300w, https:\/\/radioljubuski.ba\/wp-content\/uploads\/2024\/10\/IMG_3754-min-1-768x512.jpg 768w, https:\/\/radioljubuski.ba\/wp-content\/uploads\/2024\/10\/IMG_3754-min-1-1536x1024.jpg 1536w, https:\/\/radioljubuski.ba\/wp-content\/uploads\/2024\/10\/IMG_3754-min-1-2048x1365.jpg 2048w, https:\/\/radioljubuski.ba\/wp-content\/uploads\/2024\/10\/IMG_3754-min-1-18x12.jpg 18w\" sizes=\"auto, (max-width: 1024px) 100vw, 1024px\" \/><\/figure>\n<\/figure>\n\n\n\n<figure class=\"wp-block-gallery has-nested-images columns-default is-cropped wp-block-gallery-3 is-layout-flex wp-block-gallery-is-layout-flex\">\n<figure class=\"wp-block-image size-large\"><img loading=\"lazy\" decoding=\"async\" width=\"1024\" height=\"683\" data-id=\"209398\" src=\"https:\/\/radioljubuski.ba\/wp-content\/uploads\/2024\/10\/IMG_3753-min-1-1024x683.jpg\" alt=\"\" class=\"wp-image-209398\" srcset=\"https:\/\/radioljubuski.ba\/wp-content\/uploads\/2024\/10\/IMG_3753-min-1-1024x683.jpg 1024w, https:\/\/radioljubuski.ba\/wp-content\/uploads\/2024\/10\/IMG_3753-min-1-300x200.jpg 300w, https:\/\/radioljubuski.ba\/wp-content\/uploads\/2024\/10\/IMG_3753-min-1-768x512.jpg 768w, https:\/\/radioljubuski.ba\/wp-content\/uploads\/2024\/10\/IMG_3753-min-1-1536x1024.jpg 1536w, https:\/\/radioljubuski.ba\/wp-content\/uploads\/2024\/10\/IMG_3753-min-1-2048x1365.jpg 2048w, https:\/\/radioljubuski.ba\/wp-content\/uploads\/2024\/10\/IMG_3753-min-1-18x12.jpg 18w\" sizes=\"auto, (max-width: 1024px) 100vw, 1024px\" \/><\/figure>\n\n\n\n<figure class=\"wp-block-image size-large\"><img loading=\"lazy\" decoding=\"async\" width=\"1024\" height=\"683\" data-id=\"209397\" src=\"https:\/\/radioljubuski.ba\/wp-content\/uploads\/2024\/10\/IMG_3746-min-1-1024x683.jpg\" alt=\"\" class=\"wp-image-209397\" srcset=\"https:\/\/radioljubuski.ba\/wp-content\/uploads\/2024\/10\/IMG_3746-min-1-1024x683.jpg 1024w, https:\/\/radioljubuski.ba\/wp-content\/uploads\/2024\/10\/IMG_3746-min-1-300x200.jpg 300w, https:\/\/radioljubuski.ba\/wp-content\/uploads\/2024\/10\/IMG_3746-min-1-768x512.jpg 768w, https:\/\/radioljubuski.ba\/wp-content\/uploads\/2024\/10\/IMG_3746-min-1-1536x1024.jpg 1536w, https:\/\/radioljubuski.ba\/wp-content\/uploads\/2024\/10\/IMG_3746-min-1-2048x1365.jpg 2048w, https:\/\/radioljubuski.ba\/wp-content\/uploads\/2024\/10\/IMG_3746-min-1-18x12.jpg 18w\" sizes=\"auto, (max-width: 1024px) 100vw, 1024px\" \/><\/figure>\n<\/figure>\n\n\n\n<figure class=\"wp-block-gallery has-nested-images columns-default is-cropped wp-block-gallery-4 is-layout-flex wp-block-gallery-is-layout-flex\">\n<figure class=\"wp-block-image size-large\"><img loading=\"lazy\" decoding=\"async\" width=\"1024\" height=\"683\" data-id=\"209396\" src=\"https:\/\/radioljubuski.ba\/wp-content\/uploads\/2024\/10\/IMG_3744-min-1-1024x683.jpg\" alt=\"\" class=\"wp-image-209396\" srcset=\"https:\/\/radioljubuski.ba\/wp-content\/uploads\/2024\/10\/IMG_3744-min-1-1024x683.jpg 1024w, https:\/\/radioljubuski.ba\/wp-content\/uploads\/2024\/10\/IMG_3744-min-1-300x200.jpg 300w, https:\/\/radioljubuski.ba\/wp-content\/uploads\/2024\/10\/IMG_3744-min-1-768x512.jpg 768w, https:\/\/radioljubuski.ba\/wp-content\/uploads\/2024\/10\/IMG_3744-min-1-1536x1024.jpg 1536w, https:\/\/radioljubuski.ba\/wp-content\/uploads\/2024\/10\/IMG_3744-min-1-2048x1365.jpg 2048w, https:\/\/radioljubuski.ba\/wp-content\/uploads\/2024\/10\/IMG_3744-min-1-18x12.jpg 18w\" sizes=\"auto, (max-width: 1024px) 100vw, 1024px\" \/><\/figure>\n\n\n\n<figure class=\"wp-block-image size-large\"><img loading=\"lazy\" decoding=\"async\" width=\"1024\" height=\"683\" data-id=\"209395\" src=\"https:\/\/radioljubuski.ba\/wp-content\/uploads\/2024\/10\/IMG_3739-min-1-1024x683.jpg\" alt=\"\" class=\"wp-image-209395\" srcset=\"https:\/\/radioljubuski.ba\/wp-content\/uploads\/2024\/10\/IMG_3739-min-1-1024x683.jpg 1024w, https:\/\/radioljubuski.ba\/wp-content\/uploads\/2024\/10\/IMG_3739-min-1-300x200.jpg 300w, https:\/\/radioljubuski.ba\/wp-content\/uploads\/2024\/10\/IMG_3739-min-1-768x512.jpg 768w, https:\/\/radioljubuski.ba\/wp-content\/uploads\/2024\/10\/IMG_3739-min-1-1536x1024.jpg 1536w, https:\/\/radioljubuski.ba\/wp-content\/uploads\/2024\/10\/IMG_3739-min-1-2048x1365.jpg 2048w, https:\/\/radioljubuski.ba\/wp-content\/uploads\/2024\/10\/IMG_3739-min-1-18x12.jpg 18w\" sizes=\"auto, (max-width: 1024px) 100vw, 1024px\" \/><\/figure>\n<\/figure>\n\n\n\n<figure class=\"wp-block-gallery has-nested-images columns-default is-cropped wp-block-gallery-5 is-layout-flex wp-block-gallery-is-layout-flex\">\n<figure class=\"wp-block-image size-large\"><img loading=\"lazy\" decoding=\"async\" width=\"1024\" height=\"683\" data-id=\"209394\" src=\"https:\/\/radioljubuski.ba\/wp-content\/uploads\/2024\/10\/IMG_3738-min-1-1024x683.jpg\" alt=\"\" class=\"wp-image-209394\" srcset=\"https:\/\/radioljubuski.ba\/wp-content\/uploads\/2024\/10\/IMG_3738-min-1-1024x683.jpg 1024w, https:\/\/radioljubuski.ba\/wp-content\/uploads\/2024\/10\/IMG_3738-min-1-300x200.jpg 300w, https:\/\/radioljubuski.ba\/wp-content\/uploads\/2024\/10\/IMG_3738-min-1-768x512.jpg 768w, https:\/\/radioljubuski.ba\/wp-content\/uploads\/2024\/10\/IMG_3738-min-1-1536x1024.jpg 1536w, https:\/\/radioljubuski.ba\/wp-content\/uploads\/2024\/10\/IMG_3738-min-1-2048x1365.jpg 2048w, https:\/\/radioljubuski.ba\/wp-content\/uploads\/2024\/10\/IMG_3738-min-1-18x12.jpg 18w\" sizes=\"auto, (max-width: 1024px) 100vw, 1024px\" \/><\/figure>\n\n\n\n<figure class=\"wp-block-image size-large\"><img loading=\"lazy\" decoding=\"async\" width=\"1024\" height=\"683\" data-id=\"209364\" src=\"https:\/\/radioljubuski.ba\/wp-content\/uploads\/2024\/10\/IMG_3830-min-1024x683.jpg\" alt=\"\" class=\"wp-image-209364\" srcset=\"https:\/\/radioljubuski.ba\/wp-content\/uploads\/2024\/10\/IMG_3830-min-1024x683.jpg 1024w, https:\/\/radioljubuski.ba\/wp-content\/uploads\/2024\/10\/IMG_3830-min-300x200.jpg 300w, https:\/\/radioljubuski.ba\/wp-content\/uploads\/2024\/10\/IMG_3830-min-768x512.jpg 768w, https:\/\/radioljubuski.ba\/wp-content\/uploads\/2024\/10\/IMG_3830-min-1536x1024.jpg 1536w, https:\/\/radioljubuski.ba\/wp-content\/uploads\/2024\/10\/IMG_3830-min-2048x1365.jpg 2048w, https:\/\/radioljubuski.ba\/wp-content\/uploads\/2024\/10\/IMG_3830-min-18x12.jpg 18w\" sizes=\"auto, (max-width: 1024px) 100vw, 1024px\" \/><\/figure>\n<\/figure>\n\n\n\n<figure class=\"wp-block-gallery has-nested-images columns-default is-cropped wp-block-gallery-6 is-layout-flex wp-block-gallery-is-layout-flex\">\n<figure class=\"wp-block-image size-large\"><img loading=\"lazy\" decoding=\"async\" width=\"1024\" height=\"683\" data-id=\"209363\" src=\"https:\/\/radioljubuski.ba\/wp-content\/uploads\/2024\/10\/IMG_3820-min-1024x683.jpg\" alt=\"\" class=\"wp-image-209363\" srcset=\"https:\/\/radioljubuski.ba\/wp-content\/uploads\/2024\/10\/IMG_3820-min-1024x683.jpg 1024w, https:\/\/radioljubuski.ba\/wp-content\/uploads\/2024\/10\/IMG_3820-min-300x200.jpg 300w, https:\/\/radioljubuski.ba\/wp-content\/uploads\/2024\/10\/IMG_3820-min-768x512.jpg 768w, https:\/\/radioljubuski.ba\/wp-content\/uploads\/2024\/10\/IMG_3820-min-1536x1024.jpg 1536w, https:\/\/radioljubuski.ba\/wp-content\/uploads\/2024\/10\/IMG_3820-min-2048x1365.jpg 2048w, https:\/\/radioljubuski.ba\/wp-content\/uploads\/2024\/10\/IMG_3820-min-18x12.jpg 18w\" sizes=\"auto, (max-width: 1024px) 100vw, 1024px\" \/><\/figure>\n\n\n\n<figure class=\"wp-block-image size-large\"><img loading=\"lazy\" decoding=\"async\" width=\"1024\" height=\"683\" data-id=\"209362\" src=\"https:\/\/radioljubuski.ba\/wp-content\/uploads\/2024\/10\/IMG_3819-min-1024x683.jpg\" alt=\"\" class=\"wp-image-209362\" srcset=\"https:\/\/radioljubuski.ba\/wp-content\/uploads\/2024\/10\/IMG_3819-min-1024x683.jpg 1024w, https:\/\/radioljubuski.ba\/wp-content\/uploads\/2024\/10\/IMG_3819-min-300x200.jpg 300w, https:\/\/radioljubuski.ba\/wp-content\/uploads\/2024\/10\/IMG_3819-min-768x512.jpg 768w, https:\/\/radioljubuski.ba\/wp-content\/uploads\/2024\/10\/IMG_3819-min-1536x1024.jpg 1536w, https:\/\/radioljubuski.ba\/wp-content\/uploads\/2024\/10\/IMG_3819-min-2048x1365.jpg 2048w, https:\/\/radioljubuski.ba\/wp-content\/uploads\/2024\/10\/IMG_3819-min-18x12.jpg 18w\" sizes=\"auto, (max-width: 1024px) 100vw, 1024px\" \/><\/figure>\n<\/figure>\n\n\n\n<figure class=\"wp-block-gallery has-nested-images columns-default is-cropped wp-block-gallery-7 is-layout-flex wp-block-gallery-is-layout-flex\">\n<figure class=\"wp-block-image size-large\"><img loading=\"lazy\" decoding=\"async\" width=\"1024\" height=\"683\" data-id=\"209361\" src=\"https:\/\/radioljubuski.ba\/wp-content\/uploads\/2024\/10\/IMG_3818-min-1024x683.jpg\" alt=\"\" class=\"wp-image-209361\" srcset=\"https:\/\/radioljubuski.ba\/wp-content\/uploads\/2024\/10\/IMG_3818-min-1024x683.jpg 1024w, https:\/\/radioljubuski.ba\/wp-content\/uploads\/2024\/10\/IMG_3818-min-300x200.jpg 300w, https:\/\/radioljubuski.ba\/wp-content\/uploads\/2024\/10\/IMG_3818-min-768x512.jpg 768w, https:\/\/radioljubuski.ba\/wp-content\/uploads\/2024\/10\/IMG_3818-min-1536x1024.jpg 1536w, https:\/\/radioljubuski.ba\/wp-content\/uploads\/2024\/10\/IMG_3818-min-2048x1365.jpg 2048w, https:\/\/radioljubuski.ba\/wp-content\/uploads\/2024\/10\/IMG_3818-min-18x12.jpg 18w\" sizes=\"auto, (max-width: 1024px) 100vw, 1024px\" \/><\/figure>\n\n\n\n<figure class=\"wp-block-image size-large\"><img loading=\"lazy\" decoding=\"async\" width=\"1024\" height=\"683\" data-id=\"209360\" src=\"https:\/\/radioljubuski.ba\/wp-content\/uploads\/2024\/10\/IMG_3813-min-1024x683.jpg\" alt=\"\" class=\"wp-image-209360\" srcset=\"https:\/\/radioljubuski.ba\/wp-content\/uploads\/2024\/10\/IMG_3813-min-1024x683.jpg 1024w, https:\/\/radioljubuski.ba\/wp-content\/uploads\/2024\/10\/IMG_3813-min-300x200.jpg 300w, https:\/\/radioljubuski.ba\/wp-content\/uploads\/2024\/10\/IMG_3813-min-768x512.jpg 768w, https:\/\/radioljubuski.ba\/wp-content\/uploads\/2024\/10\/IMG_3813-min-1536x1024.jpg 1536w, https:\/\/radioljubuski.ba\/wp-content\/uploads\/2024\/10\/IMG_3813-min-2048x1365.jpg 2048w, https:\/\/radioljubuski.ba\/wp-content\/uploads\/2024\/10\/IMG_3813-min-18x12.jpg 18w\" sizes=\"auto, (max-width: 1024px) 100vw, 1024px\" \/><\/figure>\n<\/figure>\n\n\n\n<figure class=\"wp-block-gallery has-nested-images columns-default is-cropped wp-block-gallery-8 is-layout-flex wp-block-gallery-is-layout-flex\">\n<figure class=\"wp-block-image size-large\"><img loading=\"lazy\" decoding=\"async\" width=\"1024\" height=\"683\" data-id=\"209359\" src=\"https:\/\/radioljubuski.ba\/wp-content\/uploads\/2024\/10\/IMG_3808-min-1024x683.jpg\" alt=\"\" class=\"wp-image-209359\" srcset=\"https:\/\/radioljubuski.ba\/wp-content\/uploads\/2024\/10\/IMG_3808-min-1024x683.jpg 1024w, https:\/\/radioljubuski.ba\/wp-content\/uploads\/2024\/10\/IMG_3808-min-300x200.jpg 300w, https:\/\/radioljubuski.ba\/wp-content\/uploads\/2024\/10\/IMG_3808-min-768x512.jpg 768w, https:\/\/radioljubuski.ba\/wp-content\/uploads\/2024\/10\/IMG_3808-min-1536x1024.jpg 1536w, https:\/\/radioljubuski.ba\/wp-content\/uploads\/2024\/10\/IMG_3808-min-2048x1365.jpg 2048w, https:\/\/radioljubuski.ba\/wp-content\/uploads\/2024\/10\/IMG_3808-min-18x12.jpg 18w\" sizes=\"auto, (max-width: 1024px) 100vw, 1024px\" \/><\/figure>\n\n\n\n<figure class=\"wp-block-image size-large\"><img loading=\"lazy\" decoding=\"async\" width=\"1024\" height=\"683\" data-id=\"209358\" src=\"https:\/\/radioljubuski.ba\/wp-content\/uploads\/2024\/10\/IMG_3795-min-1024x683.jpg\" alt=\"\" class=\"wp-image-209358\" srcset=\"https:\/\/radioljubuski.ba\/wp-content\/uploads\/2024\/10\/IMG_3795-min-1024x683.jpg 1024w, https:\/\/radioljubuski.ba\/wp-content\/uploads\/2024\/10\/IMG_3795-min-300x200.jpg 300w, https:\/\/radioljubuski.ba\/wp-content\/uploads\/2024\/10\/IMG_3795-min-768x512.jpg 768w, https:\/\/radioljubuski.ba\/wp-content\/uploads\/2024\/10\/IMG_3795-min-1536x1024.jpg 1536w, https:\/\/radioljubuski.ba\/wp-content\/uploads\/2024\/10\/IMG_3795-min-2048x1365.jpg 2048w, https:\/\/radioljubuski.ba\/wp-content\/uploads\/2024\/10\/IMG_3795-min-18x12.jpg 18w\" sizes=\"auto, (max-width: 1024px) 100vw, 1024px\" \/><\/figure>\n<\/figure>\n\n\n\n<figure class=\"wp-block-gallery has-nested-images columns-default is-cropped wp-block-gallery-9 is-layout-flex wp-block-gallery-is-layout-flex\">\n<figure class=\"wp-block-image size-large\"><img loading=\"lazy\" decoding=\"async\" width=\"1024\" height=\"683\" data-id=\"209357\" src=\"https:\/\/radioljubuski.ba\/wp-content\/uploads\/2024\/10\/IMG_3793-min-1024x683.jpg\" alt=\"\" class=\"wp-image-209357\" srcset=\"https:\/\/radioljubuski.ba\/wp-content\/uploads\/2024\/10\/IMG_3793-min-1024x683.jpg 1024w, https:\/\/radioljubuski.ba\/wp-content\/uploads\/2024\/10\/IMG_3793-min-300x200.jpg 300w, https:\/\/radioljubuski.ba\/wp-content\/uploads\/2024\/10\/IMG_3793-min-768x512.jpg 768w, https:\/\/radioljubuski.ba\/wp-content\/uploads\/2024\/10\/IMG_3793-min-1536x1024.jpg 1536w, https:\/\/radioljubuski.ba\/wp-content\/uploads\/2024\/10\/IMG_3793-min-2048x1365.jpg 2048w, https:\/\/radioljubuski.ba\/wp-content\/uploads\/2024\/10\/IMG_3793-min-18x12.jpg 18w\" sizes=\"auto, (max-width: 1024px) 100vw, 1024px\" \/><\/figure>\n\n\n\n<figure class=\"wp-block-image size-large\"><img loading=\"lazy\" decoding=\"async\" width=\"1024\" height=\"683\" data-id=\"209356\" src=\"https:\/\/radioljubuski.ba\/wp-content\/uploads\/2024\/10\/IMG_3792-min-1024x683.jpg\" alt=\"\" class=\"wp-image-209356\" srcset=\"https:\/\/radioljubuski.ba\/wp-content\/uploads\/2024\/10\/IMG_3792-min-1024x683.jpg 1024w, https:\/\/radioljubuski.ba\/wp-content\/uploads\/2024\/10\/IMG_3792-min-300x200.jpg 300w, https:\/\/radioljubuski.ba\/wp-content\/uploads\/2024\/10\/IMG_3792-min-768x512.jpg 768w, https:\/\/radioljubuski.ba\/wp-content\/uploads\/2024\/10\/IMG_3792-min-1536x1024.jpg 1536w, https:\/\/radioljubuski.ba\/wp-content\/uploads\/2024\/10\/IMG_3792-min-2048x1365.jpg 2048w, https:\/\/radioljubuski.ba\/wp-content\/uploads\/2024\/10\/IMG_3792-min-18x12.jpg 18w\" sizes=\"auto, (max-width: 1024px) 100vw, 1024px\" \/><\/figure>\n<\/figure>\n\n\n\n<figure class=\"wp-block-gallery has-nested-images columns-default is-cropped wp-block-gallery-10 is-layout-flex wp-block-gallery-is-layout-flex\">\n<figure class=\"wp-block-image size-large\"><img loading=\"lazy\" decoding=\"async\" width=\"1024\" height=\"683\" data-id=\"209355\" src=\"https:\/\/radioljubuski.ba\/wp-content\/uploads\/2024\/10\/IMG_3791-min-1024x683.jpg\" alt=\"\" class=\"wp-image-209355\" srcset=\"https:\/\/radioljubuski.ba\/wp-content\/uploads\/2024\/10\/IMG_3791-min-1024x683.jpg 1024w, https:\/\/radioljubuski.ba\/wp-content\/uploads\/2024\/10\/IMG_3791-min-300x200.jpg 300w, https:\/\/radioljubuski.ba\/wp-content\/uploads\/2024\/10\/IMG_3791-min-768x512.jpg 768w, https:\/\/radioljubuski.ba\/wp-content\/uploads\/2024\/10\/IMG_3791-min-1536x1024.jpg 1536w, https:\/\/radioljubuski.ba\/wp-content\/uploads\/2024\/10\/IMG_3791-min-2048x1365.jpg 2048w, https:\/\/radioljubuski.ba\/wp-content\/uploads\/2024\/10\/IMG_3791-min-18x12.jpg 18w\" sizes=\"auto, (max-width: 1024px) 100vw, 1024px\" \/><\/figure>\n\n\n\n<figure class=\"wp-block-image size-large\"><img loading=\"lazy\" decoding=\"async\" width=\"1024\" height=\"683\" data-id=\"209352\" src=\"https:\/\/radioljubuski.ba\/wp-content\/uploads\/2024\/10\/IMG_3790-min-1024x683.jpg\" alt=\"\" class=\"wp-image-209352\" srcset=\"https:\/\/radioljubuski.ba\/wp-content\/uploads\/2024\/10\/IMG_3790-min-1024x683.jpg 1024w, https:\/\/radioljubuski.ba\/wp-content\/uploads\/2024\/10\/IMG_3790-min-300x200.jpg 300w, https:\/\/radioljubuski.ba\/wp-content\/uploads\/2024\/10\/IMG_3790-min-768x512.jpg 768w, https:\/\/radioljubuski.ba\/wp-content\/uploads\/2024\/10\/IMG_3790-min-1536x1024.jpg 1536w, https:\/\/radioljubuski.ba\/wp-content\/uploads\/2024\/10\/IMG_3790-min-2048x1365.jpg 2048w, https:\/\/radioljubuski.ba\/wp-content\/uploads\/2024\/10\/IMG_3790-min-18x12.jpg 18w\" sizes=\"auto, (max-width: 1024px) 100vw, 1024px\" \/><\/figure>\n<\/figure>\n\n\n\n<figure class=\"wp-block-gallery has-nested-images columns-default is-cropped wp-block-gallery-11 is-layout-flex wp-block-gallery-is-layout-flex\">\n<figure class=\"wp-block-image size-large\"><img loading=\"lazy\" decoding=\"async\" width=\"1024\" height=\"683\" data-id=\"209351\" src=\"https:\/\/radioljubuski.ba\/wp-content\/uploads\/2024\/10\/IMG_3787-min-1024x683.jpg\" alt=\"\" class=\"wp-image-209351\" srcset=\"https:\/\/radioljubuski.ba\/wp-content\/uploads\/2024\/10\/IMG_3787-min-1024x683.jpg 1024w, https:\/\/radioljubuski.ba\/wp-content\/uploads\/2024\/10\/IMG_3787-min-300x200.jpg 300w, https:\/\/radioljubuski.ba\/wp-content\/uploads\/2024\/10\/IMG_3787-min-768x512.jpg 768w, https:\/\/radioljubuski.ba\/wp-content\/uploads\/2024\/10\/IMG_3787-min-1536x1024.jpg 1536w, https:\/\/radioljubuski.ba\/wp-content\/uploads\/2024\/10\/IMG_3787-min-2048x1365.jpg 2048w, https:\/\/radioljubuski.ba\/wp-content\/uploads\/2024\/10\/IMG_3787-min-18x12.jpg 18w\" sizes=\"auto, (max-width: 1024px) 100vw, 1024px\" \/><\/figure>\n\n\n\n<figure class=\"wp-block-image size-large\"><img loading=\"lazy\" decoding=\"async\" width=\"1024\" height=\"683\" data-id=\"209350\" src=\"https:\/\/radioljubuski.ba\/wp-content\/uploads\/2024\/10\/IMG_3786-min-1024x683.jpg\" alt=\"\" class=\"wp-image-209350\" srcset=\"https:\/\/radioljubuski.ba\/wp-content\/uploads\/2024\/10\/IMG_3786-min-1024x683.jpg 1024w, https:\/\/radioljubuski.ba\/wp-content\/uploads\/2024\/10\/IMG_3786-min-300x200.jpg 300w, https:\/\/radioljubuski.ba\/wp-content\/uploads\/2024\/10\/IMG_3786-min-768x512.jpg 768w, https:\/\/radioljubuski.ba\/wp-content\/uploads\/2024\/10\/IMG_3786-min-1536x1024.jpg 1536w, https:\/\/radioljubuski.ba\/wp-content\/uploads\/2024\/10\/IMG_3786-min-2048x1365.jpg 2048w, https:\/\/radioljubuski.ba\/wp-content\/uploads\/2024\/10\/IMG_3786-min-18x12.jpg 18w\" sizes=\"auto, (max-width: 1024px) 100vw, 1024px\" \/><\/figure>\n<\/figure>\n\n\n\n<figure class=\"wp-block-gallery has-nested-images columns-default is-cropped wp-block-gallery-12 is-layout-flex wp-block-gallery-is-layout-flex\">\n<figure class=\"wp-block-image size-large\"><img loading=\"lazy\" decoding=\"async\" width=\"1024\" height=\"683\" data-id=\"209349\" src=\"https:\/\/radioljubuski.ba\/wp-content\/uploads\/2024\/10\/IMG_3784-min-1024x683.jpg\" alt=\"\" class=\"wp-image-209349\" srcset=\"https:\/\/radioljubuski.ba\/wp-content\/uploads\/2024\/10\/IMG_3784-min-1024x683.jpg 1024w, https:\/\/radioljubuski.ba\/wp-content\/uploads\/2024\/10\/IMG_3784-min-300x200.jpg 300w, https:\/\/radioljubuski.ba\/wp-content\/uploads\/2024\/10\/IMG_3784-min-768x512.jpg 768w, https:\/\/radioljubuski.ba\/wp-content\/uploads\/2024\/10\/IMG_3784-min-1536x1024.jpg 1536w, https:\/\/radioljubuski.ba\/wp-content\/uploads\/2024\/10\/IMG_3784-min-2048x1365.jpg 2048w, https:\/\/radioljubuski.ba\/wp-content\/uploads\/2024\/10\/IMG_3784-min-18x12.jpg 18w\" sizes=\"auto, (max-width: 1024px) 100vw, 1024px\" \/><\/figure>\n\n\n\n<figure class=\"wp-block-image size-large\"><img loading=\"lazy\" decoding=\"async\" width=\"1024\" height=\"683\" data-id=\"209348\" src=\"https:\/\/radioljubuski.ba\/wp-content\/uploads\/2024\/10\/IMG_3777-min-1024x683.jpg\" alt=\"\" class=\"wp-image-209348\" srcset=\"https:\/\/radioljubuski.ba\/wp-content\/uploads\/2024\/10\/IMG_3777-min-1024x683.jpg 1024w, https:\/\/radioljubuski.ba\/wp-content\/uploads\/2024\/10\/IMG_3777-min-300x200.jpg 300w, https:\/\/radioljubuski.ba\/wp-content\/uploads\/2024\/10\/IMG_3777-min-768x512.jpg 768w, https:\/\/radioljubuski.ba\/wp-content\/uploads\/2024\/10\/IMG_3777-min-1536x1024.jpg 1536w, https:\/\/radioljubuski.ba\/wp-content\/uploads\/2024\/10\/IMG_3777-min-2048x1365.jpg 2048w, https:\/\/radioljubuski.ba\/wp-content\/uploads\/2024\/10\/IMG_3777-min-18x12.jpg 18w\" sizes=\"auto, (max-width: 1024px) 100vw, 1024px\" \/><\/figure>\n<\/figure>\n\n\n\n<figure class=\"wp-block-gallery has-nested-images columns-default is-cropped wp-block-gallery-13 is-layout-flex wp-block-gallery-is-layout-flex\">\n<figure class=\"wp-block-image size-large\"><img loading=\"lazy\" decoding=\"async\" width=\"1024\" height=\"683\" data-id=\"209347\" src=\"https:\/\/radioljubuski.ba\/wp-content\/uploads\/2024\/10\/IMG_3774-min-1024x683.jpg\" alt=\"\" class=\"wp-image-209347\" srcset=\"https:\/\/radioljubuski.ba\/wp-content\/uploads\/2024\/10\/IMG_3774-min-1024x683.jpg 1024w, https:\/\/radioljubuski.ba\/wp-content\/uploads\/2024\/10\/IMG_3774-min-300x200.jpg 300w, https:\/\/radioljubuski.ba\/wp-content\/uploads\/2024\/10\/IMG_3774-min-768x512.jpg 768w, https:\/\/radioljubuski.ba\/wp-content\/uploads\/2024\/10\/IMG_3774-min-1536x1024.jpg 1536w, https:\/\/radioljubuski.ba\/wp-content\/uploads\/2024\/10\/IMG_3774-min-2048x1365.jpg 2048w, https:\/\/radioljubuski.ba\/wp-content\/uploads\/2024\/10\/IMG_3774-min-18x12.jpg 18w\" sizes=\"auto, (max-width: 1024px) 100vw, 1024px\" \/><\/figure>\n\n\n\n<figure class=\"wp-block-image size-large\"><img loading=\"lazy\" decoding=\"async\" width=\"1024\" height=\"683\" data-id=\"209346\" src=\"https:\/\/radioljubuski.ba\/wp-content\/uploads\/2024\/10\/IMG_3773-min-1024x683.jpg\" alt=\"\" class=\"wp-image-209346\" srcset=\"https:\/\/radioljubuski.ba\/wp-content\/uploads\/2024\/10\/IMG_3773-min-1024x683.jpg 1024w, https:\/\/radioljubuski.ba\/wp-content\/uploads\/2024\/10\/IMG_3773-min-300x200.jpg 300w, https:\/\/radioljubuski.ba\/wp-content\/uploads\/2024\/10\/IMG_3773-min-768x512.jpg 768w, https:\/\/radioljubuski.ba\/wp-content\/uploads\/2024\/10\/IMG_3773-min-1536x1024.jpg 1536w, https:\/\/radioljubuski.ba\/wp-content\/uploads\/2024\/10\/IMG_3773-min-2048x1365.jpg 2048w, https:\/\/radioljubuski.ba\/wp-content\/uploads\/2024\/10\/IMG_3773-min-18x12.jpg 18w\" sizes=\"auto, (max-width: 1024px) 100vw, 1024px\" \/><\/figure>\n<\/figure>\n\n\n\n<figure class=\"wp-block-gallery has-nested-images columns-default is-cropped wp-block-gallery-14 is-layout-flex wp-block-gallery-is-layout-flex\">\n<figure class=\"wp-block-image size-large\"><img loading=\"lazy\" decoding=\"async\" width=\"1024\" height=\"683\" data-id=\"209345\" src=\"https:\/\/radioljubuski.ba\/wp-content\/uploads\/2024\/10\/IMG_3772-min-1024x683.jpg\" alt=\"\" class=\"wp-image-209345\" srcset=\"https:\/\/radioljubuski.ba\/wp-content\/uploads\/2024\/10\/IMG_3772-min-1024x683.jpg 1024w, https:\/\/radioljubuski.ba\/wp-content\/uploads\/2024\/10\/IMG_3772-min-300x200.jpg 300w, https:\/\/radioljubuski.ba\/wp-content\/uploads\/2024\/10\/IMG_3772-min-768x512.jpg 768w, https:\/\/radioljubuski.ba\/wp-content\/uploads\/2024\/10\/IMG_3772-min-1536x1024.jpg 1536w, https:\/\/radioljubuski.ba\/wp-content\/uploads\/2024\/10\/IMG_3772-min-2048x1365.jpg 2048w, https:\/\/radioljubuski.ba\/wp-content\/uploads\/2024\/10\/IMG_3772-min-18x12.jpg 18w\" sizes=\"auto, (max-width: 1024px) 100vw, 1024px\" \/><\/figure>\n\n\n\n<figure class=\"wp-block-image size-large\"><img loading=\"lazy\" decoding=\"async\" width=\"1024\" height=\"683\" data-id=\"209344\" src=\"https:\/\/radioljubuski.ba\/wp-content\/uploads\/2024\/10\/IMG_3771-min-1024x683.jpg\" alt=\"\" class=\"wp-image-209344\" srcset=\"https:\/\/radioljubuski.ba\/wp-content\/uploads\/2024\/10\/IMG_3771-min-1024x683.jpg 1024w, https:\/\/radioljubuski.ba\/wp-content\/uploads\/2024\/10\/IMG_3771-min-300x200.jpg 300w, https:\/\/radioljubuski.ba\/wp-content\/uploads\/2024\/10\/IMG_3771-min-768x512.jpg 768w, https:\/\/radioljubuski.ba\/wp-content\/uploads\/2024\/10\/IMG_3771-min-1536x1024.jpg 1536w, https:\/\/radioljubuski.ba\/wp-content\/uploads\/2024\/10\/IMG_3771-min-2048x1365.jpg 2048w, https:\/\/radioljubuski.ba\/wp-content\/uploads\/2024\/10\/IMG_3771-min-18x12.jpg 18w\" sizes=\"auto, (max-width: 1024px) 100vw, 1024px\" \/><\/figure>\n<\/figure>\n\n\n\n<figure class=\"wp-block-gallery has-nested-images columns-default is-cropped wp-block-gallery-15 is-layout-flex wp-block-gallery-is-layout-flex\">\n<figure class=\"wp-block-image size-large\"><img loading=\"lazy\" decoding=\"async\" width=\"1024\" height=\"683\" data-id=\"209343\" src=\"https:\/\/radioljubuski.ba\/wp-content\/uploads\/2024\/10\/IMG_3767-min-1024x683.jpg\" alt=\"\" class=\"wp-image-209343\" srcset=\"https:\/\/radioljubuski.ba\/wp-content\/uploads\/2024\/10\/IMG_3767-min-1024x683.jpg 1024w, https:\/\/radioljubuski.ba\/wp-content\/uploads\/2024\/10\/IMG_3767-min-300x200.jpg 300w, https:\/\/radioljubuski.ba\/wp-content\/uploads\/2024\/10\/IMG_3767-min-768x512.jpg 768w, https:\/\/radioljubuski.ba\/wp-content\/uploads\/2024\/10\/IMG_3767-min-1536x1024.jpg 1536w, https:\/\/radioljubuski.ba\/wp-content\/uploads\/2024\/10\/IMG_3767-min-2048x1365.jpg 2048w, https:\/\/radioljubuski.ba\/wp-content\/uploads\/2024\/10\/IMG_3767-min-18x12.jpg 18w\" sizes=\"auto, (max-width: 1024px) 100vw, 1024px\" \/><\/figure>\n\n\n\n<figure class=\"wp-block-image size-large\"><img loading=\"lazy\" decoding=\"async\" width=\"1024\" height=\"683\" data-id=\"209342\" src=\"https:\/\/radioljubuski.ba\/wp-content\/uploads\/2024\/10\/IMG_3765-min-1024x683.jpg\" alt=\"\" class=\"wp-image-209342\" srcset=\"https:\/\/radioljubuski.ba\/wp-content\/uploads\/2024\/10\/IMG_3765-min-1024x683.jpg 1024w, https:\/\/radioljubuski.ba\/wp-content\/uploads\/2024\/10\/IMG_3765-min-300x200.jpg 300w, https:\/\/radioljubuski.ba\/wp-content\/uploads\/2024\/10\/IMG_3765-min-768x512.jpg 768w, https:\/\/radioljubuski.ba\/wp-content\/uploads\/2024\/10\/IMG_3765-min-1536x1024.jpg 1536w, https:\/\/radioljubuski.ba\/wp-content\/uploads\/2024\/10\/IMG_3765-min-2048x1365.jpg 2048w, https:\/\/radioljubuski.ba\/wp-content\/uploads\/2024\/10\/IMG_3765-min-18x12.jpg 18w\" sizes=\"auto, (max-width: 1024px) 100vw, 1024px\" \/><\/figure>\n<\/figure>\n\n\n\n<figure class=\"wp-block-gallery has-nested-images columns-default is-cropped wp-block-gallery-16 is-layout-flex wp-block-gallery-is-layout-flex\">\n<figure class=\"wp-block-image size-large\"><img loading=\"lazy\" decoding=\"async\" width=\"1024\" height=\"683\" data-id=\"209341\" src=\"https:\/\/radioljubuski.ba\/wp-content\/uploads\/2024\/10\/IMG_3763-min-1024x683.jpg\" alt=\"\" class=\"wp-image-209341\" srcset=\"https:\/\/radioljubuski.ba\/wp-content\/uploads\/2024\/10\/IMG_3763-min-1024x683.jpg 1024w, https:\/\/radioljubuski.ba\/wp-content\/uploads\/2024\/10\/IMG_3763-min-300x200.jpg 300w, https:\/\/radioljubuski.ba\/wp-content\/uploads\/2024\/10\/IMG_3763-min-768x512.jpg 768w, https:\/\/radioljubuski.ba\/wp-content\/uploads\/2024\/10\/IMG_3763-min-1536x1024.jpg 1536w, https:\/\/radioljubuski.ba\/wp-content\/uploads\/2024\/10\/IMG_3763-min-2048x1365.jpg 2048w, https:\/\/radioljubuski.ba\/wp-content\/uploads\/2024\/10\/IMG_3763-min-18x12.jpg 18w\" sizes=\"auto, (max-width: 1024px) 100vw, 1024px\" \/><\/figure>\n\n\n\n<figure class=\"wp-block-image size-large\"><img loading=\"lazy\" decoding=\"async\" width=\"1024\" height=\"683\" data-id=\"209340\" src=\"https:\/\/radioljubuski.ba\/wp-content\/uploads\/2024\/10\/IMG_3762-min-1024x683.jpg\" alt=\"\" class=\"wp-image-209340\" srcset=\"https:\/\/radioljubuski.ba\/wp-content\/uploads\/2024\/10\/IMG_3762-min-1024x683.jpg 1024w, https:\/\/radioljubuski.ba\/wp-content\/uploads\/2024\/10\/IMG_3762-min-300x200.jpg 300w, https:\/\/radioljubuski.ba\/wp-content\/uploads\/2024\/10\/IMG_3762-min-768x512.jpg 768w, https:\/\/radioljubuski.ba\/wp-content\/uploads\/2024\/10\/IMG_3762-min-1536x1024.jpg 1536w, https:\/\/radioljubuski.ba\/wp-content\/uploads\/2024\/10\/IMG_3762-min-2048x1365.jpg 2048w, https:\/\/radioljubuski.ba\/wp-content\/uploads\/2024\/10\/IMG_3762-min-18x12.jpg 18w\" sizes=\"auto, (max-width: 1024px) 100vw, 1024px\" \/><\/figure>\n<\/figure>\n\n\n\n<figure class=\"wp-block-gallery has-nested-images columns-default is-cropped wp-block-gallery-17 is-layout-flex wp-block-gallery-is-layout-flex\"><\/figure>\n\n\n\n<p>Foto: Ivan Planini\u0107<\/p>\n\n\n\n<p>T.Deli\u0107 \/Radio Ljubu\u0161ki<\/p>\n\n\n\n<p><strong>Napomena: Pri preuzimanju teksta, fotografija, audio i video zapisa s web stranice Radija Ljubu\u0161ki potrebno je navesti izvor i dodati poveznicu na tekst, uz napomenu kako je zabranjeno i brisanje na\u0161eg loga sa fotografija.<\/strong><\/p>\n","protected":false},"excerpt":{"rendered":"<p>U nedjelju, 6. listopada 2024. u pe\u010denjarnici Bingo u Crvenom Grmu odr\u017eana je 4.D\u017eigarijada, popularna gastronomsko-turisti\u010dka manifestacija. Kao i na prethodne tri godine, i ovoga puta se za natjecanje u pripremi popularnog jela \u201ejetrice na kiselo\u201c, prijavilo mno\u0161tvo ekipa iz Hercegovine i susjedne Dalmacije, njih ukupno 22. Mnoge ekipe su se poja\u010dale i profesionalnim kuharima, [&hellip;]<\/p>\n","protected":false},"author":2,"featured_media":209277,"comment_status":"closed","ping_status":"closed","sticky":false,"template":"","format":"standard","meta":{"h5ap_radio_sources":[],"footnotes":""},"categories":[3],"tags":[],"class_list":["post-209412","post","type-post","status-publish","format-standard","has-post-thumbnail","hentry","category-ljubuski"],"yoast_head":"<!-- This site is optimized with the Yoast SEO plugin v27.5 - https:\/\/yoast.com\/product\/yoast-seo-wordpress\/ -->\n<title>Foto: Odr\u017eana 4.D\u017eigarijada u Crvenom Grmu - RADIO LJUBU\u0160KI<\/title>\n<meta name=\"robots\" content=\"index, follow, max-snippet:-1, max-image-preview:large, max-video-preview:-1\" \/>\n<link rel=\"canonical\" href=\"https:\/\/radioljubuski.ba\/index.php\/2024\/10\/09\/foto-odrzana-4-dzigarijada-u-crvenom-grmu\/\" \/>\n<meta property=\"og:locale\" content=\"hr_HR\" \/>\n<meta property=\"og:type\" content=\"article\" \/>\n<meta property=\"og:title\" content=\"Foto: Odr\u017eana 4.D\u017eigarijada u Crvenom Grmu - RADIO LJUBU\u0160KI\" \/>\n<meta property=\"og:description\" content=\"U nedjelju, 6. listopada 2024. u pe\u010denjarnici Bingo u Crvenom Grmu odr\u017eana je 4.D\u017eigarijada, popularna gastronomsko-turisti\u010dka manifestacija. Kao i na prethodne tri godine, i ovoga puta se za natjecanje u pripremi popularnog jela \u201ejetrice na kiselo\u201c, prijavilo mno\u0161tvo ekipa iz Hercegovine i susjedne Dalmacije, njih ukupno 22. Mnoge ekipe su se poja\u010dale i profesionalnim kuharima, [&hellip;]\" \/>\n<meta property=\"og:url\" content=\"https:\/\/radioljubuski.ba\/index.php\/2024\/10\/09\/foto-odrzana-4-dzigarijada-u-crvenom-grmu\/\" \/>\n<meta property=\"og:site_name\" content=\"RADIO LJUBU\u0160KI\" \/>\n<meta property=\"article:publisher\" content=\"https:\/\/www.facebook.com\/Radiio-Ljubuski-1490835324566332\" \/>\n<meta property=\"article:published_time\" content=\"2024-10-09T08:57:21+00:00\" \/>\n<meta property=\"article:modified_time\" content=\"2025-09-21T06:29:29+00:00\" \/>\n<meta property=\"og:image\" content=\"https:\/\/radioljubuski.ba\/wp-content\/uploads\/2024\/10\/IMG_3691-min-scaled.jpg\" \/>\n\t<meta property=\"og:image:width\" content=\"2560\" \/>\n\t<meta property=\"og:image:height\" content=\"1707\" \/>\n\t<meta property=\"og:image:type\" content=\"image\/jpeg\" \/>\n<meta name=\"author\" content=\"Radio Ljubu\u0161ki\" \/>\n<meta name=\"twitter:card\" content=\"summary_large_image\" \/>\n<meta name=\"twitter:creator\" content=\"@radioljubuski\" \/>\n<meta name=\"twitter:site\" content=\"@radioljubuski\" \/>\n<meta name=\"twitter:label1\" content=\"Napisao\/la\" \/>\n\t<meta name=\"twitter:data1\" content=\"Radio Ljubu\u0161ki\" \/>\n\t<meta name=\"twitter:label2\" content=\"Procijenjeno vrijeme \u010ditanja\" \/>\n\t<meta name=\"twitter:data2\" content=\"9 minuta\" \/>\n<script type=\"application\/ld+json\" class=\"yoast-schema-graph\">{\"@context\":\"https:\\\/\\\/schema.org\",\"@graph\":[{\"@type\":\"Article\",\"@id\":\"https:\\\/\\\/radioljubuski.ba\\\/index.php\\\/2024\\\/10\\\/09\\\/foto-odrzana-4-dzigarijada-u-crvenom-grmu\\\/#article\",\"isPartOf\":{\"@id\":\"https:\\\/\\\/radioljubuski.ba\\\/index.php\\\/2024\\\/10\\\/09\\\/foto-odrzana-4-dzigarijada-u-crvenom-grmu\\\/\"},\"author\":{\"name\":\"Radio Ljubu\u0161ki\",\"@id\":\"https:\\\/\\\/radioljubuski.ba\\\/#\\\/schema\\\/person\\\/19fc700381a780f69665d7956c469e3b\"},\"headline\":\"Foto: Odr\u017eana 4.D\u017eigarijada u Crvenom Grmu\",\"datePublished\":\"2024-10-09T08:57:21+00:00\",\"dateModified\":\"2025-09-21T06:29:29+00:00\",\"mainEntityOfPage\":{\"@id\":\"https:\\\/\\\/radioljubuski.ba\\\/index.php\\\/2024\\\/10\\\/09\\\/foto-odrzana-4-dzigarijada-u-crvenom-grmu\\\/\"},\"wordCount\":370,\"publisher\":{\"@id\":\"https:\\\/\\\/radioljubuski.ba\\\/#organization\"},\"image\":{\"@id\":\"https:\\\/\\\/radioljubuski.ba\\\/index.php\\\/2024\\\/10\\\/09\\\/foto-odrzana-4-dzigarijada-u-crvenom-grmu\\\/#primaryimage\"},\"thumbnailUrl\":\"https:\\\/\\\/radioljubuski.ba\\\/wp-content\\\/uploads\\\/2024\\\/10\\\/IMG_3691-min-scaled.jpg\",\"articleSection\":[\"Ljubu\u0161ki\"],\"inLanguage\":\"hr\"},{\"@type\":\"WebPage\",\"@id\":\"https:\\\/\\\/radioljubuski.ba\\\/index.php\\\/2024\\\/10\\\/09\\\/foto-odrzana-4-dzigarijada-u-crvenom-grmu\\\/\",\"url\":\"https:\\\/\\\/radioljubuski.ba\\\/index.php\\\/2024\\\/10\\\/09\\\/foto-odrzana-4-dzigarijada-u-crvenom-grmu\\\/\",\"name\":\"Foto: Odr\u017eana 4.D\u017eigarijada u Crvenom Grmu - RADIO LJUBU\u0160KI\",\"isPartOf\":{\"@id\":\"https:\\\/\\\/radioljubuski.ba\\\/#website\"},\"primaryImageOfPage\":{\"@id\":\"https:\\\/\\\/radioljubuski.ba\\\/index.php\\\/2024\\\/10\\\/09\\\/foto-odrzana-4-dzigarijada-u-crvenom-grmu\\\/#primaryimage\"},\"image\":{\"@id\":\"https:\\\/\\\/radioljubuski.ba\\\/index.php\\\/2024\\\/10\\\/09\\\/foto-odrzana-4-dzigarijada-u-crvenom-grmu\\\/#primaryimage\"},\"thumbnailUrl\":\"https:\\\/\\\/radioljubuski.ba\\\/wp-content\\\/uploads\\\/2024\\\/10\\\/IMG_3691-min-scaled.jpg\",\"datePublished\":\"2024-10-09T08:57:21+00:00\",\"dateModified\":\"2025-09-21T06:29:29+00:00\",\"breadcrumb\":{\"@id\":\"https:\\\/\\\/radioljubuski.ba\\\/index.php\\\/2024\\\/10\\\/09\\\/foto-odrzana-4-dzigarijada-u-crvenom-grmu\\\/#breadcrumb\"},\"inLanguage\":\"hr\",\"potentialAction\":[{\"@type\":\"ReadAction\",\"target\":[\"https:\\\/\\\/radioljubuski.ba\\\/index.php\\\/2024\\\/10\\\/09\\\/foto-odrzana-4-dzigarijada-u-crvenom-grmu\\\/\"]}]},{\"@type\":\"ImageObject\",\"inLanguage\":\"hr\",\"@id\":\"https:\\\/\\\/radioljubuski.ba\\\/index.php\\\/2024\\\/10\\\/09\\\/foto-odrzana-4-dzigarijada-u-crvenom-grmu\\\/#primaryimage\",\"url\":\"https:\\\/\\\/radioljubuski.ba\\\/wp-content\\\/uploads\\\/2024\\\/10\\\/IMG_3691-min-scaled.jpg\",\"contentUrl\":\"https:\\\/\\\/radioljubuski.ba\\\/wp-content\\\/uploads\\\/2024\\\/10\\\/IMG_3691-min-scaled.jpg\",\"width\":2560,\"height\":1707},{\"@type\":\"BreadcrumbList\",\"@id\":\"https:\\\/\\\/radioljubuski.ba\\\/index.php\\\/2024\\\/10\\\/09\\\/foto-odrzana-4-dzigarijada-u-crvenom-grmu\\\/#breadcrumb\",\"itemListElement\":[{\"@type\":\"ListItem\",\"position\":1,\"name\":\"Po\u010detna stranica\",\"item\":\"https:\\\/\\\/radioljubuski.ba\\\/\"},{\"@type\":\"ListItem\",\"position\":2,\"name\":\"Foto: Odr\u017eana 4.D\u017eigarijada u Crvenom Grmu\"}]},{\"@type\":\"WebSite\",\"@id\":\"https:\\\/\\\/radioljubuski.ba\\\/#website\",\"url\":\"https:\\\/\\\/radioljubuski.ba\\\/\",\"name\":\"Radio Ljubu\u0161ki\",\"description\":\"Sun\u010dana frekvencija Hercegovine\",\"publisher\":{\"@id\":\"https:\\\/\\\/radioljubuski.ba\\\/#organization\"},\"potentialAction\":[{\"@type\":\"SearchAction\",\"target\":{\"@type\":\"EntryPoint\",\"urlTemplate\":\"https:\\\/\\\/radioljubuski.ba\\\/?s={search_term_string}\"},\"query-input\":{\"@type\":\"PropertyValueSpecification\",\"valueRequired\":true,\"valueName\":\"search_term_string\"}}],\"inLanguage\":\"hr\"},{\"@type\":\"Organization\",\"@id\":\"https:\\\/\\\/radioljubuski.ba\\\/#organization\",\"name\":\"Radio Ljubu\u0161ki\",\"url\":\"https:\\\/\\\/radioljubuski.ba\\\/\",\"logo\":{\"@type\":\"ImageObject\",\"inLanguage\":\"hr\",\"@id\":\"https:\\\/\\\/radioljubuski.ba\\\/#\\\/schema\\\/logo\\\/image\\\/\",\"url\":\"https:\\\/\\\/radioljubuski.ba\\\/wp-content\\\/uploads\\\/2021\\\/02\\\/cropped-Radio_Ljubuski_logo1.jpg\",\"contentUrl\":\"https:\\\/\\\/radioljubuski.ba\\\/wp-content\\\/uploads\\\/2021\\\/02\\\/cropped-Radio_Ljubuski_logo1.jpg\",\"width\":512,\"height\":512,\"caption\":\"Radio Ljubu\u0161ki\"},\"image\":{\"@id\":\"https:\\\/\\\/radioljubuski.ba\\\/#\\\/schema\\\/logo\\\/image\\\/\"},\"sameAs\":[\"https:\\\/\\\/www.facebook.com\\\/Radiio-Ljubuski-1490835324566332\",\"https:\\\/\\\/x.com\\\/radioljubuski\",\"https:\\\/\\\/hr.linkedin.com\\\/company\\\/radio-ljubuski\",\"https:\\\/\\\/www.youtube.com\\\/channel\\\/UCHYaeO_n0Db3tjNGudGpXyw\"]},{\"@type\":\"Person\",\"@id\":\"https:\\\/\\\/radioljubuski.ba\\\/#\\\/schema\\\/person\\\/19fc700381a780f69665d7956c469e3b\",\"name\":\"Radio Ljubu\u0161ki\"}]}<\/script>\n<!-- \/ Yoast SEO plugin. -->","yoast_head_json":{"title":"Foto: Odr\u017eana 4.D\u017eigarijada u Crvenom Grmu - RADIO LJUBU\u0160KI","robots":{"index":"index","follow":"follow","max-snippet":"max-snippet:-1","max-image-preview":"max-image-preview:large","max-video-preview":"max-video-preview:-1"},"canonical":"https:\/\/radioljubuski.ba\/index.php\/2024\/10\/09\/foto-odrzana-4-dzigarijada-u-crvenom-grmu\/","og_locale":"hr_HR","og_type":"article","og_title":"Foto: Odr\u017eana 4.D\u017eigarijada u Crvenom Grmu - RADIO LJUBU\u0160KI","og_description":"U nedjelju, 6. listopada 2024. u pe\u010denjarnici Bingo u Crvenom Grmu odr\u017eana je 4.D\u017eigarijada, popularna gastronomsko-turisti\u010dka manifestacija. Kao i na prethodne tri godine, i ovoga puta se za natjecanje u pripremi popularnog jela \u201ejetrice na kiselo\u201c, prijavilo mno\u0161tvo ekipa iz Hercegovine i susjedne Dalmacije, njih ukupno 22. Mnoge ekipe su se poja\u010dale i profesionalnim kuharima, [&hellip;]","og_url":"https:\/\/radioljubuski.ba\/index.php\/2024\/10\/09\/foto-odrzana-4-dzigarijada-u-crvenom-grmu\/","og_site_name":"RADIO LJUBU\u0160KI","article_publisher":"https:\/\/www.facebook.com\/Radiio-Ljubuski-1490835324566332","article_published_time":"2024-10-09T08:57:21+00:00","article_modified_time":"2025-09-21T06:29:29+00:00","og_image":[{"width":2560,"height":1707,"url":"https:\/\/radioljubuski.ba\/wp-content\/uploads\/2024\/10\/IMG_3691-min-scaled.jpg","type":"image\/jpeg"}],"author":"Radio Ljubu\u0161ki","twitter_card":"summary_large_image","twitter_creator":"@radioljubuski","twitter_site":"@radioljubuski","twitter_misc":{"Napisao\/la":"Radio Ljubu\u0161ki","Procijenjeno vrijeme \u010ditanja":"9 minuta"},"schema":{"@context":"https:\/\/schema.org","@graph":[{"@type":"Article","@id":"https:\/\/radioljubuski.ba\/index.php\/2024\/10\/09\/foto-odrzana-4-dzigarijada-u-crvenom-grmu\/#article","isPartOf":{"@id":"https:\/\/radioljubuski.ba\/index.php\/2024\/10\/09\/foto-odrzana-4-dzigarijada-u-crvenom-grmu\/"},"author":{"name":"Radio Ljubu\u0161ki","@id":"https:\/\/radioljubuski.ba\/#\/schema\/person\/19fc700381a780f69665d7956c469e3b"},"headline":"Foto: Odr\u017eana 4.D\u017eigarijada u Crvenom Grmu","datePublished":"2024-10-09T08:57:21+00:00","dateModified":"2025-09-21T06:29:29+00:00","mainEntityOfPage":{"@id":"https:\/\/radioljubuski.ba\/index.php\/2024\/10\/09\/foto-odrzana-4-dzigarijada-u-crvenom-grmu\/"},"wordCount":370,"publisher":{"@id":"https:\/\/radioljubuski.ba\/#organization"},"image":{"@id":"https:\/\/radioljubuski.ba\/index.php\/2024\/10\/09\/foto-odrzana-4-dzigarijada-u-crvenom-grmu\/#primaryimage"},"thumbnailUrl":"https:\/\/radioljubuski.ba\/wp-content\/uploads\/2024\/10\/IMG_3691-min-scaled.jpg","articleSection":["Ljubu\u0161ki"],"inLanguage":"hr"},{"@type":"WebPage","@id":"https:\/\/radioljubuski.ba\/index.php\/2024\/10\/09\/foto-odrzana-4-dzigarijada-u-crvenom-grmu\/","url":"https:\/\/radioljubuski.ba\/index.php\/2024\/10\/09\/foto-odrzana-4-dzigarijada-u-crvenom-grmu\/","name":"Foto: Odr\u017eana 4.D\u017eigarijada u Crvenom Grmu - RADIO LJUBU\u0160KI","isPartOf":{"@id":"https:\/\/radioljubuski.ba\/#website"},"primaryImageOfPage":{"@id":"https:\/\/radioljubuski.ba\/index.php\/2024\/10\/09\/foto-odrzana-4-dzigarijada-u-crvenom-grmu\/#primaryimage"},"image":{"@id":"https:\/\/radioljubuski.ba\/index.php\/2024\/10\/09\/foto-odrzana-4-dzigarijada-u-crvenom-grmu\/#primaryimage"},"thumbnailUrl":"https:\/\/radioljubuski.ba\/wp-content\/uploads\/2024\/10\/IMG_3691-min-scaled.jpg","datePublished":"2024-10-09T08:57:21+00:00","dateModified":"2025-09-21T06:29:29+00:00","breadcrumb":{"@id":"https:\/\/radioljubuski.ba\/index.php\/2024\/10\/09\/foto-odrzana-4-dzigarijada-u-crvenom-grmu\/#breadcrumb"},"inLanguage":"hr","potentialAction":[{"@type":"ReadAction","target":["https:\/\/radioljubuski.ba\/index.php\/2024\/10\/09\/foto-odrzana-4-dzigarijada-u-crvenom-grmu\/"]}]},{"@type":"ImageObject","inLanguage":"hr","@id":"https:\/\/radioljubuski.ba\/index.php\/2024\/10\/09\/foto-odrzana-4-dzigarijada-u-crvenom-grmu\/#primaryimage","url":"https:\/\/radioljubuski.ba\/wp-content\/uploads\/2024\/10\/IMG_3691-min-scaled.jpg","contentUrl":"https:\/\/radioljubuski.ba\/wp-content\/uploads\/2024\/10\/IMG_3691-min-scaled.jpg","width":2560,"height":1707},{"@type":"BreadcrumbList","@id":"https:\/\/radioljubuski.ba\/index.php\/2024\/10\/09\/foto-odrzana-4-dzigarijada-u-crvenom-grmu\/#breadcrumb","itemListElement":[{"@type":"ListItem","position":1,"name":"Po\u010detna stranica","item":"https:\/\/radioljubuski.ba\/"},{"@type":"ListItem","position":2,"name":"Foto: Odr\u017eana 4.D\u017eigarijada u Crvenom Grmu"}]},{"@type":"WebSite","@id":"https:\/\/radioljubuski.ba\/#website","url":"https:\/\/radioljubuski.ba\/","name":"Radio Ljubu\u0161ki","description":"Sun\u010dana frekvencija Hercegovine","publisher":{"@id":"https:\/\/radioljubuski.ba\/#organization"},"potentialAction":[{"@type":"SearchAction","target":{"@type":"EntryPoint","urlTemplate":"https:\/\/radioljubuski.ba\/?s={search_term_string}"},"query-input":{"@type":"PropertyValueSpecification","valueRequired":true,"valueName":"search_term_string"}}],"inLanguage":"hr"},{"@type":"Organization","@id":"https:\/\/radioljubuski.ba\/#organization","name":"Radio Ljubu\u0161ki","url":"https:\/\/radioljubuski.ba\/","logo":{"@type":"ImageObject","inLanguage":"hr","@id":"https:\/\/radioljubuski.ba\/#\/schema\/logo\/image\/","url":"https:\/\/radioljubuski.ba\/wp-content\/uploads\/2021\/02\/cropped-Radio_Ljubuski_logo1.jpg","contentUrl":"https:\/\/radioljubuski.ba\/wp-content\/uploads\/2021\/02\/cropped-Radio_Ljubuski_logo1.jpg","width":512,"height":512,"caption":"Radio Ljubu\u0161ki"},"image":{"@id":"https:\/\/radioljubuski.ba\/#\/schema\/logo\/image\/"},"sameAs":["https:\/\/www.facebook.com\/Radiio-Ljubuski-1490835324566332","https:\/\/x.com\/radioljubuski","https:\/\/hr.linkedin.com\/company\/radio-ljubuski","https:\/\/www.youtube.com\/channel\/UCHYaeO_n0Db3tjNGudGpXyw"]},{"@type":"Person","@id":"https:\/\/radioljubuski.ba\/#\/schema\/person\/19fc700381a780f69665d7956c469e3b","name":"Radio Ljubu\u0161ki"}]}},"_links":{"self":[{"href":"https:\/\/radioljubuski.ba\/index.php\/wp-json\/wp\/v2\/posts\/209412","targetHints":{"allow":["GET"]}}],"collection":[{"href":"https:\/\/radioljubuski.ba\/index.php\/wp-json\/wp\/v2\/posts"}],"about":[{"href":"https:\/\/radioljubuski.ba\/index.php\/wp-json\/wp\/v2\/types\/post"}],"author":[{"embeddable":true,"href":"https:\/\/radioljubuski.ba\/index.php\/wp-json\/wp\/v2\/users\/2"}],"replies":[{"embeddable":true,"href":"https:\/\/radioljubuski.ba\/index.php\/wp-json\/wp\/v2\/comments?post=209412"}],"version-history":[{"count":5,"href":"https:\/\/radioljubuski.ba\/index.php\/wp-json\/wp\/v2\/posts\/209412\/revisions"}],"predecessor-version":[{"id":220732,"href":"https:\/\/radioljubuski.ba\/index.php\/wp-json\/wp\/v2\/posts\/209412\/revisions\/220732"}],"wp:featuredmedia":[{"embeddable":true,"href":"https:\/\/radioljubuski.ba\/index.php\/wp-json\/wp\/v2\/media\/209277"}],"wp:attachment":[{"href":"https:\/\/radioljubuski.ba\/index.php\/wp-json\/wp\/v2\/media?parent=209412"}],"wp:term":[{"taxonomy":"category","embeddable":true,"href":"https:\/\/radioljubuski.ba\/index.php\/wp-json\/wp\/v2\/categories?post=209412"},{"taxonomy":"post_tag","embeddable":true,"href":"https:\/\/radioljubuski.ba\/index.php\/wp-json\/wp\/v2\/tags?post=209412"}],"curies":[{"name":"wp","href":"https:\/\/api.w.org\/{rel}","templated":true}]}}