{"id":209894,"date":"2024-10-19T20:01:17","date_gmt":"2024-10-19T19:01:17","guid":{"rendered":"https:\/\/radioljubuski.ba\/?p=209894"},"modified":"2024-10-21T10:54:43","modified_gmt":"2024-10-21T09:54:43","slug":"ehf-european-cup-rk-izvidac-agram-zasluzena-pobjeda-u-prvoj-utakmici-2-kola","status":"publish","type":"post","link":"https:\/\/radioljubuski.ba\/index.php\/2024\/10\/19\/ehf-european-cup-rk-izvidac-agram-zasluzena-pobjeda-u-prvoj-utakmici-2-kola\/","title":{"rendered":"EHF EUROPEAN CUP: RK Izvi\u0111a\u010d Agram zaslu\u017eena pobjeda u prvoj utakmici 2.kola"},"content":{"rendered":"\n<p>Odli\u010dne vijesti sti\u017eu iz Italije, na\u0161i momci pobijedili su u gostima i odli\u010dnu vijest podijelili na dru\u0161tvenim mre\u017eama \u2b07\ufe0f<\/p>\n\n\n\n<p>Izvi\u0111a\u010d je slavio 39:38, na poluvremenu je bilo 21:19 za doma\u0107ine.<\/p>\n\n\n\n<p>Najefikasniji u redovima Izvi\u0111a\u010da bio je Diano \u0106e\u0161ko s osam postignutih golova, Luka Bubalo postigao je \u0161est, Milan Vuk\u0161i\u0107 i Marijan \u0160aravanja po pet, Filip Odak i Matej \u0160imi\u0107 po \u010detiri, Matej Ljubi\u0107 tri, Luka \u0160evi\u0107 dva te po jedan Zvonimir Lukenda i Amer \u0160ahinovi\u0107. haris Suljevi\u0107 upisao je devet obrana. <\/p>\n\n\n\n<p>Najefikasniji u redovima doma\u0107ina bio je Dino Hamidovi\u0107 koji je postigao 14 golova. <\/p>\n\n\n\n<p>Izvi\u0111a\u010d je odli\u010dno u\u0161ao u utakmicu i poveo 6:2, dr\u017eao je vodstvo od tri, \u010detiri gola razlike te vodio 8:4 i 11:7. Me\u0111utim doma\u0107ini uspostavljaju ravnote\u017eu i sti\u017eu do 13:13. I jedni i drugi dr\u017ee uspostavljenu ravnote\u017eu do pred kraj prvog poluvremena, odnosno do 18:18, me\u0111utim tada se doma\u0107ini &#8220;odljepljuju&#8221; na dva gola razlike i odlaze na poluvrijeme s predno\u0161\u0107u od 21:19. Po\u010detkom drugog poluvremena momci sa Sardinije predvo\u0111eni Dinom Hamidovi\u0107em u nekoliko navrta odlaze na tri gola razlike, bilo je 23:20, 24:21 i 25:22. Tada &#8220;Skauti&#8221; posti\u017eu tri gola za redom i izjeda\u010duju na 25:25. Ponovo se igra izjedna\u010deno do 31:31. Tada Izvi\u0111a\u010d ubacuje u brzinu vi\u0161e, posti\u017ee \u010detiri gola za redom i sti\u017ee na 35:31. Doma\u0107ini su do kraja poku\u0161avali i uspijevali smanjiti rezultat, ali nikad sti\u0107i do \u017eeljenog nerije\u0161enog rezultata ili pobjede. Uspijevali su do\u0107i na 35:36, 36:37 i 37:38, ali sve je to bilo premalo za neki preokret. Pred kraj je Izvi\u0111a\u010d vodio 39:37, a doma\u0107ini smanjili na kona\u010dnih 38:39. No, najzanimljiviji je bio sami kraj utakmice kada su doma\u0107ini u zadnjoj sekundi imali sedmerac za izjedna\u010denje koji je golman Izvi\u0111a\u010da Haris Suljevi\u0107 obranio i tako osigurao Izvi\u0111a\u010du gol prednosti pred uzvrat u Ljubu\u0161kom<\/p>\n\n\n\n<figure class=\"wp-block-image size-large\"><img loading=\"lazy\" decoding=\"async\" width=\"893\" height=\"1024\" src=\"https:\/\/radioljubuski.ba\/wp-content\/uploads\/2024\/10\/IMG_20241019_205620-893x1024.jpg\" alt=\"\" class=\"wp-image-209896\" srcset=\"https:\/\/radioljubuski.ba\/wp-content\/uploads\/2024\/10\/IMG_20241019_205620-893x1024.jpg 893w, https:\/\/radioljubuski.ba\/wp-content\/uploads\/2024\/10\/IMG_20241019_205620-262x300.jpg 262w, https:\/\/radioljubuski.ba\/wp-content\/uploads\/2024\/10\/IMG_20241019_205620-768x880.jpg 768w, https:\/\/radioljubuski.ba\/wp-content\/uploads\/2024\/10\/IMG_20241019_205620-10x12.jpg 10w, https:\/\/radioljubuski.ba\/wp-content\/uploads\/2024\/10\/IMG_20241019_205620.jpg 1080w\" sizes=\"auto, (max-width: 893px) 100vw, 893px\" \/><\/figure>\n\n\n\n<p>Radio Ljubu\u0161ki<\/p>\n","protected":false},"excerpt":{"rendered":"<p>Odli\u010dne vijesti sti\u017eu iz Italije, na\u0161i momci pobijedili su u gostima i odli\u010dnu vijest podijelili na dru\u0161tvenim mre\u017eama \u2b07\ufe0f Izvi\u0111a\u010d je slavio 39:38, na poluvremenu je bilo 21:19 za doma\u0107ine. Najefikasniji u redovima Izvi\u0111a\u010da bio je Diano \u0106e\u0161ko s osam postignutih golova, Luka Bubalo postigao je \u0161est, Milan Vuk\u0161i\u0107 i Marijan \u0160aravanja po pet, Filip [&hellip;]<\/p>\n","protected":false},"author":2,"featured_media":209895,"comment_status":"closed","ping_status":"closed","sticky":false,"template":"","format":"standard","meta":{"h5ap_radio_sources":[],"footnotes":""},"categories":[28],"tags":[],"class_list":["post-209894","post","type-post","status-publish","format-standard","has-post-thumbnail","hentry","category-novosti"],"yoast_head":"<!-- This site is optimized with the Yoast SEO plugin v27.4 - https:\/\/yoast.com\/product\/yoast-seo-wordpress\/ -->\n<title>EHF EUROPEAN CUP: RK Izvi\u0111a\u010d Agram zaslu\u017eena pobjeda u prvoj utakmici 2.kola - RADIO LJUBU\u0160KI<\/title>\n<meta name=\"robots\" content=\"index, follow, max-snippet:-1, max-image-preview:large, max-video-preview:-1\" \/>\n<link rel=\"canonical\" href=\"https:\/\/radioljubuski.ba\/index.php\/2024\/10\/19\/ehf-european-cup-rk-izvidac-agram-zasluzena-pobjeda-u-prvoj-utakmici-2-kola\/\" \/>\n<meta property=\"og:locale\" content=\"hr_HR\" \/>\n<meta property=\"og:type\" content=\"article\" \/>\n<meta property=\"og:title\" content=\"EHF EUROPEAN CUP: RK Izvi\u0111a\u010d Agram zaslu\u017eena pobjeda u prvoj utakmici 2.kola - RADIO LJUBU\u0160KI\" \/>\n<meta property=\"og:description\" content=\"Odli\u010dne vijesti sti\u017eu iz Italije, na\u0161i momci pobijedili su u gostima i odli\u010dnu vijest podijelili na dru\u0161tvenim mre\u017eama \u2b07\ufe0f Izvi\u0111a\u010d je slavio 39:38, na poluvremenu je bilo 21:19 za doma\u0107ine. Najefikasniji u redovima Izvi\u0111a\u010da bio je Diano \u0106e\u0161ko s osam postignutih golova, Luka Bubalo postigao je \u0161est, Milan Vuk\u0161i\u0107 i Marijan \u0160aravanja po pet, Filip [&hellip;]\" \/>\n<meta property=\"og:url\" content=\"https:\/\/radioljubuski.ba\/index.php\/2024\/10\/19\/ehf-european-cup-rk-izvidac-agram-zasluzena-pobjeda-u-prvoj-utakmici-2-kola\/\" \/>\n<meta property=\"og:site_name\" content=\"RADIO LJUBU\u0160KI\" \/>\n<meta property=\"article:publisher\" content=\"https:\/\/www.facebook.com\/Radiio-Ljubuski-1490835324566332\" \/>\n<meta property=\"article:published_time\" content=\"2024-10-19T19:01:17+00:00\" \/>\n<meta property=\"article:modified_time\" content=\"2024-10-21T09:54:43+00:00\" \/>\n<meta property=\"og:image\" content=\"https:\/\/radioljubuski.ba\/wp-content\/uploads\/2024\/10\/1000037449.jpg\" \/>\n\t<meta property=\"og:image:width\" content=\"1080\" \/>\n\t<meta property=\"og:image:height\" content=\"1080\" \/>\n\t<meta property=\"og:image:type\" content=\"image\/jpeg\" \/>\n<meta name=\"author\" content=\"Radio Ljubu\u0161ki\" \/>\n<meta name=\"twitter:card\" content=\"summary_large_image\" \/>\n<meta name=\"twitter:creator\" content=\"@radioljubuski\" \/>\n<meta name=\"twitter:site\" content=\"@radioljubuski\" \/>\n<meta name=\"twitter:label1\" content=\"Napisao\/la\" \/>\n\t<meta name=\"twitter:data1\" content=\"Radio Ljubu\u0161ki\" \/>\n\t<meta name=\"twitter:label2\" content=\"Procijenjeno vrijeme \u010ditanja\" \/>\n\t<meta name=\"twitter:data2\" content=\"3 minute\" \/>\n<script type=\"application\/ld+json\" class=\"yoast-schema-graph\">{\"@context\":\"https:\\\/\\\/schema.org\",\"@graph\":[{\"@type\":\"Article\",\"@id\":\"https:\\\/\\\/radioljubuski.ba\\\/index.php\\\/2024\\\/10\\\/19\\\/ehf-european-cup-rk-izvidac-agram-zasluzena-pobjeda-u-prvoj-utakmici-2-kola\\\/#article\",\"isPartOf\":{\"@id\":\"https:\\\/\\\/radioljubuski.ba\\\/index.php\\\/2024\\\/10\\\/19\\\/ehf-european-cup-rk-izvidac-agram-zasluzena-pobjeda-u-prvoj-utakmici-2-kola\\\/\"},\"author\":{\"name\":\"Radio Ljubu\u0161ki\",\"@id\":\"https:\\\/\\\/radioljubuski.ba\\\/#\\\/schema\\\/person\\\/19fc700381a780f69665d7956c469e3b\"},\"headline\":\"EHF EUROPEAN CUP: RK Izvi\u0111a\u010d Agram zaslu\u017eena pobjeda u prvoj utakmici 2.kola\",\"datePublished\":\"2024-10-19T19:01:17+00:00\",\"dateModified\":\"2024-10-21T09:54:43+00:00\",\"mainEntityOfPage\":{\"@id\":\"https:\\\/\\\/radioljubuski.ba\\\/index.php\\\/2024\\\/10\\\/19\\\/ehf-european-cup-rk-izvidac-agram-zasluzena-pobjeda-u-prvoj-utakmici-2-kola\\\/\"},\"wordCount\":339,\"publisher\":{\"@id\":\"https:\\\/\\\/radioljubuski.ba\\\/#organization\"},\"image\":{\"@id\":\"https:\\\/\\\/radioljubuski.ba\\\/index.php\\\/2024\\\/10\\\/19\\\/ehf-european-cup-rk-izvidac-agram-zasluzena-pobjeda-u-prvoj-utakmici-2-kola\\\/#primaryimage\"},\"thumbnailUrl\":\"https:\\\/\\\/radioljubuski.ba\\\/wp-content\\\/uploads\\\/2024\\\/10\\\/1000037449.jpg\",\"articleSection\":[\"Novosti\"],\"inLanguage\":\"hr\"},{\"@type\":\"WebPage\",\"@id\":\"https:\\\/\\\/radioljubuski.ba\\\/index.php\\\/2024\\\/10\\\/19\\\/ehf-european-cup-rk-izvidac-agram-zasluzena-pobjeda-u-prvoj-utakmici-2-kola\\\/\",\"url\":\"https:\\\/\\\/radioljubuski.ba\\\/index.php\\\/2024\\\/10\\\/19\\\/ehf-european-cup-rk-izvidac-agram-zasluzena-pobjeda-u-prvoj-utakmici-2-kola\\\/\",\"name\":\"EHF EUROPEAN CUP: RK Izvi\u0111a\u010d Agram zaslu\u017eena pobjeda u prvoj utakmici 2.kola - RADIO LJUBU\u0160KI\",\"isPartOf\":{\"@id\":\"https:\\\/\\\/radioljubuski.ba\\\/#website\"},\"primaryImageOfPage\":{\"@id\":\"https:\\\/\\\/radioljubuski.ba\\\/index.php\\\/2024\\\/10\\\/19\\\/ehf-european-cup-rk-izvidac-agram-zasluzena-pobjeda-u-prvoj-utakmici-2-kola\\\/#primaryimage\"},\"image\":{\"@id\":\"https:\\\/\\\/radioljubuski.ba\\\/index.php\\\/2024\\\/10\\\/19\\\/ehf-european-cup-rk-izvidac-agram-zasluzena-pobjeda-u-prvoj-utakmici-2-kola\\\/#primaryimage\"},\"thumbnailUrl\":\"https:\\\/\\\/radioljubuski.ba\\\/wp-content\\\/uploads\\\/2024\\\/10\\\/1000037449.jpg\",\"datePublished\":\"2024-10-19T19:01:17+00:00\",\"dateModified\":\"2024-10-21T09:54:43+00:00\",\"breadcrumb\":{\"@id\":\"https:\\\/\\\/radioljubuski.ba\\\/index.php\\\/2024\\\/10\\\/19\\\/ehf-european-cup-rk-izvidac-agram-zasluzena-pobjeda-u-prvoj-utakmici-2-kola\\\/#breadcrumb\"},\"inLanguage\":\"hr\",\"potentialAction\":[{\"@type\":\"ReadAction\",\"target\":[\"https:\\\/\\\/radioljubuski.ba\\\/index.php\\\/2024\\\/10\\\/19\\\/ehf-european-cup-rk-izvidac-agram-zasluzena-pobjeda-u-prvoj-utakmici-2-kola\\\/\"]}]},{\"@type\":\"ImageObject\",\"inLanguage\":\"hr\",\"@id\":\"https:\\\/\\\/radioljubuski.ba\\\/index.php\\\/2024\\\/10\\\/19\\\/ehf-european-cup-rk-izvidac-agram-zasluzena-pobjeda-u-prvoj-utakmici-2-kola\\\/#primaryimage\",\"url\":\"https:\\\/\\\/radioljubuski.ba\\\/wp-content\\\/uploads\\\/2024\\\/10\\\/1000037449.jpg\",\"contentUrl\":\"https:\\\/\\\/radioljubuski.ba\\\/wp-content\\\/uploads\\\/2024\\\/10\\\/1000037449.jpg\",\"width\":1080,\"height\":1080},{\"@type\":\"BreadcrumbList\",\"@id\":\"https:\\\/\\\/radioljubuski.ba\\\/index.php\\\/2024\\\/10\\\/19\\\/ehf-european-cup-rk-izvidac-agram-zasluzena-pobjeda-u-prvoj-utakmici-2-kola\\\/#breadcrumb\",\"itemListElement\":[{\"@type\":\"ListItem\",\"position\":1,\"name\":\"Po\u010detna stranica\",\"item\":\"https:\\\/\\\/radioljubuski.ba\\\/\"},{\"@type\":\"ListItem\",\"position\":2,\"name\":\"EHF EUROPEAN CUP: RK Izvi\u0111a\u010d Agram zaslu\u017eena pobjeda u prvoj utakmici 2.kola\"}]},{\"@type\":\"WebSite\",\"@id\":\"https:\\\/\\\/radioljubuski.ba\\\/#website\",\"url\":\"https:\\\/\\\/radioljubuski.ba\\\/\",\"name\":\"Radio Ljubu\u0161ki\",\"description\":\"Sun\u010dana frekvencija Hercegovine\",\"publisher\":{\"@id\":\"https:\\\/\\\/radioljubuski.ba\\\/#organization\"},\"potentialAction\":[{\"@type\":\"SearchAction\",\"target\":{\"@type\":\"EntryPoint\",\"urlTemplate\":\"https:\\\/\\\/radioljubuski.ba\\\/?s={search_term_string}\"},\"query-input\":{\"@type\":\"PropertyValueSpecification\",\"valueRequired\":true,\"valueName\":\"search_term_string\"}}],\"inLanguage\":\"hr\"},{\"@type\":\"Organization\",\"@id\":\"https:\\\/\\\/radioljubuski.ba\\\/#organization\",\"name\":\"Radio Ljubu\u0161ki\",\"url\":\"https:\\\/\\\/radioljubuski.ba\\\/\",\"logo\":{\"@type\":\"ImageObject\",\"inLanguage\":\"hr\",\"@id\":\"https:\\\/\\\/radioljubuski.ba\\\/#\\\/schema\\\/logo\\\/image\\\/\",\"url\":\"https:\\\/\\\/radioljubuski.ba\\\/wp-content\\\/uploads\\\/2021\\\/02\\\/cropped-Radio_Ljubuski_logo1.jpg\",\"contentUrl\":\"https:\\\/\\\/radioljubuski.ba\\\/wp-content\\\/uploads\\\/2021\\\/02\\\/cropped-Radio_Ljubuski_logo1.jpg\",\"width\":512,\"height\":512,\"caption\":\"Radio Ljubu\u0161ki\"},\"image\":{\"@id\":\"https:\\\/\\\/radioljubuski.ba\\\/#\\\/schema\\\/logo\\\/image\\\/\"},\"sameAs\":[\"https:\\\/\\\/www.facebook.com\\\/Radiio-Ljubuski-1490835324566332\",\"https:\\\/\\\/x.com\\\/radioljubuski\",\"https:\\\/\\\/hr.linkedin.com\\\/company\\\/radio-ljubuski\",\"https:\\\/\\\/www.youtube.com\\\/channel\\\/UCHYaeO_n0Db3tjNGudGpXyw\"]},{\"@type\":\"Person\",\"@id\":\"https:\\\/\\\/radioljubuski.ba\\\/#\\\/schema\\\/person\\\/19fc700381a780f69665d7956c469e3b\",\"name\":\"Radio Ljubu\u0161ki\"}]}<\/script>\n<!-- \/ Yoast SEO plugin. -->","yoast_head_json":{"title":"EHF EUROPEAN CUP: RK Izvi\u0111a\u010d Agram zaslu\u017eena pobjeda u prvoj utakmici 2.kola - RADIO LJUBU\u0160KI","robots":{"index":"index","follow":"follow","max-snippet":"max-snippet:-1","max-image-preview":"max-image-preview:large","max-video-preview":"max-video-preview:-1"},"canonical":"https:\/\/radioljubuski.ba\/index.php\/2024\/10\/19\/ehf-european-cup-rk-izvidac-agram-zasluzena-pobjeda-u-prvoj-utakmici-2-kola\/","og_locale":"hr_HR","og_type":"article","og_title":"EHF EUROPEAN CUP: RK Izvi\u0111a\u010d Agram zaslu\u017eena pobjeda u prvoj utakmici 2.kola - RADIO LJUBU\u0160KI","og_description":"Odli\u010dne vijesti sti\u017eu iz Italije, na\u0161i momci pobijedili su u gostima i odli\u010dnu vijest podijelili na dru\u0161tvenim mre\u017eama \u2b07\ufe0f Izvi\u0111a\u010d je slavio 39:38, na poluvremenu je bilo 21:19 za doma\u0107ine. Najefikasniji u redovima Izvi\u0111a\u010da bio je Diano \u0106e\u0161ko s osam postignutih golova, Luka Bubalo postigao je \u0161est, Milan Vuk\u0161i\u0107 i Marijan \u0160aravanja po pet, Filip [&hellip;]","og_url":"https:\/\/radioljubuski.ba\/index.php\/2024\/10\/19\/ehf-european-cup-rk-izvidac-agram-zasluzena-pobjeda-u-prvoj-utakmici-2-kola\/","og_site_name":"RADIO LJUBU\u0160KI","article_publisher":"https:\/\/www.facebook.com\/Radiio-Ljubuski-1490835324566332","article_published_time":"2024-10-19T19:01:17+00:00","article_modified_time":"2024-10-21T09:54:43+00:00","og_image":[{"width":1080,"height":1080,"url":"https:\/\/radioljubuski.ba\/wp-content\/uploads\/2024\/10\/1000037449.jpg","type":"image\/jpeg"}],"author":"Radio Ljubu\u0161ki","twitter_card":"summary_large_image","twitter_creator":"@radioljubuski","twitter_site":"@radioljubuski","twitter_misc":{"Napisao\/la":"Radio Ljubu\u0161ki","Procijenjeno vrijeme \u010ditanja":"3 minute"},"schema":{"@context":"https:\/\/schema.org","@graph":[{"@type":"Article","@id":"https:\/\/radioljubuski.ba\/index.php\/2024\/10\/19\/ehf-european-cup-rk-izvidac-agram-zasluzena-pobjeda-u-prvoj-utakmici-2-kola\/#article","isPartOf":{"@id":"https:\/\/radioljubuski.ba\/index.php\/2024\/10\/19\/ehf-european-cup-rk-izvidac-agram-zasluzena-pobjeda-u-prvoj-utakmici-2-kola\/"},"author":{"name":"Radio Ljubu\u0161ki","@id":"https:\/\/radioljubuski.ba\/#\/schema\/person\/19fc700381a780f69665d7956c469e3b"},"headline":"EHF EUROPEAN CUP: RK Izvi\u0111a\u010d Agram zaslu\u017eena pobjeda u prvoj utakmici 2.kola","datePublished":"2024-10-19T19:01:17+00:00","dateModified":"2024-10-21T09:54:43+00:00","mainEntityOfPage":{"@id":"https:\/\/radioljubuski.ba\/index.php\/2024\/10\/19\/ehf-european-cup-rk-izvidac-agram-zasluzena-pobjeda-u-prvoj-utakmici-2-kola\/"},"wordCount":339,"publisher":{"@id":"https:\/\/radioljubuski.ba\/#organization"},"image":{"@id":"https:\/\/radioljubuski.ba\/index.php\/2024\/10\/19\/ehf-european-cup-rk-izvidac-agram-zasluzena-pobjeda-u-prvoj-utakmici-2-kola\/#primaryimage"},"thumbnailUrl":"https:\/\/radioljubuski.ba\/wp-content\/uploads\/2024\/10\/1000037449.jpg","articleSection":["Novosti"],"inLanguage":"hr"},{"@type":"WebPage","@id":"https:\/\/radioljubuski.ba\/index.php\/2024\/10\/19\/ehf-european-cup-rk-izvidac-agram-zasluzena-pobjeda-u-prvoj-utakmici-2-kola\/","url":"https:\/\/radioljubuski.ba\/index.php\/2024\/10\/19\/ehf-european-cup-rk-izvidac-agram-zasluzena-pobjeda-u-prvoj-utakmici-2-kola\/","name":"EHF EUROPEAN CUP: RK Izvi\u0111a\u010d Agram zaslu\u017eena pobjeda u prvoj utakmici 2.kola - RADIO LJUBU\u0160KI","isPartOf":{"@id":"https:\/\/radioljubuski.ba\/#website"},"primaryImageOfPage":{"@id":"https:\/\/radioljubuski.ba\/index.php\/2024\/10\/19\/ehf-european-cup-rk-izvidac-agram-zasluzena-pobjeda-u-prvoj-utakmici-2-kola\/#primaryimage"},"image":{"@id":"https:\/\/radioljubuski.ba\/index.php\/2024\/10\/19\/ehf-european-cup-rk-izvidac-agram-zasluzena-pobjeda-u-prvoj-utakmici-2-kola\/#primaryimage"},"thumbnailUrl":"https:\/\/radioljubuski.ba\/wp-content\/uploads\/2024\/10\/1000037449.jpg","datePublished":"2024-10-19T19:01:17+00:00","dateModified":"2024-10-21T09:54:43+00:00","breadcrumb":{"@id":"https:\/\/radioljubuski.ba\/index.php\/2024\/10\/19\/ehf-european-cup-rk-izvidac-agram-zasluzena-pobjeda-u-prvoj-utakmici-2-kola\/#breadcrumb"},"inLanguage":"hr","potentialAction":[{"@type":"ReadAction","target":["https:\/\/radioljubuski.ba\/index.php\/2024\/10\/19\/ehf-european-cup-rk-izvidac-agram-zasluzena-pobjeda-u-prvoj-utakmici-2-kola\/"]}]},{"@type":"ImageObject","inLanguage":"hr","@id":"https:\/\/radioljubuski.ba\/index.php\/2024\/10\/19\/ehf-european-cup-rk-izvidac-agram-zasluzena-pobjeda-u-prvoj-utakmici-2-kola\/#primaryimage","url":"https:\/\/radioljubuski.ba\/wp-content\/uploads\/2024\/10\/1000037449.jpg","contentUrl":"https:\/\/radioljubuski.ba\/wp-content\/uploads\/2024\/10\/1000037449.jpg","width":1080,"height":1080},{"@type":"BreadcrumbList","@id":"https:\/\/radioljubuski.ba\/index.php\/2024\/10\/19\/ehf-european-cup-rk-izvidac-agram-zasluzena-pobjeda-u-prvoj-utakmici-2-kola\/#breadcrumb","itemListElement":[{"@type":"ListItem","position":1,"name":"Po\u010detna stranica","item":"https:\/\/radioljubuski.ba\/"},{"@type":"ListItem","position":2,"name":"EHF EUROPEAN CUP: RK Izvi\u0111a\u010d Agram zaslu\u017eena pobjeda u prvoj utakmici 2.kola"}]},{"@type":"WebSite","@id":"https:\/\/radioljubuski.ba\/#website","url":"https:\/\/radioljubuski.ba\/","name":"Radio Ljubu\u0161ki","description":"Sun\u010dana frekvencija Hercegovine","publisher":{"@id":"https:\/\/radioljubuski.ba\/#organization"},"potentialAction":[{"@type":"SearchAction","target":{"@type":"EntryPoint","urlTemplate":"https:\/\/radioljubuski.ba\/?s={search_term_string}"},"query-input":{"@type":"PropertyValueSpecification","valueRequired":true,"valueName":"search_term_string"}}],"inLanguage":"hr"},{"@type":"Organization","@id":"https:\/\/radioljubuski.ba\/#organization","name":"Radio Ljubu\u0161ki","url":"https:\/\/radioljubuski.ba\/","logo":{"@type":"ImageObject","inLanguage":"hr","@id":"https:\/\/radioljubuski.ba\/#\/schema\/logo\/image\/","url":"https:\/\/radioljubuski.ba\/wp-content\/uploads\/2021\/02\/cropped-Radio_Ljubuski_logo1.jpg","contentUrl":"https:\/\/radioljubuski.ba\/wp-content\/uploads\/2021\/02\/cropped-Radio_Ljubuski_logo1.jpg","width":512,"height":512,"caption":"Radio Ljubu\u0161ki"},"image":{"@id":"https:\/\/radioljubuski.ba\/#\/schema\/logo\/image\/"},"sameAs":["https:\/\/www.facebook.com\/Radiio-Ljubuski-1490835324566332","https:\/\/x.com\/radioljubuski","https:\/\/hr.linkedin.com\/company\/radio-ljubuski","https:\/\/www.youtube.com\/channel\/UCHYaeO_n0Db3tjNGudGpXyw"]},{"@type":"Person","@id":"https:\/\/radioljubuski.ba\/#\/schema\/person\/19fc700381a780f69665d7956c469e3b","name":"Radio Ljubu\u0161ki"}]}},"_links":{"self":[{"href":"https:\/\/radioljubuski.ba\/index.php\/wp-json\/wp\/v2\/posts\/209894","targetHints":{"allow":["GET"]}}],"collection":[{"href":"https:\/\/radioljubuski.ba\/index.php\/wp-json\/wp\/v2\/posts"}],"about":[{"href":"https:\/\/radioljubuski.ba\/index.php\/wp-json\/wp\/v2\/types\/post"}],"author":[{"embeddable":true,"href":"https:\/\/radioljubuski.ba\/index.php\/wp-json\/wp\/v2\/users\/2"}],"replies":[{"embeddable":true,"href":"https:\/\/radioljubuski.ba\/index.php\/wp-json\/wp\/v2\/comments?post=209894"}],"version-history":[{"count":3,"href":"https:\/\/radioljubuski.ba\/index.php\/wp-json\/wp\/v2\/posts\/209894\/revisions"}],"predecessor-version":[{"id":209922,"href":"https:\/\/radioljubuski.ba\/index.php\/wp-json\/wp\/v2\/posts\/209894\/revisions\/209922"}],"wp:featuredmedia":[{"embeddable":true,"href":"https:\/\/radioljubuski.ba\/index.php\/wp-json\/wp\/v2\/media\/209895"}],"wp:attachment":[{"href":"https:\/\/radioljubuski.ba\/index.php\/wp-json\/wp\/v2\/media?parent=209894"}],"wp:term":[{"taxonomy":"category","embeddable":true,"href":"https:\/\/radioljubuski.ba\/index.php\/wp-json\/wp\/v2\/categories?post=209894"},{"taxonomy":"post_tag","embeddable":true,"href":"https:\/\/radioljubuski.ba\/index.php\/wp-json\/wp\/v2\/tags?post=209894"}],"curies":[{"name":"wp","href":"https:\/\/api.w.org\/{rel}","templated":true}]}}