{"id":210367,"date":"2024-11-04T13:29:59","date_gmt":"2024-11-04T12:29:59","guid":{"rendered":"https:\/\/radioljubuski.ba\/?p=210367"},"modified":"2024-11-04T14:51:44","modified_gmt":"2024-11-04T13:51:44","slug":"ljubuskiobavijest-o-prekidima-u-isporuci-elektricne-energije-za-6-7-i-8-11","status":"publish","type":"post","link":"https:\/\/radioljubuski.ba\/index.php\/2024\/11\/04\/ljubuskiobavijest-o-prekidima-u-isporuci-elektricne-energije-za-6-7-i-8-11\/","title":{"rendered":"Ljubu\u0161ki:Obavijest o prekidima u isporuci elektri\u010dne energije za 6.,7., i 8.11."},"content":{"rendered":"\n<p>Obavje\u0161tavamo cijenjene potro\u0161a\u010de da \u0107e zbog planiranih radova do\u0107i do prekida u isporuci elektri\u010dne energije u naseljima na podru\u010dju grada Ljubu\u0161kog prema dolje navedenom rasporedu:<\/p>\n\n\n\n<p><strong>Srijeda, 6. studenoga 2024.:<\/strong><\/p>\n\n\n\n<p>\u2022 Dio naselja Crnopod (osim zaseoka Nui\u0107i) u razdoblju od 08:45 do 15:15 sati.<\/p>\n\n\n\n<p><strong>\u010cetvrtak, 7. studenoga 2024.:<\/strong><\/p>\n\n\n\n<p>\u2022 Gradska u razdoblju od 08:30 do 15:00 sati.<\/p>\n\n\n\n<p>Kratkotrajno \u0107e do\u0107i do prekida isporuke el. energije u trajanju od 10 min u naseljima: Planta\u017ea, Radi\u0161i\u0107i, Proboj, Odut, Vitina-Kula, Lipno u 08:30 sati te po zavr\u0161etku radova koji se o\u010dekuje oko 15:00 sati.<\/p>\n\n\n\n<p><strong>Petak, 8. studenoga 2024.:<\/strong><\/p>\n\n\n\n<p>\u2022 Ribogojili\u0161te u Grabovu Vrilu te dijelovi Klobuka: Kapel Mala, Dra\u010de, Pr\u017eine, Osoje, \u0160iljevi\u0161te, Dabrnja, Rudikovica, \u010culjkove Njive i Zastra\u017enica u razdoblju od 08:30 do 13:30 sati.<\/p>\n\n\n\n<p>Kratkotrajno \u0107e do\u0107i do prekida isporuke el. energije u trajanju od 10 min u naseljima: Vitina, Otok, Grabovo Vrilo, Maji\u0107 Mala, Uljevina, Brljica u 08:30 sati te po zavr\u0161etku radova koji se o\u010dekuje oko 13:30 sati.<\/p>\n\n\n\n<p><strong>Napomena<\/strong>: U slu\u010daju ranijeg zavr\u0161etka radova o\u010dekuje se kratkotrajni prekid i ponovni povratak isporuke el. energije prije navedenog termina zavr\u0161etka radova.<\/p>\n\n\n\n<p>U slu\u010daju nevremena u predvi\u0111enim terminima, najavljeni radovi \u0107e se odgoditi.<\/p>\n\n\n\n<p>Unaprijed zahvaljujemo na razumijevanju<\/p>\n\n\n\n<p><\/p>\n","protected":false},"excerpt":{"rendered":"<p>Obavje\u0161tavamo cijenjene potro\u0161a\u010de da \u0107e zbog planiranih radova do\u0107i do prekida u isporuci elektri\u010dne energije u naseljima na podru\u010dju grada Ljubu\u0161kog prema dolje navedenom rasporedu: Srijeda, 6. studenoga 2024.: \u2022 Dio naselja Crnopod (osim zaseoka Nui\u0107i) u razdoblju od 08:45 do 15:15 sati. \u010cetvrtak, 7. studenoga 2024.: \u2022 Gradska u razdoblju od 08:30 do 15:00 [&hellip;]<\/p>\n","protected":false},"author":2,"featured_media":207846,"comment_status":"closed","ping_status":"closed","sticky":false,"template":"","format":"standard","meta":{"h5ap_radio_sources":[],"footnotes":""},"categories":[3],"tags":[],"class_list":["post-210367","post","type-post","status-publish","format-standard","has-post-thumbnail","hentry","category-ljubuski"],"yoast_head":"<!-- This site is optimized with the Yoast SEO plugin v27.4 - https:\/\/yoast.com\/product\/yoast-seo-wordpress\/ -->\n<title>Ljubu\u0161ki:Obavijest o prekidima u isporuci elektri\u010dne energije za 6.,7., i 8.11. - RADIO LJUBU\u0160KI<\/title>\n<meta name=\"robots\" content=\"index, follow, max-snippet:-1, max-image-preview:large, max-video-preview:-1\" \/>\n<link rel=\"canonical\" href=\"https:\/\/radioljubuski.ba\/index.php\/2024\/11\/04\/ljubuskiobavijest-o-prekidima-u-isporuci-elektricne-energije-za-6-7-i-8-11\/\" \/>\n<meta property=\"og:locale\" content=\"hr_HR\" \/>\n<meta property=\"og:type\" content=\"article\" \/>\n<meta property=\"og:title\" content=\"Ljubu\u0161ki:Obavijest o prekidima u isporuci elektri\u010dne energije za 6.,7., i 8.11. - RADIO LJUBU\u0160KI\" \/>\n<meta property=\"og:description\" content=\"Obavje\u0161tavamo cijenjene potro\u0161a\u010de da \u0107e zbog planiranih radova do\u0107i do prekida u isporuci elektri\u010dne energije u naseljima na podru\u010dju grada Ljubu\u0161kog prema dolje navedenom rasporedu: Srijeda, 6. studenoga 2024.: \u2022 Dio naselja Crnopod (osim zaseoka Nui\u0107i) u razdoblju od 08:45 do 15:15 sati. \u010cetvrtak, 7. studenoga 2024.: \u2022 Gradska u razdoblju od 08:30 do 15:00 [&hellip;]\" \/>\n<meta property=\"og:url\" content=\"https:\/\/radioljubuski.ba\/index.php\/2024\/11\/04\/ljubuskiobavijest-o-prekidima-u-isporuci-elektricne-energije-za-6-7-i-8-11\/\" \/>\n<meta property=\"og:site_name\" content=\"RADIO LJUBU\u0160KI\" \/>\n<meta property=\"article:publisher\" content=\"https:\/\/www.facebook.com\/Radiio-Ljubuski-1490835324566332\" \/>\n<meta property=\"article:published_time\" content=\"2024-11-04T12:29:59+00:00\" \/>\n<meta property=\"article:modified_time\" content=\"2024-11-04T13:51:44+00:00\" \/>\n<meta property=\"og:image\" content=\"https:\/\/radioljubuski.ba\/wp-content\/uploads\/2024\/08\/STRUJA.jpg\" \/>\n\t<meta property=\"og:image:width\" content=\"1080\" \/>\n\t<meta property=\"og:image:height\" content=\"1080\" \/>\n\t<meta property=\"og:image:type\" content=\"image\/jpeg\" \/>\n<meta name=\"author\" content=\"Radio Ljubu\u0161ki\" \/>\n<meta name=\"twitter:card\" content=\"summary_large_image\" \/>\n<meta name=\"twitter:creator\" content=\"@radioljubuski\" \/>\n<meta name=\"twitter:site\" content=\"@radioljubuski\" \/>\n<meta name=\"twitter:label1\" content=\"Napisao\/la\" \/>\n\t<meta name=\"twitter:data1\" content=\"Radio Ljubu\u0161ki\" \/>\n\t<meta name=\"twitter:label2\" content=\"Procijenjeno vrijeme \u010ditanja\" \/>\n\t<meta name=\"twitter:data2\" content=\"2 minute\" \/>\n<script type=\"application\/ld+json\" class=\"yoast-schema-graph\">{\"@context\":\"https:\\\/\\\/schema.org\",\"@graph\":[{\"@type\":\"Article\",\"@id\":\"https:\\\/\\\/radioljubuski.ba\\\/index.php\\\/2024\\\/11\\\/04\\\/ljubuskiobavijest-o-prekidima-u-isporuci-elektricne-energije-za-6-7-i-8-11\\\/#article\",\"isPartOf\":{\"@id\":\"https:\\\/\\\/radioljubuski.ba\\\/index.php\\\/2024\\\/11\\\/04\\\/ljubuskiobavijest-o-prekidima-u-isporuci-elektricne-energije-za-6-7-i-8-11\\\/\"},\"author\":{\"name\":\"Radio Ljubu\u0161ki\",\"@id\":\"https:\\\/\\\/radioljubuski.ba\\\/#\\\/schema\\\/person\\\/19fc700381a780f69665d7956c469e3b\"},\"headline\":\"Ljubu\u0161ki:Obavijest o prekidima u isporuci elektri\u010dne energije za 6.,7., i 8.11.\",\"datePublished\":\"2024-11-04T12:29:59+00:00\",\"dateModified\":\"2024-11-04T13:51:44+00:00\",\"mainEntityOfPage\":{\"@id\":\"https:\\\/\\\/radioljubuski.ba\\\/index.php\\\/2024\\\/11\\\/04\\\/ljubuskiobavijest-o-prekidima-u-isporuci-elektricne-energije-za-6-7-i-8-11\\\/\"},\"wordCount\":212,\"publisher\":{\"@id\":\"https:\\\/\\\/radioljubuski.ba\\\/#organization\"},\"image\":{\"@id\":\"https:\\\/\\\/radioljubuski.ba\\\/index.php\\\/2024\\\/11\\\/04\\\/ljubuskiobavijest-o-prekidima-u-isporuci-elektricne-energije-za-6-7-i-8-11\\\/#primaryimage\"},\"thumbnailUrl\":\"https:\\\/\\\/radioljubuski.ba\\\/wp-content\\\/uploads\\\/2024\\\/08\\\/STRUJA.jpg\",\"articleSection\":[\"Ljubu\u0161ki\"],\"inLanguage\":\"hr\"},{\"@type\":\"WebPage\",\"@id\":\"https:\\\/\\\/radioljubuski.ba\\\/index.php\\\/2024\\\/11\\\/04\\\/ljubuskiobavijest-o-prekidima-u-isporuci-elektricne-energije-za-6-7-i-8-11\\\/\",\"url\":\"https:\\\/\\\/radioljubuski.ba\\\/index.php\\\/2024\\\/11\\\/04\\\/ljubuskiobavijest-o-prekidima-u-isporuci-elektricne-energije-za-6-7-i-8-11\\\/\",\"name\":\"Ljubu\u0161ki:Obavijest o prekidima u isporuci elektri\u010dne energije za 6.,7., i 8.11. - RADIO LJUBU\u0160KI\",\"isPartOf\":{\"@id\":\"https:\\\/\\\/radioljubuski.ba\\\/#website\"},\"primaryImageOfPage\":{\"@id\":\"https:\\\/\\\/radioljubuski.ba\\\/index.php\\\/2024\\\/11\\\/04\\\/ljubuskiobavijest-o-prekidima-u-isporuci-elektricne-energije-za-6-7-i-8-11\\\/#primaryimage\"},\"image\":{\"@id\":\"https:\\\/\\\/radioljubuski.ba\\\/index.php\\\/2024\\\/11\\\/04\\\/ljubuskiobavijest-o-prekidima-u-isporuci-elektricne-energije-za-6-7-i-8-11\\\/#primaryimage\"},\"thumbnailUrl\":\"https:\\\/\\\/radioljubuski.ba\\\/wp-content\\\/uploads\\\/2024\\\/08\\\/STRUJA.jpg\",\"datePublished\":\"2024-11-04T12:29:59+00:00\",\"dateModified\":\"2024-11-04T13:51:44+00:00\",\"breadcrumb\":{\"@id\":\"https:\\\/\\\/radioljubuski.ba\\\/index.php\\\/2024\\\/11\\\/04\\\/ljubuskiobavijest-o-prekidima-u-isporuci-elektricne-energije-za-6-7-i-8-11\\\/#breadcrumb\"},\"inLanguage\":\"hr\",\"potentialAction\":[{\"@type\":\"ReadAction\",\"target\":[\"https:\\\/\\\/radioljubuski.ba\\\/index.php\\\/2024\\\/11\\\/04\\\/ljubuskiobavijest-o-prekidima-u-isporuci-elektricne-energije-za-6-7-i-8-11\\\/\"]}]},{\"@type\":\"ImageObject\",\"inLanguage\":\"hr\",\"@id\":\"https:\\\/\\\/radioljubuski.ba\\\/index.php\\\/2024\\\/11\\\/04\\\/ljubuskiobavijest-o-prekidima-u-isporuci-elektricne-energije-za-6-7-i-8-11\\\/#primaryimage\",\"url\":\"https:\\\/\\\/radioljubuski.ba\\\/wp-content\\\/uploads\\\/2024\\\/08\\\/STRUJA.jpg\",\"contentUrl\":\"https:\\\/\\\/radioljubuski.ba\\\/wp-content\\\/uploads\\\/2024\\\/08\\\/STRUJA.jpg\",\"width\":1080,\"height\":1080},{\"@type\":\"BreadcrumbList\",\"@id\":\"https:\\\/\\\/radioljubuski.ba\\\/index.php\\\/2024\\\/11\\\/04\\\/ljubuskiobavijest-o-prekidima-u-isporuci-elektricne-energije-za-6-7-i-8-11\\\/#breadcrumb\",\"itemListElement\":[{\"@type\":\"ListItem\",\"position\":1,\"name\":\"Po\u010detna stranica\",\"item\":\"https:\\\/\\\/radioljubuski.ba\\\/\"},{\"@type\":\"ListItem\",\"position\":2,\"name\":\"Ljubu\u0161ki:Obavijest o prekidima u isporuci elektri\u010dne energije za 6.,7., i 8.11.\"}]},{\"@type\":\"WebSite\",\"@id\":\"https:\\\/\\\/radioljubuski.ba\\\/#website\",\"url\":\"https:\\\/\\\/radioljubuski.ba\\\/\",\"name\":\"Radio Ljubu\u0161ki\",\"description\":\"Sun\u010dana frekvencija Hercegovine\",\"publisher\":{\"@id\":\"https:\\\/\\\/radioljubuski.ba\\\/#organization\"},\"potentialAction\":[{\"@type\":\"SearchAction\",\"target\":{\"@type\":\"EntryPoint\",\"urlTemplate\":\"https:\\\/\\\/radioljubuski.ba\\\/?s={search_term_string}\"},\"query-input\":{\"@type\":\"PropertyValueSpecification\",\"valueRequired\":true,\"valueName\":\"search_term_string\"}}],\"inLanguage\":\"hr\"},{\"@type\":\"Organization\",\"@id\":\"https:\\\/\\\/radioljubuski.ba\\\/#organization\",\"name\":\"Radio Ljubu\u0161ki\",\"url\":\"https:\\\/\\\/radioljubuski.ba\\\/\",\"logo\":{\"@type\":\"ImageObject\",\"inLanguage\":\"hr\",\"@id\":\"https:\\\/\\\/radioljubuski.ba\\\/#\\\/schema\\\/logo\\\/image\\\/\",\"url\":\"https:\\\/\\\/radioljubuski.ba\\\/wp-content\\\/uploads\\\/2021\\\/02\\\/cropped-Radio_Ljubuski_logo1.jpg\",\"contentUrl\":\"https:\\\/\\\/radioljubuski.ba\\\/wp-content\\\/uploads\\\/2021\\\/02\\\/cropped-Radio_Ljubuski_logo1.jpg\",\"width\":512,\"height\":512,\"caption\":\"Radio Ljubu\u0161ki\"},\"image\":{\"@id\":\"https:\\\/\\\/radioljubuski.ba\\\/#\\\/schema\\\/logo\\\/image\\\/\"},\"sameAs\":[\"https:\\\/\\\/www.facebook.com\\\/Radiio-Ljubuski-1490835324566332\",\"https:\\\/\\\/x.com\\\/radioljubuski\",\"https:\\\/\\\/hr.linkedin.com\\\/company\\\/radio-ljubuski\",\"https:\\\/\\\/www.youtube.com\\\/channel\\\/UCHYaeO_n0Db3tjNGudGpXyw\"]},{\"@type\":\"Person\",\"@id\":\"https:\\\/\\\/radioljubuski.ba\\\/#\\\/schema\\\/person\\\/19fc700381a780f69665d7956c469e3b\",\"name\":\"Radio Ljubu\u0161ki\"}]}<\/script>\n<!-- \/ Yoast SEO plugin. -->","yoast_head_json":{"title":"Ljubu\u0161ki:Obavijest o prekidima u isporuci elektri\u010dne energije za 6.,7., i 8.11. - RADIO LJUBU\u0160KI","robots":{"index":"index","follow":"follow","max-snippet":"max-snippet:-1","max-image-preview":"max-image-preview:large","max-video-preview":"max-video-preview:-1"},"canonical":"https:\/\/radioljubuski.ba\/index.php\/2024\/11\/04\/ljubuskiobavijest-o-prekidima-u-isporuci-elektricne-energije-za-6-7-i-8-11\/","og_locale":"hr_HR","og_type":"article","og_title":"Ljubu\u0161ki:Obavijest o prekidima u isporuci elektri\u010dne energije za 6.,7., i 8.11. - RADIO LJUBU\u0160KI","og_description":"Obavje\u0161tavamo cijenjene potro\u0161a\u010de da \u0107e zbog planiranih radova do\u0107i do prekida u isporuci elektri\u010dne energije u naseljima na podru\u010dju grada Ljubu\u0161kog prema dolje navedenom rasporedu: Srijeda, 6. studenoga 2024.: \u2022 Dio naselja Crnopod (osim zaseoka Nui\u0107i) u razdoblju od 08:45 do 15:15 sati. \u010cetvrtak, 7. studenoga 2024.: \u2022 Gradska u razdoblju od 08:30 do 15:00 [&hellip;]","og_url":"https:\/\/radioljubuski.ba\/index.php\/2024\/11\/04\/ljubuskiobavijest-o-prekidima-u-isporuci-elektricne-energije-za-6-7-i-8-11\/","og_site_name":"RADIO LJUBU\u0160KI","article_publisher":"https:\/\/www.facebook.com\/Radiio-Ljubuski-1490835324566332","article_published_time":"2024-11-04T12:29:59+00:00","article_modified_time":"2024-11-04T13:51:44+00:00","og_image":[{"width":1080,"height":1080,"url":"https:\/\/radioljubuski.ba\/wp-content\/uploads\/2024\/08\/STRUJA.jpg","type":"image\/jpeg"}],"author":"Radio Ljubu\u0161ki","twitter_card":"summary_large_image","twitter_creator":"@radioljubuski","twitter_site":"@radioljubuski","twitter_misc":{"Napisao\/la":"Radio Ljubu\u0161ki","Procijenjeno vrijeme \u010ditanja":"2 minute"},"schema":{"@context":"https:\/\/schema.org","@graph":[{"@type":"Article","@id":"https:\/\/radioljubuski.ba\/index.php\/2024\/11\/04\/ljubuskiobavijest-o-prekidima-u-isporuci-elektricne-energije-za-6-7-i-8-11\/#article","isPartOf":{"@id":"https:\/\/radioljubuski.ba\/index.php\/2024\/11\/04\/ljubuskiobavijest-o-prekidima-u-isporuci-elektricne-energije-za-6-7-i-8-11\/"},"author":{"name":"Radio Ljubu\u0161ki","@id":"https:\/\/radioljubuski.ba\/#\/schema\/person\/19fc700381a780f69665d7956c469e3b"},"headline":"Ljubu\u0161ki:Obavijest o prekidima u isporuci elektri\u010dne energije za 6.,7., i 8.11.","datePublished":"2024-11-04T12:29:59+00:00","dateModified":"2024-11-04T13:51:44+00:00","mainEntityOfPage":{"@id":"https:\/\/radioljubuski.ba\/index.php\/2024\/11\/04\/ljubuskiobavijest-o-prekidima-u-isporuci-elektricne-energije-za-6-7-i-8-11\/"},"wordCount":212,"publisher":{"@id":"https:\/\/radioljubuski.ba\/#organization"},"image":{"@id":"https:\/\/radioljubuski.ba\/index.php\/2024\/11\/04\/ljubuskiobavijest-o-prekidima-u-isporuci-elektricne-energije-za-6-7-i-8-11\/#primaryimage"},"thumbnailUrl":"https:\/\/radioljubuski.ba\/wp-content\/uploads\/2024\/08\/STRUJA.jpg","articleSection":["Ljubu\u0161ki"],"inLanguage":"hr"},{"@type":"WebPage","@id":"https:\/\/radioljubuski.ba\/index.php\/2024\/11\/04\/ljubuskiobavijest-o-prekidima-u-isporuci-elektricne-energije-za-6-7-i-8-11\/","url":"https:\/\/radioljubuski.ba\/index.php\/2024\/11\/04\/ljubuskiobavijest-o-prekidima-u-isporuci-elektricne-energije-za-6-7-i-8-11\/","name":"Ljubu\u0161ki:Obavijest o prekidima u isporuci elektri\u010dne energije za 6.,7., i 8.11. - RADIO LJUBU\u0160KI","isPartOf":{"@id":"https:\/\/radioljubuski.ba\/#website"},"primaryImageOfPage":{"@id":"https:\/\/radioljubuski.ba\/index.php\/2024\/11\/04\/ljubuskiobavijest-o-prekidima-u-isporuci-elektricne-energije-za-6-7-i-8-11\/#primaryimage"},"image":{"@id":"https:\/\/radioljubuski.ba\/index.php\/2024\/11\/04\/ljubuskiobavijest-o-prekidima-u-isporuci-elektricne-energije-za-6-7-i-8-11\/#primaryimage"},"thumbnailUrl":"https:\/\/radioljubuski.ba\/wp-content\/uploads\/2024\/08\/STRUJA.jpg","datePublished":"2024-11-04T12:29:59+00:00","dateModified":"2024-11-04T13:51:44+00:00","breadcrumb":{"@id":"https:\/\/radioljubuski.ba\/index.php\/2024\/11\/04\/ljubuskiobavijest-o-prekidima-u-isporuci-elektricne-energije-za-6-7-i-8-11\/#breadcrumb"},"inLanguage":"hr","potentialAction":[{"@type":"ReadAction","target":["https:\/\/radioljubuski.ba\/index.php\/2024\/11\/04\/ljubuskiobavijest-o-prekidima-u-isporuci-elektricne-energije-za-6-7-i-8-11\/"]}]},{"@type":"ImageObject","inLanguage":"hr","@id":"https:\/\/radioljubuski.ba\/index.php\/2024\/11\/04\/ljubuskiobavijest-o-prekidima-u-isporuci-elektricne-energije-za-6-7-i-8-11\/#primaryimage","url":"https:\/\/radioljubuski.ba\/wp-content\/uploads\/2024\/08\/STRUJA.jpg","contentUrl":"https:\/\/radioljubuski.ba\/wp-content\/uploads\/2024\/08\/STRUJA.jpg","width":1080,"height":1080},{"@type":"BreadcrumbList","@id":"https:\/\/radioljubuski.ba\/index.php\/2024\/11\/04\/ljubuskiobavijest-o-prekidima-u-isporuci-elektricne-energije-za-6-7-i-8-11\/#breadcrumb","itemListElement":[{"@type":"ListItem","position":1,"name":"Po\u010detna stranica","item":"https:\/\/radioljubuski.ba\/"},{"@type":"ListItem","position":2,"name":"Ljubu\u0161ki:Obavijest o prekidima u isporuci elektri\u010dne energije za 6.,7., i 8.11."}]},{"@type":"WebSite","@id":"https:\/\/radioljubuski.ba\/#website","url":"https:\/\/radioljubuski.ba\/","name":"Radio Ljubu\u0161ki","description":"Sun\u010dana frekvencija Hercegovine","publisher":{"@id":"https:\/\/radioljubuski.ba\/#organization"},"potentialAction":[{"@type":"SearchAction","target":{"@type":"EntryPoint","urlTemplate":"https:\/\/radioljubuski.ba\/?s={search_term_string}"},"query-input":{"@type":"PropertyValueSpecification","valueRequired":true,"valueName":"search_term_string"}}],"inLanguage":"hr"},{"@type":"Organization","@id":"https:\/\/radioljubuski.ba\/#organization","name":"Radio Ljubu\u0161ki","url":"https:\/\/radioljubuski.ba\/","logo":{"@type":"ImageObject","inLanguage":"hr","@id":"https:\/\/radioljubuski.ba\/#\/schema\/logo\/image\/","url":"https:\/\/radioljubuski.ba\/wp-content\/uploads\/2021\/02\/cropped-Radio_Ljubuski_logo1.jpg","contentUrl":"https:\/\/radioljubuski.ba\/wp-content\/uploads\/2021\/02\/cropped-Radio_Ljubuski_logo1.jpg","width":512,"height":512,"caption":"Radio Ljubu\u0161ki"},"image":{"@id":"https:\/\/radioljubuski.ba\/#\/schema\/logo\/image\/"},"sameAs":["https:\/\/www.facebook.com\/Radiio-Ljubuski-1490835324566332","https:\/\/x.com\/radioljubuski","https:\/\/hr.linkedin.com\/company\/radio-ljubuski","https:\/\/www.youtube.com\/channel\/UCHYaeO_n0Db3tjNGudGpXyw"]},{"@type":"Person","@id":"https:\/\/radioljubuski.ba\/#\/schema\/person\/19fc700381a780f69665d7956c469e3b","name":"Radio Ljubu\u0161ki"}]}},"_links":{"self":[{"href":"https:\/\/radioljubuski.ba\/index.php\/wp-json\/wp\/v2\/posts\/210367","targetHints":{"allow":["GET"]}}],"collection":[{"href":"https:\/\/radioljubuski.ba\/index.php\/wp-json\/wp\/v2\/posts"}],"about":[{"href":"https:\/\/radioljubuski.ba\/index.php\/wp-json\/wp\/v2\/types\/post"}],"author":[{"embeddable":true,"href":"https:\/\/radioljubuski.ba\/index.php\/wp-json\/wp\/v2\/users\/2"}],"replies":[{"embeddable":true,"href":"https:\/\/radioljubuski.ba\/index.php\/wp-json\/wp\/v2\/comments?post=210367"}],"version-history":[{"count":2,"href":"https:\/\/radioljubuski.ba\/index.php\/wp-json\/wp\/v2\/posts\/210367\/revisions"}],"predecessor-version":[{"id":210373,"href":"https:\/\/radioljubuski.ba\/index.php\/wp-json\/wp\/v2\/posts\/210367\/revisions\/210373"}],"wp:featuredmedia":[{"embeddable":true,"href":"https:\/\/radioljubuski.ba\/index.php\/wp-json\/wp\/v2\/media\/207846"}],"wp:attachment":[{"href":"https:\/\/radioljubuski.ba\/index.php\/wp-json\/wp\/v2\/media?parent=210367"}],"wp:term":[{"taxonomy":"category","embeddable":true,"href":"https:\/\/radioljubuski.ba\/index.php\/wp-json\/wp\/v2\/categories?post=210367"},{"taxonomy":"post_tag","embeddable":true,"href":"https:\/\/radioljubuski.ba\/index.php\/wp-json\/wp\/v2\/tags?post=210367"}],"curies":[{"name":"wp","href":"https:\/\/api.w.org\/{rel}","templated":true}]}}