{"id":210368,"date":"2024-11-05T10:57:30","date_gmt":"2024-11-05T09:57:30","guid":{"rendered":"https:\/\/radioljubuski.ba\/?p=210368"},"modified":"2024-11-05T10:57:31","modified_gmt":"2024-11-05T09:57:31","slug":"digitalna-pismenost-nepostivanje-autorskih-prava","status":"publish","type":"post","link":"https:\/\/radioljubuski.ba\/index.php\/2024\/11\/05\/digitalna-pismenost-nepostivanje-autorskih-prava\/","title":{"rendered":"Digitalna pismenost: (Ne)Po\u0161tivanje autorskih prava"},"content":{"rendered":"\n<p>Predstavljamo sadr\u017eaje iz medijske kampanje Radija Ljubu\u0161ki posve\u0107ene podru\u010dju medijske i digitalne pismenosti, u kampanji kroz tematske emisije, web bannere, radio jinglove govorimo o razli\u010ditim temama iz ovog podru\u010dja; od primjene umjetne inteligencije, medijskih navika gra\u0111ana, predstavljanja osnova autorskog prava, kulture kori\u0161tenja interneta, odrastanja djece i mladih uz ekrane, online navika umirovljenika s podru\u010dja Ljubu\u0161kog do primjera dru\u0161tveno korisne digitalizacije.<\/p>\n\n\n\n<p>                                                 <strong>Digitalno pismeni, digitalno sna\u017eni.<\/strong><\/p>\n\n\n\n<p>U \u010detvrtoj emisiji ostajemo u polju autorskih prava odnosno (ne)po\u0161tivanju autorskih prava. <\/p>\n\n\n\n<p>Dolaskom novih medija pro\u0161irila se ru\u017ena praksa kr\u0161enja autorskih prava u vidu tkz. \u201epreuzimanja\u201c autorskog djela bez dozvole autora ili bez potpisa istog, preuzimanja novinarskih \u010dlanaka, fotografija, video ili audio zapisa. Svoja iskustva o kr\u0161enju autorskih prava prenosi nam novinar Du\u0161an Musa koji je pokrenuo i sudski postupak protiv \u201eneovla\u0161tenih\u201c preuzima\u010da i kra\u0111e svojih djela.<\/p>\n\n\n\n<p>Poslu\u0161ajte emisiju ovdje :  <\/p>\n\n\n\n<figure class=\"wp-block-audio\"><audio controls src=\"https:\/\/radioljubuski.ba\/wp-content\/uploads\/2024\/11\/4.-emisija-DIGITALNA-PISMENOST.mp3\"><\/audio><\/figure>\n\n\n\n<h3 class=\"wp-block-heading\"><strong>Sadr\u017eaj je realiziran u sklopu kampanje \u201eDIGITALNO SNA\u017dNI\u201c &#8211; &nbsp;DANA MEDIJSKE I INFORMACIJSKE PISMENOSTI U BOSNI I HERCEGOVINI 2024. GODINE<\/strong><\/h3>\n\n\n\n<p><em>Ovogodi\u0161nja kampanja Dani medijske i informacijske pismenosti odr\u017eava  se pod geslom  \u201eDigitalno sna\u017eni\u201c u trajanju od 26. listopada do 5. studenog 2024. godine \u0161irom zemlje. <\/em><\/p>\n\n\n\n<p><em>Kampanju od 2020. godine organizira Regulatorna agencija za komunikacije u suradnji i uz sudjelovanje \u010dlanica Mre\u017ee za medijsku i informacijsku pismenost.<\/em><\/p>\n\n\n\n<p>Kampanja je pokrenuta s ciljem isticanja dru\u0161tvenog zna\u010daja medijske i informacijske pismenosti i promid\u017ebe projekata razli\u010ditih sudionika u ovom podru\u010dju, po uzoru na sli\u010dne tematske kampanje u drugim dr\u017eavama, ali i regionalne i globalne kampanje kao \u0161to su EU&nbsp;<em>Media Literacy Week&nbsp;<\/em>ili UNESCO-ov Globalni tjedan MIP-a.<\/p>\n\n\n\n<p>Urednica serijala B.Medi\u0107<\/p>\n\n\n\n<p>Tehni\u010dka realizacija T.Deli\u0107 <\/p>\n\n\n\n<p>Radio Ljubu\u0161ki <\/p>\n","protected":false},"excerpt":{"rendered":"<p>Predstavljamo sadr\u017eaje iz medijske kampanje Radija Ljubu\u0161ki posve\u0107ene podru\u010dju medijske i digitalne pismenosti, u kampanji kroz tematske emisije, web bannere, radio jinglove govorimo o razli\u010ditim temama iz ovog podru\u010dja; od primjene umjetne inteligencije, medijskih navika gra\u0111ana, predstavljanja osnova autorskog prava, kulture kori\u0161tenja interneta, odrastanja djece i mladih uz ekrane, online navika umirovljenika s podru\u010dja Ljubu\u0161kog [&hellip;]<\/p>\n","protected":false},"author":2,"featured_media":210386,"comment_status":"closed","ping_status":"closed","sticky":false,"template":"","format":"standard","meta":{"h5ap_radio_sources":[],"footnotes":""},"categories":[53,3],"tags":[],"class_list":["post-210368","post","type-post","status-publish","format-standard","has-post-thumbnail","hentry","category-digitalna-pismenost-2024","category-ljubuski"],"yoast_head":"<!-- This site is optimized with the Yoast SEO plugin v27.4 - https:\/\/yoast.com\/product\/yoast-seo-wordpress\/ -->\n<title>Digitalna pismenost: (Ne)Po\u0161tivanje autorskih prava - RADIO LJUBU\u0160KI<\/title>\n<meta name=\"robots\" content=\"index, follow, max-snippet:-1, max-image-preview:large, max-video-preview:-1\" \/>\n<link rel=\"canonical\" href=\"https:\/\/radioljubuski.ba\/index.php\/2024\/11\/05\/digitalna-pismenost-nepostivanje-autorskih-prava\/\" \/>\n<meta property=\"og:locale\" content=\"hr_HR\" \/>\n<meta property=\"og:type\" content=\"article\" \/>\n<meta property=\"og:title\" content=\"Digitalna pismenost: (Ne)Po\u0161tivanje autorskih prava - RADIO LJUBU\u0160KI\" \/>\n<meta property=\"og:description\" content=\"Predstavljamo sadr\u017eaje iz medijske kampanje Radija Ljubu\u0161ki posve\u0107ene podru\u010dju medijske i digitalne pismenosti, u kampanji kroz tematske emisije, web bannere, radio jinglove govorimo o razli\u010ditim temama iz ovog podru\u010dja; od primjene umjetne inteligencije, medijskih navika gra\u0111ana, predstavljanja osnova autorskog prava, kulture kori\u0161tenja interneta, odrastanja djece i mladih uz ekrane, online navika umirovljenika s podru\u010dja Ljubu\u0161kog [&hellip;]\" \/>\n<meta property=\"og:url\" content=\"https:\/\/radioljubuski.ba\/index.php\/2024\/11\/05\/digitalna-pismenost-nepostivanje-autorskih-prava\/\" \/>\n<meta property=\"og:site_name\" content=\"RADIO LJUBU\u0160KI\" \/>\n<meta property=\"article:publisher\" content=\"https:\/\/www.facebook.com\/Radiio-Ljubuski-1490835324566332\" \/>\n<meta property=\"article:published_time\" content=\"2024-11-05T09:57:30+00:00\" \/>\n<meta property=\"article:modified_time\" content=\"2024-11-05T09:57:31+00:00\" \/>\n<meta property=\"og:image\" content=\"https:\/\/radioljubuski.ba\/wp-content\/uploads\/2024\/11\/tema-NEpostivanje-autorskih-prava.jpg\" \/>\n\t<meta property=\"og:image:width\" content=\"940\" \/>\n\t<meta property=\"og:image:height\" content=\"788\" \/>\n\t<meta property=\"og:image:type\" content=\"image\/jpeg\" \/>\n<meta name=\"author\" content=\"Radio Ljubu\u0161ki\" \/>\n<meta name=\"twitter:card\" content=\"summary_large_image\" \/>\n<meta name=\"twitter:creator\" content=\"@radioljubuski\" \/>\n<meta name=\"twitter:site\" content=\"@radioljubuski\" \/>\n<meta name=\"twitter:label1\" content=\"Napisao\/la\" \/>\n\t<meta name=\"twitter:data1\" content=\"Radio Ljubu\u0161ki\" \/>\n\t<meta name=\"twitter:label2\" content=\"Procijenjeno vrijeme \u010ditanja\" \/>\n\t<meta name=\"twitter:data2\" content=\"2 minute\" \/>\n<script type=\"application\/ld+json\" class=\"yoast-schema-graph\">{\"@context\":\"https:\\\/\\\/schema.org\",\"@graph\":[{\"@type\":\"Article\",\"@id\":\"https:\\\/\\\/radioljubuski.ba\\\/index.php\\\/2024\\\/11\\\/05\\\/digitalna-pismenost-nepostivanje-autorskih-prava\\\/#article\",\"isPartOf\":{\"@id\":\"https:\\\/\\\/radioljubuski.ba\\\/index.php\\\/2024\\\/11\\\/05\\\/digitalna-pismenost-nepostivanje-autorskih-prava\\\/\"},\"author\":{\"name\":\"Radio Ljubu\u0161ki\",\"@id\":\"https:\\\/\\\/radioljubuski.ba\\\/#\\\/schema\\\/person\\\/19fc700381a780f69665d7956c469e3b\"},\"headline\":\"Digitalna pismenost: (Ne)Po\u0161tivanje autorskih prava\",\"datePublished\":\"2024-11-05T09:57:30+00:00\",\"dateModified\":\"2024-11-05T09:57:31+00:00\",\"mainEntityOfPage\":{\"@id\":\"https:\\\/\\\/radioljubuski.ba\\\/index.php\\\/2024\\\/11\\\/05\\\/digitalna-pismenost-nepostivanje-autorskih-prava\\\/\"},\"wordCount\":300,\"publisher\":{\"@id\":\"https:\\\/\\\/radioljubuski.ba\\\/#organization\"},\"image\":{\"@id\":\"https:\\\/\\\/radioljubuski.ba\\\/index.php\\\/2024\\\/11\\\/05\\\/digitalna-pismenost-nepostivanje-autorskih-prava\\\/#primaryimage\"},\"thumbnailUrl\":\"https:\\\/\\\/radioljubuski.ba\\\/wp-content\\\/uploads\\\/2024\\\/11\\\/tema-NEpostivanje-autorskih-prava.jpg\",\"articleSection\":[\"Digitalna pismenost\",\"Ljubu\u0161ki\"],\"inLanguage\":\"hr\"},{\"@type\":\"WebPage\",\"@id\":\"https:\\\/\\\/radioljubuski.ba\\\/index.php\\\/2024\\\/11\\\/05\\\/digitalna-pismenost-nepostivanje-autorskih-prava\\\/\",\"url\":\"https:\\\/\\\/radioljubuski.ba\\\/index.php\\\/2024\\\/11\\\/05\\\/digitalna-pismenost-nepostivanje-autorskih-prava\\\/\",\"name\":\"Digitalna pismenost: (Ne)Po\u0161tivanje autorskih prava - RADIO LJUBU\u0160KI\",\"isPartOf\":{\"@id\":\"https:\\\/\\\/radioljubuski.ba\\\/#website\"},\"primaryImageOfPage\":{\"@id\":\"https:\\\/\\\/radioljubuski.ba\\\/index.php\\\/2024\\\/11\\\/05\\\/digitalna-pismenost-nepostivanje-autorskih-prava\\\/#primaryimage\"},\"image\":{\"@id\":\"https:\\\/\\\/radioljubuski.ba\\\/index.php\\\/2024\\\/11\\\/05\\\/digitalna-pismenost-nepostivanje-autorskih-prava\\\/#primaryimage\"},\"thumbnailUrl\":\"https:\\\/\\\/radioljubuski.ba\\\/wp-content\\\/uploads\\\/2024\\\/11\\\/tema-NEpostivanje-autorskih-prava.jpg\",\"datePublished\":\"2024-11-05T09:57:30+00:00\",\"dateModified\":\"2024-11-05T09:57:31+00:00\",\"breadcrumb\":{\"@id\":\"https:\\\/\\\/radioljubuski.ba\\\/index.php\\\/2024\\\/11\\\/05\\\/digitalna-pismenost-nepostivanje-autorskih-prava\\\/#breadcrumb\"},\"inLanguage\":\"hr\",\"potentialAction\":[{\"@type\":\"ReadAction\",\"target\":[\"https:\\\/\\\/radioljubuski.ba\\\/index.php\\\/2024\\\/11\\\/05\\\/digitalna-pismenost-nepostivanje-autorskih-prava\\\/\"]}]},{\"@type\":\"ImageObject\",\"inLanguage\":\"hr\",\"@id\":\"https:\\\/\\\/radioljubuski.ba\\\/index.php\\\/2024\\\/11\\\/05\\\/digitalna-pismenost-nepostivanje-autorskih-prava\\\/#primaryimage\",\"url\":\"https:\\\/\\\/radioljubuski.ba\\\/wp-content\\\/uploads\\\/2024\\\/11\\\/tema-NEpostivanje-autorskih-prava.jpg\",\"contentUrl\":\"https:\\\/\\\/radioljubuski.ba\\\/wp-content\\\/uploads\\\/2024\\\/11\\\/tema-NEpostivanje-autorskih-prava.jpg\",\"width\":940,\"height\":788},{\"@type\":\"BreadcrumbList\",\"@id\":\"https:\\\/\\\/radioljubuski.ba\\\/index.php\\\/2024\\\/11\\\/05\\\/digitalna-pismenost-nepostivanje-autorskih-prava\\\/#breadcrumb\",\"itemListElement\":[{\"@type\":\"ListItem\",\"position\":1,\"name\":\"Po\u010detna stranica\",\"item\":\"https:\\\/\\\/radioljubuski.ba\\\/\"},{\"@type\":\"ListItem\",\"position\":2,\"name\":\"Digitalna pismenost: (Ne)Po\u0161tivanje autorskih prava\"}]},{\"@type\":\"WebSite\",\"@id\":\"https:\\\/\\\/radioljubuski.ba\\\/#website\",\"url\":\"https:\\\/\\\/radioljubuski.ba\\\/\",\"name\":\"Radio Ljubu\u0161ki\",\"description\":\"Sun\u010dana frekvencija Hercegovine\",\"publisher\":{\"@id\":\"https:\\\/\\\/radioljubuski.ba\\\/#organization\"},\"potentialAction\":[{\"@type\":\"SearchAction\",\"target\":{\"@type\":\"EntryPoint\",\"urlTemplate\":\"https:\\\/\\\/radioljubuski.ba\\\/?s={search_term_string}\"},\"query-input\":{\"@type\":\"PropertyValueSpecification\",\"valueRequired\":true,\"valueName\":\"search_term_string\"}}],\"inLanguage\":\"hr\"},{\"@type\":\"Organization\",\"@id\":\"https:\\\/\\\/radioljubuski.ba\\\/#organization\",\"name\":\"Radio Ljubu\u0161ki\",\"url\":\"https:\\\/\\\/radioljubuski.ba\\\/\",\"logo\":{\"@type\":\"ImageObject\",\"inLanguage\":\"hr\",\"@id\":\"https:\\\/\\\/radioljubuski.ba\\\/#\\\/schema\\\/logo\\\/image\\\/\",\"url\":\"https:\\\/\\\/radioljubuski.ba\\\/wp-content\\\/uploads\\\/2021\\\/02\\\/cropped-Radio_Ljubuski_logo1.jpg\",\"contentUrl\":\"https:\\\/\\\/radioljubuski.ba\\\/wp-content\\\/uploads\\\/2021\\\/02\\\/cropped-Radio_Ljubuski_logo1.jpg\",\"width\":512,\"height\":512,\"caption\":\"Radio Ljubu\u0161ki\"},\"image\":{\"@id\":\"https:\\\/\\\/radioljubuski.ba\\\/#\\\/schema\\\/logo\\\/image\\\/\"},\"sameAs\":[\"https:\\\/\\\/www.facebook.com\\\/Radiio-Ljubuski-1490835324566332\",\"https:\\\/\\\/x.com\\\/radioljubuski\",\"https:\\\/\\\/hr.linkedin.com\\\/company\\\/radio-ljubuski\",\"https:\\\/\\\/www.youtube.com\\\/channel\\\/UCHYaeO_n0Db3tjNGudGpXyw\"]},{\"@type\":\"Person\",\"@id\":\"https:\\\/\\\/radioljubuski.ba\\\/#\\\/schema\\\/person\\\/19fc700381a780f69665d7956c469e3b\",\"name\":\"Radio Ljubu\u0161ki\"}]}<\/script>\n<!-- \/ Yoast SEO plugin. -->","yoast_head_json":{"title":"Digitalna pismenost: (Ne)Po\u0161tivanje autorskih prava - RADIO LJUBU\u0160KI","robots":{"index":"index","follow":"follow","max-snippet":"max-snippet:-1","max-image-preview":"max-image-preview:large","max-video-preview":"max-video-preview:-1"},"canonical":"https:\/\/radioljubuski.ba\/index.php\/2024\/11\/05\/digitalna-pismenost-nepostivanje-autorskih-prava\/","og_locale":"hr_HR","og_type":"article","og_title":"Digitalna pismenost: (Ne)Po\u0161tivanje autorskih prava - RADIO LJUBU\u0160KI","og_description":"Predstavljamo sadr\u017eaje iz medijske kampanje Radija Ljubu\u0161ki posve\u0107ene podru\u010dju medijske i digitalne pismenosti, u kampanji kroz tematske emisije, web bannere, radio jinglove govorimo o razli\u010ditim temama iz ovog podru\u010dja; od primjene umjetne inteligencije, medijskih navika gra\u0111ana, predstavljanja osnova autorskog prava, kulture kori\u0161tenja interneta, odrastanja djece i mladih uz ekrane, online navika umirovljenika s podru\u010dja Ljubu\u0161kog [&hellip;]","og_url":"https:\/\/radioljubuski.ba\/index.php\/2024\/11\/05\/digitalna-pismenost-nepostivanje-autorskih-prava\/","og_site_name":"RADIO LJUBU\u0160KI","article_publisher":"https:\/\/www.facebook.com\/Radiio-Ljubuski-1490835324566332","article_published_time":"2024-11-05T09:57:30+00:00","article_modified_time":"2024-11-05T09:57:31+00:00","og_image":[{"width":940,"height":788,"url":"https:\/\/radioljubuski.ba\/wp-content\/uploads\/2024\/11\/tema-NEpostivanje-autorskih-prava.jpg","type":"image\/jpeg"}],"author":"Radio Ljubu\u0161ki","twitter_card":"summary_large_image","twitter_creator":"@radioljubuski","twitter_site":"@radioljubuski","twitter_misc":{"Napisao\/la":"Radio Ljubu\u0161ki","Procijenjeno vrijeme \u010ditanja":"2 minute"},"schema":{"@context":"https:\/\/schema.org","@graph":[{"@type":"Article","@id":"https:\/\/radioljubuski.ba\/index.php\/2024\/11\/05\/digitalna-pismenost-nepostivanje-autorskih-prava\/#article","isPartOf":{"@id":"https:\/\/radioljubuski.ba\/index.php\/2024\/11\/05\/digitalna-pismenost-nepostivanje-autorskih-prava\/"},"author":{"name":"Radio Ljubu\u0161ki","@id":"https:\/\/radioljubuski.ba\/#\/schema\/person\/19fc700381a780f69665d7956c469e3b"},"headline":"Digitalna pismenost: (Ne)Po\u0161tivanje autorskih prava","datePublished":"2024-11-05T09:57:30+00:00","dateModified":"2024-11-05T09:57:31+00:00","mainEntityOfPage":{"@id":"https:\/\/radioljubuski.ba\/index.php\/2024\/11\/05\/digitalna-pismenost-nepostivanje-autorskih-prava\/"},"wordCount":300,"publisher":{"@id":"https:\/\/radioljubuski.ba\/#organization"},"image":{"@id":"https:\/\/radioljubuski.ba\/index.php\/2024\/11\/05\/digitalna-pismenost-nepostivanje-autorskih-prava\/#primaryimage"},"thumbnailUrl":"https:\/\/radioljubuski.ba\/wp-content\/uploads\/2024\/11\/tema-NEpostivanje-autorskih-prava.jpg","articleSection":["Digitalna pismenost","Ljubu\u0161ki"],"inLanguage":"hr"},{"@type":"WebPage","@id":"https:\/\/radioljubuski.ba\/index.php\/2024\/11\/05\/digitalna-pismenost-nepostivanje-autorskih-prava\/","url":"https:\/\/radioljubuski.ba\/index.php\/2024\/11\/05\/digitalna-pismenost-nepostivanje-autorskih-prava\/","name":"Digitalna pismenost: (Ne)Po\u0161tivanje autorskih prava - RADIO LJUBU\u0160KI","isPartOf":{"@id":"https:\/\/radioljubuski.ba\/#website"},"primaryImageOfPage":{"@id":"https:\/\/radioljubuski.ba\/index.php\/2024\/11\/05\/digitalna-pismenost-nepostivanje-autorskih-prava\/#primaryimage"},"image":{"@id":"https:\/\/radioljubuski.ba\/index.php\/2024\/11\/05\/digitalna-pismenost-nepostivanje-autorskih-prava\/#primaryimage"},"thumbnailUrl":"https:\/\/radioljubuski.ba\/wp-content\/uploads\/2024\/11\/tema-NEpostivanje-autorskih-prava.jpg","datePublished":"2024-11-05T09:57:30+00:00","dateModified":"2024-11-05T09:57:31+00:00","breadcrumb":{"@id":"https:\/\/radioljubuski.ba\/index.php\/2024\/11\/05\/digitalna-pismenost-nepostivanje-autorskih-prava\/#breadcrumb"},"inLanguage":"hr","potentialAction":[{"@type":"ReadAction","target":["https:\/\/radioljubuski.ba\/index.php\/2024\/11\/05\/digitalna-pismenost-nepostivanje-autorskih-prava\/"]}]},{"@type":"ImageObject","inLanguage":"hr","@id":"https:\/\/radioljubuski.ba\/index.php\/2024\/11\/05\/digitalna-pismenost-nepostivanje-autorskih-prava\/#primaryimage","url":"https:\/\/radioljubuski.ba\/wp-content\/uploads\/2024\/11\/tema-NEpostivanje-autorskih-prava.jpg","contentUrl":"https:\/\/radioljubuski.ba\/wp-content\/uploads\/2024\/11\/tema-NEpostivanje-autorskih-prava.jpg","width":940,"height":788},{"@type":"BreadcrumbList","@id":"https:\/\/radioljubuski.ba\/index.php\/2024\/11\/05\/digitalna-pismenost-nepostivanje-autorskih-prava\/#breadcrumb","itemListElement":[{"@type":"ListItem","position":1,"name":"Po\u010detna stranica","item":"https:\/\/radioljubuski.ba\/"},{"@type":"ListItem","position":2,"name":"Digitalna pismenost: (Ne)Po\u0161tivanje autorskih prava"}]},{"@type":"WebSite","@id":"https:\/\/radioljubuski.ba\/#website","url":"https:\/\/radioljubuski.ba\/","name":"Radio Ljubu\u0161ki","description":"Sun\u010dana frekvencija Hercegovine","publisher":{"@id":"https:\/\/radioljubuski.ba\/#organization"},"potentialAction":[{"@type":"SearchAction","target":{"@type":"EntryPoint","urlTemplate":"https:\/\/radioljubuski.ba\/?s={search_term_string}"},"query-input":{"@type":"PropertyValueSpecification","valueRequired":true,"valueName":"search_term_string"}}],"inLanguage":"hr"},{"@type":"Organization","@id":"https:\/\/radioljubuski.ba\/#organization","name":"Radio Ljubu\u0161ki","url":"https:\/\/radioljubuski.ba\/","logo":{"@type":"ImageObject","inLanguage":"hr","@id":"https:\/\/radioljubuski.ba\/#\/schema\/logo\/image\/","url":"https:\/\/radioljubuski.ba\/wp-content\/uploads\/2021\/02\/cropped-Radio_Ljubuski_logo1.jpg","contentUrl":"https:\/\/radioljubuski.ba\/wp-content\/uploads\/2021\/02\/cropped-Radio_Ljubuski_logo1.jpg","width":512,"height":512,"caption":"Radio Ljubu\u0161ki"},"image":{"@id":"https:\/\/radioljubuski.ba\/#\/schema\/logo\/image\/"},"sameAs":["https:\/\/www.facebook.com\/Radiio-Ljubuski-1490835324566332","https:\/\/x.com\/radioljubuski","https:\/\/hr.linkedin.com\/company\/radio-ljubuski","https:\/\/www.youtube.com\/channel\/UCHYaeO_n0Db3tjNGudGpXyw"]},{"@type":"Person","@id":"https:\/\/radioljubuski.ba\/#\/schema\/person\/19fc700381a780f69665d7956c469e3b","name":"Radio Ljubu\u0161ki"}]}},"_links":{"self":[{"href":"https:\/\/radioljubuski.ba\/index.php\/wp-json\/wp\/v2\/posts\/210368","targetHints":{"allow":["GET"]}}],"collection":[{"href":"https:\/\/radioljubuski.ba\/index.php\/wp-json\/wp\/v2\/posts"}],"about":[{"href":"https:\/\/radioljubuski.ba\/index.php\/wp-json\/wp\/v2\/types\/post"}],"author":[{"embeddable":true,"href":"https:\/\/radioljubuski.ba\/index.php\/wp-json\/wp\/v2\/users\/2"}],"replies":[{"embeddable":true,"href":"https:\/\/radioljubuski.ba\/index.php\/wp-json\/wp\/v2\/comments?post=210368"}],"version-history":[{"count":7,"href":"https:\/\/radioljubuski.ba\/index.php\/wp-json\/wp\/v2\/posts\/210368\/revisions"}],"predecessor-version":[{"id":210392,"href":"https:\/\/radioljubuski.ba\/index.php\/wp-json\/wp\/v2\/posts\/210368\/revisions\/210392"}],"wp:featuredmedia":[{"embeddable":true,"href":"https:\/\/radioljubuski.ba\/index.php\/wp-json\/wp\/v2\/media\/210386"}],"wp:attachment":[{"href":"https:\/\/radioljubuski.ba\/index.php\/wp-json\/wp\/v2\/media?parent=210368"}],"wp:term":[{"taxonomy":"category","embeddable":true,"href":"https:\/\/radioljubuski.ba\/index.php\/wp-json\/wp\/v2\/categories?post=210368"},{"taxonomy":"post_tag","embeddable":true,"href":"https:\/\/radioljubuski.ba\/index.php\/wp-json\/wp\/v2\/tags?post=210368"}],"curies":[{"name":"wp","href":"https:\/\/api.w.org\/{rel}","templated":true}]}}