{"id":210914,"date":"2024-11-21T12:09:52","date_gmt":"2024-11-21T11:09:52","guid":{"rendered":"https:\/\/radioljubuski.ba\/?p=210914"},"modified":"2024-11-21T12:09:53","modified_gmt":"2024-11-21T11:09:53","slug":"izvidac-i-leotar-podijelili-bodove-u-trebinju","status":"publish","type":"post","link":"https:\/\/radioljubuski.ba\/index.php\/2024\/11\/21\/izvidac-i-leotar-podijelili-bodove-u-trebinju\/","title":{"rendered":"Izvi\u0111a\u010d i Leotar podijelili bodove u Trebinju"},"content":{"rendered":"\n<p>Rukometa\u0161i Izvi\u0111a\u010d Agrama sino\u0107 su u Trebinju odigrali zaostalu utakmici 6. kola Premijer lige protiv mom\u010dadi RK Leotar odigrav\u0161i neodlu\u010dno 29:29. \u201eSkauti\u201c su imali sve u svojim rukama, ali su dopustili doma\u0107oj mom\u010dadi da anulira 6 golova prednosti s kojom se u\u0161li u posljednjih deset minuta utakmice (21:271, 50.minuta).<\/p>\n\n\n\n<p>Uvodni 20-tak minuta susreta proteklo je u izjedna\u010denoj. Uglavnom mom\u010dadi su se izmjenjivali u vodstvu, ali ne vi\u0161em od 2 gola. Doma\u0107i rukometa\u0161i su u 7.minuti do\u0161li do prednosti od 2 gola (4:2) da bi u 8. Izvi\u0111a\u010d golovima&nbsp;<strong>Filipa Odaka<\/strong>&nbsp;i&nbsp;<strong>Zvonimira&nbsp;<\/strong>Lukende poravnao rezultat na 4:4. Od 8. do 22. minute, do rezultata 12:11 za doma\u0107ina, igralo se u ritmu gol za gol, da bi u zadnjih 8 minuta prvog dijela, serijom 6:0, (4 gola&nbsp;<strong>Kerima Semi\u0107<\/strong>a i po gol&nbsp;<strong>Marijana \u0160aravanje<\/strong>&nbsp;i&nbsp;<strong>Ognjena Kalamande<\/strong>) \u201eSkauti\u201c stigli do prednost od 5 golova s kojom su oti\u0161li na odmor.<\/p>\n\n\n\n<p>U drugom poluvremenu Izvi\u0111a\u010d je u 39.minuti imao 7 golova prednosti (15:22) da bi Leotar do 43.minute uspio tu prednost \u201espustiti\u201c na 3 gola (19:22). Nakon toga uslijedio je bolji period igre \u201eSkauta\u201c koji su u 50. minuti ponovno imali visoku prednost od 6 golova (21:27). U zavr\u0161ni 10 minuta utakmice uslijedio je veliki pad u igri Izvi\u0111a\u010da, a doma\u0107in se razgoropadio i u 58. minuti uspio susti\u0107i njihovu visoku prednost (28:28). Zadnji 29. gol za Izvi\u0111a\u010d posti\u017ee&nbsp;<strong>Mihael Bebek<\/strong>, ali u 60.minuti gol za Leotar posti\u017ee&nbsp;<strong>Radovan Uljarevi\u0107<\/strong>. \u201eSkauti\u201c su imali zadnji napad i 30 sekundi za njegovu realizaciju, ali u zadnjim sekundama \u0161ut&nbsp;<strong>Mihaela Bebeka<\/strong>&nbsp;brani&nbsp;<strong>Andrej \u010colovi\u0107<\/strong>&nbsp;koji izrasta u junaka utakmice te spa\u0161ava mom\u010dad Leotara od poraza.<\/p>\n\n\n\n<p><strong>Mihael Bebek&nbsp;<\/strong>i&nbsp;<strong>Marijan \u0160aravanja<\/strong>&nbsp;bili su najefikasniji \u201eSkauti\u201c sa po 6 postignutih golova.&nbsp;<strong>Kerim Semi\u0107<\/strong>&nbsp;postigao je 4, a&nbsp;<strong>Milan Vuk\u0161i\u0107<\/strong>&nbsp;3 gola.<br>Iskazao se i vratar<strong>&nbsp;Aldin Alihod\u017ei\u0107<\/strong>&nbsp;s 13 obrana.<\/p>\n\n\n\n<p>\u017deljko \u0160uki\u0107 s 8 golova predvodio je mom\u010dad Lotara. Aleksandar Milojevi\u0107 postigao je 7, a Marko Pare\u017eanin 3 gola.<\/p>\n\n\n\n<p>Nakon ove utakmice \u201eSkauti\u201c se okre\u0107u europskim utakmica. Ve\u0107 sutra kre\u0107u na put u slova\u010dke Michalovce gdje \u0107e u nedjelju, 24.11.2024. godine u Chemkostav Areni s po\u010detkom u 18:00 sati odigrati prvu utakmicu 3. kola EHF European Cup-a protiv ukrajinske mom\u010dadi HC Motor Zaporozhye. Uzvrati susret zakazan je za subotu, 30.11.2024. godine s po\u010detkom u 20:00 sati.<\/p>\n\n\n\n<p>Premijer liga BiH, sezona 2024\/2025, 6. kolo.<br>Trebinje, 20.11.2024. u 19:00 sati.<\/p>\n\n\n\n<p><strong>RK Leotar \u2013 RK Izvi\u0111a\u010d Agram 29:29<\/strong>&nbsp;(12:17)<\/p>\n\n\n\n<p>Trebinje, Sportska dvorana \u201eMilo\u0161 Mrdi\u0107\u201c, 300 gledatelja.<br>Suci: D\u017eemal \u010cedi\u0107 (Sarajevo) i Dino \u0110erzi\u0107 (Ilid\u017ea).<br>Nadzornik: Goran Su\u0161i\u0107 (\u010capljina).<\/p>\n\n\n\n<p><strong>RK Leotar<\/strong>: \u010colovi\u0107, Veraja 1, Arizanovi\u0107 1, Ninkovi\u0107, Milojevi\u0107 7, \u0110ura\u0161kovi\u0107 2, Ratkovi\u0107 2, Pare\u017eanin 3, Babi\u0107, \u0160uki\u0107 8, An\u0111u\u0161i\u0107, Mi\u0161eti\u0107 1, Uljarevi\u0107 2, Mi\u010devi\u0107, Turni\u0107, Kne\u017eevi\u0107.<br>Trener: Dragi\u0161a Kora\u010devi\u0107.<\/p>\n\n\n\n<p><strong>RK Izvi\u0111a\u010d Agram<\/strong>: Alihod\u017ei\u0107 (13 obrane), Suljevi\u0107, Vuk\u0161i\u0107 3, Lukenda 2, Odak 2, \u0160ahinovi\u0107 1, Ljubi\u0107 2, \u0160imi\u0107, Bubalo 2, \u0160aravanja 6, \u0106e\u0161ko, Semi\u0107 4, Bebek 6, Lasi\u0107, Kalamanda 1, Kati\u0107.<br>Trener: Ivan D\u017eoli\u0107, Milan Toli\u0107.<\/p>\n\n\n\n<p>Isklju\u010denja: Leotar 2 minuta, Izvi\u0111a\u010d 6 minuta.<br>Sedmerci: Leotar 1\/1, Izvi\u0111a\u010d -\/-.<\/p>\n\n\n\n<figure class=\"wp-block-image size-full\"><img loading=\"lazy\" decoding=\"async\" width=\"1024\" height=\"683\" src=\"https:\/\/radioljubuski.ba\/wp-content\/uploads\/2024\/11\/Aldin-1024x683-1.jpg\" alt=\"\" class=\"wp-image-210916\" srcset=\"https:\/\/radioljubuski.ba\/wp-content\/uploads\/2024\/11\/Aldin-1024x683-1.jpg 1024w, https:\/\/radioljubuski.ba\/wp-content\/uploads\/2024\/11\/Aldin-1024x683-1-300x200.jpg 300w, https:\/\/radioljubuski.ba\/wp-content\/uploads\/2024\/11\/Aldin-1024x683-1-768x512.jpg 768w, https:\/\/radioljubuski.ba\/wp-content\/uploads\/2024\/11\/Aldin-1024x683-1-18x12.jpg 18w\" sizes=\"auto, (max-width: 1024px) 100vw, 1024px\" \/><\/figure>\n\n\n\n<p>Izvor: Izvidjac.com<\/p>\n\n\n\n<p>Radio Ljubu\u0161ki<\/p>\n","protected":false},"excerpt":{"rendered":"<p>Rukometa\u0161i Izvi\u0111a\u010d Agrama sino\u0107 su u Trebinju odigrali zaostalu utakmici 6. kola Premijer lige protiv mom\u010dadi RK Leotar odigrav\u0161i neodlu\u010dno 29:29. \u201eSkauti\u201c su imali sve u svojim rukama, ali su dopustili doma\u0107oj mom\u010dadi da anulira 6 golova prednosti s kojom se u\u0161li u posljednjih deset minuta utakmice (21:271, 50.minuta). Uvodni 20-tak minuta susreta proteklo je [&hellip;]<\/p>\n","protected":false},"author":2,"featured_media":210915,"comment_status":"closed","ping_status":"closed","sticky":false,"template":"","format":"standard","meta":{"h5ap_radio_sources":[],"footnotes":""},"categories":[3,28,7],"tags":[],"class_list":["post-210914","post","type-post","status-publish","format-standard","has-post-thumbnail","hentry","category-ljubuski","category-novosti","category-sport"],"yoast_head":"<!-- This site is optimized with the Yoast SEO plugin v27.5 - https:\/\/yoast.com\/product\/yoast-seo-wordpress\/ -->\n<title>Izvi\u0111a\u010d i Leotar podijelili bodove u Trebinju - RADIO LJUBU\u0160KI<\/title>\n<meta name=\"robots\" content=\"index, follow, max-snippet:-1, max-image-preview:large, max-video-preview:-1\" \/>\n<link rel=\"canonical\" href=\"https:\/\/radioljubuski.ba\/index.php\/2024\/11\/21\/izvidac-i-leotar-podijelili-bodove-u-trebinju\/\" \/>\n<meta property=\"og:locale\" content=\"hr_HR\" \/>\n<meta property=\"og:type\" content=\"article\" \/>\n<meta property=\"og:title\" content=\"Izvi\u0111a\u010d i Leotar podijelili bodove u Trebinju - RADIO LJUBU\u0160KI\" \/>\n<meta property=\"og:description\" content=\"Rukometa\u0161i Izvi\u0111a\u010d Agrama sino\u0107 su u Trebinju odigrali zaostalu utakmici 6. kola Premijer lige protiv mom\u010dadi RK Leotar odigrav\u0161i neodlu\u010dno 29:29. \u201eSkauti\u201c su imali sve u svojim rukama, ali su dopustili doma\u0107oj mom\u010dadi da anulira 6 golova prednosti s kojom se u\u0161li u posljednjih deset minuta utakmice (21:271, 50.minuta). Uvodni 20-tak minuta susreta proteklo je [&hellip;]\" \/>\n<meta property=\"og:url\" content=\"https:\/\/radioljubuski.ba\/index.php\/2024\/11\/21\/izvidac-i-leotar-podijelili-bodove-u-trebinju\/\" \/>\n<meta property=\"og:site_name\" content=\"RADIO LJUBU\u0160KI\" \/>\n<meta property=\"article:publisher\" content=\"https:\/\/www.facebook.com\/Radiio-Ljubuski-1490835324566332\" \/>\n<meta property=\"article:published_time\" content=\"2024-11-21T11:09:52+00:00\" \/>\n<meta property=\"article:modified_time\" content=\"2024-11-21T11:09:53+00:00\" \/>\n<meta property=\"og:image\" content=\"https:\/\/radioljubuski.ba\/wp-content\/uploads\/2024\/11\/Bebek-1024x484-1.jpg\" \/>\n\t<meta property=\"og:image:width\" content=\"1024\" \/>\n\t<meta property=\"og:image:height\" content=\"484\" \/>\n\t<meta property=\"og:image:type\" content=\"image\/jpeg\" \/>\n<meta name=\"author\" content=\"Radio Ljubu\u0161ki\" \/>\n<meta name=\"twitter:card\" content=\"summary_large_image\" \/>\n<meta name=\"twitter:creator\" content=\"@radioljubuski\" \/>\n<meta name=\"twitter:site\" content=\"@radioljubuski\" \/>\n<meta name=\"twitter:label1\" content=\"Napisao\/la\" \/>\n\t<meta name=\"twitter:data1\" content=\"Radio Ljubu\u0161ki\" \/>\n\t<meta name=\"twitter:label2\" content=\"Procijenjeno vrijeme \u010ditanja\" \/>\n\t<meta name=\"twitter:data2\" content=\"4 minute\" \/>\n<script type=\"application\/ld+json\" class=\"yoast-schema-graph\">{\"@context\":\"https:\\\/\\\/schema.org\",\"@graph\":[{\"@type\":\"Article\",\"@id\":\"https:\\\/\\\/radioljubuski.ba\\\/index.php\\\/2024\\\/11\\\/21\\\/izvidac-i-leotar-podijelili-bodove-u-trebinju\\\/#article\",\"isPartOf\":{\"@id\":\"https:\\\/\\\/radioljubuski.ba\\\/index.php\\\/2024\\\/11\\\/21\\\/izvidac-i-leotar-podijelili-bodove-u-trebinju\\\/\"},\"author\":{\"name\":\"Radio Ljubu\u0161ki\",\"@id\":\"https:\\\/\\\/radioljubuski.ba\\\/#\\\/schema\\\/person\\\/19fc700381a780f69665d7956c469e3b\"},\"headline\":\"Izvi\u0111a\u010d i Leotar podijelili bodove u Trebinju\",\"datePublished\":\"2024-11-21T11:09:52+00:00\",\"dateModified\":\"2024-11-21T11:09:53+00:00\",\"mainEntityOfPage\":{\"@id\":\"https:\\\/\\\/radioljubuski.ba\\\/index.php\\\/2024\\\/11\\\/21\\\/izvidac-i-leotar-podijelili-bodove-u-trebinju\\\/\"},\"wordCount\":524,\"publisher\":{\"@id\":\"https:\\\/\\\/radioljubuski.ba\\\/#organization\"},\"image\":{\"@id\":\"https:\\\/\\\/radioljubuski.ba\\\/index.php\\\/2024\\\/11\\\/21\\\/izvidac-i-leotar-podijelili-bodove-u-trebinju\\\/#primaryimage\"},\"thumbnailUrl\":\"https:\\\/\\\/radioljubuski.ba\\\/wp-content\\\/uploads\\\/2024\\\/11\\\/Bebek-1024x484-1.jpg\",\"articleSection\":[\"Ljubu\u0161ki\",\"Novosti\",\"\u0160port\"],\"inLanguage\":\"hr\"},{\"@type\":\"WebPage\",\"@id\":\"https:\\\/\\\/radioljubuski.ba\\\/index.php\\\/2024\\\/11\\\/21\\\/izvidac-i-leotar-podijelili-bodove-u-trebinju\\\/\",\"url\":\"https:\\\/\\\/radioljubuski.ba\\\/index.php\\\/2024\\\/11\\\/21\\\/izvidac-i-leotar-podijelili-bodove-u-trebinju\\\/\",\"name\":\"Izvi\u0111a\u010d i Leotar podijelili bodove u Trebinju - RADIO LJUBU\u0160KI\",\"isPartOf\":{\"@id\":\"https:\\\/\\\/radioljubuski.ba\\\/#website\"},\"primaryImageOfPage\":{\"@id\":\"https:\\\/\\\/radioljubuski.ba\\\/index.php\\\/2024\\\/11\\\/21\\\/izvidac-i-leotar-podijelili-bodove-u-trebinju\\\/#primaryimage\"},\"image\":{\"@id\":\"https:\\\/\\\/radioljubuski.ba\\\/index.php\\\/2024\\\/11\\\/21\\\/izvidac-i-leotar-podijelili-bodove-u-trebinju\\\/#primaryimage\"},\"thumbnailUrl\":\"https:\\\/\\\/radioljubuski.ba\\\/wp-content\\\/uploads\\\/2024\\\/11\\\/Bebek-1024x484-1.jpg\",\"datePublished\":\"2024-11-21T11:09:52+00:00\",\"dateModified\":\"2024-11-21T11:09:53+00:00\",\"breadcrumb\":{\"@id\":\"https:\\\/\\\/radioljubuski.ba\\\/index.php\\\/2024\\\/11\\\/21\\\/izvidac-i-leotar-podijelili-bodove-u-trebinju\\\/#breadcrumb\"},\"inLanguage\":\"hr\",\"potentialAction\":[{\"@type\":\"ReadAction\",\"target\":[\"https:\\\/\\\/radioljubuski.ba\\\/index.php\\\/2024\\\/11\\\/21\\\/izvidac-i-leotar-podijelili-bodove-u-trebinju\\\/\"]}]},{\"@type\":\"ImageObject\",\"inLanguage\":\"hr\",\"@id\":\"https:\\\/\\\/radioljubuski.ba\\\/index.php\\\/2024\\\/11\\\/21\\\/izvidac-i-leotar-podijelili-bodove-u-trebinju\\\/#primaryimage\",\"url\":\"https:\\\/\\\/radioljubuski.ba\\\/wp-content\\\/uploads\\\/2024\\\/11\\\/Bebek-1024x484-1.jpg\",\"contentUrl\":\"https:\\\/\\\/radioljubuski.ba\\\/wp-content\\\/uploads\\\/2024\\\/11\\\/Bebek-1024x484-1.jpg\",\"width\":1024,\"height\":484},{\"@type\":\"BreadcrumbList\",\"@id\":\"https:\\\/\\\/radioljubuski.ba\\\/index.php\\\/2024\\\/11\\\/21\\\/izvidac-i-leotar-podijelili-bodove-u-trebinju\\\/#breadcrumb\",\"itemListElement\":[{\"@type\":\"ListItem\",\"position\":1,\"name\":\"Po\u010detna stranica\",\"item\":\"https:\\\/\\\/radioljubuski.ba\\\/\"},{\"@type\":\"ListItem\",\"position\":2,\"name\":\"Izvi\u0111a\u010d i Leotar podijelili bodove u Trebinju\"}]},{\"@type\":\"WebSite\",\"@id\":\"https:\\\/\\\/radioljubuski.ba\\\/#website\",\"url\":\"https:\\\/\\\/radioljubuski.ba\\\/\",\"name\":\"Radio Ljubu\u0161ki\",\"description\":\"Sun\u010dana frekvencija Hercegovine\",\"publisher\":{\"@id\":\"https:\\\/\\\/radioljubuski.ba\\\/#organization\"},\"potentialAction\":[{\"@type\":\"SearchAction\",\"target\":{\"@type\":\"EntryPoint\",\"urlTemplate\":\"https:\\\/\\\/radioljubuski.ba\\\/?s={search_term_string}\"},\"query-input\":{\"@type\":\"PropertyValueSpecification\",\"valueRequired\":true,\"valueName\":\"search_term_string\"}}],\"inLanguage\":\"hr\"},{\"@type\":\"Organization\",\"@id\":\"https:\\\/\\\/radioljubuski.ba\\\/#organization\",\"name\":\"Radio Ljubu\u0161ki\",\"url\":\"https:\\\/\\\/radioljubuski.ba\\\/\",\"logo\":{\"@type\":\"ImageObject\",\"inLanguage\":\"hr\",\"@id\":\"https:\\\/\\\/radioljubuski.ba\\\/#\\\/schema\\\/logo\\\/image\\\/\",\"url\":\"https:\\\/\\\/radioljubuski.ba\\\/wp-content\\\/uploads\\\/2021\\\/02\\\/cropped-Radio_Ljubuski_logo1.jpg\",\"contentUrl\":\"https:\\\/\\\/radioljubuski.ba\\\/wp-content\\\/uploads\\\/2021\\\/02\\\/cropped-Radio_Ljubuski_logo1.jpg\",\"width\":512,\"height\":512,\"caption\":\"Radio Ljubu\u0161ki\"},\"image\":{\"@id\":\"https:\\\/\\\/radioljubuski.ba\\\/#\\\/schema\\\/logo\\\/image\\\/\"},\"sameAs\":[\"https:\\\/\\\/www.facebook.com\\\/Radiio-Ljubuski-1490835324566332\",\"https:\\\/\\\/x.com\\\/radioljubuski\",\"https:\\\/\\\/hr.linkedin.com\\\/company\\\/radio-ljubuski\",\"https:\\\/\\\/www.youtube.com\\\/channel\\\/UCHYaeO_n0Db3tjNGudGpXyw\"]},{\"@type\":\"Person\",\"@id\":\"https:\\\/\\\/radioljubuski.ba\\\/#\\\/schema\\\/person\\\/19fc700381a780f69665d7956c469e3b\",\"name\":\"Radio Ljubu\u0161ki\"}]}<\/script>\n<!-- \/ Yoast SEO plugin. -->","yoast_head_json":{"title":"Izvi\u0111a\u010d i Leotar podijelili bodove u Trebinju - RADIO LJUBU\u0160KI","robots":{"index":"index","follow":"follow","max-snippet":"max-snippet:-1","max-image-preview":"max-image-preview:large","max-video-preview":"max-video-preview:-1"},"canonical":"https:\/\/radioljubuski.ba\/index.php\/2024\/11\/21\/izvidac-i-leotar-podijelili-bodove-u-trebinju\/","og_locale":"hr_HR","og_type":"article","og_title":"Izvi\u0111a\u010d i Leotar podijelili bodove u Trebinju - RADIO LJUBU\u0160KI","og_description":"Rukometa\u0161i Izvi\u0111a\u010d Agrama sino\u0107 su u Trebinju odigrali zaostalu utakmici 6. kola Premijer lige protiv mom\u010dadi RK Leotar odigrav\u0161i neodlu\u010dno 29:29. \u201eSkauti\u201c su imali sve u svojim rukama, ali su dopustili doma\u0107oj mom\u010dadi da anulira 6 golova prednosti s kojom se u\u0161li u posljednjih deset minuta utakmice (21:271, 50.minuta). Uvodni 20-tak minuta susreta proteklo je [&hellip;]","og_url":"https:\/\/radioljubuski.ba\/index.php\/2024\/11\/21\/izvidac-i-leotar-podijelili-bodove-u-trebinju\/","og_site_name":"RADIO LJUBU\u0160KI","article_publisher":"https:\/\/www.facebook.com\/Radiio-Ljubuski-1490835324566332","article_published_time":"2024-11-21T11:09:52+00:00","article_modified_time":"2024-11-21T11:09:53+00:00","og_image":[{"width":1024,"height":484,"url":"https:\/\/radioljubuski.ba\/wp-content\/uploads\/2024\/11\/Bebek-1024x484-1.jpg","type":"image\/jpeg"}],"author":"Radio Ljubu\u0161ki","twitter_card":"summary_large_image","twitter_creator":"@radioljubuski","twitter_site":"@radioljubuski","twitter_misc":{"Napisao\/la":"Radio Ljubu\u0161ki","Procijenjeno vrijeme \u010ditanja":"4 minute"},"schema":{"@context":"https:\/\/schema.org","@graph":[{"@type":"Article","@id":"https:\/\/radioljubuski.ba\/index.php\/2024\/11\/21\/izvidac-i-leotar-podijelili-bodove-u-trebinju\/#article","isPartOf":{"@id":"https:\/\/radioljubuski.ba\/index.php\/2024\/11\/21\/izvidac-i-leotar-podijelili-bodove-u-trebinju\/"},"author":{"name":"Radio Ljubu\u0161ki","@id":"https:\/\/radioljubuski.ba\/#\/schema\/person\/19fc700381a780f69665d7956c469e3b"},"headline":"Izvi\u0111a\u010d i Leotar podijelili bodove u Trebinju","datePublished":"2024-11-21T11:09:52+00:00","dateModified":"2024-11-21T11:09:53+00:00","mainEntityOfPage":{"@id":"https:\/\/radioljubuski.ba\/index.php\/2024\/11\/21\/izvidac-i-leotar-podijelili-bodove-u-trebinju\/"},"wordCount":524,"publisher":{"@id":"https:\/\/radioljubuski.ba\/#organization"},"image":{"@id":"https:\/\/radioljubuski.ba\/index.php\/2024\/11\/21\/izvidac-i-leotar-podijelili-bodove-u-trebinju\/#primaryimage"},"thumbnailUrl":"https:\/\/radioljubuski.ba\/wp-content\/uploads\/2024\/11\/Bebek-1024x484-1.jpg","articleSection":["Ljubu\u0161ki","Novosti","\u0160port"],"inLanguage":"hr"},{"@type":"WebPage","@id":"https:\/\/radioljubuski.ba\/index.php\/2024\/11\/21\/izvidac-i-leotar-podijelili-bodove-u-trebinju\/","url":"https:\/\/radioljubuski.ba\/index.php\/2024\/11\/21\/izvidac-i-leotar-podijelili-bodove-u-trebinju\/","name":"Izvi\u0111a\u010d i Leotar podijelili bodove u Trebinju - RADIO LJUBU\u0160KI","isPartOf":{"@id":"https:\/\/radioljubuski.ba\/#website"},"primaryImageOfPage":{"@id":"https:\/\/radioljubuski.ba\/index.php\/2024\/11\/21\/izvidac-i-leotar-podijelili-bodove-u-trebinju\/#primaryimage"},"image":{"@id":"https:\/\/radioljubuski.ba\/index.php\/2024\/11\/21\/izvidac-i-leotar-podijelili-bodove-u-trebinju\/#primaryimage"},"thumbnailUrl":"https:\/\/radioljubuski.ba\/wp-content\/uploads\/2024\/11\/Bebek-1024x484-1.jpg","datePublished":"2024-11-21T11:09:52+00:00","dateModified":"2024-11-21T11:09:53+00:00","breadcrumb":{"@id":"https:\/\/radioljubuski.ba\/index.php\/2024\/11\/21\/izvidac-i-leotar-podijelili-bodove-u-trebinju\/#breadcrumb"},"inLanguage":"hr","potentialAction":[{"@type":"ReadAction","target":["https:\/\/radioljubuski.ba\/index.php\/2024\/11\/21\/izvidac-i-leotar-podijelili-bodove-u-trebinju\/"]}]},{"@type":"ImageObject","inLanguage":"hr","@id":"https:\/\/radioljubuski.ba\/index.php\/2024\/11\/21\/izvidac-i-leotar-podijelili-bodove-u-trebinju\/#primaryimage","url":"https:\/\/radioljubuski.ba\/wp-content\/uploads\/2024\/11\/Bebek-1024x484-1.jpg","contentUrl":"https:\/\/radioljubuski.ba\/wp-content\/uploads\/2024\/11\/Bebek-1024x484-1.jpg","width":1024,"height":484},{"@type":"BreadcrumbList","@id":"https:\/\/radioljubuski.ba\/index.php\/2024\/11\/21\/izvidac-i-leotar-podijelili-bodove-u-trebinju\/#breadcrumb","itemListElement":[{"@type":"ListItem","position":1,"name":"Po\u010detna stranica","item":"https:\/\/radioljubuski.ba\/"},{"@type":"ListItem","position":2,"name":"Izvi\u0111a\u010d i Leotar podijelili bodove u Trebinju"}]},{"@type":"WebSite","@id":"https:\/\/radioljubuski.ba\/#website","url":"https:\/\/radioljubuski.ba\/","name":"Radio Ljubu\u0161ki","description":"Sun\u010dana frekvencija Hercegovine","publisher":{"@id":"https:\/\/radioljubuski.ba\/#organization"},"potentialAction":[{"@type":"SearchAction","target":{"@type":"EntryPoint","urlTemplate":"https:\/\/radioljubuski.ba\/?s={search_term_string}"},"query-input":{"@type":"PropertyValueSpecification","valueRequired":true,"valueName":"search_term_string"}}],"inLanguage":"hr"},{"@type":"Organization","@id":"https:\/\/radioljubuski.ba\/#organization","name":"Radio Ljubu\u0161ki","url":"https:\/\/radioljubuski.ba\/","logo":{"@type":"ImageObject","inLanguage":"hr","@id":"https:\/\/radioljubuski.ba\/#\/schema\/logo\/image\/","url":"https:\/\/radioljubuski.ba\/wp-content\/uploads\/2021\/02\/cropped-Radio_Ljubuski_logo1.jpg","contentUrl":"https:\/\/radioljubuski.ba\/wp-content\/uploads\/2021\/02\/cropped-Radio_Ljubuski_logo1.jpg","width":512,"height":512,"caption":"Radio Ljubu\u0161ki"},"image":{"@id":"https:\/\/radioljubuski.ba\/#\/schema\/logo\/image\/"},"sameAs":["https:\/\/www.facebook.com\/Radiio-Ljubuski-1490835324566332","https:\/\/x.com\/radioljubuski","https:\/\/hr.linkedin.com\/company\/radio-ljubuski","https:\/\/www.youtube.com\/channel\/UCHYaeO_n0Db3tjNGudGpXyw"]},{"@type":"Person","@id":"https:\/\/radioljubuski.ba\/#\/schema\/person\/19fc700381a780f69665d7956c469e3b","name":"Radio Ljubu\u0161ki"}]}},"_links":{"self":[{"href":"https:\/\/radioljubuski.ba\/index.php\/wp-json\/wp\/v2\/posts\/210914","targetHints":{"allow":["GET"]}}],"collection":[{"href":"https:\/\/radioljubuski.ba\/index.php\/wp-json\/wp\/v2\/posts"}],"about":[{"href":"https:\/\/radioljubuski.ba\/index.php\/wp-json\/wp\/v2\/types\/post"}],"author":[{"embeddable":true,"href":"https:\/\/radioljubuski.ba\/index.php\/wp-json\/wp\/v2\/users\/2"}],"replies":[{"embeddable":true,"href":"https:\/\/radioljubuski.ba\/index.php\/wp-json\/wp\/v2\/comments?post=210914"}],"version-history":[{"count":1,"href":"https:\/\/radioljubuski.ba\/index.php\/wp-json\/wp\/v2\/posts\/210914\/revisions"}],"predecessor-version":[{"id":210917,"href":"https:\/\/radioljubuski.ba\/index.php\/wp-json\/wp\/v2\/posts\/210914\/revisions\/210917"}],"wp:featuredmedia":[{"embeddable":true,"href":"https:\/\/radioljubuski.ba\/index.php\/wp-json\/wp\/v2\/media\/210915"}],"wp:attachment":[{"href":"https:\/\/radioljubuski.ba\/index.php\/wp-json\/wp\/v2\/media?parent=210914"}],"wp:term":[{"taxonomy":"category","embeddable":true,"href":"https:\/\/radioljubuski.ba\/index.php\/wp-json\/wp\/v2\/categories?post=210914"},{"taxonomy":"post_tag","embeddable":true,"href":"https:\/\/radioljubuski.ba\/index.php\/wp-json\/wp\/v2\/tags?post=210914"}],"curies":[{"name":"wp","href":"https:\/\/api.w.org\/{rel}","templated":true}]}}