{"id":211335,"date":"2024-12-03T11:44:13","date_gmt":"2024-12-03T10:44:13","guid":{"rendered":"https:\/\/radioljubuski.ba\/?p=211335"},"modified":"2024-12-03T11:44:14","modified_gmt":"2024-12-03T10:44:14","slug":"dzolic-i-simic-o-pobjedi-protiv-motora-i-mogucim-protivnicima-izvidaca-u-osmini-finala-ehf-european-cup-a","status":"publish","type":"post","link":"https:\/\/radioljubuski.ba\/index.php\/2024\/12\/03\/dzolic-i-simic-o-pobjedi-protiv-motora-i-mogucim-protivnicima-izvidaca-u-osmini-finala-ehf-european-cup-a\/","title":{"rendered":"D\u017eoli\u0107 i \u0160imi\u0107 o pobjedi protiv Motora i mogu\u0107im protivnicima Izvi\u0111a\u010da u osmini finala EHF European Cup-a"},"content":{"rendered":"\n<p>\u201eIde\u0161 prema lopti, a ne zna\u0161 kako bi pucao. Sve \u0161to si prije zamislio zaboravi\u0161. Samo misli\u0161 da je ubaciti loptu u gol. Odlu\u010dio sam \u010dekati golmana do kraja, pri\u010dekao sam ga do kraja i to je to. Bogu hvala, kad je lopta u\u0161la u gol, kad si je vidio u golu, tr\u010di\u0161, slavi\u0161, gleda\u0161 publiku kako slavi, slavi puna dvorana\u2026 Stvarno lijep osje\u0107aj. Sigurno jedan od najva\u017enijih golova u mojoj karijeri kojeg \u0107u se jako dugo sje\u0107ati\u201c, tako je opisao odlu\u010duju\u0107i gol iz posljednjeg sedmerca utakmice izme\u0111u Izvi\u0111a\u010da i Motora strijelac gola Matej \u0160imi\u0107 gostuju\u0107i u programu Radija Ljubu\u0161ki.<\/p>\n\n\n\n<p>Radi se o golu s uzvratne utakmice 3. kola EHF European Cup-a izme\u0111u Izvi\u0111a\u010da i ukrajinskog kluba HC Motor Zaporozhye koji je Izvi\u0111a\u010d odveo u osminu finala tog renomiranog europskog natjecanja. Podsje\u0107amo Motor je u prvoj utakmici, odigranoj u Slova\u010dkoj slavio s 33:32, Izvi\u0111a\u010d u subotu u uzvratnoj utakmici 32:31. Nakon toga se pristupilo izvo\u0111enju sedmeraca i nakon deset udaraca sa sedam metara i s jedne i s druge strane, dakle izvedeno je ukupno dvadeset sedmeraca, Izvi\u0111a\u010d je pro\u0161ao dalje s ukupnih 41:39 u drugoj utakmici.<\/p>\n\n\n\n<p>Uz Mateja \u0160imi\u0107a, gost u emisiji Radija Ljubu\u0161ki \u201eVrijeme je za sport\u201c bio je i trener Izvi\u0111a\u010da Ivan D\u017eoli\u0107.<\/p>\n\n\n\n<p>\u201eNa poluvrijeme smo oti\u0161li sa plus \u0161est golova, a posebno bi izdvojio posljednje dvije minute prvog poluvremena kada su nas gosti poku\u0161ali iznenaditi s takti\u010dkom zamisli sedam na \u0161est \u0161to smo mi spremno do\u010dekali i ispo\u0161tovali dogovor koji smo spremali za tu varijantu. Moram dodati da smo u prvom poluvremenu odigrali gotovo pa savr\u0161enu obranu. Dobro smo nastavili i u drugom poluvremenu i u 37. minuti imali plus osam. I onda, \u0161to nam se doga\u0111alo nekoliko puta, mlada smo ekipa i ulazimo u neke crne rupe. Probao sam to presje\u0107i time-autom i nakon toga smo se dr\u017eali par minuta i u zadnjih pet minuta smo u\u0161li s pet golova razlike. Onda smo proma\u0161ili dva \u010dista zicera i jedan sedmerac i doveli utakmicu u nemirne vode. Nakon tih 60 regularnih minuta bilo je te\u0161ko psiholo\u0161ki podi\u0107i ekipu, ali eto uspjeli smo pobijediti u toj drami sedmeraca. Na kraju moram mojim momcima skinuti kapu jer su sve uspjeli nadvladati i sebe i protivnike i njihovog golmana. Ovo su utakmice za koje se \u017eivi i koje se doista rijetko doga\u0111aju\u201c, iznio je svoje vi\u0111enje utakmice trener D\u017eoli\u0107.<\/p>\n\n\n\n<blockquote class=\"instagram-media\" data-instgrm-captioned data-instgrm-permalink=\"https:\/\/www.instagram.com\/reel\/DDHCHhKNktP\/?utm_source=ig_embed&amp;utm_campaign=loading\" data-instgrm-version=\"14\" style=\" background:#FFF; border:0; border-radius:3px; box-shadow:0 0 1px 0 rgba(0,0,0,0.5),0 1px 10px 0 rgba(0,0,0,0.15); margin: 1px; max-width:540px; min-width:326px; padding:0; width:99.375%; width:-webkit-calc(100% - 2px); width:calc(100% - 2px);\"><div style=\"padding:16px;\"> <a href=\"https:\/\/www.instagram.com\/reel\/DDHCHhKNktP\/?utm_source=ig_embed&amp;utm_campaign=loading\" style=\" background:#FFFFFF; line-height:0; padding:0 0; text-align:center; text-decoration:none; width:100%;\" target=\"_blank\"> <div style=\" display: flex; flex-direction: row; align-items: center;\"> <div style=\"background-color: #F4F4F4; border-radius: 50%; flex-grow: 0; height: 40px; margin-right: 14px; width: 40px;\"><\/div> <div style=\"display: flex; flex-direction: column; flex-grow: 1; justify-content: center;\"> <div style=\" background-color: #F4F4F4; border-radius: 4px; flex-grow: 0; height: 14px; margin-bottom: 6px; width: 100px;\"><\/div> <div style=\" background-color: #F4F4F4; border-radius: 4px; flex-grow: 0; height: 14px; width: 60px;\"><\/div><\/div><\/div><div style=\"padding: 19% 0;\"><\/div> <div style=\"display:block; height:50px; margin:0 auto 12px; width:50px;\"><svg width=\"50px\" height=\"50px\" viewBox=\"0 0 60 60\" version=\"1.1\" xmlns=\"https:\/\/www.w3.org\/2000\/svg\" xmlns:xlink=\"https:\/\/www.w3.org\/1999\/xlink\"><g stroke=\"none\" stroke-width=\"1\" fill=\"none\" fill-rule=\"evenodd\"><g transform=\"translate(-511.000000, -20.000000)\" fill=\"#000000\"><g><path d=\"M556.869,30.41 C554.814,30.41 553.148,32.076 553.148,34.131 C553.148,36.186 554.814,37.852 556.869,37.852 C558.924,37.852 560.59,36.186 560.59,34.131 C560.59,32.076 558.924,30.41 556.869,30.41 M541,60.657 C535.114,60.657 530.342,55.887 530.342,50 C530.342,44.114 535.114,39.342 541,39.342 C546.887,39.342 551.658,44.114 551.658,50 C551.658,55.887 546.887,60.657 541,60.657 M541,33.886 C532.1,33.886 524.886,41.1 524.886,50 C524.886,58.899 532.1,66.113 541,66.113 C549.9,66.113 557.115,58.899 557.115,50 C557.115,41.1 549.9,33.886 541,33.886 M565.378,62.101 C565.244,65.022 564.756,66.606 564.346,67.663 C563.803,69.06 563.154,70.057 562.106,71.106 C561.058,72.155 560.06,72.803 558.662,73.347 C557.607,73.757 556.021,74.244 553.102,74.378 C549.944,74.521 548.997,74.552 541,74.552 C533.003,74.552 532.056,74.521 528.898,74.378 C525.979,74.244 524.393,73.757 523.338,73.347 C521.94,72.803 520.942,72.155 519.894,71.106 C518.846,70.057 518.197,69.06 517.654,67.663 C517.244,66.606 516.755,65.022 516.623,62.101 C516.479,58.943 516.448,57.996 516.448,50 C516.448,42.003 516.479,41.056 516.623,37.899 C516.755,34.978 517.244,33.391 517.654,32.338 C518.197,30.938 518.846,29.942 519.894,28.894 C520.942,27.846 521.94,27.196 523.338,26.654 C524.393,26.244 525.979,25.756 528.898,25.623 C532.057,25.479 533.004,25.448 541,25.448 C548.997,25.448 549.943,25.479 553.102,25.623 C556.021,25.756 557.607,26.244 558.662,26.654 C560.06,27.196 561.058,27.846 562.106,28.894 C563.154,29.942 563.803,30.938 564.346,32.338 C564.756,33.391 565.244,34.978 565.378,37.899 C565.522,41.056 565.552,42.003 565.552,50 C565.552,57.996 565.522,58.943 565.378,62.101 M570.82,37.631 C570.674,34.438 570.167,32.258 569.425,30.349 C568.659,28.377 567.633,26.702 565.965,25.035 C564.297,23.368 562.623,22.342 560.652,21.575 C558.743,20.834 556.562,20.326 553.369,20.18 C550.169,20.033 549.148,20 541,20 C532.853,20 531.831,20.033 528.631,20.18 C525.438,20.326 523.257,20.834 521.349,21.575 C519.376,22.342 517.703,23.368 516.035,25.035 C514.368,26.702 513.342,28.377 512.574,30.349 C511.834,32.258 511.326,34.438 511.181,37.631 C511.035,40.831 511,41.851 511,50 C511,58.147 511.035,59.17 511.181,62.369 C511.326,65.562 511.834,67.743 512.574,69.651 C513.342,71.625 514.368,73.296 516.035,74.965 C517.703,76.634 519.376,77.658 521.349,78.425 C523.257,79.167 525.438,79.673 528.631,79.82 C531.831,79.965 532.853,80.001 541,80.001 C549.148,80.001 550.169,79.965 553.369,79.82 C556.562,79.673 558.743,79.167 560.652,78.425 C562.623,77.658 564.297,76.634 565.965,74.965 C567.633,73.296 568.659,71.625 569.425,69.651 C570.167,67.743 570.674,65.562 570.82,62.369 C570.966,59.17 571,58.147 571,50 C571,41.851 570.966,40.831 570.82,37.631\"><\/path><\/g><\/g><\/g><\/svg><\/div><div style=\"padding-top: 8px;\"> <div style=\" color:#3897f0; font-family:Arial,sans-serif; font-size:14px; font-style:normal; font-weight:550; line-height:18px;\">Pogledajte ovu objavu na Instagramu.<\/div><\/div><div style=\"padding: 12.5% 0;\"><\/div> <div style=\"display: flex; flex-direction: row; margin-bottom: 14px; align-items: center;\"><div> <div style=\"background-color: #F4F4F4; border-radius: 50%; height: 12.5px; width: 12.5px; transform: translateX(0px) translateY(7px);\"><\/div> <div style=\"background-color: #F4F4F4; height: 12.5px; transform: rotate(-45deg) translateX(3px) translateY(1px); width: 12.5px; flex-grow: 0; margin-right: 14px; margin-left: 2px;\"><\/div> <div style=\"background-color: #F4F4F4; border-radius: 50%; height: 12.5px; width: 12.5px; transform: translateX(9px) translateY(-18px);\"><\/div><\/div><div style=\"margin-left: 8px;\"> <div style=\" background-color: #F4F4F4; border-radius: 50%; flex-grow: 0; height: 20px; width: 20px;\"><\/div> <div style=\" width: 0; height: 0; border-top: 2px solid transparent; border-left: 6px solid #f4f4f4; border-bottom: 2px solid transparent; transform: translateX(16px) translateY(-4px) rotate(30deg)\"><\/div><\/div><div style=\"margin-left: auto;\"> <div style=\" width: 0px; border-top: 8px solid #F4F4F4; border-right: 8px solid transparent; transform: translateY(16px);\"><\/div> <div style=\" background-color: #F4F4F4; flex-grow: 0; height: 12px; width: 16px; transform: translateY(-4px);\"><\/div> <div style=\" width: 0; height: 0; border-top: 8px solid #F4F4F4; border-left: 8px solid transparent; transform: translateY(-4px) translateX(8px);\"><\/div><\/div><\/div> <div style=\"display: flex; flex-direction: column; flex-grow: 1; justify-content: center; margin-bottom: 24px;\"> <div style=\" background-color: #F4F4F4; border-radius: 4px; flex-grow: 0; height: 14px; margin-bottom: 6px; width: 224px;\"><\/div> <div style=\" background-color: #F4F4F4; border-radius: 4px; flex-grow: 0; height: 14px; width: 144px;\"><\/div><\/div><\/a><p style=\" color:#c9c8cd; font-family:Arial,sans-serif; font-size:14px; line-height:17px; margin-bottom:0; margin-top:8px; overflow:hidden; padding:8px 0 7px; text-align:center; text-overflow:ellipsis; white-space:nowrap;\"><a href=\"https:\/\/www.instagram.com\/reel\/DDHCHhKNktP\/?utm_source=ig_embed&amp;utm_campaign=loading\" style=\" color:#c9c8cd; font-family:Arial,sans-serif; font-size:14px; font-style:normal; font-weight:normal; line-height:17px; text-decoration:none;\" target=\"_blank\">Objavu dijeli Radio Ljubu\u0161ki\ud83d\udcfb (@radio_ljubuski)<\/a><\/p><\/div><\/blockquote>\n<script async src=\"\/\/www.instagram.com\/embed.js\"><\/script>\n\n\n\n<p>\u0160imi\u0107 je imao vrlo sli\u010dno razmi\u0161ljanje o utakmici kao i trener D\u017eoli\u0107.<\/p>\n\n\n\n<p>\u201eU prvom poluvremenu smo zaista odigrali odli\u010dnu obranu. Zatvarali smo sve gdje je curilo u prvoj utakmici u Slova\u010dkoj. U drugo poluvrijeme smo tako\u0111er u\u0161li odli\u010dno i oti\u0161li na osam golova prednosti. Nakon toga smo napravili nekoliko sitnih gre\u0161aka, imali smo nekoliko isklju\u010denja, uglavnom sve je krenulo naopako. Nakon \u0161to smo imali osam razlike oni su do\u0161li na \u010detiri pa na tri gola razlike i tada se u nas uvukla neka nervoza. S obzirom da smo mlada ekipa do\u0161lo je do odre\u0111ene dekoncentracije i oni su uspjeli smanjiti prednost na jedan gol razlike i odvesti utakmicu u rulet sedmeraca\u201c, kazao je \u0160imi\u0107.<\/p>\n\n\n\n<p>Utakmica protiv Motora je pokazala da je u igri Izvi\u0111a\u010da nekoliko puta &nbsp;dolazilo do pada koncentracije posebice u posljednjim minutama utakmice. Trener D\u017eoli\u0107 isti\u010de da je to stavka na kojoj je potrebno najvi\u0161e raditi u idu\u0107em razdoblju.<\/p>\n\n\n\n<p>\u201eDovedemo sebe u situaciju da se u mom\u010dad uvu\u010de neka nervoza i panika, a apsolutno nema nikakvog razloga za to. Ako \u017eelimo biti jo\u0161 bolji jo\u0161 uspje\u0161niji moramo smanjiti te faze dekoncentracije i faze tih crnih rupa na minimum. Me\u0111utim, vjerujem da \u0107e igra\u010di na tim gre\u0161kama br\u017ee odrastati nego na utakmicama koje dobijemo s deset ili petnaest golova prednosti. Uglavnom, nadam se da \u0107emo svi iz tih situacija izvu\u0107i neke pozitivne pouke\u201c, mi\u0161ljenja je D\u017eoli\u0107.<\/p>\n\n\n\n<p>Na kraju je D\u017eoli\u0107 konstatirao da je izbacivanje iz daljnjeg natjecanja ukrajinskog Motora ipak veliki uspjeh Izvi\u0111a\u010da jer se radi o odli\u010dnoj mom\u010dadi koja je bila izraziti favorit prije utakmica s Izvi\u0111a\u010dem.<\/p>\n\n\n\n<p>\u201eRadi se o mom\u010dadi koja ima \u010detiri ukrajinska reprezentativca. Imaju igra\u010de koji imaju iskustvo igranja Lige prvaka u rukometu i ve\u0107 preko deset godina igraju za Motor. Moramo biti svjesni da je to mom\u010dad koja je od 2011. do 2021. godine igrala deset sezona za redom Ligu prvaka na najvi\u0161oj razini i nisu tamo bili samo prolaznici, bili su jako konkurentni. I sad je tu ostalo nekoliko tih igra\u010da koji su ostali uz svoju obitelj u Ukrajini i nastavili su igrati za Motor. Dakle, radi se o odli\u010dnoj mom\u010dadi koja je u ove susrete u\u0161la kao favorit, ali ja jo\u0161 jednom moram \u010destitati svojim momcima koji su uspjeli pro\u0107i dalje nakon ove dvije utakmice\u201c, konstatirao je trener Izvi\u0111a\u010da.<\/p>\n\n\n\n<p>D\u017eoli\u0107 se kratko osvrnuo i na mogu\u0107e protivnike Izvi\u0111a\u010da u osmini finala tog europskog natjecanja.<\/p>\n\n\n\n<p>\u201eImamo jednu promjenu kada je u pitanju izvla\u010denje parova osmine finala. Danas nam je stigao dopis da \u0107e izvla\u010denje biti u petak 6. prosinca u 11 sati, a ne kako je ranije najavljeno u utorak. \u0160to se ti\u010de protivnika, ima tu mom\u010dadi s kojima mo\u017eemo ravnopravno igrati, ali ima i puno ja\u010dih mom\u010dadi od na\u0161e. Izdvojio bi tu prije svega klubove iz okru\u017eenja, Partizan i Alkaloid iz Makedonije, obje ekipe su vode\u0107e u svojim prvenstvima i imaju izvanrednu doma\u0107u atmosferu na svojim utakmicama. Imamo i dvije slovenske mom\u010dadi, jednu talijansku, imamo turski Be\u0161ikta\u0161, gr\u010dki Olimpiacos, \u010detiri skandinavske mom\u010dadi, tri iz Norve\u0161ke jednu iz Finske, uglavnom vrlo jaka konkurencija. Raduje \u010dinjenica da smo uspjeli prezimiti u Europi, a nastavak natjecanja je tek u drugom mjesecu tako da imamo vremena i dodatno se pripremiti\u201c, kazao je D\u017eoli\u0107.<\/p>\n\n\n\n<p>I \u0160imi\u0107 se osvrnuo na mogu\u0107e protivnike u osmini finala.<\/p>\n\n\n\n<p>\u201eLaganih protivnika u osmini finala nema. Imamo nekoliko mom\u010dadi s kojima bi vjerojatno bilo lak\u0161e igrati, ali svi protivnici su te\u0161ki. U svakom slu\u010daju \u017eelio bih izbje\u0107i Partizan i Alkaloid. Me\u0111utim, mi smo se spremni \u201epobiti\u201c sa svakom mom\u010dadi, a tko \u0107e to biti vidjet \u0107emo u petak\u201c, optimisti\u010dan je mladi igra\u010d Skauta.<\/p>\n\n\n\n<p>U idu\u0107a dva tjedna pred Skautima su \u010detiri prvenstvena susreta, u srijedu 4. prosinca protiv Gora\u017eda u Ljubu\u0161kom, u subotu 7. prosinca protiv Borca u Ljubu\u0161kom, a onda idu\u0107i tjedan gostovanje kod Gra\u010danice i utakmica doma protiv Vogo\u0161\u0107e.<\/p>\n\n\n\n<p>Najavljuju\u0107i te utakmice trener D\u017eoli\u0107 je istaknuo da \u0107e u tim susretima, kada to bude mogu\u0107e, dati vi\u0161e prilike i drugim igra\u010dima, da \u0107e biti vi\u0161e rotacija u mom\u010dadi i da \u0107e nastojati odmoriti pojedine igra\u010de.<\/p>\n\n\n\n<p>\u0160imi\u0107 je dodao da je kod ve\u0107ine igra\u010da vidljiv umor od igranja europskih utakmica i putovanja u Slova\u010dku, ali da to nije razlog da idu\u0107a \u010detiri susreta koja su pred njima ne odigraju na vrhunskoj razini.<\/p>\n\n\n\n<p>Na kraju su i D\u017eoli\u0107 i \u0160imi\u0107 zahvalili navija\u010dima na izvanrednoj podr\u0161ci koju su im dali u susretu protiv Motora ne sumnjaju\u0107i na njihovu podr\u0161ku i u idu\u0107im susretima posebice na subotnjem derbiju protiv Borca.<\/p>\n\n\n\n<p>Radio Ljubu\u0161ki<\/p>\n","protected":false},"excerpt":{"rendered":"<p>\u201eIde\u0161 prema lopti, a ne zna\u0161 kako bi pucao. Sve \u0161to si prije zamislio zaboravi\u0161. Samo misli\u0161 da je ubaciti loptu u gol. Odlu\u010dio sam \u010dekati golmana do kraja, pri\u010dekao sam ga do kraja i to je to. Bogu hvala, kad je lopta u\u0161la u gol, kad si je vidio u golu, tr\u010di\u0161, slavi\u0161, gleda\u0161 [&hellip;]<\/p>\n","protected":false},"author":2,"featured_media":211337,"comment_status":"closed","ping_status":"closed","sticky":false,"template":"","format":"standard","meta":{"h5ap_radio_sources":[],"footnotes":""},"categories":[1,28],"tags":[],"class_list":["post-211335","post","type-post","status-publish","format-standard","has-post-thumbnail","hentry","category-bihiregija","category-novosti"],"yoast_head":"<!-- This site is optimized with the Yoast SEO plugin v27.4 - https:\/\/yoast.com\/product\/yoast-seo-wordpress\/ -->\n<title>D\u017eoli\u0107 i \u0160imi\u0107 o pobjedi protiv Motora i mogu\u0107im protivnicima Izvi\u0111a\u010da u osmini finala EHF European Cup-a - RADIO LJUBU\u0160KI<\/title>\n<meta name=\"robots\" content=\"index, follow, max-snippet:-1, max-image-preview:large, max-video-preview:-1\" \/>\n<link rel=\"canonical\" href=\"https:\/\/radioljubuski.ba\/index.php\/2024\/12\/03\/dzolic-i-simic-o-pobjedi-protiv-motora-i-mogucim-protivnicima-izvidaca-u-osmini-finala-ehf-european-cup-a\/\" \/>\n<meta property=\"og:locale\" content=\"hr_HR\" \/>\n<meta property=\"og:type\" content=\"article\" \/>\n<meta property=\"og:title\" content=\"D\u017eoli\u0107 i \u0160imi\u0107 o pobjedi protiv Motora i mogu\u0107im protivnicima Izvi\u0111a\u010da u osmini finala EHF European Cup-a - RADIO LJUBU\u0160KI\" \/>\n<meta property=\"og:description\" content=\"\u201eIde\u0161 prema lopti, a ne zna\u0161 kako bi pucao. Sve \u0161to si prije zamislio zaboravi\u0161. Samo misli\u0161 da je ubaciti loptu u gol. Odlu\u010dio sam \u010dekati golmana do kraja, pri\u010dekao sam ga do kraja i to je to. Bogu hvala, kad je lopta u\u0161la u gol, kad si je vidio u golu, tr\u010di\u0161, slavi\u0161, gleda\u0161 [&hellip;]\" \/>\n<meta property=\"og:url\" content=\"https:\/\/radioljubuski.ba\/index.php\/2024\/12\/03\/dzolic-i-simic-o-pobjedi-protiv-motora-i-mogucim-protivnicima-izvidaca-u-osmini-finala-ehf-european-cup-a\/\" \/>\n<meta property=\"og:site_name\" content=\"RADIO LJUBU\u0160KI\" \/>\n<meta property=\"article:publisher\" content=\"https:\/\/www.facebook.com\/Radiio-Ljubuski-1490835324566332\" \/>\n<meta property=\"article:published_time\" content=\"2024-12-03T10:44:13+00:00\" \/>\n<meta property=\"article:modified_time\" content=\"2024-12-03T10:44:14+00:00\" \/>\n<meta property=\"og:image\" content=\"https:\/\/radioljubuski.ba\/wp-content\/uploads\/2024\/12\/IMG_20241203_113444.jpg\" \/>\n\t<meta property=\"og:image:width\" content=\"717\" \/>\n\t<meta property=\"og:image:height\" content=\"700\" \/>\n\t<meta property=\"og:image:type\" content=\"image\/jpeg\" \/>\n<meta name=\"author\" content=\"Radio Ljubu\u0161ki\" \/>\n<meta name=\"twitter:card\" content=\"summary_large_image\" \/>\n<meta name=\"twitter:creator\" content=\"@radioljubuski\" \/>\n<meta name=\"twitter:site\" content=\"@radioljubuski\" \/>\n<meta name=\"twitter:label1\" content=\"Napisao\/la\" \/>\n\t<meta name=\"twitter:data1\" content=\"Radio Ljubu\u0161ki\" \/>\n\t<meta name=\"twitter:label2\" content=\"Procijenjeno vrijeme \u010ditanja\" \/>\n\t<meta name=\"twitter:data2\" content=\"7 minuta\" \/>\n<script type=\"application\/ld+json\" class=\"yoast-schema-graph\">{\"@context\":\"https:\\\/\\\/schema.org\",\"@graph\":[{\"@type\":\"Article\",\"@id\":\"https:\\\/\\\/radioljubuski.ba\\\/index.php\\\/2024\\\/12\\\/03\\\/dzolic-i-simic-o-pobjedi-protiv-motora-i-mogucim-protivnicima-izvidaca-u-osmini-finala-ehf-european-cup-a\\\/#article\",\"isPartOf\":{\"@id\":\"https:\\\/\\\/radioljubuski.ba\\\/index.php\\\/2024\\\/12\\\/03\\\/dzolic-i-simic-o-pobjedi-protiv-motora-i-mogucim-protivnicima-izvidaca-u-osmini-finala-ehf-european-cup-a\\\/\"},\"author\":{\"name\":\"Radio Ljubu\u0161ki\",\"@id\":\"https:\\\/\\\/radioljubuski.ba\\\/#\\\/schema\\\/person\\\/19fc700381a780f69665d7956c469e3b\"},\"headline\":\"D\u017eoli\u0107 i \u0160imi\u0107 o pobjedi protiv Motora i mogu\u0107im protivnicima Izvi\u0111a\u010da u osmini finala EHF European Cup-a\",\"datePublished\":\"2024-12-03T10:44:13+00:00\",\"dateModified\":\"2024-12-03T10:44:14+00:00\",\"mainEntityOfPage\":{\"@id\":\"https:\\\/\\\/radioljubuski.ba\\\/index.php\\\/2024\\\/12\\\/03\\\/dzolic-i-simic-o-pobjedi-protiv-motora-i-mogucim-protivnicima-izvidaca-u-osmini-finala-ehf-european-cup-a\\\/\"},\"wordCount\":1298,\"publisher\":{\"@id\":\"https:\\\/\\\/radioljubuski.ba\\\/#organization\"},\"image\":{\"@id\":\"https:\\\/\\\/radioljubuski.ba\\\/index.php\\\/2024\\\/12\\\/03\\\/dzolic-i-simic-o-pobjedi-protiv-motora-i-mogucim-protivnicima-izvidaca-u-osmini-finala-ehf-european-cup-a\\\/#primaryimage\"},\"thumbnailUrl\":\"https:\\\/\\\/radioljubuski.ba\\\/wp-content\\\/uploads\\\/2024\\\/12\\\/IMG_20241203_113444.jpg\",\"articleSection\":[\"BIH i regija\",\"Novosti\"],\"inLanguage\":\"hr\"},{\"@type\":\"WebPage\",\"@id\":\"https:\\\/\\\/radioljubuski.ba\\\/index.php\\\/2024\\\/12\\\/03\\\/dzolic-i-simic-o-pobjedi-protiv-motora-i-mogucim-protivnicima-izvidaca-u-osmini-finala-ehf-european-cup-a\\\/\",\"url\":\"https:\\\/\\\/radioljubuski.ba\\\/index.php\\\/2024\\\/12\\\/03\\\/dzolic-i-simic-o-pobjedi-protiv-motora-i-mogucim-protivnicima-izvidaca-u-osmini-finala-ehf-european-cup-a\\\/\",\"name\":\"D\u017eoli\u0107 i \u0160imi\u0107 o pobjedi protiv Motora i mogu\u0107im protivnicima Izvi\u0111a\u010da u osmini finala EHF European Cup-a - RADIO LJUBU\u0160KI\",\"isPartOf\":{\"@id\":\"https:\\\/\\\/radioljubuski.ba\\\/#website\"},\"primaryImageOfPage\":{\"@id\":\"https:\\\/\\\/radioljubuski.ba\\\/index.php\\\/2024\\\/12\\\/03\\\/dzolic-i-simic-o-pobjedi-protiv-motora-i-mogucim-protivnicima-izvidaca-u-osmini-finala-ehf-european-cup-a\\\/#primaryimage\"},\"image\":{\"@id\":\"https:\\\/\\\/radioljubuski.ba\\\/index.php\\\/2024\\\/12\\\/03\\\/dzolic-i-simic-o-pobjedi-protiv-motora-i-mogucim-protivnicima-izvidaca-u-osmini-finala-ehf-european-cup-a\\\/#primaryimage\"},\"thumbnailUrl\":\"https:\\\/\\\/radioljubuski.ba\\\/wp-content\\\/uploads\\\/2024\\\/12\\\/IMG_20241203_113444.jpg\",\"datePublished\":\"2024-12-03T10:44:13+00:00\",\"dateModified\":\"2024-12-03T10:44:14+00:00\",\"breadcrumb\":{\"@id\":\"https:\\\/\\\/radioljubuski.ba\\\/index.php\\\/2024\\\/12\\\/03\\\/dzolic-i-simic-o-pobjedi-protiv-motora-i-mogucim-protivnicima-izvidaca-u-osmini-finala-ehf-european-cup-a\\\/#breadcrumb\"},\"inLanguage\":\"hr\",\"potentialAction\":[{\"@type\":\"ReadAction\",\"target\":[\"https:\\\/\\\/radioljubuski.ba\\\/index.php\\\/2024\\\/12\\\/03\\\/dzolic-i-simic-o-pobjedi-protiv-motora-i-mogucim-protivnicima-izvidaca-u-osmini-finala-ehf-european-cup-a\\\/\"]}]},{\"@type\":\"ImageObject\",\"inLanguage\":\"hr\",\"@id\":\"https:\\\/\\\/radioljubuski.ba\\\/index.php\\\/2024\\\/12\\\/03\\\/dzolic-i-simic-o-pobjedi-protiv-motora-i-mogucim-protivnicima-izvidaca-u-osmini-finala-ehf-european-cup-a\\\/#primaryimage\",\"url\":\"https:\\\/\\\/radioljubuski.ba\\\/wp-content\\\/uploads\\\/2024\\\/12\\\/IMG_20241203_113444.jpg\",\"contentUrl\":\"https:\\\/\\\/radioljubuski.ba\\\/wp-content\\\/uploads\\\/2024\\\/12\\\/IMG_20241203_113444.jpg\",\"width\":717,\"height\":700},{\"@type\":\"BreadcrumbList\",\"@id\":\"https:\\\/\\\/radioljubuski.ba\\\/index.php\\\/2024\\\/12\\\/03\\\/dzolic-i-simic-o-pobjedi-protiv-motora-i-mogucim-protivnicima-izvidaca-u-osmini-finala-ehf-european-cup-a\\\/#breadcrumb\",\"itemListElement\":[{\"@type\":\"ListItem\",\"position\":1,\"name\":\"Po\u010detna stranica\",\"item\":\"https:\\\/\\\/radioljubuski.ba\\\/\"},{\"@type\":\"ListItem\",\"position\":2,\"name\":\"D\u017eoli\u0107 i \u0160imi\u0107 o pobjedi protiv Motora i mogu\u0107im protivnicima Izvi\u0111a\u010da u osmini finala EHF European Cup-a\"}]},{\"@type\":\"WebSite\",\"@id\":\"https:\\\/\\\/radioljubuski.ba\\\/#website\",\"url\":\"https:\\\/\\\/radioljubuski.ba\\\/\",\"name\":\"Radio Ljubu\u0161ki\",\"description\":\"Sun\u010dana frekvencija Hercegovine\",\"publisher\":{\"@id\":\"https:\\\/\\\/radioljubuski.ba\\\/#organization\"},\"potentialAction\":[{\"@type\":\"SearchAction\",\"target\":{\"@type\":\"EntryPoint\",\"urlTemplate\":\"https:\\\/\\\/radioljubuski.ba\\\/?s={search_term_string}\"},\"query-input\":{\"@type\":\"PropertyValueSpecification\",\"valueRequired\":true,\"valueName\":\"search_term_string\"}}],\"inLanguage\":\"hr\"},{\"@type\":\"Organization\",\"@id\":\"https:\\\/\\\/radioljubuski.ba\\\/#organization\",\"name\":\"Radio Ljubu\u0161ki\",\"url\":\"https:\\\/\\\/radioljubuski.ba\\\/\",\"logo\":{\"@type\":\"ImageObject\",\"inLanguage\":\"hr\",\"@id\":\"https:\\\/\\\/radioljubuski.ba\\\/#\\\/schema\\\/logo\\\/image\\\/\",\"url\":\"https:\\\/\\\/radioljubuski.ba\\\/wp-content\\\/uploads\\\/2021\\\/02\\\/cropped-Radio_Ljubuski_logo1.jpg\",\"contentUrl\":\"https:\\\/\\\/radioljubuski.ba\\\/wp-content\\\/uploads\\\/2021\\\/02\\\/cropped-Radio_Ljubuski_logo1.jpg\",\"width\":512,\"height\":512,\"caption\":\"Radio Ljubu\u0161ki\"},\"image\":{\"@id\":\"https:\\\/\\\/radioljubuski.ba\\\/#\\\/schema\\\/logo\\\/image\\\/\"},\"sameAs\":[\"https:\\\/\\\/www.facebook.com\\\/Radiio-Ljubuski-1490835324566332\",\"https:\\\/\\\/x.com\\\/radioljubuski\",\"https:\\\/\\\/hr.linkedin.com\\\/company\\\/radio-ljubuski\",\"https:\\\/\\\/www.youtube.com\\\/channel\\\/UCHYaeO_n0Db3tjNGudGpXyw\"]},{\"@type\":\"Person\",\"@id\":\"https:\\\/\\\/radioljubuski.ba\\\/#\\\/schema\\\/person\\\/19fc700381a780f69665d7956c469e3b\",\"name\":\"Radio Ljubu\u0161ki\"}]}<\/script>\n<!-- \/ Yoast SEO plugin. -->","yoast_head_json":{"title":"D\u017eoli\u0107 i \u0160imi\u0107 o pobjedi protiv Motora i mogu\u0107im protivnicima Izvi\u0111a\u010da u osmini finala EHF European Cup-a - RADIO LJUBU\u0160KI","robots":{"index":"index","follow":"follow","max-snippet":"max-snippet:-1","max-image-preview":"max-image-preview:large","max-video-preview":"max-video-preview:-1"},"canonical":"https:\/\/radioljubuski.ba\/index.php\/2024\/12\/03\/dzolic-i-simic-o-pobjedi-protiv-motora-i-mogucim-protivnicima-izvidaca-u-osmini-finala-ehf-european-cup-a\/","og_locale":"hr_HR","og_type":"article","og_title":"D\u017eoli\u0107 i \u0160imi\u0107 o pobjedi protiv Motora i mogu\u0107im protivnicima Izvi\u0111a\u010da u osmini finala EHF European Cup-a - RADIO LJUBU\u0160KI","og_description":"\u201eIde\u0161 prema lopti, a ne zna\u0161 kako bi pucao. Sve \u0161to si prije zamislio zaboravi\u0161. Samo misli\u0161 da je ubaciti loptu u gol. Odlu\u010dio sam \u010dekati golmana do kraja, pri\u010dekao sam ga do kraja i to je to. Bogu hvala, kad je lopta u\u0161la u gol, kad si je vidio u golu, tr\u010di\u0161, slavi\u0161, gleda\u0161 [&hellip;]","og_url":"https:\/\/radioljubuski.ba\/index.php\/2024\/12\/03\/dzolic-i-simic-o-pobjedi-protiv-motora-i-mogucim-protivnicima-izvidaca-u-osmini-finala-ehf-european-cup-a\/","og_site_name":"RADIO LJUBU\u0160KI","article_publisher":"https:\/\/www.facebook.com\/Radiio-Ljubuski-1490835324566332","article_published_time":"2024-12-03T10:44:13+00:00","article_modified_time":"2024-12-03T10:44:14+00:00","og_image":[{"width":717,"height":700,"url":"https:\/\/radioljubuski.ba\/wp-content\/uploads\/2024\/12\/IMG_20241203_113444.jpg","type":"image\/jpeg"}],"author":"Radio Ljubu\u0161ki","twitter_card":"summary_large_image","twitter_creator":"@radioljubuski","twitter_site":"@radioljubuski","twitter_misc":{"Napisao\/la":"Radio Ljubu\u0161ki","Procijenjeno vrijeme \u010ditanja":"7 minuta"},"schema":{"@context":"https:\/\/schema.org","@graph":[{"@type":"Article","@id":"https:\/\/radioljubuski.ba\/index.php\/2024\/12\/03\/dzolic-i-simic-o-pobjedi-protiv-motora-i-mogucim-protivnicima-izvidaca-u-osmini-finala-ehf-european-cup-a\/#article","isPartOf":{"@id":"https:\/\/radioljubuski.ba\/index.php\/2024\/12\/03\/dzolic-i-simic-o-pobjedi-protiv-motora-i-mogucim-protivnicima-izvidaca-u-osmini-finala-ehf-european-cup-a\/"},"author":{"name":"Radio Ljubu\u0161ki","@id":"https:\/\/radioljubuski.ba\/#\/schema\/person\/19fc700381a780f69665d7956c469e3b"},"headline":"D\u017eoli\u0107 i \u0160imi\u0107 o pobjedi protiv Motora i mogu\u0107im protivnicima Izvi\u0111a\u010da u osmini finala EHF European Cup-a","datePublished":"2024-12-03T10:44:13+00:00","dateModified":"2024-12-03T10:44:14+00:00","mainEntityOfPage":{"@id":"https:\/\/radioljubuski.ba\/index.php\/2024\/12\/03\/dzolic-i-simic-o-pobjedi-protiv-motora-i-mogucim-protivnicima-izvidaca-u-osmini-finala-ehf-european-cup-a\/"},"wordCount":1298,"publisher":{"@id":"https:\/\/radioljubuski.ba\/#organization"},"image":{"@id":"https:\/\/radioljubuski.ba\/index.php\/2024\/12\/03\/dzolic-i-simic-o-pobjedi-protiv-motora-i-mogucim-protivnicima-izvidaca-u-osmini-finala-ehf-european-cup-a\/#primaryimage"},"thumbnailUrl":"https:\/\/radioljubuski.ba\/wp-content\/uploads\/2024\/12\/IMG_20241203_113444.jpg","articleSection":["BIH i regija","Novosti"],"inLanguage":"hr"},{"@type":"WebPage","@id":"https:\/\/radioljubuski.ba\/index.php\/2024\/12\/03\/dzolic-i-simic-o-pobjedi-protiv-motora-i-mogucim-protivnicima-izvidaca-u-osmini-finala-ehf-european-cup-a\/","url":"https:\/\/radioljubuski.ba\/index.php\/2024\/12\/03\/dzolic-i-simic-o-pobjedi-protiv-motora-i-mogucim-protivnicima-izvidaca-u-osmini-finala-ehf-european-cup-a\/","name":"D\u017eoli\u0107 i \u0160imi\u0107 o pobjedi protiv Motora i mogu\u0107im protivnicima Izvi\u0111a\u010da u osmini finala EHF European Cup-a - RADIO LJUBU\u0160KI","isPartOf":{"@id":"https:\/\/radioljubuski.ba\/#website"},"primaryImageOfPage":{"@id":"https:\/\/radioljubuski.ba\/index.php\/2024\/12\/03\/dzolic-i-simic-o-pobjedi-protiv-motora-i-mogucim-protivnicima-izvidaca-u-osmini-finala-ehf-european-cup-a\/#primaryimage"},"image":{"@id":"https:\/\/radioljubuski.ba\/index.php\/2024\/12\/03\/dzolic-i-simic-o-pobjedi-protiv-motora-i-mogucim-protivnicima-izvidaca-u-osmini-finala-ehf-european-cup-a\/#primaryimage"},"thumbnailUrl":"https:\/\/radioljubuski.ba\/wp-content\/uploads\/2024\/12\/IMG_20241203_113444.jpg","datePublished":"2024-12-03T10:44:13+00:00","dateModified":"2024-12-03T10:44:14+00:00","breadcrumb":{"@id":"https:\/\/radioljubuski.ba\/index.php\/2024\/12\/03\/dzolic-i-simic-o-pobjedi-protiv-motora-i-mogucim-protivnicima-izvidaca-u-osmini-finala-ehf-european-cup-a\/#breadcrumb"},"inLanguage":"hr","potentialAction":[{"@type":"ReadAction","target":["https:\/\/radioljubuski.ba\/index.php\/2024\/12\/03\/dzolic-i-simic-o-pobjedi-protiv-motora-i-mogucim-protivnicima-izvidaca-u-osmini-finala-ehf-european-cup-a\/"]}]},{"@type":"ImageObject","inLanguage":"hr","@id":"https:\/\/radioljubuski.ba\/index.php\/2024\/12\/03\/dzolic-i-simic-o-pobjedi-protiv-motora-i-mogucim-protivnicima-izvidaca-u-osmini-finala-ehf-european-cup-a\/#primaryimage","url":"https:\/\/radioljubuski.ba\/wp-content\/uploads\/2024\/12\/IMG_20241203_113444.jpg","contentUrl":"https:\/\/radioljubuski.ba\/wp-content\/uploads\/2024\/12\/IMG_20241203_113444.jpg","width":717,"height":700},{"@type":"BreadcrumbList","@id":"https:\/\/radioljubuski.ba\/index.php\/2024\/12\/03\/dzolic-i-simic-o-pobjedi-protiv-motora-i-mogucim-protivnicima-izvidaca-u-osmini-finala-ehf-european-cup-a\/#breadcrumb","itemListElement":[{"@type":"ListItem","position":1,"name":"Po\u010detna stranica","item":"https:\/\/radioljubuski.ba\/"},{"@type":"ListItem","position":2,"name":"D\u017eoli\u0107 i \u0160imi\u0107 o pobjedi protiv Motora i mogu\u0107im protivnicima Izvi\u0111a\u010da u osmini finala EHF European Cup-a"}]},{"@type":"WebSite","@id":"https:\/\/radioljubuski.ba\/#website","url":"https:\/\/radioljubuski.ba\/","name":"Radio Ljubu\u0161ki","description":"Sun\u010dana frekvencija Hercegovine","publisher":{"@id":"https:\/\/radioljubuski.ba\/#organization"},"potentialAction":[{"@type":"SearchAction","target":{"@type":"EntryPoint","urlTemplate":"https:\/\/radioljubuski.ba\/?s={search_term_string}"},"query-input":{"@type":"PropertyValueSpecification","valueRequired":true,"valueName":"search_term_string"}}],"inLanguage":"hr"},{"@type":"Organization","@id":"https:\/\/radioljubuski.ba\/#organization","name":"Radio Ljubu\u0161ki","url":"https:\/\/radioljubuski.ba\/","logo":{"@type":"ImageObject","inLanguage":"hr","@id":"https:\/\/radioljubuski.ba\/#\/schema\/logo\/image\/","url":"https:\/\/radioljubuski.ba\/wp-content\/uploads\/2021\/02\/cropped-Radio_Ljubuski_logo1.jpg","contentUrl":"https:\/\/radioljubuski.ba\/wp-content\/uploads\/2021\/02\/cropped-Radio_Ljubuski_logo1.jpg","width":512,"height":512,"caption":"Radio Ljubu\u0161ki"},"image":{"@id":"https:\/\/radioljubuski.ba\/#\/schema\/logo\/image\/"},"sameAs":["https:\/\/www.facebook.com\/Radiio-Ljubuski-1490835324566332","https:\/\/x.com\/radioljubuski","https:\/\/hr.linkedin.com\/company\/radio-ljubuski","https:\/\/www.youtube.com\/channel\/UCHYaeO_n0Db3tjNGudGpXyw"]},{"@type":"Person","@id":"https:\/\/radioljubuski.ba\/#\/schema\/person\/19fc700381a780f69665d7956c469e3b","name":"Radio Ljubu\u0161ki"}]}},"_links":{"self":[{"href":"https:\/\/radioljubuski.ba\/index.php\/wp-json\/wp\/v2\/posts\/211335","targetHints":{"allow":["GET"]}}],"collection":[{"href":"https:\/\/radioljubuski.ba\/index.php\/wp-json\/wp\/v2\/posts"}],"about":[{"href":"https:\/\/radioljubuski.ba\/index.php\/wp-json\/wp\/v2\/types\/post"}],"author":[{"embeddable":true,"href":"https:\/\/radioljubuski.ba\/index.php\/wp-json\/wp\/v2\/users\/2"}],"replies":[{"embeddable":true,"href":"https:\/\/radioljubuski.ba\/index.php\/wp-json\/wp\/v2\/comments?post=211335"}],"version-history":[{"count":2,"href":"https:\/\/radioljubuski.ba\/index.php\/wp-json\/wp\/v2\/posts\/211335\/revisions"}],"predecessor-version":[{"id":211338,"href":"https:\/\/radioljubuski.ba\/index.php\/wp-json\/wp\/v2\/posts\/211335\/revisions\/211338"}],"wp:featuredmedia":[{"embeddable":true,"href":"https:\/\/radioljubuski.ba\/index.php\/wp-json\/wp\/v2\/media\/211337"}],"wp:attachment":[{"href":"https:\/\/radioljubuski.ba\/index.php\/wp-json\/wp\/v2\/media?parent=211335"}],"wp:term":[{"taxonomy":"category","embeddable":true,"href":"https:\/\/radioljubuski.ba\/index.php\/wp-json\/wp\/v2\/categories?post=211335"},{"taxonomy":"post_tag","embeddable":true,"href":"https:\/\/radioljubuski.ba\/index.php\/wp-json\/wp\/v2\/tags?post=211335"}],"curies":[{"name":"wp","href":"https:\/\/api.w.org\/{rel}","templated":true}]}}