{"id":211409,"date":"2024-12-05T14:43:28","date_gmt":"2024-12-05T13:43:28","guid":{"rendered":"https:\/\/radioljubuski.ba\/?p=211409"},"modified":"2024-12-05T17:12:44","modified_gmt":"2024-12-05T16:12:44","slug":"rlj-na-licu-mjestapomozimo-obitelji-dedic","status":"publish","type":"post","link":"https:\/\/radioljubuski.ba\/index.php\/2024\/12\/05\/rlj-na-licu-mjestapomozimo-obitelji-dedic\/","title":{"rendered":"RLJ na licu mjesta:Pomozimo obitelji Dedi\u0107"},"content":{"rendered":"\n<p>Ekipa Radija Ljubu\u0161ki posjetila je  danas obitelj Dedi\u0107 u Ljubu\u0161kom \u010dija obiteljska ku\u0107a je stradala u eksploziji plinske boce koja se dogodila u kasnim poslijepodnevnim satima 27.studenog.<\/p>\n\n\n\n<p>Dolaskom do lice mjesta  vidljivi su popucani vanjski zidovi i o\u0161te\u0107enje cijele ku\u0107e.<\/p>\n\n\n\n<p>Posve je razumljivo da u ovoj te\u0161koj situaciji , potreseni doga\u0111ajem ova obitelj nije \u017eeljela i\u0107i u javnost, no uspjeli smo dobiti izjavu od Zvonimira Dedi\u0107a \u0110one nakon \u0161to smo mu ukazili na \u010dinjenicu da je on \u010dlan na\u0161e zajednice i da mu kao takvom \u017eelimo pomo\u0107i, odnosno cijeloj obitelji da \u0161to prije dobiju novi krov nad glavom. &#8221; Da se bilo kome od nas ovo dogodilo i mi bismo tako reagirali, no kao zajednica trebamo pomagati jedni drugima i pomo\u0107i kada je to najpotrebnije, trebamo i nau\u010diti primati pomo\u0107 ali i pru\u017eiti je.&#8221; kazali smo mu ,nakon \u010dega nam je opisao \u0161to se dogodilo.<\/p>\n\n\n\n<p>&#8221; Na sre\u0107u, brzom reakcijom moje supruge nitko od obitelji koji su bili u trenutku eksplozije u ku\u0107i nije stradao, sve se dogodilo u par sekundi, eksplozija je bila silovita \u0161to mo\u017eete vidjeti i sami,  plamen, vatra stra\u0161no, sre\u0107om vatrogasci su nam tu u susjedstvu, odmah su do\u0161li. &#8221; pokazuje nam  ku\u0107u Zvonimir Dedi\u0107 \u0110ono kojeg smo pri dolasku zatekli na ra\u0161\u010di\u0161\u0107avanju. <\/p>\n\n\n\n<figure class=\"wp-block-image size-large\"><img loading=\"lazy\" decoding=\"async\" width=\"1024\" height=\"683\" src=\"https:\/\/radioljubuski.ba\/wp-content\/uploads\/2024\/12\/IMG_1955-1024x683.jpg\" alt=\"\" class=\"wp-image-211435\" srcset=\"https:\/\/radioljubuski.ba\/wp-content\/uploads\/2024\/12\/IMG_1955-1024x683.jpg 1024w, https:\/\/radioljubuski.ba\/wp-content\/uploads\/2024\/12\/IMG_1955-300x200.jpg 300w, https:\/\/radioljubuski.ba\/wp-content\/uploads\/2024\/12\/IMG_1955-768x512.jpg 768w, https:\/\/radioljubuski.ba\/wp-content\/uploads\/2024\/12\/IMG_1955-1536x1024.jpg 1536w, https:\/\/radioljubuski.ba\/wp-content\/uploads\/2024\/12\/IMG_1955-2048x1365.jpg 2048w, https:\/\/radioljubuski.ba\/wp-content\/uploads\/2024\/12\/IMG_1955-18x12.jpg 18w\" sizes=\"auto, (max-width: 1024px) 100vw, 1024px\" \/><\/figure>\n\n\n\n<figure class=\"wp-block-image size-large\"><img loading=\"lazy\" decoding=\"async\" width=\"768\" height=\"1024\" src=\"https:\/\/radioljubuski.ba\/wp-content\/uploads\/2024\/12\/IMG-20241205-WA0012-768x1024.jpg\" alt=\"\" class=\"wp-image-211504\" srcset=\"https:\/\/radioljubuski.ba\/wp-content\/uploads\/2024\/12\/IMG-20241205-WA0012-768x1024.jpg 768w, https:\/\/radioljubuski.ba\/wp-content\/uploads\/2024\/12\/IMG-20241205-WA0012-225x300.jpg 225w, https:\/\/radioljubuski.ba\/wp-content\/uploads\/2024\/12\/IMG-20241205-WA0012-1152x1536.jpg 1152w, https:\/\/radioljubuski.ba\/wp-content\/uploads\/2024\/12\/IMG-20241205-WA0012-9x12.jpg 9w, https:\/\/radioljubuski.ba\/wp-content\/uploads\/2024\/12\/IMG-20241205-WA0012.jpg 1200w\" sizes=\"auto, (max-width: 768px) 100vw, 768px\" \/><\/figure>\n\n\n\n<p>Statika ku\u0107e je kompletno naru\u0161ena i golim okom je vidljivo i izvana da su se zidovi ku\u0107e odvojili, u\u0161li smo unutra kako bismo vam zabilje\u017eili unutra\u0161njost i na zidu nam je pa\u017enju privukla fotografija starijeg gospodina koji dr\u017ei u ruci dva pehara, na fotografiji je Zvonimirov otac Mi\u0107a Dedi\u0107 legenda ljubu\u0161kog rukometa, jedan od osniva\u010da i \u010dlan prve postave Rukometnog kluba Izvi\u0111a\u010d <\/p>\n\n\n\n<p>&#8221; Kada smo u\u0161li u ku\u0107u ova fotografija je jedina ostala netaknuta!&#8221; kroz suze nam govori \u0110ono \u010diji je sin koji s ponosom nosi djedovo ime; rukometa\u0161, lijevi vanjski prve postave Izvi\u0111a\u010da.<\/p>\n\n\n\n<figure class=\"wp-block-image size-large\"><img loading=\"lazy\" decoding=\"async\" width=\"1024\" height=\"683\" src=\"https:\/\/radioljubuski.ba\/wp-content\/uploads\/2024\/12\/IMG_1947-2-1024x683.jpg\" alt=\"\" class=\"wp-image-211484\" srcset=\"https:\/\/radioljubuski.ba\/wp-content\/uploads\/2024\/12\/IMG_1947-2-1024x683.jpg 1024w, https:\/\/radioljubuski.ba\/wp-content\/uploads\/2024\/12\/IMG_1947-2-300x200.jpg 300w, https:\/\/radioljubuski.ba\/wp-content\/uploads\/2024\/12\/IMG_1947-2-768x512.jpg 768w, https:\/\/radioljubuski.ba\/wp-content\/uploads\/2024\/12\/IMG_1947-2-1536x1024.jpg 1536w, https:\/\/radioljubuski.ba\/wp-content\/uploads\/2024\/12\/IMG_1947-2-2048x1365.jpg 2048w, https:\/\/radioljubuski.ba\/wp-content\/uploads\/2024\/12\/IMG_1947-2-18x12.jpg 18w\" sizes=\"auto, (max-width: 1024px) 100vw, 1024px\" \/><\/figure>\n\n\n\n<figure class=\"wp-block-image size-large\"><img loading=\"lazy\" decoding=\"async\" width=\"1024\" height=\"683\" src=\"https:\/\/radioljubuski.ba\/wp-content\/uploads\/2024\/12\/IMG_1951-1024x683.jpg\" alt=\"\" class=\"wp-image-211436\" srcset=\"https:\/\/radioljubuski.ba\/wp-content\/uploads\/2024\/12\/IMG_1951-1024x683.jpg 1024w, https:\/\/radioljubuski.ba\/wp-content\/uploads\/2024\/12\/IMG_1951-300x200.jpg 300w, https:\/\/radioljubuski.ba\/wp-content\/uploads\/2024\/12\/IMG_1951-768x512.jpg 768w, https:\/\/radioljubuski.ba\/wp-content\/uploads\/2024\/12\/IMG_1951-1536x1024.jpg 1536w, https:\/\/radioljubuski.ba\/wp-content\/uploads\/2024\/12\/IMG_1951-2048x1365.jpg 2048w, https:\/\/radioljubuski.ba\/wp-content\/uploads\/2024\/12\/IMG_1951-18x12.jpg 18w\" sizes=\"auto, (max-width: 1024px) 100vw, 1024px\" \/><\/figure>\n\n\n\n<figure class=\"wp-block-image size-large\"><img loading=\"lazy\" decoding=\"async\" width=\"1024\" height=\"683\" src=\"https:\/\/radioljubuski.ba\/wp-content\/uploads\/2024\/12\/IMG_1949-1024x683.jpg\" alt=\"\" class=\"wp-image-211437\" srcset=\"https:\/\/radioljubuski.ba\/wp-content\/uploads\/2024\/12\/IMG_1949-1024x683.jpg 1024w, https:\/\/radioljubuski.ba\/wp-content\/uploads\/2024\/12\/IMG_1949-300x200.jpg 300w, https:\/\/radioljubuski.ba\/wp-content\/uploads\/2024\/12\/IMG_1949-768x512.jpg 768w, https:\/\/radioljubuski.ba\/wp-content\/uploads\/2024\/12\/IMG_1949-1536x1024.jpg 1536w, https:\/\/radioljubuski.ba\/wp-content\/uploads\/2024\/12\/IMG_1949-2048x1365.jpg 2048w, https:\/\/radioljubuski.ba\/wp-content\/uploads\/2024\/12\/IMG_1949-18x12.jpg 18w\" sizes=\"auto, (max-width: 1024px) 100vw, 1024px\" \/><\/figure>\n\n\n\n<figure class=\"wp-block-image size-large\"><img loading=\"lazy\" decoding=\"async\" width=\"1024\" height=\"683\" src=\"https:\/\/radioljubuski.ba\/wp-content\/uploads\/2024\/12\/IMG_1944-1024x683.jpg\" alt=\"\" class=\"wp-image-211438\" srcset=\"https:\/\/radioljubuski.ba\/wp-content\/uploads\/2024\/12\/IMG_1944-1024x683.jpg 1024w, https:\/\/radioljubuski.ba\/wp-content\/uploads\/2024\/12\/IMG_1944-300x200.jpg 300w, https:\/\/radioljubuski.ba\/wp-content\/uploads\/2024\/12\/IMG_1944-768x512.jpg 768w, https:\/\/radioljubuski.ba\/wp-content\/uploads\/2024\/12\/IMG_1944-1536x1024.jpg 1536w, https:\/\/radioljubuski.ba\/wp-content\/uploads\/2024\/12\/IMG_1944-2048x1365.jpg 2048w, https:\/\/radioljubuski.ba\/wp-content\/uploads\/2024\/12\/IMG_1944-18x12.jpg 18w\" sizes=\"auto, (max-width: 1024px) 100vw, 1024px\" \/><\/figure>\n\n\n\n<p>&#8220;Od ove ku\u0107e nema ni\u0161ta, mora se sve sru\u0161iti i po\u010deti iznova&#8221; dok razgovaramo zaustavljaju se automobili ispred ku\u0107e &#8221; Nismo sami u ovoj nevolji, evo vidite, dolaze nam ljudi, poma\u017eu.&#8221;  kazuje nam a na\u0161eg sugovornika nismo htjeli vi\u0161e uznemiravati, vama donosimo i video s lica mjesta:<\/p>\n\n\n\n<figure class=\"wp-block-video\"><video height=\"1080\" style=\"aspect-ratio: 1920 \/ 1080;\" width=\"1920\" controls src=\"https:\/\/radioljubuski.ba\/wp-content\/uploads\/2024\/12\/Dedic-snimke-3.mp4\"><\/video><\/figure>\n\n\n\n<blockquote class=\"instagram-media\" data-instgrm-captioned data-instgrm-permalink=\"https:\/\/www.instagram.com\/reel\/DDMuoS9MWbJ\/?utm_source=ig_embed&amp;utm_campaign=loading\" data-instgrm-version=\"14\" style=\" background:#FFF; border:0; border-radius:3px; box-shadow:0 0 1px 0 rgba(0,0,0,0.5),0 1px 10px 0 rgba(0,0,0,0.15); margin: 1px; max-width:540px; min-width:326px; padding:0; width:99.375%; width:-webkit-calc(100% - 2px); width:calc(100% - 2px);\"><div style=\"padding:16px;\"> <a href=\"https:\/\/www.instagram.com\/reel\/DDMuoS9MWbJ\/?utm_source=ig_embed&amp;utm_campaign=loading\" style=\" background:#FFFFFF; line-height:0; padding:0 0; text-align:center; text-decoration:none; width:100%;\" target=\"_blank\"> <div style=\" display: flex; flex-direction: row; align-items: center;\"> <div style=\"background-color: #F4F4F4; border-radius: 50%; flex-grow: 0; height: 40px; margin-right: 14px; width: 40px;\"><\/div> <div style=\"display: flex; flex-direction: column; flex-grow: 1; justify-content: center;\"> <div style=\" background-color: #F4F4F4; border-radius: 4px; flex-grow: 0; height: 14px; margin-bottom: 6px; width: 100px;\"><\/div> <div style=\" background-color: #F4F4F4; border-radius: 4px; flex-grow: 0; height: 14px; width: 60px;\"><\/div><\/div><\/div><div style=\"padding: 19% 0;\"><\/div> <div style=\"display:block; height:50px; margin:0 auto 12px; width:50px;\"><svg width=\"50px\" height=\"50px\" viewBox=\"0 0 60 60\" version=\"1.1\" xmlns=\"https:\/\/www.w3.org\/2000\/svg\" xmlns:xlink=\"https:\/\/www.w3.org\/1999\/xlink\"><g stroke=\"none\" stroke-width=\"1\" fill=\"none\" fill-rule=\"evenodd\"><g transform=\"translate(-511.000000, -20.000000)\" fill=\"#000000\"><g><path d=\"M556.869,30.41 C554.814,30.41 553.148,32.076 553.148,34.131 C553.148,36.186 554.814,37.852 556.869,37.852 C558.924,37.852 560.59,36.186 560.59,34.131 C560.59,32.076 558.924,30.41 556.869,30.41 M541,60.657 C535.114,60.657 530.342,55.887 530.342,50 C530.342,44.114 535.114,39.342 541,39.342 C546.887,39.342 551.658,44.114 551.658,50 C551.658,55.887 546.887,60.657 541,60.657 M541,33.886 C532.1,33.886 524.886,41.1 524.886,50 C524.886,58.899 532.1,66.113 541,66.113 C549.9,66.113 557.115,58.899 557.115,50 C557.115,41.1 549.9,33.886 541,33.886 M565.378,62.101 C565.244,65.022 564.756,66.606 564.346,67.663 C563.803,69.06 563.154,70.057 562.106,71.106 C561.058,72.155 560.06,72.803 558.662,73.347 C557.607,73.757 556.021,74.244 553.102,74.378 C549.944,74.521 548.997,74.552 541,74.552 C533.003,74.552 532.056,74.521 528.898,74.378 C525.979,74.244 524.393,73.757 523.338,73.347 C521.94,72.803 520.942,72.155 519.894,71.106 C518.846,70.057 518.197,69.06 517.654,67.663 C517.244,66.606 516.755,65.022 516.623,62.101 C516.479,58.943 516.448,57.996 516.448,50 C516.448,42.003 516.479,41.056 516.623,37.899 C516.755,34.978 517.244,33.391 517.654,32.338 C518.197,30.938 518.846,29.942 519.894,28.894 C520.942,27.846 521.94,27.196 523.338,26.654 C524.393,26.244 525.979,25.756 528.898,25.623 C532.057,25.479 533.004,25.448 541,25.448 C548.997,25.448 549.943,25.479 553.102,25.623 C556.021,25.756 557.607,26.244 558.662,26.654 C560.06,27.196 561.058,27.846 562.106,28.894 C563.154,29.942 563.803,30.938 564.346,32.338 C564.756,33.391 565.244,34.978 565.378,37.899 C565.522,41.056 565.552,42.003 565.552,50 C565.552,57.996 565.522,58.943 565.378,62.101 M570.82,37.631 C570.674,34.438 570.167,32.258 569.425,30.349 C568.659,28.377 567.633,26.702 565.965,25.035 C564.297,23.368 562.623,22.342 560.652,21.575 C558.743,20.834 556.562,20.326 553.369,20.18 C550.169,20.033 549.148,20 541,20 C532.853,20 531.831,20.033 528.631,20.18 C525.438,20.326 523.257,20.834 521.349,21.575 C519.376,22.342 517.703,23.368 516.035,25.035 C514.368,26.702 513.342,28.377 512.574,30.349 C511.834,32.258 511.326,34.438 511.181,37.631 C511.035,40.831 511,41.851 511,50 C511,58.147 511.035,59.17 511.181,62.369 C511.326,65.562 511.834,67.743 512.574,69.651 C513.342,71.625 514.368,73.296 516.035,74.965 C517.703,76.634 519.376,77.658 521.349,78.425 C523.257,79.167 525.438,79.673 528.631,79.82 C531.831,79.965 532.853,80.001 541,80.001 C549.148,80.001 550.169,79.965 553.369,79.82 C556.562,79.673 558.743,79.167 560.652,78.425 C562.623,77.658 564.297,76.634 565.965,74.965 C567.633,73.296 568.659,71.625 569.425,69.651 C570.167,67.743 570.674,65.562 570.82,62.369 C570.966,59.17 571,58.147 571,50 C571,41.851 570.966,40.831 570.82,37.631\"><\/path><\/g><\/g><\/g><\/svg><\/div><div style=\"padding-top: 8px;\"> <div style=\" color:#3897f0; font-family:Arial,sans-serif; font-size:14px; font-style:normal; font-weight:550; line-height:18px;\">Pogledajte ovu objavu na Instagramu.<\/div><\/div><div style=\"padding: 12.5% 0;\"><\/div> <div style=\"display: flex; flex-direction: row; margin-bottom: 14px; align-items: center;\"><div> <div style=\"background-color: #F4F4F4; border-radius: 50%; height: 12.5px; width: 12.5px; transform: translateX(0px) translateY(7px);\"><\/div> <div style=\"background-color: #F4F4F4; height: 12.5px; transform: rotate(-45deg) translateX(3px) translateY(1px); width: 12.5px; flex-grow: 0; margin-right: 14px; margin-left: 2px;\"><\/div> <div style=\"background-color: #F4F4F4; border-radius: 50%; height: 12.5px; width: 12.5px; transform: translateX(9px) translateY(-18px);\"><\/div><\/div><div style=\"margin-left: 8px;\"> <div style=\" background-color: #F4F4F4; border-radius: 50%; flex-grow: 0; height: 20px; width: 20px;\"><\/div> <div style=\" width: 0; height: 0; border-top: 2px solid transparent; border-left: 6px solid #f4f4f4; border-bottom: 2px solid transparent; transform: translateX(16px) translateY(-4px) rotate(30deg)\"><\/div><\/div><div style=\"margin-left: auto;\"> <div style=\" width: 0px; border-top: 8px solid #F4F4F4; border-right: 8px solid transparent; transform: translateY(16px);\"><\/div> <div style=\" background-color: #F4F4F4; flex-grow: 0; height: 12px; width: 16px; transform: translateY(-4px);\"><\/div> <div style=\" width: 0; height: 0; border-top: 8px solid #F4F4F4; border-left: 8px solid transparent; transform: translateY(-4px) translateX(8px);\"><\/div><\/div><\/div> <div style=\"display: flex; flex-direction: column; flex-grow: 1; justify-content: center; margin-bottom: 24px;\"> <div style=\" background-color: #F4F4F4; border-radius: 4px; flex-grow: 0; height: 14px; margin-bottom: 6px; width: 224px;\"><\/div> <div style=\" background-color: #F4F4F4; border-radius: 4px; flex-grow: 0; height: 14px; width: 144px;\"><\/div><\/div><\/a><p style=\" color:#c9c8cd; font-family:Arial,sans-serif; font-size:14px; line-height:17px; margin-bottom:0; margin-top:8px; overflow:hidden; padding:8px 0 7px; text-align:center; text-overflow:ellipsis; white-space:nowrap;\"><a href=\"https:\/\/www.instagram.com\/reel\/DDMuoS9MWbJ\/?utm_source=ig_embed&amp;utm_campaign=loading\" style=\" color:#c9c8cd; font-family:Arial,sans-serif; font-size:14px; font-style:normal; font-weight:normal; line-height:17px; text-decoration:none;\" target=\"_blank\">Objavu dijeli Radio Ljubu\u0161ki\ud83d\udcfb (@radio_ljubuski)<\/a><\/p><\/div><\/blockquote>\n<script async src=\"\/\/www.instagram.com\/embed.js\"><\/script>\n\n\n\n<p>B.Medi\u0107\/N.Grani\u0107<\/p>\n\n\n\n<p><\/p>\n\n\n\n<p>A mi pozivamo sve ljude dobrog srca koji  \u017eele pomo\u0107i mogu to u\u010diniti  i uplatom na <\/p>\n\n\n\n<figure class=\"wp-block-image size-large\"><img loading=\"lazy\" decoding=\"async\" width=\"1024\" height=\"1024\" src=\"https:\/\/radioljubuski.ba\/wp-content\/uploads\/2024\/12\/humac-1024x1024.jpg\" alt=\"\" class=\"wp-image-211495\" srcset=\"https:\/\/radioljubuski.ba\/wp-content\/uploads\/2024\/12\/humac-1024x1024.jpg 1024w, https:\/\/radioljubuski.ba\/wp-content\/uploads\/2024\/12\/humac-300x300.jpg 300w, https:\/\/radioljubuski.ba\/wp-content\/uploads\/2024\/12\/humac-150x150.jpg 150w, https:\/\/radioljubuski.ba\/wp-content\/uploads\/2024\/12\/humac-768x768.jpg 768w, https:\/\/radioljubuski.ba\/wp-content\/uploads\/2024\/12\/humac-12x12.jpg 12w, https:\/\/radioljubuski.ba\/wp-content\/uploads\/2024\/12\/humac-560x560.jpg 560w, https:\/\/radioljubuski.ba\/wp-content\/uploads\/2024\/12\/humac.jpg 1080w\" sizes=\"auto, (max-width: 1024px) 100vw, 1024px\" \/><\/figure>\n\n\n\n<p><\/p>\n\n\n\n<p>Grad Ljubu\u0161ki i Mjesna zajednica Humac pokrenuli su humanitarna akciju&nbsp;<strong>\u201cPomozimo obitelji Dedi\u0107\u201c<\/strong>&nbsp;za rje\u0161avanje stambenog pitanja obitelji \u010dija je ku\u0107a stradala u pro\u0161lotjednoj eksploziji plinske boce.<\/p>\n\n\n\n<p>U akciju su se odmah uklju\u010dili i financijski pomogli&nbsp;<strong>Grad Ljubu\u0161ki, Ministarstvo financija \u2013 Vlada i Skup\u0161tina \u017dupanije Zapadnohercegova\u010dke te ljubu\u0161ki gospodarstvenici&nbsp;<\/strong>u nadi da se \u0161to prije prikupi novac i obnovi stradala ku\u0107a jer je obitelji to dom u kojem stalno \u017eive.<\/p>\n\n\n\n<p>\u201cOvom prilikom pozivamo sve da se uklju\u010de u humanitarnu akciju i doniraju sredstva na poseban ra\u010dun MZ Humac kako bi se obitelj Dedi\u0107 \u0161to prije mogla imati dom\u201d, pozvali su iz&nbsp;<strong>Mjesne zajednice Humac<\/strong>&nbsp;sve ljude dobre volje kako bi se uklju\u010dili u akciju prikupljanja novca namijenjenoga za rje\u0161avanje stambenog pitanja kako bi obitelji Dedi\u0107 omogu\u0107ili \u0161to br\u017ei i lak\u0161i nastavak normalnog \u017eivota.<\/p>\n\n\n\n<p>Stoga jo\u0161 jednom doka\u017eemo koliko je veliko ljudsko srce u mjesecu do\u0161a\u0161\u0107a, darivanja i zajedni\u0161tva kako bi obitelj Dedi\u0107 mogla osjetiti na\u0161u prisutnost i da znaju da smo mi uz njih u ovoj te\u0161koj \u017eivotnoj nevolji te \u0107emo im nesebi\u010dno pomo\u0107i kako bi ponovno sagrade svoj obiteljski dom.<\/p>\n\n\n\n<blockquote class=\"wp-block-quote is-layout-flow wp-block-quote-is-layout-flow\">\n<p>Za uplatu nov\u010danih sredstava otvoren je poseban ra\u010dun MZ Humac, i ovim putem Vas pozivamo da sudjelujete u humanitarnoj akciji uplatom na broj ra\u010duna:&nbsp;<strong>3381602286186590<\/strong>&nbsp;otvoren kod Unicredit Bank.<\/p>\n<\/blockquote>\n\n\n\n<p>Budimo dio ove akcije jer svako se dobro trostruko vra\u0107a.<\/p>\n\n\n\n<p>                                          <strong>   RK Izvi\u0111a\u010d Agram <\/strong><\/p>\n\n\n\n<p>RK Izvi\u0111a\u010d uklju\u010dio se u akciju pomo\u0107i, te \u0107e cjelokupan prihod od ulaznica susreta 10. kola BIH Premijer lige RK Izvi\u0111a\u010d Agram : RK Borac m tel koji se igra u subotu 7.prosinca u 17.00 sati u Gradskoj sportskoj dvorani u Ljubu\u0161kom biti doniran obitelji Dedi\u0107.<\/p>\n","protected":false},"excerpt":{"rendered":"<p>Ekipa Radija Ljubu\u0161ki posjetila je danas obitelj Dedi\u0107 u Ljubu\u0161kom \u010dija obiteljska ku\u0107a je stradala u eksploziji plinske boce koja se dogodila u kasnim poslijepodnevnim satima 27.studenog. Dolaskom do lice mjesta vidljivi su popucani vanjski zidovi i o\u0161te\u0107enje cijele ku\u0107e. Posve je razumljivo da u ovoj te\u0161koj situaciji , potreseni doga\u0111ajem ova obitelj nije \u017eeljela [&hellip;]<\/p>\n","protected":false},"author":2,"featured_media":211474,"comment_status":"closed","ping_status":"closed","sticky":false,"template":"","format":"standard","meta":{"h5ap_radio_sources":[],"footnotes":""},"categories":[1,28],"tags":[],"class_list":["post-211409","post","type-post","status-publish","format-standard","has-post-thumbnail","hentry","category-bihiregija","category-novosti"],"yoast_head":"<!-- This site is optimized with the Yoast SEO plugin v27.5 - https:\/\/yoast.com\/product\/yoast-seo-wordpress\/ -->\n<title>RLJ na licu mjesta:Pomozimo obitelji Dedi\u0107 - RADIO LJUBU\u0160KI<\/title>\n<meta name=\"robots\" content=\"index, follow, max-snippet:-1, max-image-preview:large, max-video-preview:-1\" \/>\n<link rel=\"canonical\" href=\"https:\/\/radioljubuski.ba\/index.php\/2024\/12\/05\/rlj-na-licu-mjestapomozimo-obitelji-dedic\/\" \/>\n<meta property=\"og:locale\" content=\"hr_HR\" \/>\n<meta property=\"og:type\" content=\"article\" \/>\n<meta property=\"og:title\" content=\"RLJ na licu mjesta:Pomozimo obitelji Dedi\u0107 - RADIO LJUBU\u0160KI\" \/>\n<meta property=\"og:description\" content=\"Ekipa Radija Ljubu\u0161ki posjetila je danas obitelj Dedi\u0107 u Ljubu\u0161kom \u010dija obiteljska ku\u0107a je stradala u eksploziji plinske boce koja se dogodila u kasnim poslijepodnevnim satima 27.studenog. Dolaskom do lice mjesta vidljivi su popucani vanjski zidovi i o\u0161te\u0107enje cijele ku\u0107e. Posve je razumljivo da u ovoj te\u0161koj situaciji , potreseni doga\u0111ajem ova obitelj nije \u017eeljela [&hellip;]\" \/>\n<meta property=\"og:url\" content=\"https:\/\/radioljubuski.ba\/index.php\/2024\/12\/05\/rlj-na-licu-mjestapomozimo-obitelji-dedic\/\" \/>\n<meta property=\"og:site_name\" content=\"RADIO LJUBU\u0160KI\" \/>\n<meta property=\"article:publisher\" content=\"https:\/\/www.facebook.com\/Radiio-Ljubuski-1490835324566332\" \/>\n<meta property=\"article:published_time\" content=\"2024-12-05T13:43:28+00:00\" \/>\n<meta property=\"article:modified_time\" content=\"2024-12-05T16:12:44+00:00\" \/>\n<meta property=\"og:image\" content=\"https:\/\/radioljubuski.ba\/wp-content\/uploads\/2024\/12\/IMG_1954.jpg\" \/>\n\t<meta property=\"og:image:width\" content=\"2400\" \/>\n\t<meta property=\"og:image:height\" content=\"1600\" \/>\n\t<meta property=\"og:image:type\" content=\"image\/jpeg\" \/>\n<meta name=\"author\" content=\"Radio Ljubu\u0161ki\" \/>\n<meta name=\"twitter:card\" content=\"summary_large_image\" \/>\n<meta name=\"twitter:creator\" content=\"@radioljubuski\" \/>\n<meta name=\"twitter:site\" content=\"@radioljubuski\" \/>\n<meta name=\"twitter:label1\" content=\"Napisao\/la\" \/>\n\t<meta name=\"twitter:data1\" content=\"Radio Ljubu\u0161ki\" \/>\n\t<meta name=\"twitter:label2\" content=\"Procijenjeno vrijeme \u010ditanja\" \/>\n\t<meta name=\"twitter:data2\" content=\"5 minuta\" \/>\n<script type=\"application\/ld+json\" class=\"yoast-schema-graph\">{\"@context\":\"https:\\\/\\\/schema.org\",\"@graph\":[{\"@type\":\"Article\",\"@id\":\"https:\\\/\\\/radioljubuski.ba\\\/index.php\\\/2024\\\/12\\\/05\\\/rlj-na-licu-mjestapomozimo-obitelji-dedic\\\/#article\",\"isPartOf\":{\"@id\":\"https:\\\/\\\/radioljubuski.ba\\\/index.php\\\/2024\\\/12\\\/05\\\/rlj-na-licu-mjestapomozimo-obitelji-dedic\\\/\"},\"author\":{\"name\":\"Radio Ljubu\u0161ki\",\"@id\":\"https:\\\/\\\/radioljubuski.ba\\\/#\\\/schema\\\/person\\\/19fc700381a780f69665d7956c469e3b\"},\"headline\":\"RLJ na licu mjesta:Pomozimo obitelji Dedi\u0107\",\"datePublished\":\"2024-12-05T13:43:28+00:00\",\"dateModified\":\"2024-12-05T16:12:44+00:00\",\"mainEntityOfPage\":{\"@id\":\"https:\\\/\\\/radioljubuski.ba\\\/index.php\\\/2024\\\/12\\\/05\\\/rlj-na-licu-mjestapomozimo-obitelji-dedic\\\/\"},\"wordCount\":738,\"publisher\":{\"@id\":\"https:\\\/\\\/radioljubuski.ba\\\/#organization\"},\"image\":{\"@id\":\"https:\\\/\\\/radioljubuski.ba\\\/index.php\\\/2024\\\/12\\\/05\\\/rlj-na-licu-mjestapomozimo-obitelji-dedic\\\/#primaryimage\"},\"thumbnailUrl\":\"https:\\\/\\\/radioljubuski.ba\\\/wp-content\\\/uploads\\\/2024\\\/12\\\/IMG_1954.jpg\",\"articleSection\":[\"BIH i regija\",\"Novosti\"],\"inLanguage\":\"hr\"},{\"@type\":\"WebPage\",\"@id\":\"https:\\\/\\\/radioljubuski.ba\\\/index.php\\\/2024\\\/12\\\/05\\\/rlj-na-licu-mjestapomozimo-obitelji-dedic\\\/\",\"url\":\"https:\\\/\\\/radioljubuski.ba\\\/index.php\\\/2024\\\/12\\\/05\\\/rlj-na-licu-mjestapomozimo-obitelji-dedic\\\/\",\"name\":\"RLJ na licu mjesta:Pomozimo obitelji Dedi\u0107 - RADIO LJUBU\u0160KI\",\"isPartOf\":{\"@id\":\"https:\\\/\\\/radioljubuski.ba\\\/#website\"},\"primaryImageOfPage\":{\"@id\":\"https:\\\/\\\/radioljubuski.ba\\\/index.php\\\/2024\\\/12\\\/05\\\/rlj-na-licu-mjestapomozimo-obitelji-dedic\\\/#primaryimage\"},\"image\":{\"@id\":\"https:\\\/\\\/radioljubuski.ba\\\/index.php\\\/2024\\\/12\\\/05\\\/rlj-na-licu-mjestapomozimo-obitelji-dedic\\\/#primaryimage\"},\"thumbnailUrl\":\"https:\\\/\\\/radioljubuski.ba\\\/wp-content\\\/uploads\\\/2024\\\/12\\\/IMG_1954.jpg\",\"datePublished\":\"2024-12-05T13:43:28+00:00\",\"dateModified\":\"2024-12-05T16:12:44+00:00\",\"breadcrumb\":{\"@id\":\"https:\\\/\\\/radioljubuski.ba\\\/index.php\\\/2024\\\/12\\\/05\\\/rlj-na-licu-mjestapomozimo-obitelji-dedic\\\/#breadcrumb\"},\"inLanguage\":\"hr\",\"potentialAction\":[{\"@type\":\"ReadAction\",\"target\":[\"https:\\\/\\\/radioljubuski.ba\\\/index.php\\\/2024\\\/12\\\/05\\\/rlj-na-licu-mjestapomozimo-obitelji-dedic\\\/\"]}]},{\"@type\":\"ImageObject\",\"inLanguage\":\"hr\",\"@id\":\"https:\\\/\\\/radioljubuski.ba\\\/index.php\\\/2024\\\/12\\\/05\\\/rlj-na-licu-mjestapomozimo-obitelji-dedic\\\/#primaryimage\",\"url\":\"https:\\\/\\\/radioljubuski.ba\\\/wp-content\\\/uploads\\\/2024\\\/12\\\/IMG_1954.jpg\",\"contentUrl\":\"https:\\\/\\\/radioljubuski.ba\\\/wp-content\\\/uploads\\\/2024\\\/12\\\/IMG_1954.jpg\",\"width\":2400,\"height\":1600},{\"@type\":\"BreadcrumbList\",\"@id\":\"https:\\\/\\\/radioljubuski.ba\\\/index.php\\\/2024\\\/12\\\/05\\\/rlj-na-licu-mjestapomozimo-obitelji-dedic\\\/#breadcrumb\",\"itemListElement\":[{\"@type\":\"ListItem\",\"position\":1,\"name\":\"Po\u010detna stranica\",\"item\":\"https:\\\/\\\/radioljubuski.ba\\\/\"},{\"@type\":\"ListItem\",\"position\":2,\"name\":\"RLJ na licu mjesta:Pomozimo obitelji Dedi\u0107\"}]},{\"@type\":\"WebSite\",\"@id\":\"https:\\\/\\\/radioljubuski.ba\\\/#website\",\"url\":\"https:\\\/\\\/radioljubuski.ba\\\/\",\"name\":\"Radio Ljubu\u0161ki\",\"description\":\"Sun\u010dana frekvencija Hercegovine\",\"publisher\":{\"@id\":\"https:\\\/\\\/radioljubuski.ba\\\/#organization\"},\"potentialAction\":[{\"@type\":\"SearchAction\",\"target\":{\"@type\":\"EntryPoint\",\"urlTemplate\":\"https:\\\/\\\/radioljubuski.ba\\\/?s={search_term_string}\"},\"query-input\":{\"@type\":\"PropertyValueSpecification\",\"valueRequired\":true,\"valueName\":\"search_term_string\"}}],\"inLanguage\":\"hr\"},{\"@type\":\"Organization\",\"@id\":\"https:\\\/\\\/radioljubuski.ba\\\/#organization\",\"name\":\"Radio Ljubu\u0161ki\",\"url\":\"https:\\\/\\\/radioljubuski.ba\\\/\",\"logo\":{\"@type\":\"ImageObject\",\"inLanguage\":\"hr\",\"@id\":\"https:\\\/\\\/radioljubuski.ba\\\/#\\\/schema\\\/logo\\\/image\\\/\",\"url\":\"https:\\\/\\\/radioljubuski.ba\\\/wp-content\\\/uploads\\\/2021\\\/02\\\/cropped-Radio_Ljubuski_logo1.jpg\",\"contentUrl\":\"https:\\\/\\\/radioljubuski.ba\\\/wp-content\\\/uploads\\\/2021\\\/02\\\/cropped-Radio_Ljubuski_logo1.jpg\",\"width\":512,\"height\":512,\"caption\":\"Radio Ljubu\u0161ki\"},\"image\":{\"@id\":\"https:\\\/\\\/radioljubuski.ba\\\/#\\\/schema\\\/logo\\\/image\\\/\"},\"sameAs\":[\"https:\\\/\\\/www.facebook.com\\\/Radiio-Ljubuski-1490835324566332\",\"https:\\\/\\\/x.com\\\/radioljubuski\",\"https:\\\/\\\/hr.linkedin.com\\\/company\\\/radio-ljubuski\",\"https:\\\/\\\/www.youtube.com\\\/channel\\\/UCHYaeO_n0Db3tjNGudGpXyw\"]},{\"@type\":\"Person\",\"@id\":\"https:\\\/\\\/radioljubuski.ba\\\/#\\\/schema\\\/person\\\/19fc700381a780f69665d7956c469e3b\",\"name\":\"Radio Ljubu\u0161ki\"}]}<\/script>\n<!-- \/ Yoast SEO plugin. -->","yoast_head_json":{"title":"RLJ na licu mjesta:Pomozimo obitelji Dedi\u0107 - RADIO LJUBU\u0160KI","robots":{"index":"index","follow":"follow","max-snippet":"max-snippet:-1","max-image-preview":"max-image-preview:large","max-video-preview":"max-video-preview:-1"},"canonical":"https:\/\/radioljubuski.ba\/index.php\/2024\/12\/05\/rlj-na-licu-mjestapomozimo-obitelji-dedic\/","og_locale":"hr_HR","og_type":"article","og_title":"RLJ na licu mjesta:Pomozimo obitelji Dedi\u0107 - RADIO LJUBU\u0160KI","og_description":"Ekipa Radija Ljubu\u0161ki posjetila je danas obitelj Dedi\u0107 u Ljubu\u0161kom \u010dija obiteljska ku\u0107a je stradala u eksploziji plinske boce koja se dogodila u kasnim poslijepodnevnim satima 27.studenog. Dolaskom do lice mjesta vidljivi su popucani vanjski zidovi i o\u0161te\u0107enje cijele ku\u0107e. Posve je razumljivo da u ovoj te\u0161koj situaciji , potreseni doga\u0111ajem ova obitelj nije \u017eeljela [&hellip;]","og_url":"https:\/\/radioljubuski.ba\/index.php\/2024\/12\/05\/rlj-na-licu-mjestapomozimo-obitelji-dedic\/","og_site_name":"RADIO LJUBU\u0160KI","article_publisher":"https:\/\/www.facebook.com\/Radiio-Ljubuski-1490835324566332","article_published_time":"2024-12-05T13:43:28+00:00","article_modified_time":"2024-12-05T16:12:44+00:00","og_image":[{"width":2400,"height":1600,"url":"https:\/\/radioljubuski.ba\/wp-content\/uploads\/2024\/12\/IMG_1954.jpg","type":"image\/jpeg"}],"author":"Radio Ljubu\u0161ki","twitter_card":"summary_large_image","twitter_creator":"@radioljubuski","twitter_site":"@radioljubuski","twitter_misc":{"Napisao\/la":"Radio Ljubu\u0161ki","Procijenjeno vrijeme \u010ditanja":"5 minuta"},"schema":{"@context":"https:\/\/schema.org","@graph":[{"@type":"Article","@id":"https:\/\/radioljubuski.ba\/index.php\/2024\/12\/05\/rlj-na-licu-mjestapomozimo-obitelji-dedic\/#article","isPartOf":{"@id":"https:\/\/radioljubuski.ba\/index.php\/2024\/12\/05\/rlj-na-licu-mjestapomozimo-obitelji-dedic\/"},"author":{"name":"Radio Ljubu\u0161ki","@id":"https:\/\/radioljubuski.ba\/#\/schema\/person\/19fc700381a780f69665d7956c469e3b"},"headline":"RLJ na licu mjesta:Pomozimo obitelji Dedi\u0107","datePublished":"2024-12-05T13:43:28+00:00","dateModified":"2024-12-05T16:12:44+00:00","mainEntityOfPage":{"@id":"https:\/\/radioljubuski.ba\/index.php\/2024\/12\/05\/rlj-na-licu-mjestapomozimo-obitelji-dedic\/"},"wordCount":738,"publisher":{"@id":"https:\/\/radioljubuski.ba\/#organization"},"image":{"@id":"https:\/\/radioljubuski.ba\/index.php\/2024\/12\/05\/rlj-na-licu-mjestapomozimo-obitelji-dedic\/#primaryimage"},"thumbnailUrl":"https:\/\/radioljubuski.ba\/wp-content\/uploads\/2024\/12\/IMG_1954.jpg","articleSection":["BIH i regija","Novosti"],"inLanguage":"hr"},{"@type":"WebPage","@id":"https:\/\/radioljubuski.ba\/index.php\/2024\/12\/05\/rlj-na-licu-mjestapomozimo-obitelji-dedic\/","url":"https:\/\/radioljubuski.ba\/index.php\/2024\/12\/05\/rlj-na-licu-mjestapomozimo-obitelji-dedic\/","name":"RLJ na licu mjesta:Pomozimo obitelji Dedi\u0107 - RADIO LJUBU\u0160KI","isPartOf":{"@id":"https:\/\/radioljubuski.ba\/#website"},"primaryImageOfPage":{"@id":"https:\/\/radioljubuski.ba\/index.php\/2024\/12\/05\/rlj-na-licu-mjestapomozimo-obitelji-dedic\/#primaryimage"},"image":{"@id":"https:\/\/radioljubuski.ba\/index.php\/2024\/12\/05\/rlj-na-licu-mjestapomozimo-obitelji-dedic\/#primaryimage"},"thumbnailUrl":"https:\/\/radioljubuski.ba\/wp-content\/uploads\/2024\/12\/IMG_1954.jpg","datePublished":"2024-12-05T13:43:28+00:00","dateModified":"2024-12-05T16:12:44+00:00","breadcrumb":{"@id":"https:\/\/radioljubuski.ba\/index.php\/2024\/12\/05\/rlj-na-licu-mjestapomozimo-obitelji-dedic\/#breadcrumb"},"inLanguage":"hr","potentialAction":[{"@type":"ReadAction","target":["https:\/\/radioljubuski.ba\/index.php\/2024\/12\/05\/rlj-na-licu-mjestapomozimo-obitelji-dedic\/"]}]},{"@type":"ImageObject","inLanguage":"hr","@id":"https:\/\/radioljubuski.ba\/index.php\/2024\/12\/05\/rlj-na-licu-mjestapomozimo-obitelji-dedic\/#primaryimage","url":"https:\/\/radioljubuski.ba\/wp-content\/uploads\/2024\/12\/IMG_1954.jpg","contentUrl":"https:\/\/radioljubuski.ba\/wp-content\/uploads\/2024\/12\/IMG_1954.jpg","width":2400,"height":1600},{"@type":"BreadcrumbList","@id":"https:\/\/radioljubuski.ba\/index.php\/2024\/12\/05\/rlj-na-licu-mjestapomozimo-obitelji-dedic\/#breadcrumb","itemListElement":[{"@type":"ListItem","position":1,"name":"Po\u010detna stranica","item":"https:\/\/radioljubuski.ba\/"},{"@type":"ListItem","position":2,"name":"RLJ na licu mjesta:Pomozimo obitelji Dedi\u0107"}]},{"@type":"WebSite","@id":"https:\/\/radioljubuski.ba\/#website","url":"https:\/\/radioljubuski.ba\/","name":"Radio Ljubu\u0161ki","description":"Sun\u010dana frekvencija Hercegovine","publisher":{"@id":"https:\/\/radioljubuski.ba\/#organization"},"potentialAction":[{"@type":"SearchAction","target":{"@type":"EntryPoint","urlTemplate":"https:\/\/radioljubuski.ba\/?s={search_term_string}"},"query-input":{"@type":"PropertyValueSpecification","valueRequired":true,"valueName":"search_term_string"}}],"inLanguage":"hr"},{"@type":"Organization","@id":"https:\/\/radioljubuski.ba\/#organization","name":"Radio Ljubu\u0161ki","url":"https:\/\/radioljubuski.ba\/","logo":{"@type":"ImageObject","inLanguage":"hr","@id":"https:\/\/radioljubuski.ba\/#\/schema\/logo\/image\/","url":"https:\/\/radioljubuski.ba\/wp-content\/uploads\/2021\/02\/cropped-Radio_Ljubuski_logo1.jpg","contentUrl":"https:\/\/radioljubuski.ba\/wp-content\/uploads\/2021\/02\/cropped-Radio_Ljubuski_logo1.jpg","width":512,"height":512,"caption":"Radio Ljubu\u0161ki"},"image":{"@id":"https:\/\/radioljubuski.ba\/#\/schema\/logo\/image\/"},"sameAs":["https:\/\/www.facebook.com\/Radiio-Ljubuski-1490835324566332","https:\/\/x.com\/radioljubuski","https:\/\/hr.linkedin.com\/company\/radio-ljubuski","https:\/\/www.youtube.com\/channel\/UCHYaeO_n0Db3tjNGudGpXyw"]},{"@type":"Person","@id":"https:\/\/radioljubuski.ba\/#\/schema\/person\/19fc700381a780f69665d7956c469e3b","name":"Radio Ljubu\u0161ki"}]}},"_links":{"self":[{"href":"https:\/\/radioljubuski.ba\/index.php\/wp-json\/wp\/v2\/posts\/211409","targetHints":{"allow":["GET"]}}],"collection":[{"href":"https:\/\/radioljubuski.ba\/index.php\/wp-json\/wp\/v2\/posts"}],"about":[{"href":"https:\/\/radioljubuski.ba\/index.php\/wp-json\/wp\/v2\/types\/post"}],"author":[{"embeddable":true,"href":"https:\/\/radioljubuski.ba\/index.php\/wp-json\/wp\/v2\/users\/2"}],"replies":[{"embeddable":true,"href":"https:\/\/radioljubuski.ba\/index.php\/wp-json\/wp\/v2\/comments?post=211409"}],"version-history":[{"count":29,"href":"https:\/\/radioljubuski.ba\/index.php\/wp-json\/wp\/v2\/posts\/211409\/revisions"}],"predecessor-version":[{"id":211505,"href":"https:\/\/radioljubuski.ba\/index.php\/wp-json\/wp\/v2\/posts\/211409\/revisions\/211505"}],"wp:featuredmedia":[{"embeddable":true,"href":"https:\/\/radioljubuski.ba\/index.php\/wp-json\/wp\/v2\/media\/211474"}],"wp:attachment":[{"href":"https:\/\/radioljubuski.ba\/index.php\/wp-json\/wp\/v2\/media?parent=211409"}],"wp:term":[{"taxonomy":"category","embeddable":true,"href":"https:\/\/radioljubuski.ba\/index.php\/wp-json\/wp\/v2\/categories?post=211409"},{"taxonomy":"post_tag","embeddable":true,"href":"https:\/\/radioljubuski.ba\/index.php\/wp-json\/wp\/v2\/tags?post=211409"}],"curies":[{"name":"wp","href":"https:\/\/api.w.org\/{rel}","templated":true}]}}