{"id":211513,"date":"2024-12-07T08:25:35","date_gmt":"2024-12-07T07:25:35","guid":{"rendered":"https:\/\/radioljubuski.ba\/?p=211513"},"modified":"2024-12-07T21:03:25","modified_gmt":"2024-12-07T20:03:25","slug":"utakmica-rk-izvidac-agram-rk-borac-mtel-biti-ce-humanitarnog-karaktera","status":"publish","type":"post","link":"https:\/\/radioljubuski.ba\/index.php\/2024\/12\/07\/utakmica-rk-izvidac-agram-rk-borac-mtel-biti-ce-humanitarnog-karaktera\/","title":{"rendered":"Ljubu\u0161ki velikog srca: U 17.00 utakmica RK Izvi\u0111a\u010d Agram \u2013 RK Borac m:tel humanitarnog karaktera"},"content":{"rendered":"\n<p>Rukometni klub Izvi\u0111a\u010d Agram uklju\u010dio se u humanitarnu akciju pomo\u0107i obitelj Dedi\u0107 za obnovu obiteljskog doma koji je razru\u0161en uslijed eksplozije plinske boce.<\/p>\n\n\n\n<p>Derbi utakmica 11.kola Premijer lige BiH imati \u0107e humanitarni karakter. Cjelokupni prihod od ulaznica biti \u0107e doniran obitelji Dedi\u0107. Tako\u0111er svi oni koji kupe ulaznicu mo\u0107i \u0107e sudjelovati nagradnoj igri. Sretni dobitnik, koji \u0107e biti izvu\u010den na poluvremenu utakmice, dobiti \u0107e dres RK Izvi\u0111a\u010d Agram s potpisima igra\u010da, dizajniran za utakmice europske lige.<\/p>\n\n\n\n<p><strong>Dobrovoljni nov\u010dani prilozi mo\u0107i \u0107e se tako\u0111er donirati i u donatorsku kutiju koja \u0107e biti postavljena u dvorani za vrijeme utakmice.<\/strong><\/p>\n\n\n\n<p>Pozivamo sve na\u0161e navija\u010de i simpatizere kao i sve gra\u0111ane Ljubu\u0161kog da se odazovu ovoj humanitarnoj akciji.<\/p>\n\n\n\n<p><strong>Utakmica izme\u0111u RK Izvi\u0111a\u010d Agram i RK Borac m:tel igra se u danas 07.12.2024. godine s po\u010detkom u 17:00 sati.<\/strong><\/p>\n\n\n\n<p>Svojim dolaskom podr\u017eati \u0107e na\u0161e sjajne rukometa\u0161e te pokazati i svoju humanost!<\/p>\n\n\n\n<p>Izvor:izvidjac.com<\/p>\n\n\n\n<p>Radio Ljubu\u0161ki<\/p>\n","protected":false},"excerpt":{"rendered":"<p>Rukometni klub Izvi\u0111a\u010d Agram uklju\u010dio se u humanitarnu akciju pomo\u0107i obitelj Dedi\u0107 za obnovu obiteljskog doma koji je razru\u0161en uslijed eksplozije plinske boce. Derbi utakmica 11.kola Premijer lige BiH imati \u0107e humanitarni karakter. Cjelokupni prihod od ulaznica biti \u0107e doniran obitelji Dedi\u0107. Tako\u0111er svi oni koji kupe ulaznicu mo\u0107i \u0107e sudjelovati nagradnoj igri. Sretni dobitnik, [&hellip;]<\/p>\n","protected":false},"author":2,"featured_media":211514,"comment_status":"closed","ping_status":"closed","sticky":false,"template":"","format":"standard","meta":{"h5ap_radio_sources":[],"footnotes":""},"categories":[3,7],"tags":[],"class_list":["post-211513","post","type-post","status-publish","format-standard","has-post-thumbnail","hentry","category-ljubuski","category-sport"],"yoast_head":"<!-- This site is optimized with the Yoast SEO plugin v27.4 - https:\/\/yoast.com\/product\/yoast-seo-wordpress\/ -->\n<title>Ljubu\u0161ki velikog srca: U 17.00 utakmica RK Izvi\u0111a\u010d Agram \u2013 RK Borac m:tel humanitarnog karaktera - RADIO LJUBU\u0160KI<\/title>\n<meta name=\"robots\" content=\"index, follow, max-snippet:-1, max-image-preview:large, max-video-preview:-1\" \/>\n<link rel=\"canonical\" href=\"https:\/\/radioljubuski.ba\/index.php\/2024\/12\/07\/utakmica-rk-izvidac-agram-rk-borac-mtel-biti-ce-humanitarnog-karaktera\/\" \/>\n<meta property=\"og:locale\" content=\"hr_HR\" \/>\n<meta property=\"og:type\" content=\"article\" \/>\n<meta property=\"og:title\" content=\"Ljubu\u0161ki velikog srca: U 17.00 utakmica RK Izvi\u0111a\u010d Agram \u2013 RK Borac m:tel humanitarnog karaktera - RADIO LJUBU\u0160KI\" \/>\n<meta property=\"og:description\" content=\"Rukometni klub Izvi\u0111a\u010d Agram uklju\u010dio se u humanitarnu akciju pomo\u0107i obitelj Dedi\u0107 za obnovu obiteljskog doma koji je razru\u0161en uslijed eksplozije plinske boce. Derbi utakmica 11.kola Premijer lige BiH imati \u0107e humanitarni karakter. Cjelokupni prihod od ulaznica biti \u0107e doniran obitelji Dedi\u0107. Tako\u0111er svi oni koji kupe ulaznicu mo\u0107i \u0107e sudjelovati nagradnoj igri. Sretni dobitnik, [&hellip;]\" \/>\n<meta property=\"og:url\" content=\"https:\/\/radioljubuski.ba\/index.php\/2024\/12\/07\/utakmica-rk-izvidac-agram-rk-borac-mtel-biti-ce-humanitarnog-karaktera\/\" \/>\n<meta property=\"og:site_name\" content=\"RADIO LJUBU\u0160KI\" \/>\n<meta property=\"article:publisher\" content=\"https:\/\/www.facebook.com\/Radiio-Ljubuski-1490835324566332\" \/>\n<meta property=\"article:published_time\" content=\"2024-12-07T07:25:35+00:00\" \/>\n<meta property=\"article:modified_time\" content=\"2024-12-07T20:03:25+00:00\" \/>\n<meta property=\"og:image\" content=\"https:\/\/radioljubuski.ba\/wp-content\/uploads\/2024\/12\/HUMANITARNA-1024x660-1.jpg\" \/>\n\t<meta property=\"og:image:width\" content=\"1024\" \/>\n\t<meta property=\"og:image:height\" content=\"660\" \/>\n\t<meta property=\"og:image:type\" content=\"image\/jpeg\" \/>\n<meta name=\"author\" content=\"Radio Ljubu\u0161ki\" \/>\n<meta name=\"twitter:card\" content=\"summary_large_image\" \/>\n<meta name=\"twitter:creator\" content=\"@radioljubuski\" \/>\n<meta name=\"twitter:site\" content=\"@radioljubuski\" \/>\n<meta name=\"twitter:label1\" content=\"Napisao\/la\" \/>\n\t<meta name=\"twitter:data1\" content=\"Radio Ljubu\u0161ki\" \/>\n\t<meta name=\"twitter:label2\" content=\"Procijenjeno vrijeme \u010ditanja\" \/>\n\t<meta name=\"twitter:data2\" content=\"2 minute\" \/>\n<script type=\"application\/ld+json\" class=\"yoast-schema-graph\">{\"@context\":\"https:\\\/\\\/schema.org\",\"@graph\":[{\"@type\":\"Article\",\"@id\":\"https:\\\/\\\/radioljubuski.ba\\\/index.php\\\/2024\\\/12\\\/07\\\/utakmica-rk-izvidac-agram-rk-borac-mtel-biti-ce-humanitarnog-karaktera\\\/#article\",\"isPartOf\":{\"@id\":\"https:\\\/\\\/radioljubuski.ba\\\/index.php\\\/2024\\\/12\\\/07\\\/utakmica-rk-izvidac-agram-rk-borac-mtel-biti-ce-humanitarnog-karaktera\\\/\"},\"author\":{\"name\":\"Radio Ljubu\u0161ki\",\"@id\":\"https:\\\/\\\/radioljubuski.ba\\\/#\\\/schema\\\/person\\\/19fc700381a780f69665d7956c469e3b\"},\"headline\":\"Ljubu\u0161ki velikog srca: U 17.00 utakmica RK Izvi\u0111a\u010d Agram \u2013 RK Borac m:tel humanitarnog karaktera\",\"datePublished\":\"2024-12-07T07:25:35+00:00\",\"dateModified\":\"2024-12-07T20:03:25+00:00\",\"mainEntityOfPage\":{\"@id\":\"https:\\\/\\\/radioljubuski.ba\\\/index.php\\\/2024\\\/12\\\/07\\\/utakmica-rk-izvidac-agram-rk-borac-mtel-biti-ce-humanitarnog-karaktera\\\/\"},\"wordCount\":189,\"publisher\":{\"@id\":\"https:\\\/\\\/radioljubuski.ba\\\/#organization\"},\"image\":{\"@id\":\"https:\\\/\\\/radioljubuski.ba\\\/index.php\\\/2024\\\/12\\\/07\\\/utakmica-rk-izvidac-agram-rk-borac-mtel-biti-ce-humanitarnog-karaktera\\\/#primaryimage\"},\"thumbnailUrl\":\"https:\\\/\\\/radioljubuski.ba\\\/wp-content\\\/uploads\\\/2024\\\/12\\\/HUMANITARNA-1024x660-1.jpg\",\"articleSection\":[\"Ljubu\u0161ki\",\"\u0160port\"],\"inLanguage\":\"hr\"},{\"@type\":\"WebPage\",\"@id\":\"https:\\\/\\\/radioljubuski.ba\\\/index.php\\\/2024\\\/12\\\/07\\\/utakmica-rk-izvidac-agram-rk-borac-mtel-biti-ce-humanitarnog-karaktera\\\/\",\"url\":\"https:\\\/\\\/radioljubuski.ba\\\/index.php\\\/2024\\\/12\\\/07\\\/utakmica-rk-izvidac-agram-rk-borac-mtel-biti-ce-humanitarnog-karaktera\\\/\",\"name\":\"Ljubu\u0161ki velikog srca: U 17.00 utakmica RK Izvi\u0111a\u010d Agram \u2013 RK Borac m:tel humanitarnog karaktera - RADIO LJUBU\u0160KI\",\"isPartOf\":{\"@id\":\"https:\\\/\\\/radioljubuski.ba\\\/#website\"},\"primaryImageOfPage\":{\"@id\":\"https:\\\/\\\/radioljubuski.ba\\\/index.php\\\/2024\\\/12\\\/07\\\/utakmica-rk-izvidac-agram-rk-borac-mtel-biti-ce-humanitarnog-karaktera\\\/#primaryimage\"},\"image\":{\"@id\":\"https:\\\/\\\/radioljubuski.ba\\\/index.php\\\/2024\\\/12\\\/07\\\/utakmica-rk-izvidac-agram-rk-borac-mtel-biti-ce-humanitarnog-karaktera\\\/#primaryimage\"},\"thumbnailUrl\":\"https:\\\/\\\/radioljubuski.ba\\\/wp-content\\\/uploads\\\/2024\\\/12\\\/HUMANITARNA-1024x660-1.jpg\",\"datePublished\":\"2024-12-07T07:25:35+00:00\",\"dateModified\":\"2024-12-07T20:03:25+00:00\",\"breadcrumb\":{\"@id\":\"https:\\\/\\\/radioljubuski.ba\\\/index.php\\\/2024\\\/12\\\/07\\\/utakmica-rk-izvidac-agram-rk-borac-mtel-biti-ce-humanitarnog-karaktera\\\/#breadcrumb\"},\"inLanguage\":\"hr\",\"potentialAction\":[{\"@type\":\"ReadAction\",\"target\":[\"https:\\\/\\\/radioljubuski.ba\\\/index.php\\\/2024\\\/12\\\/07\\\/utakmica-rk-izvidac-agram-rk-borac-mtel-biti-ce-humanitarnog-karaktera\\\/\"]}]},{\"@type\":\"ImageObject\",\"inLanguage\":\"hr\",\"@id\":\"https:\\\/\\\/radioljubuski.ba\\\/index.php\\\/2024\\\/12\\\/07\\\/utakmica-rk-izvidac-agram-rk-borac-mtel-biti-ce-humanitarnog-karaktera\\\/#primaryimage\",\"url\":\"https:\\\/\\\/radioljubuski.ba\\\/wp-content\\\/uploads\\\/2024\\\/12\\\/HUMANITARNA-1024x660-1.jpg\",\"contentUrl\":\"https:\\\/\\\/radioljubuski.ba\\\/wp-content\\\/uploads\\\/2024\\\/12\\\/HUMANITARNA-1024x660-1.jpg\",\"width\":1024,\"height\":660},{\"@type\":\"BreadcrumbList\",\"@id\":\"https:\\\/\\\/radioljubuski.ba\\\/index.php\\\/2024\\\/12\\\/07\\\/utakmica-rk-izvidac-agram-rk-borac-mtel-biti-ce-humanitarnog-karaktera\\\/#breadcrumb\",\"itemListElement\":[{\"@type\":\"ListItem\",\"position\":1,\"name\":\"Po\u010detna stranica\",\"item\":\"https:\\\/\\\/radioljubuski.ba\\\/\"},{\"@type\":\"ListItem\",\"position\":2,\"name\":\"Ljubu\u0161ki velikog srca: U 17.00 utakmica RK Izvi\u0111a\u010d Agram \u2013 RK Borac m:tel humanitarnog karaktera\"}]},{\"@type\":\"WebSite\",\"@id\":\"https:\\\/\\\/radioljubuski.ba\\\/#website\",\"url\":\"https:\\\/\\\/radioljubuski.ba\\\/\",\"name\":\"Radio Ljubu\u0161ki\",\"description\":\"Sun\u010dana frekvencija Hercegovine\",\"publisher\":{\"@id\":\"https:\\\/\\\/radioljubuski.ba\\\/#organization\"},\"potentialAction\":[{\"@type\":\"SearchAction\",\"target\":{\"@type\":\"EntryPoint\",\"urlTemplate\":\"https:\\\/\\\/radioljubuski.ba\\\/?s={search_term_string}\"},\"query-input\":{\"@type\":\"PropertyValueSpecification\",\"valueRequired\":true,\"valueName\":\"search_term_string\"}}],\"inLanguage\":\"hr\"},{\"@type\":\"Organization\",\"@id\":\"https:\\\/\\\/radioljubuski.ba\\\/#organization\",\"name\":\"Radio Ljubu\u0161ki\",\"url\":\"https:\\\/\\\/radioljubuski.ba\\\/\",\"logo\":{\"@type\":\"ImageObject\",\"inLanguage\":\"hr\",\"@id\":\"https:\\\/\\\/radioljubuski.ba\\\/#\\\/schema\\\/logo\\\/image\\\/\",\"url\":\"https:\\\/\\\/radioljubuski.ba\\\/wp-content\\\/uploads\\\/2021\\\/02\\\/cropped-Radio_Ljubuski_logo1.jpg\",\"contentUrl\":\"https:\\\/\\\/radioljubuski.ba\\\/wp-content\\\/uploads\\\/2021\\\/02\\\/cropped-Radio_Ljubuski_logo1.jpg\",\"width\":512,\"height\":512,\"caption\":\"Radio Ljubu\u0161ki\"},\"image\":{\"@id\":\"https:\\\/\\\/radioljubuski.ba\\\/#\\\/schema\\\/logo\\\/image\\\/\"},\"sameAs\":[\"https:\\\/\\\/www.facebook.com\\\/Radiio-Ljubuski-1490835324566332\",\"https:\\\/\\\/x.com\\\/radioljubuski\",\"https:\\\/\\\/hr.linkedin.com\\\/company\\\/radio-ljubuski\",\"https:\\\/\\\/www.youtube.com\\\/channel\\\/UCHYaeO_n0Db3tjNGudGpXyw\"]},{\"@type\":\"Person\",\"@id\":\"https:\\\/\\\/radioljubuski.ba\\\/#\\\/schema\\\/person\\\/19fc700381a780f69665d7956c469e3b\",\"name\":\"Radio Ljubu\u0161ki\"}]}<\/script>\n<!-- \/ Yoast SEO plugin. -->","yoast_head_json":{"title":"Ljubu\u0161ki velikog srca: U 17.00 utakmica RK Izvi\u0111a\u010d Agram \u2013 RK Borac m:tel humanitarnog karaktera - RADIO LJUBU\u0160KI","robots":{"index":"index","follow":"follow","max-snippet":"max-snippet:-1","max-image-preview":"max-image-preview:large","max-video-preview":"max-video-preview:-1"},"canonical":"https:\/\/radioljubuski.ba\/index.php\/2024\/12\/07\/utakmica-rk-izvidac-agram-rk-borac-mtel-biti-ce-humanitarnog-karaktera\/","og_locale":"hr_HR","og_type":"article","og_title":"Ljubu\u0161ki velikog srca: U 17.00 utakmica RK Izvi\u0111a\u010d Agram \u2013 RK Borac m:tel humanitarnog karaktera - RADIO LJUBU\u0160KI","og_description":"Rukometni klub Izvi\u0111a\u010d Agram uklju\u010dio se u humanitarnu akciju pomo\u0107i obitelj Dedi\u0107 za obnovu obiteljskog doma koji je razru\u0161en uslijed eksplozije plinske boce. Derbi utakmica 11.kola Premijer lige BiH imati \u0107e humanitarni karakter. Cjelokupni prihod od ulaznica biti \u0107e doniran obitelji Dedi\u0107. Tako\u0111er svi oni koji kupe ulaznicu mo\u0107i \u0107e sudjelovati nagradnoj igri. Sretni dobitnik, [&hellip;]","og_url":"https:\/\/radioljubuski.ba\/index.php\/2024\/12\/07\/utakmica-rk-izvidac-agram-rk-borac-mtel-biti-ce-humanitarnog-karaktera\/","og_site_name":"RADIO LJUBU\u0160KI","article_publisher":"https:\/\/www.facebook.com\/Radiio-Ljubuski-1490835324566332","article_published_time":"2024-12-07T07:25:35+00:00","article_modified_time":"2024-12-07T20:03:25+00:00","og_image":[{"width":1024,"height":660,"url":"https:\/\/radioljubuski.ba\/wp-content\/uploads\/2024\/12\/HUMANITARNA-1024x660-1.jpg","type":"image\/jpeg"}],"author":"Radio Ljubu\u0161ki","twitter_card":"summary_large_image","twitter_creator":"@radioljubuski","twitter_site":"@radioljubuski","twitter_misc":{"Napisao\/la":"Radio Ljubu\u0161ki","Procijenjeno vrijeme \u010ditanja":"2 minute"},"schema":{"@context":"https:\/\/schema.org","@graph":[{"@type":"Article","@id":"https:\/\/radioljubuski.ba\/index.php\/2024\/12\/07\/utakmica-rk-izvidac-agram-rk-borac-mtel-biti-ce-humanitarnog-karaktera\/#article","isPartOf":{"@id":"https:\/\/radioljubuski.ba\/index.php\/2024\/12\/07\/utakmica-rk-izvidac-agram-rk-borac-mtel-biti-ce-humanitarnog-karaktera\/"},"author":{"name":"Radio Ljubu\u0161ki","@id":"https:\/\/radioljubuski.ba\/#\/schema\/person\/19fc700381a780f69665d7956c469e3b"},"headline":"Ljubu\u0161ki velikog srca: U 17.00 utakmica RK Izvi\u0111a\u010d Agram \u2013 RK Borac m:tel humanitarnog karaktera","datePublished":"2024-12-07T07:25:35+00:00","dateModified":"2024-12-07T20:03:25+00:00","mainEntityOfPage":{"@id":"https:\/\/radioljubuski.ba\/index.php\/2024\/12\/07\/utakmica-rk-izvidac-agram-rk-borac-mtel-biti-ce-humanitarnog-karaktera\/"},"wordCount":189,"publisher":{"@id":"https:\/\/radioljubuski.ba\/#organization"},"image":{"@id":"https:\/\/radioljubuski.ba\/index.php\/2024\/12\/07\/utakmica-rk-izvidac-agram-rk-borac-mtel-biti-ce-humanitarnog-karaktera\/#primaryimage"},"thumbnailUrl":"https:\/\/radioljubuski.ba\/wp-content\/uploads\/2024\/12\/HUMANITARNA-1024x660-1.jpg","articleSection":["Ljubu\u0161ki","\u0160port"],"inLanguage":"hr"},{"@type":"WebPage","@id":"https:\/\/radioljubuski.ba\/index.php\/2024\/12\/07\/utakmica-rk-izvidac-agram-rk-borac-mtel-biti-ce-humanitarnog-karaktera\/","url":"https:\/\/radioljubuski.ba\/index.php\/2024\/12\/07\/utakmica-rk-izvidac-agram-rk-borac-mtel-biti-ce-humanitarnog-karaktera\/","name":"Ljubu\u0161ki velikog srca: U 17.00 utakmica RK Izvi\u0111a\u010d Agram \u2013 RK Borac m:tel humanitarnog karaktera - RADIO LJUBU\u0160KI","isPartOf":{"@id":"https:\/\/radioljubuski.ba\/#website"},"primaryImageOfPage":{"@id":"https:\/\/radioljubuski.ba\/index.php\/2024\/12\/07\/utakmica-rk-izvidac-agram-rk-borac-mtel-biti-ce-humanitarnog-karaktera\/#primaryimage"},"image":{"@id":"https:\/\/radioljubuski.ba\/index.php\/2024\/12\/07\/utakmica-rk-izvidac-agram-rk-borac-mtel-biti-ce-humanitarnog-karaktera\/#primaryimage"},"thumbnailUrl":"https:\/\/radioljubuski.ba\/wp-content\/uploads\/2024\/12\/HUMANITARNA-1024x660-1.jpg","datePublished":"2024-12-07T07:25:35+00:00","dateModified":"2024-12-07T20:03:25+00:00","breadcrumb":{"@id":"https:\/\/radioljubuski.ba\/index.php\/2024\/12\/07\/utakmica-rk-izvidac-agram-rk-borac-mtel-biti-ce-humanitarnog-karaktera\/#breadcrumb"},"inLanguage":"hr","potentialAction":[{"@type":"ReadAction","target":["https:\/\/radioljubuski.ba\/index.php\/2024\/12\/07\/utakmica-rk-izvidac-agram-rk-borac-mtel-biti-ce-humanitarnog-karaktera\/"]}]},{"@type":"ImageObject","inLanguage":"hr","@id":"https:\/\/radioljubuski.ba\/index.php\/2024\/12\/07\/utakmica-rk-izvidac-agram-rk-borac-mtel-biti-ce-humanitarnog-karaktera\/#primaryimage","url":"https:\/\/radioljubuski.ba\/wp-content\/uploads\/2024\/12\/HUMANITARNA-1024x660-1.jpg","contentUrl":"https:\/\/radioljubuski.ba\/wp-content\/uploads\/2024\/12\/HUMANITARNA-1024x660-1.jpg","width":1024,"height":660},{"@type":"BreadcrumbList","@id":"https:\/\/radioljubuski.ba\/index.php\/2024\/12\/07\/utakmica-rk-izvidac-agram-rk-borac-mtel-biti-ce-humanitarnog-karaktera\/#breadcrumb","itemListElement":[{"@type":"ListItem","position":1,"name":"Po\u010detna stranica","item":"https:\/\/radioljubuski.ba\/"},{"@type":"ListItem","position":2,"name":"Ljubu\u0161ki velikog srca: U 17.00 utakmica RK Izvi\u0111a\u010d Agram \u2013 RK Borac m:tel humanitarnog karaktera"}]},{"@type":"WebSite","@id":"https:\/\/radioljubuski.ba\/#website","url":"https:\/\/radioljubuski.ba\/","name":"Radio Ljubu\u0161ki","description":"Sun\u010dana frekvencija Hercegovine","publisher":{"@id":"https:\/\/radioljubuski.ba\/#organization"},"potentialAction":[{"@type":"SearchAction","target":{"@type":"EntryPoint","urlTemplate":"https:\/\/radioljubuski.ba\/?s={search_term_string}"},"query-input":{"@type":"PropertyValueSpecification","valueRequired":true,"valueName":"search_term_string"}}],"inLanguage":"hr"},{"@type":"Organization","@id":"https:\/\/radioljubuski.ba\/#organization","name":"Radio Ljubu\u0161ki","url":"https:\/\/radioljubuski.ba\/","logo":{"@type":"ImageObject","inLanguage":"hr","@id":"https:\/\/radioljubuski.ba\/#\/schema\/logo\/image\/","url":"https:\/\/radioljubuski.ba\/wp-content\/uploads\/2021\/02\/cropped-Radio_Ljubuski_logo1.jpg","contentUrl":"https:\/\/radioljubuski.ba\/wp-content\/uploads\/2021\/02\/cropped-Radio_Ljubuski_logo1.jpg","width":512,"height":512,"caption":"Radio Ljubu\u0161ki"},"image":{"@id":"https:\/\/radioljubuski.ba\/#\/schema\/logo\/image\/"},"sameAs":["https:\/\/www.facebook.com\/Radiio-Ljubuski-1490835324566332","https:\/\/x.com\/radioljubuski","https:\/\/hr.linkedin.com\/company\/radio-ljubuski","https:\/\/www.youtube.com\/channel\/UCHYaeO_n0Db3tjNGudGpXyw"]},{"@type":"Person","@id":"https:\/\/radioljubuski.ba\/#\/schema\/person\/19fc700381a780f69665d7956c469e3b","name":"Radio Ljubu\u0161ki"}]}},"_links":{"self":[{"href":"https:\/\/radioljubuski.ba\/index.php\/wp-json\/wp\/v2\/posts\/211513","targetHints":{"allow":["GET"]}}],"collection":[{"href":"https:\/\/radioljubuski.ba\/index.php\/wp-json\/wp\/v2\/posts"}],"about":[{"href":"https:\/\/radioljubuski.ba\/index.php\/wp-json\/wp\/v2\/types\/post"}],"author":[{"embeddable":true,"href":"https:\/\/radioljubuski.ba\/index.php\/wp-json\/wp\/v2\/users\/2"}],"replies":[{"embeddable":true,"href":"https:\/\/radioljubuski.ba\/index.php\/wp-json\/wp\/v2\/comments?post=211513"}],"version-history":[{"count":3,"href":"https:\/\/radioljubuski.ba\/index.php\/wp-json\/wp\/v2\/posts\/211513\/revisions"}],"predecessor-version":[{"id":211599,"href":"https:\/\/radioljubuski.ba\/index.php\/wp-json\/wp\/v2\/posts\/211513\/revisions\/211599"}],"wp:featuredmedia":[{"embeddable":true,"href":"https:\/\/radioljubuski.ba\/index.php\/wp-json\/wp\/v2\/media\/211514"}],"wp:attachment":[{"href":"https:\/\/radioljubuski.ba\/index.php\/wp-json\/wp\/v2\/media?parent=211513"}],"wp:term":[{"taxonomy":"category","embeddable":true,"href":"https:\/\/radioljubuski.ba\/index.php\/wp-json\/wp\/v2\/categories?post=211513"},{"taxonomy":"post_tag","embeddable":true,"href":"https:\/\/radioljubuski.ba\/index.php\/wp-json\/wp\/v2\/tags?post=211513"}],"curies":[{"name":"wp","href":"https:\/\/api.w.org\/{rel}","templated":true}]}}