{"id":212033,"date":"2024-12-18T13:44:07","date_gmt":"2024-12-18T12:44:07","guid":{"rendered":"https:\/\/radioljubuski.ba\/?p=212033"},"modified":"2024-12-18T13:54:56","modified_gmt":"2024-12-18T12:54:56","slug":"javni-natjecaj-za-dodjelu-stipendija-studentima-pripadnicima-hrvatskog-naroda-izvan-republike-hrvatske-za-akademsku-godinu-2024-2025","status":"publish","type":"post","link":"https:\/\/radioljubuski.ba\/index.php\/2024\/12\/18\/javni-natjecaj-za-dodjelu-stipendija-studentima-pripadnicima-hrvatskog-naroda-izvan-republike-hrvatske-za-akademsku-godinu-2024-2025\/","title":{"rendered":"Javni natje\u010daj za dodjelu stipendija studentima &#8211; pripadnicima hrvatskog naroda izvan Republike Hrvatske &#8211; za akademsku godinu 2024.\/2025."},"content":{"rendered":"\n<h3 class=\"wp-block-heading\">Sredi\u0161nji dr\u017eavni ured za Hrvate izvan Republike Hrvatske objavljuje Javni natje\u010daj za dodjelu stipendija studentima &#8211; pripadnicima hrvatskog naroda izvan Republike Hrvatske &#8211; za akademsku godinu 2024.\/2025.<\/h3>\n\n\n\n<p>Sredi\u0161nji dr\u017eavni ured za Hrvate izvan Republike Hrvatske je za akademsku godinu 2024.\/2025. dodatno pove\u0107ao broj stipendija te \u0107e se studentima &#8211; pripadnicima hrvatskog naroda izvan Republike Hrvatske dodijeliti &#8211; 2000 stipendija za akademsku godinu 2024.\/2025., od \u010dega 300 stipendija za studij u Republici Hrvatskoj (200 stipendija za pripadnike hrvatskog naroda u Bosni i Hercegovini, 60 stipendija za pripadnike hrvatske nacionalne manjine i 40 stipendija za pripadnike hrvatskog iseljeni\u0161tva), 1500 stipendija za studij u Bosni i Hercegovini, 30 stipendija za studij u Crnoj Gori, 5 stipendija za studij u Republici Kosovo, 15 stipendija za studij u Republici Sjevernoj Makedoniji i 150 stipendija za studij u Republici Srbiji. Stipendije se dodjeljuju studentima za jednu akademsku godinu jednokratno, odnosno za razdoblje od 10 mjeseci u mjese\u010dnom iznosu od 175,00 EUR.<\/p>\n\n\n\n<p>Pravo sudjelovanja na Javnom natje\u010daju imaju studenti &#8211; pripadnici hrvatskog naroda izvan Republike Hrvatske, koji su upisani u statusu redovitog studenta na javnim visokim u\u010dili\u0161tima u Republici Hrvatskoj, Bosni i Hercegovini, Crnoj Gori, Republici Kosovo, Republici Sjevernoj Makedoniji i Republici Srbiji, sukladno \u010dlanku 2. Pravilnika o stipendiranju studenata &#8211; pripadnika hrvatskog naroda izvan Republike Hrvatske (\u201eNarodne novine\u201c, broj 126\/17, 124\/19, 138\/21 i 145\/23).<\/p>\n\n\n\n<p>Prijava na Javni natje\u010daj obvezno se podnosi u elektroni\u010dkom (sva dokumentacija) i papirnatom obliku (Izjava prijavitelja o to\u010dnosti podataka, ovjerena potpisom studenta\/ice, izvornik). Prije nego se e-prijavni obrazac kona\u010dno spremi i po\u0161alje putem ra\u010dunalnog sustava (poveznica: https:\/\/eprijave-hrvatiizvanrh.gov.hr\/), potrebno je preuzeti prilog Izjava prijavitelja o to\u010dnosti podataka koju je potrebno ispisati i vlastoru\u010dno potpisati, a svu ostalu tra\u017eenu dokumentaciju potrebno je u\u010ditati u sustav.<\/p>\n\n\n\n<p>Vlastoru\u010dno potpisanu Izjavu prijavitelja o to\u010dnosti podataka potrebno je u\u010ditati u sustav, a izvornik iste preporu\u010deno po\u0161tom ili neposredno dostaviti na adresu: Sredi\u0161nji dr\u017eavni ured za Hrvate izvan Republike Hrvatske, Pantov\u010dak 258, 10000 Zagreb, Republika Hrvatska s naznakom: \u201eZa Javni natje\u010daj za dodjelu stipendija studentima &#8211; pripadnicima hrvatskog naroda izvan Republike Hrvatske &#8211; za akademsku godinu 2024.\/2025.\u201c<\/p>\n\n\n\n<p>Poveznica na E-natje\u010daj:&nbsp;<a href=\"https:\/\/eprijave-hrvatiizvanrh.gov.hr\/\">https:\/\/eprijave-hrvatiizvanrh.gov.hr\/<\/a><\/p>\n\n\n\n<p>Rok za podno\u0161enje prijava u elektroni\u010dkom i papirnatom obliku je od 18. prosinca 2024. do 17. sije\u010dnja 2025. godine.<\/p>\n\n\n\n<p>Prijave s nepotpunom dokumentacijom ili prijave\/dopune prijava koje ne budu podnesene u roku i na na\u010din propisan Javnim natje\u010dajem, ne\u0107e se razmatrati. Dostavljena dokumentacija na Javni natje\u010daj ne vra\u0107a se podnositelju prijave.<\/p>\n\n\n\n<p>Za sve dodatne informacije vezane uz Javni natje\u010daj prijavitelji mogu poslati pisani upit do isteka roka za podno\u0161enje prijava na adresu e-po\u0161te:&nbsp;<a href=\"mailto:stipendije@hrvatiizvanrh.hr\">stipendije@hrvatiizvanrh.hr<\/a>&nbsp;ili nazvati radnim danom u vremenu od 10:00 do 14:00 sati na brojeve telefona:<\/p>\n\n\n\n<p>Informacije za prijavitelje pripadnike hrvatskog naroda u Bosni i Hercegovini<br>tel: +385(0)1\/6444-687;&nbsp;+385(0)1\/6444-683<br><br>Informacije za prijavitelje pripadnike hrvatske nacionalne manjine<br>tel: +385(0)1\/6444-662; +385(0)1\/6444-695<br><br>Informacije za prijavitelje pripadnike hrvatskog iseljeni\u0161tva<br>tel: +385(0)1\/6444-699; +385(0)1\/6444-690<br><br>Zbog mogu\u0107eg velikog broja pisanih upita isti \u0107e biti rje\u0161avani prema redoslijedu primitka, slijedom \u010dega Vas molimo za razumijevanje ukoliko pisani odgovor ne zaprimite unutar 72 sata od dana slanja pisanog upita uz dodatnu napomenu kako ne mo\u017eemo jam\u010diti davanje pravodobnog odgovora ukoliko pisani upit zaprimimo unutar 48 sati prije isteka roka za podno\u0161enje prijava na Javni natje\u010daj.<\/p>\n\n\n\n<p> Izvor: Sredi\u0161nji dr\u017eavni ured za Hrvate izvan Republike Hrvatske\u00a0<\/p>\n","protected":false},"excerpt":{"rendered":"<p>Sredi\u0161nji dr\u017eavni ured za Hrvate izvan Republike Hrvatske objavljuje Javni natje\u010daj za dodjelu stipendija studentima &#8211; pripadnicima hrvatskog naroda izvan Republike Hrvatske &#8211; za akademsku godinu 2024.\/2025. Sredi\u0161nji dr\u017eavni ured za Hrvate izvan Republike Hrvatske je za akademsku godinu 2024.\/2025. dodatno pove\u0107ao broj stipendija te \u0107e se studentima &#8211; pripadnicima hrvatskog naroda izvan Republike Hrvatske [&hellip;]<\/p>\n","protected":false},"author":2,"featured_media":212034,"comment_status":"closed","ping_status":"closed","sticky":false,"template":"","format":"standard","meta":{"h5ap_radio_sources":[],"footnotes":""},"categories":[1],"tags":[],"class_list":["post-212033","post","type-post","status-publish","format-standard","has-post-thumbnail","hentry","category-bihiregija"],"yoast_head":"<!-- This site is optimized with the Yoast SEO plugin v27.5 - https:\/\/yoast.com\/product\/yoast-seo-wordpress\/ -->\n<title>Javni natje\u010daj za dodjelu stipendija studentima - pripadnicima hrvatskog naroda izvan Republike Hrvatske - za akademsku godinu 2024.\/2025. - RADIO LJUBU\u0160KI<\/title>\n<meta name=\"robots\" content=\"index, follow, max-snippet:-1, max-image-preview:large, max-video-preview:-1\" \/>\n<link rel=\"canonical\" href=\"https:\/\/radioljubuski.ba\/index.php\/2024\/12\/18\/javni-natjecaj-za-dodjelu-stipendija-studentima-pripadnicima-hrvatskog-naroda-izvan-republike-hrvatske-za-akademsku-godinu-2024-2025\/\" \/>\n<meta property=\"og:locale\" content=\"hr_HR\" \/>\n<meta property=\"og:type\" content=\"article\" \/>\n<meta property=\"og:title\" content=\"Javni natje\u010daj za dodjelu stipendija studentima - pripadnicima hrvatskog naroda izvan Republike Hrvatske - za akademsku godinu 2024.\/2025. - RADIO LJUBU\u0160KI\" \/>\n<meta property=\"og:description\" content=\"Sredi\u0161nji dr\u017eavni ured za Hrvate izvan Republike Hrvatske objavljuje Javni natje\u010daj za dodjelu stipendija studentima &#8211; pripadnicima hrvatskog naroda izvan Republike Hrvatske &#8211; za akademsku godinu 2024.\/2025. Sredi\u0161nji dr\u017eavni ured za Hrvate izvan Republike Hrvatske je za akademsku godinu 2024.\/2025. dodatno pove\u0107ao broj stipendija te \u0107e se studentima &#8211; pripadnicima hrvatskog naroda izvan Republike Hrvatske [&hellip;]\" \/>\n<meta property=\"og:url\" content=\"https:\/\/radioljubuski.ba\/index.php\/2024\/12\/18\/javni-natjecaj-za-dodjelu-stipendija-studentima-pripadnicima-hrvatskog-naroda-izvan-republike-hrvatske-za-akademsku-godinu-2024-2025\/\" \/>\n<meta property=\"og:site_name\" content=\"RADIO LJUBU\u0160KI\" \/>\n<meta property=\"article:publisher\" content=\"https:\/\/www.facebook.com\/Radiio-Ljubuski-1490835324566332\" \/>\n<meta property=\"article:published_time\" content=\"2024-12-18T12:44:07+00:00\" \/>\n<meta property=\"article:modified_time\" content=\"2024-12-18T12:54:56+00:00\" \/>\n<meta property=\"og:image\" content=\"https:\/\/radioljubuski.ba\/wp-content\/uploads\/2024\/12\/Stipendije-foto_25.5.2022._172850-1.jpg\" \/>\n\t<meta property=\"og:image:width\" content=\"750\" \/>\n\t<meta property=\"og:image:height\" content=\"500\" \/>\n\t<meta property=\"og:image:type\" content=\"image\/jpeg\" \/>\n<meta name=\"author\" content=\"Radio Ljubu\u0161ki\" \/>\n<meta name=\"twitter:card\" content=\"summary_large_image\" \/>\n<meta name=\"twitter:creator\" content=\"@radioljubuski\" \/>\n<meta name=\"twitter:site\" content=\"@radioljubuski\" \/>\n<meta name=\"twitter:label1\" content=\"Napisao\/la\" \/>\n\t<meta name=\"twitter:data1\" content=\"Radio Ljubu\u0161ki\" \/>\n\t<meta name=\"twitter:label2\" content=\"Procijenjeno vrijeme \u010ditanja\" \/>\n\t<meta name=\"twitter:data2\" content=\"4 minute\" \/>\n<script type=\"application\/ld+json\" class=\"yoast-schema-graph\">{\"@context\":\"https:\\\/\\\/schema.org\",\"@graph\":[{\"@type\":\"Article\",\"@id\":\"https:\\\/\\\/radioljubuski.ba\\\/index.php\\\/2024\\\/12\\\/18\\\/javni-natjecaj-za-dodjelu-stipendija-studentima-pripadnicima-hrvatskog-naroda-izvan-republike-hrvatske-za-akademsku-godinu-2024-2025\\\/#article\",\"isPartOf\":{\"@id\":\"https:\\\/\\\/radioljubuski.ba\\\/index.php\\\/2024\\\/12\\\/18\\\/javni-natjecaj-za-dodjelu-stipendija-studentima-pripadnicima-hrvatskog-naroda-izvan-republike-hrvatske-za-akademsku-godinu-2024-2025\\\/\"},\"author\":{\"name\":\"Radio Ljubu\u0161ki\",\"@id\":\"https:\\\/\\\/radioljubuski.ba\\\/#\\\/schema\\\/person\\\/19fc700381a780f69665d7956c469e3b\"},\"headline\":\"Javni natje\u010daj za dodjelu stipendija studentima &#8211; pripadnicima hrvatskog naroda izvan Republike Hrvatske &#8211; za akademsku godinu 2024.\\\/2025.\",\"datePublished\":\"2024-12-18T12:44:07+00:00\",\"dateModified\":\"2024-12-18T12:54:56+00:00\",\"mainEntityOfPage\":{\"@id\":\"https:\\\/\\\/radioljubuski.ba\\\/index.php\\\/2024\\\/12\\\/18\\\/javni-natjecaj-za-dodjelu-stipendija-studentima-pripadnicima-hrvatskog-naroda-izvan-republike-hrvatske-za-akademsku-godinu-2024-2025\\\/\"},\"wordCount\":578,\"publisher\":{\"@id\":\"https:\\\/\\\/radioljubuski.ba\\\/#organization\"},\"image\":{\"@id\":\"https:\\\/\\\/radioljubuski.ba\\\/index.php\\\/2024\\\/12\\\/18\\\/javni-natjecaj-za-dodjelu-stipendija-studentima-pripadnicima-hrvatskog-naroda-izvan-republike-hrvatske-za-akademsku-godinu-2024-2025\\\/#primaryimage\"},\"thumbnailUrl\":\"https:\\\/\\\/radioljubuski.ba\\\/wp-content\\\/uploads\\\/2024\\\/12\\\/Stipendije-foto_25.5.2022._172850-1.jpg\",\"articleSection\":[\"BIH i regija\"],\"inLanguage\":\"hr\"},{\"@type\":\"WebPage\",\"@id\":\"https:\\\/\\\/radioljubuski.ba\\\/index.php\\\/2024\\\/12\\\/18\\\/javni-natjecaj-za-dodjelu-stipendija-studentima-pripadnicima-hrvatskog-naroda-izvan-republike-hrvatske-za-akademsku-godinu-2024-2025\\\/\",\"url\":\"https:\\\/\\\/radioljubuski.ba\\\/index.php\\\/2024\\\/12\\\/18\\\/javni-natjecaj-za-dodjelu-stipendija-studentima-pripadnicima-hrvatskog-naroda-izvan-republike-hrvatske-za-akademsku-godinu-2024-2025\\\/\",\"name\":\"Javni natje\u010daj za dodjelu stipendija studentima - pripadnicima hrvatskog naroda izvan Republike Hrvatske - za akademsku godinu 2024.\\\/2025. - RADIO LJUBU\u0160KI\",\"isPartOf\":{\"@id\":\"https:\\\/\\\/radioljubuski.ba\\\/#website\"},\"primaryImageOfPage\":{\"@id\":\"https:\\\/\\\/radioljubuski.ba\\\/index.php\\\/2024\\\/12\\\/18\\\/javni-natjecaj-za-dodjelu-stipendija-studentima-pripadnicima-hrvatskog-naroda-izvan-republike-hrvatske-za-akademsku-godinu-2024-2025\\\/#primaryimage\"},\"image\":{\"@id\":\"https:\\\/\\\/radioljubuski.ba\\\/index.php\\\/2024\\\/12\\\/18\\\/javni-natjecaj-za-dodjelu-stipendija-studentima-pripadnicima-hrvatskog-naroda-izvan-republike-hrvatske-za-akademsku-godinu-2024-2025\\\/#primaryimage\"},\"thumbnailUrl\":\"https:\\\/\\\/radioljubuski.ba\\\/wp-content\\\/uploads\\\/2024\\\/12\\\/Stipendije-foto_25.5.2022._172850-1.jpg\",\"datePublished\":\"2024-12-18T12:44:07+00:00\",\"dateModified\":\"2024-12-18T12:54:56+00:00\",\"breadcrumb\":{\"@id\":\"https:\\\/\\\/radioljubuski.ba\\\/index.php\\\/2024\\\/12\\\/18\\\/javni-natjecaj-za-dodjelu-stipendija-studentima-pripadnicima-hrvatskog-naroda-izvan-republike-hrvatske-za-akademsku-godinu-2024-2025\\\/#breadcrumb\"},\"inLanguage\":\"hr\",\"potentialAction\":[{\"@type\":\"ReadAction\",\"target\":[\"https:\\\/\\\/radioljubuski.ba\\\/index.php\\\/2024\\\/12\\\/18\\\/javni-natjecaj-za-dodjelu-stipendija-studentima-pripadnicima-hrvatskog-naroda-izvan-republike-hrvatske-za-akademsku-godinu-2024-2025\\\/\"]}]},{\"@type\":\"ImageObject\",\"inLanguage\":\"hr\",\"@id\":\"https:\\\/\\\/radioljubuski.ba\\\/index.php\\\/2024\\\/12\\\/18\\\/javni-natjecaj-za-dodjelu-stipendija-studentima-pripadnicima-hrvatskog-naroda-izvan-republike-hrvatske-za-akademsku-godinu-2024-2025\\\/#primaryimage\",\"url\":\"https:\\\/\\\/radioljubuski.ba\\\/wp-content\\\/uploads\\\/2024\\\/12\\\/Stipendije-foto_25.5.2022._172850-1.jpg\",\"contentUrl\":\"https:\\\/\\\/radioljubuski.ba\\\/wp-content\\\/uploads\\\/2024\\\/12\\\/Stipendije-foto_25.5.2022._172850-1.jpg\",\"width\":750,\"height\":500},{\"@type\":\"BreadcrumbList\",\"@id\":\"https:\\\/\\\/radioljubuski.ba\\\/index.php\\\/2024\\\/12\\\/18\\\/javni-natjecaj-za-dodjelu-stipendija-studentima-pripadnicima-hrvatskog-naroda-izvan-republike-hrvatske-za-akademsku-godinu-2024-2025\\\/#breadcrumb\",\"itemListElement\":[{\"@type\":\"ListItem\",\"position\":1,\"name\":\"Po\u010detna stranica\",\"item\":\"https:\\\/\\\/radioljubuski.ba\\\/\"},{\"@type\":\"ListItem\",\"position\":2,\"name\":\"Javni natje\u010daj za dodjelu stipendija studentima &#8211; pripadnicima hrvatskog naroda izvan Republike Hrvatske &#8211; za akademsku godinu 2024.\\\/2025.\"}]},{\"@type\":\"WebSite\",\"@id\":\"https:\\\/\\\/radioljubuski.ba\\\/#website\",\"url\":\"https:\\\/\\\/radioljubuski.ba\\\/\",\"name\":\"Radio Ljubu\u0161ki\",\"description\":\"Sun\u010dana frekvencija Hercegovine\",\"publisher\":{\"@id\":\"https:\\\/\\\/radioljubuski.ba\\\/#organization\"},\"potentialAction\":[{\"@type\":\"SearchAction\",\"target\":{\"@type\":\"EntryPoint\",\"urlTemplate\":\"https:\\\/\\\/radioljubuski.ba\\\/?s={search_term_string}\"},\"query-input\":{\"@type\":\"PropertyValueSpecification\",\"valueRequired\":true,\"valueName\":\"search_term_string\"}}],\"inLanguage\":\"hr\"},{\"@type\":\"Organization\",\"@id\":\"https:\\\/\\\/radioljubuski.ba\\\/#organization\",\"name\":\"Radio Ljubu\u0161ki\",\"url\":\"https:\\\/\\\/radioljubuski.ba\\\/\",\"logo\":{\"@type\":\"ImageObject\",\"inLanguage\":\"hr\",\"@id\":\"https:\\\/\\\/radioljubuski.ba\\\/#\\\/schema\\\/logo\\\/image\\\/\",\"url\":\"https:\\\/\\\/radioljubuski.ba\\\/wp-content\\\/uploads\\\/2021\\\/02\\\/cropped-Radio_Ljubuski_logo1.jpg\",\"contentUrl\":\"https:\\\/\\\/radioljubuski.ba\\\/wp-content\\\/uploads\\\/2021\\\/02\\\/cropped-Radio_Ljubuski_logo1.jpg\",\"width\":512,\"height\":512,\"caption\":\"Radio Ljubu\u0161ki\"},\"image\":{\"@id\":\"https:\\\/\\\/radioljubuski.ba\\\/#\\\/schema\\\/logo\\\/image\\\/\"},\"sameAs\":[\"https:\\\/\\\/www.facebook.com\\\/Radiio-Ljubuski-1490835324566332\",\"https:\\\/\\\/x.com\\\/radioljubuski\",\"https:\\\/\\\/hr.linkedin.com\\\/company\\\/radio-ljubuski\",\"https:\\\/\\\/www.youtube.com\\\/channel\\\/UCHYaeO_n0Db3tjNGudGpXyw\"]},{\"@type\":\"Person\",\"@id\":\"https:\\\/\\\/radioljubuski.ba\\\/#\\\/schema\\\/person\\\/19fc700381a780f69665d7956c469e3b\",\"name\":\"Radio Ljubu\u0161ki\"}]}<\/script>\n<!-- \/ Yoast SEO plugin. -->","yoast_head_json":{"title":"Javni natje\u010daj za dodjelu stipendija studentima - pripadnicima hrvatskog naroda izvan Republike Hrvatske - za akademsku godinu 2024.\/2025. - RADIO LJUBU\u0160KI","robots":{"index":"index","follow":"follow","max-snippet":"max-snippet:-1","max-image-preview":"max-image-preview:large","max-video-preview":"max-video-preview:-1"},"canonical":"https:\/\/radioljubuski.ba\/index.php\/2024\/12\/18\/javni-natjecaj-za-dodjelu-stipendija-studentima-pripadnicima-hrvatskog-naroda-izvan-republike-hrvatske-za-akademsku-godinu-2024-2025\/","og_locale":"hr_HR","og_type":"article","og_title":"Javni natje\u010daj za dodjelu stipendija studentima - pripadnicima hrvatskog naroda izvan Republike Hrvatske - za akademsku godinu 2024.\/2025. - RADIO LJUBU\u0160KI","og_description":"Sredi\u0161nji dr\u017eavni ured za Hrvate izvan Republike Hrvatske objavljuje Javni natje\u010daj za dodjelu stipendija studentima &#8211; pripadnicima hrvatskog naroda izvan Republike Hrvatske &#8211; za akademsku godinu 2024.\/2025. Sredi\u0161nji dr\u017eavni ured za Hrvate izvan Republike Hrvatske je za akademsku godinu 2024.\/2025. dodatno pove\u0107ao broj stipendija te \u0107e se studentima &#8211; pripadnicima hrvatskog naroda izvan Republike Hrvatske [&hellip;]","og_url":"https:\/\/radioljubuski.ba\/index.php\/2024\/12\/18\/javni-natjecaj-za-dodjelu-stipendija-studentima-pripadnicima-hrvatskog-naroda-izvan-republike-hrvatske-za-akademsku-godinu-2024-2025\/","og_site_name":"RADIO LJUBU\u0160KI","article_publisher":"https:\/\/www.facebook.com\/Radiio-Ljubuski-1490835324566332","article_published_time":"2024-12-18T12:44:07+00:00","article_modified_time":"2024-12-18T12:54:56+00:00","og_image":[{"width":750,"height":500,"url":"https:\/\/radioljubuski.ba\/wp-content\/uploads\/2024\/12\/Stipendije-foto_25.5.2022._172850-1.jpg","type":"image\/jpeg"}],"author":"Radio Ljubu\u0161ki","twitter_card":"summary_large_image","twitter_creator":"@radioljubuski","twitter_site":"@radioljubuski","twitter_misc":{"Napisao\/la":"Radio Ljubu\u0161ki","Procijenjeno vrijeme \u010ditanja":"4 minute"},"schema":{"@context":"https:\/\/schema.org","@graph":[{"@type":"Article","@id":"https:\/\/radioljubuski.ba\/index.php\/2024\/12\/18\/javni-natjecaj-za-dodjelu-stipendija-studentima-pripadnicima-hrvatskog-naroda-izvan-republike-hrvatske-za-akademsku-godinu-2024-2025\/#article","isPartOf":{"@id":"https:\/\/radioljubuski.ba\/index.php\/2024\/12\/18\/javni-natjecaj-za-dodjelu-stipendija-studentima-pripadnicima-hrvatskog-naroda-izvan-republike-hrvatske-za-akademsku-godinu-2024-2025\/"},"author":{"name":"Radio Ljubu\u0161ki","@id":"https:\/\/radioljubuski.ba\/#\/schema\/person\/19fc700381a780f69665d7956c469e3b"},"headline":"Javni natje\u010daj za dodjelu stipendija studentima &#8211; pripadnicima hrvatskog naroda izvan Republike Hrvatske &#8211; za akademsku godinu 2024.\/2025.","datePublished":"2024-12-18T12:44:07+00:00","dateModified":"2024-12-18T12:54:56+00:00","mainEntityOfPage":{"@id":"https:\/\/radioljubuski.ba\/index.php\/2024\/12\/18\/javni-natjecaj-za-dodjelu-stipendija-studentima-pripadnicima-hrvatskog-naroda-izvan-republike-hrvatske-za-akademsku-godinu-2024-2025\/"},"wordCount":578,"publisher":{"@id":"https:\/\/radioljubuski.ba\/#organization"},"image":{"@id":"https:\/\/radioljubuski.ba\/index.php\/2024\/12\/18\/javni-natjecaj-za-dodjelu-stipendija-studentima-pripadnicima-hrvatskog-naroda-izvan-republike-hrvatske-za-akademsku-godinu-2024-2025\/#primaryimage"},"thumbnailUrl":"https:\/\/radioljubuski.ba\/wp-content\/uploads\/2024\/12\/Stipendije-foto_25.5.2022._172850-1.jpg","articleSection":["BIH i regija"],"inLanguage":"hr"},{"@type":"WebPage","@id":"https:\/\/radioljubuski.ba\/index.php\/2024\/12\/18\/javni-natjecaj-za-dodjelu-stipendija-studentima-pripadnicima-hrvatskog-naroda-izvan-republike-hrvatske-za-akademsku-godinu-2024-2025\/","url":"https:\/\/radioljubuski.ba\/index.php\/2024\/12\/18\/javni-natjecaj-za-dodjelu-stipendija-studentima-pripadnicima-hrvatskog-naroda-izvan-republike-hrvatske-za-akademsku-godinu-2024-2025\/","name":"Javni natje\u010daj za dodjelu stipendija studentima - pripadnicima hrvatskog naroda izvan Republike Hrvatske - za akademsku godinu 2024.\/2025. - RADIO LJUBU\u0160KI","isPartOf":{"@id":"https:\/\/radioljubuski.ba\/#website"},"primaryImageOfPage":{"@id":"https:\/\/radioljubuski.ba\/index.php\/2024\/12\/18\/javni-natjecaj-za-dodjelu-stipendija-studentima-pripadnicima-hrvatskog-naroda-izvan-republike-hrvatske-za-akademsku-godinu-2024-2025\/#primaryimage"},"image":{"@id":"https:\/\/radioljubuski.ba\/index.php\/2024\/12\/18\/javni-natjecaj-za-dodjelu-stipendija-studentima-pripadnicima-hrvatskog-naroda-izvan-republike-hrvatske-za-akademsku-godinu-2024-2025\/#primaryimage"},"thumbnailUrl":"https:\/\/radioljubuski.ba\/wp-content\/uploads\/2024\/12\/Stipendije-foto_25.5.2022._172850-1.jpg","datePublished":"2024-12-18T12:44:07+00:00","dateModified":"2024-12-18T12:54:56+00:00","breadcrumb":{"@id":"https:\/\/radioljubuski.ba\/index.php\/2024\/12\/18\/javni-natjecaj-za-dodjelu-stipendija-studentima-pripadnicima-hrvatskog-naroda-izvan-republike-hrvatske-za-akademsku-godinu-2024-2025\/#breadcrumb"},"inLanguage":"hr","potentialAction":[{"@type":"ReadAction","target":["https:\/\/radioljubuski.ba\/index.php\/2024\/12\/18\/javni-natjecaj-za-dodjelu-stipendija-studentima-pripadnicima-hrvatskog-naroda-izvan-republike-hrvatske-za-akademsku-godinu-2024-2025\/"]}]},{"@type":"ImageObject","inLanguage":"hr","@id":"https:\/\/radioljubuski.ba\/index.php\/2024\/12\/18\/javni-natjecaj-za-dodjelu-stipendija-studentima-pripadnicima-hrvatskog-naroda-izvan-republike-hrvatske-za-akademsku-godinu-2024-2025\/#primaryimage","url":"https:\/\/radioljubuski.ba\/wp-content\/uploads\/2024\/12\/Stipendije-foto_25.5.2022._172850-1.jpg","contentUrl":"https:\/\/radioljubuski.ba\/wp-content\/uploads\/2024\/12\/Stipendije-foto_25.5.2022._172850-1.jpg","width":750,"height":500},{"@type":"BreadcrumbList","@id":"https:\/\/radioljubuski.ba\/index.php\/2024\/12\/18\/javni-natjecaj-za-dodjelu-stipendija-studentima-pripadnicima-hrvatskog-naroda-izvan-republike-hrvatske-za-akademsku-godinu-2024-2025\/#breadcrumb","itemListElement":[{"@type":"ListItem","position":1,"name":"Po\u010detna stranica","item":"https:\/\/radioljubuski.ba\/"},{"@type":"ListItem","position":2,"name":"Javni natje\u010daj za dodjelu stipendija studentima &#8211; pripadnicima hrvatskog naroda izvan Republike Hrvatske &#8211; za akademsku godinu 2024.\/2025."}]},{"@type":"WebSite","@id":"https:\/\/radioljubuski.ba\/#website","url":"https:\/\/radioljubuski.ba\/","name":"Radio Ljubu\u0161ki","description":"Sun\u010dana frekvencija Hercegovine","publisher":{"@id":"https:\/\/radioljubuski.ba\/#organization"},"potentialAction":[{"@type":"SearchAction","target":{"@type":"EntryPoint","urlTemplate":"https:\/\/radioljubuski.ba\/?s={search_term_string}"},"query-input":{"@type":"PropertyValueSpecification","valueRequired":true,"valueName":"search_term_string"}}],"inLanguage":"hr"},{"@type":"Organization","@id":"https:\/\/radioljubuski.ba\/#organization","name":"Radio Ljubu\u0161ki","url":"https:\/\/radioljubuski.ba\/","logo":{"@type":"ImageObject","inLanguage":"hr","@id":"https:\/\/radioljubuski.ba\/#\/schema\/logo\/image\/","url":"https:\/\/radioljubuski.ba\/wp-content\/uploads\/2021\/02\/cropped-Radio_Ljubuski_logo1.jpg","contentUrl":"https:\/\/radioljubuski.ba\/wp-content\/uploads\/2021\/02\/cropped-Radio_Ljubuski_logo1.jpg","width":512,"height":512,"caption":"Radio Ljubu\u0161ki"},"image":{"@id":"https:\/\/radioljubuski.ba\/#\/schema\/logo\/image\/"},"sameAs":["https:\/\/www.facebook.com\/Radiio-Ljubuski-1490835324566332","https:\/\/x.com\/radioljubuski","https:\/\/hr.linkedin.com\/company\/radio-ljubuski","https:\/\/www.youtube.com\/channel\/UCHYaeO_n0Db3tjNGudGpXyw"]},{"@type":"Person","@id":"https:\/\/radioljubuski.ba\/#\/schema\/person\/19fc700381a780f69665d7956c469e3b","name":"Radio Ljubu\u0161ki"}]}},"_links":{"self":[{"href":"https:\/\/radioljubuski.ba\/index.php\/wp-json\/wp\/v2\/posts\/212033","targetHints":{"allow":["GET"]}}],"collection":[{"href":"https:\/\/radioljubuski.ba\/index.php\/wp-json\/wp\/v2\/posts"}],"about":[{"href":"https:\/\/radioljubuski.ba\/index.php\/wp-json\/wp\/v2\/types\/post"}],"author":[{"embeddable":true,"href":"https:\/\/radioljubuski.ba\/index.php\/wp-json\/wp\/v2\/users\/2"}],"replies":[{"embeddable":true,"href":"https:\/\/radioljubuski.ba\/index.php\/wp-json\/wp\/v2\/comments?post=212033"}],"version-history":[{"count":1,"href":"https:\/\/radioljubuski.ba\/index.php\/wp-json\/wp\/v2\/posts\/212033\/revisions"}],"predecessor-version":[{"id":212035,"href":"https:\/\/radioljubuski.ba\/index.php\/wp-json\/wp\/v2\/posts\/212033\/revisions\/212035"}],"wp:featuredmedia":[{"embeddable":true,"href":"https:\/\/radioljubuski.ba\/index.php\/wp-json\/wp\/v2\/media\/212034"}],"wp:attachment":[{"href":"https:\/\/radioljubuski.ba\/index.php\/wp-json\/wp\/v2\/media?parent=212033"}],"wp:term":[{"taxonomy":"category","embeddable":true,"href":"https:\/\/radioljubuski.ba\/index.php\/wp-json\/wp\/v2\/categories?post=212033"},{"taxonomy":"post_tag","embeddable":true,"href":"https:\/\/radioljubuski.ba\/index.php\/wp-json\/wp\/v2\/tags?post=212033"}],"curies":[{"name":"wp","href":"https:\/\/api.w.org\/{rel}","templated":true}]}}