{"id":212099,"date":"2024-12-23T13:51:53","date_gmt":"2024-12-23T12:51:53","guid":{"rendered":"https:\/\/radioljubuski.ba\/?p=212099"},"modified":"2024-12-23T21:20:13","modified_gmt":"2024-12-23T20:20:13","slug":"2-humanitarni-malonogometni-turnir-4-kafica-ljubuski-2024-u-ponedjeljak","status":"publish","type":"post","link":"https:\/\/radioljubuski.ba\/index.php\/2024\/12\/23\/2-humanitarni-malonogometni-turnir-4-kafica-ljubuski-2024-u-ponedjeljak\/","title":{"rendered":"Ve\u010deras 2.Humanitarni malonogometni turnir &#8220;4 kafi\u0107a Ljubu\u0161ki 2024.&#8221;"},"content":{"rendered":"\n<p>S ponosom mo\u017eemo najaviti i II. izdanje Humanitarnog malonogometnog turnira<br>\u201c4 KAFI\u0106A LJUBU\u0160KI 2024\u201d, a Grad Ljubu\u0161ki \u0107e u ponedjeljak 23.12. postati epicentar dobrog nogometa, humanosti, ljubavi i blagdanskog ozra\u010dja Hercegovine.&nbsp;<\/p>\n\n\n\n<p>Neo\u010dekivani pozitivni odaziv pro\u0161logodi\u0161njeg turnira nas je dodatno ohrabrio za podizanje ciljeva ove godine, a cilj ovog projekta jeste da cijeli prihod turnira ide za izgradnju senzornog parka za osobe sa pote\u0161ko\u0107ama u razvoju i udrugu roditelja djece s pote\u0161ko\u0107ama u razvoju Duga u Ljubu\u0161kom!&nbsp;<\/p>\n\n\n\n<p><strong>Dragi posjetitelji, molimo Vas da obratite pa\u017enju na nekoliko va\u017enih informacija prije nego \u0161to u\u0111ete u dvoranu:<\/strong><\/p>\n\n\n\n<p><img loading=\"lazy\" decoding=\"async\" height=\"16\" width=\"16\" alt=\"\u26fa\ufe0f\" src=\"https:\/\/static.xx.fbcdn.net\/images\/emoji.php\/v9\/ta8\/1\/16\/26fa.png\"> HUMANITARNI \u0160ATOR ISPRED DVORANE<\/p>\n\n\n\n<p>\u2022 Ispred dvorane \u0107e biti postavljen humanitarni \u0161ator u kojem mo\u017eete donirati za dobar cilj. Podr\u017eite potrebite i napravimo dobru stvar!<\/p>\n\n\n\n<p><img loading=\"lazy\" decoding=\"async\" height=\"16\" width=\"16\" alt=\"\ud83c\udf7d\ufe0f\" src=\"https:\/\/static.xx.fbcdn.net\/images\/emoji.php\/v9\/t98\/1\/16\/1f37d.png\"><a><\/a>HRANA PO PROMOTIVNIM CIJENAMA<\/p>\n\n\n\n<p>\u2022 Hrana \u0107e biti dostupna po promotivnim cijenama tako da \u0107ete mo\u0107i podr\u017eati lokalne proizvo\u0111a\u010de i organizatore!<\/p>\n\n\n\n<p><img loading=\"lazy\" decoding=\"async\" height=\"16\" width=\"16\" alt=\"\ud83d\udc49\ud83c\udffc\" src=\"https:\/\/static.xx.fbcdn.net\/images\/emoji.php\/v9\/t8d\/1\/16\/1f449_1f3fc.png\"> ULAZ OTVOREN OD 16:00h<\/p>\n\n\n\n<p>\u2022 Vrata dvorane bit \u0107e otvorena od 16:00h pa slobodno do\u0111ite ranije i zauzime svoje mjesto!<\/p>\n\n\n\n<p><img loading=\"lazy\" decoding=\"async\" height=\"16\" width=\"16\" alt=\"\ud83d\udeab\" src=\"https:\/\/static.xx.fbcdn.net\/images\/emoji.php\/v9\/t6f\/1\/16\/1f6ab.png\"> ZABRANJENO UNO\u0160ENJE PIROTEHNIKE<\/p>\n\n\n\n<p>\u2022 Za sigurnost svih, strogo je zabranjeno uno\u0161enje bilo kakvih pirotehni\u010dkih sredstava!<\/p>\n\n\n\n<p><img loading=\"lazy\" decoding=\"async\" height=\"16\" width=\"16\" alt=\"\ud83d\udeb1\" src=\"https:\/\/static.xx.fbcdn.net\/images\/emoji.php\/v9\/t5d\/1\/16\/1f6b1.png\"> ZABRANJENO UNO\u0160ENJE PI\u0106A<\/p>\n\n\n\n<p>\u2022 Molimo Vas da ne unosite vlastita pi\u0107a u dvoranu!<\/p>\n\n\n\n<p><img loading=\"lazy\" decoding=\"async\" height=\"16\" width=\"16\" alt=\"\ud83c\udfa4\" src=\"https:\/\/static.xx.fbcdn.net\/images\/emoji.php\/v9\/t7e\/1\/16\/1f3a4.png\"> AKREDITACIJE ZA NOVINARE<\/p>\n\n\n\n<p>\u2022 Za sve novinare, akreditacije \u0107e biti dostupne na ulazu!<\/p>\n\n\n\n<p>Hvala na razumijevanju i radujemo se va\u0161em dolasku!<\/p>\n\n\n\n<figure class=\"wp-block-image size-full is-resized\"><img loading=\"lazy\" decoding=\"async\" width=\"526\" height=\"526\" src=\"https:\/\/radioljubuski.ba\/wp-content\/uploads\/2024\/12\/turnir-1.jpg\" alt=\"\" class=\"wp-image-212424\" style=\"width:840px;height:auto\" srcset=\"https:\/\/radioljubuski.ba\/wp-content\/uploads\/2024\/12\/turnir-1.jpg 526w, https:\/\/radioljubuski.ba\/wp-content\/uploads\/2024\/12\/turnir-1-300x300.jpg 300w, https:\/\/radioljubuski.ba\/wp-content\/uploads\/2024\/12\/turnir-1-150x150.jpg 150w, https:\/\/radioljubuski.ba\/wp-content\/uploads\/2024\/12\/turnir-1-12x12.jpg 12w\" sizes=\"auto, (max-width: 526px) 100vw, 526px\" \/><\/figure>\n\n\n\n<p>Ulaznice za ovaj  humanitarni malonogometni turnir mo\u017eete kupiti po cijeni od 10,00 KM na lokacijama:<\/p>\n\n\n\n<figure class=\"wp-block-pullquote\"><blockquote><p><strong>\u2022 D\u017eaji\u0107 Petrol<br>\u2022 Caffe bar Sirius<br>\u2022 Caffe Bar Bell Ami<br>\u2022 Akademia SPORT BAR<br>\u2022 Hotel Hum<br>\u2022 Hyde bar &amp; dine<br>\u2022 Caramel bar <\/strong><\/p><\/blockquote><\/figure>\n\n\n\n<p>Online putem adriaticket.com<\/p>\n\n\n\n<p><\/p>\n\n\n\n<figure class=\"wp-block-image size-large\"><img loading=\"lazy\" decoding=\"async\" width=\"1024\" height=\"1024\" src=\"https:\/\/radioljubuski.ba\/wp-content\/uploads\/2024\/12\/469070158_122188624094124902_2588059730065505809_n-1024x1024.jpg\" alt=\"\" class=\"wp-image-212110\" srcset=\"https:\/\/radioljubuski.ba\/wp-content\/uploads\/2024\/12\/469070158_122188624094124902_2588059730065505809_n-1024x1024.jpg 1024w, https:\/\/radioljubuski.ba\/wp-content\/uploads\/2024\/12\/469070158_122188624094124902_2588059730065505809_n-300x300.jpg 300w, https:\/\/radioljubuski.ba\/wp-content\/uploads\/2024\/12\/469070158_122188624094124902_2588059730065505809_n-150x150.jpg 150w, https:\/\/radioljubuski.ba\/wp-content\/uploads\/2024\/12\/469070158_122188624094124902_2588059730065505809_n-768x768.jpg 768w, https:\/\/radioljubuski.ba\/wp-content\/uploads\/2024\/12\/469070158_122188624094124902_2588059730065505809_n-12x12.jpg 12w, https:\/\/radioljubuski.ba\/wp-content\/uploads\/2024\/12\/469070158_122188624094124902_2588059730065505809_n-560x560.jpg 560w, https:\/\/radioljubuski.ba\/wp-content\/uploads\/2024\/12\/469070158_122188624094124902_2588059730065505809_n.jpg 1080w\" sizes=\"auto, (max-width: 1024px) 100vw, 1024px\" \/><\/figure>\n\n\n\n<p>Dobre utakmice, vrhunski igra\u010di koji nam i ove godine dolaze i iz drugih zemalja, bogat program tombole koja i ove godine sadr\u017ei mnogi broj potpisanih dresova kao i gosti iznena\u0111enja, a sve to je samo dio onoga \u0161to smo Vam pripremili.&nbsp;<\/p>\n\n\n\n<p>Pozivamo Vas da zajedni\u010dkim snagama poka\u017eemo humanost i dobrotu na\u0161ih ljudi, posebice u ove blagdanske dane!&nbsp;<\/p>\n\n\n\n<p>Cilj turnira je prikupljanje sredstava za izgradnju senzornog parka Centra za djecu s pote\u0161ko\u0107ama u razvoju. Pro\u0161logodi\u0161nje izdanje, odr\u017eano uz podr\u0161ku Grada Ljubu\u0161kog i Franjeva\u010dkog samostana na Humcu, prikupilo je vi\u0161e od 50.000 KM za najpotrebitije obitelji, a ove godine \u017eelimo nastaviti tradiciju pomaganja onima kojima je pomo\u0107 najpotrebnija.<\/p>\n\n\n\n<figure class=\"wp-block-image size-full\"><img loading=\"lazy\" decoding=\"async\" width=\"1024\" height=\"682\" src=\"https:\/\/radioljubuski.ba\/wp-content\/uploads\/2024\/12\/turnir.jpg\" alt=\"\" class=\"wp-image-212109\" srcset=\"https:\/\/radioljubuski.ba\/wp-content\/uploads\/2024\/12\/turnir.jpg 1024w, https:\/\/radioljubuski.ba\/wp-content\/uploads\/2024\/12\/turnir-300x200.jpg 300w, https:\/\/radioljubuski.ba\/wp-content\/uploads\/2024\/12\/turnir-768x512.jpg 768w, https:\/\/radioljubuski.ba\/wp-content\/uploads\/2024\/12\/turnir-18x12.jpg 18w\" sizes=\"auto, (max-width: 1024px) 100vw, 1024px\" \/><\/figure>\n\n\n\n<p>Najve\u0107a sportska TV ku\u0107a u regiji Arena Sport preuzela je sva prava za prijenos utakmica polufinala kao i za finalnu utakmicu turnira 4 Kafi\u0107a koji \u0107e se odr\u017eati u ponedjeljak 23.12. od 17:00 sati u Gradskoj sportskoj dvorani Ljubu\u0161ki!<\/p>\n\n\n\n<figure class=\"wp-block-image size-large\"><img loading=\"lazy\" decoding=\"async\" width=\"1024\" height=\"1024\" src=\"https:\/\/radioljubuski.ba\/wp-content\/uploads\/2024\/12\/470807564_17892471432109989_1751112923153075148_n-1024x1024.jpg\" alt=\"\" class=\"wp-image-212108\" srcset=\"https:\/\/radioljubuski.ba\/wp-content\/uploads\/2024\/12\/470807564_17892471432109989_1751112923153075148_n-1024x1024.jpg 1024w, https:\/\/radioljubuski.ba\/wp-content\/uploads\/2024\/12\/470807564_17892471432109989_1751112923153075148_n-300x300.jpg 300w, https:\/\/radioljubuski.ba\/wp-content\/uploads\/2024\/12\/470807564_17892471432109989_1751112923153075148_n-150x150.jpg 150w, https:\/\/radioljubuski.ba\/wp-content\/uploads\/2024\/12\/470807564_17892471432109989_1751112923153075148_n-768x768.jpg 768w, https:\/\/radioljubuski.ba\/wp-content\/uploads\/2024\/12\/470807564_17892471432109989_1751112923153075148_n-12x12.jpg 12w, https:\/\/radioljubuski.ba\/wp-content\/uploads\/2024\/12\/470807564_17892471432109989_1751112923153075148_n-560x560.jpg 560w, https:\/\/radioljubuski.ba\/wp-content\/uploads\/2024\/12\/470807564_17892471432109989_1751112923153075148_n.jpg 1080w\" sizes=\"auto, (max-width: 1024px) 100vw, 1024px\" \/><\/figure>\n\n\n\n<p><strong>Do\u0111ite i podr\u017eite ovu plemenitu inicijativu! Vidimo se 23. prosinca u 17:00 sati u Gradskoj sportskoj dvorani Ljubu\u0161ki!<\/strong><\/p>\n\n\n\n<p>Prvi turnir odr\u017ean je 23.12.2023. godine <\/p>\n\n\n\n<figure class=\"wp-block-embed is-type-wp-embed is-provider-radio-ljubu-ki wp-block-embed-radio-ljubu-ki\"><div class=\"wp-block-embed__wrapper\">\n<blockquote class=\"wp-embedded-content\" data-secret=\"qUzrXQeD5n\"><a href=\"https:\/\/radioljubuski.ba\/index.php\/2023\/12\/23\/foto-odrzan-humanitarni-malonogometni-turnir-4-kafica-u-ljubuskom\/\">Foto: Odr\u017ean Humanitarni malonogometni turnir &#8216;4 kafi\u0107a&#8217; u Ljubu\u0161kom<\/a><\/blockquote><iframe loading=\"lazy\" class=\"wp-embedded-content\" sandbox=\"allow-scripts\" security=\"restricted\" style=\"position: absolute; visibility: hidden;\" title=\"&#8220;Foto: Odr\u017ean Humanitarni malonogometni turnir &#8216;4 kafi\u0107a&#8217; u Ljubu\u0161kom&#8221; &#8212;   RADIO LJUBU\u0160KI\" src=\"https:\/\/radioljubuski.ba\/index.php\/2023\/12\/23\/foto-odrzan-humanitarni-malonogometni-turnir-4-kafica-u-ljubuskom\/embed\/#?secret=cVNYLK73Rq#?secret=qUzrXQeD5n\" data-secret=\"qUzrXQeD5n\" width=\"600\" height=\"338\" frameborder=\"0\" marginwidth=\"0\" marginheight=\"0\" scrolling=\"no\"><\/iframe>\n<\/div><\/figure>\n\n\n\n<p>Radio Ljubu\u0161ki<\/p>\n","protected":false},"excerpt":{"rendered":"<p>S ponosom mo\u017eemo najaviti i II. izdanje Humanitarnog malonogometnog turnira\u201c4 KAFI\u0106A LJUBU\u0160KI 2024\u201d, a Grad Ljubu\u0161ki \u0107e u ponedjeljak 23.12. postati epicentar dobrog nogometa, humanosti, ljubavi i blagdanskog ozra\u010dja Hercegovine.&nbsp; Neo\u010dekivani pozitivni odaziv pro\u0161logodi\u0161njeg turnira nas je dodatno ohrabrio za podizanje ciljeva ove godine, a cilj ovog projekta jeste da cijeli prihod turnira ide za [&hellip;]<\/p>\n","protected":false},"author":2,"featured_media":212106,"comment_status":"closed","ping_status":"closed","sticky":false,"template":"","format":"standard","meta":{"h5ap_radio_sources":[],"footnotes":""},"categories":[1,3],"tags":[],"class_list":["post-212099","post","type-post","status-publish","format-standard","has-post-thumbnail","hentry","category-bihiregija","category-ljubuski"],"yoast_head":"<!-- This site is optimized with the Yoast SEO plugin v27.5 - https:\/\/yoast.com\/product\/yoast-seo-wordpress\/ -->\n<title>Ve\u010deras 2.Humanitarni malonogometni turnir &quot;4 kafi\u0107a Ljubu\u0161ki 2024.&quot; - RADIO LJUBU\u0160KI<\/title>\n<meta name=\"robots\" content=\"index, follow, max-snippet:-1, max-image-preview:large, max-video-preview:-1\" \/>\n<link rel=\"canonical\" href=\"https:\/\/radioljubuski.ba\/index.php\/2024\/12\/23\/2-humanitarni-malonogometni-turnir-4-kafica-ljubuski-2024-u-ponedjeljak\/\" \/>\n<meta property=\"og:locale\" content=\"hr_HR\" \/>\n<meta property=\"og:type\" content=\"article\" \/>\n<meta property=\"og:title\" content=\"Ve\u010deras 2.Humanitarni malonogometni turnir &quot;4 kafi\u0107a Ljubu\u0161ki 2024.&quot; - RADIO LJUBU\u0160KI\" \/>\n<meta property=\"og:description\" content=\"S ponosom mo\u017eemo najaviti i II. izdanje Humanitarnog malonogometnog turnira\u201c4 KAFI\u0106A LJUBU\u0160KI 2024\u201d, a Grad Ljubu\u0161ki \u0107e u ponedjeljak 23.12. postati epicentar dobrog nogometa, humanosti, ljubavi i blagdanskog ozra\u010dja Hercegovine.&nbsp; Neo\u010dekivani pozitivni odaziv pro\u0161logodi\u0161njeg turnira nas je dodatno ohrabrio za podizanje ciljeva ove godine, a cilj ovog projekta jeste da cijeli prihod turnira ide za [&hellip;]\" \/>\n<meta property=\"og:url\" content=\"https:\/\/radioljubuski.ba\/index.php\/2024\/12\/23\/2-humanitarni-malonogometni-turnir-4-kafica-ljubuski-2024-u-ponedjeljak\/\" \/>\n<meta property=\"og:site_name\" content=\"RADIO LJUBU\u0160KI\" \/>\n<meta property=\"article:publisher\" content=\"https:\/\/www.facebook.com\/Radiio-Ljubuski-1490835324566332\" \/>\n<meta property=\"article:published_time\" content=\"2024-12-23T12:51:53+00:00\" \/>\n<meta property=\"article:modified_time\" content=\"2024-12-23T20:20:13+00:00\" \/>\n<meta property=\"og:image\" content=\"https:\/\/radioljubuski.ba\/wp-content\/uploads\/2024\/12\/4-kafica.jpg\" \/>\n\t<meta property=\"og:image:width\" content=\"1350\" \/>\n\t<meta property=\"og:image:height\" content=\"1687\" \/>\n\t<meta property=\"og:image:type\" content=\"image\/jpeg\" \/>\n<meta name=\"author\" content=\"Radio Ljubu\u0161ki\" \/>\n<meta name=\"twitter:card\" content=\"summary_large_image\" \/>\n<meta name=\"twitter:creator\" content=\"@radioljubuski\" \/>\n<meta name=\"twitter:site\" content=\"@radioljubuski\" \/>\n<meta name=\"twitter:label1\" content=\"Napisao\/la\" \/>\n\t<meta name=\"twitter:data1\" content=\"Radio Ljubu\u0161ki\" \/>\n\t<meta name=\"twitter:label2\" content=\"Procijenjeno vrijeme \u010ditanja\" \/>\n\t<meta name=\"twitter:data2\" content=\"5 minuta\" \/>\n<script type=\"application\/ld+json\" class=\"yoast-schema-graph\">{\"@context\":\"https:\\\/\\\/schema.org\",\"@graph\":[{\"@type\":\"Article\",\"@id\":\"https:\\\/\\\/radioljubuski.ba\\\/index.php\\\/2024\\\/12\\\/23\\\/2-humanitarni-malonogometni-turnir-4-kafica-ljubuski-2024-u-ponedjeljak\\\/#article\",\"isPartOf\":{\"@id\":\"https:\\\/\\\/radioljubuski.ba\\\/index.php\\\/2024\\\/12\\\/23\\\/2-humanitarni-malonogometni-turnir-4-kafica-ljubuski-2024-u-ponedjeljak\\\/\"},\"author\":{\"name\":\"Radio Ljubu\u0161ki\",\"@id\":\"https:\\\/\\\/radioljubuski.ba\\\/#\\\/schema\\\/person\\\/19fc700381a780f69665d7956c469e3b\"},\"headline\":\"Ve\u010deras 2.Humanitarni malonogometni turnir &#8220;4 kafi\u0107a Ljubu\u0161ki 2024.&#8221;\",\"datePublished\":\"2024-12-23T12:51:53+00:00\",\"dateModified\":\"2024-12-23T20:20:13+00:00\",\"mainEntityOfPage\":{\"@id\":\"https:\\\/\\\/radioljubuski.ba\\\/index.php\\\/2024\\\/12\\\/23\\\/2-humanitarni-malonogometni-turnir-4-kafica-ljubuski-2024-u-ponedjeljak\\\/\"},\"wordCount\":478,\"publisher\":{\"@id\":\"https:\\\/\\\/radioljubuski.ba\\\/#organization\"},\"image\":{\"@id\":\"https:\\\/\\\/radioljubuski.ba\\\/index.php\\\/2024\\\/12\\\/23\\\/2-humanitarni-malonogometni-turnir-4-kafica-ljubuski-2024-u-ponedjeljak\\\/#primaryimage\"},\"thumbnailUrl\":\"https:\\\/\\\/radioljubuski.ba\\\/wp-content\\\/uploads\\\/2024\\\/12\\\/4-kafica.jpg\",\"articleSection\":[\"BIH i regija\",\"Ljubu\u0161ki\"],\"inLanguage\":\"hr\"},{\"@type\":\"WebPage\",\"@id\":\"https:\\\/\\\/radioljubuski.ba\\\/index.php\\\/2024\\\/12\\\/23\\\/2-humanitarni-malonogometni-turnir-4-kafica-ljubuski-2024-u-ponedjeljak\\\/\",\"url\":\"https:\\\/\\\/radioljubuski.ba\\\/index.php\\\/2024\\\/12\\\/23\\\/2-humanitarni-malonogometni-turnir-4-kafica-ljubuski-2024-u-ponedjeljak\\\/\",\"name\":\"Ve\u010deras 2.Humanitarni malonogometni turnir \\\"4 kafi\u0107a Ljubu\u0161ki 2024.\\\" - RADIO LJUBU\u0160KI\",\"isPartOf\":{\"@id\":\"https:\\\/\\\/radioljubuski.ba\\\/#website\"},\"primaryImageOfPage\":{\"@id\":\"https:\\\/\\\/radioljubuski.ba\\\/index.php\\\/2024\\\/12\\\/23\\\/2-humanitarni-malonogometni-turnir-4-kafica-ljubuski-2024-u-ponedjeljak\\\/#primaryimage\"},\"image\":{\"@id\":\"https:\\\/\\\/radioljubuski.ba\\\/index.php\\\/2024\\\/12\\\/23\\\/2-humanitarni-malonogometni-turnir-4-kafica-ljubuski-2024-u-ponedjeljak\\\/#primaryimage\"},\"thumbnailUrl\":\"https:\\\/\\\/radioljubuski.ba\\\/wp-content\\\/uploads\\\/2024\\\/12\\\/4-kafica.jpg\",\"datePublished\":\"2024-12-23T12:51:53+00:00\",\"dateModified\":\"2024-12-23T20:20:13+00:00\",\"breadcrumb\":{\"@id\":\"https:\\\/\\\/radioljubuski.ba\\\/index.php\\\/2024\\\/12\\\/23\\\/2-humanitarni-malonogometni-turnir-4-kafica-ljubuski-2024-u-ponedjeljak\\\/#breadcrumb\"},\"inLanguage\":\"hr\",\"potentialAction\":[{\"@type\":\"ReadAction\",\"target\":[\"https:\\\/\\\/radioljubuski.ba\\\/index.php\\\/2024\\\/12\\\/23\\\/2-humanitarni-malonogometni-turnir-4-kafica-ljubuski-2024-u-ponedjeljak\\\/\"]}]},{\"@type\":\"ImageObject\",\"inLanguage\":\"hr\",\"@id\":\"https:\\\/\\\/radioljubuski.ba\\\/index.php\\\/2024\\\/12\\\/23\\\/2-humanitarni-malonogometni-turnir-4-kafica-ljubuski-2024-u-ponedjeljak\\\/#primaryimage\",\"url\":\"https:\\\/\\\/radioljubuski.ba\\\/wp-content\\\/uploads\\\/2024\\\/12\\\/4-kafica.jpg\",\"contentUrl\":\"https:\\\/\\\/radioljubuski.ba\\\/wp-content\\\/uploads\\\/2024\\\/12\\\/4-kafica.jpg\",\"width\":1350,\"height\":1687},{\"@type\":\"BreadcrumbList\",\"@id\":\"https:\\\/\\\/radioljubuski.ba\\\/index.php\\\/2024\\\/12\\\/23\\\/2-humanitarni-malonogometni-turnir-4-kafica-ljubuski-2024-u-ponedjeljak\\\/#breadcrumb\",\"itemListElement\":[{\"@type\":\"ListItem\",\"position\":1,\"name\":\"Po\u010detna stranica\",\"item\":\"https:\\\/\\\/radioljubuski.ba\\\/\"},{\"@type\":\"ListItem\",\"position\":2,\"name\":\"Ve\u010deras 2.Humanitarni malonogometni turnir &#8220;4 kafi\u0107a Ljubu\u0161ki 2024.&#8221;\"}]},{\"@type\":\"WebSite\",\"@id\":\"https:\\\/\\\/radioljubuski.ba\\\/#website\",\"url\":\"https:\\\/\\\/radioljubuski.ba\\\/\",\"name\":\"Radio Ljubu\u0161ki\",\"description\":\"Sun\u010dana frekvencija Hercegovine\",\"publisher\":{\"@id\":\"https:\\\/\\\/radioljubuski.ba\\\/#organization\"},\"potentialAction\":[{\"@type\":\"SearchAction\",\"target\":{\"@type\":\"EntryPoint\",\"urlTemplate\":\"https:\\\/\\\/radioljubuski.ba\\\/?s={search_term_string}\"},\"query-input\":{\"@type\":\"PropertyValueSpecification\",\"valueRequired\":true,\"valueName\":\"search_term_string\"}}],\"inLanguage\":\"hr\"},{\"@type\":\"Organization\",\"@id\":\"https:\\\/\\\/radioljubuski.ba\\\/#organization\",\"name\":\"Radio Ljubu\u0161ki\",\"url\":\"https:\\\/\\\/radioljubuski.ba\\\/\",\"logo\":{\"@type\":\"ImageObject\",\"inLanguage\":\"hr\",\"@id\":\"https:\\\/\\\/radioljubuski.ba\\\/#\\\/schema\\\/logo\\\/image\\\/\",\"url\":\"https:\\\/\\\/radioljubuski.ba\\\/wp-content\\\/uploads\\\/2021\\\/02\\\/cropped-Radio_Ljubuski_logo1.jpg\",\"contentUrl\":\"https:\\\/\\\/radioljubuski.ba\\\/wp-content\\\/uploads\\\/2021\\\/02\\\/cropped-Radio_Ljubuski_logo1.jpg\",\"width\":512,\"height\":512,\"caption\":\"Radio Ljubu\u0161ki\"},\"image\":{\"@id\":\"https:\\\/\\\/radioljubuski.ba\\\/#\\\/schema\\\/logo\\\/image\\\/\"},\"sameAs\":[\"https:\\\/\\\/www.facebook.com\\\/Radiio-Ljubuski-1490835324566332\",\"https:\\\/\\\/x.com\\\/radioljubuski\",\"https:\\\/\\\/hr.linkedin.com\\\/company\\\/radio-ljubuski\",\"https:\\\/\\\/www.youtube.com\\\/channel\\\/UCHYaeO_n0Db3tjNGudGpXyw\"]},{\"@type\":\"Person\",\"@id\":\"https:\\\/\\\/radioljubuski.ba\\\/#\\\/schema\\\/person\\\/19fc700381a780f69665d7956c469e3b\",\"name\":\"Radio Ljubu\u0161ki\"}]}<\/script>\n<!-- \/ Yoast SEO plugin. -->","yoast_head_json":{"title":"Ve\u010deras 2.Humanitarni malonogometni turnir \"4 kafi\u0107a Ljubu\u0161ki 2024.\" - RADIO LJUBU\u0160KI","robots":{"index":"index","follow":"follow","max-snippet":"max-snippet:-1","max-image-preview":"max-image-preview:large","max-video-preview":"max-video-preview:-1"},"canonical":"https:\/\/radioljubuski.ba\/index.php\/2024\/12\/23\/2-humanitarni-malonogometni-turnir-4-kafica-ljubuski-2024-u-ponedjeljak\/","og_locale":"hr_HR","og_type":"article","og_title":"Ve\u010deras 2.Humanitarni malonogometni turnir \"4 kafi\u0107a Ljubu\u0161ki 2024.\" - RADIO LJUBU\u0160KI","og_description":"S ponosom mo\u017eemo najaviti i II. izdanje Humanitarnog malonogometnog turnira\u201c4 KAFI\u0106A LJUBU\u0160KI 2024\u201d, a Grad Ljubu\u0161ki \u0107e u ponedjeljak 23.12. postati epicentar dobrog nogometa, humanosti, ljubavi i blagdanskog ozra\u010dja Hercegovine.&nbsp; Neo\u010dekivani pozitivni odaziv pro\u0161logodi\u0161njeg turnira nas je dodatno ohrabrio za podizanje ciljeva ove godine, a cilj ovog projekta jeste da cijeli prihod turnira ide za [&hellip;]","og_url":"https:\/\/radioljubuski.ba\/index.php\/2024\/12\/23\/2-humanitarni-malonogometni-turnir-4-kafica-ljubuski-2024-u-ponedjeljak\/","og_site_name":"RADIO LJUBU\u0160KI","article_publisher":"https:\/\/www.facebook.com\/Radiio-Ljubuski-1490835324566332","article_published_time":"2024-12-23T12:51:53+00:00","article_modified_time":"2024-12-23T20:20:13+00:00","og_image":[{"width":1350,"height":1687,"url":"https:\/\/radioljubuski.ba\/wp-content\/uploads\/2024\/12\/4-kafica.jpg","type":"image\/jpeg"}],"author":"Radio Ljubu\u0161ki","twitter_card":"summary_large_image","twitter_creator":"@radioljubuski","twitter_site":"@radioljubuski","twitter_misc":{"Napisao\/la":"Radio Ljubu\u0161ki","Procijenjeno vrijeme \u010ditanja":"5 minuta"},"schema":{"@context":"https:\/\/schema.org","@graph":[{"@type":"Article","@id":"https:\/\/radioljubuski.ba\/index.php\/2024\/12\/23\/2-humanitarni-malonogometni-turnir-4-kafica-ljubuski-2024-u-ponedjeljak\/#article","isPartOf":{"@id":"https:\/\/radioljubuski.ba\/index.php\/2024\/12\/23\/2-humanitarni-malonogometni-turnir-4-kafica-ljubuski-2024-u-ponedjeljak\/"},"author":{"name":"Radio Ljubu\u0161ki","@id":"https:\/\/radioljubuski.ba\/#\/schema\/person\/19fc700381a780f69665d7956c469e3b"},"headline":"Ve\u010deras 2.Humanitarni malonogometni turnir &#8220;4 kafi\u0107a Ljubu\u0161ki 2024.&#8221;","datePublished":"2024-12-23T12:51:53+00:00","dateModified":"2024-12-23T20:20:13+00:00","mainEntityOfPage":{"@id":"https:\/\/radioljubuski.ba\/index.php\/2024\/12\/23\/2-humanitarni-malonogometni-turnir-4-kafica-ljubuski-2024-u-ponedjeljak\/"},"wordCount":478,"publisher":{"@id":"https:\/\/radioljubuski.ba\/#organization"},"image":{"@id":"https:\/\/radioljubuski.ba\/index.php\/2024\/12\/23\/2-humanitarni-malonogometni-turnir-4-kafica-ljubuski-2024-u-ponedjeljak\/#primaryimage"},"thumbnailUrl":"https:\/\/radioljubuski.ba\/wp-content\/uploads\/2024\/12\/4-kafica.jpg","articleSection":["BIH i regija","Ljubu\u0161ki"],"inLanguage":"hr"},{"@type":"WebPage","@id":"https:\/\/radioljubuski.ba\/index.php\/2024\/12\/23\/2-humanitarni-malonogometni-turnir-4-kafica-ljubuski-2024-u-ponedjeljak\/","url":"https:\/\/radioljubuski.ba\/index.php\/2024\/12\/23\/2-humanitarni-malonogometni-turnir-4-kafica-ljubuski-2024-u-ponedjeljak\/","name":"Ve\u010deras 2.Humanitarni malonogometni turnir \"4 kafi\u0107a Ljubu\u0161ki 2024.\" - RADIO LJUBU\u0160KI","isPartOf":{"@id":"https:\/\/radioljubuski.ba\/#website"},"primaryImageOfPage":{"@id":"https:\/\/radioljubuski.ba\/index.php\/2024\/12\/23\/2-humanitarni-malonogometni-turnir-4-kafica-ljubuski-2024-u-ponedjeljak\/#primaryimage"},"image":{"@id":"https:\/\/radioljubuski.ba\/index.php\/2024\/12\/23\/2-humanitarni-malonogometni-turnir-4-kafica-ljubuski-2024-u-ponedjeljak\/#primaryimage"},"thumbnailUrl":"https:\/\/radioljubuski.ba\/wp-content\/uploads\/2024\/12\/4-kafica.jpg","datePublished":"2024-12-23T12:51:53+00:00","dateModified":"2024-12-23T20:20:13+00:00","breadcrumb":{"@id":"https:\/\/radioljubuski.ba\/index.php\/2024\/12\/23\/2-humanitarni-malonogometni-turnir-4-kafica-ljubuski-2024-u-ponedjeljak\/#breadcrumb"},"inLanguage":"hr","potentialAction":[{"@type":"ReadAction","target":["https:\/\/radioljubuski.ba\/index.php\/2024\/12\/23\/2-humanitarni-malonogometni-turnir-4-kafica-ljubuski-2024-u-ponedjeljak\/"]}]},{"@type":"ImageObject","inLanguage":"hr","@id":"https:\/\/radioljubuski.ba\/index.php\/2024\/12\/23\/2-humanitarni-malonogometni-turnir-4-kafica-ljubuski-2024-u-ponedjeljak\/#primaryimage","url":"https:\/\/radioljubuski.ba\/wp-content\/uploads\/2024\/12\/4-kafica.jpg","contentUrl":"https:\/\/radioljubuski.ba\/wp-content\/uploads\/2024\/12\/4-kafica.jpg","width":1350,"height":1687},{"@type":"BreadcrumbList","@id":"https:\/\/radioljubuski.ba\/index.php\/2024\/12\/23\/2-humanitarni-malonogometni-turnir-4-kafica-ljubuski-2024-u-ponedjeljak\/#breadcrumb","itemListElement":[{"@type":"ListItem","position":1,"name":"Po\u010detna stranica","item":"https:\/\/radioljubuski.ba\/"},{"@type":"ListItem","position":2,"name":"Ve\u010deras 2.Humanitarni malonogometni turnir &#8220;4 kafi\u0107a Ljubu\u0161ki 2024.&#8221;"}]},{"@type":"WebSite","@id":"https:\/\/radioljubuski.ba\/#website","url":"https:\/\/radioljubuski.ba\/","name":"Radio Ljubu\u0161ki","description":"Sun\u010dana frekvencija Hercegovine","publisher":{"@id":"https:\/\/radioljubuski.ba\/#organization"},"potentialAction":[{"@type":"SearchAction","target":{"@type":"EntryPoint","urlTemplate":"https:\/\/radioljubuski.ba\/?s={search_term_string}"},"query-input":{"@type":"PropertyValueSpecification","valueRequired":true,"valueName":"search_term_string"}}],"inLanguage":"hr"},{"@type":"Organization","@id":"https:\/\/radioljubuski.ba\/#organization","name":"Radio Ljubu\u0161ki","url":"https:\/\/radioljubuski.ba\/","logo":{"@type":"ImageObject","inLanguage":"hr","@id":"https:\/\/radioljubuski.ba\/#\/schema\/logo\/image\/","url":"https:\/\/radioljubuski.ba\/wp-content\/uploads\/2021\/02\/cropped-Radio_Ljubuski_logo1.jpg","contentUrl":"https:\/\/radioljubuski.ba\/wp-content\/uploads\/2021\/02\/cropped-Radio_Ljubuski_logo1.jpg","width":512,"height":512,"caption":"Radio Ljubu\u0161ki"},"image":{"@id":"https:\/\/radioljubuski.ba\/#\/schema\/logo\/image\/"},"sameAs":["https:\/\/www.facebook.com\/Radiio-Ljubuski-1490835324566332","https:\/\/x.com\/radioljubuski","https:\/\/hr.linkedin.com\/company\/radio-ljubuski","https:\/\/www.youtube.com\/channel\/UCHYaeO_n0Db3tjNGudGpXyw"]},{"@type":"Person","@id":"https:\/\/radioljubuski.ba\/#\/schema\/person\/19fc700381a780f69665d7956c469e3b","name":"Radio Ljubu\u0161ki"}]}},"_links":{"self":[{"href":"https:\/\/radioljubuski.ba\/index.php\/wp-json\/wp\/v2\/posts\/212099","targetHints":{"allow":["GET"]}}],"collection":[{"href":"https:\/\/radioljubuski.ba\/index.php\/wp-json\/wp\/v2\/posts"}],"about":[{"href":"https:\/\/radioljubuski.ba\/index.php\/wp-json\/wp\/v2\/types\/post"}],"author":[{"embeddable":true,"href":"https:\/\/radioljubuski.ba\/index.php\/wp-json\/wp\/v2\/users\/2"}],"replies":[{"embeddable":true,"href":"https:\/\/radioljubuski.ba\/index.php\/wp-json\/wp\/v2\/comments?post=212099"}],"version-history":[{"count":5,"href":"https:\/\/radioljubuski.ba\/index.php\/wp-json\/wp\/v2\/posts\/212099\/revisions"}],"predecessor-version":[{"id":212426,"href":"https:\/\/radioljubuski.ba\/index.php\/wp-json\/wp\/v2\/posts\/212099\/revisions\/212426"}],"wp:featuredmedia":[{"embeddable":true,"href":"https:\/\/radioljubuski.ba\/index.php\/wp-json\/wp\/v2\/media\/212106"}],"wp:attachment":[{"href":"https:\/\/radioljubuski.ba\/index.php\/wp-json\/wp\/v2\/media?parent=212099"}],"wp:term":[{"taxonomy":"category","embeddable":true,"href":"https:\/\/radioljubuski.ba\/index.php\/wp-json\/wp\/v2\/categories?post=212099"},{"taxonomy":"post_tag","embeddable":true,"href":"https:\/\/radioljubuski.ba\/index.php\/wp-json\/wp\/v2\/tags?post=212099"}],"curies":[{"name":"wp","href":"https:\/\/api.w.org\/{rel}","templated":true}]}}